{"id":1000,"date":"2011-02-17T19:49:03","date_gmt":"2011-02-17T22:49:03","guid":{"rendered":"http:\/\/favela.info\/?p=1000"},"modified":"2015-08-14T13:56:30","modified_gmt":"2015-08-14T16:56:30","slug":"juiza-determina-remocao-de-moradores-na-vila-autodromo","status":"publish","type":"post","link":"https:\/\/rioonwatch.org.br\/?p=1000","title":{"rendered":"Ju\u00edza determina remo\u00e7\u00e3o de moradores na Vila Aut\u00f3dromo"},"content":{"rendered":"<p><img fetchpriority=\"high\" decoding=\"async\" src=\"http:\/\/favela.info\/wp-content\/uploads\/2011\/02\/1000-1.jpg\" alt=\"\" title=\"A Vila Aut\u00f3dromo na Beira da Lagoa\" width=\"300\" height=\"225\" class=\"alignleft size-full wp-image-1016\" srcset=\"https:\/\/rioonwatch.org.br\/wp-content\/uploads\/2011\/02\/1000-1.jpg 300w, https:\/\/rioonwatch.org.br\/wp-content\/uploads\/2011\/02\/1000-1-80x60.jpg 80w, https:\/\/rioonwatch.org.br\/wp-content\/uploads\/2011\/02\/1000-1-174x131.jpg 174w, https:\/\/rioonwatch.org.br\/wp-content\/uploads\/2011\/02\/1000-1-70x53.jpg 70w\" sizes=\"(max-width: 300px) 100vw, 300px\" \/><\/p>\n<p align=\"justify\">A Juiza Cristiana Aparecida de Souza determinou ontem, 16 de fevereiro, a remo\u00e7\u00e3o de parte da comunidade Vila Aut\u00f3dromo, em Jacarepagu\u00e1. A decis\u00e3o afetar\u00e1 principalmente as pessoas que moram pr\u00f3ximo \u00e0 Lagoa de Jacarepagu\u00e1. A senten\u00e7a retoma todo o hist\u00f3rico do lit\u00edgio envolvendo a \u00e1rea onde se localiza a comunidade, cuja primeira justificativa usada para retir\u00e1-la foi a suposta destrui\u00e7\u00e3o do meio ambiente e por causarem dano est\u00e9tico \u00e0 regi\u00e3o.<\/p>\n<p align=\"justify\">A luta da comunidade Vila Aut\u00f3dromo \u00e9 antiga e todos sabem as diversas amea\u00e7as que sofreram ao longo tempo. \u00c9 importante lembrar que, assim que o Rio de Janeiro foi anunciado como a pr\u00f3xima sede das Olimp\u00edadas, o prefeito Eduardo Paes informou que uma de suas primeiras atitudes para preparar a cidade seria a remo\u00e7\u00e3o completa da comunidade. Desde ent\u00e3o, produziu-se novas justificativas, al\u00e9m das j\u00e1 conhecidas (quest\u00e3o ambiental e est\u00e9tica): apontou-se inicialmente que se construiria ali o Centro de M\u00eddia; depois afirmou-se que a \u00e1rea da comunidade seria utilizada como &#8220;espa\u00e7o de seguran\u00e7a&#8221;, isto \u00e9, destinada a garantir a seguran\u00e7a dos atletas e jornalistas que circulassem pelos equipamentos esportivos, para evitar, assim, qualquer tentativa de &#8220;ataque terrorista&#8221;. Por fim, a prefeitura alegaria que \u00e1rea n\u00e3o seria pr\u00f3pria \u00e0 urbaniza\u00e7\u00e3o.<!--more--><\/p>\n<p align=\"justify\">As justificativas se alteram, mas a inten\u00e7\u00e3o \u00e9 \u00fanica: remover os moradores, tratados como lixo que enfeam e espa\u00e7o destinados para os ricos.<\/p>\n<p align=\"justify\">\u00c9 importante afirmar que terrorismo aqui \u00e9 o produzido pela pr\u00f3pria prefeitura contra os moradores desta comunidade e de outras que comp\u00f5em sua lista de remo\u00e7\u00f5es.<\/p>\n<p align=\"justify\">Segue abaixo o trecho final da decis\u00e3o:<\/p>\n<blockquote>\n<p align=\"justify\">Desta forma JULGO PROCEDENTE EM PARTE O PEDIDO para: <\/p>\n<ul>\n<p align=\"justify\">\n<li>autorizar a demoli\u00e7\u00e3o das constru\u00e7\u00f5es existentes e delimitadas na denominada \u00b4Faixa Marginal da Prote\u00e7\u00e3o\u00b4 existente do per\u00edmetro de 25,00 metros na Lagoa de Jacarepagu\u00e1, tudo conforme j\u00e1 delimitado no laudo pericial em fls. 1380\/1447, mediante o remanejamento da popula\u00e7\u00e3o que pode ser considerada como carente; com rela\u00e7\u00e3o a afirma\u00e7\u00e3o do minist\u00e9rio P\u00fablico no sentido de que o per\u00edmetro correto \u00e9 de 30,00 metros, deve ser ressaltado que, caso a execu\u00e7\u00e3o desta senten\u00e7a n\u00e3o atenda aos ditames legais especificados na fundamenta\u00e7\u00e3o, tem o mencionado \u00f3rg\u00e3o atribui\u00e7\u00e3o para promover a competente demanda com a finalidade pr\u00f3pria;<\/li>\n<p align=\"justify\">\n<li> determinar o embargo das obras ou constru\u00e7\u00f5es que estiverem sendo realizadas na localidade;<\/li>\n<p align=\"justify\">\n<li>com a demoli\u00e7\u00e3o das constru\u00e7\u00f5es existentes no local deve o autor promover a recupera\u00e7\u00e3o ambiental do local, autorizado a cercar a \u00e1rea com vistas a viabilizar a recupera\u00e7\u00e3o ambiental e urban\u00edstica do local;<\/li>\n<p align=\"justify\">\n<li>Deixo de condenar os r\u00e9us ao pagamento das despesas referentes \u00e0 demoli\u00e7\u00e3o das constru\u00e7\u00f5es existentes, bem como, dos custos para recupera\u00e7\u00e3o ambiental, levando em considera\u00e7\u00e3o que a maior parte dos moradores do local s\u00e3o classificados como de baixa renda, tornando-se invi\u00e1vel a execu\u00e7\u00e3o da senten\u00e7a neste sentido, evitando-se mais delongas processuais;<\/li>\n<p align=\"justify\">\n<li>Pelo mesmo motivo acima, deixo de conden\u00e1-los nas despesas e custas processuais. P.R.I. D\u00ea-se ci\u00eancia ao MP de Tutela Coletiva de Defesa do Meio Ambiente e do Patrim\u00f4nio Cultural. Rio de Janeiro, 16 de fevereiro de 2011. Cristiana Aparecida de Souza Santos Ju\u00edza de Direito.<\/li>\n<\/ul>\n<\/blockquote>\n<p><img decoding=\"async\" src=\"http:\/\/favela.info\/wp-content\/uploads\/2011\/02\/1000-2.jpg\" alt=\"Um Mapa da Vila Aut\u00f3dromo\" title=\"Um Mapa da Vila Aut\u00f3dromo\" class=\"alignnone size-full wp-image-1017\" width=\"500\" srcset=\"https:\/\/rioonwatch.org.br\/wp-content\/uploads\/2011\/02\/1000-2.jpg 600w, https:\/\/rioonwatch.org.br\/wp-content\/uploads\/2011\/02\/1000-2-388x264.jpg 388w\" sizes=\"(max-width: 600px) 100vw, 600px\" \/><\/p>\n<!-- AddThis Advanced Settings generic via filter on the_content --><!-- AddThis Share Buttons generic via filter on the_content -->","protected":false},"excerpt":{"rendered":"<div class=\"mh-excerpt\"><p>A Juiza Cristiana Aparecida de Souza determinou ontem, 16 de fevereiro, a remo\u00e7\u00e3o de parte da comunidade Vila Aut\u00f3dromo, em Jacarepagu\u00e1. A decis\u00e3o afetar\u00e1 principalmente as pessoas que moram pr\u00f3ximo \u00e0 Lagoa de Jacarepagu\u00e1. A <a class=\"mh-excerpt-more\" href=\"https:\/\/rioonwatch.org.br\/?p=1000\" title=\"Ju\u00edza determina remo\u00e7\u00e3o de moradores na Vila Aut\u00f3dromo\">[&#8230;]<\/a><!-- AddThis Advanced Settings generic via filter on get_the_excerpt --><!-- AddThis Share Buttons generic via filter on get_the_excerpt --><\/p>\n<\/div>","protected":false},"author":5,"featured_media":1016,"comment_status":"open","ping_status":"closed","sticky":false,"template":"","format":"standard","meta":{"_acf_changed":false,"_monsterinsights_skip_tracking":false,"_monsterinsights_sitenote_active":false,"_monsterinsights_sitenote_note":"","_monsterinsights_sitenote_category":0,"footnotes":""},"categories":[1614,1635],"tags":[14,55,184],"writer":[182],"translator":[],"source":[183],"ilustrador":[],"fotografo":[],"class_list":{"0":"post-1000","1":"post","2":"type-post","3":"status-publish","4":"format-standard","5":"has-post-thumbnail","7":"category-olhonasremocoes","8":"category-1635","9":"tag-remocao","10":"tag-vila-autodromo","11":"tag-zona-oeste","12":"writer-alexandre-almeida","13":"source-rede-contra-a-violencia"},"acf":[],"yoast_head":"<!-- This site is optimized with the Yoast SEO plugin v25.6 - https:\/\/yoast.com\/wordpress\/plugins\/seo\/ -->\n<title>Ju\u00edza determina remo\u00e7\u00e3o de moradores na Vila Aut\u00f3dromo - RioOnWatch<\/title>\n<meta name=\"robots\" content=\"index, follow, max-snippet:-1, max-image-preview:large, max-video-preview:-1\" \/>\n<link rel=\"canonical\" href=\"https:\/\/rioonwatch.org.br\/?p=1000\" \/>\n<meta property=\"og:locale\" content=\"pt_BR\" \/>\n<meta property=\"og:type\" content=\"article\" \/>\n<meta property=\"og:title\" content=\"Ju\u00edza determina remo\u00e7\u00e3o de moradores na Vila Aut\u00f3dromo - RioOnWatch\" \/>\n<meta property=\"og:description\" content=\"A Juiza Cristiana Aparecida de Souza determinou ontem, 16 de fevereiro, a remo\u00e7\u00e3o de parte da comunidade Vila Aut\u00f3dromo, em Jacarepagu\u00e1. A decis\u00e3o afetar\u00e1 principalmente as pessoas que moram pr\u00f3ximo \u00e0 Lagoa de Jacarepagu\u00e1. A [...]\" \/>\n<meta property=\"og:url\" content=\"https:\/\/rioonwatch.org.br\/?p=1000\" \/>\n<meta property=\"og:site_name\" content=\"RioOnWatch\" \/>\n<meta property=\"article:published_time\" content=\"2011-02-17T22:49:03+00:00\" \/>\n<meta property=\"article:modified_time\" content=\"2015-08-14T16:56:30+00:00\" \/>\n<meta property=\"og:image\" content=\"https:\/\/rioonwatch.org.br\/wp-content\/uploads\/2011\/02\/1000-1.jpg\" \/>\n\t<meta property=\"og:image:width\" content=\"300\" \/>\n\t<meta property=\"og:image:height\" content=\"225\" \/>\n\t<meta property=\"og:image:type\" content=\"image\/jpeg\" \/>\n<meta name=\"author\" content=\"Tiago\" \/>\n<meta name=\"twitter:card\" content=\"summary_large_image\" \/>\n<meta name=\"twitter:label1\" content=\"Escrito por\" \/>\n\t<meta name=\"twitter:data1\" content=\"Tiago\" \/>\n\t<meta name=\"twitter:label2\" content=\"Est. tempo de leitura\" \/>\n\t<meta name=\"twitter:data2\" content=\"3 minutos\" \/>\n<script type=\"application\/ld+json\" class=\"yoast-schema-graph\">{\"@context\":\"https:\/\/schema.org\",\"@graph\":[{\"@type\":\"Article\",\"@id\":\"https:\/\/rioonwatch.org.br\/?p=1000#article\",\"isPartOf\":{\"@id\":\"https:\/\/rioonwatch.org.br\/?p=1000\"},\"author\":{\"name\":\"Tiago\",\"@id\":\"https:\/\/rioonwatch.org.br\/#\/schema\/person\/7c54ce0a929f914709db001584daa6ee\"},\"headline\":\"Ju\u00edza determina remo\u00e7\u00e3o de moradores na Vila Aut\u00f3dromo\",\"datePublished\":\"2011-02-17T22:49:03+00:00\",\"dateModified\":\"2015-08-14T16:56:30+00:00\",\"mainEntityOfPage\":{\"@id\":\"https:\/\/rioonwatch.org.br\/?p=1000\"},\"wordCount\":567,\"commentCount\":2,\"publisher\":{\"@id\":\"https:\/\/rioonwatch.org.br\/#organization\"},\"image\":{\"@id\":\"https:\/\/rioonwatch.org.br\/?p=1000#primaryimage\"},\"thumbnailUrl\":\"https:\/\/rioonwatch.org.br\/wp-content\/uploads\/2011\/02\/1000-1.jpg\",\"keywords\":[\"Remo\u00e7\u00e3o\",\"Vila Aut\u00f3dromo\",\"Zona Oeste\"],\"articleSection\":[\"#OlhoNasRemo\u00e7\u00f5es\",\"#Rio2016\"],\"inLanguage\":\"pt-BR\",\"potentialAction\":[{\"@type\":\"CommentAction\",\"name\":\"Comment\",\"target\":[\"https:\/\/rioonwatch.org.br\/?p=1000#respond\"]}]},{\"@type\":\"WebPage\",\"@id\":\"https:\/\/rioonwatch.org.br\/?p=1000\",\"url\":\"https:\/\/rioonwatch.org.br\/?p=1000\",\"name\":\"Ju\u00edza determina remo\u00e7\u00e3o de moradores na Vila Aut\u00f3dromo - RioOnWatch\",\"isPartOf\":{\"@id\":\"https:\/\/rioonwatch.org.br\/#website\"},\"primaryImageOfPage\":{\"@id\":\"https:\/\/rioonwatch.org.br\/?p=1000#primaryimage\"},\"image\":{\"@id\":\"https:\/\/rioonwatch.org.br\/?p=1000#primaryimage\"},\"thumbnailUrl\":\"https:\/\/rioonwatch.org.br\/wp-content\/uploads\/2011\/02\/1000-1.jpg\",\"datePublished\":\"2011-02-17T22:49:03+00:00\",\"dateModified\":\"2015-08-14T16:56:30+00:00\",\"breadcrumb\":{\"@id\":\"https:\/\/rioonwatch.org.br\/?p=1000#breadcrumb\"},\"inLanguage\":\"pt-BR\",\"potentialAction\":[{\"@type\":\"ReadAction\",\"target\":[\"https:\/\/rioonwatch.org.br\/?p=1000\"]}]},{\"@type\":\"ImageObject\",\"inLanguage\":\"pt-BR\",\"@id\":\"https:\/\/rioonwatch.org.br\/?p=1000#primaryimage\",\"url\":\"https:\/\/rioonwatch.org.br\/wp-content\/uploads\/2011\/02\/1000-1.jpg\",\"contentUrl\":\"https:\/\/rioonwatch.org.br\/wp-content\/uploads\/2011\/02\/1000-1.jpg\",\"width\":300,\"height\":225},{\"@type\":\"BreadcrumbList\",\"@id\":\"https:\/\/rioonwatch.org.br\/?p=1000#breadcrumb\",\"itemListElement\":[{\"@type\":\"ListItem\",\"position\":1,\"name\":\"In\u00edcio\",\"item\":\"https:\/\/rioonwatch.org.br\/\"},{\"@type\":\"ListItem\",\"position\":2,\"name\":\"Ju\u00edza determina remo\u00e7\u00e3o de moradores na Vila Aut\u00f3dromo\"}]},{\"@type\":\"WebSite\",\"@id\":\"https:\/\/rioonwatch.org.br\/#website\",\"url\":\"https:\/\/rioonwatch.org.br\/\",\"name\":\"RioOnWatch\",\"description\":\"relatos das favelas cariocas\",\"publisher\":{\"@id\":\"https:\/\/rioonwatch.org.br\/#organization\"},\"potentialAction\":[{\"@type\":\"SearchAction\",\"target\":{\"@type\":\"EntryPoint\",\"urlTemplate\":\"https:\/\/rioonwatch.org.br\/?s={search_term_string}\"},\"query-input\":{\"@type\":\"PropertyValueSpecification\",\"valueRequired\":true,\"valueName\":\"search_term_string\"}}],\"inLanguage\":\"pt-BR\"},{\"@type\":\"Organization\",\"@id\":\"https:\/\/rioonwatch.org.br\/#organization\",\"name\":\"RioOnWatch\",\"url\":\"https:\/\/rioonwatch.org.br\/\",\"logo\":{\"@type\":\"ImageObject\",\"inLanguage\":\"pt-BR\",\"@id\":\"https:\/\/rioonwatch.org.br\/#\/schema\/logo\/image\/\",\"url\":\"https:\/\/rioonwatch.org.br\/wp-content\/uploads\/2021\/06\/RioOnWatchcabecalhoPT11anos-2.png\",\"contentUrl\":\"https:\/\/rioonwatch.org.br\/wp-content\/uploads\/2021\/06\/RioOnWatchcabecalhoPT11anos-2.png\",\"width\":779,\"height\":277,\"caption\":\"RioOnWatch\"},\"image\":{\"@id\":\"https:\/\/rioonwatch.org.br\/#\/schema\/logo\/image\/\"}},{\"@type\":\"Person\",\"@id\":\"https:\/\/rioonwatch.org.br\/#\/schema\/person\/7c54ce0a929f914709db001584daa6ee\",\"name\":\"Tiago\",\"image\":{\"@type\":\"ImageObject\",\"inLanguage\":\"pt-BR\",\"@id\":\"https:\/\/rioonwatch.org.br\/#\/schema\/person\/image\/\",\"url\":\"https:\/\/secure.gravatar.com\/avatar\/886b123583861b1f9e1b1393972b9aeb?s=96&d=blank&r=g\",\"contentUrl\":\"https:\/\/secure.gravatar.com\/avatar\/886b123583861b1f9e1b1393972b9aeb?s=96&d=blank&r=g\",\"caption\":\"Tiago\"},\"url\":\"https:\/\/rioonwatch.org.br\/?author=5\"}]}<\/script>\n<!-- \/ Yoast SEO plugin. -->","yoast_head_json":{"title":"Ju\u00edza determina remo\u00e7\u00e3o de moradores na Vila Aut\u00f3dromo - RioOnWatch","robots":{"index":"index","follow":"follow","max-snippet":"max-snippet:-1","max-image-preview":"max-image-preview:large","max-video-preview":"max-video-preview:-1"},"canonical":"https:\/\/rioonwatch.org.br\/?p=1000","og_locale":"pt_BR","og_type":"article","og_title":"Ju\u00edza determina remo\u00e7\u00e3o de moradores na Vila Aut\u00f3dromo - RioOnWatch","og_description":"A Juiza Cristiana Aparecida de Souza determinou ontem, 16 de fevereiro, a remo\u00e7\u00e3o de parte da comunidade Vila Aut\u00f3dromo, em Jacarepagu\u00e1. A decis\u00e3o afetar\u00e1 principalmente as pessoas que moram pr\u00f3ximo \u00e0 Lagoa de Jacarepagu\u00e1. A [...]","og_url":"https:\/\/rioonwatch.org.br\/?p=1000","og_site_name":"RioOnWatch","article_published_time":"2011-02-17T22:49:03+00:00","article_modified_time":"2015-08-14T16:56:30+00:00","og_image":[{"width":300,"height":225,"url":"https:\/\/rioonwatch.org.br\/wp-content\/uploads\/2011\/02\/1000-1.jpg","type":"image\/jpeg"}],"author":"Tiago","twitter_card":"summary_large_image","twitter_misc":{"Escrito por":"Tiago","Est. tempo de leitura":"3 minutos"},"schema":{"@context":"https:\/\/schema.org","@graph":[{"@type":"Article","@id":"https:\/\/rioonwatch.org.br\/?p=1000#article","isPartOf":{"@id":"https:\/\/rioonwatch.org.br\/?p=1000"},"author":{"name":"Tiago","@id":"https:\/\/rioonwatch.org.br\/#\/schema\/person\/7c54ce0a929f914709db001584daa6ee"},"headline":"Ju\u00edza determina remo\u00e7\u00e3o de moradores na Vila Aut\u00f3dromo","datePublished":"2011-02-17T22:49:03+00:00","dateModified":"2015-08-14T16:56:30+00:00","mainEntityOfPage":{"@id":"https:\/\/rioonwatch.org.br\/?p=1000"},"wordCount":567,"commentCount":2,"publisher":{"@id":"https:\/\/rioonwatch.org.br\/#organization"},"image":{"@id":"https:\/\/rioonwatch.org.br\/?p=1000#primaryimage"},"thumbnailUrl":"https:\/\/rioonwatch.org.br\/wp-content\/uploads\/2011\/02\/1000-1.jpg","keywords":["Remo\u00e7\u00e3o","Vila Aut\u00f3dromo","Zona Oeste"],"articleSection":["#OlhoNasRemo\u00e7\u00f5es","#Rio2016"],"inLanguage":"pt-BR","potentialAction":[{"@type":"CommentAction","name":"Comment","target":["https:\/\/rioonwatch.org.br\/?p=1000#respond"]}]},{"@type":"WebPage","@id":"https:\/\/rioonwatch.org.br\/?p=1000","url":"https:\/\/rioonwatch.org.br\/?p=1000","name":"Ju\u00edza determina remo\u00e7\u00e3o de moradores na Vila Aut\u00f3dromo - RioOnWatch","isPartOf":{"@id":"https:\/\/rioonwatch.org.br\/#website"},"primaryImageOfPage":{"@id":"https:\/\/rioonwatch.org.br\/?p=1000#primaryimage"},"image":{"@id":"https:\/\/rioonwatch.org.br\/?p=1000#primaryimage"},"thumbnailUrl":"https:\/\/rioonwatch.org.br\/wp-content\/uploads\/2011\/02\/1000-1.jpg","datePublished":"2011-02-17T22:49:03+00:00","dateModified":"2015-08-14T16:56:30+00:00","breadcrumb":{"@id":"https:\/\/rioonwatch.org.br\/?p=1000#breadcrumb"},"inLanguage":"pt-BR","potentialAction":[{"@type":"ReadAction","target":["https:\/\/rioonwatch.org.br\/?p=1000"]}]},{"@type":"ImageObject","inLanguage":"pt-BR","@id":"https:\/\/rioonwatch.org.br\/?p=1000#primaryimage","url":"https:\/\/rioonwatch.org.br\/wp-content\/uploads\/2011\/02\/1000-1.jpg","contentUrl":"https:\/\/rioonwatch.org.br\/wp-content\/uploads\/2011\/02\/1000-1.jpg","width":300,"height":225},{"@type":"BreadcrumbList","@id":"https:\/\/rioonwatch.org.br\/?p=1000#breadcrumb","itemListElement":[{"@type":"ListItem","position":1,"name":"In\u00edcio","item":"https:\/\/rioonwatch.org.br\/"},{"@type":"ListItem","position":2,"name":"Ju\u00edza determina remo\u00e7\u00e3o de moradores na Vila Aut\u00f3dromo"}]},{"@type":"WebSite","@id":"https:\/\/rioonwatch.org.br\/#website","url":"https:\/\/rioonwatch.org.br\/","name":"RioOnWatch","description":"relatos das favelas cariocas","publisher":{"@id":"https:\/\/rioonwatch.org.br\/#organization"},"potentialAction":[{"@type":"SearchAction","target":{"@type":"EntryPoint","urlTemplate":"https:\/\/rioonwatch.org.br\/?s={search_term_string}"},"query-input":{"@type":"PropertyValueSpecification","valueRequired":true,"valueName":"search_term_string"}}],"inLanguage":"pt-BR"},{"@type":"Organization","@id":"https:\/\/rioonwatch.org.br\/#organization","name":"RioOnWatch","url":"https:\/\/rioonwatch.org.br\/","logo":{"@type":"ImageObject","inLanguage":"pt-BR","@id":"https:\/\/rioonwatch.org.br\/#\/schema\/logo\/image\/","url":"https:\/\/rioonwatch.org.br\/wp-content\/uploads\/2021\/06\/RioOnWatchcabecalhoPT11anos-2.png","contentUrl":"https:\/\/rioonwatch.org.br\/wp-content\/uploads\/2021\/06\/RioOnWatchcabecalhoPT11anos-2.png","width":779,"height":277,"caption":"RioOnWatch"},"image":{"@id":"https:\/\/rioonwatch.org.br\/#\/schema\/logo\/image\/"}},{"@type":"Person","@id":"https:\/\/rioonwatch.org.br\/#\/schema\/person\/7c54ce0a929f914709db001584daa6ee","name":"Tiago","image":{"@type":"ImageObject","inLanguage":"pt-BR","@id":"https:\/\/rioonwatch.org.br\/#\/schema\/person\/image\/","url":"https:\/\/secure.gravatar.com\/avatar\/886b123583861b1f9e1b1393972b9aeb?s=96&d=blank&r=g","contentUrl":"https:\/\/secure.gravatar.com\/avatar\/886b123583861b1f9e1b1393972b9aeb?s=96&d=blank&r=g","caption":"Tiago"},"url":"https:\/\/rioonwatch.org.br\/?author=5"}]}},"_links":{"self":[{"href":"https:\/\/rioonwatch.org.br\/index.php?rest_route=\/wp\/v2\/posts\/1000"}],"collection":[{"href":"https:\/\/rioonwatch.org.br\/index.php?rest_route=\/wp\/v2\/posts"}],"about":[{"href":"https:\/\/rioonwatch.org.br\/index.php?rest_route=\/wp\/v2\/types\/post"}],"author":[{"embeddable":true,"href":"https:\/\/rioonwatch.org.br\/index.php?rest_route=\/wp\/v2\/users\/5"}],"replies":[{"embeddable":true,"href":"https:\/\/rioonwatch.org.br\/index.php?rest_route=%2Fwp%2Fv2%2Fcomments&post=1000"}],"version-history":[{"count":18,"href":"https:\/\/rioonwatch.org.br\/index.php?rest_route=\/wp\/v2\/posts\/1000\/revisions"}],"predecessor-version":[{"id":15723,"href":"https:\/\/rioonwatch.org.br\/index.php?rest_route=\/wp\/v2\/posts\/1000\/revisions\/15723"}],"wp:featuredmedia":[{"embeddable":true,"href":"https:\/\/rioonwatch.org.br\/index.php?rest_route=\/wp\/v2\/media\/1016"}],"wp:attachment":[{"href":"https:\/\/rioonwatch.org.br\/index.php?rest_route=%2Fwp%2Fv2%2Fmedia&parent=1000"}],"wp:term":[{"taxonomy":"category","embeddable":true,"href":"https:\/\/rioonwatch.org.br\/index.php?rest_route=%2Fwp%2Fv2%2Fcategories&post=1000"},{"taxonomy":"post_tag","embeddable":true,"href":"https:\/\/rioonwatch.org.br\/index.php?rest_route=%2Fwp%2Fv2%2Ftags&post=1000"},{"taxonomy":"writer","embeddable":true,"href":"https:\/\/rioonwatch.org.br\/index.php?rest_route=%2Fwp%2Fv2%2Fwriter&post=1000"},{"taxonomy":"translator","embeddable":true,"href":"https:\/\/rioonwatch.org.br\/index.php?rest_route=%2Fwp%2Fv2%2Ftranslator&post=1000"},{"taxonomy":"source","embeddable":true,"href":"https:\/\/rioonwatch.org.br\/index.php?rest_route=%2Fwp%2Fv2%2Fsource&post=1000"},{"taxonomy":"ilustrador","embeddable":true,"href":"https:\/\/rioonwatch.org.br\/index.php?rest_route=%2Fwp%2Fv2%2Filustrador&post=1000"},{"taxonomy":"fotografo","embeddable":true,"href":"https:\/\/rioonwatch.org.br\/index.php?rest_route=%2Fwp%2Fv2%2Ffotografo&post=1000"}],"curies":[{"name":"wp","href":"https:\/\/api.w.org\/{rel}","templated":true}]}}