{"id":10086,"date":"2014-02-04T12:08:18","date_gmt":"2014-02-04T15:08:18","guid":{"rendered":"http:\/\/rioonwatch.org.br\/?p=10086"},"modified":"2015-12-24T00:55:05","modified_gmt":"2015-12-24T03:55:05","slug":"reflexoes-sobre-a-gentrificacao-no-vidigal-imagens","status":"publish","type":"post","link":"https:\/\/rioonwatch.org.br\/?p=10086","title":{"rendered":"Reflex\u00f5es sobre a Gentrifica\u00e7\u00e3o no Vidigal [IMAGENS]"},"content":{"rendered":"<p style=\"text-align: right;\"><em><strong><a href=\"http:\/\/bit.ly\/1ban6xh\" \ntarget=\"_blank\">Click Here for English<img decoding=\"async\" width=\"20\" height=\"20\" class=\"alignright wp-image-15790\" src=\"http:\/\/rioonwatch.org.br\/wp-content\/uploads\/2012\/08\/EN-standard-e1439583104716.jpg\" alt=\"\" \/><\/a><\/strong><\/em><\/p>\n<p>Com sua comunidade historicamente acolhedora e bo\u00eamia, e vistas deslumbrantes da costa do Rio de Janeiro, a favela do <a href=\"http:\/\/bit.ly\/XuDNKV\" target=\"_blank\">Vidigal<\/a>, na Zona Sul da cidade, tem recebido cada vez mais visitantes, novos moradores e investidores estrangeiros desde que foi estabelecida uma <a href=\"http:\/\/bit.ly\/R5ueio\" target=\"_blank\">Unidade de Pol\u00edcia Pacificadora (UPP)<\/a> no local em 2011. Mas como est\u00e3o esses novos visitantes, moradores e investidores mudando o Vidigal? Como os moradores de longa data v\u00eaem essas mudan\u00e7as? Quais s\u00e3o as preocupa\u00e7\u00f5es, esperan\u00e7as e medos para o futuro?<\/p>\n<p>Aqui mostramos algumas das mudan\u00e7as ocorridas no Vidigal nos \u00faltimos tempos a partir das coloca\u00e7\u00f5es feitas por moradores durante uma <a href=\"http:\/\/on.fb.me\/1nNMdZc\" target=\"_blank\">oficina realizada pela ComCat<\/a>, em novembro de 2013, para discutir a\u00a0<a href=\"http:\/\/bit.ly\/184FqS4\" target=\"_blank\">gentrifica\u00e7\u00e3o<\/a> e desejos para o futuro da comunidade.<\/p>\n<h1>&#8220;A situa\u00e7\u00e3o aqui vai melhorar, mas quem vai estar aqui para aproveitar?&#8221;<\/h1>\n<p>Os moradores esperam uma s\u00e9rie de investimentos e melhorias nos servi\u00e7os p\u00fablicos, que come\u00e7aram com a instala\u00e7\u00e3o da UPP em 2011. No entanto, com os pre\u00e7os aumentando e novos moradores e investidores se estabelecendo no local, residentes de longa data questionam se eles v\u00e3o conseguir se manter na comunidade e assim desfrutar dessas melhorias t\u00e3o necess\u00e1rias e desejadas.<\/p>\n<p style=\"text-align: center;\"><a href=\"http:\/\/rioonwatch.org.br\/?attachment_id=13384\" rel=\"attachment wp-att-13384\"><img fetchpriority=\"high\" decoding=\"async\" class=\"aligncenter size-full wp-image-13384\" title=\"Associa\u00e7\u00e3o de Moradores e Posto de S\u00e1ude. Foto por Patrick Isensee\" src=\"http:\/\/rioonwatch.org\/wp-content\/uploads\/2014\/01\/IMG_0533.jpg\" alt=\"\" width=\"572\" height=\"372\" \/><\/a><\/p>\n<p style=\"text-align: center;\"><a href=\"http:\/\/rioonwatch.org.br\/?attachment_id=13385\" rel=\"attachment wp-att-13385\"><img decoding=\"async\" class=\"aligncenter size-full wp-image-13385\" title=\"Vila Ol\u00edmpica do Vidigal. Foto por Patrick Isensee\" src=\"http:\/\/rioonwatch.org\/wp-content\/uploads\/2014\/01\/IMG_0541.jpg\" alt=\"\" width=\"572\" height=\"372\" \/><\/a><\/p>\n<p style=\"text-align: center;\"><a href=\"http:\/\/rioonwatch.org.br\/?attachment_id=13386\" rel=\"attachment wp-att-13386\"><img loading=\"lazy\" decoding=\"async\" class=\"aligncenter size-full wp-image-13386\" title=\"Gest\u00e3o de lixo. Foto por Patrick Isensee\" src=\"http:\/\/rioonwatch.org\/wp-content\/uploads\/2014\/01\/IMG_0530.jpg\" alt=\"\" width=\"572\" height=\"372\" \/><\/a><\/p>\n<p style=\"text-align: center;\"><a href=\"http:\/\/rioonwatch.org.br\/?attachment_id=13389\" rel=\"attachment wp-att-13389\"><img loading=\"lazy\" decoding=\"async\" class=\"aligncenter size-full wp-image-13389\" title=\"Escola Municipal no Vidigal. Foto por Patrick Isensee\" src=\"http:\/\/rioonwatch.org\/wp-content\/uploads\/2014\/01\/IMG_0563.jpg\" alt=\"\" width=\"572\" height=\"372\" \/><\/a><\/p>\n<h1 style=\"text-align: left;\"><span style=\"letter-spacing: -0.02em;\">&#8220;Porque embargaram as obras dos moradores e as obras de hot\u00e9is continuam?\u201c<\/span><\/h1>\n<p>Moradores relatam serem proibidos de fazer melhorias em suas casas. Tudo isso enquanto a constru\u00e7\u00e3o de hot\u00e9is por investidores continua sem interrup\u00e7\u00e3o. O mais recente \u00e9 o luxuoso Hotel Mirante do Arvr\u00e3o que foi inaugurado em dezembro de 2013 e oferece quartos com vistas para o mar do alto do Vidigal por R$60 a R$300 por noite.<\/p>\n<p style=\"text-align: center;\"><a href=\"http:\/\/rioonwatch.org.br\/?attachment_id=13295\" rel=\"attachment wp-att-13295\"><img loading=\"lazy\" decoding=\"async\" class=\"aligncenter\" title=\"Hotel Mirante do Arvr\u00e3o. Foto por Patrick Isensee\" src=\"http:\/\/rioonwatch.org\/wp-content\/uploads\/2014\/01\/IMG_0507.jpg\" alt=\"\" width=\"572\" height=\"372\" \/><\/a><\/p>\n<p style=\"text-align: center;\"><a href=\"http:\/\/rioonwatch.org.br\/?attachment_id=13302\" rel=\"attachment wp-att-13302\"><img loading=\"lazy\" decoding=\"async\" class=\"aligncenter\" title=\"A vista do hotel. Foto por Patrick Isensee\" src=\"http:\/\/rioonwatch.org\/wp-content\/uploads\/2014\/01\/IMG_99991.jpg\" alt=\"\" width=\"572\" height=\"372\" \/><\/a><\/p>\n<p style=\"text-align: left;\">Toda a \u00e1rea no topo do Vidigal que circunda o hotel est\u00e1 em constru\u00e7\u00e3o. Embora alguns moradores relatem serem proibidos de construir qualquer coisa, outros est\u00e3o expandindo suas casas, adicionando mais andares para alugar para estrangeiros.<\/p>\n<h3 style=\"text-align: left;\"><a href=\"http:\/\/rioonwatch.org.br\/?attachment_id=13207\" rel=\"attachment wp-att-13207\"><img loading=\"lazy\" decoding=\"async\" class=\"aligncenter size-full wp-image-13207\" title=\"A \u00e1rea no topo do Vidigal sob constru\u00e7\u00e3o. Foto por Patrick Isensee\" src=\"http:\/\/rioonwatch.org\/wp-content\/uploads\/2014\/01\/IMG_8664.jpg\" alt=\"\" width=\"572\" height=\"372\" \/><\/a><\/h3>\n<h3 style=\"text-align: left;\"><a href=\"http:\/\/rioonwatch.org.br\/?attachment_id=13261\" rel=\"attachment wp-att-13261\"><img loading=\"lazy\" decoding=\"async\" class=\"aligncenter\" title=\"Foto por Patrick Isensee\" src=\"http:\/\/rioonwatch.org\/wp-content\/uploads\/2014\/01\/IMG_9295a1.jpg\" alt=\"\" width=\"572\" height=\"372\" \/><\/a><span style=\"font-size: 35px; letter-spacing: -0.04em; line-height: 35.099998474121094px;\"><br \/>\n\u201cO que ser\u00e1 da identidade deste lugar? Todo o sangue que n\u00f3s derramamos. Literalmente.&#8221;<\/span><\/h3>\n<p>Antes da chegada da UPP e, particularmente, na d\u00e9cada de 1990 e in\u00edcio de 2000, os <a href=\"http:\/\/bit.ly\/1dHqgrX\" target=\"_blank\">moradores do Vidigal viviam sob a amea\u00e7a e \u2018administra\u00e7\u00e3o\u2019 de traficantes fortemente armados<\/a>. Disputas de territ\u00f3rio e confrontos com a pol\u00edcia significavam que tiroteios eram frequentes e que a possibilidade de ser atingido por balas perdidas era di\u00e1ria. Tendo sobrevivido n\u00e3o apenas aqueles momentos, mas se desenvolvido coletivamente por muitos momentos sem a interven\u00e7\u00e3o ou apoio do governo, os moradores Vidigal agora se preocupam se ser\u00e3o capazes de permanecer e aproveitar a nova paz e oportunidades.<\/p>\n<p style=\"text-align: center;\"><a href=\"http:\/\/rioonwatch.org.br\/?attachment_id=13090\" rel=\"attachment wp-att-13090\"><img loading=\"lazy\" decoding=\"async\" class=\"aligncenter size-full wp-image-13090\" title=\"Morador trabalhando na sua casa. Foto por Patrick Isensee\" src=\"http:\/\/rioonwatch.org\/wp-content\/uploads\/2014\/01\/IMG_9205a.png\" alt=\"\" width=\"572\" height=\"372\" \/><\/a><\/p>\n<h1>\u201cA troca cultural \u00e9 bem-vinda. Mas at\u00e9 que ponto essa troca est\u00e1 sendo positiva?&#8221;<\/h1>\n<p>Muitos estrangeiros (<a href=\"http:\/\/bit.ly\/1hE8vce\" target=\"_blank\">possivelmente at\u00e9 1000<\/a>) j\u00e1 se instalaram no Vidigal. Alguns hot\u00e9is e pousadas fazem festas baladas, cobrando entradas caras de R$30-60. Muitas vezes, <a href=\"http:\/\/bit.ly\/Y0BhqW\" target=\"_blank\">essas festas s\u00e3o inacess\u00edveis aos moradores locais, sendo frequentadas por turistas e moradores dos bairros ricos da Zona Sul<\/a>. Moradores relatam sentirem-se exclu\u00eddos dos novos eventos culturais sendo realizados em sua comunidade.<\/p>\n<p style=\"text-align: center;\"><a href=\"http:\/\/rioonwatch.org.br\/?attachment_id=13210\" rel=\"attachment wp-att-13210\"><img loading=\"lazy\" decoding=\"async\" class=\"aligncenter\" title=\"Festa de abertura do novo hotel no Vidigal. Foto por Patrick Isensee\" src=\"http:\/\/rioonwatch.org\/wp-content\/uploads\/2014\/01\/IMG_0389.jpg\" alt=\"\" width=\"572\" height=\"372\" \/><\/a><\/p>\n<p style=\"text-align: center;\"><a href=\"http:\/\/rioonwatch.org.br\/?attachment_id=13292\" rel=\"attachment wp-att-13292\"><img loading=\"lazy\" decoding=\"async\" class=\"aligncenter\" title=\"Albergue Alto Vidigal. Foto por Patrick Isensee\" src=\"http:\/\/rioonwatch.org\/wp-content\/uploads\/2014\/01\/IMG_0510.jpg\" alt=\"\" width=\"572\" height=\"372\" \/><\/a><\/p>\n<h3 style=\"text-align: left;\"><a href=\"http:\/\/rioonwatch.org.br\/?attachment_id=13309\" rel=\"attachment wp-att-13309\"><img loading=\"lazy\" decoding=\"async\" class=\"aligncenter size-full wp-image-13309\" title=\"Restaurante de sushi no Vidigal. Foto por Patrick Isensee\" src=\"http:\/\/rioonwatch.org\/wp-content\/uploads\/2014\/01\/IMG_0514.jpg\" alt=\"\" width=\"572\" height=\"372\" \/><\/a><\/h3>\n<h1 style=\"text-align: left;\"><span style=\"letter-spacing: -0.02em;\">\u201cEra quase uma vila. Tinha privacidade no local. Agora pessoas entram filmando e fotografando.\u201d<\/span><\/h1>\n<p style=\"text-align: left;\">Durante os anos de conflito entre as fac\u00e7\u00f5es rivais da Rocinha e Vidigal, a comunidade era considerada um lugar perigoso. Hoje os turistas visitam todos os dias, e passeios na favela est\u00e3o se tornando uma das atividades tur\u00edsticas mais populares no Rio de Janeiro. Muitas vezes os turistas esquecem, ou guias de turismo n\u00e3o os lembram, que esta atra\u00e7\u00e3o \u00e9 o lar de milhares de pessoas, muitos dos quais desejam manter sua privacidade. A privacidade dos moradores \u00e9 muitas vezes violada com visitantes tirando fotos deles e de suas casas sem pedir permiss\u00e3o.<\/p>\n<p style=\"text-align: center;\"><a href=\"http:\/\/rioonwatch.org.br\/?attachment_id=13116\" rel=\"attachment wp-att-13116\"><img loading=\"lazy\" decoding=\"async\" class=\"aligncenter size-full wp-image-13116\" title=\"Turistas fotografam moradores. Foto por Patrick Isensee\" src=\"http:\/\/rioonwatch.org\/wp-content\/uploads\/2014\/01\/P1050669aaa.jpg\" alt=\"\" width=\"572\" height=\"372\" \/><\/a><\/p>\n<h1 style=\"text-align: left;\">&#8220;Minha esperan\u00e7a \u00e9 que todo mundo vai falar ingl\u00eas e espanhol. Meu medo&#8230; quem vai estar aqui falando ingl\u00eas e espanhol?&#8221;<\/h1>\n<p>Muitos est\u00e3o dando boas-vindas aos estrangeiros que vieram de outras partes da Am\u00e9rica do Sul, Europa, Austr\u00e1lia, Estados Unidos e \u00c1frica para fazer do Vidigal sua casa e apreciam as oportunidades de interc\u00e2mbio cultural. Alguns moradores est\u00e3o ansiosos para interagir com os seus novos vizinhos. Mas com o novo mix cultural v\u00eam os aumentos de pre\u00e7os e alugu\u00e9is que j\u00e1 est\u00e3o <a href=\"http:\/\/bit.ly\/1dHqgrX\" target=\"_blank\">levando \u00e0 desloca\u00e7\u00e3o de moradores de longa data<\/a>.<\/p>\n<p style=\"text-align: center;\"><a href=\"http:\/\/rioonwatch.org.br\/?attachment_id=13127\" rel=\"attachment wp-att-13127\"><img loading=\"lazy\" decoding=\"async\" class=\"aligncenter size-full wp-image-13127\" title=\"Foto por Patrick Isensee\" src=\"http:\/\/rioonwatch.org\/wp-content\/uploads\/2014\/01\/IMG_14551.jpg\" alt=\"\" width=\"572\" height=\"372\" \/><\/a><\/p>\n<h1><a href=\"http:\/\/rioonwatch.org.br\/?attachment_id=13119\" rel=\"attachment wp-att-13119\"><img loading=\"lazy\" decoding=\"async\" class=\"aligncenter size-full wp-image-13119\" title=\"Hospede do hotel assiste a obra. Foto por Patrick Isensee\" src=\"http:\/\/rioonwatch.org\/wp-content\/uploads\/2014\/01\/IMG_0013.jpg\" alt=\"\" width=\"572\" height=\"372\" \/><\/a><\/h1>\n<h1>\u201cNunca me imaginei saindo do Vidigal. Eu amo o Vidigal.\u201d<\/h1>\n<p>Muitos moradores do Vidigal vivem na comunidade desde que nasceram, ao longo de gera\u00e7\u00f5es ou por muitos anos, e t\u00eam grande afeto por sua comunidade. As pessoas citam la\u00e7os sociais, rela\u00e7\u00f5es com a comunidade e a cultura local como os aspectos do Vidigal que eles est\u00e3o mais preocupados em preservar neste processo de mudan\u00e7a. O Vidigal tem uma longa hist\u00f3ria de arte e cultura. Hoje, a comunidade tem festas semanais de samba e pagode e arte de rua feita por artistas locais em toda a comunidade.<\/p>\n<p style=\"text-align: center;\"><a href=\"http:\/\/rioonwatch.org.br\/?attachment_id=13053\" rel=\"attachment wp-att-13053\"><img loading=\"lazy\" decoding=\"async\" class=\"aligncenter size-full wp-image-13053\" title=\"Foto por Patrick Isensee\" src=\"http:\/\/rioonwatch.org\/wp-content\/uploads\/2014\/01\/IMG_9265d2.jpg\" alt=\"\" width=\"572\" height=\"372\" \/><\/a><\/p>\n<p style=\"text-align: center;\"><a href=\"http:\/\/rioonwatch.org.br\/?attachment_id=13217\" rel=\"attachment wp-att-13217\"><img loading=\"lazy\" decoding=\"async\" class=\"aligncenter\" title=\"Festa de samba na comunidade. Foto por Patrick Isensee\" src=\"http:\/\/rioonwatch.org\/wp-content\/uploads\/2014\/01\/IMG_9377.jpg\" alt=\"\" width=\"572\" height=\"372\" \/><\/a><\/p>\n<h3><a href=\"http:\/\/rioonwatch.org.br\/?attachment_id=13266\" rel=\"attachment wp-att-13266\"><img loading=\"lazy\" decoding=\"async\" class=\"aligncenter\" title=\"Foto por Patrick Isensee\" src=\"http:\/\/rioonwatch.org\/wp-content\/uploads\/2014\/01\/IMG_1416a.jpg\" alt=\"\" width=\"572\" height=\"372\" \/><\/a><\/h3>\n<p style=\"text-align: center;\"><a href=\"http:\/\/rioonwatch.org.br\/?attachment_id=13220\" rel=\"attachment wp-att-13220\"><img loading=\"lazy\" decoding=\"async\" class=\"aligncenter size-full wp-image-13220\" title=\"Foto por Patrick Isensee\" src=\"http:\/\/rioonwatch.org\/wp-content\/uploads\/2014\/01\/IMG_0476.jpg\" alt=\"\" width=\"572\" height=\"372\" \/><\/a><\/p>\n<!-- AddThis Advanced Settings generic via filter on the_content --><!-- AddThis Share Buttons generic via filter on the_content -->","protected":false},"excerpt":{"rendered":"<div class=\"mh-excerpt\"><p>Click Here for English Com sua comunidade historicamente acolhedora e bo\u00eamia, e vistas deslumbrantes da costa do Rio de Janeiro, a favela do Vidigal, na Zona Sul da cidade, tem recebido cada vez mais visitantes, <a class=\"mh-excerpt-more\" href=\"https:\/\/rioonwatch.org.br\/?p=10086\" title=\"Reflex\u00f5es sobre a Gentrifica\u00e7\u00e3o no Vidigal [IMAGENS]\">[&#8230;]<\/a><!-- AddThis Advanced Settings generic via filter on get_the_excerpt --><!-- AddThis Share Buttons generic via filter on get_the_excerpt --><\/p>\n<\/div>","protected":false},"author":132,"featured_media":10089,"comment_status":"closed","ping_status":"closed","sticky":false,"template":"","format":"standard","meta":{"_acf_changed":false,"_monsterinsights_skip_tracking":false,"_monsterinsights_sitenote_active":false,"_monsterinsights_sitenote_note":"","_monsterinsights_sitenote_category":0,"footnotes":""},"categories":[1617,1633,1620],"tags":[81,421,396,395,899,562,825,92,354,30,383],"writer":[877],"translator":[584],"source":[],"ilustrador":[],"fotografo":[],"class_list":{"0":"post-10086","1":"post","2":"type-post","3":"status-publish","4":"format-standard","5":"has-post-thumbnail","7":"category-olhonagentrificacao","8":"category-foto-reportagens","9":"category-olhonaupp","10":"tag-cultura","11":"tag-cultura-da-favela","12":"tag-especulacao-imobiliaria","13":"tag-gentrificacao-remocao-branca","14":"tag-preservacao-de-cultura","15":"tag-trafico-de-drogas","16":"tag-turismo","17":"tag-upp","18":"tag-vidigal","19":"tag-violencia","20":"tag-zona-sul","21":"writer-patrick-isensee","22":"translator-arianne-reis"},"acf":[],"yoast_head":"<!-- This site is optimized with the Yoast SEO plugin v25.6 - https:\/\/yoast.com\/wordpress\/plugins\/seo\/ -->\n<title>Reflex\u00f5es sobre a Gentrifica\u00e7\u00e3o no Vidigal [IMAGENS] - RioOnWatch<\/title>\n<meta name=\"robots\" content=\"index, follow, max-snippet:-1, max-image-preview:large, max-video-preview:-1\" \/>\n<link rel=\"canonical\" href=\"https:\/\/rioonwatch.org.br\/?p=10086\" \/>\n<meta property=\"og:locale\" content=\"pt_BR\" \/>\n<meta property=\"og:type\" content=\"article\" \/>\n<meta property=\"og:title\" content=\"Reflex\u00f5es sobre a Gentrifica\u00e7\u00e3o no Vidigal [IMAGENS] - RioOnWatch\" \/>\n<meta property=\"og:description\" content=\"Click Here for English Com sua comunidade historicamente acolhedora e bo\u00eamia, e vistas deslumbrantes da costa do Rio de Janeiro, a favela do Vidigal, na Zona Sul da cidade, tem recebido cada vez mais visitantes, [...]\" \/>\n<meta property=\"og:url\" content=\"https:\/\/rioonwatch.org.br\/?p=10086\" \/>\n<meta property=\"og:site_name\" content=\"RioOnWatch\" \/>\n<meta property=\"article:published_time\" content=\"2014-02-04T15:08:18+00:00\" \/>\n<meta property=\"article:modified_time\" content=\"2015-12-24T03:55:05+00:00\" \/>\n<meta property=\"og:image\" content=\"https:\/\/rioonwatch.org.br\/wp-content\/uploads\/2014\/02\/vidigal-patrick-isensee-capa.jpg\" \/>\n\t<meta property=\"og:image:width\" content=\"300\" \/>\n\t<meta property=\"og:image:height\" content=\"210\" \/>\n\t<meta property=\"og:image:type\" content=\"image\/jpeg\" \/>\n<meta name=\"author\" content=\"Felicity\" \/>\n<meta name=\"twitter:card\" content=\"summary_large_image\" \/>\n<meta name=\"twitter:label1\" content=\"Escrito por\" \/>\n\t<meta name=\"twitter:data1\" content=\"Felicity\" \/>\n\t<meta name=\"twitter:label2\" content=\"Est. tempo de leitura\" \/>\n\t<meta name=\"twitter:data2\" content=\"4 minutos\" \/>\n<script type=\"application\/ld+json\" class=\"yoast-schema-graph\">{\"@context\":\"https:\/\/schema.org\",\"@graph\":[{\"@type\":\"Article\",\"@id\":\"https:\/\/rioonwatch.org.br\/?p=10086#article\",\"isPartOf\":{\"@id\":\"https:\/\/rioonwatch.org.br\/?p=10086\"},\"author\":{\"name\":\"Felicity\",\"@id\":\"https:\/\/rioonwatch.org.br\/#\/schema\/person\/4d05cf5053c358ab740b3edd75a173f2\"},\"headline\":\"Reflex\u00f5es sobre a Gentrifica\u00e7\u00e3o no Vidigal [IMAGENS]\",\"datePublished\":\"2014-02-04T15:08:18+00:00\",\"dateModified\":\"2015-12-24T03:55:05+00:00\",\"mainEntityOfPage\":{\"@id\":\"https:\/\/rioonwatch.org.br\/?p=10086\"},\"wordCount\":834,\"publisher\":{\"@id\":\"https:\/\/rioonwatch.org.br\/#organization\"},\"image\":{\"@id\":\"https:\/\/rioonwatch.org.br\/?p=10086#primaryimage\"},\"thumbnailUrl\":\"https:\/\/rioonwatch.org.br\/wp-content\/uploads\/2014\/02\/vidigal-patrick-isensee-capa.jpg\",\"keywords\":[\"cultura\",\"cultura da favela\",\"especula\u00e7\u00e3o imobili\u00e1ria\",\"gentrifica\u00e7\u00e3o\",\"preserva\u00e7\u00e3o de cultura\",\"tr\u00e1fico de drogas\",\"turismo\",\"UPP\",\"Vidigal\",\"viol\u00eancia\",\"Zona Sul\"],\"articleSection\":[\"#OlhoNaGentrifica\u00e7\u00e3o\",\"Fotorreportagens\",\"Seguran\u00e7a P\u00fablica\"],\"inLanguage\":\"pt-BR\"},{\"@type\":\"WebPage\",\"@id\":\"https:\/\/rioonwatch.org.br\/?p=10086\",\"url\":\"https:\/\/rioonwatch.org.br\/?p=10086\",\"name\":\"Reflex\u00f5es sobre a Gentrifica\u00e7\u00e3o no Vidigal [IMAGENS] - RioOnWatch\",\"isPartOf\":{\"@id\":\"https:\/\/rioonwatch.org.br\/#website\"},\"primaryImageOfPage\":{\"@id\":\"https:\/\/rioonwatch.org.br\/?p=10086#primaryimage\"},\"image\":{\"@id\":\"https:\/\/rioonwatch.org.br\/?p=10086#primaryimage\"},\"thumbnailUrl\":\"https:\/\/rioonwatch.org.br\/wp-content\/uploads\/2014\/02\/vidigal-patrick-isensee-capa.jpg\",\"datePublished\":\"2014-02-04T15:08:18+00:00\",\"dateModified\":\"2015-12-24T03:55:05+00:00\",\"breadcrumb\":{\"@id\":\"https:\/\/rioonwatch.org.br\/?p=10086#breadcrumb\"},\"inLanguage\":\"pt-BR\",\"potentialAction\":[{\"@type\":\"ReadAction\",\"target\":[\"https:\/\/rioonwatch.org.br\/?p=10086\"]}]},{\"@type\":\"ImageObject\",\"inLanguage\":\"pt-BR\",\"@id\":\"https:\/\/rioonwatch.org.br\/?p=10086#primaryimage\",\"url\":\"https:\/\/rioonwatch.org.br\/wp-content\/uploads\/2014\/02\/vidigal-patrick-isensee-capa.jpg\",\"contentUrl\":\"https:\/\/rioonwatch.org.br\/wp-content\/uploads\/2014\/02\/vidigal-patrick-isensee-capa.jpg\",\"width\":300,\"height\":210},{\"@type\":\"BreadcrumbList\",\"@id\":\"https:\/\/rioonwatch.org.br\/?p=10086#breadcrumb\",\"itemListElement\":[{\"@type\":\"ListItem\",\"position\":1,\"name\":\"In\u00edcio\",\"item\":\"https:\/\/rioonwatch.org.br\/\"},{\"@type\":\"ListItem\",\"position\":2,\"name\":\"Reflex\u00f5es sobre a Gentrifica\u00e7\u00e3o no Vidigal [IMAGENS]\"}]},{\"@type\":\"WebSite\",\"@id\":\"https:\/\/rioonwatch.org.br\/#website\",\"url\":\"https:\/\/rioonwatch.org.br\/\",\"name\":\"RioOnWatch\",\"description\":\"relatos das favelas cariocas\",\"publisher\":{\"@id\":\"https:\/\/rioonwatch.org.br\/#organization\"},\"potentialAction\":[{\"@type\":\"SearchAction\",\"target\":{\"@type\":\"EntryPoint\",\"urlTemplate\":\"https:\/\/rioonwatch.org.br\/?s={search_term_string}\"},\"query-input\":{\"@type\":\"PropertyValueSpecification\",\"valueRequired\":true,\"valueName\":\"search_term_string\"}}],\"inLanguage\":\"pt-BR\"},{\"@type\":\"Organization\",\"@id\":\"https:\/\/rioonwatch.org.br\/#organization\",\"name\":\"RioOnWatch\",\"url\":\"https:\/\/rioonwatch.org.br\/\",\"logo\":{\"@type\":\"ImageObject\",\"inLanguage\":\"pt-BR\",\"@id\":\"https:\/\/rioonwatch.org.br\/#\/schema\/logo\/image\/\",\"url\":\"https:\/\/rioonwatch.org.br\/wp-content\/uploads\/2021\/06\/RioOnWatchcabecalhoPT11anos-2.png\",\"contentUrl\":\"https:\/\/rioonwatch.org.br\/wp-content\/uploads\/2021\/06\/RioOnWatchcabecalhoPT11anos-2.png\",\"width\":779,\"height\":277,\"caption\":\"RioOnWatch\"},\"image\":{\"@id\":\"https:\/\/rioonwatch.org.br\/#\/schema\/logo\/image\/\"}},{\"@type\":\"Person\",\"@id\":\"https:\/\/rioonwatch.org.br\/#\/schema\/person\/4d05cf5053c358ab740b3edd75a173f2\",\"name\":\"Felicity\",\"image\":{\"@type\":\"ImageObject\",\"inLanguage\":\"pt-BR\",\"@id\":\"https:\/\/rioonwatch.org.br\/#\/schema\/person\/image\/\",\"url\":\"https:\/\/secure.gravatar.com\/avatar\/bfc904486dc0bba6015410a00fe3fc27?s=96&d=blank&r=g\",\"contentUrl\":\"https:\/\/secure.gravatar.com\/avatar\/bfc904486dc0bba6015410a00fe3fc27?s=96&d=blank&r=g\",\"caption\":\"Felicity\"},\"url\":\"https:\/\/rioonwatch.org.br\/?author=132\"}]}<\/script>\n<!-- \/ Yoast SEO plugin. -->","yoast_head_json":{"title":"Reflex\u00f5es sobre a Gentrifica\u00e7\u00e3o no Vidigal [IMAGENS] - RioOnWatch","robots":{"index":"index","follow":"follow","max-snippet":"max-snippet:-1","max-image-preview":"max-image-preview:large","max-video-preview":"max-video-preview:-1"},"canonical":"https:\/\/rioonwatch.org.br\/?p=10086","og_locale":"pt_BR","og_type":"article","og_title":"Reflex\u00f5es sobre a Gentrifica\u00e7\u00e3o no Vidigal [IMAGENS] - RioOnWatch","og_description":"Click Here for English Com sua comunidade historicamente acolhedora e bo\u00eamia, e vistas deslumbrantes da costa do Rio de Janeiro, a favela do Vidigal, na Zona Sul da cidade, tem recebido cada vez mais visitantes, [...]","og_url":"https:\/\/rioonwatch.org.br\/?p=10086","og_site_name":"RioOnWatch","article_published_time":"2014-02-04T15:08:18+00:00","article_modified_time":"2015-12-24T03:55:05+00:00","og_image":[{"width":300,"height":210,"url":"https:\/\/rioonwatch.org.br\/wp-content\/uploads\/2014\/02\/vidigal-patrick-isensee-capa.jpg","type":"image\/jpeg"}],"author":"Felicity","twitter_card":"summary_large_image","twitter_misc":{"Escrito por":"Felicity","Est. tempo de leitura":"4 minutos"},"schema":{"@context":"https:\/\/schema.org","@graph":[{"@type":"Article","@id":"https:\/\/rioonwatch.org.br\/?p=10086#article","isPartOf":{"@id":"https:\/\/rioonwatch.org.br\/?p=10086"},"author":{"name":"Felicity","@id":"https:\/\/rioonwatch.org.br\/#\/schema\/person\/4d05cf5053c358ab740b3edd75a173f2"},"headline":"Reflex\u00f5es sobre a Gentrifica\u00e7\u00e3o no Vidigal [IMAGENS]","datePublished":"2014-02-04T15:08:18+00:00","dateModified":"2015-12-24T03:55:05+00:00","mainEntityOfPage":{"@id":"https:\/\/rioonwatch.org.br\/?p=10086"},"wordCount":834,"publisher":{"@id":"https:\/\/rioonwatch.org.br\/#organization"},"image":{"@id":"https:\/\/rioonwatch.org.br\/?p=10086#primaryimage"},"thumbnailUrl":"https:\/\/rioonwatch.org.br\/wp-content\/uploads\/2014\/02\/vidigal-patrick-isensee-capa.jpg","keywords":["cultura","cultura da favela","especula\u00e7\u00e3o imobili\u00e1ria","gentrifica\u00e7\u00e3o","preserva\u00e7\u00e3o de cultura","tr\u00e1fico de drogas","turismo","UPP","Vidigal","viol\u00eancia","Zona Sul"],"articleSection":["#OlhoNaGentrifica\u00e7\u00e3o","Fotorreportagens","Seguran\u00e7a P\u00fablica"],"inLanguage":"pt-BR"},{"@type":"WebPage","@id":"https:\/\/rioonwatch.org.br\/?p=10086","url":"https:\/\/rioonwatch.org.br\/?p=10086","name":"Reflex\u00f5es sobre a Gentrifica\u00e7\u00e3o no Vidigal [IMAGENS] - RioOnWatch","isPartOf":{"@id":"https:\/\/rioonwatch.org.br\/#website"},"primaryImageOfPage":{"@id":"https:\/\/rioonwatch.org.br\/?p=10086#primaryimage"},"image":{"@id":"https:\/\/rioonwatch.org.br\/?p=10086#primaryimage"},"thumbnailUrl":"https:\/\/rioonwatch.org.br\/wp-content\/uploads\/2014\/02\/vidigal-patrick-isensee-capa.jpg","datePublished":"2014-02-04T15:08:18+00:00","dateModified":"2015-12-24T03:55:05+00:00","breadcrumb":{"@id":"https:\/\/rioonwatch.org.br\/?p=10086#breadcrumb"},"inLanguage":"pt-BR","potentialAction":[{"@type":"ReadAction","target":["https:\/\/rioonwatch.org.br\/?p=10086"]}]},{"@type":"ImageObject","inLanguage":"pt-BR","@id":"https:\/\/rioonwatch.org.br\/?p=10086#primaryimage","url":"https:\/\/rioonwatch.org.br\/wp-content\/uploads\/2014\/02\/vidigal-patrick-isensee-capa.jpg","contentUrl":"https:\/\/rioonwatch.org.br\/wp-content\/uploads\/2014\/02\/vidigal-patrick-isensee-capa.jpg","width":300,"height":210},{"@type":"BreadcrumbList","@id":"https:\/\/rioonwatch.org.br\/?p=10086#breadcrumb","itemListElement":[{"@type":"ListItem","position":1,"name":"In\u00edcio","item":"https:\/\/rioonwatch.org.br\/"},{"@type":"ListItem","position":2,"name":"Reflex\u00f5es sobre a Gentrifica\u00e7\u00e3o no Vidigal [IMAGENS]"}]},{"@type":"WebSite","@id":"https:\/\/rioonwatch.org.br\/#website","url":"https:\/\/rioonwatch.org.br\/","name":"RioOnWatch","description":"relatos das favelas cariocas","publisher":{"@id":"https:\/\/rioonwatch.org.br\/#organization"},"potentialAction":[{"@type":"SearchAction","target":{"@type":"EntryPoint","urlTemplate":"https:\/\/rioonwatch.org.br\/?s={search_term_string}"},"query-input":{"@type":"PropertyValueSpecification","valueRequired":true,"valueName":"search_term_string"}}],"inLanguage":"pt-BR"},{"@type":"Organization","@id":"https:\/\/rioonwatch.org.br\/#organization","name":"RioOnWatch","url":"https:\/\/rioonwatch.org.br\/","logo":{"@type":"ImageObject","inLanguage":"pt-BR","@id":"https:\/\/rioonwatch.org.br\/#\/schema\/logo\/image\/","url":"https:\/\/rioonwatch.org.br\/wp-content\/uploads\/2021\/06\/RioOnWatchcabecalhoPT11anos-2.png","contentUrl":"https:\/\/rioonwatch.org.br\/wp-content\/uploads\/2021\/06\/RioOnWatchcabecalhoPT11anos-2.png","width":779,"height":277,"caption":"RioOnWatch"},"image":{"@id":"https:\/\/rioonwatch.org.br\/#\/schema\/logo\/image\/"}},{"@type":"Person","@id":"https:\/\/rioonwatch.org.br\/#\/schema\/person\/4d05cf5053c358ab740b3edd75a173f2","name":"Felicity","image":{"@type":"ImageObject","inLanguage":"pt-BR","@id":"https:\/\/rioonwatch.org.br\/#\/schema\/person\/image\/","url":"https:\/\/secure.gravatar.com\/avatar\/bfc904486dc0bba6015410a00fe3fc27?s=96&d=blank&r=g","contentUrl":"https:\/\/secure.gravatar.com\/avatar\/bfc904486dc0bba6015410a00fe3fc27?s=96&d=blank&r=g","caption":"Felicity"},"url":"https:\/\/rioonwatch.org.br\/?author=132"}]}},"_links":{"self":[{"href":"https:\/\/rioonwatch.org.br\/index.php?rest_route=\/wp\/v2\/posts\/10086"}],"collection":[{"href":"https:\/\/rioonwatch.org.br\/index.php?rest_route=\/wp\/v2\/posts"}],"about":[{"href":"https:\/\/rioonwatch.org.br\/index.php?rest_route=\/wp\/v2\/types\/post"}],"author":[{"embeddable":true,"href":"https:\/\/rioonwatch.org.br\/index.php?rest_route=\/wp\/v2\/users\/132"}],"replies":[{"embeddable":true,"href":"https:\/\/rioonwatch.org.br\/index.php?rest_route=%2Fwp%2Fv2%2Fcomments&post=10086"}],"version-history":[{"count":12,"href":"https:\/\/rioonwatch.org.br\/index.php?rest_route=\/wp\/v2\/posts\/10086\/revisions"}],"predecessor-version":[{"id":17913,"href":"https:\/\/rioonwatch.org.br\/index.php?rest_route=\/wp\/v2\/posts\/10086\/revisions\/17913"}],"wp:featuredmedia":[{"embeddable":true,"href":"https:\/\/rioonwatch.org.br\/index.php?rest_route=\/wp\/v2\/media\/10089"}],"wp:attachment":[{"href":"https:\/\/rioonwatch.org.br\/index.php?rest_route=%2Fwp%2Fv2%2Fmedia&parent=10086"}],"wp:term":[{"taxonomy":"category","embeddable":true,"href":"https:\/\/rioonwatch.org.br\/index.php?rest_route=%2Fwp%2Fv2%2Fcategories&post=10086"},{"taxonomy":"post_tag","embeddable":true,"href":"https:\/\/rioonwatch.org.br\/index.php?rest_route=%2Fwp%2Fv2%2Ftags&post=10086"},{"taxonomy":"writer","embeddable":true,"href":"https:\/\/rioonwatch.org.br\/index.php?rest_route=%2Fwp%2Fv2%2Fwriter&post=10086"},{"taxonomy":"translator","embeddable":true,"href":"https:\/\/rioonwatch.org.br\/index.php?rest_route=%2Fwp%2Fv2%2Ftranslator&post=10086"},{"taxonomy":"source","embeddable":true,"href":"https:\/\/rioonwatch.org.br\/index.php?rest_route=%2Fwp%2Fv2%2Fsource&post=10086"},{"taxonomy":"ilustrador","embeddable":true,"href":"https:\/\/rioonwatch.org.br\/index.php?rest_route=%2Fwp%2Fv2%2Filustrador&post=10086"},{"taxonomy":"fotografo","embeddable":true,"href":"https:\/\/rioonwatch.org.br\/index.php?rest_route=%2Fwp%2Fv2%2Ffotografo&post=10086"}],"curies":[{"name":"wp","href":"https:\/\/api.w.org\/{rel}","templated":true}]}}