{"id":10480,"date":"2014-03-10T09:00:32","date_gmt":"2014-03-10T12:00:32","guid":{"rendered":"http:\/\/rioonwatch.org.br\/?p=10480"},"modified":"2020-06-29T11:04:37","modified_gmt":"2020-06-29T14:04:37","slug":"a-historia-da-policia-militar-do-rio-de-janeiro-parte-2-da-ditadura-a-guerra-as-drogas","status":"publish","type":"post","link":"https:\/\/rioonwatch.org.br\/?p=10480","title":{"rendered":"A Hist\u00f3ria da Pol\u00edcia Militar do Rio de Janeiro Parte II: Da Ditadura \u00e0 Guerra \u00e0s Drogas"},"content":{"rendered":"<p style=\"text-align: right;\"><em><strong><a href=\"http:\/\/bit.ly\/U3F5Nh\" target=\"_blank\" rel=\"noopener noreferrer\">Click Here for English<img decoding=\"async\" width=\"20\" height=\"20\" class=\"alignright wp-image-15790\" src=\"http:\/\/rioonwatch.org.br\/wp-content\/uploads\/2012\/08\/EN-standard-e1439583104716.jpg\" alt=\"\" \/><\/a><\/strong><\/em><\/p>\n<p><em><em>Essa \u00e9 a\u00a0<strong>segunda parte<\/strong>\u00a0de uma\u00a0<a href=\"http:\/\/bit.ly\/1jjhixT\" target=\"_blank\" rel=\"noopener noreferrer\">s\u00e9rie de quarto artigos sobre a hist\u00f3ria da Pol\u00edcia Militar do Rio de Janeiro<\/a>. Clique para\u00a0<\/em><strong><a href=\"http:\/\/bit.ly\/1bLEXdB\" target=\"_blank\" rel=\"noopener noreferrer\">Parte I<\/a>\u00a0<\/strong>e <strong><a href=\"http:\/\/bit.ly\/1oB3uaX\" target=\"_blank\" rel=\"noopener noreferrer\">Parte<\/a><a href=\"http:\/\/bit.ly\/1oB3uaX\" target=\"_blank\" rel=\"noopener noreferrer\"> III<\/a><\/strong>, e\u00a0<em><em><strong><a href=\"http:\/\/bit.ly\/1qvWRb2\" target=\"_blank\" rel=\"noopener noreferrer\">Parte IV<\/a><\/strong>.<\/em><\/em><br \/>\n<\/em><\/p>\n<blockquote>\n<p dir=\"ltr\">Bandido favelado<br \/>\nn\u00e3o se varre com vassoura<br \/>\nse varre com granada<br \/>\ncom fuzil, metralhadora<\/p>\n<p>&#8212; <a href=\"http:\/\/bit.ly\/1hIsi9w\" target=\"_blank\" rel=\"noopener noreferrer\">&#8216;Abismo Das Almas&#8217; Fac\u00e7\u00e3o Central\u00a0<\/a><\/p><\/blockquote>\n<p>Como <a href=\"http:\/\/bit.ly\/1bLEXdB\" target=\"_blank\" rel=\"noopener noreferrer\">temos visto<\/a>, o mandato da for\u00e7a policial brasileira ao longo de sua hist\u00f3ria tem sido fortemente baseado em no\u00e7\u00f5es coloniais de cidadania. Aqueles que \u2018t\u00eam\u2019 tendem a ser vistos como cidad\u00e3os honestos e que trabalham duro, enquanto os que \u2018n\u00e3o tem\u2019 s\u00e3o vistos como criminosos, ou potenciais criminosos. Nos \u00faltimos 50 anos, a Pol\u00edcia Militar tem usado cada vez mais a for\u00e7a letal nas \u00e1reas mais pobres da cidade, empregando uma mentalidade de &#8220;agir primeiro e perguntar depois&#8221;.<\/p>\n<p><a href=\"http:\/\/rioonwatch.org.br\/?attachment_id=13725\" rel=\"attachment wp-att-13725\"><img fetchpriority=\"high\" decoding=\"async\" class=\"alignright size-full wp-image-13725\" title=\"Repress\u00e3o policial durante a ditadura militar\" src=\"http:\/\/rioonwatch.org\/wp-content\/uploads\/2014\/02\/policia-ditadura.jpg\" alt=\"\" width=\"337\" height=\"226\" \/><\/a><\/p>\n<p>Durante a ditadura militar, que durou de 1964 a 1985, a pol\u00edcia foi encarregada de enfrentar o inimigo interno, os opositores pol\u00edticos do regime. Foi durante este per\u00edodo que a pol\u00edcia assumiu um papel profundamente militar: qualquer sugest\u00e3o de que seu objetivo era proteger e defender o p\u00fablico desapareceu nesse momento. A seguran\u00e7a nacional e t\u00e1ticas anti-guerrilha e anti-protestos foram os principais aspectos da forma\u00e7\u00e3o da pol\u00edcia sob o regime militar. Esta doutrina de seguran\u00e7a nacional foi usada para motivar, justificar e defender as in\u00fameras atrocidades que aconteceram ao longo dessas duas d\u00e9cadas. Tortura e morte foram generalizadas, e a impunidade quase garantida. Os esquadr\u00f5es da morte, como a <a href=\"http:\/\/bit.ly\/1crTOVD\" target=\"_blank\" rel=\"noopener noreferrer\">Scuderie Detetive Le Cocq<\/a> liderados pelos \u2018Homens de Ouro\u2019, eram compostos por policiais que realizavam seguran\u00e7a particular para empres\u00e1rios locais, principalmente nas favelas. Estes grupos s\u00e3o os antecedentes das <a href=\"http:\/\/bit.ly\/1fQqGHL\" target=\"_blank\" rel=\"noopener noreferrer\">mil\u00edcias<\/a> dos \u00faltimos anos.<\/p>\n<p>Com a queda da ditadura esperava-se que a viol\u00eancia que marcou essa \u00e9poca diminuiria. No entanto, paradoxalmente, os seguintes 25 anos foram alguns dos mais brutais da hist\u00f3ria do Brasil. Entre 1991 e 2007 ocorreram uma m\u00e9dia de 6.826 homic\u00eddios por ano apenas no estado do Rio de Janeiro, valores compar\u00e1veis \u200b\u200bcom as \u00e1reas urbanas dos pa\u00edses em guerra civil. Em 2002, os registros mostram 62 homic\u00eddios por 100 mil pessoas no Rio, estat\u00edstica semelhante a da Iugosl\u00e1via na d\u00e9cada de 1990 ou do Iraque durante a \u00faltima d\u00e9cada. Em 2005, 3% da popula\u00e7\u00e3o mundial vivia no Brasil, mas 11% dos homic\u00eddios ocorreram no Brasil.<\/p>\n<p><a href=\"http:\/\/rioonwatch.org.br\/?attachment_id=13728\" rel=\"attachment wp-att-13728\"><img decoding=\"async\" class=\"alignright size-full wp-image-13728\" title=\"O ex-governador do Estado do Rio Leonel Brizola\" src=\"http:\/\/rioonwatch.org\/wp-content\/uploads\/2014\/02\/brizola.jpg\" alt=\"\" width=\"200\" height=\"291\" \/><\/a><\/p>\n<p>Grande parte dessa onda de viol\u00eancia se deu por causa da din\u00e2mica que se formou entre o Estado e a favela a partir dos anos oitenta. Primeiramente, o governador do Rio de Janeiro, <a href=\"http:\/\/bit.ly\/1eaBkt4\" target=\"_blank\" rel=\"noopener noreferrer\">Leonel Brizola<\/a> do PDT (Partido Democr\u00e1tico Trabalhista), decidiu implementar uma mudan\u00e7a de pol\u00edtica. Tendo sido exilado durante a ditadura e tendo sofrido nas m\u00e3os da pol\u00edcia, Brizola concluiu que as opera\u00e7\u00f5es policiais maci\u00e7as que amea\u00e7avam e intimidavam moradores de favelas durante o regime militar precisavam acabar. Concomitantemente, grupos organizados nas favelas foram percebendo que havia uma enorme quantidade de dinheiro a ser feita no tr\u00e1fico de drogas. Grupos como o <a href=\"http:\/\/bit.ly\/1fQshxf\" target=\"_blank\" rel=\"noopener noreferrer\">Comando Vermelho<\/a> e <a href=\"http:\/\/bit.ly\/O34wvD\" target=\"_blank\" rel=\"noopener noreferrer\">Amigos dos Amigos<\/a> tomaram o controle de muitas comunidades, determinando acesso a g\u00e1s, \u00e1gua, televis\u00e3o digital, dominando a cena social da favela, e em muitos casos fazendo (ao seu pr\u00f3prio estilo) justi\u00e7a no seio das comunidades. Alguns culpam Brizola pelo crescimento do tr\u00e1fico de drogas nas favelas, mas, realisticamente, as <a href=\"http:\/\/bit.ly\/1qgli9N\" target=\"_blank\" rel=\"noopener noreferrer\">condi\u00e7\u00f5es perfeitas<\/a> daquele momento tornaram o seu crescimento inevit\u00e1vel. No entanto, Brizola n\u00e3o \u00e9 totalmente desprovido de culpa: a sua pol\u00edtica de n\u00e3o-interven\u00e7\u00e3o nas favelas aumentou ainda mais o abismo entre o Estado e as comunidades de favela, e fizeram o policiamento neste territ\u00f3rio muito mais dif\u00edcil.<\/p>\n<p><a href=\"http:\/\/rioonwatch.org.br\/?attachment_id=13741\" rel=\"attachment wp-att-13741\"><img loading=\"lazy\" decoding=\"async\" class=\"alignright size-full wp-image-13741\" title=\"A favela passou a ser conhecido como o espa\u00e7o do inimigo. Foto por Wilton Junior\/Ag\u00eancia Estado\" src=\"http:\/\/rioonwatch.org\/wp-content\/uploads\/2014\/02\/Queda-do-comando-vermelho.jpg\" alt=\"\" width=\"337\" height=\"226\" \/><\/a><\/p>\n<p>Foi neste contexto de crescimento do com\u00e9rcio de drogas que a pol\u00edcia (e todo o mundo externo, incluindo a <a href=\"http:\/\/bit.ly\/1hUKLBB\" target=\"_blank\" rel=\"noopener noreferrer\">m\u00eddia<\/a> e o <a href=\"http:\/\/bit.ly\/1kD3UuX\" target=\"_blank\" rel=\"noopener noreferrer\">cinema<\/a>) come\u00e7ou a relacionar habitantes da favela com a criminalidade. N\u00e3o importa que apenas uma pequena porcentagem das pessoas destas comunidades estivessem envolvidas no crime, os meios de comunica\u00e7\u00e3o e o governo promoveram e incentivaram esta imagem. Isto criou um medo da favela como um espa\u00e7o e, consequentemente, medo de seus habitantes, levando a cidade a ser dividida em dois espa\u00e7os na imagina\u00e7\u00e3o da popula\u00e7\u00e3o: a favela e o asfalto. Assim, quando a pol\u00edcia come\u00e7ou a fazer incurs\u00f5es violentas em favelas sob a premissa de combater a guerra contra as drogas, essas a\u00e7\u00f5es foram amplamente apoiadas. Coment\u00e1rios como &#8220;bandido bom \u00e9 bandido morto&#8221; tornaram-se comuns, e a Pol\u00edcia Militar chegou a ser descrita, por um de seus mais altos oficiais, como &#8220;o melhor inseticida social&#8221;. Muitos dos que viviam no asfalto da cidade se sentiam mais seguros sabendo que a pol\u00edcia estava tomando medidas dr\u00e1sticas contra os criminosos, apoiando a filosofia que usava \u2018qualquer meio necess\u00e1rio&#8221; para chegar ao objetivo final.<\/p>\n<p>Em 1998, o grupo de direitos humanos\u00a0<a href=\"http:\/\/bit.ly\/1kvx8Zw\" target=\"_blank\" rel=\"noopener noreferrer\">Human Rights Watch (HRW) informou<\/a> que a Pol\u00edcia Militar do Rio de Janeiro estava matando 20 pessoas por m\u00eas, e culpou o chefe de pol\u00edcia na \u00e9poca, Nelson Cerqueira, de gratificar oficiais envolvidos em &#8220;atos de bravura&#8221;. A viol\u00eancia policial atingiu um pico em 2007, quando as for\u00e7as do Rio de Janeiro mataram 1.330 pessoas, a grande maioria delas nas regi\u00f5es mais pobres da cidade. Todas estas mortes foram registradas como autos de resist\u00eancia, o termo usado para descrever um confronto em que a pol\u00edcia responde em leg\u00edtima defesa. No entanto, a HRW descobriu que muitos destes casos foram inconsistentes com atos de auto-defesa: balas na parte de tr\u00e1s da cabe\u00e7a, e m\u00faltiplos ferimentos de bala (em um caso, 32 tiros).<\/p>\n<p><a href=\"http:\/\/rioonwatch.org.br\/?attachment_id=13729\" rel=\"attachment wp-att-13729\"><img loading=\"lazy\" decoding=\"async\" class=\"alignright size-full wp-image-13729\" title=\"O caveir\u00e3o - ve\u00edculo blindado do BOPE\" src=\"http:\/\/rioonwatch.org\/wp-content\/uploads\/2014\/02\/caveirao.jpg\" alt=\"\" width=\"337\" height=\"210\" \/><\/a><\/p>\n<p>Boa parte dessa viol\u00eancia foi realizada pelo bra\u00e7o de elite da Pol\u00edcia Militar, o <a href=\"http:\/\/bit.ly\/17Rt28e\" target=\"_blank\" rel=\"noopener noreferrer\">BOPE<\/a>. Com um <a href=\"http:\/\/bit.ly\/1hvEOKI\" target=\"_blank\" rel=\"noopener noreferrer\">emblema<\/a> constitu\u00eddo por duas pistolas na frente de um cr\u00e2nio espetado por uma faca, o mandato do BOPE \u00e9 bastante claro. Que a m\u00fasica citada acima tenha sido usada em sess\u00f5es de treinamento do BOPE serve de boa indica\u00e7\u00e3o de como o Estado queria que seus funcion\u00e1rios tratassem os problemas nas favelas. A pol\u00edcia entrava nas favelas em cenas agora famosas por filmes como <em><a href=\"http:\/\/bit.ly\/P9WQc8\" target=\"_blank\" rel=\"noopener noreferrer\">Tropa de Elite<\/a><\/em> com ataques r\u00e1pidos e focados utilizando armas de uso militar. O <a href=\"http:\/\/bit.ly\/1dIZKtu\" target=\"_blank\" rel=\"noopener noreferrer\">caveir\u00e3o<\/a>&#8211;um grande caminh\u00e3o blindado que entra na favela durante incurs\u00f5es policiais&#8211;tornou-se um s\u00edmbolo de como a pol\u00edcia via os moradores da favela. Sua presen\u00e7a traz medo e intimida\u00e7\u00e3o para essas comunidades, implicando todos os seus moradores como potenciais criminosos. Ap\u00f3s estes ataques a pol\u00edcia voltava para a seguran\u00e7a do asfalto, tornando-se ainda mais claro que a favela era um espa\u00e7o exclu\u00eddo da cidade. Praticamente, a \u00fanica presen\u00e7a policial em algumas favelas vinha na forma desses ataques, por isso n\u00e3o \u00e9 nenhuma surpresa que as rela\u00e7\u00f5es destas comunidades com a pol\u00edcia fosse extremamente hostil.<\/p>\n<p>Entre o fim da ditadura militar (em 1985) e 2008, a Pol\u00edcia Militar havia se tornado, portanto, uma grande parte do problema da seguran\u00e7a p\u00fablica no Rio de Janeiro. O legado do regime militar havia transformado a Pol\u00edcia Militar em uma for\u00e7a treinada em um modelo de policiamento de guerra, com leis e direitos dos cidad\u00e3os em grande parte ignorados. At\u00e9 2008, a <a href=\"http:\/\/bit.ly\/VD8ijQ\" target=\"_blank\" rel=\"noopener noreferrer\">Pol\u00edcia Militar do Rio matava uma pessoa para cada 23 presos<\/a>, uma estat\u00edstica que \u00e9 chocante quando colocada em contexto: nos EUA essa propor\u00e7\u00e3o \u00e9 1 para 37.000. Era necess\u00e1ria uma mudan\u00e7a na pol\u00edtica de seguran\u00e7a p\u00fablica nas favelas, e as <a href=\"http:\/\/bit.ly\/R5ueio\" target=\"_blank\" rel=\"noopener noreferrer\">Unidades de Pol\u00edcia Pacificadora (UPPs)<\/a>, uma estrat\u00e9gia de policiamento de proximidade, foram inauguradas em dezembro de 2008.<\/p>\n<p><em><em><em>Essa \u00e9 a\u00a0<strong>segunda parte<\/strong>\u00a0de uma\u00a0<a href=\"http:\/\/bit.ly\/1jjhixT\" target=\"_blank\" rel=\"noopener noreferrer\">s\u00e9rie de quarto artigos sobre a hist\u00f3ria da Pol\u00edcia Militar do Rio de Janeiro<\/a>. Clique para\u00a0<\/em><strong><a href=\"http:\/\/bit.ly\/1bLEXdB\" target=\"_blank\" rel=\"noopener noreferrer\">Parte I<\/a>\u00a0<\/strong>e\u00a0<strong><a href=\"http:\/\/bit.ly\/1oB3uaX\" target=\"_blank\" rel=\"noopener noreferrer\">Parte<\/a><a href=\"http:\/\/bit.ly\/1oB3uaX\" target=\"_blank\" rel=\"noopener noreferrer\">\u00a0III<\/a><\/strong>, e\u00a0<em><em><strong><a href=\"http:\/\/bit.ly\/1qvWRb2\" target=\"_blank\" rel=\"noopener noreferrer\">Parte IV<\/a><\/strong>.<\/em><\/em><\/em><\/em><\/p>\n<p><em>Patrick Ashcroft \u00e9 pesquisador e atualmente vive no Rio de Janeiro. Sua disserta\u00e7\u00e3o sobre as Unidades de Pol\u00edcia Pacificadora do Rio (UPPs) foi conclu\u00edda como parte de seu mestrado em Hist\u00f3ria Contempor\u00e2nea pela Universidade de Santiago de Compostela, na Espanha.<\/em><\/p>\n<!-- AddThis Advanced Settings generic via filter on the_content --><!-- AddThis Share Buttons generic via filter on the_content -->","protected":false},"excerpt":{"rendered":"<div class=\"mh-excerpt\"><p>Click Here for English Essa \u00e9 a\u00a0segunda parte\u00a0de uma\u00a0s\u00e9rie de quarto artigos sobre a hist\u00f3ria da Pol\u00edcia Militar do Rio de Janeiro. Clique para\u00a0Parte I\u00a0e Parte III, e\u00a0Parte IV. Bandido favelado n\u00e3o se varre com <a class=\"mh-excerpt-more\" href=\"https:\/\/rioonwatch.org.br\/?p=10480\" title=\"A Hist\u00f3ria da Pol\u00edcia Militar do Rio de Janeiro Parte II: Da Ditadura \u00e0 Guerra \u00e0s Drogas\">[&#8230;]<\/a><!-- AddThis Advanced Settings generic via filter on get_the_excerpt --><!-- AddThis Share Buttons generic via filter on get_the_excerpt --><\/p>\n<\/div>","protected":false},"author":129,"featured_media":15751,"comment_status":"closed","ping_status":"closed","sticky":false,"template":"","format":"standard","meta":{"_acf_changed":false,"_monsterinsights_skip_tracking":false,"_monsterinsights_sitenote_active":false,"_monsterinsights_sitenote_note":"","_monsterinsights_sitenote_category":0,"footnotes":""},"categories":[346,344,1620],"tags":[347,88,1023,128,1024,1601,482,774,279,672,1139,562,92,920,52],"writer":[1007],"translator":[584],"source":[],"ilustrador":[],"fotografo":[],"class_list":{"0":"post-10480","1":"post","2":"type-post","3":"status-publish","4":"format-standard","5":"has-post-thumbnail","7":"category-denuncias","8":"category-politicas","9":"category-olhonaupp","10":"tag-bope","11":"tag-direitos-humanos","12":"tag-ditadura-militar","13":"tag-historia","14":"tag-intimidacao-policial","15":"tag-leonel-brizola","16":"tag-milicia","17":"tag-policia-militar","18":"tag-seguranca","19":"tag-seguranca-publica","20":"tag-serie-historia-pm","21":"tag-trafico-de-drogas","22":"tag-upp","23":"tag-violencia-de-estado","24":"tag-violencia-policial","25":"writer-patrick-ashcroft","26":"translator-arianne-reis"},"acf":[],"yoast_head":"<!-- This site is optimized with the Yoast SEO plugin v25.6 - https:\/\/yoast.com\/wordpress\/plugins\/seo\/ -->\n<title>A Hist\u00f3ria da Pol\u00edcia Militar do Rio de Janeiro Parte II: Da Ditadura \u00e0 Guerra \u00e0s Drogas - RioOnWatch<\/title>\n<meta name=\"robots\" content=\"index, follow, max-snippet:-1, max-image-preview:large, max-video-preview:-1\" \/>\n<link rel=\"canonical\" href=\"https:\/\/rioonwatch.org.br\/?p=10480\" \/>\n<meta property=\"og:locale\" content=\"pt_BR\" \/>\n<meta property=\"og:type\" content=\"article\" \/>\n<meta property=\"og:title\" content=\"A Hist\u00f3ria da Pol\u00edcia Militar do Rio de Janeiro Parte II: Da Ditadura \u00e0 Guerra \u00e0s Drogas - RioOnWatch\" \/>\n<meta property=\"og:description\" content=\"Click Here for English Essa \u00e9 a\u00a0segunda parte\u00a0de uma\u00a0s\u00e9rie de quarto artigos sobre a hist\u00f3ria da Pol\u00edcia Militar do Rio de Janeiro. Clique para\u00a0Parte I\u00a0e Parte III, e\u00a0Parte IV. Bandido favelado n\u00e3o se varre com [...]\" \/>\n<meta property=\"og:url\" content=\"https:\/\/rioonwatch.org.br\/?p=10480\" \/>\n<meta property=\"og:site_name\" content=\"RioOnWatch\" \/>\n<meta property=\"article:published_time\" content=\"2014-03-10T12:00:32+00:00\" \/>\n<meta property=\"article:modified_time\" content=\"2020-06-29T14:04:37+00:00\" \/>\n<meta property=\"og:image\" content=\"https:\/\/rioonwatch.org.br\/wp-content\/uploads\/2014\/03\/caveirao.jpg\" \/>\n\t<meta property=\"og:image:width\" content=\"620\" \/>\n\t<meta property=\"og:image:height\" content=\"380\" \/>\n\t<meta property=\"og:image:type\" content=\"image\/jpeg\" \/>\n<meta name=\"author\" content=\"Admin\" \/>\n<meta name=\"twitter:card\" content=\"summary_large_image\" \/>\n<meta name=\"twitter:label1\" content=\"Escrito por\" \/>\n\t<meta name=\"twitter:data1\" content=\"Admin\" \/>\n\t<meta name=\"twitter:label2\" content=\"Est. tempo de leitura\" \/>\n\t<meta name=\"twitter:data2\" content=\"7 minutos\" \/>\n<script type=\"application\/ld+json\" class=\"yoast-schema-graph\">{\"@context\":\"https:\/\/schema.org\",\"@graph\":[{\"@type\":\"Article\",\"@id\":\"https:\/\/rioonwatch.org.br\/?p=10480#article\",\"isPartOf\":{\"@id\":\"https:\/\/rioonwatch.org.br\/?p=10480\"},\"author\":{\"name\":\"Admin\",\"@id\":\"https:\/\/rioonwatch.org.br\/#\/schema\/person\/11d64c290506f9df50c71b850c473f68\"},\"headline\":\"A Hist\u00f3ria da Pol\u00edcia Militar do Rio de Janeiro Parte II: Da Ditadura \u00e0 Guerra \u00e0s Drogas\",\"datePublished\":\"2014-03-10T12:00:32+00:00\",\"dateModified\":\"2020-06-29T14:04:37+00:00\",\"mainEntityOfPage\":{\"@id\":\"https:\/\/rioonwatch.org.br\/?p=10480\"},\"wordCount\":1409,\"publisher\":{\"@id\":\"https:\/\/rioonwatch.org.br\/#organization\"},\"image\":{\"@id\":\"https:\/\/rioonwatch.org.br\/?p=10480#primaryimage\"},\"thumbnailUrl\":\"https:\/\/rioonwatch.org.br\/wp-content\/uploads\/2014\/03\/caveirao.jpg\",\"keywords\":[\"BOPE\",\"Direitos Humanos\",\"Ditadura Militar\",\"hist\u00f3ria\",\"intimida\u00e7\u00e3o policial\",\"Leonel Brizola\",\"Mil\u00edcia\",\"Pol\u00edcia Militar\",\"seguran\u00e7a\",\"seguran\u00e7a p\u00fablica\",\"S\u00e9rie: Hist\u00f3ria da Pol\u00edcia Militar\",\"tr\u00e1fico de drogas\",\"UPP\",\"viol\u00eancia de Estado\",\"viol\u00eancia policial\"],\"articleSection\":[\"Den\u00fancias\",\"Pol\u00edticas\",\"Seguran\u00e7a P\u00fablica\"],\"inLanguage\":\"pt-BR\"},{\"@type\":\"WebPage\",\"@id\":\"https:\/\/rioonwatch.org.br\/?p=10480\",\"url\":\"https:\/\/rioonwatch.org.br\/?p=10480\",\"name\":\"A Hist\u00f3ria da Pol\u00edcia Militar do Rio de Janeiro Parte II: Da Ditadura \u00e0 Guerra \u00e0s Drogas - RioOnWatch\",\"isPartOf\":{\"@id\":\"https:\/\/rioonwatch.org.br\/#website\"},\"primaryImageOfPage\":{\"@id\":\"https:\/\/rioonwatch.org.br\/?p=10480#primaryimage\"},\"image\":{\"@id\":\"https:\/\/rioonwatch.org.br\/?p=10480#primaryimage\"},\"thumbnailUrl\":\"https:\/\/rioonwatch.org.br\/wp-content\/uploads\/2014\/03\/caveirao.jpg\",\"datePublished\":\"2014-03-10T12:00:32+00:00\",\"dateModified\":\"2020-06-29T14:04:37+00:00\",\"breadcrumb\":{\"@id\":\"https:\/\/rioonwatch.org.br\/?p=10480#breadcrumb\"},\"inLanguage\":\"pt-BR\",\"potentialAction\":[{\"@type\":\"ReadAction\",\"target\":[\"https:\/\/rioonwatch.org.br\/?p=10480\"]}]},{\"@type\":\"ImageObject\",\"inLanguage\":\"pt-BR\",\"@id\":\"https:\/\/rioonwatch.org.br\/?p=10480#primaryimage\",\"url\":\"https:\/\/rioonwatch.org.br\/wp-content\/uploads\/2014\/03\/caveirao.jpg\",\"contentUrl\":\"https:\/\/rioonwatch.org.br\/wp-content\/uploads\/2014\/03\/caveirao.jpg\",\"width\":620,\"height\":380},{\"@type\":\"BreadcrumbList\",\"@id\":\"https:\/\/rioonwatch.org.br\/?p=10480#breadcrumb\",\"itemListElement\":[{\"@type\":\"ListItem\",\"position\":1,\"name\":\"In\u00edcio\",\"item\":\"https:\/\/rioonwatch.org.br\/\"},{\"@type\":\"ListItem\",\"position\":2,\"name\":\"A Hist\u00f3ria da Pol\u00edcia Militar do Rio de Janeiro Parte II: Da Ditadura \u00e0 Guerra \u00e0s Drogas\"}]},{\"@type\":\"WebSite\",\"@id\":\"https:\/\/rioonwatch.org.br\/#website\",\"url\":\"https:\/\/rioonwatch.org.br\/\",\"name\":\"RioOnWatch\",\"description\":\"relatos das favelas cariocas\",\"publisher\":{\"@id\":\"https:\/\/rioonwatch.org.br\/#organization\"},\"potentialAction\":[{\"@type\":\"SearchAction\",\"target\":{\"@type\":\"EntryPoint\",\"urlTemplate\":\"https:\/\/rioonwatch.org.br\/?s={search_term_string}\"},\"query-input\":{\"@type\":\"PropertyValueSpecification\",\"valueRequired\":true,\"valueName\":\"search_term_string\"}}],\"inLanguage\":\"pt-BR\"},{\"@type\":\"Organization\",\"@id\":\"https:\/\/rioonwatch.org.br\/#organization\",\"name\":\"RioOnWatch\",\"url\":\"https:\/\/rioonwatch.org.br\/\",\"logo\":{\"@type\":\"ImageObject\",\"inLanguage\":\"pt-BR\",\"@id\":\"https:\/\/rioonwatch.org.br\/#\/schema\/logo\/image\/\",\"url\":\"https:\/\/rioonwatch.org.br\/wp-content\/uploads\/2021\/06\/RioOnWatchcabecalhoPT11anos-2.png\",\"contentUrl\":\"https:\/\/rioonwatch.org.br\/wp-content\/uploads\/2021\/06\/RioOnWatchcabecalhoPT11anos-2.png\",\"width\":779,\"height\":277,\"caption\":\"RioOnWatch\"},\"image\":{\"@id\":\"https:\/\/rioonwatch.org.br\/#\/schema\/logo\/image\/\"}},{\"@type\":\"Person\",\"@id\":\"https:\/\/rioonwatch.org.br\/#\/schema\/person\/11d64c290506f9df50c71b850c473f68\",\"name\":\"Admin\",\"image\":{\"@type\":\"ImageObject\",\"inLanguage\":\"pt-BR\",\"@id\":\"https:\/\/rioonwatch.org.br\/#\/schema\/person\/image\/\",\"url\":\"https:\/\/secure.gravatar.com\/avatar\/56211ac74568383903349a1485e3c325?s=96&d=blank&r=g\",\"contentUrl\":\"https:\/\/secure.gravatar.com\/avatar\/56211ac74568383903349a1485e3c325?s=96&d=blank&r=g\",\"caption\":\"Admin\"},\"url\":\"https:\/\/rioonwatch.org.br\/?author=129\"}]}<\/script>\n<!-- \/ Yoast SEO plugin. -->","yoast_head_json":{"title":"A Hist\u00f3ria da Pol\u00edcia Militar do Rio de Janeiro Parte II: Da Ditadura \u00e0 Guerra \u00e0s Drogas - RioOnWatch","robots":{"index":"index","follow":"follow","max-snippet":"max-snippet:-1","max-image-preview":"max-image-preview:large","max-video-preview":"max-video-preview:-1"},"canonical":"https:\/\/rioonwatch.org.br\/?p=10480","og_locale":"pt_BR","og_type":"article","og_title":"A Hist\u00f3ria da Pol\u00edcia Militar do Rio de Janeiro Parte II: Da Ditadura \u00e0 Guerra \u00e0s Drogas - RioOnWatch","og_description":"Click Here for English Essa \u00e9 a\u00a0segunda parte\u00a0de uma\u00a0s\u00e9rie de quarto artigos sobre a hist\u00f3ria da Pol\u00edcia Militar do Rio de Janeiro. Clique para\u00a0Parte I\u00a0e Parte III, e\u00a0Parte IV. Bandido favelado n\u00e3o se varre com [...]","og_url":"https:\/\/rioonwatch.org.br\/?p=10480","og_site_name":"RioOnWatch","article_published_time":"2014-03-10T12:00:32+00:00","article_modified_time":"2020-06-29T14:04:37+00:00","og_image":[{"width":620,"height":380,"url":"https:\/\/rioonwatch.org.br\/wp-content\/uploads\/2014\/03\/caveirao.jpg","type":"image\/jpeg"}],"author":"Admin","twitter_card":"summary_large_image","twitter_misc":{"Escrito por":"Admin","Est. tempo de leitura":"7 minutos"},"schema":{"@context":"https:\/\/schema.org","@graph":[{"@type":"Article","@id":"https:\/\/rioonwatch.org.br\/?p=10480#article","isPartOf":{"@id":"https:\/\/rioonwatch.org.br\/?p=10480"},"author":{"name":"Admin","@id":"https:\/\/rioonwatch.org.br\/#\/schema\/person\/11d64c290506f9df50c71b850c473f68"},"headline":"A Hist\u00f3ria da Pol\u00edcia Militar do Rio de Janeiro Parte II: Da Ditadura \u00e0 Guerra \u00e0s Drogas","datePublished":"2014-03-10T12:00:32+00:00","dateModified":"2020-06-29T14:04:37+00:00","mainEntityOfPage":{"@id":"https:\/\/rioonwatch.org.br\/?p=10480"},"wordCount":1409,"publisher":{"@id":"https:\/\/rioonwatch.org.br\/#organization"},"image":{"@id":"https:\/\/rioonwatch.org.br\/?p=10480#primaryimage"},"thumbnailUrl":"https:\/\/rioonwatch.org.br\/wp-content\/uploads\/2014\/03\/caveirao.jpg","keywords":["BOPE","Direitos Humanos","Ditadura Militar","hist\u00f3ria","intimida\u00e7\u00e3o policial","Leonel Brizola","Mil\u00edcia","Pol\u00edcia Militar","seguran\u00e7a","seguran\u00e7a p\u00fablica","S\u00e9rie: Hist\u00f3ria da Pol\u00edcia Militar","tr\u00e1fico de drogas","UPP","viol\u00eancia de Estado","viol\u00eancia policial"],"articleSection":["Den\u00fancias","Pol\u00edticas","Seguran\u00e7a P\u00fablica"],"inLanguage":"pt-BR"},{"@type":"WebPage","@id":"https:\/\/rioonwatch.org.br\/?p=10480","url":"https:\/\/rioonwatch.org.br\/?p=10480","name":"A Hist\u00f3ria da Pol\u00edcia Militar do Rio de Janeiro Parte II: Da Ditadura \u00e0 Guerra \u00e0s Drogas - RioOnWatch","isPartOf":{"@id":"https:\/\/rioonwatch.org.br\/#website"},"primaryImageOfPage":{"@id":"https:\/\/rioonwatch.org.br\/?p=10480#primaryimage"},"image":{"@id":"https:\/\/rioonwatch.org.br\/?p=10480#primaryimage"},"thumbnailUrl":"https:\/\/rioonwatch.org.br\/wp-content\/uploads\/2014\/03\/caveirao.jpg","datePublished":"2014-03-10T12:00:32+00:00","dateModified":"2020-06-29T14:04:37+00:00","breadcrumb":{"@id":"https:\/\/rioonwatch.org.br\/?p=10480#breadcrumb"},"inLanguage":"pt-BR","potentialAction":[{"@type":"ReadAction","target":["https:\/\/rioonwatch.org.br\/?p=10480"]}]},{"@type":"ImageObject","inLanguage":"pt-BR","@id":"https:\/\/rioonwatch.org.br\/?p=10480#primaryimage","url":"https:\/\/rioonwatch.org.br\/wp-content\/uploads\/2014\/03\/caveirao.jpg","contentUrl":"https:\/\/rioonwatch.org.br\/wp-content\/uploads\/2014\/03\/caveirao.jpg","width":620,"height":380},{"@type":"BreadcrumbList","@id":"https:\/\/rioonwatch.org.br\/?p=10480#breadcrumb","itemListElement":[{"@type":"ListItem","position":1,"name":"In\u00edcio","item":"https:\/\/rioonwatch.org.br\/"},{"@type":"ListItem","position":2,"name":"A Hist\u00f3ria da Pol\u00edcia Militar do Rio de Janeiro Parte II: Da Ditadura \u00e0 Guerra \u00e0s Drogas"}]},{"@type":"WebSite","@id":"https:\/\/rioonwatch.org.br\/#website","url":"https:\/\/rioonwatch.org.br\/","name":"RioOnWatch","description":"relatos das favelas cariocas","publisher":{"@id":"https:\/\/rioonwatch.org.br\/#organization"},"potentialAction":[{"@type":"SearchAction","target":{"@type":"EntryPoint","urlTemplate":"https:\/\/rioonwatch.org.br\/?s={search_term_string}"},"query-input":{"@type":"PropertyValueSpecification","valueRequired":true,"valueName":"search_term_string"}}],"inLanguage":"pt-BR"},{"@type":"Organization","@id":"https:\/\/rioonwatch.org.br\/#organization","name":"RioOnWatch","url":"https:\/\/rioonwatch.org.br\/","logo":{"@type":"ImageObject","inLanguage":"pt-BR","@id":"https:\/\/rioonwatch.org.br\/#\/schema\/logo\/image\/","url":"https:\/\/rioonwatch.org.br\/wp-content\/uploads\/2021\/06\/RioOnWatchcabecalhoPT11anos-2.png","contentUrl":"https:\/\/rioonwatch.org.br\/wp-content\/uploads\/2021\/06\/RioOnWatchcabecalhoPT11anos-2.png","width":779,"height":277,"caption":"RioOnWatch"},"image":{"@id":"https:\/\/rioonwatch.org.br\/#\/schema\/logo\/image\/"}},{"@type":"Person","@id":"https:\/\/rioonwatch.org.br\/#\/schema\/person\/11d64c290506f9df50c71b850c473f68","name":"Admin","image":{"@type":"ImageObject","inLanguage":"pt-BR","@id":"https:\/\/rioonwatch.org.br\/#\/schema\/person\/image\/","url":"https:\/\/secure.gravatar.com\/avatar\/56211ac74568383903349a1485e3c325?s=96&d=blank&r=g","contentUrl":"https:\/\/secure.gravatar.com\/avatar\/56211ac74568383903349a1485e3c325?s=96&d=blank&r=g","caption":"Admin"},"url":"https:\/\/rioonwatch.org.br\/?author=129"}]}},"_links":{"self":[{"href":"https:\/\/rioonwatch.org.br\/index.php?rest_route=\/wp\/v2\/posts\/10480"}],"collection":[{"href":"https:\/\/rioonwatch.org.br\/index.php?rest_route=\/wp\/v2\/posts"}],"about":[{"href":"https:\/\/rioonwatch.org.br\/index.php?rest_route=\/wp\/v2\/types\/post"}],"author":[{"embeddable":true,"href":"https:\/\/rioonwatch.org.br\/index.php?rest_route=\/wp\/v2\/users\/129"}],"replies":[{"embeddable":true,"href":"https:\/\/rioonwatch.org.br\/index.php?rest_route=%2Fwp%2Fv2%2Fcomments&post=10480"}],"version-history":[{"count":66,"href":"https:\/\/rioonwatch.org.br\/index.php?rest_route=\/wp\/v2\/posts\/10480\/revisions"}],"predecessor-version":[{"id":48478,"href":"https:\/\/rioonwatch.org.br\/index.php?rest_route=\/wp\/v2\/posts\/10480\/revisions\/48478"}],"wp:featuredmedia":[{"embeddable":true,"href":"https:\/\/rioonwatch.org.br\/index.php?rest_route=\/wp\/v2\/media\/15751"}],"wp:attachment":[{"href":"https:\/\/rioonwatch.org.br\/index.php?rest_route=%2Fwp%2Fv2%2Fmedia&parent=10480"}],"wp:term":[{"taxonomy":"category","embeddable":true,"href":"https:\/\/rioonwatch.org.br\/index.php?rest_route=%2Fwp%2Fv2%2Fcategories&post=10480"},{"taxonomy":"post_tag","embeddable":true,"href":"https:\/\/rioonwatch.org.br\/index.php?rest_route=%2Fwp%2Fv2%2Ftags&post=10480"},{"taxonomy":"writer","embeddable":true,"href":"https:\/\/rioonwatch.org.br\/index.php?rest_route=%2Fwp%2Fv2%2Fwriter&post=10480"},{"taxonomy":"translator","embeddable":true,"href":"https:\/\/rioonwatch.org.br\/index.php?rest_route=%2Fwp%2Fv2%2Ftranslator&post=10480"},{"taxonomy":"source","embeddable":true,"href":"https:\/\/rioonwatch.org.br\/index.php?rest_route=%2Fwp%2Fv2%2Fsource&post=10480"},{"taxonomy":"ilustrador","embeddable":true,"href":"https:\/\/rioonwatch.org.br\/index.php?rest_route=%2Fwp%2Fv2%2Filustrador&post=10480"},{"taxonomy":"fotografo","embeddable":true,"href":"https:\/\/rioonwatch.org.br\/index.php?rest_route=%2Fwp%2Fv2%2Ffotografo&post=10480"}],"curies":[{"name":"wp","href":"https:\/\/api.w.org\/{rel}","templated":true}]}}