{"id":10540,"date":"2014-03-12T09:08:36","date_gmt":"2014-03-12T12:08:36","guid":{"rendered":"http:\/\/rioonwatch.org.br\/?p=10540"},"modified":"2023-05-09T09:57:17","modified_gmt":"2023-05-09T12:57:17","slug":"demolicoes-sem-aviso-previo-na-regiao-do-porto-deixa-centenas-desabrigados","status":"publish","type":"post","link":"https:\/\/rioonwatch.org.br\/?p=10540","title":{"rendered":"Demoli\u00e7\u00f5es Sem Aviso Pr\u00e9vio na Regi\u00e3o do Porto Deixa Centenas Desabrigados"},"content":{"rendered":"<p style=\"text-align: right;\"><em><strong><a href=\"http:\/\/bit.ly\/1CkTXFE\" target=\"_blank\" rel=\"noopener\">Click Here for English<img decoding=\"async\" width=\"20\" height=\"20\" class=\"alignright wp-image-15790\" src=\"http:\/\/rioonwatch.org.br\/wp-content\/uploads\/2012\/08\/EN-standard-e1439583104716.jpg\" alt=\"\" \/><\/a><\/strong><\/em><\/p>\n<p align=\"left\">Mais de 250 fam\u00edlias est\u00e3o desabrigadas ap\u00f3s as demoli\u00e7\u00f5es da ocupa\u00e7\u00e3o Bairro 13 em Santo Cristo no Rio de Janeiro. Moradores relatam que, at\u00e9 agora, das aproximadamente 500 fam\u00edlias que foram removidas da regi\u00e3o, apenas cerca de 110 foram registradas para o programa <a href=\"http:\/\/bit.ly\/Y4U9oJ\" target=\"_blank\" rel=\"noopener\">Minha Casa Minha Vida (MCMV)<\/a>, recebendo ou uma casa no programa ou aluguel social enquanto aguardam casa no programa. Em viola\u00e7\u00e3o \u00e0 lei, os moradores n\u00e3o receberam aviso pr\u00e9vio quando a <a href=\"http:\/\/bit.ly\/X51Qvb\" target=\"_blank\" rel=\"noopener\">remo\u00e7\u00e3o<\/a> come\u00e7ou em 26 de fevereiro. Aqueles que n\u00e3o foram inseridos no programa MCMV receberam somente fotoc\u00f3pias de documentos n\u00e3o assinados e n\u00e3o oficiais que pretendiam ser da <a href=\"http:\/\/bit.ly\/O1FJbG\" target=\"_blank\" rel=\"noopener\">Secret\u00e1ria Municipal de Habita\u00e7\u00e3o (SMH)<\/a>.<\/p>\n<p><a href=\"http:\/\/rioonwatch.org\/wp-content\/uploads\/2014\/03\/bairro13-1.jpg\"><img fetchpriority=\"high\" decoding=\"async\" class=\"alignright  wp-image-13927\" title=\"Documento emitido pela SMH\" src=\"http:\/\/rioonwatch.org\/wp-content\/uploads\/2014\/03\/bairro13-1.jpg\" alt=\"\" width=\"360\" height=\"241\" \/><\/a><\/p>\n<p align=\"left\">As fam\u00edlias acamparam em frente \u00e0 sede da Prefeitura na segunda-feira e ter\u00e7a-feira, esperando serem atendidas pela SMH, exigindo moradia e aluguel social. Na noite de segunda-feira, ap\u00f3s o bloqueio de uma faixa da Avenida Presidente Vargas, em protesto, eles foram levados pela Guarda Municipal para a Leopoldina para trocar seus documentos pelo oficial, e assinarem documentos para se alistarem no programa MCMV. No entanto, n\u00e3o h\u00e1 previs\u00e3o de quando eles v\u00e3o receber a habita\u00e7\u00e3o, e n\u00e3o foram dadas quaisquer informa\u00e7\u00f5es adicionais pela Guarda Municipal ou a SMH, deixando-os indefinidamente sem-teto.<\/p>\n<p><a href=\"http:\/\/rioonwatch.org\/wp-content\/uploads\/2014\/03\/bairro-13-3.jpg\"><img decoding=\"async\" class=\"alignright  wp-image-13929\" title=\"Moradores acampam em frente \u00e0 sede da Prefeitura\" src=\"http:\/\/rioonwatch.org\/wp-content\/uploads\/2014\/03\/bairro-13-3.jpg\" alt=\"\" width=\"360\" height=\"241\" \/><\/a><\/p>\n<p>Em 26 de fevereiro, o primeiro dia da remo\u00e7\u00e3o, muitos moradores relataram que ao voltarem do trabalho encontraram-se trancados fora de casa, impedidos de acessar os seus pertences, enquanto que aqueles que estavam l\u00e1 no momento tinham sido inseridos no programa MCMV.<\/p>\n<p align=\"left\">Graziele Maria da Silva, 23 anos, explicou: &#8220;Eles providenciaram para que n\u00f3s fossemos para a Guarda Municipal ontem [segunda-feira], a fim de obter o papel [para MCMV] e o aluguel social. Eles nos deram um papel que n\u00e3o serve para nada, e n\u00e3o \u00e9 o aluguel social&#8221;.<\/p>\n<p align=\"left\">No final da manh\u00e3 de ter\u00e7a-feira, depois de bloquearem a avenida outra vez, um grupo de manifestantes foi atendido por um assistente do Prefeito, que disse que eles n\u00e3o iriam receber o aluguel social, mas que tinham o direito da habita\u00e7\u00e3o do MCMV e que o processo come\u00e7aria na pr\u00f3xima semana. Outro grupo foi ao <a href=\"http:\/\/bit.ly\/1kcl02n\" target=\"_blank\" rel=\"noopener\">escrit\u00f3rio da Defensoria P\u00fablica<\/a>, a fim de receber assist\u00eancia jur\u00eddica. &#8220;As pessoas n\u00e3o t\u00eam ido trabalhar por v\u00e1rios dias&#8211;eles est\u00e3o perdendo seus empregos, porque eles est\u00e3o tentando resolver esta situa\u00e7\u00e3o&#8221;, disse Luciana Nunes. &#8220;H\u00e1 dias em que as pessoas n\u00e3o est\u00e3o em condi\u00e7\u00f5es de ir para o trabalho, e ainda assim eles n\u00e3o est\u00e3o em condi\u00e7\u00f5es de resolver qualquer coisa&#8221;.<\/p>\n<p align=\"left\">&#8220;Eles simplesmente n\u00e3o nos atenderam. E enquanto isto permanecer assim nos iremos ocupar as ruas, vamos protestar, e continuar at\u00e9 que haja uma solu\u00e7\u00e3o&#8221;, disse Graziele. &#8220;A pol\u00edcia e a Guarda Municipal agem como se f\u00f4ssemos animais ou v\u00e2ndalos&#8230;Quando os meios de comunica\u00e7\u00e3o est\u00e3o ao nosso redor, eles ficam quietos. Mas quando a m\u00eddia se vai, eles come\u00e7am com o seu desrespeito&#8221;.<\/p>\n<!-- AddThis Advanced Settings generic via filter on the_content --><!-- AddThis Share Buttons generic via filter on the_content -->","protected":false},"excerpt":{"rendered":"<div class=\"mh-excerpt\"><p>Click Here for English Mais de 250 fam\u00edlias est\u00e3o desabrigadas ap\u00f3s as demoli\u00e7\u00f5es da ocupa\u00e7\u00e3o Bairro 13 em Santo Cristo no Rio de Janeiro. Moradores relatam que, at\u00e9 agora, das aproximadamente 500 fam\u00edlias que foram <a class=\"mh-excerpt-more\" href=\"https:\/\/rioonwatch.org.br\/?p=10540\" title=\"Demoli\u00e7\u00f5es Sem Aviso Pr\u00e9vio na Regi\u00e3o do Porto Deixa Centenas Desabrigados\">[&#8230;]<\/a><!-- AddThis Advanced Settings generic via filter on get_the_excerpt --><!-- AddThis Share Buttons generic via filter on get_the_excerpt --><\/p>\n<\/div>","protected":false},"author":129,"featured_media":10553,"comment_status":"closed","ping_status":"closed","sticky":false,"template":"","format":"standard","meta":{"_acf_changed":false,"_monsterinsights_skip_tracking":false,"_monsterinsights_sitenote_active":false,"_monsterinsights_sitenote_note":"","_monsterinsights_sitenote_category":0,"footnotes":""},"categories":[1614,346,344],"tags":[1025,90,424,752,246,1037,407,763,494,14,258],"writer":[1002],"translator":[273],"source":[],"ilustrador":[],"fotografo":[],"class_list":{"0":"post-10540","1":"post","2":"type-post","3":"status-publish","4":"format-standard","5":"has-post-thumbnail","7":"category-olhonasremocoes","8":"category-denuncias","9":"category-politicas","10":"tag-bairro-13","11":"tag-defensoria-publica","12":"tag-direito-a-moradia","13":"tag-indenizacao-injusta","14":"tag-minha-casa-minha-vida","15":"tag-moradia","16":"tag-ocupacao","17":"tag-protesto","18":"tag-regiao-do-porto","19":"tag-remocao","20":"tag-smh","21":"writer-benjamin-parkin","22":"translator-roseli-franco"},"acf":[],"yoast_head":"<!-- This site is optimized with the Yoast SEO plugin v25.6 - https:\/\/yoast.com\/wordpress\/plugins\/seo\/ -->\n<title>Demoli\u00e7\u00f5es Sem Aviso Pr\u00e9vio na Regi\u00e3o do Porto Deixa Centenas Desabrigados - RioOnWatch<\/title>\n<meta name=\"robots\" content=\"index, follow, max-snippet:-1, max-image-preview:large, max-video-preview:-1\" \/>\n<link rel=\"canonical\" href=\"https:\/\/rioonwatch.org.br\/?p=10540\" \/>\n<meta property=\"og:locale\" content=\"pt_BR\" \/>\n<meta property=\"og:type\" content=\"article\" \/>\n<meta property=\"og:title\" content=\"Demoli\u00e7\u00f5es Sem Aviso Pr\u00e9vio na Regi\u00e3o do Porto Deixa Centenas Desabrigados - RioOnWatch\" \/>\n<meta property=\"og:description\" content=\"Click Here for English Mais de 250 fam\u00edlias est\u00e3o desabrigadas ap\u00f3s as demoli\u00e7\u00f5es da ocupa\u00e7\u00e3o Bairro 13 em Santo Cristo no Rio de Janeiro. Moradores relatam que, at\u00e9 agora, das aproximadamente 500 fam\u00edlias que foram [...]\" \/>\n<meta property=\"og:url\" content=\"https:\/\/rioonwatch.org.br\/?p=10540\" \/>\n<meta property=\"og:site_name\" content=\"RioOnWatch\" \/>\n<meta property=\"article:published_time\" content=\"2014-03-12T12:08:36+00:00\" \/>\n<meta property=\"article:modified_time\" content=\"2023-05-09T12:57:17+00:00\" \/>\n<meta property=\"og:image\" content=\"https:\/\/rioonwatch.org.br\/wp-content\/uploads\/2014\/03\/bairro-13-capa.jpg\" \/>\n\t<meta property=\"og:image:width\" content=\"300\" \/>\n\t<meta property=\"og:image:height\" content=\"211\" \/>\n\t<meta property=\"og:image:type\" content=\"image\/jpeg\" \/>\n<meta name=\"author\" content=\"Admin\" \/>\n<meta name=\"twitter:card\" content=\"summary_large_image\" \/>\n<meta name=\"twitter:label1\" content=\"Escrito por\" \/>\n\t<meta name=\"twitter:data1\" content=\"Admin\" \/>\n\t<meta name=\"twitter:label2\" content=\"Est. tempo de leitura\" \/>\n\t<meta name=\"twitter:data2\" content=\"3 minutos\" \/>\n<script type=\"application\/ld+json\" class=\"yoast-schema-graph\">{\"@context\":\"https:\/\/schema.org\",\"@graph\":[{\"@type\":\"Article\",\"@id\":\"https:\/\/rioonwatch.org.br\/?p=10540#article\",\"isPartOf\":{\"@id\":\"https:\/\/rioonwatch.org.br\/?p=10540\"},\"author\":{\"name\":\"Admin\",\"@id\":\"https:\/\/rioonwatch.org.br\/#\/schema\/person\/11d64c290506f9df50c71b850c473f68\"},\"headline\":\"Demoli\u00e7\u00f5es Sem Aviso Pr\u00e9vio na Regi\u00e3o do Porto Deixa Centenas Desabrigados\",\"datePublished\":\"2014-03-12T12:08:36+00:00\",\"dateModified\":\"2023-05-09T12:57:17+00:00\",\"mainEntityOfPage\":{\"@id\":\"https:\/\/rioonwatch.org.br\/?p=10540\"},\"wordCount\":534,\"publisher\":{\"@id\":\"https:\/\/rioonwatch.org.br\/#organization\"},\"image\":{\"@id\":\"https:\/\/rioonwatch.org.br\/?p=10540#primaryimage\"},\"thumbnailUrl\":\"https:\/\/rioonwatch.org.br\/wp-content\/uploads\/2014\/03\/bairro-13-capa.jpg\",\"keywords\":[\"Bairro 13\",\"Defensoria P\u00fablica\",\"Direito \u00e0 Moradia\",\"indeniza\u00e7\u00e3o injusta\",\"Minha Casa Minha Vida\",\"moradia\",\"Ocupa\u00e7\u00e3o\",\"protesto\",\"Regi\u00e3o do Porto\",\"Remo\u00e7\u00e3o\",\"Secretaria Municipal de Habita\u00e7\u00e3o (SMH)\"],\"articleSection\":[\"#OlhoNasRemo\u00e7\u00f5es\",\"Den\u00fancias\",\"Pol\u00edticas\"],\"inLanguage\":\"pt-BR\"},{\"@type\":\"WebPage\",\"@id\":\"https:\/\/rioonwatch.org.br\/?p=10540\",\"url\":\"https:\/\/rioonwatch.org.br\/?p=10540\",\"name\":\"Demoli\u00e7\u00f5es Sem Aviso Pr\u00e9vio na Regi\u00e3o do Porto Deixa Centenas Desabrigados - RioOnWatch\",\"isPartOf\":{\"@id\":\"https:\/\/rioonwatch.org.br\/#website\"},\"primaryImageOfPage\":{\"@id\":\"https:\/\/rioonwatch.org.br\/?p=10540#primaryimage\"},\"image\":{\"@id\":\"https:\/\/rioonwatch.org.br\/?p=10540#primaryimage\"},\"thumbnailUrl\":\"https:\/\/rioonwatch.org.br\/wp-content\/uploads\/2014\/03\/bairro-13-capa.jpg\",\"datePublished\":\"2014-03-12T12:08:36+00:00\",\"dateModified\":\"2023-05-09T12:57:17+00:00\",\"breadcrumb\":{\"@id\":\"https:\/\/rioonwatch.org.br\/?p=10540#breadcrumb\"},\"inLanguage\":\"pt-BR\",\"potentialAction\":[{\"@type\":\"ReadAction\",\"target\":[\"https:\/\/rioonwatch.org.br\/?p=10540\"]}]},{\"@type\":\"ImageObject\",\"inLanguage\":\"pt-BR\",\"@id\":\"https:\/\/rioonwatch.org.br\/?p=10540#primaryimage\",\"url\":\"https:\/\/rioonwatch.org.br\/wp-content\/uploads\/2014\/03\/bairro-13-capa.jpg\",\"contentUrl\":\"https:\/\/rioonwatch.org.br\/wp-content\/uploads\/2014\/03\/bairro-13-capa.jpg\",\"width\":300,\"height\":211},{\"@type\":\"BreadcrumbList\",\"@id\":\"https:\/\/rioonwatch.org.br\/?p=10540#breadcrumb\",\"itemListElement\":[{\"@type\":\"ListItem\",\"position\":1,\"name\":\"In\u00edcio\",\"item\":\"https:\/\/rioonwatch.org.br\/\"},{\"@type\":\"ListItem\",\"position\":2,\"name\":\"Demoli\u00e7\u00f5es Sem Aviso Pr\u00e9vio na Regi\u00e3o do Porto Deixa Centenas Desabrigados\"}]},{\"@type\":\"WebSite\",\"@id\":\"https:\/\/rioonwatch.org.br\/#website\",\"url\":\"https:\/\/rioonwatch.org.br\/\",\"name\":\"RioOnWatch\",\"description\":\"relatos das favelas cariocas\",\"publisher\":{\"@id\":\"https:\/\/rioonwatch.org.br\/#organization\"},\"potentialAction\":[{\"@type\":\"SearchAction\",\"target\":{\"@type\":\"EntryPoint\",\"urlTemplate\":\"https:\/\/rioonwatch.org.br\/?s={search_term_string}\"},\"query-input\":{\"@type\":\"PropertyValueSpecification\",\"valueRequired\":true,\"valueName\":\"search_term_string\"}}],\"inLanguage\":\"pt-BR\"},{\"@type\":\"Organization\",\"@id\":\"https:\/\/rioonwatch.org.br\/#organization\",\"name\":\"RioOnWatch\",\"url\":\"https:\/\/rioonwatch.org.br\/\",\"logo\":{\"@type\":\"ImageObject\",\"inLanguage\":\"pt-BR\",\"@id\":\"https:\/\/rioonwatch.org.br\/#\/schema\/logo\/image\/\",\"url\":\"https:\/\/rioonwatch.org.br\/wp-content\/uploads\/2021\/06\/RioOnWatchcabecalhoPT11anos-2.png\",\"contentUrl\":\"https:\/\/rioonwatch.org.br\/wp-content\/uploads\/2021\/06\/RioOnWatchcabecalhoPT11anos-2.png\",\"width\":779,\"height\":277,\"caption\":\"RioOnWatch\"},\"image\":{\"@id\":\"https:\/\/rioonwatch.org.br\/#\/schema\/logo\/image\/\"}},{\"@type\":\"Person\",\"@id\":\"https:\/\/rioonwatch.org.br\/#\/schema\/person\/11d64c290506f9df50c71b850c473f68\",\"name\":\"Admin\",\"image\":{\"@type\":\"ImageObject\",\"inLanguage\":\"pt-BR\",\"@id\":\"https:\/\/rioonwatch.org.br\/#\/schema\/person\/image\/\",\"url\":\"https:\/\/secure.gravatar.com\/avatar\/56211ac74568383903349a1485e3c325?s=96&d=blank&r=g\",\"contentUrl\":\"https:\/\/secure.gravatar.com\/avatar\/56211ac74568383903349a1485e3c325?s=96&d=blank&r=g\",\"caption\":\"Admin\"},\"url\":\"https:\/\/rioonwatch.org.br\/?author=129\"}]}<\/script>\n<!-- \/ Yoast SEO plugin. -->","yoast_head_json":{"title":"Demoli\u00e7\u00f5es Sem Aviso Pr\u00e9vio na Regi\u00e3o do Porto Deixa Centenas Desabrigados - RioOnWatch","robots":{"index":"index","follow":"follow","max-snippet":"max-snippet:-1","max-image-preview":"max-image-preview:large","max-video-preview":"max-video-preview:-1"},"canonical":"https:\/\/rioonwatch.org.br\/?p=10540","og_locale":"pt_BR","og_type":"article","og_title":"Demoli\u00e7\u00f5es Sem Aviso Pr\u00e9vio na Regi\u00e3o do Porto Deixa Centenas Desabrigados - RioOnWatch","og_description":"Click Here for English Mais de 250 fam\u00edlias est\u00e3o desabrigadas ap\u00f3s as demoli\u00e7\u00f5es da ocupa\u00e7\u00e3o Bairro 13 em Santo Cristo no Rio de Janeiro. Moradores relatam que, at\u00e9 agora, das aproximadamente 500 fam\u00edlias que foram [...]","og_url":"https:\/\/rioonwatch.org.br\/?p=10540","og_site_name":"RioOnWatch","article_published_time":"2014-03-12T12:08:36+00:00","article_modified_time":"2023-05-09T12:57:17+00:00","og_image":[{"width":300,"height":211,"url":"https:\/\/rioonwatch.org.br\/wp-content\/uploads\/2014\/03\/bairro-13-capa.jpg","type":"image\/jpeg"}],"author":"Admin","twitter_card":"summary_large_image","twitter_misc":{"Escrito por":"Admin","Est. tempo de leitura":"3 minutos"},"schema":{"@context":"https:\/\/schema.org","@graph":[{"@type":"Article","@id":"https:\/\/rioonwatch.org.br\/?p=10540#article","isPartOf":{"@id":"https:\/\/rioonwatch.org.br\/?p=10540"},"author":{"name":"Admin","@id":"https:\/\/rioonwatch.org.br\/#\/schema\/person\/11d64c290506f9df50c71b850c473f68"},"headline":"Demoli\u00e7\u00f5es Sem Aviso Pr\u00e9vio na Regi\u00e3o do Porto Deixa Centenas Desabrigados","datePublished":"2014-03-12T12:08:36+00:00","dateModified":"2023-05-09T12:57:17+00:00","mainEntityOfPage":{"@id":"https:\/\/rioonwatch.org.br\/?p=10540"},"wordCount":534,"publisher":{"@id":"https:\/\/rioonwatch.org.br\/#organization"},"image":{"@id":"https:\/\/rioonwatch.org.br\/?p=10540#primaryimage"},"thumbnailUrl":"https:\/\/rioonwatch.org.br\/wp-content\/uploads\/2014\/03\/bairro-13-capa.jpg","keywords":["Bairro 13","Defensoria P\u00fablica","Direito \u00e0 Moradia","indeniza\u00e7\u00e3o injusta","Minha Casa Minha Vida","moradia","Ocupa\u00e7\u00e3o","protesto","Regi\u00e3o do Porto","Remo\u00e7\u00e3o","Secretaria Municipal de Habita\u00e7\u00e3o (SMH)"],"articleSection":["#OlhoNasRemo\u00e7\u00f5es","Den\u00fancias","Pol\u00edticas"],"inLanguage":"pt-BR"},{"@type":"WebPage","@id":"https:\/\/rioonwatch.org.br\/?p=10540","url":"https:\/\/rioonwatch.org.br\/?p=10540","name":"Demoli\u00e7\u00f5es Sem Aviso Pr\u00e9vio na Regi\u00e3o do Porto Deixa Centenas Desabrigados - RioOnWatch","isPartOf":{"@id":"https:\/\/rioonwatch.org.br\/#website"},"primaryImageOfPage":{"@id":"https:\/\/rioonwatch.org.br\/?p=10540#primaryimage"},"image":{"@id":"https:\/\/rioonwatch.org.br\/?p=10540#primaryimage"},"thumbnailUrl":"https:\/\/rioonwatch.org.br\/wp-content\/uploads\/2014\/03\/bairro-13-capa.jpg","datePublished":"2014-03-12T12:08:36+00:00","dateModified":"2023-05-09T12:57:17+00:00","breadcrumb":{"@id":"https:\/\/rioonwatch.org.br\/?p=10540#breadcrumb"},"inLanguage":"pt-BR","potentialAction":[{"@type":"ReadAction","target":["https:\/\/rioonwatch.org.br\/?p=10540"]}]},{"@type":"ImageObject","inLanguage":"pt-BR","@id":"https:\/\/rioonwatch.org.br\/?p=10540#primaryimage","url":"https:\/\/rioonwatch.org.br\/wp-content\/uploads\/2014\/03\/bairro-13-capa.jpg","contentUrl":"https:\/\/rioonwatch.org.br\/wp-content\/uploads\/2014\/03\/bairro-13-capa.jpg","width":300,"height":211},{"@type":"BreadcrumbList","@id":"https:\/\/rioonwatch.org.br\/?p=10540#breadcrumb","itemListElement":[{"@type":"ListItem","position":1,"name":"In\u00edcio","item":"https:\/\/rioonwatch.org.br\/"},{"@type":"ListItem","position":2,"name":"Demoli\u00e7\u00f5es Sem Aviso Pr\u00e9vio na Regi\u00e3o do Porto Deixa Centenas Desabrigados"}]},{"@type":"WebSite","@id":"https:\/\/rioonwatch.org.br\/#website","url":"https:\/\/rioonwatch.org.br\/","name":"RioOnWatch","description":"relatos das favelas cariocas","publisher":{"@id":"https:\/\/rioonwatch.org.br\/#organization"},"potentialAction":[{"@type":"SearchAction","target":{"@type":"EntryPoint","urlTemplate":"https:\/\/rioonwatch.org.br\/?s={search_term_string}"},"query-input":{"@type":"PropertyValueSpecification","valueRequired":true,"valueName":"search_term_string"}}],"inLanguage":"pt-BR"},{"@type":"Organization","@id":"https:\/\/rioonwatch.org.br\/#organization","name":"RioOnWatch","url":"https:\/\/rioonwatch.org.br\/","logo":{"@type":"ImageObject","inLanguage":"pt-BR","@id":"https:\/\/rioonwatch.org.br\/#\/schema\/logo\/image\/","url":"https:\/\/rioonwatch.org.br\/wp-content\/uploads\/2021\/06\/RioOnWatchcabecalhoPT11anos-2.png","contentUrl":"https:\/\/rioonwatch.org.br\/wp-content\/uploads\/2021\/06\/RioOnWatchcabecalhoPT11anos-2.png","width":779,"height":277,"caption":"RioOnWatch"},"image":{"@id":"https:\/\/rioonwatch.org.br\/#\/schema\/logo\/image\/"}},{"@type":"Person","@id":"https:\/\/rioonwatch.org.br\/#\/schema\/person\/11d64c290506f9df50c71b850c473f68","name":"Admin","image":{"@type":"ImageObject","inLanguage":"pt-BR","@id":"https:\/\/rioonwatch.org.br\/#\/schema\/person\/image\/","url":"https:\/\/secure.gravatar.com\/avatar\/56211ac74568383903349a1485e3c325?s=96&d=blank&r=g","contentUrl":"https:\/\/secure.gravatar.com\/avatar\/56211ac74568383903349a1485e3c325?s=96&d=blank&r=g","caption":"Admin"},"url":"https:\/\/rioonwatch.org.br\/?author=129"}]}},"_links":{"self":[{"href":"https:\/\/rioonwatch.org.br\/index.php?rest_route=\/wp\/v2\/posts\/10540"}],"collection":[{"href":"https:\/\/rioonwatch.org.br\/index.php?rest_route=\/wp\/v2\/posts"}],"about":[{"href":"https:\/\/rioonwatch.org.br\/index.php?rest_route=\/wp\/v2\/types\/post"}],"author":[{"embeddable":true,"href":"https:\/\/rioonwatch.org.br\/index.php?rest_route=\/wp\/v2\/users\/129"}],"replies":[{"embeddable":true,"href":"https:\/\/rioonwatch.org.br\/index.php?rest_route=%2Fwp%2Fv2%2Fcomments&post=10540"}],"version-history":[{"count":25,"href":"https:\/\/rioonwatch.org.br\/index.php?rest_route=\/wp\/v2\/posts\/10540\/revisions"}],"predecessor-version":[{"id":67894,"href":"https:\/\/rioonwatch.org.br\/index.php?rest_route=\/wp\/v2\/posts\/10540\/revisions\/67894"}],"wp:featuredmedia":[{"embeddable":true,"href":"https:\/\/rioonwatch.org.br\/index.php?rest_route=\/wp\/v2\/media\/10553"}],"wp:attachment":[{"href":"https:\/\/rioonwatch.org.br\/index.php?rest_route=%2Fwp%2Fv2%2Fmedia&parent=10540"}],"wp:term":[{"taxonomy":"category","embeddable":true,"href":"https:\/\/rioonwatch.org.br\/index.php?rest_route=%2Fwp%2Fv2%2Fcategories&post=10540"},{"taxonomy":"post_tag","embeddable":true,"href":"https:\/\/rioonwatch.org.br\/index.php?rest_route=%2Fwp%2Fv2%2Ftags&post=10540"},{"taxonomy":"writer","embeddable":true,"href":"https:\/\/rioonwatch.org.br\/index.php?rest_route=%2Fwp%2Fv2%2Fwriter&post=10540"},{"taxonomy":"translator","embeddable":true,"href":"https:\/\/rioonwatch.org.br\/index.php?rest_route=%2Fwp%2Fv2%2Ftranslator&post=10540"},{"taxonomy":"source","embeddable":true,"href":"https:\/\/rioonwatch.org.br\/index.php?rest_route=%2Fwp%2Fv2%2Fsource&post=10540"},{"taxonomy":"ilustrador","embeddable":true,"href":"https:\/\/rioonwatch.org.br\/index.php?rest_route=%2Fwp%2Fv2%2Filustrador&post=10540"},{"taxonomy":"fotografo","embeddable":true,"href":"https:\/\/rioonwatch.org.br\/index.php?rest_route=%2Fwp%2Fv2%2Ffotografo&post=10540"}],"curies":[{"name":"wp","href":"https:\/\/api.w.org\/{rel}","templated":true}]}}