{"id":1055,"date":"2011-03-27T00:45:29","date_gmt":"2011-03-27T03:45:29","guid":{"rendered":"http:\/\/favela.info\/?p=1055"},"modified":"2015-08-14T14:36:48","modified_gmt":"2015-08-14T17:36:48","slug":"uma-nova-quimica","status":"publish","type":"post","link":"https:\/\/rioonwatch.org.br\/?p=1055","title":{"rendered":"Uma Nova Qu\u00edmica"},"content":{"rendered":"<p><img fetchpriority=\"high\" decoding=\"async\" src=\"http:\/\/favela.info\/wp-content\/uploads\/2011\/03\/andreia.jpg\" alt=\"\" title=\"Andr\u00e9ia Coutinho\" width=\"300\" height=\"225\" class=\"alignleft size-full wp-image-1478\" srcset=\"https:\/\/rioonwatch.org.br\/wp-content\/uploads\/2011\/03\/andreia.jpg 300w, https:\/\/rioonwatch.org.br\/wp-content\/uploads\/2011\/03\/andreia-80x60.jpg 80w, https:\/\/rioonwatch.org.br\/wp-content\/uploads\/2011\/03\/andreia-174x131.jpg 174w, https:\/\/rioonwatch.org.br\/wp-content\/uploads\/2011\/03\/andreia-70x53.jpg 70w\" sizes=\"(max-width: 300px) 100vw, 300px\" \/><\/p>\n<p align=\"justify\"><em>Um retrato de <strong>Andr\u00e9ia Coutinho<\/strong>, por <strong>Elis de Aquino<\/strong>, ambas participantes do curso de Jornalismo da ComCat e novas autoras do favela.info.<\/em><\/p>\n<p align=\"justify\">Ela canta em casamentos, adora surpreender os amigos com uma visita, gosta de fotografia, aventuras e de bater papo. Comunicativa e cheia de desenvoltura, assim pode ser resumida em poucas palavras Andreia Coutinho, uma jovem que aos 20 anos decidiu recome\u00e7ar a vida profissional atrav\u00e9s da ComCat.<\/p>\n<p align=\"justify\">Andr\u00e9ia Coutinho pode ser definida como uma n\u00f4made: mora em S\u00e3o Gon\u00e7alo nos fins de semana e durante a semana em Serop\u00e9dica, na Universidade Federal Rural do Rio de Janeiro, onde estuda qu\u00edmica industrial. J\u00e1 morou em Santos, S\u00e3o Paulo, por um ano e no futuro quer mudar-se para o sul do pa\u00eds.<\/p>\n<p align=\"justify\">Uma garota sens\u00edvel, rom\u00e2ntica e que est\u00e1 num momento de transi\u00e7\u00e3o muito importante. Em d\u00favida sobre o que seguir na vida profissional, Andr\u00e9ia comenta que ap\u00f3s alguns semestres no curso de exatas n\u00e3o se sente realizada. \u201cFui conversar com um amigo e fiz alguns testes vocacionais\u201d, conta ela. \u201cTudo apontou na dire\u00e7\u00e3o da comunica\u00e7\u00e3o\u201d.<\/p>\n<p align=\"justify\">Os pais de Andr\u00e9ia n\u00e3o gostaram muito de saber que ela pretende mudar de carreira, j\u00e1 que o diploma de qu\u00edmica industrial promete sal\u00e1rios bem mais atraentes que os da comunica\u00e7\u00e3o. \u201cMas prefiro ser feliz profissionalmente do que ter dinheiro e n\u00e3o sentir prazer no seu of\u00edcio\u201d, diz ela.<\/p>\n<p align=\"justify\">Mesmo sem ter experi\u00eancia com o jornalismo, a jovem diz estar animada com o curso da ComCat e afirma amar escrever. Uma prova disso \u00e9 o \u201ccaderno da sabedoria\u201d. Nesse pequeno espa\u00e7o em branco, Andr\u00e9ia passa \/para o papel tudo o que pensa, seus planos, ang\u00fastias, hist\u00f3rias.<\/p>\n<p align=\"justify\">Ao contr\u00e1rio da maioria dos jovens de sua idade, Andr\u00e9ia n\u00e3o gosta de sair para baladas, n\u00e3o bebe, tampouco fuma. \u00c9 uma pessoa fervorosa e conta que uma de suas maiores experi\u00eancias e marco divisor na vida aconteceu em um congresso de jovens \u201cAlpha &#038; Omega\u201d no \u00faltimo ano. \u201cL\u00e1 eu descobri uma nova forma de viver o evangelismo, de uma maneira natural.\u201d<\/p>\n<p align=\"justify\">Apesar de irradiar alegria, Andreia admite que nem sempre p\u00f4de sorrir. \u201cMeus dentes n\u00e3o eram bonitos e eu tinha vergonha de rir\u201d, confessa ela. Mas sua express\u00e3o mudou depois que passou a usar aparelho.<\/p>\n<p align=\"justify\">Outro acontecimento que lhe roubou o sorriso foi a separa\u00e7\u00e3o de seus pais quando ela tinha apenas 11 anos. \u201cAinda hoje sou um pouco insegura por causa disso\u201d, confessa. Mas tudo isso mudou com a reaproxima\u00e7\u00e3o com o pai nos \u00faltimos anos. Andr\u00e9ia n\u00e3o esconde a admira\u00e7\u00e3o e a amizade que tem por ele. Sincera, deixa escapar a rela\u00e7\u00e3o um pouco conflituosa com a m\u00e3e e a irm\u00e3, e diz ser uma pessoa impaciente e intolerante.<\/p>\n<p align=\"justify\">O que ela espera desse curso? Aprender mais sobre a comunica\u00e7\u00e3o, n\u00e3o apenas as t\u00e9cnicas, mas tamb\u00e9m desenvolver uma vis\u00e3o cr\u00edtica e atenta do que ocorre na sua comunidade. \u201cAl\u00e9m disso, quero descobrir se o jornalismo \u00e9 mesmo o que quero para minha vida.\u201d<\/p>\n<!-- AddThis Advanced Settings generic via filter on the_content --><!-- AddThis Share Buttons generic via filter on the_content -->","protected":false},"excerpt":{"rendered":"<div class=\"mh-excerpt\"><p>Um retrato de Andr\u00e9ia Coutinho, por Elis de Aquino, ambas participantes do curso de Jornalismo da ComCat e novas autoras do favela.info. Ela canta em casamentos, adora surpreender os amigos com uma visita, gosta de <a class=\"mh-excerpt-more\" href=\"https:\/\/rioonwatch.org.br\/?p=1055\" title=\"Uma Nova Qu\u00edmica\">[&#8230;]<\/a><!-- AddThis Advanced Settings generic via filter on get_the_excerpt --><!-- AddThis Share Buttons generic via filter on get_the_excerpt --><\/p>\n<\/div>","protected":false},"author":5,"featured_media":1478,"comment_status":"open","ping_status":"closed","sticky":false,"template":"","format":"standard","meta":{"_acf_changed":false,"_monsterinsights_skip_tracking":false,"_monsterinsights_sitenote_active":false,"_monsterinsights_sitenote_note":"","_monsterinsights_sitenote_category":0,"footnotes":""},"categories":[1625],"tags":[],"writer":[191],"translator":[],"source":[],"ilustrador":[],"fotografo":[],"class_list":{"0":"post-1055","1":"post","2":"type-post","3":"status-publish","4":"format-standard","5":"has-post-thumbnail","7":"category-por-correspondentes-comunitarios","8":"writer-elis-de-aquino"},"acf":[],"yoast_head":"<!-- This site is optimized with the Yoast SEO plugin v25.6 - https:\/\/yoast.com\/wordpress\/plugins\/seo\/ -->\n<title>Uma Nova Qu\u00edmica - RioOnWatch<\/title>\n<meta name=\"robots\" content=\"index, follow, max-snippet:-1, max-image-preview:large, max-video-preview:-1\" \/>\n<link rel=\"canonical\" href=\"https:\/\/rioonwatch.org.br\/?p=1055\" \/>\n<meta property=\"og:locale\" content=\"pt_BR\" \/>\n<meta property=\"og:type\" content=\"article\" \/>\n<meta property=\"og:title\" content=\"Uma Nova Qu\u00edmica - RioOnWatch\" \/>\n<meta property=\"og:description\" content=\"Um retrato de Andr\u00e9ia Coutinho, por Elis de Aquino, ambas participantes do curso de Jornalismo da ComCat e novas autoras do favela.info. Ela canta em casamentos, adora surpreender os amigos com uma visita, gosta de [...]\" \/>\n<meta property=\"og:url\" content=\"https:\/\/rioonwatch.org.br\/?p=1055\" \/>\n<meta property=\"og:site_name\" content=\"RioOnWatch\" \/>\n<meta property=\"article:published_time\" content=\"2011-03-27T03:45:29+00:00\" \/>\n<meta property=\"article:modified_time\" content=\"2015-08-14T17:36:48+00:00\" \/>\n<meta property=\"og:image\" content=\"https:\/\/rioonwatch.org.br\/wp-content\/uploads\/2011\/03\/andreia.jpg\" \/>\n\t<meta property=\"og:image:width\" content=\"300\" \/>\n\t<meta property=\"og:image:height\" content=\"225\" \/>\n\t<meta property=\"og:image:type\" content=\"image\/jpeg\" \/>\n<meta name=\"author\" content=\"Tiago\" \/>\n<meta name=\"twitter:card\" content=\"summary_large_image\" \/>\n<meta name=\"twitter:label1\" content=\"Escrito por\" \/>\n\t<meta name=\"twitter:data1\" content=\"Tiago\" \/>\n\t<meta name=\"twitter:label2\" content=\"Est. tempo de leitura\" \/>\n\t<meta name=\"twitter:data2\" content=\"3 minutos\" \/>\n<script type=\"application\/ld+json\" class=\"yoast-schema-graph\">{\"@context\":\"https:\/\/schema.org\",\"@graph\":[{\"@type\":\"Article\",\"@id\":\"https:\/\/rioonwatch.org.br\/?p=1055#article\",\"isPartOf\":{\"@id\":\"https:\/\/rioonwatch.org.br\/?p=1055\"},\"author\":{\"name\":\"Tiago\",\"@id\":\"https:\/\/rioonwatch.org.br\/#\/schema\/person\/7c54ce0a929f914709db001584daa6ee\"},\"headline\":\"Uma Nova Qu\u00edmica\",\"datePublished\":\"2011-03-27T03:45:29+00:00\",\"dateModified\":\"2015-08-14T17:36:48+00:00\",\"mainEntityOfPage\":{\"@id\":\"https:\/\/rioonwatch.org.br\/?p=1055\"},\"wordCount\":542,\"commentCount\":0,\"publisher\":{\"@id\":\"https:\/\/rioonwatch.org.br\/#organization\"},\"image\":{\"@id\":\"https:\/\/rioonwatch.org.br\/?p=1055#primaryimage\"},\"thumbnailUrl\":\"https:\/\/rioonwatch.org.br\/wp-content\/uploads\/2011\/03\/andreia.jpg\",\"articleSection\":[\"Escrito por Comunicadores Populares\"],\"inLanguage\":\"pt-BR\",\"potentialAction\":[{\"@type\":\"CommentAction\",\"name\":\"Comment\",\"target\":[\"https:\/\/rioonwatch.org.br\/?p=1055#respond\"]}]},{\"@type\":\"WebPage\",\"@id\":\"https:\/\/rioonwatch.org.br\/?p=1055\",\"url\":\"https:\/\/rioonwatch.org.br\/?p=1055\",\"name\":\"Uma Nova Qu\u00edmica - RioOnWatch\",\"isPartOf\":{\"@id\":\"https:\/\/rioonwatch.org.br\/#website\"},\"primaryImageOfPage\":{\"@id\":\"https:\/\/rioonwatch.org.br\/?p=1055#primaryimage\"},\"image\":{\"@id\":\"https:\/\/rioonwatch.org.br\/?p=1055#primaryimage\"},\"thumbnailUrl\":\"https:\/\/rioonwatch.org.br\/wp-content\/uploads\/2011\/03\/andreia.jpg\",\"datePublished\":\"2011-03-27T03:45:29+00:00\",\"dateModified\":\"2015-08-14T17:36:48+00:00\",\"breadcrumb\":{\"@id\":\"https:\/\/rioonwatch.org.br\/?p=1055#breadcrumb\"},\"inLanguage\":\"pt-BR\",\"potentialAction\":[{\"@type\":\"ReadAction\",\"target\":[\"https:\/\/rioonwatch.org.br\/?p=1055\"]}]},{\"@type\":\"ImageObject\",\"inLanguage\":\"pt-BR\",\"@id\":\"https:\/\/rioonwatch.org.br\/?p=1055#primaryimage\",\"url\":\"https:\/\/rioonwatch.org.br\/wp-content\/uploads\/2011\/03\/andreia.jpg\",\"contentUrl\":\"https:\/\/rioonwatch.org.br\/wp-content\/uploads\/2011\/03\/andreia.jpg\",\"width\":300,\"height\":225},{\"@type\":\"BreadcrumbList\",\"@id\":\"https:\/\/rioonwatch.org.br\/?p=1055#breadcrumb\",\"itemListElement\":[{\"@type\":\"ListItem\",\"position\":1,\"name\":\"In\u00edcio\",\"item\":\"https:\/\/rioonwatch.org.br\/\"},{\"@type\":\"ListItem\",\"position\":2,\"name\":\"Uma Nova Qu\u00edmica\"}]},{\"@type\":\"WebSite\",\"@id\":\"https:\/\/rioonwatch.org.br\/#website\",\"url\":\"https:\/\/rioonwatch.org.br\/\",\"name\":\"RioOnWatch\",\"description\":\"relatos das favelas cariocas\",\"publisher\":{\"@id\":\"https:\/\/rioonwatch.org.br\/#organization\"},\"potentialAction\":[{\"@type\":\"SearchAction\",\"target\":{\"@type\":\"EntryPoint\",\"urlTemplate\":\"https:\/\/rioonwatch.org.br\/?s={search_term_string}\"},\"query-input\":{\"@type\":\"PropertyValueSpecification\",\"valueRequired\":true,\"valueName\":\"search_term_string\"}}],\"inLanguage\":\"pt-BR\"},{\"@type\":\"Organization\",\"@id\":\"https:\/\/rioonwatch.org.br\/#organization\",\"name\":\"RioOnWatch\",\"url\":\"https:\/\/rioonwatch.org.br\/\",\"logo\":{\"@type\":\"ImageObject\",\"inLanguage\":\"pt-BR\",\"@id\":\"https:\/\/rioonwatch.org.br\/#\/schema\/logo\/image\/\",\"url\":\"https:\/\/rioonwatch.org.br\/wp-content\/uploads\/2021\/06\/RioOnWatchcabecalhoPT11anos-2.png\",\"contentUrl\":\"https:\/\/rioonwatch.org.br\/wp-content\/uploads\/2021\/06\/RioOnWatchcabecalhoPT11anos-2.png\",\"width\":779,\"height\":277,\"caption\":\"RioOnWatch\"},\"image\":{\"@id\":\"https:\/\/rioonwatch.org.br\/#\/schema\/logo\/image\/\"}},{\"@type\":\"Person\",\"@id\":\"https:\/\/rioonwatch.org.br\/#\/schema\/person\/7c54ce0a929f914709db001584daa6ee\",\"name\":\"Tiago\",\"image\":{\"@type\":\"ImageObject\",\"inLanguage\":\"pt-BR\",\"@id\":\"https:\/\/rioonwatch.org.br\/#\/schema\/person\/image\/\",\"url\":\"https:\/\/secure.gravatar.com\/avatar\/886b123583861b1f9e1b1393972b9aeb?s=96&d=blank&r=g\",\"contentUrl\":\"https:\/\/secure.gravatar.com\/avatar\/886b123583861b1f9e1b1393972b9aeb?s=96&d=blank&r=g\",\"caption\":\"Tiago\"},\"url\":\"https:\/\/rioonwatch.org.br\/?author=5\"}]}<\/script>\n<!-- \/ Yoast SEO plugin. -->","yoast_head_json":{"title":"Uma Nova Qu\u00edmica - RioOnWatch","robots":{"index":"index","follow":"follow","max-snippet":"max-snippet:-1","max-image-preview":"max-image-preview:large","max-video-preview":"max-video-preview:-1"},"canonical":"https:\/\/rioonwatch.org.br\/?p=1055","og_locale":"pt_BR","og_type":"article","og_title":"Uma Nova Qu\u00edmica - RioOnWatch","og_description":"Um retrato de Andr\u00e9ia Coutinho, por Elis de Aquino, ambas participantes do curso de Jornalismo da ComCat e novas autoras do favela.info. Ela canta em casamentos, adora surpreender os amigos com uma visita, gosta de [...]","og_url":"https:\/\/rioonwatch.org.br\/?p=1055","og_site_name":"RioOnWatch","article_published_time":"2011-03-27T03:45:29+00:00","article_modified_time":"2015-08-14T17:36:48+00:00","og_image":[{"width":300,"height":225,"url":"https:\/\/rioonwatch.org.br\/wp-content\/uploads\/2011\/03\/andreia.jpg","type":"image\/jpeg"}],"author":"Tiago","twitter_card":"summary_large_image","twitter_misc":{"Escrito por":"Tiago","Est. tempo de leitura":"3 minutos"},"schema":{"@context":"https:\/\/schema.org","@graph":[{"@type":"Article","@id":"https:\/\/rioonwatch.org.br\/?p=1055#article","isPartOf":{"@id":"https:\/\/rioonwatch.org.br\/?p=1055"},"author":{"name":"Tiago","@id":"https:\/\/rioonwatch.org.br\/#\/schema\/person\/7c54ce0a929f914709db001584daa6ee"},"headline":"Uma Nova Qu\u00edmica","datePublished":"2011-03-27T03:45:29+00:00","dateModified":"2015-08-14T17:36:48+00:00","mainEntityOfPage":{"@id":"https:\/\/rioonwatch.org.br\/?p=1055"},"wordCount":542,"commentCount":0,"publisher":{"@id":"https:\/\/rioonwatch.org.br\/#organization"},"image":{"@id":"https:\/\/rioonwatch.org.br\/?p=1055#primaryimage"},"thumbnailUrl":"https:\/\/rioonwatch.org.br\/wp-content\/uploads\/2011\/03\/andreia.jpg","articleSection":["Escrito por Comunicadores Populares"],"inLanguage":"pt-BR","potentialAction":[{"@type":"CommentAction","name":"Comment","target":["https:\/\/rioonwatch.org.br\/?p=1055#respond"]}]},{"@type":"WebPage","@id":"https:\/\/rioonwatch.org.br\/?p=1055","url":"https:\/\/rioonwatch.org.br\/?p=1055","name":"Uma Nova Qu\u00edmica - RioOnWatch","isPartOf":{"@id":"https:\/\/rioonwatch.org.br\/#website"},"primaryImageOfPage":{"@id":"https:\/\/rioonwatch.org.br\/?p=1055#primaryimage"},"image":{"@id":"https:\/\/rioonwatch.org.br\/?p=1055#primaryimage"},"thumbnailUrl":"https:\/\/rioonwatch.org.br\/wp-content\/uploads\/2011\/03\/andreia.jpg","datePublished":"2011-03-27T03:45:29+00:00","dateModified":"2015-08-14T17:36:48+00:00","breadcrumb":{"@id":"https:\/\/rioonwatch.org.br\/?p=1055#breadcrumb"},"inLanguage":"pt-BR","potentialAction":[{"@type":"ReadAction","target":["https:\/\/rioonwatch.org.br\/?p=1055"]}]},{"@type":"ImageObject","inLanguage":"pt-BR","@id":"https:\/\/rioonwatch.org.br\/?p=1055#primaryimage","url":"https:\/\/rioonwatch.org.br\/wp-content\/uploads\/2011\/03\/andreia.jpg","contentUrl":"https:\/\/rioonwatch.org.br\/wp-content\/uploads\/2011\/03\/andreia.jpg","width":300,"height":225},{"@type":"BreadcrumbList","@id":"https:\/\/rioonwatch.org.br\/?p=1055#breadcrumb","itemListElement":[{"@type":"ListItem","position":1,"name":"In\u00edcio","item":"https:\/\/rioonwatch.org.br\/"},{"@type":"ListItem","position":2,"name":"Uma Nova Qu\u00edmica"}]},{"@type":"WebSite","@id":"https:\/\/rioonwatch.org.br\/#website","url":"https:\/\/rioonwatch.org.br\/","name":"RioOnWatch","description":"relatos das favelas cariocas","publisher":{"@id":"https:\/\/rioonwatch.org.br\/#organization"},"potentialAction":[{"@type":"SearchAction","target":{"@type":"EntryPoint","urlTemplate":"https:\/\/rioonwatch.org.br\/?s={search_term_string}"},"query-input":{"@type":"PropertyValueSpecification","valueRequired":true,"valueName":"search_term_string"}}],"inLanguage":"pt-BR"},{"@type":"Organization","@id":"https:\/\/rioonwatch.org.br\/#organization","name":"RioOnWatch","url":"https:\/\/rioonwatch.org.br\/","logo":{"@type":"ImageObject","inLanguage":"pt-BR","@id":"https:\/\/rioonwatch.org.br\/#\/schema\/logo\/image\/","url":"https:\/\/rioonwatch.org.br\/wp-content\/uploads\/2021\/06\/RioOnWatchcabecalhoPT11anos-2.png","contentUrl":"https:\/\/rioonwatch.org.br\/wp-content\/uploads\/2021\/06\/RioOnWatchcabecalhoPT11anos-2.png","width":779,"height":277,"caption":"RioOnWatch"},"image":{"@id":"https:\/\/rioonwatch.org.br\/#\/schema\/logo\/image\/"}},{"@type":"Person","@id":"https:\/\/rioonwatch.org.br\/#\/schema\/person\/7c54ce0a929f914709db001584daa6ee","name":"Tiago","image":{"@type":"ImageObject","inLanguage":"pt-BR","@id":"https:\/\/rioonwatch.org.br\/#\/schema\/person\/image\/","url":"https:\/\/secure.gravatar.com\/avatar\/886b123583861b1f9e1b1393972b9aeb?s=96&d=blank&r=g","contentUrl":"https:\/\/secure.gravatar.com\/avatar\/886b123583861b1f9e1b1393972b9aeb?s=96&d=blank&r=g","caption":"Tiago"},"url":"https:\/\/rioonwatch.org.br\/?author=5"}]}},"_links":{"self":[{"href":"https:\/\/rioonwatch.org.br\/index.php?rest_route=\/wp\/v2\/posts\/1055"}],"collection":[{"href":"https:\/\/rioonwatch.org.br\/index.php?rest_route=\/wp\/v2\/posts"}],"about":[{"href":"https:\/\/rioonwatch.org.br\/index.php?rest_route=\/wp\/v2\/types\/post"}],"author":[{"embeddable":true,"href":"https:\/\/rioonwatch.org.br\/index.php?rest_route=\/wp\/v2\/users\/5"}],"replies":[{"embeddable":true,"href":"https:\/\/rioonwatch.org.br\/index.php?rest_route=%2Fwp%2Fv2%2Fcomments&post=1055"}],"version-history":[{"count":14,"href":"https:\/\/rioonwatch.org.br\/index.php?rest_route=\/wp\/v2\/posts\/1055\/revisions"}],"predecessor-version":[{"id":15716,"href":"https:\/\/rioonwatch.org.br\/index.php?rest_route=\/wp\/v2\/posts\/1055\/revisions\/15716"}],"wp:featuredmedia":[{"embeddable":true,"href":"https:\/\/rioonwatch.org.br\/index.php?rest_route=\/wp\/v2\/media\/1478"}],"wp:attachment":[{"href":"https:\/\/rioonwatch.org.br\/index.php?rest_route=%2Fwp%2Fv2%2Fmedia&parent=1055"}],"wp:term":[{"taxonomy":"category","embeddable":true,"href":"https:\/\/rioonwatch.org.br\/index.php?rest_route=%2Fwp%2Fv2%2Fcategories&post=1055"},{"taxonomy":"post_tag","embeddable":true,"href":"https:\/\/rioonwatch.org.br\/index.php?rest_route=%2Fwp%2Fv2%2Ftags&post=1055"},{"taxonomy":"writer","embeddable":true,"href":"https:\/\/rioonwatch.org.br\/index.php?rest_route=%2Fwp%2Fv2%2Fwriter&post=1055"},{"taxonomy":"translator","embeddable":true,"href":"https:\/\/rioonwatch.org.br\/index.php?rest_route=%2Fwp%2Fv2%2Ftranslator&post=1055"},{"taxonomy":"source","embeddable":true,"href":"https:\/\/rioonwatch.org.br\/index.php?rest_route=%2Fwp%2Fv2%2Fsource&post=1055"},{"taxonomy":"ilustrador","embeddable":true,"href":"https:\/\/rioonwatch.org.br\/index.php?rest_route=%2Fwp%2Fv2%2Filustrador&post=1055"},{"taxonomy":"fotografo","embeddable":true,"href":"https:\/\/rioonwatch.org.br\/index.php?rest_route=%2Fwp%2Fv2%2Ffotografo&post=1055"}],"curies":[{"name":"wp","href":"https:\/\/api.w.org\/{rel}","templated":true}]}}