{"id":10564,"date":"2014-03-13T17:42:07","date_gmt":"2014-03-13T20:42:07","guid":{"rendered":"http:\/\/rioonwatch.org.br\/?p=10564"},"modified":"2026-04-14T10:00:51","modified_gmt":"2026-04-14T13:00:51","slug":"resenha-tempos-dificeis-na-cidade-maravilhosa-por-bryan-mccann","status":"publish","type":"post","link":"https:\/\/rioonwatch.org.br\/?p=10564","title":{"rendered":"Resenha: Tempos Dif\u00edceis na Cidade Maravilhosa por Bryan McCann"},"content":{"rendered":"<p style=\"text-align: right;\"><em><strong><a href=\"http:\/\/bit.ly\/1jnn0pt\" target=\"_blank\" rel=\"noopener noreferrer\">Click Here for English<img decoding=\"async\" width=\"20\" height=\"20\" class=\"alignright wp-image-15790\" src=\"http:\/\/rioonwatch.org.br\/wp-content\/uploads\/2012\/08\/EN-standard-e1439583104716.jpg\" alt=\"\" \/><\/a><\/strong><\/em><\/p>\n<p><a href=\"http:\/\/rioonwatch.org.br\/?attachment_id=13715\" rel=\"attachment wp-att-13715\"><img fetchpriority=\"high\" decoding=\"async\" class=\"alignright size-full wp-image-13715\" title=\"Tempos Dif\u00edcies na Cidade Maravilhosa: Da ditadura a Democracia nas Favelas do Rio de Janeiro\" src=\"http:\/\/rioonwatch.org\/wp-content\/uploads\/2014\/02\/bryan-mcann-hard-times.jpg\" alt=\"\" width=\"200\" height=\"300\" \/><\/a><\/p>\n<p>Em 1978, moradores de favelas, te\u00f3logos da liberta\u00e7\u00e3o\u00a0e ativistas se mobilizaram para defender o <a href=\"http:\/\/bit.ly\/XuDNKV\" target=\"_blank\" rel=\"noopener noreferrer\">Vidigal<\/a>, com sucesso, contra tentativas de <a href=\"http:\/\/bit.ly\/X51Qvb\" target=\"_blank\" rel=\"noopener noreferrer\">remo\u00e7\u00e3o<\/a>. E eles usaram m\u00e9todos de resist\u00eancia engenhosos. Dentre eles o fornecimento di\u00e1rio de caf\u00e9 para funcion\u00e1rios da <a href=\"http:\/\/bit.ly\/1ihqaYB\" target=\"_blank\" rel=\"noopener noreferrer\">COMLURB<\/a>, contratados para expulsar os manifestantes, reconhecendo que eles, tamb\u00e9m, eram pobres e sentiam fome. Esses garis logo deixaram claro para o governo que eles n\u00e3o iriam remover qualquer dos pertences dos moradores que queriam ficar. O pesquisador e historiador Bryan McCann, autor do novo livro <em><a href=\"http:\/\/amzn.to\/NbbtL7\" target=\"_blank\" rel=\"noopener noreferrer\">Tempos Dif\u00edceis na Cidade Maravilhosa: Da Ditadura a Democracia nas Favelas do Rio de Janeiro<\/a><\/em>, descreve o esfor\u00e7o como &#8220;um movimento popular de pessoas humildes encorajadas por um prop\u00f3sito nobre&#8221;.<\/p>\n<p>No final dos anos 70 e in\u00edcio dos anos 80, moradores e governantes tentavam quebrar o ciclo de falta de direitos, acreditando que o fim iminente da ditadura militar possibilitaria um futuro brilhante para a cidade. O foco de McCann, no in\u00edcio do livro, na promessa de mudan\u00e7a enfatiza tamb\u00e9m as falhas subsequentes do movimento em corresponder as expectativas. O que se v\u00ea \u00e9 uma descri\u00e7\u00e3o forte de esperan\u00e7as frustradas e uma an\u00e1lise cuidadosa das repetidas decep\u00e7\u00f5es pol\u00edticas.<\/p>\n<p>McCann inicia sua narrativa no final da d\u00e9cada de 70, quando o sonho de extens\u00e3o da cidadania plena para os moradores das favelas do Rio de Janeiro estava muito vivo. Ativistas tentavam reduzir o abismo entre as favelas e a cidade formal questionando os problemas estruturais e legais de longa data que mantinham os moradores das favelas numa vida marginal e dif\u00edcil. Contestando a inseguran\u00e7a do sistema de posse de terras em voga, assim como o desemprego, baixos n\u00edveis de educa\u00e7\u00e3o e o ass\u00e9dio policial, eles estavam buscando a redemocratiza\u00e7\u00e3o do pa\u00eds.<\/p>\n<p>Muitos daqueles envolvidos na mobiliza\u00e7\u00e3o de moradores das favelas foram inspirados por ideias gramscianas de ocupa\u00e7\u00e3o do espa\u00e7o. Aparentemente improv\u00e1veis aliados, te\u00f3logos da pastoral da liberta\u00e7\u00e3o e marxistas (como o Movimento Negro Unificado) estavam trabalhando na mesma dire\u00e7\u00e3o, tentando levar os moradores das favelas para a sociedade civil e, em seguida, utilizar esta posi\u00e7\u00e3o para atingir fins radicais. Organiza\u00e7\u00f5es como FAMERJ (Federa\u00e7\u00e3o das Associa\u00e7\u00f5es de Moradores do Rio de Janeiro) e a <a href=\"http:\/\/on.fb.me\/1fn9oBJ\" target=\"_blank\" rel=\"noopener noreferrer\">Pastoral de Favelas<\/a> tamb\u00e9m acreditavam que uma nova democracia poderia ser criada: uma democracia que dependesse da participa\u00e7\u00e3o popular constante e energ\u00e9tica. Assim, a coliga\u00e7\u00e3o entre a classe m\u00e9dia e ativistas das favelas teve amplo apoio popular e parecia destinada a desempenhar um papel importante nas d\u00e9cadas seguintes.<\/p>\n<p><a href=\"http:\/\/rioonwatch.org.br\/?attachment_id=13718\" rel=\"attachment wp-att-13718\"><img decoding=\"async\" class=\"alignright size-full wp-image-13718\" title=\"O candidato socialista Leonel Brizola tornou-se governador do estado do Rio em 1982\" src=\"http:\/\/rioonwatch.org\/wp-content\/uploads\/2014\/02\/Leonel_Brizola_1.jpg\" alt=\"\" width=\"308\" height=\"271\" \/><\/a><\/p>\n<p>Em 1982, o candidato socialista Leonel Brizola ganhou a elei\u00e7\u00e3o para governador do estado do Rio, em grande parte devido ao apoio cultivado nas favelas atrav\u00e9s de seu &#8220;socialismo moreno&#8221;. Este tipo particular de socialismo enfatizava o orgulho racial, e enfatizava a flexibilidade e a redistribui\u00e7\u00e3o da riqueza. Sua base de apoio pol\u00edtico foi a popula\u00e7\u00e3o pobre urbana e desorganizada. Ele baseava seu discurso no empoderamento (embora de uma forma paternalista) dos mais pobres da sociedade. Uma vez eleito, Brizola trouxe l\u00edderes de favelas para ocupar posi\u00e7\u00f5es de lideran\u00e7a no Partido Democr\u00e1tico dos Trabalhadores (PDT), levando a base popular do movimento at\u00e9 o fim.<\/p>\n<p>A dedica\u00e7\u00e3o de Brizola para diminuir o abismo entre ricos e pobres poderia ter sido o in\u00edcio de um per\u00edodo bem-sucedido de melhorias urbanas. Ele lan\u00e7ou uma onda de reformas dram\u00e1ticas, inclusive acabando com as amea\u00e7as de remo\u00e7\u00e3o, uma preocupa\u00e7\u00e3o permanente dos moradores de favelas. No entanto, suas tentativas de revolucionar a educa\u00e7\u00e3o p\u00fablica para crian\u00e7as, conceder t\u00edtulos de propriedade para os moradores das favelas e desmilitarizar a pol\u00edcia foi assolada por problemas profundos. McCann discute cada um deles, em profundidade, referenciando estat\u00edsticas e casos individuais para analisar raz\u00f5es espec\u00edficas, bem como mais gerais, para o fracasso.<\/p>\n<p><a href=\"http:\/\/rioonwatch.org\/wp-content\/uploads\/2014\/03\/mccann.jpg\"><img loading=\"lazy\" decoding=\"async\" class=\"alignright size-full wp-image-13824\" title=\"Vidigal 1978. Moradores reagem contra a ordem de evacua\u00e7\u00e3o\" src=\"http:\/\/rioonwatch.org\/wp-content\/uploads\/2014\/03\/mccann.jpg\" alt=\"\" width=\"293\" height=\"439\" \/><\/a><\/p>\n<p>Um exemplo foi o programa <em>Cada Fam\u00edlia Um Lote<\/em>, que foi concebido para auxiliar o processo de titula\u00e7\u00e3o de propriedades, permitindo que os moradores das favelas submetessem pedidos de regulariza\u00e7\u00e3o de propriedade atrav\u00e9s das associa\u00e7\u00f5es de moradores. Esta pol\u00edtica surgiu do entendimento de Brizola de que as favelas eram a solu\u00e7\u00e3o para a crise da habita\u00e7\u00e3o, n\u00e3o o problema. Apesar de ter sido uma prioridade para os moradores durante os anos em que a remo\u00e7\u00e3o era uma amea\u00e7a real (especialmente quando o Brasil vivia <a href=\"http:\/\/bit.ly\/VV4Ddn\" target=\"_blank\" rel=\"noopener noreferrer\">sob a ditadura militar<\/a>), o t\u00edtulo foi requisitado para apenas 2% dos milh\u00f5es de lotes selecionados. Uma vez que a amea\u00e7a de remo\u00e7\u00e3o havia sido afastada, as demandas dos moradores de favela haviam mudado para o desenvolvimento de infra-estrutura e melhoria das condi\u00e7\u00f5es materiais de suas casas e bairros. N\u00e3o era de interesse financeiro ou pol\u00edtico dos moradores, nem das associa\u00e7\u00f5es de moradores, cooperar, dada a amea\u00e7a do mercado informal de aluguel e o medo da <a href=\"http:\/\/bit.ly\/184FqS4\" target=\"_blank\" rel=\"noopener noreferrer\">gentrifica\u00e7\u00e3o<\/a> colocado pela titula\u00e7\u00e3o.<\/p>\n<p>O fracasso de suas reformas de <a href=\"http:\/\/bit.ly\/1bLEXdB\" target=\"_blank\" rel=\"noopener noreferrer\">policiamento<\/a> tamb\u00e9m \u00e9 central no legado de Brizola. Den\u00fancias foram feitas continuamente de que ele ordenou que a pol\u00edcia do Estado do Rio de Janeiro ficasse fora das favelas. A investiga\u00e7\u00e3o de McCann sobre o sistema policial durante este per\u00edodo mostra que isso \u00e9 um mito, carregado pelas circunst\u00e2ncias dif\u00edceis que enfrentou o regime de Brizola. O chefe da Pol\u00edcia Militar eleito por Brizola, Nazareth Cerqueira, foi trazido para implementar uma nova pol\u00edtica de seguran\u00e7a que enfatizou policiamento comunit\u00e1rio nas favelas. Um de seus objetivos era p\u00f4r fim ao costume \u201cp\u00e9 na porta\u201d da pol\u00edcia que entrava nas casas das favelas sem um mandado ou permiss\u00e3o. No entanto, ele n\u00e3o teve o apoio que ele precisava, dentro da pol\u00edcia, para implementar essas mudan\u00e7as.<\/p>\n<p>Ainda que Brizola n\u00e3o tenha ordenado que as tropas ficassem de fora das favelas necessariamente, as tentativas de Cerqueira para limitar as puni\u00e7\u00f5es de crimes menores (como para pessoas envolvidas na rua com o jogo do bicho) e se concentrar em fazer pris\u00f5es de criminosos de n\u00edvel mais alto foi recebido com desdenho por oficiais que tinham anteriormente servido sob a ditadura militar. A divis\u00e3o posterior entre os oficiais rec\u00e9m-formados e os da <a href=\"http:\/\/bit.ly\/1bLEXdB\" target=\"_blank\" rel=\"noopener noreferrer\">velha guarda<\/a>, acostumados a complementar seus parcos sal\u00e1rios com subornos, levou, assim, a uma incapacidade de implementar com sucesso as novas reformas e a aus\u00eancia de policiamento eficaz durante este per\u00edodo.<\/p>\n<p><a href=\"http:\/\/rioonwatch.org\/wp-content\/uploads\/2014\/02\/santa-marta-passada.jpg\"><img loading=\"lazy\" decoding=\"async\" class=\"alignright wp-image-13747 size-full\" title=\"Santa Marta\" src=\"http:\/\/rioonwatch.org\/wp-content\/uploads\/2014\/02\/santa-marta-passada.jpg\" alt=\"\" width=\"394\" height=\"263\" \/><\/a><\/p>\n<p>McCann mostra que os problemas entre os moradores das favelas e os policiais foram agravados por fatores ex\u00f3genos, como o surgimento de novas rotas de tr\u00e1fico de drogas na Am\u00e9rica do Sul e mudan\u00e7as nos padr\u00f5es de consumo de drogas: principalmente o crescimento do consumo de coca\u00edna. Como traficantes buscavam garantir suas bases, eles ent\u00e3o buscavam assumir as associa\u00e7\u00f5es de moradores, jogando com o medo que os moradores tinham da pol\u00edcia, e pagando suborno aos membros das associa\u00e7\u00f5es. McCann argumenta que o aumento da influ\u00eancia do tr\u00e1fico de drogas na pol\u00edtica local acabou por desviar fundos de projetos leg\u00edtimos. As associa\u00e7\u00f5es de moradores que estavam originalmente associadas \u00e0 resist\u00eancia as remo\u00e7\u00f5es, a encorajar moradores e \u00e0 vis\u00e3o comunit\u00e1ria, tornaram-se, durante o per\u00edodo de Brizola, mediadores entre os moradores e as ag\u00eancias estatais. No entanto, o novo poder dessas associa\u00e7\u00f5es significava muitas vezes que as coisas n\u00e3o poderiam ser feitas sem a ajuda de um forte aliado na associa\u00e7\u00e3o. O desenvolvimento do clientelismo deixou-os suscet\u00edveis a serem manipulados pelas fac\u00e7\u00f5es criminais. McCann lamenta, usando o exemplo de <a href=\"http:\/\/bit.ly\/YZD9al\" target=\"_blank\" rel=\"noopener noreferrer\">Santa Marta<\/a>, onde nem l\u00edderes locais eficazes, nem uma comunidade s\u00f3lida poderiam representar obst\u00e1culos para a tomada criminal. Os traficantes &#8220;chegaram pra valer&#8221;: a infiltra\u00e7\u00e3o de traficantes em associa\u00e7\u00f5es de favelas espalhadas por toda a cidade sequestraram e distorceram a mobiliza\u00e7\u00e3o comunit\u00e1ria que uma vez tinha dado a essas favelas tanta esperan\u00e7a.<\/p>\n<p><em>Tempos Dif\u00edceis\u00a0<\/em>demonstra claramente como as aspira\u00e7\u00f5es da d\u00e9cada de 80 foram lentamente quebradas por pequenos fatores, aqueles encontrados no que ele descreve como os interst\u00edcios, ou pequenos detalhes cruciais. Suas descri\u00e7\u00f5es do governo Braga, o desenvolvimento das escolas CIEP projetadas por Niemeyer e exibindo fervoroso compromisso com uma reforma educacional radical, e o crescimento do sector das ONGs, dentre outros, fornece uma vis\u00e3o abrangente de um per\u00edodo crucial na hist\u00f3ria do Rio de Janeiro e uma valiosa fonte de cr\u00edtica hist\u00f3rica.<\/p>\n<p><em>Tempos Dif\u00edceis<\/em>\u00a0termina de forma positiva. Suas entrevistas com membros de associa\u00e7\u00f5es de moradores entre 2010-2013 o levou a concluir que muito foi mantido daquele per\u00edodo, e que uma mudan\u00e7a positiva \u00e9 finalmente poss\u00edvel. Em sua discuss\u00e3o sobre as <a href=\"http:\/\/bit.ly\/R5ueio\" target=\"_blank\" rel=\"noopener noreferrer\">UPPs<\/a>, ele destaca que a vis\u00e3o de Nazareth Cerqueira de preven\u00e7\u00e3o da criminalidade e policiamento comunit\u00e1rio est\u00e1 sendo, finalmente, em parte, realizada. McCann, no entanto, reconhece que <a href=\"http:\/\/bit.ly\/1bLEXdB\" target=\"_blank\" rel=\"noopener noreferrer\">um s\u00e9culo de policiamento violento<\/a> n\u00e3o \u00e9 facilmente derrubado. Ele tamb\u00e9m v\u00ea a recente onda de <a href=\"http:\/\/bit.ly\/12hqS0g\" target=\"_blank\" rel=\"noopener noreferrer\">protestos<\/a> como um sinal de progresso. Os debates vigorosos sobre os gastos p\u00fablicos com os Jogos Ol\u00edmpicos, com <a href=\"http:\/\/bit.ly\/X51Qvb\" target=\"_blank\" rel=\"noopener noreferrer\">remo\u00e7\u00f5es<\/a> e seguran\u00e7a, demonstram que os moradores das favelas est\u00e3o participando politicamente e <a href=\"http:\/\/bit.ly\/12hqS0g\" target=\"_blank\" rel=\"noopener noreferrer\">diretamente<\/a> para definir o futuro da cidade.<\/p>\n<p>McCann conclui que &#8220;o momento atual oferece uma oportunidade, pela primeira vez em 30 anos, de afirmar a diferen\u00e7a positiva ao mesmo tempo em que luta-se contra a exclus\u00e3o do estado de direito&#8221;. Se as li\u00e7\u00f5es da d\u00e9cada de 80 forem aprendidas&#8211;priorizar quadros est\u00e1veis \u200b\u200bde melhoria gradual ao inv\u00e9s de reformas radicais mal implementadas\u2013existe uma oportunidade para empoderar e proporcionar um futuro promissor para os moradores das favelas do Rio de Janeiro.<\/p>\n<!-- AddThis Advanced Settings generic via filter on the_content --><!-- AddThis Share Buttons generic via filter on the_content -->","protected":false},"excerpt":{"rendered":"<div class=\"mh-excerpt\"><p>Click Here for English Em 1978, moradores de favelas, te\u00f3logos da liberta\u00e7\u00e3o\u00a0e ativistas se mobilizaram para defender o Vidigal, com sucesso, contra tentativas de remo\u00e7\u00e3o. E eles usaram m\u00e9todos de resist\u00eancia engenhosos. Dentre eles o <a class=\"mh-excerpt-more\" href=\"https:\/\/rioonwatch.org.br\/?p=10564\" title=\"Resenha: Tempos Dif\u00edceis na Cidade Maravilhosa por Bryan McCann\">[&#8230;]<\/a><!-- AddThis Advanced Settings generic via filter on get_the_excerpt --><!-- AddThis Share Buttons generic via filter on get_the_excerpt --><\/p>\n<\/div>","protected":false},"author":129,"featured_media":26841,"comment_status":"closed","ping_status":"closed","sticky":false,"template":"","format":"standard","meta":{"_acf_changed":false,"_monsterinsights_skip_tracking":false,"_monsterinsights_sitenote_active":false,"_monsterinsights_sitenote_note":"","_monsterinsights_sitenote_category":0,"footnotes":""},"categories":[1618,1614,344,1620,342],"tags":[655,553,1030,1023,1031,128,2548,1601,448,304,86,774,1033,919,1032,14,958,432,180,672,562,92,354],"writer":[1028],"translator":[584],"source":[],"ilustrador":[],"fotografo":[],"class_list":{"0":"post-10564","1":"post","2":"type-post","3":"status-publish","4":"format-standard","5":"has-post-thumbnail","7":"category-olhonaparticipacao","8":"category-olhonasremocoes","9":"category-politicas","10":"category-olhonaupp","11":"category-solucoes","12":"tag-associacao-de-moradores","13":"tag-cada-familia-um-lote","14":"tag-ciep","15":"tag-ditadura-militar","16":"tag-famerj","17":"tag-historia","18":"tag-igreja-catolica","19":"tag-leonel-brizola","20":"tag-lideranca","21":"tag-participacao","22":"tag-pastoral-de-favelas","23":"tag-policia-militar","24":"tag-politica","25":"tag-reforma-da-policia","26":"tag-reforma-educacional","27":"tag-remocao","28":"tag-resenha-de-livro","29":"tag-resistencia","30":"tag-santa-marta","31":"tag-seguranca-publica","32":"tag-trafico-de-drogas","33":"tag-upp","34":"tag-vidigal","35":"writer-nyasha-weinberg","36":"translator-arianne-reis"},"acf":[],"yoast_head":"<!-- This site is optimized with the Yoast SEO plugin v25.6 - https:\/\/yoast.com\/wordpress\/plugins\/seo\/ -->\n<title>Resenha: Tempos Dif\u00edceis na Cidade Maravilhosa por Bryan McCann - RioOnWatch<\/title>\n<meta name=\"robots\" content=\"index, follow, max-snippet:-1, max-image-preview:large, max-video-preview:-1\" \/>\n<link rel=\"canonical\" href=\"https:\/\/rioonwatch.org.br\/?p=10564\" \/>\n<meta property=\"og:locale\" content=\"pt_BR\" \/>\n<meta property=\"og:type\" content=\"article\" \/>\n<meta property=\"og:title\" content=\"Resenha: Tempos Dif\u00edceis na Cidade Maravilhosa por Bryan McCann - RioOnWatch\" \/>\n<meta property=\"og:description\" content=\"Click Here for English Em 1978, moradores de favelas, te\u00f3logos da liberta\u00e7\u00e3o\u00a0e ativistas se mobilizaram para defender o Vidigal, com sucesso, contra tentativas de remo\u00e7\u00e3o. E eles usaram m\u00e9todos de resist\u00eancia engenhosos. Dentre eles o [...]\" \/>\n<meta property=\"og:url\" content=\"https:\/\/rioonwatch.org.br\/?p=10564\" \/>\n<meta property=\"og:site_name\" content=\"RioOnWatch\" \/>\n<meta property=\"article:published_time\" content=\"2014-03-13T20:42:07+00:00\" \/>\n<meta property=\"article:modified_time\" content=\"2026-04-14T13:00:51+00:00\" \/>\n<meta property=\"og:image\" content=\"https:\/\/rioonwatch.org.br\/wp-content\/uploads\/2014\/03\/santa-marta-passada.jpg\" \/>\n\t<meta property=\"og:image:width\" content=\"657\" \/>\n\t<meta property=\"og:image:height\" content=\"439\" \/>\n\t<meta property=\"og:image:type\" content=\"image\/jpeg\" \/>\n<meta name=\"author\" content=\"Admin\" \/>\n<meta name=\"twitter:card\" content=\"summary_large_image\" \/>\n<meta name=\"twitter:label1\" content=\"Escrito por\" \/>\n\t<meta name=\"twitter:data1\" content=\"Admin\" \/>\n\t<meta name=\"twitter:label2\" content=\"Est. tempo de leitura\" \/>\n\t<meta name=\"twitter:data2\" content=\"8 minutos\" \/>\n<script type=\"application\/ld+json\" class=\"yoast-schema-graph\">{\"@context\":\"https:\/\/schema.org\",\"@graph\":[{\"@type\":\"Article\",\"@id\":\"https:\/\/rioonwatch.org.br\/?p=10564#article\",\"isPartOf\":{\"@id\":\"https:\/\/rioonwatch.org.br\/?p=10564\"},\"author\":{\"name\":\"Admin\",\"@id\":\"https:\/\/rioonwatch.org.br\/#\/schema\/person\/11d64c290506f9df50c71b850c473f68\"},\"headline\":\"Resenha: Tempos Dif\u00edceis na Cidade Maravilhosa por Bryan McCann\",\"datePublished\":\"2014-03-13T20:42:07+00:00\",\"dateModified\":\"2026-04-14T13:00:51+00:00\",\"mainEntityOfPage\":{\"@id\":\"https:\/\/rioonwatch.org.br\/?p=10564\"},\"wordCount\":1691,\"publisher\":{\"@id\":\"https:\/\/rioonwatch.org.br\/#organization\"},\"image\":{\"@id\":\"https:\/\/rioonwatch.org.br\/?p=10564#primaryimage\"},\"thumbnailUrl\":\"https:\/\/rioonwatch.org.br\/wp-content\/uploads\/2014\/03\/santa-marta-passada.jpg\",\"keywords\":[\"Associa\u00e7\u00e3o de Moradores\",\"Cada Fam\u00edlia Um Lote\",\"CIEP\",\"Ditadura Militar\",\"FAMERJ\",\"hist\u00f3ria\",\"Igreja Cat\u00f3lica\",\"Leonel Brizola\",\"lideran\u00e7a\",\"participa\u00e7\u00e3o\",\"Pastoral das Favelas\",\"Pol\u00edcia Militar\",\"pol\u00edtica\",\"reforma da pol\u00edcia\",\"reforma educacional\",\"Remo\u00e7\u00e3o\",\"resenha de livro\",\"resist\u00eancia\",\"Santa Marta\",\"seguran\u00e7a p\u00fablica\",\"tr\u00e1fico de drogas\",\"UPP\",\"Vidigal\"],\"articleSection\":[\"#OlhoNaParticipa\u00e7\u00e3o\",\"#OlhoNasRemo\u00e7\u00f5es\",\"Pol\u00edticas\",\"Seguran\u00e7a P\u00fablica\",\"Solu\u00e7\u00f5es\"],\"inLanguage\":\"pt-BR\"},{\"@type\":\"WebPage\",\"@id\":\"https:\/\/rioonwatch.org.br\/?p=10564\",\"url\":\"https:\/\/rioonwatch.org.br\/?p=10564\",\"name\":\"Resenha: Tempos Dif\u00edceis na Cidade Maravilhosa por Bryan McCann - RioOnWatch\",\"isPartOf\":{\"@id\":\"https:\/\/rioonwatch.org.br\/#website\"},\"primaryImageOfPage\":{\"@id\":\"https:\/\/rioonwatch.org.br\/?p=10564#primaryimage\"},\"image\":{\"@id\":\"https:\/\/rioonwatch.org.br\/?p=10564#primaryimage\"},\"thumbnailUrl\":\"https:\/\/rioonwatch.org.br\/wp-content\/uploads\/2014\/03\/santa-marta-passada.jpg\",\"datePublished\":\"2014-03-13T20:42:07+00:00\",\"dateModified\":\"2026-04-14T13:00:51+00:00\",\"breadcrumb\":{\"@id\":\"https:\/\/rioonwatch.org.br\/?p=10564#breadcrumb\"},\"inLanguage\":\"pt-BR\",\"potentialAction\":[{\"@type\":\"ReadAction\",\"target\":[\"https:\/\/rioonwatch.org.br\/?p=10564\"]}]},{\"@type\":\"ImageObject\",\"inLanguage\":\"pt-BR\",\"@id\":\"https:\/\/rioonwatch.org.br\/?p=10564#primaryimage\",\"url\":\"https:\/\/rioonwatch.org.br\/wp-content\/uploads\/2014\/03\/santa-marta-passada.jpg\",\"contentUrl\":\"https:\/\/rioonwatch.org.br\/wp-content\/uploads\/2014\/03\/santa-marta-passada.jpg\",\"width\":657,\"height\":439},{\"@type\":\"BreadcrumbList\",\"@id\":\"https:\/\/rioonwatch.org.br\/?p=10564#breadcrumb\",\"itemListElement\":[{\"@type\":\"ListItem\",\"position\":1,\"name\":\"In\u00edcio\",\"item\":\"https:\/\/rioonwatch.org.br\/\"},{\"@type\":\"ListItem\",\"position\":2,\"name\":\"Resenha: Tempos Dif\u00edceis na Cidade Maravilhosa por Bryan McCann\"}]},{\"@type\":\"WebSite\",\"@id\":\"https:\/\/rioonwatch.org.br\/#website\",\"url\":\"https:\/\/rioonwatch.org.br\/\",\"name\":\"RioOnWatch\",\"description\":\"relatos das favelas cariocas\",\"publisher\":{\"@id\":\"https:\/\/rioonwatch.org.br\/#organization\"},\"potentialAction\":[{\"@type\":\"SearchAction\",\"target\":{\"@type\":\"EntryPoint\",\"urlTemplate\":\"https:\/\/rioonwatch.org.br\/?s={search_term_string}\"},\"query-input\":{\"@type\":\"PropertyValueSpecification\",\"valueRequired\":true,\"valueName\":\"search_term_string\"}}],\"inLanguage\":\"pt-BR\"},{\"@type\":\"Organization\",\"@id\":\"https:\/\/rioonwatch.org.br\/#organization\",\"name\":\"RioOnWatch\",\"url\":\"https:\/\/rioonwatch.org.br\/\",\"logo\":{\"@type\":\"ImageObject\",\"inLanguage\":\"pt-BR\",\"@id\":\"https:\/\/rioonwatch.org.br\/#\/schema\/logo\/image\/\",\"url\":\"https:\/\/rioonwatch.org.br\/wp-content\/uploads\/2021\/06\/RioOnWatchcabecalhoPT11anos-2.png\",\"contentUrl\":\"https:\/\/rioonwatch.org.br\/wp-content\/uploads\/2021\/06\/RioOnWatchcabecalhoPT11anos-2.png\",\"width\":779,\"height\":277,\"caption\":\"RioOnWatch\"},\"image\":{\"@id\":\"https:\/\/rioonwatch.org.br\/#\/schema\/logo\/image\/\"}},{\"@type\":\"Person\",\"@id\":\"https:\/\/rioonwatch.org.br\/#\/schema\/person\/11d64c290506f9df50c71b850c473f68\",\"name\":\"Admin\",\"image\":{\"@type\":\"ImageObject\",\"inLanguage\":\"pt-BR\",\"@id\":\"https:\/\/rioonwatch.org.br\/#\/schema\/person\/image\/\",\"url\":\"https:\/\/secure.gravatar.com\/avatar\/56211ac74568383903349a1485e3c325?s=96&d=blank&r=g\",\"contentUrl\":\"https:\/\/secure.gravatar.com\/avatar\/56211ac74568383903349a1485e3c325?s=96&d=blank&r=g\",\"caption\":\"Admin\"},\"url\":\"https:\/\/rioonwatch.org.br\/?author=129\"}]}<\/script>\n<!-- \/ Yoast SEO plugin. -->","yoast_head_json":{"title":"Resenha: Tempos Dif\u00edceis na Cidade Maravilhosa por Bryan McCann - RioOnWatch","robots":{"index":"index","follow":"follow","max-snippet":"max-snippet:-1","max-image-preview":"max-image-preview:large","max-video-preview":"max-video-preview:-1"},"canonical":"https:\/\/rioonwatch.org.br\/?p=10564","og_locale":"pt_BR","og_type":"article","og_title":"Resenha: Tempos Dif\u00edceis na Cidade Maravilhosa por Bryan McCann - RioOnWatch","og_description":"Click Here for English Em 1978, moradores de favelas, te\u00f3logos da liberta\u00e7\u00e3o\u00a0e ativistas se mobilizaram para defender o Vidigal, com sucesso, contra tentativas de remo\u00e7\u00e3o. E eles usaram m\u00e9todos de resist\u00eancia engenhosos. Dentre eles o [...]","og_url":"https:\/\/rioonwatch.org.br\/?p=10564","og_site_name":"RioOnWatch","article_published_time":"2014-03-13T20:42:07+00:00","article_modified_time":"2026-04-14T13:00:51+00:00","og_image":[{"width":657,"height":439,"url":"https:\/\/rioonwatch.org.br\/wp-content\/uploads\/2014\/03\/santa-marta-passada.jpg","type":"image\/jpeg"}],"author":"Admin","twitter_card":"summary_large_image","twitter_misc":{"Escrito por":"Admin","Est. tempo de leitura":"8 minutos"},"schema":{"@context":"https:\/\/schema.org","@graph":[{"@type":"Article","@id":"https:\/\/rioonwatch.org.br\/?p=10564#article","isPartOf":{"@id":"https:\/\/rioonwatch.org.br\/?p=10564"},"author":{"name":"Admin","@id":"https:\/\/rioonwatch.org.br\/#\/schema\/person\/11d64c290506f9df50c71b850c473f68"},"headline":"Resenha: Tempos Dif\u00edceis na Cidade Maravilhosa por Bryan McCann","datePublished":"2014-03-13T20:42:07+00:00","dateModified":"2026-04-14T13:00:51+00:00","mainEntityOfPage":{"@id":"https:\/\/rioonwatch.org.br\/?p=10564"},"wordCount":1691,"publisher":{"@id":"https:\/\/rioonwatch.org.br\/#organization"},"image":{"@id":"https:\/\/rioonwatch.org.br\/?p=10564#primaryimage"},"thumbnailUrl":"https:\/\/rioonwatch.org.br\/wp-content\/uploads\/2014\/03\/santa-marta-passada.jpg","keywords":["Associa\u00e7\u00e3o de Moradores","Cada Fam\u00edlia Um Lote","CIEP","Ditadura Militar","FAMERJ","hist\u00f3ria","Igreja Cat\u00f3lica","Leonel Brizola","lideran\u00e7a","participa\u00e7\u00e3o","Pastoral das Favelas","Pol\u00edcia Militar","pol\u00edtica","reforma da pol\u00edcia","reforma educacional","Remo\u00e7\u00e3o","resenha de livro","resist\u00eancia","Santa Marta","seguran\u00e7a p\u00fablica","tr\u00e1fico de drogas","UPP","Vidigal"],"articleSection":["#OlhoNaParticipa\u00e7\u00e3o","#OlhoNasRemo\u00e7\u00f5es","Pol\u00edticas","Seguran\u00e7a P\u00fablica","Solu\u00e7\u00f5es"],"inLanguage":"pt-BR"},{"@type":"WebPage","@id":"https:\/\/rioonwatch.org.br\/?p=10564","url":"https:\/\/rioonwatch.org.br\/?p=10564","name":"Resenha: Tempos Dif\u00edceis na Cidade Maravilhosa por Bryan McCann - RioOnWatch","isPartOf":{"@id":"https:\/\/rioonwatch.org.br\/#website"},"primaryImageOfPage":{"@id":"https:\/\/rioonwatch.org.br\/?p=10564#primaryimage"},"image":{"@id":"https:\/\/rioonwatch.org.br\/?p=10564#primaryimage"},"thumbnailUrl":"https:\/\/rioonwatch.org.br\/wp-content\/uploads\/2014\/03\/santa-marta-passada.jpg","datePublished":"2014-03-13T20:42:07+00:00","dateModified":"2026-04-14T13:00:51+00:00","breadcrumb":{"@id":"https:\/\/rioonwatch.org.br\/?p=10564#breadcrumb"},"inLanguage":"pt-BR","potentialAction":[{"@type":"ReadAction","target":["https:\/\/rioonwatch.org.br\/?p=10564"]}]},{"@type":"ImageObject","inLanguage":"pt-BR","@id":"https:\/\/rioonwatch.org.br\/?p=10564#primaryimage","url":"https:\/\/rioonwatch.org.br\/wp-content\/uploads\/2014\/03\/santa-marta-passada.jpg","contentUrl":"https:\/\/rioonwatch.org.br\/wp-content\/uploads\/2014\/03\/santa-marta-passada.jpg","width":657,"height":439},{"@type":"BreadcrumbList","@id":"https:\/\/rioonwatch.org.br\/?p=10564#breadcrumb","itemListElement":[{"@type":"ListItem","position":1,"name":"In\u00edcio","item":"https:\/\/rioonwatch.org.br\/"},{"@type":"ListItem","position":2,"name":"Resenha: Tempos Dif\u00edceis na Cidade Maravilhosa por Bryan McCann"}]},{"@type":"WebSite","@id":"https:\/\/rioonwatch.org.br\/#website","url":"https:\/\/rioonwatch.org.br\/","name":"RioOnWatch","description":"relatos das favelas cariocas","publisher":{"@id":"https:\/\/rioonwatch.org.br\/#organization"},"potentialAction":[{"@type":"SearchAction","target":{"@type":"EntryPoint","urlTemplate":"https:\/\/rioonwatch.org.br\/?s={search_term_string}"},"query-input":{"@type":"PropertyValueSpecification","valueRequired":true,"valueName":"search_term_string"}}],"inLanguage":"pt-BR"},{"@type":"Organization","@id":"https:\/\/rioonwatch.org.br\/#organization","name":"RioOnWatch","url":"https:\/\/rioonwatch.org.br\/","logo":{"@type":"ImageObject","inLanguage":"pt-BR","@id":"https:\/\/rioonwatch.org.br\/#\/schema\/logo\/image\/","url":"https:\/\/rioonwatch.org.br\/wp-content\/uploads\/2021\/06\/RioOnWatchcabecalhoPT11anos-2.png","contentUrl":"https:\/\/rioonwatch.org.br\/wp-content\/uploads\/2021\/06\/RioOnWatchcabecalhoPT11anos-2.png","width":779,"height":277,"caption":"RioOnWatch"},"image":{"@id":"https:\/\/rioonwatch.org.br\/#\/schema\/logo\/image\/"}},{"@type":"Person","@id":"https:\/\/rioonwatch.org.br\/#\/schema\/person\/11d64c290506f9df50c71b850c473f68","name":"Admin","image":{"@type":"ImageObject","inLanguage":"pt-BR","@id":"https:\/\/rioonwatch.org.br\/#\/schema\/person\/image\/","url":"https:\/\/secure.gravatar.com\/avatar\/56211ac74568383903349a1485e3c325?s=96&d=blank&r=g","contentUrl":"https:\/\/secure.gravatar.com\/avatar\/56211ac74568383903349a1485e3c325?s=96&d=blank&r=g","caption":"Admin"},"url":"https:\/\/rioonwatch.org.br\/?author=129"}]}},"_links":{"self":[{"href":"https:\/\/rioonwatch.org.br\/index.php?rest_route=\/wp\/v2\/posts\/10564"}],"collection":[{"href":"https:\/\/rioonwatch.org.br\/index.php?rest_route=\/wp\/v2\/posts"}],"about":[{"href":"https:\/\/rioonwatch.org.br\/index.php?rest_route=\/wp\/v2\/types\/post"}],"author":[{"embeddable":true,"href":"https:\/\/rioonwatch.org.br\/index.php?rest_route=\/wp\/v2\/users\/129"}],"replies":[{"embeddable":true,"href":"https:\/\/rioonwatch.org.br\/index.php?rest_route=%2Fwp%2Fv2%2Fcomments&post=10564"}],"version-history":[{"count":70,"href":"https:\/\/rioonwatch.org.br\/index.php?rest_route=\/wp\/v2\/posts\/10564\/revisions"}],"predecessor-version":[{"id":48477,"href":"https:\/\/rioonwatch.org.br\/index.php?rest_route=\/wp\/v2\/posts\/10564\/revisions\/48477"}],"wp:featuredmedia":[{"embeddable":true,"href":"https:\/\/rioonwatch.org.br\/index.php?rest_route=\/wp\/v2\/media\/26841"}],"wp:attachment":[{"href":"https:\/\/rioonwatch.org.br\/index.php?rest_route=%2Fwp%2Fv2%2Fmedia&parent=10564"}],"wp:term":[{"taxonomy":"category","embeddable":true,"href":"https:\/\/rioonwatch.org.br\/index.php?rest_route=%2Fwp%2Fv2%2Fcategories&post=10564"},{"taxonomy":"post_tag","embeddable":true,"href":"https:\/\/rioonwatch.org.br\/index.php?rest_route=%2Fwp%2Fv2%2Ftags&post=10564"},{"taxonomy":"writer","embeddable":true,"href":"https:\/\/rioonwatch.org.br\/index.php?rest_route=%2Fwp%2Fv2%2Fwriter&post=10564"},{"taxonomy":"translator","embeddable":true,"href":"https:\/\/rioonwatch.org.br\/index.php?rest_route=%2Fwp%2Fv2%2Ftranslator&post=10564"},{"taxonomy":"source","embeddable":true,"href":"https:\/\/rioonwatch.org.br\/index.php?rest_route=%2Fwp%2Fv2%2Fsource&post=10564"},{"taxonomy":"ilustrador","embeddable":true,"href":"https:\/\/rioonwatch.org.br\/index.php?rest_route=%2Fwp%2Fv2%2Filustrador&post=10564"},{"taxonomy":"fotografo","embeddable":true,"href":"https:\/\/rioonwatch.org.br\/index.php?rest_route=%2Fwp%2Fv2%2Ffotografo&post=10564"}],"curies":[{"name":"wp","href":"https:\/\/api.w.org\/{rel}","templated":true}]}}