{"id":106,"date":"2010-05-18T19:31:43","date_gmt":"2010-05-18T22:31:43","guid":{"rendered":"http:\/\/favela.info\/?p=106"},"modified":"2015-08-14T16:36:30","modified_gmt":"2015-08-14T19:36:30","slug":"dona-regina-e-mais-uma-comunidade-invisivel-a-fazenda-dos-mineiros-em-sao-goncalo","status":"publish","type":"post","link":"https:\/\/rioonwatch.org.br\/?p=106","title":{"rendered":"Dona Regina e mais uma comunidade invis\u00edvel: a Fazenda dos Mineiros em S\u00e3o Gon\u00e7alo"},"content":{"rendered":"<p><em>Onda Solid\u00e1ria\u00a0busca atrair aten\u00e7\u00e3o dos poderes p\u00fablicos para a regi\u00e3o do Porto do Rosa (Fazenda dos Mineiros), em S\u00e3o Gon\u00e7alo, e\u00a0buscar alternativas de moradias para fam\u00edlias em situa\u00e7\u00e3o de risco na regi\u00e3o<\/em><\/p>\n<p>\u201cA \u00e1gua estragou mesmo foi o arm\u00e1rio e o colch\u00e3o que a menina dorme. T\u00e1 tudo bem, meus filhos, n\u00e3o preocupa, n\u00e3o, que tem gente que perdeu mais no bairro vizinho, a Fazenda dos Mineiros, onde minha m\u00e3e mora\u201d, disse Dona Regina, moradora do Porto do Rosa, localizada no entorno do Lix\u00e3o de Ita\u00f3ca, em S\u00e3o Gon\u00e7alo.<\/p>\n<p>A casa escura dessa m\u00e3e de quatro filhos lembrava um canteiro de obras. No espa\u00e7o, que s\u00f3 tinha um quarto com uma cama de casal, uma cozinha com um fog\u00e3o velho, geladeira usada como arm\u00e1rio e um banheiro onde o chuveiro era apenas um cano, vivia Dona Regina, tr\u00eas dos seus filhos e seu marido que, como ela, estava desempregado, cansado, sem esperan\u00e7a e doente.<\/p>\n<p>Fomos levados at\u00e9 l\u00e1 por Rosa e Elesi, duas moradoras da regi\u00e3o que desde 2004 conhecem a Onda Solid\u00e1ria e dedicam-se em apoiar nossas a\u00e7\u00f5es sociais na regi\u00e3o. \u201cQuando voc\u00eas chegaram eu estava chorando\u201d, disse Regina. \u201cChorando e rezando pedindo algum apoio a Deus, e n\u00e3o \u00e9 que voc\u00eas apareceram\u201d, falava em uma mistura de choro e sorriso. \u201cVamos, que eu vou ajudar voc\u00eas a encontrar as fam\u00edlias que mais precisam de apoio l\u00e1 na Fazenda dos Mineiros\u201d, concluiu acendendo os olhos e iniciando o movimento para deixar a pr\u00f3pria casa precisando tanto de apoio para ajudar outros.<\/p>\n<p>Assim come\u00e7ou o s\u00e1bado (24 de Abril) quando o grupo solid\u00e1rio formado por Ricardo, eu e Paulo, um jovem morador do abrigo municipal Don Helder C\u00e2mara bateu na casa de Rosa e Elesi e, depois de recrutar tamb\u00e9m Dona Regina, seguiu para a t\u00e3o falada Fazenda dos Mineiros.<\/p>\n<p>A Fazenda dos Mineiros, um aglomerado de casas no meio do mangue nos assustou de cara. Ali o tr\u00e1fico ditava as regras. Dona Regina pediu licen\u00e7a, se aproximou dos \u201cdonos do local\u201d e disse que era um trabalho solid\u00e1rio, n\u00e3o t\u00ednhamos nada com a policia. Autorizados a entrar e conversar com as pessoas, nos dividimos em pares e fomos de casa em casa perguntando o quanto eles haviam sido afetados pelas chuvas fortes no Rio.<\/p>\n<p>Todos tiveram \u00e1gua entrado em casa. Os que tinham m\u00f3veis, financiados em dezenas de presta\u00e7\u00f5es, perderam. A \u00e1gua barrenta e polu\u00edda causa um estrago que eu n\u00e3o havia imaginado. Colch\u00f5es, imprest\u00e1veis, assim como sof\u00e1s, roupas, eletrodom\u00e9sticos. Tudo parecia \u00famido, mesmo tantas semanas ap\u00f3s as chuvas, prestes a quebrar. A proximidade do mangue das casas nos assustava. Uma chuvinha mais forte e tudo poderia acontecer de novo.<\/p>\n<p>Paulo, nosso jovem solid\u00e1rio que integrou o Projeto Galera Solid\u00e1ria e tamb\u00e9m o Animare, hoje \u00e9 aprendiz de pedreiro. Durante as entrevistas, oferecia solu\u00e7\u00f5es, dizia que essa ou aquela casa s\u00f3 precisava de um pouco de cimento aqui, um tijolo ali, que faria o servi\u00e7o sem cobrar, que resolveria. Ficamos todos emocionados em ver tanta solidariedade nesse jovem, tanta vontade de fazer alguma coisa, de ajudar.<\/p>\n<p>Dona Regina nos levou \u00e0 casa de sua m\u00e3e, muito castigada pela chuva. L\u00e1 n\u00e3o havia cadeiras para sentar. Todas estavam sendo usadas para levantar o arm\u00e1rio do quarto. Na cama, uma linda menina de 14 anos dormia encolhida. Era a filha mais velha de Dona Regina que sofria com uma doen\u00e7a cr\u00f4nica e estava sentindo fortes dores naquele dia.<\/p>\n<p>A agonia de Dona Regina nos deixou aflitos. Uma agonia sufocada, que parecia n\u00e3o ter direito de se expressar, mas que do\u00eda. Ela contou a hist\u00f3ria da doen\u00e7a da filha, dos problemas nas filas dos postos de sa\u00fade, da dificuldade de encontrar \u00e2nimo. A irm\u00e3 mais nova, de 12 anos, da menina fazia bordado e ajudava a manter a casa.<\/p>\n<p>Em um caderninho hav\u00edamos anotado as principais car\u00eancias que poder\u00edamos atender: colch\u00f5es, cestas b\u00e1sicas, materiais de constru\u00e7\u00e3o, rem\u00e9dios para a filha de Regina. Dali fomos todos ao supermercado e para uma grande loja de m\u00f3veis. As encomendas foram feitas: 18 cestas b\u00e1sicas, 15 colch\u00f5es, comprados com os\u00a0R$ 1.846,23 que a Onda Solid\u00e1ria recebeu em doa\u00e7\u00f5es entre os dias 12\/04 a 26\/04. O que hav\u00edamos trazido no carro, caixas de roupas e materiais escolares foram distribu\u00eddos ali mesmo para as crian\u00e7as da regi\u00e3o.<\/p>\n<p>Apenas Regina levou direto da loja o colch\u00e3o que faria a filha que mora com ela dormir em um local macio. A roupa de cama cor de rosa, escolhida com carinho fez muito sucesso e Dona Regina mais uma vez chorou.<\/p>\n<p>Chorou sem conter. Como todos n\u00f3s, estava cansada, j\u00e1 eram 20hs de um dia intenso. N\u00e3o chorou pela filha doente, pelo marido desempregado, pela incapacidade de dar uma vida com mais sa\u00fade para sua fam\u00edlia, nem pelo pai que havia falecido recentemente. Chorou porque disse ter gostado muito, estava muito feliz por ter tido a oportunidade de ajudar os outros.<\/p>\n<p><strong>Invis\u00edvel at\u00e9 quando?<\/strong><\/p>\n<p>A Ilha de Ita\u00f3ca situa-se no rec\u00f4ncavo da Ba\u00eda de Guanabara. \u00c9\u00a0ligada ao continente por uma ponte, tem cerca de\u00a010 mil habitantes e as principais atividades econ\u00f4micas s\u00e3o a pesca, a coleta de caranguejos do mangue e a busca de lixo recicl\u00e1vel para a venda.<\/p>\n<p>A regi\u00e3o enfrenta diversos problemas. Desde\u00a0car\u00eancias b\u00e1sicas para oferecer uma vida digna para seus moradores (n\u00e3o\u00a0h\u00e1 saneamento b\u00e1sico, ilumina\u00e7\u00e3o, seguran\u00e7a e, conforme pesquisa social realizada em 2009, mais de 20% n\u00e3o tem documenta\u00e7\u00e3o). Al\u00e9m disso,\u00a0muitas casas foram construidas pr\u00f3ximas do mangue. Assim, com as chuvas\u00a0fortes dos \u00faltimos meses, muitas pessoas ficaram desabrigadas, ou est\u00e3o vivendo em condi\u00e7\u00f5es prec\u00e1rias desde ent\u00e3o. \u00c9 fundamental descobrir se essa regi\u00e3o poderia receber benef\u00edcios do Governo e, assim, articular com as lideran\u00e7as locais possibilidades para melhorar a vida da comunidade e transferir fam\u00edlas para regi\u00f5es mais seguras.<\/p>\n<p>Outro detalhe importante e triste \u00e9 que o\u00a0Lix\u00e3o de Ita\u00f3ca j\u00e1 deveria ter sido desativado h\u00e1 muito tempo, por\u00e9m, continua a receber lixo e, no \u00faltimo m\u00eas, passou a ser o destino do material do morro do Bumba, em Niter\u00f3i, e os moradores reclamam por estar agora convivendo com restos de corpos e mais riscos para a sa\u00fade, especialmente de crian\u00e7as.<\/p>\n<p>\u00c9 hora de trazer visibilidade para a comunidade do Porto do Rosa \/ Fazenda dos Mineiros em S\u00e3o Gon\u00e7alo!! Vamos nos mobilizar???<\/p>\n<!-- AddThis Advanced Settings generic via filter on the_content --><!-- AddThis Share Buttons generic via filter on the_content -->","protected":false},"excerpt":{"rendered":"<div class=\"mh-excerpt\"><p>Onda Solid\u00e1ria\u00a0busca atrair aten\u00e7\u00e3o dos poderes p\u00fablicos para a regi\u00e3o do Porto do Rosa (Fazenda dos Mineiros), em S\u00e3o Gon\u00e7alo, e\u00a0buscar alternativas de moradias para fam\u00edlias em situa\u00e7\u00e3o de risco na regi\u00e3o \u201cA \u00e1gua estragou <a class=\"mh-excerpt-more\" href=\"https:\/\/rioonwatch.org.br\/?p=106\" title=\"Dona Regina e mais uma comunidade invis\u00edvel: a Fazenda dos Mineiros em S\u00e3o Gon\u00e7alo\">[&#8230;]<\/a><!-- AddThis Advanced Settings generic via filter on get_the_excerpt --><!-- AddThis Share Buttons generic via filter on get_the_excerpt --><\/p>\n<\/div>","protected":false},"author":5,"featured_media":15758,"comment_status":"open","ping_status":"open","sticky":false,"template":"","format":"standard","meta":{"_acf_changed":false,"_monsterinsights_skip_tracking":false,"_monsterinsights_sitenote_active":false,"_monsterinsights_sitenote_note":"","_monsterinsights_sitenote_category":0,"footnotes":""},"categories":[1614,1625],"tags":[11,1372,10,14,231],"writer":[167],"translator":[],"source":[],"ilustrador":[],"fotografo":[],"class_list":{"0":"post-106","1":"post","2":"type-post","3":"status-publish","4":"format-standard","5":"has-post-thumbnail","7":"category-olhonasremocoes","8":"category-por-correspondentes-comunitarios","9":"tag-chuvas","10":"tag-grande-rio","11":"tag-niteroi","12":"tag-remocao","13":"tag-sao-goncalo","14":"writer-cristiane-assis"},"acf":[],"yoast_head":"<!-- This site is optimized with the Yoast SEO plugin v25.6 - https:\/\/yoast.com\/wordpress\/plugins\/seo\/ -->\n<title>Dona Regina e mais uma comunidade invis\u00edvel: a Fazenda dos Mineiros em S\u00e3o Gon\u00e7alo - RioOnWatch<\/title>\n<meta name=\"robots\" content=\"index, follow, max-snippet:-1, max-image-preview:large, max-video-preview:-1\" \/>\n<link rel=\"canonical\" href=\"https:\/\/rioonwatch.org.br\/?p=106\" \/>\n<meta property=\"og:locale\" content=\"pt_BR\" \/>\n<meta property=\"og:type\" content=\"article\" \/>\n<meta property=\"og:title\" content=\"Dona Regina e mais uma comunidade invis\u00edvel: a Fazenda dos Mineiros em S\u00e3o Gon\u00e7alo - RioOnWatch\" \/>\n<meta property=\"og:description\" content=\"Onda Solid\u00e1ria\u00a0busca atrair aten\u00e7\u00e3o dos poderes p\u00fablicos para a regi\u00e3o do Porto do Rosa (Fazenda dos Mineiros), em S\u00e3o Gon\u00e7alo, e\u00a0buscar alternativas de moradias para fam\u00edlias em situa\u00e7\u00e3o de risco na regi\u00e3o \u201cA \u00e1gua estragou [...]\" \/>\n<meta property=\"og:url\" content=\"https:\/\/rioonwatch.org.br\/?p=106\" \/>\n<meta property=\"og:site_name\" content=\"RioOnWatch\" \/>\n<meta property=\"article:published_time\" content=\"2010-05-18T22:31:43+00:00\" \/>\n<meta property=\"article:modified_time\" content=\"2015-08-14T19:36:30+00:00\" \/>\n<meta property=\"og:image\" content=\"https:\/\/rioonwatch.org.br\/wp-content\/uploads\/2010\/05\/Fazenda-dos-Mineiros.png\" \/>\n\t<meta property=\"og:image:width\" content=\"1813\" \/>\n\t<meta property=\"og:image:height\" content=\"643\" \/>\n\t<meta property=\"og:image:type\" content=\"image\/png\" \/>\n<meta name=\"author\" content=\"Tiago\" \/>\n<meta name=\"twitter:card\" content=\"summary_large_image\" \/>\n<meta name=\"twitter:label1\" content=\"Escrito por\" \/>\n\t<meta name=\"twitter:data1\" content=\"Tiago\" \/>\n\t<meta name=\"twitter:label2\" content=\"Est. tempo de leitura\" \/>\n\t<meta name=\"twitter:data2\" content=\"6 minutos\" \/>\n<script type=\"application\/ld+json\" class=\"yoast-schema-graph\">{\"@context\":\"https:\/\/schema.org\",\"@graph\":[{\"@type\":\"Article\",\"@id\":\"https:\/\/rioonwatch.org.br\/?p=106#article\",\"isPartOf\":{\"@id\":\"https:\/\/rioonwatch.org.br\/?p=106\"},\"author\":{\"name\":\"Tiago\",\"@id\":\"https:\/\/rioonwatch.org.br\/#\/schema\/person\/7c54ce0a929f914709db001584daa6ee\"},\"headline\":\"Dona Regina e mais uma comunidade invis\u00edvel: a Fazenda dos Mineiros em S\u00e3o Gon\u00e7alo\",\"datePublished\":\"2010-05-18T22:31:43+00:00\",\"dateModified\":\"2015-08-14T19:36:30+00:00\",\"mainEntityOfPage\":{\"@id\":\"https:\/\/rioonwatch.org.br\/?p=106\"},\"wordCount\":1166,\"commentCount\":0,\"publisher\":{\"@id\":\"https:\/\/rioonwatch.org.br\/#organization\"},\"image\":{\"@id\":\"https:\/\/rioonwatch.org.br\/?p=106#primaryimage\"},\"thumbnailUrl\":\"https:\/\/rioonwatch.org.br\/wp-content\/uploads\/2010\/05\/Fazenda-dos-Mineiros.png\",\"keywords\":[\"chuvas\",\"Grande Rio\",\"Niter\u00f3i\",\"Remo\u00e7\u00e3o\",\"S\u00e3o Gon\u00e7alo\"],\"articleSection\":[\"#OlhoNasRemo\u00e7\u00f5es\",\"Escrito por Comunicadores Populares\"],\"inLanguage\":\"pt-BR\",\"potentialAction\":[{\"@type\":\"CommentAction\",\"name\":\"Comment\",\"target\":[\"https:\/\/rioonwatch.org.br\/?p=106#respond\"]}]},{\"@type\":\"WebPage\",\"@id\":\"https:\/\/rioonwatch.org.br\/?p=106\",\"url\":\"https:\/\/rioonwatch.org.br\/?p=106\",\"name\":\"Dona Regina e mais uma comunidade invis\u00edvel: a Fazenda dos Mineiros em S\u00e3o Gon\u00e7alo - RioOnWatch\",\"isPartOf\":{\"@id\":\"https:\/\/rioonwatch.org.br\/#website\"},\"primaryImageOfPage\":{\"@id\":\"https:\/\/rioonwatch.org.br\/?p=106#primaryimage\"},\"image\":{\"@id\":\"https:\/\/rioonwatch.org.br\/?p=106#primaryimage\"},\"thumbnailUrl\":\"https:\/\/rioonwatch.org.br\/wp-content\/uploads\/2010\/05\/Fazenda-dos-Mineiros.png\",\"datePublished\":\"2010-05-18T22:31:43+00:00\",\"dateModified\":\"2015-08-14T19:36:30+00:00\",\"breadcrumb\":{\"@id\":\"https:\/\/rioonwatch.org.br\/?p=106#breadcrumb\"},\"inLanguage\":\"pt-BR\",\"potentialAction\":[{\"@type\":\"ReadAction\",\"target\":[\"https:\/\/rioonwatch.org.br\/?p=106\"]}]},{\"@type\":\"ImageObject\",\"inLanguage\":\"pt-BR\",\"@id\":\"https:\/\/rioonwatch.org.br\/?p=106#primaryimage\",\"url\":\"https:\/\/rioonwatch.org.br\/wp-content\/uploads\/2010\/05\/Fazenda-dos-Mineiros.png\",\"contentUrl\":\"https:\/\/rioonwatch.org.br\/wp-content\/uploads\/2010\/05\/Fazenda-dos-Mineiros.png\",\"width\":1813,\"height\":643},{\"@type\":\"BreadcrumbList\",\"@id\":\"https:\/\/rioonwatch.org.br\/?p=106#breadcrumb\",\"itemListElement\":[{\"@type\":\"ListItem\",\"position\":1,\"name\":\"In\u00edcio\",\"item\":\"https:\/\/rioonwatch.org.br\/\"},{\"@type\":\"ListItem\",\"position\":2,\"name\":\"Dona Regina e mais uma comunidade invis\u00edvel: a Fazenda dos Mineiros em S\u00e3o Gon\u00e7alo\"}]},{\"@type\":\"WebSite\",\"@id\":\"https:\/\/rioonwatch.org.br\/#website\",\"url\":\"https:\/\/rioonwatch.org.br\/\",\"name\":\"RioOnWatch\",\"description\":\"relatos das favelas cariocas\",\"publisher\":{\"@id\":\"https:\/\/rioonwatch.org.br\/#organization\"},\"potentialAction\":[{\"@type\":\"SearchAction\",\"target\":{\"@type\":\"EntryPoint\",\"urlTemplate\":\"https:\/\/rioonwatch.org.br\/?s={search_term_string}\"},\"query-input\":{\"@type\":\"PropertyValueSpecification\",\"valueRequired\":true,\"valueName\":\"search_term_string\"}}],\"inLanguage\":\"pt-BR\"},{\"@type\":\"Organization\",\"@id\":\"https:\/\/rioonwatch.org.br\/#organization\",\"name\":\"RioOnWatch\",\"url\":\"https:\/\/rioonwatch.org.br\/\",\"logo\":{\"@type\":\"ImageObject\",\"inLanguage\":\"pt-BR\",\"@id\":\"https:\/\/rioonwatch.org.br\/#\/schema\/logo\/image\/\",\"url\":\"https:\/\/rioonwatch.org.br\/wp-content\/uploads\/2021\/06\/RioOnWatchcabecalhoPT11anos-2.png\",\"contentUrl\":\"https:\/\/rioonwatch.org.br\/wp-content\/uploads\/2021\/06\/RioOnWatchcabecalhoPT11anos-2.png\",\"width\":779,\"height\":277,\"caption\":\"RioOnWatch\"},\"image\":{\"@id\":\"https:\/\/rioonwatch.org.br\/#\/schema\/logo\/image\/\"}},{\"@type\":\"Person\",\"@id\":\"https:\/\/rioonwatch.org.br\/#\/schema\/person\/7c54ce0a929f914709db001584daa6ee\",\"name\":\"Tiago\",\"image\":{\"@type\":\"ImageObject\",\"inLanguage\":\"pt-BR\",\"@id\":\"https:\/\/rioonwatch.org.br\/#\/schema\/person\/image\/\",\"url\":\"https:\/\/secure.gravatar.com\/avatar\/886b123583861b1f9e1b1393972b9aeb?s=96&d=blank&r=g\",\"contentUrl\":\"https:\/\/secure.gravatar.com\/avatar\/886b123583861b1f9e1b1393972b9aeb?s=96&d=blank&r=g\",\"caption\":\"Tiago\"},\"url\":\"https:\/\/rioonwatch.org.br\/?author=5\"}]}<\/script>\n<!-- \/ Yoast SEO plugin. -->","yoast_head_json":{"title":"Dona Regina e mais uma comunidade invis\u00edvel: a Fazenda dos Mineiros em S\u00e3o Gon\u00e7alo - RioOnWatch","robots":{"index":"index","follow":"follow","max-snippet":"max-snippet:-1","max-image-preview":"max-image-preview:large","max-video-preview":"max-video-preview:-1"},"canonical":"https:\/\/rioonwatch.org.br\/?p=106","og_locale":"pt_BR","og_type":"article","og_title":"Dona Regina e mais uma comunidade invis\u00edvel: a Fazenda dos Mineiros em S\u00e3o Gon\u00e7alo - RioOnWatch","og_description":"Onda Solid\u00e1ria\u00a0busca atrair aten\u00e7\u00e3o dos poderes p\u00fablicos para a regi\u00e3o do Porto do Rosa (Fazenda dos Mineiros), em S\u00e3o Gon\u00e7alo, e\u00a0buscar alternativas de moradias para fam\u00edlias em situa\u00e7\u00e3o de risco na regi\u00e3o \u201cA \u00e1gua estragou [...]","og_url":"https:\/\/rioonwatch.org.br\/?p=106","og_site_name":"RioOnWatch","article_published_time":"2010-05-18T22:31:43+00:00","article_modified_time":"2015-08-14T19:36:30+00:00","og_image":[{"width":1813,"height":643,"url":"https:\/\/rioonwatch.org.br\/wp-content\/uploads\/2010\/05\/Fazenda-dos-Mineiros.png","type":"image\/png"}],"author":"Tiago","twitter_card":"summary_large_image","twitter_misc":{"Escrito por":"Tiago","Est. tempo de leitura":"6 minutos"},"schema":{"@context":"https:\/\/schema.org","@graph":[{"@type":"Article","@id":"https:\/\/rioonwatch.org.br\/?p=106#article","isPartOf":{"@id":"https:\/\/rioonwatch.org.br\/?p=106"},"author":{"name":"Tiago","@id":"https:\/\/rioonwatch.org.br\/#\/schema\/person\/7c54ce0a929f914709db001584daa6ee"},"headline":"Dona Regina e mais uma comunidade invis\u00edvel: a Fazenda dos Mineiros em S\u00e3o Gon\u00e7alo","datePublished":"2010-05-18T22:31:43+00:00","dateModified":"2015-08-14T19:36:30+00:00","mainEntityOfPage":{"@id":"https:\/\/rioonwatch.org.br\/?p=106"},"wordCount":1166,"commentCount":0,"publisher":{"@id":"https:\/\/rioonwatch.org.br\/#organization"},"image":{"@id":"https:\/\/rioonwatch.org.br\/?p=106#primaryimage"},"thumbnailUrl":"https:\/\/rioonwatch.org.br\/wp-content\/uploads\/2010\/05\/Fazenda-dos-Mineiros.png","keywords":["chuvas","Grande Rio","Niter\u00f3i","Remo\u00e7\u00e3o","S\u00e3o Gon\u00e7alo"],"articleSection":["#OlhoNasRemo\u00e7\u00f5es","Escrito por Comunicadores Populares"],"inLanguage":"pt-BR","potentialAction":[{"@type":"CommentAction","name":"Comment","target":["https:\/\/rioonwatch.org.br\/?p=106#respond"]}]},{"@type":"WebPage","@id":"https:\/\/rioonwatch.org.br\/?p=106","url":"https:\/\/rioonwatch.org.br\/?p=106","name":"Dona Regina e mais uma comunidade invis\u00edvel: a Fazenda dos Mineiros em S\u00e3o Gon\u00e7alo - RioOnWatch","isPartOf":{"@id":"https:\/\/rioonwatch.org.br\/#website"},"primaryImageOfPage":{"@id":"https:\/\/rioonwatch.org.br\/?p=106#primaryimage"},"image":{"@id":"https:\/\/rioonwatch.org.br\/?p=106#primaryimage"},"thumbnailUrl":"https:\/\/rioonwatch.org.br\/wp-content\/uploads\/2010\/05\/Fazenda-dos-Mineiros.png","datePublished":"2010-05-18T22:31:43+00:00","dateModified":"2015-08-14T19:36:30+00:00","breadcrumb":{"@id":"https:\/\/rioonwatch.org.br\/?p=106#breadcrumb"},"inLanguage":"pt-BR","potentialAction":[{"@type":"ReadAction","target":["https:\/\/rioonwatch.org.br\/?p=106"]}]},{"@type":"ImageObject","inLanguage":"pt-BR","@id":"https:\/\/rioonwatch.org.br\/?p=106#primaryimage","url":"https:\/\/rioonwatch.org.br\/wp-content\/uploads\/2010\/05\/Fazenda-dos-Mineiros.png","contentUrl":"https:\/\/rioonwatch.org.br\/wp-content\/uploads\/2010\/05\/Fazenda-dos-Mineiros.png","width":1813,"height":643},{"@type":"BreadcrumbList","@id":"https:\/\/rioonwatch.org.br\/?p=106#breadcrumb","itemListElement":[{"@type":"ListItem","position":1,"name":"In\u00edcio","item":"https:\/\/rioonwatch.org.br\/"},{"@type":"ListItem","position":2,"name":"Dona Regina e mais uma comunidade invis\u00edvel: a Fazenda dos Mineiros em S\u00e3o Gon\u00e7alo"}]},{"@type":"WebSite","@id":"https:\/\/rioonwatch.org.br\/#website","url":"https:\/\/rioonwatch.org.br\/","name":"RioOnWatch","description":"relatos das favelas cariocas","publisher":{"@id":"https:\/\/rioonwatch.org.br\/#organization"},"potentialAction":[{"@type":"SearchAction","target":{"@type":"EntryPoint","urlTemplate":"https:\/\/rioonwatch.org.br\/?s={search_term_string}"},"query-input":{"@type":"PropertyValueSpecification","valueRequired":true,"valueName":"search_term_string"}}],"inLanguage":"pt-BR"},{"@type":"Organization","@id":"https:\/\/rioonwatch.org.br\/#organization","name":"RioOnWatch","url":"https:\/\/rioonwatch.org.br\/","logo":{"@type":"ImageObject","inLanguage":"pt-BR","@id":"https:\/\/rioonwatch.org.br\/#\/schema\/logo\/image\/","url":"https:\/\/rioonwatch.org.br\/wp-content\/uploads\/2021\/06\/RioOnWatchcabecalhoPT11anos-2.png","contentUrl":"https:\/\/rioonwatch.org.br\/wp-content\/uploads\/2021\/06\/RioOnWatchcabecalhoPT11anos-2.png","width":779,"height":277,"caption":"RioOnWatch"},"image":{"@id":"https:\/\/rioonwatch.org.br\/#\/schema\/logo\/image\/"}},{"@type":"Person","@id":"https:\/\/rioonwatch.org.br\/#\/schema\/person\/7c54ce0a929f914709db001584daa6ee","name":"Tiago","image":{"@type":"ImageObject","inLanguage":"pt-BR","@id":"https:\/\/rioonwatch.org.br\/#\/schema\/person\/image\/","url":"https:\/\/secure.gravatar.com\/avatar\/886b123583861b1f9e1b1393972b9aeb?s=96&d=blank&r=g","contentUrl":"https:\/\/secure.gravatar.com\/avatar\/886b123583861b1f9e1b1393972b9aeb?s=96&d=blank&r=g","caption":"Tiago"},"url":"https:\/\/rioonwatch.org.br\/?author=5"}]}},"_links":{"self":[{"href":"https:\/\/rioonwatch.org.br\/index.php?rest_route=\/wp\/v2\/posts\/106"}],"collection":[{"href":"https:\/\/rioonwatch.org.br\/index.php?rest_route=\/wp\/v2\/posts"}],"about":[{"href":"https:\/\/rioonwatch.org.br\/index.php?rest_route=\/wp\/v2\/types\/post"}],"author":[{"embeddable":true,"href":"https:\/\/rioonwatch.org.br\/index.php?rest_route=\/wp\/v2\/users\/5"}],"replies":[{"embeddable":true,"href":"https:\/\/rioonwatch.org.br\/index.php?rest_route=%2Fwp%2Fv2%2Fcomments&post=106"}],"version-history":[{"count":12,"href":"https:\/\/rioonwatch.org.br\/index.php?rest_route=\/wp\/v2\/posts\/106\/revisions"}],"predecessor-version":[{"id":15760,"href":"https:\/\/rioonwatch.org.br\/index.php?rest_route=\/wp\/v2\/posts\/106\/revisions\/15760"}],"wp:featuredmedia":[{"embeddable":true,"href":"https:\/\/rioonwatch.org.br\/index.php?rest_route=\/wp\/v2\/media\/15758"}],"wp:attachment":[{"href":"https:\/\/rioonwatch.org.br\/index.php?rest_route=%2Fwp%2Fv2%2Fmedia&parent=106"}],"wp:term":[{"taxonomy":"category","embeddable":true,"href":"https:\/\/rioonwatch.org.br\/index.php?rest_route=%2Fwp%2Fv2%2Fcategories&post=106"},{"taxonomy":"post_tag","embeddable":true,"href":"https:\/\/rioonwatch.org.br\/index.php?rest_route=%2Fwp%2Fv2%2Ftags&post=106"},{"taxonomy":"writer","embeddable":true,"href":"https:\/\/rioonwatch.org.br\/index.php?rest_route=%2Fwp%2Fv2%2Fwriter&post=106"},{"taxonomy":"translator","embeddable":true,"href":"https:\/\/rioonwatch.org.br\/index.php?rest_route=%2Fwp%2Fv2%2Ftranslator&post=106"},{"taxonomy":"source","embeddable":true,"href":"https:\/\/rioonwatch.org.br\/index.php?rest_route=%2Fwp%2Fv2%2Fsource&post=106"},{"taxonomy":"ilustrador","embeddable":true,"href":"https:\/\/rioonwatch.org.br\/index.php?rest_route=%2Fwp%2Fv2%2Filustrador&post=106"},{"taxonomy":"fotografo","embeddable":true,"href":"https:\/\/rioonwatch.org.br\/index.php?rest_route=%2Fwp%2Fv2%2Ffotografo&post=106"}],"curies":[{"name":"wp","href":"https:\/\/api.w.org\/{rel}","templated":true}]}}