{"id":10724,"date":"2014-04-07T11:11:30","date_gmt":"2014-04-07T14:11:30","guid":{"rendered":"http:\/\/rioonwatch.org.br\/?p=10724"},"modified":"2015-12-23T23:47:33","modified_gmt":"2015-12-24T02:47:33","slug":"conheca-cintia-luna-do-morro-do-fogueteiro-presidente-da-amust","status":"publish","type":"post","link":"https:\/\/rioonwatch.org.br\/?p=10724","title":{"rendered":"Conhe\u00e7a C\u00edntia Luna, Presidente da AMUST do Morro do Fogueteiro"},"content":{"rendered":"<p style=\"text-align: right;\"><em><strong><a href=\"http:\/\/bit.ly\/1vRqrnO\" \ntarget=\"_blank\">Click Here for English<img decoding=\"async\" width=\"20\" height=\"20\" class=\"alignright wp-image-15790\" src=\"http:\/\/rioonwatch.org.br\/wp-content\/uploads\/2012\/08\/EN-standard-e1439583104716.jpg\" alt=\"\" \/><\/a><\/strong><\/em><\/p>\n<p style=\"text-align: left;\"><img fetchpriority=\"high\" decoding=\"async\" class=\"size-medium wp-image-14036 alignright alignnone\" alt=\"Cintia\" src=\"http:\/\/rioonwatch.org\/wp-content\/uploads\/2014\/03\/IMG_25111-224x300.jpg\" width=\"224\" height=\"300\" \/><\/p>\n<p>C\u00edntia Luna, 35 anos, atual presidente da\u00a0<a title=\"AMUST Facebook Page\" href=\"http:\/\/on.fb.me\/1gBtYPg\" target=\"_blank\">Associa\u00e7\u00e3o dos Moradores Unidos de Santa Teresa-AMUST<\/a>\u00a0realiza um papel de lideran\u00e7a no desenvolvimento da associa\u00e7\u00e3o durante os \u00faltimos oito anos. Moradora de longa data do\u00a0<a href=\"http:\/\/bit.ly\/1gZcqDj\" target=\"_blank\">Fogueteiro<\/a>, uma das favelas localizadas em Santa Teresa, no centro do Rio de Janeiro, C\u00edntia cresceu na comunidade e se lembra de sua inf\u00e2ncia, quando o desenvolvimento come\u00e7ou a ocorrer na comunidade. C\u00edntia e outros membros da comunidade recriaram a associa\u00e7\u00e3o quando viram que as comunidades queriam e necessitavam de mudan\u00e7as, dado que a primeira associa\u00e7\u00e3o terminou h\u00e1 mais de vinte anos. Em nossa entrevista com C\u00edntia, conversamos sobre sua hist\u00f3ria na comunidade, seu papel como presidente da AMUST, as mudan\u00e7as que ela realizou na comunidade e suas esperan\u00e7as para o <a href=\"http:\/\/bit.ly\/1hTidqd\" target=\"_blank\">futuro do Fogueteiro<\/a>.<\/p>\n<p><strong>ROW: <\/strong><strong>Por favor, conte sobre a sua hist\u00f3ria em rela\u00e7\u00e3o \u00e0 sua trajet\u00f3ria como gestora social. O que te levou a se engajar na AMUST? Teve um evento ou acontecimento espec\u00edfico que te levou ao engajamento? Como foi essa hist\u00f3ria? <\/strong><\/p>\n<p>Na verdade, tem uma hist\u00f3ria sim: a gente bateu muito papo na rua falando nas coisas que poderiam ter aqui, as coisas que poderiam mudar. E a gente questionava na \u00e9poca que n\u00e3o tinha uma associa\u00e7\u00e3o de moradores, a associa\u00e7\u00e3o n\u00e3o existia mais. J\u00e1 havia existido, foi interrompida e nos quer\u00edamos come\u00e7ar de novo. Ent\u00e3o, a gente iniciou essas conversas, e o grupo Unidas come\u00e7ou o processo. Ent\u00e3o, formamos uma chapa e pegamos a situa\u00e7\u00e3o. A gente fez naturalmente, como brincadeira, e acabou que aconteceu e j\u00e1 se passaram oito anos. E eu acho que mudaram muitas coisas, melhoramos o que foi poss\u00edvel. Para a gente uma mudan\u00e7a muito pequena, porque ainda tem muitas coisas para mudar, mas porque n\u00e3o tinha nada antes, foi uma mudan\u00e7a significativa. Ent\u00e3o v\u00e1rias coisas aconteceram nesses oitos anos. Antigamente, nos \u00e9ramos dez pessoas. E no final terminamos com tr\u00eas. Todo mundo j\u00e1 se sentia bem cansado. E \u00e9 muito dif\u00edcil arregimentar mais pessoas. A gente passa e muitas pessoas criticam. Para oferecer uma solu\u00e7\u00e3o n\u00e3o tem ningu\u00e9m.<\/p>\n<p><strong>ROW: Teve elei\u00e7\u00e3o? Como foi? <\/strong><\/p>\n<p>Teve uma elei\u00e7\u00e3o, em outubro do ano passado e este ano vai ter outra. Mas mesmo com pouco apoio, eu acredito que h\u00e1 pessoas que v\u00e3o querer, que t\u00eam vontade de mudar, e as quest\u00f5es est\u00e3o mudando.<\/p>\n<p><strong>ROW: O que voc\u00ea faz hoje como Presidente da AMUST? Qual \u00e9 o seu papel?<\/strong><strong><\/strong><\/p>\n<p>As pessoas confundem muito o papel do presidente da associa\u00e7\u00e3o da moradores, eu acho que as pessoas acham que o presidente \u00e9 advogado, juiz, que \u00e9 da Prefeitura, que \u00e9 do Estado, e acham que a gente tem poder de fazer tudo, mudar tudo e n\u00e3o \u00e9 simples assim. Mas a defini\u00e7\u00e3o do papel \u00e9 de apenas receber as demandas da maioria dos problemas que acontecem na comunidade e passar para as autoridades que tem poder de tomar as provid\u00eancias, e tamb\u00e9m recepcionar essas mesmas autoridades a fim de organizar o trabalhos deles aqui dentro<strong>.\u00a0<\/strong><\/p>\n<p><strong>ROW: Qual tem sido a sua maior realiza\u00e7\u00e3o como Presidente da AMUST at\u00e9 hoje?<a href=\"http:\/\/rioonwatch.org\/wp-content\/uploads\/2014\/03\/IMG_25131.jpg\"><img decoding=\"async\" class=\"size-medium wp-image-14041 alignright\" alt=\"IMG_2513\" src=\"http:\/\/rioonwatch.org\/wp-content\/uploads\/2014\/03\/IMG_25131-300x300.jpg\" width=\"300\" height=\"300\" \/><\/a><\/strong><strong><\/strong><\/p>\n<p>Na verdade, foi o projeto <a href=\"http:\/\/bit.ly\/1pAfHYz\" target=\"_blank\">Boa Safra<\/a> que foi criado por n\u00f3s mesmos, e a gente sustenta at\u00e9 hoje com volunt\u00e1rios<strong>.<\/strong>\u00a0H\u00e1 muitas crian\u00e7as e adolescentes, muitos deles encaminharei para empregos. E acho que o que d\u00e1 mais orgulho para a gente \u00e9 esse trabalho que fizemos com as crian\u00e7as que hoje s\u00e3o jovens, e a gente continua ainda com isso. Nosso enfoque maior \u00e9 com as crian\u00e7as e os jovens.<\/p>\n<p>N\u00f3s temos aulas de luta-livre, aulas de capoeira e de futebol. N\u00f3s fomos campe\u00f5es do time feminino de futebol, em um campeonato grande pela causa das favelas, a gente participou com v\u00e1rias comunidades do Rio de Janeiro (<a href=\"http:\/\/bit.ly\/1qe5TE2\" target=\"_blank\">Ta\u00e7a das Favelas<\/a>). N\u00f3s temos esse trabalho com futebol feminino a gente recebeu convite para v\u00e1rias meninas irem jogar em Portugal e na Fran\u00e7a. Esse trabalho foi focado mais para o esporte e tamb\u00e9m pra educa\u00e7\u00e3o. Porque todos eles t\u00eam que ir para a escola e tem todo um processo. Temos uma influ\u00eancia boa nessas crian\u00e7as e tamb\u00e9m nos adolescentes. \u00c9 legal.<\/p>\n<p><strong>ROW: Quais t\u00eam sido os maiores desafios que voc\u00ea t\u00eam vivido como Presidente da Associa\u00e7\u00e3o?<\/strong><\/p>\n<p>Eu acho que o maior desafio foi a implementa\u00e7\u00e3o da\u00a0<a title=\"UPP\" href=\"http:\/\/bit.ly\/1aOdvv3\" target=\"_blank\">UPP<\/a>. Foi em 2011, tr\u00eas anos agora. E tamb\u00e9m eu acho que um grande desafio \u00e9 o relacionamento entre a UPP e a comunidade. \u00c9 o maior desafio. Porque nesse momento os moradores est\u00e3o confusos com o nosso papel tamb\u00e9m, eles acreditam que temos o poder de mudar o capit\u00e3o da UPP e as fronteiras policias.<\/p>\n<p><strong>ROW: Com respeito \u00e0 UPP, a comunidade estava a fim de receber? E como \u00e9 que o projeto tem se manifestado na comunidade? Quais os pontos altos e baixos? Como voc\u00ea avalia o impacto?<\/strong><strong><\/strong><\/p>\n<p>Eu acredito que a maioria das pessoas s\u00e3o a favor da implementa\u00e7\u00e3o da UPP, n\u00e3o pela forma que os policias trabalham, e sim pela mudan\u00e7a. Agora temos menos exposi\u00e7\u00e3o do armamento, hoje em dia as crian\u00e7as n\u00e3o tem aquela vis\u00e3o de arma de fogo t\u00e3o pr\u00f3ximas que tinha antes, eles tinham uma vis\u00e3o de guerrilha. E hoje em dia, a gente n\u00e3o tem essa vis\u00e3o apesar de tudo. As crian\u00e7as sabem que tudo continua mais ou menos como antes. A princ\u00edpio o projeto da UPP n\u00e3o \u00e9 um projeto ruim, a ideia foi muito boa, mas com essa evolu\u00e7\u00e3o eu acredito que agora que eles est\u00e3o perdendo for\u00e7a, est\u00e3o perdendo credibilidade, foram muitas muitas falas. Creio que o governo n\u00e3o quer ter policiais bandidos mas existam muitos policiais bandidos. Ent\u00e3o isso corr\u00f3i o bom funcionamento de qualquer programa policial. \u00c9 isso, eu acho que a UPP tem seus pr\u00f3s e muitos contras.<\/p>\n<p><strong>ROW: O que voc\u00ea faria se pudesse mudar as coisas com o UPP? <a href=\"http:\/\/rioonwatch.org\/wp-content\/uploads\/2014\/03\/IMG_25021.jpg\"><img loading=\"lazy\" decoding=\"async\" class=\"size-medium wp-image-14035 alignright\" alt=\"IMG_2502\" src=\"http:\/\/rioonwatch.org\/wp-content\/uploads\/2014\/03\/IMG_25021-224x300.jpg\" width=\"224\" height=\"300\" \/><\/a><\/strong><\/p>\n<p>Se pudesse mudar alguma coisa seria nessa total credibilidade na vers\u00e3o policial. Na pol\u00edcia tem uma coisa chamada dupla-f\u00e9-publica, ou seja o que o policial diz tem duas vezes mais peso do que qualquer cidad\u00e3o. Ent\u00e3o significa que se eu n\u00e3o tiver drogas, mas se algum policial dizer que eu estou com drogas, pela justi\u00e7a a palavra dele tem mais peso. Ent\u00e3o essa dupla-f\u00e9-publica\u00a0\u00e9\u00a0uma credibilidade muito grande que \u00e9 depositada na pol\u00edcia, no policial, n\u00e3o na policia institui\u00e7\u00e3o mas no policial, e a gente tem os maus policiais que v\u00e3o usar isso contra a popula\u00e7\u00e3o carioca, o que fazem hoje dentro das comunidades onde a grande maioria s\u00e3o negros e que s\u00e3o vitimados com pris\u00f5es arbitr\u00e1rias e totalmente erradas. Ainda tem muita coisa para mudar.\u00a0<strong><br \/>\n<\/strong><\/p>\n<p><strong>ROW: Como que os moradores t\u00eam recebido voc\u00ea e seu trabalho?<\/strong><strong><\/strong><\/p>\n<p>Hoje em dia, eu acho que eles n\u00e3o est\u00e3o mais satisfeitos. Porque chega um momento em que a gente n\u00e3o tem mais o que fazer. Tem muitas coisas que n\u00e3o tenho como mudar. Estamos no ano eleitoral. Nesse ano temos os oportunistas e neste ano o governo n\u00e3o faz nada porque tudo que ele quer fazer pode ir contra ele, porque \u00e9 ano eleitoral. Ent\u00e3o a gente fica numa situa\u00e7\u00e3o em que o morador n\u00e3o entende que n\u00e3o tem nada que se possa fazer. Os moradores querem ver resultados, mas isso s\u00f3 acontece se eles tamb\u00e9m participarem das coisas da comunidade. Ent\u00e3o eu acho assim que estamos com um desgaste a frente.<\/p>\n<p><strong>ROW: O que te mant\u00e9m dedicada \u00e0 este trabalho depois de tanto tempo?<\/strong><strong><\/strong><\/p>\n<p>Eu gosto de ajudar quando \u00e9 necess\u00e1rio, talvez seja isso. \u00c9 dif\u00edcil porque as vezes a gente n\u00e3o tem motiva\u00e7\u00e3o financiara, mas eu tenho a motiva\u00e7\u00e3o do apoio \u00e0s pessoas.<strong><br \/>\n<\/strong><\/p>\n<p><strong>ROW: Qual \u00e9 o seu ideal para o Fogueteiro? <\/strong><\/p>\n<p>Eu acho que o Fogueteiro vai continuar em parte desse jeito, e caminhando como o Brasil. Eu espero que as pessoas acordam e vejam que n\u00e3o existe um futuro com uma pessoa s\u00f3. Existe um futuro com o coletivo. Se as comunidades do Rio de Janeiro se unissem, mudariam o Rio de Janeiro, porque somos a maioria, mas a maioria do morro \u00e9 ignorante e n\u00e3o conhece o potencial que tem. Eu espero que a popula\u00e7\u00e3o do Fogueteiro acorde e tome a iniciativa para gritar mais forte.<\/p>\n<p><img loading=\"lazy\" decoding=\"async\" class=\"size-medium wp-image-14037 alignright\" alt=\"IMG_2512\" src=\"http:\/\/rioonwatch.org\/wp-content\/uploads\/2014\/03\/IMG_25121-300x224.jpg\" width=\"300\" height=\"224\" \/><\/p>\n<p><strong>ROW: Finalmente, o que voc\u00ea passaria como o recado mais importante para um jovem frustrado com o estado das coisas ou interessado em se engajar com quest\u00f5es sociais?<\/strong><strong><\/strong><\/p>\n<p>Que ele transforme toda a frustra\u00e7\u00e3o dele, raiva, ira, em conhecimento. Porque s\u00f3 com conhecimento que ele vai conseguir lutar. Se ele se revolta sem conhecimento ele s\u00f3 \u00e9 mais um para entrar na estat\u00edstica.<\/p>\n<p><strong><span class=\"Apple-style-span\" style=\"font-weight: normal;\"><strong><br \/>\n<\/strong><\/span><\/strong><\/p>\n<!-- AddThis Advanced Settings generic via filter on the_content --><!-- AddThis Share Buttons generic via filter on the_content -->","protected":false},"excerpt":{"rendered":"<div class=\"mh-excerpt\"><p>Click Here for English C\u00edntia Luna, 35 anos, atual presidente da\u00a0Associa\u00e7\u00e3o dos Moradores Unidos de Santa Teresa-AMUST\u00a0realiza um papel de lideran\u00e7a no desenvolvimento da associa\u00e7\u00e3o durante os \u00faltimos oito anos. Moradora de longa data do\u00a0Fogueteiro, <a class=\"mh-excerpt-more\" href=\"https:\/\/rioonwatch.org.br\/?p=10724\" title=\"Conhe\u00e7a C\u00edntia Luna, Presidente da AMUST do Morro do Fogueteiro\">[&#8230;]<\/a><!-- AddThis Advanced Settings generic via filter on get_the_excerpt --><!-- AddThis Share Buttons generic via filter on get_the_excerpt --><\/p>\n<\/div>","protected":false},"author":132,"featured_media":10877,"comment_status":"closed","ping_status":"closed","sticky":false,"template":"","format":"standard","meta":{"_acf_changed":false,"_monsterinsights_skip_tracking":false,"_monsterinsights_sitenote_active":false,"_monsterinsights_sitenote_note":"","_monsterinsights_sitenote_category":0,"footnotes":""},"categories":[1620,342],"tags":[1059,655,75,298,35,92],"writer":[1058],"translator":[],"source":[],"ilustrador":[],"fotografo":[],"class_list":{"0":"post-10724","1":"post","2":"type-post","3":"status-publish","4":"format-standard","5":"has-post-thumbnail","7":"category-olhonaupp","8":"category-solucoes","9":"tag-amust","10":"tag-associacao-de-moradores","11":"tag-fogueteiro","12":"tag-perfil-de-lideranca","13":"tag-santa-teresa","14":"tag-upp","15":"writer-rachael-hilderbrand"},"acf":[],"yoast_head":"<!-- This site is optimized with the Yoast SEO plugin v25.6 - https:\/\/yoast.com\/wordpress\/plugins\/seo\/ -->\n<title>Conhe\u00e7a C\u00edntia Luna, Presidente da AMUST do Morro do Fogueteiro - RioOnWatch<\/title>\n<meta name=\"robots\" content=\"index, follow, max-snippet:-1, max-image-preview:large, max-video-preview:-1\" \/>\n<link rel=\"canonical\" href=\"https:\/\/rioonwatch.org.br\/?p=10724\" \/>\n<meta property=\"og:locale\" content=\"pt_BR\" \/>\n<meta property=\"og:type\" content=\"article\" \/>\n<meta property=\"og:title\" content=\"Conhe\u00e7a C\u00edntia Luna, Presidente da AMUST do Morro do Fogueteiro - RioOnWatch\" \/>\n<meta property=\"og:description\" content=\"Click Here for English C\u00edntia Luna, 35 anos, atual presidente da\u00a0Associa\u00e7\u00e3o dos Moradores Unidos de Santa Teresa-AMUST\u00a0realiza um papel de lideran\u00e7a no desenvolvimento da associa\u00e7\u00e3o durante os \u00faltimos oito anos. Moradora de longa data do\u00a0Fogueteiro, [...]\" \/>\n<meta property=\"og:url\" content=\"https:\/\/rioonwatch.org.br\/?p=10724\" \/>\n<meta property=\"og:site_name\" content=\"RioOnWatch\" \/>\n<meta property=\"article:published_time\" content=\"2014-04-07T14:11:30+00:00\" \/>\n<meta property=\"article:modified_time\" content=\"2015-12-24T02:47:33+00:00\" \/>\n<meta property=\"og:image\" content=\"https:\/\/rioonwatch.org.br\/wp-content\/uploads\/2014\/03\/c\u00b4ntia.jpg\" \/>\n\t<meta property=\"og:image:width\" content=\"960\" \/>\n\t<meta property=\"og:image:height\" content=\"787\" \/>\n\t<meta property=\"og:image:type\" content=\"image\/jpeg\" \/>\n<meta name=\"author\" content=\"Felicity\" \/>\n<meta name=\"twitter:card\" content=\"summary_large_image\" \/>\n<meta name=\"twitter:label1\" content=\"Escrito por\" \/>\n\t<meta name=\"twitter:data1\" content=\"Felicity\" \/>\n\t<meta name=\"twitter:label2\" content=\"Est. tempo de leitura\" \/>\n\t<meta name=\"twitter:data2\" content=\"8 minutos\" \/>\n<script type=\"application\/ld+json\" class=\"yoast-schema-graph\">{\"@context\":\"https:\/\/schema.org\",\"@graph\":[{\"@type\":\"Article\",\"@id\":\"https:\/\/rioonwatch.org.br\/?p=10724#article\",\"isPartOf\":{\"@id\":\"https:\/\/rioonwatch.org.br\/?p=10724\"},\"author\":{\"name\":\"Felicity\",\"@id\":\"https:\/\/rioonwatch.org.br\/#\/schema\/person\/4d05cf5053c358ab740b3edd75a173f2\"},\"headline\":\"Conhe\u00e7a C\u00edntia Luna, Presidente da AMUST do Morro do Fogueteiro\",\"datePublished\":\"2014-04-07T14:11:30+00:00\",\"dateModified\":\"2015-12-24T02:47:33+00:00\",\"mainEntityOfPage\":{\"@id\":\"https:\/\/rioonwatch.org.br\/?p=10724\"},\"wordCount\":1545,\"publisher\":{\"@id\":\"https:\/\/rioonwatch.org.br\/#organization\"},\"image\":{\"@id\":\"https:\/\/rioonwatch.org.br\/?p=10724#primaryimage\"},\"thumbnailUrl\":\"https:\/\/rioonwatch.org.br\/wp-content\/uploads\/2014\/03\/c\u00b4ntia.jpg\",\"keywords\":[\"AMUST\",\"Associa\u00e7\u00e3o de Moradores\",\"Fogueteiro\",\"perfil de lideran\u00e7a\",\"Santa Teresa\",\"UPP\"],\"articleSection\":[\"Seguran\u00e7a P\u00fablica\",\"Solu\u00e7\u00f5es\"],\"inLanguage\":\"pt-BR\"},{\"@type\":\"WebPage\",\"@id\":\"https:\/\/rioonwatch.org.br\/?p=10724\",\"url\":\"https:\/\/rioonwatch.org.br\/?p=10724\",\"name\":\"Conhe\u00e7a C\u00edntia Luna, Presidente da AMUST do Morro do Fogueteiro - RioOnWatch\",\"isPartOf\":{\"@id\":\"https:\/\/rioonwatch.org.br\/#website\"},\"primaryImageOfPage\":{\"@id\":\"https:\/\/rioonwatch.org.br\/?p=10724#primaryimage\"},\"image\":{\"@id\":\"https:\/\/rioonwatch.org.br\/?p=10724#primaryimage\"},\"thumbnailUrl\":\"https:\/\/rioonwatch.org.br\/wp-content\/uploads\/2014\/03\/c\u00b4ntia.jpg\",\"datePublished\":\"2014-04-07T14:11:30+00:00\",\"dateModified\":\"2015-12-24T02:47:33+00:00\",\"breadcrumb\":{\"@id\":\"https:\/\/rioonwatch.org.br\/?p=10724#breadcrumb\"},\"inLanguage\":\"pt-BR\",\"potentialAction\":[{\"@type\":\"ReadAction\",\"target\":[\"https:\/\/rioonwatch.org.br\/?p=10724\"]}]},{\"@type\":\"ImageObject\",\"inLanguage\":\"pt-BR\",\"@id\":\"https:\/\/rioonwatch.org.br\/?p=10724#primaryimage\",\"url\":\"https:\/\/rioonwatch.org.br\/wp-content\/uploads\/2014\/03\/c\u00b4ntia.jpg\",\"contentUrl\":\"https:\/\/rioonwatch.org.br\/wp-content\/uploads\/2014\/03\/c\u00b4ntia.jpg\",\"width\":960,\"height\":787},{\"@type\":\"BreadcrumbList\",\"@id\":\"https:\/\/rioonwatch.org.br\/?p=10724#breadcrumb\",\"itemListElement\":[{\"@type\":\"ListItem\",\"position\":1,\"name\":\"In\u00edcio\",\"item\":\"https:\/\/rioonwatch.org.br\/\"},{\"@type\":\"ListItem\",\"position\":2,\"name\":\"Conhe\u00e7a C\u00edntia Luna, Presidente da AMUST do Morro do Fogueteiro\"}]},{\"@type\":\"WebSite\",\"@id\":\"https:\/\/rioonwatch.org.br\/#website\",\"url\":\"https:\/\/rioonwatch.org.br\/\",\"name\":\"RioOnWatch\",\"description\":\"relatos das favelas cariocas\",\"publisher\":{\"@id\":\"https:\/\/rioonwatch.org.br\/#organization\"},\"potentialAction\":[{\"@type\":\"SearchAction\",\"target\":{\"@type\":\"EntryPoint\",\"urlTemplate\":\"https:\/\/rioonwatch.org.br\/?s={search_term_string}\"},\"query-input\":{\"@type\":\"PropertyValueSpecification\",\"valueRequired\":true,\"valueName\":\"search_term_string\"}}],\"inLanguage\":\"pt-BR\"},{\"@type\":\"Organization\",\"@id\":\"https:\/\/rioonwatch.org.br\/#organization\",\"name\":\"RioOnWatch\",\"url\":\"https:\/\/rioonwatch.org.br\/\",\"logo\":{\"@type\":\"ImageObject\",\"inLanguage\":\"pt-BR\",\"@id\":\"https:\/\/rioonwatch.org.br\/#\/schema\/logo\/image\/\",\"url\":\"https:\/\/rioonwatch.org.br\/wp-content\/uploads\/2021\/06\/RioOnWatchcabecalhoPT11anos-2.png\",\"contentUrl\":\"https:\/\/rioonwatch.org.br\/wp-content\/uploads\/2021\/06\/RioOnWatchcabecalhoPT11anos-2.png\",\"width\":779,\"height\":277,\"caption\":\"RioOnWatch\"},\"image\":{\"@id\":\"https:\/\/rioonwatch.org.br\/#\/schema\/logo\/image\/\"}},{\"@type\":\"Person\",\"@id\":\"https:\/\/rioonwatch.org.br\/#\/schema\/person\/4d05cf5053c358ab740b3edd75a173f2\",\"name\":\"Felicity\",\"image\":{\"@type\":\"ImageObject\",\"inLanguage\":\"pt-BR\",\"@id\":\"https:\/\/rioonwatch.org.br\/#\/schema\/person\/image\/\",\"url\":\"https:\/\/secure.gravatar.com\/avatar\/bfc904486dc0bba6015410a00fe3fc27?s=96&d=blank&r=g\",\"contentUrl\":\"https:\/\/secure.gravatar.com\/avatar\/bfc904486dc0bba6015410a00fe3fc27?s=96&d=blank&r=g\",\"caption\":\"Felicity\"},\"url\":\"https:\/\/rioonwatch.org.br\/?author=132\"}]}<\/script>\n<!-- \/ Yoast SEO plugin. -->","yoast_head_json":{"title":"Conhe\u00e7a C\u00edntia Luna, Presidente da AMUST do Morro do Fogueteiro - RioOnWatch","robots":{"index":"index","follow":"follow","max-snippet":"max-snippet:-1","max-image-preview":"max-image-preview:large","max-video-preview":"max-video-preview:-1"},"canonical":"https:\/\/rioonwatch.org.br\/?p=10724","og_locale":"pt_BR","og_type":"article","og_title":"Conhe\u00e7a C\u00edntia Luna, Presidente da AMUST do Morro do Fogueteiro - RioOnWatch","og_description":"Click Here for English C\u00edntia Luna, 35 anos, atual presidente da\u00a0Associa\u00e7\u00e3o dos Moradores Unidos de Santa Teresa-AMUST\u00a0realiza um papel de lideran\u00e7a no desenvolvimento da associa\u00e7\u00e3o durante os \u00faltimos oito anos. Moradora de longa data do\u00a0Fogueteiro, [...]","og_url":"https:\/\/rioonwatch.org.br\/?p=10724","og_site_name":"RioOnWatch","article_published_time":"2014-04-07T14:11:30+00:00","article_modified_time":"2015-12-24T02:47:33+00:00","og_image":[{"width":960,"height":787,"url":"https:\/\/rioonwatch.org.br\/wp-content\/uploads\/2014\/03\/c\u00b4ntia.jpg","type":"image\/jpeg"}],"author":"Felicity","twitter_card":"summary_large_image","twitter_misc":{"Escrito por":"Felicity","Est. tempo de leitura":"8 minutos"},"schema":{"@context":"https:\/\/schema.org","@graph":[{"@type":"Article","@id":"https:\/\/rioonwatch.org.br\/?p=10724#article","isPartOf":{"@id":"https:\/\/rioonwatch.org.br\/?p=10724"},"author":{"name":"Felicity","@id":"https:\/\/rioonwatch.org.br\/#\/schema\/person\/4d05cf5053c358ab740b3edd75a173f2"},"headline":"Conhe\u00e7a C\u00edntia Luna, Presidente da AMUST do Morro do Fogueteiro","datePublished":"2014-04-07T14:11:30+00:00","dateModified":"2015-12-24T02:47:33+00:00","mainEntityOfPage":{"@id":"https:\/\/rioonwatch.org.br\/?p=10724"},"wordCount":1545,"publisher":{"@id":"https:\/\/rioonwatch.org.br\/#organization"},"image":{"@id":"https:\/\/rioonwatch.org.br\/?p=10724#primaryimage"},"thumbnailUrl":"https:\/\/rioonwatch.org.br\/wp-content\/uploads\/2014\/03\/c\u00b4ntia.jpg","keywords":["AMUST","Associa\u00e7\u00e3o de Moradores","Fogueteiro","perfil de lideran\u00e7a","Santa Teresa","UPP"],"articleSection":["Seguran\u00e7a P\u00fablica","Solu\u00e7\u00f5es"],"inLanguage":"pt-BR"},{"@type":"WebPage","@id":"https:\/\/rioonwatch.org.br\/?p=10724","url":"https:\/\/rioonwatch.org.br\/?p=10724","name":"Conhe\u00e7a C\u00edntia Luna, Presidente da AMUST do Morro do Fogueteiro - RioOnWatch","isPartOf":{"@id":"https:\/\/rioonwatch.org.br\/#website"},"primaryImageOfPage":{"@id":"https:\/\/rioonwatch.org.br\/?p=10724#primaryimage"},"image":{"@id":"https:\/\/rioonwatch.org.br\/?p=10724#primaryimage"},"thumbnailUrl":"https:\/\/rioonwatch.org.br\/wp-content\/uploads\/2014\/03\/c\u00b4ntia.jpg","datePublished":"2014-04-07T14:11:30+00:00","dateModified":"2015-12-24T02:47:33+00:00","breadcrumb":{"@id":"https:\/\/rioonwatch.org.br\/?p=10724#breadcrumb"},"inLanguage":"pt-BR","potentialAction":[{"@type":"ReadAction","target":["https:\/\/rioonwatch.org.br\/?p=10724"]}]},{"@type":"ImageObject","inLanguage":"pt-BR","@id":"https:\/\/rioonwatch.org.br\/?p=10724#primaryimage","url":"https:\/\/rioonwatch.org.br\/wp-content\/uploads\/2014\/03\/c\u00b4ntia.jpg","contentUrl":"https:\/\/rioonwatch.org.br\/wp-content\/uploads\/2014\/03\/c\u00b4ntia.jpg","width":960,"height":787},{"@type":"BreadcrumbList","@id":"https:\/\/rioonwatch.org.br\/?p=10724#breadcrumb","itemListElement":[{"@type":"ListItem","position":1,"name":"In\u00edcio","item":"https:\/\/rioonwatch.org.br\/"},{"@type":"ListItem","position":2,"name":"Conhe\u00e7a C\u00edntia Luna, Presidente da AMUST do Morro do Fogueteiro"}]},{"@type":"WebSite","@id":"https:\/\/rioonwatch.org.br\/#website","url":"https:\/\/rioonwatch.org.br\/","name":"RioOnWatch","description":"relatos das favelas cariocas","publisher":{"@id":"https:\/\/rioonwatch.org.br\/#organization"},"potentialAction":[{"@type":"SearchAction","target":{"@type":"EntryPoint","urlTemplate":"https:\/\/rioonwatch.org.br\/?s={search_term_string}"},"query-input":{"@type":"PropertyValueSpecification","valueRequired":true,"valueName":"search_term_string"}}],"inLanguage":"pt-BR"},{"@type":"Organization","@id":"https:\/\/rioonwatch.org.br\/#organization","name":"RioOnWatch","url":"https:\/\/rioonwatch.org.br\/","logo":{"@type":"ImageObject","inLanguage":"pt-BR","@id":"https:\/\/rioonwatch.org.br\/#\/schema\/logo\/image\/","url":"https:\/\/rioonwatch.org.br\/wp-content\/uploads\/2021\/06\/RioOnWatchcabecalhoPT11anos-2.png","contentUrl":"https:\/\/rioonwatch.org.br\/wp-content\/uploads\/2021\/06\/RioOnWatchcabecalhoPT11anos-2.png","width":779,"height":277,"caption":"RioOnWatch"},"image":{"@id":"https:\/\/rioonwatch.org.br\/#\/schema\/logo\/image\/"}},{"@type":"Person","@id":"https:\/\/rioonwatch.org.br\/#\/schema\/person\/4d05cf5053c358ab740b3edd75a173f2","name":"Felicity","image":{"@type":"ImageObject","inLanguage":"pt-BR","@id":"https:\/\/rioonwatch.org.br\/#\/schema\/person\/image\/","url":"https:\/\/secure.gravatar.com\/avatar\/bfc904486dc0bba6015410a00fe3fc27?s=96&d=blank&r=g","contentUrl":"https:\/\/secure.gravatar.com\/avatar\/bfc904486dc0bba6015410a00fe3fc27?s=96&d=blank&r=g","caption":"Felicity"},"url":"https:\/\/rioonwatch.org.br\/?author=132"}]}},"_links":{"self":[{"href":"https:\/\/rioonwatch.org.br\/index.php?rest_route=\/wp\/v2\/posts\/10724"}],"collection":[{"href":"https:\/\/rioonwatch.org.br\/index.php?rest_route=\/wp\/v2\/posts"}],"about":[{"href":"https:\/\/rioonwatch.org.br\/index.php?rest_route=\/wp\/v2\/types\/post"}],"author":[{"embeddable":true,"href":"https:\/\/rioonwatch.org.br\/index.php?rest_route=\/wp\/v2\/users\/132"}],"replies":[{"embeddable":true,"href":"https:\/\/rioonwatch.org.br\/index.php?rest_route=%2Fwp%2Fv2%2Fcomments&post=10724"}],"version-history":[{"count":19,"href":"https:\/\/rioonwatch.org.br\/index.php?rest_route=\/wp\/v2\/posts\/10724\/revisions"}],"predecessor-version":[{"id":17884,"href":"https:\/\/rioonwatch.org.br\/index.php?rest_route=\/wp\/v2\/posts\/10724\/revisions\/17884"}],"wp:featuredmedia":[{"embeddable":true,"href":"https:\/\/rioonwatch.org.br\/index.php?rest_route=\/wp\/v2\/media\/10877"}],"wp:attachment":[{"href":"https:\/\/rioonwatch.org.br\/index.php?rest_route=%2Fwp%2Fv2%2Fmedia&parent=10724"}],"wp:term":[{"taxonomy":"category","embeddable":true,"href":"https:\/\/rioonwatch.org.br\/index.php?rest_route=%2Fwp%2Fv2%2Fcategories&post=10724"},{"taxonomy":"post_tag","embeddable":true,"href":"https:\/\/rioonwatch.org.br\/index.php?rest_route=%2Fwp%2Fv2%2Ftags&post=10724"},{"taxonomy":"writer","embeddable":true,"href":"https:\/\/rioonwatch.org.br\/index.php?rest_route=%2Fwp%2Fv2%2Fwriter&post=10724"},{"taxonomy":"translator","embeddable":true,"href":"https:\/\/rioonwatch.org.br\/index.php?rest_route=%2Fwp%2Fv2%2Ftranslator&post=10724"},{"taxonomy":"source","embeddable":true,"href":"https:\/\/rioonwatch.org.br\/index.php?rest_route=%2Fwp%2Fv2%2Fsource&post=10724"},{"taxonomy":"ilustrador","embeddable":true,"href":"https:\/\/rioonwatch.org.br\/index.php?rest_route=%2Fwp%2Fv2%2Filustrador&post=10724"},{"taxonomy":"fotografo","embeddable":true,"href":"https:\/\/rioonwatch.org.br\/index.php?rest_route=%2Fwp%2Fv2%2Ffotografo&post=10724"}],"curies":[{"name":"wp","href":"https:\/\/api.w.org\/{rel}","templated":true}]}}