{"id":10930,"date":"2014-03-28T21:30:45","date_gmt":"2014-03-29T00:30:45","guid":{"rendered":"http:\/\/rioonwatch.org.br\/?p=10930"},"modified":"2015-12-24T00:01:33","modified_gmt":"2015-12-24T03:01:33","slug":"defensores-publicos-emitem-nota-sobre-recentes-acontecimentos-na-vila-autodromo","status":"publish","type":"post","link":"https:\/\/rioonwatch.org.br\/?p=10930","title":{"rendered":"Defensores P\u00fablicos Emitem Nota Sobre Recentes Acontecimentos na Vila Aut\u00f3dromo"},"content":{"rendered":"<p style=\"text-align: right;\"><em><strong><a href=\"http:\/\/bit.ly\/1qUwY51\" \ntarget=\"_blank\">Click Here for English<img decoding=\"async\" width=\"20\" height=\"20\" class=\"alignright wp-image-15790\" src=\"http:\/\/rioonwatch.org.br\/wp-content\/uploads\/2012\/08\/EN-standard-e1439583104716.jpg\" alt=\"\" \/><\/a><\/strong><\/em><\/p>\n<p><em>Na sequ\u00eancia dos acontecimentos desta semana em que a <a href=\"http:\/\/bit.ly\/1g7EYEi\" target=\"_blank\">liminar impedindo demoli\u00e7\u00f5es na Vila Aut\u00f3dromo foi derrubada<\/a> pelos l\u00edderes do Escrit\u00f3rio da\u00a0<a href=\"http:\/\/bit.ly\/1kcl02n\" target=\"_blank\">Defensoria P\u00fablica do Estado do Rio<\/a>, os defensores p\u00fablicos do N\u00facleo de Terras e Habita\u00e7\u00e3o (NUTH), que representa a comunidade h\u00e1 anos emitiu a seguinte nota:<\/em><\/p>\n<p>NOTA DOS TITULARES DO NUTH A RESPEITO DOS RECENTES ACONTECIMENTOS EM VILA AUT\u00d3DROMO<\/p>\n<p>No ano de 2013, o N\u00facleo de Terras e Habita\u00e7\u00e3o prop\u00f4s a\u00e7\u00e3o civil p\u00fablica (peti\u00e7\u00e3o inicial em anexo), visando \u00e0 declara\u00e7\u00e3o de nulidade da licen\u00e7a de demoli\u00e7\u00e3o de moradias situadas na <a href=\"http:\/\/bit.ly\/Nfddvg\" target=\"_blank\">Vila Aut\u00f3dromo<\/a>, comunidade que luta contra tentativas sucessivas de remo\u00e7\u00e3o desde 1993 (autos n.\u00ba 0075959-18.2013.8.19.0001).<\/p>\n<p><a href=\"http:\/\/rioonwatch.org\/wp-content\/uploads\/2014\/03\/DSC_0149.jpg\"><img fetchpriority=\"high\" decoding=\"async\" class=\"alignright  wp-image-14181\" title=\"Demoli\u00e7\u00f5es na Vila Aut\u00f3dromo na quarta-feira\" alt=\"\" src=\"http:\/\/rioonwatch.org\/wp-content\/uploads\/2014\/03\/DSC_0149.jpg\" width=\"324\" height=\"246\" \/><\/a><\/p>\n<p>A peti\u00e7\u00e3o inicial veiculou pedido liminar para que fosse obstada qualquer <a href=\"http:\/\/bit.ly\/1l6Ykie\" target=\"_blank\">demoli\u00e7\u00e3o<\/a>. Ap\u00f3s a interposi\u00e7\u00e3o de agravo de instrumento, a desembargadora Teresa de Andrade Castro Neves acolheu a pretens\u00e3o, impedindo qualquer demoli\u00e7\u00e3o at\u00e9 que o munic\u00edpio esclare\u00e7a \u201c<strong>quem s\u00e3o efetivamente os moradores da comunidade e quais fam\u00edlias realizaram o acordo com a Prefeitura, comprovando que quem o fez era o real detentor da \u00e1rea<\/strong>\u201d (autos n.\u00ba 0021769-11.2013.8.19.0000). Destaque-se que a desembargadora afirmou no bojo de sua decis\u00e3o que a licen\u00e7a de demoli\u00e7\u00e3o era \u201cnitidamente ilegal\u201d, o que revelava que o munic\u00edpio teria dificuldade para reverter o quadro, sobretudo por n\u00e3o haver recurso cab\u00edvel (decis\u00e3o em anexo).<\/p>\n<p>Nada obstante parte da comunidade desejar deixar a Vila Aut\u00f3dromo, a fim de passar a residir no empreendimento <a href=\"http:\/\/bit.ly\/17Muddf\" target=\"_blank\">Parque Carioca<\/a>, <strong>a decis\u00e3o atendia aos interesses de todos os moradores<\/strong>. Aqueles que desejavam permanecer no local estavam amparados por decis\u00e3o que impunha ao munic\u00edpio a comprova\u00e7\u00e3o da realiza\u00e7\u00e3o de negocia\u00e7\u00e3o com o real detentor do im\u00f3vel a ser demolido, o que certamente n\u00e3o seria miss\u00e3o f\u00e1cil. J\u00e1 os que desejavam sair estavam de posse de contrato de financiamento firmado com a Caixa Econ\u00f4mica Federal, que poderia ser executado, <strong>o que j\u00e1 havia sido informado a tais moradores, cujos interesses tamb\u00e9m est\u00e1vamos preocupadas em atender, at\u00e9 mesmo porque no dia 24\/03, segunda-feira, realizamos, na sede da associa\u00e7\u00e3o de moradores, atendimento \u00e0queles moradores, justamente para solucionar a quest\u00e3o da entrega das chaves, que foram retidas pela Prefeitura ap\u00f3s a not\u00edcia da liminar<\/strong> (of\u00edcio enviado \u00e0 Caixa Econ\u00f4mica Federal em anexo).<\/p>\n<p><a href=\"http:\/\/rioonwatch.org\/wp-content\/uploads\/2014\/03\/DSC_0091.jpg\"><img decoding=\"async\" class=\"alignright  wp-image-14177\" title=\"Demoli\u00e7\u00f5es na Vila Aut\u00f3dromo\" alt=\"DSC_0091\" src=\"http:\/\/rioonwatch.org\/wp-content\/uploads\/2014\/03\/DSC_0091.jpg\" width=\"324\" height=\"288\" \/><\/a><\/p>\n<p>Estava, inclusive, prevista neste dia a presen\u00e7a de agentes da Subprefeitura para formula\u00e7\u00e3o de solu\u00e7\u00e3o do problema com as fam\u00edlias que queriam sair. No entanto, os <strong>agentes municipais n\u00e3o se fizeram presentes<\/strong>. Sa\u00edmos da associa\u00e7\u00e3o com os assistidos agendados para atendimento no NUTH, no dia seguinte (25\/03). Fomos, contudo, surpreendidas com o fato de que os assistidos foram levados \u00e0 sede da Defensoria P\u00fablica para atendimento pela c\u00fapula da Chefia Institucional.<\/p>\n<p>Este fato nos foi noticiado por alguns assistidos, que atrav\u00e9s de telefonemas informaram que n\u00e3o ser\u00edamos procuradas na ter\u00e7a-feira, em raz\u00e3o da orienta\u00e7\u00e3o da Subprefeitura de que se o atendimento fosse feito pelas Defensoras do NUTH n\u00e3o teriam seus problemas resolvidos. Observe-se que, em nenhum momento fomos informadas pela Coordena\u00e7\u00e3o ou pela Chefia Institucional do agendamento ou realiza\u00e7\u00e3o desta reuni\u00e3o na sede.<\/p>\n<p><strong>Enviamos exatamente nesta ter\u00e7a-feira of\u00edcio \u00e0 Corregedoria<\/strong> noticiando nossas preocupa\u00e7\u00f5es com o respeito que se deve \u00e0 prerrogativa inegoci\u00e1vel da independ\u00eancia funcional, ao trato aos membros da Institui\u00e7\u00e3o, bem como aos princ\u00edpios e normas que nos regem, uma vez que nossos assistidos estavam sendo atendidos pela Chefia Institucional (c\u00f3pia do of\u00edcio em anexo).<\/p>\n<p>Enquanto a manuten\u00e7\u00e3o da medida liminar em nada obstaculizaria o direito daqueles que desejavam sair da comunidade, amparava plenamente o direito daqueles que querem permanecer. A incongru\u00eancia existiria apenas, portanto, no discurso da Municipalidade, n\u00e3o fosse agora encampada pela Chefia da Defensoria P\u00fablica do Estado e os ocupantes de seus cargos de confian\u00e7a. Vale ressaltar que h\u00e1 um abaixo assinado firmado por cerca de duzentos moradores afirmando a vontade de perman\u00eancia na comunidade existente h\u00e1 mais de trinta anos.<\/p>\n<p><a href=\"http:\/\/rioonwatch.org\/wp-content\/uploads\/2014\/03\/DSC_0052.jpg\"><img loading=\"lazy\" decoding=\"async\" class=\"alignright  wp-image-14174\" title=\"Demoli\u00e7\u00f5es na Vila Aut\u00f3dromo\" alt=\"\" src=\"http:\/\/rioonwatch.org\/wp-content\/uploads\/2014\/03\/DSC_0052.jpg\" width=\"324\" height=\"239\" \/><\/a><\/p>\n<p>Parece-nos \u00f3bvio que a mudan\u00e7a daqueles que desejavam deixar o local poderia ser realizada sem que fosse precedida de qualquer demoli\u00e7\u00e3o, devendo-se sublinhar que seria pueril acreditar que o munic\u00edpio n\u00e3o tinha qualquer outro meio de evitar a reocupa\u00e7\u00e3o dos im\u00f3veis desocupados que n\u00e3o a demoli\u00e7\u00e3o. Basta lembrar a possibilidade de concretagem de portas e janelas ou mesmo a utiliza\u00e7\u00e3o da vigil\u00e2ncia da Guarda Municipal.<\/p>\n<p>A demoli\u00e7\u00e3o de im\u00f3veis \u00e9 p\u00e9ssima para os moradores que desejam permanecer na Vila Aut\u00f3dromo, sobretudo se realizada antes da execu\u00e7\u00e3o de um plano de urbaniza\u00e7\u00e3o do local. Os escombros passam a ser abrigo de baratas e ratos e estimulam o despejo irregular de lixo no local, al\u00e9m de darem \u00e0 comunidade um aspecto de cidade p\u00f3s-bombardeio, favorecendo a a\u00e7\u00e3o de criminosos.<\/p>\n<p>O \u00fanico interesse n\u00e3o atendido pela decis\u00e3o irrecorr\u00edvel era o do munic\u00edpio, que desejava demolir im\u00f3veis antes mesmo de discutir com a comunidade a reurbaniza\u00e7\u00e3o da \u00e1rea.<\/p>\n<p>Diante desse quadro, fomos surpreendidos por peti\u00e7\u00e3o elaborada pelo Coordenador do N\u00facleo, requerendo a reconsidera\u00e7\u00e3o da decis\u00e3o com a finalidade de viabilizar as remo\u00e7\u00f5es e afirmando que \u201ca demoli\u00e7\u00e3o \u00e9 condi\u00e7\u00e3o essencial para a mudan\u00e7a de habita\u00e7\u00e3o, seja por vontade expressa dos titulares, seja por ser indispens\u00e1vel para evitar a ocupa\u00e7\u00e3o ilegal por terceiros e, em consequ\u00eancia, futuros problemas para a Municipalidade\u201d, como se a Defensoria P\u00fablica tivesse o dever de evitar eventuais problemas a serem enfrentados pelo munic\u00edpio (peti\u00e7\u00e3o em anexo).<\/p>\n<p>A peti\u00e7\u00e3o encampa o argumento falacioso sempre utilizado pelo munic\u00edpio, travestindo-nos de representantes de nosso advers\u00e1rio processual. E \u00e9 not\u00e1vel que n\u00e3o faz qualquer pedido de entrega de chaves, mas t\u00e3o somente de permiss\u00e3o de demoli\u00e7\u00e3o.<\/p>\n<p>Como \u00e9 not\u00f3rio, algumas de nossas comunidades se situam em locais de grande interesse pol\u00edtico e econ\u00f4mico no Rio de Janeiro, hoje. A atua\u00e7\u00e3o do NUTH merece o devido amparo institucional, pois enfrentar aqueles interesses sem apoio significa deixar os Defensores P\u00fablicos em atua\u00e7\u00e3o e os pr\u00f3prios assistidos em situa\u00e7\u00e3o de grande vulnerabilidade pessoal. Por fim, queremos lembrar que toda esta Kafkaniana situa\u00e7\u00e3o veio a p\u00fablico por obra e gra\u00e7a da pr\u00f3pria chefia institucional, que ainda amea\u00e7a repetir tais fatos em outras comunidades.<\/p>\n<p><em>Adriana Magalh\u00e3es Bevilaqua<\/em><br \/>\n<em>Gabriela Varsano Cherem\u00a0<\/em><br \/>\n<em>Maria L\u00facia de Pontes<\/em><\/p>\n<!-- AddThis Advanced Settings generic via filter on the_content --><!-- AddThis Share Buttons generic via filter on the_content -->","protected":false},"excerpt":{"rendered":"<div class=\"mh-excerpt\"><p>Click Here for English Na sequ\u00eancia dos acontecimentos desta semana em que a liminar impedindo demoli\u00e7\u00f5es na Vila Aut\u00f3dromo foi derrubada pelos l\u00edderes do Escrit\u00f3rio da\u00a0Defensoria P\u00fablica do Estado do Rio, os defensores p\u00fablicos do <a class=\"mh-excerpt-more\" href=\"https:\/\/rioonwatch.org.br\/?p=10930\" title=\"Defensores P\u00fablicos Emitem Nota Sobre Recentes Acontecimentos na Vila Aut\u00f3dromo\">[&#8230;]<\/a><!-- AddThis Advanced Settings generic via filter on get_the_excerpt --><!-- AddThis Share Buttons generic via filter on get_the_excerpt --><\/p>\n<\/div>","protected":false},"author":3,"featured_media":10939,"comment_status":"closed","ping_status":"closed","sticky":false,"template":"","format":"standard","meta":{"_acf_changed":false,"_monsterinsights_skip_tracking":false,"_monsterinsights_sitenote_active":false,"_monsterinsights_sitenote_note":"","_monsterinsights_sitenote_category":0,"footnotes":""},"categories":[1614,1635,346],"tags":[1057,873,90,680,14,55],"writer":[1061,1062,1063],"translator":[],"source":[],"ilustrador":[],"fotografo":[],"class_list":{"0":"post-10930","1":"post","2":"type-post","3":"status-publish","4":"format-standard","5":"has-post-thumbnail","7":"category-olhonasremocoes","8":"category-1635","9":"category-denuncias","10":"tag-consequencias-das-remocoes-saude","11":"tag-cooptacao","12":"tag-defensoria-publica","13":"tag-parque-carioca","14":"tag-remocao","15":"tag-vila-autodromo","16":"writer-adriana-magalhaes-bevilaqua","17":"writer-gabriela-varsano-cherem","18":"writer-maria-lucia-de-pontes"},"acf":[],"yoast_head":"<!-- This site is optimized with the Yoast SEO plugin v25.6 - https:\/\/yoast.com\/wordpress\/plugins\/seo\/ -->\n<title>Defensores P\u00fablicos Emitem Nota Sobre Recentes Acontecimentos na Vila Aut\u00f3dromo - RioOnWatch<\/title>\n<meta name=\"robots\" content=\"index, follow, max-snippet:-1, max-image-preview:large, max-video-preview:-1\" \/>\n<link rel=\"canonical\" href=\"https:\/\/rioonwatch.org.br\/?p=10930\" \/>\n<meta property=\"og:locale\" content=\"pt_BR\" \/>\n<meta property=\"og:type\" content=\"article\" \/>\n<meta property=\"og:title\" content=\"Defensores P\u00fablicos Emitem Nota Sobre Recentes Acontecimentos na Vila Aut\u00f3dromo - RioOnWatch\" \/>\n<meta property=\"og:description\" content=\"Click Here for English Na sequ\u00eancia dos acontecimentos desta semana em que a liminar impedindo demoli\u00e7\u00f5es na Vila Aut\u00f3dromo foi derrubada pelos l\u00edderes do Escrit\u00f3rio da\u00a0Defensoria P\u00fablica do Estado do Rio, os defensores p\u00fablicos do [...]\" \/>\n<meta property=\"og:url\" content=\"https:\/\/rioonwatch.org.br\/?p=10930\" \/>\n<meta property=\"og:site_name\" content=\"RioOnWatch\" \/>\n<meta property=\"article:published_time\" content=\"2014-03-29T00:30:45+00:00\" \/>\n<meta property=\"article:modified_time\" content=\"2015-12-24T03:01:33+00:00\" \/>\n<meta property=\"og:image\" content=\"https:\/\/rioonwatch.org.br\/wp-content\/uploads\/2014\/03\/va-demolition3.jpg\" \/>\n\t<meta property=\"og:image:width\" content=\"300\" \/>\n\t<meta property=\"og:image:height\" content=\"210\" \/>\n\t<meta property=\"og:image:type\" content=\"image\/jpeg\" \/>\n<meta name=\"author\" content=\"Admin\" \/>\n<meta name=\"twitter:card\" content=\"summary_large_image\" \/>\n<meta name=\"twitter:label1\" content=\"Escrito por\" \/>\n\t<meta name=\"twitter:data1\" content=\"Admin\" \/>\n\t<meta name=\"twitter:label2\" content=\"Est. tempo de leitura\" \/>\n\t<meta name=\"twitter:data2\" content=\"6 minutos\" \/>\n<script type=\"application\/ld+json\" class=\"yoast-schema-graph\">{\"@context\":\"https:\/\/schema.org\",\"@graph\":[{\"@type\":\"Article\",\"@id\":\"https:\/\/rioonwatch.org.br\/?p=10930#article\",\"isPartOf\":{\"@id\":\"https:\/\/rioonwatch.org.br\/?p=10930\"},\"author\":{\"name\":\"Admin\",\"@id\":\"https:\/\/rioonwatch.org.br\/#\/schema\/person\/c6c09a0b56b38f0157a45b963ef3f269\"},\"headline\":\"Defensores P\u00fablicos Emitem Nota Sobre Recentes Acontecimentos na Vila Aut\u00f3dromo\",\"datePublished\":\"2014-03-29T00:30:45+00:00\",\"dateModified\":\"2015-12-24T03:01:33+00:00\",\"mainEntityOfPage\":{\"@id\":\"https:\/\/rioonwatch.org.br\/?p=10930\"},\"wordCount\":1147,\"publisher\":{\"@id\":\"https:\/\/rioonwatch.org.br\/#organization\"},\"image\":{\"@id\":\"https:\/\/rioonwatch.org.br\/?p=10930#primaryimage\"},\"thumbnailUrl\":\"https:\/\/rioonwatch.org.br\/wp-content\/uploads\/2014\/03\/va-demolition3.jpg\",\"keywords\":[\"Consequ\u00eancias das remo\u00e7\u00f5es: sa\u00fade\",\"coopta\u00e7\u00e3o\",\"Defensoria P\u00fablica\",\"Parque Carioca\",\"Remo\u00e7\u00e3o\",\"Vila Aut\u00f3dromo\"],\"articleSection\":[\"#OlhoNasRemo\u00e7\u00f5es\",\"#Rio2016\",\"Den\u00fancias\"],\"inLanguage\":\"pt-BR\"},{\"@type\":\"WebPage\",\"@id\":\"https:\/\/rioonwatch.org.br\/?p=10930\",\"url\":\"https:\/\/rioonwatch.org.br\/?p=10930\",\"name\":\"Defensores P\u00fablicos Emitem Nota Sobre Recentes Acontecimentos na Vila Aut\u00f3dromo - RioOnWatch\",\"isPartOf\":{\"@id\":\"https:\/\/rioonwatch.org.br\/#website\"},\"primaryImageOfPage\":{\"@id\":\"https:\/\/rioonwatch.org.br\/?p=10930#primaryimage\"},\"image\":{\"@id\":\"https:\/\/rioonwatch.org.br\/?p=10930#primaryimage\"},\"thumbnailUrl\":\"https:\/\/rioonwatch.org.br\/wp-content\/uploads\/2014\/03\/va-demolition3.jpg\",\"datePublished\":\"2014-03-29T00:30:45+00:00\",\"dateModified\":\"2015-12-24T03:01:33+00:00\",\"breadcrumb\":{\"@id\":\"https:\/\/rioonwatch.org.br\/?p=10930#breadcrumb\"},\"inLanguage\":\"pt-BR\",\"potentialAction\":[{\"@type\":\"ReadAction\",\"target\":[\"https:\/\/rioonwatch.org.br\/?p=10930\"]}]},{\"@type\":\"ImageObject\",\"inLanguage\":\"pt-BR\",\"@id\":\"https:\/\/rioonwatch.org.br\/?p=10930#primaryimage\",\"url\":\"https:\/\/rioonwatch.org.br\/wp-content\/uploads\/2014\/03\/va-demolition3.jpg\",\"contentUrl\":\"https:\/\/rioonwatch.org.br\/wp-content\/uploads\/2014\/03\/va-demolition3.jpg\",\"width\":300,\"height\":210},{\"@type\":\"BreadcrumbList\",\"@id\":\"https:\/\/rioonwatch.org.br\/?p=10930#breadcrumb\",\"itemListElement\":[{\"@type\":\"ListItem\",\"position\":1,\"name\":\"In\u00edcio\",\"item\":\"https:\/\/rioonwatch.org.br\/\"},{\"@type\":\"ListItem\",\"position\":2,\"name\":\"Defensores P\u00fablicos Emitem Nota Sobre Recentes Acontecimentos na Vila Aut\u00f3dromo\"}]},{\"@type\":\"WebSite\",\"@id\":\"https:\/\/rioonwatch.org.br\/#website\",\"url\":\"https:\/\/rioonwatch.org.br\/\",\"name\":\"RioOnWatch\",\"description\":\"relatos das favelas cariocas\",\"publisher\":{\"@id\":\"https:\/\/rioonwatch.org.br\/#organization\"},\"potentialAction\":[{\"@type\":\"SearchAction\",\"target\":{\"@type\":\"EntryPoint\",\"urlTemplate\":\"https:\/\/rioonwatch.org.br\/?s={search_term_string}\"},\"query-input\":{\"@type\":\"PropertyValueSpecification\",\"valueRequired\":true,\"valueName\":\"search_term_string\"}}],\"inLanguage\":\"pt-BR\"},{\"@type\":\"Organization\",\"@id\":\"https:\/\/rioonwatch.org.br\/#organization\",\"name\":\"RioOnWatch\",\"url\":\"https:\/\/rioonwatch.org.br\/\",\"logo\":{\"@type\":\"ImageObject\",\"inLanguage\":\"pt-BR\",\"@id\":\"https:\/\/rioonwatch.org.br\/#\/schema\/logo\/image\/\",\"url\":\"https:\/\/rioonwatch.org.br\/wp-content\/uploads\/2021\/06\/RioOnWatchcabecalhoPT11anos-2.png\",\"contentUrl\":\"https:\/\/rioonwatch.org.br\/wp-content\/uploads\/2021\/06\/RioOnWatchcabecalhoPT11anos-2.png\",\"width\":779,\"height\":277,\"caption\":\"RioOnWatch\"},\"image\":{\"@id\":\"https:\/\/rioonwatch.org.br\/#\/schema\/logo\/image\/\"}},{\"@type\":\"Person\",\"@id\":\"https:\/\/rioonwatch.org.br\/#\/schema\/person\/c6c09a0b56b38f0157a45b963ef3f269\",\"name\":\"Admin\",\"image\":{\"@type\":\"ImageObject\",\"inLanguage\":\"pt-BR\",\"@id\":\"https:\/\/rioonwatch.org.br\/#\/schema\/person\/image\/\",\"url\":\"https:\/\/secure.gravatar.com\/avatar\/da45c89efd4810dc70c16a5da3419806?s=96&d=blank&r=g\",\"contentUrl\":\"https:\/\/secure.gravatar.com\/avatar\/da45c89efd4810dc70c16a5da3419806?s=96&d=blank&r=g\",\"caption\":\"Admin\"},\"url\":\"https:\/\/rioonwatch.org.br\/?author=3\"}]}<\/script>\n<!-- \/ Yoast SEO plugin. -->","yoast_head_json":{"title":"Defensores P\u00fablicos Emitem Nota Sobre Recentes Acontecimentos na Vila Aut\u00f3dromo - RioOnWatch","robots":{"index":"index","follow":"follow","max-snippet":"max-snippet:-1","max-image-preview":"max-image-preview:large","max-video-preview":"max-video-preview:-1"},"canonical":"https:\/\/rioonwatch.org.br\/?p=10930","og_locale":"pt_BR","og_type":"article","og_title":"Defensores P\u00fablicos Emitem Nota Sobre Recentes Acontecimentos na Vila Aut\u00f3dromo - RioOnWatch","og_description":"Click Here for English Na sequ\u00eancia dos acontecimentos desta semana em que a liminar impedindo demoli\u00e7\u00f5es na Vila Aut\u00f3dromo foi derrubada pelos l\u00edderes do Escrit\u00f3rio da\u00a0Defensoria P\u00fablica do Estado do Rio, os defensores p\u00fablicos do [...]","og_url":"https:\/\/rioonwatch.org.br\/?p=10930","og_site_name":"RioOnWatch","article_published_time":"2014-03-29T00:30:45+00:00","article_modified_time":"2015-12-24T03:01:33+00:00","og_image":[{"width":300,"height":210,"url":"https:\/\/rioonwatch.org.br\/wp-content\/uploads\/2014\/03\/va-demolition3.jpg","type":"image\/jpeg"}],"author":"Admin","twitter_card":"summary_large_image","twitter_misc":{"Escrito por":"Admin","Est. tempo de leitura":"6 minutos"},"schema":{"@context":"https:\/\/schema.org","@graph":[{"@type":"Article","@id":"https:\/\/rioonwatch.org.br\/?p=10930#article","isPartOf":{"@id":"https:\/\/rioonwatch.org.br\/?p=10930"},"author":{"name":"Admin","@id":"https:\/\/rioonwatch.org.br\/#\/schema\/person\/c6c09a0b56b38f0157a45b963ef3f269"},"headline":"Defensores P\u00fablicos Emitem Nota Sobre Recentes Acontecimentos na Vila Aut\u00f3dromo","datePublished":"2014-03-29T00:30:45+00:00","dateModified":"2015-12-24T03:01:33+00:00","mainEntityOfPage":{"@id":"https:\/\/rioonwatch.org.br\/?p=10930"},"wordCount":1147,"publisher":{"@id":"https:\/\/rioonwatch.org.br\/#organization"},"image":{"@id":"https:\/\/rioonwatch.org.br\/?p=10930#primaryimage"},"thumbnailUrl":"https:\/\/rioonwatch.org.br\/wp-content\/uploads\/2014\/03\/va-demolition3.jpg","keywords":["Consequ\u00eancias das remo\u00e7\u00f5es: sa\u00fade","coopta\u00e7\u00e3o","Defensoria P\u00fablica","Parque Carioca","Remo\u00e7\u00e3o","Vila Aut\u00f3dromo"],"articleSection":["#OlhoNasRemo\u00e7\u00f5es","#Rio2016","Den\u00fancias"],"inLanguage":"pt-BR"},{"@type":"WebPage","@id":"https:\/\/rioonwatch.org.br\/?p=10930","url":"https:\/\/rioonwatch.org.br\/?p=10930","name":"Defensores P\u00fablicos Emitem Nota Sobre Recentes Acontecimentos na Vila Aut\u00f3dromo - RioOnWatch","isPartOf":{"@id":"https:\/\/rioonwatch.org.br\/#website"},"primaryImageOfPage":{"@id":"https:\/\/rioonwatch.org.br\/?p=10930#primaryimage"},"image":{"@id":"https:\/\/rioonwatch.org.br\/?p=10930#primaryimage"},"thumbnailUrl":"https:\/\/rioonwatch.org.br\/wp-content\/uploads\/2014\/03\/va-demolition3.jpg","datePublished":"2014-03-29T00:30:45+00:00","dateModified":"2015-12-24T03:01:33+00:00","breadcrumb":{"@id":"https:\/\/rioonwatch.org.br\/?p=10930#breadcrumb"},"inLanguage":"pt-BR","potentialAction":[{"@type":"ReadAction","target":["https:\/\/rioonwatch.org.br\/?p=10930"]}]},{"@type":"ImageObject","inLanguage":"pt-BR","@id":"https:\/\/rioonwatch.org.br\/?p=10930#primaryimage","url":"https:\/\/rioonwatch.org.br\/wp-content\/uploads\/2014\/03\/va-demolition3.jpg","contentUrl":"https:\/\/rioonwatch.org.br\/wp-content\/uploads\/2014\/03\/va-demolition3.jpg","width":300,"height":210},{"@type":"BreadcrumbList","@id":"https:\/\/rioonwatch.org.br\/?p=10930#breadcrumb","itemListElement":[{"@type":"ListItem","position":1,"name":"In\u00edcio","item":"https:\/\/rioonwatch.org.br\/"},{"@type":"ListItem","position":2,"name":"Defensores P\u00fablicos Emitem Nota Sobre Recentes Acontecimentos na Vila Aut\u00f3dromo"}]},{"@type":"WebSite","@id":"https:\/\/rioonwatch.org.br\/#website","url":"https:\/\/rioonwatch.org.br\/","name":"RioOnWatch","description":"relatos das favelas cariocas","publisher":{"@id":"https:\/\/rioonwatch.org.br\/#organization"},"potentialAction":[{"@type":"SearchAction","target":{"@type":"EntryPoint","urlTemplate":"https:\/\/rioonwatch.org.br\/?s={search_term_string}"},"query-input":{"@type":"PropertyValueSpecification","valueRequired":true,"valueName":"search_term_string"}}],"inLanguage":"pt-BR"},{"@type":"Organization","@id":"https:\/\/rioonwatch.org.br\/#organization","name":"RioOnWatch","url":"https:\/\/rioonwatch.org.br\/","logo":{"@type":"ImageObject","inLanguage":"pt-BR","@id":"https:\/\/rioonwatch.org.br\/#\/schema\/logo\/image\/","url":"https:\/\/rioonwatch.org.br\/wp-content\/uploads\/2021\/06\/RioOnWatchcabecalhoPT11anos-2.png","contentUrl":"https:\/\/rioonwatch.org.br\/wp-content\/uploads\/2021\/06\/RioOnWatchcabecalhoPT11anos-2.png","width":779,"height":277,"caption":"RioOnWatch"},"image":{"@id":"https:\/\/rioonwatch.org.br\/#\/schema\/logo\/image\/"}},{"@type":"Person","@id":"https:\/\/rioonwatch.org.br\/#\/schema\/person\/c6c09a0b56b38f0157a45b963ef3f269","name":"Admin","image":{"@type":"ImageObject","inLanguage":"pt-BR","@id":"https:\/\/rioonwatch.org.br\/#\/schema\/person\/image\/","url":"https:\/\/secure.gravatar.com\/avatar\/da45c89efd4810dc70c16a5da3419806?s=96&d=blank&r=g","contentUrl":"https:\/\/secure.gravatar.com\/avatar\/da45c89efd4810dc70c16a5da3419806?s=96&d=blank&r=g","caption":"Admin"},"url":"https:\/\/rioonwatch.org.br\/?author=3"}]}},"_links":{"self":[{"href":"https:\/\/rioonwatch.org.br\/index.php?rest_route=\/wp\/v2\/posts\/10930"}],"collection":[{"href":"https:\/\/rioonwatch.org.br\/index.php?rest_route=\/wp\/v2\/posts"}],"about":[{"href":"https:\/\/rioonwatch.org.br\/index.php?rest_route=\/wp\/v2\/types\/post"}],"author":[{"embeddable":true,"href":"https:\/\/rioonwatch.org.br\/index.php?rest_route=\/wp\/v2\/users\/3"}],"replies":[{"embeddable":true,"href":"https:\/\/rioonwatch.org.br\/index.php?rest_route=%2Fwp%2Fv2%2Fcomments&post=10930"}],"version-history":[{"count":12,"href":"https:\/\/rioonwatch.org.br\/index.php?rest_route=\/wp\/v2\/posts\/10930\/revisions"}],"predecessor-version":[{"id":17889,"href":"https:\/\/rioonwatch.org.br\/index.php?rest_route=\/wp\/v2\/posts\/10930\/revisions\/17889"}],"wp:featuredmedia":[{"embeddable":true,"href":"https:\/\/rioonwatch.org.br\/index.php?rest_route=\/wp\/v2\/media\/10939"}],"wp:attachment":[{"href":"https:\/\/rioonwatch.org.br\/index.php?rest_route=%2Fwp%2Fv2%2Fmedia&parent=10930"}],"wp:term":[{"taxonomy":"category","embeddable":true,"href":"https:\/\/rioonwatch.org.br\/index.php?rest_route=%2Fwp%2Fv2%2Fcategories&post=10930"},{"taxonomy":"post_tag","embeddable":true,"href":"https:\/\/rioonwatch.org.br\/index.php?rest_route=%2Fwp%2Fv2%2Ftags&post=10930"},{"taxonomy":"writer","embeddable":true,"href":"https:\/\/rioonwatch.org.br\/index.php?rest_route=%2Fwp%2Fv2%2Fwriter&post=10930"},{"taxonomy":"translator","embeddable":true,"href":"https:\/\/rioonwatch.org.br\/index.php?rest_route=%2Fwp%2Fv2%2Ftranslator&post=10930"},{"taxonomy":"source","embeddable":true,"href":"https:\/\/rioonwatch.org.br\/index.php?rest_route=%2Fwp%2Fv2%2Fsource&post=10930"},{"taxonomy":"ilustrador","embeddable":true,"href":"https:\/\/rioonwatch.org.br\/index.php?rest_route=%2Fwp%2Fv2%2Filustrador&post=10930"},{"taxonomy":"fotografo","embeddable":true,"href":"https:\/\/rioonwatch.org.br\/index.php?rest_route=%2Fwp%2Fv2%2Ffotografo&post=10930"}],"curies":[{"name":"wp","href":"https:\/\/api.w.org\/{rel}","templated":true}]}}