{"id":1096,"date":"2011-03-27T00:29:50","date_gmt":"2011-03-27T03:29:50","guid":{"rendered":"http:\/\/favela.info\/?p=1096"},"modified":"2018-07-31T17:41:26","modified_gmt":"2018-07-31T20:41:26","slug":"o-homem-que-virou-succo","status":"publish","type":"post","link":"https:\/\/rioonwatch.org.br\/?p=1096","title":{"rendered":"O homem que virou Succo"},"content":{"rendered":"<p style=\"text-align: right;\"><em><strong><a href=\"http:\/\/bit.ly\/1KWbbUS\" target=\"_blank\" rel=\"noopener\">Click Here for English<img decoding=\"async\" width=\"20\" height=\"20\" class=\"alignright wp-image-15790\" src=\"http:\/\/rioonwatch.org.br\/wp-content\/uploads\/2012\/08\/EN-standard-e1439583104716.jpg\" alt=\"\" \/><\/a><\/strong><\/em><\/p>\n<p><img fetchpriority=\"high\" decoding=\"async\" class=\"alignleft size-full wp-image-1103\" title=\"Valnei Succo\" src=\"http:\/\/favela.info\/wp-content\/uploads\/2011\/03\/valnei-dos-santos.jpg\" alt=\"\" width=\"300\" height=\"225\" srcset=\"https:\/\/rioonwatch.org.br\/wp-content\/uploads\/2011\/03\/valnei-dos-santos.jpg 300w, https:\/\/rioonwatch.org.br\/wp-content\/uploads\/2011\/03\/valnei-dos-santos-80x60.jpg 80w, https:\/\/rioonwatch.org.br\/wp-content\/uploads\/2011\/03\/valnei-dos-santos-174x131.jpg 174w, https:\/\/rioonwatch.org.br\/wp-content\/uploads\/2011\/03\/valnei-dos-santos-70x53.jpg 70w\" sizes=\"(max-width: 300px) 100vw, 300px\" \/><\/p>\n<p align=\"justify\"><em>Um retrato de <strong>Valnei Succo<\/strong>, por <strong>Samuel Lima<\/strong>, ambos participantes do curso de Jornalismo da ComCat e novos autores do favela.info.<\/em><\/p>\n<p align=\"justify\">Grafiteiro, Mc e correndo atr\u00e1s de um curso de catal\u00e3o, o Mc Succo \u00e9 um flamenguista de 23 anos, nascido e criado no morro do Faz Quem Quer, em Rocha Miranda, Zona Norte do Rio de Janeiro. Seu nome de batismo \u00e9 Valnei dos Santos da Silva por uma inven\u00e7\u00e3o de sua m\u00e3e, que juntou o nome do seu pai, Valdir, com o de seu tio, Lucinei. \u201cA minha irm\u00e3 tamb\u00e9m recebeu um nome assim, misturado: o da minha m\u00e3e, que \u00e9 Lucilene, com o do pai dela, Josemir. Ela se chama Josilene\u201d, conta ele, que \u00e9 irm\u00e3o do famoso MC Kelson.<\/p>\n<p align=\"justify\">A hist\u00f3ria do apelido come\u00e7ou com um parceiro mec\u00e2nico, que passou a cham\u00e1-lo de Suco de Pneu, por causa da cor de sua pele, quando tinha apenas 11 anos. \u201cComo as pessoas gostam de abreviar tudo, ficou s\u00f3 Suco\u201d, conta ele, para depois lamentar a morte desse amigo, que gostava de \u201cmexer com a mulher dos outros\u201d. A morte desse amigo o remete ao que ele chama de faroeste urbano carioca, que terminou com \u201cpneu e tudo\u201d. Quatro dias depois, o assassino do seu amigo morreria em frente a sua casa. \u201cPorque o cara era considerado, e n\u00e3o poderiam ter feito isso com ele.\u201d<\/p>\n<p align=\"justify\">Apesar das liga\u00e7\u00f5es hist\u00f3ricas com o Faz Quem Quer, cujas primeiras casas foram constru\u00eddas pelos seus av\u00f3s h\u00e1 cerca de 40 anos, ele no momento s\u00f3 vai a sua comunidade pegar o dinheiro do aluguel da casa que herdou dos pais. \u201cMas agora estou morando com a minha av\u00f3, na pista (asfalto), em Rocha Miranda mesmo\u201d.<\/p>\n<p align=\"justify\">O morro do Faz quem Quer foi ocupado pela Pol\u00edcia Militar h\u00e1 cerca de um m\u00eas, depois de uma intensa troca de tiros durante um baile funk que se estendeu al\u00e9m do hor\u00e1rio e come\u00e7ou a incomodar os moradores. \u201cA pol\u00edcia chegou agredindo geral, inclusive os moradores e os que fizeram a den\u00fancia. Da\u00ed a pol\u00edcia come\u00e7ou a andar com os \u2018X\u2019 para identificar os moradores que participavam do com\u00e9rcio de drogas. \u201c<\/p>\n<p align=\"justify\">MC Succo est\u00e1 acostumado com as trocas de tiros entre bandidos e policiais. N\u00e3o foi \u00e0 toa que seu irm\u00e3o comp\u00f4s Not\u00edcia triste, baseado em uma chacina ocorrida no fim de 2002. \u201cFoi uma chacina de 14 jovens, entre 16 e 27 anos\u201d, lembra MC Succo, que naquele dia ficou horas trancado na escola. \u201cE os corpos ficaram por l\u00e1 mesmo, durante duas semanas. Um deles chegou a partir ao meio.\u201d Aqueles jovens eram amigos tanto de Mc Succo quanto de Mc Kelson. \u201cEram envolvidos com o tr\u00e1fico de drogas sim, mas n\u00e3o teve rendi\u00e7\u00e3o, nem troca de tiro.\u201d As v\u00edtimas de chacina de 2002 n\u00e3o foram as \u00fanicas pessoas ligadas ao tr\u00e1fico de drogas das rela\u00e7\u00f5es de Succo, que tem inclusive familiares ocupando posi\u00e7\u00f5es de mando no crime organizado. \u201cUm dos meus primos \u00e9 gerente e um outro \u00e9 dono. Tamb\u00e9m tenho um primo preso.\u201d<\/p>\n<p align=\"justify\">O MC atribui a forte presen\u00e7a do tr\u00e1fico na comunidade batizada pelos seus av\u00f3s \u00e0 quase total aus\u00eancia do estado no Faz Quem Quer, reduzido a uma escola municipal, uma creche e um espa\u00e7o para a pr\u00e1tica esportiva de crian\u00e7as de cinco a 10 anos. Desde a chegada da pol\u00edcia, o baile \u2018pagofunk\u2019 e umas festas populares organizadas na pr\u00f3pria rua por um de seus tios foram proibidos. Uma das poucas a\u00e7\u00f5es do poder p\u00fablico que o m\u00fasico comemorou foi a chegada do asfalto. \u201cFazia sete anos que os \u00f4nibus n\u00e3o passavam l\u00e1 em cima, mas agora, tranquilo.\u201d<\/p>\n<p align=\"justify\">Admirador do rap de Marechal e dos Inumanos e do samba de Arlindo Cruz e Bezerra da Silva, Mc Succo est\u00e1 juntando esses dois ritmos ao funk em um projeto que est\u00e1 escrevendo escrevendo para o edital da Secretaria Estadual de Cultura. \u201cO nome do projeto \u00e9 \u2018Dois Elementos\u2019, que seria uma aula de composi\u00e7\u00e3o e de Deejay (de software)\u201d, diz o jovem morador de Rocha Miranda, que come\u00e7ou a fazer rima gra\u00e7as a uma guerra de equipe de som em sua comunidade.<\/p>\n<!-- AddThis Advanced Settings generic via filter on the_content --><!-- AddThis Share Buttons generic via filter on the_content -->","protected":false},"excerpt":{"rendered":"<div class=\"mh-excerpt\"><p>Click Here for English Um retrato de Valnei Succo, por Samuel Lima, ambos participantes do curso de Jornalismo da ComCat e novos autores do favela.info. Grafiteiro, Mc e correndo atr\u00e1s de um curso de catal\u00e3o, <a class=\"mh-excerpt-more\" href=\"https:\/\/rioonwatch.org.br\/?p=1096\" title=\"O homem que virou Succo\">[&#8230;]<\/a><!-- AddThis Advanced Settings generic via filter on get_the_excerpt --><!-- AddThis Share Buttons generic via filter on get_the_excerpt --><\/p>\n<\/div>","protected":false},"author":5,"featured_media":1103,"comment_status":"open","ping_status":"closed","sticky":false,"template":"","format":"standard","meta":{"_acf_changed":false,"_monsterinsights_skip_tracking":false,"_monsterinsights_sitenote_active":false,"_monsterinsights_sitenote_note":"","_monsterinsights_sitenote_category":0,"footnotes":""},"categories":[1629,1625],"tags":[2434,2435],"writer":[199],"translator":[],"source":[],"ilustrador":[],"fotografo":[],"class_list":{"0":"post-1096","1":"post","2":"type-post","3":"status-publish","4":"format-standard","5":"has-post-thumbnail","7":"category-entrevistas-e-perfis","8":"category-por-correspondentes-comunitarios","9":"tag-faz-quem-quer","10":"tag-rocha-miranda","11":"writer-samuel-lima"},"acf":[],"yoast_head":"<!-- This site is optimized with the Yoast SEO plugin v25.6 - https:\/\/yoast.com\/wordpress\/plugins\/seo\/ -->\n<title>O homem que virou Succo - RioOnWatch<\/title>\n<meta name=\"robots\" content=\"index, follow, max-snippet:-1, max-image-preview:large, max-video-preview:-1\" \/>\n<link rel=\"canonical\" href=\"https:\/\/rioonwatch.org.br\/?p=1096\" \/>\n<meta property=\"og:locale\" content=\"pt_BR\" \/>\n<meta property=\"og:type\" content=\"article\" \/>\n<meta property=\"og:title\" content=\"O homem que virou Succo - RioOnWatch\" \/>\n<meta property=\"og:description\" content=\"Click Here for English Um retrato de Valnei Succo, por Samuel Lima, ambos participantes do curso de Jornalismo da ComCat e novos autores do favela.info. Grafiteiro, Mc e correndo atr\u00e1s de um curso de catal\u00e3o, [...]\" \/>\n<meta property=\"og:url\" content=\"https:\/\/rioonwatch.org.br\/?p=1096\" \/>\n<meta property=\"og:site_name\" content=\"RioOnWatch\" \/>\n<meta property=\"article:published_time\" content=\"2011-03-27T03:29:50+00:00\" \/>\n<meta property=\"article:modified_time\" content=\"2018-07-31T20:41:26+00:00\" \/>\n<meta property=\"og:image\" content=\"https:\/\/rioonwatch.org.br\/wp-content\/uploads\/2011\/03\/valnei-dos-santos.jpg\" \/>\n\t<meta property=\"og:image:width\" content=\"300\" \/>\n\t<meta property=\"og:image:height\" content=\"225\" \/>\n\t<meta property=\"og:image:type\" content=\"image\/jpeg\" \/>\n<meta name=\"author\" content=\"Tiago\" \/>\n<meta name=\"twitter:card\" content=\"summary_large_image\" \/>\n<meta name=\"twitter:label1\" content=\"Escrito por\" \/>\n\t<meta name=\"twitter:data1\" content=\"Tiago\" \/>\n\t<meta name=\"twitter:label2\" content=\"Est. tempo de leitura\" \/>\n\t<meta name=\"twitter:data2\" content=\"4 minutos\" \/>\n<script type=\"application\/ld+json\" class=\"yoast-schema-graph\">{\"@context\":\"https:\/\/schema.org\",\"@graph\":[{\"@type\":\"Article\",\"@id\":\"https:\/\/rioonwatch.org.br\/?p=1096#article\",\"isPartOf\":{\"@id\":\"https:\/\/rioonwatch.org.br\/?p=1096\"},\"author\":{\"name\":\"Tiago\",\"@id\":\"https:\/\/rioonwatch.org.br\/#\/schema\/person\/7c54ce0a929f914709db001584daa6ee\"},\"headline\":\"O homem que virou Succo\",\"datePublished\":\"2011-03-27T03:29:50+00:00\",\"dateModified\":\"2018-07-31T20:41:26+00:00\",\"mainEntityOfPage\":{\"@id\":\"https:\/\/rioonwatch.org.br\/?p=1096\"},\"wordCount\":729,\"commentCount\":0,\"publisher\":{\"@id\":\"https:\/\/rioonwatch.org.br\/#organization\"},\"image\":{\"@id\":\"https:\/\/rioonwatch.org.br\/?p=1096#primaryimage\"},\"thumbnailUrl\":\"https:\/\/rioonwatch.org.br\/wp-content\/uploads\/2011\/03\/valnei-dos-santos.jpg\",\"keywords\":[\"Faz Quem Quer\",\"Rocha Miranda\"],\"articleSection\":[\"Entrevistas e Perfis\",\"Escrito por Comunicadores Populares\"],\"inLanguage\":\"pt-BR\",\"potentialAction\":[{\"@type\":\"CommentAction\",\"name\":\"Comment\",\"target\":[\"https:\/\/rioonwatch.org.br\/?p=1096#respond\"]}]},{\"@type\":\"WebPage\",\"@id\":\"https:\/\/rioonwatch.org.br\/?p=1096\",\"url\":\"https:\/\/rioonwatch.org.br\/?p=1096\",\"name\":\"O homem que virou Succo - RioOnWatch\",\"isPartOf\":{\"@id\":\"https:\/\/rioonwatch.org.br\/#website\"},\"primaryImageOfPage\":{\"@id\":\"https:\/\/rioonwatch.org.br\/?p=1096#primaryimage\"},\"image\":{\"@id\":\"https:\/\/rioonwatch.org.br\/?p=1096#primaryimage\"},\"thumbnailUrl\":\"https:\/\/rioonwatch.org.br\/wp-content\/uploads\/2011\/03\/valnei-dos-santos.jpg\",\"datePublished\":\"2011-03-27T03:29:50+00:00\",\"dateModified\":\"2018-07-31T20:41:26+00:00\",\"breadcrumb\":{\"@id\":\"https:\/\/rioonwatch.org.br\/?p=1096#breadcrumb\"},\"inLanguage\":\"pt-BR\",\"potentialAction\":[{\"@type\":\"ReadAction\",\"target\":[\"https:\/\/rioonwatch.org.br\/?p=1096\"]}]},{\"@type\":\"ImageObject\",\"inLanguage\":\"pt-BR\",\"@id\":\"https:\/\/rioonwatch.org.br\/?p=1096#primaryimage\",\"url\":\"https:\/\/rioonwatch.org.br\/wp-content\/uploads\/2011\/03\/valnei-dos-santos.jpg\",\"contentUrl\":\"https:\/\/rioonwatch.org.br\/wp-content\/uploads\/2011\/03\/valnei-dos-santos.jpg\",\"width\":300,\"height\":225},{\"@type\":\"BreadcrumbList\",\"@id\":\"https:\/\/rioonwatch.org.br\/?p=1096#breadcrumb\",\"itemListElement\":[{\"@type\":\"ListItem\",\"position\":1,\"name\":\"In\u00edcio\",\"item\":\"https:\/\/rioonwatch.org.br\/\"},{\"@type\":\"ListItem\",\"position\":2,\"name\":\"O homem que virou Succo\"}]},{\"@type\":\"WebSite\",\"@id\":\"https:\/\/rioonwatch.org.br\/#website\",\"url\":\"https:\/\/rioonwatch.org.br\/\",\"name\":\"RioOnWatch\",\"description\":\"relatos das favelas cariocas\",\"publisher\":{\"@id\":\"https:\/\/rioonwatch.org.br\/#organization\"},\"potentialAction\":[{\"@type\":\"SearchAction\",\"target\":{\"@type\":\"EntryPoint\",\"urlTemplate\":\"https:\/\/rioonwatch.org.br\/?s={search_term_string}\"},\"query-input\":{\"@type\":\"PropertyValueSpecification\",\"valueRequired\":true,\"valueName\":\"search_term_string\"}}],\"inLanguage\":\"pt-BR\"},{\"@type\":\"Organization\",\"@id\":\"https:\/\/rioonwatch.org.br\/#organization\",\"name\":\"RioOnWatch\",\"url\":\"https:\/\/rioonwatch.org.br\/\",\"logo\":{\"@type\":\"ImageObject\",\"inLanguage\":\"pt-BR\",\"@id\":\"https:\/\/rioonwatch.org.br\/#\/schema\/logo\/image\/\",\"url\":\"https:\/\/rioonwatch.org.br\/wp-content\/uploads\/2021\/06\/RioOnWatchcabecalhoPT11anos-2.png\",\"contentUrl\":\"https:\/\/rioonwatch.org.br\/wp-content\/uploads\/2021\/06\/RioOnWatchcabecalhoPT11anos-2.png\",\"width\":779,\"height\":277,\"caption\":\"RioOnWatch\"},\"image\":{\"@id\":\"https:\/\/rioonwatch.org.br\/#\/schema\/logo\/image\/\"}},{\"@type\":\"Person\",\"@id\":\"https:\/\/rioonwatch.org.br\/#\/schema\/person\/7c54ce0a929f914709db001584daa6ee\",\"name\":\"Tiago\",\"image\":{\"@type\":\"ImageObject\",\"inLanguage\":\"pt-BR\",\"@id\":\"https:\/\/rioonwatch.org.br\/#\/schema\/person\/image\/\",\"url\":\"https:\/\/secure.gravatar.com\/avatar\/886b123583861b1f9e1b1393972b9aeb?s=96&d=blank&r=g\",\"contentUrl\":\"https:\/\/secure.gravatar.com\/avatar\/886b123583861b1f9e1b1393972b9aeb?s=96&d=blank&r=g\",\"caption\":\"Tiago\"},\"url\":\"https:\/\/rioonwatch.org.br\/?author=5\"}]}<\/script>\n<!-- \/ Yoast SEO plugin. -->","yoast_head_json":{"title":"O homem que virou Succo - RioOnWatch","robots":{"index":"index","follow":"follow","max-snippet":"max-snippet:-1","max-image-preview":"max-image-preview:large","max-video-preview":"max-video-preview:-1"},"canonical":"https:\/\/rioonwatch.org.br\/?p=1096","og_locale":"pt_BR","og_type":"article","og_title":"O homem que virou Succo - RioOnWatch","og_description":"Click Here for English Um retrato de Valnei Succo, por Samuel Lima, ambos participantes do curso de Jornalismo da ComCat e novos autores do favela.info. Grafiteiro, Mc e correndo atr\u00e1s de um curso de catal\u00e3o, [...]","og_url":"https:\/\/rioonwatch.org.br\/?p=1096","og_site_name":"RioOnWatch","article_published_time":"2011-03-27T03:29:50+00:00","article_modified_time":"2018-07-31T20:41:26+00:00","og_image":[{"width":300,"height":225,"url":"https:\/\/rioonwatch.org.br\/wp-content\/uploads\/2011\/03\/valnei-dos-santos.jpg","type":"image\/jpeg"}],"author":"Tiago","twitter_card":"summary_large_image","twitter_misc":{"Escrito por":"Tiago","Est. tempo de leitura":"4 minutos"},"schema":{"@context":"https:\/\/schema.org","@graph":[{"@type":"Article","@id":"https:\/\/rioonwatch.org.br\/?p=1096#article","isPartOf":{"@id":"https:\/\/rioonwatch.org.br\/?p=1096"},"author":{"name":"Tiago","@id":"https:\/\/rioonwatch.org.br\/#\/schema\/person\/7c54ce0a929f914709db001584daa6ee"},"headline":"O homem que virou Succo","datePublished":"2011-03-27T03:29:50+00:00","dateModified":"2018-07-31T20:41:26+00:00","mainEntityOfPage":{"@id":"https:\/\/rioonwatch.org.br\/?p=1096"},"wordCount":729,"commentCount":0,"publisher":{"@id":"https:\/\/rioonwatch.org.br\/#organization"},"image":{"@id":"https:\/\/rioonwatch.org.br\/?p=1096#primaryimage"},"thumbnailUrl":"https:\/\/rioonwatch.org.br\/wp-content\/uploads\/2011\/03\/valnei-dos-santos.jpg","keywords":["Faz Quem Quer","Rocha Miranda"],"articleSection":["Entrevistas e Perfis","Escrito por Comunicadores Populares"],"inLanguage":"pt-BR","potentialAction":[{"@type":"CommentAction","name":"Comment","target":["https:\/\/rioonwatch.org.br\/?p=1096#respond"]}]},{"@type":"WebPage","@id":"https:\/\/rioonwatch.org.br\/?p=1096","url":"https:\/\/rioonwatch.org.br\/?p=1096","name":"O homem que virou Succo - RioOnWatch","isPartOf":{"@id":"https:\/\/rioonwatch.org.br\/#website"},"primaryImageOfPage":{"@id":"https:\/\/rioonwatch.org.br\/?p=1096#primaryimage"},"image":{"@id":"https:\/\/rioonwatch.org.br\/?p=1096#primaryimage"},"thumbnailUrl":"https:\/\/rioonwatch.org.br\/wp-content\/uploads\/2011\/03\/valnei-dos-santos.jpg","datePublished":"2011-03-27T03:29:50+00:00","dateModified":"2018-07-31T20:41:26+00:00","breadcrumb":{"@id":"https:\/\/rioonwatch.org.br\/?p=1096#breadcrumb"},"inLanguage":"pt-BR","potentialAction":[{"@type":"ReadAction","target":["https:\/\/rioonwatch.org.br\/?p=1096"]}]},{"@type":"ImageObject","inLanguage":"pt-BR","@id":"https:\/\/rioonwatch.org.br\/?p=1096#primaryimage","url":"https:\/\/rioonwatch.org.br\/wp-content\/uploads\/2011\/03\/valnei-dos-santos.jpg","contentUrl":"https:\/\/rioonwatch.org.br\/wp-content\/uploads\/2011\/03\/valnei-dos-santos.jpg","width":300,"height":225},{"@type":"BreadcrumbList","@id":"https:\/\/rioonwatch.org.br\/?p=1096#breadcrumb","itemListElement":[{"@type":"ListItem","position":1,"name":"In\u00edcio","item":"https:\/\/rioonwatch.org.br\/"},{"@type":"ListItem","position":2,"name":"O homem que virou Succo"}]},{"@type":"WebSite","@id":"https:\/\/rioonwatch.org.br\/#website","url":"https:\/\/rioonwatch.org.br\/","name":"RioOnWatch","description":"relatos das favelas cariocas","publisher":{"@id":"https:\/\/rioonwatch.org.br\/#organization"},"potentialAction":[{"@type":"SearchAction","target":{"@type":"EntryPoint","urlTemplate":"https:\/\/rioonwatch.org.br\/?s={search_term_string}"},"query-input":{"@type":"PropertyValueSpecification","valueRequired":true,"valueName":"search_term_string"}}],"inLanguage":"pt-BR"},{"@type":"Organization","@id":"https:\/\/rioonwatch.org.br\/#organization","name":"RioOnWatch","url":"https:\/\/rioonwatch.org.br\/","logo":{"@type":"ImageObject","inLanguage":"pt-BR","@id":"https:\/\/rioonwatch.org.br\/#\/schema\/logo\/image\/","url":"https:\/\/rioonwatch.org.br\/wp-content\/uploads\/2021\/06\/RioOnWatchcabecalhoPT11anos-2.png","contentUrl":"https:\/\/rioonwatch.org.br\/wp-content\/uploads\/2021\/06\/RioOnWatchcabecalhoPT11anos-2.png","width":779,"height":277,"caption":"RioOnWatch"},"image":{"@id":"https:\/\/rioonwatch.org.br\/#\/schema\/logo\/image\/"}},{"@type":"Person","@id":"https:\/\/rioonwatch.org.br\/#\/schema\/person\/7c54ce0a929f914709db001584daa6ee","name":"Tiago","image":{"@type":"ImageObject","inLanguage":"pt-BR","@id":"https:\/\/rioonwatch.org.br\/#\/schema\/person\/image\/","url":"https:\/\/secure.gravatar.com\/avatar\/886b123583861b1f9e1b1393972b9aeb?s=96&d=blank&r=g","contentUrl":"https:\/\/secure.gravatar.com\/avatar\/886b123583861b1f9e1b1393972b9aeb?s=96&d=blank&r=g","caption":"Tiago"},"url":"https:\/\/rioonwatch.org.br\/?author=5"}]}},"_links":{"self":[{"href":"https:\/\/rioonwatch.org.br\/index.php?rest_route=\/wp\/v2\/posts\/1096"}],"collection":[{"href":"https:\/\/rioonwatch.org.br\/index.php?rest_route=\/wp\/v2\/posts"}],"about":[{"href":"https:\/\/rioonwatch.org.br\/index.php?rest_route=\/wp\/v2\/types\/post"}],"author":[{"embeddable":true,"href":"https:\/\/rioonwatch.org.br\/index.php?rest_route=\/wp\/v2\/users\/5"}],"replies":[{"embeddable":true,"href":"https:\/\/rioonwatch.org.br\/index.php?rest_route=%2Fwp%2Fv2%2Fcomments&post=1096"}],"version-history":[{"count":13,"href":"https:\/\/rioonwatch.org.br\/index.php?rest_route=\/wp\/v2\/posts\/1096\/revisions"}],"predecessor-version":[{"id":35122,"href":"https:\/\/rioonwatch.org.br\/index.php?rest_route=\/wp\/v2\/posts\/1096\/revisions\/35122"}],"wp:featuredmedia":[{"embeddable":true,"href":"https:\/\/rioonwatch.org.br\/index.php?rest_route=\/wp\/v2\/media\/1103"}],"wp:attachment":[{"href":"https:\/\/rioonwatch.org.br\/index.php?rest_route=%2Fwp%2Fv2%2Fmedia&parent=1096"}],"wp:term":[{"taxonomy":"category","embeddable":true,"href":"https:\/\/rioonwatch.org.br\/index.php?rest_route=%2Fwp%2Fv2%2Fcategories&post=1096"},{"taxonomy":"post_tag","embeddable":true,"href":"https:\/\/rioonwatch.org.br\/index.php?rest_route=%2Fwp%2Fv2%2Ftags&post=1096"},{"taxonomy":"writer","embeddable":true,"href":"https:\/\/rioonwatch.org.br\/index.php?rest_route=%2Fwp%2Fv2%2Fwriter&post=1096"},{"taxonomy":"translator","embeddable":true,"href":"https:\/\/rioonwatch.org.br\/index.php?rest_route=%2Fwp%2Fv2%2Ftranslator&post=1096"},{"taxonomy":"source","embeddable":true,"href":"https:\/\/rioonwatch.org.br\/index.php?rest_route=%2Fwp%2Fv2%2Fsource&post=1096"},{"taxonomy":"ilustrador","embeddable":true,"href":"https:\/\/rioonwatch.org.br\/index.php?rest_route=%2Fwp%2Fv2%2Filustrador&post=1096"},{"taxonomy":"fotografo","embeddable":true,"href":"https:\/\/rioonwatch.org.br\/index.php?rest_route=%2Fwp%2Fv2%2Ffotografo&post=1096"}],"curies":[{"name":"wp","href":"https:\/\/api.w.org\/{rel}","templated":true}]}}