{"id":11195,"date":"2014-04-27T10:30:50","date_gmt":"2014-04-27T13:30:50","guid":{"rendered":"http:\/\/rioonwatch.org.br\/?p=11195"},"modified":"2015-12-23T23:18:19","modified_gmt":"2015-12-24T02:18:19","slug":"excelentes-lugares-bons-a-natureza-do-espaco-publico-nas-favelas","status":"publish","type":"post","link":"https:\/\/rioonwatch.org.br\/?p=11195","title":{"rendered":"\u201cExcelentes Lugares Bons\u201d: A Natureza do Espa\u00e7o P\u00fablico nas Favelas"},"content":{"rendered":"<p style=\"text-align: right;\"><em><strong><a href=\"http:\/\/bit.ly\/1lUkaUr\" \ntarget=\"_blank\">Click Here for English<img decoding=\"async\" width=\"20\" height=\"20\" class=\"alignright wp-image-15790\" src=\"http:\/\/rioonwatch.org.br\/wp-content\/uploads\/2012\/08\/EN-standard-e1439583104716.jpg\" alt=\"\" \/><\/a><\/strong><\/em><\/p>\n<p>No <a href=\"http:\/\/bit.ly\/1hSND2X\" target=\"_blank\">denso ambiente constru\u00eddo<\/a> das favelas, a prioridade espacial \u00e9 dada \u00e0 habita\u00e7\u00e3o. Espa\u00e7os p\u00fablicos, ent\u00e3o, desenvolvem-se informalmente nos lugares que sobram na paisagem urbana. Vias p\u00fablicas e escadarias s\u00e3o adotadas como lugares para conhecer pessoas, conversar e passar o tempo. Al\u00e9m disso, o dom\u00ednio privado muitas vezes se estende para a esfera p\u00fablica, resultando em espa\u00e7os sociais que incluem lajes, terra\u00e7os, e portas de resid\u00eancias que fornecem essas mesmas fun\u00e7\u00f5es. Estes espa\u00e7os s\u00e3o o &#8220;<a href=\"http:\/\/bit.ly\/1eL48if\" target=\"_blank\">Terceiro Lugar<\/a>&#8221; dos moradores, \u201cexcelentes lugares bons&#8221; aonde todos sabem seu nome e aonde as pessoas regularmente se encontram. Ele existe al\u00e9m do principal local de resid\u00eancia e do local secund\u00e1rio de trabalho, oferecendo um conjunto alternativo de relacionamentos e intera\u00e7\u00f5es em um ambiente familiar.<\/p>\n<p><a href=\"http:\/\/rioonwatch.org\/wp-content\/uploads\/2014\/04\/10829339675_0e0eeca461_b.jpg\"><img fetchpriority=\"high\" decoding=\"async\" class=\"alignright  wp-image-14327\" title=\"Espa\u00e7os p\u00fablicos em favelas acolhe uma variedade de atividades. Foto de Patrick Isensee no Vidigal\" src=\"http:\/\/rioonwatch.org\/wp-content\/uploads\/2014\/04\/10829339675_0e0eeca461_b.jpg\" alt=\"\" width=\"331\" height=\"214\" \/><\/a><\/p>\n<p>O ato de &#8220;<a href=\"http:\/\/bit.ly\/QeJNX4\" target=\"_blank\">construir lugares<\/a>&#8221; considera um espa\u00e7o p\u00fablico o cora\u00e7\u00e3o de uma comunidade. Alimentado por um sentimento de orgulho, refor\u00e7a a conex\u00e3o entre as pessoas e os lugares coletivos que compartilham dentro de uma vizinhan\u00e7a, demonstrado na infinidade de maneiras na qual os espa\u00e7os s\u00e3o utilizados, apreciados e mantidos. Por extens\u00e3o, a constru\u00e7\u00e3o de uma comunidade emerge ao lado desse movimento, aumentando a solidariedade dos moradores e solidificando o valor e a necessidade destes espa\u00e7os. A intimidade social entre os moradores das favelas e das rela\u00e7\u00f5es formadas devido \u00e0 proximidade f\u00edsica e circunst\u00e2ncias s\u00e3o, de certa forma, inigual\u00e1veis.<\/p>\n<p><a href=\"http:\/\/rioonwatch.org\/wp-content\/uploads\/2014\/04\/7589182610_3c85c391eb_b.jpg\"><img decoding=\"async\" class=\"alignright\" title=\"Evento cultural em uma pra\u00e7a p\u00fablica na Provi\u00eancia. Foto por Maur\u00edcio Hora\" src=\"http:\/\/rioonwatch.org\/wp-content\/uploads\/2014\/04\/7589182610_3c85c391eb_b.jpg\" alt=\"\" width=\"331\" height=\"221\" \/><\/a><\/p>\n<p>Nas favelas que eu visitei, bem tarde da noite os adultos desfrutavam de comidas e bebidas nas dezenas de pequenos bares que margeiam as ruas, enquanto as crian\u00e7as corriam e brincavam nas ruas. O desenvolvimento do uso misto que existe no interior das comunidades, combinando estabelecimentos residenciais e comerciais locais em torno de corredores tradicionalmente de pedestres, promovem esses encontros espont\u00e2neos. Durante o dia, os adolescentes jogam partidas de futebol, espontaneamente, nos trechos mais largos da rua, enquanto outros jogam jogos dentro e fora das entradas das casas e ao longo das escadas. No <a href=\"http:\/\/bit.ly\/U0MiGm\" target=\"_blank\">Complexo do Alem\u00e3o<\/a>, alguns adolescentes jogam at\u00e9 v\u00eddeo game em torno de um aparelho de televis\u00e3o ao ar livre.<\/p>\n<p>Apesar de importantes em suas caracter\u00edsticas individuais e \u00fanicas, e ao tornar poss\u00edvel a conviv\u00eancia da vizinhan\u00e7a que existe dentro dessas comunidades, espa\u00e7os p\u00fablicos informais s\u00e3o limitados no que diz respeito a outras oportunidades que poderiam proporcionar. Muito poucas destas \u00e1reas fornecem espa\u00e7os de escala para <a href=\"http:\/\/bit.ly\/1lp73MG\" target=\"_blank\">atividades esportivas, educacionais, e outras atividades<\/a>. Al\u00e9m disso, \u00e1reas amplas o suficiente para grandes encontros p\u00fablicos s\u00e3o escassas.\u00a0Quando elas existem, sua import\u00e2ncia pode acabar sendo sobreposta pelo carro, muitas vezes funcionando como estacionamentos.<\/p>\n<p><a href=\"http:\/\/rioonwatch.org\/wp-content\/uploads\/2014\/03\/alemao-plenario-joao-lima-2.jpg\"><img loading=\"lazy\" decoding=\"async\" class=\"alignright  wp-image-14050\" title=\"Reuni\u00e3o p\u00fablica em um espa\u00e7o p\u00fablico no Alem\u00e3o. Foto por Jo\u00e3o Lima\" src=\"http:\/\/rioonwatch.org\/wp-content\/uploads\/2014\/03\/alemao-plenario-joao-lima-2.jpg\" alt=\"\" width=\"331\" height=\"214\" \/><\/a><\/p>\n<p>Assim, <a href=\"http:\/\/bit.ly\/1kABEYk\" target=\"_blank\">espa\u00e7os p\u00fablicos<\/a> formalmente designados tamb\u00e9m s\u00e3o necess\u00e1rios nas favelas, pois fornecem aos moradores uma vasta gama de benef\u00edcios associados com o conceito de <a href=\"http:\/\/bit.ly\/GRb6lx\" target=\"_blank\">Direito \u00e0 Cidade<\/a>. Espa\u00e7os p\u00fablicos fechados, tais como <a href=\"http:\/\/bit.ly\/1j3fUQC\" target=\"_blank\">bibliotecas<\/a> e centros comunit\u00e1rios, podem assumir pap\u00e9is c\u00edvicos importantes agindo al\u00e9m de seus paradigmas tradicionais como centros de informa\u00e7\u00e3o e conhecimento. S\u00e3o espa\u00e7os em que jovens e adultos podem interagir, ganhar novas habilidades e desenvolver diversos passatempos. Espa\u00e7os p\u00fablicos ao ar livre, principalmente locais com equipamentos e servi\u00e7os, estimulam a brincadeira, com a atividade f\u00edsica tendo um efeito positivo no seu <a href=\"http:\/\/uni.cf\/1r1cBxA\" target=\"_blank\">desenvolvimento psicossocial<\/a>. Locais para encontros p\u00fablicos, como pra\u00e7as e parques, oferecem o espa\u00e7o ideal para um mercado ao ar livre, ajudando fornecedores locais a florescer. Eles tamb\u00e9m atuam como um local adequado para a mobiliza\u00e7\u00e3o de uma comunidade em p\u00e9 de igualdade, o que pode levar, entre outras coisas, a um di\u00e1logo aberto. Espa\u00e7os que possibilitam e estimulam reuni\u00f5es e debates s\u00e3o trunfos inestim\u00e1veis dentro de uma comunidade.<\/p>\n<p><a href=\"http:\/\/rioonwatch.org\/wp-content\/uploads\/2014\/04\/8224784368_0cc3951014_b.jpg\"><img loading=\"lazy\" decoding=\"async\" class=\"alignright\" title=\"Uma pra\u00e7a no Complexo do Alem\u00e3o\" src=\"http:\/\/rioonwatch.org\/wp-content\/uploads\/2014\/04\/8224784368_0cc3951014_b.jpg\" alt=\"\" width=\"331\" height=\"350\" \/><\/a><\/p>\n<p>Muitos dos espa\u00e7os p\u00fablicos formais iniciais em favelas vieram atrav\u00e9s do trabalho das <a href=\"http:\/\/bit.ly\/VV4Ddn\" target=\"_blank\">associa\u00e7\u00f5es de moradores<\/a>, antes da d\u00e9cada de 90. Formados no final de 1970, as associa\u00e7\u00f5es exigiram direitos civis e aumentaram a conscientiza\u00e7\u00e3o pol\u00edtica em suas comunidades. Elas ajudaram a convocar recursos p\u00fablicos e contribu\u00edram para a cria\u00e7\u00e3o de espa\u00e7os p\u00fablicos formais. Na <a href=\"http:\/\/bit.ly\/10BvARw\" target=\"_blank\">Mar\u00e9<\/a>, as associa\u00e7\u00f5es de moradores foram respons\u00e1veis \u200b\u200bpela cria\u00e7\u00e3o de uma pra\u00e7a p\u00fablica na densa paisagem constru\u00edda. Nas duas \u00faltimas d\u00e9cadas, os espa\u00e7os p\u00fablicos formais foram mais associados aos programas de urbaniza\u00e7\u00e3o do governo <a href=\"http:\/\/bit.ly\/XVcGa0\" target=\"_blank\">Favela-Bairro<\/a> da d\u00e9cada de 90.<\/p>\n<p>Embora em n\u00famero limitado e frequ\u00eancia entre as comunidades, uma s\u00e9rie de espa\u00e7os p\u00fablicos formais portanto tem sido constru\u00eddos em favelas ao longo de d\u00e9cadas, que v\u00e3o desde campos de futebol, \u00e1reas de lazer, e centros comunit\u00e1rios at\u00e9 bibliotecas e pra\u00e7as p\u00fablicas, bem como o alargamento e a pavimenta\u00e7\u00e3o das ruas. No entanto, a maneira como estes espa\u00e7os s\u00e3o utilizados, por quem, e como eles s\u00e3o mantidos requer uma inspe\u00e7\u00e3o mais minuciosa. O que \u00e9 originalmente delineado no papel \u00e9 muito diferente do que \u00e9 alcan\u00e7ado na pr\u00e1tica, com espa\u00e7os p\u00fablicos muitas vezes sofrendo retrocessos na qualidade e efic\u00e1cia, devido \u00e0 falta de consulta p\u00fablica. Apesar de muitos programas do governo insistirem na participa\u00e7\u00e3o popular, como meio de entender o que os moradores realmente querem e precisam nesses espa\u00e7os, o que \u00e9 predominantemente constru\u00eddo no final vem de cima para baixo. Isso resulta em espa\u00e7os formais p\u00fablicos de m\u00e1 qualidade em favelas e espa\u00e7os p\u00fablicos informais de maior qualidade, medidos pelo experimentado conceito do \u201c<a href=\"http:\/\/bit.ly\/1e7ZE4r\" target=\"_blank\">Poder do Dez<\/a>&#8220;: qualquer espa\u00e7o p\u00fablico de qualidade precisa oferecer pelo menos 10 coisas para se fazer ou 10 raz\u00f5es para se estar l\u00e1, com estas atividades acontecendo concorrentemente.<\/p>\n<p>Assim, em favelas do Rio de Janeiro, reconhecer e preservar as qualidades que os moradores percebem em espa\u00e7os p\u00fablicos informais, durante o desenvolvimento de espa\u00e7os p\u00fablicos formais mais efetivos e de sucesso, \u00e9 o caminho a ser seguido. Enquanto encontros espont\u00e2neos em espa\u00e7os informais contribuem para a vitalidade de um bairro, as m\u00faltiplas formas na qual <a href=\"http:\/\/bit.ly\/1mAUeBN\" target=\"_blank\">espa\u00e7os p\u00fablicos formais<\/a> podem ser usados \u200b\u200bs\u00e3o ben\u00e9ficas para o crescimento e fortalecimento da pr\u00f3pria comunidade e s\u00e3o um aspecto importante do desenvolvimento de uma comunidade que merece aten\u00e7\u00e3o e investimento.<\/p>\n<!-- AddThis Advanced Settings generic via filter on the_content --><!-- AddThis Share Buttons generic via filter on the_content -->","protected":false},"excerpt":{"rendered":"<div class=\"mh-excerpt\"><p>Click Here for English No denso ambiente constru\u00eddo das favelas, a prioridade espacial \u00e9 dada \u00e0 habita\u00e7\u00e3o. Espa\u00e7os p\u00fablicos, ent\u00e3o, desenvolvem-se informalmente nos lugares que sobram na paisagem urbana. Vias p\u00fablicas e escadarias s\u00e3o adotadas <a class=\"mh-excerpt-more\" href=\"https:\/\/rioonwatch.org.br\/?p=11195\" title=\"\u201cExcelentes Lugares Bons\u201d: A Natureza do Espa\u00e7o P\u00fablico nas Favelas\">[&#8230;]<\/a><!-- AddThis Advanced Settings generic via filter on get_the_excerpt --><!-- AddThis Share Buttons generic via filter on get_the_excerpt --><\/p>\n<\/div>","protected":false},"author":129,"featured_media":15746,"comment_status":"closed","ping_status":"closed","sticky":false,"template":"","format":"standard","meta":{"_acf_changed":false,"_monsterinsights_skip_tracking":false,"_monsterinsights_sitenote_active":false,"_monsterinsights_sitenote_note":"","_monsterinsights_sitenote_category":0,"footnotes":""},"categories":[1618,344,342],"tags":[321,332,217,421,811,358,304,16,493,354],"writer":[1055],"translator":[272],"source":[],"ilustrador":[],"fotografo":[],"class_list":{"0":"post-11195","1":"post","2":"type-post","3":"status-publish","4":"format-standard","5":"has-post-thumbnail","7":"category-olhonaparticipacao","8":"category-politicas","9":"category-solucoes","10":"tag-asa-branca","11":"tag-complexo-da-mare","12":"tag-complexo-do-alemao","13":"tag-cultura-da-favela","14":"tag-espaco-publico","15":"tag-organizacao-comunitaria","16":"tag-participacao","17":"tag-rocinha","18":"tag-urbanizacao","19":"tag-vidigal","20":"writer-caitlin-dixon","21":"translator-alexandra-leister"},"acf":[],"yoast_head":"<!-- This site is optimized with the Yoast SEO plugin v25.6 - https:\/\/yoast.com\/wordpress\/plugins\/seo\/ -->\n<title>\u201cExcelentes Lugares Bons\u201d: A Natureza do Espa\u00e7o P\u00fablico nas Favelas - RioOnWatch<\/title>\n<meta name=\"robots\" content=\"index, follow, max-snippet:-1, max-image-preview:large, max-video-preview:-1\" \/>\n<link rel=\"canonical\" href=\"https:\/\/rioonwatch.org.br\/?p=11195\" \/>\n<meta property=\"og:locale\" content=\"pt_BR\" \/>\n<meta property=\"og:type\" content=\"article\" \/>\n<meta property=\"og:title\" content=\"\u201cExcelentes Lugares Bons\u201d: A Natureza do Espa\u00e7o P\u00fablico nas Favelas - RioOnWatch\" \/>\n<meta property=\"og:description\" content=\"Click Here for English No denso ambiente constru\u00eddo das favelas, a prioridade espacial \u00e9 dada \u00e0 habita\u00e7\u00e3o. Espa\u00e7os p\u00fablicos, ent\u00e3o, desenvolvem-se informalmente nos lugares que sobram na paisagem urbana. Vias p\u00fablicas e escadarias s\u00e3o adotadas [...]\" \/>\n<meta property=\"og:url\" content=\"https:\/\/rioonwatch.org.br\/?p=11195\" \/>\n<meta property=\"og:site_name\" content=\"RioOnWatch\" \/>\n<meta property=\"article:published_time\" content=\"2014-04-27T13:30:50+00:00\" \/>\n<meta property=\"article:modified_time\" content=\"2015-12-24T02:18:19+00:00\" \/>\n<meta property=\"og:image\" content=\"https:\/\/rioonwatch.org.br\/wp-content\/uploads\/2014\/04\/Espaco-publico-Asa-branca-e1439577175907.jpg\" \/>\n\t<meta property=\"og:image:width\" content=\"620\" \/>\n\t<meta property=\"og:image:height\" content=\"414\" \/>\n\t<meta property=\"og:image:type\" content=\"image\/jpeg\" \/>\n<meta name=\"author\" content=\"Admin\" \/>\n<meta name=\"twitter:card\" content=\"summary_large_image\" \/>\n<meta name=\"twitter:label1\" content=\"Escrito por\" \/>\n\t<meta name=\"twitter:data1\" content=\"Admin\" \/>\n\t<meta name=\"twitter:label2\" content=\"Est. tempo de leitura\" \/>\n\t<meta name=\"twitter:data2\" content=\"5 minutos\" \/>\n<script type=\"application\/ld+json\" class=\"yoast-schema-graph\">{\"@context\":\"https:\/\/schema.org\",\"@graph\":[{\"@type\":\"Article\",\"@id\":\"https:\/\/rioonwatch.org.br\/?p=11195#article\",\"isPartOf\":{\"@id\":\"https:\/\/rioonwatch.org.br\/?p=11195\"},\"author\":{\"name\":\"Admin\",\"@id\":\"https:\/\/rioonwatch.org.br\/#\/schema\/person\/11d64c290506f9df50c71b850c473f68\"},\"headline\":\"\u201cExcelentes Lugares Bons\u201d: A Natureza do Espa\u00e7o P\u00fablico nas Favelas\",\"datePublished\":\"2014-04-27T13:30:50+00:00\",\"dateModified\":\"2015-12-24T02:18:19+00:00\",\"mainEntityOfPage\":{\"@id\":\"https:\/\/rioonwatch.org.br\/?p=11195\"},\"wordCount\":1100,\"publisher\":{\"@id\":\"https:\/\/rioonwatch.org.br\/#organization\"},\"image\":{\"@id\":\"https:\/\/rioonwatch.org.br\/?p=11195#primaryimage\"},\"thumbnailUrl\":\"https:\/\/rioonwatch.org.br\/wp-content\/uploads\/2014\/04\/Espaco-publico-Asa-branca-e1439577175907.jpg\",\"keywords\":[\"Asa Branca\",\"Complexo da Mar\u00e9\",\"Complexo do Alem\u00e3o\",\"cultura da favela\",\"espa\u00e7o p\u00fablico\",\"organiza\u00e7\u00e3o comunit\u00e1ria\",\"participa\u00e7\u00e3o\",\"Rocinha\",\"urbaniza\u00e7\u00e3o\",\"Vidigal\"],\"articleSection\":[\"#OlhoNaParticipa\u00e7\u00e3o\",\"Pol\u00edticas\",\"Solu\u00e7\u00f5es\"],\"inLanguage\":\"pt-BR\"},{\"@type\":\"WebPage\",\"@id\":\"https:\/\/rioonwatch.org.br\/?p=11195\",\"url\":\"https:\/\/rioonwatch.org.br\/?p=11195\",\"name\":\"\u201cExcelentes Lugares Bons\u201d: A Natureza do Espa\u00e7o P\u00fablico nas Favelas - RioOnWatch\",\"isPartOf\":{\"@id\":\"https:\/\/rioonwatch.org.br\/#website\"},\"primaryImageOfPage\":{\"@id\":\"https:\/\/rioonwatch.org.br\/?p=11195#primaryimage\"},\"image\":{\"@id\":\"https:\/\/rioonwatch.org.br\/?p=11195#primaryimage\"},\"thumbnailUrl\":\"https:\/\/rioonwatch.org.br\/wp-content\/uploads\/2014\/04\/Espaco-publico-Asa-branca-e1439577175907.jpg\",\"datePublished\":\"2014-04-27T13:30:50+00:00\",\"dateModified\":\"2015-12-24T02:18:19+00:00\",\"breadcrumb\":{\"@id\":\"https:\/\/rioonwatch.org.br\/?p=11195#breadcrumb\"},\"inLanguage\":\"pt-BR\",\"potentialAction\":[{\"@type\":\"ReadAction\",\"target\":[\"https:\/\/rioonwatch.org.br\/?p=11195\"]}]},{\"@type\":\"ImageObject\",\"inLanguage\":\"pt-BR\",\"@id\":\"https:\/\/rioonwatch.org.br\/?p=11195#primaryimage\",\"url\":\"https:\/\/rioonwatch.org.br\/wp-content\/uploads\/2014\/04\/Espaco-publico-Asa-branca-e1439577175907.jpg\",\"contentUrl\":\"https:\/\/rioonwatch.org.br\/wp-content\/uploads\/2014\/04\/Espaco-publico-Asa-branca-e1439577175907.jpg\",\"width\":620,\"height\":414},{\"@type\":\"BreadcrumbList\",\"@id\":\"https:\/\/rioonwatch.org.br\/?p=11195#breadcrumb\",\"itemListElement\":[{\"@type\":\"ListItem\",\"position\":1,\"name\":\"In\u00edcio\",\"item\":\"https:\/\/rioonwatch.org.br\/\"},{\"@type\":\"ListItem\",\"position\":2,\"name\":\"\u201cExcelentes Lugares Bons\u201d: A Natureza do Espa\u00e7o P\u00fablico nas Favelas\"}]},{\"@type\":\"WebSite\",\"@id\":\"https:\/\/rioonwatch.org.br\/#website\",\"url\":\"https:\/\/rioonwatch.org.br\/\",\"name\":\"RioOnWatch\",\"description\":\"relatos das favelas cariocas\",\"publisher\":{\"@id\":\"https:\/\/rioonwatch.org.br\/#organization\"},\"potentialAction\":[{\"@type\":\"SearchAction\",\"target\":{\"@type\":\"EntryPoint\",\"urlTemplate\":\"https:\/\/rioonwatch.org.br\/?s={search_term_string}\"},\"query-input\":{\"@type\":\"PropertyValueSpecification\",\"valueRequired\":true,\"valueName\":\"search_term_string\"}}],\"inLanguage\":\"pt-BR\"},{\"@type\":\"Organization\",\"@id\":\"https:\/\/rioonwatch.org.br\/#organization\",\"name\":\"RioOnWatch\",\"url\":\"https:\/\/rioonwatch.org.br\/\",\"logo\":{\"@type\":\"ImageObject\",\"inLanguage\":\"pt-BR\",\"@id\":\"https:\/\/rioonwatch.org.br\/#\/schema\/logo\/image\/\",\"url\":\"https:\/\/rioonwatch.org.br\/wp-content\/uploads\/2021\/06\/RioOnWatchcabecalhoPT11anos-2.png\",\"contentUrl\":\"https:\/\/rioonwatch.org.br\/wp-content\/uploads\/2021\/06\/RioOnWatchcabecalhoPT11anos-2.png\",\"width\":779,\"height\":277,\"caption\":\"RioOnWatch\"},\"image\":{\"@id\":\"https:\/\/rioonwatch.org.br\/#\/schema\/logo\/image\/\"}},{\"@type\":\"Person\",\"@id\":\"https:\/\/rioonwatch.org.br\/#\/schema\/person\/11d64c290506f9df50c71b850c473f68\",\"name\":\"Admin\",\"image\":{\"@type\":\"ImageObject\",\"inLanguage\":\"pt-BR\",\"@id\":\"https:\/\/rioonwatch.org.br\/#\/schema\/person\/image\/\",\"url\":\"https:\/\/secure.gravatar.com\/avatar\/56211ac74568383903349a1485e3c325?s=96&d=blank&r=g\",\"contentUrl\":\"https:\/\/secure.gravatar.com\/avatar\/56211ac74568383903349a1485e3c325?s=96&d=blank&r=g\",\"caption\":\"Admin\"},\"url\":\"https:\/\/rioonwatch.org.br\/?author=129\"}]}<\/script>\n<!-- \/ Yoast SEO plugin. -->","yoast_head_json":{"title":"\u201cExcelentes Lugares Bons\u201d: A Natureza do Espa\u00e7o P\u00fablico nas Favelas - RioOnWatch","robots":{"index":"index","follow":"follow","max-snippet":"max-snippet:-1","max-image-preview":"max-image-preview:large","max-video-preview":"max-video-preview:-1"},"canonical":"https:\/\/rioonwatch.org.br\/?p=11195","og_locale":"pt_BR","og_type":"article","og_title":"\u201cExcelentes Lugares Bons\u201d: A Natureza do Espa\u00e7o P\u00fablico nas Favelas - RioOnWatch","og_description":"Click Here for English No denso ambiente constru\u00eddo das favelas, a prioridade espacial \u00e9 dada \u00e0 habita\u00e7\u00e3o. Espa\u00e7os p\u00fablicos, ent\u00e3o, desenvolvem-se informalmente nos lugares que sobram na paisagem urbana. Vias p\u00fablicas e escadarias s\u00e3o adotadas [...]","og_url":"https:\/\/rioonwatch.org.br\/?p=11195","og_site_name":"RioOnWatch","article_published_time":"2014-04-27T13:30:50+00:00","article_modified_time":"2015-12-24T02:18:19+00:00","og_image":[{"width":620,"height":414,"url":"https:\/\/rioonwatch.org.br\/wp-content\/uploads\/2014\/04\/Espaco-publico-Asa-branca-e1439577175907.jpg","type":"image\/jpeg"}],"author":"Admin","twitter_card":"summary_large_image","twitter_misc":{"Escrito por":"Admin","Est. tempo de leitura":"5 minutos"},"schema":{"@context":"https:\/\/schema.org","@graph":[{"@type":"Article","@id":"https:\/\/rioonwatch.org.br\/?p=11195#article","isPartOf":{"@id":"https:\/\/rioonwatch.org.br\/?p=11195"},"author":{"name":"Admin","@id":"https:\/\/rioonwatch.org.br\/#\/schema\/person\/11d64c290506f9df50c71b850c473f68"},"headline":"\u201cExcelentes Lugares Bons\u201d: A Natureza do Espa\u00e7o P\u00fablico nas Favelas","datePublished":"2014-04-27T13:30:50+00:00","dateModified":"2015-12-24T02:18:19+00:00","mainEntityOfPage":{"@id":"https:\/\/rioonwatch.org.br\/?p=11195"},"wordCount":1100,"publisher":{"@id":"https:\/\/rioonwatch.org.br\/#organization"},"image":{"@id":"https:\/\/rioonwatch.org.br\/?p=11195#primaryimage"},"thumbnailUrl":"https:\/\/rioonwatch.org.br\/wp-content\/uploads\/2014\/04\/Espaco-publico-Asa-branca-e1439577175907.jpg","keywords":["Asa Branca","Complexo da Mar\u00e9","Complexo do Alem\u00e3o","cultura da favela","espa\u00e7o p\u00fablico","organiza\u00e7\u00e3o comunit\u00e1ria","participa\u00e7\u00e3o","Rocinha","urbaniza\u00e7\u00e3o","Vidigal"],"articleSection":["#OlhoNaParticipa\u00e7\u00e3o","Pol\u00edticas","Solu\u00e7\u00f5es"],"inLanguage":"pt-BR"},{"@type":"WebPage","@id":"https:\/\/rioonwatch.org.br\/?p=11195","url":"https:\/\/rioonwatch.org.br\/?p=11195","name":"\u201cExcelentes Lugares Bons\u201d: A Natureza do Espa\u00e7o P\u00fablico nas Favelas - RioOnWatch","isPartOf":{"@id":"https:\/\/rioonwatch.org.br\/#website"},"primaryImageOfPage":{"@id":"https:\/\/rioonwatch.org.br\/?p=11195#primaryimage"},"image":{"@id":"https:\/\/rioonwatch.org.br\/?p=11195#primaryimage"},"thumbnailUrl":"https:\/\/rioonwatch.org.br\/wp-content\/uploads\/2014\/04\/Espaco-publico-Asa-branca-e1439577175907.jpg","datePublished":"2014-04-27T13:30:50+00:00","dateModified":"2015-12-24T02:18:19+00:00","breadcrumb":{"@id":"https:\/\/rioonwatch.org.br\/?p=11195#breadcrumb"},"inLanguage":"pt-BR","potentialAction":[{"@type":"ReadAction","target":["https:\/\/rioonwatch.org.br\/?p=11195"]}]},{"@type":"ImageObject","inLanguage":"pt-BR","@id":"https:\/\/rioonwatch.org.br\/?p=11195#primaryimage","url":"https:\/\/rioonwatch.org.br\/wp-content\/uploads\/2014\/04\/Espaco-publico-Asa-branca-e1439577175907.jpg","contentUrl":"https:\/\/rioonwatch.org.br\/wp-content\/uploads\/2014\/04\/Espaco-publico-Asa-branca-e1439577175907.jpg","width":620,"height":414},{"@type":"BreadcrumbList","@id":"https:\/\/rioonwatch.org.br\/?p=11195#breadcrumb","itemListElement":[{"@type":"ListItem","position":1,"name":"In\u00edcio","item":"https:\/\/rioonwatch.org.br\/"},{"@type":"ListItem","position":2,"name":"\u201cExcelentes Lugares Bons\u201d: A Natureza do Espa\u00e7o P\u00fablico nas Favelas"}]},{"@type":"WebSite","@id":"https:\/\/rioonwatch.org.br\/#website","url":"https:\/\/rioonwatch.org.br\/","name":"RioOnWatch","description":"relatos das favelas cariocas","publisher":{"@id":"https:\/\/rioonwatch.org.br\/#organization"},"potentialAction":[{"@type":"SearchAction","target":{"@type":"EntryPoint","urlTemplate":"https:\/\/rioonwatch.org.br\/?s={search_term_string}"},"query-input":{"@type":"PropertyValueSpecification","valueRequired":true,"valueName":"search_term_string"}}],"inLanguage":"pt-BR"},{"@type":"Organization","@id":"https:\/\/rioonwatch.org.br\/#organization","name":"RioOnWatch","url":"https:\/\/rioonwatch.org.br\/","logo":{"@type":"ImageObject","inLanguage":"pt-BR","@id":"https:\/\/rioonwatch.org.br\/#\/schema\/logo\/image\/","url":"https:\/\/rioonwatch.org.br\/wp-content\/uploads\/2021\/06\/RioOnWatchcabecalhoPT11anos-2.png","contentUrl":"https:\/\/rioonwatch.org.br\/wp-content\/uploads\/2021\/06\/RioOnWatchcabecalhoPT11anos-2.png","width":779,"height":277,"caption":"RioOnWatch"},"image":{"@id":"https:\/\/rioonwatch.org.br\/#\/schema\/logo\/image\/"}},{"@type":"Person","@id":"https:\/\/rioonwatch.org.br\/#\/schema\/person\/11d64c290506f9df50c71b850c473f68","name":"Admin","image":{"@type":"ImageObject","inLanguage":"pt-BR","@id":"https:\/\/rioonwatch.org.br\/#\/schema\/person\/image\/","url":"https:\/\/secure.gravatar.com\/avatar\/56211ac74568383903349a1485e3c325?s=96&d=blank&r=g","contentUrl":"https:\/\/secure.gravatar.com\/avatar\/56211ac74568383903349a1485e3c325?s=96&d=blank&r=g","caption":"Admin"},"url":"https:\/\/rioonwatch.org.br\/?author=129"}]}},"_links":{"self":[{"href":"https:\/\/rioonwatch.org.br\/index.php?rest_route=\/wp\/v2\/posts\/11195"}],"collection":[{"href":"https:\/\/rioonwatch.org.br\/index.php?rest_route=\/wp\/v2\/posts"}],"about":[{"href":"https:\/\/rioonwatch.org.br\/index.php?rest_route=\/wp\/v2\/types\/post"}],"author":[{"embeddable":true,"href":"https:\/\/rioonwatch.org.br\/index.php?rest_route=\/wp\/v2\/users\/129"}],"replies":[{"embeddable":true,"href":"https:\/\/rioonwatch.org.br\/index.php?rest_route=%2Fwp%2Fv2%2Fcomments&post=11195"}],"version-history":[{"count":29,"href":"https:\/\/rioonwatch.org.br\/index.php?rest_route=\/wp\/v2\/posts\/11195\/revisions"}],"predecessor-version":[{"id":17874,"href":"https:\/\/rioonwatch.org.br\/index.php?rest_route=\/wp\/v2\/posts\/11195\/revisions\/17874"}],"wp:featuredmedia":[{"embeddable":true,"href":"https:\/\/rioonwatch.org.br\/index.php?rest_route=\/wp\/v2\/media\/15746"}],"wp:attachment":[{"href":"https:\/\/rioonwatch.org.br\/index.php?rest_route=%2Fwp%2Fv2%2Fmedia&parent=11195"}],"wp:term":[{"taxonomy":"category","embeddable":true,"href":"https:\/\/rioonwatch.org.br\/index.php?rest_route=%2Fwp%2Fv2%2Fcategories&post=11195"},{"taxonomy":"post_tag","embeddable":true,"href":"https:\/\/rioonwatch.org.br\/index.php?rest_route=%2Fwp%2Fv2%2Ftags&post=11195"},{"taxonomy":"writer","embeddable":true,"href":"https:\/\/rioonwatch.org.br\/index.php?rest_route=%2Fwp%2Fv2%2Fwriter&post=11195"},{"taxonomy":"translator","embeddable":true,"href":"https:\/\/rioonwatch.org.br\/index.php?rest_route=%2Fwp%2Fv2%2Ftranslator&post=11195"},{"taxonomy":"source","embeddable":true,"href":"https:\/\/rioonwatch.org.br\/index.php?rest_route=%2Fwp%2Fv2%2Fsource&post=11195"},{"taxonomy":"ilustrador","embeddable":true,"href":"https:\/\/rioonwatch.org.br\/index.php?rest_route=%2Fwp%2Fv2%2Filustrador&post=11195"},{"taxonomy":"fotografo","embeddable":true,"href":"https:\/\/rioonwatch.org.br\/index.php?rest_route=%2Fwp%2Fv2%2Ffotografo&post=11195"}],"curies":[{"name":"wp","href":"https:\/\/api.w.org\/{rel}","templated":true}]}}