{"id":11349,"date":"2014-04-30T11:24:40","date_gmt":"2014-04-30T14:24:40","guid":{"rendered":"http:\/\/rioonwatch.org.br\/?p=11349"},"modified":"2015-12-23T23:13:59","modified_gmt":"2015-12-24T02:13:59","slug":"vidigal-debate-a-gentrificacao-e-futuro-da-comunidade-no-segundo-fala-vidigal","status":"publish","type":"post","link":"https:\/\/rioonwatch.org.br\/?p=11349","title":{"rendered":"Vidigal Debate a Gentrifica\u00e7\u00e3o e Futuro da Comunidade no Segundo &#8220;Fala Vidigal&#8221;"},"content":{"rendered":"<p style=\"text-align: right;\"><em><strong><a href=\"http:\/\/bit.ly\/1ru8wnf\" \ntarget=\"_blank\">Click Here for English<img decoding=\"async\" width=\"20\" height=\"20\" class=\"alignright wp-image-15790\" src=\"http:\/\/rioonwatch.org.br\/wp-content\/uploads\/2012\/08\/EN-standard-e1439583104716.jpg\" alt=\"\" \/><\/a><\/strong><\/em><\/p>\n<p>Na ter\u00e7a-feira 8 de abril, o <a href=\"http:\/\/bit.ly\/XuDNKV\" target=\"_blank\">Vidigal<\/a> acolheu o segundo da s\u00e9rie de quatro debates &#8220;<a href=\"http:\/\/on.fb.me\/1gxAGMb\" target=\"_blank\">Fala Vidigal<\/a>&#8220;. Organizado pela Associa\u00e7\u00e3o de Moradores da Vila Vidigal, a\u00a0<a href=\"www.comcat.org\">Comunidades Catalisadoras<\/a>, o\u00a0<a href=\"http:\/\/on.fb.me\/NTs064\" target=\"_blank\">F\u00f3rum Intersetorial do Vidigal<\/a>, <a href=\"http:\/\/on.fb.me\/1elEwTV\" target=\"_blank\">Albergue da Comunidade<\/a>, e o\u00a0<a href=\"http:\/\/on.fb.me\/1iZelo1\" target=\"_blank\">Vidblog Vidigal<\/a>,\u00a0os debates forneceram aos moradores a oportunidade de discutir o processo de <a href=\"http:\/\/bit.ly\/184FqS4\" target=\"_blank\">gentrifica\u00e7\u00e3o<\/a> e o que isso significa para o futuro da sua comunidade.<\/p>\n<p><img fetchpriority=\"high\" decoding=\"async\" class=\"alignright  wp-image-14539\" title=\"Moradores se re\u00fanem para o segundo debate \" src=\"http:\/\/rioonwatch.org\/wp-content\/uploads\/2014\/04\/13841365063_b34bc2ee7e_b.jpg\" alt=\"\" width=\"331\" height=\"221\" \/><\/p>\n<p align=\"left\">O <a href=\"http:\/\/bit.ly\/1i0iCWp\" target=\"_blank\">primeiro debate<\/a>, realizado em 18 de mar\u00e7o, iniciou a conversa com um painel de discuss\u00e3o sobre a defini\u00e7\u00e3o de gentrifica\u00e7\u00e3o, a hist\u00f3ria do Vidigal, as origens de favelas como habita\u00e7\u00e3o a pre\u00e7os acess\u00edveis, e as coloca\u00e7\u00f5es dos moradores. O segundo debate ampliou a discuss\u00e3o sobre as mudan\u00e7as recentes no Vidigal, permitindo uma discuss\u00e3o ampla e abrangente entre os moradores para definirem os bens da comunidade que n\u00e3o podem ser perdidos nesta transforma\u00e7\u00e3o, bem como as melhorias necess\u00e1rias que os moradores querem para o futuro do Vidigal.<\/p>\n<p align=\"left\">Com cerca de 120 pessoas presentes, o debate iniciou com um v\u00eddeo especialmente preparado no qual uma variedade de moradores, de v\u00e1rios locais de dentro Vidigal, foram perguntados sobre o que eles pensam da comunidade e das mudan\u00e7as em andamento. William de Paula, o Ninho, morador de longa data e ator do\u00a0<a href=\"http:\/\/bit.ly\/1iT0Sy7\" target=\"_blank\">N\u00f3s do Morro<\/a>, declarou: &#8220;N\u00f3s fizemos este v\u00eddeo para ver o que todo mundo estava pensando sobre esse processo de <a href=\"http:\/\/bit.ly\/1fXj9ZW\" target=\"_blank\">gentrifica\u00e7\u00e3o<\/a>, porque [os novos desenvolvimentos] tem impactado as nossas vidas de uma forma positiva e negativa. Este \u00e9 o nosso objetivo hoje. [A especula\u00e7\u00e3o imobili\u00e1ria] est\u00e1 acontecendo em nossa comunidade. Isso est\u00e1 acontecendo em todos os lugares: no Vidigal, no Rio de Janeiro, e a n\u00edvel Brasil&#8221;.<\/p>\n<p><iframe src=\"\/\/www.youtube.com\/embed\/bdlrpTsIllE\" width=\"601\" height=\"338\" frameborder=\"0\" allowfullscreen=\"allowfullscreen\"><\/iframe><\/p>\n<p>O debate come\u00e7ou com um depoimento de Andr\u00e9 Gosi, morador do Vidigal h\u00e1 52 anos, e sua fam\u00edlia por 70 anos. Andr\u00e9 \u00e9 um dos atuais diretores da Associa\u00e7\u00e3o de Moradores da Vila Vidigal. Refletindo sobre os moradores que j\u00e1 ficaram tentados a vender suas casas para os rec\u00e9m-chegados, pelo fato de que nunca haviam imaginado que suas casas poderiam ser t\u00e3o valiosas, Andr\u00e9 advertiu: \u201cA pessoa tem que ter consci\u00eancia que a casa dela tem um valor humano muito grande. Tem que pensar se vale \u00e0 pena sair daqui para morar em outro lugar por R$200.000. Voc\u00ea n\u00e3o muda s\u00f3 de endere\u00e7o, muda de h\u00e1bitos, muda de tempo. Depois fica em depress\u00e3o porque as pessoas que conviviam perto de voc\u00ea v\u00e3o morar distante. Ent\u00e3o voc\u00ea tem que come\u00e7ar pensar por este lado. Eu costumo dizer que a favela \u00e9 o lado mais original do Rio de Janeiro. Onde as pessoas vivem muito pr\u00f3ximas. O vizinho que a gente pede um a\u00e7\u00facar, a solidariedade que \u00e9 fant\u00e1stica&#8211;voc\u00ea est\u00e1 passando mal eu te levo no Miguel Couto. Tudo isso tem que ser pesado, posto na ponta do l\u00e1pis, pensar se vale a pena vender a sua casa e ir morar num lugar bem distante&#8221;.<\/p>\n<p><a href=\"http:\/\/rioonwatch.org\/wp-content\/uploads\/2014\/04\/13841467965_a0a0fc8912_b.jpg\"><img decoding=\"async\" class=\"alignright  wp-image-14541\" title=\"Um curta-metragem foi exibido com as opini\u00f5es dos moradores sobre a mudan\u00e7as no Vidigal. Foto por Michel Jaquet\" src=\"http:\/\/rioonwatch.org\/wp-content\/uploads\/2014\/04\/13841467965_a0a0fc8912_b.jpg\" alt=\"\" width=\"331\" height=\"221\" \/><\/a><\/p>\n<p align=\"left\">Andr\u00e9 foi seguido por Manoel, um dos fundadores do eco-parque <a href=\"http:\/\/bit.ly\/1mwSiLJ\" target=\"_blank\">Siti\u00ea<\/a> e um jardineiro idoso da comunidade, que defendeu os valores que os estrangeiros\u2013muitas vezes identificados como os iniciadores do processo de gentrifica\u00e7\u00e3o\u2013interessados na comunidade trouxeram nos \u00faltimos anos: \u201cQuando recebemos estrangeiros podemos ser gratos por serem pessoas que v\u00eam conhecer o Brasil e a comunidade de forma diferente&#8230; O Vidigal \u00e9 o celeiro da Zona Sul de beleza. \u00c9 uma comunidade diferenciada. N\u00e3o s\u00f3 agora nessa \u00e9poca, mas nos anos 70, 80 j\u00e1 recebia uma enorme quantidade de visitantes. Estou feliz de participar de uma transforma\u00e7\u00e3o que pode trazer coisas melhores&#8230; Nos educa e traz tamb\u00e9m cultura pra n\u00f3s\u201d.<\/p>\n<p align=\"left\">Sylvia Cassanello, uma uruguaia que fez do Vidigal sua casa nos \u00faltimos 24 anos, e que \u00e9 um ativista em defesa de animais abandonados e maltratados na comunidade, destacou que n\u00e3o s\u00f3 os estrangeiros est\u00e3o se mudando para a comunidade, mas que os brasileiros de classe m\u00e9dia incapazes de pagar os altos pre\u00e7os da moradia nos bairros embaixo tamb\u00e9m foram morar no Vidigal.<\/p>\n<p align=\"left\">Na seq\u00fc\u00eancia um ator brasileiro que h\u00e1 um ano se mudou para a comunidade do asfalto, quando estava trabalhando com <a href=\"http:\/\/bit.ly\/1iT0Sy7\" target=\"_blank\">N\u00f3s do Morro<\/a>, disse: \u201cVim para trazer ao Vidigal a minha bagagem. O que eu posso oferecer e trocar com o Vidigal. E o que o Vidigal pode trocar comigo tamb\u00e9m. Acho uma comunidade super aberta, muito colorida, muitas pessoas diferentes. Acho que o Vidigal tem uma auto-estima muito legal&#8230; O que acho que \u00e9 bom que n\u00e3o pode perder, \u00e9 o fato de todo mundo falar com todo mundo&#8230; A gente que vem de fora t\u00e1 cobrando coisas tamb\u00e9m. A gente que vem de fora se espanta com o lixo na rua e a\u00ed a gente come\u00e7a catar. A nossa contribui\u00e7\u00e3o, quem vem de fora, vem para exigir. Eu acho que o Vidigal tem que ter banco, hospital. Quem vem de fora e tem isso l\u00e1 fora, quando chega no Vidigal vai trazer essas reivindica\u00e7\u00f5es tamb\u00e9m&#8230; Porque \u00e9 isso que eu quero no futuro. Que seja um bairro como outro qualquer\u201d.<\/p>\n<p>Ivanete Alleliuiah da Associa\u00e7\u00e3o de Mulheres do Vidigal (<a href=\"http:\/\/on.fb.me\/1llXikU\" target=\"_blank\">A.M.A.R<\/a>), em seguida, pegou o microfone, perturbada com algumas das coisas que ouviu: \u201cPara mim no Vidigal de hoje est\u00e1 tudo errado. Tudo ruim. Eu quero saber se algu\u00e9m tem conta de luz que est\u00e1 vindo alta? Eu garanto que tem&#8230; <a href=\"http:\/\/bit.ly\/1mZ1CnQ\" target=\"_blank\">\u00c9 a conta de luz alta<\/a>, \u00e9 a conta de \u00e1gua alta. Daqui a pouco o favelado est\u00e1 pagando IPTU. Ent\u00e3o eu n\u00e3o posso concordar com o que est\u00e1 acontecendo. \u00c9 <a href=\"http:\/\/bit.ly\/SlZpth\" target=\"_blank\">ONG sendo constru\u00edda l\u00e1 em cima com 3 andares<\/a>, onde eu, moradora que mora aqui h\u00e1 mais de 50 anos e fa\u00e7o parte da Associa\u00e7\u00e3o de Mulheres, n\u00e3o temos nem um espa\u00e7o para construir uma sede. Onde qualquer um pode chegar e construir, a pre\u00e7os altos. A quest\u00e3o de banco: seria bom ter um banco aqui sim, mas voc\u00eas precisam ficar bem atentos ao banco que pretendem construir dentro da comunidade, que \u00e9 para oferecer juros baixos para que voc\u00eas peguem dinheiro e atrav\u00e9s destes juros voc\u00ea podem perder a casa. Fiquem bem atentos. Eu quero a minha favela, eu n\u00e3o quero comunidade\u201d.<\/p>\n<p><img loading=\"lazy\" decoding=\"async\" class=\"alignright wp-image-14543\" title=\"Foto por Michel Jaquet\" src=\"http:\/\/rioonwatch.org\/wp-content\/uploads\/2014\/04\/13841808334_6dcaff1ee0_b.jpg\" alt=\"\" width=\"331\" height=\"221\" \/><\/p>\n<p align=\"left\">Em seguida veio Adalberto Ferreira, ou Beto, um compositor de samba e membro da ONG Horizonte. Relacionando-se nas preocupa\u00e7\u00f5es de Ivanete sobre justi\u00e7a, e enfatizando que os moradores do Vidigal haviam permanecido na comunidade, investindo em suas vidas e vivendo l\u00e1 em tempos dif\u00edceis, ele foi categ\u00f3rico: &#8220;O governo deu a garantia que dentro das favelas <a href=\"http:\/\/bit.ly\/R5ueio\" target=\"_blank\">pacificadas<\/a>, teria seguran\u00e7a, e que as coisas seguiriam para os projetos sociais. <a href=\"http:\/\/bit.ly\/YZD9al\" target=\"_blank\">Santa Marta<\/a> foi a primeira favela pacificada, e hoje j\u00e1 se passaram 5 anos e a gente n\u00e3o v\u00ea melhoramento na educa\u00e7\u00e3o, na sa\u00fade, na habita\u00e7\u00e3o, em lugar nenhum&#8230; No Vidigal, quando tinha o tr\u00e1fico, ningu\u00e9m queria subir. N\u00f3s moradores cheg\u00e1vamos do trabalho, fic\u00e1vamos aqui na pra\u00e7a com o BOPE ali, que n\u00e3o deixava a gente subir porque era um troca-troca de tiro. Ent\u00e3o ningu\u00e9m queria vir pra c\u00e1. A gente seguiu com as pr\u00f3prias pernas. Desde a d\u00e9cada de 80 o governo do Estado esteve ausente nas favelas&#8230; e a gente passou por dificuldades. Com a pacifica\u00e7\u00e3o foi entrando os policiais. Eles tamb\u00e9m s\u00e3o um laborat\u00f3rio. Eles fazem um curso muito r\u00e1pido, vem sem preparo psicol\u00f3gico, sem preparo f\u00edsico, com sal\u00e1rio bem baixo, para fazer o seu servi\u00e7o. Acontece isso: a gente fica no poder do governo esperando o trabalho social, que tamb\u00e9m n\u00e3o aparece&#8230; Desde que essa comunidade foi fundada, um dos lideres comunit\u00e1rios, o Paulinho, conta que esse processo de remo\u00e7\u00e3o vinha de 10 em 10 anos&#8230; Temos todos os tipos de imigrante, do nordeste, sudeste, sul, e do Brasil afora e est\u00e3o aqui construindo suas casas de tijolo em tijolo. Trabalhando com sal\u00e1rio m\u00ednimo ou um pouquinho mais passando a sua dificuldade e assim afora. As pessoas naquela \u00e9poca n\u00e3o eram instru\u00eddas, algumas vieram estudando, ganhando sal\u00e1rios bem baixos, querendo sobreviver. As pessoas come\u00e7aram exigir os seus direitos&#8230; Como \u00e9 que essas pessoas v\u00e3o contribuir para uma conta de luz alta, conta de \u00e1gua alta, e com as pessoas sendo coagidas para sair da comunidade?&#8230; N\u00f3s precisamos chamar o governo, toda a sociedade aqui&#8230; e que tenham aqui propostas concretas para poder passar para a gente. N\u00e3o queremos viver de esmolas\u201d.<\/p>\n<p><a href=\"http:\/\/rioonwatch.org\/wp-content\/uploads\/2014\/05\/prof-fabio.jpg\"><img loading=\"lazy\" decoding=\"async\" class=\"alignright wp-image-14798\" title=\"Fala do professor F\u00e1bio de Barros Pereira\" src=\"http:\/\/rioonwatch.org\/wp-content\/uploads\/2014\/05\/prof-fabio.jpg\" alt=\"\" width=\"330\" height=\"220\" \/><\/a><\/p>\n<p align=\"left\">Somando-se a cr\u00edtica do Beto, \u00e0 neglig\u00eancia do Estado, o professor do ensino m\u00e9dio, F\u00e1bio de Barros Pereira, assumiu o microfone e fez um apelo apaixonado para a comunidade ter interesse e posse de sua escola local, onde ensina: &#8220;Eu quero dizer que a\u00a0<a href=\"http:\/\/bit.ly\/1acNApR\" target=\"_blank\">escola<\/a> tem um papel construtor de futuro. E neste sentido eu acho que a gente precisa, para construir um futuro bacana, importante&#8211;que garante direitos, que forme cidad\u00e3os, que prepara os alunos&#8211;a gente precisa de uma escola completamente diferente dessa escola que temos hoje no Vidigal. A Almirante Tamandar\u00e9 tem mais de 50 anos. Fica localizada dentro da comunidade. Lamentavelmente est\u00e1 de costas para a comunidade. E de certa maneira, a comunidade de costas para a escola. A escola neste momento t\u00e3o crucial, n\u00e3o s\u00f3 no Vidigal, no qual as comunidades est\u00e3o vivendo no Rio de Janeiro, com este projeto de cidade t\u00e3o enlouquecido de militarizar a cidade cada vez mais, eu acho que a escola tem um papel importante a cumprir&#8221;.<\/p>\n<p>&#8220;Que escola que eu gostaria que existisse no futuro?&#8230; Uma escola que ajudasse a formar cidad\u00e3os&#8230; Em uma situa\u00e7\u00e3o t\u00e3o decisiva quanto essa&#8211;da instala\u00e7\u00e3o de uma UPP que pretende pacificar alguma coisa&#8211;a escola precisa formar cidad\u00e3os que pensem, que experimentem, que pratiquem, que exercitem democracia. Isso \u00e9 essencial. A nossa escola hoje n\u00e3o faz isso. \u00c9 autorit\u00e1ria. Professores e alunos n\u00e3o podem participar do destino da escola. N\u00e3o tem voz. Porque \u00e9 importante o aluno e professor participar da escola? Especialmente a comunidade. Eu n\u00e3o conhe\u00e7o um exemplo de uma escola bem sucedida onde a comunidade n\u00e3o tenha abra\u00e7ado e participado da escola. Porque isso \u00e9 importante? A gente est\u00e1 vendo, na cidade, se estabelecer um projeto cada vez mais militar, e isso me assusta muito. Cada energia e cada centavo posto nesse projeto de contratar mais policiais e comprar mais armas e viaturas para ocupar as comunidades em detrimento dos benef\u00edcios sociais, a gente est\u00e1 construindo a cidade em uma determinada dire\u00e7\u00e3o. Quanto mais eu compro armas, mais eu alimento a guerra. A escola deve exercer um papel contr\u00e1rio. A escola deve construir a democracia. Porque que \u00e9 importante construir a democracia? Porque a democracia tem duas caracter\u00edsticas principais. Primeiro \u00e9 a participa\u00e7\u00e3o pol\u00edtica. Uma sociedade como a brasileira t\u00e3o excludente, t\u00e3o concentrada, t\u00e3o autorit\u00e1ria, se ela n\u00e3o forma para a democracia, ela vai perpetuar essa desigualdade, injusti\u00e7a social perenemente. E a segunda caracter\u00edstica importante da democracia \u00e9 a garantia de direitos&#8230; Se o estudante puder no dia a dia da escola exercitar a gest\u00e3o escolar junto com a dire\u00e7\u00e3o e os professores.\u00a0Eu s\u00f3 vejo uma solu\u00e7\u00e3o poss\u00edvel para as comunidades ocupadas, ter sucesso e viabilidade no projeto de pacifica\u00e7\u00e3o, e \u00e9 a necessidade da comunidade controlar o estado. O estado n\u00e3o pode controlar a comunidade. A pol\u00edcia n\u00e3o pode controlar a comunidade. Isso n\u00e3o nos vai levar a um bom lugar. Cada centavo que eu boto numa arma, eu tiro de um livro. Cada PM que eu contrato, eu tiro um professor da escola. Cada carro que eu compro \u00e9 menos um computador, menos um livro, menos uma biblioteca. Ent\u00e3o a gente est\u00e1 construindo uma cidade em cima de um projeto que n\u00e3o nos interessa. A nossa escola deveria estar ocupando um papel central no Vidigal de irradiar valores de cidadania, de democracia&#8230; Segunda coisa, o Vidigal tem uma caracter\u00edstica essencial. \u00c9 uma comunidade que tem uma hist\u00f3ria de rela\u00e7\u00e3o com as artes. A \u00fanica coisa que pode salvar a escola dessa monotonia, dessa chatice que se tornou a educa\u00e7\u00e3o hoje, s\u00e3o as artes&#8230; N\u00e3o atrai mais os jovens&#8230; A arte pode desempenhar um papel importante de renovar a escola. E o Vidigal, talvez, \u00e9 o lugar mais prop\u00edcio de todos, para n\u00f3s termos uma escola experimental, de ponta; que traga arte para sala de aula&#8230; que a gente traga o l\u00fadico, o jogo, a brincadeira&#8230;\u201d<\/p>\n<p align=\"left\">Na seq\u00fc\u00eancia da proposta de F\u00e1bio o palco foi assumido por um arquiteto espanhol, Miguel Plaza, que se mudou para o Vidigal h\u00e1 um ano e tem se empenhado com v\u00e1rios programas de apoio \u00e0 comunidade: &#8220;Eu conhe\u00e7o muitos estrangeiros, mas nenhum est\u00e1 comprando. Quem est\u00e1 comprando? Acordem, porque \u00e9 gente com muita grana que vem de fora [da comunidade] que est\u00e1 ligada com muitos poderes, gente brasileira&#8230; Sou arquiteto. Eu vim com a ideia de fazer a comunidade melhor. Porque se faz a casa por dentro e n\u00e3o faz espa\u00e7o p\u00fablico? Eu vi uma solu\u00e7\u00e3o pr\u00e1tica e concreta para o futuro mais imediato. Quanto menor a obra, menos dinheiro, melhor, mas f\u00e1cil de fiscalizar. D\u00e1 mais for\u00e7a para a comunidade. Eu vim, fiquei fascinado por dois meses pela vista, \u00e9 maravilhosa. Mas depois fiquei fascinado pela comunidade mesmo. <a href=\"http:\/\/bit.ly\/Xc4R0Y\" target=\"_blank\">O que est\u00e1 acontecendo com as festas?<\/a> Porque n\u00e3o pode fazer mais festas? Mais debates como este aqui? Porque isso vai dar mais for\u00e7a. A comunidade \u00e9 o que tem mais valor&#8230; Vamos fazer mais atividades, vamos educar, movimentar uns aos outros e se relacionar. Porque nestas atividades de rela\u00e7\u00e3o, uns com os outros, \u00e9 que a comunidade se faz mais forte. Foi disso que eu gostei quando vim para c\u00e1, e que \u00e9 diferente de outros lugares\u201d.<\/p>\n<p><img loading=\"lazy\" decoding=\"async\" class=\"alignright  wp-image-14544\" title=\"Presidente da Associa\u00e7\u00e3o de Moradores da Vila Vidigal, Marcelo da Silva. Foto por Michel Jaquet\" src=\"http:\/\/rioonwatch.org\/wp-content\/uploads\/2014\/04\/13841457585_2a618b0664_b.jpg\" alt=\"\" width=\"221\" height=\"331\" \/><\/p>\n<p align=\"left\">O debate, em seguida, completou o c\u00edrculo retornando para outro morador nascido e criado no Vidigal e Presidente da Associa\u00e7\u00e3o de Moradores da Vila Vidigal, Marcelo da Silva, que explicou que ele queria falar n\u00e3o como presidente, mas como morador, expandindo o tema de Miguel de fortalecimento da comunidade atrav\u00e9s da uni\u00e3o: \u201cN\u00e3o adianta vir aqui e colocar a culpa nos org\u00e3os, Prefeitura, Governo, gringos, estrangeiros, se n\u00f3s moradores n\u00e3o formos mais unidos. Se n\u00f3s moradores n\u00e3o nos entendermos. Porque eu vejo que toda hora chega um probleminha que poderia ser resolvido com di\u00e1logo. E s\u00e3o pessoas que convivem h\u00e1 40 anos na mesma localidade&#8230; Est\u00e1 na hora de termos uma mentalidade de uni\u00e3o. Chega de botar a culpa em gest\u00f5es passadas, essa que est\u00e1, ou a que vai vir&#8230; Agora, em quest\u00e3o dos pre\u00e7os [de luz], temos que correr atr\u00e1s. Cobrar um pre\u00e7o justo para a comunidade. Algumas associa\u00e7\u00f5es est\u00e3o tendo a vis\u00e3o agora, estamos nos unindo, fazendo reuni\u00f5es para ficarmos mais forte. Chega das coisas estarem acontecendo no Vidigal e eu n\u00e3o estar me importando com a outra comunidade. Essa uni\u00e3o \u00e9 necess\u00e1ria. Saber o que est\u00e1 acontecendo no Santa Marta, Cantagalo, Babil\u00f4nia, Rocinha&#8230; Estou vindo aqui como morador para pedir, vamos deixar de lado essa coisa de querer colocar culpa em todo mundo&#8230; e cada um de n\u00f3s, moradores, fazer a nossa parte\u201d.<\/p>\n<p align=\"left\">Ao longo do debate os moradores elogiaram as qualidades da comunidade, tais como: a abertura, a <a href=\"http:\/\/bit.ly\/1ea7cQq\" target=\"_blank\">cultura<\/a>, a comunica\u00e7\u00e3o, a solidariedade e o sentido de comunidade que &#8220;n\u00e3o \u00e9 encontrado no asfalto&#8221;. In\u00fameros moradores observaram que o atual <a href=\"http:\/\/bit.ly\/184FqS4\" target=\"_blank\">processo de gentrifica\u00e7\u00e3o no Vidigal<\/a> n\u00e3o \u00e9 apenas um fen\u00f4meno local, mas sim a conseq\u00fc\u00eancia de mudan\u00e7as econ\u00f4micas globais e de pol\u00edticas desde o n\u00edvel federal.<\/p>\n<p align=\"left\">O terceiro debate &#8220;Fala Vidigal&#8221; ir\u00e1 discutir as inten\u00e7\u00f5es dos novos empres\u00e1rios e donos de empresas que entraram na comunidade, e sobre o que eles podem contribuir. O evento acontecer\u00e1 no dia 6 de maio na Pra\u00e7a Vidigal \u00e0s 19h. O debate final ser\u00e1 no dia 3 de junho, e ir\u00e1 contar com as autoridades p\u00fablicas envolvidas na comunidade para discutirem os seus planos para a comunidade e ouvir as preocupa\u00e7\u00f5es dos moradores.<\/p>\n<p>Para mais informa\u00e7\u00f5es sobre a s\u00e9rie de debates, clique <a href=\"http:\/\/bit.ly\/FalaVidigal\" target=\"_blank\">aqui<\/a>.<\/p>\n<p><iframe src=\"https:\/\/www.flickr.com\/photos\/catcomm\/13841679114\/in\/set-72157643935959074\/player\/\" width=\"500\" height=\"333\" frameborder=\"0\" allowfullscreen=\"allowfullscreen\"><\/iframe><\/p>\n<!-- AddThis Advanced Settings generic via filter on the_content --><!-- AddThis Share Buttons generic via filter on the_content -->","protected":false},"excerpt":{"rendered":"<div class=\"mh-excerpt\"><p>Click Here for English Na ter\u00e7a-feira 8 de abril, o Vidigal acolheu o segundo da s\u00e9rie de quatro debates &#8220;Fala Vidigal&#8220;. Organizado pela Associa\u00e7\u00e3o de Moradores da Vila Vidigal, a\u00a0Comunidades Catalisadoras, o\u00a0F\u00f3rum Intersetorial do Vidigal, <a class=\"mh-excerpt-more\" href=\"https:\/\/rioonwatch.org.br\/?p=11349\" title=\"Vidigal Debate a Gentrifica\u00e7\u00e3o e Futuro da Comunidade no Segundo &#8220;Fala Vidigal&#8221;\">[&#8230;]<\/a><!-- AddThis Advanced Settings generic via filter on get_the_excerpt --><!-- AddThis Share Buttons generic via filter on get_the_excerpt --><\/p>\n<\/div>","protected":false},"author":129,"featured_media":11382,"comment_status":"closed","ping_status":"closed","sticky":false,"template":"","format":"standard","meta":{"_acf_changed":false,"_monsterinsights_skip_tracking":false,"_monsterinsights_sitenote_active":false,"_monsterinsights_sitenote_note":"","_monsterinsights_sitenote_category":0,"footnotes":""},"categories":[1617,1620,342],"tags":[421,709,316,396,922,1387,395,358,758,380,92,354,383],"writer":[1058],"translator":[273],"source":[],"ilustrador":[],"fotografo":[],"class_list":{"0":"post-11349","1":"post","2":"type-post","3":"status-publish","4":"format-standard","5":"has-post-thumbnail","7":"category-olhonagentrificacao","8":"category-olhonaupp","9":"category-solucoes","10":"tag-cultura-da-favela","11":"tag-debate","12":"tag-educacao","13":"tag-especulacao-imobiliaria","14":"tag-evento","15":"tag-fala-vidigal","16":"tag-gentrificacao-remocao-branca","17":"tag-organizacao-comunitaria","18":"tag-orgulho-comunitario","19":"tag-solidariedade","20":"tag-upp","21":"tag-vidigal","22":"tag-zona-sul","23":"writer-rachael-hilderbrand","24":"translator-roseli-franco"},"acf":[],"yoast_head":"<!-- This site is optimized with the Yoast SEO plugin v25.6 - https:\/\/yoast.com\/wordpress\/plugins\/seo\/ -->\n<title>Vidigal Debate a Gentrifica\u00e7\u00e3o e Futuro da Comunidade no Segundo &quot;Fala Vidigal&quot; - RioOnWatch<\/title>\n<meta name=\"robots\" content=\"index, follow, max-snippet:-1, max-image-preview:large, max-video-preview:-1\" \/>\n<link rel=\"canonical\" href=\"https:\/\/rioonwatch.org.br\/?p=11349\" \/>\n<meta property=\"og:locale\" content=\"pt_BR\" \/>\n<meta property=\"og:type\" content=\"article\" \/>\n<meta property=\"og:title\" content=\"Vidigal Debate a Gentrifica\u00e7\u00e3o e Futuro da Comunidade no Segundo &quot;Fala Vidigal&quot; - RioOnWatch\" \/>\n<meta property=\"og:description\" content=\"Click Here for English Na ter\u00e7a-feira 8 de abril, o Vidigal acolheu o segundo da s\u00e9rie de quatro debates &#8220;Fala Vidigal&#8220;. Organizado pela Associa\u00e7\u00e3o de Moradores da Vila Vidigal, a\u00a0Comunidades Catalisadoras, o\u00a0F\u00f3rum Intersetorial do Vidigal, [...]\" \/>\n<meta property=\"og:url\" content=\"https:\/\/rioonwatch.org.br\/?p=11349\" \/>\n<meta property=\"og:site_name\" content=\"RioOnWatch\" \/>\n<meta property=\"article:published_time\" content=\"2014-04-30T14:24:40+00:00\" \/>\n<meta property=\"article:modified_time\" content=\"2015-12-24T02:13:59+00:00\" \/>\n<meta property=\"og:image\" content=\"https:\/\/rioonwatch.org.br\/wp-content\/uploads\/2014\/05\/Fala-Vidigal-2-plateia.jpg\" \/>\n\t<meta property=\"og:image:width\" content=\"320\" \/>\n\t<meta property=\"og:image:height\" content=\"213\" \/>\n\t<meta property=\"og:image:type\" content=\"image\/jpeg\" \/>\n<meta name=\"author\" content=\"Admin\" \/>\n<meta name=\"twitter:card\" content=\"summary_large_image\" \/>\n<meta name=\"twitter:label1\" content=\"Escrito por\" \/>\n\t<meta name=\"twitter:data1\" content=\"Admin\" \/>\n\t<meta name=\"twitter:label2\" content=\"Est. tempo de leitura\" \/>\n\t<meta name=\"twitter:data2\" content=\"14 minutos\" \/>\n<script type=\"application\/ld+json\" class=\"yoast-schema-graph\">{\"@context\":\"https:\/\/schema.org\",\"@graph\":[{\"@type\":\"Article\",\"@id\":\"https:\/\/rioonwatch.org.br\/?p=11349#article\",\"isPartOf\":{\"@id\":\"https:\/\/rioonwatch.org.br\/?p=11349\"},\"author\":{\"name\":\"Admin\",\"@id\":\"https:\/\/rioonwatch.org.br\/#\/schema\/person\/11d64c290506f9df50c71b850c473f68\"},\"headline\":\"Vidigal Debate a Gentrifica\u00e7\u00e3o e Futuro da Comunidade no Segundo &#8220;Fala Vidigal&#8221;\",\"datePublished\":\"2014-04-30T14:24:40+00:00\",\"dateModified\":\"2015-12-24T02:13:59+00:00\",\"mainEntityOfPage\":{\"@id\":\"https:\/\/rioonwatch.org.br\/?p=11349\"},\"wordCount\":2795,\"publisher\":{\"@id\":\"https:\/\/rioonwatch.org.br\/#organization\"},\"image\":{\"@id\":\"https:\/\/rioonwatch.org.br\/?p=11349#primaryimage\"},\"thumbnailUrl\":\"https:\/\/rioonwatch.org.br\/wp-content\/uploads\/2014\/05\/Fala-Vidigal-2-plateia.jpg\",\"keywords\":[\"cultura da favela\",\"debate\",\"educa\u00e7\u00e3o\",\"especula\u00e7\u00e3o imobili\u00e1ria\",\"evento\",\"Fala Vidigal\",\"gentrifica\u00e7\u00e3o\",\"organiza\u00e7\u00e3o comunit\u00e1ria\",\"orgulho comunit\u00e1rio\",\"solidariedade\",\"UPP\",\"Vidigal\",\"Zona Sul\"],\"articleSection\":[\"#OlhoNaGentrifica\u00e7\u00e3o\",\"Seguran\u00e7a P\u00fablica\",\"Solu\u00e7\u00f5es\"],\"inLanguage\":\"pt-BR\"},{\"@type\":\"WebPage\",\"@id\":\"https:\/\/rioonwatch.org.br\/?p=11349\",\"url\":\"https:\/\/rioonwatch.org.br\/?p=11349\",\"name\":\"Vidigal Debate a Gentrifica\u00e7\u00e3o e Futuro da Comunidade no Segundo \\\"Fala Vidigal\\\" - RioOnWatch\",\"isPartOf\":{\"@id\":\"https:\/\/rioonwatch.org.br\/#website\"},\"primaryImageOfPage\":{\"@id\":\"https:\/\/rioonwatch.org.br\/?p=11349#primaryimage\"},\"image\":{\"@id\":\"https:\/\/rioonwatch.org.br\/?p=11349#primaryimage\"},\"thumbnailUrl\":\"https:\/\/rioonwatch.org.br\/wp-content\/uploads\/2014\/05\/Fala-Vidigal-2-plateia.jpg\",\"datePublished\":\"2014-04-30T14:24:40+00:00\",\"dateModified\":\"2015-12-24T02:13:59+00:00\",\"breadcrumb\":{\"@id\":\"https:\/\/rioonwatch.org.br\/?p=11349#breadcrumb\"},\"inLanguage\":\"pt-BR\",\"potentialAction\":[{\"@type\":\"ReadAction\",\"target\":[\"https:\/\/rioonwatch.org.br\/?p=11349\"]}]},{\"@type\":\"ImageObject\",\"inLanguage\":\"pt-BR\",\"@id\":\"https:\/\/rioonwatch.org.br\/?p=11349#primaryimage\",\"url\":\"https:\/\/rioonwatch.org.br\/wp-content\/uploads\/2014\/05\/Fala-Vidigal-2-plateia.jpg\",\"contentUrl\":\"https:\/\/rioonwatch.org.br\/wp-content\/uploads\/2014\/05\/Fala-Vidigal-2-plateia.jpg\",\"width\":320,\"height\":213},{\"@type\":\"BreadcrumbList\",\"@id\":\"https:\/\/rioonwatch.org.br\/?p=11349#breadcrumb\",\"itemListElement\":[{\"@type\":\"ListItem\",\"position\":1,\"name\":\"In\u00edcio\",\"item\":\"https:\/\/rioonwatch.org.br\/\"},{\"@type\":\"ListItem\",\"position\":2,\"name\":\"Vidigal Debate a Gentrifica\u00e7\u00e3o e Futuro da Comunidade no Segundo &#8220;Fala Vidigal&#8221;\"}]},{\"@type\":\"WebSite\",\"@id\":\"https:\/\/rioonwatch.org.br\/#website\",\"url\":\"https:\/\/rioonwatch.org.br\/\",\"name\":\"RioOnWatch\",\"description\":\"relatos das favelas cariocas\",\"publisher\":{\"@id\":\"https:\/\/rioonwatch.org.br\/#organization\"},\"potentialAction\":[{\"@type\":\"SearchAction\",\"target\":{\"@type\":\"EntryPoint\",\"urlTemplate\":\"https:\/\/rioonwatch.org.br\/?s={search_term_string}\"},\"query-input\":{\"@type\":\"PropertyValueSpecification\",\"valueRequired\":true,\"valueName\":\"search_term_string\"}}],\"inLanguage\":\"pt-BR\"},{\"@type\":\"Organization\",\"@id\":\"https:\/\/rioonwatch.org.br\/#organization\",\"name\":\"RioOnWatch\",\"url\":\"https:\/\/rioonwatch.org.br\/\",\"logo\":{\"@type\":\"ImageObject\",\"inLanguage\":\"pt-BR\",\"@id\":\"https:\/\/rioonwatch.org.br\/#\/schema\/logo\/image\/\",\"url\":\"https:\/\/rioonwatch.org.br\/wp-content\/uploads\/2021\/06\/RioOnWatchcabecalhoPT11anos-2.png\",\"contentUrl\":\"https:\/\/rioonwatch.org.br\/wp-content\/uploads\/2021\/06\/RioOnWatchcabecalhoPT11anos-2.png\",\"width\":779,\"height\":277,\"caption\":\"RioOnWatch\"},\"image\":{\"@id\":\"https:\/\/rioonwatch.org.br\/#\/schema\/logo\/image\/\"}},{\"@type\":\"Person\",\"@id\":\"https:\/\/rioonwatch.org.br\/#\/schema\/person\/11d64c290506f9df50c71b850c473f68\",\"name\":\"Admin\",\"image\":{\"@type\":\"ImageObject\",\"inLanguage\":\"pt-BR\",\"@id\":\"https:\/\/rioonwatch.org.br\/#\/schema\/person\/image\/\",\"url\":\"https:\/\/secure.gravatar.com\/avatar\/56211ac74568383903349a1485e3c325?s=96&d=blank&r=g\",\"contentUrl\":\"https:\/\/secure.gravatar.com\/avatar\/56211ac74568383903349a1485e3c325?s=96&d=blank&r=g\",\"caption\":\"Admin\"},\"url\":\"https:\/\/rioonwatch.org.br\/?author=129\"}]}<\/script>\n<!-- \/ Yoast SEO plugin. -->","yoast_head_json":{"title":"Vidigal Debate a Gentrifica\u00e7\u00e3o e Futuro da Comunidade no Segundo \"Fala Vidigal\" - RioOnWatch","robots":{"index":"index","follow":"follow","max-snippet":"max-snippet:-1","max-image-preview":"max-image-preview:large","max-video-preview":"max-video-preview:-1"},"canonical":"https:\/\/rioonwatch.org.br\/?p=11349","og_locale":"pt_BR","og_type":"article","og_title":"Vidigal Debate a Gentrifica\u00e7\u00e3o e Futuro da Comunidade no Segundo \"Fala Vidigal\" - RioOnWatch","og_description":"Click Here for English Na ter\u00e7a-feira 8 de abril, o Vidigal acolheu o segundo da s\u00e9rie de quatro debates &#8220;Fala Vidigal&#8220;. Organizado pela Associa\u00e7\u00e3o de Moradores da Vila Vidigal, a\u00a0Comunidades Catalisadoras, o\u00a0F\u00f3rum Intersetorial do Vidigal, [...]","og_url":"https:\/\/rioonwatch.org.br\/?p=11349","og_site_name":"RioOnWatch","article_published_time":"2014-04-30T14:24:40+00:00","article_modified_time":"2015-12-24T02:13:59+00:00","og_image":[{"width":320,"height":213,"url":"https:\/\/rioonwatch.org.br\/wp-content\/uploads\/2014\/05\/Fala-Vidigal-2-plateia.jpg","type":"image\/jpeg"}],"author":"Admin","twitter_card":"summary_large_image","twitter_misc":{"Escrito por":"Admin","Est. tempo de leitura":"14 minutos"},"schema":{"@context":"https:\/\/schema.org","@graph":[{"@type":"Article","@id":"https:\/\/rioonwatch.org.br\/?p=11349#article","isPartOf":{"@id":"https:\/\/rioonwatch.org.br\/?p=11349"},"author":{"name":"Admin","@id":"https:\/\/rioonwatch.org.br\/#\/schema\/person\/11d64c290506f9df50c71b850c473f68"},"headline":"Vidigal Debate a Gentrifica\u00e7\u00e3o e Futuro da Comunidade no Segundo &#8220;Fala Vidigal&#8221;","datePublished":"2014-04-30T14:24:40+00:00","dateModified":"2015-12-24T02:13:59+00:00","mainEntityOfPage":{"@id":"https:\/\/rioonwatch.org.br\/?p=11349"},"wordCount":2795,"publisher":{"@id":"https:\/\/rioonwatch.org.br\/#organization"},"image":{"@id":"https:\/\/rioonwatch.org.br\/?p=11349#primaryimage"},"thumbnailUrl":"https:\/\/rioonwatch.org.br\/wp-content\/uploads\/2014\/05\/Fala-Vidigal-2-plateia.jpg","keywords":["cultura da favela","debate","educa\u00e7\u00e3o","especula\u00e7\u00e3o imobili\u00e1ria","evento","Fala Vidigal","gentrifica\u00e7\u00e3o","organiza\u00e7\u00e3o comunit\u00e1ria","orgulho comunit\u00e1rio","solidariedade","UPP","Vidigal","Zona Sul"],"articleSection":["#OlhoNaGentrifica\u00e7\u00e3o","Seguran\u00e7a P\u00fablica","Solu\u00e7\u00f5es"],"inLanguage":"pt-BR"},{"@type":"WebPage","@id":"https:\/\/rioonwatch.org.br\/?p=11349","url":"https:\/\/rioonwatch.org.br\/?p=11349","name":"Vidigal Debate a Gentrifica\u00e7\u00e3o e Futuro da Comunidade no Segundo \"Fala Vidigal\" - RioOnWatch","isPartOf":{"@id":"https:\/\/rioonwatch.org.br\/#website"},"primaryImageOfPage":{"@id":"https:\/\/rioonwatch.org.br\/?p=11349#primaryimage"},"image":{"@id":"https:\/\/rioonwatch.org.br\/?p=11349#primaryimage"},"thumbnailUrl":"https:\/\/rioonwatch.org.br\/wp-content\/uploads\/2014\/05\/Fala-Vidigal-2-plateia.jpg","datePublished":"2014-04-30T14:24:40+00:00","dateModified":"2015-12-24T02:13:59+00:00","breadcrumb":{"@id":"https:\/\/rioonwatch.org.br\/?p=11349#breadcrumb"},"inLanguage":"pt-BR","potentialAction":[{"@type":"ReadAction","target":["https:\/\/rioonwatch.org.br\/?p=11349"]}]},{"@type":"ImageObject","inLanguage":"pt-BR","@id":"https:\/\/rioonwatch.org.br\/?p=11349#primaryimage","url":"https:\/\/rioonwatch.org.br\/wp-content\/uploads\/2014\/05\/Fala-Vidigal-2-plateia.jpg","contentUrl":"https:\/\/rioonwatch.org.br\/wp-content\/uploads\/2014\/05\/Fala-Vidigal-2-plateia.jpg","width":320,"height":213},{"@type":"BreadcrumbList","@id":"https:\/\/rioonwatch.org.br\/?p=11349#breadcrumb","itemListElement":[{"@type":"ListItem","position":1,"name":"In\u00edcio","item":"https:\/\/rioonwatch.org.br\/"},{"@type":"ListItem","position":2,"name":"Vidigal Debate a Gentrifica\u00e7\u00e3o e Futuro da Comunidade no Segundo &#8220;Fala Vidigal&#8221;"}]},{"@type":"WebSite","@id":"https:\/\/rioonwatch.org.br\/#website","url":"https:\/\/rioonwatch.org.br\/","name":"RioOnWatch","description":"relatos das favelas cariocas","publisher":{"@id":"https:\/\/rioonwatch.org.br\/#organization"},"potentialAction":[{"@type":"SearchAction","target":{"@type":"EntryPoint","urlTemplate":"https:\/\/rioonwatch.org.br\/?s={search_term_string}"},"query-input":{"@type":"PropertyValueSpecification","valueRequired":true,"valueName":"search_term_string"}}],"inLanguage":"pt-BR"},{"@type":"Organization","@id":"https:\/\/rioonwatch.org.br\/#organization","name":"RioOnWatch","url":"https:\/\/rioonwatch.org.br\/","logo":{"@type":"ImageObject","inLanguage":"pt-BR","@id":"https:\/\/rioonwatch.org.br\/#\/schema\/logo\/image\/","url":"https:\/\/rioonwatch.org.br\/wp-content\/uploads\/2021\/06\/RioOnWatchcabecalhoPT11anos-2.png","contentUrl":"https:\/\/rioonwatch.org.br\/wp-content\/uploads\/2021\/06\/RioOnWatchcabecalhoPT11anos-2.png","width":779,"height":277,"caption":"RioOnWatch"},"image":{"@id":"https:\/\/rioonwatch.org.br\/#\/schema\/logo\/image\/"}},{"@type":"Person","@id":"https:\/\/rioonwatch.org.br\/#\/schema\/person\/11d64c290506f9df50c71b850c473f68","name":"Admin","image":{"@type":"ImageObject","inLanguage":"pt-BR","@id":"https:\/\/rioonwatch.org.br\/#\/schema\/person\/image\/","url":"https:\/\/secure.gravatar.com\/avatar\/56211ac74568383903349a1485e3c325?s=96&d=blank&r=g","contentUrl":"https:\/\/secure.gravatar.com\/avatar\/56211ac74568383903349a1485e3c325?s=96&d=blank&r=g","caption":"Admin"},"url":"https:\/\/rioonwatch.org.br\/?author=129"}]}},"_links":{"self":[{"href":"https:\/\/rioonwatch.org.br\/index.php?rest_route=\/wp\/v2\/posts\/11349"}],"collection":[{"href":"https:\/\/rioonwatch.org.br\/index.php?rest_route=\/wp\/v2\/posts"}],"about":[{"href":"https:\/\/rioonwatch.org.br\/index.php?rest_route=\/wp\/v2\/types\/post"}],"author":[{"embeddable":true,"href":"https:\/\/rioonwatch.org.br\/index.php?rest_route=\/wp\/v2\/users\/129"}],"replies":[{"embeddable":true,"href":"https:\/\/rioonwatch.org.br\/index.php?rest_route=%2Fwp%2Fv2%2Fcomments&post=11349"}],"version-history":[{"count":38,"href":"https:\/\/rioonwatch.org.br\/index.php?rest_route=\/wp\/v2\/posts\/11349\/revisions"}],"predecessor-version":[{"id":17872,"href":"https:\/\/rioonwatch.org.br\/index.php?rest_route=\/wp\/v2\/posts\/11349\/revisions\/17872"}],"wp:featuredmedia":[{"embeddable":true,"href":"https:\/\/rioonwatch.org.br\/index.php?rest_route=\/wp\/v2\/media\/11382"}],"wp:attachment":[{"href":"https:\/\/rioonwatch.org.br\/index.php?rest_route=%2Fwp%2Fv2%2Fmedia&parent=11349"}],"wp:term":[{"taxonomy":"category","embeddable":true,"href":"https:\/\/rioonwatch.org.br\/index.php?rest_route=%2Fwp%2Fv2%2Fcategories&post=11349"},{"taxonomy":"post_tag","embeddable":true,"href":"https:\/\/rioonwatch.org.br\/index.php?rest_route=%2Fwp%2Fv2%2Ftags&post=11349"},{"taxonomy":"writer","embeddable":true,"href":"https:\/\/rioonwatch.org.br\/index.php?rest_route=%2Fwp%2Fv2%2Fwriter&post=11349"},{"taxonomy":"translator","embeddable":true,"href":"https:\/\/rioonwatch.org.br\/index.php?rest_route=%2Fwp%2Fv2%2Ftranslator&post=11349"},{"taxonomy":"source","embeddable":true,"href":"https:\/\/rioonwatch.org.br\/index.php?rest_route=%2Fwp%2Fv2%2Fsource&post=11349"},{"taxonomy":"ilustrador","embeddable":true,"href":"https:\/\/rioonwatch.org.br\/index.php?rest_route=%2Fwp%2Fv2%2Filustrador&post=11349"},{"taxonomy":"fotografo","embeddable":true,"href":"https:\/\/rioonwatch.org.br\/index.php?rest_route=%2Fwp%2Fv2%2Ffotografo&post=11349"}],"curies":[{"name":"wp","href":"https:\/\/api.w.org\/{rel}","templated":true}]}}