{"id":11409,"date":"2014-05-10T09:00:39","date_gmt":"2014-05-10T12:00:39","guid":{"rendered":"http:\/\/rioonwatch.org.br\/?p=11409"},"modified":"2023-04-19T22:48:48","modified_gmt":"2023-04-20T01:48:48","slug":"pouso-orientacao-urbanistica-e-social-em-favelas-do-rio-de-janeiro-de-1996-a-2008","status":"publish","type":"post","link":"https:\/\/rioonwatch.org.br\/?p=11409","title":{"rendered":"POUSO: Orienta\u00e7\u00e3o Urban\u00edstica e Social em Favelas do Rio de Janeiro de 1996 a 2008"},"content":{"rendered":"<p style=\"text-align: right;\"><em><strong><a href=\"http:\/\/bit.ly\/1nBCbqU\" target=\"_blank\" rel=\"noopener\">Click Here for English<img decoding=\"async\" width=\"20\" height=\"20\" class=\"alignright wp-image-15790\" src=\"http:\/\/rioonwatch.org.br\/wp-content\/uploads\/2012\/08\/EN-standard-e1439583104716.jpg\" alt=\"\" \/><\/a><\/strong><\/em><\/p>\n<p><a href=\"http:\/\/rioonwatch.org\/wp-content\/uploads\/2014\/04\/pouso-santa-marta.jpg\"><img fetchpriority=\"high\" decoding=\"async\" class=\"alignright wp-image-14682 size-medium\" title=\"O POUSO no Santa Marta\" src=\"http:\/\/rioonwatch.org\/wp-content\/uploads\/2014\/04\/pouso-santa-marta-300x225.jpg\" alt=\"The POUSO in Santa Marta\" width=\"300\" height=\"225\" \/><\/a>POUSO ou Posto de Orienta\u00e7\u00e3o Urban\u00edstica e Social, foi concebido em <a href=\"http:\/\/bit.ly\/1f0O1gw\" target=\"_blank\" rel=\"noopener\">1996<\/a> pela Secretaria Municipal\u00a0de Habita\u00e7\u00e3o (SMH) para prestar apoio t\u00e9cnico no local para garantir a seguran\u00e7a e introduzir regulamentos na constru\u00e7\u00e3o nas favelas. A Prefeitura criou estes <a href=\"http:\/\/bit.ly\/1hlShS3\" target=\"_blank\" rel=\"noopener\">postos descentralizados<\/a> para ajudar a integrar as favelas \u00e0 cidade formal atrav\u00e9s da regulariza\u00e7\u00e3o urbana. Os POUSOs foram introduzidos nas comunidades onde as interven\u00e7\u00f5es urbanas j\u00e1 tinham tido lugar, especificamente aquelas que se beneficiaram do programa de urbaniza\u00e7\u00e3o\u00a0<a href=\"http:\/\/bit.ly\/XVcGa0\" target=\"_blank\" rel=\"noopener\">Favela-Bairro<\/a>. O projeto POUSO foi transferido para a Secretaria Municipal de Urbanismo (SMU) em 2003, tornando-se sujeito \u00e0 Coordena\u00e7\u00e3o de Regulariza\u00e7\u00e3o Urbana (CRU). Antes disso, o SMU nunca tinha entrado nas favelas, apesar de que o tamanho e os n\u00fameros das mesmas foram se tornando cada vez mais imposs\u00edveis de ignorar, a medida que os edif\u00edcios constru\u00eddos informalmente oferecem abrigo a 22-24 % da popula\u00e7\u00e3o do Rio de Janeiro. Os POUSOs foram feitos para ser uma <a href=\"http:\/\/bit.ly\/1hlShS3\" target=\"_blank\" rel=\"noopener\">presen\u00e7a tempor\u00e1ria<\/a> em comunidades, aparecendo nas favelas durante o tempo necess\u00e1rio para atingir a formalidade, e completar a transi\u00e7\u00e3o de condi\u00e7\u00f5es de bairro n\u00e3o regulamentado (informal) para regulamentado (formal).<\/p>\n<p>Ap\u00f3s a coloca\u00e7\u00e3o de um POUSO dentro de uma favela urbanizada, v\u00e1rias avalia\u00e7\u00f5es preliminares foram feitas. Limites f\u00edsicos da comunidade e \u00e1reas de risco foram mapeadas. Os parques p\u00fablicos e suas caracter\u00edsticas f\u00edsicas foram registradas. Uma pesquisa s\u00f3cio-econ\u00f4mica dos moradores foi realizada junto com uma pesquisa sobre os recursos da comunidade existentes e seu ambiente. Finalmente, uma pesquisa de novas obras em andamento tamb\u00e9m foi realizada a fim de preservar os espa\u00e7os p\u00fablicos existentes e produzir orienta\u00e7\u00e3o t\u00e9cnica de constru\u00e7\u00e3o por meio de rondas di\u00e1rias de inspe\u00e7\u00e3o e visitas domiciliares.<\/p>\n<p><a href=\"http:\/\/rioonwatch.org\/wp-content\/uploads\/2014\/04\/pouso.jpg\"><img decoding=\"async\" class=\"alignright wp-image-14681 size-medium\" title=\"O POUSO em Fern\u00e3o Cardin\" src=\"http:\/\/rioonwatch.org\/wp-content\/uploads\/2014\/04\/pouso-300x192.jpg\" alt=\"The POUSO in Fern\u00e3o Cardin\" width=\"300\" height=\"192\" \/><\/a><\/p>\n<p>Na sua cria\u00e7\u00e3o, o POUSO era um <a href=\"http:\/\/bit.ly\/1mvIle6\" target=\"_blank\" rel=\"noopener\">ramo educacional<\/a> do programa de moderniza\u00e7\u00e3o Favela -Bairro, com a inten\u00e7\u00e3o de alterar o comportamento dos moradores das favelas em rela\u00e7\u00e3o aos espa\u00e7os em que viviam. Esses escrit\u00f3rios foram compostos por um arquiteto ou engenheiro, um assistente social, e pelo menos dois agentes comunit\u00e1rios para desempenhar um grande numero de fun\u00e7\u00f5es. O <a href=\"http:\/\/bit.ly\/1hlShS3\" target=\"_blank\" rel=\"noopener\">decreto &#8220;N&#8221; n\u00ba 15.259<\/a> descreve os deveres do POUSO: &#8220;preservar o espa\u00e7o p\u00fablico, livrando-o de\u00a0invas\u00f5es; manter o alinhamento das ruas, servid\u00f5es e escadarias; evitar que se\u00a0construa em \u00e1reas de risco; controlar o crescimento da comunidade (tanto\u00a0horizontal quanto verticalmente) para que os equipamentos implantados n\u00e3o se\u00a0tornassem insuficientes; articular-se com outros \u00f3rg\u00e3os, visando uma mudan\u00e7a na\u00a0percep\u00e7\u00e3o dessas \u00e1reas como bairros da cidade, nos quais os servi\u00e7os urbanos deveriam entrar; elaborar legisla\u00e7\u00e3o urban\u00edstica e edil\u00edcia para cada \u00e1rea, em\u00a0conjunto com a SMU&#8221;.\u00a0Depois da redesigna\u00e7\u00e3o do POUSO para a SMU, os postos expandiram suas responsabilidades para incluir a padroniza\u00e7\u00e3o, licenciamento e inspe\u00e7\u00e3o. Eles asseguraram a manuten\u00e7\u00e3o do novo equipamento urbano, estabeleceram normas de constru\u00e7\u00e3o e modelo de pr\u00e9dios, e ofereceram aos moradores orienta\u00e7\u00e3o t\u00e9cnica para reformas de casas. O POUSO tamb\u00e9m ofereceu aos moradores o &#8220;Habite-se&#8221;, o documento que atesta que a ocupa\u00e7\u00e3o e a constru\u00e7\u00e3o seguem os padr\u00f5es formais, a qual facilita a obten\u00e7\u00e3o do t\u00edtulo de propriedade, e permite que a propriedade seja inscrita no Registro Geral de Im\u00f3veis\u00a0(RGI) e seja vendido legalmente. Tal documento aumentou a legitimidade da presen\u00e7a dos moradores nos lotes de terra.<\/p>\n<p><a href=\"http:\/\/rioonwatch.org\/wp-content\/uploads\/2014\/04\/12302384705_9eee998211_b.jpg\"><img loading=\"lazy\" decoding=\"async\" class=\"alignright wp-image-14651 size-medium\" title=\"Constru\u00e7\u00f5es na Favela\" src=\"http:\/\/rioonwatch.org\/wp-content\/uploads\/2014\/04\/12302384705_9eee998211_b-300x200.jpg\" alt=\"Favela construction\" width=\"300\" height=\"200\" \/><\/a><\/p>\n<p>Por exemplo, cerca de 15.000 habitantes conseguiram obter licen\u00e7as de ocupa\u00e7\u00e3o com sucesso nas favelas Fern\u00e3o Cardin e Quinta do Caju, na Zona Norte. O POUSO tamb\u00e9m legalizou mil e duzentos logradouros, ou espa\u00e7os p\u00fablicos comuns, em trinta e duas favelas. Em um <a href=\"http:\/\/bit.ly\/1mASjO1\" target=\"_blank\" rel=\"noopener\">estudo<\/a> comparando as situa\u00e7\u00f5es urbanas de comunidades entre 1999 e 2008, descobriu-se que as favelas com esta\u00e7\u00f5es do POUSO cresceram seis vezes menos, na horizontal, do que aqueles sem tais escrit\u00f3rios. Comunidades com programas do Favela-Bairro, mas sem presen\u00e7a do POUSO aumentaram duas vezes em tamanho. Assim, melhorias urbanas e controle de crescimento foram, at\u00e9 certo ponto alcan\u00e7ados. Al\u00e9m disso, a principal vantagem do POUSO foi o envolvimento dos moradores no processo de regulariza\u00e7\u00e3o, devido a sua inten\u00e7\u00e3o de ser uma pr\u00e1tica de gest\u00e3o democr\u00e1tica, explica Tania Castro, arquiteta e coordenadora do POUSO. Devido a esses sucessos, em dezembro de 2005, o POUSO recebeu o Pr\u00eamio Internacional do Medell\u00edn para Melhores Pr\u00e1ticass no 1 \u00ba Concurso Latino-Americano, organizado pela Funda\u00e7\u00e3o Habitat da Col\u00f4mbia, em parceria com a cidade de Medell\u00edn e do F\u00f3rum Ibero-Americano e do Caribe sobre Melhores Pr\u00e1ticas.<\/p>\n<p>Apesar disso, no entanto, o programa tem sido severamente limitado em seu impacto final. A natureza generalizada do programa tornou dif\u00edcil controlar suficientemente os seus efeitos ao longo dos anos. A sua efic\u00e1cia em alguns locais foi muitas vezes temperada por mau desempenho em outras. O programa era <a href=\"http:\/\/bit.ly\/1icVucB\" target=\"_blank\" rel=\"noopener\">fraco e subfinanciado<\/a> devido \u00e0 falta de recursos com base na pequena estrutura da CRU. O contrato dos agentes comunit\u00e1rios, sob a responsabilidade da SMH, terminou em 2007 e n\u00e3o foi renovado. Al\u00e9m disso, assistentes sociais foram transferidos para Centros de Sa\u00fade da Prefeitura em 2008 e n\u00e3o retornaram ao POUSO.<\/p>\n<p>No seu ponto alto havia Pousos em 61 de 1.023 favelas existentes, chegando a 58 mil fam\u00edlias e 250 mil pessoas. Como um dos poucos programas geralmente percebidos de maneira positiva em favelas, o decl\u00ednio do programa deixou muitos desiludidos. A orienta\u00e7\u00e3o de pr\u00e1ticas de constru\u00e7\u00e3o \u00e9 um importante e \u00fatil servi\u00e7o p\u00fablico para apoiar e garantir a seguran\u00e7a, dada a natureza do desenvolvimento org\u00e2nico e flex\u00edvel, por\u00e9m pouco regulamentado, das favelas.<\/p>\n<!-- AddThis Advanced Settings generic via filter on the_content --><!-- AddThis Share Buttons generic via filter on the_content -->","protected":false},"excerpt":{"rendered":"<div class=\"mh-excerpt\"><p>Click Here for English POUSO ou Posto de Orienta\u00e7\u00e3o Urban\u00edstica e Social, foi concebido em 1996 pela Secretaria Municipal\u00a0de Habita\u00e7\u00e3o (SMH) para prestar apoio t\u00e9cnico no local para garantir a seguran\u00e7a e introduzir regulamentos na <a class=\"mh-excerpt-more\" href=\"https:\/\/rioonwatch.org.br\/?p=11409\" title=\"POUSO: Orienta\u00e7\u00e3o Urban\u00edstica e Social em Favelas do Rio de Janeiro de 1996 a 2008\">[&#8230;]<\/a><!-- AddThis Advanced Settings generic via filter on get_the_excerpt --><!-- AddThis Share Buttons generic via filter on get_the_excerpt --><\/p>\n<\/div>","protected":false},"author":129,"featured_media":11420,"comment_status":"closed","ping_status":"closed","sticky":false,"template":"","format":"standard","meta":{"_acf_changed":false,"_monsterinsights_skip_tracking":false,"_monsterinsights_sitenote_active":false,"_monsterinsights_sitenote_note":"","_monsterinsights_sitenote_category":0,"footnotes":""},"categories":[344,342],"tags":[424,550,316,811,271,1127,128,838,1128,1129,258,1132,1130,900,493],"writer":[1055],"translator":[945],"source":[],"ilustrador":[],"fotografo":[],"class_list":{"0":"post-11409","1":"post","2":"type-post","3":"status-publish","4":"format-standard","5":"has-post-thumbnail","7":"category-politicas","8":"category-solucoes","9":"tag-direito-a-moradia","10":"tag-direito-a-terra","11":"tag-educacao","12":"tag-espaco-publico","13":"tag-favela-bairro","14":"tag-fernao-cardin","15":"tag-historia","16":"tag-politica-publica","17":"tag-pouso","18":"tag-quinta-do-caju","19":"tag-smh","20":"tag-suporte-tecnico","21":"tag-tecnologia-apropriada","22":"tag-titulacao-de-terras","23":"tag-urbanizacao","24":"writer-caitlin-dixon","25":"translator-m-alejandra-revelo-imery"},"acf":[],"yoast_head":"<!-- This site is optimized with the Yoast SEO plugin v25.6 - https:\/\/yoast.com\/wordpress\/plugins\/seo\/ -->\n<title>POUSO: Orienta\u00e7\u00e3o Urban\u00edstica e Social em Favelas do Rio de Janeiro de 1996 a 2008 - RioOnWatch<\/title>\n<meta name=\"robots\" content=\"index, follow, max-snippet:-1, max-image-preview:large, max-video-preview:-1\" \/>\n<link rel=\"canonical\" href=\"https:\/\/rioonwatch.org.br\/?p=11409\" \/>\n<meta property=\"og:locale\" content=\"pt_BR\" \/>\n<meta property=\"og:type\" content=\"article\" \/>\n<meta property=\"og:title\" content=\"POUSO: Orienta\u00e7\u00e3o Urban\u00edstica e Social em Favelas do Rio de Janeiro de 1996 a 2008 - RioOnWatch\" \/>\n<meta property=\"og:description\" content=\"Click Here for English POUSO ou Posto de Orienta\u00e7\u00e3o Urban\u00edstica e Social, foi concebido em 1996 pela Secretaria Municipal\u00a0de Habita\u00e7\u00e3o (SMH) para prestar apoio t\u00e9cnico no local para garantir a seguran\u00e7a e introduzir regulamentos na [...]\" \/>\n<meta property=\"og:url\" content=\"https:\/\/rioonwatch.org.br\/?p=11409\" \/>\n<meta property=\"og:site_name\" content=\"RioOnWatch\" \/>\n<meta property=\"article:published_time\" content=\"2014-05-10T12:00:39+00:00\" \/>\n<meta property=\"article:modified_time\" content=\"2023-04-20T01:48:48+00:00\" \/>\n<meta property=\"og:image\" content=\"https:\/\/rioonwatch.org.br\/wp-content\/uploads\/2014\/05\/pouso-capa.jpg\" \/>\n\t<meta property=\"og:image:width\" content=\"300\" \/>\n\t<meta property=\"og:image:height\" content=\"210\" \/>\n\t<meta property=\"og:image:type\" content=\"image\/jpeg\" \/>\n<meta name=\"author\" content=\"Admin\" \/>\n<meta name=\"twitter:card\" content=\"summary_large_image\" \/>\n<meta name=\"twitter:label1\" content=\"Escrito por\" \/>\n\t<meta name=\"twitter:data1\" content=\"Admin\" \/>\n\t<meta name=\"twitter:label2\" content=\"Est. tempo de leitura\" \/>\n\t<meta name=\"twitter:data2\" content=\"5 minutos\" \/>\n<script type=\"application\/ld+json\" class=\"yoast-schema-graph\">{\"@context\":\"https:\/\/schema.org\",\"@graph\":[{\"@type\":\"Article\",\"@id\":\"https:\/\/rioonwatch.org.br\/?p=11409#article\",\"isPartOf\":{\"@id\":\"https:\/\/rioonwatch.org.br\/?p=11409\"},\"author\":{\"name\":\"Admin\",\"@id\":\"https:\/\/rioonwatch.org.br\/#\/schema\/person\/11d64c290506f9df50c71b850c473f68\"},\"headline\":\"POUSO: Orienta\u00e7\u00e3o Urban\u00edstica e Social em Favelas do Rio de Janeiro de 1996 a 2008\",\"datePublished\":\"2014-05-10T12:00:39+00:00\",\"dateModified\":\"2023-04-20T01:48:48+00:00\",\"mainEntityOfPage\":{\"@id\":\"https:\/\/rioonwatch.org.br\/?p=11409\"},\"wordCount\":996,\"publisher\":{\"@id\":\"https:\/\/rioonwatch.org.br\/#organization\"},\"image\":{\"@id\":\"https:\/\/rioonwatch.org.br\/?p=11409#primaryimage\"},\"thumbnailUrl\":\"https:\/\/rioonwatch.org.br\/wp-content\/uploads\/2014\/05\/pouso-capa.jpg\",\"keywords\":[\"Direito \u00e0 Moradia\",\"direito \u00e0 terra\",\"educa\u00e7\u00e3o\",\"espa\u00e7o p\u00fablico\",\"Favela-Bairro\",\"Fern\u00e3o Cardin\",\"hist\u00f3ria\",\"pol\u00edtica p\u00fablica\",\"POUSO\",\"Quinta do Caju\",\"Secretaria Municipal de Habita\u00e7\u00e3o (SMH)\",\"suporte t\u00e9cnico\",\"tecnologia apropriada\",\"titula\u00e7\u00e3o de terras\",\"urbaniza\u00e7\u00e3o\"],\"articleSection\":[\"Pol\u00edticas\",\"Solu\u00e7\u00f5es\"],\"inLanguage\":\"pt-BR\"},{\"@type\":\"WebPage\",\"@id\":\"https:\/\/rioonwatch.org.br\/?p=11409\",\"url\":\"https:\/\/rioonwatch.org.br\/?p=11409\",\"name\":\"POUSO: Orienta\u00e7\u00e3o Urban\u00edstica e Social em Favelas do Rio de Janeiro de 1996 a 2008 - RioOnWatch\",\"isPartOf\":{\"@id\":\"https:\/\/rioonwatch.org.br\/#website\"},\"primaryImageOfPage\":{\"@id\":\"https:\/\/rioonwatch.org.br\/?p=11409#primaryimage\"},\"image\":{\"@id\":\"https:\/\/rioonwatch.org.br\/?p=11409#primaryimage\"},\"thumbnailUrl\":\"https:\/\/rioonwatch.org.br\/wp-content\/uploads\/2014\/05\/pouso-capa.jpg\",\"datePublished\":\"2014-05-10T12:00:39+00:00\",\"dateModified\":\"2023-04-20T01:48:48+00:00\",\"breadcrumb\":{\"@id\":\"https:\/\/rioonwatch.org.br\/?p=11409#breadcrumb\"},\"inLanguage\":\"pt-BR\",\"potentialAction\":[{\"@type\":\"ReadAction\",\"target\":[\"https:\/\/rioonwatch.org.br\/?p=11409\"]}]},{\"@type\":\"ImageObject\",\"inLanguage\":\"pt-BR\",\"@id\":\"https:\/\/rioonwatch.org.br\/?p=11409#primaryimage\",\"url\":\"https:\/\/rioonwatch.org.br\/wp-content\/uploads\/2014\/05\/pouso-capa.jpg\",\"contentUrl\":\"https:\/\/rioonwatch.org.br\/wp-content\/uploads\/2014\/05\/pouso-capa.jpg\",\"width\":300,\"height\":210},{\"@type\":\"BreadcrumbList\",\"@id\":\"https:\/\/rioonwatch.org.br\/?p=11409#breadcrumb\",\"itemListElement\":[{\"@type\":\"ListItem\",\"position\":1,\"name\":\"In\u00edcio\",\"item\":\"https:\/\/rioonwatch.org.br\/\"},{\"@type\":\"ListItem\",\"position\":2,\"name\":\"POUSO: Orienta\u00e7\u00e3o Urban\u00edstica e Social em Favelas do Rio de Janeiro de 1996 a 2008\"}]},{\"@type\":\"WebSite\",\"@id\":\"https:\/\/rioonwatch.org.br\/#website\",\"url\":\"https:\/\/rioonwatch.org.br\/\",\"name\":\"RioOnWatch\",\"description\":\"relatos das favelas cariocas\",\"publisher\":{\"@id\":\"https:\/\/rioonwatch.org.br\/#organization\"},\"potentialAction\":[{\"@type\":\"SearchAction\",\"target\":{\"@type\":\"EntryPoint\",\"urlTemplate\":\"https:\/\/rioonwatch.org.br\/?s={search_term_string}\"},\"query-input\":{\"@type\":\"PropertyValueSpecification\",\"valueRequired\":true,\"valueName\":\"search_term_string\"}}],\"inLanguage\":\"pt-BR\"},{\"@type\":\"Organization\",\"@id\":\"https:\/\/rioonwatch.org.br\/#organization\",\"name\":\"RioOnWatch\",\"url\":\"https:\/\/rioonwatch.org.br\/\",\"logo\":{\"@type\":\"ImageObject\",\"inLanguage\":\"pt-BR\",\"@id\":\"https:\/\/rioonwatch.org.br\/#\/schema\/logo\/image\/\",\"url\":\"https:\/\/rioonwatch.org.br\/wp-content\/uploads\/2021\/06\/RioOnWatchcabecalhoPT11anos-2.png\",\"contentUrl\":\"https:\/\/rioonwatch.org.br\/wp-content\/uploads\/2021\/06\/RioOnWatchcabecalhoPT11anos-2.png\",\"width\":779,\"height\":277,\"caption\":\"RioOnWatch\"},\"image\":{\"@id\":\"https:\/\/rioonwatch.org.br\/#\/schema\/logo\/image\/\"}},{\"@type\":\"Person\",\"@id\":\"https:\/\/rioonwatch.org.br\/#\/schema\/person\/11d64c290506f9df50c71b850c473f68\",\"name\":\"Admin\",\"image\":{\"@type\":\"ImageObject\",\"inLanguage\":\"pt-BR\",\"@id\":\"https:\/\/rioonwatch.org.br\/#\/schema\/person\/image\/\",\"url\":\"https:\/\/secure.gravatar.com\/avatar\/56211ac74568383903349a1485e3c325?s=96&d=blank&r=g\",\"contentUrl\":\"https:\/\/secure.gravatar.com\/avatar\/56211ac74568383903349a1485e3c325?s=96&d=blank&r=g\",\"caption\":\"Admin\"},\"url\":\"https:\/\/rioonwatch.org.br\/?author=129\"}]}<\/script>\n<!-- \/ Yoast SEO plugin. -->","yoast_head_json":{"title":"POUSO: Orienta\u00e7\u00e3o Urban\u00edstica e Social em Favelas do Rio de Janeiro de 1996 a 2008 - RioOnWatch","robots":{"index":"index","follow":"follow","max-snippet":"max-snippet:-1","max-image-preview":"max-image-preview:large","max-video-preview":"max-video-preview:-1"},"canonical":"https:\/\/rioonwatch.org.br\/?p=11409","og_locale":"pt_BR","og_type":"article","og_title":"POUSO: Orienta\u00e7\u00e3o Urban\u00edstica e Social em Favelas do Rio de Janeiro de 1996 a 2008 - RioOnWatch","og_description":"Click Here for English POUSO ou Posto de Orienta\u00e7\u00e3o Urban\u00edstica e Social, foi concebido em 1996 pela Secretaria Municipal\u00a0de Habita\u00e7\u00e3o (SMH) para prestar apoio t\u00e9cnico no local para garantir a seguran\u00e7a e introduzir regulamentos na [...]","og_url":"https:\/\/rioonwatch.org.br\/?p=11409","og_site_name":"RioOnWatch","article_published_time":"2014-05-10T12:00:39+00:00","article_modified_time":"2023-04-20T01:48:48+00:00","og_image":[{"width":300,"height":210,"url":"https:\/\/rioonwatch.org.br\/wp-content\/uploads\/2014\/05\/pouso-capa.jpg","type":"image\/jpeg"}],"author":"Admin","twitter_card":"summary_large_image","twitter_misc":{"Escrito por":"Admin","Est. tempo de leitura":"5 minutos"},"schema":{"@context":"https:\/\/schema.org","@graph":[{"@type":"Article","@id":"https:\/\/rioonwatch.org.br\/?p=11409#article","isPartOf":{"@id":"https:\/\/rioonwatch.org.br\/?p=11409"},"author":{"name":"Admin","@id":"https:\/\/rioonwatch.org.br\/#\/schema\/person\/11d64c290506f9df50c71b850c473f68"},"headline":"POUSO: Orienta\u00e7\u00e3o Urban\u00edstica e Social em Favelas do Rio de Janeiro de 1996 a 2008","datePublished":"2014-05-10T12:00:39+00:00","dateModified":"2023-04-20T01:48:48+00:00","mainEntityOfPage":{"@id":"https:\/\/rioonwatch.org.br\/?p=11409"},"wordCount":996,"publisher":{"@id":"https:\/\/rioonwatch.org.br\/#organization"},"image":{"@id":"https:\/\/rioonwatch.org.br\/?p=11409#primaryimage"},"thumbnailUrl":"https:\/\/rioonwatch.org.br\/wp-content\/uploads\/2014\/05\/pouso-capa.jpg","keywords":["Direito \u00e0 Moradia","direito \u00e0 terra","educa\u00e7\u00e3o","espa\u00e7o p\u00fablico","Favela-Bairro","Fern\u00e3o Cardin","hist\u00f3ria","pol\u00edtica p\u00fablica","POUSO","Quinta do Caju","Secretaria Municipal de Habita\u00e7\u00e3o (SMH)","suporte t\u00e9cnico","tecnologia apropriada","titula\u00e7\u00e3o de terras","urbaniza\u00e7\u00e3o"],"articleSection":["Pol\u00edticas","Solu\u00e7\u00f5es"],"inLanguage":"pt-BR"},{"@type":"WebPage","@id":"https:\/\/rioonwatch.org.br\/?p=11409","url":"https:\/\/rioonwatch.org.br\/?p=11409","name":"POUSO: Orienta\u00e7\u00e3o Urban\u00edstica e Social em Favelas do Rio de Janeiro de 1996 a 2008 - RioOnWatch","isPartOf":{"@id":"https:\/\/rioonwatch.org.br\/#website"},"primaryImageOfPage":{"@id":"https:\/\/rioonwatch.org.br\/?p=11409#primaryimage"},"image":{"@id":"https:\/\/rioonwatch.org.br\/?p=11409#primaryimage"},"thumbnailUrl":"https:\/\/rioonwatch.org.br\/wp-content\/uploads\/2014\/05\/pouso-capa.jpg","datePublished":"2014-05-10T12:00:39+00:00","dateModified":"2023-04-20T01:48:48+00:00","breadcrumb":{"@id":"https:\/\/rioonwatch.org.br\/?p=11409#breadcrumb"},"inLanguage":"pt-BR","potentialAction":[{"@type":"ReadAction","target":["https:\/\/rioonwatch.org.br\/?p=11409"]}]},{"@type":"ImageObject","inLanguage":"pt-BR","@id":"https:\/\/rioonwatch.org.br\/?p=11409#primaryimage","url":"https:\/\/rioonwatch.org.br\/wp-content\/uploads\/2014\/05\/pouso-capa.jpg","contentUrl":"https:\/\/rioonwatch.org.br\/wp-content\/uploads\/2014\/05\/pouso-capa.jpg","width":300,"height":210},{"@type":"BreadcrumbList","@id":"https:\/\/rioonwatch.org.br\/?p=11409#breadcrumb","itemListElement":[{"@type":"ListItem","position":1,"name":"In\u00edcio","item":"https:\/\/rioonwatch.org.br\/"},{"@type":"ListItem","position":2,"name":"POUSO: Orienta\u00e7\u00e3o Urban\u00edstica e Social em Favelas do Rio de Janeiro de 1996 a 2008"}]},{"@type":"WebSite","@id":"https:\/\/rioonwatch.org.br\/#website","url":"https:\/\/rioonwatch.org.br\/","name":"RioOnWatch","description":"relatos das favelas cariocas","publisher":{"@id":"https:\/\/rioonwatch.org.br\/#organization"},"potentialAction":[{"@type":"SearchAction","target":{"@type":"EntryPoint","urlTemplate":"https:\/\/rioonwatch.org.br\/?s={search_term_string}"},"query-input":{"@type":"PropertyValueSpecification","valueRequired":true,"valueName":"search_term_string"}}],"inLanguage":"pt-BR"},{"@type":"Organization","@id":"https:\/\/rioonwatch.org.br\/#organization","name":"RioOnWatch","url":"https:\/\/rioonwatch.org.br\/","logo":{"@type":"ImageObject","inLanguage":"pt-BR","@id":"https:\/\/rioonwatch.org.br\/#\/schema\/logo\/image\/","url":"https:\/\/rioonwatch.org.br\/wp-content\/uploads\/2021\/06\/RioOnWatchcabecalhoPT11anos-2.png","contentUrl":"https:\/\/rioonwatch.org.br\/wp-content\/uploads\/2021\/06\/RioOnWatchcabecalhoPT11anos-2.png","width":779,"height":277,"caption":"RioOnWatch"},"image":{"@id":"https:\/\/rioonwatch.org.br\/#\/schema\/logo\/image\/"}},{"@type":"Person","@id":"https:\/\/rioonwatch.org.br\/#\/schema\/person\/11d64c290506f9df50c71b850c473f68","name":"Admin","image":{"@type":"ImageObject","inLanguage":"pt-BR","@id":"https:\/\/rioonwatch.org.br\/#\/schema\/person\/image\/","url":"https:\/\/secure.gravatar.com\/avatar\/56211ac74568383903349a1485e3c325?s=96&d=blank&r=g","contentUrl":"https:\/\/secure.gravatar.com\/avatar\/56211ac74568383903349a1485e3c325?s=96&d=blank&r=g","caption":"Admin"},"url":"https:\/\/rioonwatch.org.br\/?author=129"}]}},"_links":{"self":[{"href":"https:\/\/rioonwatch.org.br\/index.php?rest_route=\/wp\/v2\/posts\/11409"}],"collection":[{"href":"https:\/\/rioonwatch.org.br\/index.php?rest_route=\/wp\/v2\/posts"}],"about":[{"href":"https:\/\/rioonwatch.org.br\/index.php?rest_route=\/wp\/v2\/types\/post"}],"author":[{"embeddable":true,"href":"https:\/\/rioonwatch.org.br\/index.php?rest_route=\/wp\/v2\/users\/129"}],"replies":[{"embeddable":true,"href":"https:\/\/rioonwatch.org.br\/index.php?rest_route=%2Fwp%2Fv2%2Fcomments&post=11409"}],"version-history":[{"count":19,"href":"https:\/\/rioonwatch.org.br\/index.php?rest_route=\/wp\/v2\/posts\/11409\/revisions"}],"predecessor-version":[{"id":67592,"href":"https:\/\/rioonwatch.org.br\/index.php?rest_route=\/wp\/v2\/posts\/11409\/revisions\/67592"}],"wp:featuredmedia":[{"embeddable":true,"href":"https:\/\/rioonwatch.org.br\/index.php?rest_route=\/wp\/v2\/media\/11420"}],"wp:attachment":[{"href":"https:\/\/rioonwatch.org.br\/index.php?rest_route=%2Fwp%2Fv2%2Fmedia&parent=11409"}],"wp:term":[{"taxonomy":"category","embeddable":true,"href":"https:\/\/rioonwatch.org.br\/index.php?rest_route=%2Fwp%2Fv2%2Fcategories&post=11409"},{"taxonomy":"post_tag","embeddable":true,"href":"https:\/\/rioonwatch.org.br\/index.php?rest_route=%2Fwp%2Fv2%2Ftags&post=11409"},{"taxonomy":"writer","embeddable":true,"href":"https:\/\/rioonwatch.org.br\/index.php?rest_route=%2Fwp%2Fv2%2Fwriter&post=11409"},{"taxonomy":"translator","embeddable":true,"href":"https:\/\/rioonwatch.org.br\/index.php?rest_route=%2Fwp%2Fv2%2Ftranslator&post=11409"},{"taxonomy":"source","embeddable":true,"href":"https:\/\/rioonwatch.org.br\/index.php?rest_route=%2Fwp%2Fv2%2Fsource&post=11409"},{"taxonomy":"ilustrador","embeddable":true,"href":"https:\/\/rioonwatch.org.br\/index.php?rest_route=%2Fwp%2Fv2%2Filustrador&post=11409"},{"taxonomy":"fotografo","embeddable":true,"href":"https:\/\/rioonwatch.org.br\/index.php?rest_route=%2Fwp%2Fv2%2Ffotografo&post=11409"}],"curies":[{"name":"wp","href":"https:\/\/api.w.org\/{rel}","templated":true}]}}