{"id":11453,"date":"2014-05-14T13:34:00","date_gmt":"2014-05-14T16:34:00","guid":{"rendered":"http:\/\/rioonwatch.org.br\/?p=11453"},"modified":"2015-12-23T23:01:36","modified_gmt":"2015-12-24T02:01:36","slug":"so-mais-um-silva-reflexoes-sobre-a-recente-violencia-da-upp","status":"publish","type":"post","link":"https:\/\/rioonwatch.org.br\/?p=11453","title":{"rendered":"&#8220;S\u00f3 Mais um Silva?&#8221; Reflex\u00f5es Sobre a Recente Viol\u00eancia da UPP"},"content":{"rendered":"<p style=\"text-align: right;\"><em><strong><a href=\"http:\/\/bit.ly\/1OMhKVI\" \ntarget=\"_blank\">Click Here for English<img decoding=\"async\" width=\"20\" height=\"20\" class=\"alignright wp-image-15790\" src=\"http:\/\/rioonwatch.org.br\/wp-content\/uploads\/2012\/08\/EN-standard-e1439583104716.jpg\" alt=\"\" \/><\/a><\/strong><\/em><\/p>\n<p>No dia abril 22, <a href=\"http:\/\/bit.ly\/1kZOjAA\" target=\"_blank\">Douglas Rafael da Silva Pereira (DG) foi encontrado morto dentro de uma creche no Pav\u00e3o-Pav\u00e3ozinho<\/a>, Zona Sul do Rio, alegadamente morto pelos policiais da <a href=\"http:\/\/bit.ly\/R5ueio\" target=\"_blank\">UPP<\/a>. Seu corpo, encolhido no ch\u00e3o, pressupunha marcas de chutes e outros sinais de espancamento. A foto que apareceu mais tarde demostrou que ele tamb\u00e9m tinha sido baleado nas costas. DG era um dan\u00e7arino do <em>Esquenta<\/em>, um programa muito popular de domingo \u00e0 tarde da TV Globo.<\/p>\n<p><a href=\"http:\/\/rioonwatch.org\/wp-content\/uploads\/2014\/05\/upp-DG-protest-midia-ninja.jpg\"><img fetchpriority=\"high\" decoding=\"async\" class=\"alignright wp-image-14822 size-medium\" title=\"Moradores protestam na Zona Sul, ap\u00f3s a morte da DG dan\u00e7arino. Foto de M\u00eddia NINJA\" src=\"http:\/\/rioonwatch.org\/wp-content\/uploads\/2014\/05\/upp-DG-protest-midia-ninja-300x199.jpg\" alt=\"\" width=\"300\" height=\"199\" \/><\/a><\/p>\n<p align=\"left\">A rea\u00e7\u00e3o \u00e0 morte de DG foi explosiva, com protestos subsequentes, espalhando-se por Copacabana, para o choque de turistas e da elite carioca, recebendo ampla <a href=\"http:\/\/cnn.it\/1hDd9oW\" target=\"_blank\">cobertura<\/a> internacional. O paralelo com a <a href=\"http:\/\/bbc.in\/PQXESS\" target=\"_blank\">tortura e morte de Amarildo Dias de Souza<\/a>,\u00a0nas m\u00e3os de policiais da UPP na Rocinha em julho passado&#8211;que foi um grande golpe para a reputa\u00e7\u00e3o do programa de pacifica\u00e7\u00e3o&#8211;reacendeu um debate acirrado dentro do Brasil sobre a <a href=\"http:\/\/bit.ly\/1qvWRb2\" target=\"_blank\">natureza das UPPs<\/a>, do policiamento militarizado, e sua rela\u00e7\u00e3o com os moradores das favelas. A controv\u00e9rsia se intensificou nos \u00faltimos meses, e para muitos, este tem sido o ponto cr\u00edtico. Um morador do Pav\u00e3o-Pav\u00e3ozinho perguntou: &#8220;Como \u00e9 que vamos aceitar que esse projeto continue aqui em nome da pacifica\u00e7\u00e3o? Quando, na verdade, eles est\u00e3o entrando preparado para uma guerra, uma guerra contra pessoas que est\u00e3o cansadas de uma hist\u00f3ria de guerra e de luta. Eles est\u00e3o entrando e trazendo ainda mais a guerra&#8221;.<\/p>\n<p><a href=\"http:\/\/rioonwatch.org\/wp-content\/uploads\/2014\/05\/regina-case-mae-dg-esquenta.jpg\"><img decoding=\"async\" class=\"alignright wp-image-14824 size-medium\" title=\"A apresentadora do Esquenta Regina Cas\u00e9 e a m\u00e3e de DG na TV Globo\" src=\"http:\/\/rioonwatch.org\/wp-content\/uploads\/2014\/05\/regina-case-mae-dg-esquenta-300x225.jpg\" alt=\"\" width=\"300\" height=\"225\" \/><\/a><\/p>\n<p>A morte de DG poderia ter sido, em grande parte, n\u00e3o discutida na grande m\u00eddia, se n\u00e3o fosse a sua visibilidade p\u00fablica no <em>Esquenta<\/em>. A morte de um dos seus levou a empresa Globo a se reunir em torno do DG e sua fam\u00edlia, com O Globo, mesmo quebrando sua linha habitual, <a href=\"http:\/\/bit.ly\/11x89ZX\" target=\"_blank\">publicando um artigo sugerindo<\/a> que UPPs est\u00e3o em um &#8220;momento de crise\u201d. Na edi\u00e7\u00e3o do\u00a0<a href=\"http:\/\/glo.bo\/1mphsYk\" target=\"_blank\"><em>Esquenta<\/em> ap\u00f3s a morte de DG<\/a>, a emocionada apresentadora Regina Cas\u00e9 recebeu a fam\u00edlia e amigos de DG para discutir sua morte tr\u00e1gica, mas a discuss\u00e3o estava amplamente higienizada inicialmente, com refer\u00eancia m\u00ednima ao contexto da morte do DG&#8211;UPPs, a criminaliza\u00e7\u00e3o da pobreza, a <a href=\"http:\/\/bit.ly\/1bLEXdB\" target=\"_blank\">hist\u00f3ria da viol\u00eancia policial<\/a>, ou favelas&#8211;at\u00e9 que o sil\u00eancio se tornou insustent\u00e1vel.<\/p>\n<p align=\"left\">Em um <a href=\"http:\/\/bit.ly\/1mJ7eXc\" target=\"_blank\">momento comovente<\/a>, Regina Cas\u00e9 virou-se para a plat\u00e9ia e perguntou: &#8220;Quem tem Silva no nome?\u201d. Depois de um n\u00famero significativo levantar as m\u00e3os, ela lamentou que o &#8220;Douglas era s\u00f3 mais um Silva&#8221;, uma refer\u00eancia \u00e0 <a href=\"http:\/\/bit.ly\/RxzVIh\" target=\"_blank\">can\u00e7\u00e3o de funk<\/a> sobre o anonimato das pessoas que morrem nas <i>periferias<\/i> do Brasil, onde muitos possuem este nome. E em um momento ainda mais inquietante, ela perguntou quantas pessoas na plat\u00e9ia tinham perdido um ente querido, amigo ou vizinho para a viol\u00eancia armada, e dezenas de m\u00e3os se ergueram.<\/p>\n<p><a href=\"http:\/\/rioonwatch.org\/wp-content\/uploads\/2014\/05\/mateuzinho-funeral.jpg\"><img loading=\"lazy\" decoding=\"async\" class=\"alignright wp-image-14825 size-medium\" title=\"Edilson da Silva dos Santos (Conhecido como Mateuzinho), foi baleado na cabe\u00e7a e morto no mesmo dia em que a DG\" src=\"http:\/\/rioonwatch.org\/wp-content\/uploads\/2014\/05\/mateuzinho-funeral-300x225.jpg\" alt=\"\" width=\"300\" height=\"225\" \/><\/a><\/p>\n<p align=\"left\">A visibilidade do DG ajudou a garantir que a sua morte n\u00e3o passasse despercebida, e que ele n\u00e3o era &#8220;s\u00f3 mais um Silva\u201d. No entanto, no mesmo dia, nos protestos ap\u00f3s a morte do DG, um morador do Pav\u00e3o-Pav\u00e3ozinho, um outro Silva, literalmente, foi morto. Edilson da Silva dos Santos (conhecido como Mateuzinho) foi baleado na cabe\u00e7a e morreu logo depois, sua morte n\u00e3o recebeu a mesma aten\u00e7\u00e3o. Com 27 anos, ele teria problemas mentais, e seu enterro, um dia antes do <em>Esquenta<\/em>, teve a participa\u00e7\u00e3o de apenas 21 pessoas, e n\u00e3o havia sequer um servi\u00e7o de capela.<\/p>\n<p align=\"left\">Mortes e ataques continuaram pela cidade desde que DG e Mateuzinho morreram. No domingo, 27 de abril, o dia do <em>Esquenta<\/em>, Dona Dalva de 71 anos de idade, nome completo Arlinda Bezerra das Chagas, morreu ao ser atingida durante um tiroteio no <a href=\"http:\/\/bit.ly\/U0MiGm\" target=\"_blank\">Complexo do Alem\u00e3o<\/a>, Zona Norte, longe dos holofotes de Copacabana. Mesmo mais ao norte, no Morro do Chapad\u00e3o, <a href=\"http:\/\/bit.ly\/1m8dV2m\" target=\"_blank\">Costa Barros<\/a>, Luiz Alberto Cunha, de 17 anos, foi morto em um tiroteio no dia seguinte.<\/p>\n<p>Apesar da rea\u00e7\u00e3o silenciosa dos principais meios de comunica\u00e7\u00e3o, essas mortes provocaram a f\u00faria das comunidades, com nove \u00f4nibus incendiados em <a href=\"http:\/\/bit.ly\/1hDfIHw\" target=\"_blank\">protestos subsequentes<\/a>, a viol\u00eancia continuou em espiral. Surpreendentemente, um menino de 12 anos foi baleado no Pav\u00e3o-Pav\u00e3ozinho, na mesma noite que a DG e Mateuzinho foram mortos.<\/p>\n<p><a href=\"http:\/\/rioonwatch.org\/wp-content\/uploads\/2014\/05\/alemao-onibus-carlos-coutinho.jpg\"><img loading=\"lazy\" decoding=\"async\" class=\"alignright wp-image-14828 size-medium\" title=\"Um \u00f4nibus incendiado em Alem\u00e3o em protestos ap\u00f3s a morte de Dona Dalva. Foto por Carlos Coutinho \/ Coletivo Papo Reto\" src=\"http:\/\/rioonwatch.org\/wp-content\/uploads\/2014\/05\/alemao-onibus-carlos-coutinho-300x198.jpg\" alt=\"\" width=\"300\" height=\"198\" \/><\/a><\/p>\n<p align=\"left\">No Alem\u00e3o, em protestos ap\u00f3s a morte de Dona Dalva, a UPA foi palco de tumultos, quando um jovem assistente de loja, Carlos Alberto de Souza, foi baleado no est\u00f4mago e levado para l\u00e1:\u00a0&#8220;Desesperados, <a href=\"http:\/\/bit.ly\/1kTQmaS\" target=\"_blank\">parentes pediam informa\u00e7\u00f5es e n\u00e3o eram respondidos por policiais<\/a>. Temendo que Carlos estivesse sendo torturado ou at\u00e9 mesmo executado, as massas atacaram a UPA&#8230; Carlos ficou ao menos duas horas agonizando no local sem m\u00e9dicos para atend\u00ea-lo&#8221;.\u00a0O <a href=\"http:\/\/bit.ly\/1k4eA6c\" target=\"_blank\">Prefeito Eduardo Paes<\/a> e o novo governador Luiz Fernando Pez\u00e3o visitaram o local no dia seguinte, denunciando os &#8220;delinq\u00fcentes&#8221; que haviam atacado a unidade, rotulando-os de criminosos que interferem na pacifica\u00e7\u00e3o.<\/p>\n<p align=\"left\">A extens\u00e3o dos danos causados \u200b\u200b\u00e0 reputa\u00e7\u00e3o das UPPs, e as tentativas subsequentes para limit\u00e1-lo, foi evidenciado em um artigo publicado pelo <em>O Globo<\/em>, antes de ser rapidamente e sub-repticiamente retirados do site: &#8220;A Pol\u00edcia Militar pede que os jornalistas n\u00e3o acompanhem a opera\u00e7\u00e3o no Alem\u00e3o\u201d. A estrat\u00e9gia de controlar as reportagens da imprensa sobre a extens\u00e3o da viol\u00eancia que estava ocorrendo foi rapidamente denunciada. Um advogado de direitos humanos publicou um artigo com o seguinte coment\u00e1rio: &#8220;A Pol\u00edcia Militar n\u00e3o deseja que testemunhas presenciem as viola\u00e7\u00f5es cometidas por seus representantes, os excessos nas abordagens, e o absoluto descontrole psicol\u00f3gico das m\u00e1quinas de guerra&#8221;. Um jornalista comunit\u00e1rio informou que os jornalistas no Alem\u00e3o estavam sob consider\u00e1vel risco: &#8220;Midia livristas quase morreram ontem durante as manifesta\u00e7\u00f5es e hoje <em>O Globo<\/em> tirou esta mat\u00e9ria, publicada ontem, do ar&#8221;.<\/p>\n<p align=\"left\">O assassinato de uma figura p\u00fablica como DG levou a uma crise da opini\u00e3o p\u00fablica sobre as UPPs, que foi se formando ao longo do ano passado, mas em grande parte deixadas de lado pelas autoridades p\u00fablicas e uma m\u00eddia complacente. No entanto, como as rachaduras no programa foram se aprofundando, tornou-se mais dif\u00edcil esconder as queixas que vem de dentro&#8211;que a presen\u00e7a militarizada do Estado em favelas, hoje est\u00e1 em muitos lugares e n\u00e3o \u00e9 diferente da do passado, e o abuso e repress\u00e3o est\u00e3o acontecendo apesar do marketing da &#8220;pacifica\u00e7\u00e3o&#8221; de &#8220;trazer seguran\u00e7a para as pessoas que vivem l\u00e1&#8221;&#8211;que parecem estar cada vez mais presentes no debate da grande m\u00eddia.<\/p>\n<p align=\"left\">O luto p\u00fablico do DG, com repercuss\u00e3o internacional, ajudou a promover esse debate. No entanto, como outros &#8220;Silvas&#8221; continuam a ser mortos e rapidamente engolidos pelo anonimato das estat\u00edsticas, ainda h\u00e1 uma dist\u00e2ncia consider\u00e1vel a ser percorrida, e \u00e9 necess\u00e1rio para fortalecer e democratizar os canais de comunica\u00e7\u00e3o oriundos das favelas. S\u00f3 desta forma pode a experi\u00eancia de moradores de favelas em rela\u00e7\u00e3o \u00e0s UPPs ser livremente expressada e analisada\u200b\u200b, quebrando o padr\u00e3o de sil\u00eancio com um ou dois, ocasionalmente, escorrendo atrav\u00e9s da rede&#8211;como aconteceu com Amarildo e agora com o DG.<\/p>\n<!-- AddThis Advanced Settings generic via filter on the_content --><!-- AddThis Share Buttons generic via filter on the_content -->","protected":false},"excerpt":{"rendered":"<div class=\"mh-excerpt\"><p>Click Here for English No dia abril 22, Douglas Rafael da Silva Pereira (DG) foi encontrado morto dentro de uma creche no Pav\u00e3o-Pav\u00e3ozinho, Zona Sul do Rio, alegadamente morto pelos policiais da UPP. Seu corpo, <a class=\"mh-excerpt-more\" href=\"https:\/\/rioonwatch.org.br\/?p=11453\" title=\"&#8220;S\u00f3 Mais um Silva?&#8221; Reflex\u00f5es Sobre a Recente Viol\u00eancia da UPP\">[&#8230;]<\/a><!-- AddThis Advanced Settings generic via filter on get_the_excerpt --><!-- AddThis Share Buttons generic via filter on get_the_excerpt --><\/p>\n<\/div>","protected":false},"author":129,"featured_media":17865,"comment_status":"closed","ping_status":"closed","sticky":false,"template":"","format":"standard","meta":{"_acf_changed":false,"_monsterinsights_skip_tracking":false,"_monsterinsights_sitenote_active":false,"_monsterinsights_sitenote_note":"","_monsterinsights_sitenote_category":0,"footnotes":""},"categories":[346,344,1620],"tags":[975,217,575,88,439,774,16,672,92,52,218,383],"writer":[1002],"translator":[273],"source":[],"ilustrador":[],"fotografo":[],"class_list":{"0":"post-11453","1":"post","2":"type-post","3":"status-publish","4":"format-standard","5":"has-post-thumbnail","7":"category-denuncias","8":"category-politicas","9":"category-olhonaupp","10":"tag-cadeamarildo","11":"tag-complexo-do-alemao","12":"tag-costa-barros","13":"tag-direitos-humanos","14":"tag-pavao-pavaozinho","15":"tag-policia-militar","16":"tag-rocinha","17":"tag-seguranca-publica","18":"tag-upp","19":"tag-violencia-policial","20":"tag-zona-norte","21":"tag-zona-sul","22":"writer-benjamin-parkin","23":"translator-roseli-franco"},"acf":[],"yoast_head":"<!-- This site is optimized with the Yoast SEO plugin v25.6 - https:\/\/yoast.com\/wordpress\/plugins\/seo\/ -->\n<title>&quot;S\u00f3 Mais um Silva?&quot; Reflex\u00f5es Sobre a Recente Viol\u00eancia da UPP - RioOnWatch<\/title>\n<meta name=\"robots\" content=\"index, follow, max-snippet:-1, max-image-preview:large, max-video-preview:-1\" \/>\n<link rel=\"canonical\" href=\"https:\/\/rioonwatch.org.br\/?p=11453\" \/>\n<meta property=\"og:locale\" content=\"pt_BR\" \/>\n<meta property=\"og:type\" content=\"article\" \/>\n<meta property=\"og:title\" content=\"&quot;S\u00f3 Mais um Silva?&quot; Reflex\u00f5es Sobre a Recente Viol\u00eancia da UPP - RioOnWatch\" \/>\n<meta property=\"og:description\" content=\"Click Here for English No dia abril 22, Douglas Rafael da Silva Pereira (DG) foi encontrado morto dentro de uma creche no Pav\u00e3o-Pav\u00e3ozinho, Zona Sul do Rio, alegadamente morto pelos policiais da UPP. Seu corpo, [...]\" \/>\n<meta property=\"og:url\" content=\"https:\/\/rioonwatch.org.br\/?p=11453\" \/>\n<meta property=\"og:site_name\" content=\"RioOnWatch\" \/>\n<meta property=\"article:published_time\" content=\"2014-05-14T16:34:00+00:00\" \/>\n<meta property=\"article:modified_time\" content=\"2015-12-24T02:01:36+00:00\" \/>\n<meta property=\"og:image\" content=\"https:\/\/rioonwatch.org.br\/wp-content\/uploads\/2014\/05\/upp-DG-protest-midia-ninja.jpg\" \/>\n\t<meta property=\"og:image:width\" content=\"800\" \/>\n\t<meta property=\"og:image:height\" content=\"533\" \/>\n\t<meta property=\"og:image:type\" content=\"image\/jpeg\" \/>\n<meta name=\"author\" content=\"Admin\" \/>\n<meta name=\"twitter:card\" content=\"summary_large_image\" \/>\n<meta name=\"twitter:label1\" content=\"Escrito por\" \/>\n\t<meta name=\"twitter:data1\" content=\"Admin\" \/>\n\t<meta name=\"twitter:label2\" content=\"Est. tempo de leitura\" \/>\n\t<meta name=\"twitter:data2\" content=\"6 minutos\" \/>\n<script type=\"application\/ld+json\" class=\"yoast-schema-graph\">{\"@context\":\"https:\/\/schema.org\",\"@graph\":[{\"@type\":\"Article\",\"@id\":\"https:\/\/rioonwatch.org.br\/?p=11453#article\",\"isPartOf\":{\"@id\":\"https:\/\/rioonwatch.org.br\/?p=11453\"},\"author\":{\"name\":\"Admin\",\"@id\":\"https:\/\/rioonwatch.org.br\/#\/schema\/person\/11d64c290506f9df50c71b850c473f68\"},\"headline\":\"&#8220;S\u00f3 Mais um Silva?&#8221; Reflex\u00f5es Sobre a Recente Viol\u00eancia da UPP\",\"datePublished\":\"2014-05-14T16:34:00+00:00\",\"dateModified\":\"2015-12-24T02:01:36+00:00\",\"mainEntityOfPage\":{\"@id\":\"https:\/\/rioonwatch.org.br\/?p=11453\"},\"wordCount\":1228,\"publisher\":{\"@id\":\"https:\/\/rioonwatch.org.br\/#organization\"},\"image\":{\"@id\":\"https:\/\/rioonwatch.org.br\/?p=11453#primaryimage\"},\"thumbnailUrl\":\"https:\/\/rioonwatch.org.br\/wp-content\/uploads\/2014\/05\/upp-DG-protest-midia-ninja.jpg\",\"keywords\":[\"#Cad\u00eaAmarildo\",\"Complexo do Alem\u00e3o\",\"Costa Barros\",\"Direitos Humanos\",\"Pav\u00e3o-Pav\u00e3ozinho\",\"Pol\u00edcia Militar\",\"Rocinha\",\"seguran\u00e7a p\u00fablica\",\"UPP\",\"viol\u00eancia policial\",\"Zona Norte\",\"Zona Sul\"],\"articleSection\":[\"Den\u00fancias\",\"Pol\u00edticas\",\"Seguran\u00e7a P\u00fablica\"],\"inLanguage\":\"pt-BR\"},{\"@type\":\"WebPage\",\"@id\":\"https:\/\/rioonwatch.org.br\/?p=11453\",\"url\":\"https:\/\/rioonwatch.org.br\/?p=11453\",\"name\":\"\\\"S\u00f3 Mais um Silva?\\\" Reflex\u00f5es Sobre a Recente Viol\u00eancia da UPP - RioOnWatch\",\"isPartOf\":{\"@id\":\"https:\/\/rioonwatch.org.br\/#website\"},\"primaryImageOfPage\":{\"@id\":\"https:\/\/rioonwatch.org.br\/?p=11453#primaryimage\"},\"image\":{\"@id\":\"https:\/\/rioonwatch.org.br\/?p=11453#primaryimage\"},\"thumbnailUrl\":\"https:\/\/rioonwatch.org.br\/wp-content\/uploads\/2014\/05\/upp-DG-protest-midia-ninja.jpg\",\"datePublished\":\"2014-05-14T16:34:00+00:00\",\"dateModified\":\"2015-12-24T02:01:36+00:00\",\"breadcrumb\":{\"@id\":\"https:\/\/rioonwatch.org.br\/?p=11453#breadcrumb\"},\"inLanguage\":\"pt-BR\",\"potentialAction\":[{\"@type\":\"ReadAction\",\"target\":[\"https:\/\/rioonwatch.org.br\/?p=11453\"]}]},{\"@type\":\"ImageObject\",\"inLanguage\":\"pt-BR\",\"@id\":\"https:\/\/rioonwatch.org.br\/?p=11453#primaryimage\",\"url\":\"https:\/\/rioonwatch.org.br\/wp-content\/uploads\/2014\/05\/upp-DG-protest-midia-ninja.jpg\",\"contentUrl\":\"https:\/\/rioonwatch.org.br\/wp-content\/uploads\/2014\/05\/upp-DG-protest-midia-ninja.jpg\",\"width\":800,\"height\":533},{\"@type\":\"BreadcrumbList\",\"@id\":\"https:\/\/rioonwatch.org.br\/?p=11453#breadcrumb\",\"itemListElement\":[{\"@type\":\"ListItem\",\"position\":1,\"name\":\"In\u00edcio\",\"item\":\"https:\/\/rioonwatch.org.br\/\"},{\"@type\":\"ListItem\",\"position\":2,\"name\":\"&#8220;S\u00f3 Mais um Silva?&#8221; Reflex\u00f5es Sobre a Recente Viol\u00eancia da UPP\"}]},{\"@type\":\"WebSite\",\"@id\":\"https:\/\/rioonwatch.org.br\/#website\",\"url\":\"https:\/\/rioonwatch.org.br\/\",\"name\":\"RioOnWatch\",\"description\":\"relatos das favelas cariocas\",\"publisher\":{\"@id\":\"https:\/\/rioonwatch.org.br\/#organization\"},\"potentialAction\":[{\"@type\":\"SearchAction\",\"target\":{\"@type\":\"EntryPoint\",\"urlTemplate\":\"https:\/\/rioonwatch.org.br\/?s={search_term_string}\"},\"query-input\":{\"@type\":\"PropertyValueSpecification\",\"valueRequired\":true,\"valueName\":\"search_term_string\"}}],\"inLanguage\":\"pt-BR\"},{\"@type\":\"Organization\",\"@id\":\"https:\/\/rioonwatch.org.br\/#organization\",\"name\":\"RioOnWatch\",\"url\":\"https:\/\/rioonwatch.org.br\/\",\"logo\":{\"@type\":\"ImageObject\",\"inLanguage\":\"pt-BR\",\"@id\":\"https:\/\/rioonwatch.org.br\/#\/schema\/logo\/image\/\",\"url\":\"https:\/\/rioonwatch.org.br\/wp-content\/uploads\/2021\/06\/RioOnWatchcabecalhoPT11anos-2.png\",\"contentUrl\":\"https:\/\/rioonwatch.org.br\/wp-content\/uploads\/2021\/06\/RioOnWatchcabecalhoPT11anos-2.png\",\"width\":779,\"height\":277,\"caption\":\"RioOnWatch\"},\"image\":{\"@id\":\"https:\/\/rioonwatch.org.br\/#\/schema\/logo\/image\/\"}},{\"@type\":\"Person\",\"@id\":\"https:\/\/rioonwatch.org.br\/#\/schema\/person\/11d64c290506f9df50c71b850c473f68\",\"name\":\"Admin\",\"image\":{\"@type\":\"ImageObject\",\"inLanguage\":\"pt-BR\",\"@id\":\"https:\/\/rioonwatch.org.br\/#\/schema\/person\/image\/\",\"url\":\"https:\/\/secure.gravatar.com\/avatar\/56211ac74568383903349a1485e3c325?s=96&d=blank&r=g\",\"contentUrl\":\"https:\/\/secure.gravatar.com\/avatar\/56211ac74568383903349a1485e3c325?s=96&d=blank&r=g\",\"caption\":\"Admin\"},\"url\":\"https:\/\/rioonwatch.org.br\/?author=129\"}]}<\/script>\n<!-- \/ Yoast SEO plugin. -->","yoast_head_json":{"title":"\"S\u00f3 Mais um Silva?\" Reflex\u00f5es Sobre a Recente Viol\u00eancia da UPP - RioOnWatch","robots":{"index":"index","follow":"follow","max-snippet":"max-snippet:-1","max-image-preview":"max-image-preview:large","max-video-preview":"max-video-preview:-1"},"canonical":"https:\/\/rioonwatch.org.br\/?p=11453","og_locale":"pt_BR","og_type":"article","og_title":"\"S\u00f3 Mais um Silva?\" Reflex\u00f5es Sobre a Recente Viol\u00eancia da UPP - RioOnWatch","og_description":"Click Here for English No dia abril 22, Douglas Rafael da Silva Pereira (DG) foi encontrado morto dentro de uma creche no Pav\u00e3o-Pav\u00e3ozinho, Zona Sul do Rio, alegadamente morto pelos policiais da UPP. Seu corpo, [...]","og_url":"https:\/\/rioonwatch.org.br\/?p=11453","og_site_name":"RioOnWatch","article_published_time":"2014-05-14T16:34:00+00:00","article_modified_time":"2015-12-24T02:01:36+00:00","og_image":[{"width":800,"height":533,"url":"https:\/\/rioonwatch.org.br\/wp-content\/uploads\/2014\/05\/upp-DG-protest-midia-ninja.jpg","type":"image\/jpeg"}],"author":"Admin","twitter_card":"summary_large_image","twitter_misc":{"Escrito por":"Admin","Est. tempo de leitura":"6 minutos"},"schema":{"@context":"https:\/\/schema.org","@graph":[{"@type":"Article","@id":"https:\/\/rioonwatch.org.br\/?p=11453#article","isPartOf":{"@id":"https:\/\/rioonwatch.org.br\/?p=11453"},"author":{"name":"Admin","@id":"https:\/\/rioonwatch.org.br\/#\/schema\/person\/11d64c290506f9df50c71b850c473f68"},"headline":"&#8220;S\u00f3 Mais um Silva?&#8221; Reflex\u00f5es Sobre a Recente Viol\u00eancia da UPP","datePublished":"2014-05-14T16:34:00+00:00","dateModified":"2015-12-24T02:01:36+00:00","mainEntityOfPage":{"@id":"https:\/\/rioonwatch.org.br\/?p=11453"},"wordCount":1228,"publisher":{"@id":"https:\/\/rioonwatch.org.br\/#organization"},"image":{"@id":"https:\/\/rioonwatch.org.br\/?p=11453#primaryimage"},"thumbnailUrl":"https:\/\/rioonwatch.org.br\/wp-content\/uploads\/2014\/05\/upp-DG-protest-midia-ninja.jpg","keywords":["#Cad\u00eaAmarildo","Complexo do Alem\u00e3o","Costa Barros","Direitos Humanos","Pav\u00e3o-Pav\u00e3ozinho","Pol\u00edcia Militar","Rocinha","seguran\u00e7a p\u00fablica","UPP","viol\u00eancia policial","Zona Norte","Zona Sul"],"articleSection":["Den\u00fancias","Pol\u00edticas","Seguran\u00e7a P\u00fablica"],"inLanguage":"pt-BR"},{"@type":"WebPage","@id":"https:\/\/rioonwatch.org.br\/?p=11453","url":"https:\/\/rioonwatch.org.br\/?p=11453","name":"\"S\u00f3 Mais um Silva?\" Reflex\u00f5es Sobre a Recente Viol\u00eancia da UPP - RioOnWatch","isPartOf":{"@id":"https:\/\/rioonwatch.org.br\/#website"},"primaryImageOfPage":{"@id":"https:\/\/rioonwatch.org.br\/?p=11453#primaryimage"},"image":{"@id":"https:\/\/rioonwatch.org.br\/?p=11453#primaryimage"},"thumbnailUrl":"https:\/\/rioonwatch.org.br\/wp-content\/uploads\/2014\/05\/upp-DG-protest-midia-ninja.jpg","datePublished":"2014-05-14T16:34:00+00:00","dateModified":"2015-12-24T02:01:36+00:00","breadcrumb":{"@id":"https:\/\/rioonwatch.org.br\/?p=11453#breadcrumb"},"inLanguage":"pt-BR","potentialAction":[{"@type":"ReadAction","target":["https:\/\/rioonwatch.org.br\/?p=11453"]}]},{"@type":"ImageObject","inLanguage":"pt-BR","@id":"https:\/\/rioonwatch.org.br\/?p=11453#primaryimage","url":"https:\/\/rioonwatch.org.br\/wp-content\/uploads\/2014\/05\/upp-DG-protest-midia-ninja.jpg","contentUrl":"https:\/\/rioonwatch.org.br\/wp-content\/uploads\/2014\/05\/upp-DG-protest-midia-ninja.jpg","width":800,"height":533},{"@type":"BreadcrumbList","@id":"https:\/\/rioonwatch.org.br\/?p=11453#breadcrumb","itemListElement":[{"@type":"ListItem","position":1,"name":"In\u00edcio","item":"https:\/\/rioonwatch.org.br\/"},{"@type":"ListItem","position":2,"name":"&#8220;S\u00f3 Mais um Silva?&#8221; Reflex\u00f5es Sobre a Recente Viol\u00eancia da UPP"}]},{"@type":"WebSite","@id":"https:\/\/rioonwatch.org.br\/#website","url":"https:\/\/rioonwatch.org.br\/","name":"RioOnWatch","description":"relatos das favelas cariocas","publisher":{"@id":"https:\/\/rioonwatch.org.br\/#organization"},"potentialAction":[{"@type":"SearchAction","target":{"@type":"EntryPoint","urlTemplate":"https:\/\/rioonwatch.org.br\/?s={search_term_string}"},"query-input":{"@type":"PropertyValueSpecification","valueRequired":true,"valueName":"search_term_string"}}],"inLanguage":"pt-BR"},{"@type":"Organization","@id":"https:\/\/rioonwatch.org.br\/#organization","name":"RioOnWatch","url":"https:\/\/rioonwatch.org.br\/","logo":{"@type":"ImageObject","inLanguage":"pt-BR","@id":"https:\/\/rioonwatch.org.br\/#\/schema\/logo\/image\/","url":"https:\/\/rioonwatch.org.br\/wp-content\/uploads\/2021\/06\/RioOnWatchcabecalhoPT11anos-2.png","contentUrl":"https:\/\/rioonwatch.org.br\/wp-content\/uploads\/2021\/06\/RioOnWatchcabecalhoPT11anos-2.png","width":779,"height":277,"caption":"RioOnWatch"},"image":{"@id":"https:\/\/rioonwatch.org.br\/#\/schema\/logo\/image\/"}},{"@type":"Person","@id":"https:\/\/rioonwatch.org.br\/#\/schema\/person\/11d64c290506f9df50c71b850c473f68","name":"Admin","image":{"@type":"ImageObject","inLanguage":"pt-BR","@id":"https:\/\/rioonwatch.org.br\/#\/schema\/person\/image\/","url":"https:\/\/secure.gravatar.com\/avatar\/56211ac74568383903349a1485e3c325?s=96&d=blank&r=g","contentUrl":"https:\/\/secure.gravatar.com\/avatar\/56211ac74568383903349a1485e3c325?s=96&d=blank&r=g","caption":"Admin"},"url":"https:\/\/rioonwatch.org.br\/?author=129"}]}},"_links":{"self":[{"href":"https:\/\/rioonwatch.org.br\/index.php?rest_route=\/wp\/v2\/posts\/11453"}],"collection":[{"href":"https:\/\/rioonwatch.org.br\/index.php?rest_route=\/wp\/v2\/posts"}],"about":[{"href":"https:\/\/rioonwatch.org.br\/index.php?rest_route=\/wp\/v2\/types\/post"}],"author":[{"embeddable":true,"href":"https:\/\/rioonwatch.org.br\/index.php?rest_route=\/wp\/v2\/users\/129"}],"replies":[{"embeddable":true,"href":"https:\/\/rioonwatch.org.br\/index.php?rest_route=%2Fwp%2Fv2%2Fcomments&post=11453"}],"version-history":[{"count":22,"href":"https:\/\/rioonwatch.org.br\/index.php?rest_route=\/wp\/v2\/posts\/11453\/revisions"}],"predecessor-version":[{"id":17866,"href":"https:\/\/rioonwatch.org.br\/index.php?rest_route=\/wp\/v2\/posts\/11453\/revisions\/17866"}],"wp:featuredmedia":[{"embeddable":true,"href":"https:\/\/rioonwatch.org.br\/index.php?rest_route=\/wp\/v2\/media\/17865"}],"wp:attachment":[{"href":"https:\/\/rioonwatch.org.br\/index.php?rest_route=%2Fwp%2Fv2%2Fmedia&parent=11453"}],"wp:term":[{"taxonomy":"category","embeddable":true,"href":"https:\/\/rioonwatch.org.br\/index.php?rest_route=%2Fwp%2Fv2%2Fcategories&post=11453"},{"taxonomy":"post_tag","embeddable":true,"href":"https:\/\/rioonwatch.org.br\/index.php?rest_route=%2Fwp%2Fv2%2Ftags&post=11453"},{"taxonomy":"writer","embeddable":true,"href":"https:\/\/rioonwatch.org.br\/index.php?rest_route=%2Fwp%2Fv2%2Fwriter&post=11453"},{"taxonomy":"translator","embeddable":true,"href":"https:\/\/rioonwatch.org.br\/index.php?rest_route=%2Fwp%2Fv2%2Ftranslator&post=11453"},{"taxonomy":"source","embeddable":true,"href":"https:\/\/rioonwatch.org.br\/index.php?rest_route=%2Fwp%2Fv2%2Fsource&post=11453"},{"taxonomy":"ilustrador","embeddable":true,"href":"https:\/\/rioonwatch.org.br\/index.php?rest_route=%2Fwp%2Fv2%2Filustrador&post=11453"},{"taxonomy":"fotografo","embeddable":true,"href":"https:\/\/rioonwatch.org.br\/index.php?rest_route=%2Fwp%2Fv2%2Ffotografo&post=11453"}],"curies":[{"name":"wp","href":"https:\/\/api.w.org\/{rel}","templated":true}]}}