{"id":11483,"date":"2014-05-16T13:16:11","date_gmt":"2014-05-16T16:16:11","guid":{"rendered":"http:\/\/rioonwatch.org.br\/?p=11483"},"modified":"2015-12-23T22:50:49","modified_gmt":"2015-12-24T01:50:49","slug":"prefeito-de-nova-york-anuncia-plano-de-habitacao-a-precos-acessiveis","status":"publish","type":"post","link":"https:\/\/rioonwatch.org.br\/?p=11483","title":{"rendered":"Prefeito de Nova York Anuncia Plano de Habita\u00e7\u00e3o a Pre\u00e7os Acess\u00edveis"},"content":{"rendered":"<p style=\"text-align: right;\"><em><strong><a href=\"http:\/\/reut.rs\/1Mxl3ym\" \ntarget=\"_blank\">Click Here for English<img decoding=\"async\" width=\"20\" height=\"20\" class=\"alignright wp-image-15790\" src=\"http:\/\/rioonwatch.org.br\/wp-content\/uploads\/2012\/08\/EN-standard-e1439583104716.jpg\" alt=\"\" \/><\/a><\/strong><\/em><\/p>\n<p>Veja a mat\u00e9ria original por\u00a0<a href=\"http:\/\/reut.rs\/1gExLgt\" target=\"_blank\">Edith Honan<\/a>\u00a0em ingl\u00eas no <strong>Reuters\u00a0<\/strong><a href=\"http:\/\/reut.rs\/1gsTjwg\" target=\"_blank\">aqui<\/a>.<\/p>\n<p>O prefeito de Nova York, Bill de Blasio, lan\u00e7ou um plano, na segunda-feira [5 de maio], para criar e preservar 200 mil unidades de habita\u00e7\u00e3o a pre\u00e7os acess\u00edveis para a pr\u00f3xima d\u00e9cada&#8211;uma pe\u00e7a central na sua estrat\u00e9gia para enfrentar a desigualdade econ\u00f4mica na maior cidade do pa\u00eds.<\/p>\n<p>A proposta, do prefeito progressista, que exige um investimento de 41 milh\u00f5es de d\u00f3lares para construir 80.000 unidades e preservar mais de 120.000, proporcionar\u00e1 habita\u00e7\u00e3o para mais de meio milh\u00e3o de nova-iorquinos.<\/p>\n<p>O plano requer que a Prefeitura direcione os terrenos vagos e subutilizados, agilize novas oportunidades de desenvolvimento e acelere constru\u00e7\u00f5es acess\u00edveis. O\u00a0financiamento proposto para o plano prev\u00ea 8 bilh\u00f5es de d\u00f3lares do munic\u00edpio, 3 bilh\u00f5es de d\u00f3lares em gastos estaduais e federais, e outros US$30 bilh\u00f5es em dinheiro privado.<\/p>\n<p>\u201cN\u00f3s temos uma crise de acessibilidade [de pre\u00e7os] em nossas m\u00e3os. Ela toca a todos, desde da parte inferior na escala econ\u00f4mica, at\u00e9 o topo da classe m\u00e9dia&#8221;, disse de Blasio.\u00a0&#8220;E por isso estamos mesclando todos as partes do governo e do setor privado em uma resposta sem precedentes&#8221;.<\/p>\n<p>De Blasio, que tomou posse em janeiro como primeiro prefeito democrata da cidade em duas d\u00e9cadas, fez campanha para o cargo condenando o &#8220;conto de duas cidades&#8221;, que tem emergido por Nova York estar vivenciando um fosso cada vez maior entre ricos e pobres.<\/p>\n<p>Um relat\u00f3rio divulgado no m\u00eas passado pelo Controlador de Nova York, Scott Stringer, descobriu que quase metade de todos os nova-iorquinos gastam mais de 30% de sua renda com habita\u00e7\u00e3o, enquanto um ter\u00e7o gasta pelo menos a metade em habita\u00e7\u00e3o.<\/p>\n<p>De 2000 a 2012, o pre\u00e7o do aluguel m\u00e9dio em Nova York subiu 75%, contra 44% no resto do pa\u00eds, enquanto que os rendimentos reais dos nova-iorquinos declinaram, disse o relat\u00f3rio.<\/p>\n<p>Em alguns bairros, como\u00a0 Williamsburg, Greenpoint e Fort Greene, no Brooklyn, que viu um crescente afluxo de jovens profissionais de Manhattan, as rendas m\u00e9dias reais e os alugu\u00e9is aumentaram em 50% ou mais, segundo o relat\u00f3rio.<\/p>\n<p>Enquanto isso, a popula\u00e7\u00e3o dos abrigos da cidade fica em mais de 52.000, incluindo mais de 22.000 crian\u00e7as&#8211;um recorde hist\u00f3rico.<\/p>\n<p>O Secret\u00e1rio Shaun Donovan do\u00a0Departamento Americano de Habita\u00e7\u00e3o e Desenvolvimento Urbano aplaudiu o plano &#8220;ambicioso&#8221; de Blasio, de acordo com um comunicado divulgado por ele.<\/p>\n<p>Steven Spinola, presidente do Conselho Imobili\u00e1rio de Nova York, um grupo do setor, chamou o plano de um &#8220;roteiro realista&#8221;.<\/p>\n<!-- AddThis Advanced Settings generic via filter on the_content --><!-- AddThis Share Buttons generic via filter on the_content -->","protected":false},"excerpt":{"rendered":"<div class=\"mh-excerpt\"><p>Click Here for English Veja a mat\u00e9ria original por\u00a0Edith Honan\u00a0em ingl\u00eas no Reuters\u00a0aqui. O prefeito de Nova York, Bill de Blasio, lan\u00e7ou um plano, na segunda-feira [5 de maio], para criar e preservar 200 mil <a class=\"mh-excerpt-more\" href=\"https:\/\/rioonwatch.org.br\/?p=11483\" title=\"Prefeito de Nova York Anuncia Plano de Habita\u00e7\u00e3o a Pre\u00e7os Acess\u00edveis\">[&#8230;]<\/a><!-- AddThis Advanced Settings generic via filter on get_the_excerpt --><!-- AddThis Share Buttons generic via filter on get_the_excerpt --><\/p>\n<\/div>","protected":false},"author":129,"featured_media":11486,"comment_status":"closed","ping_status":"closed","sticky":false,"template":"","format":"standard","meta":{"_acf_changed":false,"_monsterinsights_skip_tracking":false,"_monsterinsights_sitenote_active":false,"_monsterinsights_sitenote_note":"","_monsterinsights_sitenote_category":0,"footnotes":""},"categories":[344,342,1634],"tags":[759,413,424,396,909,1046,838],"writer":[1140],"translator":[289],"source":[1141],"ilustrador":[],"fotografo":[],"class_list":{"0":"post-11483","1":"post","2":"type-post","3":"status-publish","4":"format-standard","5":"has-post-thumbnail","7":"category-politicas","8":"category-solucoes","9":"category-traducoes","10":"tag-comparacao-internacional","11":"tag-desigualdade","12":"tag-direito-a-moradia","13":"tag-especulacao-imobiliaria","14":"tag-habitacao-acessivel","15":"tag-nova-york","16":"tag-politica-publica","17":"writer-edith-honan","18":"translator-ana-rosa-santos","19":"source-reuters"},"acf":[],"yoast_head":"<!-- This site is optimized with the Yoast SEO plugin v25.6 - https:\/\/yoast.com\/wordpress\/plugins\/seo\/ -->\n<title>Prefeito de Nova York Anuncia Plano de Habita\u00e7\u00e3o a Pre\u00e7os Acess\u00edveis - RioOnWatch<\/title>\n<meta name=\"robots\" content=\"index, follow, max-snippet:-1, max-image-preview:large, max-video-preview:-1\" \/>\n<link rel=\"canonical\" href=\"https:\/\/rioonwatch.org.br\/?p=11483\" \/>\n<meta property=\"og:locale\" content=\"pt_BR\" \/>\n<meta property=\"og:type\" content=\"article\" \/>\n<meta property=\"og:title\" content=\"Prefeito de Nova York Anuncia Plano de Habita\u00e7\u00e3o a Pre\u00e7os Acess\u00edveis - RioOnWatch\" \/>\n<meta property=\"og:description\" content=\"Click Here for English Veja a mat\u00e9ria original por\u00a0Edith Honan\u00a0em ingl\u00eas no Reuters\u00a0aqui. O prefeito de Nova York, Bill de Blasio, lan\u00e7ou um plano, na segunda-feira [5 de maio], para criar e preservar 200 mil [...]\" \/>\n<meta property=\"og:url\" content=\"https:\/\/rioonwatch.org.br\/?p=11483\" \/>\n<meta property=\"og:site_name\" content=\"RioOnWatch\" \/>\n<meta property=\"article:published_time\" content=\"2014-05-16T16:16:11+00:00\" \/>\n<meta property=\"article:modified_time\" content=\"2015-12-24T01:50:49+00:00\" \/>\n<meta property=\"og:image\" content=\"https:\/\/rioonwatch.org.br\/wp-content\/uploads\/2014\/05\/Bill.jpg\" \/>\n\t<meta property=\"og:image:width\" content=\"580\" \/>\n\t<meta property=\"og:image:height\" content=\"386\" \/>\n\t<meta property=\"og:image:type\" content=\"image\/jpeg\" \/>\n<meta name=\"author\" content=\"Admin\" \/>\n<meta name=\"twitter:card\" content=\"summary_large_image\" \/>\n<meta name=\"twitter:label1\" content=\"Escrito por\" \/>\n\t<meta name=\"twitter:data1\" content=\"Admin\" \/>\n\t<meta name=\"twitter:label2\" content=\"Est. tempo de leitura\" \/>\n\t<meta name=\"twitter:data2\" content=\"2 minutos\" \/>\n<script type=\"application\/ld+json\" class=\"yoast-schema-graph\">{\"@context\":\"https:\/\/schema.org\",\"@graph\":[{\"@type\":\"Article\",\"@id\":\"https:\/\/rioonwatch.org.br\/?p=11483#article\",\"isPartOf\":{\"@id\":\"https:\/\/rioonwatch.org.br\/?p=11483\"},\"author\":{\"name\":\"Admin\",\"@id\":\"https:\/\/rioonwatch.org.br\/#\/schema\/person\/11d64c290506f9df50c71b850c473f68\"},\"headline\":\"Prefeito de Nova York Anuncia Plano de Habita\u00e7\u00e3o a Pre\u00e7os Acess\u00edveis\",\"datePublished\":\"2014-05-16T16:16:11+00:00\",\"dateModified\":\"2015-12-24T01:50:49+00:00\",\"mainEntityOfPage\":{\"@id\":\"https:\/\/rioonwatch.org.br\/?p=11483\"},\"wordCount\":459,\"publisher\":{\"@id\":\"https:\/\/rioonwatch.org.br\/#organization\"},\"image\":{\"@id\":\"https:\/\/rioonwatch.org.br\/?p=11483#primaryimage\"},\"thumbnailUrl\":\"https:\/\/rioonwatch.org.br\/wp-content\/uploads\/2014\/05\/Bill.jpg\",\"keywords\":[\"compara\u00e7\u00e3o internacional\",\"desigualdade\",\"Direito \u00e0 Moradia\",\"especula\u00e7\u00e3o imobili\u00e1ria\",\"habita\u00e7\u00e3o acess\u00edvel\",\"Nova York\",\"pol\u00edtica p\u00fablica\"],\"articleSection\":[\"Pol\u00edticas\",\"Solu\u00e7\u00f5es\",\"Traduzidas do Ingl\u00eas\"],\"inLanguage\":\"pt-BR\"},{\"@type\":\"WebPage\",\"@id\":\"https:\/\/rioonwatch.org.br\/?p=11483\",\"url\":\"https:\/\/rioonwatch.org.br\/?p=11483\",\"name\":\"Prefeito de Nova York Anuncia Plano de Habita\u00e7\u00e3o a Pre\u00e7os Acess\u00edveis - RioOnWatch\",\"isPartOf\":{\"@id\":\"https:\/\/rioonwatch.org.br\/#website\"},\"primaryImageOfPage\":{\"@id\":\"https:\/\/rioonwatch.org.br\/?p=11483#primaryimage\"},\"image\":{\"@id\":\"https:\/\/rioonwatch.org.br\/?p=11483#primaryimage\"},\"thumbnailUrl\":\"https:\/\/rioonwatch.org.br\/wp-content\/uploads\/2014\/05\/Bill.jpg\",\"datePublished\":\"2014-05-16T16:16:11+00:00\",\"dateModified\":\"2015-12-24T01:50:49+00:00\",\"breadcrumb\":{\"@id\":\"https:\/\/rioonwatch.org.br\/?p=11483#breadcrumb\"},\"inLanguage\":\"pt-BR\",\"potentialAction\":[{\"@type\":\"ReadAction\",\"target\":[\"https:\/\/rioonwatch.org.br\/?p=11483\"]}]},{\"@type\":\"ImageObject\",\"inLanguage\":\"pt-BR\",\"@id\":\"https:\/\/rioonwatch.org.br\/?p=11483#primaryimage\",\"url\":\"https:\/\/rioonwatch.org.br\/wp-content\/uploads\/2014\/05\/Bill.jpg\",\"contentUrl\":\"https:\/\/rioonwatch.org.br\/wp-content\/uploads\/2014\/05\/Bill.jpg\",\"width\":580,\"height\":386},{\"@type\":\"BreadcrumbList\",\"@id\":\"https:\/\/rioonwatch.org.br\/?p=11483#breadcrumb\",\"itemListElement\":[{\"@type\":\"ListItem\",\"position\":1,\"name\":\"In\u00edcio\",\"item\":\"https:\/\/rioonwatch.org.br\/\"},{\"@type\":\"ListItem\",\"position\":2,\"name\":\"Prefeito de Nova York Anuncia Plano de Habita\u00e7\u00e3o a Pre\u00e7os Acess\u00edveis\"}]},{\"@type\":\"WebSite\",\"@id\":\"https:\/\/rioonwatch.org.br\/#website\",\"url\":\"https:\/\/rioonwatch.org.br\/\",\"name\":\"RioOnWatch\",\"description\":\"relatos das favelas cariocas\",\"publisher\":{\"@id\":\"https:\/\/rioonwatch.org.br\/#organization\"},\"potentialAction\":[{\"@type\":\"SearchAction\",\"target\":{\"@type\":\"EntryPoint\",\"urlTemplate\":\"https:\/\/rioonwatch.org.br\/?s={search_term_string}\"},\"query-input\":{\"@type\":\"PropertyValueSpecification\",\"valueRequired\":true,\"valueName\":\"search_term_string\"}}],\"inLanguage\":\"pt-BR\"},{\"@type\":\"Organization\",\"@id\":\"https:\/\/rioonwatch.org.br\/#organization\",\"name\":\"RioOnWatch\",\"url\":\"https:\/\/rioonwatch.org.br\/\",\"logo\":{\"@type\":\"ImageObject\",\"inLanguage\":\"pt-BR\",\"@id\":\"https:\/\/rioonwatch.org.br\/#\/schema\/logo\/image\/\",\"url\":\"https:\/\/rioonwatch.org.br\/wp-content\/uploads\/2021\/06\/RioOnWatchcabecalhoPT11anos-2.png\",\"contentUrl\":\"https:\/\/rioonwatch.org.br\/wp-content\/uploads\/2021\/06\/RioOnWatchcabecalhoPT11anos-2.png\",\"width\":779,\"height\":277,\"caption\":\"RioOnWatch\"},\"image\":{\"@id\":\"https:\/\/rioonwatch.org.br\/#\/schema\/logo\/image\/\"}},{\"@type\":\"Person\",\"@id\":\"https:\/\/rioonwatch.org.br\/#\/schema\/person\/11d64c290506f9df50c71b850c473f68\",\"name\":\"Admin\",\"image\":{\"@type\":\"ImageObject\",\"inLanguage\":\"pt-BR\",\"@id\":\"https:\/\/rioonwatch.org.br\/#\/schema\/person\/image\/\",\"url\":\"https:\/\/secure.gravatar.com\/avatar\/56211ac74568383903349a1485e3c325?s=96&d=blank&r=g\",\"contentUrl\":\"https:\/\/secure.gravatar.com\/avatar\/56211ac74568383903349a1485e3c325?s=96&d=blank&r=g\",\"caption\":\"Admin\"},\"url\":\"https:\/\/rioonwatch.org.br\/?author=129\"}]}<\/script>\n<!-- \/ Yoast SEO plugin. -->","yoast_head_json":{"title":"Prefeito de Nova York Anuncia Plano de Habita\u00e7\u00e3o a Pre\u00e7os Acess\u00edveis - RioOnWatch","robots":{"index":"index","follow":"follow","max-snippet":"max-snippet:-1","max-image-preview":"max-image-preview:large","max-video-preview":"max-video-preview:-1"},"canonical":"https:\/\/rioonwatch.org.br\/?p=11483","og_locale":"pt_BR","og_type":"article","og_title":"Prefeito de Nova York Anuncia Plano de Habita\u00e7\u00e3o a Pre\u00e7os Acess\u00edveis - RioOnWatch","og_description":"Click Here for English Veja a mat\u00e9ria original por\u00a0Edith Honan\u00a0em ingl\u00eas no Reuters\u00a0aqui. O prefeito de Nova York, Bill de Blasio, lan\u00e7ou um plano, na segunda-feira [5 de maio], para criar e preservar 200 mil [...]","og_url":"https:\/\/rioonwatch.org.br\/?p=11483","og_site_name":"RioOnWatch","article_published_time":"2014-05-16T16:16:11+00:00","article_modified_time":"2015-12-24T01:50:49+00:00","og_image":[{"width":580,"height":386,"url":"https:\/\/rioonwatch.org.br\/wp-content\/uploads\/2014\/05\/Bill.jpg","type":"image\/jpeg"}],"author":"Admin","twitter_card":"summary_large_image","twitter_misc":{"Escrito por":"Admin","Est. tempo de leitura":"2 minutos"},"schema":{"@context":"https:\/\/schema.org","@graph":[{"@type":"Article","@id":"https:\/\/rioonwatch.org.br\/?p=11483#article","isPartOf":{"@id":"https:\/\/rioonwatch.org.br\/?p=11483"},"author":{"name":"Admin","@id":"https:\/\/rioonwatch.org.br\/#\/schema\/person\/11d64c290506f9df50c71b850c473f68"},"headline":"Prefeito de Nova York Anuncia Plano de Habita\u00e7\u00e3o a Pre\u00e7os Acess\u00edveis","datePublished":"2014-05-16T16:16:11+00:00","dateModified":"2015-12-24T01:50:49+00:00","mainEntityOfPage":{"@id":"https:\/\/rioonwatch.org.br\/?p=11483"},"wordCount":459,"publisher":{"@id":"https:\/\/rioonwatch.org.br\/#organization"},"image":{"@id":"https:\/\/rioonwatch.org.br\/?p=11483#primaryimage"},"thumbnailUrl":"https:\/\/rioonwatch.org.br\/wp-content\/uploads\/2014\/05\/Bill.jpg","keywords":["compara\u00e7\u00e3o internacional","desigualdade","Direito \u00e0 Moradia","especula\u00e7\u00e3o imobili\u00e1ria","habita\u00e7\u00e3o acess\u00edvel","Nova York","pol\u00edtica p\u00fablica"],"articleSection":["Pol\u00edticas","Solu\u00e7\u00f5es","Traduzidas do Ingl\u00eas"],"inLanguage":"pt-BR"},{"@type":"WebPage","@id":"https:\/\/rioonwatch.org.br\/?p=11483","url":"https:\/\/rioonwatch.org.br\/?p=11483","name":"Prefeito de Nova York Anuncia Plano de Habita\u00e7\u00e3o a Pre\u00e7os Acess\u00edveis - RioOnWatch","isPartOf":{"@id":"https:\/\/rioonwatch.org.br\/#website"},"primaryImageOfPage":{"@id":"https:\/\/rioonwatch.org.br\/?p=11483#primaryimage"},"image":{"@id":"https:\/\/rioonwatch.org.br\/?p=11483#primaryimage"},"thumbnailUrl":"https:\/\/rioonwatch.org.br\/wp-content\/uploads\/2014\/05\/Bill.jpg","datePublished":"2014-05-16T16:16:11+00:00","dateModified":"2015-12-24T01:50:49+00:00","breadcrumb":{"@id":"https:\/\/rioonwatch.org.br\/?p=11483#breadcrumb"},"inLanguage":"pt-BR","potentialAction":[{"@type":"ReadAction","target":["https:\/\/rioonwatch.org.br\/?p=11483"]}]},{"@type":"ImageObject","inLanguage":"pt-BR","@id":"https:\/\/rioonwatch.org.br\/?p=11483#primaryimage","url":"https:\/\/rioonwatch.org.br\/wp-content\/uploads\/2014\/05\/Bill.jpg","contentUrl":"https:\/\/rioonwatch.org.br\/wp-content\/uploads\/2014\/05\/Bill.jpg","width":580,"height":386},{"@type":"BreadcrumbList","@id":"https:\/\/rioonwatch.org.br\/?p=11483#breadcrumb","itemListElement":[{"@type":"ListItem","position":1,"name":"In\u00edcio","item":"https:\/\/rioonwatch.org.br\/"},{"@type":"ListItem","position":2,"name":"Prefeito de Nova York Anuncia Plano de Habita\u00e7\u00e3o a Pre\u00e7os Acess\u00edveis"}]},{"@type":"WebSite","@id":"https:\/\/rioonwatch.org.br\/#website","url":"https:\/\/rioonwatch.org.br\/","name":"RioOnWatch","description":"relatos das favelas cariocas","publisher":{"@id":"https:\/\/rioonwatch.org.br\/#organization"},"potentialAction":[{"@type":"SearchAction","target":{"@type":"EntryPoint","urlTemplate":"https:\/\/rioonwatch.org.br\/?s={search_term_string}"},"query-input":{"@type":"PropertyValueSpecification","valueRequired":true,"valueName":"search_term_string"}}],"inLanguage":"pt-BR"},{"@type":"Organization","@id":"https:\/\/rioonwatch.org.br\/#organization","name":"RioOnWatch","url":"https:\/\/rioonwatch.org.br\/","logo":{"@type":"ImageObject","inLanguage":"pt-BR","@id":"https:\/\/rioonwatch.org.br\/#\/schema\/logo\/image\/","url":"https:\/\/rioonwatch.org.br\/wp-content\/uploads\/2021\/06\/RioOnWatchcabecalhoPT11anos-2.png","contentUrl":"https:\/\/rioonwatch.org.br\/wp-content\/uploads\/2021\/06\/RioOnWatchcabecalhoPT11anos-2.png","width":779,"height":277,"caption":"RioOnWatch"},"image":{"@id":"https:\/\/rioonwatch.org.br\/#\/schema\/logo\/image\/"}},{"@type":"Person","@id":"https:\/\/rioonwatch.org.br\/#\/schema\/person\/11d64c290506f9df50c71b850c473f68","name":"Admin","image":{"@type":"ImageObject","inLanguage":"pt-BR","@id":"https:\/\/rioonwatch.org.br\/#\/schema\/person\/image\/","url":"https:\/\/secure.gravatar.com\/avatar\/56211ac74568383903349a1485e3c325?s=96&d=blank&r=g","contentUrl":"https:\/\/secure.gravatar.com\/avatar\/56211ac74568383903349a1485e3c325?s=96&d=blank&r=g","caption":"Admin"},"url":"https:\/\/rioonwatch.org.br\/?author=129"}]}},"_links":{"self":[{"href":"https:\/\/rioonwatch.org.br\/index.php?rest_route=\/wp\/v2\/posts\/11483"}],"collection":[{"href":"https:\/\/rioonwatch.org.br\/index.php?rest_route=\/wp\/v2\/posts"}],"about":[{"href":"https:\/\/rioonwatch.org.br\/index.php?rest_route=\/wp\/v2\/types\/post"}],"author":[{"embeddable":true,"href":"https:\/\/rioonwatch.org.br\/index.php?rest_route=\/wp\/v2\/users\/129"}],"replies":[{"embeddable":true,"href":"https:\/\/rioonwatch.org.br\/index.php?rest_route=%2Fwp%2Fv2%2Fcomments&post=11483"}],"version-history":[{"count":15,"href":"https:\/\/rioonwatch.org.br\/index.php?rest_route=\/wp\/v2\/posts\/11483\/revisions"}],"predecessor-version":[{"id":17864,"href":"https:\/\/rioonwatch.org.br\/index.php?rest_route=\/wp\/v2\/posts\/11483\/revisions\/17864"}],"wp:featuredmedia":[{"embeddable":true,"href":"https:\/\/rioonwatch.org.br\/index.php?rest_route=\/wp\/v2\/media\/11486"}],"wp:attachment":[{"href":"https:\/\/rioonwatch.org.br\/index.php?rest_route=%2Fwp%2Fv2%2Fmedia&parent=11483"}],"wp:term":[{"taxonomy":"category","embeddable":true,"href":"https:\/\/rioonwatch.org.br\/index.php?rest_route=%2Fwp%2Fv2%2Fcategories&post=11483"},{"taxonomy":"post_tag","embeddable":true,"href":"https:\/\/rioonwatch.org.br\/index.php?rest_route=%2Fwp%2Fv2%2Ftags&post=11483"},{"taxonomy":"writer","embeddable":true,"href":"https:\/\/rioonwatch.org.br\/index.php?rest_route=%2Fwp%2Fv2%2Fwriter&post=11483"},{"taxonomy":"translator","embeddable":true,"href":"https:\/\/rioonwatch.org.br\/index.php?rest_route=%2Fwp%2Fv2%2Ftranslator&post=11483"},{"taxonomy":"source","embeddable":true,"href":"https:\/\/rioonwatch.org.br\/index.php?rest_route=%2Fwp%2Fv2%2Fsource&post=11483"},{"taxonomy":"ilustrador","embeddable":true,"href":"https:\/\/rioonwatch.org.br\/index.php?rest_route=%2Fwp%2Fv2%2Filustrador&post=11483"},{"taxonomy":"fotografo","embeddable":true,"href":"https:\/\/rioonwatch.org.br\/index.php?rest_route=%2Fwp%2Fv2%2Ffotografo&post=11483"}],"curies":[{"name":"wp","href":"https:\/\/api.w.org\/{rel}","templated":true}]}}