{"id":11652,"date":"2014-06-24T09:00:13","date_gmt":"2014-06-24T12:00:13","guid":{"rendered":"http:\/\/rioonwatch.org.br\/?p=11652"},"modified":"2017-11-08T23:22:34","modified_gmt":"2017-11-09T02:22:34","slug":"orgulho-comunitario-e-a-continua-resistencia-contra-as-remocoes-no-horto","status":"publish","type":"post","link":"https:\/\/rioonwatch.org.br\/?p=11652","title":{"rendered":"Orgulho Comunit\u00e1rio e a Cont\u00ednua Resist\u00eancia Contra as Remo\u00e7\u00f5es no Horto"},"content":{"rendered":"<p style=\"text-align: right;\"><em><strong><a href=\"http:\/\/bit.ly\/1q92mJh\" target=\"_blank\" rel=\"noopener\">Click Here for English<img decoding=\"async\" width=\"20\" height=\"20\" class=\"alignright wp-image-15790\" src=\"http:\/\/rioonwatch.org.br\/wp-content\/uploads\/2012\/08\/EN-standard-e1439583104716.jpg\" alt=\"\" \/><\/a><\/strong><\/em><\/p>\n<p style=\"text-align: left;\">Desde a decis\u00e3o da Ministra do Meio Ambiente, Izabella Teixeira, em maio do ano passado, redefinindo os limites do Jardim Bot\u00e2nico do Rio de Janeiro, o que implicaria na <a href=\"http:\/\/bit.ly\/X51Qvb\" target=\"_blank\" rel=\"noopener\">remo\u00e7\u00e3o<\/a> de 520 fam\u00edlias moradoras do <a href=\"http:\/\/bit.ly\/11b2TzL\" target=\"_blank\" rel=\"noopener\">Horto<\/a>, moradores est\u00e3o ativamente lutando pela perman\u00eancia de sua comunidade. A p\u00e1gina do Facebook <a href=\"http:\/\/on.fb.me\/1qqxLXL\" target=\"_blank\" rel=\"noopener\">SOS Moradores do Horto<\/a>, com quase 4,000 membros, ativamente informa os acontecimentos para seus seguidores, contando a hist\u00f3ria da comunidade e noticiando o apelo dos residentes ao governo federal. Os moradores do Horto vem obtendo sucesso na divulga\u00e7\u00e3o de sua causa atrav\u00e9s das m\u00eddias sociais, aumentando o apelo popular a seu favor e unindo diferentes gera\u00e7\u00f5es da comunidade na mesma luta. Muitos dos jovens moradores, que hoje divulgam a situa\u00e7\u00e3o atual do Horto para o mundo, cresceram ouvindo hist\u00f3rias sobre as origens da comunidade.<\/p>\n<p><a href=\"http:\/\/www.rioonwatch.org\/wp-content\/uploads\/2014\/06\/recados.jpg\"><img fetchpriority=\"high\" decoding=\"async\" class=\"alignright\" title=\"&quot;N\u00e3o saio daqui porque...&quot;\" src=\"http:\/\/www.rioonwatch.org\/wp-content\/uploads\/2014\/06\/recados.jpg\" alt=\"\" width=\"300\" height=\"200\" \/><\/a>O Horto \u00e9 localizado atr\u00e1s do Jardim Bot\u00e2nico e o seu surgimento se deu justamente pela cria\u00e7\u00e3o do parque, fundado em 1808 pelo Rei Jo\u00e3o VI de Portugal. Foi concedida aos funcion\u00e1rios do jardim a permiss\u00e3o de construir moradia nas proximidades do parque. No mesmo arredor \u00e9 poss\u00edvel encontrar diferentes servi\u00e7os, como por exemplo a SERPRO (Servi\u00e7o Federal de Processamento de Dados), a companhia el\u00e9trica da <a href=\"http:\/\/bit.ly\/1lqbsRD\" target=\"_blank\" rel=\"noopener\">Light<\/a>, uma escola municipal e um tribunal regional.<\/p>\n<p>A \u00e1rea ao redor do Jardim Bot\u00e2nico nunca foi regularizada, por\u00e9m sempre coexistiram os moradores do Horto, as institui\u00e7\u00f5es presentes e o luxuoso bairro vizinho. Essa coexist\u00eancia sempre foi saud\u00e1vel at\u00e9 a d\u00e9cada de 1980, quando a\u00e7\u00f5es de reintegra\u00e7\u00e3o de posse foram propostas, visando retirar um ter\u00e7o das fam\u00edlias ali presente. Interessados neste peda\u00e7o de terra tomaram a\u00e7\u00f5es legais contra a comunidade do Horto. Pelos moradores terem direitos perante a lei, a regulariza\u00e7\u00e3o se tornou uma obriga\u00e7\u00e3o do estado. O governo federal come\u00e7ou, ent\u00e3o, a regularizar o Horto (comunidade com 620 fam\u00edlias no qual 339 possuem um chefe de fam\u00edlia de terceira idade) junto com a comunidade e a UFRJ, mapeando e desenvolvendo um programa de regulariza\u00e7\u00e3o para a comunidade. Por\u00e9m, desde o decreto de 7 de maio de 2013, moradores mais antigos vem trabalhando junto com os mais jovens com o intuito de reacender a luta pelo seu direito de ali ficar.<\/p>\n<h3>O que a comunidade do Horto significa para os moradores?<\/h3>\n<p>Com as amea\u00e7as de despejo, muitos residentes do Horto tem refletido o que sua comunidade representa para eles. Ismael, um morador de 76 anos, declara, \u201cPara mim \u00e9 tudo porque eu nasci aqui. Eu estou envelhecendo aqui&#8221;. Ismael reflete sobre suas primeiras impress\u00f5es do Horto dizendo, &#8220;quando eu era crian\u00e7a isso aqui era o para\u00edso&#8221;. Como tamb\u00e9m foi o caso com muitos outros moradores antigos que possuem la\u00e7os com o Horto e o Jardim Bot\u00e2nico, a not\u00edcia dos despejos veio como um choque. Quando perguntamos sobre o significado da comunidade do Horto para outra moradora de longa data, Ivone, ela respondeu, &#8220;\u00c9 a minha vida. Nasci nessa casa h\u00e1 oitenta anos&#8211;dentro dessa casa&#8221;. Muitos moradores reiteram e engrossam o discurso que o Horto \u00e9 a base de tudo que eles conhecem e amam.<\/p>\n<p><a href=\"http:\/\/www.rioonwatch.org\/wp-content\/uploads\/2014\/06\/Emilia.jpg\"><img decoding=\"async\" class=\"alignright\" title=\"Em\u00edlia em frente da sua casa\" src=\"http:\/\/www.rioonwatch.org\/wp-content\/uploads\/2014\/06\/Emilia.jpg\" alt=\"\" width=\"300\" height=\"200\" \/><\/a>Outras duas moradoras de longa data, Regina e Em\u00edlia, falam com orgulho de sua comunidade e seu significado para elas. Regina ilustra o que o Horto significa para suas ra\u00edzes e sua vida: \u201cA comunidade significa para mim uma vida, porque aqui nasci, cresci, casei e vivo h\u00e1 57 anos, tenho cinco filhos. Criei todos aqui, netos que criei aqui. Ent\u00e3o aqui \u00e9 um lugar que \u00e9 muito importante para mim. \u00c9 um lugar valioso que a gente pode criar os filhos \u00e0 vontade. Isso significa tudo para mim&#8221;. Em\u00edlia, da Associa\u00e7\u00e3o de Moradores e Amigos do Horto, morou ali sua vida inteira. Ao falar sobre sua rela\u00e7\u00e3o com a comunidade ela diz, &#8220;Minha historia de vida \u00e9 aqui, aqui tenho minha fam\u00edlia, criei minha filha, estou criando as netas, tenho amigos. Meu circulo, a maioria esta aqui no Horto, e o Horto faz parte, \u00e9 a minha vida na verdade\u201d.<\/p>\n<h3>Qual \u00e9 a mensagem para o governo federal?<\/h3>\n<p>Com a mesma paix\u00e3o que os moradores expressam seus sentimentos pela comunidade eles articulam suas mensagens para o governo federal. Muitos argumentam que seria melhor para a cidade se preocupar em dar moradia para os desabrigados do que remover cidad\u00e3os de suas casas j\u00e1 erguidas e dentro de sua comunidade j\u00e1 estabelecida. A mensagem de Ivone para o governo federal \u00e9 exatamente essa, &#8220;[O governo federal] deve olhar por quem precisa. N\u00e3o ocupar o que j\u00e1 est\u00e1 ocupado, e bem ocupado. Tem tanta gente precisando de abrigo, porque eles n\u00e3o trabalham por essas pessoas. Deixe n\u00f3s ficarmos aqui. Ficar como estamos&#8221;.<\/p>\n<p><a href=\"http:\/\/www.rioonwatch.org\/wp-content\/uploads\/2014\/06\/Nielsa.jpg\"><img loading=\"lazy\" decoding=\"async\" class=\"alignright\" title=\"Niela no seu jardim \" src=\"http:\/\/www.rioonwatch.org\/wp-content\/uploads\/2014\/06\/Nielsa.jpg\" alt=\"\" width=\"200\" height=\"300\" \/><\/a>Dois moradores se referem diretamente ao programa p\u00fablico <a href=\"http:\/\/bit.ly\/Y4U9oJ\" target=\"_blank\" rel=\"noopener\">Minha Casa, Minha Vida<\/a> como um mecanismo de reloca\u00e7\u00e3o involunt\u00e1ria ao inv\u00e9s de genuinamente conceder um teto para aqueles em real necessidade. Em\u00edlia aclama para que o governo d\u00ea um basta nessa &#8220;pr\u00e1tica de remo\u00e7\u00f5es. O governo tem um dos melhores programas que j\u00e1 foi apresentado para a popula\u00e7\u00e3o, que \u00e9 o Minha Casa, Minha Vida. Foi criado para oferecer moradia para aqueles que n\u00e3o possuem. Agora est\u00e1 sendo usado como um instrumento para remo\u00e7\u00e3o de comunidades&#8221;.<\/p>\n<p>Na mesma linha, outra antiga moradora do Horto, Neuza, argumenta que &#8220;tem muita gente precisando de casa. N\u00f3s temos a nossa e amamos, a casa e a sua localiza\u00e7\u00e3o. A minha mensagem \u00e9 que em vez de Minha Casa Minha Vida, a nossa casa \u00e9 aqui e nossa vida tamb\u00e9m. Essa \u00e9 minha mensagem\u201d.<\/p>\n<p>Al\u00e9m de identificar problemas com as pol\u00edticas de moradia adotadas pelo governo federal, ao expressar suas vontades para o governo, os moradores refor\u00e7am seu amor pela sua comunidade e seu direito de ficar. Regina argumenta, &#8220;n\u00f3s somos pessoas dignas(&#8230;)somos pessoas que trabalham, temos nossos direitos. \u00c9 isso que penso e espero que essa situa\u00e7\u00e3o se resolva de modo que n\u00e3o nos prejudique&#8221;. Os moradores do Horto que desenvolveram ra\u00edzes marcantes com a comunidade aclamam as autoridades p\u00fablicas para que considerem a dignidade humana e o significado do Horto antes que qualquer decis\u00e3o seja tomada.<\/p>\n<h3>Carta para a Presidente Dilma Rouseff<\/h3>\n<p>Em uma nova carta redigida pela coordenadora da associa\u00e7\u00e3o de moradores, Em\u00edlia Horto de Souza, para a Presidente Dilma Rouseff, a comunidade argumenta suas obje\u00e7\u00f5es contra as remo\u00e7\u00f5es. Em nome da comunidade, o Horto entrou com um pedido formal para o governo federal requerendo o direito a uma concess\u00e3o especial para moradia, sobre a lei MP 2220\/2001. Em\u00edlia escreveu, &#8220;Como a Uni\u00e3o ir\u00e1 reconhecer este direito [a moradia] que \u00e9 subjetivo das fam\u00edlias e justificar a remo\u00e7\u00e3o em massa dessas fam\u00edlias? N\u00e3o conseguimos ainda entender essa quest\u00e3o, pois o direito \u00e0 moradia deve ser reconhecido no pr\u00f3prio local. N\u00e3o existe conflito entre meio ambiente e moradia, pois a \u00e1rea das moradias corresponde a &#8216;peda\u00e7o de Cidade&#8217;. A agress\u00e3o ao meio ambiente local ser\u00e1 patente caso haja destrui\u00e7\u00e3o das casas, se considerarmos a quantidade de entulho que ser\u00e1 gerada pois h\u00e1 infraestrutura pesada no local (sistema de energia, \u00e1gua, esgoto, vias) que a\u00ed sim provocar\u00e1 enorme impacto ambiental.&#8221; Emilia argumenta tamb\u00e9m que &#8220;a justificativa apresentada pelo governo federal para as remo\u00e7\u00f5es, impactos ambientais e melhor uso do espa\u00e7o urbano, \u00e9 falho, j\u00e1 que outros grupos que usam a mesma \u00e1rea geram mais impactos&#8221;. Ela termina a carta afirmando que &#8220;n\u00f3s moradores da comunidade do Horto fazemos parte deste ambiente, portanto n\u00e3o podemos ser radicalmente exclu\u00eddos deste meio&#8221;.<\/p>\n<!-- AddThis Advanced Settings generic via filter on the_content --><!-- AddThis Share Buttons generic via filter on the_content -->","protected":false},"excerpt":{"rendered":"<div class=\"mh-excerpt\"><p>Click Here for English Desde a decis\u00e3o da Ministra do Meio Ambiente, Izabella Teixeira, em maio do ano passado, redefinindo os limites do Jardim Bot\u00e2nico do Rio de Janeiro, o que implicaria na remo\u00e7\u00e3o de <a class=\"mh-excerpt-more\" href=\"https:\/\/rioonwatch.org.br\/?p=11652\" title=\"Orgulho Comunit\u00e1rio e a Cont\u00ednua Resist\u00eancia Contra as Remo\u00e7\u00f5es no Horto\">[&#8230;]<\/a><!-- AddThis Advanced Settings generic via filter on get_the_excerpt --><!-- AddThis Share Buttons generic via filter on get_the_excerpt --><\/p>\n<\/div>","protected":false},"author":132,"featured_media":11653,"comment_status":"closed","ping_status":"closed","sticky":false,"template":"","format":"standard","meta":{"_acf_changed":false,"_monsterinsights_skip_tracking":false,"_monsterinsights_sitenote_active":false,"_monsterinsights_sitenote_note":"","_monsterinsights_sitenote_category":0,"footnotes":""},"categories":[1614,346,344],"tags":[1163,396,1162,733,734,758,14,432,383],"writer":[1656],"translator":[1161],"source":[],"ilustrador":[],"fotografo":[],"class_list":{"0":"post-11652","1":"post","2":"type-post","3":"status-publish","4":"format-standard","5":"has-post-thumbnail","7":"category-olhonasremocoes","8":"category-denuncias","9":"category-politicas","10":"tag-presidente-dilma-rousseff","11":"tag-especulacao-imobiliaria","12":"tag-governo-federal","13":"tag-horto","14":"tag-jardim-botanico","15":"tag-orgulho-comunitario","16":"tag-remocao","17":"tag-resistencia","18":"tag-zona-sul","19":"writer-tessa-pulaski","20":"translator-pedro-miranda"},"acf":[],"yoast_head":"<!-- This site is optimized with the Yoast SEO plugin v25.6 - https:\/\/yoast.com\/wordpress\/plugins\/seo\/ -->\n<title>Orgulho Comunit\u00e1rio e a Cont\u00ednua Resist\u00eancia Contra as Remo\u00e7\u00f5es no Horto - RioOnWatch<\/title>\n<meta name=\"robots\" content=\"index, follow, max-snippet:-1, max-image-preview:large, max-video-preview:-1\" \/>\n<link rel=\"canonical\" href=\"https:\/\/rioonwatch.org.br\/?p=11652\" \/>\n<meta property=\"og:locale\" content=\"pt_BR\" \/>\n<meta property=\"og:type\" content=\"article\" \/>\n<meta property=\"og:title\" content=\"Orgulho Comunit\u00e1rio e a Cont\u00ednua Resist\u00eancia Contra as Remo\u00e7\u00f5es no Horto - RioOnWatch\" \/>\n<meta property=\"og:description\" content=\"Click Here for English Desde a decis\u00e3o da Ministra do Meio Ambiente, Izabella Teixeira, em maio do ano passado, redefinindo os limites do Jardim Bot\u00e2nico do Rio de Janeiro, o que implicaria na remo\u00e7\u00e3o de [...]\" \/>\n<meta property=\"og:url\" content=\"https:\/\/rioonwatch.org.br\/?p=11652\" \/>\n<meta property=\"og:site_name\" content=\"RioOnWatch\" \/>\n<meta property=\"article:published_time\" content=\"2014-06-24T12:00:13+00:00\" \/>\n<meta property=\"article:modified_time\" content=\"2017-11-09T02:22:34+00:00\" \/>\n<meta property=\"og:image\" content=\"https:\/\/rioonwatch.org.br\/wp-content\/uploads\/2014\/06\/horto-poster.jpeg\" \/>\n\t<meta property=\"og:image:width\" content=\"999\" \/>\n\t<meta property=\"og:image:height\" content=\"484\" \/>\n\t<meta property=\"og:image:type\" content=\"image\/jpeg\" \/>\n<meta name=\"author\" content=\"Felicity\" \/>\n<meta name=\"twitter:card\" content=\"summary_large_image\" \/>\n<meta name=\"twitter:label1\" content=\"Escrito por\" \/>\n\t<meta name=\"twitter:data1\" content=\"Felicity\" \/>\n\t<meta name=\"twitter:label2\" content=\"Est. tempo de leitura\" \/>\n\t<meta name=\"twitter:data2\" content=\"7 minutos\" \/>\n<script type=\"application\/ld+json\" class=\"yoast-schema-graph\">{\"@context\":\"https:\/\/schema.org\",\"@graph\":[{\"@type\":\"Article\",\"@id\":\"https:\/\/rioonwatch.org.br\/?p=11652#article\",\"isPartOf\":{\"@id\":\"https:\/\/rioonwatch.org.br\/?p=11652\"},\"author\":{\"name\":\"Felicity\",\"@id\":\"https:\/\/rioonwatch.org.br\/#\/schema\/person\/4d05cf5053c358ab740b3edd75a173f2\"},\"headline\":\"Orgulho Comunit\u00e1rio e a Cont\u00ednua Resist\u00eancia Contra as Remo\u00e7\u00f5es no Horto\",\"datePublished\":\"2014-06-24T12:00:13+00:00\",\"dateModified\":\"2017-11-09T02:22:34+00:00\",\"mainEntityOfPage\":{\"@id\":\"https:\/\/rioonwatch.org.br\/?p=11652\"},\"wordCount\":1315,\"publisher\":{\"@id\":\"https:\/\/rioonwatch.org.br\/#organization\"},\"image\":{\"@id\":\"https:\/\/rioonwatch.org.br\/?p=11652#primaryimage\"},\"thumbnailUrl\":\"https:\/\/rioonwatch.org.br\/wp-content\/uploads\/2014\/06\/horto-poster.jpeg\",\"keywords\":[\"Dilma Rousseff\",\"especula\u00e7\u00e3o imobili\u00e1ria\",\"Governo Federal\",\"Horto\",\"Jardim Bot\u00e2nico\",\"orgulho comunit\u00e1rio\",\"Remo\u00e7\u00e3o\",\"resist\u00eancia\",\"Zona Sul\"],\"articleSection\":[\"#OlhoNasRemo\u00e7\u00f5es\",\"Den\u00fancias\",\"Pol\u00edticas\"],\"inLanguage\":\"pt-BR\"},{\"@type\":\"WebPage\",\"@id\":\"https:\/\/rioonwatch.org.br\/?p=11652\",\"url\":\"https:\/\/rioonwatch.org.br\/?p=11652\",\"name\":\"Orgulho Comunit\u00e1rio e a Cont\u00ednua Resist\u00eancia Contra as Remo\u00e7\u00f5es no Horto - RioOnWatch\",\"isPartOf\":{\"@id\":\"https:\/\/rioonwatch.org.br\/#website\"},\"primaryImageOfPage\":{\"@id\":\"https:\/\/rioonwatch.org.br\/?p=11652#primaryimage\"},\"image\":{\"@id\":\"https:\/\/rioonwatch.org.br\/?p=11652#primaryimage\"},\"thumbnailUrl\":\"https:\/\/rioonwatch.org.br\/wp-content\/uploads\/2014\/06\/horto-poster.jpeg\",\"datePublished\":\"2014-06-24T12:00:13+00:00\",\"dateModified\":\"2017-11-09T02:22:34+00:00\",\"breadcrumb\":{\"@id\":\"https:\/\/rioonwatch.org.br\/?p=11652#breadcrumb\"},\"inLanguage\":\"pt-BR\",\"potentialAction\":[{\"@type\":\"ReadAction\",\"target\":[\"https:\/\/rioonwatch.org.br\/?p=11652\"]}]},{\"@type\":\"ImageObject\",\"inLanguage\":\"pt-BR\",\"@id\":\"https:\/\/rioonwatch.org.br\/?p=11652#primaryimage\",\"url\":\"https:\/\/rioonwatch.org.br\/wp-content\/uploads\/2014\/06\/horto-poster.jpeg\",\"contentUrl\":\"https:\/\/rioonwatch.org.br\/wp-content\/uploads\/2014\/06\/horto-poster.jpeg\",\"width\":999,\"height\":484},{\"@type\":\"BreadcrumbList\",\"@id\":\"https:\/\/rioonwatch.org.br\/?p=11652#breadcrumb\",\"itemListElement\":[{\"@type\":\"ListItem\",\"position\":1,\"name\":\"In\u00edcio\",\"item\":\"https:\/\/rioonwatch.org.br\/\"},{\"@type\":\"ListItem\",\"position\":2,\"name\":\"Orgulho Comunit\u00e1rio e a Cont\u00ednua Resist\u00eancia Contra as Remo\u00e7\u00f5es no Horto\"}]},{\"@type\":\"WebSite\",\"@id\":\"https:\/\/rioonwatch.org.br\/#website\",\"url\":\"https:\/\/rioonwatch.org.br\/\",\"name\":\"RioOnWatch\",\"description\":\"relatos das favelas cariocas\",\"publisher\":{\"@id\":\"https:\/\/rioonwatch.org.br\/#organization\"},\"potentialAction\":[{\"@type\":\"SearchAction\",\"target\":{\"@type\":\"EntryPoint\",\"urlTemplate\":\"https:\/\/rioonwatch.org.br\/?s={search_term_string}\"},\"query-input\":{\"@type\":\"PropertyValueSpecification\",\"valueRequired\":true,\"valueName\":\"search_term_string\"}}],\"inLanguage\":\"pt-BR\"},{\"@type\":\"Organization\",\"@id\":\"https:\/\/rioonwatch.org.br\/#organization\",\"name\":\"RioOnWatch\",\"url\":\"https:\/\/rioonwatch.org.br\/\",\"logo\":{\"@type\":\"ImageObject\",\"inLanguage\":\"pt-BR\",\"@id\":\"https:\/\/rioonwatch.org.br\/#\/schema\/logo\/image\/\",\"url\":\"https:\/\/rioonwatch.org.br\/wp-content\/uploads\/2021\/06\/RioOnWatchcabecalhoPT11anos-2.png\",\"contentUrl\":\"https:\/\/rioonwatch.org.br\/wp-content\/uploads\/2021\/06\/RioOnWatchcabecalhoPT11anos-2.png\",\"width\":779,\"height\":277,\"caption\":\"RioOnWatch\"},\"image\":{\"@id\":\"https:\/\/rioonwatch.org.br\/#\/schema\/logo\/image\/\"}},{\"@type\":\"Person\",\"@id\":\"https:\/\/rioonwatch.org.br\/#\/schema\/person\/4d05cf5053c358ab740b3edd75a173f2\",\"name\":\"Felicity\",\"image\":{\"@type\":\"ImageObject\",\"inLanguage\":\"pt-BR\",\"@id\":\"https:\/\/rioonwatch.org.br\/#\/schema\/person\/image\/\",\"url\":\"https:\/\/secure.gravatar.com\/avatar\/bfc904486dc0bba6015410a00fe3fc27?s=96&d=blank&r=g\",\"contentUrl\":\"https:\/\/secure.gravatar.com\/avatar\/bfc904486dc0bba6015410a00fe3fc27?s=96&d=blank&r=g\",\"caption\":\"Felicity\"},\"url\":\"https:\/\/rioonwatch.org.br\/?author=132\"}]}<\/script>\n<!-- \/ Yoast SEO plugin. -->","yoast_head_json":{"title":"Orgulho Comunit\u00e1rio e a Cont\u00ednua Resist\u00eancia Contra as Remo\u00e7\u00f5es no Horto - RioOnWatch","robots":{"index":"index","follow":"follow","max-snippet":"max-snippet:-1","max-image-preview":"max-image-preview:large","max-video-preview":"max-video-preview:-1"},"canonical":"https:\/\/rioonwatch.org.br\/?p=11652","og_locale":"pt_BR","og_type":"article","og_title":"Orgulho Comunit\u00e1rio e a Cont\u00ednua Resist\u00eancia Contra as Remo\u00e7\u00f5es no Horto - RioOnWatch","og_description":"Click Here for English Desde a decis\u00e3o da Ministra do Meio Ambiente, Izabella Teixeira, em maio do ano passado, redefinindo os limites do Jardim Bot\u00e2nico do Rio de Janeiro, o que implicaria na remo\u00e7\u00e3o de [...]","og_url":"https:\/\/rioonwatch.org.br\/?p=11652","og_site_name":"RioOnWatch","article_published_time":"2014-06-24T12:00:13+00:00","article_modified_time":"2017-11-09T02:22:34+00:00","og_image":[{"width":999,"height":484,"url":"https:\/\/rioonwatch.org.br\/wp-content\/uploads\/2014\/06\/horto-poster.jpeg","type":"image\/jpeg"}],"author":"Felicity","twitter_card":"summary_large_image","twitter_misc":{"Escrito por":"Felicity","Est. tempo de leitura":"7 minutos"},"schema":{"@context":"https:\/\/schema.org","@graph":[{"@type":"Article","@id":"https:\/\/rioonwatch.org.br\/?p=11652#article","isPartOf":{"@id":"https:\/\/rioonwatch.org.br\/?p=11652"},"author":{"name":"Felicity","@id":"https:\/\/rioonwatch.org.br\/#\/schema\/person\/4d05cf5053c358ab740b3edd75a173f2"},"headline":"Orgulho Comunit\u00e1rio e a Cont\u00ednua Resist\u00eancia Contra as Remo\u00e7\u00f5es no Horto","datePublished":"2014-06-24T12:00:13+00:00","dateModified":"2017-11-09T02:22:34+00:00","mainEntityOfPage":{"@id":"https:\/\/rioonwatch.org.br\/?p=11652"},"wordCount":1315,"publisher":{"@id":"https:\/\/rioonwatch.org.br\/#organization"},"image":{"@id":"https:\/\/rioonwatch.org.br\/?p=11652#primaryimage"},"thumbnailUrl":"https:\/\/rioonwatch.org.br\/wp-content\/uploads\/2014\/06\/horto-poster.jpeg","keywords":["Dilma Rousseff","especula\u00e7\u00e3o imobili\u00e1ria","Governo Federal","Horto","Jardim Bot\u00e2nico","orgulho comunit\u00e1rio","Remo\u00e7\u00e3o","resist\u00eancia","Zona Sul"],"articleSection":["#OlhoNasRemo\u00e7\u00f5es","Den\u00fancias","Pol\u00edticas"],"inLanguage":"pt-BR"},{"@type":"WebPage","@id":"https:\/\/rioonwatch.org.br\/?p=11652","url":"https:\/\/rioonwatch.org.br\/?p=11652","name":"Orgulho Comunit\u00e1rio e a Cont\u00ednua Resist\u00eancia Contra as Remo\u00e7\u00f5es no Horto - RioOnWatch","isPartOf":{"@id":"https:\/\/rioonwatch.org.br\/#website"},"primaryImageOfPage":{"@id":"https:\/\/rioonwatch.org.br\/?p=11652#primaryimage"},"image":{"@id":"https:\/\/rioonwatch.org.br\/?p=11652#primaryimage"},"thumbnailUrl":"https:\/\/rioonwatch.org.br\/wp-content\/uploads\/2014\/06\/horto-poster.jpeg","datePublished":"2014-06-24T12:00:13+00:00","dateModified":"2017-11-09T02:22:34+00:00","breadcrumb":{"@id":"https:\/\/rioonwatch.org.br\/?p=11652#breadcrumb"},"inLanguage":"pt-BR","potentialAction":[{"@type":"ReadAction","target":["https:\/\/rioonwatch.org.br\/?p=11652"]}]},{"@type":"ImageObject","inLanguage":"pt-BR","@id":"https:\/\/rioonwatch.org.br\/?p=11652#primaryimage","url":"https:\/\/rioonwatch.org.br\/wp-content\/uploads\/2014\/06\/horto-poster.jpeg","contentUrl":"https:\/\/rioonwatch.org.br\/wp-content\/uploads\/2014\/06\/horto-poster.jpeg","width":999,"height":484},{"@type":"BreadcrumbList","@id":"https:\/\/rioonwatch.org.br\/?p=11652#breadcrumb","itemListElement":[{"@type":"ListItem","position":1,"name":"In\u00edcio","item":"https:\/\/rioonwatch.org.br\/"},{"@type":"ListItem","position":2,"name":"Orgulho Comunit\u00e1rio e a Cont\u00ednua Resist\u00eancia Contra as Remo\u00e7\u00f5es no Horto"}]},{"@type":"WebSite","@id":"https:\/\/rioonwatch.org.br\/#website","url":"https:\/\/rioonwatch.org.br\/","name":"RioOnWatch","description":"relatos das favelas cariocas","publisher":{"@id":"https:\/\/rioonwatch.org.br\/#organization"},"potentialAction":[{"@type":"SearchAction","target":{"@type":"EntryPoint","urlTemplate":"https:\/\/rioonwatch.org.br\/?s={search_term_string}"},"query-input":{"@type":"PropertyValueSpecification","valueRequired":true,"valueName":"search_term_string"}}],"inLanguage":"pt-BR"},{"@type":"Organization","@id":"https:\/\/rioonwatch.org.br\/#organization","name":"RioOnWatch","url":"https:\/\/rioonwatch.org.br\/","logo":{"@type":"ImageObject","inLanguage":"pt-BR","@id":"https:\/\/rioonwatch.org.br\/#\/schema\/logo\/image\/","url":"https:\/\/rioonwatch.org.br\/wp-content\/uploads\/2021\/06\/RioOnWatchcabecalhoPT11anos-2.png","contentUrl":"https:\/\/rioonwatch.org.br\/wp-content\/uploads\/2021\/06\/RioOnWatchcabecalhoPT11anos-2.png","width":779,"height":277,"caption":"RioOnWatch"},"image":{"@id":"https:\/\/rioonwatch.org.br\/#\/schema\/logo\/image\/"}},{"@type":"Person","@id":"https:\/\/rioonwatch.org.br\/#\/schema\/person\/4d05cf5053c358ab740b3edd75a173f2","name":"Felicity","image":{"@type":"ImageObject","inLanguage":"pt-BR","@id":"https:\/\/rioonwatch.org.br\/#\/schema\/person\/image\/","url":"https:\/\/secure.gravatar.com\/avatar\/bfc904486dc0bba6015410a00fe3fc27?s=96&d=blank&r=g","contentUrl":"https:\/\/secure.gravatar.com\/avatar\/bfc904486dc0bba6015410a00fe3fc27?s=96&d=blank&r=g","caption":"Felicity"},"url":"https:\/\/rioonwatch.org.br\/?author=132"}]}},"_links":{"self":[{"href":"https:\/\/rioonwatch.org.br\/index.php?rest_route=\/wp\/v2\/posts\/11652"}],"collection":[{"href":"https:\/\/rioonwatch.org.br\/index.php?rest_route=\/wp\/v2\/posts"}],"about":[{"href":"https:\/\/rioonwatch.org.br\/index.php?rest_route=\/wp\/v2\/types\/post"}],"author":[{"embeddable":true,"href":"https:\/\/rioonwatch.org.br\/index.php?rest_route=\/wp\/v2\/users\/132"}],"replies":[{"embeddable":true,"href":"https:\/\/rioonwatch.org.br\/index.php?rest_route=%2Fwp%2Fv2%2Fcomments&post=11652"}],"version-history":[{"count":10,"href":"https:\/\/rioonwatch.org.br\/index.php?rest_route=\/wp\/v2\/posts\/11652\/revisions"}],"predecessor-version":[{"id":29462,"href":"https:\/\/rioonwatch.org.br\/index.php?rest_route=\/wp\/v2\/posts\/11652\/revisions\/29462"}],"wp:featuredmedia":[{"embeddable":true,"href":"https:\/\/rioonwatch.org.br\/index.php?rest_route=\/wp\/v2\/media\/11653"}],"wp:attachment":[{"href":"https:\/\/rioonwatch.org.br\/index.php?rest_route=%2Fwp%2Fv2%2Fmedia&parent=11652"}],"wp:term":[{"taxonomy":"category","embeddable":true,"href":"https:\/\/rioonwatch.org.br\/index.php?rest_route=%2Fwp%2Fv2%2Fcategories&post=11652"},{"taxonomy":"post_tag","embeddable":true,"href":"https:\/\/rioonwatch.org.br\/index.php?rest_route=%2Fwp%2Fv2%2Ftags&post=11652"},{"taxonomy":"writer","embeddable":true,"href":"https:\/\/rioonwatch.org.br\/index.php?rest_route=%2Fwp%2Fv2%2Fwriter&post=11652"},{"taxonomy":"translator","embeddable":true,"href":"https:\/\/rioonwatch.org.br\/index.php?rest_route=%2Fwp%2Fv2%2Ftranslator&post=11652"},{"taxonomy":"source","embeddable":true,"href":"https:\/\/rioonwatch.org.br\/index.php?rest_route=%2Fwp%2Fv2%2Fsource&post=11652"},{"taxonomy":"ilustrador","embeddable":true,"href":"https:\/\/rioonwatch.org.br\/index.php?rest_route=%2Fwp%2Fv2%2Filustrador&post=11652"},{"taxonomy":"fotografo","embeddable":true,"href":"https:\/\/rioonwatch.org.br\/index.php?rest_route=%2Fwp%2Fv2%2Ffotografo&post=11652"}],"curies":[{"name":"wp","href":"https:\/\/api.w.org\/{rel}","templated":true}]}}