{"id":11663,"date":"2014-06-27T16:37:32","date_gmt":"2014-06-27T19:37:32","guid":{"rendered":"http:\/\/rioonwatch.org.br\/?p=11663"},"modified":"2024-06-20T16:26:10","modified_gmt":"2024-06-20T19:26:10","slug":"a-copa-do-mundo-do-jornalismo-preguicoso","status":"publish","type":"post","link":"https:\/\/rioonwatch.org.br\/?p=11663","title":{"rendered":"A Copa do Mundo do Jornalismo Pregui\u00e7oso"},"content":{"rendered":"<p style=\"text-align: right;\"><em><strong><a href=\"http:\/\/bit.ly\/LazyJour\" target=\"_blank\" rel=\"noopener\">Click Here for English<img decoding=\"async\" width=\"20\" height=\"20\" class=\"alignright wp-image-15790\" src=\"http:\/\/rioonwatch.org.br\/wp-content\/uploads\/2012\/08\/EN-standard-e1439583104716.jpg\" alt=\"\" \/><\/a><\/strong><\/em><\/p>\n<p>Enquanto eu terminava uma mat\u00e9ria para o meu atual empregador, uma ag\u00eancia de not\u00edcias estrangeira me mandou um e-mail perguntando se ve\u00edculos tinham sido incendiados por causa da greve dos \u00f4nibus do dia anterior. Eles tinham visto imagens da \u00faltima vez que cariocas expressaram seus sentimentos e procuravam por algo similar. Em resumo, o &#8220;Brasileiro Furioso e Violento&#8221;. Eles n\u00e3o mencionaram os trabalhadores de classe m\u00e9dia que n\u00e3o t\u00eam condi\u00e7\u00f5es de suprir suas necessidades b\u00e1sicas e focaram em grandes coisas pegando fogo porque, naturalmente, \u201cisso \u00e9 o que faz boa TV\u201d.<\/p>\n<p>Embora eu n\u00e3o conseguisse ver nada em chamas a partir do meu hotel em Copacabana, procurei entre algumas fontes locais se havia alguma coisa com rodas sendo incendiada e descobri que nessa noite os manifestantes cariocas estavam guardando sua raiva para si mesmos.<\/p>\n<p><img fetchpriority=\"high\" decoding=\"async\" class=\"alignright\" title=\"Decora\u00e7\u00e3o da Copa\" src=\"http:\/\/www.rioonwatch.org\/wp-content\/uploads\/2014\/06\/IMG_0118.jpeg\" alt=\"\" width=\"300\" height=\"180\" \/>Quando respondi \u00e0 ag\u00eancia estrangeira (diremos americana) que nada de grande import\u00e2ncia tinha sido incendiado, mas que eu provavelmente poderia conseguir um relato pessoal de um dos motoristas de \u00f4nibus, os e-mails pararam. Sem massacre n\u00e3o h\u00e1 hist\u00f3ria.<\/p>\n<p>Sendo uma pessoa que s\u00f3 recebe sal\u00e1rio quando algu\u00e9m compra as hist\u00f3rias que estou vendendo, pensei em escrever de volta e tentar algo com palavras chamativas como \u201cviol\u00eancia nas favelas\u201d ou \u201cpoliciais assassinados\/assassinos&#8230;\u201d ou simplesmente \u201cFAVELA!!!\u201d, mas acabei achando melhor terminar o trabalho para o qual estava sendo pago para fazer na hora.<\/p>\n<p>Ao falar com jornalistas internacionais pelo Brasil todo nestas \u00faltimas semanas de preparativos para a <a href=\"http:\/\/bit.ly\/WfaiMR\" target=\"_blank\" rel=\"noopener\">Copa do Mundo<\/a> o que todos eles dizem \u00e9 que as \u00fanicas hist\u00f3rias que interessam editores pelo mundo inteiro s\u00e3o da categoria &#8220;Brasileiro Furioso e Violento Que Pode Bagun\u00e7ar A Copa&#8221; ou do tipo \u201cporn\u00f4 da pobreza&#8221;. Os cinegrafistas que se encontram aqui confirmam isso\u2013 todo mundo quer imagens de pobres nas favelas e\/ou jovens indignados usando m\u00e1scaras e len\u00e7os na cabe\u00e7a. Eles est\u00e3o filmando a mesma hist\u00f3ria repetidamente s\u00f3 que em idiomas diferentes.<\/p>\n<p>Todo o jornalista fala com remorso e desamparado. H\u00e1 hist\u00f3rias aqui com mais conte\u00fado que merecem ser contadas, mas n\u00e3o \u00e9 isso o que est\u00e1 vendendo.<\/p>\n<p><img decoding=\"async\" class=\"alignright\" title=\"Filmagem na favela\" src=\"http:\/\/www.rioonwatch.org\/wp-content\/uploads\/2014\/06\/IMG_0311.jpeg\" alt=\"\" width=\"300\" height=\"200\" \/>N\u00e3o sou imune \u00e0 essa formula. Entrevistei v\u00e1rios manifestantes, grevistas e pessoas que simplesmente estavam chateadas com o governo brasileiro. Como estou aqui para cobrir hist\u00f3rias relacionadas \u00e0 Copa, fiz com que modelassem sua experi\u00eancia ao contexto da Copa, mesmo quando o que eles queriam realmente falar era sobre o fato de n\u00e3o saberem como v\u00e3o alimentar o filho no dia seguinte.<\/p>\n<p>Um jornalista disse que o motivo das coisas estarem assim \u00e9 que not\u00edcias de televis\u00e3o t\u00eam de competir com <em>reality TV<\/em>. Se a maioria do pa\u00eds tiver que escolher entre um perfil profundo de uma fam\u00edlia em outro pa\u00eds que tenta equilibrar o or\u00e7amento, ou falsos famosos tirando f\u00e9rias de luxo, aparentemente sempre escolher\u00e3o o \u00faltimo.<\/p>\n<p>Mas isso n\u00e3o \u00e9 do meu gosto e n\u00e3o parece ser do gosto dos jornalistas com quem falei. Contudo n\u00f3s n\u00e3o somos a audi\u00eancia. Ag\u00eancias de not\u00edcias e redes de televis\u00e3o parecem s\u00f3 estar preocupados se homens entre 25 e 49 v\u00e3o largar o iPhone por alguns minutos e assistir o programa, e eles acreditam que a \u00fanica maneira disso acontecer \u00e9 se alguma coisa importante estiver em chamas ou, mais imporante ainda, se algo pudesse possivelmente estar em chamas.<\/p>\n<p>Ser\u00e1 que a m\u00eddia treinou o p\u00fablico ou \u00e9 realmente isso que o p\u00fablico quer? Se todos os canais de not\u00edcias decidissem parar de focar em nos assustar e virassem sua aten\u00e7\u00e3o para um equilibrado e moderado relato de fatos, ser\u00e1 que as donas de casa de Iowa se revoltariam?<\/p>\n<p><img loading=\"lazy\" decoding=\"async\" class=\"alignright\" title=\"Moradora e sua jardim na favela Asa Branca\" src=\"http:\/\/www.rioonwatch.org\/wp-content\/uploads\/2014\/06\/IMG_0121.jpeg\" alt=\"\" width=\"300\" height=\"175\" \/>A verdade \u00e9 que, embora coisas terr\u00edveis estejam acontecendo em algumas das centenas de favelas do Rio e embora tenham acontecido manifesta\u00e7\u00f5es necess\u00e1rias e haja ainda amea\u00e7as de acontecerem mais, h\u00e1 muitas mais hist\u00f3rias que podem e devem ser contadas. Por exemplo, a favela\u00a0<a href=\"http:\/\/bit.ly\/UKOXUX\" target=\"_blank\" rel=\"noopener\">Asa Branca<\/a> \u00e9 o lugar mais feliz que visitei aqui no Rio, mas suas tr\u00eas d\u00e9cadas de progresso arquitet\u00f4nico est\u00e1 sendo amea\u00e7ado por empreiteiras ricas. Os moradores rec\u00e9m-removidos do <a href=\"http:\/\/bit.ly\/1ibmnwc\" target=\"_blank\" rel=\"noopener\">antigo complexo Telerj<\/a> com quem falei, recusaram a oferta de receber o\u00a0<a href=\"http:\/\/bit.ly\/1bVmvbP\" target=\"_blank\" rel=\"noopener\">Bolsa Fam\u00edlia<\/a>, porque n\u00e3o queriam esmola e sim um teto sobre suas cabe\u00e7as. Na <a href=\"http:\/\/bit.ly\/10BvARw\" target=\"_blank\" rel=\"noopener\">Mar\u00e9<\/a>, o local da \u00faltima <a href=\"http:\/\/bit.ly\/1qwYRu4\" target=\"_blank\" rel=\"noopener\">ocupa\u00e7\u00e3o policial<\/a>, h\u00e1 um n\u00edvel de\u00a0<a href=\"http:\/\/bit.ly\/1hbVyYn\" target=\"_blank\" rel=\"noopener\">organiza\u00e7\u00e3o comunit\u00e1ria inspiradora<\/a> e debates cativantes sobre seguran\u00e7a p\u00fablica acontecendo.<\/p>\n<p><img loading=\"lazy\" decoding=\"async\" class=\"alignright\" title=\"Mis\u00e9ria ou arquitetura inovadora?\" src=\"http:\/\/www.rioonwatch.org\/wp-content\/uploads\/2014\/06\/IMG_0321.jpeg\" alt=\"\" width=\"300\" height=\"200\" \/>Ser\u00e1 que pessoas pelo mundo se preocupariam com essas hist\u00f3rias? Faz parte do nosso trabalho educar? Quando voc\u00ea olha para a foto que acompanha o artigo o que v\u00ea? Ser\u00e1 que as <a href=\"http:\/\/bit.ly\/1pp8zUz\" target=\"_blank\" rel=\"noopener\">palavras<\/a> \u201cmis\u00e9ria\u201d ou \u201cpobreza\u201d v\u00eam \u00e0 mente? Ou voc\u00ea v\u00ea hist\u00f3ria, cultura e o que s\u00f3 pode ser visto como uma not\u00e1vel realiza\u00e7\u00e3o arquitet\u00f4nica?<\/p>\n<p>Medo e sensacionalismo s\u00e3o f\u00e1ceis de produzir. Hist\u00f3rias com profundidade levam tempo. Levam tempo para fazer e levam tempo para assistir. Ag\u00eancias de not\u00edcias querem um \u00f4nibus em chamas por 15 segundos, algu\u00e9m gritando em f\u00faria em frente \u00e0 cam\u00eara por 10 segundos e uma cita\u00e7\u00e3o de 5 minutos para amedrontar os turistas da Copa do Mundo.<\/p>\n<p>Todos n\u00f3s, jornalistas, editores, e quem tem o controle remoto na m\u00e3o, devemos \u00e0s pessoas l\u00e1 fora e \u00e0 n\u00f3s mesmos fazer melhor do que isso.<\/p>\n<p><em>A Comunidades Catalisadoras est\u00e1 oferecendo <em><a href=\"http:\/\/bit.ly\/1cJ7m2R\" target=\"_blank\" rel=\"noopener\">apoio \u00e0 jornalistas<\/a>\u00a0durante a Copa, e<\/em>\u00a0tem compilado uma lista de contatos comunit\u00e1rios em forma de <a href=\"http:\/\/bit.ly\/WCfavelacontacts\" target=\"_blank\" rel=\"noopener\">planilha<\/a> e <a href=\"http:\/\/bit.ly\/1tYV3DJ\" target=\"_blank\" rel=\"noopener\">mapa<\/a>, com interesse em receber jornalistas para reportagens mais profundas. Para maiores informa\u00e7\u00f5es em ingl\u00eas clique\u00a0<a href=\"http:\/\/bit.ly\/1lcy2YB\" target=\"_blank\" rel=\"noopener\">aqui<\/a>\u00a0ou envie um email para <a href=\"mailto:jornalistasnacopa@comcat.org\" target=\"_blank\" rel=\"noopener\">jornalistasnacopa@comcat.org<\/a>.\u00a0<\/em><\/p>\n<!-- AddThis Advanced Settings generic via filter on the_content --><!-- AddThis Share Buttons generic via filter on the_content -->","protected":false},"excerpt":{"rendered":"<div class=\"mh-excerpt\"><p>Click Here for English Enquanto eu terminava uma mat\u00e9ria para o meu atual empregador, uma ag\u00eancia de not\u00edcias estrangeira me mandou um e-mail perguntando se ve\u00edculos tinham sido incendiados por causa da greve dos \u00f4nibus <a class=\"mh-excerpt-more\" href=\"https:\/\/rioonwatch.org.br\/?p=11663\" title=\"A Copa do Mundo do Jornalismo Pregui\u00e7oso\">[&#8230;]<\/a><!-- AddThis Advanced Settings generic via filter on get_the_excerpt --><!-- AddThis Share Buttons generic via filter on get_the_excerpt --><\/p>\n<\/div>","protected":false},"author":132,"featured_media":11664,"comment_status":"closed","ping_status":"closed","sticky":false,"template":"","format":"standard","meta":{"_acf_changed":false,"_monsterinsights_skip_tracking":false,"_monsterinsights_sitenote_active":false,"_monsterinsights_sitenote_note":"","_monsterinsights_sitenote_category":0,"footnotes":""},"categories":[1635,1616],"tags":[386,1676,1102,321,332,389,1167,1166,1240,1151,1145,358,1180],"writer":[1165],"translator":[697],"source":[],"ilustrador":[],"fotografo":[],"class_list":{"0":"post-11663","1":"post","2":"type-post","3":"status-publish","4":"format-standard","5":"has-post-thumbnail","7":"category-1635","8":"category-qualidades-da-favela","9":"tag-estigma","10":"tag-analise-cobertura-de-favelas","11":"tag-arquitetura-da-favela","12":"tag-asa-branca","13":"tag-complexo-da-mare","14":"tag-copa-do-mundo","15":"tag-grande-midia","16":"tag-jornalismo","17":"tag-megaeventos","18":"tag-organizacao","19":"tag-observadores-internacionais","20":"tag-organizacao-comunitaria","21":"tag-telerj","22":"writer-emmett-williams","23":"translator-luana-gama-gato"},"acf":[],"yoast_head":"<!-- This site is optimized with the Yoast SEO plugin v25.6 - https:\/\/yoast.com\/wordpress\/plugins\/seo\/ -->\n<title>A Copa do Mundo do Jornalismo Pregui\u00e7oso - RioOnWatch<\/title>\n<meta name=\"robots\" content=\"index, follow, max-snippet:-1, max-image-preview:large, max-video-preview:-1\" \/>\n<link rel=\"canonical\" href=\"https:\/\/rioonwatch.org.br\/?p=11663\" \/>\n<meta property=\"og:locale\" content=\"pt_BR\" \/>\n<meta property=\"og:type\" content=\"article\" \/>\n<meta property=\"og:title\" content=\"A Copa do Mundo do Jornalismo Pregui\u00e7oso - RioOnWatch\" \/>\n<meta property=\"og:description\" content=\"Click Here for English Enquanto eu terminava uma mat\u00e9ria para o meu atual empregador, uma ag\u00eancia de not\u00edcias estrangeira me mandou um e-mail perguntando se ve\u00edculos tinham sido incendiados por causa da greve dos \u00f4nibus [...]\" \/>\n<meta property=\"og:url\" content=\"https:\/\/rioonwatch.org.br\/?p=11663\" \/>\n<meta property=\"og:site_name\" content=\"RioOnWatch\" \/>\n<meta property=\"article:published_time\" content=\"2014-06-27T19:37:32+00:00\" \/>\n<meta property=\"article:modified_time\" content=\"2024-06-20T19:26:10+00:00\" \/>\n<meta property=\"og:image\" content=\"https:\/\/rioonwatch.org.br\/wp-content\/uploads\/2014\/06\/burning-bus.jpg\" \/>\n\t<meta property=\"og:image:width\" content=\"940\" \/>\n\t<meta property=\"og:image:height\" content=\"627\" \/>\n\t<meta property=\"og:image:type\" content=\"image\/jpeg\" \/>\n<meta name=\"author\" content=\"Felicity\" \/>\n<meta name=\"twitter:card\" content=\"summary_large_image\" \/>\n<meta name=\"twitter:label1\" content=\"Escrito por\" \/>\n\t<meta name=\"twitter:data1\" content=\"Felicity\" \/>\n\t<meta name=\"twitter:label2\" content=\"Est. tempo de leitura\" \/>\n\t<meta name=\"twitter:data2\" content=\"5 minutos\" \/>\n<script type=\"application\/ld+json\" class=\"yoast-schema-graph\">{\"@context\":\"https:\/\/schema.org\",\"@graph\":[{\"@type\":\"Article\",\"@id\":\"https:\/\/rioonwatch.org.br\/?p=11663#article\",\"isPartOf\":{\"@id\":\"https:\/\/rioonwatch.org.br\/?p=11663\"},\"author\":{\"name\":\"Felicity\",\"@id\":\"https:\/\/rioonwatch.org.br\/#\/schema\/person\/4d05cf5053c358ab740b3edd75a173f2\"},\"headline\":\"A Copa do Mundo do Jornalismo Pregui\u00e7oso\",\"datePublished\":\"2014-06-27T19:37:32+00:00\",\"dateModified\":\"2024-06-20T19:26:10+00:00\",\"mainEntityOfPage\":{\"@id\":\"https:\/\/rioonwatch.org.br\/?p=11663\"},\"wordCount\":989,\"publisher\":{\"@id\":\"https:\/\/rioonwatch.org.br\/#organization\"},\"image\":{\"@id\":\"https:\/\/rioonwatch.org.br\/?p=11663#primaryimage\"},\"thumbnailUrl\":\"https:\/\/rioonwatch.org.br\/wp-content\/uploads\/2014\/06\/burning-bus.jpg\",\"keywords\":[\"#StopFavelaStigma\",\"an\u00e1lise cobertura de favelas\",\"arquitetura da favela\",\"Asa Branca\",\"Complexo da Mar\u00e9\",\"Copa do Mundo\",\"grande m\u00eddia\",\"jornalismo\",\"Megaeventos\",\"mobiliza\u00e7\u00e3o\",\"observadores internacionais\",\"organiza\u00e7\u00e3o comunit\u00e1ria\",\"Telerj\"],\"articleSection\":[\"#Rio2016\",\"Qualidades da Favela\"],\"inLanguage\":\"pt-BR\"},{\"@type\":\"WebPage\",\"@id\":\"https:\/\/rioonwatch.org.br\/?p=11663\",\"url\":\"https:\/\/rioonwatch.org.br\/?p=11663\",\"name\":\"A Copa do Mundo do Jornalismo Pregui\u00e7oso - RioOnWatch\",\"isPartOf\":{\"@id\":\"https:\/\/rioonwatch.org.br\/#website\"},\"primaryImageOfPage\":{\"@id\":\"https:\/\/rioonwatch.org.br\/?p=11663#primaryimage\"},\"image\":{\"@id\":\"https:\/\/rioonwatch.org.br\/?p=11663#primaryimage\"},\"thumbnailUrl\":\"https:\/\/rioonwatch.org.br\/wp-content\/uploads\/2014\/06\/burning-bus.jpg\",\"datePublished\":\"2014-06-27T19:37:32+00:00\",\"dateModified\":\"2024-06-20T19:26:10+00:00\",\"breadcrumb\":{\"@id\":\"https:\/\/rioonwatch.org.br\/?p=11663#breadcrumb\"},\"inLanguage\":\"pt-BR\",\"potentialAction\":[{\"@type\":\"ReadAction\",\"target\":[\"https:\/\/rioonwatch.org.br\/?p=11663\"]}]},{\"@type\":\"ImageObject\",\"inLanguage\":\"pt-BR\",\"@id\":\"https:\/\/rioonwatch.org.br\/?p=11663#primaryimage\",\"url\":\"https:\/\/rioonwatch.org.br\/wp-content\/uploads\/2014\/06\/burning-bus.jpg\",\"contentUrl\":\"https:\/\/rioonwatch.org.br\/wp-content\/uploads\/2014\/06\/burning-bus.jpg\",\"width\":940,\"height\":627},{\"@type\":\"BreadcrumbList\",\"@id\":\"https:\/\/rioonwatch.org.br\/?p=11663#breadcrumb\",\"itemListElement\":[{\"@type\":\"ListItem\",\"position\":1,\"name\":\"In\u00edcio\",\"item\":\"https:\/\/rioonwatch.org.br\/\"},{\"@type\":\"ListItem\",\"position\":2,\"name\":\"A Copa do Mundo do Jornalismo Pregui\u00e7oso\"}]},{\"@type\":\"WebSite\",\"@id\":\"https:\/\/rioonwatch.org.br\/#website\",\"url\":\"https:\/\/rioonwatch.org.br\/\",\"name\":\"RioOnWatch\",\"description\":\"relatos das favelas cariocas\",\"publisher\":{\"@id\":\"https:\/\/rioonwatch.org.br\/#organization\"},\"potentialAction\":[{\"@type\":\"SearchAction\",\"target\":{\"@type\":\"EntryPoint\",\"urlTemplate\":\"https:\/\/rioonwatch.org.br\/?s={search_term_string}\"},\"query-input\":{\"@type\":\"PropertyValueSpecification\",\"valueRequired\":true,\"valueName\":\"search_term_string\"}}],\"inLanguage\":\"pt-BR\"},{\"@type\":\"Organization\",\"@id\":\"https:\/\/rioonwatch.org.br\/#organization\",\"name\":\"RioOnWatch\",\"url\":\"https:\/\/rioonwatch.org.br\/\",\"logo\":{\"@type\":\"ImageObject\",\"inLanguage\":\"pt-BR\",\"@id\":\"https:\/\/rioonwatch.org.br\/#\/schema\/logo\/image\/\",\"url\":\"https:\/\/rioonwatch.org.br\/wp-content\/uploads\/2021\/06\/RioOnWatchcabecalhoPT11anos-2.png\",\"contentUrl\":\"https:\/\/rioonwatch.org.br\/wp-content\/uploads\/2021\/06\/RioOnWatchcabecalhoPT11anos-2.png\",\"width\":779,\"height\":277,\"caption\":\"RioOnWatch\"},\"image\":{\"@id\":\"https:\/\/rioonwatch.org.br\/#\/schema\/logo\/image\/\"}},{\"@type\":\"Person\",\"@id\":\"https:\/\/rioonwatch.org.br\/#\/schema\/person\/4d05cf5053c358ab740b3edd75a173f2\",\"name\":\"Felicity\",\"image\":{\"@type\":\"ImageObject\",\"inLanguage\":\"pt-BR\",\"@id\":\"https:\/\/rioonwatch.org.br\/#\/schema\/person\/image\/\",\"url\":\"https:\/\/secure.gravatar.com\/avatar\/bfc904486dc0bba6015410a00fe3fc27?s=96&d=blank&r=g\",\"contentUrl\":\"https:\/\/secure.gravatar.com\/avatar\/bfc904486dc0bba6015410a00fe3fc27?s=96&d=blank&r=g\",\"caption\":\"Felicity\"},\"url\":\"https:\/\/rioonwatch.org.br\/?author=132\"}]}<\/script>\n<!-- \/ Yoast SEO plugin. -->","yoast_head_json":{"title":"A Copa do Mundo do Jornalismo Pregui\u00e7oso - RioOnWatch","robots":{"index":"index","follow":"follow","max-snippet":"max-snippet:-1","max-image-preview":"max-image-preview:large","max-video-preview":"max-video-preview:-1"},"canonical":"https:\/\/rioonwatch.org.br\/?p=11663","og_locale":"pt_BR","og_type":"article","og_title":"A Copa do Mundo do Jornalismo Pregui\u00e7oso - RioOnWatch","og_description":"Click Here for English Enquanto eu terminava uma mat\u00e9ria para o meu atual empregador, uma ag\u00eancia de not\u00edcias estrangeira me mandou um e-mail perguntando se ve\u00edculos tinham sido incendiados por causa da greve dos \u00f4nibus [...]","og_url":"https:\/\/rioonwatch.org.br\/?p=11663","og_site_name":"RioOnWatch","article_published_time":"2014-06-27T19:37:32+00:00","article_modified_time":"2024-06-20T19:26:10+00:00","og_image":[{"width":940,"height":627,"url":"https:\/\/rioonwatch.org.br\/wp-content\/uploads\/2014\/06\/burning-bus.jpg","type":"image\/jpeg"}],"author":"Felicity","twitter_card":"summary_large_image","twitter_misc":{"Escrito por":"Felicity","Est. tempo de leitura":"5 minutos"},"schema":{"@context":"https:\/\/schema.org","@graph":[{"@type":"Article","@id":"https:\/\/rioonwatch.org.br\/?p=11663#article","isPartOf":{"@id":"https:\/\/rioonwatch.org.br\/?p=11663"},"author":{"name":"Felicity","@id":"https:\/\/rioonwatch.org.br\/#\/schema\/person\/4d05cf5053c358ab740b3edd75a173f2"},"headline":"A Copa do Mundo do Jornalismo Pregui\u00e7oso","datePublished":"2014-06-27T19:37:32+00:00","dateModified":"2024-06-20T19:26:10+00:00","mainEntityOfPage":{"@id":"https:\/\/rioonwatch.org.br\/?p=11663"},"wordCount":989,"publisher":{"@id":"https:\/\/rioonwatch.org.br\/#organization"},"image":{"@id":"https:\/\/rioonwatch.org.br\/?p=11663#primaryimage"},"thumbnailUrl":"https:\/\/rioonwatch.org.br\/wp-content\/uploads\/2014\/06\/burning-bus.jpg","keywords":["#StopFavelaStigma","an\u00e1lise cobertura de favelas","arquitetura da favela","Asa Branca","Complexo da Mar\u00e9","Copa do Mundo","grande m\u00eddia","jornalismo","Megaeventos","mobiliza\u00e7\u00e3o","observadores internacionais","organiza\u00e7\u00e3o comunit\u00e1ria","Telerj"],"articleSection":["#Rio2016","Qualidades da Favela"],"inLanguage":"pt-BR"},{"@type":"WebPage","@id":"https:\/\/rioonwatch.org.br\/?p=11663","url":"https:\/\/rioonwatch.org.br\/?p=11663","name":"A Copa do Mundo do Jornalismo Pregui\u00e7oso - RioOnWatch","isPartOf":{"@id":"https:\/\/rioonwatch.org.br\/#website"},"primaryImageOfPage":{"@id":"https:\/\/rioonwatch.org.br\/?p=11663#primaryimage"},"image":{"@id":"https:\/\/rioonwatch.org.br\/?p=11663#primaryimage"},"thumbnailUrl":"https:\/\/rioonwatch.org.br\/wp-content\/uploads\/2014\/06\/burning-bus.jpg","datePublished":"2014-06-27T19:37:32+00:00","dateModified":"2024-06-20T19:26:10+00:00","breadcrumb":{"@id":"https:\/\/rioonwatch.org.br\/?p=11663#breadcrumb"},"inLanguage":"pt-BR","potentialAction":[{"@type":"ReadAction","target":["https:\/\/rioonwatch.org.br\/?p=11663"]}]},{"@type":"ImageObject","inLanguage":"pt-BR","@id":"https:\/\/rioonwatch.org.br\/?p=11663#primaryimage","url":"https:\/\/rioonwatch.org.br\/wp-content\/uploads\/2014\/06\/burning-bus.jpg","contentUrl":"https:\/\/rioonwatch.org.br\/wp-content\/uploads\/2014\/06\/burning-bus.jpg","width":940,"height":627},{"@type":"BreadcrumbList","@id":"https:\/\/rioonwatch.org.br\/?p=11663#breadcrumb","itemListElement":[{"@type":"ListItem","position":1,"name":"In\u00edcio","item":"https:\/\/rioonwatch.org.br\/"},{"@type":"ListItem","position":2,"name":"A Copa do Mundo do Jornalismo Pregui\u00e7oso"}]},{"@type":"WebSite","@id":"https:\/\/rioonwatch.org.br\/#website","url":"https:\/\/rioonwatch.org.br\/","name":"RioOnWatch","description":"relatos das favelas cariocas","publisher":{"@id":"https:\/\/rioonwatch.org.br\/#organization"},"potentialAction":[{"@type":"SearchAction","target":{"@type":"EntryPoint","urlTemplate":"https:\/\/rioonwatch.org.br\/?s={search_term_string}"},"query-input":{"@type":"PropertyValueSpecification","valueRequired":true,"valueName":"search_term_string"}}],"inLanguage":"pt-BR"},{"@type":"Organization","@id":"https:\/\/rioonwatch.org.br\/#organization","name":"RioOnWatch","url":"https:\/\/rioonwatch.org.br\/","logo":{"@type":"ImageObject","inLanguage":"pt-BR","@id":"https:\/\/rioonwatch.org.br\/#\/schema\/logo\/image\/","url":"https:\/\/rioonwatch.org.br\/wp-content\/uploads\/2021\/06\/RioOnWatchcabecalhoPT11anos-2.png","contentUrl":"https:\/\/rioonwatch.org.br\/wp-content\/uploads\/2021\/06\/RioOnWatchcabecalhoPT11anos-2.png","width":779,"height":277,"caption":"RioOnWatch"},"image":{"@id":"https:\/\/rioonwatch.org.br\/#\/schema\/logo\/image\/"}},{"@type":"Person","@id":"https:\/\/rioonwatch.org.br\/#\/schema\/person\/4d05cf5053c358ab740b3edd75a173f2","name":"Felicity","image":{"@type":"ImageObject","inLanguage":"pt-BR","@id":"https:\/\/rioonwatch.org.br\/#\/schema\/person\/image\/","url":"https:\/\/secure.gravatar.com\/avatar\/bfc904486dc0bba6015410a00fe3fc27?s=96&d=blank&r=g","contentUrl":"https:\/\/secure.gravatar.com\/avatar\/bfc904486dc0bba6015410a00fe3fc27?s=96&d=blank&r=g","caption":"Felicity"},"url":"https:\/\/rioonwatch.org.br\/?author=132"}]}},"_links":{"self":[{"href":"https:\/\/rioonwatch.org.br\/index.php?rest_route=\/wp\/v2\/posts\/11663"}],"collection":[{"href":"https:\/\/rioonwatch.org.br\/index.php?rest_route=\/wp\/v2\/posts"}],"about":[{"href":"https:\/\/rioonwatch.org.br\/index.php?rest_route=\/wp\/v2\/types\/post"}],"author":[{"embeddable":true,"href":"https:\/\/rioonwatch.org.br\/index.php?rest_route=\/wp\/v2\/users\/132"}],"replies":[{"embeddable":true,"href":"https:\/\/rioonwatch.org.br\/index.php?rest_route=%2Fwp%2Fv2%2Fcomments&post=11663"}],"version-history":[{"count":11,"href":"https:\/\/rioonwatch.org.br\/index.php?rest_route=\/wp\/v2\/posts\/11663\/revisions"}],"predecessor-version":[{"id":74342,"href":"https:\/\/rioonwatch.org.br\/index.php?rest_route=\/wp\/v2\/posts\/11663\/revisions\/74342"}],"wp:featuredmedia":[{"embeddable":true,"href":"https:\/\/rioonwatch.org.br\/index.php?rest_route=\/wp\/v2\/media\/11664"}],"wp:attachment":[{"href":"https:\/\/rioonwatch.org.br\/index.php?rest_route=%2Fwp%2Fv2%2Fmedia&parent=11663"}],"wp:term":[{"taxonomy":"category","embeddable":true,"href":"https:\/\/rioonwatch.org.br\/index.php?rest_route=%2Fwp%2Fv2%2Fcategories&post=11663"},{"taxonomy":"post_tag","embeddable":true,"href":"https:\/\/rioonwatch.org.br\/index.php?rest_route=%2Fwp%2Fv2%2Ftags&post=11663"},{"taxonomy":"writer","embeddable":true,"href":"https:\/\/rioonwatch.org.br\/index.php?rest_route=%2Fwp%2Fv2%2Fwriter&post=11663"},{"taxonomy":"translator","embeddable":true,"href":"https:\/\/rioonwatch.org.br\/index.php?rest_route=%2Fwp%2Fv2%2Ftranslator&post=11663"},{"taxonomy":"source","embeddable":true,"href":"https:\/\/rioonwatch.org.br\/index.php?rest_route=%2Fwp%2Fv2%2Fsource&post=11663"},{"taxonomy":"ilustrador","embeddable":true,"href":"https:\/\/rioonwatch.org.br\/index.php?rest_route=%2Fwp%2Fv2%2Filustrador&post=11663"},{"taxonomy":"fotografo","embeddable":true,"href":"https:\/\/rioonwatch.org.br\/index.php?rest_route=%2Fwp%2Fv2%2Ffotografo&post=11663"}],"curies":[{"name":"wp","href":"https:\/\/api.w.org\/{rel}","templated":true}]}}