{"id":11711,"date":"2014-06-30T17:03:08","date_gmt":"2014-06-30T20:03:08","guid":{"rendered":"http:\/\/rioonwatch.org.br\/?p=11711"},"modified":"2015-12-23T22:20:28","modified_gmt":"2015-12-24T01:20:28","slug":"moradores-de-favela-protestam-contra-a-violencia-policial-e-os-impactos-da-copa-do-mundo","status":"publish","type":"post","link":"https:\/\/rioonwatch.org.br\/?p=11711","title":{"rendered":"Moradores de Favela Protestam contra a Viol\u00eancia Policial e os Impactos da Copa do Mundo"},"content":{"rendered":"<p style=\"text-align: right;\"><em><strong><a href=\"http:\/\/bit.ly\/1qJ4Z7c\" \ntarget=\"_blank\">Click Here for English<img decoding=\"async\" width=\"20\" height=\"20\" class=\"alignright wp-image-15790\" src=\"http:\/\/rioonwatch.org.br\/wp-content\/uploads\/2012\/08\/EN-standard-e1439583104716.jpg\" alt=\"\" \/><\/a><\/strong><\/em><\/p>\n<p style=\"text-align: left;\">No dia 23 de junho, na v\u00e9spera do anivers\u00e1rio de um ano da <a href=\"http:\/\/bit.ly\/12Ltp31\" target=\"_blank\">opera\u00e7\u00e3o policial que matou 10 pessoas na Mar\u00e9<\/a>, uma manifesta\u00e7\u00e3o ocorreu no\u00a0<a href=\"http:\/\/bit.ly\/15YFPnL\" target=\"_blank\">Chap\u00e9u-Mangueira<\/a> na Zona Sul do Rio. O protesto unia moradores de diversas comunidades sofrendo com as consequ\u00eancias associadas aos eventos que ser\u00e3o realizados no Rio&#8211;<a href=\"http:\/\/bit.ly\/WfaiMR\" target=\"_blank\">Copa do Mundo<\/a> e <a href=\"http:\/\/bit.ly\/PkLXlQ\" target=\"_blank\">Olimp\u00edadas<\/a>&#8211;como com a militariza\u00e7\u00e3o das favelas atrav\u00e9s das <a href=\"http:\/\/bit.ly\/R5ueio\" target=\"_blank\">Unidades de Pol\u00edcia Pacificadora (UPPs)<\/a> e as for\u00e7as armadas, <a href=\"http:\/\/bit.ly\/X51Qvb\" target=\"_blank\">remo\u00e7\u00f5es a for\u00e7a<\/a>, <a href=\"http:\/\/bit.ly\/Qe3lpR\" target=\"_blank\">gentrifica\u00e7\u00e3o<\/a> e a criminaliza\u00e7\u00e3o da cultura local. A mensagem carregada em cartazes era que &#8220;a festa nos est\u00e1dios n\u00e3o vale as l\u00e1grimas na favela&#8221;.<\/p>\n<p>Segundo participantes do evento, o programa da UPP n\u00e3o est\u00e1 nem perto de alcan\u00e7ar sua promessa de levar paz e seguran\u00e7a p\u00fablica para as favelas do Rio. Algumas m\u00e3es das v\u00edtimas da viol\u00eancia policial da UPP estavam presentes no evento, incluindo Ana Paula Gomes de Oliveira, <a href=\"http:\/\/bit.ly\/1lp79mh\" target=\"_blank\">m\u00e3e de Jonathan de Oliveira de Lima<\/a> de 19 anos que foi morto pela UPP de <a href=\"http:\/\/bit.ly\/ZC9b6z\" target=\"_blank\">Manguinhos<\/a> em maio. Ela desabafa: &#8220;estou aqui para pedir justi\u00e7a no nome do meu filho e no nome de todos os jovens que foram mortos. Eu estou aqui para gritar que as favelas n\u00e3o podem ser silenciadas. Estou convencida que juntas, as favelas n\u00e3o ser\u00e3o conquistadas&#8221;. Ela e outros demandaram o fim da UPP e da militariza\u00e7\u00e3o das favelas.<\/p>\n<p style=\"text-align: left;\"><img fetchpriority=\"high\" decoding=\"async\" class=\"aligncenter\" title=\"Ana Paula Gomes de Oliveira, m\u00e3e de Jonathan de Oliveira de Lima de 19 anos que foi morte pela UPP de Manguinhos em Maio\" src=\"http:\/\/www.rioonwatch.org\/wp-content\/uploads\/2014\/06\/Ana-Paula-Gomes-de-Oliveira-mother-of-Jonathan.jpg\" alt=\"\" width=\"620\" height=\"374\" \/><br \/>\nCrian\u00e7as da comunidade pintaram cruzes que foram compiladas em um caix\u00e3o preto decorado com manchas de m\u00e3os sangrando, um s\u00edmbolo forte representando as tantas vidas que foram perdidas na &#8220;guerra contra o pobre&#8221; nas favelas. Outros pintaram na parede camisas da sele\u00e7\u00e3o brasileira com nomes de algumas das v\u00edtimas do estado, como <a href=\"http:\/\/bit.ly\/1mETypB\" target=\"_blank\">Cl\u00e1udia Ferreira<\/a> que foi arrastada por um carro da pol\u00edcia militar em mar\u00e7o e <a href=\"http:\/\/bit.ly\/1cUVtrg\" target=\"_blank\">Amarildo de Souza<\/a> que foi torturado e morto pela UPP da <a href=\"http:\/\/bit.ly\/16w2zz1\" target=\"_blank\">Rocinha<\/a> no ano passado, simbolizando o elo entre a Copa do Mundo e essas mortes. Tinha tamb\u00e9m capoeira, performances de funk e hip hop, incorporando o slogan do protesto, &#8220;Mais poesia, menos pol\u00edcia&#8221;.<\/p>\n<p style=\"text-align: center;\"><img decoding=\"async\" class=\"aligncenter\" title=\"Pintando camisas da sele\u00e7\u00e3o Brasileira com nomes de algumas das v\u00edtimas do estado\" src=\"http:\/\/www.rioonwatch.org\/wp-content\/uploads\/2014\/06\/P6233494.jpg\" alt=\"\" width=\"620\" height=\"347\" \/><\/p>\n<p>Membros do movimento feminista, professores, e muitos outros quem veem protestando nas ruas do Rio desde junho do ano passado estavam presentes em um ato de solidariedade com os moradores de favelas. Christina Baroni, do Movimento Feminino Popular, segurava uma foto de <a href=\"http:\/\/bit.ly\/1j3exon\" target=\"_blank\">Andr\u00e9 de Lima Cardoso Ferreira<\/a>, morto pela pol\u00edcia da UPP no <a href=\"http:\/\/bit.ly\/11x89ZX\" target=\"_blank\">Pav\u00e3o-Pav\u00e3ozinho<\/a> em 2011. Ela diz que a Copa do Mundo n\u00e3o pode mascarar o sofrimento e as mortes de jovens nas favelas e que o os protestos s\u00e3o importantes para unir as pessoas e os diferentes movimentos sociais para exigir justi\u00e7a.<\/p>\n<p>Manifestantes procuraram denunciar que a brutalidade policial e a viol\u00eancia letal s\u00e3o recorrentes nas favelas onde a UPP est\u00e1 presente, mesmo no meio do clima de comemora\u00e7\u00e3o de Copa do Mundo. Domingo a noite, horas antes do protesto de segunda, um <a href=\"http:\/\/glo.bo\/1sUjp6v\" target=\"_blank\">tiroteio em v\u00e1rias partes do Complexo do Alem\u00e3o<\/a> resultou na morte do oficial de pol\u00edcia Fabio Gomes da Silva, 30, e dos adolescentes Gabriel Ferreira, 17, e Lucas Lima, 15. Semana passada, <a href=\"http:\/\/bit.ly\/1rcpsBs\" target=\"_blank\">Afonso Maur\u00edcio Linhares<\/a> de 25 anos estava apitando um jogo de futebol em frente a sua casa quando foi baleado e morto pela pol\u00edcia da UPP de Manguinhos, ha apenas 6km do local onde o jogo Chile-Espanha estava sendo realizado.<\/p>\n<p>&nbsp;<\/p>\n<p style=\"text-align: center;\"><img loading=\"lazy\" decoding=\"async\" class=\"aligncenter\" title=\"Maes de dois v\u00edtimas da viol\u00eancia do Estado\" src=\"http:\/\/www.rioonwatch.org\/wp-content\/uploads\/2014\/06\/mothers-of-two-of-the-victims-of-the-military-police.jpg\" alt=\"\" width=\"620\" height=\"349\" \/><\/p>\n<p style=\"text-align: left;\">No evento de segunda, antes de unir-se a todos com cartazes e faixas e marchar pela praia de Copacabana, por volta de 20 pessoas de diferentes comunidades e organiza\u00e7\u00f5es deram seus depoimentos e pediram por mudan\u00e7a. J\u00e1 em Copacabana, eles se uniram com outros manifestantes que estavam organizando o protesto chamado &#8220;FIFA, Go Home&#8221;, organizado pela <a href=\"http:\/\/bit.ly\/18D91o0\" target=\"_blank\">Frente Independente Popular<\/a>, marchando pela FIFA Fan Fest at\u00e9 o Pav\u00e3o-Pav\u00e3ozinho, onde o dan\u00e7arino <a href=\"http:\/\/bit.ly\/1kZOjAA\" target=\"_blank\">Douglas Rafael da Silva Pereira<\/a> foi morto pela UPP em 22 de abril. Assim como na marcha, os manifestantes protestaram contra as remo\u00e7\u00f5es for\u00e7adas, colocando cruzes com o nome das comunidades cariocas que atualmente est\u00e3o sofrendo com os despejos. Juntos, manifestantes pediram o fim das remo\u00e7\u00f5es for\u00e7adas e o fim da militariza\u00e7\u00e3o das favelas, e por investimentos em \u00e1reas de prioridade como <a href=\"http:\/\/bit.ly\/1acNApR\" target=\"_blank\">educa\u00e7\u00e3o<\/a>, <a href=\"http:\/\/bit.ly\/1kzUmMv\" target=\"_blank\">sa\u00fade<\/a> e <a href=\"http:\/\/bit.ly\/14lMZGK\" target=\"_blank\">saneamento<\/a>. Por\u00e9m, com a compra de <a href=\"http:\/\/bit.ly\/1mpl27j\" target=\"_blank\">oito novos caveir\u00f5es<\/a>, que estar\u00e3o a disposi\u00e7\u00e3o para opera\u00e7\u00f5es policias a partir desta semana, o difundido e crescente apelo por menos militariza\u00e7\u00e3o parece que ainda n\u00e3o est\u00e1 sendo ouvido.<\/p>\n<p style=\"text-align: center;\"><img loading=\"lazy\" decoding=\"async\" class=\"aligncenter\" title=\"Manifesta\u00e7\u00e3o passou pela orla de Copacabana\" src=\"http:\/\/www.rioonwatch.org\/wp-content\/uploads\/2014\/06\/P6233621.jpg\" alt=\"\" width=\"620\" height=\"349\" \/><\/p>\n<!-- AddThis Advanced Settings generic via filter on the_content --><!-- AddThis Share Buttons generic via filter on the_content -->","protected":false},"excerpt":{"rendered":"<div class=\"mh-excerpt\"><p>Click Here for English No dia 23 de junho, na v\u00e9spera do anivers\u00e1rio de um ano da opera\u00e7\u00e3o policial que matou 10 pessoas na Mar\u00e9, uma manifesta\u00e7\u00e3o ocorreu no\u00a0Chap\u00e9u-Mangueira na Zona Sul do Rio. O <a class=\"mh-excerpt-more\" href=\"https:\/\/rioonwatch.org.br\/?p=11711\" title=\"Moradores de Favela Protestam contra a Viol\u00eancia Policial e os Impactos da Copa do Mundo\">[&#8230;]<\/a><!-- AddThis Advanced Settings generic via filter on get_the_excerpt --><!-- AddThis Share Buttons generic via filter on get_the_excerpt --><\/p>\n<\/div>","protected":false},"author":132,"featured_media":11718,"comment_status":"closed","ping_status":"closed","sticky":false,"template":"","format":"standard","meta":{"_acf_changed":false,"_monsterinsights_skip_tracking":false,"_monsterinsights_sitenote_active":false,"_monsterinsights_sitenote_note":"","_monsterinsights_sitenote_category":0,"footnotes":""},"categories":[1635,346,344,1620],"tags":[975,630,332,217,636,439,774,763,16,92,920,52],"writer":[1171],"translator":[1161],"source":[],"ilustrador":[],"fotografo":[],"class_list":{"0":"post-11711","1":"post","2":"type-post","3":"status-publish","4":"format-standard","5":"has-post-thumbnail","7":"category-1635","8":"category-denuncias","9":"category-politicas","10":"category-olhonaupp","11":"tag-cadeamarildo","12":"tag-chapeu-mangueira","13":"tag-complexo-da-mare","14":"tag-complexo-do-alemao","15":"tag-manguinhos","16":"tag-pavao-pavaozinho","17":"tag-policia-militar","18":"tag-protesto","19":"tag-rocinha","20":"tag-upp","21":"tag-violencia-de-estado","22":"tag-violencia-policial","23":"writer-celina-sorboe","24":"translator-pedro-miranda"},"acf":[],"yoast_head":"<!-- This site is optimized with the Yoast SEO plugin v25.6 - https:\/\/yoast.com\/wordpress\/plugins\/seo\/ -->\n<title>Moradores de Favela Protestam contra a Viol\u00eancia Policial e os Impactos da Copa do Mundo - RioOnWatch<\/title>\n<meta name=\"robots\" content=\"index, follow, max-snippet:-1, max-image-preview:large, max-video-preview:-1\" \/>\n<link rel=\"canonical\" href=\"https:\/\/rioonwatch.org.br\/?p=11711\" \/>\n<meta property=\"og:locale\" content=\"pt_BR\" \/>\n<meta property=\"og:type\" content=\"article\" \/>\n<meta property=\"og:title\" content=\"Moradores de Favela Protestam contra a Viol\u00eancia Policial e os Impactos da Copa do Mundo - RioOnWatch\" \/>\n<meta property=\"og:description\" content=\"Click Here for English No dia 23 de junho, na v\u00e9spera do anivers\u00e1rio de um ano da opera\u00e7\u00e3o policial que matou 10 pessoas na Mar\u00e9, uma manifesta\u00e7\u00e3o ocorreu no\u00a0Chap\u00e9u-Mangueira na Zona Sul do Rio. O [...]\" \/>\n<meta property=\"og:url\" content=\"https:\/\/rioonwatch.org.br\/?p=11711\" \/>\n<meta property=\"og:site_name\" content=\"RioOnWatch\" \/>\n<meta property=\"article:published_time\" content=\"2014-06-30T20:03:08+00:00\" \/>\n<meta property=\"article:modified_time\" content=\"2015-12-24T01:20:28+00:00\" \/>\n<meta property=\"og:image\" content=\"https:\/\/rioonwatch.org.br\/wp-content\/uploads\/2014\/07\/P6233621.jpg\" \/>\n\t<meta property=\"og:image:width\" content=\"620\" \/>\n\t<meta property=\"og:image:height\" content=\"349\" \/>\n\t<meta property=\"og:image:type\" content=\"image\/jpeg\" \/>\n<meta name=\"author\" content=\"Felicity\" \/>\n<meta name=\"twitter:card\" content=\"summary_large_image\" \/>\n<meta name=\"twitter:label1\" content=\"Escrito por\" \/>\n\t<meta name=\"twitter:data1\" content=\"Felicity\" \/>\n\t<meta name=\"twitter:label2\" content=\"Est. tempo de leitura\" \/>\n\t<meta name=\"twitter:data2\" content=\"4 minutos\" \/>\n<script type=\"application\/ld+json\" class=\"yoast-schema-graph\">{\"@context\":\"https:\/\/schema.org\",\"@graph\":[{\"@type\":\"Article\",\"@id\":\"https:\/\/rioonwatch.org.br\/?p=11711#article\",\"isPartOf\":{\"@id\":\"https:\/\/rioonwatch.org.br\/?p=11711\"},\"author\":{\"name\":\"Felicity\",\"@id\":\"https:\/\/rioonwatch.org.br\/#\/schema\/person\/4d05cf5053c358ab740b3edd75a173f2\"},\"headline\":\"Moradores de Favela Protestam contra a Viol\u00eancia Policial e os Impactos da Copa do Mundo\",\"datePublished\":\"2014-06-30T20:03:08+00:00\",\"dateModified\":\"2015-12-24T01:20:28+00:00\",\"mainEntityOfPage\":{\"@id\":\"https:\/\/rioonwatch.org.br\/?p=11711\"},\"wordCount\":793,\"publisher\":{\"@id\":\"https:\/\/rioonwatch.org.br\/#organization\"},\"image\":{\"@id\":\"https:\/\/rioonwatch.org.br\/?p=11711#primaryimage\"},\"thumbnailUrl\":\"https:\/\/rioonwatch.org.br\/wp-content\/uploads\/2014\/07\/P6233621.jpg\",\"keywords\":[\"#Cad\u00eaAmarildo\",\"Chap\u00e9u Mangueira\",\"Complexo da Mar\u00e9\",\"Complexo do Alem\u00e3o\",\"Manguinhos\",\"Pav\u00e3o-Pav\u00e3ozinho\",\"Pol\u00edcia Militar\",\"protesto\",\"Rocinha\",\"UPP\",\"viol\u00eancia de Estado\",\"viol\u00eancia policial\"],\"articleSection\":[\"#Rio2016\",\"Den\u00fancias\",\"Pol\u00edticas\",\"Seguran\u00e7a P\u00fablica\"],\"inLanguage\":\"pt-BR\"},{\"@type\":\"WebPage\",\"@id\":\"https:\/\/rioonwatch.org.br\/?p=11711\",\"url\":\"https:\/\/rioonwatch.org.br\/?p=11711\",\"name\":\"Moradores de Favela Protestam contra a Viol\u00eancia Policial e os Impactos da Copa do Mundo - RioOnWatch\",\"isPartOf\":{\"@id\":\"https:\/\/rioonwatch.org.br\/#website\"},\"primaryImageOfPage\":{\"@id\":\"https:\/\/rioonwatch.org.br\/?p=11711#primaryimage\"},\"image\":{\"@id\":\"https:\/\/rioonwatch.org.br\/?p=11711#primaryimage\"},\"thumbnailUrl\":\"https:\/\/rioonwatch.org.br\/wp-content\/uploads\/2014\/07\/P6233621.jpg\",\"datePublished\":\"2014-06-30T20:03:08+00:00\",\"dateModified\":\"2015-12-24T01:20:28+00:00\",\"breadcrumb\":{\"@id\":\"https:\/\/rioonwatch.org.br\/?p=11711#breadcrumb\"},\"inLanguage\":\"pt-BR\",\"potentialAction\":[{\"@type\":\"ReadAction\",\"target\":[\"https:\/\/rioonwatch.org.br\/?p=11711\"]}]},{\"@type\":\"ImageObject\",\"inLanguage\":\"pt-BR\",\"@id\":\"https:\/\/rioonwatch.org.br\/?p=11711#primaryimage\",\"url\":\"https:\/\/rioonwatch.org.br\/wp-content\/uploads\/2014\/07\/P6233621.jpg\",\"contentUrl\":\"https:\/\/rioonwatch.org.br\/wp-content\/uploads\/2014\/07\/P6233621.jpg\",\"width\":620,\"height\":349},{\"@type\":\"BreadcrumbList\",\"@id\":\"https:\/\/rioonwatch.org.br\/?p=11711#breadcrumb\",\"itemListElement\":[{\"@type\":\"ListItem\",\"position\":1,\"name\":\"In\u00edcio\",\"item\":\"https:\/\/rioonwatch.org.br\/\"},{\"@type\":\"ListItem\",\"position\":2,\"name\":\"Moradores de Favela Protestam contra a Viol\u00eancia Policial e os Impactos da Copa do Mundo\"}]},{\"@type\":\"WebSite\",\"@id\":\"https:\/\/rioonwatch.org.br\/#website\",\"url\":\"https:\/\/rioonwatch.org.br\/\",\"name\":\"RioOnWatch\",\"description\":\"relatos das favelas cariocas\",\"publisher\":{\"@id\":\"https:\/\/rioonwatch.org.br\/#organization\"},\"potentialAction\":[{\"@type\":\"SearchAction\",\"target\":{\"@type\":\"EntryPoint\",\"urlTemplate\":\"https:\/\/rioonwatch.org.br\/?s={search_term_string}\"},\"query-input\":{\"@type\":\"PropertyValueSpecification\",\"valueRequired\":true,\"valueName\":\"search_term_string\"}}],\"inLanguage\":\"pt-BR\"},{\"@type\":\"Organization\",\"@id\":\"https:\/\/rioonwatch.org.br\/#organization\",\"name\":\"RioOnWatch\",\"url\":\"https:\/\/rioonwatch.org.br\/\",\"logo\":{\"@type\":\"ImageObject\",\"inLanguage\":\"pt-BR\",\"@id\":\"https:\/\/rioonwatch.org.br\/#\/schema\/logo\/image\/\",\"url\":\"https:\/\/rioonwatch.org.br\/wp-content\/uploads\/2021\/06\/RioOnWatchcabecalhoPT11anos-2.png\",\"contentUrl\":\"https:\/\/rioonwatch.org.br\/wp-content\/uploads\/2021\/06\/RioOnWatchcabecalhoPT11anos-2.png\",\"width\":779,\"height\":277,\"caption\":\"RioOnWatch\"},\"image\":{\"@id\":\"https:\/\/rioonwatch.org.br\/#\/schema\/logo\/image\/\"}},{\"@type\":\"Person\",\"@id\":\"https:\/\/rioonwatch.org.br\/#\/schema\/person\/4d05cf5053c358ab740b3edd75a173f2\",\"name\":\"Felicity\",\"image\":{\"@type\":\"ImageObject\",\"inLanguage\":\"pt-BR\",\"@id\":\"https:\/\/rioonwatch.org.br\/#\/schema\/person\/image\/\",\"url\":\"https:\/\/secure.gravatar.com\/avatar\/bfc904486dc0bba6015410a00fe3fc27?s=96&d=blank&r=g\",\"contentUrl\":\"https:\/\/secure.gravatar.com\/avatar\/bfc904486dc0bba6015410a00fe3fc27?s=96&d=blank&r=g\",\"caption\":\"Felicity\"},\"url\":\"https:\/\/rioonwatch.org.br\/?author=132\"}]}<\/script>\n<!-- \/ Yoast SEO plugin. -->","yoast_head_json":{"title":"Moradores de Favela Protestam contra a Viol\u00eancia Policial e os Impactos da Copa do Mundo - RioOnWatch","robots":{"index":"index","follow":"follow","max-snippet":"max-snippet:-1","max-image-preview":"max-image-preview:large","max-video-preview":"max-video-preview:-1"},"canonical":"https:\/\/rioonwatch.org.br\/?p=11711","og_locale":"pt_BR","og_type":"article","og_title":"Moradores de Favela Protestam contra a Viol\u00eancia Policial e os Impactos da Copa do Mundo - RioOnWatch","og_description":"Click Here for English No dia 23 de junho, na v\u00e9spera do anivers\u00e1rio de um ano da opera\u00e7\u00e3o policial que matou 10 pessoas na Mar\u00e9, uma manifesta\u00e7\u00e3o ocorreu no\u00a0Chap\u00e9u-Mangueira na Zona Sul do Rio. O [...]","og_url":"https:\/\/rioonwatch.org.br\/?p=11711","og_site_name":"RioOnWatch","article_published_time":"2014-06-30T20:03:08+00:00","article_modified_time":"2015-12-24T01:20:28+00:00","og_image":[{"width":620,"height":349,"url":"https:\/\/rioonwatch.org.br\/wp-content\/uploads\/2014\/07\/P6233621.jpg","type":"image\/jpeg"}],"author":"Felicity","twitter_card":"summary_large_image","twitter_misc":{"Escrito por":"Felicity","Est. tempo de leitura":"4 minutos"},"schema":{"@context":"https:\/\/schema.org","@graph":[{"@type":"Article","@id":"https:\/\/rioonwatch.org.br\/?p=11711#article","isPartOf":{"@id":"https:\/\/rioonwatch.org.br\/?p=11711"},"author":{"name":"Felicity","@id":"https:\/\/rioonwatch.org.br\/#\/schema\/person\/4d05cf5053c358ab740b3edd75a173f2"},"headline":"Moradores de Favela Protestam contra a Viol\u00eancia Policial e os Impactos da Copa do Mundo","datePublished":"2014-06-30T20:03:08+00:00","dateModified":"2015-12-24T01:20:28+00:00","mainEntityOfPage":{"@id":"https:\/\/rioonwatch.org.br\/?p=11711"},"wordCount":793,"publisher":{"@id":"https:\/\/rioonwatch.org.br\/#organization"},"image":{"@id":"https:\/\/rioonwatch.org.br\/?p=11711#primaryimage"},"thumbnailUrl":"https:\/\/rioonwatch.org.br\/wp-content\/uploads\/2014\/07\/P6233621.jpg","keywords":["#Cad\u00eaAmarildo","Chap\u00e9u Mangueira","Complexo da Mar\u00e9","Complexo do Alem\u00e3o","Manguinhos","Pav\u00e3o-Pav\u00e3ozinho","Pol\u00edcia Militar","protesto","Rocinha","UPP","viol\u00eancia de Estado","viol\u00eancia policial"],"articleSection":["#Rio2016","Den\u00fancias","Pol\u00edticas","Seguran\u00e7a P\u00fablica"],"inLanguage":"pt-BR"},{"@type":"WebPage","@id":"https:\/\/rioonwatch.org.br\/?p=11711","url":"https:\/\/rioonwatch.org.br\/?p=11711","name":"Moradores de Favela Protestam contra a Viol\u00eancia Policial e os Impactos da Copa do Mundo - RioOnWatch","isPartOf":{"@id":"https:\/\/rioonwatch.org.br\/#website"},"primaryImageOfPage":{"@id":"https:\/\/rioonwatch.org.br\/?p=11711#primaryimage"},"image":{"@id":"https:\/\/rioonwatch.org.br\/?p=11711#primaryimage"},"thumbnailUrl":"https:\/\/rioonwatch.org.br\/wp-content\/uploads\/2014\/07\/P6233621.jpg","datePublished":"2014-06-30T20:03:08+00:00","dateModified":"2015-12-24T01:20:28+00:00","breadcrumb":{"@id":"https:\/\/rioonwatch.org.br\/?p=11711#breadcrumb"},"inLanguage":"pt-BR","potentialAction":[{"@type":"ReadAction","target":["https:\/\/rioonwatch.org.br\/?p=11711"]}]},{"@type":"ImageObject","inLanguage":"pt-BR","@id":"https:\/\/rioonwatch.org.br\/?p=11711#primaryimage","url":"https:\/\/rioonwatch.org.br\/wp-content\/uploads\/2014\/07\/P6233621.jpg","contentUrl":"https:\/\/rioonwatch.org.br\/wp-content\/uploads\/2014\/07\/P6233621.jpg","width":620,"height":349},{"@type":"BreadcrumbList","@id":"https:\/\/rioonwatch.org.br\/?p=11711#breadcrumb","itemListElement":[{"@type":"ListItem","position":1,"name":"In\u00edcio","item":"https:\/\/rioonwatch.org.br\/"},{"@type":"ListItem","position":2,"name":"Moradores de Favela Protestam contra a Viol\u00eancia Policial e os Impactos da Copa do Mundo"}]},{"@type":"WebSite","@id":"https:\/\/rioonwatch.org.br\/#website","url":"https:\/\/rioonwatch.org.br\/","name":"RioOnWatch","description":"relatos das favelas cariocas","publisher":{"@id":"https:\/\/rioonwatch.org.br\/#organization"},"potentialAction":[{"@type":"SearchAction","target":{"@type":"EntryPoint","urlTemplate":"https:\/\/rioonwatch.org.br\/?s={search_term_string}"},"query-input":{"@type":"PropertyValueSpecification","valueRequired":true,"valueName":"search_term_string"}}],"inLanguage":"pt-BR"},{"@type":"Organization","@id":"https:\/\/rioonwatch.org.br\/#organization","name":"RioOnWatch","url":"https:\/\/rioonwatch.org.br\/","logo":{"@type":"ImageObject","inLanguage":"pt-BR","@id":"https:\/\/rioonwatch.org.br\/#\/schema\/logo\/image\/","url":"https:\/\/rioonwatch.org.br\/wp-content\/uploads\/2021\/06\/RioOnWatchcabecalhoPT11anos-2.png","contentUrl":"https:\/\/rioonwatch.org.br\/wp-content\/uploads\/2021\/06\/RioOnWatchcabecalhoPT11anos-2.png","width":779,"height":277,"caption":"RioOnWatch"},"image":{"@id":"https:\/\/rioonwatch.org.br\/#\/schema\/logo\/image\/"}},{"@type":"Person","@id":"https:\/\/rioonwatch.org.br\/#\/schema\/person\/4d05cf5053c358ab740b3edd75a173f2","name":"Felicity","image":{"@type":"ImageObject","inLanguage":"pt-BR","@id":"https:\/\/rioonwatch.org.br\/#\/schema\/person\/image\/","url":"https:\/\/secure.gravatar.com\/avatar\/bfc904486dc0bba6015410a00fe3fc27?s=96&d=blank&r=g","contentUrl":"https:\/\/secure.gravatar.com\/avatar\/bfc904486dc0bba6015410a00fe3fc27?s=96&d=blank&r=g","caption":"Felicity"},"url":"https:\/\/rioonwatch.org.br\/?author=132"}]}},"_links":{"self":[{"href":"https:\/\/rioonwatch.org.br\/index.php?rest_route=\/wp\/v2\/posts\/11711"}],"collection":[{"href":"https:\/\/rioonwatch.org.br\/index.php?rest_route=\/wp\/v2\/posts"}],"about":[{"href":"https:\/\/rioonwatch.org.br\/index.php?rest_route=\/wp\/v2\/types\/post"}],"author":[{"embeddable":true,"href":"https:\/\/rioonwatch.org.br\/index.php?rest_route=\/wp\/v2\/users\/132"}],"replies":[{"embeddable":true,"href":"https:\/\/rioonwatch.org.br\/index.php?rest_route=%2Fwp%2Fv2%2Fcomments&post=11711"}],"version-history":[{"count":9,"href":"https:\/\/rioonwatch.org.br\/index.php?rest_route=\/wp\/v2\/posts\/11711\/revisions"}],"predecessor-version":[{"id":17851,"href":"https:\/\/rioonwatch.org.br\/index.php?rest_route=\/wp\/v2\/posts\/11711\/revisions\/17851"}],"wp:featuredmedia":[{"embeddable":true,"href":"https:\/\/rioonwatch.org.br\/index.php?rest_route=\/wp\/v2\/media\/11718"}],"wp:attachment":[{"href":"https:\/\/rioonwatch.org.br\/index.php?rest_route=%2Fwp%2Fv2%2Fmedia&parent=11711"}],"wp:term":[{"taxonomy":"category","embeddable":true,"href":"https:\/\/rioonwatch.org.br\/index.php?rest_route=%2Fwp%2Fv2%2Fcategories&post=11711"},{"taxonomy":"post_tag","embeddable":true,"href":"https:\/\/rioonwatch.org.br\/index.php?rest_route=%2Fwp%2Fv2%2Ftags&post=11711"},{"taxonomy":"writer","embeddable":true,"href":"https:\/\/rioonwatch.org.br\/index.php?rest_route=%2Fwp%2Fv2%2Fwriter&post=11711"},{"taxonomy":"translator","embeddable":true,"href":"https:\/\/rioonwatch.org.br\/index.php?rest_route=%2Fwp%2Fv2%2Ftranslator&post=11711"},{"taxonomy":"source","embeddable":true,"href":"https:\/\/rioonwatch.org.br\/index.php?rest_route=%2Fwp%2Fv2%2Fsource&post=11711"},{"taxonomy":"ilustrador","embeddable":true,"href":"https:\/\/rioonwatch.org.br\/index.php?rest_route=%2Fwp%2Fv2%2Filustrador&post=11711"},{"taxonomy":"fotografo","embeddable":true,"href":"https:\/\/rioonwatch.org.br\/index.php?rest_route=%2Fwp%2Fv2%2Ffotografo&post=11711"}],"curies":[{"name":"wp","href":"https:\/\/api.w.org\/{rel}","templated":true}]}}