{"id":11721,"date":"2014-07-08T09:00:48","date_gmt":"2014-07-08T12:00:48","guid":{"rendered":"http:\/\/rioonwatch.org.br\/?p=11721"},"modified":"2024-06-20T16:29:36","modified_gmt":"2024-06-20T19:29:36","slug":"chegou-a-reta-final-da-copa-o-que-aconteceu-com-favela-do-metro","status":"publish","type":"post","link":"https:\/\/rioonwatch.org.br\/?p=11721","title":{"rendered":"Chegou a Reta Final da Copa. O Que Aconteceu com a Favela do Metr\u00f4?"},"content":{"rendered":"<p style=\"text-align: right;\"><em><strong><a href=\"http:\/\/bit.ly\/1lHEk8Y\" target=\"_blank\" rel=\"noopener\">Click Here for English<img decoding=\"async\" width=\"20\" height=\"20\" class=\"alignright wp-image-15790\" src=\"http:\/\/rioonwatch.org.br\/wp-content\/uploads\/2012\/08\/EN-standard-e1439583104716.jpg\" alt=\"\" \/><\/a><\/strong><\/em><\/p>\n<h2>O despejo mais brutal do Rio &#8220;para a Copa do Mundo&#8221;<\/h2>\n<p>J\u00e1 estamos chegando nas semifinais da\u00a0<a href=\"http:\/\/bit.ly\/WfaiMR\" target=\"_blank\" rel=\"noopener\">Copa do Mundo<\/a>, e no Rio os jogos est\u00e3o sendo realizados no <a href=\"http:\/\/bit.ly\/1nid1lU\" target=\"_blank\" rel=\"noopener\">est\u00e1dio do Maracan\u00e3<\/a>, menos de 500 metros do que antigamente era a <a href=\"http:\/\/bit.ly\/13uRoVx\" target=\"_blank\" rel=\"noopener\">Favela do Metr\u00f4<\/a>. Mas a comunidade n\u00e3o foi transformada em <a href=\"http:\/\/bit.ly\/bJUqIt\" target=\"_blank\" rel=\"noopener\">estacionamento para o Maracan\u00e3<\/a> nem faixa comercial com <a href=\"http:\/\/bit.ly\/1gly94m\" target=\"_blank\" rel=\"noopener\">complexo de oficina mec\u00e2nica e parque<\/a>, as inten\u00e7\u00f5es rumores da prefeitura. N\u00e3o foi transformada em nada.<\/p>\n<p>J\u00e1 se passaram quatro anos desde quando a Favela do Metr\u00f4, tamb\u00e9m conhecida como Metr\u00f4-Mangueira, foi amea\u00e7ada pela primeira vez por autoridades municipais. A comunidade foi a primeira a <a href=\"http:\/\/bit.ly\/ijGNax\" target=\"_blank\" rel=\"noopener\">ganhar visibilidade internacional<\/a> pela dureza do processo de despejo come\u00e7ando em 2011. RioOnWatch tem seguido a situa\u00e7\u00e3o prolongada na Metr\u00f4 desde <a href=\"http:\/\/bit.ly\/bJUqIt\" target=\"_blank\" rel=\"noopener\">as demoli\u00e7\u00f5es iniciais em novembro de 2010<\/a>, a <a href=\"http:\/\/bit.ly\/IOAS87\" target=\"_blank\" rel=\"noopener\">resist\u00eancia subsequente dos moradores<\/a> \u00e0 deteriora\u00e7\u00e3o das condi\u00e7\u00f5es de vida, o resultado para <a href=\"http:\/\/bit.ly\/ZWBsGX\" target=\"_blank\" rel=\"noopener\">aqueles que foram removidos para longe<\/a>, <a href=\"http:\/\/bit.ly\/12deP67\" target=\"_blank\" rel=\"noopener\">as dificuldades cont\u00ednuas para os moradores ainda morando entre escombros que aguardavam moradia<\/a>, e <a href=\"http:\/\/bit.ly\/1iWPjJJ\" target=\"_blank\" rel=\"noopener\">o despejo violento daqueles que ocuparam a \u00e1rea<\/a> em janeiro deste ano.<\/p>\n<h3>De uma comunidade funcional a escombros<\/h3>\n<p style=\"text-align: center;\"><img fetchpriority=\"high\" decoding=\"async\" class=\"aligncenter\" title=\"Favela do Metr\u00f4 hoje\" src=\"http:\/\/www.rioonwatch.org\/wp-content\/uploads\/2014\/06\/metr%C3%B4-101-620x264.jpeg\" alt=\"\" width=\"620\" height=\"264\" \/><\/p>\n<p>Em novembro de 2010, quando come\u00e7aram as demoli\u00e7\u00f5es, 700 fam\u00edlias moravam na Favela do Metr\u00f4. Apenas alguns meses atr\u00e1s\u2014mais de tr\u00eas anos depois\u2014foram demolidas as casas restantes, deixando montes de entulho, lixo, brinquedos de crian\u00e7a e peda\u00e7os de m\u00f3veis empilhados em lotes agora vagos. RioOnWatch conversou com <a href=\"http:\/\/bit.ly\/12deP67\" target=\"_blank\" rel=\"noopener\">Eomar Freitas<\/a>, um dos \u00faltimos moradores a sair da Metr\u00f4. Com uma barba preta espessa e olhos cintilantes, Eomar falou de tr\u00e1s do balc\u00e3o do seu barzinho. O seu \u00e9 um dos \u00faltimos botecos em uma \u00e1rea que antigamente tinha 12 bares e 126 pequenos neg\u00f3cios.<\/p>\n<p>Ap\u00f3s o primeiro turno de demoli\u00e7\u00f5es, dispersas esporadicamente por toda a comunidade, as condi\u00e7\u00f5es de vida na Metr\u00f4 se deterioraram rapidamente. Descrevendo o que era viver na Metr\u00f4 durante o longo processo de <a href=\"http:\/\/bit.ly\/X51Qvb\" target=\"_blank\" rel=\"noopener\">remo\u00e7\u00f5es<\/a> e demoli\u00e7\u00f5es, Eomar disse: \u201cA gente [eu e a minha m\u00e3e] estava dormindo aqui, e o pessoal da prefeitura trabalhando, quebrando a casa do lado. Ent\u00e3o a nossa situa\u00e7\u00e3o ficou prec\u00e1ria. Come\u00e7amos a ter assaltos, usu\u00e1rios de droga come\u00e7aram a aparecer\u201d. Eomar elaborou secamente, \u201cGeralmente se fala em Sexo, Droga, e Rock e Roll. N\u00f3s tivemos o sexo e a droga, menos o Rock e Roll\u201d.<\/p>\n<p>Al\u00e9m da nova presen\u00e7a de usu\u00e1rios de drogas, prostitutas e pessoas sem-teto, os pr\u00e9dios demolidos da Metr\u00f4 logo abrigaram infesta\u00e7\u00f5es de ratos e mosquitos da dengue. A Prefeitura deixou de recolher lixo por completo, tornando as condi\u00e7\u00f5es cada vez mais dif\u00edceis de suportar para quem queria ficar. Enquanto as condi\u00e7\u00f5es pioravam, autoridades municipais citaram os mesmos efeitos de sa\u00fade criados pelas demoli\u00e7\u00f5es iniciais para justificar novas remo\u00e7\u00f5es.<\/p>\n<p>Em janeiro deste ano foi realizado o ciclo mais recente de remo\u00e7\u00f5es, com centenas de pessoas que ocupavam as propriedades semi-demolidas <a href=\"http:\/\/bit.ly\/1iWPjJJ\" target=\"_blank\" rel=\"noopener\">violentamente despejadas<\/a> pela pol\u00edcia. Aparecendo nas not\u00edcias internacionais, a pol\u00edcia utilizou balas de borracha, spray de pimenta, g\u00e1s lacrimog\u00eaneo e bombas de flash durante os despejos; nenhuma explica\u00e7\u00e3o ou recurso foi oferecido. Apesar de que o Prefeito Eduardo Paes prometeu pessoalmente que ningu\u00e9m da Metr\u00f4 estaria deixado desabrigado, as pessoas que foram removidas neste janeiro passado foram expulsas sem op\u00e7\u00e3o de reassentamento ou indeniza\u00e7\u00e3o.<\/p>\n<h3>A vida em nova habita\u00e7\u00e3o p\u00fablica<\/h3>\n<p style=\"text-align: center;\"><img decoding=\"async\" class=\"aligncenter\" title=\"Habti\u00e7\u00e3o p\u00fablica Mangueira 1\" src=\"http:\/\/www.rioonwatch.org\/wp-content\/uploads\/2014\/06\/mangueira-11-620x264.jpg\" alt=\"\" width=\"620\" height=\"264\" \/><\/p>\n<p>Entre 2010 e 2014, diferentes etapas de resist\u00eancia e remo\u00e7\u00f5es levaram resultados completamente diferentes. Aqueles que resistiram por mais tempo receberam as melhores ofertas do governo, com os \u00faltimos moradores originais, como Eomar e sua m\u00e3e, sendo reassentados nos pr\u00e9dios vizinhos, Mangueira 1 e 2, originalmente projetados para moradores de renda mais elevada. Em contraste, aqueles que foram os primeiros a sair, a maioria idosos ou em situa\u00e7\u00e3o fr\u00e1gil, foram reassentados no bairro de <a href=\"http:\/\/bit.ly\/XMxH4q\" target=\"_blank\" rel=\"noopener\">Cosmos<\/a> na Zona Oeste, h\u00e1 duas horas ou 75km de dist\u00e2ncia.<\/p>\n<p>Enquanto garantir o reassentamento na Mangueira 1 e 2 indica a efic\u00e1cia de resist\u00eancia \u00e0s remo\u00e7\u00f5es, muitos est\u00e3o infelizes com ambos a falta de comunidade e o encargo financeiro de morar ali. Questionado se ele preferia sua antiga casa ou sua situa\u00e7\u00e3o atual de habita\u00e7\u00e3o p\u00fablica, Eomar n\u00e3o hesitou: \u201cOlha, eu preferiria a minha casa. Minha casa tinha um terra\u00e7o, a gente fazia churrasco&#8230; eu preferiria minha casa. A casa era feia, era. Mas era minha. Ali n\u00e3o posso dizer que \u00e9 a minha ainda\u201d.<\/p>\n<p>Na Mangueira 1 e 2, o governo est\u00e1 cobrando R$99 por m\u00eas para condom\u00ednio e \u00e1gua, e a luz e g\u00e1s s\u00e3o custos adicionais. O custo de vida \u00e9 duas vezes maior do que era na favela, e segundo Eomar, \u201cTem muita gente n\u00e3o conseguindo pagar as contas\u201d.<\/p>\n<p>Assistindo o jogo de futebol numa mesa pequena, um dos poucos clientes do bar comentou. Ele explicou que, apesar dos custos mais altos, as pessoas est\u00e3o frustradas geralmente com a m\u00e1 qualidade de constru\u00e7\u00e3o na Mangueira 1 e 2. \u201cO ch\u00e3o \u00e9 como o daqui, mas l\u00e1, se voc\u00ea tenta mexer com ele, a coisa inteira sai. A gente tem medo de colocar pregos nas paredes pois eles podem atravessar\u201d. Os apartamentos de 40 metros quadrados s\u00e3o menores que as antigas casas de muitos moradores na favela. Perguntado como sua situa\u00e7\u00e3o atual compara com sua antiga casa na Metr\u00f4, tudo que ele tinha a dizer era, \u201c\u00e9 pior\u201d. Dificilmente uma resposta animadora, particularmente porque o pr\u00e9dio do qual se trata \u00e9 um &#8220;exemplo&#8221; de habita\u00e7\u00e3o p\u00fablica do Rio.<\/p>\n<h3>Sem transpar\u00eancia sobre os motivos de despejo<\/h3>\n<p style=\"text-align: center;\"><img loading=\"lazy\" decoding=\"async\" class=\"aligncenter\" title=\"Contratantes da prefeitura trabalhando no terreno do Metr\u00f4\" src=\"http:\/\/www.rioonwatch.org\/wp-content\/uploads\/2014\/06\/metr%C3%B4-11-620x264.jpeg\" alt=\"\" width=\"620\" height=\"264\" \/><\/p>\n<p>Pode-se supor que o governo deve ter um motivo muito bom para esfor\u00e7ar-se tanto para remover a Favela do Metr\u00f4. Mas a Prefeitura at\u00e9 hoje n\u00e3o ofereceu uma explica\u00e7\u00e3o consistente para essas remo\u00e7\u00f5es, ao inv\u00e9s disso fazendo promessas conflitantes ao longo dos \u00faltimos quatro anos. O rumor mais persistente foi que o governo queria transformar a Metr\u00f4 em um estacionamento para o Est\u00e1dio do Maracan\u00e3 para a Copa do Mundo. Eomar relatou, \u201cAl\u00e9m disso, houve muitas est\u00f3rias. E agora tamb\u00e9m. Est\u00e3o dizendo que est\u00e3o fechando ali para fazer estacionamento&#8230; Mas isso n\u00e3o \u00e9 certeza. O pessoal que trabalha aqui comenta\u201d.<\/p>\n<p>H\u00e1 duas semanas, os trabalhadores da Secretaria Municipal de Obras come\u00e7aram a trabalhar no limite mais distante da Metr\u00f4. Mais uma vez, os empres\u00e1rios e ex-moradores n\u00e3o foram informados sobre esta nova constru\u00e7\u00e3o. Quando aproximado, um dos trabalhadores disse que a \u00e1rea vai ser um \u201cestacionamento para as <a href=\"http:\/\/bit.ly\/PkLXlQ\" target=\"_blank\" rel=\"noopener\">Olimp\u00edadas<\/a>\u201d. Isso contradiz o decreto municipal de setembro do ano passado, que declarou que a \u00e1rea se tornaria um complexo de oficinas mec\u00e2nicas e um parque. Esta mudan\u00e7a de hist\u00f3ria mais recente reflete a falta de vontade do governo a admitir que at\u00e9 agora n\u00e3o foi produzido nenhum resultado, apesar de ter gerado algumas das remo\u00e7\u00f5es mais desumanas dos \u00faltimos anos.<\/p>\n<p>Os trabalhados da Secretaria Municipal de Obras presente na Metr\u00f4 representa apenas uma fra\u00e7\u00e3o de 2.000 pessoas empregadas pela Prefeitura para realizar demoli\u00e7\u00f5es e constru\u00e7\u00e3o em nome da Prefeitura. Muitos desses trabalhadores moram em favelas. Questionado sobre como ele se sentia em rela\u00e7\u00e3o a realizar as demoli\u00e7\u00f5es de casas de moradores em outras comunidades, um trabalhador respondeu: &#8220;\u00c9 constrangedor&#8221;.<\/p>\n<h3>A press\u00e3o sobre as empresas para sair<\/h3>\n<p style=\"text-align: center;\"><img loading=\"lazy\" decoding=\"async\" class=\"aligncenter\" title=\"Eomar Freitas segura nota de interdi\u00e7\u00e3o\" src=\"http:\/\/www.rioonwatch.org\/wp-content\/uploads\/2014\/06\/metr%C3%B4-161.jpeg\" alt=\"\" width=\"620\" height=\"264\" \/><\/p>\n<p>Do lado da Metr\u00f4, os propriet\u00e1rios das micro-empresas ainda abertas, principalmente lojas de pe\u00e7as de autom\u00f3veis e oficinas mec\u00e2nicas, est\u00e3o fazendo seu melhor para permanecer abertas. Para Eomar, o neg\u00f3cio \u201ccaiu 95 por cento\u201d porque seus clientes eram os moradores da Metr\u00f4, e outros empres\u00e1rios n\u00e3o est\u00e3o se saindo muito melhor. Embora o decreto municipal sobre a utiliza\u00e7\u00e3o de espa\u00e7o na Metr\u00f4 confirma o direito destas oficinas mec\u00e2nicas a permanecer como parte de um menor \u201cParque Linear Automotivo Metr\u00f4-Mangueira\u201d, a Prefeitura est\u00e1 ativamente tentando empurrar as empresas para fora. Todo dia, um oficial vem multar todos os carros estacionados na rua sendo atendidos pelas oficinas. Estas multas variam de R$85, se forem pagas imediatamente, a R$127-130, se forem contestadas.<\/p>\n<p>Eomar compartilhou sua pr\u00f3pria experi\u00eancia com essa nova t\u00e1tica. Em um momento durante as demoli\u00e7\u00f5es, entulho tinha ca\u00eddo no seu carro, ent\u00e3o ele o mudou para a rua. Foi multado prontamente. Para empres\u00e1rios que j\u00e1 est\u00e3o sofrendo de renda em decl\u00ednio e habita\u00e7\u00e3o mais cara, estas multas s\u00e3o uma amea\u00e7a grave \u00e0 sua capacidade ao longo prazo de se manter \u00e0 tona.<\/p>\n<p>Antes que sa\u00edmos, Eomar indicou dois p\u00f4steres de futebol pendurados atr\u00e1s dele&#8211;Cristiano Ronaldo de Portugal e Lionel Messi da Argentina&#8211;sem nenhum jogador brasileiro nem cores da sele\u00e7\u00e3o \u00e0 vista. \u201cIsso \u00e9 o que eu sinto em rela\u00e7\u00e3o \u00e0 Copa.\u201d<\/p>\n<p>Eomar teve mais uma observa\u00e7\u00e3o arrepiante. \u201cQuer dizer, muitos moradores que moravam aqui, valem menos do que um estacionamento.\u201d Um estacionamento que, entrando na reta final da Copa do Mundo, nem foi constru\u00eddo.<\/p>\n<!-- AddThis Advanced Settings generic via filter on the_content --><!-- AddThis Share Buttons generic via filter on the_content -->","protected":false},"excerpt":{"rendered":"<div class=\"mh-excerpt\"><p>Click Here for English O despejo mais brutal do Rio &#8220;para a Copa do Mundo&#8221; J\u00e1 estamos chegando nas semifinais da\u00a0Copa do Mundo, e no Rio os jogos est\u00e3o sendo realizados no est\u00e1dio do Maracan\u00e3, <a class=\"mh-excerpt-more\" href=\"https:\/\/rioonwatch.org.br\/?p=11721\" title=\"Chegou a Reta Final da Copa. O Que Aconteceu com a Favela do Metr\u00f4?\">[&#8230;]<\/a><!-- AddThis Advanced Settings generic via filter on get_the_excerpt --><!-- AddThis Share Buttons generic via filter on get_the_excerpt --><\/p>\n<\/div>","protected":false},"author":132,"featured_media":16013,"comment_status":"closed","ping_status":"closed","sticky":false,"template":"","format":"standard","meta":{"_acf_changed":false,"_monsterinsights_skip_tracking":false,"_monsterinsights_sitenote_active":false,"_monsterinsights_sitenote_note":"","_monsterinsights_sitenote_category":0,"footnotes":""},"categories":[1614,1635,346,344],"tags":[389,247,484,437,994,466,1240,78,14,499,305,729,218],"writer":[1160],"translator":[884],"source":[],"ilustrador":[],"fotografo":[],"class_list":{"0":"post-11721","1":"post","2":"type-post","3":"status-publish","4":"format-standard","5":"has-post-thumbnail","7":"category-olhonasremocoes","8":"category-1635","9":"category-denuncias","10":"category-politicas","11":"tag-copa-do-mundo","12":"tag-cosmos","13":"tag-prefeito-eduardo-paes","14":"tag-favela-do-metro","15":"tag-habitacao-publica","16":"tag-maracana","17":"tag-megaeventos","18":"tag-olimpiadas","19":"tag-remocao","20":"tag-terror-psicologico","21":"tag-transparencia","22":"tag-vidas-que-nao-podem-ser-substituidas-em-habitacao-publica","23":"tag-zona-norte","24":"writer-elena-hodges","25":"translator-kayla-boisvert"},"acf":[],"yoast_head":"<!-- This site is optimized with the Yoast SEO plugin v25.6 - https:\/\/yoast.com\/wordpress\/plugins\/seo\/ -->\n<title>Chegou a Reta Final da Copa. O Que Aconteceu com a Favela do Metr\u00f4? - RioOnWatch<\/title>\n<meta name=\"robots\" content=\"index, follow, max-snippet:-1, max-image-preview:large, max-video-preview:-1\" \/>\n<link rel=\"canonical\" href=\"https:\/\/rioonwatch.org.br\/?p=11721\" \/>\n<meta property=\"og:locale\" content=\"pt_BR\" \/>\n<meta property=\"og:type\" content=\"article\" \/>\n<meta property=\"og:title\" content=\"Chegou a Reta Final da Copa. O Que Aconteceu com a Favela do Metr\u00f4? - RioOnWatch\" \/>\n<meta property=\"og:description\" content=\"Click Here for English O despejo mais brutal do Rio &#8220;para a Copa do Mundo&#8221; J\u00e1 estamos chegando nas semifinais da\u00a0Copa do Mundo, e no Rio os jogos est\u00e3o sendo realizados no est\u00e1dio do Maracan\u00e3, [...]\" \/>\n<meta property=\"og:url\" content=\"https:\/\/rioonwatch.org.br\/?p=11721\" \/>\n<meta property=\"og:site_name\" content=\"RioOnWatch\" \/>\n<meta property=\"article:published_time\" content=\"2014-07-08T12:00:48+00:00\" \/>\n<meta property=\"article:modified_time\" content=\"2024-06-20T19:29:36+00:00\" \/>\n<meta property=\"og:image\" content=\"https:\/\/rioonwatch.org.br\/wp-content\/uploads\/2014\/07\/metro.jpeg\" \/>\n\t<meta property=\"og:image:width\" content=\"620\" \/>\n\t<meta property=\"og:image:height\" content=\"265\" \/>\n\t<meta property=\"og:image:type\" content=\"image\/jpeg\" \/>\n<meta name=\"author\" content=\"Felicity\" \/>\n<meta name=\"twitter:card\" content=\"summary_large_image\" \/>\n<meta name=\"twitter:label1\" content=\"Escrito por\" \/>\n\t<meta name=\"twitter:data1\" content=\"Felicity\" \/>\n\t<meta name=\"twitter:label2\" content=\"Est. tempo de leitura\" \/>\n\t<meta name=\"twitter:data2\" content=\"8 minutos\" \/>\n<script type=\"application\/ld+json\" class=\"yoast-schema-graph\">{\"@context\":\"https:\/\/schema.org\",\"@graph\":[{\"@type\":\"Article\",\"@id\":\"https:\/\/rioonwatch.org.br\/?p=11721#article\",\"isPartOf\":{\"@id\":\"https:\/\/rioonwatch.org.br\/?p=11721\"},\"author\":{\"name\":\"Felicity\",\"@id\":\"https:\/\/rioonwatch.org.br\/#\/schema\/person\/4d05cf5053c358ab740b3edd75a173f2\"},\"headline\":\"Chegou a Reta Final da Copa. O Que Aconteceu com a Favela do Metr\u00f4?\",\"datePublished\":\"2014-07-08T12:00:48+00:00\",\"dateModified\":\"2024-06-20T19:29:36+00:00\",\"mainEntityOfPage\":{\"@id\":\"https:\/\/rioonwatch.org.br\/?p=11721\"},\"wordCount\":1557,\"publisher\":{\"@id\":\"https:\/\/rioonwatch.org.br\/#organization\"},\"image\":{\"@id\":\"https:\/\/rioonwatch.org.br\/?p=11721#primaryimage\"},\"thumbnailUrl\":\"https:\/\/rioonwatch.org.br\/wp-content\/uploads\/2014\/07\/metro.jpeg\",\"keywords\":[\"Copa do Mundo\",\"Cosmos\",\"Eduardo Paes\",\"Favela do Metr\u00f4\",\"habita\u00e7\u00e3o p\u00fablica\",\"Maracan\u00e3\",\"Megaeventos\",\"Olimp\u00edadas\",\"Remo\u00e7\u00e3o\",\"terror psicol\u00f3gico\",\"transpar\u00eancia\",\"Vidas que n\u00e3o podem ser substitu\u00eddas em habita\u00e7\u00e3o p\u00fablica\",\"Zona Norte\"],\"articleSection\":[\"#OlhoNasRemo\u00e7\u00f5es\",\"#Rio2016\",\"Den\u00fancias\",\"Pol\u00edticas\"],\"inLanguage\":\"pt-BR\"},{\"@type\":\"WebPage\",\"@id\":\"https:\/\/rioonwatch.org.br\/?p=11721\",\"url\":\"https:\/\/rioonwatch.org.br\/?p=11721\",\"name\":\"Chegou a Reta Final da Copa. O Que Aconteceu com a Favela do Metr\u00f4? - RioOnWatch\",\"isPartOf\":{\"@id\":\"https:\/\/rioonwatch.org.br\/#website\"},\"primaryImageOfPage\":{\"@id\":\"https:\/\/rioonwatch.org.br\/?p=11721#primaryimage\"},\"image\":{\"@id\":\"https:\/\/rioonwatch.org.br\/?p=11721#primaryimage\"},\"thumbnailUrl\":\"https:\/\/rioonwatch.org.br\/wp-content\/uploads\/2014\/07\/metro.jpeg\",\"datePublished\":\"2014-07-08T12:00:48+00:00\",\"dateModified\":\"2024-06-20T19:29:36+00:00\",\"breadcrumb\":{\"@id\":\"https:\/\/rioonwatch.org.br\/?p=11721#breadcrumb\"},\"inLanguage\":\"pt-BR\",\"potentialAction\":[{\"@type\":\"ReadAction\",\"target\":[\"https:\/\/rioonwatch.org.br\/?p=11721\"]}]},{\"@type\":\"ImageObject\",\"inLanguage\":\"pt-BR\",\"@id\":\"https:\/\/rioonwatch.org.br\/?p=11721#primaryimage\",\"url\":\"https:\/\/rioonwatch.org.br\/wp-content\/uploads\/2014\/07\/metro.jpeg\",\"contentUrl\":\"https:\/\/rioonwatch.org.br\/wp-content\/uploads\/2014\/07\/metro.jpeg\",\"width\":620,\"height\":265},{\"@type\":\"BreadcrumbList\",\"@id\":\"https:\/\/rioonwatch.org.br\/?p=11721#breadcrumb\",\"itemListElement\":[{\"@type\":\"ListItem\",\"position\":1,\"name\":\"In\u00edcio\",\"item\":\"https:\/\/rioonwatch.org.br\/\"},{\"@type\":\"ListItem\",\"position\":2,\"name\":\"Chegou a Reta Final da Copa. O Que Aconteceu com a Favela do Metr\u00f4?\"}]},{\"@type\":\"WebSite\",\"@id\":\"https:\/\/rioonwatch.org.br\/#website\",\"url\":\"https:\/\/rioonwatch.org.br\/\",\"name\":\"RioOnWatch\",\"description\":\"relatos das favelas cariocas\",\"publisher\":{\"@id\":\"https:\/\/rioonwatch.org.br\/#organization\"},\"potentialAction\":[{\"@type\":\"SearchAction\",\"target\":{\"@type\":\"EntryPoint\",\"urlTemplate\":\"https:\/\/rioonwatch.org.br\/?s={search_term_string}\"},\"query-input\":{\"@type\":\"PropertyValueSpecification\",\"valueRequired\":true,\"valueName\":\"search_term_string\"}}],\"inLanguage\":\"pt-BR\"},{\"@type\":\"Organization\",\"@id\":\"https:\/\/rioonwatch.org.br\/#organization\",\"name\":\"RioOnWatch\",\"url\":\"https:\/\/rioonwatch.org.br\/\",\"logo\":{\"@type\":\"ImageObject\",\"inLanguage\":\"pt-BR\",\"@id\":\"https:\/\/rioonwatch.org.br\/#\/schema\/logo\/image\/\",\"url\":\"https:\/\/rioonwatch.org.br\/wp-content\/uploads\/2021\/06\/RioOnWatchcabecalhoPT11anos-2.png\",\"contentUrl\":\"https:\/\/rioonwatch.org.br\/wp-content\/uploads\/2021\/06\/RioOnWatchcabecalhoPT11anos-2.png\",\"width\":779,\"height\":277,\"caption\":\"RioOnWatch\"},\"image\":{\"@id\":\"https:\/\/rioonwatch.org.br\/#\/schema\/logo\/image\/\"}},{\"@type\":\"Person\",\"@id\":\"https:\/\/rioonwatch.org.br\/#\/schema\/person\/4d05cf5053c358ab740b3edd75a173f2\",\"name\":\"Felicity\",\"image\":{\"@type\":\"ImageObject\",\"inLanguage\":\"pt-BR\",\"@id\":\"https:\/\/rioonwatch.org.br\/#\/schema\/person\/image\/\",\"url\":\"https:\/\/secure.gravatar.com\/avatar\/bfc904486dc0bba6015410a00fe3fc27?s=96&d=blank&r=g\",\"contentUrl\":\"https:\/\/secure.gravatar.com\/avatar\/bfc904486dc0bba6015410a00fe3fc27?s=96&d=blank&r=g\",\"caption\":\"Felicity\"},\"url\":\"https:\/\/rioonwatch.org.br\/?author=132\"}]}<\/script>\n<!-- \/ Yoast SEO plugin. -->","yoast_head_json":{"title":"Chegou a Reta Final da Copa. O Que Aconteceu com a Favela do Metr\u00f4? - RioOnWatch","robots":{"index":"index","follow":"follow","max-snippet":"max-snippet:-1","max-image-preview":"max-image-preview:large","max-video-preview":"max-video-preview:-1"},"canonical":"https:\/\/rioonwatch.org.br\/?p=11721","og_locale":"pt_BR","og_type":"article","og_title":"Chegou a Reta Final da Copa. O Que Aconteceu com a Favela do Metr\u00f4? - RioOnWatch","og_description":"Click Here for English O despejo mais brutal do Rio &#8220;para a Copa do Mundo&#8221; J\u00e1 estamos chegando nas semifinais da\u00a0Copa do Mundo, e no Rio os jogos est\u00e3o sendo realizados no est\u00e1dio do Maracan\u00e3, [...]","og_url":"https:\/\/rioonwatch.org.br\/?p=11721","og_site_name":"RioOnWatch","article_published_time":"2014-07-08T12:00:48+00:00","article_modified_time":"2024-06-20T19:29:36+00:00","og_image":[{"width":620,"height":265,"url":"https:\/\/rioonwatch.org.br\/wp-content\/uploads\/2014\/07\/metro.jpeg","type":"image\/jpeg"}],"author":"Felicity","twitter_card":"summary_large_image","twitter_misc":{"Escrito por":"Felicity","Est. tempo de leitura":"8 minutos"},"schema":{"@context":"https:\/\/schema.org","@graph":[{"@type":"Article","@id":"https:\/\/rioonwatch.org.br\/?p=11721#article","isPartOf":{"@id":"https:\/\/rioonwatch.org.br\/?p=11721"},"author":{"name":"Felicity","@id":"https:\/\/rioonwatch.org.br\/#\/schema\/person\/4d05cf5053c358ab740b3edd75a173f2"},"headline":"Chegou a Reta Final da Copa. O Que Aconteceu com a Favela do Metr\u00f4?","datePublished":"2014-07-08T12:00:48+00:00","dateModified":"2024-06-20T19:29:36+00:00","mainEntityOfPage":{"@id":"https:\/\/rioonwatch.org.br\/?p=11721"},"wordCount":1557,"publisher":{"@id":"https:\/\/rioonwatch.org.br\/#organization"},"image":{"@id":"https:\/\/rioonwatch.org.br\/?p=11721#primaryimage"},"thumbnailUrl":"https:\/\/rioonwatch.org.br\/wp-content\/uploads\/2014\/07\/metro.jpeg","keywords":["Copa do Mundo","Cosmos","Eduardo Paes","Favela do Metr\u00f4","habita\u00e7\u00e3o p\u00fablica","Maracan\u00e3","Megaeventos","Olimp\u00edadas","Remo\u00e7\u00e3o","terror psicol\u00f3gico","transpar\u00eancia","Vidas que n\u00e3o podem ser substitu\u00eddas em habita\u00e7\u00e3o p\u00fablica","Zona Norte"],"articleSection":["#OlhoNasRemo\u00e7\u00f5es","#Rio2016","Den\u00fancias","Pol\u00edticas"],"inLanguage":"pt-BR"},{"@type":"WebPage","@id":"https:\/\/rioonwatch.org.br\/?p=11721","url":"https:\/\/rioonwatch.org.br\/?p=11721","name":"Chegou a Reta Final da Copa. O Que Aconteceu com a Favela do Metr\u00f4? - RioOnWatch","isPartOf":{"@id":"https:\/\/rioonwatch.org.br\/#website"},"primaryImageOfPage":{"@id":"https:\/\/rioonwatch.org.br\/?p=11721#primaryimage"},"image":{"@id":"https:\/\/rioonwatch.org.br\/?p=11721#primaryimage"},"thumbnailUrl":"https:\/\/rioonwatch.org.br\/wp-content\/uploads\/2014\/07\/metro.jpeg","datePublished":"2014-07-08T12:00:48+00:00","dateModified":"2024-06-20T19:29:36+00:00","breadcrumb":{"@id":"https:\/\/rioonwatch.org.br\/?p=11721#breadcrumb"},"inLanguage":"pt-BR","potentialAction":[{"@type":"ReadAction","target":["https:\/\/rioonwatch.org.br\/?p=11721"]}]},{"@type":"ImageObject","inLanguage":"pt-BR","@id":"https:\/\/rioonwatch.org.br\/?p=11721#primaryimage","url":"https:\/\/rioonwatch.org.br\/wp-content\/uploads\/2014\/07\/metro.jpeg","contentUrl":"https:\/\/rioonwatch.org.br\/wp-content\/uploads\/2014\/07\/metro.jpeg","width":620,"height":265},{"@type":"BreadcrumbList","@id":"https:\/\/rioonwatch.org.br\/?p=11721#breadcrumb","itemListElement":[{"@type":"ListItem","position":1,"name":"In\u00edcio","item":"https:\/\/rioonwatch.org.br\/"},{"@type":"ListItem","position":2,"name":"Chegou a Reta Final da Copa. O Que Aconteceu com a Favela do Metr\u00f4?"}]},{"@type":"WebSite","@id":"https:\/\/rioonwatch.org.br\/#website","url":"https:\/\/rioonwatch.org.br\/","name":"RioOnWatch","description":"relatos das favelas cariocas","publisher":{"@id":"https:\/\/rioonwatch.org.br\/#organization"},"potentialAction":[{"@type":"SearchAction","target":{"@type":"EntryPoint","urlTemplate":"https:\/\/rioonwatch.org.br\/?s={search_term_string}"},"query-input":{"@type":"PropertyValueSpecification","valueRequired":true,"valueName":"search_term_string"}}],"inLanguage":"pt-BR"},{"@type":"Organization","@id":"https:\/\/rioonwatch.org.br\/#organization","name":"RioOnWatch","url":"https:\/\/rioonwatch.org.br\/","logo":{"@type":"ImageObject","inLanguage":"pt-BR","@id":"https:\/\/rioonwatch.org.br\/#\/schema\/logo\/image\/","url":"https:\/\/rioonwatch.org.br\/wp-content\/uploads\/2021\/06\/RioOnWatchcabecalhoPT11anos-2.png","contentUrl":"https:\/\/rioonwatch.org.br\/wp-content\/uploads\/2021\/06\/RioOnWatchcabecalhoPT11anos-2.png","width":779,"height":277,"caption":"RioOnWatch"},"image":{"@id":"https:\/\/rioonwatch.org.br\/#\/schema\/logo\/image\/"}},{"@type":"Person","@id":"https:\/\/rioonwatch.org.br\/#\/schema\/person\/4d05cf5053c358ab740b3edd75a173f2","name":"Felicity","image":{"@type":"ImageObject","inLanguage":"pt-BR","@id":"https:\/\/rioonwatch.org.br\/#\/schema\/person\/image\/","url":"https:\/\/secure.gravatar.com\/avatar\/bfc904486dc0bba6015410a00fe3fc27?s=96&d=blank&r=g","contentUrl":"https:\/\/secure.gravatar.com\/avatar\/bfc904486dc0bba6015410a00fe3fc27?s=96&d=blank&r=g","caption":"Felicity"},"url":"https:\/\/rioonwatch.org.br\/?author=132"}]}},"_links":{"self":[{"href":"https:\/\/rioonwatch.org.br\/index.php?rest_route=\/wp\/v2\/posts\/11721"}],"collection":[{"href":"https:\/\/rioonwatch.org.br\/index.php?rest_route=\/wp\/v2\/posts"}],"about":[{"href":"https:\/\/rioonwatch.org.br\/index.php?rest_route=\/wp\/v2\/types\/post"}],"author":[{"embeddable":true,"href":"https:\/\/rioonwatch.org.br\/index.php?rest_route=\/wp\/v2\/users\/132"}],"replies":[{"embeddable":true,"href":"https:\/\/rioonwatch.org.br\/index.php?rest_route=%2Fwp%2Fv2%2Fcomments&post=11721"}],"version-history":[{"count":12,"href":"https:\/\/rioonwatch.org.br\/index.php?rest_route=\/wp\/v2\/posts\/11721\/revisions"}],"predecessor-version":[{"id":74341,"href":"https:\/\/rioonwatch.org.br\/index.php?rest_route=\/wp\/v2\/posts\/11721\/revisions\/74341"}],"wp:featuredmedia":[{"embeddable":true,"href":"https:\/\/rioonwatch.org.br\/index.php?rest_route=\/wp\/v2\/media\/16013"}],"wp:attachment":[{"href":"https:\/\/rioonwatch.org.br\/index.php?rest_route=%2Fwp%2Fv2%2Fmedia&parent=11721"}],"wp:term":[{"taxonomy":"category","embeddable":true,"href":"https:\/\/rioonwatch.org.br\/index.php?rest_route=%2Fwp%2Fv2%2Fcategories&post=11721"},{"taxonomy":"post_tag","embeddable":true,"href":"https:\/\/rioonwatch.org.br\/index.php?rest_route=%2Fwp%2Fv2%2Ftags&post=11721"},{"taxonomy":"writer","embeddable":true,"href":"https:\/\/rioonwatch.org.br\/index.php?rest_route=%2Fwp%2Fv2%2Fwriter&post=11721"},{"taxonomy":"translator","embeddable":true,"href":"https:\/\/rioonwatch.org.br\/index.php?rest_route=%2Fwp%2Fv2%2Ftranslator&post=11721"},{"taxonomy":"source","embeddable":true,"href":"https:\/\/rioonwatch.org.br\/index.php?rest_route=%2Fwp%2Fv2%2Fsource&post=11721"},{"taxonomy":"ilustrador","embeddable":true,"href":"https:\/\/rioonwatch.org.br\/index.php?rest_route=%2Fwp%2Fv2%2Filustrador&post=11721"},{"taxonomy":"fotografo","embeddable":true,"href":"https:\/\/rioonwatch.org.br\/index.php?rest_route=%2Fwp%2Fv2%2Ffotografo&post=11721"}],"curies":[{"name":"wp","href":"https:\/\/api.w.org\/{rel}","templated":true}]}}