{"id":11751,"date":"2014-07-02T01:41:25","date_gmt":"2014-07-02T04:41:25","guid":{"rendered":"http:\/\/rioonwatch.org.br\/?p=11751"},"modified":"2015-12-23T22:18:06","modified_gmt":"2015-12-24T01:18:06","slug":"teleferico-na-providencia-sera-lancado-hoje-mobilidade-urbana-ou-turismo","status":"publish","type":"post","link":"https:\/\/rioonwatch.org.br\/?p=11751","title":{"rendered":"Telef\u00e9rico na Provid\u00eancia ser\u00e1 Lan\u00e7ado Hoje: Mobilidade Urbana ou Turismo?"},"content":{"rendered":"<p style=\"text-align: right;\"><em><strong><a href=\"http:\/\/bit.ly\/1pH4P0S\" \ntarget=\"_blank\">Click Here for English<img decoding=\"async\" width=\"20\" height=\"20\" class=\"alignright wp-image-15790\" src=\"http:\/\/rioonwatch.org.br\/wp-content\/uploads\/2012\/08\/EN-standard-e1439583104716.jpg\" alt=\"\" \/><\/a><\/strong><\/em><\/p>\n<p dir=\"ltr\">Desde sua primeira corrida em 1912, o famoso bondinho do P\u00e3o de A\u00e7\u00facar j\u00e1 realizou in\u00fameras viagens levando milhares de turistas para apreciar a vista panor\u00e2mica do Rio de Janeiro do topo da ic\u00f4nica montanha. Enquanto isso, desde conclu\u00edda a obra, em 2012, o <a href=\"http:\/\/bit.ly\/Sh0wXv\" target=\"_blank\">telef\u00e9rico<\/a> da favela <a href=\"http:\/\/bit.ly\/NYTProvidencia\" target=\"_blank\">mais hist\u00f3rica do Rio<\/a>, o <a href=\"http:\/\/bit.ly\/UiTCSh\" target=\"_blank\">Morro da Provid\u00eancia<\/a>, s\u00f3 realizou um punhado de viagens teste. S\u00f3 agora, depois de mais de 18 meses conclu\u00edda, o lan\u00e7amento foi anunciado, deixando muitos c\u00e9ticos em rela\u00e7\u00e3o as inten\u00e7\u00f5es, se perguntando &#8220;Por que <em>Agora<\/em>?&#8221; Telef\u00e9ricos como uma\u00a0<a href=\"http:\/\/bit.ly\/17fLxRI\" target=\"_blank\">solu\u00e7\u00e3o inovadora para mobilidade<\/a> urbana&#8211;como o da Provid\u00eancia est\u00e1 sendo anunciado&#8211;vem, recentemente, se tornando comuns na Am\u00e9rica Latina. Por\u00e9m, h\u00e1 sinais que os novos bondes nas favelas do Rio s\u00e3o intencionados, principalmente, para manter a tradi\u00e7\u00e3o do turismo&#8211;e da pol\u00edtica.<\/p>\n<p dir=\"ltr\">A Companhia de Desenvolvimento Urbano da Regi\u00e3o do Porto do Rio de Janeiro (CDURP)\u00a0<a href=\"http:\/\/bit.ly\/1yL18Jj\" target=\"_blank\">anunciou na quinta-feira, 19 de junho<\/a>, que o lan\u00e7amento do telef\u00e9rico da Provid\u00eancia estava dependendo apenas de mais testes depois que algumas mudan\u00e7as no gerador de energia que abastece os bondes foi feita. Segundo a <a href=\"http:\/\/bit.ly\/TgCC1E\" target=\"_blank\">CDURP<\/a>, a <a href=\"http:\/\/bit.ly\/1mcdtft\" target=\"_blank\">Concession\u00e1ria Porto Novo<\/a> ser\u00e1 respons\u00e1vel pelo servi\u00e7o operacional. O governo da cidade anunciou <a href=\"http:\/\/glo.bo\/1lnRJ4J\" target=\"_blank\">em maio<\/a> que o sistema seria lan\u00e7ado no mesmo m\u00eas explicando que nenhuma companhia tinha sido escolhida para se responsabilizar pelo servi\u00e7o operacional e de manuten\u00e7\u00e3o. Contudo, a situa\u00e7\u00e3o progrediu e a data de lan\u00e7amento foi anunciada para <a href=\"http:\/\/bit.ly\/1vsapkY\" target=\"_blank\">hoje<\/a>, dia 2 de julho, \u00e0s 9h, na Esta\u00e7\u00e3o Gamboa do telef\u00e9rico.<\/p>\n<p dir=\"ltr\">O projeto que tanto atrasou foi financiado atrav\u00e9s do programa <a href=\"http:\/\/bit.ly\/104CmUd\" target=\"_blank\">Morar Carioca<\/a>, da Prefeitura do Rio, que tem como objetivo melhorar a infraestrutura e promover integra\u00e7\u00e3o social nas favelas do Rio. Dos R$163 milh\u00f5es investidos na Provid\u00eancia atrav\u00e9s do Morar Carioca, a constru\u00e7\u00e3o do telef\u00e9rico custou R$75 milh\u00f5es, quase a metade do valor total. O telef\u00e9rico \u00e9 listado como um dos projetos especiais no <a href=\"http:\/\/bit.ly\/TgCC1E\" target=\"_blank\">site oficial do Porto Maravilha<\/a>. O Porto Maravilha \u00e9 um outro programa da Prefeitura que visa renovar a regi\u00e3o do Porto circundante a Provid\u00eancia antes das <a href=\"http:\/\/bit.ly\/PkLXlQ\" target=\"_blank\">Olimp\u00edadas de 2016<\/a>. Maur\u00edcio Hora, um antigo morador e fot\u00f3grafo conhecido, discursou em um <a href=\"http:\/\/bit.ly\/1o9BEzA\" target=\"_blank\">evento em abril<\/a> sobre a desafiante disparidade entre a Provid\u00eancia tentar melhorar os servi\u00e7os b\u00e1sicos da favela atrav\u00e9s do Morar Carioca, enquanto toda a regi\u00e3o adjacente ao Porto recebe muitos recursos do <a href=\"http:\/\/bit.ly\/UR7rn7\" target=\"_blank\">Porto Maravilha<\/a>.<\/p>\n<p><a href=\"http:\/\/www.rioonwatch.org\/wp-content\/uploads\/2014\/06\/Teleferico-providencia.jpg\"><img fetchpriority=\"high\" decoding=\"async\" class=\"aligncenter wp-image-16493 size-content\" title=\"Photo by Engelbrecht\/ Divulga\u00e7\u00e3o\/ Prefeitura do Rio\" src=\"http:\/\/www.rioonwatch.org\/wp-content\/uploads\/2014\/06\/Teleferico-providencia-620x264.jpg\" alt=\"\" width=\"620\" height=\"264\" \/><\/a><\/p>\n<p dir=\"ltr\">Em abril de 2013, o Prefeito Eduardo Paes declarou que o telef\u00e9rico iria servir para duas fun\u00e7\u00f5es: &#8220;servir\u00e1 como transporte para a popula\u00e7\u00e3o local, mas tamb\u00e9m servir\u00e1 como um novo ponto tur\u00edstico.&#8221; Moradores da Provid\u00eancia j\u00e1 <a href=\"http:\/\/bit.ly\/YtgLWW\" target=\"_blank\">levantaram suas preocupa\u00e7\u00f5es<\/a>, argumentando que a constru\u00e7\u00e3o destina-se para o turismo e que essa n\u00e3o \u00e9 a prioridade da comunidade. A constru\u00e7\u00e3o do sistema custou a comunidade seu principal espa\u00e7o p\u00fablico na favela, a Pra\u00e7a Am\u00e9rico Brum, e mais importante, a casa de muitos moradores. Originalmente, 832 casas foram marcadas para demoli\u00e7\u00e3o. Um <a href=\"http:\/\/bit.ly\/YtgLWW\" target=\"_blank\">mandato do tribunal<\/a> em mar\u00e7o de 2013 congelou todas as constru\u00e7\u00f5es p\u00fablicas na Provid\u00eancia devido a falta de consulta p\u00fablica,\u00a0exceto a do telef\u00e9rico por j\u00e1 estar conclu\u00edda.<\/p>\n<p dir=\"ltr\">O sistema possui tr\u00eas esta\u00e7\u00f5es, cobrindo um total de 721 metros. A primeira esta\u00e7\u00e3o fica na esta\u00e7\u00e3o de metr\u00f4, trem e \u00f4nibus da Central do Brasil e \u00e9 conectada \u00e0 Pra\u00e7a Am\u00e9rico Brum na Provid\u00eancia (mas n\u00e3o ao ponto mais alto da comunidade). A esta\u00e7\u00e3o da Provid\u00eancia possui uma plataforma com vista para o porto e para a Cidade do Samba, onde se localiza a terceira esta\u00e7\u00e3o. Mesmo \u00edngreme, a ladeira que liga a Central do Brasil at\u00e9 a Pra\u00e7a Am\u00e9rico Brum pode ser caminhada em menos de quinze minutos, e j\u00e1 existem servi\u00e7os de moto-t\u00e1xi assim como kombis e vans funcionando regularmente, servindo como transporte para os moradores e suas bagagens.<\/p>\n<p>Segundo autoridades da cidade, quando o telef\u00e9rico estiver em funcionamento ter\u00e1 uma capacidade de transportar 1.000 moradores por hora de um lado para o outro, com os trajetos demorando 8 minutos. Cada bonde pode acomodar at\u00e9 dez passageiros.<\/p>\n<p dir=\"ltr\">O telef\u00e9rico da Provid\u00eancia \u00e9 o segundo a ser constru\u00eddo no Rio com o objetivo de melhorar a mobilidade nas favelas, baseando-se no <a href=\"http:\/\/bit.ly\/17fLxRI\" target=\"_blank\">exemplo da pioneira Medell\u00edn<\/a>, na Col\u00f4mbia. Apesar do sistema do <a href=\"http:\/\/bit.ly\/U0MiGm\" target=\"_blank\">Complexo do Alem\u00e3o<\/a>, que custou R$210 milh\u00f5es, ter come\u00e7ado \u00e0 operar desde sua constru\u00e7\u00e3o em 2011 e ter servido como transporte para muitos moradores, os <a href=\"http:\/\/bit.ly\/16D453L\" target=\"_blank\">problemas ainda persistem<\/a>. A capacidade prometida pelo Estado e pelo governo federal ainda n\u00e3o foi alcan\u00e7ada e o Alem\u00e3o ainda possui demandas urgentes, como \u00e1gua e saneamento, que os moradores consideram de <a href=\"http:\/\/bit.ly\/1sW4CYW\" target=\"_blank\">maior import\u00e2ncia<\/a>.<\/p>\n<p><a href=\"http:\/\/www.rioonwatch.org\/wp-content\/uploads\/2014\/06\/cable-car-alemao-bruno-itan.jpg\"><img decoding=\"async\" class=\"aligncenter wp-image-16494 size-content\" title=\"The cable car in Complexo do Alem\u00e3o. Photo by Bruno Itan\/Coletivo Alem\u00e3o\" src=\"http:\/\/www.rioonwatch.org\/wp-content\/uploads\/2014\/06\/cable-car-alemao-bruno-itan-620x264.jpg\" alt=\"\" width=\"620\" height=\"264\" \/><\/a><\/p>\n<p dir=\"ltr\">No \u00faltimo ano, a Presidente Dilma Rousseff visitou a <a href=\"http:\/\/bit.ly\/16w2zz1\" target=\"_blank\">Rocinha<\/a> e anunciou que ela seria a terceira favela a receber um telef\u00e9rico. Quando os moradores ficaram sabendo que o projeto seria realizado atrav\u00e9s da segunda fase do <a href=\"http:\/\/bit.ly\/NnSmIP\" target=\"_blank\">Programa de Acelera\u00e7\u00e3o do Crescimento (PAC)<\/a> eles\u00a0se mobilizaram rapidamente e verbalizaram <a href=\"http:\/\/bit.ly\/1bmD0n9\" target=\"_blank\">sua reprova\u00e7\u00e3o aos planos<\/a>. A organiza\u00e7\u00e3o comunit\u00e1ria <a href=\"http:\/\/on.fb.me\/16bvmmA\" target=\"_blank\">Rocinha Sem Fronteiras<\/a> foi fundamental em dar visibilidade as demandas do bairro para que o PAC-2 seja direcionado para prioridades urgentes como \u00e1gua e saneamento ao inv\u00e9s do telef\u00e9rico, como foi originalmente prometido mas nunca entregue na implementa\u00e7\u00e3o do PAC-1, no inicio de 2006.<\/p>\n<p dir=\"ltr\">Um olhar mais atento para o telef\u00e9rico original de Medell\u00edn revela porque o sistema foi bem recebido l\u00e1. <a href=\"http:\/\/bit.ly\/1m4GMqj\" target=\"_blank\">Empresas P\u00fablicas de Medell\u00edn<\/a> (E.P.M.), a companhia de utilidade p\u00fablica respons\u00e1vel pela \u00e1gua, saneamento, g\u00e1s e eletricidade, \u00e9 constitucionalmente mandatada para fornecer esses servi\u00e7os para a popula\u00e7\u00e3o inteira, significando que as comunidades n\u00e3o tiveram que abrir m\u00e3o de servi\u00e7os b\u00e1sicos para receber o telef\u00e9rico. Outro fator cr\u00edtico \u00e9 a participa\u00e7\u00e3o da comunidade. Moradores de Medell\u00edn participaram do processo de tomada de decis\u00e3o de forma muito mais efetiva do que no Rio, onde em <a href=\"http:\/\/bit.ly\/10p4zXI\" target=\"_blank\">alguns casos<\/a> moradores foram avisados em cima da hora que suas casa estavam marcadas para demoli\u00e7\u00e3o ao inv\u00e9s de pergunta a comunidade se eles queriam um telef\u00e9rico.<\/p>\n<p>O Rio de Janeiro possui uma longa e bem sucedida hist\u00f3ria com o bondinho como uma atra\u00e7\u00e3o tur\u00edstica. O novo fen\u00f4meno dos telef\u00e9ricos como solu\u00e7\u00e3o para mobilidade urbana, entretanto, \u00e9 altamente question\u00e1vel. Mesmo que mobilidade e turismo n\u00e3o precisem ser mutuamente exclusivas, as autoridades do Rio parecem estar tentando conquistar o turismo, atrav\u00e9s de reformas mascaradas como melhoria de infraestrutura no transporte.<\/p>\n<!-- AddThis Advanced Settings generic via filter on the_content --><!-- AddThis Share Buttons generic via filter on the_content -->","protected":false},"excerpt":{"rendered":"<div class=\"mh-excerpt\"><p>Click Here for English Desde sua primeira corrida em 1912, o famoso bondinho do P\u00e3o de A\u00e7\u00facar j\u00e1 realizou in\u00fameras viagens levando milhares de turistas para apreciar a vista panor\u00e2mica do Rio de Janeiro do <a class=\"mh-excerpt-more\" href=\"https:\/\/rioonwatch.org.br\/?p=11751\" title=\"Telef\u00e9rico na Provid\u00eancia ser\u00e1 Lan\u00e7ado Hoje: Mobilidade Urbana ou Turismo?\">[&#8230;]<\/a><!-- AddThis Advanced Settings generic via filter on get_the_excerpt --><!-- AddThis Share Buttons generic via filter on get_the_excerpt --><\/p>\n<\/div>","protected":false},"author":3,"featured_media":11757,"comment_status":"closed","ping_status":"closed","sticky":false,"template":"","format":"standard","meta":{"_acf_changed":false,"_monsterinsights_skip_tracking":false,"_monsterinsights_sitenote_active":false,"_monsterinsights_sitenote_note":"","_monsterinsights_sitenote_category":0,"footnotes":""},"categories":[1618,344],"tags":[259,217,324,560,257,304,359,433,494,262,764,218,383],"writer":[1172],"translator":[1161],"source":[],"ilustrador":[],"fotografo":[],"class_list":{"0":"post-11751","1":"post","2":"type-post","3":"status-publish","4":"format-standard","5":"has-post-thumbnail","7":"category-olhonaparticipacao","8":"category-politicas","9":"tag-centro","10":"tag-complexo-do-alemao","11":"tag-infraestrutura","12":"tag-mobilidade","13":"tag-providencia","14":"tag-participacao","15":"tag-participacao-zero","16":"tag-porto-maravilha","17":"tag-regiao-do-porto","18":"tag-teleferico","19":"tag-transporte","20":"tag-zona-norte","21":"tag-zona-sul","22":"writer-stefan-johnson","23":"translator-pedro-miranda"},"acf":[],"yoast_head":"<!-- This site is optimized with the Yoast SEO plugin v25.6 - https:\/\/yoast.com\/wordpress\/plugins\/seo\/ -->\n<title>Telef\u00e9rico na Provid\u00eancia ser\u00e1 Lan\u00e7ado Hoje: Mobilidade Urbana ou Turismo? - RioOnWatch<\/title>\n<meta name=\"robots\" content=\"index, follow, max-snippet:-1, max-image-preview:large, max-video-preview:-1\" \/>\n<link rel=\"canonical\" href=\"https:\/\/rioonwatch.org.br\/?p=11751\" \/>\n<meta property=\"og:locale\" content=\"pt_BR\" \/>\n<meta property=\"og:type\" content=\"article\" \/>\n<meta property=\"og:title\" content=\"Telef\u00e9rico na Provid\u00eancia ser\u00e1 Lan\u00e7ado Hoje: Mobilidade Urbana ou Turismo? - RioOnWatch\" \/>\n<meta property=\"og:description\" content=\"Click Here for English Desde sua primeira corrida em 1912, o famoso bondinho do P\u00e3o de A\u00e7\u00facar j\u00e1 realizou in\u00fameras viagens levando milhares de turistas para apreciar a vista panor\u00e2mica do Rio de Janeiro do [...]\" \/>\n<meta property=\"og:url\" content=\"https:\/\/rioonwatch.org.br\/?p=11751\" \/>\n<meta property=\"og:site_name\" content=\"RioOnWatch\" \/>\n<meta property=\"article:published_time\" content=\"2014-07-02T04:41:25+00:00\" \/>\n<meta property=\"article:modified_time\" content=\"2015-12-24T01:18:06+00:00\" \/>\n<meta property=\"og:image\" content=\"https:\/\/rioonwatch.org.br\/wp-content\/uploads\/2014\/07\/teleferico_1.jpg\" \/>\n\t<meta property=\"og:image:width\" content=\"620\" \/>\n\t<meta property=\"og:image:height\" content=\"265\" \/>\n\t<meta property=\"og:image:type\" content=\"image\/jpeg\" \/>\n<meta name=\"author\" content=\"Admin\" \/>\n<meta name=\"twitter:card\" content=\"summary_large_image\" \/>\n<meta name=\"twitter:label1\" content=\"Escrito por\" \/>\n\t<meta name=\"twitter:data1\" content=\"Admin\" \/>\n\t<meta name=\"twitter:label2\" content=\"Est. tempo de leitura\" \/>\n\t<meta name=\"twitter:data2\" content=\"6 minutos\" \/>\n<script type=\"application\/ld+json\" class=\"yoast-schema-graph\">{\"@context\":\"https:\/\/schema.org\",\"@graph\":[{\"@type\":\"Article\",\"@id\":\"https:\/\/rioonwatch.org.br\/?p=11751#article\",\"isPartOf\":{\"@id\":\"https:\/\/rioonwatch.org.br\/?p=11751\"},\"author\":{\"name\":\"Admin\",\"@id\":\"https:\/\/rioonwatch.org.br\/#\/schema\/person\/c6c09a0b56b38f0157a45b963ef3f269\"},\"headline\":\"Telef\u00e9rico na Provid\u00eancia ser\u00e1 Lan\u00e7ado Hoje: Mobilidade Urbana ou Turismo?\",\"datePublished\":\"2014-07-02T04:41:25+00:00\",\"dateModified\":\"2015-12-24T01:18:06+00:00\",\"mainEntityOfPage\":{\"@id\":\"https:\/\/rioonwatch.org.br\/?p=11751\"},\"wordCount\":1163,\"publisher\":{\"@id\":\"https:\/\/rioonwatch.org.br\/#organization\"},\"image\":{\"@id\":\"https:\/\/rioonwatch.org.br\/?p=11751#primaryimage\"},\"thumbnailUrl\":\"https:\/\/rioonwatch.org.br\/wp-content\/uploads\/2014\/07\/teleferico_1.jpg\",\"keywords\":[\"Centro\",\"Complexo do Alem\u00e3o\",\"infraestrutura\",\"mobilidade\",\"Morro da Provid\u00eancia\",\"participa\u00e7\u00e3o\",\"participa\u00e7\u00e3o zero\",\"Porto Maravilha\",\"Regi\u00e3o do Porto\",\"telef\u00e9rico\",\"transporte\",\"Zona Norte\",\"Zona Sul\"],\"articleSection\":[\"#OlhoNaParticipa\u00e7\u00e3o\",\"Pol\u00edticas\"],\"inLanguage\":\"pt-BR\"},{\"@type\":\"WebPage\",\"@id\":\"https:\/\/rioonwatch.org.br\/?p=11751\",\"url\":\"https:\/\/rioonwatch.org.br\/?p=11751\",\"name\":\"Telef\u00e9rico na Provid\u00eancia ser\u00e1 Lan\u00e7ado Hoje: Mobilidade Urbana ou Turismo? - RioOnWatch\",\"isPartOf\":{\"@id\":\"https:\/\/rioonwatch.org.br\/#website\"},\"primaryImageOfPage\":{\"@id\":\"https:\/\/rioonwatch.org.br\/?p=11751#primaryimage\"},\"image\":{\"@id\":\"https:\/\/rioonwatch.org.br\/?p=11751#primaryimage\"},\"thumbnailUrl\":\"https:\/\/rioonwatch.org.br\/wp-content\/uploads\/2014\/07\/teleferico_1.jpg\",\"datePublished\":\"2014-07-02T04:41:25+00:00\",\"dateModified\":\"2015-12-24T01:18:06+00:00\",\"breadcrumb\":{\"@id\":\"https:\/\/rioonwatch.org.br\/?p=11751#breadcrumb\"},\"inLanguage\":\"pt-BR\",\"potentialAction\":[{\"@type\":\"ReadAction\",\"target\":[\"https:\/\/rioonwatch.org.br\/?p=11751\"]}]},{\"@type\":\"ImageObject\",\"inLanguage\":\"pt-BR\",\"@id\":\"https:\/\/rioonwatch.org.br\/?p=11751#primaryimage\",\"url\":\"https:\/\/rioonwatch.org.br\/wp-content\/uploads\/2014\/07\/teleferico_1.jpg\",\"contentUrl\":\"https:\/\/rioonwatch.org.br\/wp-content\/uploads\/2014\/07\/teleferico_1.jpg\",\"width\":620,\"height\":265},{\"@type\":\"BreadcrumbList\",\"@id\":\"https:\/\/rioonwatch.org.br\/?p=11751#breadcrumb\",\"itemListElement\":[{\"@type\":\"ListItem\",\"position\":1,\"name\":\"In\u00edcio\",\"item\":\"https:\/\/rioonwatch.org.br\/\"},{\"@type\":\"ListItem\",\"position\":2,\"name\":\"Telef\u00e9rico na Provid\u00eancia ser\u00e1 Lan\u00e7ado Hoje: Mobilidade Urbana ou Turismo?\"}]},{\"@type\":\"WebSite\",\"@id\":\"https:\/\/rioonwatch.org.br\/#website\",\"url\":\"https:\/\/rioonwatch.org.br\/\",\"name\":\"RioOnWatch\",\"description\":\"relatos das favelas cariocas\",\"publisher\":{\"@id\":\"https:\/\/rioonwatch.org.br\/#organization\"},\"potentialAction\":[{\"@type\":\"SearchAction\",\"target\":{\"@type\":\"EntryPoint\",\"urlTemplate\":\"https:\/\/rioonwatch.org.br\/?s={search_term_string}\"},\"query-input\":{\"@type\":\"PropertyValueSpecification\",\"valueRequired\":true,\"valueName\":\"search_term_string\"}}],\"inLanguage\":\"pt-BR\"},{\"@type\":\"Organization\",\"@id\":\"https:\/\/rioonwatch.org.br\/#organization\",\"name\":\"RioOnWatch\",\"url\":\"https:\/\/rioonwatch.org.br\/\",\"logo\":{\"@type\":\"ImageObject\",\"inLanguage\":\"pt-BR\",\"@id\":\"https:\/\/rioonwatch.org.br\/#\/schema\/logo\/image\/\",\"url\":\"https:\/\/rioonwatch.org.br\/wp-content\/uploads\/2021\/06\/RioOnWatchcabecalhoPT11anos-2.png\",\"contentUrl\":\"https:\/\/rioonwatch.org.br\/wp-content\/uploads\/2021\/06\/RioOnWatchcabecalhoPT11anos-2.png\",\"width\":779,\"height\":277,\"caption\":\"RioOnWatch\"},\"image\":{\"@id\":\"https:\/\/rioonwatch.org.br\/#\/schema\/logo\/image\/\"}},{\"@type\":\"Person\",\"@id\":\"https:\/\/rioonwatch.org.br\/#\/schema\/person\/c6c09a0b56b38f0157a45b963ef3f269\",\"name\":\"Admin\",\"image\":{\"@type\":\"ImageObject\",\"inLanguage\":\"pt-BR\",\"@id\":\"https:\/\/rioonwatch.org.br\/#\/schema\/person\/image\/\",\"url\":\"https:\/\/secure.gravatar.com\/avatar\/da45c89efd4810dc70c16a5da3419806?s=96&d=blank&r=g\",\"contentUrl\":\"https:\/\/secure.gravatar.com\/avatar\/da45c89efd4810dc70c16a5da3419806?s=96&d=blank&r=g\",\"caption\":\"Admin\"},\"url\":\"https:\/\/rioonwatch.org.br\/?author=3\"}]}<\/script>\n<!-- \/ Yoast SEO plugin. -->","yoast_head_json":{"title":"Telef\u00e9rico na Provid\u00eancia ser\u00e1 Lan\u00e7ado Hoje: Mobilidade Urbana ou Turismo? - RioOnWatch","robots":{"index":"index","follow":"follow","max-snippet":"max-snippet:-1","max-image-preview":"max-image-preview:large","max-video-preview":"max-video-preview:-1"},"canonical":"https:\/\/rioonwatch.org.br\/?p=11751","og_locale":"pt_BR","og_type":"article","og_title":"Telef\u00e9rico na Provid\u00eancia ser\u00e1 Lan\u00e7ado Hoje: Mobilidade Urbana ou Turismo? - RioOnWatch","og_description":"Click Here for English Desde sua primeira corrida em 1912, o famoso bondinho do P\u00e3o de A\u00e7\u00facar j\u00e1 realizou in\u00fameras viagens levando milhares de turistas para apreciar a vista panor\u00e2mica do Rio de Janeiro do [...]","og_url":"https:\/\/rioonwatch.org.br\/?p=11751","og_site_name":"RioOnWatch","article_published_time":"2014-07-02T04:41:25+00:00","article_modified_time":"2015-12-24T01:18:06+00:00","og_image":[{"width":620,"height":265,"url":"https:\/\/rioonwatch.org.br\/wp-content\/uploads\/2014\/07\/teleferico_1.jpg","type":"image\/jpeg"}],"author":"Admin","twitter_card":"summary_large_image","twitter_misc":{"Escrito por":"Admin","Est. tempo de leitura":"6 minutos"},"schema":{"@context":"https:\/\/schema.org","@graph":[{"@type":"Article","@id":"https:\/\/rioonwatch.org.br\/?p=11751#article","isPartOf":{"@id":"https:\/\/rioonwatch.org.br\/?p=11751"},"author":{"name":"Admin","@id":"https:\/\/rioonwatch.org.br\/#\/schema\/person\/c6c09a0b56b38f0157a45b963ef3f269"},"headline":"Telef\u00e9rico na Provid\u00eancia ser\u00e1 Lan\u00e7ado Hoje: Mobilidade Urbana ou Turismo?","datePublished":"2014-07-02T04:41:25+00:00","dateModified":"2015-12-24T01:18:06+00:00","mainEntityOfPage":{"@id":"https:\/\/rioonwatch.org.br\/?p=11751"},"wordCount":1163,"publisher":{"@id":"https:\/\/rioonwatch.org.br\/#organization"},"image":{"@id":"https:\/\/rioonwatch.org.br\/?p=11751#primaryimage"},"thumbnailUrl":"https:\/\/rioonwatch.org.br\/wp-content\/uploads\/2014\/07\/teleferico_1.jpg","keywords":["Centro","Complexo do Alem\u00e3o","infraestrutura","mobilidade","Morro da Provid\u00eancia","participa\u00e7\u00e3o","participa\u00e7\u00e3o zero","Porto Maravilha","Regi\u00e3o do Porto","telef\u00e9rico","transporte","Zona Norte","Zona Sul"],"articleSection":["#OlhoNaParticipa\u00e7\u00e3o","Pol\u00edticas"],"inLanguage":"pt-BR"},{"@type":"WebPage","@id":"https:\/\/rioonwatch.org.br\/?p=11751","url":"https:\/\/rioonwatch.org.br\/?p=11751","name":"Telef\u00e9rico na Provid\u00eancia ser\u00e1 Lan\u00e7ado Hoje: Mobilidade Urbana ou Turismo? - RioOnWatch","isPartOf":{"@id":"https:\/\/rioonwatch.org.br\/#website"},"primaryImageOfPage":{"@id":"https:\/\/rioonwatch.org.br\/?p=11751#primaryimage"},"image":{"@id":"https:\/\/rioonwatch.org.br\/?p=11751#primaryimage"},"thumbnailUrl":"https:\/\/rioonwatch.org.br\/wp-content\/uploads\/2014\/07\/teleferico_1.jpg","datePublished":"2014-07-02T04:41:25+00:00","dateModified":"2015-12-24T01:18:06+00:00","breadcrumb":{"@id":"https:\/\/rioonwatch.org.br\/?p=11751#breadcrumb"},"inLanguage":"pt-BR","potentialAction":[{"@type":"ReadAction","target":["https:\/\/rioonwatch.org.br\/?p=11751"]}]},{"@type":"ImageObject","inLanguage":"pt-BR","@id":"https:\/\/rioonwatch.org.br\/?p=11751#primaryimage","url":"https:\/\/rioonwatch.org.br\/wp-content\/uploads\/2014\/07\/teleferico_1.jpg","contentUrl":"https:\/\/rioonwatch.org.br\/wp-content\/uploads\/2014\/07\/teleferico_1.jpg","width":620,"height":265},{"@type":"BreadcrumbList","@id":"https:\/\/rioonwatch.org.br\/?p=11751#breadcrumb","itemListElement":[{"@type":"ListItem","position":1,"name":"In\u00edcio","item":"https:\/\/rioonwatch.org.br\/"},{"@type":"ListItem","position":2,"name":"Telef\u00e9rico na Provid\u00eancia ser\u00e1 Lan\u00e7ado Hoje: Mobilidade Urbana ou Turismo?"}]},{"@type":"WebSite","@id":"https:\/\/rioonwatch.org.br\/#website","url":"https:\/\/rioonwatch.org.br\/","name":"RioOnWatch","description":"relatos das favelas cariocas","publisher":{"@id":"https:\/\/rioonwatch.org.br\/#organization"},"potentialAction":[{"@type":"SearchAction","target":{"@type":"EntryPoint","urlTemplate":"https:\/\/rioonwatch.org.br\/?s={search_term_string}"},"query-input":{"@type":"PropertyValueSpecification","valueRequired":true,"valueName":"search_term_string"}}],"inLanguage":"pt-BR"},{"@type":"Organization","@id":"https:\/\/rioonwatch.org.br\/#organization","name":"RioOnWatch","url":"https:\/\/rioonwatch.org.br\/","logo":{"@type":"ImageObject","inLanguage":"pt-BR","@id":"https:\/\/rioonwatch.org.br\/#\/schema\/logo\/image\/","url":"https:\/\/rioonwatch.org.br\/wp-content\/uploads\/2021\/06\/RioOnWatchcabecalhoPT11anos-2.png","contentUrl":"https:\/\/rioonwatch.org.br\/wp-content\/uploads\/2021\/06\/RioOnWatchcabecalhoPT11anos-2.png","width":779,"height":277,"caption":"RioOnWatch"},"image":{"@id":"https:\/\/rioonwatch.org.br\/#\/schema\/logo\/image\/"}},{"@type":"Person","@id":"https:\/\/rioonwatch.org.br\/#\/schema\/person\/c6c09a0b56b38f0157a45b963ef3f269","name":"Admin","image":{"@type":"ImageObject","inLanguage":"pt-BR","@id":"https:\/\/rioonwatch.org.br\/#\/schema\/person\/image\/","url":"https:\/\/secure.gravatar.com\/avatar\/da45c89efd4810dc70c16a5da3419806?s=96&d=blank&r=g","contentUrl":"https:\/\/secure.gravatar.com\/avatar\/da45c89efd4810dc70c16a5da3419806?s=96&d=blank&r=g","caption":"Admin"},"url":"https:\/\/rioonwatch.org.br\/?author=3"}]}},"_links":{"self":[{"href":"https:\/\/rioonwatch.org.br\/index.php?rest_route=\/wp\/v2\/posts\/11751"}],"collection":[{"href":"https:\/\/rioonwatch.org.br\/index.php?rest_route=\/wp\/v2\/posts"}],"about":[{"href":"https:\/\/rioonwatch.org.br\/index.php?rest_route=\/wp\/v2\/types\/post"}],"author":[{"embeddable":true,"href":"https:\/\/rioonwatch.org.br\/index.php?rest_route=\/wp\/v2\/users\/3"}],"replies":[{"embeddable":true,"href":"https:\/\/rioonwatch.org.br\/index.php?rest_route=%2Fwp%2Fv2%2Fcomments&post=11751"}],"version-history":[{"count":9,"href":"https:\/\/rioonwatch.org.br\/index.php?rest_route=\/wp\/v2\/posts\/11751\/revisions"}],"predecessor-version":[{"id":17850,"href":"https:\/\/rioonwatch.org.br\/index.php?rest_route=\/wp\/v2\/posts\/11751\/revisions\/17850"}],"wp:featuredmedia":[{"embeddable":true,"href":"https:\/\/rioonwatch.org.br\/index.php?rest_route=\/wp\/v2\/media\/11757"}],"wp:attachment":[{"href":"https:\/\/rioonwatch.org.br\/index.php?rest_route=%2Fwp%2Fv2%2Fmedia&parent=11751"}],"wp:term":[{"taxonomy":"category","embeddable":true,"href":"https:\/\/rioonwatch.org.br\/index.php?rest_route=%2Fwp%2Fv2%2Fcategories&post=11751"},{"taxonomy":"post_tag","embeddable":true,"href":"https:\/\/rioonwatch.org.br\/index.php?rest_route=%2Fwp%2Fv2%2Ftags&post=11751"},{"taxonomy":"writer","embeddable":true,"href":"https:\/\/rioonwatch.org.br\/index.php?rest_route=%2Fwp%2Fv2%2Fwriter&post=11751"},{"taxonomy":"translator","embeddable":true,"href":"https:\/\/rioonwatch.org.br\/index.php?rest_route=%2Fwp%2Fv2%2Ftranslator&post=11751"},{"taxonomy":"source","embeddable":true,"href":"https:\/\/rioonwatch.org.br\/index.php?rest_route=%2Fwp%2Fv2%2Fsource&post=11751"},{"taxonomy":"ilustrador","embeddable":true,"href":"https:\/\/rioonwatch.org.br\/index.php?rest_route=%2Fwp%2Fv2%2Filustrador&post=11751"},{"taxonomy":"fotografo","embeddable":true,"href":"https:\/\/rioonwatch.org.br\/index.php?rest_route=%2Fwp%2Fv2%2Ffotografo&post=11751"}],"curies":[{"name":"wp","href":"https:\/\/api.w.org\/{rel}","templated":true}]}}