{"id":11906,"date":"2014-07-22T09:00:27","date_gmt":"2014-07-22T12:00:27","guid":{"rendered":"http:\/\/rioonwatch.org.br\/?p=11906"},"modified":"2015-12-23T22:02:34","modified_gmt":"2015-12-24T01:02:34","slug":"mais-um-contando-assassinatos-na-periferia-da-cidade-maravilhosa","status":"publish","type":"post","link":"https:\/\/rioonwatch.org.br\/?p=11906","title":{"rendered":"\u201cMais um\u201d: Contando Assassinatos na Periferia da Cidade Maravilhosa"},"content":{"rendered":"<p style=\"text-align: right;\"><em><strong><a href=\"http:\/\/bit.ly\/UsONJg\" \ntarget=\"_blank\">Click Here for English<img decoding=\"async\" width=\"20\" height=\"20\" class=\"alignright wp-image-15790\" src=\"http:\/\/rioonwatch.org.br\/wp-content\/uploads\/2012\/08\/EN-standard-e1439583104716.jpg\" alt=\"\" \/><\/a><\/strong><\/em><\/p>\n<p>Enquanto a sele\u00e7\u00e3o brasileira sofria a maior derrota de todos os tempos, Mag\u00e9\u2013minha cidade natal na regi\u00e3o metropolitana do Rio de Janeiro\u2013lamentava mais um assassinato. A tristeza e a revolta ao contar gols da Alemanha s\u00e3o met\u00e1foras de uma trag\u00e9dia muito maior: a aparente inefic\u00e1cia das pol\u00edticas de <a href=\"http:\/\/bit.ly\/1fRNcBs\" target=\"_blank\">seguran\u00e7a p\u00fablica<\/a> do Estado na periferia da capital carioca.<\/p>\n<p><a href=\"http:\/\/rioonwatch.org.br\/wp-content\/uploads\/2014\/07\/mage-violence.jpg\"><img fetchpriority=\"high\" decoding=\"async\" class=\"alignright size-medium wp-image-11915\" title=\"Protesto contra a crescente viol\u00eancia em Mag\u00e9 no dezembro de 2013. Foto: paulooredator.blogspot.com\" src=\"http:\/\/rioonwatch.org.br\/wp-content\/uploads\/2014\/07\/mage-violence-300x225.jpg\" alt=\"\" width=\"300\" height=\"225\" srcset=\"https:\/\/rioonwatch.org.br\/wp-content\/uploads\/2014\/07\/mage-violence-300x225.jpg 300w, https:\/\/rioonwatch.org.br\/wp-content\/uploads\/2014\/07\/mage-violence-620x465.jpg 620w, https:\/\/rioonwatch.org.br\/wp-content\/uploads\/2014\/07\/mage-violence-678x509.jpg 678w, https:\/\/rioonwatch.org.br\/wp-content\/uploads\/2014\/07\/mage-violence-326x245.jpg 326w, https:\/\/rioonwatch.org.br\/wp-content\/uploads\/2014\/07\/mage-violence-80x60.jpg 80w, https:\/\/rioonwatch.org.br\/wp-content\/uploads\/2014\/07\/mage-violence-839x629.jpg 839w, https:\/\/rioonwatch.org.br\/wp-content\/uploads\/2014\/07\/mage-violence-768x576.jpg 768w, https:\/\/rioonwatch.org.br\/wp-content\/uploads\/2014\/07\/mage-violence-1024x768.jpg 1024w, https:\/\/rioonwatch.org.br\/wp-content\/uploads\/2014\/07\/mage-violence-174x131.jpg 174w, https:\/\/rioonwatch.org.br\/wp-content\/uploads\/2014\/07\/mage-violence-70x53.jpg 70w, https:\/\/rioonwatch.org.br\/wp-content\/uploads\/2014\/07\/mage-violence.jpg 1600w\" sizes=\"(max-width: 300px) 100vw, 300px\" \/><\/a>Um dia antes da goleada alem\u00e3 sobre o Brasil, mandaram fechar todos os estabelecimentos em um bairro no centro de Mag\u00e9. Era o luto imposto por um grupo criminoso pela morte de um rapaz. No mesmo dia eu conversei com um primo que mora no bairro onde decretaram o toque de recolher.<\/p>\n<p>Perguntei a meu primo como estava a situa\u00e7\u00e3o na vizinhan\u00e7a. \u201cEst\u00e1 ruim. Esses dias tinha um l\u00e1 andando com arma na m\u00e3o. S\u00e3o meninos. Se continuar assim, de repente vamos vender a casa e sair de l\u00e1&#8221;.<\/p>\n<p>Nunca tinha ouvido falar de toque de recolher no centro de Mag\u00e9, mas conversas sobre assassinatos s\u00e3o cada vez mais regulares. Homic\u00eddios t\u00eam ocorrido na cidade numa frequ\u00eancia t\u00e3o espantosa quanto os gols da Alemanha. No cotidiano de Mag\u00e9, as pessoas tamb\u00e9m se perguntam \u201cmais um?!\u201d a cada not\u00edcia de assassinato na cidade.<\/p>\n<p>A lista de alguns casos recentes \u00e9 assustadora. Em outubro, mataram um e feriram seis em um tiroteio na porta de um clube. Em novembro, mataram uma advogada, seu pai e sua m\u00e3e na porta de casa. Em mar\u00e7o, mataram dois e feriram cinco numa pizzaria. Entre abril e maio, mataram dois no mesmo bairro. Em <a href=\"http:\/\/bit.ly\/1wQoWrh\" target=\"_blank\">maio<\/a>, mataram um policial e feriram outros dois. Em junho, mataram e feriram pessoas que tinham participado de uma festa junina. No fim de junho, mataram um rapaz na casa da namorada.<\/p>\n<p><a href=\"http:\/\/rioonwatch.org.br\/wp-content\/uploads\/2014\/07\/mag\u00e9-trem.jpg\"><img decoding=\"async\" class=\"alignright size-medium wp-image-11908\" title=\"Estac\u00e3o de trem da Supervia em Mag\u00e9 (2013). As siglas foram apagadas em reforma recente\" src=\"http:\/\/rioonwatch.org.br\/wp-content\/uploads\/2014\/07\/mag\u00e9-trem-300x225.jpg\" alt=\"\" width=\"300\" height=\"225\" srcset=\"https:\/\/rioonwatch.org.br\/wp-content\/uploads\/2014\/07\/mag\u00e9-trem-300x225.jpg 300w, https:\/\/rioonwatch.org.br\/wp-content\/uploads\/2014\/07\/mag\u00e9-trem-150x112.jpg 150w, https:\/\/rioonwatch.org.br\/wp-content\/uploads\/2014\/07\/mag\u00e9-trem.jpg 960w\" sizes=\"(max-width: 300px) 100vw, 300px\" \/><\/a>Respostas para quem matou quem e o porqu\u00ea s\u00e3o raras. Apesar das investiga\u00e7\u00f5es, a maioria dos casos permanece sem explica\u00e7\u00e3o. Com tudo isso, Mag\u00e9 \u00e9 uma cidade onde rumores nas ruas e na Internet simbolizam a retroalimenta\u00e7\u00e3o entre desinforma\u00e7\u00e3o e o medo. Nos casos que listei, diz-se que algumas v\u00edtimas estavam envolvidas em grupos criminosos. Outras, no entanto, foram v\u00edtimas sem envolvimento nas crescentes disputas entre grupos rivais.<\/p>\n<p>Nas conversas pela cidade, as disputas s\u00e3o vistas como consequ\u00eancia das <a href=\"http:\/\/bit.ly\/R5ueio\" target=\"_blank\">UPP<\/a>s\u00a0na capital do Estado. A quest\u00e3o da migra\u00e7\u00e3o de traficantes \u00e9 controversa. O Secret\u00e1rio de Seguran\u00e7a do Estado, <a href=\"http:\/\/bit.ly\/1k0pINp\" target=\"_blank\">Jos\u00e9 Mariano Beltrame<\/a>, diz <a href=\"http:\/\/glo.bo\/1riSvCm\" target=\"_blank\">n\u00e3o haver evid\u00eancia<\/a> da fuga de criminosos cariocas para outras localidades. Mas a avalia\u00e7\u00e3o oficial n\u00e3o condiz com a viv\u00eancia na periferia da capital. Nos \u00faltimos meses, moradores de Mag\u00e9 relatam que muitos dos criminosos s\u00e3o pessoas desconhecidas. Em v\u00e1rios bairros tamb\u00e9m aumentaram pixa\u00e7\u00f5es com siglas de fac\u00e7\u00f5es da capital. Como consequ\u00eancia, muitos moradores da cidade evitam visitar amigos e parentes por medo de serem identificados como moradores de bairros rivais.<\/p>\n<p><a href=\"http:\/\/rioonwatch.org.br\/wp-content\/uploads\/2014\/07\/1024px-Centro_de_Mag\u00e9.jpg\"><img loading=\"lazy\" decoding=\"async\" class=\"alignright size-medium wp-image-11907\" title=\"Centro de Mag\u00e9\" src=\"http:\/\/rioonwatch.org.br\/wp-content\/uploads\/2014\/07\/1024px-Centro_de_Mag\u00e9-300x225.jpg\" alt=\"\" width=\"300\" height=\"225\" srcset=\"https:\/\/rioonwatch.org.br\/wp-content\/uploads\/2014\/07\/1024px-Centro_de_Mag\u00e9-300x225.jpg 300w, https:\/\/rioonwatch.org.br\/wp-content\/uploads\/2014\/07\/1024px-Centro_de_Mag\u00e9-150x112.jpg 150w, https:\/\/rioonwatch.org.br\/wp-content\/uploads\/2014\/07\/1024px-Centro_de_Mag\u00e9.jpg 1024w\" sizes=\"(max-width: 300px) 100vw, 300px\" \/><\/a>Se negar a migra\u00e7\u00e3o parece um equ\u00edvoco, atribuir os crimes somente aos novos criminosos tamb\u00e9m \u00e9 problem\u00e1tico. Disputas e brigas entre bairros acontecem h\u00e1 d\u00e9cadas em Mag\u00e9. A diferen\u00e7a atualmente parece estar no armamento dispon\u00edvel e na brutalidade dos confrontos. Dias depois do assassinato do policial, ouvi relatos surpresos de PMs que trabalham e moram na cidade. \u201cEles agora est\u00e3o dando de fuzil, cara\u201d, disse um policial indicando uma mudan\u00e7a na atua\u00e7\u00e3o de criminosos em Mag\u00e9.<\/p>\n<p>Uma das raz\u00f5es para a viol\u00eancia em Mag\u00e9 est\u00e1 na forma em que pol\u00edticas estaduais s\u00e3o elaboradas. Uma <a href=\"http:\/\/bit.ly\/1riSHS0\" target=\"_blank\">an\u00e1lise recente<\/a> dos indicadores oficiais da viol\u00eancia no Estado mostra que a atual pol\u00edtica de seguran\u00e7a diminuiu os homic\u00eddios na capital carioca entre 2007 e 2014. Mas fora da capital, apesar da redu\u00e7\u00e3o inicial, os homic\u00eddios est\u00e3o aumentando. Hoje, mata-se na regi\u00e3o metropolitana quase tanto quanto se matava em 2007. Ou seja, fora da capital as pol\u00edticas de seguran\u00e7a p\u00fablica do Estado n\u00e3o parecem ter sido t\u00e3o eficazes.<\/p>\n<p>A seguran\u00e7a foi aprovada durante a Copa em <a href=\"http:\/\/bit.ly\/1wQqFwN\" target=\"_blank\">bairros tur\u00edsticos<\/a> , mas o oposto \u00e9 sentido em Mag\u00e9 e na periferia da Cidade Maravilhosa. Enquanto assist\u00edamos at\u00f4nitos \u00e0 \u201ctrag\u00e9dia\u201d da sele\u00e7\u00e3o em campo, mais uma fam\u00edlia chorava uma trag\u00e9dia de verdade: mataram mais um. Pol\u00edticas p\u00fablicas estaduais n\u00e3o devem se restringir \u00e0 acalmar moradores e turistas nos bairros nobres. Sen\u00e3o, longe da praia e dos est\u00e1dios, vamos continuar contando assassinatos como contamos os gols da Alemanha.<\/p>\n<p><em><a href=\"http:\/\/bit.ly\/1nNtl8S\" target=\"_blank\">L\u00e9o Cust\u00f3dio<\/a> \u00e9 mestre em ci\u00eancias sociais e doutorando na Escola de Comunica\u00e7\u00e3o, M\u00eddia e Teatro da Universidade de Tampere, Finl\u00e2ndia. Em sua pesquisa de doutorado (2009-2015), Cust\u00f3dio investiga a trajet\u00f3ria em m\u00eddia-ativismo de moradores de favelas e periferias do Rio de Janeiro.<\/em><\/p>\n<!-- AddThis Advanced Settings generic via filter on the_content --><!-- AddThis Share Buttons generic via filter on the_content -->","protected":false},"excerpt":{"rendered":"<div class=\"mh-excerpt\"><p>Click Here for English Enquanto a sele\u00e7\u00e3o brasileira sofria a maior derrota de todos os tempos, Mag\u00e9\u2013minha cidade natal na regi\u00e3o metropolitana do Rio de Janeiro\u2013lamentava mais um assassinato. A tristeza e a revolta ao <a class=\"mh-excerpt-more\" href=\"https:\/\/rioonwatch.org.br\/?p=11906\" title=\"\u201cMais um\u201d: Contando Assassinatos na Periferia da Cidade Maravilhosa\">[&#8230;]<\/a><!-- AddThis Advanced Settings generic via filter on get_the_excerpt --><!-- AddThis Share Buttons generic via filter on get_the_excerpt --><\/p>\n<\/div>","protected":false},"author":132,"featured_media":11915,"comment_status":"closed","ping_status":"closed","sticky":false,"template":"","format":"standard","meta":{"_acf_changed":false,"_monsterinsights_skip_tracking":false,"_monsterinsights_sitenote_active":false,"_monsterinsights_sitenote_note":"","_monsterinsights_sitenote_category":0,"footnotes":""},"categories":[346,344],"tags":[959,788,88,1179,279,672,562,30,920,1144],"writer":[1178],"translator":[],"source":[],"ilustrador":[],"fotografo":[],"class_list":{"0":"post-11906","1":"post","2":"type-post","3":"status-publish","4":"format-standard","5":"has-post-thumbnail","7":"category-denuncias","8":"category-politicas","9":"tag-baixada-fluminense","10":"tag-beltrame","11":"tag-direitos-humanos","12":"tag-mage","13":"tag-seguranca","14":"tag-seguranca-publica","15":"tag-trafico-de-drogas","16":"tag-violencia","17":"tag-violencia-de-estado","18":"tag-violencia-urbana","19":"writer-leo-custodio"},"acf":[],"yoast_head":"<!-- This site is optimized with the Yoast SEO plugin v25.6 - https:\/\/yoast.com\/wordpress\/plugins\/seo\/ -->\n<title>\u201cMais um\u201d: Contando Assassinatos na Periferia da Cidade Maravilhosa - RioOnWatch<\/title>\n<meta name=\"robots\" content=\"index, follow, max-snippet:-1, max-image-preview:large, max-video-preview:-1\" \/>\n<link rel=\"canonical\" href=\"https:\/\/rioonwatch.org.br\/?p=11906\" \/>\n<meta property=\"og:locale\" content=\"pt_BR\" \/>\n<meta property=\"og:type\" content=\"article\" \/>\n<meta property=\"og:title\" content=\"\u201cMais um\u201d: Contando Assassinatos na Periferia da Cidade Maravilhosa - RioOnWatch\" \/>\n<meta property=\"og:description\" content=\"Click Here for English Enquanto a sele\u00e7\u00e3o brasileira sofria a maior derrota de todos os tempos, Mag\u00e9\u2013minha cidade natal na regi\u00e3o metropolitana do Rio de Janeiro\u2013lamentava mais um assassinato. A tristeza e a revolta ao [...]\" \/>\n<meta property=\"og:url\" content=\"https:\/\/rioonwatch.org.br\/?p=11906\" \/>\n<meta property=\"og:site_name\" content=\"RioOnWatch\" \/>\n<meta property=\"article:published_time\" content=\"2014-07-22T12:00:27+00:00\" \/>\n<meta property=\"article:modified_time\" content=\"2015-12-24T01:02:34+00:00\" \/>\n<meta property=\"og:image\" content=\"https:\/\/rioonwatch.org.br\/wp-content\/uploads\/2014\/07\/mage-violence.jpg\" \/>\n\t<meta property=\"og:image:width\" content=\"1600\" \/>\n\t<meta property=\"og:image:height\" content=\"1200\" \/>\n\t<meta property=\"og:image:type\" content=\"image\/jpeg\" \/>\n<meta name=\"author\" content=\"Felicity\" \/>\n<meta name=\"twitter:card\" content=\"summary_large_image\" \/>\n<meta name=\"twitter:label1\" content=\"Escrito por\" \/>\n\t<meta name=\"twitter:data1\" content=\"Felicity\" \/>\n\t<meta name=\"twitter:label2\" content=\"Est. tempo de leitura\" \/>\n\t<meta name=\"twitter:data2\" content=\"4 minutos\" \/>\n<script type=\"application\/ld+json\" class=\"yoast-schema-graph\">{\"@context\":\"https:\/\/schema.org\",\"@graph\":[{\"@type\":\"Article\",\"@id\":\"https:\/\/rioonwatch.org.br\/?p=11906#article\",\"isPartOf\":{\"@id\":\"https:\/\/rioonwatch.org.br\/?p=11906\"},\"author\":{\"name\":\"Felicity\",\"@id\":\"https:\/\/rioonwatch.org.br\/#\/schema\/person\/4d05cf5053c358ab740b3edd75a173f2\"},\"headline\":\"\u201cMais um\u201d: Contando Assassinatos na Periferia da Cidade Maravilhosa\",\"datePublished\":\"2014-07-22T12:00:27+00:00\",\"dateModified\":\"2015-12-24T01:02:34+00:00\",\"mainEntityOfPage\":{\"@id\":\"https:\/\/rioonwatch.org.br\/?p=11906\"},\"wordCount\":840,\"publisher\":{\"@id\":\"https:\/\/rioonwatch.org.br\/#organization\"},\"image\":{\"@id\":\"https:\/\/rioonwatch.org.br\/?p=11906#primaryimage\"},\"thumbnailUrl\":\"https:\/\/rioonwatch.org.br\/wp-content\/uploads\/2014\/07\/mage-violence.jpg\",\"keywords\":[\"Baixada Fluminense\",\"Beltrame\",\"Direitos Humanos\",\"Mag\u00e9\",\"seguran\u00e7a\",\"seguran\u00e7a p\u00fablica\",\"tr\u00e1fico de drogas\",\"viol\u00eancia\",\"viol\u00eancia de Estado\",\"viol\u00eancia urbana\"],\"articleSection\":[\"Den\u00fancias\",\"Pol\u00edticas\"],\"inLanguage\":\"pt-BR\"},{\"@type\":\"WebPage\",\"@id\":\"https:\/\/rioonwatch.org.br\/?p=11906\",\"url\":\"https:\/\/rioonwatch.org.br\/?p=11906\",\"name\":\"\u201cMais um\u201d: Contando Assassinatos na Periferia da Cidade Maravilhosa - RioOnWatch\",\"isPartOf\":{\"@id\":\"https:\/\/rioonwatch.org.br\/#website\"},\"primaryImageOfPage\":{\"@id\":\"https:\/\/rioonwatch.org.br\/?p=11906#primaryimage\"},\"image\":{\"@id\":\"https:\/\/rioonwatch.org.br\/?p=11906#primaryimage\"},\"thumbnailUrl\":\"https:\/\/rioonwatch.org.br\/wp-content\/uploads\/2014\/07\/mage-violence.jpg\",\"datePublished\":\"2014-07-22T12:00:27+00:00\",\"dateModified\":\"2015-12-24T01:02:34+00:00\",\"breadcrumb\":{\"@id\":\"https:\/\/rioonwatch.org.br\/?p=11906#breadcrumb\"},\"inLanguage\":\"pt-BR\",\"potentialAction\":[{\"@type\":\"ReadAction\",\"target\":[\"https:\/\/rioonwatch.org.br\/?p=11906\"]}]},{\"@type\":\"ImageObject\",\"inLanguage\":\"pt-BR\",\"@id\":\"https:\/\/rioonwatch.org.br\/?p=11906#primaryimage\",\"url\":\"https:\/\/rioonwatch.org.br\/wp-content\/uploads\/2014\/07\/mage-violence.jpg\",\"contentUrl\":\"https:\/\/rioonwatch.org.br\/wp-content\/uploads\/2014\/07\/mage-violence.jpg\",\"width\":1600,\"height\":1200},{\"@type\":\"BreadcrumbList\",\"@id\":\"https:\/\/rioonwatch.org.br\/?p=11906#breadcrumb\",\"itemListElement\":[{\"@type\":\"ListItem\",\"position\":1,\"name\":\"In\u00edcio\",\"item\":\"https:\/\/rioonwatch.org.br\/\"},{\"@type\":\"ListItem\",\"position\":2,\"name\":\"\u201cMais um\u201d: Contando Assassinatos na Periferia da Cidade Maravilhosa\"}]},{\"@type\":\"WebSite\",\"@id\":\"https:\/\/rioonwatch.org.br\/#website\",\"url\":\"https:\/\/rioonwatch.org.br\/\",\"name\":\"RioOnWatch\",\"description\":\"relatos das favelas cariocas\",\"publisher\":{\"@id\":\"https:\/\/rioonwatch.org.br\/#organization\"},\"potentialAction\":[{\"@type\":\"SearchAction\",\"target\":{\"@type\":\"EntryPoint\",\"urlTemplate\":\"https:\/\/rioonwatch.org.br\/?s={search_term_string}\"},\"query-input\":{\"@type\":\"PropertyValueSpecification\",\"valueRequired\":true,\"valueName\":\"search_term_string\"}}],\"inLanguage\":\"pt-BR\"},{\"@type\":\"Organization\",\"@id\":\"https:\/\/rioonwatch.org.br\/#organization\",\"name\":\"RioOnWatch\",\"url\":\"https:\/\/rioonwatch.org.br\/\",\"logo\":{\"@type\":\"ImageObject\",\"inLanguage\":\"pt-BR\",\"@id\":\"https:\/\/rioonwatch.org.br\/#\/schema\/logo\/image\/\",\"url\":\"https:\/\/rioonwatch.org.br\/wp-content\/uploads\/2021\/06\/RioOnWatchcabecalhoPT11anos-2.png\",\"contentUrl\":\"https:\/\/rioonwatch.org.br\/wp-content\/uploads\/2021\/06\/RioOnWatchcabecalhoPT11anos-2.png\",\"width\":779,\"height\":277,\"caption\":\"RioOnWatch\"},\"image\":{\"@id\":\"https:\/\/rioonwatch.org.br\/#\/schema\/logo\/image\/\"}},{\"@type\":\"Person\",\"@id\":\"https:\/\/rioonwatch.org.br\/#\/schema\/person\/4d05cf5053c358ab740b3edd75a173f2\",\"name\":\"Felicity\",\"image\":{\"@type\":\"ImageObject\",\"inLanguage\":\"pt-BR\",\"@id\":\"https:\/\/rioonwatch.org.br\/#\/schema\/person\/image\/\",\"url\":\"https:\/\/secure.gravatar.com\/avatar\/bfc904486dc0bba6015410a00fe3fc27?s=96&d=blank&r=g\",\"contentUrl\":\"https:\/\/secure.gravatar.com\/avatar\/bfc904486dc0bba6015410a00fe3fc27?s=96&d=blank&r=g\",\"caption\":\"Felicity\"},\"url\":\"https:\/\/rioonwatch.org.br\/?author=132\"}]}<\/script>\n<!-- \/ Yoast SEO plugin. -->","yoast_head_json":{"title":"\u201cMais um\u201d: Contando Assassinatos na Periferia da Cidade Maravilhosa - RioOnWatch","robots":{"index":"index","follow":"follow","max-snippet":"max-snippet:-1","max-image-preview":"max-image-preview:large","max-video-preview":"max-video-preview:-1"},"canonical":"https:\/\/rioonwatch.org.br\/?p=11906","og_locale":"pt_BR","og_type":"article","og_title":"\u201cMais um\u201d: Contando Assassinatos na Periferia da Cidade Maravilhosa - RioOnWatch","og_description":"Click Here for English Enquanto a sele\u00e7\u00e3o brasileira sofria a maior derrota de todos os tempos, Mag\u00e9\u2013minha cidade natal na regi\u00e3o metropolitana do Rio de Janeiro\u2013lamentava mais um assassinato. A tristeza e a revolta ao [...]","og_url":"https:\/\/rioonwatch.org.br\/?p=11906","og_site_name":"RioOnWatch","article_published_time":"2014-07-22T12:00:27+00:00","article_modified_time":"2015-12-24T01:02:34+00:00","og_image":[{"width":1600,"height":1200,"url":"https:\/\/rioonwatch.org.br\/wp-content\/uploads\/2014\/07\/mage-violence.jpg","type":"image\/jpeg"}],"author":"Felicity","twitter_card":"summary_large_image","twitter_misc":{"Escrito por":"Felicity","Est. tempo de leitura":"4 minutos"},"schema":{"@context":"https:\/\/schema.org","@graph":[{"@type":"Article","@id":"https:\/\/rioonwatch.org.br\/?p=11906#article","isPartOf":{"@id":"https:\/\/rioonwatch.org.br\/?p=11906"},"author":{"name":"Felicity","@id":"https:\/\/rioonwatch.org.br\/#\/schema\/person\/4d05cf5053c358ab740b3edd75a173f2"},"headline":"\u201cMais um\u201d: Contando Assassinatos na Periferia da Cidade Maravilhosa","datePublished":"2014-07-22T12:00:27+00:00","dateModified":"2015-12-24T01:02:34+00:00","mainEntityOfPage":{"@id":"https:\/\/rioonwatch.org.br\/?p=11906"},"wordCount":840,"publisher":{"@id":"https:\/\/rioonwatch.org.br\/#organization"},"image":{"@id":"https:\/\/rioonwatch.org.br\/?p=11906#primaryimage"},"thumbnailUrl":"https:\/\/rioonwatch.org.br\/wp-content\/uploads\/2014\/07\/mage-violence.jpg","keywords":["Baixada Fluminense","Beltrame","Direitos Humanos","Mag\u00e9","seguran\u00e7a","seguran\u00e7a p\u00fablica","tr\u00e1fico de drogas","viol\u00eancia","viol\u00eancia de Estado","viol\u00eancia urbana"],"articleSection":["Den\u00fancias","Pol\u00edticas"],"inLanguage":"pt-BR"},{"@type":"WebPage","@id":"https:\/\/rioonwatch.org.br\/?p=11906","url":"https:\/\/rioonwatch.org.br\/?p=11906","name":"\u201cMais um\u201d: Contando Assassinatos na Periferia da Cidade Maravilhosa - RioOnWatch","isPartOf":{"@id":"https:\/\/rioonwatch.org.br\/#website"},"primaryImageOfPage":{"@id":"https:\/\/rioonwatch.org.br\/?p=11906#primaryimage"},"image":{"@id":"https:\/\/rioonwatch.org.br\/?p=11906#primaryimage"},"thumbnailUrl":"https:\/\/rioonwatch.org.br\/wp-content\/uploads\/2014\/07\/mage-violence.jpg","datePublished":"2014-07-22T12:00:27+00:00","dateModified":"2015-12-24T01:02:34+00:00","breadcrumb":{"@id":"https:\/\/rioonwatch.org.br\/?p=11906#breadcrumb"},"inLanguage":"pt-BR","potentialAction":[{"@type":"ReadAction","target":["https:\/\/rioonwatch.org.br\/?p=11906"]}]},{"@type":"ImageObject","inLanguage":"pt-BR","@id":"https:\/\/rioonwatch.org.br\/?p=11906#primaryimage","url":"https:\/\/rioonwatch.org.br\/wp-content\/uploads\/2014\/07\/mage-violence.jpg","contentUrl":"https:\/\/rioonwatch.org.br\/wp-content\/uploads\/2014\/07\/mage-violence.jpg","width":1600,"height":1200},{"@type":"BreadcrumbList","@id":"https:\/\/rioonwatch.org.br\/?p=11906#breadcrumb","itemListElement":[{"@type":"ListItem","position":1,"name":"In\u00edcio","item":"https:\/\/rioonwatch.org.br\/"},{"@type":"ListItem","position":2,"name":"\u201cMais um\u201d: Contando Assassinatos na Periferia da Cidade Maravilhosa"}]},{"@type":"WebSite","@id":"https:\/\/rioonwatch.org.br\/#website","url":"https:\/\/rioonwatch.org.br\/","name":"RioOnWatch","description":"relatos das favelas cariocas","publisher":{"@id":"https:\/\/rioonwatch.org.br\/#organization"},"potentialAction":[{"@type":"SearchAction","target":{"@type":"EntryPoint","urlTemplate":"https:\/\/rioonwatch.org.br\/?s={search_term_string}"},"query-input":{"@type":"PropertyValueSpecification","valueRequired":true,"valueName":"search_term_string"}}],"inLanguage":"pt-BR"},{"@type":"Organization","@id":"https:\/\/rioonwatch.org.br\/#organization","name":"RioOnWatch","url":"https:\/\/rioonwatch.org.br\/","logo":{"@type":"ImageObject","inLanguage":"pt-BR","@id":"https:\/\/rioonwatch.org.br\/#\/schema\/logo\/image\/","url":"https:\/\/rioonwatch.org.br\/wp-content\/uploads\/2021\/06\/RioOnWatchcabecalhoPT11anos-2.png","contentUrl":"https:\/\/rioonwatch.org.br\/wp-content\/uploads\/2021\/06\/RioOnWatchcabecalhoPT11anos-2.png","width":779,"height":277,"caption":"RioOnWatch"},"image":{"@id":"https:\/\/rioonwatch.org.br\/#\/schema\/logo\/image\/"}},{"@type":"Person","@id":"https:\/\/rioonwatch.org.br\/#\/schema\/person\/4d05cf5053c358ab740b3edd75a173f2","name":"Felicity","image":{"@type":"ImageObject","inLanguage":"pt-BR","@id":"https:\/\/rioonwatch.org.br\/#\/schema\/person\/image\/","url":"https:\/\/secure.gravatar.com\/avatar\/bfc904486dc0bba6015410a00fe3fc27?s=96&d=blank&r=g","contentUrl":"https:\/\/secure.gravatar.com\/avatar\/bfc904486dc0bba6015410a00fe3fc27?s=96&d=blank&r=g","caption":"Felicity"},"url":"https:\/\/rioonwatch.org.br\/?author=132"}]}},"_links":{"self":[{"href":"https:\/\/rioonwatch.org.br\/index.php?rest_route=\/wp\/v2\/posts\/11906"}],"collection":[{"href":"https:\/\/rioonwatch.org.br\/index.php?rest_route=\/wp\/v2\/posts"}],"about":[{"href":"https:\/\/rioonwatch.org.br\/index.php?rest_route=\/wp\/v2\/types\/post"}],"author":[{"embeddable":true,"href":"https:\/\/rioonwatch.org.br\/index.php?rest_route=\/wp\/v2\/users\/132"}],"replies":[{"embeddable":true,"href":"https:\/\/rioonwatch.org.br\/index.php?rest_route=%2Fwp%2Fv2%2Fcomments&post=11906"}],"version-history":[{"count":11,"href":"https:\/\/rioonwatch.org.br\/index.php?rest_route=\/wp\/v2\/posts\/11906\/revisions"}],"predecessor-version":[{"id":17844,"href":"https:\/\/rioonwatch.org.br\/index.php?rest_route=\/wp\/v2\/posts\/11906\/revisions\/17844"}],"wp:featuredmedia":[{"embeddable":true,"href":"https:\/\/rioonwatch.org.br\/index.php?rest_route=\/wp\/v2\/media\/11915"}],"wp:attachment":[{"href":"https:\/\/rioonwatch.org.br\/index.php?rest_route=%2Fwp%2Fv2%2Fmedia&parent=11906"}],"wp:term":[{"taxonomy":"category","embeddable":true,"href":"https:\/\/rioonwatch.org.br\/index.php?rest_route=%2Fwp%2Fv2%2Fcategories&post=11906"},{"taxonomy":"post_tag","embeddable":true,"href":"https:\/\/rioonwatch.org.br\/index.php?rest_route=%2Fwp%2Fv2%2Ftags&post=11906"},{"taxonomy":"writer","embeddable":true,"href":"https:\/\/rioonwatch.org.br\/index.php?rest_route=%2Fwp%2Fv2%2Fwriter&post=11906"},{"taxonomy":"translator","embeddable":true,"href":"https:\/\/rioonwatch.org.br\/index.php?rest_route=%2Fwp%2Fv2%2Ftranslator&post=11906"},{"taxonomy":"source","embeddable":true,"href":"https:\/\/rioonwatch.org.br\/index.php?rest_route=%2Fwp%2Fv2%2Fsource&post=11906"},{"taxonomy":"ilustrador","embeddable":true,"href":"https:\/\/rioonwatch.org.br\/index.php?rest_route=%2Fwp%2Fv2%2Filustrador&post=11906"},{"taxonomy":"fotografo","embeddable":true,"href":"https:\/\/rioonwatch.org.br\/index.php?rest_route=%2Fwp%2Fv2%2Ffotografo&post=11906"}],"curies":[{"name":"wp","href":"https:\/\/api.w.org\/{rel}","templated":true}]}}