{"id":11917,"date":"2014-07-26T14:16:06","date_gmt":"2014-07-26T17:16:06","guid":{"rendered":"http:\/\/rioonwatch.org.br\/?p=11917"},"modified":"2023-05-09T09:57:16","modified_gmt":"2023-05-09T12:57:16","slug":"tres-meses-depois-familias-removidas-do-terreno-da-oi-telerj-ainda-estao-sem-casa","status":"publish","type":"post","link":"https:\/\/rioonwatch.org.br\/?p=11917","title":{"rendered":"Tr\u00eas Meses Depois, Fam\u00edlias Removidas do Terreno da Oi \/ Telerj Ainda Est\u00e3o Sem Casa"},"content":{"rendered":"<p style=\"text-align: right;\"><em><strong><a href=\"http:\/\/bit.ly\/1mkqLH5\" target=\"_blank\" rel=\"noopener\">Click Here for English<img decoding=\"async\" width=\"20\" height=\"20\" class=\"alignright wp-image-15790\" src=\"http:\/\/rioonwatch.org.br\/wp-content\/uploads\/2012\/08\/EN-standard-e1439583104716.jpg\" alt=\"\" \/><\/a><\/strong><\/em><\/p>\n<p style=\"text-align: left;\">Aproximadamente 250 pessoas est\u00e3o abrigadas no gin\u00e1sio de Igreja Cat\u00f3lica Nossa Senhora do Loreto, perto do Gale\u00e3o, aeroporto internacional do Rio de Janeiro, mais de tr\u00eas meses depois de terem sido <a href=\"http:\/\/bit.ly\/1ibmnwc\" target=\"_blank\" rel=\"noopener\">violentamente removidas do terreno abandonado da Oi\/ex-Telerj<\/a> na Zona Norte. Sem nenhum lugar para ir e dependendo de doa\u00e7\u00f5es, o grupo declara ser v\u00edtima de baixos sal\u00e1rios e <a href=\"http:\/\/bit.ly\/11tBtBo\" target=\"_blank\" rel=\"noopener\">alugueis crescentes<\/a> em uma situa\u00e7\u00e3o que tem se intensificado durante os per\u00edodos de prepara\u00e7\u00e3o para a Copa do Mundo e os Jogos Ol\u00edmpicos.<\/p>\n<p>O grupo, que se autodenomina &#8220;Comunidade Telerj&#8221;, s\u00e3o os restantes da <a href=\"http:\/\/bit.ly\/1ibmnwc\" target=\"_blank\" rel=\"noopener\">ocupa\u00e7\u00e3o espont\u00e2nea de 8000<\/a>, que ocupou o espa\u00e7o industrial abandonado no Engenho Novo por 12 dias em abril. A remo\u00e7\u00e3o em 11 de abril chamou <a href=\"http:\/\/nyti.ms\/1lqeXUe\" target=\"_blank\" rel=\"noopener\">aten\u00e7\u00e3o internacional<\/a> ap\u00f3s a Pol\u00edcia Militar usar t\u00e1ticas violentas para remover as fam\u00edlias que ocupavam, incluindo crian\u00e7as, poucas semanas antes do in\u00edcio da <a href=\"http:\/\/bit.ly\/WfaiMR\" target=\"_blank\" rel=\"noopener\">Copa do Mundo<\/a>.<\/p>\n<p>Uma\u00a0<a href=\"http:\/\/bit.ly\/1kt6ZcT\" target=\"_blank\" rel=\"noopener\">segunda remo\u00e7\u00e3o violenta<\/a>\u00a0do lado de fora de um edif\u00edcio administrativo municipal em 15 de abril, e uma, negociada, terceira remo\u00e7\u00e3o do lado de fora da Catedral em 3 de maio, desanimaram muitas fam\u00edlias de resistir mais. Muitos voltaram para suas comunidades de origem para buscar ref\u00fagio com amigos ou fam\u00edlia.<\/p>\n<p style=\"text-align: center;\"><img fetchpriority=\"high\" decoding=\"async\" class=\"aligncenter\" title=\"A igreja onde as fam\u00edlias est\u00e3o ficando\" src=\"http:\/\/www.rioonwatch.org\/wp-content\/uploads\/2014\/07\/Telerj3_2.jpg\" alt=\"\" width=\"620\" height=\"350\" \/><\/p>\n<p>Sem nenhum lugar para ir, algumas fam\u00edlias n\u00e3o tinham outra op\u00e7\u00e3o a n\u00e3o ser manter-se dentro do movimento. As 250 restantes est\u00e3o vivendo em condi\u00e7\u00f5es rudimentares, com a sua sobreviv\u00eancia dependendo de doa\u00e7\u00f5es da Igreja Cat\u00f3lica. A comida mal alimenta todos nesses dias, e fraldas, leite em p\u00f3, e suprimentos essenciais para as crian\u00e7as s\u00e3o escassos. Um morador se refere \u00e0s suas condi\u00e7\u00f5es de vida degradantes mostrando como ele come sua comida com as m\u00e3os, na aus\u00eancia de garfos.<\/p>\n<p>Setenta barracas ficam em filas no gin\u00e1sio, tr\u00eas mict\u00f3rios e tr\u00eas sanit\u00e1rios servem toda a comunidade. Fam\u00edlias dividem espa\u00e7o, varais, e as suas posses limitadas. A comunidade trabalha em conjunto para manter o espa\u00e7o limpo, higienizado e livre de doen\u00e7a, mas a infesta\u00e7\u00e3o de ratos, mosquitos e macacos que visitam ainda causam problemas.<\/p>\n<p style=\"text-align: center;\"><img decoding=\"async\" class=\"aligncenter\" title=\"Fam\u00edlias dormem em barracas\" src=\"http:\/\/www.rioonwatch.org\/wp-content\/uploads\/2014\/07\/Telerj3_1.jpg\" alt=\"\" width=\"620\" height=\"350\" \/><\/p>\n<p>Um morador, Vitor, explicou que estar com pessoas de comunidades t\u00e3o ecl\u00e9ticas foi estranho e \u00e0s vezes criam-se tens\u00f5es. Apontando para um homem do outro lado da sala, ele explicou: &#8220;Eu vivi na mesma comunidade que esse cara por 30 anos&#8221;, e, em seguida, apontando para uma mulher limpando o ch\u00e3o do gin\u00e1sio ele: &#8220;Mas essa mulher, eu s\u00f3 conhe\u00e7o h\u00e1 60 dias\u201d. Ele passou a descrever os v\u00e1rios n\u00edveis de confian\u00e7a entre os moradores da comunidade nascente.<\/p>\n<p>Os l\u00edderes das comunidades locais que haviam formado a lideran\u00e7a da comunidade Telerj n\u00e3o quiseram mais acompanhar o movimento. O atual l\u00edder, o ex-traficante Rodrigo Moreira, explicou que n\u00e3o sabia para onde foram.<\/p>\n<p><a href=\"http:\/\/bit.ly\/1p3lxm3\" target=\"_blank\" rel=\"noopener\">Falando em um evento recente<\/a> organizado pelo Vereador Renato Cinco, Rodrigo expressou sua cren\u00e7a na import\u00e2ncia da comunidade continuar resistindo, para batalhar contra as promessas desleais do governo e para pedir presta\u00e7\u00e3o de contas, e denunciar t\u00e1ticas violentas e repressivas das for\u00e7as de seguran\u00e7a do governo.<\/p>\n<p>Muitos na comunidade perderam seus documentos na como\u00e7\u00e3o da primeira remo\u00e7\u00e3o, deixando-os sem os n\u00fameros de CPF ou de INSS necess\u00e1rios para se registrar em programas sociais do governo. No in\u00edcio de junho, aqueles sem documentos foram avaliados por funcion\u00e1rios do governo, que dissem que levariam oito semanas para analisar as informa\u00e7\u00f5es e discernir quem \u00e9 quem e quais os programas sociais que possam ter direito.<\/p>\n<p>Mas, longe dos bairros das praias tur\u00edsticas e do movimentado centro comercial, o poder de barganha da Comunidade Telerj em sua luta por moradia foi significativamente reduzida. A prefeitura, tendo maioria das cartas na m\u00e3o, deve concluir a sua an\u00e1lise at\u00e9 o final de julho.<\/p>\n<p style=\"text-align: center;\"><img loading=\"lazy\" decoding=\"async\" class=\"aligncenter\" title=\"Foto por Tomaz Silva\/Ag\u00eancia Brasil\" src=\"http:\/\/www.rioonwatch.org\/wp-content\/uploads\/2014\/07\/ex_acam_pro4.jpg\" alt=\"\" width=\"620\" height=\"400\" \/><\/p>\n<p>Em uma audi\u00eancia p\u00fablica em 30 de maio, o subsecret\u00e1rio de Prote\u00e7\u00e3o Social Especial da Secretaria Municipal de Assist\u00eancia e Desenvolvimento Social, Rodrigo Abel, <a href=\"http:\/\/bit.ly\/1pAa6m9\" target=\"_blank\" rel=\"noopener\">afirmou<\/a> que 569 fam\u00edlias da comunidade inicial da Telerj j\u00e1 haviam se registrado atrav\u00e9s do programa do governo federal Cadastro \u00danico (Cad\u00danico), usando suas documenta\u00e7\u00f5es mantidas. Deste grupo, afirmou Abel, para 482 haviam sido concedidos <a href=\"http:\/\/bit.ly\/1bVmvbP\" target=\"_blank\" rel=\"noopener\">Bolsa Fam\u00edlia<\/a>, ou o programa complementar local, Cart\u00e3o Fam\u00edlia Carioca.<\/p>\n<p>Rosa, que continua a fazer parte da comunidade Telerj, explicou que ela n\u00e3o queria esmolas do Bolsa Fam\u00edlia j\u00e1 que \u00e9 insuficiente para cobrir o aumento dos alugu\u00e9is.<\/p>\n<p>Embora a principal demanda de &#8220;Queremos moradia!&#8221; seja id\u00eantica agora com ao que era em abril, apenas 20 fam\u00edlias foram registradas para um programa de habita\u00e7\u00e3o, de acordo com Abel.<\/p>\n<p>Muitos dos programas sociais, como o <a href=\"http:\/\/bit.ly\/1lTMw0y\" target=\"_blank\" rel=\"noopener\">Minha Casa Minha Vida<\/a>, o Bolsa Fam\u00edlia, Cart\u00e3o Fam\u00edlia Carioca, Bolsa Carioca, <a href=\"http:\/\/bit.ly\/UBbISE\" target=\"_blank\" rel=\"noopener\">Aluguel Social<\/a>, e v\u00e1rios subconjuntos destes programas est\u00e3o sendo considerados como solu\u00e7\u00f5es.<\/p>\n<p style=\"text-align: center;\"><img loading=\"lazy\" decoding=\"async\" class=\"aligncenter\" title=\"&quot;Dima Queremos Moradia!!!&quot;\" src=\"http:\/\/www.rioonwatch.org\/wp-content\/uploads\/2014\/07\/Telerj3_3.jpg\" alt=\"\" width=\"620\" height=\"350\" \/><\/p>\n<p>Em 2012, a Presidente Dilma Rousseff, o Prefeito Eduardo Paes, e o ex-Governador S\u00e9rgio Cabral prometeram construir <a href=\"http:\/\/bit.ly\/1hgEUUB\" target=\"_blank\" rel=\"noopener\">2.240 apartamentos<\/a> no terreno da Oi\/ex-Telerj, a ser conhecido como Bairro Carioca II. No entanto, ap\u00f3s mais de dois anos de negocia\u00e7\u00f5es, o acordo ainda est\u00e1 incompleto e nenhuma informa\u00e7\u00e3o p\u00fablica foi disponibilizada.<\/p>\n<p>N\u00e3o h\u00e1 nada que sugira que aqueles da Comunidade Telerj que vierem a receber com sucesso o Minha Casa Minha Vida ser\u00e3o concedidos moradia no terreno da Oi \/ ex-Telerj. Enquanto isso, as fam\u00edlias est\u00e3o abrigadas na Igreja Cat\u00f3lica Nossa Senhora de Loreto esperando.<\/p>\n<!-- AddThis Advanced Settings generic via filter on the_content --><!-- AddThis Share Buttons generic via filter on the_content -->","protected":false},"excerpt":{"rendered":"<div class=\"mh-excerpt\"><p>Click Here for English Aproximadamente 250 pessoas est\u00e3o abrigadas no gin\u00e1sio de Igreja Cat\u00f3lica Nossa Senhora do Loreto, perto do Gale\u00e3o, aeroporto internacional do Rio de Janeiro, mais de tr\u00eas meses depois de terem sido <a class=\"mh-excerpt-more\" href=\"https:\/\/rioonwatch.org.br\/?p=11917\" title=\"Tr\u00eas Meses Depois, Fam\u00edlias Removidas do Terreno da Oi \/ Telerj Ainda Est\u00e3o Sem Casa\">[&#8230;]<\/a><!-- AddThis Advanced Settings generic via filter on get_the_excerpt --><!-- AddThis Share Buttons generic via filter on get_the_excerpt --><\/p>\n<\/div>","protected":false},"author":132,"featured_media":11918,"comment_status":"closed","ping_status":"closed","sticky":false,"template":"","format":"standard","meta":{"_acf_changed":false,"_monsterinsights_skip_tracking":false,"_monsterinsights_sitenote_active":false,"_monsterinsights_sitenote_note":"","_monsterinsights_sitenote_category":0,"footnotes":""},"categories":[1614,346],"tags":[17,1197,893,1196,424,484,994,419,246,1037,407,14,1180,52,218],"writer":[1090],"translator":[1175],"source":[],"ilustrador":[],"fotografo":[],"class_list":{"0":"post-11917","1":"post","2":"type-post","3":"status-publish","4":"format-standard","5":"has-post-thumbnail","7":"category-olhonasremocoes","8":"category-denuncias","9":"tag-aluguel-social","10":"tag-bairro-carioca-ii","11":"tag-bolsa-familia","12":"tag-cartao-familia-carioca","13":"tag-direito-a-moradia","14":"tag-prefeito-eduardo-paes","15":"tag-habitacao-publica","16":"tag-igreja","17":"tag-minha-casa-minha-vida","18":"tag-moradia","19":"tag-ocupacao","20":"tag-remocao","21":"tag-telerj","22":"tag-violencia-policial","23":"tag-zona-norte","24":"writer-nick-pope","25":"translator-brianna-bussinger"},"acf":[],"yoast_head":"<!-- This site is optimized with the Yoast SEO plugin v25.6 - https:\/\/yoast.com\/wordpress\/plugins\/seo\/ -->\n<title>Tr\u00eas Meses Depois, Fam\u00edlias Removidas do Terreno da Oi \/ Telerj Ainda Est\u00e3o Sem Casa - RioOnWatch<\/title>\n<meta name=\"robots\" content=\"index, follow, max-snippet:-1, max-image-preview:large, max-video-preview:-1\" \/>\n<link rel=\"canonical\" href=\"https:\/\/rioonwatch.org.br\/?p=11917\" \/>\n<meta property=\"og:locale\" content=\"pt_BR\" \/>\n<meta property=\"og:type\" content=\"article\" \/>\n<meta property=\"og:title\" content=\"Tr\u00eas Meses Depois, Fam\u00edlias Removidas do Terreno da Oi \/ Telerj Ainda Est\u00e3o Sem Casa - RioOnWatch\" \/>\n<meta property=\"og:description\" content=\"Click Here for English Aproximadamente 250 pessoas est\u00e3o abrigadas no gin\u00e1sio de Igreja Cat\u00f3lica Nossa Senhora do Loreto, perto do Gale\u00e3o, aeroporto internacional do Rio de Janeiro, mais de tr\u00eas meses depois de terem sido [...]\" \/>\n<meta property=\"og:url\" content=\"https:\/\/rioonwatch.org.br\/?p=11917\" \/>\n<meta property=\"og:site_name\" content=\"RioOnWatch\" \/>\n<meta property=\"article:published_time\" content=\"2014-07-26T17:16:06+00:00\" \/>\n<meta property=\"article:modified_time\" content=\"2023-05-09T12:57:16+00:00\" \/>\n<meta property=\"og:image\" content=\"https:\/\/rioonwatch.org.br\/wp-content\/uploads\/2014\/07\/ex_acam_pro6.jpg\" \/>\n\t<meta property=\"og:image:width\" content=\"1000\" \/>\n\t<meta property=\"og:image:height\" content=\"665\" \/>\n\t<meta property=\"og:image:type\" content=\"image\/jpeg\" \/>\n<meta name=\"author\" content=\"Felicity\" \/>\n<meta name=\"twitter:card\" content=\"summary_large_image\" \/>\n<meta name=\"twitter:label1\" content=\"Escrito por\" \/>\n\t<meta name=\"twitter:data1\" content=\"Felicity\" \/>\n\t<meta name=\"twitter:label2\" content=\"Est. tempo de leitura\" \/>\n\t<meta name=\"twitter:data2\" content=\"5 minutos\" \/>\n<script type=\"application\/ld+json\" class=\"yoast-schema-graph\">{\"@context\":\"https:\/\/schema.org\",\"@graph\":[{\"@type\":\"Article\",\"@id\":\"https:\/\/rioonwatch.org.br\/?p=11917#article\",\"isPartOf\":{\"@id\":\"https:\/\/rioonwatch.org.br\/?p=11917\"},\"author\":{\"name\":\"Felicity\",\"@id\":\"https:\/\/rioonwatch.org.br\/#\/schema\/person\/4d05cf5053c358ab740b3edd75a173f2\"},\"headline\":\"Tr\u00eas Meses Depois, Fam\u00edlias Removidas do Terreno da Oi \/ Telerj Ainda Est\u00e3o Sem Casa\",\"datePublished\":\"2014-07-26T17:16:06+00:00\",\"dateModified\":\"2023-05-09T12:57:16+00:00\",\"mainEntityOfPage\":{\"@id\":\"https:\/\/rioonwatch.org.br\/?p=11917\"},\"wordCount\":970,\"publisher\":{\"@id\":\"https:\/\/rioonwatch.org.br\/#organization\"},\"image\":{\"@id\":\"https:\/\/rioonwatch.org.br\/?p=11917#primaryimage\"},\"thumbnailUrl\":\"https:\/\/rioonwatch.org.br\/wp-content\/uploads\/2014\/07\/ex_acam_pro6.jpg\",\"keywords\":[\"Aluguel social\",\"Bairro Carioca II\",\"Bolsa Fam\u00edlia\",\"Cart\u00e3o Fam\u00edlia Carioca\",\"Direito \u00e0 Moradia\",\"Eduardo Paes\",\"habita\u00e7\u00e3o p\u00fablica\",\"igreja\",\"Minha Casa Minha Vida\",\"moradia\",\"Ocupa\u00e7\u00e3o\",\"Remo\u00e7\u00e3o\",\"Telerj\",\"viol\u00eancia policial\",\"Zona Norte\"],\"articleSection\":[\"#OlhoNasRemo\u00e7\u00f5es\",\"Den\u00fancias\"],\"inLanguage\":\"pt-BR\"},{\"@type\":\"WebPage\",\"@id\":\"https:\/\/rioonwatch.org.br\/?p=11917\",\"url\":\"https:\/\/rioonwatch.org.br\/?p=11917\",\"name\":\"Tr\u00eas Meses Depois, Fam\u00edlias Removidas do Terreno da Oi \/ Telerj Ainda Est\u00e3o Sem Casa - RioOnWatch\",\"isPartOf\":{\"@id\":\"https:\/\/rioonwatch.org.br\/#website\"},\"primaryImageOfPage\":{\"@id\":\"https:\/\/rioonwatch.org.br\/?p=11917#primaryimage\"},\"image\":{\"@id\":\"https:\/\/rioonwatch.org.br\/?p=11917#primaryimage\"},\"thumbnailUrl\":\"https:\/\/rioonwatch.org.br\/wp-content\/uploads\/2014\/07\/ex_acam_pro6.jpg\",\"datePublished\":\"2014-07-26T17:16:06+00:00\",\"dateModified\":\"2023-05-09T12:57:16+00:00\",\"breadcrumb\":{\"@id\":\"https:\/\/rioonwatch.org.br\/?p=11917#breadcrumb\"},\"inLanguage\":\"pt-BR\",\"potentialAction\":[{\"@type\":\"ReadAction\",\"target\":[\"https:\/\/rioonwatch.org.br\/?p=11917\"]}]},{\"@type\":\"ImageObject\",\"inLanguage\":\"pt-BR\",\"@id\":\"https:\/\/rioonwatch.org.br\/?p=11917#primaryimage\",\"url\":\"https:\/\/rioonwatch.org.br\/wp-content\/uploads\/2014\/07\/ex_acam_pro6.jpg\",\"contentUrl\":\"https:\/\/rioonwatch.org.br\/wp-content\/uploads\/2014\/07\/ex_acam_pro6.jpg\",\"width\":1000,\"height\":665},{\"@type\":\"BreadcrumbList\",\"@id\":\"https:\/\/rioonwatch.org.br\/?p=11917#breadcrumb\",\"itemListElement\":[{\"@type\":\"ListItem\",\"position\":1,\"name\":\"In\u00edcio\",\"item\":\"https:\/\/rioonwatch.org.br\/\"},{\"@type\":\"ListItem\",\"position\":2,\"name\":\"Tr\u00eas Meses Depois, Fam\u00edlias Removidas do Terreno da Oi \/ Telerj Ainda Est\u00e3o Sem Casa\"}]},{\"@type\":\"WebSite\",\"@id\":\"https:\/\/rioonwatch.org.br\/#website\",\"url\":\"https:\/\/rioonwatch.org.br\/\",\"name\":\"RioOnWatch\",\"description\":\"relatos das favelas cariocas\",\"publisher\":{\"@id\":\"https:\/\/rioonwatch.org.br\/#organization\"},\"potentialAction\":[{\"@type\":\"SearchAction\",\"target\":{\"@type\":\"EntryPoint\",\"urlTemplate\":\"https:\/\/rioonwatch.org.br\/?s={search_term_string}\"},\"query-input\":{\"@type\":\"PropertyValueSpecification\",\"valueRequired\":true,\"valueName\":\"search_term_string\"}}],\"inLanguage\":\"pt-BR\"},{\"@type\":\"Organization\",\"@id\":\"https:\/\/rioonwatch.org.br\/#organization\",\"name\":\"RioOnWatch\",\"url\":\"https:\/\/rioonwatch.org.br\/\",\"logo\":{\"@type\":\"ImageObject\",\"inLanguage\":\"pt-BR\",\"@id\":\"https:\/\/rioonwatch.org.br\/#\/schema\/logo\/image\/\",\"url\":\"https:\/\/rioonwatch.org.br\/wp-content\/uploads\/2021\/06\/RioOnWatchcabecalhoPT11anos-2.png\",\"contentUrl\":\"https:\/\/rioonwatch.org.br\/wp-content\/uploads\/2021\/06\/RioOnWatchcabecalhoPT11anos-2.png\",\"width\":779,\"height\":277,\"caption\":\"RioOnWatch\"},\"image\":{\"@id\":\"https:\/\/rioonwatch.org.br\/#\/schema\/logo\/image\/\"}},{\"@type\":\"Person\",\"@id\":\"https:\/\/rioonwatch.org.br\/#\/schema\/person\/4d05cf5053c358ab740b3edd75a173f2\",\"name\":\"Felicity\",\"image\":{\"@type\":\"ImageObject\",\"inLanguage\":\"pt-BR\",\"@id\":\"https:\/\/rioonwatch.org.br\/#\/schema\/person\/image\/\",\"url\":\"https:\/\/secure.gravatar.com\/avatar\/bfc904486dc0bba6015410a00fe3fc27?s=96&d=blank&r=g\",\"contentUrl\":\"https:\/\/secure.gravatar.com\/avatar\/bfc904486dc0bba6015410a00fe3fc27?s=96&d=blank&r=g\",\"caption\":\"Felicity\"},\"url\":\"https:\/\/rioonwatch.org.br\/?author=132\"}]}<\/script>\n<!-- \/ Yoast SEO plugin. -->","yoast_head_json":{"title":"Tr\u00eas Meses Depois, Fam\u00edlias Removidas do Terreno da Oi \/ Telerj Ainda Est\u00e3o Sem Casa - RioOnWatch","robots":{"index":"index","follow":"follow","max-snippet":"max-snippet:-1","max-image-preview":"max-image-preview:large","max-video-preview":"max-video-preview:-1"},"canonical":"https:\/\/rioonwatch.org.br\/?p=11917","og_locale":"pt_BR","og_type":"article","og_title":"Tr\u00eas Meses Depois, Fam\u00edlias Removidas do Terreno da Oi \/ Telerj Ainda Est\u00e3o Sem Casa - RioOnWatch","og_description":"Click Here for English Aproximadamente 250 pessoas est\u00e3o abrigadas no gin\u00e1sio de Igreja Cat\u00f3lica Nossa Senhora do Loreto, perto do Gale\u00e3o, aeroporto internacional do Rio de Janeiro, mais de tr\u00eas meses depois de terem sido [...]","og_url":"https:\/\/rioonwatch.org.br\/?p=11917","og_site_name":"RioOnWatch","article_published_time":"2014-07-26T17:16:06+00:00","article_modified_time":"2023-05-09T12:57:16+00:00","og_image":[{"width":1000,"height":665,"url":"https:\/\/rioonwatch.org.br\/wp-content\/uploads\/2014\/07\/ex_acam_pro6.jpg","type":"image\/jpeg"}],"author":"Felicity","twitter_card":"summary_large_image","twitter_misc":{"Escrito por":"Felicity","Est. tempo de leitura":"5 minutos"},"schema":{"@context":"https:\/\/schema.org","@graph":[{"@type":"Article","@id":"https:\/\/rioonwatch.org.br\/?p=11917#article","isPartOf":{"@id":"https:\/\/rioonwatch.org.br\/?p=11917"},"author":{"name":"Felicity","@id":"https:\/\/rioonwatch.org.br\/#\/schema\/person\/4d05cf5053c358ab740b3edd75a173f2"},"headline":"Tr\u00eas Meses Depois, Fam\u00edlias Removidas do Terreno da Oi \/ Telerj Ainda Est\u00e3o Sem Casa","datePublished":"2014-07-26T17:16:06+00:00","dateModified":"2023-05-09T12:57:16+00:00","mainEntityOfPage":{"@id":"https:\/\/rioonwatch.org.br\/?p=11917"},"wordCount":970,"publisher":{"@id":"https:\/\/rioonwatch.org.br\/#organization"},"image":{"@id":"https:\/\/rioonwatch.org.br\/?p=11917#primaryimage"},"thumbnailUrl":"https:\/\/rioonwatch.org.br\/wp-content\/uploads\/2014\/07\/ex_acam_pro6.jpg","keywords":["Aluguel social","Bairro Carioca II","Bolsa Fam\u00edlia","Cart\u00e3o Fam\u00edlia Carioca","Direito \u00e0 Moradia","Eduardo Paes","habita\u00e7\u00e3o p\u00fablica","igreja","Minha Casa Minha Vida","moradia","Ocupa\u00e7\u00e3o","Remo\u00e7\u00e3o","Telerj","viol\u00eancia policial","Zona Norte"],"articleSection":["#OlhoNasRemo\u00e7\u00f5es","Den\u00fancias"],"inLanguage":"pt-BR"},{"@type":"WebPage","@id":"https:\/\/rioonwatch.org.br\/?p=11917","url":"https:\/\/rioonwatch.org.br\/?p=11917","name":"Tr\u00eas Meses Depois, Fam\u00edlias Removidas do Terreno da Oi \/ Telerj Ainda Est\u00e3o Sem Casa - RioOnWatch","isPartOf":{"@id":"https:\/\/rioonwatch.org.br\/#website"},"primaryImageOfPage":{"@id":"https:\/\/rioonwatch.org.br\/?p=11917#primaryimage"},"image":{"@id":"https:\/\/rioonwatch.org.br\/?p=11917#primaryimage"},"thumbnailUrl":"https:\/\/rioonwatch.org.br\/wp-content\/uploads\/2014\/07\/ex_acam_pro6.jpg","datePublished":"2014-07-26T17:16:06+00:00","dateModified":"2023-05-09T12:57:16+00:00","breadcrumb":{"@id":"https:\/\/rioonwatch.org.br\/?p=11917#breadcrumb"},"inLanguage":"pt-BR","potentialAction":[{"@type":"ReadAction","target":["https:\/\/rioonwatch.org.br\/?p=11917"]}]},{"@type":"ImageObject","inLanguage":"pt-BR","@id":"https:\/\/rioonwatch.org.br\/?p=11917#primaryimage","url":"https:\/\/rioonwatch.org.br\/wp-content\/uploads\/2014\/07\/ex_acam_pro6.jpg","contentUrl":"https:\/\/rioonwatch.org.br\/wp-content\/uploads\/2014\/07\/ex_acam_pro6.jpg","width":1000,"height":665},{"@type":"BreadcrumbList","@id":"https:\/\/rioonwatch.org.br\/?p=11917#breadcrumb","itemListElement":[{"@type":"ListItem","position":1,"name":"In\u00edcio","item":"https:\/\/rioonwatch.org.br\/"},{"@type":"ListItem","position":2,"name":"Tr\u00eas Meses Depois, Fam\u00edlias Removidas do Terreno da Oi \/ Telerj Ainda Est\u00e3o Sem Casa"}]},{"@type":"WebSite","@id":"https:\/\/rioonwatch.org.br\/#website","url":"https:\/\/rioonwatch.org.br\/","name":"RioOnWatch","description":"relatos das favelas cariocas","publisher":{"@id":"https:\/\/rioonwatch.org.br\/#organization"},"potentialAction":[{"@type":"SearchAction","target":{"@type":"EntryPoint","urlTemplate":"https:\/\/rioonwatch.org.br\/?s={search_term_string}"},"query-input":{"@type":"PropertyValueSpecification","valueRequired":true,"valueName":"search_term_string"}}],"inLanguage":"pt-BR"},{"@type":"Organization","@id":"https:\/\/rioonwatch.org.br\/#organization","name":"RioOnWatch","url":"https:\/\/rioonwatch.org.br\/","logo":{"@type":"ImageObject","inLanguage":"pt-BR","@id":"https:\/\/rioonwatch.org.br\/#\/schema\/logo\/image\/","url":"https:\/\/rioonwatch.org.br\/wp-content\/uploads\/2021\/06\/RioOnWatchcabecalhoPT11anos-2.png","contentUrl":"https:\/\/rioonwatch.org.br\/wp-content\/uploads\/2021\/06\/RioOnWatchcabecalhoPT11anos-2.png","width":779,"height":277,"caption":"RioOnWatch"},"image":{"@id":"https:\/\/rioonwatch.org.br\/#\/schema\/logo\/image\/"}},{"@type":"Person","@id":"https:\/\/rioonwatch.org.br\/#\/schema\/person\/4d05cf5053c358ab740b3edd75a173f2","name":"Felicity","image":{"@type":"ImageObject","inLanguage":"pt-BR","@id":"https:\/\/rioonwatch.org.br\/#\/schema\/person\/image\/","url":"https:\/\/secure.gravatar.com\/avatar\/bfc904486dc0bba6015410a00fe3fc27?s=96&d=blank&r=g","contentUrl":"https:\/\/secure.gravatar.com\/avatar\/bfc904486dc0bba6015410a00fe3fc27?s=96&d=blank&r=g","caption":"Felicity"},"url":"https:\/\/rioonwatch.org.br\/?author=132"}]}},"_links":{"self":[{"href":"https:\/\/rioonwatch.org.br\/index.php?rest_route=\/wp\/v2\/posts\/11917"}],"collection":[{"href":"https:\/\/rioonwatch.org.br\/index.php?rest_route=\/wp\/v2\/posts"}],"about":[{"href":"https:\/\/rioonwatch.org.br\/index.php?rest_route=\/wp\/v2\/types\/post"}],"author":[{"embeddable":true,"href":"https:\/\/rioonwatch.org.br\/index.php?rest_route=\/wp\/v2\/users\/132"}],"replies":[{"embeddable":true,"href":"https:\/\/rioonwatch.org.br\/index.php?rest_route=%2Fwp%2Fv2%2Fcomments&post=11917"}],"version-history":[{"count":10,"href":"https:\/\/rioonwatch.org.br\/index.php?rest_route=\/wp\/v2\/posts\/11917\/revisions"}],"predecessor-version":[{"id":67893,"href":"https:\/\/rioonwatch.org.br\/index.php?rest_route=\/wp\/v2\/posts\/11917\/revisions\/67893"}],"wp:featuredmedia":[{"embeddable":true,"href":"https:\/\/rioonwatch.org.br\/index.php?rest_route=\/wp\/v2\/media\/11918"}],"wp:attachment":[{"href":"https:\/\/rioonwatch.org.br\/index.php?rest_route=%2Fwp%2Fv2%2Fmedia&parent=11917"}],"wp:term":[{"taxonomy":"category","embeddable":true,"href":"https:\/\/rioonwatch.org.br\/index.php?rest_route=%2Fwp%2Fv2%2Fcategories&post=11917"},{"taxonomy":"post_tag","embeddable":true,"href":"https:\/\/rioonwatch.org.br\/index.php?rest_route=%2Fwp%2Fv2%2Ftags&post=11917"},{"taxonomy":"writer","embeddable":true,"href":"https:\/\/rioonwatch.org.br\/index.php?rest_route=%2Fwp%2Fv2%2Fwriter&post=11917"},{"taxonomy":"translator","embeddable":true,"href":"https:\/\/rioonwatch.org.br\/index.php?rest_route=%2Fwp%2Fv2%2Ftranslator&post=11917"},{"taxonomy":"source","embeddable":true,"href":"https:\/\/rioonwatch.org.br\/index.php?rest_route=%2Fwp%2Fv2%2Fsource&post=11917"},{"taxonomy":"ilustrador","embeddable":true,"href":"https:\/\/rioonwatch.org.br\/index.php?rest_route=%2Fwp%2Fv2%2Filustrador&post=11917"},{"taxonomy":"fotografo","embeddable":true,"href":"https:\/\/rioonwatch.org.br\/index.php?rest_route=%2Fwp%2Fv2%2Ffotografo&post=11917"}],"curies":[{"name":"wp","href":"https:\/\/api.w.org\/{rel}","templated":true}]}}