{"id":11944,"date":"2014-07-24T09:00:18","date_gmt":"2014-07-24T12:00:18","guid":{"rendered":"http:\/\/rioonwatch.org.br\/?p=11944"},"modified":"2016-10-10T03:13:29","modified_gmt":"2016-10-10T06:13:29","slug":"uma-semana-apos-a-copa-do-mundo-tiroteios-diarios-e-moradores-aterrorizados","status":"publish","type":"post","link":"https:\/\/rioonwatch.org.br\/?p=11944","title":{"rendered":"Uma Semana Ap\u00f3s a Copa do Mundo: Tiroteios Di\u00e1rios e Moradores Aterrorizados no Alem\u00e3o"},"content":{"rendered":"<p style=\"text-align: right;\"><em><strong><a href=\"http:\/\/bit.ly\/1nxBqob\" target=\"_blank\">Click Here for English<img decoding=\"async\" width=\"20\" height=\"20\" class=\"alignright wp-image-15790\" src=\"http:\/\/rioonwatch.org.br\/wp-content\/uploads\/2012\/08\/EN-standard-e1439583104716.jpg\" alt=\"\" \/><\/a><\/strong><\/em><\/p>\n<p>As vidas de centenas de moradores do <a href=\"http:\/\/bit.ly\/U0MiGm\" target=\"_blank\">Complexo do Alem\u00e3o<\/a> v\u00eam sendo afetadas por conflitos armados di\u00e1rios desde o fim da Copa do Mundo, no dia 13 de julho.<\/p>\n<p>Fontes de dentro da favela relatam que um adolescente conhecido como Matheus, de idade desconhecida, <a href=\"http:\/\/on.fb.me\/1ubs0SN\" target=\"_blank\">foi morto a tiros no \u00faltimo domingo, dia 20 de julho<\/a>. Ele deixou um filho rec\u00e9m-nascido.\u00a0O site de not\u00edcias <em>R7<\/em> relatou que Diogo Werllington Costa, 28, conhecido na comunidade como \u201cBebez\u00e3o\u201d e suspeito de participa\u00e7\u00e3o no tr\u00e1fico, tamb\u00e9m <a href=\"http:\/\/bit.ly\/1mzMXgs\" target=\"_blank\">levou um tiro e faleceu no hospital<\/a>.<\/p>\n<p>Moradores relataram que os conflitos entre a pol\u00edcia e os traficantes tinham acalmado nos \u00faltimos meses mas que desde o final da Copa do Mundo\u00a0<a href=\"http:\/\/bit.ly\/1pAdflN\" target=\"_blank\">a frequ\u00eancia dos tiroteios aumentou<\/a>. Agora eles ocorrem\u00a0pelo menos uma vez por dia sem nenhum aviso pr\u00e9vio nos bairros Alvorada, Grota e Morro do Alem\u00e3o.<\/p>\n<p>O <a href=\"http:\/\/bit.ly\/19EZSyh\" target=\"_blank\">telef\u00e9rico do Complexo<\/a> foi fechado na ter\u00e7a-feira, dia 15 de julho, devido a &#8216;problemas de seguran\u00e7a p\u00fablica&#8217;, e reabriu uma semana depois, na ter\u00e7a-feira, dia 22 de julho. Os moradores dizem que t\u00eam medo de sair de casa para trabalhar.<\/p>\n<p style=\"text-align: center;\"><img fetchpriority=\"high\" decoding=\"async\" class=\"aligncenter\" src=\"http:\/\/www.rioonwatch.org\/wp-content\/uploads\/2014\/07\/complexo.jpg\" alt=\"Tel\u00e9ferico do Alem\u00e3o ficou parado por uma semana devido a \" width=\"672\" height=\"378\" \/><\/p>\n<p>Moradores que preferem n\u00e3o se identificar contaram ao RioOnWatch: \u201cDesde o come\u00e7o do ano a frequ\u00eancia dos conflitos tem aumentado. H\u00e1 tr\u00eas meses, eles come\u00e7aram a acontecer semanalmente, algumas vezes diariamente, mas depois da Copa do Mundo eles acontecem todo dia, toda hora&#8221;.<\/p>\n<p>Fotos de <a href=\"http:\/\/on.fb.me\/1lBGrGr\" target=\"_blank\">paredes marcadas por tiros<\/a> se espalharam pelas m\u00eddias sociais, assim como um <a href=\"http:\/\/bit.ly\/1ka3OvX\" target=\"_blank\">v\u00eddeo<\/a> de um PM movendo o corpo do adolescente morto para um carro da pol\u00edcia.<\/p>\n<p>Moradores relataram que o comportamento da pol\u00edcia tem sido brutal.<\/p>\n<p><img decoding=\"async\" class=\"aligncenter\" src=\"http:\/\/www.rioonwatch.org\/wp-content\/uploads\/2014\/07\/tcp-620x264.jpg\" alt=\"Picha\u00e7\u00e3o em parede no Complexo feita por policiais da UPP. \" width=\"620\" height=\"264\" \/><\/p>\n<p>\u201c\u00c9 absurdo porque eles param e revistam crian\u00e7as que n\u00e3o t\u00eam como ser suspeitas&#8221;, disseram. \u201cEles revistam todo mundo em \u00e1reas de alta circula\u00e7\u00e3o, envergonhando-os pois os PMs sempre gritam e xingam os moradores e quando o tiroteio est\u00e1 acontecendo h\u00e1 muitos xingamentos e gritos, o que provoca os traficantes&#8221;.<\/p>\n<p>Moradores tamb\u00e9m alegam que a pol\u00edcia pichou \u201cTCP\u201d (<a href=\"http:\/\/bit.ly\/1wVry7g\" target=\"_blank\">Terceiro Comando Puro<\/a>), nas paredes, a sigla da principal fac\u00e7\u00e3o inimiga do <a href=\"http:\/\/bit.ly\/1jFzOUr\" target=\"_blank\">Comando Vermelho<\/a>. Essa seria a provoca\u00e7\u00e3o principal para &#8216;intensificar os conflitos&#8217;, de acordo com moradores.<\/p>\n<p>\u201cEu me sentia mais segura antes [da instala\u00e7\u00e3o da UPP] porque [os traficantes] avisavam quando a pol\u00edcia entrava na favela, ent\u00e3o a gente sabia que era para se esconder. Agora [tiroteios] acontecem sem aviso&#8221;, desabafou um deles.<\/p>\n<p>No \u00faltimo m\u00eas de mar\u00e7o, moradores e organiza\u00e7\u00f5es no Complexo do Alem\u00e3o publicaram um manifesto pela paz. Escrito por coletivos da comunidade, incluindo <a href=\"http:\/\/on.fb.me\/1f92Nk7\" target=\"_blank\">Ocupa Alem\u00e3o<\/a>, <a href=\"http:\/\/bit.ly\/GUXh5D\" target=\"_blank\">Raizes em Movimento<\/a>, <a href=\"http:\/\/bit.ly\/1bQwjXU\" target=\"_blank\">Educap<\/a> e <a href=\"http:\/\/bit.ly\/18u3bEe\" target=\"_blank\">Jornal Voz da Comunidade<\/a>. O manifesto \u00e9 uma adapta\u00e7\u00e3o da letra da m\u00fasica popular <a href=\"http:\/\/bit.ly\/1rDxp3g\" target=\"_blank\">Rap da Felicidade<\/a>: &#8220;<a href=\"http:\/\/bit.ly\/1ehiO61\" target=\"_blank\">Queremos ser felizes e andar tranquilamente na favela onde nascemos<\/a>&#8220;.<\/p>\n<p>A ocupa\u00e7\u00e3o do Complexo do Alem\u00e3o e a instala\u00e7\u00e3o da Unidade de Pol\u00edcia Pacificadora tem sido controversa desde a opera\u00e7\u00e3o militar executada sem aviso pr\u00e9vio em <a href=\"http:\/\/bit.ly\/1qXzGo1\" target=\"_blank\">novembro de 2010<\/a>. Moradores reclamam de <a href=\"http:\/\/bit.ly\/1i0t9Hc\" target=\"_blank\">abusos policiais<\/a> constantemente.<\/p>\n<p>\u201cPara n\u00f3s, a pol\u00edcia \u00e9 pior que qualquer criminoso\u201d, disse um morador.\u00a0O complexo do Alem\u00e3o continua a ser cen\u00e1rio de tiroteios di\u00e1rios e as \u00e1reas de <a href=\"http:\/\/bit.ly\/1jXfUbv\" target=\"_blank\">Nova Bras\u00edlia<\/a>, Cap\u00e3o e <a href=\"http:\/\/bit.ly\/1kdQBT6\" target=\"_blank\">Loteamento<\/a>\u00a0est\u00e3o sem eletricidade desde segunda-feira. As \u00faltimas informa\u00e7\u00f5es dos moradores dizem que o <a href=\"http:\/\/bit.ly\/17Rt28e\" target=\"_blank\">Batalh\u00e3o de Opera\u00e7\u00f5es Especiais (BOPE)<\/a> entrou na favela.<\/p>\n<!-- AddThis Advanced Settings generic via filter on the_content --><!-- AddThis Share Buttons generic via filter on the_content -->","protected":false},"excerpt":{"rendered":"<div class=\"mh-excerpt\"><p>Click Here for English As vidas de centenas de moradores do Complexo do Alem\u00e3o v\u00eam sendo afetadas por conflitos armados di\u00e1rios desde o fim da Copa do Mundo, no dia 13 de julho. Fontes de <a class=\"mh-excerpt-more\" href=\"https:\/\/rioonwatch.org.br\/?p=11944\" title=\"Uma Semana Ap\u00f3s a Copa do Mundo: Tiroteios Di\u00e1rios e Moradores Aterrorizados no Alem\u00e3o\">[&#8230;]<\/a><!-- AddThis Advanced Settings generic via filter on get_the_excerpt --><!-- AddThis Share Buttons generic via filter on get_the_excerpt --><\/p>\n<\/div>","protected":false},"author":137,"featured_media":11947,"comment_status":"closed","ping_status":"closed","sticky":false,"template":"","format":"standard","meta":{"_acf_changed":false,"_monsterinsights_skip_tracking":false,"_monsterinsights_sitenote_active":false,"_monsterinsights_sitenote_note":"","_monsterinsights_sitenote_category":0,"footnotes":""},"categories":[346,1620],"tags":[217,1185,1182,783,1150,1183,774,1517,262,92,52,2003,218],"writer":[1657],"translator":[1176],"source":[],"ilustrador":[],"fotografo":[],"class_list":{"0":"post-11944","1":"post","2":"type-post","3":"status-publish","4":"format-standard","5":"has-post-thumbnail","7":"category-denuncias","8":"category-olhonaupp","9":"tag-complexo-do-alemao","10":"tag-cv","11":"tag-grota","12":"tag-medicina-hospitalar","13":"tag-morro-da-alvorada","14":"tag-morro-do-alemao","15":"tag-policia-militar","16":"tag-raizes-em-movimento","17":"tag-teleferico","18":"tag-upp","19":"tag-violencia-policial","20":"tag-voz-das-comunidades","21":"tag-zona-norte","22":"writer-nicole-froio","23":"translator-fernanda-lacerda"},"acf":[],"yoast_head":"<!-- This site is optimized with the Yoast SEO plugin v25.6 - https:\/\/yoast.com\/wordpress\/plugins\/seo\/ -->\n<title>Uma Semana Ap\u00f3s a Copa do Mundo: Tiroteios Di\u00e1rios e Moradores Aterrorizados no Alem\u00e3o - RioOnWatch<\/title>\n<meta name=\"robots\" content=\"index, follow, max-snippet:-1, max-image-preview:large, max-video-preview:-1\" \/>\n<link rel=\"canonical\" href=\"https:\/\/rioonwatch.org.br\/?p=11944\" \/>\n<meta property=\"og:locale\" content=\"pt_BR\" \/>\n<meta property=\"og:type\" content=\"article\" \/>\n<meta property=\"og:title\" content=\"Uma Semana Ap\u00f3s a Copa do Mundo: Tiroteios Di\u00e1rios e Moradores Aterrorizados no Alem\u00e3o - RioOnWatch\" \/>\n<meta property=\"og:description\" content=\"Click Here for English As vidas de centenas de moradores do Complexo do Alem\u00e3o v\u00eam sendo afetadas por conflitos armados di\u00e1rios desde o fim da Copa do Mundo, no dia 13 de julho. Fontes de [...]\" \/>\n<meta property=\"og:url\" content=\"https:\/\/rioonwatch.org.br\/?p=11944\" \/>\n<meta property=\"og:site_name\" content=\"RioOnWatch\" \/>\n<meta property=\"article:published_time\" content=\"2014-07-24T12:00:18+00:00\" \/>\n<meta property=\"article:modified_time\" content=\"2016-10-10T06:13:29+00:00\" \/>\n<meta property=\"og:image\" content=\"https:\/\/rioonwatch.org.br\/wp-content\/uploads\/2014\/07\/mariluce.jpg\" \/>\n\t<meta property=\"og:image:width\" content=\"1000\" \/>\n\t<meta property=\"og:image:height\" content=\"563\" \/>\n\t<meta property=\"og:image:type\" content=\"image\/jpeg\" \/>\n<meta name=\"author\" content=\"Nicole Froio\" \/>\n<meta name=\"twitter:card\" content=\"summary_large_image\" \/>\n<meta name=\"twitter:label1\" content=\"Escrito por\" \/>\n\t<meta name=\"twitter:data1\" content=\"Nicole Froio\" \/>\n\t<meta name=\"twitter:label2\" content=\"Est. tempo de leitura\" \/>\n\t<meta name=\"twitter:data2\" content=\"3 minutos\" \/>\n<script type=\"application\/ld+json\" class=\"yoast-schema-graph\">{\"@context\":\"https:\/\/schema.org\",\"@graph\":[{\"@type\":\"Article\",\"@id\":\"https:\/\/rioonwatch.org.br\/?p=11944#article\",\"isPartOf\":{\"@id\":\"https:\/\/rioonwatch.org.br\/?p=11944\"},\"author\":{\"name\":\"Nicole Froio\",\"@id\":\"https:\/\/rioonwatch.org.br\/#\/schema\/person\/e07d559fe2154d11fd3ec515e35695ee\"},\"headline\":\"Uma Semana Ap\u00f3s a Copa do Mundo: Tiroteios Di\u00e1rios e Moradores Aterrorizados no Alem\u00e3o\",\"datePublished\":\"2014-07-24T12:00:18+00:00\",\"dateModified\":\"2016-10-10T06:13:29+00:00\",\"mainEntityOfPage\":{\"@id\":\"https:\/\/rioonwatch.org.br\/?p=11944\"},\"wordCount\":606,\"publisher\":{\"@id\":\"https:\/\/rioonwatch.org.br\/#organization\"},\"image\":{\"@id\":\"https:\/\/rioonwatch.org.br\/?p=11944#primaryimage\"},\"thumbnailUrl\":\"https:\/\/rioonwatch.org.br\/wp-content\/uploads\/2014\/07\/mariluce.jpg\",\"keywords\":[\"Complexo do Alem\u00e3o\",\"CV\",\"Grota\",\"medicina hospitalar\",\"Morro da Alvorada\",\"Morro do Alem\u00e3o\",\"Pol\u00edcia Militar\",\"Ra\u00edzes em Movimento\",\"telef\u00e9rico\",\"UPP\",\"viol\u00eancia policial\",\"Voz das Comunidades\",\"Zona Norte\"],\"articleSection\":[\"Den\u00fancias\",\"Seguran\u00e7a P\u00fablica\"],\"inLanguage\":\"pt-BR\"},{\"@type\":\"WebPage\",\"@id\":\"https:\/\/rioonwatch.org.br\/?p=11944\",\"url\":\"https:\/\/rioonwatch.org.br\/?p=11944\",\"name\":\"Uma Semana Ap\u00f3s a Copa do Mundo: Tiroteios Di\u00e1rios e Moradores Aterrorizados no Alem\u00e3o - RioOnWatch\",\"isPartOf\":{\"@id\":\"https:\/\/rioonwatch.org.br\/#website\"},\"primaryImageOfPage\":{\"@id\":\"https:\/\/rioonwatch.org.br\/?p=11944#primaryimage\"},\"image\":{\"@id\":\"https:\/\/rioonwatch.org.br\/?p=11944#primaryimage\"},\"thumbnailUrl\":\"https:\/\/rioonwatch.org.br\/wp-content\/uploads\/2014\/07\/mariluce.jpg\",\"datePublished\":\"2014-07-24T12:00:18+00:00\",\"dateModified\":\"2016-10-10T06:13:29+00:00\",\"breadcrumb\":{\"@id\":\"https:\/\/rioonwatch.org.br\/?p=11944#breadcrumb\"},\"inLanguage\":\"pt-BR\",\"potentialAction\":[{\"@type\":\"ReadAction\",\"target\":[\"https:\/\/rioonwatch.org.br\/?p=11944\"]}]},{\"@type\":\"ImageObject\",\"inLanguage\":\"pt-BR\",\"@id\":\"https:\/\/rioonwatch.org.br\/?p=11944#primaryimage\",\"url\":\"https:\/\/rioonwatch.org.br\/wp-content\/uploads\/2014\/07\/mariluce.jpg\",\"contentUrl\":\"https:\/\/rioonwatch.org.br\/wp-content\/uploads\/2014\/07\/mariluce.jpg\",\"width\":1000,\"height\":563},{\"@type\":\"BreadcrumbList\",\"@id\":\"https:\/\/rioonwatch.org.br\/?p=11944#breadcrumb\",\"itemListElement\":[{\"@type\":\"ListItem\",\"position\":1,\"name\":\"In\u00edcio\",\"item\":\"https:\/\/rioonwatch.org.br\/\"},{\"@type\":\"ListItem\",\"position\":2,\"name\":\"Uma Semana Ap\u00f3s a Copa do Mundo: Tiroteios Di\u00e1rios e Moradores Aterrorizados no Alem\u00e3o\"}]},{\"@type\":\"WebSite\",\"@id\":\"https:\/\/rioonwatch.org.br\/#website\",\"url\":\"https:\/\/rioonwatch.org.br\/\",\"name\":\"RioOnWatch\",\"description\":\"relatos das favelas cariocas\",\"publisher\":{\"@id\":\"https:\/\/rioonwatch.org.br\/#organization\"},\"potentialAction\":[{\"@type\":\"SearchAction\",\"target\":{\"@type\":\"EntryPoint\",\"urlTemplate\":\"https:\/\/rioonwatch.org.br\/?s={search_term_string}\"},\"query-input\":{\"@type\":\"PropertyValueSpecification\",\"valueRequired\":true,\"valueName\":\"search_term_string\"}}],\"inLanguage\":\"pt-BR\"},{\"@type\":\"Organization\",\"@id\":\"https:\/\/rioonwatch.org.br\/#organization\",\"name\":\"RioOnWatch\",\"url\":\"https:\/\/rioonwatch.org.br\/\",\"logo\":{\"@type\":\"ImageObject\",\"inLanguage\":\"pt-BR\",\"@id\":\"https:\/\/rioonwatch.org.br\/#\/schema\/logo\/image\/\",\"url\":\"https:\/\/rioonwatch.org.br\/wp-content\/uploads\/2021\/06\/RioOnWatchcabecalhoPT11anos-2.png\",\"contentUrl\":\"https:\/\/rioonwatch.org.br\/wp-content\/uploads\/2021\/06\/RioOnWatchcabecalhoPT11anos-2.png\",\"width\":779,\"height\":277,\"caption\":\"RioOnWatch\"},\"image\":{\"@id\":\"https:\/\/rioonwatch.org.br\/#\/schema\/logo\/image\/\"}},{\"@type\":\"Person\",\"@id\":\"https:\/\/rioonwatch.org.br\/#\/schema\/person\/e07d559fe2154d11fd3ec515e35695ee\",\"name\":\"Nicole Froio\",\"image\":{\"@type\":\"ImageObject\",\"inLanguage\":\"pt-BR\",\"@id\":\"https:\/\/rioonwatch.org.br\/#\/schema\/person\/image\/\",\"url\":\"https:\/\/secure.gravatar.com\/avatar\/0acdbd6878ca0ac29aa5ce6c6119d636?s=96&d=blank&r=g\",\"contentUrl\":\"https:\/\/secure.gravatar.com\/avatar\/0acdbd6878ca0ac29aa5ce6c6119d636?s=96&d=blank&r=g\",\"caption\":\"Nicole Froio\"},\"url\":\"https:\/\/rioonwatch.org.br\/?author=137\"}]}<\/script>\n<!-- \/ Yoast SEO plugin. -->","yoast_head_json":{"title":"Uma Semana Ap\u00f3s a Copa do Mundo: Tiroteios Di\u00e1rios e Moradores Aterrorizados no Alem\u00e3o - RioOnWatch","robots":{"index":"index","follow":"follow","max-snippet":"max-snippet:-1","max-image-preview":"max-image-preview:large","max-video-preview":"max-video-preview:-1"},"canonical":"https:\/\/rioonwatch.org.br\/?p=11944","og_locale":"pt_BR","og_type":"article","og_title":"Uma Semana Ap\u00f3s a Copa do Mundo: Tiroteios Di\u00e1rios e Moradores Aterrorizados no Alem\u00e3o - RioOnWatch","og_description":"Click Here for English As vidas de centenas de moradores do Complexo do Alem\u00e3o v\u00eam sendo afetadas por conflitos armados di\u00e1rios desde o fim da Copa do Mundo, no dia 13 de julho. Fontes de [...]","og_url":"https:\/\/rioonwatch.org.br\/?p=11944","og_site_name":"RioOnWatch","article_published_time":"2014-07-24T12:00:18+00:00","article_modified_time":"2016-10-10T06:13:29+00:00","og_image":[{"width":1000,"height":563,"url":"https:\/\/rioonwatch.org.br\/wp-content\/uploads\/2014\/07\/mariluce.jpg","type":"image\/jpeg"}],"author":"Nicole Froio","twitter_card":"summary_large_image","twitter_misc":{"Escrito por":"Nicole Froio","Est. tempo de leitura":"3 minutos"},"schema":{"@context":"https:\/\/schema.org","@graph":[{"@type":"Article","@id":"https:\/\/rioonwatch.org.br\/?p=11944#article","isPartOf":{"@id":"https:\/\/rioonwatch.org.br\/?p=11944"},"author":{"name":"Nicole Froio","@id":"https:\/\/rioonwatch.org.br\/#\/schema\/person\/e07d559fe2154d11fd3ec515e35695ee"},"headline":"Uma Semana Ap\u00f3s a Copa do Mundo: Tiroteios Di\u00e1rios e Moradores Aterrorizados no Alem\u00e3o","datePublished":"2014-07-24T12:00:18+00:00","dateModified":"2016-10-10T06:13:29+00:00","mainEntityOfPage":{"@id":"https:\/\/rioonwatch.org.br\/?p=11944"},"wordCount":606,"publisher":{"@id":"https:\/\/rioonwatch.org.br\/#organization"},"image":{"@id":"https:\/\/rioonwatch.org.br\/?p=11944#primaryimage"},"thumbnailUrl":"https:\/\/rioonwatch.org.br\/wp-content\/uploads\/2014\/07\/mariluce.jpg","keywords":["Complexo do Alem\u00e3o","CV","Grota","medicina hospitalar","Morro da Alvorada","Morro do Alem\u00e3o","Pol\u00edcia Militar","Ra\u00edzes em Movimento","telef\u00e9rico","UPP","viol\u00eancia policial","Voz das Comunidades","Zona Norte"],"articleSection":["Den\u00fancias","Seguran\u00e7a P\u00fablica"],"inLanguage":"pt-BR"},{"@type":"WebPage","@id":"https:\/\/rioonwatch.org.br\/?p=11944","url":"https:\/\/rioonwatch.org.br\/?p=11944","name":"Uma Semana Ap\u00f3s a Copa do Mundo: Tiroteios Di\u00e1rios e Moradores Aterrorizados no Alem\u00e3o - RioOnWatch","isPartOf":{"@id":"https:\/\/rioonwatch.org.br\/#website"},"primaryImageOfPage":{"@id":"https:\/\/rioonwatch.org.br\/?p=11944#primaryimage"},"image":{"@id":"https:\/\/rioonwatch.org.br\/?p=11944#primaryimage"},"thumbnailUrl":"https:\/\/rioonwatch.org.br\/wp-content\/uploads\/2014\/07\/mariluce.jpg","datePublished":"2014-07-24T12:00:18+00:00","dateModified":"2016-10-10T06:13:29+00:00","breadcrumb":{"@id":"https:\/\/rioonwatch.org.br\/?p=11944#breadcrumb"},"inLanguage":"pt-BR","potentialAction":[{"@type":"ReadAction","target":["https:\/\/rioonwatch.org.br\/?p=11944"]}]},{"@type":"ImageObject","inLanguage":"pt-BR","@id":"https:\/\/rioonwatch.org.br\/?p=11944#primaryimage","url":"https:\/\/rioonwatch.org.br\/wp-content\/uploads\/2014\/07\/mariluce.jpg","contentUrl":"https:\/\/rioonwatch.org.br\/wp-content\/uploads\/2014\/07\/mariluce.jpg","width":1000,"height":563},{"@type":"BreadcrumbList","@id":"https:\/\/rioonwatch.org.br\/?p=11944#breadcrumb","itemListElement":[{"@type":"ListItem","position":1,"name":"In\u00edcio","item":"https:\/\/rioonwatch.org.br\/"},{"@type":"ListItem","position":2,"name":"Uma Semana Ap\u00f3s a Copa do Mundo: Tiroteios Di\u00e1rios e Moradores Aterrorizados no Alem\u00e3o"}]},{"@type":"WebSite","@id":"https:\/\/rioonwatch.org.br\/#website","url":"https:\/\/rioonwatch.org.br\/","name":"RioOnWatch","description":"relatos das favelas cariocas","publisher":{"@id":"https:\/\/rioonwatch.org.br\/#organization"},"potentialAction":[{"@type":"SearchAction","target":{"@type":"EntryPoint","urlTemplate":"https:\/\/rioonwatch.org.br\/?s={search_term_string}"},"query-input":{"@type":"PropertyValueSpecification","valueRequired":true,"valueName":"search_term_string"}}],"inLanguage":"pt-BR"},{"@type":"Organization","@id":"https:\/\/rioonwatch.org.br\/#organization","name":"RioOnWatch","url":"https:\/\/rioonwatch.org.br\/","logo":{"@type":"ImageObject","inLanguage":"pt-BR","@id":"https:\/\/rioonwatch.org.br\/#\/schema\/logo\/image\/","url":"https:\/\/rioonwatch.org.br\/wp-content\/uploads\/2021\/06\/RioOnWatchcabecalhoPT11anos-2.png","contentUrl":"https:\/\/rioonwatch.org.br\/wp-content\/uploads\/2021\/06\/RioOnWatchcabecalhoPT11anos-2.png","width":779,"height":277,"caption":"RioOnWatch"},"image":{"@id":"https:\/\/rioonwatch.org.br\/#\/schema\/logo\/image\/"}},{"@type":"Person","@id":"https:\/\/rioonwatch.org.br\/#\/schema\/person\/e07d559fe2154d11fd3ec515e35695ee","name":"Nicole Froio","image":{"@type":"ImageObject","inLanguage":"pt-BR","@id":"https:\/\/rioonwatch.org.br\/#\/schema\/person\/image\/","url":"https:\/\/secure.gravatar.com\/avatar\/0acdbd6878ca0ac29aa5ce6c6119d636?s=96&d=blank&r=g","contentUrl":"https:\/\/secure.gravatar.com\/avatar\/0acdbd6878ca0ac29aa5ce6c6119d636?s=96&d=blank&r=g","caption":"Nicole Froio"},"url":"https:\/\/rioonwatch.org.br\/?author=137"}]}},"_links":{"self":[{"href":"https:\/\/rioonwatch.org.br\/index.php?rest_route=\/wp\/v2\/posts\/11944"}],"collection":[{"href":"https:\/\/rioonwatch.org.br\/index.php?rest_route=\/wp\/v2\/posts"}],"about":[{"href":"https:\/\/rioonwatch.org.br\/index.php?rest_route=\/wp\/v2\/types\/post"}],"author":[{"embeddable":true,"href":"https:\/\/rioonwatch.org.br\/index.php?rest_route=\/wp\/v2\/users\/137"}],"replies":[{"embeddable":true,"href":"https:\/\/rioonwatch.org.br\/index.php?rest_route=%2Fwp%2Fv2%2Fcomments&post=11944"}],"version-history":[{"count":18,"href":"https:\/\/rioonwatch.org.br\/index.php?rest_route=\/wp\/v2\/posts\/11944\/revisions"}],"predecessor-version":[{"id":22792,"href":"https:\/\/rioonwatch.org.br\/index.php?rest_route=\/wp\/v2\/posts\/11944\/revisions\/22792"}],"wp:featuredmedia":[{"embeddable":true,"href":"https:\/\/rioonwatch.org.br\/index.php?rest_route=\/wp\/v2\/media\/11947"}],"wp:attachment":[{"href":"https:\/\/rioonwatch.org.br\/index.php?rest_route=%2Fwp%2Fv2%2Fmedia&parent=11944"}],"wp:term":[{"taxonomy":"category","embeddable":true,"href":"https:\/\/rioonwatch.org.br\/index.php?rest_route=%2Fwp%2Fv2%2Fcategories&post=11944"},{"taxonomy":"post_tag","embeddable":true,"href":"https:\/\/rioonwatch.org.br\/index.php?rest_route=%2Fwp%2Fv2%2Ftags&post=11944"},{"taxonomy":"writer","embeddable":true,"href":"https:\/\/rioonwatch.org.br\/index.php?rest_route=%2Fwp%2Fv2%2Fwriter&post=11944"},{"taxonomy":"translator","embeddable":true,"href":"https:\/\/rioonwatch.org.br\/index.php?rest_route=%2Fwp%2Fv2%2Ftranslator&post=11944"},{"taxonomy":"source","embeddable":true,"href":"https:\/\/rioonwatch.org.br\/index.php?rest_route=%2Fwp%2Fv2%2Fsource&post=11944"},{"taxonomy":"ilustrador","embeddable":true,"href":"https:\/\/rioonwatch.org.br\/index.php?rest_route=%2Fwp%2Fv2%2Filustrador&post=11944"},{"taxonomy":"fotografo","embeddable":true,"href":"https:\/\/rioonwatch.org.br\/index.php?rest_route=%2Fwp%2Fv2%2Ffotografo&post=11944"}],"curies":[{"name":"wp","href":"https:\/\/api.w.org\/{rel}","templated":true}]}}