{"id":11945,"date":"2014-07-27T09:00:21","date_gmt":"2014-07-27T12:00:21","guid":{"rendered":"http:\/\/rioonwatch.org.br\/?p=11945"},"modified":"2015-12-23T21:28:46","modified_gmt":"2015-12-24T00:28:46","slug":"moradores-passando-por-remocao-na-comunidade-beira-rio-em-manguinhos-falam-das-suas-casas-e-esperancas-imagens","status":"publish","type":"post","link":"https:\/\/rioonwatch.org.br\/?p=11945","title":{"rendered":"Moradores Passando Por Remo\u00e7\u00e3o na Comunidade Beira Rio, em Manguinhos, Falam das Suas Casas e Esperan\u00e7as [IMAGENS]"},"content":{"rendered":"<p style=\"text-align: right;\"><em><strong><a href=\"http:\/\/bit.ly\/1nTi9bg\" \ntarget=\"_blank\">Click Here for English<img decoding=\"async\" width=\"20\" height=\"20\" class=\"alignright wp-image-15790\" src=\"http:\/\/rioonwatch.org.br\/wp-content\/uploads\/2012\/08\/EN-standard-e1439583104716.jpg\" alt=\"\" \/><\/a><\/strong><\/em><\/p>\n<p>Os moradores das poucas casas que se mantiveram na comunidade Beira Rio, em <a href=\"http:\/\/bit.ly\/ZC9b6z\" target=\"_blank\">Manguinhos<\/a>, est\u00e3o sendo sujeitados a um processo de remo\u00e7\u00e3o brutal, em curso, desde 2009. Eles est\u00e3o lutando por uma indeniza\u00e7\u00e3o justa nos tribunais h\u00e1 v\u00e1rios anos, ao passo que as casas adjacentes j\u00e1 foram todas desocupadas e demolidas, criando problemas de sa\u00fade e de seguran\u00e7a. Apesar da persist\u00eancia e\u00a0<a href=\"http:\/\/bit.ly\/WJQoLo\" target=\"_blank\">agressividade das remo\u00e7\u00f5es de mais de 1000 casas em Manguinhos<\/a>,\u00a0ainda \u00e9 completamente obscuro como o grande terreno desocupado ser\u00e1 utilizado. O RioOnWatch entrevistou quatro moradores de longa data sobre o significado de suas casas, compensa\u00e7\u00f5es justas, e como pensam que deveria ser usado o terreno, hoje baldio.<\/p>\n<p style=\"text-align: center;\"><a href=\"http:\/\/rioonwatch.org.br\/wp-content\/uploads\/2014\/07\/Terreno-onde-mais-de-1000-casas-foram-demolidas-desde-2009.jpg\"><img fetchpriority=\"high\" decoding=\"async\" class=\"aligncenter wp-image-11992\" title=\"Terreno onde mais de 1000 casas foram demolidas desde 2009\" src=\"http:\/\/rioonwatch.org.br\/wp-content\/uploads\/2014\/07\/Terreno-onde-mais-de-1000-casas-foram-demolidas-desde-2009.jpg\" alt=\"\" width=\"600\" height=\"450\" srcset=\"https:\/\/rioonwatch.org.br\/wp-content\/uploads\/2014\/07\/Terreno-onde-mais-de-1000-casas-foram-demolidas-desde-2009.jpg 1000w, https:\/\/rioonwatch.org.br\/wp-content\/uploads\/2014\/07\/Terreno-onde-mais-de-1000-casas-foram-demolidas-desde-2009-352x264.jpg 352w, https:\/\/rioonwatch.org.br\/wp-content\/uploads\/2014\/07\/Terreno-onde-mais-de-1000-casas-foram-demolidas-desde-2009-620x465.jpg 620w, https:\/\/rioonwatch.org.br\/wp-content\/uploads\/2014\/07\/Terreno-onde-mais-de-1000-casas-foram-demolidas-desde-2009-174x131.jpg 174w, https:\/\/rioonwatch.org.br\/wp-content\/uploads\/2014\/07\/Terreno-onde-mais-de-1000-casas-foram-demolidas-desde-2009-300x225.jpg 300w, https:\/\/rioonwatch.org.br\/wp-content\/uploads\/2014\/07\/Terreno-onde-mais-de-1000-casas-foram-demolidas-desde-2009-70x53.jpg 70w\" sizes=\"(max-width: 600px) 100vw, 600px\" \/><\/a><\/p>\n<p style=\"text-align: center;\"><a href=\"http:\/\/rioonwatch.org.br\/wp-content\/uploads\/2014\/07\/Oito-casas-restam-e-aguardam-indeniza\u00e7\u00f5es-das-remo\u00e7\u00f5es-de-Manguinhos.jpg\"><img decoding=\"async\" class=\"aligncenter wp-image-11997\" title=\"Oito casas restam e aguardam indeniza\u00e7\u00f5es das remo\u00e7\u00f5es de Manguinhos\" src=\"http:\/\/rioonwatch.org.br\/wp-content\/uploads\/2014\/07\/Oito-casas-restam-e-aguardam-indeniza\u00e7\u00f5es-das-remo\u00e7\u00f5es-de-Manguinhos.jpg\" alt=\"Oito casas restam e aguardam indeniza\u00e7\u00f5es h\u00e1 anos, em Manguinhos\" width=\"600\" height=\"450\" srcset=\"https:\/\/rioonwatch.org.br\/wp-content\/uploads\/2014\/07\/Oito-casas-restam-e-aguardam-indeniza\u00e7\u00f5es-das-remo\u00e7\u00f5es-de-Manguinhos.jpg 1000w, https:\/\/rioonwatch.org.br\/wp-content\/uploads\/2014\/07\/Oito-casas-restam-e-aguardam-indeniza\u00e7\u00f5es-das-remo\u00e7\u00f5es-de-Manguinhos-300x225.jpg 300w, https:\/\/rioonwatch.org.br\/wp-content\/uploads\/2014\/07\/Oito-casas-restam-e-aguardam-indeniza\u00e7\u00f5es-das-remo\u00e7\u00f5es-de-Manguinhos-150x112.jpg 150w\" sizes=\"(max-width: 600px) 100vw, 600px\" \/><\/a><\/p>\n<h1>Vanderley Pereira da Silva<\/h1>\n<h5><em>31 anos, nascido e criado em Manguinhos<\/em><\/h5>\n<h3><strong>O que sua casa significa para voc\u00ea?<\/strong><\/h3>\n<p><em>Minha casa significa tudo. Toda minha viv\u00eancia, meu aprendizado. Minhas amizades foram constru\u00eddas aqui. Toda minha vida, todo meu conhecimento adquiri aqui. Minha casa \u00e9 muito importante para mim.<\/em><\/p>\n<h3><strong>O que seria uma indeniza\u00e7\u00e3o justa por parte do Estado?<\/strong><\/h3>\n<p><em>Uma indeniza\u00e7\u00e3o justa seria um valor suficiente para poder comprar uma casa do mesmo jeito que \u00e9 a minha casa atualmente, e que tenha acesso \u00e0s escolas, a creche, ao Centro de cidade, e com as mesmas caracter\u00edsticas da minha.<\/em><\/p>\n<h3><strong>O que deveria ser fazer com esse terreno aqui?<\/strong><\/h3>\n<p><em>Eu acho que dever\u00edamos ficar aqui. A gente est\u00e1 muito tempo aqui. T\u00eam moradores de mais de 50 anos aqui, e constru\u00edmos um vinculo. Nossa historia \u00e9 aqui. O local em volta, vamos sonhar! Deveria ter creche, cl\u00ednica de fam\u00edlia, mais lugar de lazer para a comunidade, seria muito bom.<\/em><\/p>\n<p style=\"text-align: center;\"><a href=\"http:\/\/rioonwatch.org.br\/wp-content\/uploads\/2014\/07\/Vandeley-em-frente-da-sua-casa.jpg\"><img loading=\"lazy\" decoding=\"async\" class=\"aligncenter wp-image-11988\" title=\"Vandeley em frente a sua casa\" src=\"http:\/\/rioonwatch.org.br\/wp-content\/uploads\/2014\/07\/Vandeley-em-frente-da-sua-casa.jpg\" alt=\"Vandeley em frente a sua casa\" width=\"600\" height=\"800\" srcset=\"https:\/\/rioonwatch.org.br\/wp-content\/uploads\/2014\/07\/Vandeley-em-frente-da-sua-casa.jpg 1000w, https:\/\/rioonwatch.org.br\/wp-content\/uploads\/2014\/07\/Vandeley-em-frente-da-sua-casa-198x264.jpg 198w, https:\/\/rioonwatch.org.br\/wp-content\/uploads\/2014\/07\/Vandeley-em-frente-da-sua-casa-465x620.jpg 465w, https:\/\/rioonwatch.org.br\/wp-content\/uploads\/2014\/07\/Vandeley-em-frente-da-sua-casa-768x1024.jpg 768w\" sizes=\"(max-width: 600px) 100vw, 600px\" \/><\/a><\/p>\n<h1>Nilson Daniel Vicente da Silva<\/h1>\n<h5><em>58 anos,\u00a0mora h\u00e1 50 anos em Manguinhos<\/em><\/h5>\n<h3><strong>O que sua casa significa para voc\u00ea?<\/strong><\/h3>\n<p><em>Agora depois que perdi minha m\u00e3e no ano passado com tudo isso&#8230; Falam tanto de direitos humanos. Queria que viesse algu\u00e9m para me explicar o que s\u00e3o os direitos humanos, porque minha m\u00e3e estava com problemas de sa\u00fade, mas tinha sua casa, lutou para montar sua casa e eles v\u00eam quebrar as paredes com minha m\u00e3e doente. Ele falou: &#8216;Sei que ela est\u00e1 doente, mas a ordem \u00e9 para quebrar, ent\u00e3o tem que quebrar&#8217;. A\u00ed cad\u00ea os direitos humanos? Ela veio a falecer. Com isso, n\u00e3o vejo a hora deles me indenizarem e sair daqui. Quero esquecer esse lugar, para mim n\u00e3o significa mais nada.<\/em><\/p>\n<h3><strong>O que seria uma indeniza\u00e7\u00e3o justa?<\/strong><\/h3>\n<p><em>Se eles chegassem no in\u00edcio e me dessam um valor, que deram para outros pessoas, eu j\u00e1 tinha sa\u00eddo daqui. Mas deixarem por \u00faltimo e vem querendo me dar R$40.000, acho que n\u00e3o compro nada com isso. Acho que pessoas com casas menores que essa aqui levarem R$80.000. Estou nessa luta h\u00e1 5 anos, e eles n\u00e3o resolvem nada e a gente n\u00e3o sabe o que vai acontecer, porque a lei, pelo que eu vejo aqui no Brasil, \u00e9 s\u00f3 se voc\u00ea tem dinheiro, voc\u00ea vale o que tem. O certo \u00e9 o errado e o errado passa a ser certo.<\/em><\/p>\n<h3><strong>O que deveria ser feito com esse terreno?<\/strong><\/h3>\n<p><em>Nem opino mais sobre esse terreno por um motivo. Depois do acontecimento com minha m\u00e3e, e comigo, quero ficar longe disso aqui. Porque na verdade, esse terreno aqui, n\u00e3o quero julgar.<\/em><\/p>\n<p style=\"text-align: center;\"><a href=\"http:\/\/rioonwatch.org.br\/wp-content\/uploads\/2014\/07\/Nilson-de-Silva-em-frente-a-sua-casa.jpg\"><img loading=\"lazy\" decoding=\"async\" class=\"aligncenter wp-image-11989\" title=\"Nilson em frente a sua casa\" src=\"http:\/\/rioonwatch.org.br\/wp-content\/uploads\/2014\/07\/Nilson-de-Silva-em-frente-a-sua-casa.jpg\" alt=\"Nilson de Silva em frente a sua casa\" width=\"600\" height=\"800\" srcset=\"https:\/\/rioonwatch.org.br\/wp-content\/uploads\/2014\/07\/Nilson-de-Silva-em-frente-a-sua-casa.jpg 1000w, https:\/\/rioonwatch.org.br\/wp-content\/uploads\/2014\/07\/Nilson-de-Silva-em-frente-a-sua-casa-198x264.jpg 198w, https:\/\/rioonwatch.org.br\/wp-content\/uploads\/2014\/07\/Nilson-de-Silva-em-frente-a-sua-casa-465x620.jpg 465w, https:\/\/rioonwatch.org.br\/wp-content\/uploads\/2014\/07\/Nilson-de-Silva-em-frente-a-sua-casa-768x1024.jpg 768w\" sizes=\"(max-width: 600px) 100vw, 600px\" \/><\/a><\/p>\n<p style=\"text-align: center;\"><a href=\"http:\/\/rioonwatch.org.br\/wp-content\/uploads\/2014\/07\/Nilson-mostra-fotos-da-m\u00e3e.jpg\"><img loading=\"lazy\" decoding=\"async\" class=\"aligncenter wp-image-12001\" src=\"http:\/\/rioonwatch.org.br\/wp-content\/uploads\/2014\/07\/Nilson-mostra-fotos-da-m\u00e3e.jpg\" alt=\"Nilson mostra fotos da m\u00e3e\" width=\"600\" height=\"800\" srcset=\"https:\/\/rioonwatch.org.br\/wp-content\/uploads\/2014\/07\/Nilson-mostra-fotos-da-m\u00e3e.jpg 1000w, https:\/\/rioonwatch.org.br\/wp-content\/uploads\/2014\/07\/Nilson-mostra-fotos-da-m\u00e3e-225x300.jpg 225w, https:\/\/rioonwatch.org.br\/wp-content\/uploads\/2014\/07\/Nilson-mostra-fotos-da-m\u00e3e-768x1024.jpg 768w, https:\/\/rioonwatch.org.br\/wp-content\/uploads\/2014\/07\/Nilson-mostra-fotos-da-m\u00e3e-112x150.jpg 112w\" sizes=\"(max-width: 600px) 100vw, 600px\" \/><\/a><\/p>\n<h1>Jos\u00e9 Geraldo Ramalho<\/h1>\n<h5><em>58 anos, mora h\u00e1 29 anos em Manguinhos<\/em><\/h5>\n<h3><strong>O que sua casa significa para voc\u00ea?<\/strong><\/h3>\n<p><em>Sem casa ningu\u00e9m mora n\u00e9? A casa \u00e9 tudo que eu tenho aqui. E outra coisa, eu trabalhava em dois trabalhos, um das 6h at\u00e9 19h e outro das 22h at\u00e9 as 4h da manh\u00e3. Foi com duas carteiras assinadas que eu fiz essa casa. Essa casa antes era toda de madeira, e foi eu que fiz ela como \u00e9 hoje. Agora o governo veio e quer dar R$15.000 para fazer o qu\u00ea aqui?<\/em><\/p>\n<h3><strong>O que seria uma indeniza\u00e7\u00e3o justa?<\/strong><\/h3>\n<p><em>Se chegasse para mim com uma casa, eu poderia aceitar. \u00c9 t\u00e3o dif\u00edcil? Tenho que sair? Tenho. Ent\u00e3o me d\u00e1 uma casa digna igual a minha, n\u00e3o tem que ser melhor n\u00e3o, igualzinho a minha est\u00e1 \u00f3timo. S\u00f3 quero um lugar para chegar depois de trabalho e descansar. A \u00fanica coisa que tenho \u00e9 a casa para chegar depois do trabalho, tomar banho, deitar no sof\u00e1, ver jornal ou a novela, e depois descansar para come\u00e7ar no outro dia outra vez. Podiam estar fazendo isso aqui, mas n\u00e3o querem ver nada disso. Querem ver voc\u00ea louco. Quase fiquei louco mesmo. Fiquei pensando, onde eu vou? Querem minha casa, e ofereceram R$15.000 5 anos atr\u00e1s, o que daria conta do qu\u00ea? Agora chegaram at\u00e9 R$57.000. Ent\u00e3o eu digo &#8216;<\/em><em>compra uma casa para mim com R$57.000 e vou para onde voc\u00eas querem&#8217;, porque com R$57.000 voc\u00ea n\u00e3o consegue nem um chiqueirinho de porco.<\/em><\/p>\n<h3><strong>O que deveria ser feito com o terreno?<\/strong><\/h3>\n<p><em>Disseram que iam demolir as casas todinhas, colocar todo mundo no aluguel social e fazer casa aqui para todo mundo. Iriam fazer rua para carro passar, ambul\u00e2ncia, qualquer coisa que necessitasse passar, bombeiros. A\u00ed passou esse tempo todo e n\u00e3o fizeram nada disso. Falou-se que ia fazer shopping, n\u00e3o veio. Falou-se que iam fazer a pista, a pista tamb\u00e9m n\u00e3o veio. Agora vieram para fazer campo de futebol at\u00e9 l\u00e1 embaixo. Botaram cimento e queriam tirar minha casa para virar campo de futebol. Qual \u00e9 a prefer\u00eancia do governo? \u00c9 campo de futebol ou moradia para o trabalhador? Moradia n\u00e3o \u00e9? At\u00e9 hoje n\u00e3o fizeram nada disso. At\u00e9 hoje n\u00e3o sei o que v\u00e3o fazer aqui. S\u00f3 Deus \u00e9 quem sabe.<\/em><\/p>\n<p style=\"text-align: center;\"><a href=\"http:\/\/rioonwatch.org.br\/wp-content\/uploads\/2014\/07\/Jos\u00e9-Geraldo-Ramalho.jpg\"><img loading=\"lazy\" decoding=\"async\" class=\"aligncenter size-full wp-image-12002\" title=\"Jos\u00e9 Geraldo Ramalho\" src=\"http:\/\/rioonwatch.org.br\/wp-content\/uploads\/2014\/07\/Jos\u00e9-Geraldo-Ramalho.jpg\" alt=\"\" width=\"600\" height=\"893\" srcset=\"https:\/\/rioonwatch.org.br\/wp-content\/uploads\/2014\/07\/Jos\u00e9-Geraldo-Ramalho.jpg 600w, https:\/\/rioonwatch.org.br\/wp-content\/uploads\/2014\/07\/Jos\u00e9-Geraldo-Ramalho-201x300.jpg 201w, https:\/\/rioonwatch.org.br\/wp-content\/uploads\/2014\/07\/Jos\u00e9-Geraldo-Ramalho-100x150.jpg 100w\" sizes=\"(max-width: 600px) 100vw, 600px\" \/><\/a><\/p>\n<h3><span style=\"font-size: 35px; letter-spacing: -0.04em; line-height: 35.099998474121094px;\">Vanderson Jos\u00e9 Martins Guimar\u00e3es<\/span><\/h3>\n<h5><em>46,\u00a0mora h\u00e1 14 anos em Manguinhos<\/em><\/h5>\n<h3><strong>O que sua casa significa para voc\u00ea?<\/strong><\/h3>\n<p><em>\u00c9 minha vida. Acho que \u00e9 a espina dorsal da minha fam\u00edlia. Se a gente n\u00e3o tivesse nossa pr\u00f3pria casa, ter\u00edamos que pagar sempre aluguel ou pior morar na rua. At\u00e9 o presente momento \u00e9 a principal conquista da minha fam\u00edlia.<\/em><\/p>\n<h3><strong>O que seria uma indeniza\u00e7\u00e3o justa?<\/strong><\/h3>\n<p><em>Seria um valor que desse para eu comprar um im\u00f3vel compat\u00edvel com o meu em um raio de 1km. \u00c9 estipulado pela lei, mas infelizmente parece que a lei n\u00e3o atinge o Estado. O Estado est\u00e1 acima da lei.<\/em><\/p>\n<h3><strong>O que deveria ser feito com esse terreno?<\/strong><\/h3>\n<p><em>Aqui \u00e9 um espa\u00e7o muito bem localizado. Eu, particularmente, acho que se \u00e9 para a localidade e a cidade evoluir, se for algo para beneficiar a comunidade, sem fins lucrativos em termos particulares, penso que tanto aqui e diversos outros espa\u00e7os deveriam evoluir, melhorar a parte da urbaniza\u00e7\u00e3o, em termos de moradia, com\u00e9rcio para gerar emprego, a parte de sa\u00fade que o povo clama. Mas eles n\u00e3o est\u00e3o nem a\u00ed para a sa\u00fade da popula\u00e7\u00e3o. Se fosse conciliar tudo isso aqui com mais a parte da educa\u00e7\u00e3o, seria algo maravilhoso, mas a gente sabe que isso n\u00e3o vai ser concretizado aqui. De uma creche at\u00e9 um col\u00e9gio de segundo grau, de posto de atendimento de sa\u00fade at\u00e9 um hospital. H\u00e1 espa\u00e7o para fazer um bel\u00edssimo hospital. Se precisar derrubar moradia n\u00e3o, mas uma \u00e1rea de divers\u00e3o, umas pracinhas; e que se fa\u00e7a a manuten\u00e7\u00e3o disso. Se coloca creches, col\u00e9gios, hospitais, voc\u00ea vai beneficiar milh\u00f5es de pessoas. Esse seria o ideal para essa \u00e1rea aqui. Mas vamos ver, s\u00f3 futuro vai dizer se isso vai acontecer ou vai ser coisa para benef\u00edcio pr\u00f3prio do Estado ou de algu\u00e9m que esteja por dentro e que ir\u00e1 se beneficiar no futuro.<\/em><\/p>\n<p style=\"text-align: center;\"><a href=\"http:\/\/rioonwatch.org.br\/wp-content\/uploads\/2014\/07\/Vanderson-de-Guimar\u00e3es-em-frente-a-sua-casa.jpg\"><img loading=\"lazy\" decoding=\"async\" class=\"aligncenter\" src=\"http:\/\/rioonwatch.org.br\/wp-content\/uploads\/2014\/07\/Vanderson-de-Guimar\u00e3es-em-frente-a-sua-casa.jpg\" alt=\"Vanderson em frente a sua casa\" width=\"600\" height=\"800\" \/><\/a><\/p>\n<!-- AddThis Advanced Settings generic via filter on the_content --><!-- AddThis Share Buttons generic via filter on the_content -->","protected":false},"excerpt":{"rendered":"<div class=\"mh-excerpt\"><p>Click Here for English Os moradores das poucas casas que se mantiveram na comunidade Beira Rio, em Manguinhos, est\u00e3o sendo sujeitados a um processo de remo\u00e7\u00e3o brutal, em curso, desde 2009. Eles est\u00e3o lutando por <a class=\"mh-excerpt-more\" href=\"https:\/\/rioonwatch.org.br\/?p=11945\" title=\"Moradores Passando Por Remo\u00e7\u00e3o na Comunidade Beira Rio, em Manguinhos, Falam das Suas Casas e Esperan\u00e7as [IMAGENS]\">[&#8230;]<\/a><!-- AddThis Advanced Settings generic via filter on get_the_excerpt --><!-- AddThis Share Buttons generic via filter on get_the_excerpt --><\/p>\n<\/div>","protected":false},"author":132,"featured_media":11971,"comment_status":"closed","ping_status":"closed","sticky":false,"template":"","format":"standard","meta":{"_acf_changed":false,"_monsterinsights_skip_tracking":false,"_monsterinsights_sitenote_active":false,"_monsterinsights_sitenote_note":"","_monsterinsights_sitenote_category":0,"footnotes":""},"categories":[1614,346,1633,344],"tags":[17,88,752,636,14,218],"writer":[402],"translator":[],"source":[],"ilustrador":[],"fotografo":[],"class_list":{"0":"post-11945","1":"post","2":"type-post","3":"status-publish","4":"format-standard","5":"has-post-thumbnail","7":"category-olhonasremocoes","8":"category-denuncias","9":"category-foto-reportagens","10":"category-politicas","11":"tag-aluguel-social","12":"tag-direitos-humanos","13":"tag-indenizacao-injusta","14":"tag-manguinhos","15":"tag-remocao","16":"tag-zona-norte","17":"writer-felicity-clarke"},"acf":[],"yoast_head":"<!-- This site is optimized with the Yoast SEO plugin v25.6 - https:\/\/yoast.com\/wordpress\/plugins\/seo\/ -->\n<title>Moradores Passando Por Remo\u00e7\u00e3o na Comunidade Beira Rio, em Manguinhos, Falam das Suas Casas e Esperan\u00e7as [IMAGENS] - RioOnWatch<\/title>\n<meta name=\"robots\" content=\"index, follow, max-snippet:-1, max-image-preview:large, max-video-preview:-1\" \/>\n<link rel=\"canonical\" href=\"https:\/\/rioonwatch.org.br\/?p=11945\" \/>\n<meta property=\"og:locale\" content=\"pt_BR\" \/>\n<meta property=\"og:type\" content=\"article\" \/>\n<meta property=\"og:title\" content=\"Moradores Passando Por Remo\u00e7\u00e3o na Comunidade Beira Rio, em Manguinhos, Falam das Suas Casas e Esperan\u00e7as [IMAGENS] - RioOnWatch\" \/>\n<meta property=\"og:description\" content=\"Click Here for English Os moradores das poucas casas que se mantiveram na comunidade Beira Rio, em Manguinhos, est\u00e3o sendo sujeitados a um processo de remo\u00e7\u00e3o brutal, em curso, desde 2009. Eles est\u00e3o lutando por [...]\" \/>\n<meta property=\"og:url\" content=\"https:\/\/rioonwatch.org.br\/?p=11945\" \/>\n<meta property=\"og:site_name\" content=\"RioOnWatch\" \/>\n<meta property=\"article:published_time\" content=\"2014-07-27T12:00:21+00:00\" \/>\n<meta property=\"article:modified_time\" content=\"2015-12-24T00:28:46+00:00\" \/>\n<meta property=\"og:image\" content=\"https:\/\/rioonwatch.org.br\/wp-content\/uploads\/2014\/07\/manguinhos-vanderson.jpg\" \/>\n\t<meta property=\"og:image:width\" content=\"750\" \/>\n\t<meta property=\"og:image:height\" content=\"1000\" \/>\n\t<meta property=\"og:image:type\" content=\"image\/jpeg\" \/>\n<meta name=\"author\" content=\"Felicity\" \/>\n<meta name=\"twitter:card\" content=\"summary_large_image\" \/>\n<meta name=\"twitter:label1\" content=\"Escrito por\" \/>\n\t<meta name=\"twitter:data1\" content=\"Felicity\" \/>\n\t<meta name=\"twitter:label2\" content=\"Est. tempo de leitura\" \/>\n\t<meta name=\"twitter:data2\" content=\"6 minutos\" \/>\n<script type=\"application\/ld+json\" class=\"yoast-schema-graph\">{\"@context\":\"https:\/\/schema.org\",\"@graph\":[{\"@type\":\"Article\",\"@id\":\"https:\/\/rioonwatch.org.br\/?p=11945#article\",\"isPartOf\":{\"@id\":\"https:\/\/rioonwatch.org.br\/?p=11945\"},\"author\":{\"name\":\"Felicity\",\"@id\":\"https:\/\/rioonwatch.org.br\/#\/schema\/person\/4d05cf5053c358ab740b3edd75a173f2\"},\"headline\":\"Moradores Passando Por Remo\u00e7\u00e3o na Comunidade Beira Rio, em Manguinhos, Falam das Suas Casas e Esperan\u00e7as [IMAGENS]\",\"datePublished\":\"2014-07-27T12:00:21+00:00\",\"dateModified\":\"2015-12-24T00:28:46+00:00\",\"mainEntityOfPage\":{\"@id\":\"https:\/\/rioonwatch.org.br\/?p=11945\"},\"wordCount\":1311,\"publisher\":{\"@id\":\"https:\/\/rioonwatch.org.br\/#organization\"},\"image\":{\"@id\":\"https:\/\/rioonwatch.org.br\/?p=11945#primaryimage\"},\"thumbnailUrl\":\"https:\/\/rioonwatch.org.br\/wp-content\/uploads\/2014\/07\/manguinhos-vanderson.jpg\",\"keywords\":[\"Aluguel social\",\"Direitos Humanos\",\"indeniza\u00e7\u00e3o injusta\",\"Manguinhos\",\"Remo\u00e7\u00e3o\",\"Zona Norte\"],\"articleSection\":[\"#OlhoNasRemo\u00e7\u00f5es\",\"Den\u00fancias\",\"Fotorreportagens\",\"Pol\u00edticas\"],\"inLanguage\":\"pt-BR\"},{\"@type\":\"WebPage\",\"@id\":\"https:\/\/rioonwatch.org.br\/?p=11945\",\"url\":\"https:\/\/rioonwatch.org.br\/?p=11945\",\"name\":\"Moradores Passando Por Remo\u00e7\u00e3o na Comunidade Beira Rio, em Manguinhos, Falam das Suas Casas e Esperan\u00e7as [IMAGENS] - RioOnWatch\",\"isPartOf\":{\"@id\":\"https:\/\/rioonwatch.org.br\/#website\"},\"primaryImageOfPage\":{\"@id\":\"https:\/\/rioonwatch.org.br\/?p=11945#primaryimage\"},\"image\":{\"@id\":\"https:\/\/rioonwatch.org.br\/?p=11945#primaryimage\"},\"thumbnailUrl\":\"https:\/\/rioonwatch.org.br\/wp-content\/uploads\/2014\/07\/manguinhos-vanderson.jpg\",\"datePublished\":\"2014-07-27T12:00:21+00:00\",\"dateModified\":\"2015-12-24T00:28:46+00:00\",\"breadcrumb\":{\"@id\":\"https:\/\/rioonwatch.org.br\/?p=11945#breadcrumb\"},\"inLanguage\":\"pt-BR\",\"potentialAction\":[{\"@type\":\"ReadAction\",\"target\":[\"https:\/\/rioonwatch.org.br\/?p=11945\"]}]},{\"@type\":\"ImageObject\",\"inLanguage\":\"pt-BR\",\"@id\":\"https:\/\/rioonwatch.org.br\/?p=11945#primaryimage\",\"url\":\"https:\/\/rioonwatch.org.br\/wp-content\/uploads\/2014\/07\/manguinhos-vanderson.jpg\",\"contentUrl\":\"https:\/\/rioonwatch.org.br\/wp-content\/uploads\/2014\/07\/manguinhos-vanderson.jpg\",\"width\":750,\"height\":1000},{\"@type\":\"BreadcrumbList\",\"@id\":\"https:\/\/rioonwatch.org.br\/?p=11945#breadcrumb\",\"itemListElement\":[{\"@type\":\"ListItem\",\"position\":1,\"name\":\"In\u00edcio\",\"item\":\"https:\/\/rioonwatch.org.br\/\"},{\"@type\":\"ListItem\",\"position\":2,\"name\":\"Moradores Passando Por Remo\u00e7\u00e3o na Comunidade Beira Rio, em Manguinhos, Falam das Suas Casas e Esperan\u00e7as [IMAGENS]\"}]},{\"@type\":\"WebSite\",\"@id\":\"https:\/\/rioonwatch.org.br\/#website\",\"url\":\"https:\/\/rioonwatch.org.br\/\",\"name\":\"RioOnWatch\",\"description\":\"relatos das favelas cariocas\",\"publisher\":{\"@id\":\"https:\/\/rioonwatch.org.br\/#organization\"},\"potentialAction\":[{\"@type\":\"SearchAction\",\"target\":{\"@type\":\"EntryPoint\",\"urlTemplate\":\"https:\/\/rioonwatch.org.br\/?s={search_term_string}\"},\"query-input\":{\"@type\":\"PropertyValueSpecification\",\"valueRequired\":true,\"valueName\":\"search_term_string\"}}],\"inLanguage\":\"pt-BR\"},{\"@type\":\"Organization\",\"@id\":\"https:\/\/rioonwatch.org.br\/#organization\",\"name\":\"RioOnWatch\",\"url\":\"https:\/\/rioonwatch.org.br\/\",\"logo\":{\"@type\":\"ImageObject\",\"inLanguage\":\"pt-BR\",\"@id\":\"https:\/\/rioonwatch.org.br\/#\/schema\/logo\/image\/\",\"url\":\"https:\/\/rioonwatch.org.br\/wp-content\/uploads\/2021\/06\/RioOnWatchcabecalhoPT11anos-2.png\",\"contentUrl\":\"https:\/\/rioonwatch.org.br\/wp-content\/uploads\/2021\/06\/RioOnWatchcabecalhoPT11anos-2.png\",\"width\":779,\"height\":277,\"caption\":\"RioOnWatch\"},\"image\":{\"@id\":\"https:\/\/rioonwatch.org.br\/#\/schema\/logo\/image\/\"}},{\"@type\":\"Person\",\"@id\":\"https:\/\/rioonwatch.org.br\/#\/schema\/person\/4d05cf5053c358ab740b3edd75a173f2\",\"name\":\"Felicity\",\"image\":{\"@type\":\"ImageObject\",\"inLanguage\":\"pt-BR\",\"@id\":\"https:\/\/rioonwatch.org.br\/#\/schema\/person\/image\/\",\"url\":\"https:\/\/secure.gravatar.com\/avatar\/bfc904486dc0bba6015410a00fe3fc27?s=96&d=blank&r=g\",\"contentUrl\":\"https:\/\/secure.gravatar.com\/avatar\/bfc904486dc0bba6015410a00fe3fc27?s=96&d=blank&r=g\",\"caption\":\"Felicity\"},\"url\":\"https:\/\/rioonwatch.org.br\/?author=132\"}]}<\/script>\n<!-- \/ Yoast SEO plugin. -->","yoast_head_json":{"title":"Moradores Passando Por Remo\u00e7\u00e3o na Comunidade Beira Rio, em Manguinhos, Falam das Suas Casas e Esperan\u00e7as [IMAGENS] - RioOnWatch","robots":{"index":"index","follow":"follow","max-snippet":"max-snippet:-1","max-image-preview":"max-image-preview:large","max-video-preview":"max-video-preview:-1"},"canonical":"https:\/\/rioonwatch.org.br\/?p=11945","og_locale":"pt_BR","og_type":"article","og_title":"Moradores Passando Por Remo\u00e7\u00e3o na Comunidade Beira Rio, em Manguinhos, Falam das Suas Casas e Esperan\u00e7as [IMAGENS] - RioOnWatch","og_description":"Click Here for English Os moradores das poucas casas que se mantiveram na comunidade Beira Rio, em Manguinhos, est\u00e3o sendo sujeitados a um processo de remo\u00e7\u00e3o brutal, em curso, desde 2009. Eles est\u00e3o lutando por [...]","og_url":"https:\/\/rioonwatch.org.br\/?p=11945","og_site_name":"RioOnWatch","article_published_time":"2014-07-27T12:00:21+00:00","article_modified_time":"2015-12-24T00:28:46+00:00","og_image":[{"width":750,"height":1000,"url":"https:\/\/rioonwatch.org.br\/wp-content\/uploads\/2014\/07\/manguinhos-vanderson.jpg","type":"image\/jpeg"}],"author":"Felicity","twitter_card":"summary_large_image","twitter_misc":{"Escrito por":"Felicity","Est. tempo de leitura":"6 minutos"},"schema":{"@context":"https:\/\/schema.org","@graph":[{"@type":"Article","@id":"https:\/\/rioonwatch.org.br\/?p=11945#article","isPartOf":{"@id":"https:\/\/rioonwatch.org.br\/?p=11945"},"author":{"name":"Felicity","@id":"https:\/\/rioonwatch.org.br\/#\/schema\/person\/4d05cf5053c358ab740b3edd75a173f2"},"headline":"Moradores Passando Por Remo\u00e7\u00e3o na Comunidade Beira Rio, em Manguinhos, Falam das Suas Casas e Esperan\u00e7as [IMAGENS]","datePublished":"2014-07-27T12:00:21+00:00","dateModified":"2015-12-24T00:28:46+00:00","mainEntityOfPage":{"@id":"https:\/\/rioonwatch.org.br\/?p=11945"},"wordCount":1311,"publisher":{"@id":"https:\/\/rioonwatch.org.br\/#organization"},"image":{"@id":"https:\/\/rioonwatch.org.br\/?p=11945#primaryimage"},"thumbnailUrl":"https:\/\/rioonwatch.org.br\/wp-content\/uploads\/2014\/07\/manguinhos-vanderson.jpg","keywords":["Aluguel social","Direitos Humanos","indeniza\u00e7\u00e3o injusta","Manguinhos","Remo\u00e7\u00e3o","Zona Norte"],"articleSection":["#OlhoNasRemo\u00e7\u00f5es","Den\u00fancias","Fotorreportagens","Pol\u00edticas"],"inLanguage":"pt-BR"},{"@type":"WebPage","@id":"https:\/\/rioonwatch.org.br\/?p=11945","url":"https:\/\/rioonwatch.org.br\/?p=11945","name":"Moradores Passando Por Remo\u00e7\u00e3o na Comunidade Beira Rio, em Manguinhos, Falam das Suas Casas e Esperan\u00e7as [IMAGENS] - RioOnWatch","isPartOf":{"@id":"https:\/\/rioonwatch.org.br\/#website"},"primaryImageOfPage":{"@id":"https:\/\/rioonwatch.org.br\/?p=11945#primaryimage"},"image":{"@id":"https:\/\/rioonwatch.org.br\/?p=11945#primaryimage"},"thumbnailUrl":"https:\/\/rioonwatch.org.br\/wp-content\/uploads\/2014\/07\/manguinhos-vanderson.jpg","datePublished":"2014-07-27T12:00:21+00:00","dateModified":"2015-12-24T00:28:46+00:00","breadcrumb":{"@id":"https:\/\/rioonwatch.org.br\/?p=11945#breadcrumb"},"inLanguage":"pt-BR","potentialAction":[{"@type":"ReadAction","target":["https:\/\/rioonwatch.org.br\/?p=11945"]}]},{"@type":"ImageObject","inLanguage":"pt-BR","@id":"https:\/\/rioonwatch.org.br\/?p=11945#primaryimage","url":"https:\/\/rioonwatch.org.br\/wp-content\/uploads\/2014\/07\/manguinhos-vanderson.jpg","contentUrl":"https:\/\/rioonwatch.org.br\/wp-content\/uploads\/2014\/07\/manguinhos-vanderson.jpg","width":750,"height":1000},{"@type":"BreadcrumbList","@id":"https:\/\/rioonwatch.org.br\/?p=11945#breadcrumb","itemListElement":[{"@type":"ListItem","position":1,"name":"In\u00edcio","item":"https:\/\/rioonwatch.org.br\/"},{"@type":"ListItem","position":2,"name":"Moradores Passando Por Remo\u00e7\u00e3o na Comunidade Beira Rio, em Manguinhos, Falam das Suas Casas e Esperan\u00e7as [IMAGENS]"}]},{"@type":"WebSite","@id":"https:\/\/rioonwatch.org.br\/#website","url":"https:\/\/rioonwatch.org.br\/","name":"RioOnWatch","description":"relatos das favelas cariocas","publisher":{"@id":"https:\/\/rioonwatch.org.br\/#organization"},"potentialAction":[{"@type":"SearchAction","target":{"@type":"EntryPoint","urlTemplate":"https:\/\/rioonwatch.org.br\/?s={search_term_string}"},"query-input":{"@type":"PropertyValueSpecification","valueRequired":true,"valueName":"search_term_string"}}],"inLanguage":"pt-BR"},{"@type":"Organization","@id":"https:\/\/rioonwatch.org.br\/#organization","name":"RioOnWatch","url":"https:\/\/rioonwatch.org.br\/","logo":{"@type":"ImageObject","inLanguage":"pt-BR","@id":"https:\/\/rioonwatch.org.br\/#\/schema\/logo\/image\/","url":"https:\/\/rioonwatch.org.br\/wp-content\/uploads\/2021\/06\/RioOnWatchcabecalhoPT11anos-2.png","contentUrl":"https:\/\/rioonwatch.org.br\/wp-content\/uploads\/2021\/06\/RioOnWatchcabecalhoPT11anos-2.png","width":779,"height":277,"caption":"RioOnWatch"},"image":{"@id":"https:\/\/rioonwatch.org.br\/#\/schema\/logo\/image\/"}},{"@type":"Person","@id":"https:\/\/rioonwatch.org.br\/#\/schema\/person\/4d05cf5053c358ab740b3edd75a173f2","name":"Felicity","image":{"@type":"ImageObject","inLanguage":"pt-BR","@id":"https:\/\/rioonwatch.org.br\/#\/schema\/person\/image\/","url":"https:\/\/secure.gravatar.com\/avatar\/bfc904486dc0bba6015410a00fe3fc27?s=96&d=blank&r=g","contentUrl":"https:\/\/secure.gravatar.com\/avatar\/bfc904486dc0bba6015410a00fe3fc27?s=96&d=blank&r=g","caption":"Felicity"},"url":"https:\/\/rioonwatch.org.br\/?author=132"}]}},"_links":{"self":[{"href":"https:\/\/rioonwatch.org.br\/index.php?rest_route=\/wp\/v2\/posts\/11945"}],"collection":[{"href":"https:\/\/rioonwatch.org.br\/index.php?rest_route=\/wp\/v2\/posts"}],"about":[{"href":"https:\/\/rioonwatch.org.br\/index.php?rest_route=\/wp\/v2\/types\/post"}],"author":[{"embeddable":true,"href":"https:\/\/rioonwatch.org.br\/index.php?rest_route=\/wp\/v2\/users\/132"}],"replies":[{"embeddable":true,"href":"https:\/\/rioonwatch.org.br\/index.php?rest_route=%2Fwp%2Fv2%2Fcomments&post=11945"}],"version-history":[{"count":25,"href":"https:\/\/rioonwatch.org.br\/index.php?rest_route=\/wp\/v2\/posts\/11945\/revisions"}],"predecessor-version":[{"id":17840,"href":"https:\/\/rioonwatch.org.br\/index.php?rest_route=\/wp\/v2\/posts\/11945\/revisions\/17840"}],"wp:featuredmedia":[{"embeddable":true,"href":"https:\/\/rioonwatch.org.br\/index.php?rest_route=\/wp\/v2\/media\/11971"}],"wp:attachment":[{"href":"https:\/\/rioonwatch.org.br\/index.php?rest_route=%2Fwp%2Fv2%2Fmedia&parent=11945"}],"wp:term":[{"taxonomy":"category","embeddable":true,"href":"https:\/\/rioonwatch.org.br\/index.php?rest_route=%2Fwp%2Fv2%2Fcategories&post=11945"},{"taxonomy":"post_tag","embeddable":true,"href":"https:\/\/rioonwatch.org.br\/index.php?rest_route=%2Fwp%2Fv2%2Ftags&post=11945"},{"taxonomy":"writer","embeddable":true,"href":"https:\/\/rioonwatch.org.br\/index.php?rest_route=%2Fwp%2Fv2%2Fwriter&post=11945"},{"taxonomy":"translator","embeddable":true,"href":"https:\/\/rioonwatch.org.br\/index.php?rest_route=%2Fwp%2Fv2%2Ftranslator&post=11945"},{"taxonomy":"source","embeddable":true,"href":"https:\/\/rioonwatch.org.br\/index.php?rest_route=%2Fwp%2Fv2%2Fsource&post=11945"},{"taxonomy":"ilustrador","embeddable":true,"href":"https:\/\/rioonwatch.org.br\/index.php?rest_route=%2Fwp%2Fv2%2Filustrador&post=11945"},{"taxonomy":"fotografo","embeddable":true,"href":"https:\/\/rioonwatch.org.br\/index.php?rest_route=%2Fwp%2Fv2%2Ffotografo&post=11945"}],"curies":[{"name":"wp","href":"https:\/\/api.w.org\/{rel}","templated":true}]}}