{"id":12028,"date":"2014-08-14T16:19:57","date_gmt":"2014-08-14T19:19:57","guid":{"rendered":"http:\/\/rioonwatch.org.br\/?p=12028"},"modified":"2015-12-23T21:06:11","modified_gmt":"2015-12-24T00:06:11","slug":"a-forca-de-um-termo-o-estigma-do-slum-pelo-mundo","status":"publish","type":"post","link":"https:\/\/rioonwatch.org.br\/?p=12028","title":{"rendered":"A For\u00e7a de um Termo: O Estigma do &#8220;Slum&#8221; Pelo Mundo"},"content":{"rendered":"<p style=\"text-align: right;\"><em><strong><a href=\"http:\/\/bit.ly\/WAZ0VZ\" target=\"_blank\">Click Here for English<img decoding=\"async\" width=\"20\" height=\"20\" class=\"alignright wp-image-15790\" src=\"http:\/\/rioonwatch.org.br\/wp-content\/uploads\/2012\/08\/EN-standard-e1439583104716.jpg\" alt=\"\" \/><\/a><\/strong><\/em><\/p>\n<p>Em 2007, a prov\u00edncia Sul-Africana de KwaZulu-Natal aprovou o decreto de Elimina\u00e7\u00e3o e Preven\u00e7\u00e3o da Re-emerg\u00eancia de Assentamentos Prec\u00e1rios. Antes do decreto se tornar lei, <a href=\"http:\/\/bit.ly\/1aCpZU5\" target=\"_blank\">Abahlali baseMjondolo<\/a>, um movimento social de base cujo nome significa &#8220;moradores de barracos&#8221;, produziu um <a href=\"http:\/\/bit.ly\/1iysfm5\" target=\"_blank\">comunicado de imprensa<\/a> onde declarou: &#8220;O projeto de lei usa a palavra &#8220;<a href=\"http:\/\/bit.ly\/1pp8zUz\" target=\"_blank\">slum<\/a>&#8221; de uma maneira que faz parecer que os locais onde pessoas pobres vivem s\u00e3o um problema que deve ser varrido, porque h\u00e1 algo de errado com as pessoas pobres&#8230; em vez dos ricos e a maneira pela qual eles fizeram o pobre&#8230; pobre por falta de desenvolvimento&#8221;.<\/p>\n<p>Para os membros do movimento, a palavra &#8220;slum&#8221; carrega um <a href=\"http:\/\/bit.ly\/1s8PJQt\" target=\"_blank\">estigma<\/a> perigoso sobre os <a href=\"http:\/\/bit.ly\/1a1M6kK\" target=\"_blank\">habitantes da regi\u00e3o<\/a>, incentivando pol\u00edticas governamentais a &#8216;eliminar&#8217; essas comunidades ao inv\u00e9s de trabalhar com os moradores para resolver os seus problemas. Abahlali declarou: &#8220;As pessoas que vivem no <em>imijondolo<\/em> devem decidir por si mesmas como elas querem que suas comunidades sejam chamadas&#8221;.<\/p>\n<h3>Ressurgimento do termo &#8220;slum&#8221;<\/h3>\n<p>A maioria das reportagens de l\u00edngua inglesa no Brasil, durante o intenso holofote da m\u00eddia na Copa do Mundo, traduziu a palavra &#8220;favela&#8221; como &#8220;slum&#8221;. N\u00e3o \u00e9 uma tend\u00eancia surpreendente. N\u00e3o s\u00f3 qualquer jornalista ou editor nos dias de hoje encontra in\u00fameros exemplos de seus colegas usando essa defini\u00e7\u00e3o, mas at\u00e9 mesmo o tradutor do Google acriticamente afirma que &#8216;favela&#8217; \u00e9 &#8216;slum&#8217; e que &#8216;slum&#8217; \u00e9 &#8216;favela&#8217;.<\/p>\n<p>O professor de geografia Alan Gilbert <a href=\"http:\/\/bit.ly\/1pE8dVR\" target=\"_blank\">escreve<\/a> que o termo &#8220;slum&#8221; foi cada vez menos usado ao longo do s\u00e9culo XX, mas que a &#8220;<a href=\"http:\/\/bit.ly\/1iNC1kb\" target=\"_blank\">Cidades Sem Slums<\/a>&#8221;\u00a0das Na\u00e7\u00f5es Unidas, iniciativa lan\u00e7ada em 1999, trouxe o termo de volta para como foco das conversas sobre desenvolvimento, juntamente &#8220;com todas suas associa\u00e7\u00f5es ingloriosas&#8221;. Na defini\u00e7\u00e3o de slums e de metas quantitativas para reduzi-las, Gilbert reconhece que a ONU est\u00e1 &#8220;engajada no moderno e perfeitamente apropriado exerc\u00edcio de estabelecer &#8216;marcos&#8217; diante do qual o progresso possa ser medido&#8221;. No entanto, ele argumenta que o &#8216;slum&#8217; n\u00e3o se presta a ser medido, em parte porque \u00e9 um conceito relativo, e n\u00e3o absoluto.<\/p>\n<p><img fetchpriority=\"high\" decoding=\"async\" class=\"alignright\" src=\"http:\/\/www.rioonwatch.org\/wp-content\/uploads\/2014\/06\/Dharavi-8-adj.jpg\" alt=\"\" width=\"384\" height=\"207\" \/><\/p>\n<p>O relat\u00f3rio da ONU de 2003 &#8220;<a href=\"http:\/\/bit.ly\/1iysspt\" target=\"_blank\">Os Desafios dos Slums<\/a>&#8220;, afirma que os slums s\u00e3o &#8220;complexos demais para definir de acordo com um \u00fanico par\u00e2metro&#8221; e &#8220;h\u00e1 muitas variantes locais entre slums para conseguir definir crit\u00e9rios de aplica\u00e7\u00e3o universal&#8221;, enquanto &#8220;slums mudam r\u00e1pido demais para prestar qualquer crit\u00e9rio v\u00e1lido por um per\u00edodo razoavelmente longo de tempo&#8221;. Ainda assim, o relat\u00f3rio oferece uma defini\u00e7\u00e3o operacional de um slum: &#8220;Uma \u00e1rea que combina, em graus diferentes, as seguintes caracter\u00edsticas (restringidas \u00e0s caracter\u00edsticas f\u00edsicas e jur\u00eddicas do assentamento, e excluindo as dimens\u00f5es sociais mais dif\u00edceis): acesso inadequado \u00e0 \u00e1gua pot\u00e1vel; acesso inadequado ao saneamento e outras infraestruturas; m\u00e1 qualidade estrutural de habita\u00e7\u00f5es; superlota\u00e7\u00e3o; estado residencial inseguro\u201d.<\/p>\n<p>Isso n\u00e3o corresponde \u00e0 realidade de muitos moradores de favelas do Rio de Janeiro que t\u00eam v\u00e1rios graus de acesso \u00e0 \u00e1gua, eletricidade e coleta de lixo, enquanto suas casas s\u00e3o estruturalmente s\u00f3lidas e beneficiam de leis de usucapi\u00e3o e ocupa\u00e7\u00e3o do solo.\u00a0Chamar favelas&#8211;<a href=\"http:\/\/bit.ly\/1pp8zUz\" target=\"_blank\">ou mesmo outros tais bairros globalmen<\/a><a href=\"http:\/\/bit.ly\/1pp8zUz\" target=\"_blank\">te<\/a>&#8211;de &#8216;slums&#8217; transmite uma imagem enganosa dessas comunidades para as audi\u00eancias internacionais.<\/p>\n<h3>Rejeitando o r\u00f3tulo<\/h3>\n<p>Rotular \u00e1reas de &#8220;slums&#8221; pode tamb\u00e9m criar uma lacuna entre a compreens\u00e3o dos moradores sobre sua comunidade e da perspectiva de pessoas de fora que tentam &#8216;ajuda-los&#8217;. O antrop\u00f3logo Rahul Srivastava e urbanista Matias Echanove discutem Dharavi, um distrito de Mumbai, que ganhou notoriedade como uma das maiores favelas da \u00c1sia. Eles <a href=\"http:\/\/bit.ly\/1pE83Ob\" target=\"_blank\">lembram<\/a> que estavam &#8220;\u00e0 procura de slums&#8221; e descobriram que &#8220;em todos os bairros os moradores diziam: &#8216;N\u00e3o h\u00e1 nenhum slum aqui&#8217;! \u201cEles n\u00e3o pensam que suas casas est\u00e3o situadas em um slum&#8221;.\u00a0No entanto, eles <a href=\"http:\/\/bit.ly\/1mx7B5o\" target=\"_blank\">escrevem<\/a> que a representa\u00e7\u00e3o dominante da m\u00eddia sobre o distrito permanece &#8220;como um terreno baldio com estruturas tempor\u00e1rias que mal ficam de p\u00e9; um imenso ferro velho repleto de pessoas subnutridas irremediavelmente desligadas do resto do mundo, sobrevivendo de caridade e puxando a economia de toda a cidade para tr\u00e1s&#8221;.<\/p>\n<p>Para Srivastava e Echanove, retratar como &#8220;slum&#8221; incentiva projetos de abordagem \u201cde cima para baixo\u201d, de planejamento urbano que ignora a opini\u00e3o dos moradores. A palavra carregada de estigma pesado obscurece as vantagens da \u00e1rea. Por exemplo, como a constru\u00e7\u00e3o dos edif\u00edcios \u00e9 realizada pelos pr\u00f3prios moradores locais conduzindo o desenvolvimento do bairro a uma resposta direta \u00e0s necessidades locais.<\/p>\n<h3>A &#8220;elimina\u00e7\u00e3o de slums e \u00e1rea baldias\u201d<\/h3>\n<p><img decoding=\"async\" class=\"alignright\" src=\"http:\/\/www.rioonwatch.org\/wp-content\/uploads\/2014\/06\/Fighting_Blight_Michi_Gorc_t670.jpg\" alt=\"\" width=\"362\" height=\"209\" \/><\/p>\n<p>Nos Estados Unidos, a rotulagem de \u00e1reas como &#8220;slums&#8221; tornou-se um meio de financiamento. A &#8220;elimina\u00e7\u00e3o de slums e \u00e1reas baldias\u201d \u00e9 codificada como um dos tr\u00eas objetivos nacionais do Departamento de Habita\u00e7\u00e3o e Desenvolvimento Urbano. Assim, os governos estaduais alocam recursos para projetos que trabalham para esse objetivo.<\/p>\n<p>Em 2013, as autoridades da cidade de Augusta, Ge\u00f3rgia debatiam rotulando o centro da cidade de slum, uma designa\u00e7\u00e3o que disponibilizaria $26.5 milh\u00f5es de d\u00f3lares para renova\u00e7\u00f5es. De acordo <a href=\"http:\/\/bit.ly\/TAJebw\" target=\"_blank\">com um jornal local<\/a>: &#8220;O administrador da cidade Fred Russell disse&#8230; que \u00e9 lament\u00e1vel que os legisladores da Ge\u00f3rgia exijam a caracteriza\u00e7\u00e3o de um &#8220;slum&#8221; para uma \u00e1rea receber benef\u00edcios especiais, mas sofrer a designa\u00e7\u00e3o ser\u00e1 \u00fatil para continuar a revitaliza\u00e7\u00e3o do centro&#8221;.<\/p>\n<p>Da mesma forma, em 2013, em Rock Springs, Wyoming, a ag\u00eancia de renova\u00e7\u00e3o urbana da cidade procurou rotular bairros como &#8216;slums e baldios&#8217;. De acordo com uma <a href=\"http:\/\/bit.ly\/TmiWtc\" target=\"_blank\">reportagem local<\/a>, a diretora de desenvolvimento da comunidade, Laura Leigh, explicou que a designa\u00e7\u00e3o &#8220;n\u00e3o quer dizer que todas as propriedades dentro de uma \u00e1rea s\u00e3o dilapidadas e degradadas\u201d. No entanto, os moradores &#8220;ficaram l\u00edvidos ao serem inclu\u00eddos em uma \u00e1rea demarcada como slum&#8221;, deixando Leigh a questionar por que a linguagem n\u00e3o poderia ser alterada. Tal como acontece com a experi\u00eancia de Abahlali com o Decreto de Assentamentos Prec\u00e1rios, o termo &#8220;slum&#8221; \u00e9 empregado para facilitar projetos de desenvolvimento a custo de tra\u00e7ar um retrato impreciso e estigmatizado de uma comunidade.<\/p>\n<!-- AddThis Advanced Settings generic via filter on the_content --><!-- AddThis Share Buttons generic via filter on the_content -->","protected":false},"excerpt":{"rendered":"<div class=\"mh-excerpt\"><p>Click Here for English Em 2007, a prov\u00edncia Sul-Africana de KwaZulu-Natal aprovou o decreto de Elimina\u00e7\u00e3o e Preven\u00e7\u00e3o da Re-emerg\u00eancia de Assentamentos Prec\u00e1rios. Antes do decreto se tornar lei, Abahlali baseMjondolo, um movimento social de <a class=\"mh-excerpt-more\" href=\"https:\/\/rioonwatch.org.br\/?p=12028\" title=\"A For\u00e7a de um Termo: O Estigma do &#8220;Slum&#8221; Pelo Mundo\">[&#8230;]<\/a><!-- AddThis Advanced Settings generic via filter on get_the_excerpt --><!-- AddThis Share Buttons generic via filter on get_the_excerpt --><\/p>\n<\/div>","protected":false},"author":137,"featured_media":12030,"comment_status":"closed","ping_status":"closed","sticky":false,"template":"","format":"standard","meta":{"_acf_changed":false,"_monsterinsights_skip_tracking":false,"_monsterinsights_sitenote_active":false,"_monsterinsights_sitenote_note":"","_monsterinsights_sitenote_category":0,"footnotes":""},"categories":[346,344],"tags":[386,1212,929,928,759,1207,818,693,1208,126],"writer":[1199],"translator":[1175],"source":[],"ilustrador":[],"fotografo":[],"class_list":{"0":"post-12028","1":"post","2":"type-post","3":"status-publish","4":"format-standard","5":"has-post-thumbnail","7":"category-denuncias","8":"category-politicas","9":"tag-estigma","10":"tag-slum","11":"tag-abahlali-basemjondolo","12":"tag-africa-do-sul","13":"tag-comparacao-internacional","14":"tag-dharavi","15":"tag-eua","16":"tag-india","17":"tag-linguagem","18":"tag-preconceito","19":"writer-cerianne-robertson","20":"translator-brianna-bussinger"},"acf":[],"yoast_head":"<!-- This site is optimized with the Yoast SEO plugin v25.6 - https:\/\/yoast.com\/wordpress\/plugins\/seo\/ -->\n<title>A For\u00e7a de um Termo: O Estigma do &quot;Slum&quot; Pelo Mundo - RioOnWatch<\/title>\n<meta name=\"robots\" content=\"index, follow, max-snippet:-1, max-image-preview:large, max-video-preview:-1\" \/>\n<link rel=\"canonical\" href=\"https:\/\/rioonwatch.org.br\/?p=12028\" \/>\n<meta property=\"og:locale\" content=\"pt_BR\" \/>\n<meta property=\"og:type\" content=\"article\" \/>\n<meta property=\"og:title\" content=\"A For\u00e7a de um Termo: O Estigma do &quot;Slum&quot; Pelo Mundo - RioOnWatch\" \/>\n<meta property=\"og:description\" content=\"Click Here for English Em 2007, a prov\u00edncia Sul-Africana de KwaZulu-Natal aprovou o decreto de Elimina\u00e7\u00e3o e Preven\u00e7\u00e3o da Re-emerg\u00eancia de Assentamentos Prec\u00e1rios. Antes do decreto se tornar lei, Abahlali baseMjondolo, um movimento social de [...]\" \/>\n<meta property=\"og:url\" content=\"https:\/\/rioonwatch.org.br\/?p=12028\" \/>\n<meta property=\"og:site_name\" content=\"RioOnWatch\" \/>\n<meta property=\"article:published_time\" content=\"2014-08-14T19:19:57+00:00\" \/>\n<meta property=\"article:modified_time\" content=\"2015-12-24T00:06:11+00:00\" \/>\n<meta property=\"og:image\" content=\"https:\/\/rioonwatch.org.br\/wp-content\/uploads\/2014\/07\/Kennedy-Road1.jpg\" \/>\n\t<meta property=\"og:image:width\" content=\"1000\" \/>\n\t<meta property=\"og:image:height\" content=\"750\" \/>\n\t<meta property=\"og:image:type\" content=\"image\/jpeg\" \/>\n<meta name=\"author\" content=\"Nicole Froio\" \/>\n<meta name=\"twitter:card\" content=\"summary_large_image\" \/>\n<meta name=\"twitter:label1\" content=\"Escrito por\" \/>\n\t<meta name=\"twitter:data1\" content=\"Nicole Froio\" \/>\n\t<meta name=\"twitter:label2\" content=\"Est. tempo de leitura\" \/>\n\t<meta name=\"twitter:data2\" content=\"5 minutos\" \/>\n<script type=\"application\/ld+json\" class=\"yoast-schema-graph\">{\"@context\":\"https:\/\/schema.org\",\"@graph\":[{\"@type\":\"Article\",\"@id\":\"https:\/\/rioonwatch.org.br\/?p=12028#article\",\"isPartOf\":{\"@id\":\"https:\/\/rioonwatch.org.br\/?p=12028\"},\"author\":{\"name\":\"Nicole Froio\",\"@id\":\"https:\/\/rioonwatch.org.br\/#\/schema\/person\/e07d559fe2154d11fd3ec515e35695ee\"},\"headline\":\"A For\u00e7a de um Termo: O Estigma do &#8220;Slum&#8221; Pelo Mundo\",\"datePublished\":\"2014-08-14T19:19:57+00:00\",\"dateModified\":\"2015-12-24T00:06:11+00:00\",\"mainEntityOfPage\":{\"@id\":\"https:\/\/rioonwatch.org.br\/?p=12028\"},\"wordCount\":1051,\"publisher\":{\"@id\":\"https:\/\/rioonwatch.org.br\/#organization\"},\"image\":{\"@id\":\"https:\/\/rioonwatch.org.br\/?p=12028#primaryimage\"},\"thumbnailUrl\":\"https:\/\/rioonwatch.org.br\/wp-content\/uploads\/2014\/07\/Kennedy-Road1.jpg\",\"keywords\":[\"#StopFavelaStigma\",\"'slum'\",\"Abahlali baseMjondolo\",\"\u00c1frica do Sul\",\"compara\u00e7\u00e3o internacional\",\"Dharavi\",\"EUA\",\"\u00cdndia\",\"linguagem\",\"preconceito\"],\"articleSection\":[\"Den\u00fancias\",\"Pol\u00edticas\"],\"inLanguage\":\"pt-BR\"},{\"@type\":\"WebPage\",\"@id\":\"https:\/\/rioonwatch.org.br\/?p=12028\",\"url\":\"https:\/\/rioonwatch.org.br\/?p=12028\",\"name\":\"A For\u00e7a de um Termo: O Estigma do \\\"Slum\\\" Pelo Mundo - RioOnWatch\",\"isPartOf\":{\"@id\":\"https:\/\/rioonwatch.org.br\/#website\"},\"primaryImageOfPage\":{\"@id\":\"https:\/\/rioonwatch.org.br\/?p=12028#primaryimage\"},\"image\":{\"@id\":\"https:\/\/rioonwatch.org.br\/?p=12028#primaryimage\"},\"thumbnailUrl\":\"https:\/\/rioonwatch.org.br\/wp-content\/uploads\/2014\/07\/Kennedy-Road1.jpg\",\"datePublished\":\"2014-08-14T19:19:57+00:00\",\"dateModified\":\"2015-12-24T00:06:11+00:00\",\"breadcrumb\":{\"@id\":\"https:\/\/rioonwatch.org.br\/?p=12028#breadcrumb\"},\"inLanguage\":\"pt-BR\",\"potentialAction\":[{\"@type\":\"ReadAction\",\"target\":[\"https:\/\/rioonwatch.org.br\/?p=12028\"]}]},{\"@type\":\"ImageObject\",\"inLanguage\":\"pt-BR\",\"@id\":\"https:\/\/rioonwatch.org.br\/?p=12028#primaryimage\",\"url\":\"https:\/\/rioonwatch.org.br\/wp-content\/uploads\/2014\/07\/Kennedy-Road1.jpg\",\"contentUrl\":\"https:\/\/rioonwatch.org.br\/wp-content\/uploads\/2014\/07\/Kennedy-Road1.jpg\",\"width\":1000,\"height\":750},{\"@type\":\"BreadcrumbList\",\"@id\":\"https:\/\/rioonwatch.org.br\/?p=12028#breadcrumb\",\"itemListElement\":[{\"@type\":\"ListItem\",\"position\":1,\"name\":\"In\u00edcio\",\"item\":\"https:\/\/rioonwatch.org.br\/\"},{\"@type\":\"ListItem\",\"position\":2,\"name\":\"A For\u00e7a de um Termo: O Estigma do &#8220;Slum&#8221; Pelo Mundo\"}]},{\"@type\":\"WebSite\",\"@id\":\"https:\/\/rioonwatch.org.br\/#website\",\"url\":\"https:\/\/rioonwatch.org.br\/\",\"name\":\"RioOnWatch\",\"description\":\"relatos das favelas cariocas\",\"publisher\":{\"@id\":\"https:\/\/rioonwatch.org.br\/#organization\"},\"potentialAction\":[{\"@type\":\"SearchAction\",\"target\":{\"@type\":\"EntryPoint\",\"urlTemplate\":\"https:\/\/rioonwatch.org.br\/?s={search_term_string}\"},\"query-input\":{\"@type\":\"PropertyValueSpecification\",\"valueRequired\":true,\"valueName\":\"search_term_string\"}}],\"inLanguage\":\"pt-BR\"},{\"@type\":\"Organization\",\"@id\":\"https:\/\/rioonwatch.org.br\/#organization\",\"name\":\"RioOnWatch\",\"url\":\"https:\/\/rioonwatch.org.br\/\",\"logo\":{\"@type\":\"ImageObject\",\"inLanguage\":\"pt-BR\",\"@id\":\"https:\/\/rioonwatch.org.br\/#\/schema\/logo\/image\/\",\"url\":\"https:\/\/rioonwatch.org.br\/wp-content\/uploads\/2021\/06\/RioOnWatchcabecalhoPT11anos-2.png\",\"contentUrl\":\"https:\/\/rioonwatch.org.br\/wp-content\/uploads\/2021\/06\/RioOnWatchcabecalhoPT11anos-2.png\",\"width\":779,\"height\":277,\"caption\":\"RioOnWatch\"},\"image\":{\"@id\":\"https:\/\/rioonwatch.org.br\/#\/schema\/logo\/image\/\"}},{\"@type\":\"Person\",\"@id\":\"https:\/\/rioonwatch.org.br\/#\/schema\/person\/e07d559fe2154d11fd3ec515e35695ee\",\"name\":\"Nicole Froio\",\"image\":{\"@type\":\"ImageObject\",\"inLanguage\":\"pt-BR\",\"@id\":\"https:\/\/rioonwatch.org.br\/#\/schema\/person\/image\/\",\"url\":\"https:\/\/secure.gravatar.com\/avatar\/0acdbd6878ca0ac29aa5ce6c6119d636?s=96&d=blank&r=g\",\"contentUrl\":\"https:\/\/secure.gravatar.com\/avatar\/0acdbd6878ca0ac29aa5ce6c6119d636?s=96&d=blank&r=g\",\"caption\":\"Nicole Froio\"},\"url\":\"https:\/\/rioonwatch.org.br\/?author=137\"}]}<\/script>\n<!-- \/ Yoast SEO plugin. -->","yoast_head_json":{"title":"A For\u00e7a de um Termo: O Estigma do \"Slum\" Pelo Mundo - RioOnWatch","robots":{"index":"index","follow":"follow","max-snippet":"max-snippet:-1","max-image-preview":"max-image-preview:large","max-video-preview":"max-video-preview:-1"},"canonical":"https:\/\/rioonwatch.org.br\/?p=12028","og_locale":"pt_BR","og_type":"article","og_title":"A For\u00e7a de um Termo: O Estigma do \"Slum\" Pelo Mundo - RioOnWatch","og_description":"Click Here for English Em 2007, a prov\u00edncia Sul-Africana de KwaZulu-Natal aprovou o decreto de Elimina\u00e7\u00e3o e Preven\u00e7\u00e3o da Re-emerg\u00eancia de Assentamentos Prec\u00e1rios. Antes do decreto se tornar lei, Abahlali baseMjondolo, um movimento social de [...]","og_url":"https:\/\/rioonwatch.org.br\/?p=12028","og_site_name":"RioOnWatch","article_published_time":"2014-08-14T19:19:57+00:00","article_modified_time":"2015-12-24T00:06:11+00:00","og_image":[{"width":1000,"height":750,"url":"https:\/\/rioonwatch.org.br\/wp-content\/uploads\/2014\/07\/Kennedy-Road1.jpg","type":"image\/jpeg"}],"author":"Nicole Froio","twitter_card":"summary_large_image","twitter_misc":{"Escrito por":"Nicole Froio","Est. tempo de leitura":"5 minutos"},"schema":{"@context":"https:\/\/schema.org","@graph":[{"@type":"Article","@id":"https:\/\/rioonwatch.org.br\/?p=12028#article","isPartOf":{"@id":"https:\/\/rioonwatch.org.br\/?p=12028"},"author":{"name":"Nicole Froio","@id":"https:\/\/rioonwatch.org.br\/#\/schema\/person\/e07d559fe2154d11fd3ec515e35695ee"},"headline":"A For\u00e7a de um Termo: O Estigma do &#8220;Slum&#8221; Pelo Mundo","datePublished":"2014-08-14T19:19:57+00:00","dateModified":"2015-12-24T00:06:11+00:00","mainEntityOfPage":{"@id":"https:\/\/rioonwatch.org.br\/?p=12028"},"wordCount":1051,"publisher":{"@id":"https:\/\/rioonwatch.org.br\/#organization"},"image":{"@id":"https:\/\/rioonwatch.org.br\/?p=12028#primaryimage"},"thumbnailUrl":"https:\/\/rioonwatch.org.br\/wp-content\/uploads\/2014\/07\/Kennedy-Road1.jpg","keywords":["#StopFavelaStigma","'slum'","Abahlali baseMjondolo","\u00c1frica do Sul","compara\u00e7\u00e3o internacional","Dharavi","EUA","\u00cdndia","linguagem","preconceito"],"articleSection":["Den\u00fancias","Pol\u00edticas"],"inLanguage":"pt-BR"},{"@type":"WebPage","@id":"https:\/\/rioonwatch.org.br\/?p=12028","url":"https:\/\/rioonwatch.org.br\/?p=12028","name":"A For\u00e7a de um Termo: O Estigma do \"Slum\" Pelo Mundo - RioOnWatch","isPartOf":{"@id":"https:\/\/rioonwatch.org.br\/#website"},"primaryImageOfPage":{"@id":"https:\/\/rioonwatch.org.br\/?p=12028#primaryimage"},"image":{"@id":"https:\/\/rioonwatch.org.br\/?p=12028#primaryimage"},"thumbnailUrl":"https:\/\/rioonwatch.org.br\/wp-content\/uploads\/2014\/07\/Kennedy-Road1.jpg","datePublished":"2014-08-14T19:19:57+00:00","dateModified":"2015-12-24T00:06:11+00:00","breadcrumb":{"@id":"https:\/\/rioonwatch.org.br\/?p=12028#breadcrumb"},"inLanguage":"pt-BR","potentialAction":[{"@type":"ReadAction","target":["https:\/\/rioonwatch.org.br\/?p=12028"]}]},{"@type":"ImageObject","inLanguage":"pt-BR","@id":"https:\/\/rioonwatch.org.br\/?p=12028#primaryimage","url":"https:\/\/rioonwatch.org.br\/wp-content\/uploads\/2014\/07\/Kennedy-Road1.jpg","contentUrl":"https:\/\/rioonwatch.org.br\/wp-content\/uploads\/2014\/07\/Kennedy-Road1.jpg","width":1000,"height":750},{"@type":"BreadcrumbList","@id":"https:\/\/rioonwatch.org.br\/?p=12028#breadcrumb","itemListElement":[{"@type":"ListItem","position":1,"name":"In\u00edcio","item":"https:\/\/rioonwatch.org.br\/"},{"@type":"ListItem","position":2,"name":"A For\u00e7a de um Termo: O Estigma do &#8220;Slum&#8221; Pelo Mundo"}]},{"@type":"WebSite","@id":"https:\/\/rioonwatch.org.br\/#website","url":"https:\/\/rioonwatch.org.br\/","name":"RioOnWatch","description":"relatos das favelas cariocas","publisher":{"@id":"https:\/\/rioonwatch.org.br\/#organization"},"potentialAction":[{"@type":"SearchAction","target":{"@type":"EntryPoint","urlTemplate":"https:\/\/rioonwatch.org.br\/?s={search_term_string}"},"query-input":{"@type":"PropertyValueSpecification","valueRequired":true,"valueName":"search_term_string"}}],"inLanguage":"pt-BR"},{"@type":"Organization","@id":"https:\/\/rioonwatch.org.br\/#organization","name":"RioOnWatch","url":"https:\/\/rioonwatch.org.br\/","logo":{"@type":"ImageObject","inLanguage":"pt-BR","@id":"https:\/\/rioonwatch.org.br\/#\/schema\/logo\/image\/","url":"https:\/\/rioonwatch.org.br\/wp-content\/uploads\/2021\/06\/RioOnWatchcabecalhoPT11anos-2.png","contentUrl":"https:\/\/rioonwatch.org.br\/wp-content\/uploads\/2021\/06\/RioOnWatchcabecalhoPT11anos-2.png","width":779,"height":277,"caption":"RioOnWatch"},"image":{"@id":"https:\/\/rioonwatch.org.br\/#\/schema\/logo\/image\/"}},{"@type":"Person","@id":"https:\/\/rioonwatch.org.br\/#\/schema\/person\/e07d559fe2154d11fd3ec515e35695ee","name":"Nicole Froio","image":{"@type":"ImageObject","inLanguage":"pt-BR","@id":"https:\/\/rioonwatch.org.br\/#\/schema\/person\/image\/","url":"https:\/\/secure.gravatar.com\/avatar\/0acdbd6878ca0ac29aa5ce6c6119d636?s=96&d=blank&r=g","contentUrl":"https:\/\/secure.gravatar.com\/avatar\/0acdbd6878ca0ac29aa5ce6c6119d636?s=96&d=blank&r=g","caption":"Nicole Froio"},"url":"https:\/\/rioonwatch.org.br\/?author=137"}]}},"_links":{"self":[{"href":"https:\/\/rioonwatch.org.br\/index.php?rest_route=\/wp\/v2\/posts\/12028"}],"collection":[{"href":"https:\/\/rioonwatch.org.br\/index.php?rest_route=\/wp\/v2\/posts"}],"about":[{"href":"https:\/\/rioonwatch.org.br\/index.php?rest_route=\/wp\/v2\/types\/post"}],"author":[{"embeddable":true,"href":"https:\/\/rioonwatch.org.br\/index.php?rest_route=\/wp\/v2\/users\/137"}],"replies":[{"embeddable":true,"href":"https:\/\/rioonwatch.org.br\/index.php?rest_route=%2Fwp%2Fv2%2Fcomments&post=12028"}],"version-history":[{"count":21,"href":"https:\/\/rioonwatch.org.br\/index.php?rest_route=\/wp\/v2\/posts\/12028\/revisions"}],"predecessor-version":[{"id":17831,"href":"https:\/\/rioonwatch.org.br\/index.php?rest_route=\/wp\/v2\/posts\/12028\/revisions\/17831"}],"wp:featuredmedia":[{"embeddable":true,"href":"https:\/\/rioonwatch.org.br\/index.php?rest_route=\/wp\/v2\/media\/12030"}],"wp:attachment":[{"href":"https:\/\/rioonwatch.org.br\/index.php?rest_route=%2Fwp%2Fv2%2Fmedia&parent=12028"}],"wp:term":[{"taxonomy":"category","embeddable":true,"href":"https:\/\/rioonwatch.org.br\/index.php?rest_route=%2Fwp%2Fv2%2Fcategories&post=12028"},{"taxonomy":"post_tag","embeddable":true,"href":"https:\/\/rioonwatch.org.br\/index.php?rest_route=%2Fwp%2Fv2%2Ftags&post=12028"},{"taxonomy":"writer","embeddable":true,"href":"https:\/\/rioonwatch.org.br\/index.php?rest_route=%2Fwp%2Fv2%2Fwriter&post=12028"},{"taxonomy":"translator","embeddable":true,"href":"https:\/\/rioonwatch.org.br\/index.php?rest_route=%2Fwp%2Fv2%2Ftranslator&post=12028"},{"taxonomy":"source","embeddable":true,"href":"https:\/\/rioonwatch.org.br\/index.php?rest_route=%2Fwp%2Fv2%2Fsource&post=12028"},{"taxonomy":"ilustrador","embeddable":true,"href":"https:\/\/rioonwatch.org.br\/index.php?rest_route=%2Fwp%2Fv2%2Filustrador&post=12028"},{"taxonomy":"fotografo","embeddable":true,"href":"https:\/\/rioonwatch.org.br\/index.php?rest_route=%2Fwp%2Fv2%2Ffotografo&post=12028"}],"curies":[{"name":"wp","href":"https:\/\/api.w.org\/{rel}","templated":true}]}}