{"id":12051,"date":"2014-08-04T13:47:48","date_gmt":"2014-08-04T16:47:48","guid":{"rendered":"http:\/\/rioonwatch.org.br\/?p=12051"},"modified":"2015-12-23T21:15:37","modified_gmt":"2015-12-24T00:15:37","slug":"complexo-do-alemao-resiste-moradores-protestam-em-midias-sociais","status":"publish","type":"post","link":"https:\/\/rioonwatch.org.br\/?p=12051","title":{"rendered":"Complexo do Alem\u00e3o Resiste: Moradores Protestam em M\u00eddias Sociais"},"content":{"rendered":"<p style=\"text-align: right;\"><em><strong><a href=\"http:\/\/bit.ly\/1kqzxJy\" \ntarget=\"_blank\">Click Here for English<img decoding=\"async\" width=\"20\" height=\"20\" class=\"alignright wp-image-15790\" src=\"http:\/\/rioonwatch.org.br\/wp-content\/uploads\/2012\/08\/EN-standard-e1439583104716.jpg\" alt=\"\" \/><\/a><\/strong><\/em><\/p>\n<p>Moradores do Complexo do Alem\u00e3o lan\u00e7aram um Twitta\u00e7o para alertar a m\u00eddia sobre os tiroteios que vem acontecendo na comunidade desde o final da Copa do Mundo. O evento foi planejado pelo grupo no Facebook\u00a0<a href=\"http:\/\/on.fb.me\/1pMsZRA\" target=\"_blank\">Complexo Alem\u00e3o<\/a> e promovido por v\u00e1rios dias depois que 3 pessoas foram mortas a tiro e <a href=\"http:\/\/bit.ly\/1u56WJU\" target=\"_blank\">19 foram v\u00edtimas de balas perdidas<\/a> durante conflitos entre a pol\u00edcia e o tr\u00e1fico durante um per\u00edodo de 15 dias.<\/p>\n<p><img fetchpriority=\"high\" decoding=\"async\" class=\"aligncenter\" src=\"http:\/\/www.rioonwatch.org\/wp-content\/uploads\/2014\/07\/complexo1-600x264.jpg\" alt=\"\" width=\"600\" height=\"264\" \/><\/p>\n<p>Os administradores da p\u00e1gina no Facebook disseram que o protesto foi planejado na web porque <a href=\"http:\/\/bit.ly\/1jYtlYT\" target=\"_blank\">moradores n\u00e3o se sentem seguros ao andar nas ruas do Complexo.<\/a><\/p>\n<p>A hashtag <a href=\"http:\/\/bit.ly\/1nSTvwe\" target=\"_blank\">#SOSComplexoDoAlemao<\/a> foi usado para relatar hist\u00f3rias de brutalidade policial e frustra\u00e7\u00e3o com as presentes pol\u00edticas de seguran\u00e7a no <a href=\"http:\/\/bit.ly\/U0MiGm\" target=\"_blank\">Complexo do Alem\u00e3o<\/a>. A \u00e1rea est\u00e1 ocupada pela pol\u00edcia desde 2010 e possui quatro <a href=\"http:\/\/bit.ly\/R5ueio\" target=\"_blank\">Unidades de Pol\u00edcia Pacificadora (UPP)<\/a>\u00a0que t\u00eam como objetivo manter a paz dentro das 15 favelas que formam o complexo.<\/p>\n<p>Apesar da UPP ser considerada um sucesso em algumas favelas, especialmente nas favelas da Zona Sul do Rio, um grande n\u00famero de moradores do Complexo \u00e9 contra a ocupa\u00e7\u00e3o policial. Os moradores do Complexo, situado na historicamente marginalizada <a href=\"http:\/\/bit.ly\/WximDf\" target=\"_blank\">Zona Norte<\/a>, relatam que n\u00e3o tiveram uma experi\u00eancia positiva com o programa. Muitos dizem que se sentiam mais seguros quatro anos atr\u00e1s, antes da pacifica\u00e7\u00e3o, e que a viol\u00eancia armada \u00e9 muito pior nos dias de hoje.<\/p>\n<p><a href=\"http:\/\/bit.ly\/1qQ7uG7\" target=\"_blank\">Em uma sequ\u00eancia de tweets<\/a>, o morador Th\u00e3nia Medeiros disse: &#8220;Eles prometeram que com a UPP viria um novo per\u00edodo de paz! ELES MENTIRAM! Mas eles ganharam votos! Estou cansado de ouvir relatos de abuso de autoridade e vidas tiradas. A viol\u00eancia aqui \u00e9 antiga. A primeira vez que vi um morto, era um menino de 10 anos assassinado. Eu tinha oito. Continuo vendo a mesma quantidade de armas que via antes da UPP. Mas tenho a impress\u00e3o que os tiroteios aumentaram.&#8221;<\/p>\n<p>Outra moradora, uma m\u00e3e que teve seu filho morto a tiros, tuitou: &#8220;Eu quero saber como uma unidade pacificadora pode ser t\u00e3o violenta. N\u00f3s queremos paz!&#8221;<\/p>\n<p>Durante as quatro principais horas do evento, a pol\u00edcia foi constantemente descrita como &#8220;abusiva&#8221;, &#8220;assassina&#8221; e outras varia\u00e7\u00f5es. Moradores desabafaram sobre suas experi\u00eancias com viol\u00eancia em sua comunidade e explicaram que o \u00fanico &#8220;crime&#8221; que cometeram foi morar na favela. Outros questionaram o status quo e o fato que, muitas vezes, as favelas s\u00f3 s\u00e3o usadas para os ricos lucrarem e s\u00e3o esquecidas quando realmente precisam de ajuda.<\/p>\n<p>Alessandro Oliveira <a href=\"http:\/\/bit.ly\/1kqz1LK\" target=\"_blank\">tuitou<\/a>: &#8220;N\u00f3s j\u00e1 fomos palco de novela, document\u00e1rios e agora n\u00f3s somos palco de uma guerra onde as vitimas s\u00e3o inocentes&#8221;.<\/p>\n<p>Muitos tuitaram sobre a rela\u00e7\u00e3o entre status social, ra\u00e7a e viol\u00eancia.<\/p>\n<p><a href=\"http:\/\/glo.bo\/1nbE654\" target=\"_blank\">Raull Santiago<\/a> <a href=\"http:\/\/bit.ly\/1scCpui\" target=\"_blank\">argumentou<\/a>: &#8220;Nessa sociedade preconceito \u00e9 disfar\u00e7ado de &#8216;miscigena\u00e7\u00e3o&#8217;, mas a morte do pobre \u00e9 aplaudida. \u00c9 triste. A primeira vez que eu vi um ser humano morto eu tinha sete anos de idade&#8230; Hoje, eu tenho 25 e ainda vejo muitos mortos! Pol\u00edcia e traficantes de drogas, armados, um de frente para o outro&#8230; se matando pela #PAZ do poderoso dinheiro!&#8221;<\/p>\n<p>Maycom Brum <a href=\"http:\/\/bit.ly\/WRHUmS\" target=\"_blank\">completou<\/a>: &#8220;A pol\u00edcia \u00e9 a mais racista de todas!&#8221;<\/p>\n<p>De acordo com o rastreador de hashtag Keyhole, a hashtag <a href=\"http:\/\/bit.ly\/1uMLFJ2\" target=\"_blank\">#SOSComplexoDoAlemao<\/a> alcan\u00e7ou meio milh\u00e3o de pessoas ao redor do mundo. Os tweets vieram principalmente do Brasil, mas pessoas dos Estados Unidos, Portugal, Su\u00e9cia e Austr\u00e1lia tamb\u00e9m se uniram ao movimento pedindo por paz.<\/p>\n<p>A narrativa permaneceu com os residentes durante todo o evento, que est\u00e3o planejando mais a\u00e7\u00f5es sociais nas pr\u00f3ximas semanas visando parar com a viol\u00eancia no Complexo.<\/p>\n<p><a href=\"http:\/\/rioonwatch.org.br\/wp-content\/uploads\/2014\/08\/Bt5sMJ-IQAAJ0cb.jpg\"><img decoding=\"async\" class=\" size-full wp-image-12058 aligncenter\" src=\"http:\/\/rioonwatch.org.br\/wp-content\/uploads\/2014\/08\/Bt5sMJ-IQAAJ0cb.jpg\" alt=\"Bt5sMJ-IQAAJ0cb\" width=\"600\" height=\"600\" \/><\/a><\/p>\n<!-- AddThis Advanced Settings generic via filter on the_content --><!-- AddThis Share Buttons generic via filter on the_content -->","protected":false},"excerpt":{"rendered":"<div class=\"mh-excerpt\"><p>Click Here for English Moradores do Complexo do Alem\u00e3o lan\u00e7aram um Twitta\u00e7o para alertar a m\u00eddia sobre os tiroteios que vem acontecendo na comunidade desde o final da Copa do Mundo. O evento foi planejado <a class=\"mh-excerpt-more\" href=\"https:\/\/rioonwatch.org.br\/?p=12051\" title=\"Complexo do Alem\u00e3o Resiste: Moradores Protestam em M\u00eddias Sociais\">[&#8230;]<\/a><!-- AddThis Advanced Settings generic via filter on get_the_excerpt --><!-- AddThis Share Buttons generic via filter on get_the_excerpt --><\/p>\n<\/div>","protected":false},"author":137,"featured_media":12058,"comment_status":"closed","ping_status":"closed","sticky":false,"template":"","format":"standard","meta":{"_acf_changed":false,"_monsterinsights_skip_tracking":false,"_monsterinsights_sitenote_active":false,"_monsterinsights_sitenote_note":"","_monsterinsights_sitenote_category":0,"footnotes":""},"categories":[346,344],"tags":[],"writer":[1657],"translator":[],"source":[],"ilustrador":[],"fotografo":[],"class_list":{"0":"post-12051","1":"post","2":"type-post","3":"status-publish","4":"format-standard","5":"has-post-thumbnail","7":"category-denuncias","8":"category-politicas","9":"writer-nicole-froio"},"acf":[],"yoast_head":"<!-- This site is optimized with the Yoast SEO plugin v25.6 - https:\/\/yoast.com\/wordpress\/plugins\/seo\/ -->\n<title>Complexo do Alem\u00e3o Resiste: Moradores Protestam em M\u00eddias Sociais - RioOnWatch<\/title>\n<meta name=\"robots\" content=\"index, follow, max-snippet:-1, max-image-preview:large, max-video-preview:-1\" \/>\n<link rel=\"canonical\" href=\"https:\/\/rioonwatch.org.br\/?p=12051\" \/>\n<meta property=\"og:locale\" content=\"pt_BR\" \/>\n<meta property=\"og:type\" content=\"article\" \/>\n<meta property=\"og:title\" content=\"Complexo do Alem\u00e3o Resiste: Moradores Protestam em M\u00eddias Sociais - RioOnWatch\" \/>\n<meta property=\"og:description\" content=\"Click Here for English Moradores do Complexo do Alem\u00e3o lan\u00e7aram um Twitta\u00e7o para alertar a m\u00eddia sobre os tiroteios que vem acontecendo na comunidade desde o final da Copa do Mundo. O evento foi planejado [...]\" \/>\n<meta property=\"og:url\" content=\"https:\/\/rioonwatch.org.br\/?p=12051\" \/>\n<meta property=\"og:site_name\" content=\"RioOnWatch\" \/>\n<meta property=\"article:published_time\" content=\"2014-08-04T16:47:48+00:00\" \/>\n<meta property=\"article:modified_time\" content=\"2015-12-24T00:15:37+00:00\" \/>\n<meta property=\"og:image\" content=\"https:\/\/rioonwatch.org.br\/wp-content\/uploads\/2014\/08\/Bt5sMJ-IQAAJ0cb.jpg\" \/>\n\t<meta property=\"og:image:width\" content=\"600\" \/>\n\t<meta property=\"og:image:height\" content=\"600\" \/>\n\t<meta property=\"og:image:type\" content=\"image\/jpeg\" \/>\n<meta name=\"author\" content=\"Nicole Froio\" \/>\n<meta name=\"twitter:card\" content=\"summary_large_image\" \/>\n<meta name=\"twitter:label1\" content=\"Escrito por\" \/>\n\t<meta name=\"twitter:data1\" content=\"Nicole Froio\" \/>\n\t<meta name=\"twitter:label2\" content=\"Est. tempo de leitura\" \/>\n\t<meta name=\"twitter:data2\" content=\"3 minutos\" \/>\n<script type=\"application\/ld+json\" class=\"yoast-schema-graph\">{\"@context\":\"https:\/\/schema.org\",\"@graph\":[{\"@type\":\"Article\",\"@id\":\"https:\/\/rioonwatch.org.br\/?p=12051#article\",\"isPartOf\":{\"@id\":\"https:\/\/rioonwatch.org.br\/?p=12051\"},\"author\":{\"name\":\"Nicole Froio\",\"@id\":\"https:\/\/rioonwatch.org.br\/#\/schema\/person\/e07d559fe2154d11fd3ec515e35695ee\"},\"headline\":\"Complexo do Alem\u00e3o Resiste: Moradores Protestam em M\u00eddias Sociais\",\"datePublished\":\"2014-08-04T16:47:48+00:00\",\"dateModified\":\"2015-12-24T00:15:37+00:00\",\"mainEntityOfPage\":{\"@id\":\"https:\/\/rioonwatch.org.br\/?p=12051\"},\"wordCount\":641,\"publisher\":{\"@id\":\"https:\/\/rioonwatch.org.br\/#organization\"},\"image\":{\"@id\":\"https:\/\/rioonwatch.org.br\/?p=12051#primaryimage\"},\"thumbnailUrl\":\"https:\/\/rioonwatch.org.br\/wp-content\/uploads\/2014\/08\/Bt5sMJ-IQAAJ0cb.jpg\",\"articleSection\":[\"Den\u00fancias\",\"Pol\u00edticas\"],\"inLanguage\":\"pt-BR\"},{\"@type\":\"WebPage\",\"@id\":\"https:\/\/rioonwatch.org.br\/?p=12051\",\"url\":\"https:\/\/rioonwatch.org.br\/?p=12051\",\"name\":\"Complexo do Alem\u00e3o Resiste: Moradores Protestam em M\u00eddias Sociais - RioOnWatch\",\"isPartOf\":{\"@id\":\"https:\/\/rioonwatch.org.br\/#website\"},\"primaryImageOfPage\":{\"@id\":\"https:\/\/rioonwatch.org.br\/?p=12051#primaryimage\"},\"image\":{\"@id\":\"https:\/\/rioonwatch.org.br\/?p=12051#primaryimage\"},\"thumbnailUrl\":\"https:\/\/rioonwatch.org.br\/wp-content\/uploads\/2014\/08\/Bt5sMJ-IQAAJ0cb.jpg\",\"datePublished\":\"2014-08-04T16:47:48+00:00\",\"dateModified\":\"2015-12-24T00:15:37+00:00\",\"breadcrumb\":{\"@id\":\"https:\/\/rioonwatch.org.br\/?p=12051#breadcrumb\"},\"inLanguage\":\"pt-BR\",\"potentialAction\":[{\"@type\":\"ReadAction\",\"target\":[\"https:\/\/rioonwatch.org.br\/?p=12051\"]}]},{\"@type\":\"ImageObject\",\"inLanguage\":\"pt-BR\",\"@id\":\"https:\/\/rioonwatch.org.br\/?p=12051#primaryimage\",\"url\":\"https:\/\/rioonwatch.org.br\/wp-content\/uploads\/2014\/08\/Bt5sMJ-IQAAJ0cb.jpg\",\"contentUrl\":\"https:\/\/rioonwatch.org.br\/wp-content\/uploads\/2014\/08\/Bt5sMJ-IQAAJ0cb.jpg\",\"width\":600,\"height\":600},{\"@type\":\"BreadcrumbList\",\"@id\":\"https:\/\/rioonwatch.org.br\/?p=12051#breadcrumb\",\"itemListElement\":[{\"@type\":\"ListItem\",\"position\":1,\"name\":\"In\u00edcio\",\"item\":\"https:\/\/rioonwatch.org.br\/\"},{\"@type\":\"ListItem\",\"position\":2,\"name\":\"Complexo do Alem\u00e3o Resiste: Moradores Protestam em M\u00eddias Sociais\"}]},{\"@type\":\"WebSite\",\"@id\":\"https:\/\/rioonwatch.org.br\/#website\",\"url\":\"https:\/\/rioonwatch.org.br\/\",\"name\":\"RioOnWatch\",\"description\":\"relatos das favelas cariocas\",\"publisher\":{\"@id\":\"https:\/\/rioonwatch.org.br\/#organization\"},\"potentialAction\":[{\"@type\":\"SearchAction\",\"target\":{\"@type\":\"EntryPoint\",\"urlTemplate\":\"https:\/\/rioonwatch.org.br\/?s={search_term_string}\"},\"query-input\":{\"@type\":\"PropertyValueSpecification\",\"valueRequired\":true,\"valueName\":\"search_term_string\"}}],\"inLanguage\":\"pt-BR\"},{\"@type\":\"Organization\",\"@id\":\"https:\/\/rioonwatch.org.br\/#organization\",\"name\":\"RioOnWatch\",\"url\":\"https:\/\/rioonwatch.org.br\/\",\"logo\":{\"@type\":\"ImageObject\",\"inLanguage\":\"pt-BR\",\"@id\":\"https:\/\/rioonwatch.org.br\/#\/schema\/logo\/image\/\",\"url\":\"https:\/\/rioonwatch.org.br\/wp-content\/uploads\/2021\/06\/RioOnWatchcabecalhoPT11anos-2.png\",\"contentUrl\":\"https:\/\/rioonwatch.org.br\/wp-content\/uploads\/2021\/06\/RioOnWatchcabecalhoPT11anos-2.png\",\"width\":779,\"height\":277,\"caption\":\"RioOnWatch\"},\"image\":{\"@id\":\"https:\/\/rioonwatch.org.br\/#\/schema\/logo\/image\/\"}},{\"@type\":\"Person\",\"@id\":\"https:\/\/rioonwatch.org.br\/#\/schema\/person\/e07d559fe2154d11fd3ec515e35695ee\",\"name\":\"Nicole Froio\",\"image\":{\"@type\":\"ImageObject\",\"inLanguage\":\"pt-BR\",\"@id\":\"https:\/\/rioonwatch.org.br\/#\/schema\/person\/image\/\",\"url\":\"https:\/\/secure.gravatar.com\/avatar\/0acdbd6878ca0ac29aa5ce6c6119d636?s=96&d=blank&r=g\",\"contentUrl\":\"https:\/\/secure.gravatar.com\/avatar\/0acdbd6878ca0ac29aa5ce6c6119d636?s=96&d=blank&r=g\",\"caption\":\"Nicole Froio\"},\"url\":\"https:\/\/rioonwatch.org.br\/?author=137\"}]}<\/script>\n<!-- \/ Yoast SEO plugin. -->","yoast_head_json":{"title":"Complexo do Alem\u00e3o Resiste: Moradores Protestam em M\u00eddias Sociais - RioOnWatch","robots":{"index":"index","follow":"follow","max-snippet":"max-snippet:-1","max-image-preview":"max-image-preview:large","max-video-preview":"max-video-preview:-1"},"canonical":"https:\/\/rioonwatch.org.br\/?p=12051","og_locale":"pt_BR","og_type":"article","og_title":"Complexo do Alem\u00e3o Resiste: Moradores Protestam em M\u00eddias Sociais - RioOnWatch","og_description":"Click Here for English Moradores do Complexo do Alem\u00e3o lan\u00e7aram um Twitta\u00e7o para alertar a m\u00eddia sobre os tiroteios que vem acontecendo na comunidade desde o final da Copa do Mundo. O evento foi planejado [...]","og_url":"https:\/\/rioonwatch.org.br\/?p=12051","og_site_name":"RioOnWatch","article_published_time":"2014-08-04T16:47:48+00:00","article_modified_time":"2015-12-24T00:15:37+00:00","og_image":[{"width":600,"height":600,"url":"https:\/\/rioonwatch.org.br\/wp-content\/uploads\/2014\/08\/Bt5sMJ-IQAAJ0cb.jpg","type":"image\/jpeg"}],"author":"Nicole Froio","twitter_card":"summary_large_image","twitter_misc":{"Escrito por":"Nicole Froio","Est. tempo de leitura":"3 minutos"},"schema":{"@context":"https:\/\/schema.org","@graph":[{"@type":"Article","@id":"https:\/\/rioonwatch.org.br\/?p=12051#article","isPartOf":{"@id":"https:\/\/rioonwatch.org.br\/?p=12051"},"author":{"name":"Nicole Froio","@id":"https:\/\/rioonwatch.org.br\/#\/schema\/person\/e07d559fe2154d11fd3ec515e35695ee"},"headline":"Complexo do Alem\u00e3o Resiste: Moradores Protestam em M\u00eddias Sociais","datePublished":"2014-08-04T16:47:48+00:00","dateModified":"2015-12-24T00:15:37+00:00","mainEntityOfPage":{"@id":"https:\/\/rioonwatch.org.br\/?p=12051"},"wordCount":641,"publisher":{"@id":"https:\/\/rioonwatch.org.br\/#organization"},"image":{"@id":"https:\/\/rioonwatch.org.br\/?p=12051#primaryimage"},"thumbnailUrl":"https:\/\/rioonwatch.org.br\/wp-content\/uploads\/2014\/08\/Bt5sMJ-IQAAJ0cb.jpg","articleSection":["Den\u00fancias","Pol\u00edticas"],"inLanguage":"pt-BR"},{"@type":"WebPage","@id":"https:\/\/rioonwatch.org.br\/?p=12051","url":"https:\/\/rioonwatch.org.br\/?p=12051","name":"Complexo do Alem\u00e3o Resiste: Moradores Protestam em M\u00eddias Sociais - RioOnWatch","isPartOf":{"@id":"https:\/\/rioonwatch.org.br\/#website"},"primaryImageOfPage":{"@id":"https:\/\/rioonwatch.org.br\/?p=12051#primaryimage"},"image":{"@id":"https:\/\/rioonwatch.org.br\/?p=12051#primaryimage"},"thumbnailUrl":"https:\/\/rioonwatch.org.br\/wp-content\/uploads\/2014\/08\/Bt5sMJ-IQAAJ0cb.jpg","datePublished":"2014-08-04T16:47:48+00:00","dateModified":"2015-12-24T00:15:37+00:00","breadcrumb":{"@id":"https:\/\/rioonwatch.org.br\/?p=12051#breadcrumb"},"inLanguage":"pt-BR","potentialAction":[{"@type":"ReadAction","target":["https:\/\/rioonwatch.org.br\/?p=12051"]}]},{"@type":"ImageObject","inLanguage":"pt-BR","@id":"https:\/\/rioonwatch.org.br\/?p=12051#primaryimage","url":"https:\/\/rioonwatch.org.br\/wp-content\/uploads\/2014\/08\/Bt5sMJ-IQAAJ0cb.jpg","contentUrl":"https:\/\/rioonwatch.org.br\/wp-content\/uploads\/2014\/08\/Bt5sMJ-IQAAJ0cb.jpg","width":600,"height":600},{"@type":"BreadcrumbList","@id":"https:\/\/rioonwatch.org.br\/?p=12051#breadcrumb","itemListElement":[{"@type":"ListItem","position":1,"name":"In\u00edcio","item":"https:\/\/rioonwatch.org.br\/"},{"@type":"ListItem","position":2,"name":"Complexo do Alem\u00e3o Resiste: Moradores Protestam em M\u00eddias Sociais"}]},{"@type":"WebSite","@id":"https:\/\/rioonwatch.org.br\/#website","url":"https:\/\/rioonwatch.org.br\/","name":"RioOnWatch","description":"relatos das favelas cariocas","publisher":{"@id":"https:\/\/rioonwatch.org.br\/#organization"},"potentialAction":[{"@type":"SearchAction","target":{"@type":"EntryPoint","urlTemplate":"https:\/\/rioonwatch.org.br\/?s={search_term_string}"},"query-input":{"@type":"PropertyValueSpecification","valueRequired":true,"valueName":"search_term_string"}}],"inLanguage":"pt-BR"},{"@type":"Organization","@id":"https:\/\/rioonwatch.org.br\/#organization","name":"RioOnWatch","url":"https:\/\/rioonwatch.org.br\/","logo":{"@type":"ImageObject","inLanguage":"pt-BR","@id":"https:\/\/rioonwatch.org.br\/#\/schema\/logo\/image\/","url":"https:\/\/rioonwatch.org.br\/wp-content\/uploads\/2021\/06\/RioOnWatchcabecalhoPT11anos-2.png","contentUrl":"https:\/\/rioonwatch.org.br\/wp-content\/uploads\/2021\/06\/RioOnWatchcabecalhoPT11anos-2.png","width":779,"height":277,"caption":"RioOnWatch"},"image":{"@id":"https:\/\/rioonwatch.org.br\/#\/schema\/logo\/image\/"}},{"@type":"Person","@id":"https:\/\/rioonwatch.org.br\/#\/schema\/person\/e07d559fe2154d11fd3ec515e35695ee","name":"Nicole Froio","image":{"@type":"ImageObject","inLanguage":"pt-BR","@id":"https:\/\/rioonwatch.org.br\/#\/schema\/person\/image\/","url":"https:\/\/secure.gravatar.com\/avatar\/0acdbd6878ca0ac29aa5ce6c6119d636?s=96&d=blank&r=g","contentUrl":"https:\/\/secure.gravatar.com\/avatar\/0acdbd6878ca0ac29aa5ce6c6119d636?s=96&d=blank&r=g","caption":"Nicole Froio"},"url":"https:\/\/rioonwatch.org.br\/?author=137"}]}},"_links":{"self":[{"href":"https:\/\/rioonwatch.org.br\/index.php?rest_route=\/wp\/v2\/posts\/12051"}],"collection":[{"href":"https:\/\/rioonwatch.org.br\/index.php?rest_route=\/wp\/v2\/posts"}],"about":[{"href":"https:\/\/rioonwatch.org.br\/index.php?rest_route=\/wp\/v2\/types\/post"}],"author":[{"embeddable":true,"href":"https:\/\/rioonwatch.org.br\/index.php?rest_route=\/wp\/v2\/users\/137"}],"replies":[{"embeddable":true,"href":"https:\/\/rioonwatch.org.br\/index.php?rest_route=%2Fwp%2Fv2%2Fcomments&post=12051"}],"version-history":[{"count":8,"href":"https:\/\/rioonwatch.org.br\/index.php?rest_route=\/wp\/v2\/posts\/12051\/revisions"}],"predecessor-version":[{"id":17834,"href":"https:\/\/rioonwatch.org.br\/index.php?rest_route=\/wp\/v2\/posts\/12051\/revisions\/17834"}],"wp:featuredmedia":[{"embeddable":true,"href":"https:\/\/rioonwatch.org.br\/index.php?rest_route=\/wp\/v2\/media\/12058"}],"wp:attachment":[{"href":"https:\/\/rioonwatch.org.br\/index.php?rest_route=%2Fwp%2Fv2%2Fmedia&parent=12051"}],"wp:term":[{"taxonomy":"category","embeddable":true,"href":"https:\/\/rioonwatch.org.br\/index.php?rest_route=%2Fwp%2Fv2%2Fcategories&post=12051"},{"taxonomy":"post_tag","embeddable":true,"href":"https:\/\/rioonwatch.org.br\/index.php?rest_route=%2Fwp%2Fv2%2Ftags&post=12051"},{"taxonomy":"writer","embeddable":true,"href":"https:\/\/rioonwatch.org.br\/index.php?rest_route=%2Fwp%2Fv2%2Fwriter&post=12051"},{"taxonomy":"translator","embeddable":true,"href":"https:\/\/rioonwatch.org.br\/index.php?rest_route=%2Fwp%2Fv2%2Ftranslator&post=12051"},{"taxonomy":"source","embeddable":true,"href":"https:\/\/rioonwatch.org.br\/index.php?rest_route=%2Fwp%2Fv2%2Fsource&post=12051"},{"taxonomy":"ilustrador","embeddable":true,"href":"https:\/\/rioonwatch.org.br\/index.php?rest_route=%2Fwp%2Fv2%2Filustrador&post=12051"},{"taxonomy":"fotografo","embeddable":true,"href":"https:\/\/rioonwatch.org.br\/index.php?rest_route=%2Fwp%2Fv2%2Ffotografo&post=12051"}],"curies":[{"name":"wp","href":"https:\/\/api.w.org\/{rel}","templated":true}]}}