{"id":12129,"date":"2014-08-18T09:51:06","date_gmt":"2014-08-18T12:51:06","guid":{"rendered":"http:\/\/rioonwatch.org.br\/?p=12129"},"modified":"2015-12-23T20:57:01","modified_gmt":"2015-12-23T23:57:01","slug":"moradores-do-complexo-do-alemao-marcham-pela-paz-imagens","status":"publish","type":"post","link":"https:\/\/rioonwatch.org.br\/?p=12129","title":{"rendered":"Moradores do Complexo do Alem\u00e3o Marcham pela Paz [SLIDESHOW]"},"content":{"rendered":"<p style=\"text-align: right;\"><em><strong><a href=\"http:\/\/bit.ly\/1q7gmAP\" target=\"_blank\">Click Here for English<img decoding=\"async\" width=\"20\" height=\"20\" class=\"alignright wp-image-15790\" src=\"http:\/\/rioonwatch.org.br\/wp-content\/uploads\/2012\/08\/EN-standard-e1439583104716.jpg\" alt=\"\" \/><\/a><\/strong><\/em><\/p>\n<p>Por volta de 40 moradores, do Complexo do Alem\u00e3o, foram as ruas no S\u00e1bado, 09 de agosto, para promover a paz na comunidade. Desde o fim da Copa do Mundo, o complexo de favelas vem presenciando diariamente tiroteios entre oficiais da PM e traficantes de droga.<\/p>\n<p dir=\"ltr\">O protesto foi <a href=\"http:\/\/on.fb.me\/1BcA0Uw\" target=\"_blank\">organizado por moradores do Alem\u00e3o<\/a> para reivindicar a cont\u00ednua brutalidade policial e alertar sobre a situa\u00e7\u00e3o que os moradores se encontram: entre a troca de tiros da fac\u00e7\u00e3o do Comando Vermelho e a <a href=\"http:\/\/bit.ly\/1r5BNpp\" target=\"_blank\">UPP<\/a>.<\/p>\n<p dir=\"ltr\">Tr\u00eas pessoas inocentes foram mortas na comunidade desde o fim da Copa e dezenas outras foram feridas por balas perdidas ou como resultado direto da viol\u00eancia policial.<\/p>\n<p dir=\"ltr\">No domingo, 29 de julho, <a href=\"http:\/\/glo.bo\/VjFXxO\" target=\"_blank\">Ant\u00f4nio Fran\u00e7a<\/a>\u00a0de 60 anos foi baleado e morto em Nova Bras\u00edlia. J\u00e1 no domingo, 03 de agosto, <a href=\"http:\/\/bit.ly\/1lSKTkH\" target=\"_blank\">Rhuan Vianna<\/a>\u00a0de 20 anos foi baleado na perna durante a &#8220;patrulha rotineira&#8221; da pol\u00edcia.<\/p>\n<p dir=\"ltr\">V\u00edtimas de viol\u00eancia policial, como Zaqueu Nogueira de 14 anos, participaram do protesto. Zaqueu foi baleado em Nova Bras\u00edlia no s\u00e1bado, 27 de julho, por oficiais do BOPE que lhe acusaram de fazer parte do tr\u00e1fico de drogas. Seu \u00fanico crime foi ser morador do Alem\u00e3o.<\/p>\n<p><a href=\"http:\/\/www.rioonwatch.org\/wp-content\/uploads\/2014\/08\/2014-740830706-2014080987418.jpg_20140809.jpg\"><img fetchpriority=\"high\" decoding=\"async\" class=\"alignright wp-image-17274 size-full\" src=\"http:\/\/www.rioonwatch.org\/wp-content\/uploads\/2014\/08\/2014-740830706-2014080987418.jpg_20140809.jpg\" alt=\"2014-740830706-2014080987418.jpg_20140809\" width=\"448\" height=\"299\" \/><\/a><\/p>\n<p dir=\"ltr\">O adolescente agora \u00e9 cego de um olho depois de ser baleado no rosto por um oficial do BOPE. Ele foi baleado, tamb\u00e9m, na coxa e no ombro. Zaqueu protestou contra a <a href=\"http:\/\/bit.ly\/Z0HsjX\" target=\"_blank\">criminaliza\u00e7\u00e3o de jovens<\/a> na comunidade apesar da presen\u00e7a fortemente armada de policiais estacionados ao longo do trajeto.<\/p>\n<p>&#8220;Eu estou aqui, hoje, para exigir justi\u00e7a e paz para a comunidade. Muitos jovens est\u00e3o sendo mortos aqui. Pessoas inocentes est\u00e3o sendo baleadas. Eu tenho <a href=\"http:\/\/bit.ly\/1uRzOcM\" target=\"_blank\">orgulho da minha comunidade<\/a> e eu quero que as coisas melhorem para as pessoas daqui&#8221;.<\/p>\n<p>V\u00e1rios manifestantes j\u00e1 perderam algum parente para a viol\u00eancia policial. Denize de Moraes, m\u00e3e do <a href=\"http:\/\/glo.bo\/1nN4KkV\" target=\"_blank\">moto-taxista Caio de Moraes<\/a>,\u00a0morto durante um protesto em maio, deseja que nenhuma outra fam\u00edlia do Alem\u00e3o tenha que enterrar o corpo de seus entes amados.<\/p>\n<p dir=\"ltr\">&#8220;At\u00e9 onde esta viol\u00eancia vai chegar? Meu filho foi morto pela pol\u00edcia. Ele era inocente e n\u00e3o tinha nenhuma rela\u00e7\u00e3o com o tr\u00e1fico. Ele s\u00f3 tinha 20 anos e trabalhava como moto-taxista. Eu n\u00e3o quero ver mais nenhuma crian\u00e7a morta. Eu estou aqui por justi\u00e7a e por respeito. Hoje, n\u00f3s estamos aqui para lutar pelos nossos direitos. N\u00f3s somos uma comunidade e n\u00f3s somos muito mais fortes que qualquer UPP ou tr\u00e1fico de drogas. N\u00f3s estamos passando por tempos dif\u00edceis por\u00e9m o bom ir\u00e1 vencer o mal. Eu estou certa que n\u00f3s iremos superar isso e dias melhores vir\u00e3o&#8221;.<\/p>\n<p dir=\"ltr\">Os participantes exibiram cartazes criticando a ocupa\u00e7\u00e3o policial e pixaram as ruas e propriedades com pedidos de paz na comunidade.<\/p>\n<p><img decoding=\"async\" class=\"wp-image-17273 alignright\" src=\"http:\/\/www.rioonwatch.org\/wp-content\/uploads\/2014\/08\/10599486_740301116041205_4752177368218046438_n-300x200.jpg\" alt=\"10599486_740301116041205_4752177368218046438_n\" width=\"324\" height=\"216\" \/><\/p>\n<p dir=\"ltr\">A passeata parou em uma pra\u00e7a p\u00fablica para ler o nome das 15 v\u00edtimas desta onda de viol\u00eancia que est\u00e1 ocorrendo este ano e para pedir por paz. A lista inclu\u00eda o nome de moradores locais e de policiais. Os manifestantes tamb\u00e9m pararam em pontos estrat\u00e9gicos para mostrar a m\u00eddia onde as balas perdidas haviam perfurado paredes e ferido moradores.<\/p>\n<p dir=\"ltr\">Durante o percurso eles cantaram m\u00fasicas de funk, incluindo o &#8220;<a href=\"http:\/\/bit.ly\/1llh7mG\" target=\"_blank\">Rap da Felicidade<\/a>&#8221; e &#8220;<a href=\"http:\/\/bit.ly\/1q7BOez\" target=\"_blank\">Era S\u00f3 Mais um Silva<\/a>&#8220;. Eles tamb\u00e9m rezaram com fi\u00e9is da igreja evang\u00e9lica pedindo o fim da viol\u00eancia.<\/p>\n<p>Os manifestantes foram saudados com apoio dos outros moradores do Alem\u00e3o, que por sua vez juntaram-se durante o trajeto cantando e rezando pelas v\u00edtimas da viol\u00eancia.\u00a0<a href=\"http:\/\/on.fb.me\/1ot38Tj\" target=\"_blank\">Este v\u00eddeo<\/a>\u00a0mostra um morador expressando sua preocupa\u00e7\u00e3o com a ocupa\u00e7\u00e3o da UPP em sua comunidade.<\/p>\n<p dir=\"ltr\">Os organizadores do evento est\u00e3o usando a hashtag\u00a0<a href=\"http:\/\/bit.ly\/1kqzxJy\" target=\"_blank\">#SOSComplexoDoAlem\u00e3o<\/a>\u00a0para promover o movimento por justi\u00e7a na comunidade.<\/p>\n<p dir=\"ltr\">De acordo com o website de rastreamento de hashtag Keyhole,\u00a0<a href=\"http:\/\/bit.ly\/1upq7RI\" target=\"_blank\">a hashtag<\/a> obteve um alcance de meio milh\u00e3o de pessoas ao redor do mundo. Os Tweets tinham origem principalmente no Brasil, mas usu\u00e1rios dos Estados Unidos, Portugal, Su\u00ed\u00e7a e Austr\u00e1lia tamb\u00e9m se uniram, pedindo a paz.<\/p>\n<p><iframe src=\"http:\/\/www.flickr.com\/slideShow\/index.gne?group_id=&amp;user_id=25093702@N00&amp;set_id=72157645913682787&amp;tags=Alem\u00e3o,favela,RiodeJaneiro,UPP,NorthZone,ZoneNorte,protest,protesto,MilitaryPolice,PoliceBrutality\" width=\"620\" height=\"450\" frameborder=\"0\" scrolling=\"no\" align=\"center\"><\/iframe><br \/>\n<small>Created with <a title=\"Admarket.se\" href=\"http:\/\/www.admarket.se\">Admarket&#8217;s<\/a> <a title=\"flickrSLiDR\" href=\"http:\/\/flickrslidr.com\">flickrSLiDR<\/a>.<\/small><\/p>\n<!-- AddThis Advanced Settings generic via filter on the_content --><!-- AddThis Share Buttons generic via filter on the_content -->","protected":false},"excerpt":{"rendered":"<div class=\"mh-excerpt\"><p>Click Here for English Por volta de 40 moradores, do Complexo do Alem\u00e3o, foram as ruas no S\u00e1bado, 09 de agosto, para promover a paz na comunidade. Desde o fim da Copa do Mundo, o <a class=\"mh-excerpt-more\" href=\"https:\/\/rioonwatch.org.br\/?p=12129\" title=\"Moradores do Complexo do Alem\u00e3o Marcham pela Paz [SLIDESHOW]\">[&#8230;]<\/a><!-- AddThis Advanced Settings generic via filter on get_the_excerpt --><!-- AddThis Share Buttons generic via filter on get_the_excerpt --><\/p>\n<\/div>","protected":false},"author":129,"featured_media":12136,"comment_status":"closed","ping_status":"closed","sticky":false,"template":"","format":"standard","meta":{"_acf_changed":false,"_monsterinsights_skip_tracking":false,"_monsterinsights_sitenote_active":false,"_monsterinsights_sitenote_note":"","_monsterinsights_sitenote_category":0,"footnotes":""},"categories":[346,1633,344,1620,342],"tags":[347,217,88,774,763,476,92,30,52,1144,218],"writer":[1200],"translator":[1161],"source":[],"ilustrador":[],"fotografo":[],"class_list":{"0":"post-12129","1":"post","2":"type-post","3":"status-publish","4":"format-standard","5":"has-post-thumbnail","7":"category-denuncias","8":"category-foto-reportagens","9":"category-politicas","10":"category-olhonaupp","11":"category-solucoes","12":"tag-bope","13":"tag-complexo-do-alemao","14":"tag-direitos-humanos","15":"tag-policia-militar","16":"tag-protesto","17":"tag-solucao-comunitaria","18":"tag-upp","19":"tag-violencia","20":"tag-violencia-policial","21":"tag-violencia-urbana","22":"tag-zona-norte","23":"writer-ed-bentsi-enchill","24":"translator-pedro-miranda"},"acf":[],"yoast_head":"<!-- This site is optimized with the Yoast SEO plugin v25.6 - https:\/\/yoast.com\/wordpress\/plugins\/seo\/ -->\n<title>Moradores do Complexo do Alem\u00e3o Marcham pela Paz [SLIDESHOW] - RioOnWatch<\/title>\n<meta name=\"robots\" content=\"index, follow, max-snippet:-1, max-image-preview:large, max-video-preview:-1\" \/>\n<link rel=\"canonical\" href=\"https:\/\/rioonwatch.org.br\/?p=12129\" \/>\n<meta property=\"og:locale\" content=\"pt_BR\" \/>\n<meta property=\"og:type\" content=\"article\" \/>\n<meta property=\"og:title\" content=\"Moradores do Complexo do Alem\u00e3o Marcham pela Paz [SLIDESHOW] - RioOnWatch\" \/>\n<meta property=\"og:description\" content=\"Click Here for English Por volta de 40 moradores, do Complexo do Alem\u00e3o, foram as ruas no S\u00e1bado, 09 de agosto, para promover a paz na comunidade. Desde o fim da Copa do Mundo, o [...]\" \/>\n<meta property=\"og:url\" content=\"https:\/\/rioonwatch.org.br\/?p=12129\" \/>\n<meta property=\"og:site_name\" content=\"RioOnWatch\" \/>\n<meta property=\"article:published_time\" content=\"2014-08-18T12:51:06+00:00\" \/>\n<meta property=\"article:modified_time\" content=\"2015-12-23T23:57:01+00:00\" \/>\n<meta property=\"og:image\" content=\"https:\/\/rioonwatch.org.br\/wp-content\/uploads\/2014\/08\/alemao.jpg\" \/>\n\t<meta property=\"og:image:width\" content=\"620\" \/>\n\t<meta property=\"og:image:height\" content=\"264\" \/>\n\t<meta property=\"og:image:type\" content=\"image\/jpeg\" \/>\n<meta name=\"author\" content=\"Admin\" \/>\n<meta name=\"twitter:card\" content=\"summary_large_image\" \/>\n<meta name=\"twitter:label1\" content=\"Escrito por\" \/>\n\t<meta name=\"twitter:data1\" content=\"Admin\" \/>\n\t<meta name=\"twitter:label2\" content=\"Est. tempo de leitura\" \/>\n\t<meta name=\"twitter:data2\" content=\"4 minutos\" \/>\n<script type=\"application\/ld+json\" class=\"yoast-schema-graph\">{\"@context\":\"https:\/\/schema.org\",\"@graph\":[{\"@type\":\"Article\",\"@id\":\"https:\/\/rioonwatch.org.br\/?p=12129#article\",\"isPartOf\":{\"@id\":\"https:\/\/rioonwatch.org.br\/?p=12129\"},\"author\":{\"name\":\"Admin\",\"@id\":\"https:\/\/rioonwatch.org.br\/#\/schema\/person\/11d64c290506f9df50c71b850c473f68\"},\"headline\":\"Moradores do Complexo do Alem\u00e3o Marcham pela Paz [SLIDESHOW]\",\"datePublished\":\"2014-08-18T12:51:06+00:00\",\"dateModified\":\"2015-12-23T23:57:01+00:00\",\"mainEntityOfPage\":{\"@id\":\"https:\/\/rioonwatch.org.br\/?p=12129\"},\"wordCount\":721,\"publisher\":{\"@id\":\"https:\/\/rioonwatch.org.br\/#organization\"},\"image\":{\"@id\":\"https:\/\/rioonwatch.org.br\/?p=12129#primaryimage\"},\"thumbnailUrl\":\"https:\/\/rioonwatch.org.br\/wp-content\/uploads\/2014\/08\/alemao.jpg\",\"keywords\":[\"BOPE\",\"Complexo do Alem\u00e3o\",\"Direitos Humanos\",\"Pol\u00edcia Militar\",\"protesto\",\"solu\u00e7\u00e3o comunit\u00e1ria\",\"UPP\",\"viol\u00eancia\",\"viol\u00eancia policial\",\"viol\u00eancia urbana\",\"Zona Norte\"],\"articleSection\":[\"Den\u00fancias\",\"Fotorreportagens\",\"Pol\u00edticas\",\"Seguran\u00e7a P\u00fablica\",\"Solu\u00e7\u00f5es\"],\"inLanguage\":\"pt-BR\"},{\"@type\":\"WebPage\",\"@id\":\"https:\/\/rioonwatch.org.br\/?p=12129\",\"url\":\"https:\/\/rioonwatch.org.br\/?p=12129\",\"name\":\"Moradores do Complexo do Alem\u00e3o Marcham pela Paz [SLIDESHOW] - RioOnWatch\",\"isPartOf\":{\"@id\":\"https:\/\/rioonwatch.org.br\/#website\"},\"primaryImageOfPage\":{\"@id\":\"https:\/\/rioonwatch.org.br\/?p=12129#primaryimage\"},\"image\":{\"@id\":\"https:\/\/rioonwatch.org.br\/?p=12129#primaryimage\"},\"thumbnailUrl\":\"https:\/\/rioonwatch.org.br\/wp-content\/uploads\/2014\/08\/alemao.jpg\",\"datePublished\":\"2014-08-18T12:51:06+00:00\",\"dateModified\":\"2015-12-23T23:57:01+00:00\",\"breadcrumb\":{\"@id\":\"https:\/\/rioonwatch.org.br\/?p=12129#breadcrumb\"},\"inLanguage\":\"pt-BR\",\"potentialAction\":[{\"@type\":\"ReadAction\",\"target\":[\"https:\/\/rioonwatch.org.br\/?p=12129\"]}]},{\"@type\":\"ImageObject\",\"inLanguage\":\"pt-BR\",\"@id\":\"https:\/\/rioonwatch.org.br\/?p=12129#primaryimage\",\"url\":\"https:\/\/rioonwatch.org.br\/wp-content\/uploads\/2014\/08\/alemao.jpg\",\"contentUrl\":\"https:\/\/rioonwatch.org.br\/wp-content\/uploads\/2014\/08\/alemao.jpg\",\"width\":620,\"height\":264},{\"@type\":\"BreadcrumbList\",\"@id\":\"https:\/\/rioonwatch.org.br\/?p=12129#breadcrumb\",\"itemListElement\":[{\"@type\":\"ListItem\",\"position\":1,\"name\":\"In\u00edcio\",\"item\":\"https:\/\/rioonwatch.org.br\/\"},{\"@type\":\"ListItem\",\"position\":2,\"name\":\"Moradores do Complexo do Alem\u00e3o Marcham pela Paz [SLIDESHOW]\"}]},{\"@type\":\"WebSite\",\"@id\":\"https:\/\/rioonwatch.org.br\/#website\",\"url\":\"https:\/\/rioonwatch.org.br\/\",\"name\":\"RioOnWatch\",\"description\":\"relatos das favelas cariocas\",\"publisher\":{\"@id\":\"https:\/\/rioonwatch.org.br\/#organization\"},\"potentialAction\":[{\"@type\":\"SearchAction\",\"target\":{\"@type\":\"EntryPoint\",\"urlTemplate\":\"https:\/\/rioonwatch.org.br\/?s={search_term_string}\"},\"query-input\":{\"@type\":\"PropertyValueSpecification\",\"valueRequired\":true,\"valueName\":\"search_term_string\"}}],\"inLanguage\":\"pt-BR\"},{\"@type\":\"Organization\",\"@id\":\"https:\/\/rioonwatch.org.br\/#organization\",\"name\":\"RioOnWatch\",\"url\":\"https:\/\/rioonwatch.org.br\/\",\"logo\":{\"@type\":\"ImageObject\",\"inLanguage\":\"pt-BR\",\"@id\":\"https:\/\/rioonwatch.org.br\/#\/schema\/logo\/image\/\",\"url\":\"https:\/\/rioonwatch.org.br\/wp-content\/uploads\/2021\/06\/RioOnWatchcabecalhoPT11anos-2.png\",\"contentUrl\":\"https:\/\/rioonwatch.org.br\/wp-content\/uploads\/2021\/06\/RioOnWatchcabecalhoPT11anos-2.png\",\"width\":779,\"height\":277,\"caption\":\"RioOnWatch\"},\"image\":{\"@id\":\"https:\/\/rioonwatch.org.br\/#\/schema\/logo\/image\/\"}},{\"@type\":\"Person\",\"@id\":\"https:\/\/rioonwatch.org.br\/#\/schema\/person\/11d64c290506f9df50c71b850c473f68\",\"name\":\"Admin\",\"image\":{\"@type\":\"ImageObject\",\"inLanguage\":\"pt-BR\",\"@id\":\"https:\/\/rioonwatch.org.br\/#\/schema\/person\/image\/\",\"url\":\"https:\/\/secure.gravatar.com\/avatar\/56211ac74568383903349a1485e3c325?s=96&d=blank&r=g\",\"contentUrl\":\"https:\/\/secure.gravatar.com\/avatar\/56211ac74568383903349a1485e3c325?s=96&d=blank&r=g\",\"caption\":\"Admin\"},\"url\":\"https:\/\/rioonwatch.org.br\/?author=129\"}]}<\/script>\n<!-- \/ Yoast SEO plugin. -->","yoast_head_json":{"title":"Moradores do Complexo do Alem\u00e3o Marcham pela Paz [SLIDESHOW] - RioOnWatch","robots":{"index":"index","follow":"follow","max-snippet":"max-snippet:-1","max-image-preview":"max-image-preview:large","max-video-preview":"max-video-preview:-1"},"canonical":"https:\/\/rioonwatch.org.br\/?p=12129","og_locale":"pt_BR","og_type":"article","og_title":"Moradores do Complexo do Alem\u00e3o Marcham pela Paz [SLIDESHOW] - RioOnWatch","og_description":"Click Here for English Por volta de 40 moradores, do Complexo do Alem\u00e3o, foram as ruas no S\u00e1bado, 09 de agosto, para promover a paz na comunidade. Desde o fim da Copa do Mundo, o [...]","og_url":"https:\/\/rioonwatch.org.br\/?p=12129","og_site_name":"RioOnWatch","article_published_time":"2014-08-18T12:51:06+00:00","article_modified_time":"2015-12-23T23:57:01+00:00","og_image":[{"width":620,"height":264,"url":"https:\/\/rioonwatch.org.br\/wp-content\/uploads\/2014\/08\/alemao.jpg","type":"image\/jpeg"}],"author":"Admin","twitter_card":"summary_large_image","twitter_misc":{"Escrito por":"Admin","Est. tempo de leitura":"4 minutos"},"schema":{"@context":"https:\/\/schema.org","@graph":[{"@type":"Article","@id":"https:\/\/rioonwatch.org.br\/?p=12129#article","isPartOf":{"@id":"https:\/\/rioonwatch.org.br\/?p=12129"},"author":{"name":"Admin","@id":"https:\/\/rioonwatch.org.br\/#\/schema\/person\/11d64c290506f9df50c71b850c473f68"},"headline":"Moradores do Complexo do Alem\u00e3o Marcham pela Paz [SLIDESHOW]","datePublished":"2014-08-18T12:51:06+00:00","dateModified":"2015-12-23T23:57:01+00:00","mainEntityOfPage":{"@id":"https:\/\/rioonwatch.org.br\/?p=12129"},"wordCount":721,"publisher":{"@id":"https:\/\/rioonwatch.org.br\/#organization"},"image":{"@id":"https:\/\/rioonwatch.org.br\/?p=12129#primaryimage"},"thumbnailUrl":"https:\/\/rioonwatch.org.br\/wp-content\/uploads\/2014\/08\/alemao.jpg","keywords":["BOPE","Complexo do Alem\u00e3o","Direitos Humanos","Pol\u00edcia Militar","protesto","solu\u00e7\u00e3o comunit\u00e1ria","UPP","viol\u00eancia","viol\u00eancia policial","viol\u00eancia urbana","Zona Norte"],"articleSection":["Den\u00fancias","Fotorreportagens","Pol\u00edticas","Seguran\u00e7a P\u00fablica","Solu\u00e7\u00f5es"],"inLanguage":"pt-BR"},{"@type":"WebPage","@id":"https:\/\/rioonwatch.org.br\/?p=12129","url":"https:\/\/rioonwatch.org.br\/?p=12129","name":"Moradores do Complexo do Alem\u00e3o Marcham pela Paz [SLIDESHOW] - RioOnWatch","isPartOf":{"@id":"https:\/\/rioonwatch.org.br\/#website"},"primaryImageOfPage":{"@id":"https:\/\/rioonwatch.org.br\/?p=12129#primaryimage"},"image":{"@id":"https:\/\/rioonwatch.org.br\/?p=12129#primaryimage"},"thumbnailUrl":"https:\/\/rioonwatch.org.br\/wp-content\/uploads\/2014\/08\/alemao.jpg","datePublished":"2014-08-18T12:51:06+00:00","dateModified":"2015-12-23T23:57:01+00:00","breadcrumb":{"@id":"https:\/\/rioonwatch.org.br\/?p=12129#breadcrumb"},"inLanguage":"pt-BR","potentialAction":[{"@type":"ReadAction","target":["https:\/\/rioonwatch.org.br\/?p=12129"]}]},{"@type":"ImageObject","inLanguage":"pt-BR","@id":"https:\/\/rioonwatch.org.br\/?p=12129#primaryimage","url":"https:\/\/rioonwatch.org.br\/wp-content\/uploads\/2014\/08\/alemao.jpg","contentUrl":"https:\/\/rioonwatch.org.br\/wp-content\/uploads\/2014\/08\/alemao.jpg","width":620,"height":264},{"@type":"BreadcrumbList","@id":"https:\/\/rioonwatch.org.br\/?p=12129#breadcrumb","itemListElement":[{"@type":"ListItem","position":1,"name":"In\u00edcio","item":"https:\/\/rioonwatch.org.br\/"},{"@type":"ListItem","position":2,"name":"Moradores do Complexo do Alem\u00e3o Marcham pela Paz [SLIDESHOW]"}]},{"@type":"WebSite","@id":"https:\/\/rioonwatch.org.br\/#website","url":"https:\/\/rioonwatch.org.br\/","name":"RioOnWatch","description":"relatos das favelas cariocas","publisher":{"@id":"https:\/\/rioonwatch.org.br\/#organization"},"potentialAction":[{"@type":"SearchAction","target":{"@type":"EntryPoint","urlTemplate":"https:\/\/rioonwatch.org.br\/?s={search_term_string}"},"query-input":{"@type":"PropertyValueSpecification","valueRequired":true,"valueName":"search_term_string"}}],"inLanguage":"pt-BR"},{"@type":"Organization","@id":"https:\/\/rioonwatch.org.br\/#organization","name":"RioOnWatch","url":"https:\/\/rioonwatch.org.br\/","logo":{"@type":"ImageObject","inLanguage":"pt-BR","@id":"https:\/\/rioonwatch.org.br\/#\/schema\/logo\/image\/","url":"https:\/\/rioonwatch.org.br\/wp-content\/uploads\/2021\/06\/RioOnWatchcabecalhoPT11anos-2.png","contentUrl":"https:\/\/rioonwatch.org.br\/wp-content\/uploads\/2021\/06\/RioOnWatchcabecalhoPT11anos-2.png","width":779,"height":277,"caption":"RioOnWatch"},"image":{"@id":"https:\/\/rioonwatch.org.br\/#\/schema\/logo\/image\/"}},{"@type":"Person","@id":"https:\/\/rioonwatch.org.br\/#\/schema\/person\/11d64c290506f9df50c71b850c473f68","name":"Admin","image":{"@type":"ImageObject","inLanguage":"pt-BR","@id":"https:\/\/rioonwatch.org.br\/#\/schema\/person\/image\/","url":"https:\/\/secure.gravatar.com\/avatar\/56211ac74568383903349a1485e3c325?s=96&d=blank&r=g","contentUrl":"https:\/\/secure.gravatar.com\/avatar\/56211ac74568383903349a1485e3c325?s=96&d=blank&r=g","caption":"Admin"},"url":"https:\/\/rioonwatch.org.br\/?author=129"}]}},"_links":{"self":[{"href":"https:\/\/rioonwatch.org.br\/index.php?rest_route=\/wp\/v2\/posts\/12129"}],"collection":[{"href":"https:\/\/rioonwatch.org.br\/index.php?rest_route=\/wp\/v2\/posts"}],"about":[{"href":"https:\/\/rioonwatch.org.br\/index.php?rest_route=\/wp\/v2\/types\/post"}],"author":[{"embeddable":true,"href":"https:\/\/rioonwatch.org.br\/index.php?rest_route=\/wp\/v2\/users\/129"}],"replies":[{"embeddable":true,"href":"https:\/\/rioonwatch.org.br\/index.php?rest_route=%2Fwp%2Fv2%2Fcomments&post=12129"}],"version-history":[{"count":15,"href":"https:\/\/rioonwatch.org.br\/index.php?rest_route=\/wp\/v2\/posts\/12129\/revisions"}],"predecessor-version":[{"id":17829,"href":"https:\/\/rioonwatch.org.br\/index.php?rest_route=\/wp\/v2\/posts\/12129\/revisions\/17829"}],"wp:featuredmedia":[{"embeddable":true,"href":"https:\/\/rioonwatch.org.br\/index.php?rest_route=\/wp\/v2\/media\/12136"}],"wp:attachment":[{"href":"https:\/\/rioonwatch.org.br\/index.php?rest_route=%2Fwp%2Fv2%2Fmedia&parent=12129"}],"wp:term":[{"taxonomy":"category","embeddable":true,"href":"https:\/\/rioonwatch.org.br\/index.php?rest_route=%2Fwp%2Fv2%2Fcategories&post=12129"},{"taxonomy":"post_tag","embeddable":true,"href":"https:\/\/rioonwatch.org.br\/index.php?rest_route=%2Fwp%2Fv2%2Ftags&post=12129"},{"taxonomy":"writer","embeddable":true,"href":"https:\/\/rioonwatch.org.br\/index.php?rest_route=%2Fwp%2Fv2%2Fwriter&post=12129"},{"taxonomy":"translator","embeddable":true,"href":"https:\/\/rioonwatch.org.br\/index.php?rest_route=%2Fwp%2Fv2%2Ftranslator&post=12129"},{"taxonomy":"source","embeddable":true,"href":"https:\/\/rioonwatch.org.br\/index.php?rest_route=%2Fwp%2Fv2%2Fsource&post=12129"},{"taxonomy":"ilustrador","embeddable":true,"href":"https:\/\/rioonwatch.org.br\/index.php?rest_route=%2Fwp%2Fv2%2Filustrador&post=12129"},{"taxonomy":"fotografo","embeddable":true,"href":"https:\/\/rioonwatch.org.br\/index.php?rest_route=%2Fwp%2Fv2%2Ffotografo&post=12129"}],"curies":[{"name":"wp","href":"https:\/\/api.w.org\/{rel}","templated":true}]}}