{"id":12274,"date":"2014-09-10T10:17:35","date_gmt":"2014-09-10T13:17:35","guid":{"rendered":"http:\/\/rioonwatch.org.br\/?p=12274"},"modified":"2015-12-23T20:34:47","modified_gmt":"2015-12-23T23:34:47","slug":"rota-de-onibus-para-olimpiada-ira-remover-900-familias-de-curicica","status":"publish","type":"post","link":"https:\/\/rioonwatch.org.br\/?p=12274","title":{"rendered":"Rota de \u00d4nibus para Olimp\u00edada Ir\u00e1 Remover 900 Fam\u00edlias de Curicica"},"content":{"rendered":"<p style=\"text-align: right;\"><em><strong><a href=\"http:\/\/america.aljazeera.com\/articles\/2014\/9\/1\/2016-olympics-displacementriofavela.html\" target=\"_blank\">Click Here for English<img decoding=\"async\" width=\"20\" height=\"20\" class=\"alignright wp-image-15790\" src=\"http:\/\/rioonwatch.org.br\/wp-content\/uploads\/2012\/08\/EN-standard-e1439583104716.jpg\" alt=\"\" \/><\/a><\/strong><\/em><\/p>\n<div class=\"article articleComponent\">\n<div class=\"component-article component-articleOpinion clearfix\">\n<div class=\"articleOpinion-mainImage--container FlexEmbed FlexEmbed--2by1 js-articleOpinion--FlexEmbed\">\n<div class=\"articleOpinion-mainImage articleWidth-mainImage FlexEmbed-item\" data-speed=\"7\" data-type=\"background\" data-position=\"center\">\n<h4><em>Alguns moradores esperam ansiosos por apartamentos novos enquanto outros lamentam a perda da comunidade<\/em><\/h4>\n<\/div>\n<p class=\"articleOpinion-mainImage articleWidth-mainImage FlexEmbed-item\" data-speed=\"7\" data-type=\"background\" data-position=\"center\"><em>Veja a mat\u00e9ria original por Donna Bowater\u00a0em ingl\u00eas no Al Jazeera America\u00a0<a href=\"http:\/\/alj.am\/W3QeyA\" target=\"_blank\">aqui<\/a>.<\/em><\/p>\n<div class=\"articleOpinion-mainImage articleWidth-mainImage FlexEmbed-item\" data-speed=\"7\" data-type=\"background\" data-position=\"center\">RIO DE JANEIRO\u2014Com o crescimento de sua fam\u00edlia, a casa de Jos\u00e9 Paulo Barcellos tamb\u00e9m cresceu.<\/div>\n<\/div>\n<\/div>\n<\/div>\n<div class=\"articleOpinion-mainPar--container\">\n<div class=\"parsys mainpar\">\n<div class=\"text section\">\n<p>Com o passar do tempo, a casa simples de dois quartos que ele construiu no final da ditadura militar ganhou um novo andar, onde sua filha e suas duas crian\u00e7as agora moram, bem em cima dele e de sua esposa. Sua garagem feita de materiais variados, que dobrou com a sua oficina, agora tamb\u00e9m serve de \u00e1rea de lazer para sua neta de 2 anos, Nicole.<\/p>\n<p>Como muitos na favela da <a href=\"http:\/\/bit.ly\/SVTLcD\" target=\"_blank\">Vila Uni\u00e3o de Curicica<\/a> na Zona Oeste do Rio de Janeiro, a moradia de Jos\u00e9 Paulo foi marcada com as letras &#8220;SMH&#8221;&#8211;iniciais da Secretaria Municipal de Habita\u00e7\u00e3o&#8211;como uma casa condenada a demoli\u00e7\u00e3o.<\/p>\n<p><a href=\"http:\/\/rioonwatch.org.br\/wp-content\/uploads\/2014\/09\/image.img_.jpg\"><img fetchpriority=\"high\" decoding=\"async\" class=\"size-full wp-image-12278 alignleft\" title=\"Projetos de constru\u00e7\u00e3o est\u00e3o em andamento na Asa Branca, no Rio de Janeiro para as Olimp\u00edadas 2016. Foto por Gustavo Oliveira\" src=\"http:\/\/rioonwatch.org.br\/wp-content\/uploads\/2014\/09\/image.img_.jpg\" alt=\"\" width=\"400\" height=\"266\" srcset=\"https:\/\/rioonwatch.org.br\/wp-content\/uploads\/2014\/09\/image.img_.jpg 400w, https:\/\/rioonwatch.org.br\/wp-content\/uploads\/2014\/09\/image.img_-397x264.jpg 397w\" sizes=\"(max-width: 400px) 100vw, 400px\" \/><\/a><\/p>\n<p>No final de agosto, aproximadamente 900 de 1500 fam\u00edlias que moraram em Vila Uni\u00e3o come\u00e7aram a se mudar para abrir espa\u00e7o para as obras da\u00a0<a href=\"http:\/\/bit.ly\/1nnPDhV\" target=\"_blank\">BRT TransOl\u00edmpica<\/a> que ser\u00e1 constru\u00edda para as Olimp\u00edadas de 2016. Ser\u00e1 <a href=\"http:\/\/glo.bo\/1p7YEhr\" target=\"_blank\">um dos maiores reassentamentos<\/a> de favela desde que o Rio foi escolhido para sediar os jogos, junto com as 500 fam\u00edlias que tamb\u00e9m foram reassentadas\u00a0de 2010 a 2011 para a constru\u00e7\u00e3o da <a href=\"http:\/\/bit.ly\/19ByqeQ\" target=\"_blank\">BRT TransOeste<\/a>.<\/p>\n<\/div>\n<div class=\"parbase textimage section\">\n<div class=\"image_left textImage-box clearfix\" style=\"text-align: right;\">\n<div class=\"text\">\n<p style=\"text-align: left;\">De acordo com a <a href=\"http:\/\/bit.ly\/YwwmpY\" target=\"_blank\">Anistia Internacional<\/a>, no Rio de Janeiro, mais de 19.000 fam\u00edlias foram removidas de suas casas desde 2009. A prefeitura nega que as remo\u00e7\u00f5es foram executadas para a Copa do Mundo, por\u00e9m muitos associam os reassentamentos para melhorias e limpeza para o evento da FIFA, incluindo as centenas de fam\u00edlias que foram removidas da favela <a href=\"http:\/\/bit.ly\/1wfUvvR\" target=\"_blank\">Metr\u00f4-Mangueira<\/a>, localizada pr\u00f3xima ao Est\u00e1dio do <a href=\"http:\/\/bit.ly\/1lgN2VO\" target=\"_blank\">Maracan\u00e3<\/a>.<\/p>\n<p style=\"text-align: left;\">As autoridades esperam que at\u00e9 70.000 passageiros ir\u00e3o usar o novo sistema de R$1,45 bilh\u00f5es por dia para viajarem entre a Barra da Tijuca, onde ser\u00e1 a Vila dos Atletas, at\u00e9 Deodoro, local de v\u00e1rios esportes ol\u00edmpicos. A rota TransOl\u00edmpica vai passar por vias paralelas, atualmente com tra\u00e7ados tortos, sobre casas e redes improvisadas de cabo.<\/p>\n<p style=\"text-align: left;\">As fam\u00edlias que ali moravam est\u00e3o sendo indenizadas ou est\u00e3o recebendo novos apartamentos, na Col\u00f4nia Juliano Moreira, constru\u00eddos atrav\u00e9s do programa <a href=\"http:\/\/bit.ly\/Y4U9oJ\" target=\"_blank\">Minha Casa Minha Vida<\/a>. O complexo de apartamentos avaliado em R$46 milh\u00f5es est\u00e1 previsto para ser inaugurado este m\u00eas e receber\u00e1 fam\u00edlias at\u00e9 o in\u00edcio do ano que vem.<\/p>\n<p style=\"text-align: left;\"><a href=\"http:\/\/rioonwatch.org.br\/wp-content\/uploads\/2014\/09\/image.img-2.jpg\"><img decoding=\"async\" class=\"size-full wp-image-12279 alignright\" title=\"Antes de ser realocada, uma moradora da Vila Uni\u00e3o tira as impress\u00f5es digitais para documenta\u00e7\u00e3o. Foto por Gustavo Oliveira\" src=\"http:\/\/rioonwatch.org.br\/wp-content\/uploads\/2014\/09\/image.img-2.jpg\" alt=\"\" width=\"400\" height=\"266\" srcset=\"https:\/\/rioonwatch.org.br\/wp-content\/uploads\/2014\/09\/image.img-2.jpg 400w, https:\/\/rioonwatch.org.br\/wp-content\/uploads\/2014\/09\/image.img-2-397x264.jpg 397w\" sizes=\"(max-width: 400px) 100vw, 400px\" \/><\/a><\/p>\n<p style=\"text-align: left;\">De acordo com a presidente da Associa\u00e7\u00e3o de Moradores, V\u00e2nia J\u00falio, muitos receberam com bons olhos o reassentamento para novas acomoda\u00e7\u00f5es como um &#8220;bilhete de loteria&#8221;.<\/p>\n<\/div>\n<\/div>\n<\/div>\n<div class=\"parbase textimage section\">\n<div class=\"image_right textImage-box clearfix\">\n<div class=\"text\">\n<p>Na entrada da Rua da Esperan\u00e7a, o governo do Estado estabeleceu um posto de atendimento para tirar impress\u00f5es digitais dos moradores que \u00a0nunca tiraram suas carteiras de identidade, assim podendo ter seus documentos.<\/p>\n<p>&#8220;Atrav\u00e9s dos reassentamentos, al\u00e9m de receber uma casa com infraestrutura, eles receberam o t\u00edtulo de propriedade do apartamento&#8211;coisa que hoje eles n\u00e3o possuem&#8221;, disse Alex Costa, subprefeito da Barra e Jacarepagu\u00e1, que serve como um elo entre a comunidade e a Prefeitura.<\/p>\n<p>Ele disse que a maioria das fam\u00edlias afetadas pelo reassentamento est\u00e3o atualmente ocupando \u00e1reas p\u00fablicas com <a href=\"http:\/\/bit.ly\/184DRpn\" target=\"_blank\">risco severo<\/a> de inunda\u00e7\u00f5es e deslizamentos. &#8220;Mesmo assim, o estudo de viabilidade da TransOl\u00edmpica foi conduzido de forma que afetasse o menor n\u00famero de fam\u00edlias&#8221;, ele argumentou.<\/p>\n<\/div>\n<\/div>\n<\/div>\n<div class=\"pullQuote section\">\n<div class=\"pullQuote-box\">\n<blockquote>\n<div class=\"pullQuote-quote\">\n<p class=\"pullQuote-attributer\">\u00c9 triste. Esta \u00e9 uma comunidade pac\u00edfica, segura. N\u00e3o temos tr\u00e1fico ou crime. Mas as obras t\u00eam que acontecer.&#8221;<br \/>\n&#8212; V\u00e2nia J\u00falio, Presidente, Associa\u00e7\u00e3o de Moradores da Vila Uni\u00e3o de Curicica<\/p>\n<\/div>\n<\/blockquote>\n<\/div>\n<\/div>\n<div class=\"parbase textimage section\">\n<div class=\"image_left textImage-box clearfix\">\n<figure id=\"cq-textimage-jsp-\/content\/ajam\/articles\/2014\/9\/1\/2016-olympics-displacementriofavela\/jcr:content\/mainpar\/textimage_1\" class=\"textImage-figure image\"><a href=\"http:\/\/rioonwatch.org.br\/wp-content\/uploads\/2014\/09\/image.img-3.jpg\"><img loading=\"lazy\" decoding=\"async\" class=\"size-full wp-image-12280 alignleft\" title=\"Jos\u00e9 Paulo Barcellos, 70, se dirige para sua casa, na Vila Uni\u00e3o, que foi marcada para demoli\u00e7\u00e3o. Foto por Gustavo Oliveira\" src=\"http:\/\/rioonwatch.org.br\/wp-content\/uploads\/2014\/09\/image.img-3.jpg\" alt=\"\" width=\"400\" height=\"266\" srcset=\"https:\/\/rioonwatch.org.br\/wp-content\/uploads\/2014\/09\/image.img-3.jpg 400w, https:\/\/rioonwatch.org.br\/wp-content\/uploads\/2014\/09\/image.img-3-397x264.jpg 397w\" sizes=\"(max-width: 400px) 100vw, 400px\" \/><\/a><\/figure>\n<div class=\"text\">\n<p>Mas a decis\u00e3o de construir a rota de \u00f4nibus atrav\u00e9s da comunidade <a href=\"http:\/\/bit.ly\/12piIRS\" target=\"_blank\">veio como uma surpresa<\/a> para os moradores depois que a favela tinha inicialmente sido selecionada para beneficiar-se do <a href=\"http:\/\/bit.ly\/104CmUd\" target=\"_blank\">programa municipal Morar Carioca<\/a>. Atrav\u00e9s desta iniciativa, que visa urbanizar todas as favelas do Rio at\u00e9 2020, um grupo de arquitetos planejava redesenhar e trazer melhor infraestrutura <a href=\"http:\/\/bit.ly\/CuricicaMapa\" target=\"_blank\">para a regi\u00e3o<\/a> como parte do legado das Olimp\u00edadas.<\/p>\n<p>Aqueles que constru\u00edram casas maiores do que os novos complexos de apartamento se sentem prejudicados e acreditam que a indeniza\u00e7\u00e3o por suas moradias foram subvalorizados. A prefeitura fotografou as casas na Vila Uni\u00e3o para calcular os acordos de compensa\u00e7\u00e3o baseado no valor imobili\u00e1rio e tamanho da propriedade.<\/p>\n<p>&#8220;Se voc\u00ea colocar uma cama dupla nos novos apartamentos, n\u00e3o tem espa\u00e7o para o arm\u00e1rio&#8221;, diz Jos\u00e9 Paulo, aos seus 70 anos. &#8220;N\u00e3o tem lugar para lavar as roupas do mesmo jeito que t\u00ednhamos. Porque n\u00f3s que temos uma casa melhor iriamos querer nos mudar daqui? J\u00e1 que eu n\u00e3o posso ficar eu quero ser indenizado com um pre\u00e7o justo&#8221;.<\/p>\n<p>A constru\u00e7\u00e3o do sistema BRT ir\u00e1 tamb\u00e9m arrasar com os neg\u00f3cios e com\u00e9rcios locais.<\/p>\n<p>Tetuliano Souza, de 62 anos, que possui um mercado de sucata fora de sua casa, aponta para o c\u00e9u e diz, &#8220;S\u00f3 Jesus sabe o que eu vou fazer. Eu n\u00e3o quero uma outra casa. Eu prefiro dinheiro&#8221;.<\/p>\n<\/div>\n<\/div>\n<\/div>\n<div class=\"parbase textimage section\">\n<div class=\"image_right textImage-box clearfix\">\n<figure id=\"cq-textimage-jsp-\/content\/ajam\/articles\/2014\/9\/1\/2016-olympics-displacementriofavela\/jcr:content\/mainpar\/textimage_2\" class=\"textImage-figure image\"><a href=\"http:\/\/rioonwatch.org.br\/wp-content\/uploads\/2014\/09\/image.img-4.jpg\"><img loading=\"lazy\" decoding=\"async\" class=\"size-full wp-image-12281 alignright\" title=\"Cintia Neves, 26 anos, e sua m\u00e3e, C\u00e9lia Neves de Oliveira, de 62 anos, vai sair da casa na Vila Uni\u00e3o, onde elas viveram por d\u00e9cadas. Foto por Gustavo Oliveira\" src=\"http:\/\/rioonwatch.org.br\/wp-content\/uploads\/2014\/09\/image.img-4.jpg\" alt=\"\" width=\"400\" height=\"266\" srcset=\"https:\/\/rioonwatch.org.br\/wp-content\/uploads\/2014\/09\/image.img-4.jpg 400w, https:\/\/rioonwatch.org.br\/wp-content\/uploads\/2014\/09\/image.img-4-397x264.jpg 397w\" sizes=\"(max-width: 400px) 100vw, 400px\" \/><\/a><\/figure>\n<div class=\"text\">\n<p>Cintia Neves, de 26 anos, tinha 6 anos de idade quando seu pai comprou um terreno e construiu a casa de sua fam\u00edlia em Vila Uni\u00e3o. Ela tem uma lanchonete e trabalha para a fornecedora de g\u00e1s Copagaz, que fica pr\u00f3xima de onde ela mora com sua m\u00e3e e irm\u00e3o. &#8220;Eu estou preocupada&#8221;, ela disse. &#8220;Eu n\u00e3o sei o que eu vou fazer depois de sair daqui&#8221;.<\/p>\n<p>Enquanto ela falava, um grupo de meninos chutava a bola em uma rua que se tornaria uma rota de \u00f4nibus. Eles passaram pelo est\u00e1dio de futebol Eustaquio Marques, que ser\u00e1 preservado, embora haja uma linha vermelha pintada delimitando os seis metros da rua que a nova pista ir\u00e1 invadir.<\/p>\n<p>&#8220;\u00c9 triste. Essa \u00e9 uma comunidade segura e que vive em paz. N\u00f3s n\u00e3o temos tr\u00e1fico nem crime&#8221;, diz J\u00falio. &#8220;Mas as obras tem que acontecer. A TransOl\u00edmpica tem que passar por aqui. Eu estou fazendo tudo que posso para certificar que a comunidade fique satisfeita&#8221;.<\/p>\n<p>Em uma comunidade pr\u00f3xima chamada <a href=\"http:\/\/bit.ly\/UKOXUX\" target=\"_blank\">Asa Branca<\/a>, resid\u00eancia de 2000 fam\u00edlias, moradores resistiram os planos de usarem seu campo de futebol como canteiro de obra para a TransOl\u00edmpica.<\/p>\n<p>&#8220;N\u00e3o \u00e9 um grande espa\u00e7o de lazer, mas \u00e9 o \u00fanico que n\u00f3s temos para 8000, 9000 pessoas&#8221;, diz Carlos Alberto Costa, presidente da Associa\u00e7\u00e3o de Moradores da Asa Branca. &#8220;Se n\u00f3s n\u00e3o reclamarmos, essas coisas acontecem&#8221;.<\/p>\n<\/div>\n<\/div>\n<\/div>\n<div class=\"parbase textimage section\">\n<div class=\"image_left textImage-box clearfix\">\n<figure id=\"cq-textimage-jsp-\/content\/ajam\/articles\/2014\/9\/1\/2016-olympics-displacementriofavela\/jcr:content\/mainpar\/textimage_3\" class=\"textImage-figure image\"><a href=\"http:\/\/rioonwatch.org.br\/wp-content\/uploads\/2014\/09\/image.img-5.jpg\"><img loading=\"lazy\" decoding=\"async\" class=\"size-full wp-image-12282 alignleft\" title=\"Centenas de casas na Vila Uni\u00e3o ser\u00e3o demolidas para dar lugar ao BRT. Foto por Gustavo Oliveira\" src=\"http:\/\/rioonwatch.org.br\/wp-content\/uploads\/2014\/09\/image.img-5.jpg\" alt=\"\" width=\"400\" height=\"266\" srcset=\"https:\/\/rioonwatch.org.br\/wp-content\/uploads\/2014\/09\/image.img-5.jpg 400w, https:\/\/rioonwatch.org.br\/wp-content\/uploads\/2014\/09\/image.img-5-397x264.jpg 397w\" sizes=\"(max-width: 400px) 100vw, 400px\" \/><\/a><\/figure>\n<div class=\"text\">\n<p>A vista do telhado do pr\u00e9dio da Associa\u00e7\u00e3o de Moradores mostra os dois lados do Rio: os grandes pr\u00e9dios dos novos ricos da Barra da Tijuca junto com os tijolos vermelhos aparentes das casas das favelas.<\/p>\n<p>Apesar das amea\u00e7as de reassentamento e demoli\u00e7\u00e3o, Costa disse aos moradores que entende que as Olimp\u00edadas ir\u00e3o trazer desenvolvimentos importantes que est\u00e3o atrasados.<\/p>\n<p>&#8220;Gra\u00e7as a Deus as Olimp\u00edadas est\u00e3o acontecendo aqui, assim algumas coisas ir\u00e3o acontecer para o povo&#8221;, ele disse. &#8220;N\u00f3s sabemos que n\u00e3o haver\u00e1 nenhuma mudan\u00e7a depois de 2016. Depois de 2016 voltamos a ser a mesma miragem do Brasil. As coisas boas est\u00e3o acontecendo por causa dos eventos&#8221;.<\/p>\n<p>Mesmo assim, a incerteza e ansiedade permanece.<\/p>\n<p>&#8220;Ir\u00e1 empregar muitas pessoas. Eu acredito nisso&#8221;, ele disse. &#8220;Mas essa \u00e9 uma comunidade muito boa. Eu amo morar aqui, e n\u00f3s queremos ficar aqui. N\u00f3s vamos lutar para ficar aqui&#8221;.<\/p>\n<p><em>Nota: Hoje a noite, quarta-feira 10 de setembro, 2014, haver\u00e1 reuni\u00e3o dos moradores para debater sobre a remo\u00e7\u00e3o da comunidade.\u00a0A reuni\u00e3o, \u00e0s\u00a0<span data-reactid=\".g.1:3:1:$comment351850781649893_351850864983218:0.0.$right.0.$left.0.0.1:$comment-body.0.0\"><span data-reactid=\".g.1:3:1:$comment351850781649893_351850864983218:0.0.$right.0.$left.0.0.1:$comment-body.0.0.$end:0:$2:0\">20:30, \u00e9 aberta \u00e0 parceiros e ser\u00e1 na Estrada da Curicica 254, do lado do Hospital.<\/span><\/span><\/em><\/p>\n<\/div>\n<\/div>\n<\/div>\n<\/div>\n<\/div>\n<!-- AddThis Advanced Settings generic via filter on the_content --><!-- AddThis Share Buttons generic via filter on the_content -->","protected":false},"excerpt":{"rendered":"<div class=\"mh-excerpt\"><p>Click Here for English Alguns moradores esperam ansiosos por apartamentos novos enquanto outros lamentam a perda da comunidade Veja a mat\u00e9ria original por Donna Bowater\u00a0em ingl\u00eas no Al Jazeera America\u00a0aqui. RIO DE JANEIRO\u2014Com o crescimento <a class=\"mh-excerpt-more\" href=\"https:\/\/rioonwatch.org.br\/?p=12274\" title=\"Rota de \u00d4nibus para Olimp\u00edada Ir\u00e1 Remover 900 Fam\u00edlias de Curicica\">[&#8230;]<\/a><!-- AddThis Advanced Settings generic via filter on get_the_excerpt --><!-- AddThis Share Buttons generic via filter on get_the_excerpt --><\/p>\n<\/div>","protected":false},"author":129,"featured_media":12306,"comment_status":"closed","ping_status":"closed","sticky":false,"template":"","format":"standard","meta":{"_acf_changed":false,"_monsterinsights_skip_tracking":false,"_monsterinsights_sitenote_active":false,"_monsterinsights_sitenote_note":"","_monsterinsights_sitenote_category":0,"footnotes":""},"categories":[1614,1635,346,344,1634],"tags":[321,655,274,497,475,446,752,246,1021,270,14,132,454,456,184],"writer":[1248],"translator":[1161],"source":[1252],"ilustrador":[],"fotografo":[],"class_list":{"0":"post-12274","1":"post","2":"type-post","3":"status-publish","4":"format-standard","5":"has-post-thumbnail","7":"category-olhonasremocoes","8":"category-1635","9":"category-denuncias","10":"category-politicas","11":"category-traducoes","12":"tag-asa-branca","13":"tag-associacao-de-moradores","14":"tag-barra-da-tijuca","15":"tag-brt","16":"tag-colonia-juliano-moreira","17":"tag-curicica","18":"tag-indenizacao-injusta","19":"tag-minha-casa-minha-vida","20":"tag-mito-do-legado","21":"tag-morar-carioca","22":"tag-remocao","23":"tag-transoeste","24":"tag-transolimpica","25":"tag-vila-uniao-de-curicica","26":"tag-zona-oeste","27":"writer-donna-bowater","28":"translator-pedro-miranda","29":"source-al-jazeera-america"},"acf":[],"yoast_head":"<!-- This site is optimized with the Yoast SEO plugin v25.6 - https:\/\/yoast.com\/wordpress\/plugins\/seo\/ -->\n<title>Rota de \u00d4nibus para Olimp\u00edada Ir\u00e1 Remover 900 Fam\u00edlias de Curicica - RioOnWatch<\/title>\n<meta name=\"robots\" content=\"index, follow, max-snippet:-1, max-image-preview:large, max-video-preview:-1\" \/>\n<link rel=\"canonical\" href=\"https:\/\/rioonwatch.org.br\/?p=12274\" \/>\n<meta property=\"og:locale\" content=\"pt_BR\" \/>\n<meta property=\"og:type\" content=\"article\" \/>\n<meta property=\"og:title\" content=\"Rota de \u00d4nibus para Olimp\u00edada Ir\u00e1 Remover 900 Fam\u00edlias de Curicica - RioOnWatch\" \/>\n<meta property=\"og:description\" content=\"Click Here for English Alguns moradores esperam ansiosos por apartamentos novos enquanto outros lamentam a perda da comunidade Veja a mat\u00e9ria original por Donna Bowater\u00a0em ingl\u00eas no Al Jazeera America\u00a0aqui. RIO DE JANEIRO\u2014Com o crescimento [...]\" \/>\n<meta property=\"og:url\" content=\"https:\/\/rioonwatch.org.br\/?p=12274\" \/>\n<meta property=\"og:site_name\" content=\"RioOnWatch\" \/>\n<meta property=\"article:published_time\" content=\"2014-09-10T13:17:35+00:00\" \/>\n<meta property=\"article:modified_time\" content=\"2015-12-23T23:34:47+00:00\" \/>\n<meta property=\"og:image\" content=\"https:\/\/rioonwatch.org.br\/wp-content\/uploads\/2014\/09\/VilaUniao.jpg\" \/>\n\t<meta property=\"og:image:width\" content=\"783\" \/>\n\t<meta property=\"og:image:height\" content=\"688\" \/>\n\t<meta property=\"og:image:type\" content=\"image\/jpeg\" \/>\n<meta name=\"author\" content=\"Admin\" \/>\n<meta name=\"twitter:card\" content=\"summary_large_image\" \/>\n<meta name=\"twitter:label1\" content=\"Escrito por\" \/>\n\t<meta name=\"twitter:data1\" content=\"Admin\" \/>\n\t<meta name=\"twitter:label2\" content=\"Est. tempo de leitura\" \/>\n\t<meta name=\"twitter:data2\" content=\"7 minutos\" \/>\n<script type=\"application\/ld+json\" class=\"yoast-schema-graph\">{\"@context\":\"https:\/\/schema.org\",\"@graph\":[{\"@type\":\"Article\",\"@id\":\"https:\/\/rioonwatch.org.br\/?p=12274#article\",\"isPartOf\":{\"@id\":\"https:\/\/rioonwatch.org.br\/?p=12274\"},\"author\":{\"name\":\"Admin\",\"@id\":\"https:\/\/rioonwatch.org.br\/#\/schema\/person\/11d64c290506f9df50c71b850c473f68\"},\"headline\":\"Rota de \u00d4nibus para Olimp\u00edada Ir\u00e1 Remover 900 Fam\u00edlias de Curicica\",\"datePublished\":\"2014-09-10T13:17:35+00:00\",\"dateModified\":\"2015-12-23T23:34:47+00:00\",\"mainEntityOfPage\":{\"@id\":\"https:\/\/rioonwatch.org.br\/?p=12274\"},\"wordCount\":1320,\"publisher\":{\"@id\":\"https:\/\/rioonwatch.org.br\/#organization\"},\"image\":{\"@id\":\"https:\/\/rioonwatch.org.br\/?p=12274#primaryimage\"},\"thumbnailUrl\":\"https:\/\/rioonwatch.org.br\/wp-content\/uploads\/2014\/09\/VilaUniao.jpg\",\"keywords\":[\"Asa Branca\",\"Associa\u00e7\u00e3o de Moradores\",\"Barra da Tijuca\",\"BRT\",\"Col\u00f4nia Juliano Moreira\",\"Curicica\",\"indeniza\u00e7\u00e3o injusta\",\"Minha Casa Minha Vida\",\"mito do legado\",\"Morar Carioca\",\"Remo\u00e7\u00e3o\",\"TransOeste\",\"TransOl\u00edmpica\",\"Vila Uni\u00e3o de Curicica\",\"Zona Oeste\"],\"articleSection\":[\"#OlhoNasRemo\u00e7\u00f5es\",\"#Rio2016\",\"Den\u00fancias\",\"Pol\u00edticas\",\"Traduzidas do Ingl\u00eas\"],\"inLanguage\":\"pt-BR\"},{\"@type\":\"WebPage\",\"@id\":\"https:\/\/rioonwatch.org.br\/?p=12274\",\"url\":\"https:\/\/rioonwatch.org.br\/?p=12274\",\"name\":\"Rota de \u00d4nibus para Olimp\u00edada Ir\u00e1 Remover 900 Fam\u00edlias de Curicica - RioOnWatch\",\"isPartOf\":{\"@id\":\"https:\/\/rioonwatch.org.br\/#website\"},\"primaryImageOfPage\":{\"@id\":\"https:\/\/rioonwatch.org.br\/?p=12274#primaryimage\"},\"image\":{\"@id\":\"https:\/\/rioonwatch.org.br\/?p=12274#primaryimage\"},\"thumbnailUrl\":\"https:\/\/rioonwatch.org.br\/wp-content\/uploads\/2014\/09\/VilaUniao.jpg\",\"datePublished\":\"2014-09-10T13:17:35+00:00\",\"dateModified\":\"2015-12-23T23:34:47+00:00\",\"breadcrumb\":{\"@id\":\"https:\/\/rioonwatch.org.br\/?p=12274#breadcrumb\"},\"inLanguage\":\"pt-BR\",\"potentialAction\":[{\"@type\":\"ReadAction\",\"target\":[\"https:\/\/rioonwatch.org.br\/?p=12274\"]}]},{\"@type\":\"ImageObject\",\"inLanguage\":\"pt-BR\",\"@id\":\"https:\/\/rioonwatch.org.br\/?p=12274#primaryimage\",\"url\":\"https:\/\/rioonwatch.org.br\/wp-content\/uploads\/2014\/09\/VilaUniao.jpg\",\"contentUrl\":\"https:\/\/rioonwatch.org.br\/wp-content\/uploads\/2014\/09\/VilaUniao.jpg\",\"width\":783,\"height\":688},{\"@type\":\"BreadcrumbList\",\"@id\":\"https:\/\/rioonwatch.org.br\/?p=12274#breadcrumb\",\"itemListElement\":[{\"@type\":\"ListItem\",\"position\":1,\"name\":\"In\u00edcio\",\"item\":\"https:\/\/rioonwatch.org.br\/\"},{\"@type\":\"ListItem\",\"position\":2,\"name\":\"Rota de \u00d4nibus para Olimp\u00edada Ir\u00e1 Remover 900 Fam\u00edlias de Curicica\"}]},{\"@type\":\"WebSite\",\"@id\":\"https:\/\/rioonwatch.org.br\/#website\",\"url\":\"https:\/\/rioonwatch.org.br\/\",\"name\":\"RioOnWatch\",\"description\":\"relatos das favelas cariocas\",\"publisher\":{\"@id\":\"https:\/\/rioonwatch.org.br\/#organization\"},\"potentialAction\":[{\"@type\":\"SearchAction\",\"target\":{\"@type\":\"EntryPoint\",\"urlTemplate\":\"https:\/\/rioonwatch.org.br\/?s={search_term_string}\"},\"query-input\":{\"@type\":\"PropertyValueSpecification\",\"valueRequired\":true,\"valueName\":\"search_term_string\"}}],\"inLanguage\":\"pt-BR\"},{\"@type\":\"Organization\",\"@id\":\"https:\/\/rioonwatch.org.br\/#organization\",\"name\":\"RioOnWatch\",\"url\":\"https:\/\/rioonwatch.org.br\/\",\"logo\":{\"@type\":\"ImageObject\",\"inLanguage\":\"pt-BR\",\"@id\":\"https:\/\/rioonwatch.org.br\/#\/schema\/logo\/image\/\",\"url\":\"https:\/\/rioonwatch.org.br\/wp-content\/uploads\/2021\/06\/RioOnWatchcabecalhoPT11anos-2.png\",\"contentUrl\":\"https:\/\/rioonwatch.org.br\/wp-content\/uploads\/2021\/06\/RioOnWatchcabecalhoPT11anos-2.png\",\"width\":779,\"height\":277,\"caption\":\"RioOnWatch\"},\"image\":{\"@id\":\"https:\/\/rioonwatch.org.br\/#\/schema\/logo\/image\/\"}},{\"@type\":\"Person\",\"@id\":\"https:\/\/rioonwatch.org.br\/#\/schema\/person\/11d64c290506f9df50c71b850c473f68\",\"name\":\"Admin\",\"image\":{\"@type\":\"ImageObject\",\"inLanguage\":\"pt-BR\",\"@id\":\"https:\/\/rioonwatch.org.br\/#\/schema\/person\/image\/\",\"url\":\"https:\/\/secure.gravatar.com\/avatar\/56211ac74568383903349a1485e3c325?s=96&d=blank&r=g\",\"contentUrl\":\"https:\/\/secure.gravatar.com\/avatar\/56211ac74568383903349a1485e3c325?s=96&d=blank&r=g\",\"caption\":\"Admin\"},\"url\":\"https:\/\/rioonwatch.org.br\/?author=129\"}]}<\/script>\n<!-- \/ Yoast SEO plugin. -->","yoast_head_json":{"title":"Rota de \u00d4nibus para Olimp\u00edada Ir\u00e1 Remover 900 Fam\u00edlias de Curicica - RioOnWatch","robots":{"index":"index","follow":"follow","max-snippet":"max-snippet:-1","max-image-preview":"max-image-preview:large","max-video-preview":"max-video-preview:-1"},"canonical":"https:\/\/rioonwatch.org.br\/?p=12274","og_locale":"pt_BR","og_type":"article","og_title":"Rota de \u00d4nibus para Olimp\u00edada Ir\u00e1 Remover 900 Fam\u00edlias de Curicica - RioOnWatch","og_description":"Click Here for English Alguns moradores esperam ansiosos por apartamentos novos enquanto outros lamentam a perda da comunidade Veja a mat\u00e9ria original por Donna Bowater\u00a0em ingl\u00eas no Al Jazeera America\u00a0aqui. RIO DE JANEIRO\u2014Com o crescimento [...]","og_url":"https:\/\/rioonwatch.org.br\/?p=12274","og_site_name":"RioOnWatch","article_published_time":"2014-09-10T13:17:35+00:00","article_modified_time":"2015-12-23T23:34:47+00:00","og_image":[{"width":783,"height":688,"url":"https:\/\/rioonwatch.org.br\/wp-content\/uploads\/2014\/09\/VilaUniao.jpg","type":"image\/jpeg"}],"author":"Admin","twitter_card":"summary_large_image","twitter_misc":{"Escrito por":"Admin","Est. tempo de leitura":"7 minutos"},"schema":{"@context":"https:\/\/schema.org","@graph":[{"@type":"Article","@id":"https:\/\/rioonwatch.org.br\/?p=12274#article","isPartOf":{"@id":"https:\/\/rioonwatch.org.br\/?p=12274"},"author":{"name":"Admin","@id":"https:\/\/rioonwatch.org.br\/#\/schema\/person\/11d64c290506f9df50c71b850c473f68"},"headline":"Rota de \u00d4nibus para Olimp\u00edada Ir\u00e1 Remover 900 Fam\u00edlias de Curicica","datePublished":"2014-09-10T13:17:35+00:00","dateModified":"2015-12-23T23:34:47+00:00","mainEntityOfPage":{"@id":"https:\/\/rioonwatch.org.br\/?p=12274"},"wordCount":1320,"publisher":{"@id":"https:\/\/rioonwatch.org.br\/#organization"},"image":{"@id":"https:\/\/rioonwatch.org.br\/?p=12274#primaryimage"},"thumbnailUrl":"https:\/\/rioonwatch.org.br\/wp-content\/uploads\/2014\/09\/VilaUniao.jpg","keywords":["Asa Branca","Associa\u00e7\u00e3o de Moradores","Barra da Tijuca","BRT","Col\u00f4nia Juliano Moreira","Curicica","indeniza\u00e7\u00e3o injusta","Minha Casa Minha Vida","mito do legado","Morar Carioca","Remo\u00e7\u00e3o","TransOeste","TransOl\u00edmpica","Vila Uni\u00e3o de Curicica","Zona Oeste"],"articleSection":["#OlhoNasRemo\u00e7\u00f5es","#Rio2016","Den\u00fancias","Pol\u00edticas","Traduzidas do Ingl\u00eas"],"inLanguage":"pt-BR"},{"@type":"WebPage","@id":"https:\/\/rioonwatch.org.br\/?p=12274","url":"https:\/\/rioonwatch.org.br\/?p=12274","name":"Rota de \u00d4nibus para Olimp\u00edada Ir\u00e1 Remover 900 Fam\u00edlias de Curicica - RioOnWatch","isPartOf":{"@id":"https:\/\/rioonwatch.org.br\/#website"},"primaryImageOfPage":{"@id":"https:\/\/rioonwatch.org.br\/?p=12274#primaryimage"},"image":{"@id":"https:\/\/rioonwatch.org.br\/?p=12274#primaryimage"},"thumbnailUrl":"https:\/\/rioonwatch.org.br\/wp-content\/uploads\/2014\/09\/VilaUniao.jpg","datePublished":"2014-09-10T13:17:35+00:00","dateModified":"2015-12-23T23:34:47+00:00","breadcrumb":{"@id":"https:\/\/rioonwatch.org.br\/?p=12274#breadcrumb"},"inLanguage":"pt-BR","potentialAction":[{"@type":"ReadAction","target":["https:\/\/rioonwatch.org.br\/?p=12274"]}]},{"@type":"ImageObject","inLanguage":"pt-BR","@id":"https:\/\/rioonwatch.org.br\/?p=12274#primaryimage","url":"https:\/\/rioonwatch.org.br\/wp-content\/uploads\/2014\/09\/VilaUniao.jpg","contentUrl":"https:\/\/rioonwatch.org.br\/wp-content\/uploads\/2014\/09\/VilaUniao.jpg","width":783,"height":688},{"@type":"BreadcrumbList","@id":"https:\/\/rioonwatch.org.br\/?p=12274#breadcrumb","itemListElement":[{"@type":"ListItem","position":1,"name":"In\u00edcio","item":"https:\/\/rioonwatch.org.br\/"},{"@type":"ListItem","position":2,"name":"Rota de \u00d4nibus para Olimp\u00edada Ir\u00e1 Remover 900 Fam\u00edlias de Curicica"}]},{"@type":"WebSite","@id":"https:\/\/rioonwatch.org.br\/#website","url":"https:\/\/rioonwatch.org.br\/","name":"RioOnWatch","description":"relatos das favelas cariocas","publisher":{"@id":"https:\/\/rioonwatch.org.br\/#organization"},"potentialAction":[{"@type":"SearchAction","target":{"@type":"EntryPoint","urlTemplate":"https:\/\/rioonwatch.org.br\/?s={search_term_string}"},"query-input":{"@type":"PropertyValueSpecification","valueRequired":true,"valueName":"search_term_string"}}],"inLanguage":"pt-BR"},{"@type":"Organization","@id":"https:\/\/rioonwatch.org.br\/#organization","name":"RioOnWatch","url":"https:\/\/rioonwatch.org.br\/","logo":{"@type":"ImageObject","inLanguage":"pt-BR","@id":"https:\/\/rioonwatch.org.br\/#\/schema\/logo\/image\/","url":"https:\/\/rioonwatch.org.br\/wp-content\/uploads\/2021\/06\/RioOnWatchcabecalhoPT11anos-2.png","contentUrl":"https:\/\/rioonwatch.org.br\/wp-content\/uploads\/2021\/06\/RioOnWatchcabecalhoPT11anos-2.png","width":779,"height":277,"caption":"RioOnWatch"},"image":{"@id":"https:\/\/rioonwatch.org.br\/#\/schema\/logo\/image\/"}},{"@type":"Person","@id":"https:\/\/rioonwatch.org.br\/#\/schema\/person\/11d64c290506f9df50c71b850c473f68","name":"Admin","image":{"@type":"ImageObject","inLanguage":"pt-BR","@id":"https:\/\/rioonwatch.org.br\/#\/schema\/person\/image\/","url":"https:\/\/secure.gravatar.com\/avatar\/56211ac74568383903349a1485e3c325?s=96&d=blank&r=g","contentUrl":"https:\/\/secure.gravatar.com\/avatar\/56211ac74568383903349a1485e3c325?s=96&d=blank&r=g","caption":"Admin"},"url":"https:\/\/rioonwatch.org.br\/?author=129"}]}},"_links":{"self":[{"href":"https:\/\/rioonwatch.org.br\/index.php?rest_route=\/wp\/v2\/posts\/12274"}],"collection":[{"href":"https:\/\/rioonwatch.org.br\/index.php?rest_route=\/wp\/v2\/posts"}],"about":[{"href":"https:\/\/rioonwatch.org.br\/index.php?rest_route=\/wp\/v2\/types\/post"}],"author":[{"embeddable":true,"href":"https:\/\/rioonwatch.org.br\/index.php?rest_route=\/wp\/v2\/users\/129"}],"replies":[{"embeddable":true,"href":"https:\/\/rioonwatch.org.br\/index.php?rest_route=%2Fwp%2Fv2%2Fcomments&post=12274"}],"version-history":[{"count":33,"href":"https:\/\/rioonwatch.org.br\/index.php?rest_route=\/wp\/v2\/posts\/12274\/revisions"}],"predecessor-version":[{"id":17823,"href":"https:\/\/rioonwatch.org.br\/index.php?rest_route=\/wp\/v2\/posts\/12274\/revisions\/17823"}],"wp:featuredmedia":[{"embeddable":true,"href":"https:\/\/rioonwatch.org.br\/index.php?rest_route=\/wp\/v2\/media\/12306"}],"wp:attachment":[{"href":"https:\/\/rioonwatch.org.br\/index.php?rest_route=%2Fwp%2Fv2%2Fmedia&parent=12274"}],"wp:term":[{"taxonomy":"category","embeddable":true,"href":"https:\/\/rioonwatch.org.br\/index.php?rest_route=%2Fwp%2Fv2%2Fcategories&post=12274"},{"taxonomy":"post_tag","embeddable":true,"href":"https:\/\/rioonwatch.org.br\/index.php?rest_route=%2Fwp%2Fv2%2Ftags&post=12274"},{"taxonomy":"writer","embeddable":true,"href":"https:\/\/rioonwatch.org.br\/index.php?rest_route=%2Fwp%2Fv2%2Fwriter&post=12274"},{"taxonomy":"translator","embeddable":true,"href":"https:\/\/rioonwatch.org.br\/index.php?rest_route=%2Fwp%2Fv2%2Ftranslator&post=12274"},{"taxonomy":"source","embeddable":true,"href":"https:\/\/rioonwatch.org.br\/index.php?rest_route=%2Fwp%2Fv2%2Fsource&post=12274"},{"taxonomy":"ilustrador","embeddable":true,"href":"https:\/\/rioonwatch.org.br\/index.php?rest_route=%2Fwp%2Fv2%2Filustrador&post=12274"},{"taxonomy":"fotografo","embeddable":true,"href":"https:\/\/rioonwatch.org.br\/index.php?rest_route=%2Fwp%2Fv2%2Ffotografo&post=12274"}],"curies":[{"name":"wp","href":"https:\/\/api.w.org\/{rel}","templated":true}]}}