{"id":12410,"date":"2014-09-25T13:15:27","date_gmt":"2014-09-25T16:15:27","guid":{"rendered":"http:\/\/rioonwatch.org.br\/?p=12410"},"modified":"2024-06-20T16:29:34","modified_gmt":"2024-06-20T19:29:34","slug":"morar-carioca-o-desmantelamento-do-programa-de-urbanizacao-sonhado-para-as-favelas","status":"publish","type":"post","link":"https:\/\/rioonwatch.org.br\/?p=12410","title":{"rendered":"Morar Carioca: O Desmantelamento do Sonhado Programa de Urbaniza\u00e7\u00e3o para as Favelas"},"content":{"rendered":"<p style=\"text-align: right;\"><em><strong><a href=\"http:\/\/bit.ly\/1lVPng8\" target=\"_blank\" rel=\"noopener\">Click Here for English<img decoding=\"async\" width=\"20\" height=\"20\" class=\"alignright wp-image-15790\" src=\"http:\/\/rioonwatch.org.br\/wp-content\/uploads\/2012\/08\/EN-standard-e1439583104716.jpg\" alt=\"\" \/><\/a><\/strong><\/em><\/p>\n<p><em>Este artigo \u00e9 uma vers\u00e3o revisada de um trabalho apresentado na Reuni\u00e3o Anual da Associa\u00e7\u00e3o de Ge\u00f3grafos Americanos (Tampa, FL. Abril 2014)<\/em><\/p>\n<p>Um arquiteto recentemente descreveu o <a href=\"http:\/\/bit.ly\/104CmUd\" target=\"_blank\" rel=\"noopener\">programa Morar Carioca<\/a> como &#8220;a maior\u00a0promessa n\u00e3o cumprida&#8221; do\u00a0Rio de Janeiro. Durante os \u00faltimos anos, vimos um projeto ambicioso e vision\u00e1rio de <a href=\"http:\/\/bit.ly\/1aRkVxr\" target=\"_blank\" rel=\"noopener\">urbaniza\u00e7\u00e3o da favela<\/a> ser incorporado dentro do legado das Olimp\u00edadas, cooptado por interesses pol\u00edticos, e abruptamente desmantelado sem grandes explica\u00e7\u00f5es.<\/p>\n<p>Em 2010, o <a href=\"http:\/\/bit.ly\/1k4eA6c\" target=\"_blank\" rel=\"noopener\">Prefeito Eduardo Paes<\/a> incluiu o programa Morar Carioca como pe\u00e7a-chave no\u00a0legado social dos <a href=\"http:\/\/bit.ly\/PkLXlQ\" target=\"_blank\" rel=\"noopener\">Jogos Ol\u00edmpicos de 2016<\/a>. Formalmente uma extens\u00e3o do programa <a href=\"http:\/\/bit.ly\/1DxjjnW\" target=\"_blank\" rel=\"noopener\">Favela-Bairro<\/a>, o Morar Carioca teria sido o programa mais abrangente\u00a0de urbaniza\u00e7\u00e3o de favelas\u00a0na hist\u00f3ria da cidade, constru\u00eddo em cima de uma gera\u00e7\u00e3o de conhecimentos t\u00e9cnicos e arquitet\u00f4nicos acumulados. Atrav\u00e9s da moderniza\u00e7\u00e3o com participa\u00e7\u00e3o local das favelas e um or\u00e7amento de R$8 bilh\u00f5es, o programa se comprometeu em <a href=\"http:\/\/bit.ly\/1idXO3v\" target=\"_blank\" rel=\"noopener\">integrar todas as favelas \u00e0 cidade formal at\u00e9 o ano 2020.<\/a> As obras de grande escala incluiriam melhorias no <a href=\"http:\/\/bit.ly\/14lMZGK\" target=\"_blank\" rel=\"noopener\">saneamento b\u00e1sico<\/a>, instala\u00e7\u00f5es de esgoto, ilumina\u00e7\u00e3o nas ruas, asfaltamento das ruas e cal\u00e7adas, constru\u00e7\u00e3o de espa\u00e7os p\u00fablicos verdes e \u00e1reas de recrea\u00e7\u00e3o, melhoria na conectividade dos transportes, estabiliza\u00e7\u00e3o de moradias e a constru\u00e7\u00e3o de centros de servi\u00e7os sociais.<\/p>\n<p>&#8220;Morar Carioca, como foi escrito, \u00e9 o sonho de um planejador urbano para as favelas,&#8221; disse Theresa Williamson, planejadora urbana e diretora da ONG <a href=\"http:\/\/bit.ly\/mZZc2V\" target=\"_blank\" rel=\"noopener\">Comunidades Catalisadoras<\/a>. O plano inclui um admir\u00e1vel modelo de participa\u00e7\u00e3o, a\u00a0urbaniza\u00e7\u00e3o\u00a0local que reconhece as prioridades dos moradores, foco na sustentabilidade, e um par\u00e2metro de zoneamento especial de &#8220;interesses sociais&#8221; visando manter as \u00e1reas como moradia acess\u00edvel. &#8220;Isso teria sido um <a href=\"http:\/\/bit.ly\/1ps41Xf\" target=\"_blank\" rel=\"noopener\">legado<\/a> de verdade, n\u00e3o somente para o Rio, mas tamb\u00e9m um modelo para cidades do mundo inteiro&#8221;, concluiu.<\/p>\n<p>A antropologista Mariana Cavalcanti descreveu o lan\u00e7amento do programa em 2010 como &#8220;uma \u00e9poca muito esperan\u00e7osa e otimista&#8221;, na qual uma s\u00e9rie de pol\u00edticas de\u00a0infraestrutura, moradia, e temas sociais estavam emergindo para transformar radicalmente o Rio de Janeiro. Durante uma visita de campo em 2012, arquitetos e urbanistas\u00a0expressaram um senso de urg\u00eancia e excita\u00e7\u00e3o. Eles visionaram que o programa Morar Carioca iria reparar as disparidades na infraestrutura urbana e presta\u00e7\u00e3o de servi\u00e7os, imaginando meios em que o desenho urbano poderia alterar padr\u00f5es espaciais de segrega\u00e7\u00e3o e exclus\u00e3o social na &#8220;cidade partida&#8221;.<\/p>\n<p><a href=\"http:\/\/rioonwatch.org.br\/wp-content\/uploads\/2014\/09\/iBase-620x264.jpg\"><img fetchpriority=\"high\" decoding=\"async\" class=\"aligncenter wp-image-12415 size-full\" src=\"http:\/\/rioonwatch.org.br\/wp-content\/uploads\/2014\/09\/iBase-620x264.jpg\" alt=\"iBase-620x264\" width=\"620\" height=\"264\" \/><\/a><\/p>\n<p>Em dezembro de 2010, os resultados do concurso organizado pelo\u00a0<a href=\"http:\/\/bit.ly\/RQHQkV\" target=\"_blank\" rel=\"noopener\">Instituto de Arquitetos do Brasil\u00a0(IAB)<\/a>\u00a0sa\u00edram, com 40 escrit\u00f3rios de arquitetura selecionados para intervir em conjuntos\u00a0de favelas designados. <a href=\"http:\/\/bit.ly\/15beq1z\" target=\"_blank\" rel=\"noopener\">O primeiro grupo de onze empresas\u00a0foi contratado em junho de 2012<\/a>\u00a0e come\u00e7ou a realizar\u00a0diagn\u00f3sticos qualitativos em parceria com a iBase, ONG contratada\u00a0pela <a href=\"http:\/\/bit.ly\/O1FJbG\" target=\"_blank\" rel=\"noopener\">Secretaria Municipal de Habita\u00e7\u00e3o (SMH)<\/a> para organizar encontros participativos para coletar demandas dos moradores. Por\u00e9m, repentinamente e sem nenhum aviso pr\u00e9vio, a Prefeitura\u00a0rompeu\u00a0o contrato com a <a href=\"http:\/\/bit.ly\/X5SlgW\" target=\"_blank\" rel=\"noopener\">iBase<\/a> em janeiro de 2013, financeiramente <a href=\"http:\/\/bit.ly\/15beq1z\" target=\"_blank\" rel=\"noopener\">desmantelando os projetos<\/a> e deixando a SMH sem uma metodologia efetiva para se comunicar com as comunidades.<\/p>\n<p>Dentre de poucos anos do lan\u00e7amento do programa, &#8220;todo o esquema foi desfeito&#8221;, lembra Cavalcanti, conforme o Morar Carioca foi desmantelado e <a href=\"http:\/\/bit.ly\/104CmUd\" target=\"_blank\" rel=\"noopener\">seu nome reapropriado para servir outros fins<\/a> pol\u00edticos.<\/p>\n<h3>Um\u00a0sonho perdido<\/h3>\n<p>Dois anos atr\u00e1s, o Prefeito anunciou que a urbaniza\u00e7\u00e3o de todas as favelas do Rio de Janeiro seria feita at\u00e9 2020 como um aspecto central do legado das Olimp\u00edadas. Ele promoveu essa mensagem para uma audi\u00eancia internacional durante <a href=\"http:\/\/bit.ly\/1vXkSt7\" target=\"_blank\" rel=\"noopener\">um TED talk em abril de 2012<\/a>, no qual ele proclamou que &#8221; a cidade do futuro tem que ser socialmente integrada&#8221; e explicou que &#8220;as favelas as vezes fazem parte da solu\u00e7\u00e3o&#8221;.<\/p>\n<p>&#8220;Agora ele n\u00e3o est\u00e1 mais dizendo isso&#8221;, disse Pedro da Luz Moreira, antigo coordenador do programa e atual presidente do IAB do Rio de Janeiro. Houve um &#8220;esvaziamento do programa e um enfraquecimento de sua capacidade&#8221;.<\/p>\n<p>Em janeiro e fevereiro de 2014, eu conduzi uma s\u00e9rie de entrevistas de acompanhamento para descobrir a &#8220;resposta oficial&#8221; da pergunta: o que aconteceu com o Morar Carioca? Apesar de vers\u00f5es fragmentadas do projeto ainda estarem em andamento&#8211;incluindo a <a href=\"http:\/\/bit.ly\/TNLBI7\" target=\"_blank\" rel=\"noopener\">reapropria\u00e7\u00e3o do nome do programa<\/a> em uma s\u00e9rie de interven\u00e7\u00f5es que n\u00e3o condizem\u00a0com a metodologia de participa\u00e7\u00e3o&#8211;a vis\u00e3o original de integrar as favelas da cidade como uma parte do legado das Olimp\u00edadas parece\u00a0ter falhado, dado que as estruturas de financiamento e participa\u00e7\u00e3o estavam orientados para respeitar o prazo de 2016.<\/p>\n<p><a href=\"http:\/\/rioonwatch.org.br\/wp-content\/uploads\/2014\/09\/Eduardo-Paes-TED-talk-620x264.jpg\"><img decoding=\"async\" class=\"aligncenter wp-image-12416 size-full\" src=\"http:\/\/rioonwatch.org.br\/wp-content\/uploads\/2014\/09\/Eduardo-Paes-TED-talk-620x264.jpg\" alt=\"Eduardo-Paes-TED-talk-620x264\" width=\"620\" height=\"264\" \/><\/a><\/p>\n<p>Quando questionado sobre o Morar Carioca <a href=\"http:\/\/bit.ly\/1sYfe3X\" target=\"_blank\" rel=\"noopener\">em um evento em 2013<\/a>, o Prefeito Eduardo Paes citou a falta de recursos financeiros. Por\u00e9m, entrevistas de acompanhamento com os arquitetos e urbanistas ofereceram explica\u00e7\u00f5es mais c\u00ednicas, muitas vezes codificadas na linguagem de mudan\u00e7a de agendas pol\u00edticas, equilibrando as prioridades e interesses conflitantes.<\/p>\n<p>Pedro da Luz Moreira afirmou que o Morar Carioca &#8220;saiu da agenda pol\u00edtica&#8221;, descrevendo um prefeito que abandona um projeto baseado em suas\u00a0vontades pol\u00edticas. Os entrevistados descreveram uma s\u00e9rie de &#8220;engarrafamentos&#8221; que impediam o programa, que culminou em &#8220;uma revis\u00e3o do Morar Carioca e seus objetivos&#8221;, como explicou um entrevistado com muito tato.<\/p>\n<p>Ant\u00f4nio Augusto Ver\u00edssimo, ex-Coordenador de Planejamento e Projetos da\u00a0SMH, explicou, &#8220;N\u00f3s (SMH) n\u00e3o tomamos a decis\u00e3o&#8230; todas as ordens para suspender [os contratos] vieram de cima para baixo. Foi uma ordem direta do prefeito&#8221;. Quando perguntado sobre as empresas de arquitetura restantes, acrescentou cuidadosamente: &#8220;N\u00f3s n\u00e3o tivemos\u00a0um sinal verde do prefeito para contratar o resto das equipes&#8221;, descrevendo uma &#8220;desacelera\u00e7\u00e3o&#8221;do programa e como o dinheiro foi desviado para outras agendas.<\/p>\n<p>V\u00e1rios cr\u00edticos sugeriram uma liga\u00e7\u00e3o entre os meses mais ativos do programa Morar Carioca e a campanha \u00e0 reelei\u00e7\u00e3o do prefeito no final de 2012, durante o qual ele frequentemente promoveu o programa Morar Carioca. A antrop\u00f3loga Mariana Cavalcanti imaginava que o prefeito de repente acordou depois de sua reelei\u00e7\u00e3o e sentiu a press\u00e3o do prazo de 2016, levando-o a reajustar suas prioridades. Mas ela acrescentou que o prefeito tem instintos de direita e que &#8220;Morar Carioca est\u00e1 longe de estar no topo de suas prioridades&#8221;.<\/p>\n<p>Mesmo agora, as explica\u00e7\u00f5es para o desmantelamento do programa permanecem obscuras para aqueles que buscam informa\u00e7\u00f5es compreensivas\u00a0sobre o programa, inclusive no <a href=\"http:\/\/bit.ly\/1idXO3v\" target=\"_blank\" rel=\"noopener\">site da Cidade Ol\u00edmpica<\/a>, que chama o programa Morar Carioca &#8220;uma verdadeira revolu\u00e7\u00e3o em termos de integra\u00e7\u00e3o social&#8221;, e ainda identifica o programa como um dos legados ol\u00edmpicos mais importantes da cidade. O que resta aparente \u00e9 que um programa ambicioso que se gabava da <a href=\"http:\/\/bit.ly\/14P8gmB\" target=\"_blank\" rel=\"noopener\">participa\u00e7\u00e3o comunit\u00e1ria<\/a> e integra\u00e7\u00e3o de toda a cidade foi desmantelada na aus\u00eancia de di\u00e1logo e transpar\u00eancia.<\/p>\n<p>Enquanto isso, apesar da implementa\u00e7\u00e3o m\u00ednima, o <a href=\"http:\/\/bit.ly\/1diCIxU\" target=\"_blank\" rel=\"noopener\">Morar Carioca ganhou o Pr\u00eamio Siemens Comunidade Sustent\u00e1vel<\/a>, e o <a href=\"http:\/\/bit.ly\/1tKz5sB\" target=\"_blank\" rel=\"noopener\">pr\u00f3prio prefeito<\/a> est\u00e1 sendo bendito internacionalmente, evidenciando as campanhas de marketing\u00a0de sucesso que t\u00eam obscurecido a triste realidade do desmantelamento do programa.<\/p>\n<h3>A falta de &#8220;vontade pol\u00edtica&#8221;<\/h3>\n<p>V\u00e1rios entrevistados compreenderam o <a href=\"http:\/\/bit.ly\/1iwvwwj\" target=\"_blank\" rel=\"noopener\">arquivamento do programa<\/a> como a dura realidade da pol\u00edtica local: o prefeito est\u00e1 empenhado em uma s\u00e9rie de interesses, enquanto administra\u00a0as necessidades temporais, financeiras e espaciais de uma quantidade enorme de obras p\u00fablicas no \u00e2mbito da prepara\u00e7\u00e3o para o pr\u00f3ximo evento esportivo internacional. Mas essas justificativas s\u00e3o insuficientes para as comunidades <a href=\"http:\/\/bit.ly\/15beq1z\" target=\"_blank\" rel=\"noopener\">que receberam a fase participativa<\/a> do Morar Carioca e agora est\u00e3o sendo marcadas para remo\u00e7\u00e3o.<\/p>\n<p><a href=\"http:\/\/bit.ly\/SVTLcD\" target=\"_blank\" rel=\"noopener\">Vila Uni\u00e3o de Curicica<\/a> \u00e9 uma dessas comunidades que passou, em apenas dois anos, <a href=\"http:\/\/bit.ly\/RE8xT9\" target=\"_blank\" rel=\"noopener\">de esperan\u00e7a de\u00a0urbaniza\u00e7\u00e3o<\/a> pelo Morar Carioca para a amea\u00e7a de remo\u00e7\u00e3o completa para o sistema\u00a0<a href=\"http:\/\/bit.ly\/1twPNag\" target=\"_blank\" rel=\"noopener\">Bus Rapid Transit<\/a> (BRT). Mariana Cavalcanti foi a antrop\u00f3loga contratada pela empresa para intervir no grupo de oito favelas localizadas em Jacarepagu\u00e1, Zona Oeste. Ela sugere que o contrato da empresa foi abruptamente cancelado porque a Prefeitura\u00a0percebeu seu erro de c\u00e1lculo pol\u00edtico em decidir melhorar essas favelas perto da futura sede ol\u00edmpica. Seria mais f\u00e1cil romper o contrato e retirar essas comunidades invis\u00edveis &#8220;silenciosamente e sem conex\u00e3o&#8221;, como alternativa de faz\u00ea-lo com os holofotes do Morar Carioca e diretrizes rigorosas de reassentamento do programa.<\/p>\n<p>Cavalcanti afirma que o Morar Carioca n\u00e3o foi&#8211;como v\u00e1rios cr\u00edticos sugeriram&#8211;um pretexto para <a href=\"http:\/\/bit.ly\/p242P0\" target=\"_blank\" rel=\"noopener\">legitimar os despejos<\/a>. Em vez disso, ela argumenta que as remo\u00e7\u00f5es habitacionais acabaram sendo mais urgentes para o projeto ol\u00edmpico do que melhorias participativas.<\/p>\n<p>&#8220;N\u00e3o h\u00e1 tempo de sobra para diagn\u00f3stico social. Agora [em 2014] eles s\u00f3 tem que tirar essas pessoas de l\u00e1 o mais r\u00e1pido poss\u00edvel e o Morar Carioca fica no caminho de suas necessidades, pois foi t\u00e3o bem desenhado&#8221;.<\/p>\n<p>Arquitetos e urbanistas mant\u00eam sua vis\u00e3o inspiradora para o Morar Carioca: um programa que expande o Favela-Bairro, enfatizando uma metodologia participativa, presta\u00e7\u00e3o de servi\u00e7os consistentes e equitativos e manuten\u00e7\u00e3o a longo prazo dos projetos. Ver\u00edssimo descreveu o programa Morar Carioca original como um modelo &#8220;revolucion\u00e1rio&#8221; que teria transformado a cidade.<\/p>\n<p>&#8220;Esta \u00e9 uma vis\u00e3o que cultivou durante algum tempo, mas a realidade mostra que n\u00e3o foi poss\u00edvel&#8221;, disse ele.<\/p>\n<p>Sr. da Luz Moreira afirmou que a ideia por tr\u00e1s do Morar Carioca continua, mesmo que o programa em si tenha sido &#8220;esvaziado&#8221;, concluindo: &#8220;N\u00f3s n\u00e3o estamos encontrando a vontade pol\u00edtica eficaz de implementar [esses projetos]&#8221;.<\/p>\n<h3>Exigindo habita\u00e7\u00e3o &#8220;padr\u00e3o\u00a0FIFA&#8221;<\/h3>\n<p>O desmantelamento do programa Morar Carioca nos proporciona uma reflex\u00e3o cr\u00edtica sobre o\u00a0<a href=\"http:\/\/bit.ly\/1ohImlp\" target=\"_blank\" rel=\"noopener\">quadro do &#8220;legado&#8221;<\/a> frequentemente utilizado para legitimar o recebimento de megaeventos. A justaposi\u00e7\u00e3o entre o modelo vision\u00e1rio do Morar Carioca e sua n\u00e3o implementa\u00e7\u00e3o fornece um exemplo importante para os l\u00edderes urbanos considerando os Jogos Ol\u00edmpicos como um catalisador para iniciativas de desenvolvimento. Ele fornece um exemplo claro do que <a href=\"http:\/\/bit.ly\/1rWneb6\" target=\"_blank\" rel=\"noopener\">Hayes e Karamichas<\/a> t\u00eam descrito como &#8220;a aparentemente crescente desconex\u00e3o entre <a href=\"http:\/\/bit.ly\/1uZ9w6o\" target=\"_blank\" rel=\"noopener\">o prazo de 2016<\/a> e os requisitos est\u00e9ticos do projeto ol\u00edmpico que estariam com certeza substituindo o ritmo lento da participa\u00e7\u00e3o da comunidade e exig\u00eancias prosaicas, como sistemas de esgoto\u201d. Al\u00e9m disso, sobre a vis\u00e3o de\u00a0holofotes internacionais, as estrat\u00e9gias empresariais seguidas pelos l\u00edderes para tornarem suas cidades em &#8220;<a href=\"http:\/\/bit.ly\/OWH6bH\" target=\"_blank\" rel=\"noopener\">cidades globais<\/a>&#8221; n\u00e3o s\u00e3o percebidas como\u00a0coerentes\u00a0com a urbaniza\u00e7\u00e3o de favelas. Al\u00e9m disso, os objetivos das elites pol\u00edticas est\u00e3o amarrados com os interesses privados que s\u00e3o incompat\u00edveis com projetos e princ\u00edpios de redistribui\u00e7\u00e3o.<\/p>\n<p><img loading=\"lazy\" decoding=\"async\" class=\"aligncenter wp-image-12434\" title=\"Foto por Fernando Fraz\u00e3o\/ Ag\u00eancia Brasil\" src=\"http:\/\/rioonwatch.org.br\/wp-content\/uploads\/2014\/09\/padraofifa.jpg\" alt=\"Foto por Fernando Fraz\u00e3o\/ Ag\u00eancia Brasil\" width=\"619\" height=\"409\" srcset=\"https:\/\/rioonwatch.org.br\/wp-content\/uploads\/2014\/09\/padraofifa.jpg 842w, https:\/\/rioonwatch.org.br\/wp-content\/uploads\/2014\/09\/padraofifa-400x264.jpg 400w, https:\/\/rioonwatch.org.br\/wp-content\/uploads\/2014\/09\/padraofifa-620x409.jpg 620w\" sizes=\"(max-width: 619px) 100vw, 619px\" \/><\/p>\n<p>Em junho de 2013,\u00a0<a href=\"http:\/\/bit.ly\/1lCoXJS\" target=\"_blank\" rel=\"noopener\">manifestantes tomaram as ruas para exigir o direito \u00e0 cidade<\/a>. Clamavam por processos participativos e\u00a0gest\u00e3o democr\u00e1tica em uma cidade que est\u00e1 cada vez mais sendo vendida a interesses imobili\u00e1rios por tr\u00e1s de portas fechadas. Eles expressaram raiva contra a &#8220;sociedade do espet\u00e1culo&#8221; ao exigir servi\u00e7os p\u00fablicos como sa\u00fade, educa\u00e7\u00e3o e transporte no &#8220;padr\u00e3o FIFA&#8221;. Finalmente, muitos manifestantes pediram o direito \u00e0 moradia digna e o fim da pr\u00e1tica de remo\u00e7\u00f5es for\u00e7adas em nome de eventos esportivos.<\/p>\n<p>As tens\u00f5es inerentes ao programa Morar Carioca&#8211;juntamente com a realidade de sua n\u00e3o implementa\u00e7\u00e3o&#8211;dialogam com muitos destes temas. Neste momento de transforma\u00e7\u00e3o urbana acelerada no Rio de Janeiro em que a ret\u00f3rica da &#8220;heran\u00e7a&#8221; ser\u00e1 exercida para justificar uma s\u00e9rie de projetos de exclus\u00e3o \u00e9 hora de exigir que o Morar Carioca retorne \u00e0 mesa de negocia\u00e7\u00f5es.<\/p>\n<p><em>Kate Steiker-Ginzberg come\u00e7ou a pesquisar o programa Morar Carioca para a sua tese de gradua\u00e7\u00e3o em 2012 pela\u00a0Universidade de Columbia. Desde ent\u00e3o, ela viveu v\u00e1rios per\u00edodos\u00a0<\/em><em>no Rio de Janeiro e continuou a pesquisar e escrever sobre o impacto de megaeventos na cidade.<\/em><\/p>\n<!-- AddThis Advanced Settings generic via filter on the_content --><!-- AddThis Share Buttons generic via filter on the_content -->","protected":false},"excerpt":{"rendered":"<div class=\"mh-excerpt\"><p>Click Here for English Este artigo \u00e9 uma vers\u00e3o revisada de um trabalho apresentado na Reuni\u00e3o Anual da Associa\u00e7\u00e3o de Ge\u00f3grafos Americanos (Tampa, FL. Abril 2014) Um arquiteto recentemente descreveu o programa Morar Carioca como <a class=\"mh-excerpt-more\" href=\"https:\/\/rioonwatch.org.br\/?p=12410\" title=\"Morar Carioca: O Desmantelamento do Sonhado Programa de Urbaniza\u00e7\u00e3o para as Favelas\">[&#8230;]<\/a><!-- AddThis Advanced Settings generic via filter on get_the_excerpt --><!-- AddThis Share Buttons generic via filter on get_the_excerpt --><\/p>\n<\/div>","protected":false},"author":137,"featured_media":12413,"comment_status":"closed","ping_status":"closed","sticky":false,"template":"","format":"standard","meta":{"_acf_changed":false,"_monsterinsights_skip_tracking":false,"_monsterinsights_sitenote_active":false,"_monsterinsights_sitenote_note":"","_monsterinsights_sitenote_category":0,"footnotes":""},"categories":[1618,1635,1632,346,344],"tags":[497,446,484,271,1240,270,78,304,588,454,493,456,184],"writer":[653],"translator":[1175,1161],"source":[],"ilustrador":[],"fotografo":[],"class_list":{"0":"post-12410","1":"post","2":"type-post","3":"status-publish","4":"format-standard","5":"has-post-thumbnail","7":"category-olhonaparticipacao","8":"category-1635","9":"category-pesquisa-e-analise","10":"category-denuncias","11":"category-politicas","12":"tag-brt","13":"tag-curicica","14":"tag-prefeito-eduardo-paes","15":"tag-favela-bairro","16":"tag-megaeventos","17":"tag-morar-carioca","18":"tag-olimpiadas","19":"tag-participacao","20":"tag-pesquisa","21":"tag-transolimpica","22":"tag-urbanizacao","23":"tag-vila-uniao-de-curicica","24":"tag-zona-oeste","25":"writer-kate-steiker-ginzberg","26":"translator-brianna-bussinger","27":"translator-pedro-miranda"},"acf":[],"yoast_head":"<!-- This site is optimized with the Yoast SEO plugin v25.6 - https:\/\/yoast.com\/wordpress\/plugins\/seo\/ -->\n<title>Morar Carioca: O Desmantelamento do Sonhado Programa de Urbaniza\u00e7\u00e3o para as Favelas - RioOnWatch<\/title>\n<meta name=\"robots\" content=\"index, follow, max-snippet:-1, max-image-preview:large, max-video-preview:-1\" \/>\n<link rel=\"canonical\" href=\"https:\/\/rioonwatch.org.br\/?p=12410\" \/>\n<meta property=\"og:locale\" content=\"pt_BR\" \/>\n<meta property=\"og:type\" content=\"article\" \/>\n<meta property=\"og:title\" content=\"Morar Carioca: O Desmantelamento do Sonhado Programa de Urbaniza\u00e7\u00e3o para as Favelas - RioOnWatch\" \/>\n<meta property=\"og:description\" content=\"Click Here for English Este artigo \u00e9 uma vers\u00e3o revisada de um trabalho apresentado na Reuni\u00e3o Anual da Associa\u00e7\u00e3o de Ge\u00f3grafos Americanos (Tampa, FL. Abril 2014) Um arquiteto recentemente descreveu o programa Morar Carioca como [...]\" \/>\n<meta property=\"og:url\" content=\"https:\/\/rioonwatch.org.br\/?p=12410\" \/>\n<meta property=\"og:site_name\" content=\"RioOnWatch\" \/>\n<meta property=\"article:published_time\" content=\"2014-09-25T16:15:27+00:00\" \/>\n<meta property=\"article:modified_time\" content=\"2024-06-20T19:29:34+00:00\" \/>\n<meta property=\"og:image\" content=\"https:\/\/rioonwatch.org.br\/wp-content\/uploads\/2014\/09\/Figura-05.-CONCURSO-MORAR-CARIOCA.jpg\" \/>\n\t<meta property=\"og:image:width\" content=\"800\" \/>\n\t<meta property=\"og:image:height\" content=\"547\" \/>\n\t<meta property=\"og:image:type\" content=\"image\/jpeg\" \/>\n<meta name=\"author\" content=\"Nicole Froio\" \/>\n<meta name=\"twitter:card\" content=\"summary_large_image\" \/>\n<meta name=\"twitter:label1\" content=\"Escrito por\" \/>\n\t<meta name=\"twitter:data1\" content=\"Nicole Froio\" \/>\n\t<meta name=\"twitter:label2\" content=\"Est. tempo de leitura\" \/>\n\t<meta name=\"twitter:data2\" content=\"10 minutos\" \/>\n<script type=\"application\/ld+json\" class=\"yoast-schema-graph\">{\"@context\":\"https:\/\/schema.org\",\"@graph\":[{\"@type\":\"Article\",\"@id\":\"https:\/\/rioonwatch.org.br\/?p=12410#article\",\"isPartOf\":{\"@id\":\"https:\/\/rioonwatch.org.br\/?p=12410\"},\"author\":{\"name\":\"Nicole Froio\",\"@id\":\"https:\/\/rioonwatch.org.br\/#\/schema\/person\/e07d559fe2154d11fd3ec515e35695ee\"},\"headline\":\"Morar Carioca: O Desmantelamento do Sonhado Programa de Urbaniza\u00e7\u00e3o para as Favelas\",\"datePublished\":\"2014-09-25T16:15:27+00:00\",\"dateModified\":\"2024-06-20T19:29:34+00:00\",\"mainEntityOfPage\":{\"@id\":\"https:\/\/rioonwatch.org.br\/?p=12410\"},\"wordCount\":2027,\"publisher\":{\"@id\":\"https:\/\/rioonwatch.org.br\/#organization\"},\"image\":{\"@id\":\"https:\/\/rioonwatch.org.br\/?p=12410#primaryimage\"},\"thumbnailUrl\":\"https:\/\/rioonwatch.org.br\/wp-content\/uploads\/2014\/09\/Figura-05.-CONCURSO-MORAR-CARIOCA.jpg\",\"keywords\":[\"BRT\",\"Curicica\",\"Eduardo Paes\",\"Favela-Bairro\",\"Megaeventos\",\"Morar Carioca\",\"Olimp\u00edadas\",\"participa\u00e7\u00e3o\",\"pesquisa\",\"TransOl\u00edmpica\",\"urbaniza\u00e7\u00e3o\",\"Vila Uni\u00e3o de Curicica\",\"Zona Oeste\"],\"articleSection\":[\"#OlhoNaParticipa\u00e7\u00e3o\",\"#Rio2016\",\"Dados e Pesquisa\",\"Den\u00fancias\",\"Pol\u00edticas\"],\"inLanguage\":\"pt-BR\"},{\"@type\":\"WebPage\",\"@id\":\"https:\/\/rioonwatch.org.br\/?p=12410\",\"url\":\"https:\/\/rioonwatch.org.br\/?p=12410\",\"name\":\"Morar Carioca: O Desmantelamento do Sonhado Programa de Urbaniza\u00e7\u00e3o para as Favelas - RioOnWatch\",\"isPartOf\":{\"@id\":\"https:\/\/rioonwatch.org.br\/#website\"},\"primaryImageOfPage\":{\"@id\":\"https:\/\/rioonwatch.org.br\/?p=12410#primaryimage\"},\"image\":{\"@id\":\"https:\/\/rioonwatch.org.br\/?p=12410#primaryimage\"},\"thumbnailUrl\":\"https:\/\/rioonwatch.org.br\/wp-content\/uploads\/2014\/09\/Figura-05.-CONCURSO-MORAR-CARIOCA.jpg\",\"datePublished\":\"2014-09-25T16:15:27+00:00\",\"dateModified\":\"2024-06-20T19:29:34+00:00\",\"breadcrumb\":{\"@id\":\"https:\/\/rioonwatch.org.br\/?p=12410#breadcrumb\"},\"inLanguage\":\"pt-BR\",\"potentialAction\":[{\"@type\":\"ReadAction\",\"target\":[\"https:\/\/rioonwatch.org.br\/?p=12410\"]}]},{\"@type\":\"ImageObject\",\"inLanguage\":\"pt-BR\",\"@id\":\"https:\/\/rioonwatch.org.br\/?p=12410#primaryimage\",\"url\":\"https:\/\/rioonwatch.org.br\/wp-content\/uploads\/2014\/09\/Figura-05.-CONCURSO-MORAR-CARIOCA.jpg\",\"contentUrl\":\"https:\/\/rioonwatch.org.br\/wp-content\/uploads\/2014\/09\/Figura-05.-CONCURSO-MORAR-CARIOCA.jpg\",\"width\":800,\"height\":547},{\"@type\":\"BreadcrumbList\",\"@id\":\"https:\/\/rioonwatch.org.br\/?p=12410#breadcrumb\",\"itemListElement\":[{\"@type\":\"ListItem\",\"position\":1,\"name\":\"In\u00edcio\",\"item\":\"https:\/\/rioonwatch.org.br\/\"},{\"@type\":\"ListItem\",\"position\":2,\"name\":\"Morar Carioca: O Desmantelamento do Sonhado Programa de Urbaniza\u00e7\u00e3o para as Favelas\"}]},{\"@type\":\"WebSite\",\"@id\":\"https:\/\/rioonwatch.org.br\/#website\",\"url\":\"https:\/\/rioonwatch.org.br\/\",\"name\":\"RioOnWatch\",\"description\":\"relatos das favelas cariocas\",\"publisher\":{\"@id\":\"https:\/\/rioonwatch.org.br\/#organization\"},\"potentialAction\":[{\"@type\":\"SearchAction\",\"target\":{\"@type\":\"EntryPoint\",\"urlTemplate\":\"https:\/\/rioonwatch.org.br\/?s={search_term_string}\"},\"query-input\":{\"@type\":\"PropertyValueSpecification\",\"valueRequired\":true,\"valueName\":\"search_term_string\"}}],\"inLanguage\":\"pt-BR\"},{\"@type\":\"Organization\",\"@id\":\"https:\/\/rioonwatch.org.br\/#organization\",\"name\":\"RioOnWatch\",\"url\":\"https:\/\/rioonwatch.org.br\/\",\"logo\":{\"@type\":\"ImageObject\",\"inLanguage\":\"pt-BR\",\"@id\":\"https:\/\/rioonwatch.org.br\/#\/schema\/logo\/image\/\",\"url\":\"https:\/\/rioonwatch.org.br\/wp-content\/uploads\/2021\/06\/RioOnWatchcabecalhoPT11anos-2.png\",\"contentUrl\":\"https:\/\/rioonwatch.org.br\/wp-content\/uploads\/2021\/06\/RioOnWatchcabecalhoPT11anos-2.png\",\"width\":779,\"height\":277,\"caption\":\"RioOnWatch\"},\"image\":{\"@id\":\"https:\/\/rioonwatch.org.br\/#\/schema\/logo\/image\/\"}},{\"@type\":\"Person\",\"@id\":\"https:\/\/rioonwatch.org.br\/#\/schema\/person\/e07d559fe2154d11fd3ec515e35695ee\",\"name\":\"Nicole Froio\",\"image\":{\"@type\":\"ImageObject\",\"inLanguage\":\"pt-BR\",\"@id\":\"https:\/\/rioonwatch.org.br\/#\/schema\/person\/image\/\",\"url\":\"https:\/\/secure.gravatar.com\/avatar\/0acdbd6878ca0ac29aa5ce6c6119d636?s=96&d=blank&r=g\",\"contentUrl\":\"https:\/\/secure.gravatar.com\/avatar\/0acdbd6878ca0ac29aa5ce6c6119d636?s=96&d=blank&r=g\",\"caption\":\"Nicole Froio\"},\"url\":\"https:\/\/rioonwatch.org.br\/?author=137\"}]}<\/script>\n<!-- \/ Yoast SEO plugin. -->","yoast_head_json":{"title":"Morar Carioca: O Desmantelamento do Sonhado Programa de Urbaniza\u00e7\u00e3o para as Favelas - RioOnWatch","robots":{"index":"index","follow":"follow","max-snippet":"max-snippet:-1","max-image-preview":"max-image-preview:large","max-video-preview":"max-video-preview:-1"},"canonical":"https:\/\/rioonwatch.org.br\/?p=12410","og_locale":"pt_BR","og_type":"article","og_title":"Morar Carioca: O Desmantelamento do Sonhado Programa de Urbaniza\u00e7\u00e3o para as Favelas - RioOnWatch","og_description":"Click Here for English Este artigo \u00e9 uma vers\u00e3o revisada de um trabalho apresentado na Reuni\u00e3o Anual da Associa\u00e7\u00e3o de Ge\u00f3grafos Americanos (Tampa, FL. Abril 2014) Um arquiteto recentemente descreveu o programa Morar Carioca como [...]","og_url":"https:\/\/rioonwatch.org.br\/?p=12410","og_site_name":"RioOnWatch","article_published_time":"2014-09-25T16:15:27+00:00","article_modified_time":"2024-06-20T19:29:34+00:00","og_image":[{"width":800,"height":547,"url":"https:\/\/rioonwatch.org.br\/wp-content\/uploads\/2014\/09\/Figura-05.-CONCURSO-MORAR-CARIOCA.jpg","type":"image\/jpeg"}],"author":"Nicole Froio","twitter_card":"summary_large_image","twitter_misc":{"Escrito por":"Nicole Froio","Est. tempo de leitura":"10 minutos"},"schema":{"@context":"https:\/\/schema.org","@graph":[{"@type":"Article","@id":"https:\/\/rioonwatch.org.br\/?p=12410#article","isPartOf":{"@id":"https:\/\/rioonwatch.org.br\/?p=12410"},"author":{"name":"Nicole Froio","@id":"https:\/\/rioonwatch.org.br\/#\/schema\/person\/e07d559fe2154d11fd3ec515e35695ee"},"headline":"Morar Carioca: O Desmantelamento do Sonhado Programa de Urbaniza\u00e7\u00e3o para as Favelas","datePublished":"2014-09-25T16:15:27+00:00","dateModified":"2024-06-20T19:29:34+00:00","mainEntityOfPage":{"@id":"https:\/\/rioonwatch.org.br\/?p=12410"},"wordCount":2027,"publisher":{"@id":"https:\/\/rioonwatch.org.br\/#organization"},"image":{"@id":"https:\/\/rioonwatch.org.br\/?p=12410#primaryimage"},"thumbnailUrl":"https:\/\/rioonwatch.org.br\/wp-content\/uploads\/2014\/09\/Figura-05.-CONCURSO-MORAR-CARIOCA.jpg","keywords":["BRT","Curicica","Eduardo Paes","Favela-Bairro","Megaeventos","Morar Carioca","Olimp\u00edadas","participa\u00e7\u00e3o","pesquisa","TransOl\u00edmpica","urbaniza\u00e7\u00e3o","Vila Uni\u00e3o de Curicica","Zona Oeste"],"articleSection":["#OlhoNaParticipa\u00e7\u00e3o","#Rio2016","Dados e Pesquisa","Den\u00fancias","Pol\u00edticas"],"inLanguage":"pt-BR"},{"@type":"WebPage","@id":"https:\/\/rioonwatch.org.br\/?p=12410","url":"https:\/\/rioonwatch.org.br\/?p=12410","name":"Morar Carioca: O Desmantelamento do Sonhado Programa de Urbaniza\u00e7\u00e3o para as Favelas - RioOnWatch","isPartOf":{"@id":"https:\/\/rioonwatch.org.br\/#website"},"primaryImageOfPage":{"@id":"https:\/\/rioonwatch.org.br\/?p=12410#primaryimage"},"image":{"@id":"https:\/\/rioonwatch.org.br\/?p=12410#primaryimage"},"thumbnailUrl":"https:\/\/rioonwatch.org.br\/wp-content\/uploads\/2014\/09\/Figura-05.-CONCURSO-MORAR-CARIOCA.jpg","datePublished":"2014-09-25T16:15:27+00:00","dateModified":"2024-06-20T19:29:34+00:00","breadcrumb":{"@id":"https:\/\/rioonwatch.org.br\/?p=12410#breadcrumb"},"inLanguage":"pt-BR","potentialAction":[{"@type":"ReadAction","target":["https:\/\/rioonwatch.org.br\/?p=12410"]}]},{"@type":"ImageObject","inLanguage":"pt-BR","@id":"https:\/\/rioonwatch.org.br\/?p=12410#primaryimage","url":"https:\/\/rioonwatch.org.br\/wp-content\/uploads\/2014\/09\/Figura-05.-CONCURSO-MORAR-CARIOCA.jpg","contentUrl":"https:\/\/rioonwatch.org.br\/wp-content\/uploads\/2014\/09\/Figura-05.-CONCURSO-MORAR-CARIOCA.jpg","width":800,"height":547},{"@type":"BreadcrumbList","@id":"https:\/\/rioonwatch.org.br\/?p=12410#breadcrumb","itemListElement":[{"@type":"ListItem","position":1,"name":"In\u00edcio","item":"https:\/\/rioonwatch.org.br\/"},{"@type":"ListItem","position":2,"name":"Morar Carioca: O Desmantelamento do Sonhado Programa de Urbaniza\u00e7\u00e3o para as Favelas"}]},{"@type":"WebSite","@id":"https:\/\/rioonwatch.org.br\/#website","url":"https:\/\/rioonwatch.org.br\/","name":"RioOnWatch","description":"relatos das favelas cariocas","publisher":{"@id":"https:\/\/rioonwatch.org.br\/#organization"},"potentialAction":[{"@type":"SearchAction","target":{"@type":"EntryPoint","urlTemplate":"https:\/\/rioonwatch.org.br\/?s={search_term_string}"},"query-input":{"@type":"PropertyValueSpecification","valueRequired":true,"valueName":"search_term_string"}}],"inLanguage":"pt-BR"},{"@type":"Organization","@id":"https:\/\/rioonwatch.org.br\/#organization","name":"RioOnWatch","url":"https:\/\/rioonwatch.org.br\/","logo":{"@type":"ImageObject","inLanguage":"pt-BR","@id":"https:\/\/rioonwatch.org.br\/#\/schema\/logo\/image\/","url":"https:\/\/rioonwatch.org.br\/wp-content\/uploads\/2021\/06\/RioOnWatchcabecalhoPT11anos-2.png","contentUrl":"https:\/\/rioonwatch.org.br\/wp-content\/uploads\/2021\/06\/RioOnWatchcabecalhoPT11anos-2.png","width":779,"height":277,"caption":"RioOnWatch"},"image":{"@id":"https:\/\/rioonwatch.org.br\/#\/schema\/logo\/image\/"}},{"@type":"Person","@id":"https:\/\/rioonwatch.org.br\/#\/schema\/person\/e07d559fe2154d11fd3ec515e35695ee","name":"Nicole Froio","image":{"@type":"ImageObject","inLanguage":"pt-BR","@id":"https:\/\/rioonwatch.org.br\/#\/schema\/person\/image\/","url":"https:\/\/secure.gravatar.com\/avatar\/0acdbd6878ca0ac29aa5ce6c6119d636?s=96&d=blank&r=g","contentUrl":"https:\/\/secure.gravatar.com\/avatar\/0acdbd6878ca0ac29aa5ce6c6119d636?s=96&d=blank&r=g","caption":"Nicole Froio"},"url":"https:\/\/rioonwatch.org.br\/?author=137"}]}},"_links":{"self":[{"href":"https:\/\/rioonwatch.org.br\/index.php?rest_route=\/wp\/v2\/posts\/12410"}],"collection":[{"href":"https:\/\/rioonwatch.org.br\/index.php?rest_route=\/wp\/v2\/posts"}],"about":[{"href":"https:\/\/rioonwatch.org.br\/index.php?rest_route=\/wp\/v2\/types\/post"}],"author":[{"embeddable":true,"href":"https:\/\/rioonwatch.org.br\/index.php?rest_route=\/wp\/v2\/users\/137"}],"replies":[{"embeddable":true,"href":"https:\/\/rioonwatch.org.br\/index.php?rest_route=%2Fwp%2Fv2%2Fcomments&post=12410"}],"version-history":[{"count":17,"href":"https:\/\/rioonwatch.org.br\/index.php?rest_route=\/wp\/v2\/posts\/12410\/revisions"}],"predecessor-version":[{"id":74262,"href":"https:\/\/rioonwatch.org.br\/index.php?rest_route=\/wp\/v2\/posts\/12410\/revisions\/74262"}],"wp:featuredmedia":[{"embeddable":true,"href":"https:\/\/rioonwatch.org.br\/index.php?rest_route=\/wp\/v2\/media\/12413"}],"wp:attachment":[{"href":"https:\/\/rioonwatch.org.br\/index.php?rest_route=%2Fwp%2Fv2%2Fmedia&parent=12410"}],"wp:term":[{"taxonomy":"category","embeddable":true,"href":"https:\/\/rioonwatch.org.br\/index.php?rest_route=%2Fwp%2Fv2%2Fcategories&post=12410"},{"taxonomy":"post_tag","embeddable":true,"href":"https:\/\/rioonwatch.org.br\/index.php?rest_route=%2Fwp%2Fv2%2Ftags&post=12410"},{"taxonomy":"writer","embeddable":true,"href":"https:\/\/rioonwatch.org.br\/index.php?rest_route=%2Fwp%2Fv2%2Fwriter&post=12410"},{"taxonomy":"translator","embeddable":true,"href":"https:\/\/rioonwatch.org.br\/index.php?rest_route=%2Fwp%2Fv2%2Ftranslator&post=12410"},{"taxonomy":"source","embeddable":true,"href":"https:\/\/rioonwatch.org.br\/index.php?rest_route=%2Fwp%2Fv2%2Fsource&post=12410"},{"taxonomy":"ilustrador","embeddable":true,"href":"https:\/\/rioonwatch.org.br\/index.php?rest_route=%2Fwp%2Fv2%2Filustrador&post=12410"},{"taxonomy":"fotografo","embeddable":true,"href":"https:\/\/rioonwatch.org.br\/index.php?rest_route=%2Fwp%2Fv2%2Ffotografo&post=12410"}],"curies":[{"name":"wp","href":"https:\/\/api.w.org\/{rel}","templated":true}]}}