{"id":12439,"date":"2014-10-08T17:59:52","date_gmt":"2014-10-08T20:59:52","guid":{"rendered":"http:\/\/rioonwatch.org.br\/?p=12439"},"modified":"2023-05-09T09:57:15","modified_gmt":"2023-05-09T12:57:15","slug":"dentro-do-bairro-carioca-um-projeto-habitacional-premier","status":"publish","type":"post","link":"https:\/\/rioonwatch.org.br\/?p=12439","title":{"rendered":"Dentro do Bairro Carioca:  Um Projeto Habitacional &#8220;Premier&#8221;"},"content":{"rendered":"<p style=\"text-align: right;\"><em><strong><a href=\"http:\/\/bit.ly\/1uJP5Ir\" target=\"_blank\" rel=\"noopener\">Click Here for English<img decoding=\"async\" width=\"20\" height=\"20\" class=\"alignright wp-image-15790\" src=\"http:\/\/rioonwatch.org.br\/wp-content\/uploads\/2012\/08\/EN-standard-e1439583104716.jpg\" alt=\"\" \/><\/a><\/strong><\/em><\/p>\n<p>O <a href=\"http:\/\/bit.ly\/1o8wWj0\" target=\"_blank\" rel=\"noopener\">Bairro Carioca<\/a>,\u00a0um dos carros-chefes do programa\u00a0<a href=\"http:\/\/bit.ly\/Y4U9oJ\" target=\"_blank\" rel=\"noopener\">Minha Casa Minha Vida<\/a> do Rio de Janeiro, \u00e9 frequentemente referenciado por autoridades locais como um modelo de\u00a0habita\u00e7\u00e3o p\u00fablica orientada para a mobilidade, altamente acess\u00edvel, e \u00e9 dado como um exemplo do potencial transformador do investimento em habita\u00e7\u00e3o p\u00fablica. Os 11 condom\u00ednios que comp\u00f5em o Bairro Carioca\u00a0oferecem moradia hoje para aproximadamente\u00a011 mil\u00a0pessoas. Esse \u00e9 o lugar\u00a0espec\u00edfico que a Prefeitura tem usado para <a href=\"http:\/\/bit.ly\/YfoFSD\" target=\"_blank\" rel=\"noopener\">ilustrar o MCMV para rep\u00f3rteres internacionais<\/a> que v\u00eam cobrindo o Rio desde 2013.<\/p>\n<p>O Bairro Carioca est\u00e1\u00a0sob a \u00e9gide do programa federal de habita\u00e7\u00e3o <a href=\"http:\/\/bit.ly\/1nUhsp1\" target=\"_blank\" rel=\"noopener\">Minha Casa Minha Vida<\/a> e \u00e9 designado para fam\u00edlias de baixa renda que recebem at\u00e9 tr\u00eas sal\u00e1rios m\u00ednimos ou menos de R$1600 por m\u00eas. As fam\u00edlias reassentadas\u00a0em apartamentos no Bairro Carioca ou vieram de\u00a0favelas\u00a0ditas\u00a0&#8216;<a href=\"http:\/\/bit.ly\/171nQjb\" target=\"_blank\" rel=\"noopener\">de risco<\/a>&#8216; pela Prefeitura, ou como resultado da desapropria\u00e7\u00e3o para novos projetos de infraestrutura urbana. As fam\u00edlias v\u00eam de favelas geograficamente diversas, incluindo <a href=\"http:\/\/bit.ly\/ZC9b6z\" target=\"_blank\" rel=\"noopener\">Manguinhos<\/a>, Bananal, Varginha, Morro de S\u00e3o Jo\u00e3o, <a href=\"http:\/\/bit.ly\/1wfUvvR\" target=\"_blank\" rel=\"noopener\">Metr\u00f4-Mangueira<\/a> e de parte do <a href=\"http:\/\/bit.ly\/U0MiGm\" target=\"_blank\" rel=\"noopener\">Complexo do Alem\u00e3o<\/a>. Essas fam\u00edlias agora encaram o desafio de criar uma nova comunidade dentro do Bairro Carioca.<\/p>\n<p>O projeto foi terminado este ano, quando os \u00faltimos dos 2240 apartamentos foram\u00a0lan\u00e7ados, no dia 17 de maio. Na <a href=\"http:\/\/bit.ly\/1xkXHdT\" target=\"_blank\" rel=\"noopener\">inaugura\u00e7\u00e3o<\/a> o prefeito do Rio, Eduardo Paes, enfatizou a import\u00e2ncia da casa pr\u00f3pria para as fam\u00edlias beneficiadas, dizendo: &#8220;Todo mundo que constr\u00f3i sua vida quer, desde muito cedo, a sua pr\u00f3pria casa. Estamos entregando hoje os \u00faltimos 740 apartamentos aqui no Bairro Carioca, resolvendo o problema de muita gente que n\u00e3o conseguia ter a seguran\u00e7a de dormir tranquilo em seu pr\u00f3prio lar&#8221;.<\/p>\n<p>A RioOnWatch deu uma volta pelo Bairro Carioca, e aqui est\u00e1 um resumo do que encontramos&#8230;<\/p>\n<h3><strong>Conex\u00f5es\u00a0de Transporte<\/strong><\/h3>\n<p>O Bairro Carioca \u00e9 localizado em\u00a0Triagem, apenas cinco a dez minutos a p\u00e9 do metr\u00f4, \u00f4nibus e da esta\u00e7\u00e3o de trem. A proximidade do transporte \u00e9 uma importante e singular caracter\u00edstica desse projeto. A maioria das habita\u00e7\u00f5es constru\u00eddas pelo MCMV est\u00e1 <a href=\"http:\/\/glo.bo\/10RimrL\" target=\"_blank\" rel=\"noopener\">isolada de transportes<\/a> e outros servi\u00e7os; acima de 50% delas est\u00e3o localizadas na extrema Zona Oeste da cidade (a duas horas do Centro da cidade). O Bairro Carioca, por outro lado, \u00e9 localizado na acess\u00edvel Zona Norte, onde, do lado de fora da esta\u00e7\u00e3o de metr\u00f4 em Triagem, moto-t\u00e1xis esperam animadamente para levar os moradores pelas ruas do condom\u00ednio no fim do quarteir\u00e3o. Mas, apesar do bom acesso ao centro pelo transporte p\u00fablico, o planejamento e densidade do conjunto habitacional e as restri\u00e7\u00f5es ao neg\u00f3cio dentro de resid\u00eancias significa que muitas das necessidades comerciais di\u00e1rias (que n\u00e3o s\u00e3o encontradas dentro do Mercado Popular local) exijam viagens para fora das redondezas do Bairro Carioca&#8211;um contraste\u00a0evidente\u00a0da realidade da maioria das favelas.<\/p>\n<h3><strong><a href=\"http:\/\/rioonwatch.org.br\/wp-content\/uploads\/2014\/10\/MotoTaxi-BairroCarioca.jpg\"><img fetchpriority=\"high\" decoding=\"async\" class=\"aligncenter wp-image-12553\" src=\"http:\/\/rioonwatch.org.br\/wp-content\/uploads\/2014\/10\/MotoTaxi-BairroCarioca.jpg\" alt=\"Motot\u00e1xis ao lado de fora da esta\u00e7\u00e3o do metr\u00f4 em Triagem.\" width=\"620\" height=\"413\" srcset=\"https:\/\/rioonwatch.org.br\/wp-content\/uploads\/2014\/10\/MotoTaxi-BairroCarioca.jpg 621w, https:\/\/rioonwatch.org.br\/wp-content\/uploads\/2014\/10\/MotoTaxi-BairroCarioca-396x264.jpg 396w, https:\/\/rioonwatch.org.br\/wp-content\/uploads\/2014\/10\/MotoTaxi-BairroCarioca-620x413.jpg 620w\" sizes=\"(max-width: 620px) 100vw, 620px\" \/><\/a><\/strong><\/h3>\n<h3><strong>Condom\u00ednios Fechados<\/strong><\/h3>\n<p>Ao entrar pelo port\u00e3o principal, logo ap\u00f3s um posto de sa\u00fade e uma pequena pra\u00e7a, visitantes e moradores ficam igualmente impressionados com o tamanho do projeto, que possui pr\u00e9dios id\u00eanticos de cinco andares dos dois lados das principais vias. Cada pr\u00e9dio funciona como um condom\u00ednio independente. S\u00e3o fechados separadamente e possuem variados graus de seguran\u00e7a, infraestrutura e manuten\u00e7\u00e3o, j\u00e1 que os moradores se\u00a0organizam, cada condom\u00ednio do seu jeito, para cuidar desses espa\u00e7os semi-p\u00fablicos.<\/p>\n<h3><strong><a href=\"http:\/\/rioonwatch.org.br\/wp-content\/uploads\/2014\/10\/Bairro-Carioca-Architectural-rendering.jpg\"><img decoding=\"async\" class=\"aligncenter wp-image-12554\" src=\"http:\/\/rioonwatch.org.br\/wp-content\/uploads\/2014\/10\/Bairro-Carioca-Architectural-rendering.jpg\" alt=\"Bairro Carioca visto de cima.\" width=\"719\" height=\"455\" srcset=\"https:\/\/rioonwatch.org.br\/wp-content\/uploads\/2014\/10\/Bairro-Carioca-Architectural-rendering.jpg 999w, https:\/\/rioonwatch.org.br\/wp-content\/uploads\/2014\/10\/Bairro-Carioca-Architectural-rendering-417x264.jpg 417w, https:\/\/rioonwatch.org.br\/wp-content\/uploads\/2014\/10\/Bairro-Carioca-Architectural-rendering-620x392.jpg 620w\" sizes=\"(max-width: 719px) 100vw, 719px\" \/><\/a><\/strong><\/h3>\n<h3><strong>Casas<\/strong><\/h3>\n<p>Apesar da pouca atividade na rua, sinais de vida em fam\u00edlia s\u00e3o observ\u00e1veis atrav\u00e9s das janelas iguais onde se veem cortinas, roupas penduradas para secar e gaiolas de passarinhos presas no muro. Cada apartamento tem uma \u00e1rea interior de 45 m2 com dois quartos, cozinha, banheiro e uma pequena \u00e1rea de servi\u00e7o.<\/p>\n<p>O Bairro Carioca recebeu mat\u00e9rias indesej\u00e1veis realizadas pela imprensa pouco depois das primeiras unidades terem sido lan\u00e7adas em 2013 devido a severas <a href=\"http:\/\/glo.bo\/ZRpFzr\" target=\"_blank\" rel=\"noopener\">inunda\u00e7\u00f5es<\/a> no local, que foram atribu\u00eddas ao\u00a0mau planejamento e \u00e0 constru\u00e7\u00e3o deficiente. Como os moradores do primeiro andar sofreram severos danos aos seus apartamentos e propriedade pessoal, muitos questionaram terem se mudado das \u00e1reas designadas como &#8220;<a href=\"http:\/\/bit.ly\/184DRpn\" target=\"_blank\" rel=\"noopener\">\u00e1reas de risco<\/a>&#8221; pelo governo s\u00f3 para serem expostos a novos fatores de risco.<\/p>\n<h3><a href=\"http:\/\/rioonwatch.org.br\/wp-content\/uploads\/2014\/10\/Bairro-Carioca-circle.jpg\"><img loading=\"lazy\" decoding=\"async\" class=\"aligncenter wp-image-12555\" src=\"http:\/\/rioonwatch.org.br\/wp-content\/uploads\/2014\/10\/Bairro-Carioca-circle.jpg\" alt=\"Rotat\u00f3ria do Bairro Carioca.\" width=\"620\" height=\"482\" srcset=\"https:\/\/rioonwatch.org.br\/wp-content\/uploads\/2014\/10\/Bairro-Carioca-circle.jpg 983w, https:\/\/rioonwatch.org.br\/wp-content\/uploads\/2014\/10\/Bairro-Carioca-circle-620x482.jpg 620w, https:\/\/rioonwatch.org.br\/wp-content\/uploads\/2014\/10\/Bairro-Carioca-circle-809x629.jpg 809w, https:\/\/rioonwatch.org.br\/wp-content\/uploads\/2014\/10\/Bairro-Carioca-circle-768x597.jpg 768w, https:\/\/rioonwatch.org.br\/wp-content\/uploads\/2014\/10\/Bairro-Carioca-circle-70x53.jpg 70w\" sizes=\"(max-width: 620px) 100vw, 620px\" \/><\/a><\/h3>\n<h3><strong>Com\u00e9rcio Local<\/strong><\/h3>\n<p>No cora\u00e7\u00e3o do local de 125.000 m2, dois homens se aproximam do mercado popular.\u00a0O mercado \u00e9 centralmente localizado dentro do projeto e possui alguns neg\u00f3cios, incluindo um restaurante, farm\u00e1cia, drogaria e sal\u00e3o de beleza. Nesse ambiente altamente regulado, os moradores n\u00e3o s\u00e3o permitidos a fazer adapta\u00e7\u00f5es no primeiro andar, composto por resid\u00eancias, para a cria\u00e7\u00e3o de espa\u00e7os comerciais ou restaurantes como \u00e9 comum nas favelas. Com o tempo, no entanto, \u00e9 prov\u00e1vel que novos neg\u00f3cios informais <a href=\"http:\/\/bit.ly\/1hSND2X\" target=\"_blank\" rel=\"noopener\">se formem para atender as necessidades<\/a> dos moradores e criar oportunidades comerciais, como j\u00e1 foi visto em projetos similares.<\/p>\n<h3><a href=\"http:\/\/rioonwatch.org.br\/wp-content\/uploads\/2014\/10\/MCMV_MercadoPopular.jpg\"><img loading=\"lazy\" decoding=\"async\" class=\"aligncenter wp-image-12556\" src=\"http:\/\/rioonwatch.org.br\/wp-content\/uploads\/2014\/10\/MCMV_MercadoPopular.jpg\" alt=\"A pra\u00e7a principal e mercado popular do Bairro Carioca.\" width=\"620\" height=\"413\" srcset=\"https:\/\/rioonwatch.org.br\/wp-content\/uploads\/2014\/10\/MCMV_MercadoPopular.jpg 621w, https:\/\/rioonwatch.org.br\/wp-content\/uploads\/2014\/10\/MCMV_MercadoPopular-396x264.jpg 396w, https:\/\/rioonwatch.org.br\/wp-content\/uploads\/2014\/10\/MCMV_MercadoPopular-620x413.jpg 620w\" sizes=\"(max-width: 620px) 100vw, 620px\" \/><\/a><\/h3>\n<h3><strong>Estabelecimentos de Ensino<\/strong><\/h3>\n<p>A Nave do Conhecimento Santiago Andrade \u00e9 um dos servi\u00e7os destacados pelas autoridades fazendo do Bairro Carioca um projeto exemplar. Esse espa\u00e7o \u00e9 uma livraria &#8220;high-tech&#8221; e espa\u00e7o de trabalho desenhado para crian\u00e7as, adolescentes e adultos. O espa\u00e7o promete oferecer cursos ligados \u00e0 computa\u00e7\u00e3o,\u00a0inform\u00e1tica e outros, apesar do calend\u00e1rio permanecer vazio at\u00e9 o momento. Um membro da equipe do centro disse que foi um grande sucesso entre os jovens do bairro e que prov\u00ea\u00a0um espa\u00e7o importante e seguro para recrea\u00e7\u00e3o. Al\u00e9m disso, o Bairro Carioca possui\u00a0creche, ensino fundamental, academia e <a href=\"http:\/\/bit.ly\/1CKr2hc\" target=\"_blank\" rel=\"noopener\">posto de sa\u00fade<\/a>.<\/p>\n<h3><a href=\"http:\/\/rioonwatch.org.br\/wp-content\/uploads\/2014\/10\/MCMV_NavedeConhecimento.jpg\"><img loading=\"lazy\" decoding=\"async\" class=\"aligncenter wp-image-12557\" src=\"http:\/\/rioonwatch.org.br\/wp-content\/uploads\/2014\/10\/MCMV_NavedeConhecimento.jpg\" alt=\"Nave do Conhecimento do Bairro Carioca.\" width=\"620\" height=\"413\" srcset=\"https:\/\/rioonwatch.org.br\/wp-content\/uploads\/2014\/10\/MCMV_NavedeConhecimento.jpg 621w, https:\/\/rioonwatch.org.br\/wp-content\/uploads\/2014\/10\/MCMV_NavedeConhecimento-396x264.jpg 396w, https:\/\/rioonwatch.org.br\/wp-content\/uploads\/2014\/10\/MCMV_NavedeConhecimento-620x413.jpg 620w\" sizes=\"(max-width: 620px) 100vw, 620px\" \/><\/a><\/h3>\n<h3><strong>Contraste Com as Redondezas, Reflex\u00e3o Comparativa<\/strong><\/h3>\n<p>O <a href=\"http:\/\/bit.ly\/1qioBzn\" target=\"_blank\" rel=\"noopener\">d\u00e9ficit habitacional do Rio<\/a> \u00e9 calculado em 270.774 casas. Dada a despesa de <a href=\"http:\/\/bit.ly\/1xJyfPu\" target=\"_blank\" rel=\"noopener\">R$115 milh\u00f5es<\/a> no projeto do Bairro Carioca e o fato dos recursos terem sido prontamente dispon\u00edveis para o MCMV, para investimentos que envolvem <a href=\"http:\/\/bit.ly\/X51Qvb\" target=\"_blank\" rel=\"noopener\">demoli\u00e7\u00e3o de casas nas favelas<\/a> e para reconstru\u00e7\u00f5es, h\u00e1 um contraste n\u00edtido com o <a href=\"http:\/\/bit.ly\/1muQwLu\" target=\"_blank\" rel=\"noopener\">desinvestimento sofrido pelo promissor programa Morar Carioca<\/a>.<\/p>\n<p>O premiado Morar Carioca, assinado pela Prefeitura em 2010, prometia urbanizar todas as favelas do Rio at\u00e9 2020. O programa,\u00a0se tivesse sido implementado, traria\u00a0a infraestrutura que faltava para todas as favelas da cidade, beneficiando 1.4 milh\u00f5es dos cidad\u00e3os de menor renda da cidade at\u00e9 2020. De acordo com as autoridades municipais, um m\u00ednimo de R$75.000 \u00e9 gasto por unidade em\u00a0apartamentos\u00a0constru\u00eddos pelo programa MCMV e um m\u00ednimo de R$5 bilh\u00f5es nas mais de <a href=\"http:\/\/bit.ly\/1wgcsdH\" target=\"_blank\" rel=\"noopener\">66 mil unidades<\/a>\u00a0j\u00e1 foram comprometidos para o Rio at\u00e9 agora. Esse valor \u00e9 s\u00f3 R$3 bilh\u00f5es a menos\u00a0do <a href=\"http:\/\/bit.ly\/1idXO3v\" target=\"_blank\" rel=\"noopener\">or\u00e7amento total<\/a> para o projeto Morar Carioca que <a href=\"http:\/\/bit.ly\/104CmUd\" target=\"_blank\" rel=\"noopener\">proveria condi\u00e7\u00f5es de vida decentes para todos os moradores<\/a>\u00a0de todas as favelas da cidade.<\/p>\n<p>O hiper-investimento em habita\u00e7\u00e3o, estradas e tecnologia dentro do ambiente altamente planejado do Bairro Carioca\u00a0chama a aten\u00e7\u00e3o mais ainda\u00a0assim que passo pela \u00faltima\u00a0linha de condom\u00ednios, por um homem e uma forte mensagem pol\u00edtica:<\/p>\n<p>&nbsp;<\/p>\n<p><a href=\"http:\/\/rioonwatch.org.br\/wp-content\/uploads\/2014\/10\/MCMV_SOS.jpg\"><img loading=\"lazy\" decoding=\"async\" class=\"aligncenter wp-image-12558\" src=\"http:\/\/rioonwatch.org.br\/wp-content\/uploads\/2014\/10\/MCMV_SOS.jpg\" alt=\"\u201cSOS, aqui existe uma comunidade esquecida pelo poder p\u00fablico\u201d.\u201cSOS, aqui existe uma comunidade esquecida pelo poder p\u00fablico.\u201d\u201cSOS, aqui existe uma comunidade esquecida pelo poder p\u00fablico.\u201d\" width=\"620\" height=\"413\" srcset=\"https:\/\/rioonwatch.org.br\/wp-content\/uploads\/2014\/10\/MCMV_SOS.jpg 621w, https:\/\/rioonwatch.org.br\/wp-content\/uploads\/2014\/10\/MCMV_SOS-396x264.jpg 396w, https:\/\/rioonwatch.org.br\/wp-content\/uploads\/2014\/10\/MCMV_SOS-620x413.jpg 620w\" sizes=\"(max-width: 620px) 100vw, 620px\" \/><\/a><\/p>\n<p>&nbsp;<\/p>\n<p><em><span data-reactid=\".l.1:3:1:$comment710114032406909_710235009061478:0.0.$right.0.$left.0.0.1:$comment-body.0.3\"><span data-reactid=\".l.1:3:1:$comment710114032406909_710235009061478:0.0.$right.0.$left.0.0.1:$comment-body.0.3.0\"><span data-reactid=\".l.1:3:1:$comment710114032406909_710235009061478:0.0.$right.0.$left.0.0.1:$comment-body.0.3.0.$end:0:$0:0\"><a href=\"http:\/\/bit.ly\/1seHDre\" target=\"_blank\" rel=\"noopener\">Sara McTarnaghan<\/a> \u00e9 pesquisadora de pol\u00edticas de habita\u00e7\u00e3o p\u00fablica no Chile e Brasil, e est\u00e1 completando seu mestrado pela Universidade de Texas-Austin\u00a0em Planejamento Comunit\u00e1rio e Regional, e Estudos da Am\u00e9rica Latina.<\/span><\/span><\/span><\/em><\/p>\n<!-- AddThis Advanced Settings generic via filter on the_content --><!-- AddThis Share Buttons generic via filter on the_content -->","protected":false},"excerpt":{"rendered":"<div class=\"mh-excerpt\"><p>Click Here for English O Bairro Carioca,\u00a0um dos carros-chefes do programa\u00a0Minha Casa Minha Vida do Rio de Janeiro, \u00e9 frequentemente referenciado por autoridades locais como um modelo de\u00a0habita\u00e7\u00e3o p\u00fablica orientada para a mobilidade, altamente acess\u00edvel, <a class=\"mh-excerpt-more\" href=\"https:\/\/rioonwatch.org.br\/?p=12439\" title=\"Dentro do Bairro Carioca:  Um Projeto Habitacional &#8220;Premier&#8221;\">[&#8230;]<\/a><!-- AddThis Advanced Settings generic via filter on get_the_excerpt --><!-- AddThis Share Buttons generic via filter on get_the_excerpt --><\/p>\n<\/div>","protected":false},"author":137,"featured_media":12555,"comment_status":"closed","ping_status":"closed","sticky":false,"template":"","format":"standard","meta":{"_acf_changed":false,"_monsterinsights_skip_tracking":false,"_monsterinsights_sitenote_active":false,"_monsterinsights_sitenote_note":"","_monsterinsights_sitenote_category":0,"footnotes":""},"categories":[1635,344],"tags":[679,1287,217,424,484,316,909,994,636,616,246,560,1037,1288,370,995,1289,218],"writer":[1280],"translator":[1281],"source":[],"ilustrador":[],"fotografo":[],"class_list":{"0":"post-12439","1":"post","2":"type-post","3":"status-publish","4":"format-standard","5":"has-post-thumbnail","7":"category-1635","8":"category-politicas","9":"tag-bairro-carioca","10":"tag-bananal","11":"tag-complexo-do-alemao","12":"tag-direito-a-moradia","13":"tag-prefeito-eduardo-paes","14":"tag-educacao","15":"tag-habitacao-acessivel","16":"tag-habitacao-publica","17":"tag-manguinhos","18":"tag-metro","19":"tag-minha-casa-minha-vida","20":"tag-mobilidade","21":"tag-moradia","22":"tag-morro-do-sao-joao","23":"tag-transporte-publico","24":"tag-triagem","25":"tag-varginha","26":"tag-zona-norte","27":"writer-sara-mctarnaghan","28":"translator-luiza-villela"},"acf":[],"yoast_head":"<!-- This site is optimized with the Yoast SEO plugin v25.6 - https:\/\/yoast.com\/wordpress\/plugins\/seo\/ -->\n<title>Dentro do Bairro Carioca: Um Projeto Habitacional &quot;Premier&quot; - RioOnWatch<\/title>\n<meta name=\"robots\" content=\"index, follow, max-snippet:-1, max-image-preview:large, max-video-preview:-1\" \/>\n<link rel=\"canonical\" href=\"https:\/\/rioonwatch.org.br\/?p=12439\" \/>\n<meta property=\"og:locale\" content=\"pt_BR\" \/>\n<meta property=\"og:type\" content=\"article\" \/>\n<meta property=\"og:title\" content=\"Dentro do Bairro Carioca: Um Projeto Habitacional &quot;Premier&quot; - RioOnWatch\" \/>\n<meta property=\"og:description\" content=\"Click Here for English O Bairro Carioca,\u00a0um dos carros-chefes do programa\u00a0Minha Casa Minha Vida do Rio de Janeiro, \u00e9 frequentemente referenciado por autoridades locais como um modelo de\u00a0habita\u00e7\u00e3o p\u00fablica orientada para a mobilidade, altamente acess\u00edvel, [...]\" \/>\n<meta property=\"og:url\" content=\"https:\/\/rioonwatch.org.br\/?p=12439\" \/>\n<meta property=\"og:site_name\" content=\"RioOnWatch\" \/>\n<meta property=\"article:published_time\" content=\"2014-10-08T20:59:52+00:00\" \/>\n<meta property=\"article:modified_time\" content=\"2023-05-09T12:57:15+00:00\" \/>\n<meta property=\"og:image\" content=\"https:\/\/rioonwatch.org.br\/wp-content\/uploads\/2014\/10\/Bairro-Carioca-circle.jpg\" \/>\n\t<meta property=\"og:image:width\" content=\"983\" \/>\n\t<meta property=\"og:image:height\" content=\"764\" \/>\n\t<meta property=\"og:image:type\" content=\"image\/jpeg\" \/>\n<meta name=\"author\" content=\"Nicole Froio\" \/>\n<meta name=\"twitter:card\" content=\"summary_large_image\" \/>\n<meta name=\"twitter:label1\" content=\"Escrito por\" \/>\n\t<meta name=\"twitter:data1\" content=\"Nicole Froio\" \/>\n\t<meta name=\"twitter:label2\" content=\"Est. tempo de leitura\" \/>\n\t<meta name=\"twitter:data2\" content=\"6 minutos\" \/>\n<script type=\"application\/ld+json\" class=\"yoast-schema-graph\">{\"@context\":\"https:\/\/schema.org\",\"@graph\":[{\"@type\":\"Article\",\"@id\":\"https:\/\/rioonwatch.org.br\/?p=12439#article\",\"isPartOf\":{\"@id\":\"https:\/\/rioonwatch.org.br\/?p=12439\"},\"author\":{\"name\":\"Nicole Froio\",\"@id\":\"https:\/\/rioonwatch.org.br\/#\/schema\/person\/e07d559fe2154d11fd3ec515e35695ee\"},\"headline\":\"Dentro do Bairro Carioca: Um Projeto Habitacional &#8220;Premier&#8221;\",\"datePublished\":\"2014-10-08T20:59:52+00:00\",\"dateModified\":\"2023-05-09T12:57:15+00:00\",\"mainEntityOfPage\":{\"@id\":\"https:\/\/rioonwatch.org.br\/?p=12439\"},\"wordCount\":1214,\"publisher\":{\"@id\":\"https:\/\/rioonwatch.org.br\/#organization\"},\"image\":{\"@id\":\"https:\/\/rioonwatch.org.br\/?p=12439#primaryimage\"},\"thumbnailUrl\":\"https:\/\/rioonwatch.org.br\/wp-content\/uploads\/2014\/10\/Bairro-Carioca-circle.jpg\",\"keywords\":[\"Bairro Carioca\",\"Bananal\",\"Complexo do Alem\u00e3o\",\"Direito \u00e0 Moradia\",\"Eduardo Paes\",\"educa\u00e7\u00e3o\",\"habita\u00e7\u00e3o acess\u00edvel\",\"habita\u00e7\u00e3o p\u00fablica\",\"Manguinhos\",\"metr\u00f4\",\"Minha Casa Minha Vida\",\"mobilidade\",\"moradia\",\"Morro do S\u00e3o Jo\u00e3o\",\"transporte p\u00fablico\",\"Triagem\",\"Varginha\",\"Zona Norte\"],\"articleSection\":[\"#Rio2016\",\"Pol\u00edticas\"],\"inLanguage\":\"pt-BR\"},{\"@type\":\"WebPage\",\"@id\":\"https:\/\/rioonwatch.org.br\/?p=12439\",\"url\":\"https:\/\/rioonwatch.org.br\/?p=12439\",\"name\":\"Dentro do Bairro Carioca: Um Projeto Habitacional \\\"Premier\\\" - RioOnWatch\",\"isPartOf\":{\"@id\":\"https:\/\/rioonwatch.org.br\/#website\"},\"primaryImageOfPage\":{\"@id\":\"https:\/\/rioonwatch.org.br\/?p=12439#primaryimage\"},\"image\":{\"@id\":\"https:\/\/rioonwatch.org.br\/?p=12439#primaryimage\"},\"thumbnailUrl\":\"https:\/\/rioonwatch.org.br\/wp-content\/uploads\/2014\/10\/Bairro-Carioca-circle.jpg\",\"datePublished\":\"2014-10-08T20:59:52+00:00\",\"dateModified\":\"2023-05-09T12:57:15+00:00\",\"breadcrumb\":{\"@id\":\"https:\/\/rioonwatch.org.br\/?p=12439#breadcrumb\"},\"inLanguage\":\"pt-BR\",\"potentialAction\":[{\"@type\":\"ReadAction\",\"target\":[\"https:\/\/rioonwatch.org.br\/?p=12439\"]}]},{\"@type\":\"ImageObject\",\"inLanguage\":\"pt-BR\",\"@id\":\"https:\/\/rioonwatch.org.br\/?p=12439#primaryimage\",\"url\":\"https:\/\/rioonwatch.org.br\/wp-content\/uploads\/2014\/10\/Bairro-Carioca-circle.jpg\",\"contentUrl\":\"https:\/\/rioonwatch.org.br\/wp-content\/uploads\/2014\/10\/Bairro-Carioca-circle.jpg\",\"width\":983,\"height\":764,\"caption\":\"Rotat\u00f3ria do Bairro Carioca.\"},{\"@type\":\"BreadcrumbList\",\"@id\":\"https:\/\/rioonwatch.org.br\/?p=12439#breadcrumb\",\"itemListElement\":[{\"@type\":\"ListItem\",\"position\":1,\"name\":\"In\u00edcio\",\"item\":\"https:\/\/rioonwatch.org.br\/\"},{\"@type\":\"ListItem\",\"position\":2,\"name\":\"Dentro do Bairro Carioca: Um Projeto Habitacional &#8220;Premier&#8221;\"}]},{\"@type\":\"WebSite\",\"@id\":\"https:\/\/rioonwatch.org.br\/#website\",\"url\":\"https:\/\/rioonwatch.org.br\/\",\"name\":\"RioOnWatch\",\"description\":\"relatos das favelas cariocas\",\"publisher\":{\"@id\":\"https:\/\/rioonwatch.org.br\/#organization\"},\"potentialAction\":[{\"@type\":\"SearchAction\",\"target\":{\"@type\":\"EntryPoint\",\"urlTemplate\":\"https:\/\/rioonwatch.org.br\/?s={search_term_string}\"},\"query-input\":{\"@type\":\"PropertyValueSpecification\",\"valueRequired\":true,\"valueName\":\"search_term_string\"}}],\"inLanguage\":\"pt-BR\"},{\"@type\":\"Organization\",\"@id\":\"https:\/\/rioonwatch.org.br\/#organization\",\"name\":\"RioOnWatch\",\"url\":\"https:\/\/rioonwatch.org.br\/\",\"logo\":{\"@type\":\"ImageObject\",\"inLanguage\":\"pt-BR\",\"@id\":\"https:\/\/rioonwatch.org.br\/#\/schema\/logo\/image\/\",\"url\":\"https:\/\/rioonwatch.org.br\/wp-content\/uploads\/2021\/06\/RioOnWatchcabecalhoPT11anos-2.png\",\"contentUrl\":\"https:\/\/rioonwatch.org.br\/wp-content\/uploads\/2021\/06\/RioOnWatchcabecalhoPT11anos-2.png\",\"width\":779,\"height\":277,\"caption\":\"RioOnWatch\"},\"image\":{\"@id\":\"https:\/\/rioonwatch.org.br\/#\/schema\/logo\/image\/\"}},{\"@type\":\"Person\",\"@id\":\"https:\/\/rioonwatch.org.br\/#\/schema\/person\/e07d559fe2154d11fd3ec515e35695ee\",\"name\":\"Nicole Froio\",\"image\":{\"@type\":\"ImageObject\",\"inLanguage\":\"pt-BR\",\"@id\":\"https:\/\/rioonwatch.org.br\/#\/schema\/person\/image\/\",\"url\":\"https:\/\/secure.gravatar.com\/avatar\/0acdbd6878ca0ac29aa5ce6c6119d636?s=96&d=blank&r=g\",\"contentUrl\":\"https:\/\/secure.gravatar.com\/avatar\/0acdbd6878ca0ac29aa5ce6c6119d636?s=96&d=blank&r=g\",\"caption\":\"Nicole Froio\"},\"url\":\"https:\/\/rioonwatch.org.br\/?author=137\"}]}<\/script>\n<!-- \/ Yoast SEO plugin. -->","yoast_head_json":{"title":"Dentro do Bairro Carioca: Um Projeto Habitacional \"Premier\" - RioOnWatch","robots":{"index":"index","follow":"follow","max-snippet":"max-snippet:-1","max-image-preview":"max-image-preview:large","max-video-preview":"max-video-preview:-1"},"canonical":"https:\/\/rioonwatch.org.br\/?p=12439","og_locale":"pt_BR","og_type":"article","og_title":"Dentro do Bairro Carioca: Um Projeto Habitacional \"Premier\" - RioOnWatch","og_description":"Click Here for English O Bairro Carioca,\u00a0um dos carros-chefes do programa\u00a0Minha Casa Minha Vida do Rio de Janeiro, \u00e9 frequentemente referenciado por autoridades locais como um modelo de\u00a0habita\u00e7\u00e3o p\u00fablica orientada para a mobilidade, altamente acess\u00edvel, [...]","og_url":"https:\/\/rioonwatch.org.br\/?p=12439","og_site_name":"RioOnWatch","article_published_time":"2014-10-08T20:59:52+00:00","article_modified_time":"2023-05-09T12:57:15+00:00","og_image":[{"width":983,"height":764,"url":"https:\/\/rioonwatch.org.br\/wp-content\/uploads\/2014\/10\/Bairro-Carioca-circle.jpg","type":"image\/jpeg"}],"author":"Nicole Froio","twitter_card":"summary_large_image","twitter_misc":{"Escrito por":"Nicole Froio","Est. tempo de leitura":"6 minutos"},"schema":{"@context":"https:\/\/schema.org","@graph":[{"@type":"Article","@id":"https:\/\/rioonwatch.org.br\/?p=12439#article","isPartOf":{"@id":"https:\/\/rioonwatch.org.br\/?p=12439"},"author":{"name":"Nicole Froio","@id":"https:\/\/rioonwatch.org.br\/#\/schema\/person\/e07d559fe2154d11fd3ec515e35695ee"},"headline":"Dentro do Bairro Carioca: Um Projeto Habitacional &#8220;Premier&#8221;","datePublished":"2014-10-08T20:59:52+00:00","dateModified":"2023-05-09T12:57:15+00:00","mainEntityOfPage":{"@id":"https:\/\/rioonwatch.org.br\/?p=12439"},"wordCount":1214,"publisher":{"@id":"https:\/\/rioonwatch.org.br\/#organization"},"image":{"@id":"https:\/\/rioonwatch.org.br\/?p=12439#primaryimage"},"thumbnailUrl":"https:\/\/rioonwatch.org.br\/wp-content\/uploads\/2014\/10\/Bairro-Carioca-circle.jpg","keywords":["Bairro Carioca","Bananal","Complexo do Alem\u00e3o","Direito \u00e0 Moradia","Eduardo Paes","educa\u00e7\u00e3o","habita\u00e7\u00e3o acess\u00edvel","habita\u00e7\u00e3o p\u00fablica","Manguinhos","metr\u00f4","Minha Casa Minha Vida","mobilidade","moradia","Morro do S\u00e3o Jo\u00e3o","transporte p\u00fablico","Triagem","Varginha","Zona Norte"],"articleSection":["#Rio2016","Pol\u00edticas"],"inLanguage":"pt-BR"},{"@type":"WebPage","@id":"https:\/\/rioonwatch.org.br\/?p=12439","url":"https:\/\/rioonwatch.org.br\/?p=12439","name":"Dentro do Bairro Carioca: Um Projeto Habitacional \"Premier\" - RioOnWatch","isPartOf":{"@id":"https:\/\/rioonwatch.org.br\/#website"},"primaryImageOfPage":{"@id":"https:\/\/rioonwatch.org.br\/?p=12439#primaryimage"},"image":{"@id":"https:\/\/rioonwatch.org.br\/?p=12439#primaryimage"},"thumbnailUrl":"https:\/\/rioonwatch.org.br\/wp-content\/uploads\/2014\/10\/Bairro-Carioca-circle.jpg","datePublished":"2014-10-08T20:59:52+00:00","dateModified":"2023-05-09T12:57:15+00:00","breadcrumb":{"@id":"https:\/\/rioonwatch.org.br\/?p=12439#breadcrumb"},"inLanguage":"pt-BR","potentialAction":[{"@type":"ReadAction","target":["https:\/\/rioonwatch.org.br\/?p=12439"]}]},{"@type":"ImageObject","inLanguage":"pt-BR","@id":"https:\/\/rioonwatch.org.br\/?p=12439#primaryimage","url":"https:\/\/rioonwatch.org.br\/wp-content\/uploads\/2014\/10\/Bairro-Carioca-circle.jpg","contentUrl":"https:\/\/rioonwatch.org.br\/wp-content\/uploads\/2014\/10\/Bairro-Carioca-circle.jpg","width":983,"height":764,"caption":"Rotat\u00f3ria do Bairro Carioca."},{"@type":"BreadcrumbList","@id":"https:\/\/rioonwatch.org.br\/?p=12439#breadcrumb","itemListElement":[{"@type":"ListItem","position":1,"name":"In\u00edcio","item":"https:\/\/rioonwatch.org.br\/"},{"@type":"ListItem","position":2,"name":"Dentro do Bairro Carioca: Um Projeto Habitacional &#8220;Premier&#8221;"}]},{"@type":"WebSite","@id":"https:\/\/rioonwatch.org.br\/#website","url":"https:\/\/rioonwatch.org.br\/","name":"RioOnWatch","description":"relatos das favelas cariocas","publisher":{"@id":"https:\/\/rioonwatch.org.br\/#organization"},"potentialAction":[{"@type":"SearchAction","target":{"@type":"EntryPoint","urlTemplate":"https:\/\/rioonwatch.org.br\/?s={search_term_string}"},"query-input":{"@type":"PropertyValueSpecification","valueRequired":true,"valueName":"search_term_string"}}],"inLanguage":"pt-BR"},{"@type":"Organization","@id":"https:\/\/rioonwatch.org.br\/#organization","name":"RioOnWatch","url":"https:\/\/rioonwatch.org.br\/","logo":{"@type":"ImageObject","inLanguage":"pt-BR","@id":"https:\/\/rioonwatch.org.br\/#\/schema\/logo\/image\/","url":"https:\/\/rioonwatch.org.br\/wp-content\/uploads\/2021\/06\/RioOnWatchcabecalhoPT11anos-2.png","contentUrl":"https:\/\/rioonwatch.org.br\/wp-content\/uploads\/2021\/06\/RioOnWatchcabecalhoPT11anos-2.png","width":779,"height":277,"caption":"RioOnWatch"},"image":{"@id":"https:\/\/rioonwatch.org.br\/#\/schema\/logo\/image\/"}},{"@type":"Person","@id":"https:\/\/rioonwatch.org.br\/#\/schema\/person\/e07d559fe2154d11fd3ec515e35695ee","name":"Nicole Froio","image":{"@type":"ImageObject","inLanguage":"pt-BR","@id":"https:\/\/rioonwatch.org.br\/#\/schema\/person\/image\/","url":"https:\/\/secure.gravatar.com\/avatar\/0acdbd6878ca0ac29aa5ce6c6119d636?s=96&d=blank&r=g","contentUrl":"https:\/\/secure.gravatar.com\/avatar\/0acdbd6878ca0ac29aa5ce6c6119d636?s=96&d=blank&r=g","caption":"Nicole Froio"},"url":"https:\/\/rioonwatch.org.br\/?author=137"}]}},"_links":{"self":[{"href":"https:\/\/rioonwatch.org.br\/index.php?rest_route=\/wp\/v2\/posts\/12439"}],"collection":[{"href":"https:\/\/rioonwatch.org.br\/index.php?rest_route=\/wp\/v2\/posts"}],"about":[{"href":"https:\/\/rioonwatch.org.br\/index.php?rest_route=\/wp\/v2\/types\/post"}],"author":[{"embeddable":true,"href":"https:\/\/rioonwatch.org.br\/index.php?rest_route=\/wp\/v2\/users\/137"}],"replies":[{"embeddable":true,"href":"https:\/\/rioonwatch.org.br\/index.php?rest_route=%2Fwp%2Fv2%2Fcomments&post=12439"}],"version-history":[{"count":26,"href":"https:\/\/rioonwatch.org.br\/index.php?rest_route=\/wp\/v2\/posts\/12439\/revisions"}],"predecessor-version":[{"id":67891,"href":"https:\/\/rioonwatch.org.br\/index.php?rest_route=\/wp\/v2\/posts\/12439\/revisions\/67891"}],"wp:featuredmedia":[{"embeddable":true,"href":"https:\/\/rioonwatch.org.br\/index.php?rest_route=\/wp\/v2\/media\/12555"}],"wp:attachment":[{"href":"https:\/\/rioonwatch.org.br\/index.php?rest_route=%2Fwp%2Fv2%2Fmedia&parent=12439"}],"wp:term":[{"taxonomy":"category","embeddable":true,"href":"https:\/\/rioonwatch.org.br\/index.php?rest_route=%2Fwp%2Fv2%2Fcategories&post=12439"},{"taxonomy":"post_tag","embeddable":true,"href":"https:\/\/rioonwatch.org.br\/index.php?rest_route=%2Fwp%2Fv2%2Ftags&post=12439"},{"taxonomy":"writer","embeddable":true,"href":"https:\/\/rioonwatch.org.br\/index.php?rest_route=%2Fwp%2Fv2%2Fwriter&post=12439"},{"taxonomy":"translator","embeddable":true,"href":"https:\/\/rioonwatch.org.br\/index.php?rest_route=%2Fwp%2Fv2%2Ftranslator&post=12439"},{"taxonomy":"source","embeddable":true,"href":"https:\/\/rioonwatch.org.br\/index.php?rest_route=%2Fwp%2Fv2%2Fsource&post=12439"},{"taxonomy":"ilustrador","embeddable":true,"href":"https:\/\/rioonwatch.org.br\/index.php?rest_route=%2Fwp%2Fv2%2Filustrador&post=12439"},{"taxonomy":"fotografo","embeddable":true,"href":"https:\/\/rioonwatch.org.br\/index.php?rest_route=%2Fwp%2Fv2%2Ffotografo&post=12439"}],"curies":[{"name":"wp","href":"https:\/\/api.w.org\/{rel}","templated":true}]}}