{"id":12475,"date":"2014-10-04T12:05:05","date_gmt":"2014-10-04T15:05:05","guid":{"rendered":"http:\/\/rioonwatch.org.br\/?p=12475"},"modified":"2015-12-21T16:09:43","modified_gmt":"2015-12-21T19:09:43","slug":"eleicao-no-complexo-do-alemao-sujeira-sorrisos-politicos-e-opinioes","status":"publish","type":"post","link":"https:\/\/rioonwatch.org.br\/?p=12475","title":{"rendered":"Elei\u00e7\u00e3o no Complexo do Alem\u00e3o: Sujeira, Sorrisos Pol\u00edticos e Opini\u00f5es"},"content":{"rendered":"<p style=\"text-align: right;\"><em><strong><a href=\"http:\/\/bit.ly\/1x4Djt7\" target=\"_blank\">Click Here for English<img decoding=\"async\" width=\"20\" height=\"20\" class=\"alignright wp-image-15790\" src=\"http:\/\/rioonwatch.org.br\/wp-content\/uploads\/2012\/08\/EN-standard-e1439583104716.jpg\" alt=\"\" \/><\/a><\/strong><\/em><\/p>\n<p>Com as elei\u00e7\u00f5es chegando mais uma vez, neste ano de 2014, a rotina eleitoral com a qual estamos acostumados aqui no <a href=\"http:\/\/bit.ly\/U0MiGm\" target=\"_blank\">Complexo do Alem\u00e3o<\/a> tamb\u00e9m vem com tudo. S\u00e3o sempre os mesmos clich\u00eas: Pessoas que voc\u00ea nem imaginava que existiam aparecem com os mais belos sorrisos (ou n\u00e3o) estampados na cara, com seus rostos em cartazes visivelmente retocados com photoshop que, como sempre, poluem a vista de quem passa. Sozinhos ou em colagens toscas junto de pol\u00edticos ou figuras de maior import\u00e2ncia que, aparentemente, assim como n\u00f3s, tamb\u00e9m n\u00e3o sabem ao certo quem s\u00e3o essas pessoas.<\/p>\n<p>\u201cAt\u00e9 entendo que [os candidatos] t\u00eam que fazer a divulga\u00e7\u00e3o deles, mas \u00e9 complicado&#8221;, disse o estudante universit\u00e1rio Andr\u00e9, sobre a polui\u00e7\u00e3o visual.<\/p>\n<p>N\u00e3o \u00e9 novidade para ningu\u00e9m, aqui no Brasil, que nossa pol\u00edtica n\u00e3o tem uma credibilidade das melhores com o nosso povo. E isso tamb\u00e9m acontece onde eu moro; onde diferentemente de como alguns ainda pensam, n\u00e3o somos apenas um conjunto de pessoas que s\u00f3 pensam em funk, bandidagem e similares. Temos sim, pessoas de opini\u00e3o. S\u00f3 n\u00e3o sei ao certo quantos, \u00e9 claro, assim como em qualquer lugar. Quando pergunto para alguns dos meus amigos sobre os candidatos, a maioria n\u00e3o t\u00eam muito interesse, assim como eu, em quem vai ser deputado ou senador. O voto provavelmente vai ser nulo mesmo.<\/p>\n<p>\u201cVou votar \u00e9 nulo como sempre. Esse pessoal s\u00f3 lembra daqui nessa \u00e9poca. Quando acaba a elei\u00e7\u00e3o, eles somem todos&#8221;, me contou Marcos, um comerciante do Complexo.<\/p>\n<p><a href=\"http:\/\/rioonwatch.org.br\/wp-content\/uploads\/2014\/10\/DSC_0003.jpg\"><img fetchpriority=\"high\" decoding=\"async\" class=\"aligncenter wp-image-12479\" title=\"Polui\u00e7\u00e3o visual na comunidade\" src=\"http:\/\/rioonwatch.org.br\/wp-content\/uploads\/2014\/10\/DSC_0003.jpg\" alt=\"Polui\u00e7\u00e3o visual na comunidade\" width=\"620\" height=\"414\" srcset=\"https:\/\/rioonwatch.org.br\/wp-content\/uploads\/2014\/10\/DSC_0003.jpg 640w, https:\/\/rioonwatch.org.br\/wp-content\/uploads\/2014\/10\/DSC_0003-396x264.jpg 396w, https:\/\/rioonwatch.org.br\/wp-content\/uploads\/2014\/10\/DSC_0003-620x414.jpg 620w\" sizes=\"(max-width: 620px) 100vw, 620px\" \/><\/a><\/p>\n<p>Mesmo assim gostamos de discutir o que cada candidato a governador faria ao chegar ao poder. E assim fazemos tamb\u00e9m com os candidatos \u00e0 presid\u00eancia, sem nunca discutir quem \u00e9 o melhor ou pior. E \u00e9 legal assim, porque n\u00e3o \u00e9 legal pra ningu\u00e9m criar diferen\u00e7as com algu\u00e9m por diferen\u00e7as de opini\u00f5es, sejam l\u00e1 elas quais forem.<\/p>\n<p>E indiferente ao desinteresse de minha parte e de alguns amigos, existem rostos conhecidos por aqui, claro: l\u00edderes comunit\u00e1rios, pastores, e similares que por algum motivo acabam tendo seus nomes citados entre conversas por um n\u00famero bem maior de pessoas, se comparado a este mortal que vos escreve. Sen\u00e3o, n\u00e3o fariam seu investimento com propaganda em uma \u00e1rea como essa, ora bolas.<\/p>\n<p>E por causa disso, sempre vai ter uma boa parte que vai votar em algu\u00e9m. Isso \u00e9 fato. Seja ele merecedor ou n\u00e3o e mesmo com aquela mesma conversa de sempre, que os nossos pol\u00edticos s\u00f3 pensam em seus interesses. Sejam pelas obras feitas na comunidade pelo seu partido; naqueles que trouxeram alguns empregos e bolsas de estudo; naquele que demonstra uma postura religiosa que sempre agrada um bom n\u00famero de pessoas ou aquele que simplesmente \u201cparece legal\u201d. Algu\u00e9m sempre tem a sua vez.<\/p>\n<p>Como a dona de casa Dona Maria resume, \u201c\u00c9 a mesma porcaria de sempre. Apesar de eu j\u00e1 saber em quais candidatos eu vou votar, \u00e9 sujeira para todo lado&#8221;.<\/p>\n<p><a href=\"http:\/\/rioonwatch.org.br\/wp-content\/uploads\/2014\/10\/DSC_0011.jpg\"><img decoding=\"async\" class=\"aligncenter wp-image-12480\" title=\"Polui\u00e7\u00e3o visual na comunidade\" src=\"http:\/\/rioonwatch.org.br\/wp-content\/uploads\/2014\/10\/DSC_0011.jpg\" alt=\"Polui\u00e7\u00e3o visual na comunidade\" width=\"621\" height=\"414\" srcset=\"https:\/\/rioonwatch.org.br\/wp-content\/uploads\/2014\/10\/DSC_0011.jpg 640w, https:\/\/rioonwatch.org.br\/wp-content\/uploads\/2014\/10\/DSC_0011-396x264.jpg 396w, https:\/\/rioonwatch.org.br\/wp-content\/uploads\/2014\/10\/DSC_0011-620x414.jpg 620w\" sizes=\"(max-width: 621px) 100vw, 621px\" \/><\/a><\/p>\n<p>E voltando \u00e0 parte da polui\u00e7\u00e3o, bom&#8230; \u00c9 a mesma que a gente v\u00ea no resto da cidade \u00e9 claro. E se eu tiver que citar algum diferencial aqui no Complexo do Alem\u00e3o, eu imagino que seria uma liberdade maior por parte dos candidatos porque mesmo com o bom trabalho prestado pela fiscaliza\u00e7\u00e3o do TRE em recolher propagandas irregulares, n\u00e3o imagino que seria muito atrativo entrar em uma \u00e1rea com <a href=\"http:\/\/bit.ly\/1pxJFgd\" target=\"_blank\">trocas de tiros ocorrendo<\/a> em curtos intervalos de tempo. E a\u00ed como sempre sobra para o servi\u00e7o de limpeza da cidade e moradores com bom senso, que nem o Jos\u00e9, gari comunit\u00e1rio:\u00a0\u201c\u00c9 a pior \u00e9poca do ano depois do carnaval&#8221;, reclamou. \u201cPorque eu trabalho bem mais do que devia. E se chover piorou mais ainda. \u00c9 muito papel na rua pra entupir o esgoto.&#8221;<\/p>\n<!-- AddThis Advanced Settings generic via filter on the_content --><!-- AddThis Share Buttons generic via filter on the_content -->","protected":false},"excerpt":{"rendered":"<div class=\"mh-excerpt\"><p>Click Here for English Com as elei\u00e7\u00f5es chegando mais uma vez, neste ano de 2014, a rotina eleitoral com a qual estamos acostumados aqui no Complexo do Alem\u00e3o tamb\u00e9m vem com tudo. S\u00e3o sempre os <a class=\"mh-excerpt-more\" href=\"https:\/\/rioonwatch.org.br\/?p=12475\" title=\"Elei\u00e7\u00e3o no Complexo do Alem\u00e3o: Sujeira, Sorrisos Pol\u00edticos e Opini\u00f5es\">[&#8230;]<\/a><!-- AddThis Advanced Settings generic via filter on get_the_excerpt --><!-- AddThis Share Buttons generic via filter on get_the_excerpt --><\/p>\n<\/div>","protected":false},"author":137,"featured_media":12500,"comment_status":"closed","ping_status":"closed","sticky":false,"template":"","format":"standard","meta":{"_acf_changed":false,"_monsterinsights_skip_tracking":false,"_monsterinsights_sitenote_active":false,"_monsterinsights_sitenote_note":"","_monsterinsights_sitenote_category":0,"footnotes":""},"categories":[346,1630,344],"tags":[217,479,457,1098,360,307,218],"writer":[1283],"translator":[],"source":[],"ilustrador":[],"fotografo":[],"class_list":{"0":"post-12475","1":"post","2":"type-post","3":"status-publish","4":"format-standard","5":"has-post-thumbnail","7":"category-denuncias","8":"category-opiniao","9":"category-politicas","10":"tag-complexo-do-alemao","11":"tag-democracia","12":"tag-eleicoes","13":"tag-gari-comunitario","14":"tag-lixo","15":"tag-opiniao","16":"tag-zona-norte","17":"writer-saulo-santana"},"acf":[],"yoast_head":"<!-- This site is optimized with the Yoast SEO plugin v25.6 - https:\/\/yoast.com\/wordpress\/plugins\/seo\/ -->\n<title>Elei\u00e7\u00e3o no Complexo do Alem\u00e3o: Sujeira, Sorrisos Pol\u00edticos e Opini\u00f5es - RioOnWatch<\/title>\n<meta name=\"robots\" content=\"index, follow, max-snippet:-1, max-image-preview:large, max-video-preview:-1\" \/>\n<link rel=\"canonical\" href=\"https:\/\/rioonwatch.org.br\/?p=12475\" \/>\n<meta property=\"og:locale\" content=\"pt_BR\" \/>\n<meta property=\"og:type\" content=\"article\" \/>\n<meta property=\"og:title\" content=\"Elei\u00e7\u00e3o no Complexo do Alem\u00e3o: Sujeira, Sorrisos Pol\u00edticos e Opini\u00f5es - RioOnWatch\" \/>\n<meta property=\"og:description\" content=\"Click Here for English Com as elei\u00e7\u00f5es chegando mais uma vez, neste ano de 2014, a rotina eleitoral com a qual estamos acostumados aqui no Complexo do Alem\u00e3o tamb\u00e9m vem com tudo. S\u00e3o sempre os [...]\" \/>\n<meta property=\"og:url\" content=\"https:\/\/rioonwatch.org.br\/?p=12475\" \/>\n<meta property=\"og:site_name\" content=\"RioOnWatch\" \/>\n<meta property=\"article:published_time\" content=\"2014-10-04T15:05:05+00:00\" \/>\n<meta property=\"article:modified_time\" content=\"2015-12-21T19:09:43+00:00\" \/>\n<meta property=\"og:image\" content=\"https:\/\/rioonwatch.org.br\/wp-content\/uploads\/2014\/10\/DSC_00021.jpg\" \/>\n\t<meta property=\"og:image:width\" content=\"640\" \/>\n\t<meta property=\"og:image:height\" content=\"342\" \/>\n\t<meta property=\"og:image:type\" content=\"image\/jpeg\" \/>\n<meta name=\"author\" content=\"Nicole Froio\" \/>\n<meta name=\"twitter:card\" content=\"summary_large_image\" \/>\n<meta name=\"twitter:label1\" content=\"Escrito por\" \/>\n\t<meta name=\"twitter:data1\" content=\"Nicole Froio\" \/>\n\t<meta name=\"twitter:label2\" content=\"Est. tempo de leitura\" \/>\n\t<meta name=\"twitter:data2\" content=\"3 minutos\" \/>\n<script type=\"application\/ld+json\" class=\"yoast-schema-graph\">{\"@context\":\"https:\/\/schema.org\",\"@graph\":[{\"@type\":\"Article\",\"@id\":\"https:\/\/rioonwatch.org.br\/?p=12475#article\",\"isPartOf\":{\"@id\":\"https:\/\/rioonwatch.org.br\/?p=12475\"},\"author\":{\"name\":\"Nicole Froio\",\"@id\":\"https:\/\/rioonwatch.org.br\/#\/schema\/person\/e07d559fe2154d11fd3ec515e35695ee\"},\"headline\":\"Elei\u00e7\u00e3o no Complexo do Alem\u00e3o: Sujeira, Sorrisos Pol\u00edticos e Opini\u00f5es\",\"datePublished\":\"2014-10-04T15:05:05+00:00\",\"dateModified\":\"2015-12-21T19:09:43+00:00\",\"mainEntityOfPage\":{\"@id\":\"https:\/\/rioonwatch.org.br\/?p=12475\"},\"wordCount\":667,\"publisher\":{\"@id\":\"https:\/\/rioonwatch.org.br\/#organization\"},\"image\":{\"@id\":\"https:\/\/rioonwatch.org.br\/?p=12475#primaryimage\"},\"thumbnailUrl\":\"https:\/\/rioonwatch.org.br\/wp-content\/uploads\/2014\/10\/DSC_00021.jpg\",\"keywords\":[\"Complexo do Alem\u00e3o\",\"Democracia\",\"Elei\u00e7\u00f5es\",\"gari comunit\u00e1rio\",\"lixo\",\"opini\u00e3o\",\"Zona Norte\"],\"articleSection\":[\"Den\u00fancias\",\"Opini\u00e3o\",\"Pol\u00edticas\"],\"inLanguage\":\"pt-BR\"},{\"@type\":\"WebPage\",\"@id\":\"https:\/\/rioonwatch.org.br\/?p=12475\",\"url\":\"https:\/\/rioonwatch.org.br\/?p=12475\",\"name\":\"Elei\u00e7\u00e3o no Complexo do Alem\u00e3o: Sujeira, Sorrisos Pol\u00edticos e Opini\u00f5es - RioOnWatch\",\"isPartOf\":{\"@id\":\"https:\/\/rioonwatch.org.br\/#website\"},\"primaryImageOfPage\":{\"@id\":\"https:\/\/rioonwatch.org.br\/?p=12475#primaryimage\"},\"image\":{\"@id\":\"https:\/\/rioonwatch.org.br\/?p=12475#primaryimage\"},\"thumbnailUrl\":\"https:\/\/rioonwatch.org.br\/wp-content\/uploads\/2014\/10\/DSC_00021.jpg\",\"datePublished\":\"2014-10-04T15:05:05+00:00\",\"dateModified\":\"2015-12-21T19:09:43+00:00\",\"breadcrumb\":{\"@id\":\"https:\/\/rioonwatch.org.br\/?p=12475#breadcrumb\"},\"inLanguage\":\"pt-BR\",\"potentialAction\":[{\"@type\":\"ReadAction\",\"target\":[\"https:\/\/rioonwatch.org.br\/?p=12475\"]}]},{\"@type\":\"ImageObject\",\"inLanguage\":\"pt-BR\",\"@id\":\"https:\/\/rioonwatch.org.br\/?p=12475#primaryimage\",\"url\":\"https:\/\/rioonwatch.org.br\/wp-content\/uploads\/2014\/10\/DSC_00021.jpg\",\"contentUrl\":\"https:\/\/rioonwatch.org.br\/wp-content\/uploads\/2014\/10\/DSC_00021.jpg\",\"width\":640,\"height\":342},{\"@type\":\"BreadcrumbList\",\"@id\":\"https:\/\/rioonwatch.org.br\/?p=12475#breadcrumb\",\"itemListElement\":[{\"@type\":\"ListItem\",\"position\":1,\"name\":\"In\u00edcio\",\"item\":\"https:\/\/rioonwatch.org.br\/\"},{\"@type\":\"ListItem\",\"position\":2,\"name\":\"Elei\u00e7\u00e3o no Complexo do Alem\u00e3o: Sujeira, Sorrisos Pol\u00edticos e Opini\u00f5es\"}]},{\"@type\":\"WebSite\",\"@id\":\"https:\/\/rioonwatch.org.br\/#website\",\"url\":\"https:\/\/rioonwatch.org.br\/\",\"name\":\"RioOnWatch\",\"description\":\"relatos das favelas cariocas\",\"publisher\":{\"@id\":\"https:\/\/rioonwatch.org.br\/#organization\"},\"potentialAction\":[{\"@type\":\"SearchAction\",\"target\":{\"@type\":\"EntryPoint\",\"urlTemplate\":\"https:\/\/rioonwatch.org.br\/?s={search_term_string}\"},\"query-input\":{\"@type\":\"PropertyValueSpecification\",\"valueRequired\":true,\"valueName\":\"search_term_string\"}}],\"inLanguage\":\"pt-BR\"},{\"@type\":\"Organization\",\"@id\":\"https:\/\/rioonwatch.org.br\/#organization\",\"name\":\"RioOnWatch\",\"url\":\"https:\/\/rioonwatch.org.br\/\",\"logo\":{\"@type\":\"ImageObject\",\"inLanguage\":\"pt-BR\",\"@id\":\"https:\/\/rioonwatch.org.br\/#\/schema\/logo\/image\/\",\"url\":\"https:\/\/rioonwatch.org.br\/wp-content\/uploads\/2021\/06\/RioOnWatchcabecalhoPT11anos-2.png\",\"contentUrl\":\"https:\/\/rioonwatch.org.br\/wp-content\/uploads\/2021\/06\/RioOnWatchcabecalhoPT11anos-2.png\",\"width\":779,\"height\":277,\"caption\":\"RioOnWatch\"},\"image\":{\"@id\":\"https:\/\/rioonwatch.org.br\/#\/schema\/logo\/image\/\"}},{\"@type\":\"Person\",\"@id\":\"https:\/\/rioonwatch.org.br\/#\/schema\/person\/e07d559fe2154d11fd3ec515e35695ee\",\"name\":\"Nicole Froio\",\"image\":{\"@type\":\"ImageObject\",\"inLanguage\":\"pt-BR\",\"@id\":\"https:\/\/rioonwatch.org.br\/#\/schema\/person\/image\/\",\"url\":\"https:\/\/secure.gravatar.com\/avatar\/0acdbd6878ca0ac29aa5ce6c6119d636?s=96&d=blank&r=g\",\"contentUrl\":\"https:\/\/secure.gravatar.com\/avatar\/0acdbd6878ca0ac29aa5ce6c6119d636?s=96&d=blank&r=g\",\"caption\":\"Nicole Froio\"},\"url\":\"https:\/\/rioonwatch.org.br\/?author=137\"}]}<\/script>\n<!-- \/ Yoast SEO plugin. -->","yoast_head_json":{"title":"Elei\u00e7\u00e3o no Complexo do Alem\u00e3o: Sujeira, Sorrisos Pol\u00edticos e Opini\u00f5es - RioOnWatch","robots":{"index":"index","follow":"follow","max-snippet":"max-snippet:-1","max-image-preview":"max-image-preview:large","max-video-preview":"max-video-preview:-1"},"canonical":"https:\/\/rioonwatch.org.br\/?p=12475","og_locale":"pt_BR","og_type":"article","og_title":"Elei\u00e7\u00e3o no Complexo do Alem\u00e3o: Sujeira, Sorrisos Pol\u00edticos e Opini\u00f5es - RioOnWatch","og_description":"Click Here for English Com as elei\u00e7\u00f5es chegando mais uma vez, neste ano de 2014, a rotina eleitoral com a qual estamos acostumados aqui no Complexo do Alem\u00e3o tamb\u00e9m vem com tudo. S\u00e3o sempre os [...]","og_url":"https:\/\/rioonwatch.org.br\/?p=12475","og_site_name":"RioOnWatch","article_published_time":"2014-10-04T15:05:05+00:00","article_modified_time":"2015-12-21T19:09:43+00:00","og_image":[{"width":640,"height":342,"url":"https:\/\/rioonwatch.org.br\/wp-content\/uploads\/2014\/10\/DSC_00021.jpg","type":"image\/jpeg"}],"author":"Nicole Froio","twitter_card":"summary_large_image","twitter_misc":{"Escrito por":"Nicole Froio","Est. tempo de leitura":"3 minutos"},"schema":{"@context":"https:\/\/schema.org","@graph":[{"@type":"Article","@id":"https:\/\/rioonwatch.org.br\/?p=12475#article","isPartOf":{"@id":"https:\/\/rioonwatch.org.br\/?p=12475"},"author":{"name":"Nicole Froio","@id":"https:\/\/rioonwatch.org.br\/#\/schema\/person\/e07d559fe2154d11fd3ec515e35695ee"},"headline":"Elei\u00e7\u00e3o no Complexo do Alem\u00e3o: Sujeira, Sorrisos Pol\u00edticos e Opini\u00f5es","datePublished":"2014-10-04T15:05:05+00:00","dateModified":"2015-12-21T19:09:43+00:00","mainEntityOfPage":{"@id":"https:\/\/rioonwatch.org.br\/?p=12475"},"wordCount":667,"publisher":{"@id":"https:\/\/rioonwatch.org.br\/#organization"},"image":{"@id":"https:\/\/rioonwatch.org.br\/?p=12475#primaryimage"},"thumbnailUrl":"https:\/\/rioonwatch.org.br\/wp-content\/uploads\/2014\/10\/DSC_00021.jpg","keywords":["Complexo do Alem\u00e3o","Democracia","Elei\u00e7\u00f5es","gari comunit\u00e1rio","lixo","opini\u00e3o","Zona Norte"],"articleSection":["Den\u00fancias","Opini\u00e3o","Pol\u00edticas"],"inLanguage":"pt-BR"},{"@type":"WebPage","@id":"https:\/\/rioonwatch.org.br\/?p=12475","url":"https:\/\/rioonwatch.org.br\/?p=12475","name":"Elei\u00e7\u00e3o no Complexo do Alem\u00e3o: Sujeira, Sorrisos Pol\u00edticos e Opini\u00f5es - RioOnWatch","isPartOf":{"@id":"https:\/\/rioonwatch.org.br\/#website"},"primaryImageOfPage":{"@id":"https:\/\/rioonwatch.org.br\/?p=12475#primaryimage"},"image":{"@id":"https:\/\/rioonwatch.org.br\/?p=12475#primaryimage"},"thumbnailUrl":"https:\/\/rioonwatch.org.br\/wp-content\/uploads\/2014\/10\/DSC_00021.jpg","datePublished":"2014-10-04T15:05:05+00:00","dateModified":"2015-12-21T19:09:43+00:00","breadcrumb":{"@id":"https:\/\/rioonwatch.org.br\/?p=12475#breadcrumb"},"inLanguage":"pt-BR","potentialAction":[{"@type":"ReadAction","target":["https:\/\/rioonwatch.org.br\/?p=12475"]}]},{"@type":"ImageObject","inLanguage":"pt-BR","@id":"https:\/\/rioonwatch.org.br\/?p=12475#primaryimage","url":"https:\/\/rioonwatch.org.br\/wp-content\/uploads\/2014\/10\/DSC_00021.jpg","contentUrl":"https:\/\/rioonwatch.org.br\/wp-content\/uploads\/2014\/10\/DSC_00021.jpg","width":640,"height":342},{"@type":"BreadcrumbList","@id":"https:\/\/rioonwatch.org.br\/?p=12475#breadcrumb","itemListElement":[{"@type":"ListItem","position":1,"name":"In\u00edcio","item":"https:\/\/rioonwatch.org.br\/"},{"@type":"ListItem","position":2,"name":"Elei\u00e7\u00e3o no Complexo do Alem\u00e3o: Sujeira, Sorrisos Pol\u00edticos e Opini\u00f5es"}]},{"@type":"WebSite","@id":"https:\/\/rioonwatch.org.br\/#website","url":"https:\/\/rioonwatch.org.br\/","name":"RioOnWatch","description":"relatos das favelas cariocas","publisher":{"@id":"https:\/\/rioonwatch.org.br\/#organization"},"potentialAction":[{"@type":"SearchAction","target":{"@type":"EntryPoint","urlTemplate":"https:\/\/rioonwatch.org.br\/?s={search_term_string}"},"query-input":{"@type":"PropertyValueSpecification","valueRequired":true,"valueName":"search_term_string"}}],"inLanguage":"pt-BR"},{"@type":"Organization","@id":"https:\/\/rioonwatch.org.br\/#organization","name":"RioOnWatch","url":"https:\/\/rioonwatch.org.br\/","logo":{"@type":"ImageObject","inLanguage":"pt-BR","@id":"https:\/\/rioonwatch.org.br\/#\/schema\/logo\/image\/","url":"https:\/\/rioonwatch.org.br\/wp-content\/uploads\/2021\/06\/RioOnWatchcabecalhoPT11anos-2.png","contentUrl":"https:\/\/rioonwatch.org.br\/wp-content\/uploads\/2021\/06\/RioOnWatchcabecalhoPT11anos-2.png","width":779,"height":277,"caption":"RioOnWatch"},"image":{"@id":"https:\/\/rioonwatch.org.br\/#\/schema\/logo\/image\/"}},{"@type":"Person","@id":"https:\/\/rioonwatch.org.br\/#\/schema\/person\/e07d559fe2154d11fd3ec515e35695ee","name":"Nicole Froio","image":{"@type":"ImageObject","inLanguage":"pt-BR","@id":"https:\/\/rioonwatch.org.br\/#\/schema\/person\/image\/","url":"https:\/\/secure.gravatar.com\/avatar\/0acdbd6878ca0ac29aa5ce6c6119d636?s=96&d=blank&r=g","contentUrl":"https:\/\/secure.gravatar.com\/avatar\/0acdbd6878ca0ac29aa5ce6c6119d636?s=96&d=blank&r=g","caption":"Nicole Froio"},"url":"https:\/\/rioonwatch.org.br\/?author=137"}]}},"_links":{"self":[{"href":"https:\/\/rioonwatch.org.br\/index.php?rest_route=\/wp\/v2\/posts\/12475"}],"collection":[{"href":"https:\/\/rioonwatch.org.br\/index.php?rest_route=\/wp\/v2\/posts"}],"about":[{"href":"https:\/\/rioonwatch.org.br\/index.php?rest_route=\/wp\/v2\/types\/post"}],"author":[{"embeddable":true,"href":"https:\/\/rioonwatch.org.br\/index.php?rest_route=\/wp\/v2\/users\/137"}],"replies":[{"embeddable":true,"href":"https:\/\/rioonwatch.org.br\/index.php?rest_route=%2Fwp%2Fv2%2Fcomments&post=12475"}],"version-history":[{"count":12,"href":"https:\/\/rioonwatch.org.br\/index.php?rest_route=\/wp\/v2\/posts\/12475\/revisions"}],"predecessor-version":[{"id":17754,"href":"https:\/\/rioonwatch.org.br\/index.php?rest_route=\/wp\/v2\/posts\/12475\/revisions\/17754"}],"wp:featuredmedia":[{"embeddable":true,"href":"https:\/\/rioonwatch.org.br\/index.php?rest_route=\/wp\/v2\/media\/12500"}],"wp:attachment":[{"href":"https:\/\/rioonwatch.org.br\/index.php?rest_route=%2Fwp%2Fv2%2Fmedia&parent=12475"}],"wp:term":[{"taxonomy":"category","embeddable":true,"href":"https:\/\/rioonwatch.org.br\/index.php?rest_route=%2Fwp%2Fv2%2Fcategories&post=12475"},{"taxonomy":"post_tag","embeddable":true,"href":"https:\/\/rioonwatch.org.br\/index.php?rest_route=%2Fwp%2Fv2%2Ftags&post=12475"},{"taxonomy":"writer","embeddable":true,"href":"https:\/\/rioonwatch.org.br\/index.php?rest_route=%2Fwp%2Fv2%2Fwriter&post=12475"},{"taxonomy":"translator","embeddable":true,"href":"https:\/\/rioonwatch.org.br\/index.php?rest_route=%2Fwp%2Fv2%2Ftranslator&post=12475"},{"taxonomy":"source","embeddable":true,"href":"https:\/\/rioonwatch.org.br\/index.php?rest_route=%2Fwp%2Fv2%2Fsource&post=12475"},{"taxonomy":"ilustrador","embeddable":true,"href":"https:\/\/rioonwatch.org.br\/index.php?rest_route=%2Fwp%2Fv2%2Filustrador&post=12475"},{"taxonomy":"fotografo","embeddable":true,"href":"https:\/\/rioonwatch.org.br\/index.php?rest_route=%2Fwp%2Fv2%2Ffotografo&post=12475"}],"curies":[{"name":"wp","href":"https:\/\/api.w.org\/{rel}","templated":true}]}}