{"id":12609,"date":"2014-10-30T09:00:13","date_gmt":"2014-10-30T12:00:13","guid":{"rendered":"http:\/\/rioonwatch.org.br\/?p=12609"},"modified":"2015-12-21T14:59:50","modified_gmt":"2015-12-21T17:59:50","slug":"um-pais-chamado-favela-por-renato-meirelles-e-celso-athayde-resenha","status":"publish","type":"post","link":"https:\/\/rioonwatch.org.br\/?p=12609","title":{"rendered":"Um Pa\u00eds Chamado Favela, por Renato Meirelles e Celso Athayde [RESENHA]"},"content":{"rendered":"<p style=\"text-align: right;\"><em><strong><a href=\"http:\/\/bit.ly\/1uygIq3\" target=\"_blank\">Click Here for English<img decoding=\"async\" width=\"20\" height=\"20\" class=\"alignright wp-image-15790\" src=\"http:\/\/rioonwatch.org.br\/wp-content\/uploads\/2012\/08\/EN-standard-e1439583104716.jpg\" alt=\"\" \/><\/a><\/strong><\/em><\/p>\n<p><a href=\"http:\/\/bit.ly\/1whR1ZQ\" target=\"_blank\"><em>Um Pa\u00eds Chamado Favela<\/em><\/a> de Renato Meirelles, presidente do <a href=\"http:\/\/bit.ly\/WQxMKi\" target=\"_blank\">Data Popular<\/a>, e Celso Athayde, co-fundador da\u00a0<a href=\"http:\/\/bit.ly\/RiW5a3\" target=\"_blank\">CUFA<\/a>, analisa as <a href=\"http:\/\/bit.ly\/1uRzOcM\" target=\"_blank\">conquistas das favelas<\/a> e seus avan\u00e7os econ\u00f4micos, com uma an\u00e1lise de <a href=\"http:\/\/bit.ly\/1thvCMW\" target=\"_blank\">moradias informais<\/a> e sua conjuntura econ\u00f4mica feita por especialistas qualificados e moradores\u00a0das favelas.<\/p>\n<p>O estudo \u201c<a href=\"http:\/\/bit.ly\/1a2Zhmm\" target=\"_blank\">Radiografia das Favelas Brasileiras<\/a>\u201d, produzido pelo rec\u00e9m-fundado <a href=\"http:\/\/bit.ly\/1pV9WnH\" target=\"_blank\">Instituto Data Favela<\/a>, investigou 63 favelas de diferentes regi\u00f5es do Brasil, entrevistando 2000 pessoas. As principais conclus\u00f5es referem-se \u00e0 capacidade econ\u00f4mica das favelas e com o aumento das taxas de emprego e dos sal\u00e1rios. Os resultados s\u00e3o abordados com cautela e enquadrados dentro dos contextos s\u00f3cio-pol\u00edticos hist\u00f3ricos. As estat\u00edsticas s\u00e3o acompanhadas de relatos reais e depoimentos dados pelos moradores.<\/p>\n<h3>Mudando a narrativa da favela<\/h3>\n<p>As <a href=\"http:\/\/bit.ly\/1g73xCv\" target=\"_blank\">promessas n\u00e3o cumpridas de melhorar as favelas atrav\u00e9s do desenvolvimento<\/a> e a explora\u00e7\u00e3o estrutural sofrida pelas favelas s\u00e3o discutidas\u00a0no livro. A narrativa de pobreza e mis\u00e9ria n\u00e3o representa as favelas; pelo contr\u00e1rio, \u00e9 uma narrativa que alimenta a <a href=\"http:\/\/bit.ly\/P4itK0\" target=\"_blank\">estigmatiza\u00e7\u00e3o<\/a> e a ideia do \u201coutro\u201d. Meirelles e Athayde contam hist\u00f3rias bem diferentes sobre as favelas, promovendo uma vis\u00e3o bem mais detalhada e ampliada do que os \u00faltimos dez anos trouxeram \u00e0 economia das favelas. Os objetivos do livro s\u00e3o desmistificar e eliminar a ingenuidade, ignor\u00e2ncia e romantiza\u00e7\u00e3o das favelas, promover a\u00e7\u00f5es nas favelas e atrair a aten\u00e7\u00e3o de atores Estatais e privados.<a href=\"http:\/\/rioonwatch.org.br\/wp-content\/uploads\/2014\/10\/favela-aprova.jpg\"><img fetchpriority=\"high\" decoding=\"async\" class=\"wp-image-12613 size-medium alignright\" title=\"Um Pa\u00eds Chamado Favela - Capa do livro\" src=\"http:\/\/rioonwatch.org.br\/wp-content\/uploads\/2014\/10\/favela-aprova-207x300.jpg\" alt=\"\" width=\"207\" height=\"300\" \/><\/a><\/p>\n<p>Os protagonistas dessas historias s\u00e3o os 11,7 milh\u00f5es de pessoas que vivem em\u00a0favelas (6% da popula\u00e7\u00e3o total do Brasil). Se as favelas fossem um estado, <a href=\"http:\/\/bit.ly\/Zxq3AQ\" target=\"_blank\">seria o quinto mais populoso do Brasil<\/a>. Os autores escrevem que a renda m\u00e9dia nas favelas cresceu em 54.7% nos \u00faltimos 10 anos, de R$603 em 2003 para R$1,068 em 2013. Esse aumento \u00e9 maior que o aumento de 37,9% da\u00a0m\u00e9dia nacional no mesmo per\u00edodo. Meirelles e Athayde argumentam que o aumento na renda das favelas \u00e9 resultado da cria\u00e7\u00e3o de empregos e de mecanismos de redistribui\u00e7\u00e3o de renda como o programa federal <a href=\"http:\/\/bit.ly\/1bVmvbP\" target=\"_blank\">Bolsa Fam\u00edlia<\/a>.<\/p>\n<p>Proporcionalmente, as favelas t\u00eam mais moradores\u00a0de classe m\u00e9dia que o Brasil como um todo: 65% nas favelas comparado a 54% nacionalmente. No Rio, bairros informais apresentam uma menor taxa de desemprego que as formais: 3.6% comparado a 4.8%. O estudo de 2013 descobriu que 49% dos moradores da favela trabalham em empregos formais, 21% em empregos informais, 19% trabalham de forma aut\u00f4noma, 4% s\u00e3o empregadores, 3% s\u00e3o funcion\u00e1rios p\u00fablicos, e 3% mant\u00e9m outros empregos.<\/p>\n<h3>Empreendedorismo e sucesso nas\u00a0favelas<\/h3>\n<p>Os autores contemplam como os ganhos das favelas podem permanecer circulando dentro das comunidades. <a href=\"http:\/\/bit.ly\/1pcvGLM\" target=\"_blank\">Favela Holding<\/a> \u00e9 a solu\u00e7\u00e3o que Meirelles prop\u00f5e&#8211;um empreendimento\u00a0da comunidade que promove novas empresas das favelas. O \u00faltimo projeto da <a href=\"http:\/\/bit.ly\/1pcvGLM\" target=\"_blank\">Favela Holding<\/a> \u00e9 construir um <a href=\"http:\/\/bbc.in\/XERFhS\" target=\"_blank\">shopping center<\/a> de R$23 milh\u00f5es no <a href=\"http:\/\/bit.ly\/U0MiGm\" target=\"_blank\">Complexo do Alem\u00e3o<\/a>. O shopping ter\u00e1 500 lojas, gerando 6,000 empregos diretos e 4,000 empregos indiretos. Diferente de outras conclus\u00f5es do livro, <a href=\"http:\/\/bbc.in\/XERFhS\" target=\"_blank\">essa \u00e9 a mais contestada<\/a> por outras\u00a0lideran\u00e7as de favela.<\/p>\n<p><a href=\"http:\/\/rioonwatch.org.br\/wp-content\/uploads\/2014\/10\/favela-alemao.jpg\"><img decoding=\"async\" class=\"aligncenter wp-image-12614\" title=\"O projeto para um shopping center no Complexo do Alem\u00e3o, por Gustavo Campana\/Divulga\u00e7\u00e3o\" src=\"http:\/\/rioonwatch.org.br\/wp-content\/uploads\/2014\/10\/favela-alemao.jpg\" alt=\"\" width=\"620\" height=\"236\" srcset=\"https:\/\/rioonwatch.org.br\/wp-content\/uploads\/2014\/10\/favela-alemao.jpg 650w, https:\/\/rioonwatch.org.br\/wp-content\/uploads\/2014\/10\/favela-alemao-620x236.jpg 620w\" sizes=\"(max-width: 620px) 100vw, 620px\" \/><\/a><\/p>\n<p><em>Um Pa\u00eds Chamado Favela<\/em> documenta hist\u00f3rias de empreendedorismo e sucesso nos neg\u00f3cios, desde o <a href=\"http:\/\/on.fb.me\/ZiG9Qw\" target=\"_blank\">Hostel Favela Inn<\/a> que prov\u00ea acomoda\u00e7\u00f5es e tours no <a href=\"http:\/\/bit.ly\/15YFPnL\" target=\"_blank\">Ch\u00e1peu-Mangueira<\/a> no Rio de Janeiro pr\u00f3ximo \u00e0 praia do Leme, \u00e0 iniciativa <a href=\"http:\/\/bit.ly\/1uqkstx\" target=\"_blank\">Banco Palmas<\/a> que est\u00e1 expandindo seus programas de <a href=\"http:\/\/bit.ly\/1nzJCVH\" target=\"_blank\">microcr\u00e9dito<\/a>\u00a0nas comunidades em Fortaleza, e <a href=\"http:\/\/bit.ly\/1uyq2ZY\" target=\"_blank\">Carteiro Amigo<\/a>, um sistema de entrega de correspond\u00eancia criado e administrado pela comunidade da Rocinha que mapeou e registrou 12.000 endere\u00e7os at\u00e9 agora, permitindo o acesso das entregas incluindo entregas da Internet em nove comunidades no Rio de Janeiro.<\/p>\n<h3>O processo transformador de &#8216;refavela&#8217;<\/h3>\n<p>O que contribui para o sucesso dos moradores? O estudo indica que 14% dos moradores acreditam que seu sucesso veio atrav\u00e9s do apoio\u00a0familiar, 40% acredita que tiveram sucesso por causa de sua cren\u00e7a em Deus e 42% d\u00e3o cr\u00e9dito \u00e0 seus pr\u00f3prios esfor\u00e7os. Fazer o melhor uso do capital dispon\u00edvel, redes de solidariedade e cr\u00e9dito econ\u00f4mico \u00e9 essencial. A mistura de la\u00e7os sociais (parentes e amigos) e mecanismos financeiros formais (como o microcr\u00e9dito) \u00e9 um componente significativo do sucesso empresarial das favelas. Elas mostram\u00a0que\u00a0<a href=\"http:\/\/bit.ly\/14mmjmG\" target=\"_blank\">coopera\u00e7\u00e3o e generosidade<\/a> s\u00e3o <a href=\"http:\/\/bit.ly\/1tjBesR\" target=\"_blank\">caminhos para o sucesso<\/a>.<\/p>\n<p>Entretanto, os autores alertam sobre as renovadas amea\u00e7as de depend\u00eancia e clientelismo, um cavalo de Tr\u00f3ia que qualquer um pode trazer para as favelas. Meirelles e Athayde argumentam que a favela deve ser respons\u00e1vel <a href=\"http:\/\/bit.ly\/1rOePGu\" target=\"_blank\">por sua pr\u00f3pria transforma\u00e7\u00e3o<\/a>: &#8220;A favela deve ser refavela, reinventar-se, reeducar-se e reprogramar-se. Se ela n\u00e3o souber cogerir o processo de transforma\u00e7\u00e3o, vai preservar o desequil\u00edbrio e descompasso, entregando nas m\u00e3os dos outros a constru\u00e7\u00e3o de seu futuro.&#8221;<\/p>\n<p>Documentando as esperan\u00e7as e sonhos dos moradores\u00a0de um futuro mais justo para todos, os autores enfatizam o esp\u00edrito de solidariedade das favelas: \u201cPor natureza, as favelas s\u00e3o mais coletivas e cada um de seus\u00a0moradores\u00a0representa uma s\u00e9rie de desejos, aspira\u00e7\u00f5es, ressentimentos, rancores, amores e sonhos. Negociar com um favelado \u00e9, em muitos casos, negociar com todos\u201d.<\/p>\n<p>Solidariedade e o sentimento de pertencimento contribui para a felicidade. <a href=\"http:\/\/bit.ly\/1qNFG5d\" target=\"_blank\">94%<\/a> dos moradores das favelas se consideram felizes (1% a mais que a m\u00e9dia dos brasileiros), 81% deles gostam das favelas, 66% n\u00e3o deixariam sua comunidade e 62% se orgulham\u00a0de morar l\u00e1. A determina\u00e7\u00e3o no combate ao <a href=\"http:\/\/bit.ly\/P4itK0\" target=\"_blank\">estigma<\/a> empurra para frente o desenvolvimento econ\u00f4mico para combater inseguran\u00e7as financeiras, assim como as muitas batalhas que os moradores\u00a0das favelas enfrentam e que n\u00e3o poderiam ser mencionadas em um \u00fanico livro, mostram a resili\u00eancia e a esperan\u00e7a que percorrem as favelas do Brasil.<\/p>\n<!-- AddThis Advanced Settings generic via filter on the_content --><!-- AddThis Share Buttons generic via filter on the_content -->","protected":false},"excerpt":{"rendered":"<div class=\"mh-excerpt\"><p>Click Here for English Um Pa\u00eds Chamado Favela de Renato Meirelles, presidente do Data Popular, e Celso Athayde, co-fundador da\u00a0CUFA, analisa as conquistas das favelas e seus avan\u00e7os econ\u00f4micos, com uma an\u00e1lise de moradias informais <a class=\"mh-excerpt-more\" href=\"https:\/\/rioonwatch.org.br\/?p=12609\" title=\"Um Pa\u00eds Chamado Favela, por Renato Meirelles e Celso Athayde [RESENHA]\">[&#8230;]<\/a><!-- AddThis Advanced Settings generic via filter on get_the_excerpt --><!-- AddThis Share Buttons generic via filter on get_the_excerpt --><\/p>\n<\/div>","protected":false},"author":137,"featured_media":12611,"comment_status":"closed","ping_status":"closed","sticky":false,"template":"","format":"standard","meta":{"_acf_changed":false,"_monsterinsights_skip_tracking":false,"_monsterinsights_sitenote_active":false,"_monsterinsights_sitenote_note":"","_monsterinsights_sitenote_category":0,"footnotes":""},"categories":[1626,344,342],"tags":[386,698,217,1319,687,128,1317,690,958,16,999,476,354],"writer":[1237],"translator":[1276],"source":[],"ilustrador":[],"fotografo":[],"class_list":{"0":"post-12609","1":"post","2":"type-post","3":"status-publish","4":"format-standard","5":"has-post-thumbnail","7":"category-por-observadores-internacionais","8":"category-politicas","9":"category-solucoes","10":"tag-estigma","11":"tag-comercio-comunitario","12":"tag-complexo-do-alemao","13":"tag-cufa","14":"tag-economia","15":"tag-historia","16":"tag-livro","17":"tag-microcredito","18":"tag-resenha-de-livro","19":"tag-rocinha","20":"tag-shopping","21":"tag-solucao-comunitaria","22":"tag-vidigal","23":"writer-andrea-cangialosi","24":"translator-guilherme-cardim"},"acf":[],"yoast_head":"<!-- This site is optimized with the Yoast SEO plugin v25.6 - https:\/\/yoast.com\/wordpress\/plugins\/seo\/ -->\n<title>Um Pa\u00eds Chamado Favela, por Renato Meirelles e Celso Athayde [RESENHA] - RioOnWatch<\/title>\n<meta name=\"robots\" content=\"index, follow, max-snippet:-1, max-image-preview:large, max-video-preview:-1\" \/>\n<link rel=\"canonical\" href=\"https:\/\/rioonwatch.org.br\/?p=12609\" \/>\n<meta property=\"og:locale\" content=\"pt_BR\" \/>\n<meta property=\"og:type\" content=\"article\" \/>\n<meta property=\"og:title\" content=\"Um Pa\u00eds Chamado Favela, por Renato Meirelles e Celso Athayde [RESENHA] - RioOnWatch\" \/>\n<meta property=\"og:description\" content=\"Click Here for English Um Pa\u00eds Chamado Favela de Renato Meirelles, presidente do Data Popular, e Celso Athayde, co-fundador da\u00a0CUFA, analisa as conquistas das favelas e seus avan\u00e7os econ\u00f4micos, com uma an\u00e1lise de moradias informais [...]\" \/>\n<meta property=\"og:url\" content=\"https:\/\/rioonwatch.org.br\/?p=12609\" \/>\n<meta property=\"og:site_name\" content=\"RioOnWatch\" \/>\n<meta property=\"article:published_time\" content=\"2014-10-30T12:00:13+00:00\" \/>\n<meta property=\"article:modified_time\" content=\"2015-12-21T17:59:50+00:00\" \/>\n<meta property=\"og:image\" content=\"https:\/\/rioonwatch.org.br\/wp-content\/uploads\/2014\/10\/favela-aprova1.jpg\" \/>\n\t<meta property=\"og:image:width\" content=\"1504\" \/>\n\t<meta property=\"og:image:height\" content=\"640\" \/>\n\t<meta property=\"og:image:type\" content=\"image\/jpeg\" \/>\n<meta name=\"author\" content=\"Nicole Froio\" \/>\n<meta name=\"twitter:card\" content=\"summary_large_image\" \/>\n<meta name=\"twitter:label1\" content=\"Escrito por\" \/>\n\t<meta name=\"twitter:data1\" content=\"Nicole Froio\" \/>\n\t<meta name=\"twitter:label2\" content=\"Est. tempo de leitura\" \/>\n\t<meta name=\"twitter:data2\" content=\"5 minutos\" \/>\n<script type=\"application\/ld+json\" class=\"yoast-schema-graph\">{\"@context\":\"https:\/\/schema.org\",\"@graph\":[{\"@type\":\"Article\",\"@id\":\"https:\/\/rioonwatch.org.br\/?p=12609#article\",\"isPartOf\":{\"@id\":\"https:\/\/rioonwatch.org.br\/?p=12609\"},\"author\":{\"name\":\"Nicole Froio\",\"@id\":\"https:\/\/rioonwatch.org.br\/#\/schema\/person\/e07d559fe2154d11fd3ec515e35695ee\"},\"headline\":\"Um Pa\u00eds Chamado Favela, por Renato Meirelles e Celso Athayde [RESENHA]\",\"datePublished\":\"2014-10-30T12:00:13+00:00\",\"dateModified\":\"2015-12-21T17:59:50+00:00\",\"mainEntityOfPage\":{\"@id\":\"https:\/\/rioonwatch.org.br\/?p=12609\"},\"wordCount\":959,\"publisher\":{\"@id\":\"https:\/\/rioonwatch.org.br\/#organization\"},\"image\":{\"@id\":\"https:\/\/rioonwatch.org.br\/?p=12609#primaryimage\"},\"thumbnailUrl\":\"https:\/\/rioonwatch.org.br\/wp-content\/uploads\/2014\/10\/favela-aprova1.jpg\",\"keywords\":[\"#StopFavelaStigma\",\"com\u00e9rcio comunit\u00e1rio\",\"Complexo do Alem\u00e3o\",\"CUFA\",\"economia\",\"hist\u00f3ria\",\"livro\",\"microcr\u00e9dito\",\"resenha de livro\",\"Rocinha\",\"shopping\",\"solu\u00e7\u00e3o comunit\u00e1ria\",\"Vidigal\"],\"articleSection\":[\"Escrito por Aliados\",\"Pol\u00edticas\",\"Solu\u00e7\u00f5es\"],\"inLanguage\":\"pt-BR\"},{\"@type\":\"WebPage\",\"@id\":\"https:\/\/rioonwatch.org.br\/?p=12609\",\"url\":\"https:\/\/rioonwatch.org.br\/?p=12609\",\"name\":\"Um Pa\u00eds Chamado Favela, por Renato Meirelles e Celso Athayde [RESENHA] - RioOnWatch\",\"isPartOf\":{\"@id\":\"https:\/\/rioonwatch.org.br\/#website\"},\"primaryImageOfPage\":{\"@id\":\"https:\/\/rioonwatch.org.br\/?p=12609#primaryimage\"},\"image\":{\"@id\":\"https:\/\/rioonwatch.org.br\/?p=12609#primaryimage\"},\"thumbnailUrl\":\"https:\/\/rioonwatch.org.br\/wp-content\/uploads\/2014\/10\/favela-aprova1.jpg\",\"datePublished\":\"2014-10-30T12:00:13+00:00\",\"dateModified\":\"2015-12-21T17:59:50+00:00\",\"breadcrumb\":{\"@id\":\"https:\/\/rioonwatch.org.br\/?p=12609#breadcrumb\"},\"inLanguage\":\"pt-BR\",\"potentialAction\":[{\"@type\":\"ReadAction\",\"target\":[\"https:\/\/rioonwatch.org.br\/?p=12609\"]}]},{\"@type\":\"ImageObject\",\"inLanguage\":\"pt-BR\",\"@id\":\"https:\/\/rioonwatch.org.br\/?p=12609#primaryimage\",\"url\":\"https:\/\/rioonwatch.org.br\/wp-content\/uploads\/2014\/10\/favela-aprova1.jpg\",\"contentUrl\":\"https:\/\/rioonwatch.org.br\/wp-content\/uploads\/2014\/10\/favela-aprova1.jpg\",\"width\":1504,\"height\":640},{\"@type\":\"BreadcrumbList\",\"@id\":\"https:\/\/rioonwatch.org.br\/?p=12609#breadcrumb\",\"itemListElement\":[{\"@type\":\"ListItem\",\"position\":1,\"name\":\"In\u00edcio\",\"item\":\"https:\/\/rioonwatch.org.br\/\"},{\"@type\":\"ListItem\",\"position\":2,\"name\":\"Um Pa\u00eds Chamado Favela, por Renato Meirelles e Celso Athayde [RESENHA]\"}]},{\"@type\":\"WebSite\",\"@id\":\"https:\/\/rioonwatch.org.br\/#website\",\"url\":\"https:\/\/rioonwatch.org.br\/\",\"name\":\"RioOnWatch\",\"description\":\"relatos das favelas cariocas\",\"publisher\":{\"@id\":\"https:\/\/rioonwatch.org.br\/#organization\"},\"potentialAction\":[{\"@type\":\"SearchAction\",\"target\":{\"@type\":\"EntryPoint\",\"urlTemplate\":\"https:\/\/rioonwatch.org.br\/?s={search_term_string}\"},\"query-input\":{\"@type\":\"PropertyValueSpecification\",\"valueRequired\":true,\"valueName\":\"search_term_string\"}}],\"inLanguage\":\"pt-BR\"},{\"@type\":\"Organization\",\"@id\":\"https:\/\/rioonwatch.org.br\/#organization\",\"name\":\"RioOnWatch\",\"url\":\"https:\/\/rioonwatch.org.br\/\",\"logo\":{\"@type\":\"ImageObject\",\"inLanguage\":\"pt-BR\",\"@id\":\"https:\/\/rioonwatch.org.br\/#\/schema\/logo\/image\/\",\"url\":\"https:\/\/rioonwatch.org.br\/wp-content\/uploads\/2021\/06\/RioOnWatchcabecalhoPT11anos-2.png\",\"contentUrl\":\"https:\/\/rioonwatch.org.br\/wp-content\/uploads\/2021\/06\/RioOnWatchcabecalhoPT11anos-2.png\",\"width\":779,\"height\":277,\"caption\":\"RioOnWatch\"},\"image\":{\"@id\":\"https:\/\/rioonwatch.org.br\/#\/schema\/logo\/image\/\"}},{\"@type\":\"Person\",\"@id\":\"https:\/\/rioonwatch.org.br\/#\/schema\/person\/e07d559fe2154d11fd3ec515e35695ee\",\"name\":\"Nicole Froio\",\"image\":{\"@type\":\"ImageObject\",\"inLanguage\":\"pt-BR\",\"@id\":\"https:\/\/rioonwatch.org.br\/#\/schema\/person\/image\/\",\"url\":\"https:\/\/secure.gravatar.com\/avatar\/0acdbd6878ca0ac29aa5ce6c6119d636?s=96&d=blank&r=g\",\"contentUrl\":\"https:\/\/secure.gravatar.com\/avatar\/0acdbd6878ca0ac29aa5ce6c6119d636?s=96&d=blank&r=g\",\"caption\":\"Nicole Froio\"},\"url\":\"https:\/\/rioonwatch.org.br\/?author=137\"}]}<\/script>\n<!-- \/ Yoast SEO plugin. -->","yoast_head_json":{"title":"Um Pa\u00eds Chamado Favela, por Renato Meirelles e Celso Athayde [RESENHA] - RioOnWatch","robots":{"index":"index","follow":"follow","max-snippet":"max-snippet:-1","max-image-preview":"max-image-preview:large","max-video-preview":"max-video-preview:-1"},"canonical":"https:\/\/rioonwatch.org.br\/?p=12609","og_locale":"pt_BR","og_type":"article","og_title":"Um Pa\u00eds Chamado Favela, por Renato Meirelles e Celso Athayde [RESENHA] - RioOnWatch","og_description":"Click Here for English Um Pa\u00eds Chamado Favela de Renato Meirelles, presidente do Data Popular, e Celso Athayde, co-fundador da\u00a0CUFA, analisa as conquistas das favelas e seus avan\u00e7os econ\u00f4micos, com uma an\u00e1lise de moradias informais [...]","og_url":"https:\/\/rioonwatch.org.br\/?p=12609","og_site_name":"RioOnWatch","article_published_time":"2014-10-30T12:00:13+00:00","article_modified_time":"2015-12-21T17:59:50+00:00","og_image":[{"width":1504,"height":640,"url":"https:\/\/rioonwatch.org.br\/wp-content\/uploads\/2014\/10\/favela-aprova1.jpg","type":"image\/jpeg"}],"author":"Nicole Froio","twitter_card":"summary_large_image","twitter_misc":{"Escrito por":"Nicole Froio","Est. tempo de leitura":"5 minutos"},"schema":{"@context":"https:\/\/schema.org","@graph":[{"@type":"Article","@id":"https:\/\/rioonwatch.org.br\/?p=12609#article","isPartOf":{"@id":"https:\/\/rioonwatch.org.br\/?p=12609"},"author":{"name":"Nicole Froio","@id":"https:\/\/rioonwatch.org.br\/#\/schema\/person\/e07d559fe2154d11fd3ec515e35695ee"},"headline":"Um Pa\u00eds Chamado Favela, por Renato Meirelles e Celso Athayde [RESENHA]","datePublished":"2014-10-30T12:00:13+00:00","dateModified":"2015-12-21T17:59:50+00:00","mainEntityOfPage":{"@id":"https:\/\/rioonwatch.org.br\/?p=12609"},"wordCount":959,"publisher":{"@id":"https:\/\/rioonwatch.org.br\/#organization"},"image":{"@id":"https:\/\/rioonwatch.org.br\/?p=12609#primaryimage"},"thumbnailUrl":"https:\/\/rioonwatch.org.br\/wp-content\/uploads\/2014\/10\/favela-aprova1.jpg","keywords":["#StopFavelaStigma","com\u00e9rcio comunit\u00e1rio","Complexo do Alem\u00e3o","CUFA","economia","hist\u00f3ria","livro","microcr\u00e9dito","resenha de livro","Rocinha","shopping","solu\u00e7\u00e3o comunit\u00e1ria","Vidigal"],"articleSection":["Escrito por Aliados","Pol\u00edticas","Solu\u00e7\u00f5es"],"inLanguage":"pt-BR"},{"@type":"WebPage","@id":"https:\/\/rioonwatch.org.br\/?p=12609","url":"https:\/\/rioonwatch.org.br\/?p=12609","name":"Um Pa\u00eds Chamado Favela, por Renato Meirelles e Celso Athayde [RESENHA] - RioOnWatch","isPartOf":{"@id":"https:\/\/rioonwatch.org.br\/#website"},"primaryImageOfPage":{"@id":"https:\/\/rioonwatch.org.br\/?p=12609#primaryimage"},"image":{"@id":"https:\/\/rioonwatch.org.br\/?p=12609#primaryimage"},"thumbnailUrl":"https:\/\/rioonwatch.org.br\/wp-content\/uploads\/2014\/10\/favela-aprova1.jpg","datePublished":"2014-10-30T12:00:13+00:00","dateModified":"2015-12-21T17:59:50+00:00","breadcrumb":{"@id":"https:\/\/rioonwatch.org.br\/?p=12609#breadcrumb"},"inLanguage":"pt-BR","potentialAction":[{"@type":"ReadAction","target":["https:\/\/rioonwatch.org.br\/?p=12609"]}]},{"@type":"ImageObject","inLanguage":"pt-BR","@id":"https:\/\/rioonwatch.org.br\/?p=12609#primaryimage","url":"https:\/\/rioonwatch.org.br\/wp-content\/uploads\/2014\/10\/favela-aprova1.jpg","contentUrl":"https:\/\/rioonwatch.org.br\/wp-content\/uploads\/2014\/10\/favela-aprova1.jpg","width":1504,"height":640},{"@type":"BreadcrumbList","@id":"https:\/\/rioonwatch.org.br\/?p=12609#breadcrumb","itemListElement":[{"@type":"ListItem","position":1,"name":"In\u00edcio","item":"https:\/\/rioonwatch.org.br\/"},{"@type":"ListItem","position":2,"name":"Um Pa\u00eds Chamado Favela, por Renato Meirelles e Celso Athayde [RESENHA]"}]},{"@type":"WebSite","@id":"https:\/\/rioonwatch.org.br\/#website","url":"https:\/\/rioonwatch.org.br\/","name":"RioOnWatch","description":"relatos das favelas cariocas","publisher":{"@id":"https:\/\/rioonwatch.org.br\/#organization"},"potentialAction":[{"@type":"SearchAction","target":{"@type":"EntryPoint","urlTemplate":"https:\/\/rioonwatch.org.br\/?s={search_term_string}"},"query-input":{"@type":"PropertyValueSpecification","valueRequired":true,"valueName":"search_term_string"}}],"inLanguage":"pt-BR"},{"@type":"Organization","@id":"https:\/\/rioonwatch.org.br\/#organization","name":"RioOnWatch","url":"https:\/\/rioonwatch.org.br\/","logo":{"@type":"ImageObject","inLanguage":"pt-BR","@id":"https:\/\/rioonwatch.org.br\/#\/schema\/logo\/image\/","url":"https:\/\/rioonwatch.org.br\/wp-content\/uploads\/2021\/06\/RioOnWatchcabecalhoPT11anos-2.png","contentUrl":"https:\/\/rioonwatch.org.br\/wp-content\/uploads\/2021\/06\/RioOnWatchcabecalhoPT11anos-2.png","width":779,"height":277,"caption":"RioOnWatch"},"image":{"@id":"https:\/\/rioonwatch.org.br\/#\/schema\/logo\/image\/"}},{"@type":"Person","@id":"https:\/\/rioonwatch.org.br\/#\/schema\/person\/e07d559fe2154d11fd3ec515e35695ee","name":"Nicole Froio","image":{"@type":"ImageObject","inLanguage":"pt-BR","@id":"https:\/\/rioonwatch.org.br\/#\/schema\/person\/image\/","url":"https:\/\/secure.gravatar.com\/avatar\/0acdbd6878ca0ac29aa5ce6c6119d636?s=96&d=blank&r=g","contentUrl":"https:\/\/secure.gravatar.com\/avatar\/0acdbd6878ca0ac29aa5ce6c6119d636?s=96&d=blank&r=g","caption":"Nicole Froio"},"url":"https:\/\/rioonwatch.org.br\/?author=137"}]}},"_links":{"self":[{"href":"https:\/\/rioonwatch.org.br\/index.php?rest_route=\/wp\/v2\/posts\/12609"}],"collection":[{"href":"https:\/\/rioonwatch.org.br\/index.php?rest_route=\/wp\/v2\/posts"}],"about":[{"href":"https:\/\/rioonwatch.org.br\/index.php?rest_route=\/wp\/v2\/types\/post"}],"author":[{"embeddable":true,"href":"https:\/\/rioonwatch.org.br\/index.php?rest_route=\/wp\/v2\/users\/137"}],"replies":[{"embeddable":true,"href":"https:\/\/rioonwatch.org.br\/index.php?rest_route=%2Fwp%2Fv2%2Fcomments&post=12609"}],"version-history":[{"count":16,"href":"https:\/\/rioonwatch.org.br\/index.php?rest_route=\/wp\/v2\/posts\/12609\/revisions"}],"predecessor-version":[{"id":17739,"href":"https:\/\/rioonwatch.org.br\/index.php?rest_route=\/wp\/v2\/posts\/12609\/revisions\/17739"}],"wp:featuredmedia":[{"embeddable":true,"href":"https:\/\/rioonwatch.org.br\/index.php?rest_route=\/wp\/v2\/media\/12611"}],"wp:attachment":[{"href":"https:\/\/rioonwatch.org.br\/index.php?rest_route=%2Fwp%2Fv2%2Fmedia&parent=12609"}],"wp:term":[{"taxonomy":"category","embeddable":true,"href":"https:\/\/rioonwatch.org.br\/index.php?rest_route=%2Fwp%2Fv2%2Fcategories&post=12609"},{"taxonomy":"post_tag","embeddable":true,"href":"https:\/\/rioonwatch.org.br\/index.php?rest_route=%2Fwp%2Fv2%2Ftags&post=12609"},{"taxonomy":"writer","embeddable":true,"href":"https:\/\/rioonwatch.org.br\/index.php?rest_route=%2Fwp%2Fv2%2Fwriter&post=12609"},{"taxonomy":"translator","embeddable":true,"href":"https:\/\/rioonwatch.org.br\/index.php?rest_route=%2Fwp%2Fv2%2Ftranslator&post=12609"},{"taxonomy":"source","embeddable":true,"href":"https:\/\/rioonwatch.org.br\/index.php?rest_route=%2Fwp%2Fv2%2Fsource&post=12609"},{"taxonomy":"ilustrador","embeddable":true,"href":"https:\/\/rioonwatch.org.br\/index.php?rest_route=%2Fwp%2Fv2%2Filustrador&post=12609"},{"taxonomy":"fotografo","embeddable":true,"href":"https:\/\/rioonwatch.org.br\/index.php?rest_route=%2Fwp%2Fv2%2Ffotografo&post=12609"}],"curies":[{"name":"wp","href":"https:\/\/api.w.org\/{rel}","templated":true}]}}