{"id":12618,"date":"2014-10-27T09:00:55","date_gmt":"2014-10-27T12:00:55","guid":{"rendered":"http:\/\/rioonwatch.org.br\/?p=12618"},"modified":"2015-12-21T15:17:25","modified_gmt":"2015-12-21T18:17:25","slug":"cracolandia-na-mare-poder-publico-ausente-ha-tres-anos","status":"publish","type":"post","link":"https:\/\/rioonwatch.org.br\/?p=12618","title":{"rendered":"Cracol\u00e2ndia na Mar\u00e9: Poder P\u00fablico Ausente H\u00e1 Tr\u00eas Anos"},"content":{"rendered":"<p style=\"text-align: right;\"><em><strong><a href=\"http:\/\/bit.ly\/1pMx1A4\" target=\"_blank\">Click Here for English<img decoding=\"async\" width=\"20\" height=\"20\" class=\"alignright wp-image-15790\" src=\"http:\/\/rioonwatch.org.br\/wp-content\/uploads\/2012\/08\/EN-standard-e1439583104716.jpg\" alt=\"\" \/><\/a><\/strong><\/em><\/p>\n<p>O poder p\u00fablico est\u00e1 se mostrando incapaz de encarar um enorme e desafiador problema de sa\u00fade p\u00fablica: o v\u00edcio em drogas.\u00a0Atualmente na Nova Holanda, uma das 16\u00a0favelas da\u00a0<a href=\"http:\/\/bit.ly\/10BvARw\" target=\"_blank\">Mar\u00e9<\/a>, a neglig\u00eancia dos governos estadual e municipal t\u00eam resultado na maior cracol\u00e2ndia do Rio de Janeiro, com cerca de 500 usu\u00e1rios de crack.<\/p>\n<p>A visibilidade do assunto gra\u00e7as \u00e0 not\u00edcias sensacionalistas no ano passado mostravam diariamente usu\u00e1rios em clima de persegui\u00e7\u00e3o, usando a droga ou fugindo de a\u00e7\u00f5es de recolhimento da\u00a0Secretaria Municipal de Assist\u00eancia Social (SMAS). Serviu como forma de denunciar e chocar a popula\u00e7\u00e3o a\u00a0respeito dos dependentes que se agrupavam as margens da Avenida Brasil. Um dos\u00a0motivos usados por grandes ve\u00edculos de comunica\u00e7\u00e3o para criminaliz\u00e1-los, foi culp\u00e1-los por roubos,\u00a0assaltos e at\u00e9 estupros, pr\u00f3ximos ao local.<\/p>\n<p>Com den\u00fancia midi\u00e1tica e opera\u00e7\u00f5es de recolhimento, a Prefeitura do Rio colocou em 2013 uma\u00a0viatura da PM e da Guarda Municipal por 24 horas no local, como forma de oprimir e impedir a volta dos\u00a0usu\u00e1rios que ficaram pr\u00f3ximos \u00e0 entrada do Parque Uni\u00e3o. O controle n\u00e3o durou por muito\u00a0tempo, pois fez a cracol\u00e2ndia migrar para dentro da Mar\u00e9 ap\u00f3s a ocupa\u00e7\u00e3o da pol\u00edcia nas favelas de<span style=\"font-size: 13px;\">\u00a0<\/span><a style=\"font-size: 13px;\" href=\"http:\/\/bit.ly\/ZC9b6z\" target=\"_blank\">Manguinhos<\/a><span style=\"font-size: 13px;\"> e <\/span><a style=\"font-size: 13px;\" href=\"http:\/\/bit.ly\/19t7wK0\" target=\"_blank\">Jacarezinho<\/a><span style=\"font-size: 13px;\">,\u00a0<\/span>onde os usu\u00e1rios de drogas (entre eles homens, crian\u00e7as, gr\u00e1vidas e\u00a0idosos) se concentravam.<\/p>\n<p><span style=\"font-size: 13px;\">Opera\u00e7\u00f5es foram uma forma falha de lidar com a situa\u00e7\u00e3o desumana e incompreens\u00edvel. Um\u00a0exemplo disso foi em janeiro de 2013, quando\u00a0<\/span><span style=\"font-size: 13px;\">uma <\/span><a style=\"font-size: 13px;\" href=\"http:\/\/glo.bo\/1vr2hpE\" target=\"_blank\">crian\u00e7a de 10 anos morreu atropelada na\u00a0Avenida Brasil<\/a><span style=\"font-size: 13px;\">, quando fugia de agentes da Pol\u00edcia Militar e da SMAS que realizavam uma opera\u00e7\u00e3o de recolhimento. Diversas mortes como essa passam em branco\u00a0porque n\u00e3o h\u00e1 interesse em cobrir aqueles que se esconderam dentro do conjunto de\u00a0favelas da Mar\u00e9 mas existem e sofrem todos os dias.<\/span><\/p>\n<p><a href=\"http:\/\/rioonwatch.org.br\/wp-content\/uploads\/2014\/10\/Morador-de-rua_Rio-de-Janeiro00081.jpg\"><img fetchpriority=\"high\" decoding=\"async\" class=\"aligncenter wp-image-12813\" title=\"Morador de rua no Rio de Janeiro. Imagem: Fotos P\u00fablicas\" src=\"http:\/\/rioonwatch.org.br\/wp-content\/uploads\/2014\/10\/Morador-de-rua_Rio-de-Janeiro00081.jpg\" alt=\"Morador-de-rua_Rio-de-Janeiro0008\" width=\"621\" height=\"347\" srcset=\"https:\/\/rioonwatch.org.br\/wp-content\/uploads\/2014\/10\/Morador-de-rua_Rio-de-Janeiro00081.jpg 1000w, https:\/\/rioonwatch.org.br\/wp-content\/uploads\/2014\/10\/Morador-de-rua_Rio-de-Janeiro00081-472x264.jpg 472w, https:\/\/rioonwatch.org.br\/wp-content\/uploads\/2014\/10\/Morador-de-rua_Rio-de-Janeiro00081-620x347.jpg 620w, https:\/\/rioonwatch.org.br\/wp-content\/uploads\/2014\/10\/Morador-de-rua_Rio-de-Janeiro00081-174x98.jpg 174w\" sizes=\"(max-width: 621px) 100vw, 621px\" \/><\/a><\/p>\n<p>O Brasil, <a href=\"http:\/\/glo.bo\/1sct0Co\" target=\"_blank\">maior pa\u00eds consumidor de crack do mundo<\/a>, segundo estudo da Universidade Federal de\u00a0S\u00e3o Paulo (UFSP), lida com isso como caso de seguran\u00e7a p\u00fablica, e n\u00e3o de sa\u00fade p\u00fablica. A\u00a0atua\u00e7\u00e3o de opera\u00e7\u00f5es e mega opera\u00e7\u00f5es feitas por agentes de sa\u00fade e policiais acontece de forma\u00a0arbitr\u00e1ria, com deten\u00e7\u00e3o, pris\u00e3o e at\u00e9 interna\u00e7\u00e3o involunt\u00e1ria\u2013a\u00e7\u00f5es autorizadas pela Assist\u00eancia\u00a0Social e a Vara da Inf\u00e2ncia e Juventude. Os usu\u00e1rios de droga menores de idade recolhidos s\u00e3o\u00a0encaminhados compulsoriamente para tratamento em abrigos municipais. E adultos, para Centros\u00a0de Aten\u00e7\u00e3o Psicossocial, ambos privados de liberdade de escolha.<\/p>\n<p><span style=\"font-size: 13px;\">De acordo com o\u00a0<\/span><a style=\"font-size: 13px;\" href=\"http:\/\/bit.ly\/1D9rcPn\" target=\"_blank\">Relat\u00f3rio<\/a> da 4\u00ba Inspe\u00e7\u00e3o Nacional de Direitos Humanos<span style=\"font-size: 13px;\">,\u00a0<\/span>apesar da lei n\u00ba 10.216\u00a0prever a interna\u00e7\u00e3o compuls\u00f3ria como medida a ser adotada por um juiz, o que acontece na\u00a0pr\u00e1tica s\u00e3o maus-tratos, viol\u00eancia f\u00edsica e humilha\u00e7\u00f5es constantes. <a href=\"http:\/\/bit.ly\/1FMCKKC\" target=\"_blank\">H\u00e1 tamb\u00e9m registros de tortura\u00a0f\u00edsica e psicol\u00f3gica<\/a>.<\/p>\n<p><span style=\"font-size: 13px;\">Segundo nota da Prefeitura do Rio, no munic\u00edpio h\u00e1 13 Centros de Aten\u00e7\u00e3o Psicossocial (CAPS), 4\u00a0Centros de Aten\u00e7\u00e3o Psicossocial \u00c1lcool Drogas (CAPSad) e 7 Centros de Aten\u00e7\u00e3o Psicossocial\u00a0infantil (CAPSi), totalizando 24 unidades especializadas. Outras 3 das redes estadual e federal\u00a0completam 27 CAPS. A nota ainda revela que este n\u00famero de centros de atendimento n\u00e3o \u00e9 suficiente, pois o pa\u00eds possui 6,3 mil pessoas em situa\u00e7\u00e3o de rua,\u00a0sendo 600 identificadas no perfil de tratamento mais intensivo necess\u00e1rio para pessoas viciadas no crack. Outros\u00a0n\u00fameros oficiais, do\u00a0 Minist\u00e9rio de Desenvolvimento Social, revelam que a situa\u00e7\u00e3o pode ser ainda pior: haviam<\/span><span style=\"font-size: 13px;\">\u00a0<\/span><a style=\"font-size: 13px;\" href=\"http:\/\/bit.ly\/1nkAzI7\" target=\"_blank\">32 mil brasileiros morando na rua em 2008<\/a><span style=\"font-size: 13px;\">. Sem escolha de reconhecimento como parte da sociedade, o mundo das drogas acaba sendo o caminho\u00a0escolhido por muitos, pela falta de acesso \u00e0 moradia, educa\u00e7\u00e3o, sa\u00fade e outros direitos que, perante\u00a0a lei, deveriam possuir.<\/span><\/p>\n<p><a href=\"http:\/\/rioonwatch.org.br\/wp-content\/uploads\/2014\/10\/P9235734.jpg\"><img decoding=\"async\" class=\"aligncenter wp-image-12621\" src=\"http:\/\/rioonwatch.org.br\/wp-content\/uploads\/2014\/10\/P9235734.jpg\" alt=\"Foto por Tha\u00eds Cavalcante\" width=\"620\" height=\"465\" srcset=\"https:\/\/rioonwatch.org.br\/wp-content\/uploads\/2014\/10\/P9235734.jpg 1000w, https:\/\/rioonwatch.org.br\/wp-content\/uploads\/2014\/10\/P9235734-352x264.jpg 352w, https:\/\/rioonwatch.org.br\/wp-content\/uploads\/2014\/10\/P9235734-620x465.jpg 620w, https:\/\/rioonwatch.org.br\/wp-content\/uploads\/2014\/10\/P9235734-174x131.jpg 174w, https:\/\/rioonwatch.org.br\/wp-content\/uploads\/2014\/10\/P9235734-300x225.jpg 300w, https:\/\/rioonwatch.org.br\/wp-content\/uploads\/2014\/10\/P9235734-70x53.jpg 70w\" sizes=\"(max-width: 620px) 100vw, 620px\" \/><\/a><\/p>\n<p>Os efeitos da droga s\u00e3o degradantes para o corpo e a mente, gerando paran\u00f3ia, irrita\u00e7\u00e3o,\u00a0emagrecimento, depress\u00e3o, problemas card\u00edacos, respirat\u00f3rios, entre outros. Por\u00e9m a exposi\u00e7\u00e3o \u00e0\u00a0<a href=\"http:\/\/bit.ly\/1qugkT2\" target=\"_blank\">viol\u00eancia das ruas<\/a>\u00a0traz ainda mais perigo ao conjunto de riscos.\u00a0De acordo com Adn\u00e9ia Trupati, diretora de forma\u00e7\u00e3o do Programa Crack \u00c9 Poss\u00edvel Vencer, \u201cquando uma pessoa fica doente por causa da depend\u00eancia qu\u00edmica, a parte biol\u00f3gica e psicol\u00f3gica est\u00e3o afetadas e as rela\u00e7\u00f5es sociais tamb\u00e9m. A interven\u00e7\u00e3o policial n\u00e3o vai dar conta dessas tr\u00eas dimens\u00f5es. No programa do Governo Federal, existem atividades que podem suprir todos os aspectos psicosociais, e atividades sociais, de suporte psicol\u00f3gico e que possam ajudar a vencer a depend\u00eancia qu\u00edmica\u201d. Atualmente, o foco do programa \u00e9 na preven\u00e7\u00e3o.<\/p>\n<p>Uma das medidas para maquiar a cracol\u00e2ndia na Nova Holanda h\u00e1 tr\u00eas anos, foi o\u00a0investimento de bilh\u00f5es de reais em &#8220;Seguran\u00e7a P\u00fablica&#8221;, que desde abril deste ano<span style=\"font-size: 13px;\">\u00a0<\/span><a style=\"font-size: 13px;\" href=\"http:\/\/bit.ly\/1sRmbs5\" target=\"_blank\">mant\u00e9m\u00a0quase 2 mil militares ocupando as ruas, becos e vielas da Mar\u00e9<\/a><span style=\"font-size: 13px;\"> com tanques de guerra e fortemente\u00a0armados. A <\/span><a style=\"font-size: 13px;\" href=\"http:\/\/bit.ly\/R5ueio\" target=\"_blank\">Unidade de Pol\u00edcia Pacificadora (UPP)<\/a><span style=\"font-size: 13px;\">\u00a0foi implantada em favelas do Rio para o maior\u00a0controle de territ\u00f3rio \u00e0 partir de 2009. O que esse cintur\u00e3o de seguran\u00e7a demonstra \u00e9 que\u00a0ainda h\u00e1 drogas na favela e que tratar usu\u00e1rios como criminosos n\u00e3o \u00e9 solu\u00e7\u00e3o. Hoje em dia o crack, devido a\u00a0sua facilidade de ser encontrado e com seu pre\u00e7o baixo, \u00e9 a subst\u00e2ncia mais procurada entre as\u00a0demais drogas.<\/span><\/p>\n<p><a href=\"http:\/\/rioonwatch.org.br\/wp-content\/uploads\/2014\/10\/Morador-de-rua_Rio-de-Janeiro00151.jpg\"><img loading=\"lazy\" decoding=\"async\" class=\"aligncenter wp-image-12811\" title=\"Moradores de rua no Rio de Janeiro. Imagem: Fotos P\u00fablicas\" src=\"http:\/\/rioonwatch.org.br\/wp-content\/uploads\/2014\/10\/Morador-de-rua_Rio-de-Janeiro00151.jpg\" alt=\"Morador-de-rua_Rio-de-Janeiro0015\" width=\"620\" height=\"480\" srcset=\"https:\/\/rioonwatch.org.br\/wp-content\/uploads\/2014\/10\/Morador-de-rua_Rio-de-Janeiro00151.jpg 990w, https:\/\/rioonwatch.org.br\/wp-content\/uploads\/2014\/10\/Morador-de-rua_Rio-de-Janeiro00151-341x264.jpg 341w, https:\/\/rioonwatch.org.br\/wp-content\/uploads\/2014\/10\/Morador-de-rua_Rio-de-Janeiro00151-620x480.jpg 620w, https:\/\/rioonwatch.org.br\/wp-content\/uploads\/2014\/10\/Morador-de-rua_Rio-de-Janeiro00151-70x53.jpg 70w\" sizes=\"(max-width: 620px) 100vw, 620px\" \/><\/a><\/p>\n<p>Um exemplo de vida que venceu o v\u00edcio, \u00e9 o morador da Mar\u00e9 Sebasti\u00e3o Antonio de Ara\u00fajo, o Ti\u00e3o.\u00a0Ti\u00e3o \u00e9 coordenador e fundador do\u00a0<a href=\"http:\/\/bit.ly\/11j4WF4\" target=\"_blank\">Instituto Vida Real<\/a>,\u00a0que oferece cursos e oficinas para jovens e\u00a0adultos, e que \u00e9 localizado pr\u00f3ximo a atual cracol\u00e2ndia. Ele superou a deped\u00eancia\u00a0qu\u00edmica gra\u00e7as \u00e0 filha e as rodas de conversas comunit\u00e1rias. Nos \u00faltimos anos, tem promovido\u00a0tamb\u00e9m a socialiaza\u00e7\u00e3o de ex usu\u00e1rios de drogas.<\/p>\n<p>Em agosto deste ano, a SMDS realizou um projeto que leva assistentes sociais, psic\u00f3logos e agentes de sa\u00fade \u00e0s ruas para conversar com essas\u00a0pessoas que tiveram a oportunidade de expor seus medos e necessidades. A a\u00e7\u00e3o, com o nome \u201cPapo\u00a0de Rua\u201d, promete mudar a abordagem aos dependentes qu\u00edmicos. Outra forma encontrada\u00a0para a inclus\u00e3o de grupos de moradores de rua e consumidores de crack, \u00e9 a participa\u00e7\u00e3o em\u00a0oficinas de teatro na Mar\u00e9. Articulado pelo <a href=\"http:\/\/bit.ly\/12s8Ufa\" target=\"_blank\">Centro de Teatro do Oprimido<\/a>, esse espa\u00e7o busca trazer a\u00a0socializa\u00e7\u00e3o para aqueles que n\u00e3o recebem nenhum aux\u00edlio do poder p\u00fablico.<\/p>\n<p>Aqueles que precisam de tratamento vivem de forma desumana, encontrando formas dif\u00edceis de\u00a0sobreviver em meio a uma favela militarizada que recebe investimentos para seguran\u00e7a e n\u00e3o para a\u00a0sa\u00fade. \u00c9 urgente a necessidade e o olhar da Prefeitura e do Estado para os que vivem \u00e0 margem da\u00a0sociedade, segregados. J\u00e1 a m\u00eddia comercial, silencia o problema ignorando-o estranhamente no ano\u00a0dos<span style=\"font-size: 13px;\">\u00a0<\/span><a style=\"font-size: 13px;\" href=\"http:\/\/bit.ly\/1uZ9w6o\" target=\"_blank\">megaeventos<\/a><span style=\"font-size: 13px;\">\u00a0e da ocupa\u00e7\u00e3o militar no conjunto de favelas da Mar\u00e9.<\/span><\/p>\n<p><em>*A correspondente comunit\u00e1ria <a href=\"http:\/\/bit.ly\/1RLfvW3\" target=\"_blank\">Tha\u00eds Cavalcante<\/a> tem 21 anos, e foi nascida e criada na Nova Holanda, uma das favelas da Mar\u00e9. Ao atuar como comunicadora comunit\u00e1ria h\u00e1 4 anos em sua comunidade, decidiu cursar jornalismo na universidade e acredita no poder da informa\u00e7\u00e3o para mudar para melhor sua realidade.<\/em><\/p>\n<!-- AddThis Advanced Settings generic via filter on the_content --><!-- AddThis Share Buttons generic via filter on the_content -->","protected":false},"excerpt":{"rendered":"<div class=\"mh-excerpt\"><p>Click Here for English O poder p\u00fablico est\u00e1 se mostrando incapaz de encarar um enorme e desafiador problema de sa\u00fade p\u00fablica: o v\u00edcio em drogas.\u00a0Atualmente na Nova Holanda, uma das 16\u00a0favelas da\u00a0Mar\u00e9, a neglig\u00eancia dos <a class=\"mh-excerpt-more\" href=\"https:\/\/rioonwatch.org.br\/?p=12618\" title=\"Cracol\u00e2ndia na Mar\u00e9: Poder P\u00fablico Ausente H\u00e1 Tr\u00eas Anos\">[&#8230;]<\/a><!-- AddThis Advanced Settings generic via filter on get_the_excerpt --><!-- AddThis Share Buttons generic via filter on get_the_excerpt --><\/p>\n<\/div>","protected":false},"author":137,"featured_media":12620,"comment_status":"closed","ping_status":"closed","sticky":false,"template":"","format":"standard","meta":{"_acf_changed":false,"_monsterinsights_skip_tracking":false,"_monsterinsights_sitenote_active":false,"_monsterinsights_sitenote_note":"","_monsterinsights_sitenote_category":0,"footnotes":""},"categories":[346,344,1620],"tags":[332,661,1321,418,660,599,636,243,1108,356,294,499,562,92,218],"writer":[1294],"translator":[],"source":[],"ilustrador":[],"fotografo":[],"class_list":{"0":"post-12618","1":"post","2":"type-post","3":"status-publish","4":"format-standard","5":"has-post-thumbnail","7":"category-denuncias","8":"category-politicas","9":"category-olhonaupp","10":"tag-complexo-da-mare","11":"tag-crack","12":"tag-cracolandia","13":"tag-drogas","14":"tag-internacao-compulsoria","15":"tag-jacarezinho","16":"tag-manguinhos","17":"tag-moradores-de-rua","18":"tag-ocupacao-militar","19":"tag-pacificacao","20":"tag-saude","21":"tag-terror-psicologico","22":"tag-trafico-de-drogas","23":"tag-upp","24":"tag-zona-norte","25":"writer-thais-cavalcante"},"acf":[],"yoast_head":"<!-- This site is optimized with the Yoast SEO plugin v25.6 - https:\/\/yoast.com\/wordpress\/plugins\/seo\/ -->\n<title>Cracol\u00e2ndia na Mar\u00e9: Poder P\u00fablico Ausente H\u00e1 Tr\u00eas Anos - RioOnWatch<\/title>\n<meta name=\"robots\" content=\"index, follow, max-snippet:-1, max-image-preview:large, max-video-preview:-1\" \/>\n<link rel=\"canonical\" href=\"https:\/\/rioonwatch.org.br\/?p=12618\" \/>\n<meta property=\"og:locale\" content=\"pt_BR\" \/>\n<meta property=\"og:type\" content=\"article\" \/>\n<meta property=\"og:title\" content=\"Cracol\u00e2ndia na Mar\u00e9: Poder P\u00fablico Ausente H\u00e1 Tr\u00eas Anos - RioOnWatch\" \/>\n<meta property=\"og:description\" content=\"Click Here for English O poder p\u00fablico est\u00e1 se mostrando incapaz de encarar um enorme e desafiador problema de sa\u00fade p\u00fablica: o v\u00edcio em drogas.\u00a0Atualmente na Nova Holanda, uma das 16\u00a0favelas da\u00a0Mar\u00e9, a neglig\u00eancia dos [...]\" \/>\n<meta property=\"og:url\" content=\"https:\/\/rioonwatch.org.br\/?p=12618\" \/>\n<meta property=\"og:site_name\" content=\"RioOnWatch\" \/>\n<meta property=\"article:published_time\" content=\"2014-10-27T12:00:55+00:00\" \/>\n<meta property=\"article:modified_time\" content=\"2015-12-21T18:17:25+00:00\" \/>\n<meta property=\"og:image\" content=\"https:\/\/rioonwatch.org.br\/wp-content\/uploads\/2014\/10\/P9235733.jpg\" \/>\n\t<meta property=\"og:image:width\" content=\"1000\" \/>\n\t<meta property=\"og:image:height\" content=\"750\" \/>\n\t<meta property=\"og:image:type\" content=\"image\/jpeg\" \/>\n<meta name=\"author\" content=\"Nicole Froio\" \/>\n<meta name=\"twitter:card\" content=\"summary_large_image\" \/>\n<meta name=\"twitter:label1\" content=\"Escrito por\" \/>\n\t<meta name=\"twitter:data1\" content=\"Nicole Froio\" \/>\n\t<meta name=\"twitter:label2\" content=\"Est. tempo de leitura\" \/>\n\t<meta name=\"twitter:data2\" content=\"6 minutos\" \/>\n<script type=\"application\/ld+json\" class=\"yoast-schema-graph\">{\"@context\":\"https:\/\/schema.org\",\"@graph\":[{\"@type\":\"Article\",\"@id\":\"https:\/\/rioonwatch.org.br\/?p=12618#article\",\"isPartOf\":{\"@id\":\"https:\/\/rioonwatch.org.br\/?p=12618\"},\"author\":{\"name\":\"Nicole Froio\",\"@id\":\"https:\/\/rioonwatch.org.br\/#\/schema\/person\/e07d559fe2154d11fd3ec515e35695ee\"},\"headline\":\"Cracol\u00e2ndia na Mar\u00e9: Poder P\u00fablico Ausente H\u00e1 Tr\u00eas Anos\",\"datePublished\":\"2014-10-27T12:00:55+00:00\",\"dateModified\":\"2015-12-21T18:17:25+00:00\",\"mainEntityOfPage\":{\"@id\":\"https:\/\/rioonwatch.org.br\/?p=12618\"},\"wordCount\":1262,\"publisher\":{\"@id\":\"https:\/\/rioonwatch.org.br\/#organization\"},\"image\":{\"@id\":\"https:\/\/rioonwatch.org.br\/?p=12618#primaryimage\"},\"thumbnailUrl\":\"https:\/\/rioonwatch.org.br\/wp-content\/uploads\/2014\/10\/P9235733.jpg\",\"keywords\":[\"Complexo da Mar\u00e9\",\"crack\",\"cracol\u00e2ndia\",\"drogas\",\"interna\u00e7\u00e3o compuls\u00f3ria\",\"Jacarezinho\",\"Manguinhos\",\"Moradores em Situa\u00e7\u00e3o de Rua\",\"ocupa\u00e7\u00e3o militar\",\"pacifica\u00e7\u00e3o\",\"sa\u00fade\",\"terror psicol\u00f3gico\",\"tr\u00e1fico de drogas\",\"UPP\",\"Zona Norte\"],\"articleSection\":[\"Den\u00fancias\",\"Pol\u00edticas\",\"Seguran\u00e7a P\u00fablica\"],\"inLanguage\":\"pt-BR\"},{\"@type\":\"WebPage\",\"@id\":\"https:\/\/rioonwatch.org.br\/?p=12618\",\"url\":\"https:\/\/rioonwatch.org.br\/?p=12618\",\"name\":\"Cracol\u00e2ndia na Mar\u00e9: Poder P\u00fablico Ausente H\u00e1 Tr\u00eas Anos - RioOnWatch\",\"isPartOf\":{\"@id\":\"https:\/\/rioonwatch.org.br\/#website\"},\"primaryImageOfPage\":{\"@id\":\"https:\/\/rioonwatch.org.br\/?p=12618#primaryimage\"},\"image\":{\"@id\":\"https:\/\/rioonwatch.org.br\/?p=12618#primaryimage\"},\"thumbnailUrl\":\"https:\/\/rioonwatch.org.br\/wp-content\/uploads\/2014\/10\/P9235733.jpg\",\"datePublished\":\"2014-10-27T12:00:55+00:00\",\"dateModified\":\"2015-12-21T18:17:25+00:00\",\"breadcrumb\":{\"@id\":\"https:\/\/rioonwatch.org.br\/?p=12618#breadcrumb\"},\"inLanguage\":\"pt-BR\",\"potentialAction\":[{\"@type\":\"ReadAction\",\"target\":[\"https:\/\/rioonwatch.org.br\/?p=12618\"]}]},{\"@type\":\"ImageObject\",\"inLanguage\":\"pt-BR\",\"@id\":\"https:\/\/rioonwatch.org.br\/?p=12618#primaryimage\",\"url\":\"https:\/\/rioonwatch.org.br\/wp-content\/uploads\/2014\/10\/P9235733.jpg\",\"contentUrl\":\"https:\/\/rioonwatch.org.br\/wp-content\/uploads\/2014\/10\/P9235733.jpg\",\"width\":1000,\"height\":750},{\"@type\":\"BreadcrumbList\",\"@id\":\"https:\/\/rioonwatch.org.br\/?p=12618#breadcrumb\",\"itemListElement\":[{\"@type\":\"ListItem\",\"position\":1,\"name\":\"In\u00edcio\",\"item\":\"https:\/\/rioonwatch.org.br\/\"},{\"@type\":\"ListItem\",\"position\":2,\"name\":\"Cracol\u00e2ndia na Mar\u00e9: Poder P\u00fablico Ausente H\u00e1 Tr\u00eas Anos\"}]},{\"@type\":\"WebSite\",\"@id\":\"https:\/\/rioonwatch.org.br\/#website\",\"url\":\"https:\/\/rioonwatch.org.br\/\",\"name\":\"RioOnWatch\",\"description\":\"relatos das favelas cariocas\",\"publisher\":{\"@id\":\"https:\/\/rioonwatch.org.br\/#organization\"},\"potentialAction\":[{\"@type\":\"SearchAction\",\"target\":{\"@type\":\"EntryPoint\",\"urlTemplate\":\"https:\/\/rioonwatch.org.br\/?s={search_term_string}\"},\"query-input\":{\"@type\":\"PropertyValueSpecification\",\"valueRequired\":true,\"valueName\":\"search_term_string\"}}],\"inLanguage\":\"pt-BR\"},{\"@type\":\"Organization\",\"@id\":\"https:\/\/rioonwatch.org.br\/#organization\",\"name\":\"RioOnWatch\",\"url\":\"https:\/\/rioonwatch.org.br\/\",\"logo\":{\"@type\":\"ImageObject\",\"inLanguage\":\"pt-BR\",\"@id\":\"https:\/\/rioonwatch.org.br\/#\/schema\/logo\/image\/\",\"url\":\"https:\/\/rioonwatch.org.br\/wp-content\/uploads\/2021\/06\/RioOnWatchcabecalhoPT11anos-2.png\",\"contentUrl\":\"https:\/\/rioonwatch.org.br\/wp-content\/uploads\/2021\/06\/RioOnWatchcabecalhoPT11anos-2.png\",\"width\":779,\"height\":277,\"caption\":\"RioOnWatch\"},\"image\":{\"@id\":\"https:\/\/rioonwatch.org.br\/#\/schema\/logo\/image\/\"}},{\"@type\":\"Person\",\"@id\":\"https:\/\/rioonwatch.org.br\/#\/schema\/person\/e07d559fe2154d11fd3ec515e35695ee\",\"name\":\"Nicole Froio\",\"image\":{\"@type\":\"ImageObject\",\"inLanguage\":\"pt-BR\",\"@id\":\"https:\/\/rioonwatch.org.br\/#\/schema\/person\/image\/\",\"url\":\"https:\/\/secure.gravatar.com\/avatar\/0acdbd6878ca0ac29aa5ce6c6119d636?s=96&d=blank&r=g\",\"contentUrl\":\"https:\/\/secure.gravatar.com\/avatar\/0acdbd6878ca0ac29aa5ce6c6119d636?s=96&d=blank&r=g\",\"caption\":\"Nicole Froio\"},\"url\":\"https:\/\/rioonwatch.org.br\/?author=137\"}]}<\/script>\n<!-- \/ Yoast SEO plugin. -->","yoast_head_json":{"title":"Cracol\u00e2ndia na Mar\u00e9: Poder P\u00fablico Ausente H\u00e1 Tr\u00eas Anos - RioOnWatch","robots":{"index":"index","follow":"follow","max-snippet":"max-snippet:-1","max-image-preview":"max-image-preview:large","max-video-preview":"max-video-preview:-1"},"canonical":"https:\/\/rioonwatch.org.br\/?p=12618","og_locale":"pt_BR","og_type":"article","og_title":"Cracol\u00e2ndia na Mar\u00e9: Poder P\u00fablico Ausente H\u00e1 Tr\u00eas Anos - RioOnWatch","og_description":"Click Here for English O poder p\u00fablico est\u00e1 se mostrando incapaz de encarar um enorme e desafiador problema de sa\u00fade p\u00fablica: o v\u00edcio em drogas.\u00a0Atualmente na Nova Holanda, uma das 16\u00a0favelas da\u00a0Mar\u00e9, a neglig\u00eancia dos [...]","og_url":"https:\/\/rioonwatch.org.br\/?p=12618","og_site_name":"RioOnWatch","article_published_time":"2014-10-27T12:00:55+00:00","article_modified_time":"2015-12-21T18:17:25+00:00","og_image":[{"width":1000,"height":750,"url":"https:\/\/rioonwatch.org.br\/wp-content\/uploads\/2014\/10\/P9235733.jpg","type":"image\/jpeg"}],"author":"Nicole Froio","twitter_card":"summary_large_image","twitter_misc":{"Escrito por":"Nicole Froio","Est. tempo de leitura":"6 minutos"},"schema":{"@context":"https:\/\/schema.org","@graph":[{"@type":"Article","@id":"https:\/\/rioonwatch.org.br\/?p=12618#article","isPartOf":{"@id":"https:\/\/rioonwatch.org.br\/?p=12618"},"author":{"name":"Nicole Froio","@id":"https:\/\/rioonwatch.org.br\/#\/schema\/person\/e07d559fe2154d11fd3ec515e35695ee"},"headline":"Cracol\u00e2ndia na Mar\u00e9: Poder P\u00fablico Ausente H\u00e1 Tr\u00eas Anos","datePublished":"2014-10-27T12:00:55+00:00","dateModified":"2015-12-21T18:17:25+00:00","mainEntityOfPage":{"@id":"https:\/\/rioonwatch.org.br\/?p=12618"},"wordCount":1262,"publisher":{"@id":"https:\/\/rioonwatch.org.br\/#organization"},"image":{"@id":"https:\/\/rioonwatch.org.br\/?p=12618#primaryimage"},"thumbnailUrl":"https:\/\/rioonwatch.org.br\/wp-content\/uploads\/2014\/10\/P9235733.jpg","keywords":["Complexo da Mar\u00e9","crack","cracol\u00e2ndia","drogas","interna\u00e7\u00e3o compuls\u00f3ria","Jacarezinho","Manguinhos","Moradores em Situa\u00e7\u00e3o de Rua","ocupa\u00e7\u00e3o militar","pacifica\u00e7\u00e3o","sa\u00fade","terror psicol\u00f3gico","tr\u00e1fico de drogas","UPP","Zona Norte"],"articleSection":["Den\u00fancias","Pol\u00edticas","Seguran\u00e7a P\u00fablica"],"inLanguage":"pt-BR"},{"@type":"WebPage","@id":"https:\/\/rioonwatch.org.br\/?p=12618","url":"https:\/\/rioonwatch.org.br\/?p=12618","name":"Cracol\u00e2ndia na Mar\u00e9: Poder P\u00fablico Ausente H\u00e1 Tr\u00eas Anos - RioOnWatch","isPartOf":{"@id":"https:\/\/rioonwatch.org.br\/#website"},"primaryImageOfPage":{"@id":"https:\/\/rioonwatch.org.br\/?p=12618#primaryimage"},"image":{"@id":"https:\/\/rioonwatch.org.br\/?p=12618#primaryimage"},"thumbnailUrl":"https:\/\/rioonwatch.org.br\/wp-content\/uploads\/2014\/10\/P9235733.jpg","datePublished":"2014-10-27T12:00:55+00:00","dateModified":"2015-12-21T18:17:25+00:00","breadcrumb":{"@id":"https:\/\/rioonwatch.org.br\/?p=12618#breadcrumb"},"inLanguage":"pt-BR","potentialAction":[{"@type":"ReadAction","target":["https:\/\/rioonwatch.org.br\/?p=12618"]}]},{"@type":"ImageObject","inLanguage":"pt-BR","@id":"https:\/\/rioonwatch.org.br\/?p=12618#primaryimage","url":"https:\/\/rioonwatch.org.br\/wp-content\/uploads\/2014\/10\/P9235733.jpg","contentUrl":"https:\/\/rioonwatch.org.br\/wp-content\/uploads\/2014\/10\/P9235733.jpg","width":1000,"height":750},{"@type":"BreadcrumbList","@id":"https:\/\/rioonwatch.org.br\/?p=12618#breadcrumb","itemListElement":[{"@type":"ListItem","position":1,"name":"In\u00edcio","item":"https:\/\/rioonwatch.org.br\/"},{"@type":"ListItem","position":2,"name":"Cracol\u00e2ndia na Mar\u00e9: Poder P\u00fablico Ausente H\u00e1 Tr\u00eas Anos"}]},{"@type":"WebSite","@id":"https:\/\/rioonwatch.org.br\/#website","url":"https:\/\/rioonwatch.org.br\/","name":"RioOnWatch","description":"relatos das favelas cariocas","publisher":{"@id":"https:\/\/rioonwatch.org.br\/#organization"},"potentialAction":[{"@type":"SearchAction","target":{"@type":"EntryPoint","urlTemplate":"https:\/\/rioonwatch.org.br\/?s={search_term_string}"},"query-input":{"@type":"PropertyValueSpecification","valueRequired":true,"valueName":"search_term_string"}}],"inLanguage":"pt-BR"},{"@type":"Organization","@id":"https:\/\/rioonwatch.org.br\/#organization","name":"RioOnWatch","url":"https:\/\/rioonwatch.org.br\/","logo":{"@type":"ImageObject","inLanguage":"pt-BR","@id":"https:\/\/rioonwatch.org.br\/#\/schema\/logo\/image\/","url":"https:\/\/rioonwatch.org.br\/wp-content\/uploads\/2021\/06\/RioOnWatchcabecalhoPT11anos-2.png","contentUrl":"https:\/\/rioonwatch.org.br\/wp-content\/uploads\/2021\/06\/RioOnWatchcabecalhoPT11anos-2.png","width":779,"height":277,"caption":"RioOnWatch"},"image":{"@id":"https:\/\/rioonwatch.org.br\/#\/schema\/logo\/image\/"}},{"@type":"Person","@id":"https:\/\/rioonwatch.org.br\/#\/schema\/person\/e07d559fe2154d11fd3ec515e35695ee","name":"Nicole Froio","image":{"@type":"ImageObject","inLanguage":"pt-BR","@id":"https:\/\/rioonwatch.org.br\/#\/schema\/person\/image\/","url":"https:\/\/secure.gravatar.com\/avatar\/0acdbd6878ca0ac29aa5ce6c6119d636?s=96&d=blank&r=g","contentUrl":"https:\/\/secure.gravatar.com\/avatar\/0acdbd6878ca0ac29aa5ce6c6119d636?s=96&d=blank&r=g","caption":"Nicole Froio"},"url":"https:\/\/rioonwatch.org.br\/?author=137"}]}},"_links":{"self":[{"href":"https:\/\/rioonwatch.org.br\/index.php?rest_route=\/wp\/v2\/posts\/12618"}],"collection":[{"href":"https:\/\/rioonwatch.org.br\/index.php?rest_route=\/wp\/v2\/posts"}],"about":[{"href":"https:\/\/rioonwatch.org.br\/index.php?rest_route=\/wp\/v2\/types\/post"}],"author":[{"embeddable":true,"href":"https:\/\/rioonwatch.org.br\/index.php?rest_route=\/wp\/v2\/users\/137"}],"replies":[{"embeddable":true,"href":"https:\/\/rioonwatch.org.br\/index.php?rest_route=%2Fwp%2Fv2%2Fcomments&post=12618"}],"version-history":[{"count":24,"href":"https:\/\/rioonwatch.org.br\/index.php?rest_route=\/wp\/v2\/posts\/12618\/revisions"}],"predecessor-version":[{"id":17742,"href":"https:\/\/rioonwatch.org.br\/index.php?rest_route=\/wp\/v2\/posts\/12618\/revisions\/17742"}],"wp:featuredmedia":[{"embeddable":true,"href":"https:\/\/rioonwatch.org.br\/index.php?rest_route=\/wp\/v2\/media\/12620"}],"wp:attachment":[{"href":"https:\/\/rioonwatch.org.br\/index.php?rest_route=%2Fwp%2Fv2%2Fmedia&parent=12618"}],"wp:term":[{"taxonomy":"category","embeddable":true,"href":"https:\/\/rioonwatch.org.br\/index.php?rest_route=%2Fwp%2Fv2%2Fcategories&post=12618"},{"taxonomy":"post_tag","embeddable":true,"href":"https:\/\/rioonwatch.org.br\/index.php?rest_route=%2Fwp%2Fv2%2Ftags&post=12618"},{"taxonomy":"writer","embeddable":true,"href":"https:\/\/rioonwatch.org.br\/index.php?rest_route=%2Fwp%2Fv2%2Fwriter&post=12618"},{"taxonomy":"translator","embeddable":true,"href":"https:\/\/rioonwatch.org.br\/index.php?rest_route=%2Fwp%2Fv2%2Ftranslator&post=12618"},{"taxonomy":"source","embeddable":true,"href":"https:\/\/rioonwatch.org.br\/index.php?rest_route=%2Fwp%2Fv2%2Fsource&post=12618"},{"taxonomy":"ilustrador","embeddable":true,"href":"https:\/\/rioonwatch.org.br\/index.php?rest_route=%2Fwp%2Fv2%2Filustrador&post=12618"},{"taxonomy":"fotografo","embeddable":true,"href":"https:\/\/rioonwatch.org.br\/index.php?rest_route=%2Fwp%2Fv2%2Ffotografo&post=12618"}],"curies":[{"name":"wp","href":"https:\/\/api.w.org\/{rel}","templated":true}]}}