{"id":12623,"date":"2014-10-15T11:49:21","date_gmt":"2014-10-15T14:49:21","guid":{"rendered":"http:\/\/rioonwatch.org.br\/?p=12623"},"modified":"2015-12-21T15:46:43","modified_gmt":"2015-12-21T18:46:43","slug":"sos-museu-da-mare-protesta-contra-despejo","status":"publish","type":"post","link":"https:\/\/rioonwatch.org.br\/?p=12623","title":{"rendered":"SOS! O &#8216;Tempo da Resist\u00eancia&#8217; Continua: Aclamado Museu da Mar\u00e9 Protesta Contra Despejo"},"content":{"rendered":"<p style=\"text-align: right;\"><em><strong><a href=\"http:\/\/bit.ly\/1y6nJ4c\" target=\"_blank\">Click Here for English<img decoding=\"async\" width=\"20\" height=\"20\" class=\"alignright wp-image-15790\" src=\"http:\/\/rioonwatch.org.br\/wp-content\/uploads\/2012\/08\/EN-standard-e1439583104716.jpg\" alt=\"\" \/><\/a><\/strong><\/em><\/p>\n<p><em><strong>Essa \u00e9 a primeira de duas mat\u00e9rias sobre a resist\u00eancia do Museu da Mar\u00e9. Leia a segunda, com depoimentos de moradores, curadores, colaboradores e visitantes\u00a0do Museu, <a href=\"http:\/\/bit.ly\/1wsw53Z\" target=\"_blank\">aqui<\/a>.<\/strong><\/em><\/p>\n<p><a href=\"http:\/\/rioonwatch.org.br\/wp-content\/uploads\/2014\/10\/Museu-da-Mare-protest-banner1.jpg\"><img fetchpriority=\"high\" decoding=\"async\" class=\"aligncenter wp-image-12624 size-full\" title=\"Banner no Museu da Mar\u00e9\" src=\"http:\/\/rioonwatch.org.br\/wp-content\/uploads\/2014\/10\/Museu-da-Mare-protest-banner1.jpg\" alt=\"\" width=\"620\" height=\"219\" \/><\/a><\/p>\n<p>Ap\u00f3s sete anos fornecendo um <a href=\"http:\/\/bit.ly\/1ufSxwq\" target=\"_blank\">espa\u00e7o aclamado<\/a>\u00a0de preserva\u00e7\u00e3o hist\u00f3rica, de cultura e arte no <a href=\"http:\/\/bit.ly\/10BvARw\" target=\"_blank\">Complexo da Mar\u00e9<\/a>, o <a href=\"http:\/\/bit.ly\/1hICQIY\" target=\"_blank\">Museu da Mar\u00e9<\/a> est\u00e1 marcado para ser <a href=\"http:\/\/bit.ly\/1xmd7eg\" target=\"_blank\">despejado<\/a>, e t\u00eam 90 dias para desocupar o pr\u00e9dio onde fica.<\/p>\n<blockquote><p>&#8220;Aqui, a resist\u00eancia sempre tem sido necess\u00e1ria.<br \/>\nMas resistir sozinho \u00e9 imposs\u00edvel&#8221; \u2013 placa no Museu da Mar\u00e9<\/p><\/blockquote>\n<p>A\u00a0frase\u00a0citada acima, encontrada na exposi\u00e7\u00e3o Tempo da Resist\u00eancia (um dos vinte temas que estruturam a exposi\u00e7\u00e3o\u00a0permanente do museu), mostra a realidade do\u00a0<a href=\"http:\/\/bit.ly\/1qhz1JJ\" target=\"_blank\">Museu da Mar\u00e9<\/a>, onde centenas de pessoas compareceram para apoiar\u00a0a\u00a0perman\u00eancia do Museu durante o protesto cultural da semana retrasada, chamado de \u2018\u2019Primavera da Resist\u00eancia: Museu, Mem\u00f3rias, Utopias\u2019\u2019. O protesto mostrou a import\u00e2ncia do museu para a comunidade atrav\u00e9s de oficinas, excurs\u00f5es guiadas gratuitas e sess\u00f5es de assinaturas de peti\u00e7\u00f5es contra o despejo.<\/p>\n<p>O museu, inaugurado em 2006, foi edificado e mantido em um pr\u00e9dio emprestado durante 10 anos pela ONG <a href=\"http:\/\/bit.ly\/1zyfb2g\" target=\"_blank\">CEASM<\/a> (Centro de Estudos e A\u00e7\u00f5es Solid\u00e1rias da Mar\u00e9). O contrato venceu no ano passado. Em junho de 2014, um dos diretores do <a href=\"http:\/\/bit.ly\/YDSEFJ\" target=\"_blank\">Grupo Libra de Com\u00e9rcio Mar\u00edtimo<\/a>, comunicou a perda do interesse dos investidores em renovar o prazo. Mais recentemente, no dia 10 de setembro, o museu recebeu o aviso oficial para desalojar a propriedade em 90 dias. \u00c9 por esta raz\u00e3o que esse ano na oitava edi\u00e7\u00e3o da Semana do Museu, no Complexo da Mar\u00e9\u00a0sentiu-se\u00a0em um estado de emerg\u00eancia.<\/p>\n<h3><a href=\"http:\/\/rioonwatch.org.br\/wp-content\/uploads\/2014\/10\/1_tempo.jpg\"><img decoding=\"async\" class=\"aligncenter wp-image-12625 size-full\" title=\"Poema do Tempo da Resist\u00eancia\" src=\"http:\/\/rioonwatch.org.br\/wp-content\/uploads\/2014\/10\/1_tempo.jpg\" alt=\"\" width=\"620\" height=\"264\" \/><\/a><br \/>\nEstrat\u00e9gias para a resist\u00eancia<\/h3>\n<p>A amea\u00e7a de despejo resultou em uma forte chamada por\u00a0<a href=\"http:\/\/glo.bo\/1xv0UHb\" target=\"_blank\">a\u00e7\u00f5es coletivas<\/a>. V\u00e1rias\u00a0estrat\u00e9gias foram implementadas para conseguir envolver ao p\u00fablico no movimento para salvar o museu. Na semana da\u00a0Primavera da Resist\u00eancia, houveram reuni\u00f5es e oficinas que inclu\u00edram artesanatos, capoeira, rodas de leitura e debates ambientais que destacavam a import\u00e2ncia da <a href=\"http:\/\/bit.ly\/1piRAgk\" target=\"_blank\">resist\u00eancia<\/a>. Um <a href=\"http:\/\/on.fb.me\/1wXd6xf\" target=\"_blank\">evento no Twitter<\/a> no dia 23 de setembro gerou centenas\u00a0de tweets em uma hora com a hashtag <a href=\"http:\/\/bit.ly\/1vqtdCs\" target=\"_blank\">#SOSMuseuDaMare<\/a>, usando o movimento on-line para alcan\u00e7ar\u00a0um p\u00fablico mais amplo. No dia 27 de setembro (s\u00e1bado), o \u00faltimo dia da Primavera da Resist\u00eancia, houve uma pe\u00e7a teatral e distribui\u00e7\u00e3o de balas. Cerca de 500 pessoas protestaram contra o despejo do museu: tanto moradores\u00a0da favela quanto do asfalto, assim como estudantes universit\u00e1rios e tamb\u00e9m professores.<\/p>\n<p>Essa n\u00e3o \u00e9 a primeira nem a \u00faltima a\u00e7\u00e3o organizada pelo museu, que j\u00e1 em agosto criou um movimento chamado \u201cO Museu da Mar\u00e9 Resiste!\u201d, apoiado pelo Instituto Brasileiro de Museus (<a href=\"http:\/\/bit.ly\/1twvzwW\" target=\"_blank\">IBRAM<\/a>), o Instituto Pereira Passos (<a href=\"http:\/\/bit.ly\/pIO8HG\" target=\"_blank\">IPP<\/a>), e o Instituto Rio Patrim\u00f4nio da Humanidade (<a href=\"http:\/\/bit.ly\/1nbZbml\" target=\"_blank\">IRPH<\/a>). A prote\u00e7\u00e3o do pr\u00e9dio foi aprovada no dia 18 de setembro. Embora essa medida n\u00e3o anule o despejo, ao\u00a0menos oferece uma certa\u00a0seguran\u00e7a\u00a0legal ao classificar\u00a0o pr\u00e9dio como patrim\u00f4nio da cidade do Rio de Janeiro. Existem\u00a0quatro peti\u00e7\u00f5es contra o despejo: tr\u00eas online (nos sites\u00a0<a href=\"http:\/\/bit.ly\/1CUUHEq\" target=\"_blank\">Panela de Press\u00e3o<\/a> do <a href=\"http:\/\/bit.ly\/1Cnk4wx\" target=\"_blank\">Meu Rio<\/a>, <a href=\"http:\/\/bit.ly\/ZlNAXu\" target=\"_blank\">Peti\u00e7\u00e3o P\u00fablica<\/a> e <a href=\"http:\/\/bit.ly\/10gmC3J\" target=\"_blank\">Avaaz.org<\/a>); e uma em papel, assim como um grupo de press\u00e3o por correspond\u00eancia. Al\u00e9m dessas a\u00e7\u00f5es, <a href=\"http:\/\/on.fb.me\/10PnOLQ\" target=\"_blank\">haver\u00e1 uma passeata<\/a> que come\u00e7ar\u00e1 no <a href=\"http:\/\/on.fb.me\/1jPxuyi\" target=\"_blank\">Museu da Mar\u00e9<\/a> no dia 18 de outubro e almeja bloquear a Avenida Brasil, a avenida\u00a0mais pr\u00f3xima.<\/p>\n<p>&nbsp;<\/p>\n<p><a href=\"http:\/\/rioonwatch.org.br\/wp-content\/uploads\/2014\/10\/2_gesto.jpg\"><img loading=\"lazy\" decoding=\"async\" class=\"aligncenter wp-image-12631\" title=\"O grupo de teatro do museu, Grupo Gestos, se apresentou no \u00faltimo dia da Primavera de Resist\u00eancia. Fotos por Hugo Didier e Terezinha Lanzellotti.\" src=\"http:\/\/rioonwatch.org.br\/wp-content\/uploads\/2014\/10\/2_gesto.jpg\" alt=\"\" width=\"610\" height=\"260\" \/><\/a><\/p>\n<h3>Resistir juntos \u00e9 poss\u00edvel<\/h3>\n<p>Tendo recebido cerca de 40.000 visitantes e numerosos pr\u00eamios durante seus sete anos de atividade, o Museu da Mar\u00e9 tem uma posi\u00e7\u00e3o consider\u00e1vel na comunidade global de museus. \u201c<a href=\"http:\/\/on.fb.me\/ZlPckd\" target=\"_blank\">Sauvons le Museu da Mar\u00e9<\/a>\u201d (Salvemos o Museu da Mar\u00e9) \u00e9 um exemplo do apoio internacional recebido da Fran\u00e7a, que est\u00e1 tentando colocar press\u00e3o no <a href=\"http:\/\/bit.ly\/1tcxJS8\" target=\"_blank\">Conselho Internacional de Museus (ICOM)<\/a>\u00a0para que reconhe\u00e7a e apoie a causa.<\/p>\n<p>O <em>RioOnWatch<\/em> visitou o museu para documentar\u00a0a import\u00e2ncia e o impacto que ele tem na comunidade. Em seguida publicaremos a segunda parte deste artigo, uma foto-reportagem com depoimentos de moradores, visitantes, curadores e colaboradores do Museu da Mar\u00e9.<\/p>\n<p><em><strong>Essa \u00e9 a primeira de duas mat\u00e9rias sobre a resist\u00eancia do Museu da Mar\u00e9. Leia a segunda, com depoimentos de moradores, curadores, colaboradores e visitantes\u00a0do Museu, <a href=\"http:\/\/bit.ly\/1wsw53Z\" target=\"_blank\">aqui<\/a>.<\/strong><\/em><\/p>\n<!-- AddThis Advanced Settings generic via filter on the_content --><!-- AddThis Share Buttons generic via filter on the_content -->","protected":false},"excerpt":{"rendered":"<div class=\"mh-excerpt\"><p>Click Here for English Essa \u00e9 a primeira de duas mat\u00e9rias sobre a resist\u00eancia do Museu da Mar\u00e9. Leia a segunda, com depoimentos de moradores, curadores, colaboradores e visitantes\u00a0do Museu, aqui. Ap\u00f3s sete anos fornecendo <a class=\"mh-excerpt-more\" href=\"https:\/\/rioonwatch.org.br\/?p=12623\" title=\"SOS! O &#8216;Tempo da Resist\u00eancia&#8217; Continua: Aclamado Museu da Mar\u00e9 Protesta Contra Despejo\">[&#8230;]<\/a><!-- AddThis Advanced Settings generic via filter on get_the_excerpt --><!-- AddThis Share Buttons generic via filter on get_the_excerpt --><\/p>\n<\/div>","protected":false},"author":137,"featured_media":12645,"comment_status":"closed","ping_status":"closed","sticky":false,"template":"","format":"standard","meta":{"_acf_changed":false,"_monsterinsights_skip_tracking":false,"_monsterinsights_sitenote_active":false,"_monsterinsights_sitenote_note":"","_monsterinsights_sitenote_category":0,"footnotes":""},"categories":[1614,346,1626],"tags":[334,573,332,81,421,396,128,1299,1111,1106,358,1297,763,14,218],"writer":[1237],"translator":[1190],"source":[],"ilustrador":[],"fotografo":[],"class_list":{"0":"post-12623","1":"post","2":"type-post","3":"status-publish","4":"format-standard","5":"has-post-thumbnail","7":"category-olhonasremocoes","8":"category-denuncias","9":"category-por-observadores-internacionais","10":"tag-arte","11":"tag-artesanato","12":"tag-complexo-da-mare","13":"tag-cultura","14":"tag-cultura-da-favela","15":"tag-especulacao-imobiliaria","16":"tag-historia","17":"tag-meu-rio","18":"tag-museu","19":"tag-museu-da-mare","20":"tag-organizacao-comunitaria","21":"tag-preservacao-historica","22":"tag-protesto","23":"tag-remocao","24":"tag-zona-norte","25":"writer-andrea-cangialosi","26":"translator-patricia-obrien"},"acf":[],"yoast_head":"<!-- This site is optimized with the Yoast SEO plugin v25.6 - https:\/\/yoast.com\/wordpress\/plugins\/seo\/ -->\n<title>SOS! O &#039;Tempo da Resist\u00eancia&#039; Continua: Aclamado Museu da Mar\u00e9 Protesta Contra Despejo - RioOnWatch<\/title>\n<meta name=\"robots\" content=\"index, follow, max-snippet:-1, max-image-preview:large, max-video-preview:-1\" \/>\n<link rel=\"canonical\" href=\"https:\/\/rioonwatch.org.br\/?p=12623\" \/>\n<meta property=\"og:locale\" content=\"pt_BR\" \/>\n<meta property=\"og:type\" content=\"article\" \/>\n<meta property=\"og:title\" content=\"SOS! O &#039;Tempo da Resist\u00eancia&#039; Continua: Aclamado Museu da Mar\u00e9 Protesta Contra Despejo - RioOnWatch\" \/>\n<meta property=\"og:description\" content=\"Click Here for English Essa \u00e9 a primeira de duas mat\u00e9rias sobre a resist\u00eancia do Museu da Mar\u00e9. Leia a segunda, com depoimentos de moradores, curadores, colaboradores e visitantes\u00a0do Museu, aqui. Ap\u00f3s sete anos fornecendo [...]\" \/>\n<meta property=\"og:url\" content=\"https:\/\/rioonwatch.org.br\/?p=12623\" \/>\n<meta property=\"og:site_name\" content=\"RioOnWatch\" \/>\n<meta property=\"article:published_time\" content=\"2014-10-15T14:49:21+00:00\" \/>\n<meta property=\"article:modified_time\" content=\"2015-12-21T18:46:43+00:00\" \/>\n<meta property=\"og:image\" content=\"https:\/\/rioonwatch.org.br\/wp-content\/uploads\/2014\/10\/TEATRO-GESTOS-620x264.jpg\" \/>\n\t<meta property=\"og:image:width\" content=\"620\" \/>\n\t<meta property=\"og:image:height\" content=\"264\" \/>\n\t<meta property=\"og:image:type\" content=\"image\/jpeg\" \/>\n<meta name=\"author\" content=\"Nicole Froio\" \/>\n<meta name=\"twitter:card\" content=\"summary_large_image\" \/>\n<meta name=\"twitter:label1\" content=\"Escrito por\" \/>\n\t<meta name=\"twitter:data1\" content=\"Nicole Froio\" \/>\n\t<meta name=\"twitter:label2\" content=\"Est. tempo de leitura\" \/>\n\t<meta name=\"twitter:data2\" content=\"4 minutos\" \/>\n<script type=\"application\/ld+json\" class=\"yoast-schema-graph\">{\"@context\":\"https:\/\/schema.org\",\"@graph\":[{\"@type\":\"Article\",\"@id\":\"https:\/\/rioonwatch.org.br\/?p=12623#article\",\"isPartOf\":{\"@id\":\"https:\/\/rioonwatch.org.br\/?p=12623\"},\"author\":{\"name\":\"Nicole Froio\",\"@id\":\"https:\/\/rioonwatch.org.br\/#\/schema\/person\/e07d559fe2154d11fd3ec515e35695ee\"},\"headline\":\"SOS! O &#8216;Tempo da Resist\u00eancia&#8217; Continua: Aclamado Museu da Mar\u00e9 Protesta Contra Despejo\",\"datePublished\":\"2014-10-15T14:49:21+00:00\",\"dateModified\":\"2015-12-21T18:46:43+00:00\",\"mainEntityOfPage\":{\"@id\":\"https:\/\/rioonwatch.org.br\/?p=12623\"},\"wordCount\":752,\"publisher\":{\"@id\":\"https:\/\/rioonwatch.org.br\/#organization\"},\"image\":{\"@id\":\"https:\/\/rioonwatch.org.br\/?p=12623#primaryimage\"},\"thumbnailUrl\":\"https:\/\/rioonwatch.org.br\/wp-content\/uploads\/2014\/10\/TEATRO-GESTOS-620x264.jpg\",\"keywords\":[\"arte\",\"artesanato\",\"Complexo da Mar\u00e9\",\"cultura\",\"cultura da favela\",\"especula\u00e7\u00e3o imobili\u00e1ria\",\"hist\u00f3ria\",\"Meu Rio\",\"museu\",\"Museu da Mar\u00e9\",\"organiza\u00e7\u00e3o comunit\u00e1ria\",\"preserva\u00e7\u00e3o hist\u00f3rica\",\"protesto\",\"Remo\u00e7\u00e3o\",\"Zona Norte\"],\"articleSection\":[\"#OlhoNasRemo\u00e7\u00f5es\",\"Den\u00fancias\",\"Escrito por Aliados\"],\"inLanguage\":\"pt-BR\"},{\"@type\":\"WebPage\",\"@id\":\"https:\/\/rioonwatch.org.br\/?p=12623\",\"url\":\"https:\/\/rioonwatch.org.br\/?p=12623\",\"name\":\"SOS! O 'Tempo da Resist\u00eancia' Continua: Aclamado Museu da Mar\u00e9 Protesta Contra Despejo - RioOnWatch\",\"isPartOf\":{\"@id\":\"https:\/\/rioonwatch.org.br\/#website\"},\"primaryImageOfPage\":{\"@id\":\"https:\/\/rioonwatch.org.br\/?p=12623#primaryimage\"},\"image\":{\"@id\":\"https:\/\/rioonwatch.org.br\/?p=12623#primaryimage\"},\"thumbnailUrl\":\"https:\/\/rioonwatch.org.br\/wp-content\/uploads\/2014\/10\/TEATRO-GESTOS-620x264.jpg\",\"datePublished\":\"2014-10-15T14:49:21+00:00\",\"dateModified\":\"2015-12-21T18:46:43+00:00\",\"breadcrumb\":{\"@id\":\"https:\/\/rioonwatch.org.br\/?p=12623#breadcrumb\"},\"inLanguage\":\"pt-BR\",\"potentialAction\":[{\"@type\":\"ReadAction\",\"target\":[\"https:\/\/rioonwatch.org.br\/?p=12623\"]}]},{\"@type\":\"ImageObject\",\"inLanguage\":\"pt-BR\",\"@id\":\"https:\/\/rioonwatch.org.br\/?p=12623#primaryimage\",\"url\":\"https:\/\/rioonwatch.org.br\/wp-content\/uploads\/2014\/10\/TEATRO-GESTOS-620x264.jpg\",\"contentUrl\":\"https:\/\/rioonwatch.org.br\/wp-content\/uploads\/2014\/10\/TEATRO-GESTOS-620x264.jpg\",\"width\":620,\"height\":264},{\"@type\":\"BreadcrumbList\",\"@id\":\"https:\/\/rioonwatch.org.br\/?p=12623#breadcrumb\",\"itemListElement\":[{\"@type\":\"ListItem\",\"position\":1,\"name\":\"In\u00edcio\",\"item\":\"https:\/\/rioonwatch.org.br\/\"},{\"@type\":\"ListItem\",\"position\":2,\"name\":\"SOS! O &#8216;Tempo da Resist\u00eancia&#8217; Continua: Aclamado Museu da Mar\u00e9 Protesta Contra Despejo\"}]},{\"@type\":\"WebSite\",\"@id\":\"https:\/\/rioonwatch.org.br\/#website\",\"url\":\"https:\/\/rioonwatch.org.br\/\",\"name\":\"RioOnWatch\",\"description\":\"relatos das favelas cariocas\",\"publisher\":{\"@id\":\"https:\/\/rioonwatch.org.br\/#organization\"},\"potentialAction\":[{\"@type\":\"SearchAction\",\"target\":{\"@type\":\"EntryPoint\",\"urlTemplate\":\"https:\/\/rioonwatch.org.br\/?s={search_term_string}\"},\"query-input\":{\"@type\":\"PropertyValueSpecification\",\"valueRequired\":true,\"valueName\":\"search_term_string\"}}],\"inLanguage\":\"pt-BR\"},{\"@type\":\"Organization\",\"@id\":\"https:\/\/rioonwatch.org.br\/#organization\",\"name\":\"RioOnWatch\",\"url\":\"https:\/\/rioonwatch.org.br\/\",\"logo\":{\"@type\":\"ImageObject\",\"inLanguage\":\"pt-BR\",\"@id\":\"https:\/\/rioonwatch.org.br\/#\/schema\/logo\/image\/\",\"url\":\"https:\/\/rioonwatch.org.br\/wp-content\/uploads\/2021\/06\/RioOnWatchcabecalhoPT11anos-2.png\",\"contentUrl\":\"https:\/\/rioonwatch.org.br\/wp-content\/uploads\/2021\/06\/RioOnWatchcabecalhoPT11anos-2.png\",\"width\":779,\"height\":277,\"caption\":\"RioOnWatch\"},\"image\":{\"@id\":\"https:\/\/rioonwatch.org.br\/#\/schema\/logo\/image\/\"}},{\"@type\":\"Person\",\"@id\":\"https:\/\/rioonwatch.org.br\/#\/schema\/person\/e07d559fe2154d11fd3ec515e35695ee\",\"name\":\"Nicole Froio\",\"image\":{\"@type\":\"ImageObject\",\"inLanguage\":\"pt-BR\",\"@id\":\"https:\/\/rioonwatch.org.br\/#\/schema\/person\/image\/\",\"url\":\"https:\/\/secure.gravatar.com\/avatar\/0acdbd6878ca0ac29aa5ce6c6119d636?s=96&d=blank&r=g\",\"contentUrl\":\"https:\/\/secure.gravatar.com\/avatar\/0acdbd6878ca0ac29aa5ce6c6119d636?s=96&d=blank&r=g\",\"caption\":\"Nicole Froio\"},\"url\":\"https:\/\/rioonwatch.org.br\/?author=137\"}]}<\/script>\n<!-- \/ Yoast SEO plugin. -->","yoast_head_json":{"title":"SOS! O 'Tempo da Resist\u00eancia' Continua: Aclamado Museu da Mar\u00e9 Protesta Contra Despejo - RioOnWatch","robots":{"index":"index","follow":"follow","max-snippet":"max-snippet:-1","max-image-preview":"max-image-preview:large","max-video-preview":"max-video-preview:-1"},"canonical":"https:\/\/rioonwatch.org.br\/?p=12623","og_locale":"pt_BR","og_type":"article","og_title":"SOS! O 'Tempo da Resist\u00eancia' Continua: Aclamado Museu da Mar\u00e9 Protesta Contra Despejo - RioOnWatch","og_description":"Click Here for English Essa \u00e9 a primeira de duas mat\u00e9rias sobre a resist\u00eancia do Museu da Mar\u00e9. Leia a segunda, com depoimentos de moradores, curadores, colaboradores e visitantes\u00a0do Museu, aqui. Ap\u00f3s sete anos fornecendo [...]","og_url":"https:\/\/rioonwatch.org.br\/?p=12623","og_site_name":"RioOnWatch","article_published_time":"2014-10-15T14:49:21+00:00","article_modified_time":"2015-12-21T18:46:43+00:00","og_image":[{"width":620,"height":264,"url":"https:\/\/rioonwatch.org.br\/wp-content\/uploads\/2014\/10\/TEATRO-GESTOS-620x264.jpg","type":"image\/jpeg"}],"author":"Nicole Froio","twitter_card":"summary_large_image","twitter_misc":{"Escrito por":"Nicole Froio","Est. tempo de leitura":"4 minutos"},"schema":{"@context":"https:\/\/schema.org","@graph":[{"@type":"Article","@id":"https:\/\/rioonwatch.org.br\/?p=12623#article","isPartOf":{"@id":"https:\/\/rioonwatch.org.br\/?p=12623"},"author":{"name":"Nicole Froio","@id":"https:\/\/rioonwatch.org.br\/#\/schema\/person\/e07d559fe2154d11fd3ec515e35695ee"},"headline":"SOS! O &#8216;Tempo da Resist\u00eancia&#8217; Continua: Aclamado Museu da Mar\u00e9 Protesta Contra Despejo","datePublished":"2014-10-15T14:49:21+00:00","dateModified":"2015-12-21T18:46:43+00:00","mainEntityOfPage":{"@id":"https:\/\/rioonwatch.org.br\/?p=12623"},"wordCount":752,"publisher":{"@id":"https:\/\/rioonwatch.org.br\/#organization"},"image":{"@id":"https:\/\/rioonwatch.org.br\/?p=12623#primaryimage"},"thumbnailUrl":"https:\/\/rioonwatch.org.br\/wp-content\/uploads\/2014\/10\/TEATRO-GESTOS-620x264.jpg","keywords":["arte","artesanato","Complexo da Mar\u00e9","cultura","cultura da favela","especula\u00e7\u00e3o imobili\u00e1ria","hist\u00f3ria","Meu Rio","museu","Museu da Mar\u00e9","organiza\u00e7\u00e3o comunit\u00e1ria","preserva\u00e7\u00e3o hist\u00f3rica","protesto","Remo\u00e7\u00e3o","Zona Norte"],"articleSection":["#OlhoNasRemo\u00e7\u00f5es","Den\u00fancias","Escrito por Aliados"],"inLanguage":"pt-BR"},{"@type":"WebPage","@id":"https:\/\/rioonwatch.org.br\/?p=12623","url":"https:\/\/rioonwatch.org.br\/?p=12623","name":"SOS! O 'Tempo da Resist\u00eancia' Continua: Aclamado Museu da Mar\u00e9 Protesta Contra Despejo - RioOnWatch","isPartOf":{"@id":"https:\/\/rioonwatch.org.br\/#website"},"primaryImageOfPage":{"@id":"https:\/\/rioonwatch.org.br\/?p=12623#primaryimage"},"image":{"@id":"https:\/\/rioonwatch.org.br\/?p=12623#primaryimage"},"thumbnailUrl":"https:\/\/rioonwatch.org.br\/wp-content\/uploads\/2014\/10\/TEATRO-GESTOS-620x264.jpg","datePublished":"2014-10-15T14:49:21+00:00","dateModified":"2015-12-21T18:46:43+00:00","breadcrumb":{"@id":"https:\/\/rioonwatch.org.br\/?p=12623#breadcrumb"},"inLanguage":"pt-BR","potentialAction":[{"@type":"ReadAction","target":["https:\/\/rioonwatch.org.br\/?p=12623"]}]},{"@type":"ImageObject","inLanguage":"pt-BR","@id":"https:\/\/rioonwatch.org.br\/?p=12623#primaryimage","url":"https:\/\/rioonwatch.org.br\/wp-content\/uploads\/2014\/10\/TEATRO-GESTOS-620x264.jpg","contentUrl":"https:\/\/rioonwatch.org.br\/wp-content\/uploads\/2014\/10\/TEATRO-GESTOS-620x264.jpg","width":620,"height":264},{"@type":"BreadcrumbList","@id":"https:\/\/rioonwatch.org.br\/?p=12623#breadcrumb","itemListElement":[{"@type":"ListItem","position":1,"name":"In\u00edcio","item":"https:\/\/rioonwatch.org.br\/"},{"@type":"ListItem","position":2,"name":"SOS! O &#8216;Tempo da Resist\u00eancia&#8217; Continua: Aclamado Museu da Mar\u00e9 Protesta Contra Despejo"}]},{"@type":"WebSite","@id":"https:\/\/rioonwatch.org.br\/#website","url":"https:\/\/rioonwatch.org.br\/","name":"RioOnWatch","description":"relatos das favelas cariocas","publisher":{"@id":"https:\/\/rioonwatch.org.br\/#organization"},"potentialAction":[{"@type":"SearchAction","target":{"@type":"EntryPoint","urlTemplate":"https:\/\/rioonwatch.org.br\/?s={search_term_string}"},"query-input":{"@type":"PropertyValueSpecification","valueRequired":true,"valueName":"search_term_string"}}],"inLanguage":"pt-BR"},{"@type":"Organization","@id":"https:\/\/rioonwatch.org.br\/#organization","name":"RioOnWatch","url":"https:\/\/rioonwatch.org.br\/","logo":{"@type":"ImageObject","inLanguage":"pt-BR","@id":"https:\/\/rioonwatch.org.br\/#\/schema\/logo\/image\/","url":"https:\/\/rioonwatch.org.br\/wp-content\/uploads\/2021\/06\/RioOnWatchcabecalhoPT11anos-2.png","contentUrl":"https:\/\/rioonwatch.org.br\/wp-content\/uploads\/2021\/06\/RioOnWatchcabecalhoPT11anos-2.png","width":779,"height":277,"caption":"RioOnWatch"},"image":{"@id":"https:\/\/rioonwatch.org.br\/#\/schema\/logo\/image\/"}},{"@type":"Person","@id":"https:\/\/rioonwatch.org.br\/#\/schema\/person\/e07d559fe2154d11fd3ec515e35695ee","name":"Nicole Froio","image":{"@type":"ImageObject","inLanguage":"pt-BR","@id":"https:\/\/rioonwatch.org.br\/#\/schema\/person\/image\/","url":"https:\/\/secure.gravatar.com\/avatar\/0acdbd6878ca0ac29aa5ce6c6119d636?s=96&d=blank&r=g","contentUrl":"https:\/\/secure.gravatar.com\/avatar\/0acdbd6878ca0ac29aa5ce6c6119d636?s=96&d=blank&r=g","caption":"Nicole Froio"},"url":"https:\/\/rioonwatch.org.br\/?author=137"}]}},"_links":{"self":[{"href":"https:\/\/rioonwatch.org.br\/index.php?rest_route=\/wp\/v2\/posts\/12623"}],"collection":[{"href":"https:\/\/rioonwatch.org.br\/index.php?rest_route=\/wp\/v2\/posts"}],"about":[{"href":"https:\/\/rioonwatch.org.br\/index.php?rest_route=\/wp\/v2\/types\/post"}],"author":[{"embeddable":true,"href":"https:\/\/rioonwatch.org.br\/index.php?rest_route=\/wp\/v2\/users\/137"}],"replies":[{"embeddable":true,"href":"https:\/\/rioonwatch.org.br\/index.php?rest_route=%2Fwp%2Fv2%2Fcomments&post=12623"}],"version-history":[{"count":26,"href":"https:\/\/rioonwatch.org.br\/index.php?rest_route=\/wp\/v2\/posts\/12623\/revisions"}],"predecessor-version":[{"id":17749,"href":"https:\/\/rioonwatch.org.br\/index.php?rest_route=\/wp\/v2\/posts\/12623\/revisions\/17749"}],"wp:featuredmedia":[{"embeddable":true,"href":"https:\/\/rioonwatch.org.br\/index.php?rest_route=\/wp\/v2\/media\/12645"}],"wp:attachment":[{"href":"https:\/\/rioonwatch.org.br\/index.php?rest_route=%2Fwp%2Fv2%2Fmedia&parent=12623"}],"wp:term":[{"taxonomy":"category","embeddable":true,"href":"https:\/\/rioonwatch.org.br\/index.php?rest_route=%2Fwp%2Fv2%2Fcategories&post=12623"},{"taxonomy":"post_tag","embeddable":true,"href":"https:\/\/rioonwatch.org.br\/index.php?rest_route=%2Fwp%2Fv2%2Ftags&post=12623"},{"taxonomy":"writer","embeddable":true,"href":"https:\/\/rioonwatch.org.br\/index.php?rest_route=%2Fwp%2Fv2%2Fwriter&post=12623"},{"taxonomy":"translator","embeddable":true,"href":"https:\/\/rioonwatch.org.br\/index.php?rest_route=%2Fwp%2Fv2%2Ftranslator&post=12623"},{"taxonomy":"source","embeddable":true,"href":"https:\/\/rioonwatch.org.br\/index.php?rest_route=%2Fwp%2Fv2%2Fsource&post=12623"},{"taxonomy":"ilustrador","embeddable":true,"href":"https:\/\/rioonwatch.org.br\/index.php?rest_route=%2Fwp%2Fv2%2Filustrador&post=12623"},{"taxonomy":"fotografo","embeddable":true,"href":"https:\/\/rioonwatch.org.br\/index.php?rest_route=%2Fwp%2Fv2%2Ffotografo&post=12623"}],"curies":[{"name":"wp","href":"https:\/\/api.w.org\/{rel}","templated":true}]}}