{"id":12816,"date":"2014-10-31T09:00:56","date_gmt":"2014-10-31T12:00:56","guid":{"rendered":"http:\/\/rioonwatch.org.br\/?p=12816"},"modified":"2015-12-21T14:55:26","modified_gmt":"2015-12-21T17:55:26","slug":"fela-day-uma-celebracao-do-fela-kuti-e-a-resistencia-negra-em-acari","status":"publish","type":"post","link":"https:\/\/rioonwatch.org.br\/?p=12816","title":{"rendered":"Fela Day: Uma Celebra\u00e7\u00e3o do Fela Kuti e a Resist\u00eancia Negra em Acari"},"content":{"rendered":"<p style=\"text-align: right;\"><em><strong><a href=\"http:\/\/bit.ly\/1wu0ehD\" target=\"_blank\">Click Here for English<img decoding=\"async\" width=\"20\" height=\"20\" class=\"alignright wp-image-15790\" src=\"http:\/\/rioonwatch.org.br\/wp-content\/uploads\/2012\/08\/EN-standard-e1439583104716.jpg\" alt=\"\" \/><\/a><\/strong><\/em><\/p>\n<p>Quarta-feira, 15 de outubro, come\u00e7ou cedo para o\u00a0<a href=\"http:\/\/on.fb.me\/1tKOKZS\" target=\"_blank\">Faveleira<\/a>, um grupo\u00a0ativista cultural da favela de\u00a0<a href=\"http:\/\/bit.ly\/13ZsHgY\" target=\"_blank\">Acari<\/a> na <a href=\"http:\/\/bit.ly\/WximDf\" target=\"_blank\">Zona Norte<\/a> do Rio. Por volta das 10 da manh\u00e3, os l\u00edderes do grupo estavam limpando o ch\u00e3o, decorando as paredes e preparando o sistema de som em uma pequena casa na Rua Pereira da Silva em prepara\u00e7\u00e3o para o Fela Day.<\/p>\n<p>Fela Day \u00e9 uma celebra\u00e7\u00e3o da vida de <a href=\"http:\/\/bit.ly\/1tZ9mOa\" target=\"_blank\">Fela Anikulapo Kuti<\/a>, m\u00fasico nigeriano conhecido por seu som afrobeat e sua <a href=\"http:\/\/bit.ly\/1wIRWDu\" target=\"_blank\">implac\u00e1vel resist\u00eancia<\/a> \u00e0 ditadura militar nigeriana. Os seguidores de Fela Kuti celebram o artista todo dia 15 de outubro, e esse ano o Faveleira recebeu seu primeiro Fela Day. O evento consistiu de oficinas, palestras, exibi\u00e7\u00f5es de filmes e muitas apresenta\u00e7\u00f5es de m\u00fasica.<\/p>\n<p>O Faveleira foi formado em 2010 quando um grupo de artistas e ativistas da comunidade se uniram para construir um espa\u00e7o de produ\u00e7\u00e3o e exibi\u00e7\u00e3o\u00a0da\u00a0arte alternativa que as pessoas &#8220;deveriam ouvir, segundo o organizador Wesley Del\u00edrioBlack.\u00a0Desde ent\u00e3o, toda quarta-feira \u00e9 a Noite Faveleira, uma noite dedicada \u00e0 m\u00fasicos e artistas locais. O grupo tamb\u00e9m oferece outras atividades como aulas de capoeira.<\/p>\n<p>\u201cA Noite Faveleira \u00e9 importante porque reafirma nossa identidade afro-ind\u00edgena, al\u00e9m de ser um espa\u00e7o onde as quest\u00f5es que n\u00e3o est\u00e3o sendo disseminadas s\u00e3o discutidas e propagadas\u201d, disse Wesley. &#8220;Outro aspecto importante \u00e9 que isso nos re\u00fane toda semana, cria perspectivas e di\u00e1logos importantes, e ajuda as pessoas \u00e0 entenderem algumas quest\u00f5es melhor\u201d.<\/p>\n<p><a href=\"http:\/\/rioonwatch.org.br\/wp-content\/uploads\/2014\/10\/Fela_prep.jpg\"><img fetchpriority=\"high\" decoding=\"async\" class=\"aligncenter wp-image-12848\" title=\"Prepara\u00e7\u00e3o para o Fela Day\" src=\"http:\/\/rioonwatch.org.br\/wp-content\/uploads\/2014\/10\/Fela_prep.jpg\" alt=\"Prepara\u00e7\u00e3o para o Fela Day\" width=\"619\" height=\"387\" srcset=\"https:\/\/rioonwatch.org.br\/wp-content\/uploads\/2014\/10\/Fela_prep.jpg 994w, https:\/\/rioonwatch.org.br\/wp-content\/uploads\/2014\/10\/Fela_prep-423x264.jpg 423w, https:\/\/rioonwatch.org.br\/wp-content\/uploads\/2014\/10\/Fela_prep-620x387.jpg 620w\" sizes=\"(max-width: 619px) 100vw, 619px\" \/><\/a><\/p>\n<p>O agora chamado Comit\u00ea Cultural Popular Revolucion\u00e1rio Poeta Deley de Acari (CCPR), um tributo ao Deley de Acari, poeta e ativista local de longa data, fica num local que j\u00e1 pertenceu \u00e0 um traficante de drogas, e tamb\u00e9m \u00e0 <a href=\"http:\/\/bit.ly\/1mtYvXK\" target=\"_blank\">Pol\u00edcia Militar<\/a> por um longo tempo, disse Wesley. Acari, uma grande favela, tem uma <a href=\"http:\/\/bit.ly\/1rsCxTs\" target=\"_blank\">longa hist\u00f3ria<\/a> de <a href=\"http:\/\/bit.ly\/NRIxaP\" target=\"_blank\">tr\u00e1fico de drogas<\/a> e viol\u00eancia e continua sob o controle do tr\u00e1fico. Nesse contexto, o Faveleira tornou a hist\u00f3ria violenta desse espa\u00e7o espec\u00edfico da comunidade em um lugar de cultura e esperan\u00e7a.<\/p>\n<p>\u201cEsse espa\u00e7o \u00e9 muito importante para a gente porque por dez anos aqui foi um lugar de repress\u00e3o, tortura e desaparecimentos. Os jovens que entravam aqui desapareciam\u201d, afirmou Deley de Acari. \u201cO c\u00f4modo que agora \u00e9 o nosso escrit\u00f3rio era uma cela usada para tortura e espancamentos. As pessoas que passavam por aqui podiam ouvir gemidos e gritos\u201d.<\/p>\n<p>Agora, as paredes brancas s\u00e3o cobertas de arte. Uma cita\u00e7\u00e3o de George Orwell cobre a parede na frente de um mural de Marcus Garvey na parede oposta. Wesley organizou as cadeiras em um semic\u00edrculo para o Fela Day e, por volta das\u00a0quatro da tarde,\u00a0as pessoas come\u00e7aram a chegar.<\/p>\n<p>O primeiro evento no Fela Day foi uma oficina sobre turbantes, conduzida por Caroline Amanda Lopes Borges, a criadora do <a href=\"http:\/\/on.fb.me\/ZY9OOM\" target=\"_blank\">projeto Bastet Queen<\/a>, que valoriza o uso dos turbantes. Caroline mostrou ao grupo de aproximadamente 30 pessoas in\u00fameras maneiras de us\u00e1-los.<\/p>\n<p>&nbsp;<\/p>\n<p><a href=\"http:\/\/rioonwatch.org.br\/wp-content\/uploads\/2014\/10\/Fela_oficina.jpg\"><img decoding=\"async\" class=\"aligncenter wp-image-12850\" title=\"Oficina do Projeto Bastet Queen\" src=\"http:\/\/rioonwatch.org.br\/wp-content\/uploads\/2014\/10\/Fela_oficina.jpg\" alt=\"Oficina do Projeto Bastet Queen\" width=\"620\" height=\"394\" srcset=\"https:\/\/rioonwatch.org.br\/wp-content\/uploads\/2014\/10\/Fela_oficina.jpg 992w, https:\/\/rioonwatch.org.br\/wp-content\/uploads\/2014\/10\/Fela_oficina-620x394.jpg 620w, https:\/\/rioonwatch.org.br\/wp-content\/uploads\/2014\/10\/Fela_oficina-990x629.jpg 990w, https:\/\/rioonwatch.org.br\/wp-content\/uploads\/2014\/10\/Fela_oficina-768x488.jpg 768w\" sizes=\"(max-width: 620px) 100vw, 620px\" \/><\/a><\/p>\n<p>Imediatamente ap\u00f3s a oficina, foi a vez do convidado especial Carlos Moore, autor do livro \u201c<a href=\"http:\/\/bit.ly\/ZWhLEg\" target=\"_blank\">Fela: Esta Vida Puta<\/a>\u201d, biografia de Kuti. Moore \u00e9 um cientista social e pesquisador cubano que batalhou contra o racismo global por muitos anos. Mais de 60 pessoas assistiram a palestra, alguns sentados no ch\u00e3o, outros em p\u00e9 do lado de fora, muitos deles eram de outras comunidades e v\u00e1rios eram estudantes universit\u00e1rios.<\/p>\n<p>Moore disse que Kuti est\u00e1 sendo descoberto pelo mundo s\u00f3 agora, e apesar de sua incessante luta pelos pobres na Nig\u00e9ria, ele est\u00e1 sendo introduzido como um <a href=\"http:\/\/bit.ly\/1xFzYRI\" target=\"_blank\">produto popular<\/a> para as pessoas da classe m\u00e9dia. Kuti viveu sua vida inteira em um bairro pobre em Lagos, capital nigeriana. \u201c\u00c9 necess\u00e1rio levar Fela para l\u00e1, aonde sempre viveu, [lev\u00e1-lo] at\u00e9 \u00e0s pessoas por quem ele se sacrificou, aos pobres, \u00e0s pessoas muito pobres das favelas\u201d, ele disse, \u201cEssa \u00e9 a \u00fanica arma que temos para lutar contra a comercializa\u00e7\u00e3o de Fela&#8221;.<\/p>\n<p>Wellington Ague\u00e1, morador do <a href=\"http:\/\/bit.ly\/1w940Ad\" target=\"_blank\">Morro do Turano<\/a> na Tijuca, compareceu ao evento particularmente para ouvir Moore falar sobre Kuti: \u201cEsse lugar aqui, Acari, \u00e9 um lugar perigoso, muita coisa acontece aqui. Tem havido massacres, <a href=\"http:\/\/bit.ly\/1jn5t06\" target=\"_blank\">enchentes<\/a>. \u00c9 um lugar da resist\u00eancia negra, e \u00e9 por isso que estou aqui&#8230; Fela Day tinha que ser aqui porque essa era a vida do Kuti. Kuti viveu em uma Acari na Nig\u00e9ria, ele n\u00e3o viveu em uma Copacabana nigeriana, ou em um Leblon\u201d.<\/p>\n<p>Aproximadamente \u00e0s 8 da noite o evento se deslocou para um pequeno p\u00e1tio perto da casa, onde o document\u00e1rio sobre a vida de Kuti \u201c<a href=\"http:\/\/bit.ly\/1x8G4JV\" target=\"_blank\">Music is the Weapon<\/a>\u201d (A M\u00fasica \u00e9 Uma Arma) foi exibido.<\/p>\n<p><a href=\"http:\/\/rioonwatch.org.br\/wp-content\/uploads\/2014\/10\/Fela-Day-party.jpg\"><img loading=\"lazy\" decoding=\"async\" class=\"aligncenter wp-image-12822\" title=\"Foto por Mirian Carvalho Lopes\" src=\"http:\/\/rioonwatch.org.br\/wp-content\/uploads\/2014\/10\/Fela-Day-party.jpg\" alt=\"\" width=\"620\" height=\"325\" srcset=\"https:\/\/rioonwatch.org.br\/wp-content\/uploads\/2014\/10\/Fela-Day-party.jpg 940w, https:\/\/rioonwatch.org.br\/wp-content\/uploads\/2014\/10\/Fela-Day-party-503x264.jpg 503w, https:\/\/rioonwatch.org.br\/wp-content\/uploads\/2014\/10\/Fela-Day-party-620x325.jpg 620w\" sizes=\"(max-width: 620px) 100vw, 620px\" \/><\/a><\/p>\n<p>Depois, a Noite Faveleira, evento musical semanal, come\u00e7ou. Os DJs do <a href=\"http:\/\/on.fb.me\/1zks1qg\" target=\"_blank\">Sistema Kalakuta<\/a> encheram a playlist com ningu\u00e9m menos que Fela Kuti. O p\u00e1tio se tornou uma pista de dan\u00e7a e a m\u00fasica s\u00f3 era interrompida para comunicados de mais musica por vir, sempre por artistas locais, inclusive membros do Faveleira como MC Pingo, Wesley DelirioBlack, Mano Teko e DJ Bui\u00fa.<\/p>\n<p>As melodias ultrapassaram as paredes do centro comunit\u00e1rio e a multid\u00e3o estendeu a celebra\u00e7\u00e3o para a rua, bebendo, comendo yakissoba, conversando e cantando.<\/p>\n<!-- AddThis Advanced Settings generic via filter on the_content --><!-- AddThis Share Buttons generic via filter on the_content -->","protected":false},"excerpt":{"rendered":"<div class=\"mh-excerpt\"><p>Click Here for English Quarta-feira, 15 de outubro, come\u00e7ou cedo para o\u00a0Faveleira, um grupo\u00a0ativista cultural da favela de\u00a0Acari na Zona Norte do Rio. Por volta das 10 da manh\u00e3, os l\u00edderes do grupo estavam limpando <a class=\"mh-excerpt-more\" href=\"https:\/\/rioonwatch.org.br\/?p=12816\" title=\"Fela Day: Uma Celebra\u00e7\u00e3o do Fela Kuti e a Resist\u00eancia Negra em Acari\">[&#8230;]<\/a><!-- AddThis Advanced Settings generic via filter on get_the_excerpt --><!-- AddThis Share Buttons generic via filter on get_the_excerpt --><\/p>\n<\/div>","protected":false},"author":137,"featured_media":12850,"comment_status":"closed","ping_status":"closed","sticky":false,"template":"","format":"standard","meta":{"_acf_changed":false,"_monsterinsights_skip_tracking":false,"_monsterinsights_sitenote_active":false,"_monsterinsights_sitenote_note":"","_monsterinsights_sitenote_category":0,"footnotes":""},"categories":[342],"tags":[592,513,421,422,502,20,358,774,899,432],"writer":[1322],"translator":[1281],"source":[],"ilustrador":[],"fotografo":[],"class_list":{"0":"post-12816","1":"post","2":"type-post","3":"status-publish","4":"format-standard","5":"has-post-thumbnail","7":"category-solucoes","8":"tag-acari","9":"tag-cultura-afro-brasileira","10":"tag-cultura-da-favela","11":"tag-cultura-de-rua","12":"tag-funk","13":"tag-musica","14":"tag-organizacao-comunitaria","15":"tag-policia-militar","16":"tag-preservacao-de-cultura","17":"tag-resistencia","18":"writer-elma-gonzalez","19":"translator-luiza-villela"},"acf":[],"yoast_head":"<!-- This site is optimized with the Yoast SEO plugin v25.6 - https:\/\/yoast.com\/wordpress\/plugins\/seo\/ -->\n<title>Fela Day: Uma Celebra\u00e7\u00e3o do Fela Kuti e a Resist\u00eancia Negra em Acari - RioOnWatch<\/title>\n<meta name=\"robots\" content=\"index, follow, max-snippet:-1, max-image-preview:large, max-video-preview:-1\" \/>\n<link rel=\"canonical\" href=\"https:\/\/rioonwatch.org.br\/?p=12816\" \/>\n<meta property=\"og:locale\" content=\"pt_BR\" \/>\n<meta property=\"og:type\" content=\"article\" \/>\n<meta property=\"og:title\" content=\"Fela Day: Uma Celebra\u00e7\u00e3o do Fela Kuti e a Resist\u00eancia Negra em Acari - RioOnWatch\" \/>\n<meta property=\"og:description\" content=\"Click Here for English Quarta-feira, 15 de outubro, come\u00e7ou cedo para o\u00a0Faveleira, um grupo\u00a0ativista cultural da favela de\u00a0Acari na Zona Norte do Rio. Por volta das 10 da manh\u00e3, os l\u00edderes do grupo estavam limpando [...]\" \/>\n<meta property=\"og:url\" content=\"https:\/\/rioonwatch.org.br\/?p=12816\" \/>\n<meta property=\"og:site_name\" content=\"RioOnWatch\" \/>\n<meta property=\"article:published_time\" content=\"2014-10-31T12:00:56+00:00\" \/>\n<meta property=\"article:modified_time\" content=\"2015-12-21T17:55:26+00:00\" \/>\n<meta property=\"og:image\" content=\"https:\/\/rioonwatch.org.br\/wp-content\/uploads\/2014\/10\/Fela_oficina.jpg\" \/>\n\t<meta property=\"og:image:width\" content=\"992\" \/>\n\t<meta property=\"og:image:height\" content=\"630\" \/>\n\t<meta property=\"og:image:type\" content=\"image\/jpeg\" \/>\n<meta name=\"author\" content=\"Nicole Froio\" \/>\n<meta name=\"twitter:card\" content=\"summary_large_image\" \/>\n<meta name=\"twitter:label1\" content=\"Escrito por\" \/>\n\t<meta name=\"twitter:data1\" content=\"Nicole Froio\" \/>\n\t<meta name=\"twitter:label2\" content=\"Est. tempo de leitura\" \/>\n\t<meta name=\"twitter:data2\" content=\"4 minutos\" \/>\n<script type=\"application\/ld+json\" class=\"yoast-schema-graph\">{\"@context\":\"https:\/\/schema.org\",\"@graph\":[{\"@type\":\"Article\",\"@id\":\"https:\/\/rioonwatch.org.br\/?p=12816#article\",\"isPartOf\":{\"@id\":\"https:\/\/rioonwatch.org.br\/?p=12816\"},\"author\":{\"name\":\"Nicole Froio\",\"@id\":\"https:\/\/rioonwatch.org.br\/#\/schema\/person\/e07d559fe2154d11fd3ec515e35695ee\"},\"headline\":\"Fela Day: Uma Celebra\u00e7\u00e3o do Fela Kuti e a Resist\u00eancia Negra em Acari\",\"datePublished\":\"2014-10-31T12:00:56+00:00\",\"dateModified\":\"2015-12-21T17:55:26+00:00\",\"mainEntityOfPage\":{\"@id\":\"https:\/\/rioonwatch.org.br\/?p=12816\"},\"wordCount\":900,\"publisher\":{\"@id\":\"https:\/\/rioonwatch.org.br\/#organization\"},\"image\":{\"@id\":\"https:\/\/rioonwatch.org.br\/?p=12816#primaryimage\"},\"thumbnailUrl\":\"https:\/\/rioonwatch.org.br\/wp-content\/uploads\/2014\/10\/Fela_oficina.jpg\",\"keywords\":[\"Acari\",\"Cultura Afro-brasileira\",\"cultura da favela\",\"cultura de rua\",\"funk\",\"m\u00fasica\",\"organiza\u00e7\u00e3o comunit\u00e1ria\",\"Pol\u00edcia Militar\",\"preserva\u00e7\u00e3o de cultura\",\"resist\u00eancia\"],\"articleSection\":[\"Solu\u00e7\u00f5es\"],\"inLanguage\":\"pt-BR\"},{\"@type\":\"WebPage\",\"@id\":\"https:\/\/rioonwatch.org.br\/?p=12816\",\"url\":\"https:\/\/rioonwatch.org.br\/?p=12816\",\"name\":\"Fela Day: Uma Celebra\u00e7\u00e3o do Fela Kuti e a Resist\u00eancia Negra em Acari - RioOnWatch\",\"isPartOf\":{\"@id\":\"https:\/\/rioonwatch.org.br\/#website\"},\"primaryImageOfPage\":{\"@id\":\"https:\/\/rioonwatch.org.br\/?p=12816#primaryimage\"},\"image\":{\"@id\":\"https:\/\/rioonwatch.org.br\/?p=12816#primaryimage\"},\"thumbnailUrl\":\"https:\/\/rioonwatch.org.br\/wp-content\/uploads\/2014\/10\/Fela_oficina.jpg\",\"datePublished\":\"2014-10-31T12:00:56+00:00\",\"dateModified\":\"2015-12-21T17:55:26+00:00\",\"breadcrumb\":{\"@id\":\"https:\/\/rioonwatch.org.br\/?p=12816#breadcrumb\"},\"inLanguage\":\"pt-BR\",\"potentialAction\":[{\"@type\":\"ReadAction\",\"target\":[\"https:\/\/rioonwatch.org.br\/?p=12816\"]}]},{\"@type\":\"ImageObject\",\"inLanguage\":\"pt-BR\",\"@id\":\"https:\/\/rioonwatch.org.br\/?p=12816#primaryimage\",\"url\":\"https:\/\/rioonwatch.org.br\/wp-content\/uploads\/2014\/10\/Fela_oficina.jpg\",\"contentUrl\":\"https:\/\/rioonwatch.org.br\/wp-content\/uploads\/2014\/10\/Fela_oficina.jpg\",\"width\":992,\"height\":630},{\"@type\":\"BreadcrumbList\",\"@id\":\"https:\/\/rioonwatch.org.br\/?p=12816#breadcrumb\",\"itemListElement\":[{\"@type\":\"ListItem\",\"position\":1,\"name\":\"In\u00edcio\",\"item\":\"https:\/\/rioonwatch.org.br\/\"},{\"@type\":\"ListItem\",\"position\":2,\"name\":\"Fela Day: Uma Celebra\u00e7\u00e3o do Fela Kuti e a Resist\u00eancia Negra em Acari\"}]},{\"@type\":\"WebSite\",\"@id\":\"https:\/\/rioonwatch.org.br\/#website\",\"url\":\"https:\/\/rioonwatch.org.br\/\",\"name\":\"RioOnWatch\",\"description\":\"relatos das favelas cariocas\",\"publisher\":{\"@id\":\"https:\/\/rioonwatch.org.br\/#organization\"},\"potentialAction\":[{\"@type\":\"SearchAction\",\"target\":{\"@type\":\"EntryPoint\",\"urlTemplate\":\"https:\/\/rioonwatch.org.br\/?s={search_term_string}\"},\"query-input\":{\"@type\":\"PropertyValueSpecification\",\"valueRequired\":true,\"valueName\":\"search_term_string\"}}],\"inLanguage\":\"pt-BR\"},{\"@type\":\"Organization\",\"@id\":\"https:\/\/rioonwatch.org.br\/#organization\",\"name\":\"RioOnWatch\",\"url\":\"https:\/\/rioonwatch.org.br\/\",\"logo\":{\"@type\":\"ImageObject\",\"inLanguage\":\"pt-BR\",\"@id\":\"https:\/\/rioonwatch.org.br\/#\/schema\/logo\/image\/\",\"url\":\"https:\/\/rioonwatch.org.br\/wp-content\/uploads\/2021\/06\/RioOnWatchcabecalhoPT11anos-2.png\",\"contentUrl\":\"https:\/\/rioonwatch.org.br\/wp-content\/uploads\/2021\/06\/RioOnWatchcabecalhoPT11anos-2.png\",\"width\":779,\"height\":277,\"caption\":\"RioOnWatch\"},\"image\":{\"@id\":\"https:\/\/rioonwatch.org.br\/#\/schema\/logo\/image\/\"}},{\"@type\":\"Person\",\"@id\":\"https:\/\/rioonwatch.org.br\/#\/schema\/person\/e07d559fe2154d11fd3ec515e35695ee\",\"name\":\"Nicole Froio\",\"image\":{\"@type\":\"ImageObject\",\"inLanguage\":\"pt-BR\",\"@id\":\"https:\/\/rioonwatch.org.br\/#\/schema\/person\/image\/\",\"url\":\"https:\/\/secure.gravatar.com\/avatar\/0acdbd6878ca0ac29aa5ce6c6119d636?s=96&d=blank&r=g\",\"contentUrl\":\"https:\/\/secure.gravatar.com\/avatar\/0acdbd6878ca0ac29aa5ce6c6119d636?s=96&d=blank&r=g\",\"caption\":\"Nicole Froio\"},\"url\":\"https:\/\/rioonwatch.org.br\/?author=137\"}]}<\/script>\n<!-- \/ Yoast SEO plugin. -->","yoast_head_json":{"title":"Fela Day: Uma Celebra\u00e7\u00e3o do Fela Kuti e a Resist\u00eancia Negra em Acari - RioOnWatch","robots":{"index":"index","follow":"follow","max-snippet":"max-snippet:-1","max-image-preview":"max-image-preview:large","max-video-preview":"max-video-preview:-1"},"canonical":"https:\/\/rioonwatch.org.br\/?p=12816","og_locale":"pt_BR","og_type":"article","og_title":"Fela Day: Uma Celebra\u00e7\u00e3o do Fela Kuti e a Resist\u00eancia Negra em Acari - RioOnWatch","og_description":"Click Here for English Quarta-feira, 15 de outubro, come\u00e7ou cedo para o\u00a0Faveleira, um grupo\u00a0ativista cultural da favela de\u00a0Acari na Zona Norte do Rio. Por volta das 10 da manh\u00e3, os l\u00edderes do grupo estavam limpando [...]","og_url":"https:\/\/rioonwatch.org.br\/?p=12816","og_site_name":"RioOnWatch","article_published_time":"2014-10-31T12:00:56+00:00","article_modified_time":"2015-12-21T17:55:26+00:00","og_image":[{"width":992,"height":630,"url":"https:\/\/rioonwatch.org.br\/wp-content\/uploads\/2014\/10\/Fela_oficina.jpg","type":"image\/jpeg"}],"author":"Nicole Froio","twitter_card":"summary_large_image","twitter_misc":{"Escrito por":"Nicole Froio","Est. tempo de leitura":"4 minutos"},"schema":{"@context":"https:\/\/schema.org","@graph":[{"@type":"Article","@id":"https:\/\/rioonwatch.org.br\/?p=12816#article","isPartOf":{"@id":"https:\/\/rioonwatch.org.br\/?p=12816"},"author":{"name":"Nicole Froio","@id":"https:\/\/rioonwatch.org.br\/#\/schema\/person\/e07d559fe2154d11fd3ec515e35695ee"},"headline":"Fela Day: Uma Celebra\u00e7\u00e3o do Fela Kuti e a Resist\u00eancia Negra em Acari","datePublished":"2014-10-31T12:00:56+00:00","dateModified":"2015-12-21T17:55:26+00:00","mainEntityOfPage":{"@id":"https:\/\/rioonwatch.org.br\/?p=12816"},"wordCount":900,"publisher":{"@id":"https:\/\/rioonwatch.org.br\/#organization"},"image":{"@id":"https:\/\/rioonwatch.org.br\/?p=12816#primaryimage"},"thumbnailUrl":"https:\/\/rioonwatch.org.br\/wp-content\/uploads\/2014\/10\/Fela_oficina.jpg","keywords":["Acari","Cultura Afro-brasileira","cultura da favela","cultura de rua","funk","m\u00fasica","organiza\u00e7\u00e3o comunit\u00e1ria","Pol\u00edcia Militar","preserva\u00e7\u00e3o de cultura","resist\u00eancia"],"articleSection":["Solu\u00e7\u00f5es"],"inLanguage":"pt-BR"},{"@type":"WebPage","@id":"https:\/\/rioonwatch.org.br\/?p=12816","url":"https:\/\/rioonwatch.org.br\/?p=12816","name":"Fela Day: Uma Celebra\u00e7\u00e3o do Fela Kuti e a Resist\u00eancia Negra em Acari - RioOnWatch","isPartOf":{"@id":"https:\/\/rioonwatch.org.br\/#website"},"primaryImageOfPage":{"@id":"https:\/\/rioonwatch.org.br\/?p=12816#primaryimage"},"image":{"@id":"https:\/\/rioonwatch.org.br\/?p=12816#primaryimage"},"thumbnailUrl":"https:\/\/rioonwatch.org.br\/wp-content\/uploads\/2014\/10\/Fela_oficina.jpg","datePublished":"2014-10-31T12:00:56+00:00","dateModified":"2015-12-21T17:55:26+00:00","breadcrumb":{"@id":"https:\/\/rioonwatch.org.br\/?p=12816#breadcrumb"},"inLanguage":"pt-BR","potentialAction":[{"@type":"ReadAction","target":["https:\/\/rioonwatch.org.br\/?p=12816"]}]},{"@type":"ImageObject","inLanguage":"pt-BR","@id":"https:\/\/rioonwatch.org.br\/?p=12816#primaryimage","url":"https:\/\/rioonwatch.org.br\/wp-content\/uploads\/2014\/10\/Fela_oficina.jpg","contentUrl":"https:\/\/rioonwatch.org.br\/wp-content\/uploads\/2014\/10\/Fela_oficina.jpg","width":992,"height":630},{"@type":"BreadcrumbList","@id":"https:\/\/rioonwatch.org.br\/?p=12816#breadcrumb","itemListElement":[{"@type":"ListItem","position":1,"name":"In\u00edcio","item":"https:\/\/rioonwatch.org.br\/"},{"@type":"ListItem","position":2,"name":"Fela Day: Uma Celebra\u00e7\u00e3o do Fela Kuti e a Resist\u00eancia Negra em Acari"}]},{"@type":"WebSite","@id":"https:\/\/rioonwatch.org.br\/#website","url":"https:\/\/rioonwatch.org.br\/","name":"RioOnWatch","description":"relatos das favelas cariocas","publisher":{"@id":"https:\/\/rioonwatch.org.br\/#organization"},"potentialAction":[{"@type":"SearchAction","target":{"@type":"EntryPoint","urlTemplate":"https:\/\/rioonwatch.org.br\/?s={search_term_string}"},"query-input":{"@type":"PropertyValueSpecification","valueRequired":true,"valueName":"search_term_string"}}],"inLanguage":"pt-BR"},{"@type":"Organization","@id":"https:\/\/rioonwatch.org.br\/#organization","name":"RioOnWatch","url":"https:\/\/rioonwatch.org.br\/","logo":{"@type":"ImageObject","inLanguage":"pt-BR","@id":"https:\/\/rioonwatch.org.br\/#\/schema\/logo\/image\/","url":"https:\/\/rioonwatch.org.br\/wp-content\/uploads\/2021\/06\/RioOnWatchcabecalhoPT11anos-2.png","contentUrl":"https:\/\/rioonwatch.org.br\/wp-content\/uploads\/2021\/06\/RioOnWatchcabecalhoPT11anos-2.png","width":779,"height":277,"caption":"RioOnWatch"},"image":{"@id":"https:\/\/rioonwatch.org.br\/#\/schema\/logo\/image\/"}},{"@type":"Person","@id":"https:\/\/rioonwatch.org.br\/#\/schema\/person\/e07d559fe2154d11fd3ec515e35695ee","name":"Nicole Froio","image":{"@type":"ImageObject","inLanguage":"pt-BR","@id":"https:\/\/rioonwatch.org.br\/#\/schema\/person\/image\/","url":"https:\/\/secure.gravatar.com\/avatar\/0acdbd6878ca0ac29aa5ce6c6119d636?s=96&d=blank&r=g","contentUrl":"https:\/\/secure.gravatar.com\/avatar\/0acdbd6878ca0ac29aa5ce6c6119d636?s=96&d=blank&r=g","caption":"Nicole Froio"},"url":"https:\/\/rioonwatch.org.br\/?author=137"}]}},"_links":{"self":[{"href":"https:\/\/rioonwatch.org.br\/index.php?rest_route=\/wp\/v2\/posts\/12816"}],"collection":[{"href":"https:\/\/rioonwatch.org.br\/index.php?rest_route=\/wp\/v2\/posts"}],"about":[{"href":"https:\/\/rioonwatch.org.br\/index.php?rest_route=\/wp\/v2\/types\/post"}],"author":[{"embeddable":true,"href":"https:\/\/rioonwatch.org.br\/index.php?rest_route=\/wp\/v2\/users\/137"}],"replies":[{"embeddable":true,"href":"https:\/\/rioonwatch.org.br\/index.php?rest_route=%2Fwp%2Fv2%2Fcomments&post=12816"}],"version-history":[{"count":13,"href":"https:\/\/rioonwatch.org.br\/index.php?rest_route=\/wp\/v2\/posts\/12816\/revisions"}],"predecessor-version":[{"id":17737,"href":"https:\/\/rioonwatch.org.br\/index.php?rest_route=\/wp\/v2\/posts\/12816\/revisions\/17737"}],"wp:featuredmedia":[{"embeddable":true,"href":"https:\/\/rioonwatch.org.br\/index.php?rest_route=\/wp\/v2\/media\/12850"}],"wp:attachment":[{"href":"https:\/\/rioonwatch.org.br\/index.php?rest_route=%2Fwp%2Fv2%2Fmedia&parent=12816"}],"wp:term":[{"taxonomy":"category","embeddable":true,"href":"https:\/\/rioonwatch.org.br\/index.php?rest_route=%2Fwp%2Fv2%2Fcategories&post=12816"},{"taxonomy":"post_tag","embeddable":true,"href":"https:\/\/rioonwatch.org.br\/index.php?rest_route=%2Fwp%2Fv2%2Ftags&post=12816"},{"taxonomy":"writer","embeddable":true,"href":"https:\/\/rioonwatch.org.br\/index.php?rest_route=%2Fwp%2Fv2%2Fwriter&post=12816"},{"taxonomy":"translator","embeddable":true,"href":"https:\/\/rioonwatch.org.br\/index.php?rest_route=%2Fwp%2Fv2%2Ftranslator&post=12816"},{"taxonomy":"source","embeddable":true,"href":"https:\/\/rioonwatch.org.br\/index.php?rest_route=%2Fwp%2Fv2%2Fsource&post=12816"},{"taxonomy":"ilustrador","embeddable":true,"href":"https:\/\/rioonwatch.org.br\/index.php?rest_route=%2Fwp%2Fv2%2Filustrador&post=12816"},{"taxonomy":"fotografo","embeddable":true,"href":"https:\/\/rioonwatch.org.br\/index.php?rest_route=%2Fwp%2Fv2%2Ffotografo&post=12816"}],"curies":[{"name":"wp","href":"https:\/\/api.w.org\/{rel}","templated":true}]}}