{"id":12855,"date":"2014-11-11T18:14:54","date_gmt":"2014-11-11T21:14:54","guid":{"rendered":"http:\/\/rioonwatch.org.br\/?p=12855"},"modified":"2024-05-24T12:41:25","modified_gmt":"2024-05-24T15:41:25","slug":"no-brasil-raca-e-questao-de-vida-e-morte","status":"publish","type":"post","link":"https:\/\/rioonwatch.org.br\/?p=12855","title":{"rendered":"No Brasil, Ra\u00e7a \u00e9 Quest\u00e3o de Vida e Morte"},"content":{"rendered":"<p style=\"text-align: right;\"><em><strong><a href=\"https:\/\/n.pr\/2pGFfx3\" target=\"_blank\" rel=\"noopener\">Click Here for English<img decoding=\"async\" width=\"20\" height=\"20\" class=\"alignright wp-image-15790\" src=\"http:\/\/rioonwatch.org.br\/wp-content\/uploads\/2012\/08\/EN-standard-e1439583104716.jpg\" alt=\"\" \/><\/a><\/strong><\/em><\/p>\n<p><em>Ou\u00e7a\u00a0a mat\u00e9ria original por Lourdes Garcia-Navarro em ingl\u00eas na R\u00e1dio P\u00fablica Nacional Americana, NPR, <a href=\"http:\/\/n.pr\/1sn6UtY\" target=\"_blank\" rel=\"noopener\">aqui<\/a>.\u00a0<em>O RioOnWatch traduz mat\u00e9rias do ingl\u00eas para que brasileiros possam ter acesso e acompanhar\u00a0temas ou an\u00e1lises cobertos fora do pa\u00eds que nem sempre s\u00e3o cobertos no Brasil.\u00a0<em><em>Esta mat\u00e9ria representa <a href=\"http:\/\/bit.ly\/1HUyOaR\" target=\"_blank\" rel=\"noopener\">uma das melhores reportagens que vimos em 2014<\/a>, aprofundando o debate sobre as transforma\u00e7\u00f5es no Rio.<\/em><\/em><\/em><\/em><\/p>\n<p>Em 11 de junho&#8211;um dia antes da <a href=\"http:\/\/bit.ly\/WfaiMR\" target=\"_blank\" rel=\"noopener\">Copa do Mundo<\/a> come\u00e7ar&#8211;dois policiais prenderam tr\u00eas adolescentes negros no Rio de Janeiro. Os tr\u00eas n\u00e3o tinham cometido crime algum, mas tinham um hist\u00f3rico de pequenos delitos.<\/p>\n<p>Os policiais os levaram para o alto de um morro arborizado da cidade. Um dos jovens foi morto com um tiro na cabe\u00e7a, o\u00a0segundo foi baleado na perna e nas costas, abandonado para morrer. O terceiro escapou.<\/p>\n<p>Sabemos o que aconteceu naquele dia porque <a href=\"http:\/\/glo.bo\/10VNLJa\" target=\"_blank\" rel=\"noopener\">os policiais deixaram suas c\u00e2meras do carro de patrulha ligadas<\/a> e os v\u00eddeos vieram \u00e0 tona numa mat\u00e9ria da TV Globo.<\/p>\n<p>&#8220;N\u00f3s ainda nem come\u00e7amos a bater ainda e voc\u00ea j\u00e1 t\u00e1 chorando?&#8221; um dos policiais diz. &#8220;Pare de chorar! T\u00e1 chorando muito! Seja homem!&#8221;<\/p>\n<figure id=\"attachment_12859\" aria-describedby=\"caption-attachment-12859\" style=\"width: 225px\" class=\"wp-caption alignright\"><a href=\"http:\/\/rioonwatch.org.br\/wp-content\/uploads\/2014\/11\/inequalityinbrazil3_vert-319131df1e0eccc0b728f9b003d2d29bd33d8858-s3-c85.jpg\"><img fetchpriority=\"high\" decoding=\"async\" class=\"wp-image-12859 size-medium\" src=\"http:\/\/rioonwatch.org.br\/wp-content\/uploads\/2014\/11\/inequalityinbrazil3_vert-319131df1e0eccc0b728f9b003d2d29bd33d8858-s3-c85-225x300.jpg\" alt=\"Em junho deste ano, Matteos Alves dos Santos (em uma foto do Facebook) foi pego pela pol\u00edcia sem raz\u00e3o e assassinado.\" width=\"225\" height=\"300\" \/><\/a><figcaption id=\"caption-attachment-12859\" class=\"wp-caption-text\">Em junho deste ano, Matteos Alves dos Santos (em uma foto do Facebook) foi pego pela pol\u00edcia sem raz\u00e3o e assassinado.<\/figcaption><\/figure>\n<p>Mas os tr\u00eas rapazes n\u00e3o eram homens&#8211;tinham cerca de 14 anos de idade.<\/p>\n<p>Em seguida, <a href=\"http:\/\/glo.bo\/1tYU5tB\">os policiais s\u00e3o ouvidos dizendo<\/a> que &#8220;t\u00eam que matar os tr\u00eas&#8221;.<\/p>\n<p>E concluindo, dizem: &#8220;S\u00e3o dois a menos, se fizermos isso toda\u00a0semana, podemos reduzir o n\u00famero deles e alcan\u00e7ar a meta&#8221;.<\/p>\n<p>Eles estavam supostamente se referindo ao objetivo oficial de reduzir a criminalidade na cidade antes da Copa do Mundo.<\/p>\n<p>O Brasil \u00e9 um dos pa\u00edses mais violentos do mundo. Em 2012, 56.337 pessoas foram assassinadas. Compare isso com os EUA, onde menos de 15 mil pessoas morreram de forma violenta no mesmo ano, em\u00a0um pa\u00eds com uma popula\u00e7\u00e3o 60% maior que a do Brasil.<\/p>\n<p>Mas essas estat\u00edsticas escondem um c\u00f3digo de cores: o Brasil na verdade\u00a0tem ficado muito mais seguro para pessoas brancas. Na \u00faltima d\u00e9cada, os homic\u00eddios entre os brancos diminu\u00edram em\u00a024%, ao passo que <a href=\"http:\/\/glo.bo\/1sAmlA7\" target=\"_blank\" rel=\"noopener\">entre a popula\u00e7\u00e3o negra eles aumentaram 40%<\/a>.<\/p>\n<p>&#8220;Aqueles que s\u00e3o brancos podem pagar e usufruir maior seguran\u00e7a, e n\u00f3s estamos vendo redu\u00e7\u00f5es de homic\u00eddios nesta faixa&#8221;, diz Robert Muggah do Instituto Igarap\u00e9, com sede no Rio de Janeiro. &#8220;Aqueles que s\u00e3o negros e incapazes de pagar por sua seguran\u00e7a&#8211;a nossa sociedade est\u00e1 se tornando cada vez mais desigual&#8211;n\u00e3o t\u00eam acesso a esses bens p\u00fablicos, e como resultado estamos vendo as taxas de homic\u00eddio subindo cada vez mais&#8221;.<\/p>\n<p>Muggah diz que a popula\u00e7\u00e3o branca e rica no Brasil, pode pagar para ter mais seguran\u00e7a, seja na forma de cercas el\u00e9tricas, ou pr\u00e9dios de apartamentos com portaria e seguran\u00e7a,\u00a0ou <a href=\"http:\/\/bit.ly\/1sXO2Ym\" target=\"_blank\" rel=\"noopener\">condom\u00ednios fechados<\/a>.<\/p>\n<p>O resto da popula\u00e7\u00e3o tem que lidar com uma for\u00e7a policial que em 2012 matou cerca de 2000 pessoas&#8211;mais de cinco por dia. (De 2010 a 2012 nos Estados Unidos, um <a href=\"http:\/\/bit.ly\/1tYUk7Z\">banco de dados do FBI mostra que a pol\u00edcia matou cerca de 400 pessoas no ano<\/a>).<\/p>\n<p>&#8220;A elite e as classes m\u00e9dias toleram este tipo de repress\u00e3o&#8211;e, de fato at\u00e9 a desejam&#8221;, diz Muggah. &#8220;Eu acho que h\u00e1 entre a popula\u00e7\u00e3o mais branca do Brasil, a sensa\u00e7\u00e3o\u00a0de que as popula\u00e7\u00f5es negras s\u00e3o a fonte de grande parte dos v\u00edcios, da decad\u00eancia e da viol\u00eancia da sociedade&#8221;.<\/p>\n<figure id=\"attachment_12860\" aria-describedby=\"caption-attachment-12860\" style=\"width: 620px\" class=\"wp-caption aligncenter\"><a href=\"http:\/\/rioonwatch.org.br\/wp-content\/uploads\/2014\/11\/inequalityinbrazil1_custom-7d1b0d49e5f32e2257ff1ea93ec2861aeed0481c-s40-c85.jpg\"><img decoding=\"async\" class=\"wp-image-12860\" src=\"http:\/\/rioonwatch.org.br\/wp-content\/uploads\/2014\/11\/inequalityinbrazil1_custom-7d1b0d49e5f32e2257ff1ea93ec2861aeed0481c-s40-c85-300x204.jpg\" alt=\"Soldados da marinha brasileira entram na Mar\u00e9 em um tanque de guerra no dia 30 de mar\u00e7o, como parte do programa de pacifica\u00e7\u00e3o do governo para limpar as favelas dos traficantes e da viol\u00eancia.\" width=\"620\" height=\"423\" \/><\/a><figcaption id=\"caption-attachment-12860\" class=\"wp-caption-text\">Soldados da Marinha entram na Mar\u00e9 em um tanque de guerra no dia 30 de mar\u00e7o, como parte do programa de pacifica\u00e7\u00e3o do governo para limpar as favelas dos traficantes e da viol\u00eancia.<\/figcaption><\/figure>\n<p>E muitas vezes as popula\u00e7\u00f5es negras moram aonde a repress\u00e3o n\u00e3o \u00e9 vis\u00edvel: pelo menos 22% da popula\u00e7\u00e3o do Rio de Janeiro vive em favelas ou bairros prec\u00e1rios. Mais de metade desses moradores s\u00e3o afro-brasileiros.<\/p>\n<p>Para entrar no vasto complexo de favelas da\u00a0<a href=\"http:\/\/bit.ly\/10BvARw\" target=\"_blank\" rel=\"noopener\">Mar\u00e9<\/a>, somos avisados que temos que manter as janelas do carro abertas para que os\u00a0traficantes possam ver os nossos rostos e devemos nos mover lentamente. Eles est\u00e3o preocupados com a infiltra\u00e7\u00e3o de bandidos de fac\u00e7\u00f5es\u00a0rivais, j\u00e1 que uma guerra de territ\u00f3rios est\u00e1 sendo travada nesta parte da comunidade.<\/p>\n<p>Estes n\u00e3o s\u00e3o pontos de inspe\u00e7\u00e3o formais, mas um grupo nos observa a cada esquina&#8211;traficantes de drogas, explica\u00a0Patricia Sales Vianna, uma das diretoras da ONG local\u00a0<a href=\"http:\/\/bit.ly\/1vou8Fg\" target=\"_blank\" rel=\"noopener\">Redes da Mar\u00e9<\/a>.<\/p>\n<p>No passado, traficantes\u00a0vendiam seus produtos abertamente nas ruas movimentadas\u00a0mas a Mar\u00e9 est\u00e1 agora em <a href=\"http:\/\/bit.ly\/1sRmbs5\" target=\"_blank\" rel=\"noopener\">vias de ser pacificada<\/a>&#8211;com a instala\u00e7\u00e3o de um programa do Estado em que o <a href=\"http:\/\/bit.ly\/R5ueio\" target=\"_blank\" rel=\"noopener\">policiamento de tempo integral \u00e9 implantado<\/a> em determinadas favelas para expulsar os traficantes da \u00e1rea.<\/p>\n<p>O programa tem tido\u00a0sucesso mixto,\u00a0mas na Mar\u00e9, a hist\u00f3ria \u00e9 diferente&#8211;aqui, \u00e9 o ex\u00e9rcito que est\u00e1 no controle. Moradores da Mar\u00e9 chamam o programa de &#8220;ocupa\u00e7\u00e3o&#8221;. Caminh\u00f5es carregados com tropas de capacetes e fortemente armadas circulam pelas ruas. Os moradores t\u00eam a sensa\u00e7\u00e3o de que est\u00e3o no meio de uma guerra e n\u00e3o em uma opera\u00e7\u00e3o policial.<\/p>\n<p>Na Mar\u00e9, explica Vianna, <a href=\"http:\/\/bit.ly\/1earRCC\" target=\"_blank\" rel=\"noopener\">h\u00e1 comunidades muito pobres<\/a>, com recursos muito baixos, quase sem oportunidades: da popula\u00e7\u00e3o de cerca de 140.000 da Mar\u00e9, menos de 1% frequentou uma universidade p\u00fablica, diz ela.<\/p>\n<p>Um dos meninos que foi morto em 11 de junho era daqui. Seu nome era\u00a0Matteos Alves dos Santos.<\/p>\n<p>Viemos aqui para ver o pai dele, Thiago Virgilio dos Santos; ele vive em uma pequena casa com colch\u00f5es no ch\u00e3o, e um sof\u00e1 desfiado para sentar.<\/p>\n<p>Ele diz que a \u00fanica raz\u00e3o da morte de seu filho ter se tornado conhecida foi porque um dos meninos sobreviveu. Se ele n\u00e3o estivesse vivo para falar sobre o caso, n\u00f3s nunca saber\u00edamos o que aconteceu, diz ele&#8211;a morte dele seria apenas <a href=\"http:\/\/bit.ly\/1dCHo2o\" target=\"_blank\" rel=\"noopener\">mais uma estat\u00edstica<\/a>.<\/p>\n<p>Ele conta que n\u00e3o h\u00e1 maneira de acabar com sua dor.<\/p>\n<p>Os dois policiais que mataram Matteos est\u00e3o sendo julgados. O menino que sobreviveu est\u00e1 detido numa pris\u00e3o juvenil; ele foi pego tentando roubar uma bicicleta. Seu advogado tentou coloc\u00e1-lo no Programa de Prote\u00e7\u00e3o a V\u00edtimas e Testemunhas Amea\u00e7adas de Morte (PROVITA)\u00a0porque teme por sua vida, mas lhe foi dito que o Estado n\u00e3o tem recursos para fornecer este tipo de prote\u00e7\u00e3o.<\/p>\n<p>Nilson de Bruno Filho&#8211;o \u00fanico chefe negro\u00a0de uma Defensoria P\u00fablico estadual&#8211;instituiu recentemente um programa de combate ao racismo no Rio de Janeiro. Ele explica porque que o caso envolvendo os jovens assassinadas [em junho], j\u00e1\u00a0esquecido, n\u00e3o recebeu muita aten\u00e7\u00e3o.<\/p>\n<p>&#8220;H\u00e1 um ditado que diz que &#8216;a carne negra \u00e9 mais barata&#8217;. As pessoas n\u00e3o ficam chocadas ao ver uma pessoa negra morta, porque em suas mentes esta pessoa deve estar ligada a algum tipo de crime&#8221;, diz ele. &#8220;E, <a href=\"http:\/\/bit.ly\/1bLEXdB\" target=\"_blank\" rel=\"noopener\">no Brasil<\/a>, se uma pessoa est\u00e1 ligada \u00e0 um crime, ent\u00e3o ela pode ser morta&#8221;.<\/p>\n<p>Nilson diz que h\u00e1 um sistema de dois n\u00edveis no Brasil baseado na cor da pele.<\/p>\n<p>Ele diz tamb\u00e9m que o Brasil teve um dos <a href=\"http:\/\/n.pr\/180y8R7\" target=\"_blank\" rel=\"noopener\">per\u00edodos mais brutais e prolongados de escravid\u00e3o nas Am\u00e9ricas<\/a>.<\/p>\n<p>&#8220;De certa forma, n\u00e3o foi h\u00e1 muito tempo. Eu acho que algumas pessoas ainda v\u00eaem os negros como uma &#8216;coisa'&#8221;, diz ele. &#8220;Ainda \u00e9 uma realidade em nosso pa\u00eds.\u00a0Temos um caminho longo pela frente&#8221;.<\/p>\n<p><em>Obrigado pela tradu\u00e7\u00e3o \u00e0 Tha\u00eds Rosa Pinheiro, mestranda da P\u00f3s Gradua\u00e7\u00e3o em Mem\u00f3ria Social na UNIRIO. Tha\u00eds pesquisa turismo de base comunit\u00e1ria em comunidades quilombolas.<\/em><\/p>\n<!-- AddThis Advanced Settings generic via filter on the_content --><!-- AddThis Share Buttons generic via filter on the_content -->","protected":false},"excerpt":{"rendered":"<div class=\"mh-excerpt\"><p>Click Here for English Ou\u00e7a\u00a0a mat\u00e9ria original por Lourdes Garcia-Navarro em ingl\u00eas na R\u00e1dio P\u00fablica Nacional Americana, NPR, aqui.\u00a0O RioOnWatch traduz mat\u00e9rias do ingl\u00eas para que brasileiros possam ter acesso e acompanhar\u00a0temas ou an\u00e1lises cobertos <a class=\"mh-excerpt-more\" href=\"https:\/\/rioonwatch.org.br\/?p=12855\" title=\"No Brasil, Ra\u00e7a \u00e9 Quest\u00e3o de Vida e Morte\">[&#8230;]<\/a><!-- AddThis Advanced Settings generic via filter on get_the_excerpt --><!-- AddThis Share Buttons generic via filter on get_the_excerpt --><\/p>\n<\/div>","protected":false},"author":137,"featured_media":12856,"comment_status":"closed","ping_status":"closed","sticky":false,"template":"","format":"standard","meta":{"_acf_changed":false,"_monsterinsights_skip_tracking":false,"_monsterinsights_sitenote_active":false,"_monsterinsights_sitenote_note":"","_monsterinsights_sitenote_category":0,"footnotes":""},"categories":[346,1620,1634],"tags":[3253,332,413,1108,1068,774,1107,92,52],"writer":[1324],"translator":[683],"source":[1177],"ilustrador":[],"fotografo":[],"class_list":{"0":"post-12855","1":"post","2":"type-post","3":"status-publish","4":"format-standard","5":"has-post-thumbnail","7":"category-denuncias","8":"category-olhonaupp","9":"category-traducoes","10":"tag-antirracismo","11":"tag-complexo-da-mare","12":"tag-desigualdade","13":"tag-ocupacao-militar","14":"tag-ocupacao-policial","15":"tag-policia-militar","16":"tag-redes-da-mare","17":"tag-upp","18":"tag-violencia-policial","19":"writer-lourdes-garcia-navarro","20":"translator-thais-rosa-pinheiro","21":"source-npr"},"acf":[],"yoast_head":"<!-- This site is optimized with the Yoast SEO plugin v25.6 - https:\/\/yoast.com\/wordpress\/plugins\/seo\/ -->\n<title>No Brasil, Ra\u00e7a \u00e9 Quest\u00e3o de Vida e Morte - RioOnWatch<\/title>\n<meta name=\"robots\" content=\"index, follow, max-snippet:-1, max-image-preview:large, max-video-preview:-1\" \/>\n<link rel=\"canonical\" href=\"https:\/\/rioonwatch.org.br\/?p=12855\" \/>\n<meta property=\"og:locale\" content=\"pt_BR\" \/>\n<meta property=\"og:type\" content=\"article\" \/>\n<meta property=\"og:title\" content=\"No Brasil, Ra\u00e7a \u00e9 Quest\u00e3o de Vida e Morte - RioOnWatch\" \/>\n<meta property=\"og:description\" content=\"Click Here for English Ou\u00e7a\u00a0a mat\u00e9ria original por Lourdes Garcia-Navarro em ingl\u00eas na R\u00e1dio P\u00fablica Nacional Americana, NPR, aqui.\u00a0O RioOnWatch traduz mat\u00e9rias do ingl\u00eas para que brasileiros possam ter acesso e acompanhar\u00a0temas ou an\u00e1lises cobertos [...]\" \/>\n<meta property=\"og:url\" content=\"https:\/\/rioonwatch.org.br\/?p=12855\" \/>\n<meta property=\"og:site_name\" content=\"RioOnWatch\" \/>\n<meta property=\"article:published_time\" content=\"2014-11-11T21:14:54+00:00\" \/>\n<meta property=\"article:modified_time\" content=\"2024-05-24T15:41:25+00:00\" \/>\n<meta property=\"og:image\" content=\"https:\/\/rioonwatch.org.br\/wp-content\/uploads\/2014\/11\/npr.jpg\" \/>\n\t<meta property=\"og:image:width\" content=\"1000\" \/>\n\t<meta property=\"og:image:height\" content=\"562\" \/>\n\t<meta property=\"og:image:type\" content=\"image\/jpeg\" \/>\n<meta name=\"author\" content=\"Nicole Froio\" \/>\n<meta name=\"twitter:card\" content=\"summary_large_image\" \/>\n<meta name=\"twitter:label1\" content=\"Escrito por\" \/>\n\t<meta name=\"twitter:data1\" content=\"Nicole Froio\" \/>\n\t<meta name=\"twitter:label2\" content=\"Est. tempo de leitura\" \/>\n\t<meta name=\"twitter:data2\" content=\"6 minutos\" \/>\n<script type=\"application\/ld+json\" class=\"yoast-schema-graph\">{\"@context\":\"https:\/\/schema.org\",\"@graph\":[{\"@type\":\"Article\",\"@id\":\"https:\/\/rioonwatch.org.br\/?p=12855#article\",\"isPartOf\":{\"@id\":\"https:\/\/rioonwatch.org.br\/?p=12855\"},\"author\":{\"name\":\"Nicole Froio\",\"@id\":\"https:\/\/rioonwatch.org.br\/#\/schema\/person\/e07d559fe2154d11fd3ec515e35695ee\"},\"headline\":\"No Brasil, Ra\u00e7a \u00e9 Quest\u00e3o de Vida e Morte\",\"datePublished\":\"2014-11-11T21:14:54+00:00\",\"dateModified\":\"2024-05-24T15:41:25+00:00\",\"mainEntityOfPage\":{\"@id\":\"https:\/\/rioonwatch.org.br\/?p=12855\"},\"wordCount\":1344,\"publisher\":{\"@id\":\"https:\/\/rioonwatch.org.br\/#organization\"},\"image\":{\"@id\":\"https:\/\/rioonwatch.org.br\/?p=12855#primaryimage\"},\"thumbnailUrl\":\"https:\/\/rioonwatch.org.br\/wp-content\/uploads\/2014\/11\/npr.jpg\",\"keywords\":[\"Antirracismo\",\"Complexo da Mar\u00e9\",\"desigualdade\",\"ocupa\u00e7\u00e3o militar\",\"ocupa\u00e7\u00e3o policial\",\"Pol\u00edcia Militar\",\"Redes da Mar\u00e9\",\"UPP\",\"viol\u00eancia policial\"],\"articleSection\":[\"Den\u00fancias\",\"Seguran\u00e7a P\u00fablica\",\"Traduzidas do Ingl\u00eas\"],\"inLanguage\":\"pt-BR\"},{\"@type\":\"WebPage\",\"@id\":\"https:\/\/rioonwatch.org.br\/?p=12855\",\"url\":\"https:\/\/rioonwatch.org.br\/?p=12855\",\"name\":\"No Brasil, Ra\u00e7a \u00e9 Quest\u00e3o de Vida e Morte - RioOnWatch\",\"isPartOf\":{\"@id\":\"https:\/\/rioonwatch.org.br\/#website\"},\"primaryImageOfPage\":{\"@id\":\"https:\/\/rioonwatch.org.br\/?p=12855#primaryimage\"},\"image\":{\"@id\":\"https:\/\/rioonwatch.org.br\/?p=12855#primaryimage\"},\"thumbnailUrl\":\"https:\/\/rioonwatch.org.br\/wp-content\/uploads\/2014\/11\/npr.jpg\",\"datePublished\":\"2014-11-11T21:14:54+00:00\",\"dateModified\":\"2024-05-24T15:41:25+00:00\",\"breadcrumb\":{\"@id\":\"https:\/\/rioonwatch.org.br\/?p=12855#breadcrumb\"},\"inLanguage\":\"pt-BR\",\"potentialAction\":[{\"@type\":\"ReadAction\",\"target\":[\"https:\/\/rioonwatch.org.br\/?p=12855\"]}]},{\"@type\":\"ImageObject\",\"inLanguage\":\"pt-BR\",\"@id\":\"https:\/\/rioonwatch.org.br\/?p=12855#primaryimage\",\"url\":\"https:\/\/rioonwatch.org.br\/wp-content\/uploads\/2014\/11\/npr.jpg\",\"contentUrl\":\"https:\/\/rioonwatch.org.br\/wp-content\/uploads\/2014\/11\/npr.jpg\",\"width\":1000,\"height\":562,\"caption\":\"Moradores observam policiais militares na Mar\u00e9, um dos maiores complexos de favelas do Rio de Janeiro, no dia 30 de mar\u00e7o. Em um dos pa\u00edses mais violentos do mundo, o n\u00famero de assassinatos abaixou, mas s\u00f3 para os brancos.\"},{\"@type\":\"BreadcrumbList\",\"@id\":\"https:\/\/rioonwatch.org.br\/?p=12855#breadcrumb\",\"itemListElement\":[{\"@type\":\"ListItem\",\"position\":1,\"name\":\"In\u00edcio\",\"item\":\"https:\/\/rioonwatch.org.br\/\"},{\"@type\":\"ListItem\",\"position\":2,\"name\":\"No Brasil, Ra\u00e7a \u00e9 Quest\u00e3o de Vida e Morte\"}]},{\"@type\":\"WebSite\",\"@id\":\"https:\/\/rioonwatch.org.br\/#website\",\"url\":\"https:\/\/rioonwatch.org.br\/\",\"name\":\"RioOnWatch\",\"description\":\"relatos das favelas cariocas\",\"publisher\":{\"@id\":\"https:\/\/rioonwatch.org.br\/#organization\"},\"potentialAction\":[{\"@type\":\"SearchAction\",\"target\":{\"@type\":\"EntryPoint\",\"urlTemplate\":\"https:\/\/rioonwatch.org.br\/?s={search_term_string}\"},\"query-input\":{\"@type\":\"PropertyValueSpecification\",\"valueRequired\":true,\"valueName\":\"search_term_string\"}}],\"inLanguage\":\"pt-BR\"},{\"@type\":\"Organization\",\"@id\":\"https:\/\/rioonwatch.org.br\/#organization\",\"name\":\"RioOnWatch\",\"url\":\"https:\/\/rioonwatch.org.br\/\",\"logo\":{\"@type\":\"ImageObject\",\"inLanguage\":\"pt-BR\",\"@id\":\"https:\/\/rioonwatch.org.br\/#\/schema\/logo\/image\/\",\"url\":\"https:\/\/rioonwatch.org.br\/wp-content\/uploads\/2021\/06\/RioOnWatchcabecalhoPT11anos-2.png\",\"contentUrl\":\"https:\/\/rioonwatch.org.br\/wp-content\/uploads\/2021\/06\/RioOnWatchcabecalhoPT11anos-2.png\",\"width\":779,\"height\":277,\"caption\":\"RioOnWatch\"},\"image\":{\"@id\":\"https:\/\/rioonwatch.org.br\/#\/schema\/logo\/image\/\"}},{\"@type\":\"Person\",\"@id\":\"https:\/\/rioonwatch.org.br\/#\/schema\/person\/e07d559fe2154d11fd3ec515e35695ee\",\"name\":\"Nicole Froio\",\"image\":{\"@type\":\"ImageObject\",\"inLanguage\":\"pt-BR\",\"@id\":\"https:\/\/rioonwatch.org.br\/#\/schema\/person\/image\/\",\"url\":\"https:\/\/secure.gravatar.com\/avatar\/0acdbd6878ca0ac29aa5ce6c6119d636?s=96&d=blank&r=g\",\"contentUrl\":\"https:\/\/secure.gravatar.com\/avatar\/0acdbd6878ca0ac29aa5ce6c6119d636?s=96&d=blank&r=g\",\"caption\":\"Nicole Froio\"},\"url\":\"https:\/\/rioonwatch.org.br\/?author=137\"}]}<\/script>\n<!-- \/ Yoast SEO plugin. -->","yoast_head_json":{"title":"No Brasil, Ra\u00e7a \u00e9 Quest\u00e3o de Vida e Morte - RioOnWatch","robots":{"index":"index","follow":"follow","max-snippet":"max-snippet:-1","max-image-preview":"max-image-preview:large","max-video-preview":"max-video-preview:-1"},"canonical":"https:\/\/rioonwatch.org.br\/?p=12855","og_locale":"pt_BR","og_type":"article","og_title":"No Brasil, Ra\u00e7a \u00e9 Quest\u00e3o de Vida e Morte - RioOnWatch","og_description":"Click Here for English Ou\u00e7a\u00a0a mat\u00e9ria original por Lourdes Garcia-Navarro em ingl\u00eas na R\u00e1dio P\u00fablica Nacional Americana, NPR, aqui.\u00a0O RioOnWatch traduz mat\u00e9rias do ingl\u00eas para que brasileiros possam ter acesso e acompanhar\u00a0temas ou an\u00e1lises cobertos [...]","og_url":"https:\/\/rioonwatch.org.br\/?p=12855","og_site_name":"RioOnWatch","article_published_time":"2014-11-11T21:14:54+00:00","article_modified_time":"2024-05-24T15:41:25+00:00","og_image":[{"width":1000,"height":562,"url":"https:\/\/rioonwatch.org.br\/wp-content\/uploads\/2014\/11\/npr.jpg","type":"image\/jpeg"}],"author":"Nicole Froio","twitter_card":"summary_large_image","twitter_misc":{"Escrito por":"Nicole Froio","Est. tempo de leitura":"6 minutos"},"schema":{"@context":"https:\/\/schema.org","@graph":[{"@type":"Article","@id":"https:\/\/rioonwatch.org.br\/?p=12855#article","isPartOf":{"@id":"https:\/\/rioonwatch.org.br\/?p=12855"},"author":{"name":"Nicole Froio","@id":"https:\/\/rioonwatch.org.br\/#\/schema\/person\/e07d559fe2154d11fd3ec515e35695ee"},"headline":"No Brasil, Ra\u00e7a \u00e9 Quest\u00e3o de Vida e Morte","datePublished":"2014-11-11T21:14:54+00:00","dateModified":"2024-05-24T15:41:25+00:00","mainEntityOfPage":{"@id":"https:\/\/rioonwatch.org.br\/?p=12855"},"wordCount":1344,"publisher":{"@id":"https:\/\/rioonwatch.org.br\/#organization"},"image":{"@id":"https:\/\/rioonwatch.org.br\/?p=12855#primaryimage"},"thumbnailUrl":"https:\/\/rioonwatch.org.br\/wp-content\/uploads\/2014\/11\/npr.jpg","keywords":["Antirracismo","Complexo da Mar\u00e9","desigualdade","ocupa\u00e7\u00e3o militar","ocupa\u00e7\u00e3o policial","Pol\u00edcia Militar","Redes da Mar\u00e9","UPP","viol\u00eancia policial"],"articleSection":["Den\u00fancias","Seguran\u00e7a P\u00fablica","Traduzidas do Ingl\u00eas"],"inLanguage":"pt-BR"},{"@type":"WebPage","@id":"https:\/\/rioonwatch.org.br\/?p=12855","url":"https:\/\/rioonwatch.org.br\/?p=12855","name":"No Brasil, Ra\u00e7a \u00e9 Quest\u00e3o de Vida e Morte - RioOnWatch","isPartOf":{"@id":"https:\/\/rioonwatch.org.br\/#website"},"primaryImageOfPage":{"@id":"https:\/\/rioonwatch.org.br\/?p=12855#primaryimage"},"image":{"@id":"https:\/\/rioonwatch.org.br\/?p=12855#primaryimage"},"thumbnailUrl":"https:\/\/rioonwatch.org.br\/wp-content\/uploads\/2014\/11\/npr.jpg","datePublished":"2014-11-11T21:14:54+00:00","dateModified":"2024-05-24T15:41:25+00:00","breadcrumb":{"@id":"https:\/\/rioonwatch.org.br\/?p=12855#breadcrumb"},"inLanguage":"pt-BR","potentialAction":[{"@type":"ReadAction","target":["https:\/\/rioonwatch.org.br\/?p=12855"]}]},{"@type":"ImageObject","inLanguage":"pt-BR","@id":"https:\/\/rioonwatch.org.br\/?p=12855#primaryimage","url":"https:\/\/rioonwatch.org.br\/wp-content\/uploads\/2014\/11\/npr.jpg","contentUrl":"https:\/\/rioonwatch.org.br\/wp-content\/uploads\/2014\/11\/npr.jpg","width":1000,"height":562,"caption":"Moradores observam policiais militares na Mar\u00e9, um dos maiores complexos de favelas do Rio de Janeiro, no dia 30 de mar\u00e7o. Em um dos pa\u00edses mais violentos do mundo, o n\u00famero de assassinatos abaixou, mas s\u00f3 para os brancos."},{"@type":"BreadcrumbList","@id":"https:\/\/rioonwatch.org.br\/?p=12855#breadcrumb","itemListElement":[{"@type":"ListItem","position":1,"name":"In\u00edcio","item":"https:\/\/rioonwatch.org.br\/"},{"@type":"ListItem","position":2,"name":"No Brasil, Ra\u00e7a \u00e9 Quest\u00e3o de Vida e Morte"}]},{"@type":"WebSite","@id":"https:\/\/rioonwatch.org.br\/#website","url":"https:\/\/rioonwatch.org.br\/","name":"RioOnWatch","description":"relatos das favelas cariocas","publisher":{"@id":"https:\/\/rioonwatch.org.br\/#organization"},"potentialAction":[{"@type":"SearchAction","target":{"@type":"EntryPoint","urlTemplate":"https:\/\/rioonwatch.org.br\/?s={search_term_string}"},"query-input":{"@type":"PropertyValueSpecification","valueRequired":true,"valueName":"search_term_string"}}],"inLanguage":"pt-BR"},{"@type":"Organization","@id":"https:\/\/rioonwatch.org.br\/#organization","name":"RioOnWatch","url":"https:\/\/rioonwatch.org.br\/","logo":{"@type":"ImageObject","inLanguage":"pt-BR","@id":"https:\/\/rioonwatch.org.br\/#\/schema\/logo\/image\/","url":"https:\/\/rioonwatch.org.br\/wp-content\/uploads\/2021\/06\/RioOnWatchcabecalhoPT11anos-2.png","contentUrl":"https:\/\/rioonwatch.org.br\/wp-content\/uploads\/2021\/06\/RioOnWatchcabecalhoPT11anos-2.png","width":779,"height":277,"caption":"RioOnWatch"},"image":{"@id":"https:\/\/rioonwatch.org.br\/#\/schema\/logo\/image\/"}},{"@type":"Person","@id":"https:\/\/rioonwatch.org.br\/#\/schema\/person\/e07d559fe2154d11fd3ec515e35695ee","name":"Nicole Froio","image":{"@type":"ImageObject","inLanguage":"pt-BR","@id":"https:\/\/rioonwatch.org.br\/#\/schema\/person\/image\/","url":"https:\/\/secure.gravatar.com\/avatar\/0acdbd6878ca0ac29aa5ce6c6119d636?s=96&d=blank&r=g","contentUrl":"https:\/\/secure.gravatar.com\/avatar\/0acdbd6878ca0ac29aa5ce6c6119d636?s=96&d=blank&r=g","caption":"Nicole Froio"},"url":"https:\/\/rioonwatch.org.br\/?author=137"}]}},"_links":{"self":[{"href":"https:\/\/rioonwatch.org.br\/index.php?rest_route=\/wp\/v2\/posts\/12855"}],"collection":[{"href":"https:\/\/rioonwatch.org.br\/index.php?rest_route=\/wp\/v2\/posts"}],"about":[{"href":"https:\/\/rioonwatch.org.br\/index.php?rest_route=\/wp\/v2\/types\/post"}],"author":[{"embeddable":true,"href":"https:\/\/rioonwatch.org.br\/index.php?rest_route=\/wp\/v2\/users\/137"}],"replies":[{"embeddable":true,"href":"https:\/\/rioonwatch.org.br\/index.php?rest_route=%2Fwp%2Fv2%2Fcomments&post=12855"}],"version-history":[{"count":21,"href":"https:\/\/rioonwatch.org.br\/index.php?rest_route=\/wp\/v2\/posts\/12855\/revisions"}],"predecessor-version":[{"id":55136,"href":"https:\/\/rioonwatch.org.br\/index.php?rest_route=\/wp\/v2\/posts\/12855\/revisions\/55136"}],"wp:featuredmedia":[{"embeddable":true,"href":"https:\/\/rioonwatch.org.br\/index.php?rest_route=\/wp\/v2\/media\/12856"}],"wp:attachment":[{"href":"https:\/\/rioonwatch.org.br\/index.php?rest_route=%2Fwp%2Fv2%2Fmedia&parent=12855"}],"wp:term":[{"taxonomy":"category","embeddable":true,"href":"https:\/\/rioonwatch.org.br\/index.php?rest_route=%2Fwp%2Fv2%2Fcategories&post=12855"},{"taxonomy":"post_tag","embeddable":true,"href":"https:\/\/rioonwatch.org.br\/index.php?rest_route=%2Fwp%2Fv2%2Ftags&post=12855"},{"taxonomy":"writer","embeddable":true,"href":"https:\/\/rioonwatch.org.br\/index.php?rest_route=%2Fwp%2Fv2%2Fwriter&post=12855"},{"taxonomy":"translator","embeddable":true,"href":"https:\/\/rioonwatch.org.br\/index.php?rest_route=%2Fwp%2Fv2%2Ftranslator&post=12855"},{"taxonomy":"source","embeddable":true,"href":"https:\/\/rioonwatch.org.br\/index.php?rest_route=%2Fwp%2Fv2%2Fsource&post=12855"},{"taxonomy":"ilustrador","embeddable":true,"href":"https:\/\/rioonwatch.org.br\/index.php?rest_route=%2Fwp%2Fv2%2Filustrador&post=12855"},{"taxonomy":"fotografo","embeddable":true,"href":"https:\/\/rioonwatch.org.br\/index.php?rest_route=%2Fwp%2Fv2%2Ffotografo&post=12855"}],"curies":[{"name":"wp","href":"https:\/\/api.w.org\/{rel}","templated":true}]}}