{"id":12892,"date":"2014-11-17T16:17:21","date_gmt":"2014-11-17T19:17:21","guid":{"rendered":"http:\/\/rioonwatch.org.br\/?p=12892"},"modified":"2024-06-20T16:29:33","modified_gmt":"2024-06-20T19:29:33","slug":"ameacados-de-remocao-moradores-de-vila-uniao-de-curicica-sao-informados-que-nao-ha-moradia-suficiente-para-todos","status":"publish","type":"post","link":"https:\/\/rioonwatch.org.br\/?p=12892","title":{"rendered":"Amea\u00e7ados de Remo\u00e7\u00e3o, Moradores de Vila Uni\u00e3o de Curicica S\u00e3o Informados Que N\u00e3o H\u00e1 Moradia Para Todos"},"content":{"rendered":"<p style=\"text-align: right;\"><em><strong><a href=\"http:\/\/bit.ly\/112ZO7I\" target=\"_blank\" rel=\"noopener\">Click Here for English<img decoding=\"async\" width=\"20\" height=\"20\" class=\"alignright wp-image-15790\" src=\"http:\/\/rioonwatch.org.br\/wp-content\/uploads\/2012\/08\/EN-standard-e1439583104716.jpg\" alt=\"\" \/><\/a><\/strong><\/em><\/p>\n<p>Os moradores da <a href=\"http:\/\/bit.ly\/1t2T2W4\" target=\"_blank\" rel=\"noopener\">Vila Uni\u00e3o de Curicica<\/a>, comunidade na <a href=\"http:\/\/bit.ly\/11tBmFR\" target=\"_blank\" rel=\"noopener\">Zona Oeste<\/a>\u00a0aproximadamente 1km de dist\u00e2ncia do futuro Parque Ol\u00edmpico, est\u00e3o sendo amea\u00e7ados com <a href=\"http:\/\/glo.bo\/1p7YEhr\" target=\"_blank\" rel=\"noopener\">uma das maiores remo\u00e7\u00f5es j\u00e1 anunciadas<\/a> para as Olimp\u00edadas de 2016 e foram informados h\u00e1 pouco que muitos receber\u00e3o aluguel social ao inv\u00e9s de receberem os apartamentos do programa federal <a href=\"http:\/\/bit.ly\/Y4U9oJ\" target=\"_blank\" rel=\"noopener\">Minha Casa Minha Vida<\/a> (MCMV) prometidos pela Prefeitura. Representantes da Prefeitura deram a not\u00edcia \u00e0 Associa\u00e7\u00e3o de Moradores na sexta-feira, 7 de novembro, causando indigna\u00e7\u00e3o entre os moradores, que sentem\u00a0que as autoridades falharam no reconhecimento dos seus direitos \u00e0 moradia e a\u00a0garantia de uma compensa\u00e7\u00e3o justa.<\/p>\n<p>A explica\u00e7\u00e3o dada para a remo\u00e7\u00e3o da comunidade \u00e9 de que ela est\u00e1 <a href=\"http:\/\/alj.am\/W3QeyA\" target=\"_blank\" rel=\"noopener\">no trajeto da estrada e BRT TransOl\u00edmpica<\/a>. Entretanto, o tra\u00e7ado original da TransOl\u00edmpica segue ao leste da Vila Uni\u00e3o. A comunidade foi inicialmente informada\u00a0de que <a href=\"http:\/\/bit.ly\/RE8xT9\" target=\"_blank\" rel=\"noopener\">receberia obras imprescind\u00edveis<\/a>\u2013uma integra\u00e7\u00e3o total da comunidade, incluindo todas as obras de infraestrutura necess\u00e1rias\u2013pelo programa <a href=\"http:\/\/bit.ly\/1muQwLu\" target=\"_blank\" rel=\"noopener\">Morar Carioca<\/a>. Ao longo de 2012, a comunidade foi <a href=\"http:\/\/bit.ly\/RE8xT9\" target=\"_blank\" rel=\"noopener\">consultada in\u00fameras vezes sobre as obras necess\u00e1rias<\/a>. Mas os planos mudaram sem que a comunidade fosse consultada e os moradores foram avisados que <a href=\"http:\/\/bit.ly\/12piIRS\" target=\"_blank\" rel=\"noopener\">50% da comunidade deveria ser removida e demolida<\/a>. Por fim, eles foram informados de que a <a href=\"http:\/\/bit.ly\/WT6sv2\" target=\"_blank\" rel=\"noopener\">favela inteira deveria ser demolida para fazer o trajeto da estrada<\/a>, momento no qual moradias populares pr\u00f3ximas foram prometidas.<\/p>\n<p>Enquanto alguns aceitaram serem realojados para perto da <a href=\"http:\/\/bit.ly\/1hmkvl5\" target=\"_blank\" rel=\"noopener\">Col\u00f4nia Juliano Moreira<\/a>, outros\u00a0t\u00eam protestado contra a\u00a0<a href=\"http:\/\/bit.ly\/X51Qvb\" target=\"_blank\" rel=\"noopener\">remo\u00e7\u00e3o<\/a>. Um grupo de resist\u00eancia vem se <a href=\"http:\/\/bit.ly\/1p1iuKC\" target=\"_blank\" rel=\"noopener\">encontrando regularmente<\/a>, e fizeram\u00a0um <a href=\"http:\/\/bit.ly\/1z7Gsxy\" target=\"_blank\" rel=\"noopener\">protesto em setembro<\/a>.<\/p>\n<p><a href=\"http:\/\/rioonwatch.org.br\/wp-content\/uploads\/2014\/11\/Vila-Uniao-assistindo.jpg\"><img fetchpriority=\"high\" decoding=\"async\" class=\"aligncenter wp-image-12911\" src=\"http:\/\/rioonwatch.org.br\/wp-content\/uploads\/2014\/11\/Vila-Uniao-assistindo.jpg\" alt=\"Vila Uniao assistindo\" width=\"620\" height=\"324\" srcset=\"https:\/\/rioonwatch.org.br\/wp-content\/uploads\/2014\/11\/Vila-Uniao-assistindo.jpg 1000w, https:\/\/rioonwatch.org.br\/wp-content\/uploads\/2014\/11\/Vila-Uniao-assistindo-505x264.jpg 505w, https:\/\/rioonwatch.org.br\/wp-content\/uploads\/2014\/11\/Vila-Uniao-assistindo-620x324.jpg 620w\" sizes=\"(max-width: 620px) 100vw, 620px\" \/><\/a><\/p>\n<p>Essa mais recente not\u00edcia de sexta-feira, 7 de novembro, a de que os moradores n\u00e3o mais iriam receber moradias populares imediatamente, e ao inv\u00e9s disso receberiam o\u00a0aluguel social\u00a0(R$400\u00a0por m\u00eas na <a href=\"http:\/\/bit.ly\/1uh7E8Z\" target=\"_blank\" rel=\"noopener\">11a\u00a0cidade mais cara do mundo<\/a>), levou a comunidade a se unir em grande n\u00famero na\u00a0ter\u00e7a-feira, 11 de novembro, para ouvir o Vice-Presidente da Associa\u00e7\u00e3o, Zezinho Orelha, que falou junto com um representante da <a href=\"http:\/\/bit.ly\/19BBUhf\" target=\"_blank\" rel=\"noopener\">Barra da Tijuca<\/a>, Alex Costa, sobre a situa\u00e7\u00e3o. A\u00a0Barra da Tijuca\u00a0\u00e9 o bairro vizinho\u00a0onde o <a href=\"http:\/\/bit.ly\/1sXO2Ym\" target=\"_blank\" rel=\"noopener\">pol\u00eamico condom\u00ednio de Ilha Pura<\/a> est\u00e1 sendo constru\u00eddo a apenas 1km de dist\u00e2ncia da Vila Uni\u00e3o.<\/p>\n<p>A posi\u00e7\u00e3o de Zezinho Orelha foi fortemente antecipada, pois ele \u00e9 uma <a href=\"http:\/\/bit.ly\/1pVqhzP\" target=\"_blank\" rel=\"noopener\">pessoa poderosa<\/a>\u00a0na regi\u00e3o. Enquanto muitos tinham esperan\u00e7as de que Zezinho fosse apoiar\u00a0a comunidade, ele apresentou\u00a0o discurso de Costa\u00a0dizendo\u00a0para a comunidade que eles est\u00e3o vivendo ali \u201cilegalmente por 25 anos\u201d e que agora o governo precisa da terra de volta para o projeto. Antes de passar o microfone para Costa, ele disse: \u201cQuem ganhou, ganhou. Quem perdeu, perdeu\u201d.<\/p>\n<p><a href=\"http:\/\/rioonwatch.org.br\/wp-content\/uploads\/2014\/11\/VU-Zeze-e-Costa.jpg\"><img decoding=\"async\" class=\"aligncenter wp-image-12912\" src=\"http:\/\/rioonwatch.org.br\/wp-content\/uploads\/2014\/11\/VU-Zeze-e-Costa.jpg\" alt=\"VU Zeze e Costa\" width=\"620\" height=\"316\" srcset=\"https:\/\/rioonwatch.org.br\/wp-content\/uploads\/2014\/11\/VU-Zeze-e-Costa.jpg 1000w, https:\/\/rioonwatch.org.br\/wp-content\/uploads\/2014\/11\/VU-Zeze-e-Costa-519x264.jpg 519w, https:\/\/rioonwatch.org.br\/wp-content\/uploads\/2014\/11\/VU-Zeze-e-Costa-620x316.jpg 620w\" sizes=\"(max-width: 620px) 100vw, 620px\" \/><\/a><\/p>\n<p>Na sexta-feira anterior, dia 7, disseram aos moradores que eles receberiam <a href=\"http:\/\/bit.ly\/UBbISE\" target=\"_blank\" rel=\"noopener\">aluguel social<\/a> porque o governo estava atrasado na constru\u00e7\u00e3o dos novos apartamentos do MCMV. Na ter\u00e7a-feira, 11, Costa botou <a href=\"http:\/\/bit.ly\/1ooXWeP\" target=\"_blank\" rel=\"noopener\">culpa nos moradores<\/a>, alegando que \u00e9 imposs\u00edvel conseguir um apartamento porque muitos deles n\u00e3o possuem formas adequadas de identifica\u00e7\u00e3o e n\u00e3o completaram\u00a0toda a documenta\u00e7\u00e3o no Banco do Brasil. Ele disse que os moradores seriam colocados no programa de\u00a0aluguel\u00a0social at\u00e9 que possam tirar seus\u00a0documentos.<\/p>\n<p>Ele garantiu aos moradores que os tr\u00eas primeiros meses de aluguel seriam pagos, mas que ele esperava que as pessoas n\u00e3o teriam que pagar aluguel por muito tempo at\u00e9 que os apartamentos fossem distribu\u00eddos. Respondendo a vaias e acusa\u00e7\u00f5es, ele reconheceu\u00a0que os governantes\u00a0anteriores deixaram as pessoas no programa de aluguel social ao inv\u00e9s de dar a eles um apartamento, mas garantiu aos moradores que a administra\u00e7\u00e3o atual n\u00e3o far\u00e1 a mesma coisa.<\/p>\n<p>&#8220;Ningu\u00e9m vai ficar de aluguel social&#8221;, disse Costa. &#8220;Eu garanto.&#8221;<\/p>\n<p><a href=\"http:\/\/rioonwatch.org.br\/wp-content\/uploads\/2014\/11\/VU-Zezinho-e-Costa-2.jpg\"><img loading=\"lazy\" decoding=\"async\" class=\"aligncenter wp-image-12913\" src=\"http:\/\/rioonwatch.org.br\/wp-content\/uploads\/2014\/11\/VU-Zezinho-e-Costa-2.jpg\" alt=\"VU Zezinho e Costa 2\" width=\"620\" height=\"308\" srcset=\"https:\/\/rioonwatch.org.br\/wp-content\/uploads\/2014\/11\/VU-Zezinho-e-Costa-2.jpg 1000w, https:\/\/rioonwatch.org.br\/wp-content\/uploads\/2014\/11\/VU-Zezinho-e-Costa-2-531x264.jpg 531w, https:\/\/rioonwatch.org.br\/wp-content\/uploads\/2014\/11\/VU-Zezinho-e-Costa-2-620x308.jpg 620w\" sizes=\"(max-width: 620px) 100vw, 620px\" \/><\/a><\/p>\n<p>Enquanto Costa falava, a multid\u00e3o se revoltou. Zezinho entrou em cena para adicionar: &#8220;Dilma prometeu isso em sua campanha, ela j\u00e1 assinou isso&#8221;, encolhendo os ombros para as pessoas.<\/p>\n<p>Coros de &#8220;Aluguel Social n\u00e3o!&#8221; interromperam o discurso dos dois. Uma m\u00e3e com dois filhos, cada um em um bra\u00e7o, disse: &#8220;A gente nunca teve que pagar aluguel na nossa pr\u00f3pria casa, pra onde a gente vai tendo s\u00f3\u00a0R$400 por m\u00eas? Vamos ficar na rua!&#8221;<\/p>\n<p>Falta de informa\u00e7\u00e3o e organiza\u00e7\u00e3o na Vila Uni\u00e3o de Curicica t\u00eam sido ferramentas para a Prefeitura nessa situa\u00e7\u00e3o. O an\u00fancio de sexta-feira, assim como o da demoli\u00e7\u00e3o da comunidade, veio de surpresa. Na segunda os moradores foram informados da reuni\u00e3o de ter\u00e7a e o hor\u00e1rio s\u00f3 foi anunciado na manh\u00e3 do dia da reuni\u00e3o.<\/p>\n<p>Com o an\u00fancio t\u00e3o em cima da hora, duas das figuras mais importantes da resist\u00eancia n\u00e3o puderam comparecer. De acordo com os moradores, a prefeitura fez muito pouco para garantir transpar\u00eancia e disseminar informa\u00e7\u00e3o. Zezinho e Costa usaram um microfone quebrado, o que dificultou a maioria das pessoas a entender exatamente o que estava sendo dito.<\/p>\n<p>Apesar do apoio de Zezinho ao governo e as palavras de Costa como garantia, os moradores continuam a lutar por seus direitos. A reuni\u00e3o continuou na sexta-feira, dia 14 de novembro, \u00e0s 19h\u00a0na associa\u00e7\u00e3o do bairro. O grupo de resist\u00eancia se encontrou no mesmo hor\u00e1rio para desenvolver estrat\u00e9gias para combater o despejo.<\/p>\n<!-- AddThis Advanced Settings generic via filter on the_content --><!-- AddThis Share Buttons generic via filter on the_content -->","protected":false},"excerpt":{"rendered":"<div class=\"mh-excerpt\"><p>Click Here for English Os moradores da Vila Uni\u00e3o de Curicica, comunidade na Zona Oeste\u00a0aproximadamente 1km de dist\u00e2ncia do futuro Parque Ol\u00edmpico, est\u00e3o sendo amea\u00e7ados com uma das maiores remo\u00e7\u00f5es j\u00e1 anunciadas para as Olimp\u00edadas <a class=\"mh-excerpt-more\" href=\"https:\/\/rioonwatch.org.br\/?p=12892\" title=\"Amea\u00e7ados de Remo\u00e7\u00e3o, Moradores de Vila Uni\u00e3o de Curicica S\u00e3o Informados Que N\u00e3o H\u00e1 Moradia Para Todos\">[&#8230;]<\/a><!-- AddThis Advanced Settings generic via filter on get_the_excerpt --><!-- AddThis Share Buttons generic via filter on get_the_excerpt --><\/p>\n<\/div>","protected":false},"author":137,"featured_media":12910,"comment_status":"closed","ping_status":"closed","sticky":false,"template":"","format":"standard","meta":{"_acf_changed":false,"_monsterinsights_skip_tracking":false,"_monsterinsights_sitenote_active":false,"_monsterinsights_sitenote_note":"","_monsterinsights_sitenote_category":0,"footnotes":""},"categories":[1617,1614,1635,346],"tags":[17,274,424,88,396,395,1240,78,14,432,454,456,1325],"writer":[777],"translator":[1176,1281],"source":[],"ilustrador":[],"fotografo":[],"class_list":{"0":"post-12892","1":"post","2":"type-post","3":"status-publish","4":"format-standard","5":"has-post-thumbnail","7":"category-olhonagentrificacao","8":"category-olhonasremocoes","9":"category-1635","10":"category-denuncias","11":"tag-aluguel-social","12":"tag-barra-da-tijuca","13":"tag-direito-a-moradia","14":"tag-direitos-humanos","15":"tag-especulacao-imobiliaria","16":"tag-gentrificacao-remocao-branca","17":"tag-megaeventos","18":"tag-olimpiadas","19":"tag-remocao","20":"tag-resistencia","21":"tag-transolimpica","22":"tag-vila-uniao-de-curicica","23":"tag-zone-oeste","24":"writer-rioonwatch","25":"translator-fernanda-lacerda","26":"translator-luiza-villela"},"acf":[],"yoast_head":"<!-- This site is optimized with the Yoast SEO plugin v25.6 - https:\/\/yoast.com\/wordpress\/plugins\/seo\/ -->\n<title>Amea\u00e7ados de Remo\u00e7\u00e3o, Moradores de Vila Uni\u00e3o de Curicica S\u00e3o Informados Que N\u00e3o H\u00e1 Moradia Para Todos - RioOnWatch<\/title>\n<meta name=\"robots\" content=\"index, follow, max-snippet:-1, max-image-preview:large, max-video-preview:-1\" \/>\n<link rel=\"canonical\" href=\"https:\/\/rioonwatch.org.br\/?p=12892\" \/>\n<meta property=\"og:locale\" content=\"pt_BR\" \/>\n<meta property=\"og:type\" content=\"article\" \/>\n<meta property=\"og:title\" content=\"Amea\u00e7ados de Remo\u00e7\u00e3o, Moradores de Vila Uni\u00e3o de Curicica S\u00e3o Informados Que N\u00e3o H\u00e1 Moradia Para Todos - RioOnWatch\" \/>\n<meta property=\"og:description\" content=\"Click Here for English Os moradores da Vila Uni\u00e3o de Curicica, comunidade na Zona Oeste\u00a0aproximadamente 1km de dist\u00e2ncia do futuro Parque Ol\u00edmpico, est\u00e3o sendo amea\u00e7ados com uma das maiores remo\u00e7\u00f5es j\u00e1 anunciadas para as Olimp\u00edadas [...]\" \/>\n<meta property=\"og:url\" content=\"https:\/\/rioonwatch.org.br\/?p=12892\" \/>\n<meta property=\"og:site_name\" content=\"RioOnWatch\" \/>\n<meta property=\"article:published_time\" content=\"2014-11-17T19:17:21+00:00\" \/>\n<meta property=\"article:modified_time\" content=\"2024-06-20T19:29:33+00:00\" \/>\n<meta property=\"og:image\" content=\"https:\/\/rioonwatch.org.br\/wp-content\/uploads\/2014\/11\/Vila-Uniao-publico.jpg\" \/>\n\t<meta property=\"og:image:width\" content=\"1000\" \/>\n\t<meta property=\"og:image:height\" content=\"566\" \/>\n\t<meta property=\"og:image:type\" content=\"image\/jpeg\" \/>\n<meta name=\"author\" content=\"Nicole Froio\" \/>\n<meta name=\"twitter:card\" content=\"summary_large_image\" \/>\n<meta name=\"twitter:label1\" content=\"Escrito por\" \/>\n\t<meta name=\"twitter:data1\" content=\"Nicole Froio\" \/>\n\t<meta name=\"twitter:label2\" content=\"Est. tempo de leitura\" \/>\n\t<meta name=\"twitter:data2\" content=\"5 minutos\" \/>\n<script type=\"application\/ld+json\" class=\"yoast-schema-graph\">{\"@context\":\"https:\/\/schema.org\",\"@graph\":[{\"@type\":\"Article\",\"@id\":\"https:\/\/rioonwatch.org.br\/?p=12892#article\",\"isPartOf\":{\"@id\":\"https:\/\/rioonwatch.org.br\/?p=12892\"},\"author\":{\"name\":\"Nicole Froio\",\"@id\":\"https:\/\/rioonwatch.org.br\/#\/schema\/person\/e07d559fe2154d11fd3ec515e35695ee\"},\"headline\":\"Amea\u00e7ados de Remo\u00e7\u00e3o, Moradores de Vila Uni\u00e3o de Curicica S\u00e3o Informados Que N\u00e3o H\u00e1 Moradia Para Todos\",\"datePublished\":\"2014-11-17T19:17:21+00:00\",\"dateModified\":\"2024-06-20T19:29:33+00:00\",\"mainEntityOfPage\":{\"@id\":\"https:\/\/rioonwatch.org.br\/?p=12892\"},\"wordCount\":929,\"publisher\":{\"@id\":\"https:\/\/rioonwatch.org.br\/#organization\"},\"image\":{\"@id\":\"https:\/\/rioonwatch.org.br\/?p=12892#primaryimage\"},\"thumbnailUrl\":\"https:\/\/rioonwatch.org.br\/wp-content\/uploads\/2014\/11\/Vila-Uniao-publico.jpg\",\"keywords\":[\"Aluguel social\",\"Barra da Tijuca\",\"Direito \u00e0 Moradia\",\"Direitos Humanos\",\"especula\u00e7\u00e3o imobili\u00e1ria\",\"gentrifica\u00e7\u00e3o\",\"Megaeventos\",\"Olimp\u00edadas\",\"Remo\u00e7\u00e3o\",\"resist\u00eancia\",\"TransOl\u00edmpica\",\"Vila Uni\u00e3o de Curicica\",\"Zone Oeste\"],\"articleSection\":[\"#OlhoNaGentrifica\u00e7\u00e3o\",\"#OlhoNasRemo\u00e7\u00f5es\",\"#Rio2016\",\"Den\u00fancias\"],\"inLanguage\":\"pt-BR\"},{\"@type\":\"WebPage\",\"@id\":\"https:\/\/rioonwatch.org.br\/?p=12892\",\"url\":\"https:\/\/rioonwatch.org.br\/?p=12892\",\"name\":\"Amea\u00e7ados de Remo\u00e7\u00e3o, Moradores de Vila Uni\u00e3o de Curicica S\u00e3o Informados Que N\u00e3o H\u00e1 Moradia Para Todos - RioOnWatch\",\"isPartOf\":{\"@id\":\"https:\/\/rioonwatch.org.br\/#website\"},\"primaryImageOfPage\":{\"@id\":\"https:\/\/rioonwatch.org.br\/?p=12892#primaryimage\"},\"image\":{\"@id\":\"https:\/\/rioonwatch.org.br\/?p=12892#primaryimage\"},\"thumbnailUrl\":\"https:\/\/rioonwatch.org.br\/wp-content\/uploads\/2014\/11\/Vila-Uniao-publico.jpg\",\"datePublished\":\"2014-11-17T19:17:21+00:00\",\"dateModified\":\"2024-06-20T19:29:33+00:00\",\"breadcrumb\":{\"@id\":\"https:\/\/rioonwatch.org.br\/?p=12892#breadcrumb\"},\"inLanguage\":\"pt-BR\",\"potentialAction\":[{\"@type\":\"ReadAction\",\"target\":[\"https:\/\/rioonwatch.org.br\/?p=12892\"]}]},{\"@type\":\"ImageObject\",\"inLanguage\":\"pt-BR\",\"@id\":\"https:\/\/rioonwatch.org.br\/?p=12892#primaryimage\",\"url\":\"https:\/\/rioonwatch.org.br\/wp-content\/uploads\/2014\/11\/Vila-Uniao-publico.jpg\",\"contentUrl\":\"https:\/\/rioonwatch.org.br\/wp-content\/uploads\/2014\/11\/Vila-Uniao-publico.jpg\",\"width\":1000,\"height\":566},{\"@type\":\"BreadcrumbList\",\"@id\":\"https:\/\/rioonwatch.org.br\/?p=12892#breadcrumb\",\"itemListElement\":[{\"@type\":\"ListItem\",\"position\":1,\"name\":\"In\u00edcio\",\"item\":\"https:\/\/rioonwatch.org.br\/\"},{\"@type\":\"ListItem\",\"position\":2,\"name\":\"Amea\u00e7ados de Remo\u00e7\u00e3o, Moradores de Vila Uni\u00e3o de Curicica S\u00e3o Informados Que N\u00e3o H\u00e1 Moradia Para Todos\"}]},{\"@type\":\"WebSite\",\"@id\":\"https:\/\/rioonwatch.org.br\/#website\",\"url\":\"https:\/\/rioonwatch.org.br\/\",\"name\":\"RioOnWatch\",\"description\":\"relatos das favelas cariocas\",\"publisher\":{\"@id\":\"https:\/\/rioonwatch.org.br\/#organization\"},\"potentialAction\":[{\"@type\":\"SearchAction\",\"target\":{\"@type\":\"EntryPoint\",\"urlTemplate\":\"https:\/\/rioonwatch.org.br\/?s={search_term_string}\"},\"query-input\":{\"@type\":\"PropertyValueSpecification\",\"valueRequired\":true,\"valueName\":\"search_term_string\"}}],\"inLanguage\":\"pt-BR\"},{\"@type\":\"Organization\",\"@id\":\"https:\/\/rioonwatch.org.br\/#organization\",\"name\":\"RioOnWatch\",\"url\":\"https:\/\/rioonwatch.org.br\/\",\"logo\":{\"@type\":\"ImageObject\",\"inLanguage\":\"pt-BR\",\"@id\":\"https:\/\/rioonwatch.org.br\/#\/schema\/logo\/image\/\",\"url\":\"https:\/\/rioonwatch.org.br\/wp-content\/uploads\/2021\/06\/RioOnWatchcabecalhoPT11anos-2.png\",\"contentUrl\":\"https:\/\/rioonwatch.org.br\/wp-content\/uploads\/2021\/06\/RioOnWatchcabecalhoPT11anos-2.png\",\"width\":779,\"height\":277,\"caption\":\"RioOnWatch\"},\"image\":{\"@id\":\"https:\/\/rioonwatch.org.br\/#\/schema\/logo\/image\/\"}},{\"@type\":\"Person\",\"@id\":\"https:\/\/rioonwatch.org.br\/#\/schema\/person\/e07d559fe2154d11fd3ec515e35695ee\",\"name\":\"Nicole Froio\",\"image\":{\"@type\":\"ImageObject\",\"inLanguage\":\"pt-BR\",\"@id\":\"https:\/\/rioonwatch.org.br\/#\/schema\/person\/image\/\",\"url\":\"https:\/\/secure.gravatar.com\/avatar\/0acdbd6878ca0ac29aa5ce6c6119d636?s=96&d=blank&r=g\",\"contentUrl\":\"https:\/\/secure.gravatar.com\/avatar\/0acdbd6878ca0ac29aa5ce6c6119d636?s=96&d=blank&r=g\",\"caption\":\"Nicole Froio\"},\"url\":\"https:\/\/rioonwatch.org.br\/?author=137\"}]}<\/script>\n<!-- \/ Yoast SEO plugin. -->","yoast_head_json":{"title":"Amea\u00e7ados de Remo\u00e7\u00e3o, Moradores de Vila Uni\u00e3o de Curicica S\u00e3o Informados Que N\u00e3o H\u00e1 Moradia Para Todos - RioOnWatch","robots":{"index":"index","follow":"follow","max-snippet":"max-snippet:-1","max-image-preview":"max-image-preview:large","max-video-preview":"max-video-preview:-1"},"canonical":"https:\/\/rioonwatch.org.br\/?p=12892","og_locale":"pt_BR","og_type":"article","og_title":"Amea\u00e7ados de Remo\u00e7\u00e3o, Moradores de Vila Uni\u00e3o de Curicica S\u00e3o Informados Que N\u00e3o H\u00e1 Moradia Para Todos - RioOnWatch","og_description":"Click Here for English Os moradores da Vila Uni\u00e3o de Curicica, comunidade na Zona Oeste\u00a0aproximadamente 1km de dist\u00e2ncia do futuro Parque Ol\u00edmpico, est\u00e3o sendo amea\u00e7ados com uma das maiores remo\u00e7\u00f5es j\u00e1 anunciadas para as Olimp\u00edadas [...]","og_url":"https:\/\/rioonwatch.org.br\/?p=12892","og_site_name":"RioOnWatch","article_published_time":"2014-11-17T19:17:21+00:00","article_modified_time":"2024-06-20T19:29:33+00:00","og_image":[{"width":1000,"height":566,"url":"https:\/\/rioonwatch.org.br\/wp-content\/uploads\/2014\/11\/Vila-Uniao-publico.jpg","type":"image\/jpeg"}],"author":"Nicole Froio","twitter_card":"summary_large_image","twitter_misc":{"Escrito por":"Nicole Froio","Est. tempo de leitura":"5 minutos"},"schema":{"@context":"https:\/\/schema.org","@graph":[{"@type":"Article","@id":"https:\/\/rioonwatch.org.br\/?p=12892#article","isPartOf":{"@id":"https:\/\/rioonwatch.org.br\/?p=12892"},"author":{"name":"Nicole Froio","@id":"https:\/\/rioonwatch.org.br\/#\/schema\/person\/e07d559fe2154d11fd3ec515e35695ee"},"headline":"Amea\u00e7ados de Remo\u00e7\u00e3o, Moradores de Vila Uni\u00e3o de Curicica S\u00e3o Informados Que N\u00e3o H\u00e1 Moradia Para Todos","datePublished":"2014-11-17T19:17:21+00:00","dateModified":"2024-06-20T19:29:33+00:00","mainEntityOfPage":{"@id":"https:\/\/rioonwatch.org.br\/?p=12892"},"wordCount":929,"publisher":{"@id":"https:\/\/rioonwatch.org.br\/#organization"},"image":{"@id":"https:\/\/rioonwatch.org.br\/?p=12892#primaryimage"},"thumbnailUrl":"https:\/\/rioonwatch.org.br\/wp-content\/uploads\/2014\/11\/Vila-Uniao-publico.jpg","keywords":["Aluguel social","Barra da Tijuca","Direito \u00e0 Moradia","Direitos Humanos","especula\u00e7\u00e3o imobili\u00e1ria","gentrifica\u00e7\u00e3o","Megaeventos","Olimp\u00edadas","Remo\u00e7\u00e3o","resist\u00eancia","TransOl\u00edmpica","Vila Uni\u00e3o de Curicica","Zone Oeste"],"articleSection":["#OlhoNaGentrifica\u00e7\u00e3o","#OlhoNasRemo\u00e7\u00f5es","#Rio2016","Den\u00fancias"],"inLanguage":"pt-BR"},{"@type":"WebPage","@id":"https:\/\/rioonwatch.org.br\/?p=12892","url":"https:\/\/rioonwatch.org.br\/?p=12892","name":"Amea\u00e7ados de Remo\u00e7\u00e3o, Moradores de Vila Uni\u00e3o de Curicica S\u00e3o Informados Que N\u00e3o H\u00e1 Moradia Para Todos - RioOnWatch","isPartOf":{"@id":"https:\/\/rioonwatch.org.br\/#website"},"primaryImageOfPage":{"@id":"https:\/\/rioonwatch.org.br\/?p=12892#primaryimage"},"image":{"@id":"https:\/\/rioonwatch.org.br\/?p=12892#primaryimage"},"thumbnailUrl":"https:\/\/rioonwatch.org.br\/wp-content\/uploads\/2014\/11\/Vila-Uniao-publico.jpg","datePublished":"2014-11-17T19:17:21+00:00","dateModified":"2024-06-20T19:29:33+00:00","breadcrumb":{"@id":"https:\/\/rioonwatch.org.br\/?p=12892#breadcrumb"},"inLanguage":"pt-BR","potentialAction":[{"@type":"ReadAction","target":["https:\/\/rioonwatch.org.br\/?p=12892"]}]},{"@type":"ImageObject","inLanguage":"pt-BR","@id":"https:\/\/rioonwatch.org.br\/?p=12892#primaryimage","url":"https:\/\/rioonwatch.org.br\/wp-content\/uploads\/2014\/11\/Vila-Uniao-publico.jpg","contentUrl":"https:\/\/rioonwatch.org.br\/wp-content\/uploads\/2014\/11\/Vila-Uniao-publico.jpg","width":1000,"height":566},{"@type":"BreadcrumbList","@id":"https:\/\/rioonwatch.org.br\/?p=12892#breadcrumb","itemListElement":[{"@type":"ListItem","position":1,"name":"In\u00edcio","item":"https:\/\/rioonwatch.org.br\/"},{"@type":"ListItem","position":2,"name":"Amea\u00e7ados de Remo\u00e7\u00e3o, Moradores de Vila Uni\u00e3o de Curicica S\u00e3o Informados Que N\u00e3o H\u00e1 Moradia Para Todos"}]},{"@type":"WebSite","@id":"https:\/\/rioonwatch.org.br\/#website","url":"https:\/\/rioonwatch.org.br\/","name":"RioOnWatch","description":"relatos das favelas cariocas","publisher":{"@id":"https:\/\/rioonwatch.org.br\/#organization"},"potentialAction":[{"@type":"SearchAction","target":{"@type":"EntryPoint","urlTemplate":"https:\/\/rioonwatch.org.br\/?s={search_term_string}"},"query-input":{"@type":"PropertyValueSpecification","valueRequired":true,"valueName":"search_term_string"}}],"inLanguage":"pt-BR"},{"@type":"Organization","@id":"https:\/\/rioonwatch.org.br\/#organization","name":"RioOnWatch","url":"https:\/\/rioonwatch.org.br\/","logo":{"@type":"ImageObject","inLanguage":"pt-BR","@id":"https:\/\/rioonwatch.org.br\/#\/schema\/logo\/image\/","url":"https:\/\/rioonwatch.org.br\/wp-content\/uploads\/2021\/06\/RioOnWatchcabecalhoPT11anos-2.png","contentUrl":"https:\/\/rioonwatch.org.br\/wp-content\/uploads\/2021\/06\/RioOnWatchcabecalhoPT11anos-2.png","width":779,"height":277,"caption":"RioOnWatch"},"image":{"@id":"https:\/\/rioonwatch.org.br\/#\/schema\/logo\/image\/"}},{"@type":"Person","@id":"https:\/\/rioonwatch.org.br\/#\/schema\/person\/e07d559fe2154d11fd3ec515e35695ee","name":"Nicole Froio","image":{"@type":"ImageObject","inLanguage":"pt-BR","@id":"https:\/\/rioonwatch.org.br\/#\/schema\/person\/image\/","url":"https:\/\/secure.gravatar.com\/avatar\/0acdbd6878ca0ac29aa5ce6c6119d636?s=96&d=blank&r=g","contentUrl":"https:\/\/secure.gravatar.com\/avatar\/0acdbd6878ca0ac29aa5ce6c6119d636?s=96&d=blank&r=g","caption":"Nicole Froio"},"url":"https:\/\/rioonwatch.org.br\/?author=137"}]}},"_links":{"self":[{"href":"https:\/\/rioonwatch.org.br\/index.php?rest_route=\/wp\/v2\/posts\/12892"}],"collection":[{"href":"https:\/\/rioonwatch.org.br\/index.php?rest_route=\/wp\/v2\/posts"}],"about":[{"href":"https:\/\/rioonwatch.org.br\/index.php?rest_route=\/wp\/v2\/types\/post"}],"author":[{"embeddable":true,"href":"https:\/\/rioonwatch.org.br\/index.php?rest_route=\/wp\/v2\/users\/137"}],"replies":[{"embeddable":true,"href":"https:\/\/rioonwatch.org.br\/index.php?rest_route=%2Fwp%2Fv2%2Fcomments&post=12892"}],"version-history":[{"count":11,"href":"https:\/\/rioonwatch.org.br\/index.php?rest_route=\/wp\/v2\/posts\/12892\/revisions"}],"predecessor-version":[{"id":74259,"href":"https:\/\/rioonwatch.org.br\/index.php?rest_route=\/wp\/v2\/posts\/12892\/revisions\/74259"}],"wp:featuredmedia":[{"embeddable":true,"href":"https:\/\/rioonwatch.org.br\/index.php?rest_route=\/wp\/v2\/media\/12910"}],"wp:attachment":[{"href":"https:\/\/rioonwatch.org.br\/index.php?rest_route=%2Fwp%2Fv2%2Fmedia&parent=12892"}],"wp:term":[{"taxonomy":"category","embeddable":true,"href":"https:\/\/rioonwatch.org.br\/index.php?rest_route=%2Fwp%2Fv2%2Fcategories&post=12892"},{"taxonomy":"post_tag","embeddable":true,"href":"https:\/\/rioonwatch.org.br\/index.php?rest_route=%2Fwp%2Fv2%2Ftags&post=12892"},{"taxonomy":"writer","embeddable":true,"href":"https:\/\/rioonwatch.org.br\/index.php?rest_route=%2Fwp%2Fv2%2Fwriter&post=12892"},{"taxonomy":"translator","embeddable":true,"href":"https:\/\/rioonwatch.org.br\/index.php?rest_route=%2Fwp%2Fv2%2Ftranslator&post=12892"},{"taxonomy":"source","embeddable":true,"href":"https:\/\/rioonwatch.org.br\/index.php?rest_route=%2Fwp%2Fv2%2Fsource&post=12892"},{"taxonomy":"ilustrador","embeddable":true,"href":"https:\/\/rioonwatch.org.br\/index.php?rest_route=%2Fwp%2Fv2%2Filustrador&post=12892"},{"taxonomy":"fotografo","embeddable":true,"href":"https:\/\/rioonwatch.org.br\/index.php?rest_route=%2Fwp%2Fv2%2Ffotografo&post=12892"}],"curies":[{"name":"wp","href":"https:\/\/api.w.org\/{rel}","templated":true}]}}