{"id":12900,"date":"2014-11-25T15:35:21","date_gmt":"2014-11-25T18:35:21","guid":{"rendered":"http:\/\/rioonwatch.org.br\/?p=12900"},"modified":"2024-06-20T13:36:51","modified_gmt":"2024-06-20T16:36:51","slug":"perfil-de-midia-comunitaria-mare-de-noticias","status":"publish","type":"post","link":"https:\/\/rioonwatch.org.br\/?p=12900","title":{"rendered":"Perfil de M\u00eddia Comunit\u00e1ria: &#8216;Mar\u00e9 de Not\u00edcias&#8217;"},"content":{"rendered":"<p style=\"text-align: right;\"><em><strong><a href=\"http:\/\/bit.ly\/1x3wFFQ\" target=\"_blank\" rel=\"noopener\">Click Here for English<img decoding=\"async\" width=\"20\" height=\"20\" class=\"alignright wp-image-15790\" src=\"http:\/\/rioonwatch.org.br\/wp-content\/uploads\/2012\/08\/EN-standard-e1439583104716.jpg\" alt=\"\" \/><\/a><\/strong><\/em><\/p>\n<p><em>Esta mat\u00e9ria faz parte de uma s\u00e9rie sobre <a href=\"http:\/\/bit.ly\/11VbppF\" target=\"_blank\" rel=\"noopener\">ve\u00edculos de comunica\u00e7\u00e3o comunit\u00e1ria<\/a>.<\/em><\/p>\n<p>Dezesseis comunidades. 130 mil moradores. 40 mil c\u00f3pias do jornal. Esses n\u00fameros demandam uma estrat\u00e9gia operacional altamente organizada, e isso \u00e9 exatamente o que Silvia Noronha e Luiz Gonzaga t\u00eam. Em meados de setembro, em uma sexta-feira \u00e0 tarde, Gonzaga entra no pequeno escrit\u00f3rio onde a equipe de redatores do <a href=\"http:\/\/bit.ly\/YAXR18\" target=\"_blank\" rel=\"noopener\">Mar\u00e9 de Not\u00edcias<\/a>\u00a0procuram Noronha, a editora do jornal. Dois deles est\u00e3o revisando a planilha que divide o n\u00famero de jornais que ir\u00e3o para cada comunidade do <a href=\"http:\/\/bit.ly\/10BvARw\" target=\"_blank\" rel=\"noopener\">Complexo da Mar\u00e9<\/a>\u00a0e detalha um plano de a\u00e7\u00e3o. Os 40 mil exemplares da edi\u00e7\u00e3o de setembro esperam por Gonzaga no andar de baixo na entrada para o impec\u00e1vel pr\u00e9dio\u00a0de tr\u00eas andares com\u00a0salas de aula da <a href=\"http:\/\/bit.ly\/1Bv0BcN\" target=\"_blank\" rel=\"noopener\">Redes de Desenvolvimento da Mar\u00e9<\/a>, pintado em um lil\u00e1s caracter\u00edstico que identifica as diversas propriedades da ONG espalhadas pelo bairro. As pilhas de jornal ultrapassariam a altura da maioria das crian\u00e7as.<\/p>\n<p>A equipe de distribui\u00e7\u00e3o de Gonzaga vai em grupo a cada comunidade e ent\u00e3o se separam para entregar de casa em casa em cada rua. Eles estimam que entregam o jornal para aproximadamente 85% das fam\u00edlias do Complexo da Mar\u00e9. \u201cOs distribuidores s\u00e3o membros fortes da equipe, muito importantes\u201d, diz Noronha, \u201cporque eles v\u00e3o de casa em casa, passam por pessoas na rua que pedem pelo jornal, que querem comentar sobre algo, que querem oferecer sugest\u00f5es de conte\u00fado\u201d. Outros moradores ainda visitam o escrit\u00f3rio da Redes ou mandam e-mail para os redatores para dar seu feedback direto. Noronha ri enquanto relata como a publica\u00e7\u00e3o de uma hist\u00f3ria focando em uma das comunidades do Complexo inevitavelmente levar\u00e1 a moradores de outra comunidade a entrar em contato com o jornal para dizer: \u201cMas aqui a gente tem isso tamb\u00e9m!\u201d. Assim, os conte\u00fados de cada edi\u00e7\u00e3o geram entusiasmo e id\u00e9ias para novas edi\u00e7\u00f5es.<\/p>\n<p>Assim como outro importante jornal da\u00a0Mar\u00e9, <a href=\"http:\/\/bit.ly\/1wYm4vL\" target=\"_blank\" rel=\"noopener\">O Cidad\u00e3o<\/a>, Mar\u00e9 de Not\u00edcias \u00e9 constru\u00eddo a partir da ideia de que a opini\u00e3o da comunidade deve ser fundamental na forma\u00e7\u00e3o da dire\u00e7\u00e3o das pr\u00f3ximas publica\u00e7\u00f5es. A organiza\u00e7\u00e3o de base comunit\u00e1ria <a href=\"http:\/\/bit.ly\/1vou8Fg\" target=\"_blank\" rel=\"noopener\">Redes de Desenvolvimento da Mar\u00e9<\/a>, ou &#8216;Redes&#8217;, que executa o jornal, \u00e9 dedicada \u00e0 transforma\u00e7\u00e3o estrutural da Mar\u00e9 por meio de projetos que promovem <a href=\"http:\/\/bit.ly\/1acNApR\" target=\"_blank\" rel=\"noopener\">educa\u00e7\u00e3o<\/a>, <a href=\"http:\/\/bit.ly\/1a1M6kK\" target=\"_blank\" rel=\"noopener\">cultura<\/a>, <a href=\"http:\/\/bit.ly\/1vkaXsB\" target=\"_blank\" rel=\"noopener\">emprego<\/a>\u00a0e o fim da\u00a0<a href=\"http:\/\/bit.ly\/1qugkT2\" target=\"_blank\" rel=\"noopener\">viol\u00eancia<\/a>.<\/p>\n<p><a href=\"http:\/\/rioonwatch.org.br\/wp-content\/uploads\/2014\/11\/mare-de-noticias-311.jpg\"><img fetchpriority=\"high\" decoding=\"async\" class=\"alignright wp-image-13004\" src=\"http:\/\/rioonwatch.org.br\/wp-content\/uploads\/2014\/11\/mare-de-noticias-311.jpg\" alt=\"mare-de-noticias-31\" width=\"300\" height=\"400\" srcset=\"https:\/\/rioonwatch.org.br\/wp-content\/uploads\/2014\/11\/mare-de-noticias-311.jpg 1000w, https:\/\/rioonwatch.org.br\/wp-content\/uploads\/2014\/11\/mare-de-noticias-311-198x264.jpg 198w, https:\/\/rioonwatch.org.br\/wp-content\/uploads\/2014\/11\/mare-de-noticias-311-465x620.jpg 465w, https:\/\/rioonwatch.org.br\/wp-content\/uploads\/2014\/11\/mare-de-noticias-311-768x1024.jpg 768w\" sizes=\"(max-width: 300px) 100vw, 300px\" \/><\/a>Antes de fundar o jornal mensal em 2009, a ONG conduziu uma pesquisa para saber mais sobre os h\u00e1bitos de leitura dos moradores. A pesquisa possibilitou que soubessem que 9 a cada 10 moradores liam jornais e que queriam ler not\u00edcias sobre sua pr\u00f3pria comunidade, mas que muitos ficavam incomodados pela maneira que as favelas da Mar\u00e9 eram retratadas pela m\u00eddia. Os moradores queriam informa\u00e7\u00f5es sobre os eventos problem\u00e1ticos e o rumo das comunidades, mas n\u00e3o queriam ler not\u00edcias carregadas de estere\u00f3tipos sobre a Mar\u00e9 e favelas em geral. Portanto, o principal objetivo do jornal \u00e9 o de combater os <a href=\"http:\/\/bit.ly\/P4itK0\" target=\"_blank\" rel=\"noopener\">estigmas<\/a> que aparecem frequentemente na m\u00eddia em massa.<\/p>\n<p>Redes tamb\u00e9m projetou o Mar\u00e9 de Not\u00edcias de maneira que respondesse ao desejo dos moradores de \u201cver mais moradores nos jornais\u201d. Portanto, os artigos da edi\u00e7\u00e3o de <a href=\"http:\/\/bit.ly\/1vnATX5\" target=\"_blank\" rel=\"noopener\">setembro de 2014<\/a> variaram de entrevistas com dois moradores antigos que contam sobre chegar na Mar\u00e9 em 1952 e resistir aos esfor\u00e7os de <a href=\"http:\/\/bit.ly\/X51Qvb\" target=\"_blank\" rel=\"noopener\">remo\u00e7\u00e3o<\/a>\u00a0nos anos 1970, at\u00e9 uma not\u00edcia sobre a popularidade crescente do skate como meio de transporte e lazer na comunidade.<\/p>\n<p>Na pesquisa, os entrevistados tamb\u00e9m queriam ouvir mais hist\u00f3rias positivas das favelas, e alguns mencionaram que queriam ver mais piadas e receitas. Na edi\u00e7\u00e3o de setembro, not\u00edcias sobre personalidades locais estavam em peso, assim como a not\u00edcia de que o carteiro que entregou cartas na comunidade por mais de 30 anos e que brincava que cachorros n\u00e3o gostavam de carteiros porque nunca trazia carta para eles, se aposentou. O jornal ainda inclui uma charge com uma ironia no sistema de <a href=\"http:\/\/bit.ly\/153NNhk\" target=\"_blank\" rel=\"noopener\">sa\u00fade p\u00fablica<\/a>, uma receita para shampoo antiparasita e not\u00edcias dos eventos culturais que est\u00e3o para acontecer.<\/p>\n<p><a href=\"http:\/\/rioonwatch.org.br\/wp-content\/uploads\/2014\/11\/mare-de-noticias-211.jpg\"><img decoding=\"async\" class=\"alignright wp-image-13005\" src=\"http:\/\/rioonwatch.org.br\/wp-content\/uploads\/2014\/11\/mare-de-noticias-211.jpg\" alt=\"Escrit\u00f3rio do Mar\u00e9 de Noticias\" width=\"300\" height=\"225\" srcset=\"https:\/\/rioonwatch.org.br\/wp-content\/uploads\/2014\/11\/mare-de-noticias-211.jpg 1000w, https:\/\/rioonwatch.org.br\/wp-content\/uploads\/2014\/11\/mare-de-noticias-211-352x264.jpg 352w, https:\/\/rioonwatch.org.br\/wp-content\/uploads\/2014\/11\/mare-de-noticias-211-620x465.jpg 620w, https:\/\/rioonwatch.org.br\/wp-content\/uploads\/2014\/11\/mare-de-noticias-211-174x131.jpg 174w, https:\/\/rioonwatch.org.br\/wp-content\/uploads\/2014\/11\/mare-de-noticias-211-300x225.jpg 300w, https:\/\/rioonwatch.org.br\/wp-content\/uploads\/2014\/11\/mare-de-noticias-211-70x53.jpg 70w\" sizes=\"(max-width: 300px) 100vw, 300px\" \/><\/a><\/p>\n<p>O jornal \u00e9 administrado por uma equipe\u00a0editorial de quatro pessoas, sendo tr\u00eas delas moradoras do Complexo de favelas. Al\u00e9m de Noronha, a equipe principal \u00e9 composta de outros dois jornalistas e um fot\u00f3grafo, com um estagi\u00e1rio\u00a0proporcionando\u00a0apoio adicional. Mas o jornal n\u00e3o \u00e9 composto\u00a0s\u00f3 por eles:\u00a0uma r\u00e1pida olhada em\u00a0qualquer edi\u00e7\u00e3o revela que muito mais gente contribui com artigos e imagens ao jornal. A p\u00e1gina de tr\u00e1s em particular \u00e9 chamada de \u201cEspa\u00e7o Aberto\u201d e pede desenhos, fotos, poemas, piadas e receitas e outros materiais aos moradores.<\/p>\n<p>A equipe do jornal \u00e9 respons\u00e1vel por manejar plataformas de m\u00eddia social, apesar de a p\u00e1gina do <a href=\"http:\/\/on.fb.me\/1u36Kgi\" target=\"_blank\" rel=\"noopener\">Facebook<\/a> e do <a href=\"http:\/\/bit.ly\/YjcNAs\" target=\"_blank\" rel=\"noopener\">Twitter<\/a> existirem sob o nome da Redes, e n\u00e3o do jornal especificamente. Apesar de n\u00e3o ter um site correspondente, todas as edi\u00e7\u00f5es do jornal podem ser encontradas no <a href=\"http:\/\/bit.ly\/MRb4x1\" target=\"_blank\" rel=\"noopener\">site<\/a> da organiza\u00e7\u00e3o. O canal online mistura not\u00edcias pertencentes \u00e0s comunidades da Mar\u00e9, em geral com atualiza\u00e7\u00f5es e eventos, especialmente atividades da pr\u00f3pria ONG. Essa \u00e9 uma diferen\u00e7a marcante entre o site e o jornal, que n\u00e3o enfatiza os projetos da Redes, e Noronha d\u00e1 uma simples explica\u00e7\u00e3o para essa decis\u00e3o editorial: \u201cO jornal n\u00e3o pertence \u00e0 Redes, pertence \u00e0 comunidade\u201d.<\/p>\n<p>Dito isto, o jornal se beneficia imensamente das conex\u00f5es estabelecidas pela Redes, com uma variedade de patrocinadores. Em particular, a Petrobras e a ONG internacional <a href=\"http:\/\/bit.ly\/1nasPJ2\" target=\"_blank\" rel=\"noopener\">ActionAid<\/a> t\u00eam dado apoio financeiro significativo ao jornal, cobrindo os custos de impress\u00e3o, do processo de distribui\u00e7\u00e3o e a remunera\u00e7\u00e3o ao pessoal envolvido.<\/p>\n<p>Apesar de garantir o financiamento ser sempre um desafio, em dezembro o Mar\u00e9 de Not\u00edcias completa 5 anos, e Noronha reconhece que a habilidade de sustentar um ve\u00edculo de m\u00eddia comunit\u00e1rio durante todo esse\u00a0tempo \u00e9 um \u201cprivil\u00e9gio\u201d. Ela aponta para a <a href=\"http:\/\/bit.ly\/1nU7gH6\" target=\"_blank\" rel=\"noopener\">recente pesquisa<\/a> conduzida pela organiza\u00e7\u00e3o parceira, <a href=\"http:\/\/bit.ly\/16bh2Lq\" target=\"_blank\" rel=\"noopener\">Observat\u00f3rio de Favelas<\/a>, que constatou que mais de dois ter\u00e7os dos ve\u00edculos de m\u00eddia comunit\u00e1ria e alternativa entrevistados por eles nunca tiveram financiamento. At\u00e9 mesmo blogs com custos operacionais baixos demandam muito tempo. Comprometer-se \u00e0 trabalhar na m\u00eddia sem pagamento, como muitos que trabalham nos ve\u00edculos de m\u00eddia comunit\u00e1ria, \u00e9 um grande desafio que amea\u00e7a a sustentabilidade e desenvolvimento dessas iniciativas.<\/p>\n<p>O processo de manuten\u00e7\u00e3o do Mar\u00e9 de Not\u00edcias at\u00e9 agora tem sido um processo de revis\u00f5es regulares, moldando continuamente e em seguida reformulando para atrair mais leitores com variados interesses. Noronha e sua equipe conduzem seu trabalho com a convic\u00e7\u00e3o de que \u201c\u00e9 uma caracter\u00edstica de comunica\u00e7\u00e3o coletiva estar sempre em mudan\u00e7a,\u201d encarando a necessidade de mudar junto com as r\u00e1pidas mudan\u00e7as da comunidade. Enquanto eles impulsionam o debate p\u00fablico fundamental para <a href=\"http:\/\/bit.ly\/P4itK0\" target=\"_blank\" rel=\"noopener\">o fim do estigma das favelas<\/a>, a equipe editorial est\u00e1 disposto a ser conduzida por seus leitores.<\/p>\n<p>Para mais informa\u00e7\u00f5es visite o <a href=\"http:\/\/bit.ly\/Xdpruu\" target=\"_blank\" rel=\"noopener\">site<\/a> da Redes de Desenvolvimento da Mar\u00e9, ou siga suas novidades no <a href=\"http:\/\/on.fb.me\/1u36Kgi\" target=\"_blank\" rel=\"noopener\">Facebook<\/a> e no <a href=\"http:\/\/bit.ly\/YjcNAs\" target=\"_blank\" rel=\"noopener\">Twitter<\/a>.<\/p>\n<p><em>Esta mat\u00e9ria faz parte da s\u00e9rie sobre <a href=\"http:\/\/bit.ly\/11VbppF\" target=\"_blank\" rel=\"noopener\">ve\u00edculos de comunica\u00e7\u00e3o comunit\u00e1ria<\/a>.<\/em><\/p>\n<!-- AddThis Advanced Settings generic via filter on the_content --><!-- AddThis Share Buttons generic via filter on the_content -->","protected":false},"excerpt":{"rendered":"<div class=\"mh-excerpt\"><p>Click Here for English Esta mat\u00e9ria faz parte de uma s\u00e9rie sobre ve\u00edculos de comunica\u00e7\u00e3o comunit\u00e1ria. Dezesseis comunidades. 130 mil moradores. 40 mil c\u00f3pias do jornal. Esses n\u00fameros demandam uma estrat\u00e9gia operacional altamente organizada, e <a class=\"mh-excerpt-more\" href=\"https:\/\/rioonwatch.org.br\/?p=12900\" title=\"Perfil de M\u00eddia Comunit\u00e1ria: &#8216;Mar\u00e9 de Not\u00edcias&#8217;\">[&#8230;]<\/a><!-- AddThis Advanced Settings generic via filter on get_the_excerpt --><!-- AddThis Share Buttons generic via filter on get_the_excerpt --><\/p>\n<\/div>","protected":false},"author":137,"featured_media":12906,"comment_status":"closed","ping_status":"closed","sticky":false,"template":"","format":"standard","meta":{"_acf_changed":false,"_monsterinsights_skip_tracking":false,"_monsterinsights_sitenote_active":false,"_monsterinsights_sitenote_note":"","_monsterinsights_sitenote_category":0,"footnotes":""},"categories":[342],"tags":[386,332,1530,421,1166,448,358,758,1107,1344],"writer":[1199],"translator":[1281],"source":[],"ilustrador":[],"fotografo":[],"class_list":{"0":"post-12900","1":"post","2":"type-post","3":"status-publish","4":"format-standard","5":"has-post-thumbnail","7":"category-solucoes","8":"tag-estigma","9":"tag-complexo-da-mare","10":"tag-midia-comunitaria","11":"tag-cultura-da-favela","12":"tag-jornalismo","13":"tag-lideranca","14":"tag-organizacao-comunitaria","15":"tag-orgulho-comunitario","16":"tag-redes-da-mare","17":"tag-serie-comunicacao-comunitaria","18":"writer-cerianne-robertson","19":"translator-luiza-villela"},"acf":[],"yoast_head":"<!-- This site is optimized with the Yoast SEO plugin v25.6 - https:\/\/yoast.com\/wordpress\/plugins\/seo\/ -->\n<title>Perfil de M\u00eddia Comunit\u00e1ria: &#039;Mar\u00e9 de Not\u00edcias&#039; - RioOnWatch<\/title>\n<meta name=\"robots\" content=\"index, follow, max-snippet:-1, max-image-preview:large, max-video-preview:-1\" \/>\n<link rel=\"canonical\" href=\"https:\/\/rioonwatch.org.br\/?p=12900\" \/>\n<meta property=\"og:locale\" content=\"pt_BR\" \/>\n<meta property=\"og:type\" content=\"article\" \/>\n<meta property=\"og:title\" content=\"Perfil de M\u00eddia Comunit\u00e1ria: &#039;Mar\u00e9 de Not\u00edcias&#039; - RioOnWatch\" \/>\n<meta property=\"og:description\" content=\"Click Here for English Esta mat\u00e9ria faz parte de uma s\u00e9rie sobre ve\u00edculos de comunica\u00e7\u00e3o comunit\u00e1ria. Dezesseis comunidades. 130 mil moradores. 40 mil c\u00f3pias do jornal. Esses n\u00fameros demandam uma estrat\u00e9gia operacional altamente organizada, e [...]\" \/>\n<meta property=\"og:url\" content=\"https:\/\/rioonwatch.org.br\/?p=12900\" \/>\n<meta property=\"og:site_name\" content=\"RioOnWatch\" \/>\n<meta property=\"article:published_time\" content=\"2014-11-25T18:35:21+00:00\" \/>\n<meta property=\"article:modified_time\" content=\"2024-06-20T16:36:51+00:00\" \/>\n<meta property=\"og:image\" content=\"https:\/\/rioonwatch.org.br\/wp-content\/uploads\/2014\/11\/mare-de-noticias-capa.jpg\" \/>\n\t<meta property=\"og:image:width\" content=\"1041\" \/>\n\t<meta property=\"og:image:height\" content=\"615\" \/>\n\t<meta property=\"og:image:type\" content=\"image\/jpeg\" \/>\n<meta name=\"author\" content=\"Nicole Froio\" \/>\n<meta name=\"twitter:card\" content=\"summary_large_image\" \/>\n<meta name=\"twitter:label1\" content=\"Escrito por\" \/>\n\t<meta name=\"twitter:data1\" content=\"Nicole Froio\" \/>\n\t<meta name=\"twitter:label2\" content=\"Est. tempo de leitura\" \/>\n\t<meta name=\"twitter:data2\" content=\"6 minutos\" \/>\n<script type=\"application\/ld+json\" class=\"yoast-schema-graph\">{\"@context\":\"https:\/\/schema.org\",\"@graph\":[{\"@type\":\"Article\",\"@id\":\"https:\/\/rioonwatch.org.br\/?p=12900#article\",\"isPartOf\":{\"@id\":\"https:\/\/rioonwatch.org.br\/?p=12900\"},\"author\":{\"name\":\"Nicole Froio\",\"@id\":\"https:\/\/rioonwatch.org.br\/#\/schema\/person\/e07d559fe2154d11fd3ec515e35695ee\"},\"headline\":\"Perfil de M\u00eddia Comunit\u00e1ria: &#8216;Mar\u00e9 de Not\u00edcias&#8217;\",\"datePublished\":\"2014-11-25T18:35:21+00:00\",\"dateModified\":\"2024-06-20T16:36:51+00:00\",\"mainEntityOfPage\":{\"@id\":\"https:\/\/rioonwatch.org.br\/?p=12900\"},\"wordCount\":1254,\"publisher\":{\"@id\":\"https:\/\/rioonwatch.org.br\/#organization\"},\"image\":{\"@id\":\"https:\/\/rioonwatch.org.br\/?p=12900#primaryimage\"},\"thumbnailUrl\":\"https:\/\/rioonwatch.org.br\/wp-content\/uploads\/2014\/11\/mare-de-noticias-capa.jpg\",\"keywords\":[\"#StopFavelaStigma\",\"Complexo da Mar\u00e9\",\"Comunica\u00e7\u00e3o Comunit\u00e1ria\",\"cultura da favela\",\"jornalismo\",\"lideran\u00e7a\",\"organiza\u00e7\u00e3o comunit\u00e1ria\",\"orgulho comunit\u00e1rio\",\"Redes da Mar\u00e9\",\"S\u00e9rie: Perfis de M\u00eddia Comunit\u00e1ria\"],\"articleSection\":[\"Solu\u00e7\u00f5es\"],\"inLanguage\":\"pt-BR\"},{\"@type\":\"WebPage\",\"@id\":\"https:\/\/rioonwatch.org.br\/?p=12900\",\"url\":\"https:\/\/rioonwatch.org.br\/?p=12900\",\"name\":\"Perfil de M\u00eddia Comunit\u00e1ria: 'Mar\u00e9 de Not\u00edcias' - RioOnWatch\",\"isPartOf\":{\"@id\":\"https:\/\/rioonwatch.org.br\/#website\"},\"primaryImageOfPage\":{\"@id\":\"https:\/\/rioonwatch.org.br\/?p=12900#primaryimage\"},\"image\":{\"@id\":\"https:\/\/rioonwatch.org.br\/?p=12900#primaryimage\"},\"thumbnailUrl\":\"https:\/\/rioonwatch.org.br\/wp-content\/uploads\/2014\/11\/mare-de-noticias-capa.jpg\",\"datePublished\":\"2014-11-25T18:35:21+00:00\",\"dateModified\":\"2024-06-20T16:36:51+00:00\",\"breadcrumb\":{\"@id\":\"https:\/\/rioonwatch.org.br\/?p=12900#breadcrumb\"},\"inLanguage\":\"pt-BR\",\"potentialAction\":[{\"@type\":\"ReadAction\",\"target\":[\"https:\/\/rioonwatch.org.br\/?p=12900\"]}]},{\"@type\":\"ImageObject\",\"inLanguage\":\"pt-BR\",\"@id\":\"https:\/\/rioonwatch.org.br\/?p=12900#primaryimage\",\"url\":\"https:\/\/rioonwatch.org.br\/wp-content\/uploads\/2014\/11\/mare-de-noticias-capa.jpg\",\"contentUrl\":\"https:\/\/rioonwatch.org.br\/wp-content\/uploads\/2014\/11\/mare-de-noticias-capa.jpg\",\"width\":1041,\"height\":615},{\"@type\":\"BreadcrumbList\",\"@id\":\"https:\/\/rioonwatch.org.br\/?p=12900#breadcrumb\",\"itemListElement\":[{\"@type\":\"ListItem\",\"position\":1,\"name\":\"In\u00edcio\",\"item\":\"https:\/\/rioonwatch.org.br\/\"},{\"@type\":\"ListItem\",\"position\":2,\"name\":\"Perfil de M\u00eddia Comunit\u00e1ria: &#8216;Mar\u00e9 de Not\u00edcias&#8217;\"}]},{\"@type\":\"WebSite\",\"@id\":\"https:\/\/rioonwatch.org.br\/#website\",\"url\":\"https:\/\/rioonwatch.org.br\/\",\"name\":\"RioOnWatch\",\"description\":\"relatos das favelas cariocas\",\"publisher\":{\"@id\":\"https:\/\/rioonwatch.org.br\/#organization\"},\"potentialAction\":[{\"@type\":\"SearchAction\",\"target\":{\"@type\":\"EntryPoint\",\"urlTemplate\":\"https:\/\/rioonwatch.org.br\/?s={search_term_string}\"},\"query-input\":{\"@type\":\"PropertyValueSpecification\",\"valueRequired\":true,\"valueName\":\"search_term_string\"}}],\"inLanguage\":\"pt-BR\"},{\"@type\":\"Organization\",\"@id\":\"https:\/\/rioonwatch.org.br\/#organization\",\"name\":\"RioOnWatch\",\"url\":\"https:\/\/rioonwatch.org.br\/\",\"logo\":{\"@type\":\"ImageObject\",\"inLanguage\":\"pt-BR\",\"@id\":\"https:\/\/rioonwatch.org.br\/#\/schema\/logo\/image\/\",\"url\":\"https:\/\/rioonwatch.org.br\/wp-content\/uploads\/2021\/06\/RioOnWatchcabecalhoPT11anos-2.png\",\"contentUrl\":\"https:\/\/rioonwatch.org.br\/wp-content\/uploads\/2021\/06\/RioOnWatchcabecalhoPT11anos-2.png\",\"width\":779,\"height\":277,\"caption\":\"RioOnWatch\"},\"image\":{\"@id\":\"https:\/\/rioonwatch.org.br\/#\/schema\/logo\/image\/\"}},{\"@type\":\"Person\",\"@id\":\"https:\/\/rioonwatch.org.br\/#\/schema\/person\/e07d559fe2154d11fd3ec515e35695ee\",\"name\":\"Nicole Froio\",\"image\":{\"@type\":\"ImageObject\",\"inLanguage\":\"pt-BR\",\"@id\":\"https:\/\/rioonwatch.org.br\/#\/schema\/person\/image\/\",\"url\":\"https:\/\/secure.gravatar.com\/avatar\/0acdbd6878ca0ac29aa5ce6c6119d636?s=96&d=blank&r=g\",\"contentUrl\":\"https:\/\/secure.gravatar.com\/avatar\/0acdbd6878ca0ac29aa5ce6c6119d636?s=96&d=blank&r=g\",\"caption\":\"Nicole Froio\"},\"url\":\"https:\/\/rioonwatch.org.br\/?author=137\"}]}<\/script>\n<!-- \/ Yoast SEO plugin. -->","yoast_head_json":{"title":"Perfil de M\u00eddia Comunit\u00e1ria: 'Mar\u00e9 de Not\u00edcias' - RioOnWatch","robots":{"index":"index","follow":"follow","max-snippet":"max-snippet:-1","max-image-preview":"max-image-preview:large","max-video-preview":"max-video-preview:-1"},"canonical":"https:\/\/rioonwatch.org.br\/?p=12900","og_locale":"pt_BR","og_type":"article","og_title":"Perfil de M\u00eddia Comunit\u00e1ria: 'Mar\u00e9 de Not\u00edcias' - RioOnWatch","og_description":"Click Here for English Esta mat\u00e9ria faz parte de uma s\u00e9rie sobre ve\u00edculos de comunica\u00e7\u00e3o comunit\u00e1ria. Dezesseis comunidades. 130 mil moradores. 40 mil c\u00f3pias do jornal. Esses n\u00fameros demandam uma estrat\u00e9gia operacional altamente organizada, e [...]","og_url":"https:\/\/rioonwatch.org.br\/?p=12900","og_site_name":"RioOnWatch","article_published_time":"2014-11-25T18:35:21+00:00","article_modified_time":"2024-06-20T16:36:51+00:00","og_image":[{"width":1041,"height":615,"url":"https:\/\/rioonwatch.org.br\/wp-content\/uploads\/2014\/11\/mare-de-noticias-capa.jpg","type":"image\/jpeg"}],"author":"Nicole Froio","twitter_card":"summary_large_image","twitter_misc":{"Escrito por":"Nicole Froio","Est. tempo de leitura":"6 minutos"},"schema":{"@context":"https:\/\/schema.org","@graph":[{"@type":"Article","@id":"https:\/\/rioonwatch.org.br\/?p=12900#article","isPartOf":{"@id":"https:\/\/rioonwatch.org.br\/?p=12900"},"author":{"name":"Nicole Froio","@id":"https:\/\/rioonwatch.org.br\/#\/schema\/person\/e07d559fe2154d11fd3ec515e35695ee"},"headline":"Perfil de M\u00eddia Comunit\u00e1ria: &#8216;Mar\u00e9 de Not\u00edcias&#8217;","datePublished":"2014-11-25T18:35:21+00:00","dateModified":"2024-06-20T16:36:51+00:00","mainEntityOfPage":{"@id":"https:\/\/rioonwatch.org.br\/?p=12900"},"wordCount":1254,"publisher":{"@id":"https:\/\/rioonwatch.org.br\/#organization"},"image":{"@id":"https:\/\/rioonwatch.org.br\/?p=12900#primaryimage"},"thumbnailUrl":"https:\/\/rioonwatch.org.br\/wp-content\/uploads\/2014\/11\/mare-de-noticias-capa.jpg","keywords":["#StopFavelaStigma","Complexo da Mar\u00e9","Comunica\u00e7\u00e3o Comunit\u00e1ria","cultura da favela","jornalismo","lideran\u00e7a","organiza\u00e7\u00e3o comunit\u00e1ria","orgulho comunit\u00e1rio","Redes da Mar\u00e9","S\u00e9rie: Perfis de M\u00eddia Comunit\u00e1ria"],"articleSection":["Solu\u00e7\u00f5es"],"inLanguage":"pt-BR"},{"@type":"WebPage","@id":"https:\/\/rioonwatch.org.br\/?p=12900","url":"https:\/\/rioonwatch.org.br\/?p=12900","name":"Perfil de M\u00eddia Comunit\u00e1ria: 'Mar\u00e9 de Not\u00edcias' - RioOnWatch","isPartOf":{"@id":"https:\/\/rioonwatch.org.br\/#website"},"primaryImageOfPage":{"@id":"https:\/\/rioonwatch.org.br\/?p=12900#primaryimage"},"image":{"@id":"https:\/\/rioonwatch.org.br\/?p=12900#primaryimage"},"thumbnailUrl":"https:\/\/rioonwatch.org.br\/wp-content\/uploads\/2014\/11\/mare-de-noticias-capa.jpg","datePublished":"2014-11-25T18:35:21+00:00","dateModified":"2024-06-20T16:36:51+00:00","breadcrumb":{"@id":"https:\/\/rioonwatch.org.br\/?p=12900#breadcrumb"},"inLanguage":"pt-BR","potentialAction":[{"@type":"ReadAction","target":["https:\/\/rioonwatch.org.br\/?p=12900"]}]},{"@type":"ImageObject","inLanguage":"pt-BR","@id":"https:\/\/rioonwatch.org.br\/?p=12900#primaryimage","url":"https:\/\/rioonwatch.org.br\/wp-content\/uploads\/2014\/11\/mare-de-noticias-capa.jpg","contentUrl":"https:\/\/rioonwatch.org.br\/wp-content\/uploads\/2014\/11\/mare-de-noticias-capa.jpg","width":1041,"height":615},{"@type":"BreadcrumbList","@id":"https:\/\/rioonwatch.org.br\/?p=12900#breadcrumb","itemListElement":[{"@type":"ListItem","position":1,"name":"In\u00edcio","item":"https:\/\/rioonwatch.org.br\/"},{"@type":"ListItem","position":2,"name":"Perfil de M\u00eddia Comunit\u00e1ria: &#8216;Mar\u00e9 de Not\u00edcias&#8217;"}]},{"@type":"WebSite","@id":"https:\/\/rioonwatch.org.br\/#website","url":"https:\/\/rioonwatch.org.br\/","name":"RioOnWatch","description":"relatos das favelas cariocas","publisher":{"@id":"https:\/\/rioonwatch.org.br\/#organization"},"potentialAction":[{"@type":"SearchAction","target":{"@type":"EntryPoint","urlTemplate":"https:\/\/rioonwatch.org.br\/?s={search_term_string}"},"query-input":{"@type":"PropertyValueSpecification","valueRequired":true,"valueName":"search_term_string"}}],"inLanguage":"pt-BR"},{"@type":"Organization","@id":"https:\/\/rioonwatch.org.br\/#organization","name":"RioOnWatch","url":"https:\/\/rioonwatch.org.br\/","logo":{"@type":"ImageObject","inLanguage":"pt-BR","@id":"https:\/\/rioonwatch.org.br\/#\/schema\/logo\/image\/","url":"https:\/\/rioonwatch.org.br\/wp-content\/uploads\/2021\/06\/RioOnWatchcabecalhoPT11anos-2.png","contentUrl":"https:\/\/rioonwatch.org.br\/wp-content\/uploads\/2021\/06\/RioOnWatchcabecalhoPT11anos-2.png","width":779,"height":277,"caption":"RioOnWatch"},"image":{"@id":"https:\/\/rioonwatch.org.br\/#\/schema\/logo\/image\/"}},{"@type":"Person","@id":"https:\/\/rioonwatch.org.br\/#\/schema\/person\/e07d559fe2154d11fd3ec515e35695ee","name":"Nicole Froio","image":{"@type":"ImageObject","inLanguage":"pt-BR","@id":"https:\/\/rioonwatch.org.br\/#\/schema\/person\/image\/","url":"https:\/\/secure.gravatar.com\/avatar\/0acdbd6878ca0ac29aa5ce6c6119d636?s=96&d=blank&r=g","contentUrl":"https:\/\/secure.gravatar.com\/avatar\/0acdbd6878ca0ac29aa5ce6c6119d636?s=96&d=blank&r=g","caption":"Nicole Froio"},"url":"https:\/\/rioonwatch.org.br\/?author=137"}]}},"_links":{"self":[{"href":"https:\/\/rioonwatch.org.br\/index.php?rest_route=\/wp\/v2\/posts\/12900"}],"collection":[{"href":"https:\/\/rioonwatch.org.br\/index.php?rest_route=\/wp\/v2\/posts"}],"about":[{"href":"https:\/\/rioonwatch.org.br\/index.php?rest_route=\/wp\/v2\/types\/post"}],"author":[{"embeddable":true,"href":"https:\/\/rioonwatch.org.br\/index.php?rest_route=\/wp\/v2\/users\/137"}],"replies":[{"embeddable":true,"href":"https:\/\/rioonwatch.org.br\/index.php?rest_route=%2Fwp%2Fv2%2Fcomments&post=12900"}],"version-history":[{"count":20,"href":"https:\/\/rioonwatch.org.br\/index.php?rest_route=\/wp\/v2\/posts\/12900\/revisions"}],"predecessor-version":[{"id":33142,"href":"https:\/\/rioonwatch.org.br\/index.php?rest_route=\/wp\/v2\/posts\/12900\/revisions\/33142"}],"wp:featuredmedia":[{"embeddable":true,"href":"https:\/\/rioonwatch.org.br\/index.php?rest_route=\/wp\/v2\/media\/12906"}],"wp:attachment":[{"href":"https:\/\/rioonwatch.org.br\/index.php?rest_route=%2Fwp%2Fv2%2Fmedia&parent=12900"}],"wp:term":[{"taxonomy":"category","embeddable":true,"href":"https:\/\/rioonwatch.org.br\/index.php?rest_route=%2Fwp%2Fv2%2Fcategories&post=12900"},{"taxonomy":"post_tag","embeddable":true,"href":"https:\/\/rioonwatch.org.br\/index.php?rest_route=%2Fwp%2Fv2%2Ftags&post=12900"},{"taxonomy":"writer","embeddable":true,"href":"https:\/\/rioonwatch.org.br\/index.php?rest_route=%2Fwp%2Fv2%2Fwriter&post=12900"},{"taxonomy":"translator","embeddable":true,"href":"https:\/\/rioonwatch.org.br\/index.php?rest_route=%2Fwp%2Fv2%2Ftranslator&post=12900"},{"taxonomy":"source","embeddable":true,"href":"https:\/\/rioonwatch.org.br\/index.php?rest_route=%2Fwp%2Fv2%2Fsource&post=12900"},{"taxonomy":"ilustrador","embeddable":true,"href":"https:\/\/rioonwatch.org.br\/index.php?rest_route=%2Fwp%2Fv2%2Filustrador&post=12900"},{"taxonomy":"fotografo","embeddable":true,"href":"https:\/\/rioonwatch.org.br\/index.php?rest_route=%2Fwp%2Fv2%2Ffotografo&post=12900"}],"curies":[{"name":"wp","href":"https:\/\/api.w.org\/{rel}","templated":true}]}}