{"id":12995,"date":"2014-11-29T02:08:04","date_gmt":"2014-11-29T05:08:04","guid":{"rendered":"http:\/\/rioonwatch.org.br\/?p=12995"},"modified":"2015-12-19T16:59:20","modified_gmt":"2015-12-19T19:59:20","slug":"vila-kennedy-comemora-mes-da-consciencia-negra","status":"publish","type":"post","link":"https:\/\/rioonwatch.org.br\/?p=12995","title":{"rendered":"Vila Kennedy Comemora M\u00eas da Consci\u00eancia Negra"},"content":{"rendered":"<p style=\"text-align: right;\"><em><strong><a href=\"http:\/\/bit.ly\/1xRPviE\" target=\"_blank\">Click Here for English<img decoding=\"async\" width=\"20\" height=\"20\" class=\"alignright wp-image-15790\" src=\"http:\/\/rioonwatch.org.br\/wp-content\/uploads\/2012\/08\/EN-standard-e1439583104716.jpg\" alt=\"\" \/><\/a><\/strong><\/em><\/p>\n<p>Quando era pequeno, William Reis olhava para si mesmo no espelho e desejava que sua pele fosse mais clara, seu nariz mais fino, seu cabelo mais liso e que seus olhos fossem azuis. Na adolesc\u00eancia, ele alisou o cabelo e planejou fazer cirurgia pl\u00e1stica no nariz quando fosse mais velho. Ele era contra cotas\u00a0e come\u00e7ou a antagonizar seus amigos negros.<\/p>\n<p>Tudo isso mudou quando Reis come\u00e7ou a ler Malcolm X.<\/p>\n<p>&#8220;Eu peguei um livro do Malcolm X e fiquei abismado de ver um negro inteligente, de um negro ser bonito, de um negro ter poder, de o negro ter constru\u00eddo civiliza\u00e7\u00f5es&#8221;, disse William. &#8220;Do porqu\u00ea a gente ser t\u00e3o submisso ao branco. Ele fala da \u00e9poca da segrega\u00e7\u00e3o racial&#8211;porque que o branco nasce livre e o negro tem que ir ao tribunal pra ser livre?\u00a0Eu me descobri e pensei: vou falar para os outros jovens que passam pela mesma coisa que eu passei, e vou querer transformar e fazer esse trabalho junto com o AfroReggae&#8221;.<\/p>\n<p>Essa foi a experi\u00eancia que William, colaborador do <a href=\"http:\/\/bit.ly\/RiVV2l\" target=\"_blank\">AfroReggae<\/a> em quest\u00f5es \u00e9tnicas e raciais, contou\u00a0\u00e0 uma plat\u00e9ia\u00a0na <a href=\"http:\/\/bit.ly\/1g63Krv\" target=\"_blank\">Vila Kennedy<\/a>, na <a href=\"http:\/\/bit.ly\/11tBmFR\" target=\"_blank\">Zona Oeste<\/a> do Rio de Janeiro. Sua fala fez parte de um evento <a href=\"http:\/\/on.fb.me\/14G6BX3\" target=\"_blank\">de uma semana<\/a>, de 12 a 16 de novembro, para comemorar o <a href=\"http:\/\/bit.ly\/HQ9VTK\" target=\"_blank\">M\u00eas da Consci\u00eancia Negra<\/a> organizado pelo <a href=\"http:\/\/on.fb.me\/1oZyTVr\" target=\"_blank\">Teatro M\u00e1rio Lago<\/a> e o grupo comunit\u00e1rio <a href=\"http:\/\/on.fb.me\/1t2517i\" target=\"_blank\">P\u00e9 na Raiz<\/a>.<\/p>\n<p>O evento incluiu a exibi\u00e7\u00e3o de filmes, oficinas\u00a0de dan\u00e7a, debates, performances e comida tradicional para comemorar a <a href=\"http:\/\/bit.ly\/1ruUDso\" target=\"_blank\">cultura afro-brasileira<\/a>. Foi tamb\u00e9m um esfor\u00e7o para estimular o interesse da comunidade nas artes perform\u00e1ticas depois do <a href=\"http:\/\/bit.ly\/Q1KdxN\" target=\"_blank\">encerramento, em 2012<\/a>, do Teatro M\u00e1rio Lago, que agora luta pela reabertura e para atrair visibilidade.<\/p>\n<p><a href=\"http:\/\/rioonwatch.org.br\/wp-content\/uploads\/2014\/11\/vk-negra3.jpg\"><img fetchpriority=\"high\" decoding=\"async\" class=\"aligncenter wp-image-12997\" title=\"William Reis conta sua hist\u00f3ria para o p\u00fablico.\" src=\"http:\/\/rioonwatch.org.br\/wp-content\/uploads\/2014\/11\/vk-negra3.jpg\" alt=\"\" width=\"620\" height=\"413\" srcset=\"https:\/\/rioonwatch.org.br\/wp-content\/uploads\/2014\/11\/vk-negra3.jpg 672w, https:\/\/rioonwatch.org.br\/wp-content\/uploads\/2014\/11\/vk-negra3-396x264.jpg 396w, https:\/\/rioonwatch.org.br\/wp-content\/uploads\/2014\/11\/vk-negra3-620x413.jpg 620w\" sizes=\"(max-width: 620px) 100vw, 620px\" \/><\/a><\/p>\n<h3>P\u00e9 na Raiz<\/h3>\n<p>Vera Duma, de <a href=\"http:\/\/bit.ly\/1m4QAQR\" target=\"_blank\">Campo Grande<\/a>, Ver\u00f5nica Marc\u00edlio, de <a href=\"http:\/\/bit.ly\/1FoejjP\" target=\"_blank\">Bang\u00fa<\/a>, e <a href=\"http:\/\/bit.ly\/14OFvNx\" target=\"_blank\">Rene Silva<\/a>, do <a href=\"http:\/\/bit.ly\/U0MiGm\" target=\"_blank\">Complexo do Alem\u00e3o<\/a> fazem parte do grupo cultural P\u00e9 na\u00a0Raiz. Ao inv\u00e9s de estabelecer ra\u00edzes em uma comunidade espec\u00edfica, o grupo circula em diferentes favelas que precisam de seus servi\u00e7os culturais&#8211;que variam de performances teatrais com a atriz Vera, \u00e0 c\u00edrculos de leitura com Ver\u00f4nica, professora de portugu\u00eas.<\/p>\n<p>&#8220;P\u00e9 na Raiz articula com o teatro e qualquer lugar que chamar.\u00a0Nos chamou, a gente t\u00e1 l\u00e1 pra dar uma articulada. O grupo nasceu disso, eu tinha umas ideias pra cultura, Ver\u00f4nica\u00a0tamb\u00e9m tinha e a gente come\u00e7ou, e\u00a0nos juntamos com Rene Silva&#8221;, explica Vera.<\/p>\n<p>Para o <a href=\"http:\/\/bit.ly\/HQ9VTK\" target=\"_blank\">M\u00eas da Consci\u00eancia Negra<\/a> da Vila Kennedy o P\u00e9 na\u00a0Raiz organizou performances e debates. Vera realizou um mon\u00f3logo no papel da autora negra <a href=\"http:\/\/bit.ly\/1xXuyFm\" target=\"_blank\">Carolina Maria de Jesus<\/a>, moradora de uma favela de S\u00e3o Paulo que, em 1960, publicou seu di\u00e1rio <em>Quarto de Despejo<\/em>.<\/p>\n<p>Mais tarde na semana, Ver\u00f4nica coordenou um c\u00edrculo de leitura onde a hist\u00f3ria de <a href=\"http:\/\/bit.ly\/1vJrZ9X\" target=\"_blank\">Esperan\u00e7a Garcia<\/a> foi contada. Esperan\u00e7a era uma escrava que ousou escrever uma peti\u00e7\u00e3o ao governador do Piau\u00ed em 1770 reportando abusos de seu patr\u00e3o e pedindo para ser devolvida \u00e0 sua fam\u00edlia. A leitura incluiu contribui\u00e7\u00f5es da audi\u00eancia sobre seus desejos para o futuro.<\/p>\n<p><a href=\"http:\/\/rioonwatch.org.br\/wp-content\/uploads\/2014\/11\/vk-negra2.jpg\"><img decoding=\"async\" class=\"aligncenter wp-image-12998 size-full\" title=\"Roda de Leitura.\" src=\"http:\/\/rioonwatch.org.br\/wp-content\/uploads\/2014\/11\/vk-negra2.jpg\" alt=\"\" width=\"672\" height=\"448\" srcset=\"https:\/\/rioonwatch.org.br\/wp-content\/uploads\/2014\/11\/vk-negra2.jpg 672w, https:\/\/rioonwatch.org.br\/wp-content\/uploads\/2014\/11\/vk-negra2-396x264.jpg 396w, https:\/\/rioonwatch.org.br\/wp-content\/uploads\/2014\/11\/vk-negra2-620x413.jpg 620w\" sizes=\"(max-width: 672px) 100vw, 672px\" \/><\/a><\/p>\n<h3>Esperan\u00e7a\u00a0para o Teatro M\u00e1rio Lago<\/h3>\n<p>O morador da Vila Kennedy Guilherme Junior aprendeu sobre teatro e cultura atrav\u00e9s do <a href=\"http:\/\/bit.ly\/14GeBHt\" target=\"_blank\">Teatro M\u00e1rio Lago<\/a>, mas em 2012 o estabelecimento foi fechado por falta de verba do governo.<\/p>\n<p>&#8220;Praticamente tive contato com a cultura a partir do Teatro Mario Lago desde minha inf\u00e2ncia, o que teve um papel muito importante na minha educa\u00e7\u00e3o, ent\u00e3o sempre apreciei muito o teatro e sempre tentei participar dos eventos daqui&#8221;, disse ele. &#8220;Sendo que em 2012 ele foi fechado, ele sempre foi do Estado&#8211;era Estado e Prefeitura. Chegou uma hora que nenhum dos dois quiseram [financiar] e o teatro foi fechado&#8221;.<\/p>\n<p>Este ano, Guilherme e alguns amigos come\u00e7aram a <a href=\"http:\/\/bit.ly\/H1kBPJ\" target=\"_blank\">trabalhar juntos<\/a> na reabertura do espa\u00e7o. O grupo tem tentado trazer mais eventos ao teatro desde agosto, contando as celebra\u00e7\u00f5es do M\u00eas da Consci\u00eancia Negra como uma grande vit\u00f3ria para a comunidade.<\/p>\n<p>&#8220;Hoje em dia, com a facilidade da comunica\u00e7\u00e3o, a internet, atrav\u00e9s das redes sociais, a gente come\u00e7ou a ser conhecido ent\u00e3o come\u00e7aram as parcerias pra trazer eventos pra c\u00e1&#8221;, disse Guilherme. &#8220;Uma semana falando sobre a consci\u00eancia negra que era algo que me interessava muito&#8211;um assunto que envolve muito os brasileiros porque boa parte da cultura brasileira surgiu da \u00c1frica&#8211;ent\u00e3o eu achava muito importante fazer algo que lembrasse \u00c1frica com o Teatro Mario Lago&#8221;.<\/p>\n<p><a href=\"http:\/\/rioonwatch.org.br\/wp-content\/uploads\/2014\/11\/vk-negra1.jpg\"><img loading=\"lazy\" decoding=\"async\" class=\"aligncenter wp-image-12999\" title=\"Oficina de dan\u00e7a.\" src=\"http:\/\/rioonwatch.org.br\/wp-content\/uploads\/2014\/11\/vk-negra1.jpg\" alt=\"\" width=\"620\" height=\"413\" srcset=\"https:\/\/rioonwatch.org.br\/wp-content\/uploads\/2014\/11\/vk-negra1.jpg 672w, https:\/\/rioonwatch.org.br\/wp-content\/uploads\/2014\/11\/vk-negra1-396x264.jpg 396w, https:\/\/rioonwatch.org.br\/wp-content\/uploads\/2014\/11\/vk-negra1-620x413.jpg 620w\" sizes=\"(max-width: 620px) 100vw, 620px\" \/><\/a><\/p>\n<p>Guilherme espera que esses eventos &#8220;movimentem\u00a0a comunidade&#8221;. Ele quer trazer uma diversidade de t\u00f3picos para o teatro no futuro.<\/p>\n<p>A celebra\u00e7\u00e3o de uma semana terminou no dia, 16 de novembro, com feijoada e a exibi\u00e7\u00e3o de filmes com protagonistas negros promovida pelo <a href=\"http:\/\/on.fb.me\/1zAnZXb\" target=\"_blank\">Circuito Cinegrada<\/a>. A semana tamb\u00e9m exibiu o filme <a href=\"http:\/\/bit.ly\/1xTEdeI\" target=\"_blank\"><em>O Estopim<\/em><\/a>, filme sobre <a href=\"http:\/\/bit.ly\/1aR8al5\" target=\"_blank\">Amarildo de Souza<\/a>, pedreiro morador da Rocinha que desapareceu, foi torturado e morto pela UPP em 2013, al\u00e9m de trazer uma performance de capoeira, workshops de dan\u00e7a e uma noite de festas de funk para celebrar a heran\u00e7a afro-brasileira.<\/p>\n<p>&#8220;\u00c9 um assunto delicado e importante que deveria ser mais discutido e espero que a comunidade cada vez mais abrace essa causa&#8221;, disse o morador Vin\u00edcius. &#8220;Tem muita coisa acontecendo aqui dentro que \u00e9 muito importante pra comunidade&#8221;.<\/p>\n<p><iframe src=\"\/\/www.youtube.com\/embed\/W4IupoOgedo?list=UU74-qIlB9wFSF59b6LB7nIw\" width=\"600\" height=\"338\" frameborder=\"0\" allowfullscreen=\"allowfullscreen\"><\/iframe><\/p>\n<!-- AddThis Advanced Settings generic via filter on the_content --><!-- AddThis Share Buttons generic via filter on the_content -->","protected":false},"excerpt":{"rendered":"<div class=\"mh-excerpt\"><p>Click Here for English Quando era pequeno, William Reis olhava para si mesmo no espelho e desejava que sua pele fosse mais clara, seu nariz mais fino, seu cabelo mais liso e que seus olhos <a class=\"mh-excerpt-more\" href=\"https:\/\/rioonwatch.org.br\/?p=12995\" title=\"Vila Kennedy Comemora M\u00eas da Consci\u00eancia Negra\">[&#8230;]<\/a><!-- AddThis Advanced Settings generic via filter on get_the_excerpt --><!-- AddThis Share Buttons generic via filter on get_the_excerpt --><\/p>\n<\/div>","protected":false},"author":137,"featured_media":12996,"comment_status":"closed","ping_status":"closed","sticky":false,"template":"","format":"standard","meta":{"_acf_changed":false,"_monsterinsights_skip_tracking":false,"_monsterinsights_sitenote_active":false,"_monsterinsights_sitenote_note":"","_monsterinsights_sitenote_category":0,"footnotes":""},"categories":[1615],"tags":[386,1348,513,421,514,128,915,379,358,335,544,184],"writer":[1341,1657],"translator":[1342],"source":[],"ilustrador":[],"fotografo":[],"class_list":{"0":"post-12995","1":"post","2":"type-post","3":"status-publish","4":"format-standard","5":"has-post-thumbnail","7":"category-cultura-da-favela","8":"tag-estigma","9":"tag-afroreggae","10":"tag-cultura-afro-brasileira","11":"tag-cultura-da-favela","12":"tag-escravidao","13":"tag-historia","14":"tag-mes-da-consciencia-negra","15":"tag-midia-social","16":"tag-organizacao-comunitaria","17":"tag-teatro","18":"tag-vila-kennedy","19":"tag-zona-oeste","20":"writer-leland-christy","21":"writer-nicole-froio","22":"translator-patricia-monteiro"},"acf":[],"yoast_head":"<!-- This site is optimized with the Yoast SEO plugin v25.6 - https:\/\/yoast.com\/wordpress\/plugins\/seo\/ -->\n<title>Vila Kennedy Comemora M\u00eas da Consci\u00eancia Negra - RioOnWatch<\/title>\n<meta name=\"robots\" content=\"index, follow, max-snippet:-1, max-image-preview:large, max-video-preview:-1\" \/>\n<link rel=\"canonical\" href=\"https:\/\/rioonwatch.org.br\/?p=12995\" \/>\n<meta property=\"og:locale\" content=\"pt_BR\" \/>\n<meta property=\"og:type\" content=\"article\" \/>\n<meta property=\"og:title\" content=\"Vila Kennedy Comemora M\u00eas da Consci\u00eancia Negra - RioOnWatch\" \/>\n<meta property=\"og:description\" content=\"Click Here for English Quando era pequeno, William Reis olhava para si mesmo no espelho e desejava que sua pele fosse mais clara, seu nariz mais fino, seu cabelo mais liso e que seus olhos [...]\" \/>\n<meta property=\"og:url\" content=\"https:\/\/rioonwatch.org.br\/?p=12995\" \/>\n<meta property=\"og:site_name\" content=\"RioOnWatch\" \/>\n<meta property=\"article:published_time\" content=\"2014-11-29T05:08:04+00:00\" \/>\n<meta property=\"article:modified_time\" content=\"2015-12-19T19:59:20+00:00\" \/>\n<meta property=\"og:image\" content=\"https:\/\/rioonwatch.org.br\/wp-content\/uploads\/2014\/11\/vk-negra4.jpg\" \/>\n\t<meta property=\"og:image:width\" content=\"672\" \/>\n\t<meta property=\"og:image:height\" content=\"448\" \/>\n\t<meta property=\"og:image:type\" content=\"image\/jpeg\" \/>\n<meta name=\"author\" content=\"Nicole Froio\" \/>\n<meta name=\"twitter:card\" content=\"summary_large_image\" \/>\n<meta name=\"twitter:label1\" content=\"Escrito por\" \/>\n\t<meta name=\"twitter:data1\" content=\"Nicole Froio\" \/>\n\t<meta name=\"twitter:label2\" content=\"Est. tempo de leitura\" \/>\n\t<meta name=\"twitter:data2\" content=\"5 minutos\" \/>\n<script type=\"application\/ld+json\" class=\"yoast-schema-graph\">{\"@context\":\"https:\/\/schema.org\",\"@graph\":[{\"@type\":\"Article\",\"@id\":\"https:\/\/rioonwatch.org.br\/?p=12995#article\",\"isPartOf\":{\"@id\":\"https:\/\/rioonwatch.org.br\/?p=12995\"},\"author\":{\"name\":\"Nicole Froio\",\"@id\":\"https:\/\/rioonwatch.org.br\/#\/schema\/person\/e07d559fe2154d11fd3ec515e35695ee\"},\"headline\":\"Vila Kennedy Comemora M\u00eas da Consci\u00eancia Negra\",\"datePublished\":\"2014-11-29T05:08:04+00:00\",\"dateModified\":\"2015-12-19T19:59:20+00:00\",\"mainEntityOfPage\":{\"@id\":\"https:\/\/rioonwatch.org.br\/?p=12995\"},\"wordCount\":924,\"publisher\":{\"@id\":\"https:\/\/rioonwatch.org.br\/#organization\"},\"image\":{\"@id\":\"https:\/\/rioonwatch.org.br\/?p=12995#primaryimage\"},\"thumbnailUrl\":\"https:\/\/rioonwatch.org.br\/wp-content\/uploads\/2014\/11\/vk-negra4.jpg\",\"keywords\":[\"#StopFavelaStigma\",\"AfroReggae\",\"Cultura Afro-brasileira\",\"cultura da favela\",\"escravid\u00e3o\",\"hist\u00f3ria\",\"M\u00eas da Consci\u00eancia Negra\",\"m\u00eddia social\",\"organiza\u00e7\u00e3o comunit\u00e1ria\",\"teatro\",\"Vila Kennedy\",\"Zona Oeste\"],\"articleSection\":[\"Cultura da Favela\"],\"inLanguage\":\"pt-BR\"},{\"@type\":\"WebPage\",\"@id\":\"https:\/\/rioonwatch.org.br\/?p=12995\",\"url\":\"https:\/\/rioonwatch.org.br\/?p=12995\",\"name\":\"Vila Kennedy Comemora M\u00eas da Consci\u00eancia Negra - RioOnWatch\",\"isPartOf\":{\"@id\":\"https:\/\/rioonwatch.org.br\/#website\"},\"primaryImageOfPage\":{\"@id\":\"https:\/\/rioonwatch.org.br\/?p=12995#primaryimage\"},\"image\":{\"@id\":\"https:\/\/rioonwatch.org.br\/?p=12995#primaryimage\"},\"thumbnailUrl\":\"https:\/\/rioonwatch.org.br\/wp-content\/uploads\/2014\/11\/vk-negra4.jpg\",\"datePublished\":\"2014-11-29T05:08:04+00:00\",\"dateModified\":\"2015-12-19T19:59:20+00:00\",\"breadcrumb\":{\"@id\":\"https:\/\/rioonwatch.org.br\/?p=12995#breadcrumb\"},\"inLanguage\":\"pt-BR\",\"potentialAction\":[{\"@type\":\"ReadAction\",\"target\":[\"https:\/\/rioonwatch.org.br\/?p=12995\"]}]},{\"@type\":\"ImageObject\",\"inLanguage\":\"pt-BR\",\"@id\":\"https:\/\/rioonwatch.org.br\/?p=12995#primaryimage\",\"url\":\"https:\/\/rioonwatch.org.br\/wp-content\/uploads\/2014\/11\/vk-negra4.jpg\",\"contentUrl\":\"https:\/\/rioonwatch.org.br\/wp-content\/uploads\/2014\/11\/vk-negra4.jpg\",\"width\":672,\"height\":448},{\"@type\":\"BreadcrumbList\",\"@id\":\"https:\/\/rioonwatch.org.br\/?p=12995#breadcrumb\",\"itemListElement\":[{\"@type\":\"ListItem\",\"position\":1,\"name\":\"In\u00edcio\",\"item\":\"https:\/\/rioonwatch.org.br\/\"},{\"@type\":\"ListItem\",\"position\":2,\"name\":\"Vila Kennedy Comemora M\u00eas da Consci\u00eancia Negra\"}]},{\"@type\":\"WebSite\",\"@id\":\"https:\/\/rioonwatch.org.br\/#website\",\"url\":\"https:\/\/rioonwatch.org.br\/\",\"name\":\"RioOnWatch\",\"description\":\"relatos das favelas cariocas\",\"publisher\":{\"@id\":\"https:\/\/rioonwatch.org.br\/#organization\"},\"potentialAction\":[{\"@type\":\"SearchAction\",\"target\":{\"@type\":\"EntryPoint\",\"urlTemplate\":\"https:\/\/rioonwatch.org.br\/?s={search_term_string}\"},\"query-input\":{\"@type\":\"PropertyValueSpecification\",\"valueRequired\":true,\"valueName\":\"search_term_string\"}}],\"inLanguage\":\"pt-BR\"},{\"@type\":\"Organization\",\"@id\":\"https:\/\/rioonwatch.org.br\/#organization\",\"name\":\"RioOnWatch\",\"url\":\"https:\/\/rioonwatch.org.br\/\",\"logo\":{\"@type\":\"ImageObject\",\"inLanguage\":\"pt-BR\",\"@id\":\"https:\/\/rioonwatch.org.br\/#\/schema\/logo\/image\/\",\"url\":\"https:\/\/rioonwatch.org.br\/wp-content\/uploads\/2021\/06\/RioOnWatchcabecalhoPT11anos-2.png\",\"contentUrl\":\"https:\/\/rioonwatch.org.br\/wp-content\/uploads\/2021\/06\/RioOnWatchcabecalhoPT11anos-2.png\",\"width\":779,\"height\":277,\"caption\":\"RioOnWatch\"},\"image\":{\"@id\":\"https:\/\/rioonwatch.org.br\/#\/schema\/logo\/image\/\"}},{\"@type\":\"Person\",\"@id\":\"https:\/\/rioonwatch.org.br\/#\/schema\/person\/e07d559fe2154d11fd3ec515e35695ee\",\"name\":\"Nicole Froio\",\"image\":{\"@type\":\"ImageObject\",\"inLanguage\":\"pt-BR\",\"@id\":\"https:\/\/rioonwatch.org.br\/#\/schema\/person\/image\/\",\"url\":\"https:\/\/secure.gravatar.com\/avatar\/0acdbd6878ca0ac29aa5ce6c6119d636?s=96&d=blank&r=g\",\"contentUrl\":\"https:\/\/secure.gravatar.com\/avatar\/0acdbd6878ca0ac29aa5ce6c6119d636?s=96&d=blank&r=g\",\"caption\":\"Nicole Froio\"},\"url\":\"https:\/\/rioonwatch.org.br\/?author=137\"}]}<\/script>\n<!-- \/ Yoast SEO plugin. -->","yoast_head_json":{"title":"Vila Kennedy Comemora M\u00eas da Consci\u00eancia Negra - RioOnWatch","robots":{"index":"index","follow":"follow","max-snippet":"max-snippet:-1","max-image-preview":"max-image-preview:large","max-video-preview":"max-video-preview:-1"},"canonical":"https:\/\/rioonwatch.org.br\/?p=12995","og_locale":"pt_BR","og_type":"article","og_title":"Vila Kennedy Comemora M\u00eas da Consci\u00eancia Negra - RioOnWatch","og_description":"Click Here for English Quando era pequeno, William Reis olhava para si mesmo no espelho e desejava que sua pele fosse mais clara, seu nariz mais fino, seu cabelo mais liso e que seus olhos [...]","og_url":"https:\/\/rioonwatch.org.br\/?p=12995","og_site_name":"RioOnWatch","article_published_time":"2014-11-29T05:08:04+00:00","article_modified_time":"2015-12-19T19:59:20+00:00","og_image":[{"width":672,"height":448,"url":"https:\/\/rioonwatch.org.br\/wp-content\/uploads\/2014\/11\/vk-negra4.jpg","type":"image\/jpeg"}],"author":"Nicole Froio","twitter_card":"summary_large_image","twitter_misc":{"Escrito por":"Nicole Froio","Est. tempo de leitura":"5 minutos"},"schema":{"@context":"https:\/\/schema.org","@graph":[{"@type":"Article","@id":"https:\/\/rioonwatch.org.br\/?p=12995#article","isPartOf":{"@id":"https:\/\/rioonwatch.org.br\/?p=12995"},"author":{"name":"Nicole Froio","@id":"https:\/\/rioonwatch.org.br\/#\/schema\/person\/e07d559fe2154d11fd3ec515e35695ee"},"headline":"Vila Kennedy Comemora M\u00eas da Consci\u00eancia Negra","datePublished":"2014-11-29T05:08:04+00:00","dateModified":"2015-12-19T19:59:20+00:00","mainEntityOfPage":{"@id":"https:\/\/rioonwatch.org.br\/?p=12995"},"wordCount":924,"publisher":{"@id":"https:\/\/rioonwatch.org.br\/#organization"},"image":{"@id":"https:\/\/rioonwatch.org.br\/?p=12995#primaryimage"},"thumbnailUrl":"https:\/\/rioonwatch.org.br\/wp-content\/uploads\/2014\/11\/vk-negra4.jpg","keywords":["#StopFavelaStigma","AfroReggae","Cultura Afro-brasileira","cultura da favela","escravid\u00e3o","hist\u00f3ria","M\u00eas da Consci\u00eancia Negra","m\u00eddia social","organiza\u00e7\u00e3o comunit\u00e1ria","teatro","Vila Kennedy","Zona Oeste"],"articleSection":["Cultura da Favela"],"inLanguage":"pt-BR"},{"@type":"WebPage","@id":"https:\/\/rioonwatch.org.br\/?p=12995","url":"https:\/\/rioonwatch.org.br\/?p=12995","name":"Vila Kennedy Comemora M\u00eas da Consci\u00eancia Negra - RioOnWatch","isPartOf":{"@id":"https:\/\/rioonwatch.org.br\/#website"},"primaryImageOfPage":{"@id":"https:\/\/rioonwatch.org.br\/?p=12995#primaryimage"},"image":{"@id":"https:\/\/rioonwatch.org.br\/?p=12995#primaryimage"},"thumbnailUrl":"https:\/\/rioonwatch.org.br\/wp-content\/uploads\/2014\/11\/vk-negra4.jpg","datePublished":"2014-11-29T05:08:04+00:00","dateModified":"2015-12-19T19:59:20+00:00","breadcrumb":{"@id":"https:\/\/rioonwatch.org.br\/?p=12995#breadcrumb"},"inLanguage":"pt-BR","potentialAction":[{"@type":"ReadAction","target":["https:\/\/rioonwatch.org.br\/?p=12995"]}]},{"@type":"ImageObject","inLanguage":"pt-BR","@id":"https:\/\/rioonwatch.org.br\/?p=12995#primaryimage","url":"https:\/\/rioonwatch.org.br\/wp-content\/uploads\/2014\/11\/vk-negra4.jpg","contentUrl":"https:\/\/rioonwatch.org.br\/wp-content\/uploads\/2014\/11\/vk-negra4.jpg","width":672,"height":448},{"@type":"BreadcrumbList","@id":"https:\/\/rioonwatch.org.br\/?p=12995#breadcrumb","itemListElement":[{"@type":"ListItem","position":1,"name":"In\u00edcio","item":"https:\/\/rioonwatch.org.br\/"},{"@type":"ListItem","position":2,"name":"Vila Kennedy Comemora M\u00eas da Consci\u00eancia Negra"}]},{"@type":"WebSite","@id":"https:\/\/rioonwatch.org.br\/#website","url":"https:\/\/rioonwatch.org.br\/","name":"RioOnWatch","description":"relatos das favelas cariocas","publisher":{"@id":"https:\/\/rioonwatch.org.br\/#organization"},"potentialAction":[{"@type":"SearchAction","target":{"@type":"EntryPoint","urlTemplate":"https:\/\/rioonwatch.org.br\/?s={search_term_string}"},"query-input":{"@type":"PropertyValueSpecification","valueRequired":true,"valueName":"search_term_string"}}],"inLanguage":"pt-BR"},{"@type":"Organization","@id":"https:\/\/rioonwatch.org.br\/#organization","name":"RioOnWatch","url":"https:\/\/rioonwatch.org.br\/","logo":{"@type":"ImageObject","inLanguage":"pt-BR","@id":"https:\/\/rioonwatch.org.br\/#\/schema\/logo\/image\/","url":"https:\/\/rioonwatch.org.br\/wp-content\/uploads\/2021\/06\/RioOnWatchcabecalhoPT11anos-2.png","contentUrl":"https:\/\/rioonwatch.org.br\/wp-content\/uploads\/2021\/06\/RioOnWatchcabecalhoPT11anos-2.png","width":779,"height":277,"caption":"RioOnWatch"},"image":{"@id":"https:\/\/rioonwatch.org.br\/#\/schema\/logo\/image\/"}},{"@type":"Person","@id":"https:\/\/rioonwatch.org.br\/#\/schema\/person\/e07d559fe2154d11fd3ec515e35695ee","name":"Nicole Froio","image":{"@type":"ImageObject","inLanguage":"pt-BR","@id":"https:\/\/rioonwatch.org.br\/#\/schema\/person\/image\/","url":"https:\/\/secure.gravatar.com\/avatar\/0acdbd6878ca0ac29aa5ce6c6119d636?s=96&d=blank&r=g","contentUrl":"https:\/\/secure.gravatar.com\/avatar\/0acdbd6878ca0ac29aa5ce6c6119d636?s=96&d=blank&r=g","caption":"Nicole Froio"},"url":"https:\/\/rioonwatch.org.br\/?author=137"}]}},"_links":{"self":[{"href":"https:\/\/rioonwatch.org.br\/index.php?rest_route=\/wp\/v2\/posts\/12995"}],"collection":[{"href":"https:\/\/rioonwatch.org.br\/index.php?rest_route=\/wp\/v2\/posts"}],"about":[{"href":"https:\/\/rioonwatch.org.br\/index.php?rest_route=\/wp\/v2\/types\/post"}],"author":[{"embeddable":true,"href":"https:\/\/rioonwatch.org.br\/index.php?rest_route=\/wp\/v2\/users\/137"}],"replies":[{"embeddable":true,"href":"https:\/\/rioonwatch.org.br\/index.php?rest_route=%2Fwp%2Fv2%2Fcomments&post=12995"}],"version-history":[{"count":12,"href":"https:\/\/rioonwatch.org.br\/index.php?rest_route=\/wp\/v2\/posts\/12995\/revisions"}],"predecessor-version":[{"id":17723,"href":"https:\/\/rioonwatch.org.br\/index.php?rest_route=\/wp\/v2\/posts\/12995\/revisions\/17723"}],"wp:featuredmedia":[{"embeddable":true,"href":"https:\/\/rioonwatch.org.br\/index.php?rest_route=\/wp\/v2\/media\/12996"}],"wp:attachment":[{"href":"https:\/\/rioonwatch.org.br\/index.php?rest_route=%2Fwp%2Fv2%2Fmedia&parent=12995"}],"wp:term":[{"taxonomy":"category","embeddable":true,"href":"https:\/\/rioonwatch.org.br\/index.php?rest_route=%2Fwp%2Fv2%2Fcategories&post=12995"},{"taxonomy":"post_tag","embeddable":true,"href":"https:\/\/rioonwatch.org.br\/index.php?rest_route=%2Fwp%2Fv2%2Ftags&post=12995"},{"taxonomy":"writer","embeddable":true,"href":"https:\/\/rioonwatch.org.br\/index.php?rest_route=%2Fwp%2Fv2%2Fwriter&post=12995"},{"taxonomy":"translator","embeddable":true,"href":"https:\/\/rioonwatch.org.br\/index.php?rest_route=%2Fwp%2Fv2%2Ftranslator&post=12995"},{"taxonomy":"source","embeddable":true,"href":"https:\/\/rioonwatch.org.br\/index.php?rest_route=%2Fwp%2Fv2%2Fsource&post=12995"},{"taxonomy":"ilustrador","embeddable":true,"href":"https:\/\/rioonwatch.org.br\/index.php?rest_route=%2Fwp%2Fv2%2Filustrador&post=12995"},{"taxonomy":"fotografo","embeddable":true,"href":"https:\/\/rioonwatch.org.br\/index.php?rest_route=%2Fwp%2Fv2%2Ffotografo&post=12995"}],"curies":[{"name":"wp","href":"https:\/\/api.w.org\/{rel}","templated":true}]}}