{"id":13012,"date":"2014-11-27T13:59:00","date_gmt":"2014-11-27T16:59:00","guid":{"rendered":"http:\/\/rioonwatch.org.br\/?p=13012"},"modified":"2017-12-13T00:58:37","modified_gmt":"2017-12-13T03:58:37","slug":"ocupacao-manoel-congo-comemora-seu-7o-aniversario","status":"publish","type":"post","link":"https:\/\/rioonwatch.org.br\/?p=13012","title":{"rendered":"Ocupa\u00e7\u00e3o Manoel Congo Comemora Rara Vit\u00f3ria no Seu 7o Anivers\u00e1rio"},"content":{"rendered":"<p style=\"text-align: right;\"><em><strong><a href=\"http:\/\/bit.ly\/1xghbNN\" target=\"_blank\" rel=\"noopener\">Click Here for English<img decoding=\"async\" width=\"20\" height=\"20\" class=\"alignright wp-image-15790\" src=\"http:\/\/rioonwatch.org.br\/wp-content\/uploads\/2012\/08\/EN-standard-e1439583104716.jpg\" alt=\"\" \/><\/a><\/strong><\/em><\/p>\n<p>Ativistas, estudantes e membros da comunidade se uniram no domingo, 2 de novembro, na Rua Alcindo Guanabara, na Cinel\u00e2ndia, Centro do Rio, para comemorar o s\u00e9timo anivers\u00e1rio da <a href=\"http:\/\/bit.ly\/1pjYKHH\" target=\"_blank\" rel=\"noopener\">Ocupa\u00e7\u00e3o Manuel Congo<\/a>. Organizada e liderada pelo <a href=\"http:\/\/bit.ly\/Wq9xiU\" target=\"_blank\" rel=\"noopener\">Movimento Nacional de Luta pela Moradia (MNLM)<\/a>, a ocupa\u00e7\u00e3o resultou em um dos casos de maior sucesso de desapropria\u00e7\u00e3o de um pr\u00e9dio p\u00fablico para fins de moradia na cidade do Rio de Janeiro.<\/p>\n<p><a href=\"http:\/\/bit.ly\/MyWO4B\" target=\"_blank\" rel=\"noopener\"> Ocupado em 2007<\/a>, ap\u00f3s ficar abandonado por mais de 15 anos, o edif\u00edcio Manoel Congo\u2013anteriormente propriedade do Instituto Nacional do Seguro Social (INSS)\u2013agora abriga 42 fam\u00edlias, cerca de 127 pessoas. Ap\u00f3s seis dif\u00edceis anos lutando pelo reconhecimento do governo, enfrentando potenciais despejos e servi\u00e7os p\u00fablicos deficientes, os moradores da Manoel Congo alcan\u00e7aram uma rara\u00a0vit\u00f3ria quando o Estado e o Governo Federal prometeram\u00a0R$2.9 milh\u00f5es para reformar o pr\u00e9dio e melhorar as condi\u00e7\u00f5es de habita\u00e7\u00e3o. A festa na rua, no domingo dia 2, n\u00e3o foi apenas uma comemora\u00e7\u00e3o pela perseveran\u00e7a da ocupa\u00e7\u00e3o, mas tamb\u00e9m pelo acesso a esses recursos.<\/p>\n<p>Embora existam leis no Brasil instituindo que pr\u00e9dios p\u00fablicos abandonados por um determinado n\u00famero de anos devam ser priorizados para habita\u00e7\u00e3o popular, na pr\u00e1tica as ocupa\u00e7\u00f5es destes im\u00f3veis pelos cidad\u00e3os geralmente <a href=\"http:\/\/rioonwatch.org.br\/?p=11133\" target=\"_blank\" rel=\"noopener\">terminam com despejos<\/a>. A Manoel Congo gerou um farol de esperan\u00e7a para as ocupa\u00e7\u00f5es urbanas, sobretudo pela sua localiza\u00e7\u00e3o no bairro central do Rio.<\/p>\n<p><a href=\"http:\/\/rioonwatch.org.br\/wp-content\/uploads\/2014\/11\/mancong4.jpg\"><img fetchpriority=\"high\" decoding=\"async\" class=\"aligncenter wp-image-13014\" title=\"Celebra\u00e7\u00e3o com m\u00fasica e churrasco do lado de fora do edif\u00edcio Manoel Congo\" src=\"http:\/\/rioonwatch.org.br\/wp-content\/uploads\/2014\/11\/mancong4.jpg\" alt=\"\" width=\"620\" height=\"413\" srcset=\"https:\/\/rioonwatch.org.br\/wp-content\/uploads\/2014\/11\/mancong4.jpg 999w, https:\/\/rioonwatch.org.br\/wp-content\/uploads\/2014\/11\/mancong4-396x264.jpg 396w, https:\/\/rioonwatch.org.br\/wp-content\/uploads\/2014\/11\/mancong4-620x413.jpg 620w\" sizes=\"(max-width: 620px) 100vw, 620px\" \/><\/a><\/p>\n<p>Na ensolarada tarde de domingo, os moradores juntos a ativistas, apoiadores, comerciantes locais e trabalhadores passaram na ocupa\u00e7\u00e3o Manoel Congo para conversar, beber e comer, gratuitamente, churrasco. Dentre eles estava Gerson Almeida, representante do MNLM no estado do Rio, que discutiu as melhorias que vir\u00e3o para a ocupa\u00e7\u00e3o.<\/p>\n<p>Segundo Almeida, o primeiro esfor\u00e7o ser\u00e1 desenvolver os quartos das 42 fam\u00edlias que ocupam o pr\u00e9dio. Durante os primeiros seis anos da ocupa\u00e7\u00e3o, cada um dos dez andares possu\u00eda apenas um \u00fanico banheiro, pia e \u00e1rea de servi\u00e7o que eram compartilhados por diversas fam\u00edlias.<\/p>\n<p>&#8220;Com as reformas, procuramos garantir um lugar digno de se viver para as fam\u00edlias da Manoel Congo&#8221;, disse Almeida, ao entrar no pequeno corredor do pr\u00e9dio. Quando as constru\u00e7\u00f5es terminarem, cada fam\u00edlia ter\u00e1 um apartamento com banheiro, lavanderia e cozinha.<\/p>\n<p><a href=\"http:\/\/rioonwatch.org.br\/wp-content\/uploads\/2014\/11\/mancong21.jpg\"><img decoding=\"async\" class=\"aligncenter wp-image-13015\" title=\"O primeiro andar ser\u00e1 reformado e transformado em um restaurante\" src=\"http:\/\/rioonwatch.org.br\/wp-content\/uploads\/2014\/11\/mancong21.jpg\" alt=\"\" width=\"620\" height=\"326\" srcset=\"https:\/\/rioonwatch.org.br\/wp-content\/uploads\/2014\/11\/mancong21.jpg 999w, https:\/\/rioonwatch.org.br\/wp-content\/uploads\/2014\/11\/mancong21-501x264.jpg 501w, https:\/\/rioonwatch.org.br\/wp-content\/uploads\/2014\/11\/mancong21-620x326.jpg 620w\" sizes=\"(max-width: 620px) 100vw, 620px\" \/><\/a><\/p>\n<p>Uma das prioridades para o desenvolvimento da ocupa\u00e7\u00e3o Manoel Congo \u00e9 a gera\u00e7\u00e3o de renda para os moradores. Os recursos do Governo Federal e Municipal ser\u00e3o tamb\u00e9m investidos para transformar os dois primeiros andares do edif\u00edcio em um restaurante e casa de samba, um cybercaf\u00e9, um sal\u00e3o de beleza para os moradores trabalharem e um escrit\u00f3rio do MNLM. Parte dos recursos ser\u00e1 destinada para expandir o espa\u00e7o educacional do pr\u00e9dio, chamado \u201cCriarte\u201d, onde os filhos dos moradores assistem aulas ap\u00f3s a escola, bem como tem educa\u00e7\u00e3o cultural com membros do MNLM e professores volunt\u00e1rios da Universidade Federal do Rio de Janeiro e Universidade Federal Fluminense.<\/p>\n<p>Os trabalhadores da Manoel Congo que ir\u00e3o atuar nesses novos espa\u00e7os se organizaram como a Cooperativa Liga Urbana, junta ao MNLM, com o objetivo de desenvolver \u201crela\u00e7\u00f5es de trabalho e produ\u00e7\u00e3o baseadas na solidariedade e benef\u00edcios coletivos sobre os bens e ganhos\u201d decorrentes da gera\u00e7\u00e3o de renda nos neg\u00f3cios do edif\u00edcio.<\/p>\n<p>\u201cN\u00f3s estamos trazendo movimento e cultura de volta ao Centro\u201d, disse Almeida durante um passeio pelo pr\u00e9dio. \u201cO restaurante n\u00e3o vai apenas empregar moradores e ser uma fonte de recursos, mas tamb\u00e9m vai revitalizar a vizinhan\u00e7a\u201d. Os ativistas do MNLM acreditam que outros ir\u00e3o seguir o exemplo da Ocupa\u00e7\u00e3o Manoel Congo, promovendo uma maior movimenta\u00e7\u00e3o no Centro da cidade do Rio\u2013\u00e1rea que possui problemas de seguran\u00e7a devido ao pequeno fluxo de pedestres em hor\u00e1rio n\u00e3o comercial.<\/p>\n<p>Lurdinha Lopes, que lidera o MNLM em n\u00edvel nacional, tamb\u00e9m esteve presente na comemora\u00e7\u00e3o. Em uma entrevista anterior ao jornal <a href=\"http:\/\/bit.ly\/1wdwLKH\" target=\"_blank\" rel=\"noopener\"><em>Brasil de Fato<\/em><\/a>, ela explicou que as fam\u00edlias agora residentes na ocupa\u00e7\u00e3o Manoel Congo vieram de comunidades carentes na periferia do Rio e que a maioria dos moradores que trabalham n\u00e3o ganham mais de um sal\u00e1rio m\u00ednimo.<\/p>\n<p><a href=\"http:\/\/rioonwatch.org.br\/wp-content\/uploads\/2014\/11\/mancong31.jpg\"><img loading=\"lazy\" decoding=\"async\" class=\"alignright size-medium wp-image-13016\" title=\"O edif\u00edcio da ocupa\u00e7\u00e3o Manoel Congo na Cinel\u00e2ndia, centro do Rio\" src=\"http:\/\/rioonwatch.org.br\/wp-content\/uploads\/2014\/11\/mancong31-200x300.jpg\" alt=\"\" width=\"200\" height=\"300\" \/><\/a>Visto que os moradores v\u00eam de comunidades historicamente marginalizadas, a ocupa\u00e7\u00e3o Manoel Congo se inseriu nas grandes lutas pelos direitos dos cidad\u00e3os mais oprimidos e pobres do Rio. Bem como o pr\u00f3prio MNLM, a comunidade \u00e9 \u201cligada intrinsecamente ao movimento dos trabalhadores e a movimentos pela justi\u00e7a racial\u201d, diz Almeida. At\u00e9 mesmo o nome presta homenagem a um importante l\u00edder negro na hist\u00f3ria do Brasil. <a href=\"http:\/\/bit.ly\/1CdwXyz\" target=\"_blank\" rel=\"noopener\">Manoel Congo<\/a> foi um rebelde que liderou um dos maiores levantes de escravos na hist\u00f3ria do pa\u00eds, em um territ\u00f3rio que agora faz parte do Estado do Rio de Janeiro. Duas outras ocupa\u00e7\u00f5es organizadas pelos MNLM no Rio\u2013Maria Crioula e Solano Trinidade\u2013tamb\u00e9m escolheram nomes de importantes afro-brasileiros, relacionando suas lutas hist\u00f3ricas com as de hoje, enfrentadas, sobretudo, por estes afro-brasileiros, que s\u00e3o a maioria nos movimentos sociais. A casa de samba que em breve ocupar\u00e1 o primeiro andar da Manoel Congo se chamar\u00e1 \u201cCasa de Samba da Maria Crioula\u201d em homenagem a esta importante mulher que se rebelou ao lado de Manoel Congo.<\/p>\n<p>O sucesso da Ocupa\u00e7\u00e3o Manoel Congo gerou um animador contraponto \u00e0 prolifera\u00e7\u00e3o de empreendimentos para a classe m\u00e9dia e para os neg\u00f3cios em favelas destinadas anteriormente \u00e0 classe trabalhadora. Em seu site, o MNLM compromete-se em lutar contra a \u201cremo\u00e7\u00e3o branca\u201d\u2013o sin\u00f4nimo local para <a href=\"http:\/\/bit.ly\/184FqS4\" target=\"_blank\" rel=\"noopener\">gentrifica\u00e7\u00e3o<\/a>\u2013que vem sistematicamente alterando a paisagem urbana do Rio de Janeiro. Muitos estrangeiros e brasileiros mais ricos est\u00e3o se interessando por estes locais, anteriormente fora de seus territ\u00f3rios, ap\u00f3s a implementa\u00e7\u00e3o das <a href=\"http:\/\/bit.ly\/184FqS4\" target=\"_blank\" rel=\"noopener\">Unidades de Pol\u00edcia Pacificadora (UPPs)<\/a>. Moradores de favelas como o <a href=\"http:\/\/bit.ly\/XuDNKV\" target=\"_blank\" rel=\"noopener\">Vidigal<\/a>, <a href=\"http:\/\/bit.ly\/1hXNzRG\" target=\"_blank\" rel=\"noopener\">Santa Marta<\/a> e <a href=\"http:\/\/bit.ly\/1hXNzRG\" target=\"_blank\" rel=\"noopener\">Rocinha<\/a> veem o aumento do valor da terra em que vivem devido \u00e0 <a href=\"http:\/\/bit.ly\/11tBtBo\" target=\"_blank\" rel=\"noopener\">especula\u00e7\u00e3o imobili\u00e1ria<\/a> e pela grande demanda externa. Este aumento do custo de vida muitas vezes obriga moradores, sobretudo aqueles que n\u00e3o s\u00e3o propriet\u00e1rios de suas pr\u00f3prias casas, a procurar novos lugares para ocupar, como as fam\u00edlias da Manoel Congo.<\/p>\n<p>Continuando seu trabalho contra a desigualdade e a criminaliza\u00e7\u00e3o da pobreza, o MNLM recebeu um \u201c<a href=\"http:\/\/on.fb.me\/15DKoJy\" target=\"_blank\" rel=\"noopener\">sarau divergente<\/a>\u201d na Ocupa\u00e7\u00e3o Solano Trinidade em <a href=\"http:\/\/bit.ly\/1xSlxft\" target=\"_blank\" rel=\"noopener\">Duque de Caxias<\/a>, na Baixada Fluminense, dia\u00a020 de novembro. Os evento de resist\u00eancia v\u00e3o\u00a0ao encontro da comemora\u00e7\u00e3o do <a href=\"http:\/\/bit.ly\/HQ9VTK\" target=\"_blank\" rel=\"noopener\">M\u00eas da Consci\u00eancia Negra<\/a>. Para maiores informa\u00e7\u00f5es sobre este evento, clique <a href=\"http:\/\/bit.ly\/1zxY1pZ\" target=\"_blank\" rel=\"noopener\">aqui<\/a>.<\/p>\n<h3>Assista um video de 2012 produzido pelo RioOnWatch sobre a ocupa\u00e7\u00e3o:<br \/>\n<iframe src=\"\/\/www.youtube.com\/embed\/ekihnDBRwa0\" width=\"560\" height=\"315\" frameborder=\"0\" allowfullscreen=\"allowfullscreen\"><\/iframe><\/h3>\n<!-- AddThis Advanced Settings generic via filter on the_content --><!-- AddThis Share Buttons generic via filter on the_content -->","protected":false},"excerpt":{"rendered":"<div class=\"mh-excerpt\"><p>Click Here for English Ativistas, estudantes e membros da comunidade se uniram no domingo, 2 de novembro, na Rua Alcindo Guanabara, na Cinel\u00e2ndia, Centro do Rio, para comemorar o s\u00e9timo anivers\u00e1rio da Ocupa\u00e7\u00e3o Manuel Congo. <a class=\"mh-excerpt-more\" href=\"https:\/\/rioonwatch.org.br\/?p=13012\" title=\"Ocupa\u00e7\u00e3o Manoel Congo Comemora Rara Vit\u00f3ria no Seu 7o Anivers\u00e1rio\">[&#8230;]<\/a><!-- AddThis Advanced Settings generic via filter on get_the_excerpt --><!-- AddThis Share Buttons generic via filter on get_the_excerpt --><\/p>\n<\/div>","protected":false},"author":137,"featured_media":13013,"comment_status":"closed","ping_status":"closed","sticky":false,"template":"","format":"standard","meta":{"_acf_changed":false,"_monsterinsights_skip_tracking":false,"_monsterinsights_sitenote_active":false,"_monsterinsights_sitenote_note":"","_monsterinsights_sitenote_category":0,"footnotes":""},"categories":[1617],"tags":[259,405,424,395,408,915,780,1037,407,358,432,1347],"writer":[1301],"translator":[2032],"source":[],"ilustrador":[],"fotografo":[],"class_list":{"0":"post-13012","1":"post","2":"type-post","3":"status-publish","4":"format-standard","5":"has-post-thumbnail","7":"category-olhonagentrificacao","8":"tag-centro","9":"tag-cinelandia","10":"tag-direito-a-moradia","11":"tag-gentrificacao-remocao-branca","12":"tag-manoel-congo","13":"tag-mes-da-consciencia-negra","14":"tag-mnlm","15":"tag-moradia","16":"tag-ocupacao","17":"tag-organizacao-comunitaria","18":"tag-resistencia","19":"tag-solucao","20":"writer-francis-torres","21":"translator-bruno-ferreira"},"acf":[],"yoast_head":"<!-- This site is optimized with the Yoast SEO plugin v25.6 - https:\/\/yoast.com\/wordpress\/plugins\/seo\/ -->\n<title>Ocupa\u00e7\u00e3o Manoel Congo Comemora Rara Vit\u00f3ria no Seu 7o Anivers\u00e1rio - RioOnWatch<\/title>\n<meta name=\"robots\" content=\"index, follow, max-snippet:-1, max-image-preview:large, max-video-preview:-1\" \/>\n<link rel=\"canonical\" href=\"https:\/\/rioonwatch.org.br\/?p=13012\" \/>\n<meta property=\"og:locale\" content=\"pt_BR\" \/>\n<meta property=\"og:type\" content=\"article\" \/>\n<meta property=\"og:title\" content=\"Ocupa\u00e7\u00e3o Manoel Congo Comemora Rara Vit\u00f3ria no Seu 7o Anivers\u00e1rio - RioOnWatch\" \/>\n<meta property=\"og:description\" content=\"Click Here for English Ativistas, estudantes e membros da comunidade se uniram no domingo, 2 de novembro, na Rua Alcindo Guanabara, na Cinel\u00e2ndia, Centro do Rio, para comemorar o s\u00e9timo anivers\u00e1rio da Ocupa\u00e7\u00e3o Manuel Congo. [...]\" \/>\n<meta property=\"og:url\" content=\"https:\/\/rioonwatch.org.br\/?p=13012\" \/>\n<meta property=\"og:site_name\" content=\"RioOnWatch\" \/>\n<meta property=\"article:published_time\" content=\"2014-11-27T16:59:00+00:00\" \/>\n<meta property=\"article:modified_time\" content=\"2017-12-13T03:58:37+00:00\" \/>\n<meta property=\"og:image\" content=\"https:\/\/rioonwatch.org.br\/wp-content\/uploads\/2014\/11\/mancong11.jpg\" \/>\n\t<meta property=\"og:image:width\" content=\"999\" \/>\n\t<meta property=\"og:image:height\" content=\"628\" \/>\n\t<meta property=\"og:image:type\" content=\"image\/jpeg\" \/>\n<meta name=\"author\" content=\"Nicole Froio\" \/>\n<meta name=\"twitter:card\" content=\"summary_large_image\" \/>\n<meta name=\"twitter:label1\" content=\"Escrito por\" \/>\n\t<meta name=\"twitter:data1\" content=\"Nicole Froio\" \/>\n\t<meta name=\"twitter:label2\" content=\"Est. tempo de leitura\" \/>\n\t<meta name=\"twitter:data2\" content=\"6 minutos\" \/>\n<script type=\"application\/ld+json\" class=\"yoast-schema-graph\">{\"@context\":\"https:\/\/schema.org\",\"@graph\":[{\"@type\":\"Article\",\"@id\":\"https:\/\/rioonwatch.org.br\/?p=13012#article\",\"isPartOf\":{\"@id\":\"https:\/\/rioonwatch.org.br\/?p=13012\"},\"author\":{\"name\":\"Nicole Froio\",\"@id\":\"https:\/\/rioonwatch.org.br\/#\/schema\/person\/e07d559fe2154d11fd3ec515e35695ee\"},\"headline\":\"Ocupa\u00e7\u00e3o Manoel Congo Comemora Rara Vit\u00f3ria no Seu 7o Anivers\u00e1rio\",\"datePublished\":\"2014-11-27T16:59:00+00:00\",\"dateModified\":\"2017-12-13T03:58:37+00:00\",\"mainEntityOfPage\":{\"@id\":\"https:\/\/rioonwatch.org.br\/?p=13012\"},\"wordCount\":1160,\"publisher\":{\"@id\":\"https:\/\/rioonwatch.org.br\/#organization\"},\"image\":{\"@id\":\"https:\/\/rioonwatch.org.br\/?p=13012#primaryimage\"},\"thumbnailUrl\":\"https:\/\/rioonwatch.org.br\/wp-content\/uploads\/2014\/11\/mancong11.jpg\",\"keywords\":[\"Centro\",\"Cinel\u00e2ndia\",\"Direito \u00e0 Moradia\",\"gentrifica\u00e7\u00e3o\",\"Manoel Congo\",\"M\u00eas da Consci\u00eancia Negra\",\"MNLM\",\"moradia\",\"Ocupa\u00e7\u00e3o\",\"organiza\u00e7\u00e3o comunit\u00e1ria\",\"resist\u00eancia\",\"solu\u00e7\u00e3o\"],\"articleSection\":[\"#OlhoNaGentrifica\u00e7\u00e3o\"],\"inLanguage\":\"pt-BR\"},{\"@type\":\"WebPage\",\"@id\":\"https:\/\/rioonwatch.org.br\/?p=13012\",\"url\":\"https:\/\/rioonwatch.org.br\/?p=13012\",\"name\":\"Ocupa\u00e7\u00e3o Manoel Congo Comemora Rara Vit\u00f3ria no Seu 7o Anivers\u00e1rio - RioOnWatch\",\"isPartOf\":{\"@id\":\"https:\/\/rioonwatch.org.br\/#website\"},\"primaryImageOfPage\":{\"@id\":\"https:\/\/rioonwatch.org.br\/?p=13012#primaryimage\"},\"image\":{\"@id\":\"https:\/\/rioonwatch.org.br\/?p=13012#primaryimage\"},\"thumbnailUrl\":\"https:\/\/rioonwatch.org.br\/wp-content\/uploads\/2014\/11\/mancong11.jpg\",\"datePublished\":\"2014-11-27T16:59:00+00:00\",\"dateModified\":\"2017-12-13T03:58:37+00:00\",\"breadcrumb\":{\"@id\":\"https:\/\/rioonwatch.org.br\/?p=13012#breadcrumb\"},\"inLanguage\":\"pt-BR\",\"potentialAction\":[{\"@type\":\"ReadAction\",\"target\":[\"https:\/\/rioonwatch.org.br\/?p=13012\"]}]},{\"@type\":\"ImageObject\",\"inLanguage\":\"pt-BR\",\"@id\":\"https:\/\/rioonwatch.org.br\/?p=13012#primaryimage\",\"url\":\"https:\/\/rioonwatch.org.br\/wp-content\/uploads\/2014\/11\/mancong11.jpg\",\"contentUrl\":\"https:\/\/rioonwatch.org.br\/wp-content\/uploads\/2014\/11\/mancong11.jpg\",\"width\":999,\"height\":628},{\"@type\":\"BreadcrumbList\",\"@id\":\"https:\/\/rioonwatch.org.br\/?p=13012#breadcrumb\",\"itemListElement\":[{\"@type\":\"ListItem\",\"position\":1,\"name\":\"In\u00edcio\",\"item\":\"https:\/\/rioonwatch.org.br\/\"},{\"@type\":\"ListItem\",\"position\":2,\"name\":\"Ocupa\u00e7\u00e3o Manoel Congo Comemora Rara Vit\u00f3ria no Seu 7o Anivers\u00e1rio\"}]},{\"@type\":\"WebSite\",\"@id\":\"https:\/\/rioonwatch.org.br\/#website\",\"url\":\"https:\/\/rioonwatch.org.br\/\",\"name\":\"RioOnWatch\",\"description\":\"relatos das favelas cariocas\",\"publisher\":{\"@id\":\"https:\/\/rioonwatch.org.br\/#organization\"},\"potentialAction\":[{\"@type\":\"SearchAction\",\"target\":{\"@type\":\"EntryPoint\",\"urlTemplate\":\"https:\/\/rioonwatch.org.br\/?s={search_term_string}\"},\"query-input\":{\"@type\":\"PropertyValueSpecification\",\"valueRequired\":true,\"valueName\":\"search_term_string\"}}],\"inLanguage\":\"pt-BR\"},{\"@type\":\"Organization\",\"@id\":\"https:\/\/rioonwatch.org.br\/#organization\",\"name\":\"RioOnWatch\",\"url\":\"https:\/\/rioonwatch.org.br\/\",\"logo\":{\"@type\":\"ImageObject\",\"inLanguage\":\"pt-BR\",\"@id\":\"https:\/\/rioonwatch.org.br\/#\/schema\/logo\/image\/\",\"url\":\"https:\/\/rioonwatch.org.br\/wp-content\/uploads\/2021\/06\/RioOnWatchcabecalhoPT11anos-2.png\",\"contentUrl\":\"https:\/\/rioonwatch.org.br\/wp-content\/uploads\/2021\/06\/RioOnWatchcabecalhoPT11anos-2.png\",\"width\":779,\"height\":277,\"caption\":\"RioOnWatch\"},\"image\":{\"@id\":\"https:\/\/rioonwatch.org.br\/#\/schema\/logo\/image\/\"}},{\"@type\":\"Person\",\"@id\":\"https:\/\/rioonwatch.org.br\/#\/schema\/person\/e07d559fe2154d11fd3ec515e35695ee\",\"name\":\"Nicole Froio\",\"image\":{\"@type\":\"ImageObject\",\"inLanguage\":\"pt-BR\",\"@id\":\"https:\/\/rioonwatch.org.br\/#\/schema\/person\/image\/\",\"url\":\"https:\/\/secure.gravatar.com\/avatar\/0acdbd6878ca0ac29aa5ce6c6119d636?s=96&d=blank&r=g\",\"contentUrl\":\"https:\/\/secure.gravatar.com\/avatar\/0acdbd6878ca0ac29aa5ce6c6119d636?s=96&d=blank&r=g\",\"caption\":\"Nicole Froio\"},\"url\":\"https:\/\/rioonwatch.org.br\/?author=137\"}]}<\/script>\n<!-- \/ Yoast SEO plugin. -->","yoast_head_json":{"title":"Ocupa\u00e7\u00e3o Manoel Congo Comemora Rara Vit\u00f3ria no Seu 7o Anivers\u00e1rio - RioOnWatch","robots":{"index":"index","follow":"follow","max-snippet":"max-snippet:-1","max-image-preview":"max-image-preview:large","max-video-preview":"max-video-preview:-1"},"canonical":"https:\/\/rioonwatch.org.br\/?p=13012","og_locale":"pt_BR","og_type":"article","og_title":"Ocupa\u00e7\u00e3o Manoel Congo Comemora Rara Vit\u00f3ria no Seu 7o Anivers\u00e1rio - RioOnWatch","og_description":"Click Here for English Ativistas, estudantes e membros da comunidade se uniram no domingo, 2 de novembro, na Rua Alcindo Guanabara, na Cinel\u00e2ndia, Centro do Rio, para comemorar o s\u00e9timo anivers\u00e1rio da Ocupa\u00e7\u00e3o Manuel Congo. [...]","og_url":"https:\/\/rioonwatch.org.br\/?p=13012","og_site_name":"RioOnWatch","article_published_time":"2014-11-27T16:59:00+00:00","article_modified_time":"2017-12-13T03:58:37+00:00","og_image":[{"width":999,"height":628,"url":"https:\/\/rioonwatch.org.br\/wp-content\/uploads\/2014\/11\/mancong11.jpg","type":"image\/jpeg"}],"author":"Nicole Froio","twitter_card":"summary_large_image","twitter_misc":{"Escrito por":"Nicole Froio","Est. tempo de leitura":"6 minutos"},"schema":{"@context":"https:\/\/schema.org","@graph":[{"@type":"Article","@id":"https:\/\/rioonwatch.org.br\/?p=13012#article","isPartOf":{"@id":"https:\/\/rioonwatch.org.br\/?p=13012"},"author":{"name":"Nicole Froio","@id":"https:\/\/rioonwatch.org.br\/#\/schema\/person\/e07d559fe2154d11fd3ec515e35695ee"},"headline":"Ocupa\u00e7\u00e3o Manoel Congo Comemora Rara Vit\u00f3ria no Seu 7o Anivers\u00e1rio","datePublished":"2014-11-27T16:59:00+00:00","dateModified":"2017-12-13T03:58:37+00:00","mainEntityOfPage":{"@id":"https:\/\/rioonwatch.org.br\/?p=13012"},"wordCount":1160,"publisher":{"@id":"https:\/\/rioonwatch.org.br\/#organization"},"image":{"@id":"https:\/\/rioonwatch.org.br\/?p=13012#primaryimage"},"thumbnailUrl":"https:\/\/rioonwatch.org.br\/wp-content\/uploads\/2014\/11\/mancong11.jpg","keywords":["Centro","Cinel\u00e2ndia","Direito \u00e0 Moradia","gentrifica\u00e7\u00e3o","Manoel Congo","M\u00eas da Consci\u00eancia Negra","MNLM","moradia","Ocupa\u00e7\u00e3o","organiza\u00e7\u00e3o comunit\u00e1ria","resist\u00eancia","solu\u00e7\u00e3o"],"articleSection":["#OlhoNaGentrifica\u00e7\u00e3o"],"inLanguage":"pt-BR"},{"@type":"WebPage","@id":"https:\/\/rioonwatch.org.br\/?p=13012","url":"https:\/\/rioonwatch.org.br\/?p=13012","name":"Ocupa\u00e7\u00e3o Manoel Congo Comemora Rara Vit\u00f3ria no Seu 7o Anivers\u00e1rio - RioOnWatch","isPartOf":{"@id":"https:\/\/rioonwatch.org.br\/#website"},"primaryImageOfPage":{"@id":"https:\/\/rioonwatch.org.br\/?p=13012#primaryimage"},"image":{"@id":"https:\/\/rioonwatch.org.br\/?p=13012#primaryimage"},"thumbnailUrl":"https:\/\/rioonwatch.org.br\/wp-content\/uploads\/2014\/11\/mancong11.jpg","datePublished":"2014-11-27T16:59:00+00:00","dateModified":"2017-12-13T03:58:37+00:00","breadcrumb":{"@id":"https:\/\/rioonwatch.org.br\/?p=13012#breadcrumb"},"inLanguage":"pt-BR","potentialAction":[{"@type":"ReadAction","target":["https:\/\/rioonwatch.org.br\/?p=13012"]}]},{"@type":"ImageObject","inLanguage":"pt-BR","@id":"https:\/\/rioonwatch.org.br\/?p=13012#primaryimage","url":"https:\/\/rioonwatch.org.br\/wp-content\/uploads\/2014\/11\/mancong11.jpg","contentUrl":"https:\/\/rioonwatch.org.br\/wp-content\/uploads\/2014\/11\/mancong11.jpg","width":999,"height":628},{"@type":"BreadcrumbList","@id":"https:\/\/rioonwatch.org.br\/?p=13012#breadcrumb","itemListElement":[{"@type":"ListItem","position":1,"name":"In\u00edcio","item":"https:\/\/rioonwatch.org.br\/"},{"@type":"ListItem","position":2,"name":"Ocupa\u00e7\u00e3o Manoel Congo Comemora Rara Vit\u00f3ria no Seu 7o Anivers\u00e1rio"}]},{"@type":"WebSite","@id":"https:\/\/rioonwatch.org.br\/#website","url":"https:\/\/rioonwatch.org.br\/","name":"RioOnWatch","description":"relatos das favelas cariocas","publisher":{"@id":"https:\/\/rioonwatch.org.br\/#organization"},"potentialAction":[{"@type":"SearchAction","target":{"@type":"EntryPoint","urlTemplate":"https:\/\/rioonwatch.org.br\/?s={search_term_string}"},"query-input":{"@type":"PropertyValueSpecification","valueRequired":true,"valueName":"search_term_string"}}],"inLanguage":"pt-BR"},{"@type":"Organization","@id":"https:\/\/rioonwatch.org.br\/#organization","name":"RioOnWatch","url":"https:\/\/rioonwatch.org.br\/","logo":{"@type":"ImageObject","inLanguage":"pt-BR","@id":"https:\/\/rioonwatch.org.br\/#\/schema\/logo\/image\/","url":"https:\/\/rioonwatch.org.br\/wp-content\/uploads\/2021\/06\/RioOnWatchcabecalhoPT11anos-2.png","contentUrl":"https:\/\/rioonwatch.org.br\/wp-content\/uploads\/2021\/06\/RioOnWatchcabecalhoPT11anos-2.png","width":779,"height":277,"caption":"RioOnWatch"},"image":{"@id":"https:\/\/rioonwatch.org.br\/#\/schema\/logo\/image\/"}},{"@type":"Person","@id":"https:\/\/rioonwatch.org.br\/#\/schema\/person\/e07d559fe2154d11fd3ec515e35695ee","name":"Nicole Froio","image":{"@type":"ImageObject","inLanguage":"pt-BR","@id":"https:\/\/rioonwatch.org.br\/#\/schema\/person\/image\/","url":"https:\/\/secure.gravatar.com\/avatar\/0acdbd6878ca0ac29aa5ce6c6119d636?s=96&d=blank&r=g","contentUrl":"https:\/\/secure.gravatar.com\/avatar\/0acdbd6878ca0ac29aa5ce6c6119d636?s=96&d=blank&r=g","caption":"Nicole Froio"},"url":"https:\/\/rioonwatch.org.br\/?author=137"}]}},"_links":{"self":[{"href":"https:\/\/rioonwatch.org.br\/index.php?rest_route=\/wp\/v2\/posts\/13012"}],"collection":[{"href":"https:\/\/rioonwatch.org.br\/index.php?rest_route=\/wp\/v2\/posts"}],"about":[{"href":"https:\/\/rioonwatch.org.br\/index.php?rest_route=\/wp\/v2\/types\/post"}],"author":[{"embeddable":true,"href":"https:\/\/rioonwatch.org.br\/index.php?rest_route=\/wp\/v2\/users\/137"}],"replies":[{"embeddable":true,"href":"https:\/\/rioonwatch.org.br\/index.php?rest_route=%2Fwp%2Fv2%2Fcomments&post=13012"}],"version-history":[{"count":13,"href":"https:\/\/rioonwatch.org.br\/index.php?rest_route=\/wp\/v2\/posts\/13012\/revisions"}],"predecessor-version":[{"id":30087,"href":"https:\/\/rioonwatch.org.br\/index.php?rest_route=\/wp\/v2\/posts\/13012\/revisions\/30087"}],"wp:featuredmedia":[{"embeddable":true,"href":"https:\/\/rioonwatch.org.br\/index.php?rest_route=\/wp\/v2\/media\/13013"}],"wp:attachment":[{"href":"https:\/\/rioonwatch.org.br\/index.php?rest_route=%2Fwp%2Fv2%2Fmedia&parent=13012"}],"wp:term":[{"taxonomy":"category","embeddable":true,"href":"https:\/\/rioonwatch.org.br\/index.php?rest_route=%2Fwp%2Fv2%2Fcategories&post=13012"},{"taxonomy":"post_tag","embeddable":true,"href":"https:\/\/rioonwatch.org.br\/index.php?rest_route=%2Fwp%2Fv2%2Ftags&post=13012"},{"taxonomy":"writer","embeddable":true,"href":"https:\/\/rioonwatch.org.br\/index.php?rest_route=%2Fwp%2Fv2%2Fwriter&post=13012"},{"taxonomy":"translator","embeddable":true,"href":"https:\/\/rioonwatch.org.br\/index.php?rest_route=%2Fwp%2Fv2%2Ftranslator&post=13012"},{"taxonomy":"source","embeddable":true,"href":"https:\/\/rioonwatch.org.br\/index.php?rest_route=%2Fwp%2Fv2%2Fsource&post=13012"},{"taxonomy":"ilustrador","embeddable":true,"href":"https:\/\/rioonwatch.org.br\/index.php?rest_route=%2Fwp%2Fv2%2Filustrador&post=13012"},{"taxonomy":"fotografo","embeddable":true,"href":"https:\/\/rioonwatch.org.br\/index.php?rest_route=%2Fwp%2Fv2%2Ffotografo&post=13012"}],"curies":[{"name":"wp","href":"https:\/\/api.w.org\/{rel}","templated":true}]}}