{"id":13037,"date":"2014-12-09T09:05:50","date_gmt":"2014-12-09T12:05:50","guid":{"rendered":"http:\/\/rioonwatch.org.br\/?p=13037"},"modified":"2017-12-13T00:57:58","modified_gmt":"2017-12-13T03:57:58","slug":"ocupacao-solano-trindade-comemora-sucessos-e-faz-fortes-criticas-ao-programa-de-habitacao-federal","status":"publish","type":"post","link":"https:\/\/rioonwatch.org.br\/?p=13037","title":{"rendered":"Ocupa\u00e7\u00e3o Solano Trindade Comemora Sucessos e Faz Fortes Cr\u00edticas ao Programa de Habita\u00e7\u00e3o Federal"},"content":{"rendered":"<p style=\"text-align: right;\"><em><strong><a href=\"http:\/\/bit.ly\/1AZxx1i\" target=\"_blank\" rel=\"noopener\">Click Here for English<img decoding=\"async\" width=\"20\" height=\"20\" class=\"alignright wp-image-15790\" src=\"http:\/\/rioonwatch.org.br\/wp-content\/uploads\/2012\/08\/EN-standard-e1439583104716.jpg\" alt=\"\" \/><\/a><\/strong><\/em><\/p>\n<p>Na sexta-feira, 20 de novembro, membros e apoiadores do <a href=\"http:\/\/bit.ly\/198ZCU1\" target=\"_blank\" rel=\"noopener\">Movimento Nacional de Luta pela Moradia (MNLM)<\/a> se uniram para comemorar as primeiras conquistas da ocupa\u00e7\u00e3o Solano Trindade, no bairro de <a href=\"http:\/\/bit.ly\/1xSlxft\" target=\"_blank\" rel=\"noopener\">Duque de Caxias<\/a>, na <a href=\"http:\/\/bit.ly\/NjmYR6\" target=\"_blank\" rel=\"noopener\">Baixada Fluminense<\/a>, e tamb\u00e9m para discutir novas estrat\u00e9gias para o avan\u00e7o da ocupa\u00e7\u00e3o e melhorias das condi\u00e7\u00f5es de habita\u00e7\u00e3o para as fam\u00edlias residentes no local.<\/p>\n<p>O evento, descrito como um \u201csarau divergente\u201d, aconteceu em uma data de simb\u00f3lica import\u00e2ncia: o <a href=\"http:\/\/bit.ly\/HQ9VTK\" target=\"_blank\" rel=\"noopener\">dia nacional da Consci\u00eancia Negra<\/a>. Desde seu in\u00edcio, o MNLM aproximou sua luta por moradia com a mobiliza\u00e7\u00e3o mais ampla pela justi\u00e7a racial, mobilizando-se n\u00e3o s\u00f3 no estado do Rio de Janeiro, mas no Brasil como um todo. Suas ocupa\u00e7\u00f5es Solano Trindade e <a href=\"http:\/\/bit.ly\/1pjYKHH\" target=\"_blank\" rel=\"noopener\">Manuel Congo<\/a> no Rio foram batizadas\u00a0em homenagem \u00e0 ilustres negros brasileiros conhecidos pela sua contribui\u00e7\u00e3o na luta pela justi\u00e7a racial na hist\u00f3ria do pa\u00eds.<\/p>\n<p>Fam\u00edlias e ativistas do MNLM ocuparam a propriedade que hoje abriga a Solano Trindade em 8 de agosto. O solo e os pr\u00e9dios, <a href=\"http:\/\/bit.ly\/1CiahgK\" target=\"_blank\" rel=\"noopener\">que s\u00e3o administrados<\/a> pela Superintend\u00eancia de Patrim\u00f4nio da Uni\u00e3o (SPU) que abrigavam os laborat\u00f3rios do Centro Panamericano de Febre Aftosa, foram abandonados e ficaram sem utiliza\u00e7\u00e3o por doze anos, at\u00e9 que o movimento o ocupou.<\/p>\n<p><a href=\"http:\/\/rioonwatch.org.br\/wp-content\/uploads\/2014\/12\/DSC_0313.jpg\"><img fetchpriority=\"high\" decoding=\"async\" class=\"aligncenter wp-image-13042\" title=\"Ocupa\u00e7\u00e3o Solano Trindade\" src=\"http:\/\/rioonwatch.org.br\/wp-content\/uploads\/2014\/12\/DSC_0313.jpg\" alt=\"\" width=\"620\" height=\"414\" srcset=\"https:\/\/rioonwatch.org.br\/wp-content\/uploads\/2014\/12\/DSC_0313.jpg 4269w, https:\/\/rioonwatch.org.br\/wp-content\/uploads\/2014\/12\/DSC_0313-396x264.jpg 396w, https:\/\/rioonwatch.org.br\/wp-content\/uploads\/2014\/12\/DSC_0313-620x414.jpg 620w, https:\/\/rioonwatch.org.br\/wp-content\/uploads\/2014\/12\/DSC_0313-1024x683.jpg 1024w\" sizes=\"(max-width: 620px) 100vw, 620px\" \/><\/a><\/p>\n<p>Edivaldo, um dos novos moradores\u00a0no local ocupado, declara que a Solano Trindade estava \u201ccompletando quatro meses de <a href=\"http:\/\/bit.ly\/1piRAgk\" target=\"_blank\" rel=\"noopener\">resist\u00eancia<\/a>\u201d ap\u00f3s ter superado\u00a0s\u00e9rios confrontos com a pol\u00edcia e as autoridades locais, permanecendo firme de forma a garantir a \u201c<a href=\"http:\/\/bit.ly\/1vLZRB6\" target=\"_blank\" rel=\"noopener\">fun\u00e7\u00e3o social da propriedade<\/a>, conforme est\u00e1 declarado no artigo 182 da Constitui\u00e7\u00e3o Federal\u201d.<\/p>\n<p>O MNLM procurou negociar com importantes institui\u00e7\u00f5es governamentais desde o in\u00edcio da ocupa\u00e7\u00e3o, de modo a legitimar o uso do local abandonado para moradia popular. Representantes do movimento se reuniram com a SPU e com o Instituto Nacional de Coloniza\u00e7\u00e3o e Reforma Agr\u00e1ria (INCRA) e estavam em processo de estabelecer um acordo quando os ocupantes foram removidos pela Pol\u00edcia Militar em 21 de agosto.<\/p>\n<p>Por fim, as fam\u00edlias removidas retornaram \u00e0 ocupa\u00e7\u00e3o e desde ent\u00e3o regularizaram sua situa\u00e7\u00e3o atrav\u00e9s de negocia\u00e7\u00f5es com a SPU e o INCRA, mas n\u00e3o sem sofrerem invas\u00f5es da for\u00e7a policial com o objetivo de\u00a0<a href=\"http:\/\/bit.ly\/1CxOPUV\" target=\"_blank\" rel=\"noopener\">intimidar<\/a> os moradores.<\/p>\n<p>\u201cN\u00f3s j\u00e1 conquistamos a terra, mas a batalha est\u00e1 apenas come\u00e7ando\u201d, com essas palavras, Gerson Almeida\u2013o principal representante do MNLM no Rio de Janeiro\u2013iniciou a apresenta\u00e7\u00e3o que constituiu a parte mais importante da programa\u00e7\u00e3o do encontro. Ele ent\u00e3o falou sobre\u00a0a necessidade de reestruturar o espa\u00e7o da ocupa\u00e7\u00e3o, de forma a fomentar \u201cespa\u00e7os multi-uso\u201d que consigam suprir a necessidade de locais de trabalho, moradia e educa\u00e7\u00e3o da comunidade.<\/p>\n<p><a href=\"http:\/\/rioonwatch.org.br\/wp-content\/uploads\/2014\/12\/rsz_dsc_0339.jpg\"><img decoding=\"async\" class=\"aligncenter wp-image-13043\" title=\"Apresenta\u00e7\u00e3o sobre o planejamento da ocupa\u00e7\u00e3o.\" src=\"http:\/\/rioonwatch.org.br\/wp-content\/uploads\/2014\/12\/rsz_dsc_0339.jpg\" alt=\"\" width=\"620\" height=\"414\" srcset=\"https:\/\/rioonwatch.org.br\/wp-content\/uploads\/2014\/12\/rsz_dsc_0339.jpg 2248w, https:\/\/rioonwatch.org.br\/wp-content\/uploads\/2014\/12\/rsz_dsc_0339-396x264.jpg 396w, https:\/\/rioonwatch.org.br\/wp-content\/uploads\/2014\/12\/rsz_dsc_0339-620x414.jpg 620w, https:\/\/rioonwatch.org.br\/wp-content\/uploads\/2014\/12\/rsz_dsc_0339-1024x683.jpg 1024w\" sizes=\"(max-width: 620px) 100vw, 620px\" \/><\/a><\/p>\n<p>O sarau teve tamb\u00e9m uma apresenta\u00e7\u00e3o liderada por dois estudantes de arquitetura da Universidade Federal Fluminense (UFF) sobre poss\u00edveis formas de construir novas casas no local e aprimorar antigas estruturas, maximizando o espa\u00e7o de conv\u00edvio.<\/p>\n<p>Os estudantes,\u00a0que escolheram trabalhar com a ocupa\u00e7\u00e3o Solano Trindade como projeto final da universidade, apresentaram uma detalhada an\u00e1lise das poss\u00edveis estrat\u00e9gias de revitaliza\u00e7\u00e3o para os pr\u00e9dios deteriorados no interior da propriedade ocupada, utilizando tecnologia e materiais feitos no Brasil e usualmente utilizados em constru\u00e7\u00f5es de alojamentos ap\u00f3s desastres naturais.<\/p>\n<p>Ap\u00f3s a apresenta\u00e7\u00e3o dos estudantes, Almeida examinou a extens\u00e3o da dificuldade de receber financiamento federal e conseguir preservar o sentido de independ\u00eancia da constru\u00e7\u00e3o da comunidade. O representante do MNLM criticou especialmente as especifica\u00e7\u00f5es da Caixa Econ\u00f4mica Federal para apoio \u00e0 moradia popular, que ditam que os projetos como a Solano Trindade devem seguir especifica\u00e7\u00f5es de iniciativas federais sobre moradia para que sejam financiadas pelo programa do governo <a href=\"http:\/\/bit.ly\/Y4U9oJ\" target=\"_blank\" rel=\"noopener\">Minha Casa Minha Vida (MCMV)<\/a>.<\/p>\n<p>De acordo com Almeida, o MCMV cont\u00e9m uma s\u00e9rie de estipula\u00e7\u00f5es que imp\u00f5em condi\u00e7\u00f5es ao aux\u00edlio que d\u00e1 aos cidad\u00e3os com necessidade de moradia. Detalhes como os materiais utilizados na constru\u00e7\u00e3o, as dimens\u00f5es das novas estruturas do pr\u00e9dio, al\u00e9m das companhias e t\u00e9cnicos que dever\u00e3o ser consultados durante o processo, seriam\u00a0decididos sem a <a href=\"http:\/\/bit.ly\/14P8gmB\" target=\"_blank\" rel=\"noopener\">participa\u00e7\u00e3o<\/a> da comunidade se a Solano Trindade escolhesse aceitar os termos da Caixa Econ\u00f4mica Federal.<\/p>\n<p><a href=\"http:\/\/rioonwatch.org.br\/wp-content\/uploads\/2014\/12\/rsz_dsc_0317-11.jpg\"><img loading=\"lazy\" decoding=\"async\" class=\"aligncenter wp-image-13044\" title=\"Ocupa\u00e7\u00e3o Solano Trindade\" src=\"http:\/\/rioonwatch.org.br\/wp-content\/uploads\/2014\/12\/rsz_dsc_0317-11.jpg\" alt=\"rsz_dsc_0317 (1)\" width=\"620\" height=\"414\" srcset=\"https:\/\/rioonwatch.org.br\/wp-content\/uploads\/2014\/12\/rsz_dsc_0317-11.jpg 2248w, https:\/\/rioonwatch.org.br\/wp-content\/uploads\/2014\/12\/rsz_dsc_0317-11-396x264.jpg 396w, https:\/\/rioonwatch.org.br\/wp-content\/uploads\/2014\/12\/rsz_dsc_0317-11-620x414.jpg 620w, https:\/\/rioonwatch.org.br\/wp-content\/uploads\/2014\/12\/rsz_dsc_0317-11-1024x683.jpg 1024w\" sizes=\"(max-width: 620px) 100vw, 620px\" \/><\/a><\/p>\n<p>O MNLM atua em conson\u00e2ncia com os desejos e necessidades da comunidade que representa, segundo Almeida, que afirma que \u201cn\u00e3o vamos fazer nada sem que a comunidade <a href=\"http:\/\/bit.ly\/14P8gmB\" target=\"_blank\" rel=\"noopener\">fa\u00e7a parte<\/a> do processo de planejamento\u201d. A ocupa\u00e7\u00e3o do MNLM busca criar um padr\u00e3o de conviv\u00eancia em comunidade, contrastando diretamente com o que percebem como um <a href=\"http:\/\/bit.ly\/1pgsdwY\" target=\"_blank\" rel=\"noopener\">efeito de isolamento decorrente da verticaliza\u00e7\u00e3o dos empreendimentos imobili\u00e1rios do Minha Casa Minha Vida<\/a>. Todas as fam\u00edlias contribuem com o dinheiro para a comida, que costuma ser consumida em uma cozinha coletiva, onde os volunt\u00e1rios se revezam para cozinhar as refei\u00e7\u00f5es quatro vezes por dia.\u00a0Outros custos tamb\u00e9m s\u00e3o divididos entre as fam\u00edlias, bem como a responsabilidade de cuidar e limpar o local e zelar por sua seguran\u00e7a.<\/p>\n<p>No caso espec\u00edfico da ocupa\u00e7\u00e3o Solano Trindade, muitas das imposi\u00e7\u00f5es do governo federal n\u00e3o s\u00f3 apresentam s\u00e9rias dificuldades para o modelo de participa\u00e7\u00e3o operacional do MNLM, mas tamb\u00e9m excluem diversas fam\u00edlias do benef\u00edcio.<\/p>\n<p>\u201cO valor de corte para os benef\u00edcios de moradia \u00e9 um sal\u00e1rio de 1.600 reais\u201d, disse Almeida. \u201cO que significa que pessoas envolvidas com esta ocupa\u00e7\u00e3o desde o in\u00edcio, e que agora ganham um pouco mais, n\u00e3o seriam liberadas para morar na Solano Trindade\u201d.<\/p>\n<p>As preocupa\u00e7\u00f5es financeiras tamb\u00e9m decorrem do financiamento da obra em si. Durante a apresenta\u00e7\u00e3o, os estudantes da UFRJ disseram que o custo m\u00e9dio de uma unidade habitacional padr\u00e3o do Minha Casa Minha Vida custa R$76.000, enquanto as novas unidades constru\u00eddas com os materiais e t\u00e9cnicas apresentadas por eles custariam em torno de R$40.000.<\/p>\n<p>\u201cO Minha Casa Minha Vida n\u00e3o propicia incentivos para inova\u00e7\u00e3o t\u00e9cnica\u201d, disse Ricelli Laplace, um dos dois estudantes que trabalharam no estudo de caso da Solano Trindade. \u201cEle monopoliza a constru\u00e7\u00e3o de habita\u00e7\u00f5es populares e n\u00e3o permite novas ideias\u201d.<\/p>\n<p>Estas complica\u00e7\u00f5es demonstram o tamanho da luta que a ocupa\u00e7\u00e3o ainda tem pela frente. O pr\u00f3ximo passo para os l\u00edderes do MNLM no Rio \u00e9 fazer um lobby visando adequar os termos do programa \u00e0 ocupa\u00e7\u00e3o de Caxias ou encontrar formas alternativas de financiamento. De qualquer forma, as limita\u00e7\u00f5es financeiras s\u00e3o apenas alguns impedimentos em uma s\u00e9rie de maiores obst\u00e1culos inter-relacionados.<\/p>\n<p>A Solano Trindade tem atualmente capacidade para abrigar dez fam\u00edlias, entretanto, entre 30 e 50 fam\u00edlias aparecem para as reuni\u00f5es de planejamento realizadas no local da ocupa\u00e7\u00e3o a cada 15 dias. Estas s\u00e3o apenas algumas fam\u00edlias que o MNLM mant\u00e9m em uma lista de espera para morarem em suas ocupa\u00e7\u00f5es. Enquanto esperam por um local, recebem orienta\u00e7\u00f5es sobre seu direito \u00e0 moradia e sobre o modelo de viv\u00eancia coletiva do movimento. Infelizmente, a escassez de vagas dispon\u00edveis nos locais ocupados significa que eles devem priorizar aqueles que mais necessitam.<\/p>\n<p><a href=\"http:\/\/rioonwatch.org.br\/wp-content\/uploads\/2014\/12\/rsz_dsc_0323.jpg\"><img loading=\"lazy\" decoding=\"async\" class=\"aligncenter wp-image-13045\" title=\"Ocupa\u00e7\u00e3o Solano Trindade\" src=\"http:\/\/rioonwatch.org.br\/wp-content\/uploads\/2014\/12\/rsz_dsc_0323.jpg\" alt=\"rsz_dsc_0323\" width=\"620\" height=\"414\" srcset=\"https:\/\/rioonwatch.org.br\/wp-content\/uploads\/2014\/12\/rsz_dsc_0323.jpg 2248w, https:\/\/rioonwatch.org.br\/wp-content\/uploads\/2014\/12\/rsz_dsc_0323-396x264.jpg 396w, https:\/\/rioonwatch.org.br\/wp-content\/uploads\/2014\/12\/rsz_dsc_0323-620x414.jpg 620w, https:\/\/rioonwatch.org.br\/wp-content\/uploads\/2014\/12\/rsz_dsc_0323-1024x683.jpg 1024w\" sizes=\"(max-width: 620px) 100vw, 620px\" \/><\/a><\/p>\n<p>\u201cSe n\u00f3s coloc\u00e1ssemos um aviso dizendo \u2018Moradia Gratuita\u2019 do lado de fora da Solano Trindade, n\u00f3s ter\u00edamos 3.000 fam\u00edlias em uma fila no dia seguinte&#8221;, disse Almeida, discutindo sobre a necessidade de o movimento destinar cuidadosamente seu espa\u00e7o dispon\u00edvel.<\/p>\n<p>Apesar da luta cont\u00ednua para manter e avan\u00e7ar na ocupa\u00e7\u00e3o, os moradores tiveram a oportunidade de comemorar suas conquistas ap\u00f3s a apresenta\u00e7\u00e3o. Conforme a noite ca\u00eda em Duque de Caxias, luzes se acenderam na varanda do pr\u00e9dio principal da Solano Trindade e caixas de som profissionais come\u00e7aram a tocar m\u00fasicas animadas em alt\u00edssimo volume para os moradores enquanto outros pintavam um mural com o s\u00edmbolo do MNLM ao fundo. Mais tarde, crian\u00e7as corriam em torno do terreno enquanto alguns dos moradores mais antigos liam poesias para uma plateia de moradores e convidados.<\/p>\n<p>Durante todo o evento de comemora\u00e7\u00e3o da ocupa\u00e7\u00e3o, bem como do Dia da Consci\u00eancia Negra, muitas pessoas presentes ecoaram a fala de encerramento de Almeida: \u201cVai ser uma longa luta, mas que n\u00e3o foi e n\u00e3o ser\u00e1 em v\u00e3o\u201d.<\/p>\n<!-- AddThis Advanced Settings generic via filter on the_content --><!-- AddThis Share Buttons generic via filter on the_content -->","protected":false},"excerpt":{"rendered":"<div class=\"mh-excerpt\"><p>Click Here for English Na sexta-feira, 20 de novembro, membros e apoiadores do Movimento Nacional de Luta pela Moradia (MNLM) se uniram para comemorar as primeiras conquistas da ocupa\u00e7\u00e3o Solano Trindade, no bairro de Duque <a class=\"mh-excerpt-more\" href=\"https:\/\/rioonwatch.org.br\/?p=13037\" title=\"Ocupa\u00e7\u00e3o Solano Trindade Comemora Sucessos e Faz Fortes Cr\u00edticas ao Programa de Habita\u00e7\u00e3o Federal\">[&#8230;]<\/a><!-- AddThis Advanced Settings generic via filter on get_the_excerpt --><!-- AddThis Share Buttons generic via filter on get_the_excerpt --><\/p>\n<\/div>","protected":false},"author":137,"featured_media":13038,"comment_status":"closed","ping_status":"closed","sticky":false,"template":"","format":"standard","meta":{"_acf_changed":false,"_monsterinsights_skip_tracking":false,"_monsterinsights_sitenote_active":false,"_monsterinsights_sitenote_note":"","_monsterinsights_sitenote_category":0,"footnotes":""},"categories":[342],"tags":[1104,959,1386,424,1091,909,994,527,1024,915,246,988,780,1037,276,407,358,993,432,476],"writer":[1301],"translator":[2032],"source":[],"ilustrador":[],"fotografo":[],"class_list":{"0":"post-13037","1":"post","2":"type-post","3":"status-publish","4":"format-standard","5":"has-post-thumbnail","7":"category-solucoes","8":"tag-arquitetura-organica","9":"tag-baixada-fluminense","10":"tag-critica-a-politica","11":"tag-direito-a-moradia","12":"tag-duque-de-caxias","13":"tag-habitacao-acessivel","14":"tag-habitacao-publica","15":"tag-inovacao","16":"tag-intimidacao-policial","17":"tag-mes-da-consciencia-negra","18":"tag-minha-casa-minha-vida","19":"tag-minha-casa-minha-vida-entidades","20":"tag-mnlm","21":"tag-moradia","22":"tag-mutirao","23":"tag-ocupacao","24":"tag-organizacao-comunitaria","25":"tag-programa-habitacional","26":"tag-resistencia","27":"tag-solucao-comunitaria","28":"writer-francis-torres","29":"translator-bruno-ferreira"},"acf":[],"yoast_head":"<!-- This site is optimized with the Yoast SEO plugin v25.6 - https:\/\/yoast.com\/wordpress\/plugins\/seo\/ -->\n<title>Ocupa\u00e7\u00e3o Solano Trindade Comemora Sucessos e Faz Fortes Cr\u00edticas ao Programa de Habita\u00e7\u00e3o Federal - RioOnWatch<\/title>\n<meta name=\"robots\" content=\"index, follow, max-snippet:-1, max-image-preview:large, max-video-preview:-1\" \/>\n<link rel=\"canonical\" href=\"https:\/\/rioonwatch.org.br\/?p=13037\" \/>\n<meta property=\"og:locale\" content=\"pt_BR\" \/>\n<meta property=\"og:type\" content=\"article\" \/>\n<meta property=\"og:title\" content=\"Ocupa\u00e7\u00e3o Solano Trindade Comemora Sucessos e Faz Fortes Cr\u00edticas ao Programa de Habita\u00e7\u00e3o Federal - RioOnWatch\" \/>\n<meta property=\"og:description\" content=\"Click Here for English Na sexta-feira, 20 de novembro, membros e apoiadores do Movimento Nacional de Luta pela Moradia (MNLM) se uniram para comemorar as primeiras conquistas da ocupa\u00e7\u00e3o Solano Trindade, no bairro de Duque [...]\" \/>\n<meta property=\"og:url\" content=\"https:\/\/rioonwatch.org.br\/?p=13037\" \/>\n<meta property=\"og:site_name\" content=\"RioOnWatch\" \/>\n<meta property=\"article:published_time\" content=\"2014-12-09T12:05:50+00:00\" \/>\n<meta property=\"article:modified_time\" content=\"2017-12-13T03:57:58+00:00\" \/>\n<meta property=\"og:image\" content=\"https:\/\/rioonwatch.org.br\/wp-content\/uploads\/2014\/12\/rsz_dsc_0317-1.jpg\" \/>\n\t<meta property=\"og:image:width\" content=\"2138\" \/>\n\t<meta property=\"og:image:height\" content=\"1499\" \/>\n\t<meta property=\"og:image:type\" content=\"image\/jpeg\" \/>\n<meta name=\"author\" content=\"Nicole Froio\" \/>\n<meta name=\"twitter:card\" content=\"summary_large_image\" \/>\n<meta name=\"twitter:label1\" content=\"Escrito por\" \/>\n\t<meta name=\"twitter:data1\" content=\"Nicole Froio\" \/>\n\t<meta name=\"twitter:label2\" content=\"Est. tempo de leitura\" \/>\n\t<meta name=\"twitter:data2\" content=\"7 minutos\" \/>\n<script type=\"application\/ld+json\" class=\"yoast-schema-graph\">{\"@context\":\"https:\/\/schema.org\",\"@graph\":[{\"@type\":\"Article\",\"@id\":\"https:\/\/rioonwatch.org.br\/?p=13037#article\",\"isPartOf\":{\"@id\":\"https:\/\/rioonwatch.org.br\/?p=13037\"},\"author\":{\"name\":\"Nicole Froio\",\"@id\":\"https:\/\/rioonwatch.org.br\/#\/schema\/person\/e07d559fe2154d11fd3ec515e35695ee\"},\"headline\":\"Ocupa\u00e7\u00e3o Solano Trindade Comemora Sucessos e Faz Fortes Cr\u00edticas ao Programa de Habita\u00e7\u00e3o Federal\",\"datePublished\":\"2014-12-09T12:05:50+00:00\",\"dateModified\":\"2017-12-13T03:57:58+00:00\",\"mainEntityOfPage\":{\"@id\":\"https:\/\/rioonwatch.org.br\/?p=13037\"},\"wordCount\":1446,\"publisher\":{\"@id\":\"https:\/\/rioonwatch.org.br\/#organization\"},\"image\":{\"@id\":\"https:\/\/rioonwatch.org.br\/?p=13037#primaryimage\"},\"thumbnailUrl\":\"https:\/\/rioonwatch.org.br\/wp-content\/uploads\/2014\/12\/rsz_dsc_0317-1.jpg\",\"keywords\":[\"arquitetura org\u00e2nica\",\"Baixada Fluminense\",\"cr\u00edtica \u00e0 pol\u00edtica\",\"Direito \u00e0 Moradia\",\"Duque de Caxias\",\"habita\u00e7\u00e3o acess\u00edvel\",\"habita\u00e7\u00e3o p\u00fablica\",\"inova\u00e7\u00e3o\",\"intimida\u00e7\u00e3o policial\",\"M\u00eas da Consci\u00eancia Negra\",\"Minha Casa Minha Vida\",\"Minha Casa Minha Vida-Entidades\",\"MNLM\",\"moradia\",\"mutir\u00e3o\",\"Ocupa\u00e7\u00e3o\",\"organiza\u00e7\u00e3o comunit\u00e1ria\",\"programa habitacional\",\"resist\u00eancia\",\"solu\u00e7\u00e3o comunit\u00e1ria\"],\"articleSection\":[\"Solu\u00e7\u00f5es\"],\"inLanguage\":\"pt-BR\"},{\"@type\":\"WebPage\",\"@id\":\"https:\/\/rioonwatch.org.br\/?p=13037\",\"url\":\"https:\/\/rioonwatch.org.br\/?p=13037\",\"name\":\"Ocupa\u00e7\u00e3o Solano Trindade Comemora Sucessos e Faz Fortes Cr\u00edticas ao Programa de Habita\u00e7\u00e3o Federal - RioOnWatch\",\"isPartOf\":{\"@id\":\"https:\/\/rioonwatch.org.br\/#website\"},\"primaryImageOfPage\":{\"@id\":\"https:\/\/rioonwatch.org.br\/?p=13037#primaryimage\"},\"image\":{\"@id\":\"https:\/\/rioonwatch.org.br\/?p=13037#primaryimage\"},\"thumbnailUrl\":\"https:\/\/rioonwatch.org.br\/wp-content\/uploads\/2014\/12\/rsz_dsc_0317-1.jpg\",\"datePublished\":\"2014-12-09T12:05:50+00:00\",\"dateModified\":\"2017-12-13T03:57:58+00:00\",\"breadcrumb\":{\"@id\":\"https:\/\/rioonwatch.org.br\/?p=13037#breadcrumb\"},\"inLanguage\":\"pt-BR\",\"potentialAction\":[{\"@type\":\"ReadAction\",\"target\":[\"https:\/\/rioonwatch.org.br\/?p=13037\"]}]},{\"@type\":\"ImageObject\",\"inLanguage\":\"pt-BR\",\"@id\":\"https:\/\/rioonwatch.org.br\/?p=13037#primaryimage\",\"url\":\"https:\/\/rioonwatch.org.br\/wp-content\/uploads\/2014\/12\/rsz_dsc_0317-1.jpg\",\"contentUrl\":\"https:\/\/rioonwatch.org.br\/wp-content\/uploads\/2014\/12\/rsz_dsc_0317-1.jpg\",\"width\":2138,\"height\":1499},{\"@type\":\"BreadcrumbList\",\"@id\":\"https:\/\/rioonwatch.org.br\/?p=13037#breadcrumb\",\"itemListElement\":[{\"@type\":\"ListItem\",\"position\":1,\"name\":\"In\u00edcio\",\"item\":\"https:\/\/rioonwatch.org.br\/\"},{\"@type\":\"ListItem\",\"position\":2,\"name\":\"Ocupa\u00e7\u00e3o Solano Trindade Comemora Sucessos e Faz Fortes Cr\u00edticas ao Programa de Habita\u00e7\u00e3o Federal\"}]},{\"@type\":\"WebSite\",\"@id\":\"https:\/\/rioonwatch.org.br\/#website\",\"url\":\"https:\/\/rioonwatch.org.br\/\",\"name\":\"RioOnWatch\",\"description\":\"relatos das favelas cariocas\",\"publisher\":{\"@id\":\"https:\/\/rioonwatch.org.br\/#organization\"},\"potentialAction\":[{\"@type\":\"SearchAction\",\"target\":{\"@type\":\"EntryPoint\",\"urlTemplate\":\"https:\/\/rioonwatch.org.br\/?s={search_term_string}\"},\"query-input\":{\"@type\":\"PropertyValueSpecification\",\"valueRequired\":true,\"valueName\":\"search_term_string\"}}],\"inLanguage\":\"pt-BR\"},{\"@type\":\"Organization\",\"@id\":\"https:\/\/rioonwatch.org.br\/#organization\",\"name\":\"RioOnWatch\",\"url\":\"https:\/\/rioonwatch.org.br\/\",\"logo\":{\"@type\":\"ImageObject\",\"inLanguage\":\"pt-BR\",\"@id\":\"https:\/\/rioonwatch.org.br\/#\/schema\/logo\/image\/\",\"url\":\"https:\/\/rioonwatch.org.br\/wp-content\/uploads\/2021\/06\/RioOnWatchcabecalhoPT11anos-2.png\",\"contentUrl\":\"https:\/\/rioonwatch.org.br\/wp-content\/uploads\/2021\/06\/RioOnWatchcabecalhoPT11anos-2.png\",\"width\":779,\"height\":277,\"caption\":\"RioOnWatch\"},\"image\":{\"@id\":\"https:\/\/rioonwatch.org.br\/#\/schema\/logo\/image\/\"}},{\"@type\":\"Person\",\"@id\":\"https:\/\/rioonwatch.org.br\/#\/schema\/person\/e07d559fe2154d11fd3ec515e35695ee\",\"name\":\"Nicole Froio\",\"image\":{\"@type\":\"ImageObject\",\"inLanguage\":\"pt-BR\",\"@id\":\"https:\/\/rioonwatch.org.br\/#\/schema\/person\/image\/\",\"url\":\"https:\/\/secure.gravatar.com\/avatar\/0acdbd6878ca0ac29aa5ce6c6119d636?s=96&d=blank&r=g\",\"contentUrl\":\"https:\/\/secure.gravatar.com\/avatar\/0acdbd6878ca0ac29aa5ce6c6119d636?s=96&d=blank&r=g\",\"caption\":\"Nicole Froio\"},\"url\":\"https:\/\/rioonwatch.org.br\/?author=137\"}]}<\/script>\n<!-- \/ Yoast SEO plugin. -->","yoast_head_json":{"title":"Ocupa\u00e7\u00e3o Solano Trindade Comemora Sucessos e Faz Fortes Cr\u00edticas ao Programa de Habita\u00e7\u00e3o Federal - RioOnWatch","robots":{"index":"index","follow":"follow","max-snippet":"max-snippet:-1","max-image-preview":"max-image-preview:large","max-video-preview":"max-video-preview:-1"},"canonical":"https:\/\/rioonwatch.org.br\/?p=13037","og_locale":"pt_BR","og_type":"article","og_title":"Ocupa\u00e7\u00e3o Solano Trindade Comemora Sucessos e Faz Fortes Cr\u00edticas ao Programa de Habita\u00e7\u00e3o Federal - RioOnWatch","og_description":"Click Here for English Na sexta-feira, 20 de novembro, membros e apoiadores do Movimento Nacional de Luta pela Moradia (MNLM) se uniram para comemorar as primeiras conquistas da ocupa\u00e7\u00e3o Solano Trindade, no bairro de Duque [...]","og_url":"https:\/\/rioonwatch.org.br\/?p=13037","og_site_name":"RioOnWatch","article_published_time":"2014-12-09T12:05:50+00:00","article_modified_time":"2017-12-13T03:57:58+00:00","og_image":[{"width":2138,"height":1499,"url":"https:\/\/rioonwatch.org.br\/wp-content\/uploads\/2014\/12\/rsz_dsc_0317-1.jpg","type":"image\/jpeg"}],"author":"Nicole Froio","twitter_card":"summary_large_image","twitter_misc":{"Escrito por":"Nicole Froio","Est. tempo de leitura":"7 minutos"},"schema":{"@context":"https:\/\/schema.org","@graph":[{"@type":"Article","@id":"https:\/\/rioonwatch.org.br\/?p=13037#article","isPartOf":{"@id":"https:\/\/rioonwatch.org.br\/?p=13037"},"author":{"name":"Nicole Froio","@id":"https:\/\/rioonwatch.org.br\/#\/schema\/person\/e07d559fe2154d11fd3ec515e35695ee"},"headline":"Ocupa\u00e7\u00e3o Solano Trindade Comemora Sucessos e Faz Fortes Cr\u00edticas ao Programa de Habita\u00e7\u00e3o Federal","datePublished":"2014-12-09T12:05:50+00:00","dateModified":"2017-12-13T03:57:58+00:00","mainEntityOfPage":{"@id":"https:\/\/rioonwatch.org.br\/?p=13037"},"wordCount":1446,"publisher":{"@id":"https:\/\/rioonwatch.org.br\/#organization"},"image":{"@id":"https:\/\/rioonwatch.org.br\/?p=13037#primaryimage"},"thumbnailUrl":"https:\/\/rioonwatch.org.br\/wp-content\/uploads\/2014\/12\/rsz_dsc_0317-1.jpg","keywords":["arquitetura org\u00e2nica","Baixada Fluminense","cr\u00edtica \u00e0 pol\u00edtica","Direito \u00e0 Moradia","Duque de Caxias","habita\u00e7\u00e3o acess\u00edvel","habita\u00e7\u00e3o p\u00fablica","inova\u00e7\u00e3o","intimida\u00e7\u00e3o policial","M\u00eas da Consci\u00eancia Negra","Minha Casa Minha Vida","Minha Casa Minha Vida-Entidades","MNLM","moradia","mutir\u00e3o","Ocupa\u00e7\u00e3o","organiza\u00e7\u00e3o comunit\u00e1ria","programa habitacional","resist\u00eancia","solu\u00e7\u00e3o comunit\u00e1ria"],"articleSection":["Solu\u00e7\u00f5es"],"inLanguage":"pt-BR"},{"@type":"WebPage","@id":"https:\/\/rioonwatch.org.br\/?p=13037","url":"https:\/\/rioonwatch.org.br\/?p=13037","name":"Ocupa\u00e7\u00e3o Solano Trindade Comemora Sucessos e Faz Fortes Cr\u00edticas ao Programa de Habita\u00e7\u00e3o Federal - RioOnWatch","isPartOf":{"@id":"https:\/\/rioonwatch.org.br\/#website"},"primaryImageOfPage":{"@id":"https:\/\/rioonwatch.org.br\/?p=13037#primaryimage"},"image":{"@id":"https:\/\/rioonwatch.org.br\/?p=13037#primaryimage"},"thumbnailUrl":"https:\/\/rioonwatch.org.br\/wp-content\/uploads\/2014\/12\/rsz_dsc_0317-1.jpg","datePublished":"2014-12-09T12:05:50+00:00","dateModified":"2017-12-13T03:57:58+00:00","breadcrumb":{"@id":"https:\/\/rioonwatch.org.br\/?p=13037#breadcrumb"},"inLanguage":"pt-BR","potentialAction":[{"@type":"ReadAction","target":["https:\/\/rioonwatch.org.br\/?p=13037"]}]},{"@type":"ImageObject","inLanguage":"pt-BR","@id":"https:\/\/rioonwatch.org.br\/?p=13037#primaryimage","url":"https:\/\/rioonwatch.org.br\/wp-content\/uploads\/2014\/12\/rsz_dsc_0317-1.jpg","contentUrl":"https:\/\/rioonwatch.org.br\/wp-content\/uploads\/2014\/12\/rsz_dsc_0317-1.jpg","width":2138,"height":1499},{"@type":"BreadcrumbList","@id":"https:\/\/rioonwatch.org.br\/?p=13037#breadcrumb","itemListElement":[{"@type":"ListItem","position":1,"name":"In\u00edcio","item":"https:\/\/rioonwatch.org.br\/"},{"@type":"ListItem","position":2,"name":"Ocupa\u00e7\u00e3o Solano Trindade Comemora Sucessos e Faz Fortes Cr\u00edticas ao Programa de Habita\u00e7\u00e3o Federal"}]},{"@type":"WebSite","@id":"https:\/\/rioonwatch.org.br\/#website","url":"https:\/\/rioonwatch.org.br\/","name":"RioOnWatch","description":"relatos das favelas cariocas","publisher":{"@id":"https:\/\/rioonwatch.org.br\/#organization"},"potentialAction":[{"@type":"SearchAction","target":{"@type":"EntryPoint","urlTemplate":"https:\/\/rioonwatch.org.br\/?s={search_term_string}"},"query-input":{"@type":"PropertyValueSpecification","valueRequired":true,"valueName":"search_term_string"}}],"inLanguage":"pt-BR"},{"@type":"Organization","@id":"https:\/\/rioonwatch.org.br\/#organization","name":"RioOnWatch","url":"https:\/\/rioonwatch.org.br\/","logo":{"@type":"ImageObject","inLanguage":"pt-BR","@id":"https:\/\/rioonwatch.org.br\/#\/schema\/logo\/image\/","url":"https:\/\/rioonwatch.org.br\/wp-content\/uploads\/2021\/06\/RioOnWatchcabecalhoPT11anos-2.png","contentUrl":"https:\/\/rioonwatch.org.br\/wp-content\/uploads\/2021\/06\/RioOnWatchcabecalhoPT11anos-2.png","width":779,"height":277,"caption":"RioOnWatch"},"image":{"@id":"https:\/\/rioonwatch.org.br\/#\/schema\/logo\/image\/"}},{"@type":"Person","@id":"https:\/\/rioonwatch.org.br\/#\/schema\/person\/e07d559fe2154d11fd3ec515e35695ee","name":"Nicole Froio","image":{"@type":"ImageObject","inLanguage":"pt-BR","@id":"https:\/\/rioonwatch.org.br\/#\/schema\/person\/image\/","url":"https:\/\/secure.gravatar.com\/avatar\/0acdbd6878ca0ac29aa5ce6c6119d636?s=96&d=blank&r=g","contentUrl":"https:\/\/secure.gravatar.com\/avatar\/0acdbd6878ca0ac29aa5ce6c6119d636?s=96&d=blank&r=g","caption":"Nicole Froio"},"url":"https:\/\/rioonwatch.org.br\/?author=137"}]}},"_links":{"self":[{"href":"https:\/\/rioonwatch.org.br\/index.php?rest_route=\/wp\/v2\/posts\/13037"}],"collection":[{"href":"https:\/\/rioonwatch.org.br\/index.php?rest_route=\/wp\/v2\/posts"}],"about":[{"href":"https:\/\/rioonwatch.org.br\/index.php?rest_route=\/wp\/v2\/types\/post"}],"author":[{"embeddable":true,"href":"https:\/\/rioonwatch.org.br\/index.php?rest_route=\/wp\/v2\/users\/137"}],"replies":[{"embeddable":true,"href":"https:\/\/rioonwatch.org.br\/index.php?rest_route=%2Fwp%2Fv2%2Fcomments&post=13037"}],"version-history":[{"count":12,"href":"https:\/\/rioonwatch.org.br\/index.php?rest_route=\/wp\/v2\/posts\/13037\/revisions"}],"predecessor-version":[{"id":30086,"href":"https:\/\/rioonwatch.org.br\/index.php?rest_route=\/wp\/v2\/posts\/13037\/revisions\/30086"}],"wp:featuredmedia":[{"embeddable":true,"href":"https:\/\/rioonwatch.org.br\/index.php?rest_route=\/wp\/v2\/media\/13038"}],"wp:attachment":[{"href":"https:\/\/rioonwatch.org.br\/index.php?rest_route=%2Fwp%2Fv2%2Fmedia&parent=13037"}],"wp:term":[{"taxonomy":"category","embeddable":true,"href":"https:\/\/rioonwatch.org.br\/index.php?rest_route=%2Fwp%2Fv2%2Fcategories&post=13037"},{"taxonomy":"post_tag","embeddable":true,"href":"https:\/\/rioonwatch.org.br\/index.php?rest_route=%2Fwp%2Fv2%2Ftags&post=13037"},{"taxonomy":"writer","embeddable":true,"href":"https:\/\/rioonwatch.org.br\/index.php?rest_route=%2Fwp%2Fv2%2Fwriter&post=13037"},{"taxonomy":"translator","embeddable":true,"href":"https:\/\/rioonwatch.org.br\/index.php?rest_route=%2Fwp%2Fv2%2Ftranslator&post=13037"},{"taxonomy":"source","embeddable":true,"href":"https:\/\/rioonwatch.org.br\/index.php?rest_route=%2Fwp%2Fv2%2Fsource&post=13037"},{"taxonomy":"ilustrador","embeddable":true,"href":"https:\/\/rioonwatch.org.br\/index.php?rest_route=%2Fwp%2Fv2%2Filustrador&post=13037"},{"taxonomy":"fotografo","embeddable":true,"href":"https:\/\/rioonwatch.org.br\/index.php?rest_route=%2Fwp%2Fv2%2Ffotografo&post=13037"}],"curies":[{"name":"wp","href":"https:\/\/api.w.org\/{rel}","templated":true}]}}