{"id":13074,"date":"2014-12-09T09:00:54","date_gmt":"2014-12-09T12:00:54","guid":{"rendered":"http:\/\/rioonwatch.org.br\/?p=13074"},"modified":"2015-12-19T16:31:04","modified_gmt":"2015-12-19T19:31:04","slug":"circuito-cinegrada-cinema-negro-e-consciencia-negra-no-hotel-da-loucura","status":"publish","type":"post","link":"https:\/\/rioonwatch.org.br\/?p=13074","title":{"rendered":"Circuito Cinegrada: Cinema Negro e Consci\u00eancia Negra no Hotel da Loucura"},"content":{"rendered":"<p style=\"text-align: right;\"><em><strong><a href=\"http:\/\/bit.ly\/1v2RrFk\" target=\"_blank\">Click Here for English<img decoding=\"async\" width=\"20\" height=\"20\" class=\"alignright wp-image-15790\" src=\"http:\/\/rioonwatch.org.br\/wp-content\/uploads\/2012\/08\/EN-standard-e1439583104716.jpg\" alt=\"\" \/><\/a><\/strong><\/em><\/p>\n<p>O protagonismo negro no cinema foi promovido no Rio de Janeiro no m\u00eas de novembro, em homenagem ao <a href=\"http:\/\/bit.ly\/HQ9VTK\" target=\"_blank\">Dia da Consci\u00eancia Negra<\/a>. O festival de filmes <a href=\"https:\/\/www.facebook.com\/events\/302095756665357\/?fref=ts\" target=\"_blank\">Circuito Cinegrada<\/a> \u00e9 um projeto organizado pelo <a href=\"https:\/\/www.facebook.com\/coletivocrua?ref=ts&amp;fref=ts\" target=\"_blank\">CRUA &#8211; Coletivo Criativo da Rua<\/a>, uma organiza\u00e7\u00e3o que usa arte como ferramentas de resist\u00eancia cultural em comunidades marginalizadas.<\/p>\n<h3>Cinema Negro<\/h3>\n<p>O festival come\u00e7ou no in\u00edcio do m\u00eas e terminou no dia 29 de novembro. Ele comemorou o M\u00eas da Consci\u00eancia Negra com 17 filmes exibidos em 15 locais no Rio de Janeiro e Niter\u00f3i, apresentando filmes que t\u00eam exclusivamente protagonistas e produtores negros.<\/p>\n<p>&#8220;Voc\u00ea n\u00e3o v\u00ea cinema negro&#8221;, explicou Rafael Ferreira, membro do CRUA. &#8220;Agora voc\u00ea tem filmes como 12 Anos de Escravid\u00e3o, mas \u00e9 um filme americano que tem uma outra linguagem, diferente de um filme negro brasileiro. O cinema negro tem dificuldade de entrar em cartaz&#8221;.<\/p>\n<p>O CRUA foi formado no ano passado por um grupo de estudantes no <a href=\"http:\/\/bit.ly\/10BvARw\" target=\"_blank\">Complexo da Mar\u00e9<\/a>. CRUA abra\u00e7a e promove diversas formas de arte incluindo teatro e m\u00fasica. O clube de cinema foi iniciado como um projeto para focar no cinema brasileiro, mas passou a ter o intuito de devolver uma plataforma para divulgar e espalhar seu trabalho no Rio, disse Ferreira. A sede do Coletivo fica no <a href=\"http:\/\/on.fb.me\/HSji5Z\" target=\"_blank\">Hotel da Loucura<\/a>, em\u00a0Engenho de Dentro, onde filmes s\u00e3o projetados toda semana.<\/p>\n<h3>\u201cDa Cor Da Gente\u201d na Penha<\/h3>\n<p>No dia 22 de novembro o Circuito Cinegrada foi levado para a <a href=\"http:\/\/bit.ly\/1rX07t8\" target=\"_blank\">Penha<\/a>, para exibir uma s\u00e9rie de curtas produzidos por cineastas locais. A exibi\u00e7\u00e3o tamb\u00e9m fez parte de um evento maior sobre o M\u00eas da Consci\u00eancia Negra, chamado &#8220;<a href=\"https:\/\/www.facebook.com\/\" target=\"_blank\">Da Cor Da Gente<\/a>&#8220;.<\/p>\n<p><a href=\"http:\/\/rioonwatch.org.br\/wp-content\/uploads\/2014\/12\/2.jpg\"><img fetchpriority=\"high\" decoding=\"async\" class=\"aligncenter wp-image-13112\" title=\"Apresenta\u00e7\u00e3o da &quot;Mal\u00edcia Urbana&quot; no evento &quot;Dar Cor da Gente&quot; na Penha\" src=\"http:\/\/rioonwatch.org.br\/wp-content\/uploads\/2014\/12\/2.jpg\" alt=\"Apresenta\u00e7\u00e3o da &quot;Mal\u00edcia Urbana&quot; no evento &quot;Dar Cor da Gente&quot; na Penha\" width=\"600\" height=\"450\" srcset=\"https:\/\/rioonwatch.org.br\/wp-content\/uploads\/2014\/12\/2.jpg 3264w, https:\/\/rioonwatch.org.br\/wp-content\/uploads\/2014\/12\/2-352x264.jpg 352w, https:\/\/rioonwatch.org.br\/wp-content\/uploads\/2014\/12\/2-620x465.jpg 620w, https:\/\/rioonwatch.org.br\/wp-content\/uploads\/2014\/12\/2-1024x768.jpg 1024w, https:\/\/rioonwatch.org.br\/wp-content\/uploads\/2014\/12\/2-174x131.jpg 174w, https:\/\/rioonwatch.org.br\/wp-content\/uploads\/2014\/12\/2-300x225.jpg 300w, https:\/\/rioonwatch.org.br\/wp-content\/uploads\/2014\/12\/2-70x53.jpg 70w\" sizes=\"(max-width: 600px) 100vw, 600px\" \/><\/a><\/p>\n<p>Jorge Adolfo Freire e Silva, organizador do evento na Penha, disse que o objetivo era providenciar uma programa\u00e7\u00e3o de qualidade para comemorar o M\u00eas da Consci\u00eancia Negra e dar \u00e0 comunidade recursos para discutir a <a href=\"http:\/\/bit.ly\/1ruUDso\" target=\"_blank\">cultura Afro-Brasileira<\/a>, especificamente introduzindo as muitas organiza\u00e7\u00f5es existentes como o CRUA, que j\u00e1 aborda tais quest\u00f5es na comunidade. O evento ocorreu como resultado de diversas parcerias com o <a href=\"http:\/\/on.fb.me\/11UO3kI\" target=\"_blank\">Foto Clube Alem\u00e3o<\/a> e o grupo de rap <a href=\"http:\/\/on.fb.me\/1ttD8nN\" target=\"_blank\">Mal\u00edcia Urbana Crew<\/a>, entre outros.<\/p>\n<p>\u201cO parceiro \u00e9 autonomo para ele mobilizar o grupo deles\u201d, disse Freire e Silva.\u00a0\u201cCom CRUA, eles criaram o evento deles, chamaram o\u00a0grupo deles, falaram \u2018Vamos estar na Penha\u2019. A gente d\u00e1 s\u00f3 o espa\u00e7o, a autonomia de produ\u00e7\u00e3o t\u00e1 dentro de quem realiza, dos realizadores\u201d.<\/p>\n<h3>Exibi\u00e7\u00e3o de Filmes e Debates<\/h3>\n<p>Os filmes exibidos no s\u00e1bado na Penha estimularam intensos debates sobre quest\u00f5es como religi\u00e3o, pol\u00edtica e cultura.<\/p>\n<p>O primeiro filme exibido foi \u00d3na, um curta de fic\u00e7\u00e3o de 5 minutos que acompanha um jovem poeta da\u00a0Pequena \u00c1frica na <a href=\"http:\/\/bit.ly\/1cVBDvL\" target=\"_blank\">regi\u00e3o do Porto<\/a> no Centro do Rio. Os jovens andam descal\u00e7os pela vizinhan\u00e7a \u00e0 noite e param com frequ\u00eancia para realizar boas a\u00e7\u00f5es. Enquanto isso, o filme corta para uma cena onde o mesmo poeta prepara uma oferta para <a href=\"http:\/\/bit.ly\/1yhjPRx\" target=\"_blank\">Ex\u00fa<\/a>, um messageiro esp\u00edrita do <a href=\"http:\/\/pt.wikipedia.org\/wiki\/Candombl%C3%A9\" target=\"_blank\">candombl\u00e9<\/a>. A mensagem pede pela liberta\u00e7\u00e3o do seu povo, que continua sofrendo com o racismo. O filme ressalta o preconceito associado com a est\u00e9tica e a cultura negra.<\/p>\n<p>A discuss\u00e3o que se segue centra na perpep\u00e7\u00e3o comum de &#8220;preto&#8221; como algo negativo, e como o filme apresenta o oposto disso. Os produtores explicaram que mesmo durante a realiza\u00e7\u00e3o do curta, a cena da oferta atraiu olhares c\u00e9ticos dos moradores da comunidade, o que confirma o estigma em torno das religi\u00f5es afro-brasileiras.<\/p>\n<p>O CRUA tamb\u00e9m exibiu Sub\u00farbio e o Centro, document\u00e1rio produzido pelo <a href=\"http:\/\/bit.ly\/1ycoK8L\" target=\"_blank\">Canal Molambo<\/a>. O document\u00e1rio explora o modo como as comunidades dos sub\u00farbios foram culturalmente influenciadas pela regi\u00e3o portu\u00e1ria do Centro, \u00e1rea da cidade conhecida como <a href=\"http:\/\/bit.ly\/1p2voxl\" target=\"_blank\">Pequena \u00c1frica<\/a>. O document\u00e1rio foca na Festa da Penha, festival hist\u00f3rico que combina a tradi\u00e7\u00e3o cat\u00f3lica portuguesa com a cultura africana que perdeu popularidade no final do s\u00e9culo XX.<\/p>\n<p><a href=\"http:\/\/bit.ly\/1Friq0m\" target=\"_blank\"> Tuninho \u201cTropical\u201d Almeida<\/a>, m\u00fasico e defensor do restabelecimento da Festa da Penha, foi destaque no filme e participou da exibi\u00e7\u00e3o. Ele discutiu os paralelos entre a antiga proibi\u00e7\u00e3o do samba e da capoeira e o atual preconceito em rela\u00e7\u00e3o ao funk e o rap, duas ferramentas musicais de protesto. Ele ainda encorajou a juventude a se mobilizar contra os esfor\u00e7os do governo <a href=\"http:\/\/bit.ly\/OpEdProvidencia\" target=\"_blank\">designados para esquecer a hist\u00f3ria da cidade<\/a>, tal como a da Festa da Penha. A identidade da cidade n\u00e3o \u00e9 s\u00f3 o que ela \u00e9 atualmente, disse Almeida, mas tamb\u00e9m o que costumava ser.<\/p>\n<p><a href=\"http:\/\/rioonwatch.org.br\/wp-content\/uploads\/2014\/12\/3.jpg\"><img decoding=\"async\" class=\"aligncenter wp-image-13113\" title=\"Tuninho \u201cTropical\u201d Almeida defende a volta da Festa da Penha.\" src=\"http:\/\/rioonwatch.org.br\/wp-content\/uploads\/2014\/12\/3.jpg\" alt=\"Tuninho \u201cTropical\u201d Almeida defende a volta da Festa da Penha.\" width=\"600\" height=\"450\" srcset=\"https:\/\/rioonwatch.org.br\/wp-content\/uploads\/2014\/12\/3.jpg 3264w, https:\/\/rioonwatch.org.br\/wp-content\/uploads\/2014\/12\/3-352x264.jpg 352w, https:\/\/rioonwatch.org.br\/wp-content\/uploads\/2014\/12\/3-620x465.jpg 620w, https:\/\/rioonwatch.org.br\/wp-content\/uploads\/2014\/12\/3-1024x768.jpg 1024w, https:\/\/rioonwatch.org.br\/wp-content\/uploads\/2014\/12\/3-174x131.jpg 174w, https:\/\/rioonwatch.org.br\/wp-content\/uploads\/2014\/12\/3-300x225.jpg 300w, https:\/\/rioonwatch.org.br\/wp-content\/uploads\/2014\/12\/3-70x53.jpg 70w\" sizes=\"(max-width: 600px) 100vw, 600px\" \/><\/a><\/p>\n<p>A exibi\u00e7\u00e3o de filmes terminou com o document\u00e1rio Can\u00e7\u00f5es de Liberdade, produzido por David Aynan. O curta de cinco minutos cont\u00e9m uma entrevista com Seu Djalma, l\u00edder da <a href=\"http:\/\/bit.ly\/1ykJIW4\" target=\"_blank\">comunidade quilombola<\/a> de Bananeira, na Ilha de Mar\u00e9, Bahia. Djalma discute, atrav\u00e9s da m\u00fasica, as quest\u00f5es enfrentadas pelos moradores da comunidade e sua batalha para ganhar a posse da terra e preservar a ilha.<\/p>\n<p>O CRUA concluiu o festival de filmes do M\u00eas da Consci\u00eancia Negra no dia 29 de novembro, <a href=\"http:\/\/on.fb.me\/1HZW6Ny\" target=\"_blank\">com um mega evento de arte realizado no Hotel da Loucura<\/a>. Entre as atividades aconteceram workshops, exibi\u00e7\u00e3o de filmes, performances teatrais e m\u00fasica. Os organizadores esperam que o evento traga \u00e0 tona a aus\u00eancia de representa\u00e7\u00e3o negra nas esferas sociais e art\u00edsticas, e encoraje discuss\u00f5es sobre solu\u00e7\u00f5es para aumentar essa representa\u00e7\u00e3o.<\/p>\n<!-- AddThis Advanced Settings generic via filter on the_content --><!-- AddThis Share Buttons generic via filter on the_content -->","protected":false},"excerpt":{"rendered":"<div class=\"mh-excerpt\"><p>Click Here for English O protagonismo negro no cinema foi promovido no Rio de Janeiro no m\u00eas de novembro, em homenagem ao Dia da Consci\u00eancia Negra. O festival de filmes Circuito Cinegrada \u00e9 um projeto <a class=\"mh-excerpt-more\" href=\"https:\/\/rioonwatch.org.br\/?p=13074\" title=\"Circuito Cinegrada: Cinema Negro e Consci\u00eancia Negra no Hotel da Loucura\">[&#8230;]<\/a><!-- AddThis Advanced Settings generic via filter on get_the_excerpt --><!-- AddThis Share Buttons generic via filter on get_the_excerpt --><\/p>\n<\/div>","protected":false},"author":137,"featured_media":13096,"comment_status":"closed","ping_status":"closed","sticky":false,"template":"","format":"standard","meta":{"_acf_changed":false,"_monsterinsights_skip_tracking":false,"_monsterinsights_sitenote_active":false,"_monsterinsights_sitenote_note":"","_monsterinsights_sitenote_category":0,"footnotes":""},"categories":[342],"tags":[334,259,50,513,421,922,1307,915,358,498,936,494,125,218],"writer":[1322],"translator":[1342],"source":[],"ilustrador":[],"fotografo":[],"class_list":{"0":"post-13074","1":"post","2":"type-post","3":"status-publish","4":"format-standard","5":"has-post-thumbnail","7":"category-solucoes","8":"tag-arte","9":"tag-centro","10":"tag-cinema","11":"tag-cultura-afro-brasileira","12":"tag-cultura-da-favela","13":"tag-evento","14":"tag-inclusao","15":"tag-mes-da-consciencia-negra","16":"tag-organizacao-comunitaria","17":"tag-penha","18":"tag-raca","19":"tag-regiao-do-porto","20":"tag-religiao","21":"tag-zona-norte","22":"writer-elma-gonzalez","23":"translator-patricia-monteiro"},"acf":[],"yoast_head":"<!-- This site is optimized with the Yoast SEO plugin v25.6 - https:\/\/yoast.com\/wordpress\/plugins\/seo\/ -->\n<title>Circuito Cinegrada: Cinema Negro e Consci\u00eancia Negra no Hotel da Loucura - RioOnWatch<\/title>\n<meta name=\"robots\" content=\"index, follow, max-snippet:-1, max-image-preview:large, max-video-preview:-1\" \/>\n<link rel=\"canonical\" href=\"https:\/\/rioonwatch.org.br\/?p=13074\" \/>\n<meta property=\"og:locale\" content=\"pt_BR\" \/>\n<meta property=\"og:type\" content=\"article\" \/>\n<meta property=\"og:title\" content=\"Circuito Cinegrada: Cinema Negro e Consci\u00eancia Negra no Hotel da Loucura - RioOnWatch\" \/>\n<meta property=\"og:description\" content=\"Click Here for English O protagonismo negro no cinema foi promovido no Rio de Janeiro no m\u00eas de novembro, em homenagem ao Dia da Consci\u00eancia Negra. O festival de filmes Circuito Cinegrada \u00e9 um projeto [...]\" \/>\n<meta property=\"og:url\" content=\"https:\/\/rioonwatch.org.br\/?p=13074\" \/>\n<meta property=\"og:site_name\" content=\"RioOnWatch\" \/>\n<meta property=\"article:published_time\" content=\"2014-12-09T12:00:54+00:00\" \/>\n<meta property=\"article:modified_time\" content=\"2015-12-19T19:31:04+00:00\" \/>\n<meta property=\"og:image\" content=\"https:\/\/rioonwatch.org.br\/wp-content\/uploads\/2014\/12\/cinegrada11.jpg\" \/>\n\t<meta property=\"og:image:width\" content=\"1000\" \/>\n\t<meta property=\"og:image:height\" content=\"1000\" \/>\n\t<meta property=\"og:image:type\" content=\"image\/jpeg\" \/>\n<meta name=\"author\" content=\"Nicole Froio\" \/>\n<meta name=\"twitter:card\" content=\"summary_large_image\" \/>\n<meta name=\"twitter:label1\" content=\"Escrito por\" \/>\n\t<meta name=\"twitter:data1\" content=\"Nicole Froio\" \/>\n\t<meta name=\"twitter:label2\" content=\"Est. tempo de leitura\" \/>\n\t<meta name=\"twitter:data2\" content=\"5 minutos\" \/>\n<script type=\"application\/ld+json\" class=\"yoast-schema-graph\">{\"@context\":\"https:\/\/schema.org\",\"@graph\":[{\"@type\":\"Article\",\"@id\":\"https:\/\/rioonwatch.org.br\/?p=13074#article\",\"isPartOf\":{\"@id\":\"https:\/\/rioonwatch.org.br\/?p=13074\"},\"author\":{\"name\":\"Nicole Froio\",\"@id\":\"https:\/\/rioonwatch.org.br\/#\/schema\/person\/e07d559fe2154d11fd3ec515e35695ee\"},\"headline\":\"Circuito Cinegrada: Cinema Negro e Consci\u00eancia Negra no Hotel da Loucura\",\"datePublished\":\"2014-12-09T12:00:54+00:00\",\"dateModified\":\"2015-12-19T19:31:04+00:00\",\"mainEntityOfPage\":{\"@id\":\"https:\/\/rioonwatch.org.br\/?p=13074\"},\"wordCount\":943,\"publisher\":{\"@id\":\"https:\/\/rioonwatch.org.br\/#organization\"},\"image\":{\"@id\":\"https:\/\/rioonwatch.org.br\/?p=13074#primaryimage\"},\"thumbnailUrl\":\"https:\/\/rioonwatch.org.br\/wp-content\/uploads\/2014\/12\/cinegrada11.jpg\",\"keywords\":[\"arte\",\"Centro\",\"cinema\",\"Cultura Afro-brasileira\",\"cultura da favela\",\"evento\",\"inclus\u00e3o\",\"M\u00eas da Consci\u00eancia Negra\",\"organiza\u00e7\u00e3o comunit\u00e1ria\",\"Penha\",\"ra\u00e7a\",\"Regi\u00e3o do Porto\",\"religi\u00e3o\",\"Zona Norte\"],\"articleSection\":[\"Solu\u00e7\u00f5es\"],\"inLanguage\":\"pt-BR\"},{\"@type\":\"WebPage\",\"@id\":\"https:\/\/rioonwatch.org.br\/?p=13074\",\"url\":\"https:\/\/rioonwatch.org.br\/?p=13074\",\"name\":\"Circuito Cinegrada: Cinema Negro e Consci\u00eancia Negra no Hotel da Loucura - RioOnWatch\",\"isPartOf\":{\"@id\":\"https:\/\/rioonwatch.org.br\/#website\"},\"primaryImageOfPage\":{\"@id\":\"https:\/\/rioonwatch.org.br\/?p=13074#primaryimage\"},\"image\":{\"@id\":\"https:\/\/rioonwatch.org.br\/?p=13074#primaryimage\"},\"thumbnailUrl\":\"https:\/\/rioonwatch.org.br\/wp-content\/uploads\/2014\/12\/cinegrada11.jpg\",\"datePublished\":\"2014-12-09T12:00:54+00:00\",\"dateModified\":\"2015-12-19T19:31:04+00:00\",\"breadcrumb\":{\"@id\":\"https:\/\/rioonwatch.org.br\/?p=13074#breadcrumb\"},\"inLanguage\":\"pt-BR\",\"potentialAction\":[{\"@type\":\"ReadAction\",\"target\":[\"https:\/\/rioonwatch.org.br\/?p=13074\"]}]},{\"@type\":\"ImageObject\",\"inLanguage\":\"pt-BR\",\"@id\":\"https:\/\/rioonwatch.org.br\/?p=13074#primaryimage\",\"url\":\"https:\/\/rioonwatch.org.br\/wp-content\/uploads\/2014\/12\/cinegrada11.jpg\",\"contentUrl\":\"https:\/\/rioonwatch.org.br\/wp-content\/uploads\/2014\/12\/cinegrada11.jpg\",\"width\":1000,\"height\":1000},{\"@type\":\"BreadcrumbList\",\"@id\":\"https:\/\/rioonwatch.org.br\/?p=13074#breadcrumb\",\"itemListElement\":[{\"@type\":\"ListItem\",\"position\":1,\"name\":\"In\u00edcio\",\"item\":\"https:\/\/rioonwatch.org.br\/\"},{\"@type\":\"ListItem\",\"position\":2,\"name\":\"Circuito Cinegrada: Cinema Negro e Consci\u00eancia Negra no Hotel da Loucura\"}]},{\"@type\":\"WebSite\",\"@id\":\"https:\/\/rioonwatch.org.br\/#website\",\"url\":\"https:\/\/rioonwatch.org.br\/\",\"name\":\"RioOnWatch\",\"description\":\"relatos das favelas cariocas\",\"publisher\":{\"@id\":\"https:\/\/rioonwatch.org.br\/#organization\"},\"potentialAction\":[{\"@type\":\"SearchAction\",\"target\":{\"@type\":\"EntryPoint\",\"urlTemplate\":\"https:\/\/rioonwatch.org.br\/?s={search_term_string}\"},\"query-input\":{\"@type\":\"PropertyValueSpecification\",\"valueRequired\":true,\"valueName\":\"search_term_string\"}}],\"inLanguage\":\"pt-BR\"},{\"@type\":\"Organization\",\"@id\":\"https:\/\/rioonwatch.org.br\/#organization\",\"name\":\"RioOnWatch\",\"url\":\"https:\/\/rioonwatch.org.br\/\",\"logo\":{\"@type\":\"ImageObject\",\"inLanguage\":\"pt-BR\",\"@id\":\"https:\/\/rioonwatch.org.br\/#\/schema\/logo\/image\/\",\"url\":\"https:\/\/rioonwatch.org.br\/wp-content\/uploads\/2021\/06\/RioOnWatchcabecalhoPT11anos-2.png\",\"contentUrl\":\"https:\/\/rioonwatch.org.br\/wp-content\/uploads\/2021\/06\/RioOnWatchcabecalhoPT11anos-2.png\",\"width\":779,\"height\":277,\"caption\":\"RioOnWatch\"},\"image\":{\"@id\":\"https:\/\/rioonwatch.org.br\/#\/schema\/logo\/image\/\"}},{\"@type\":\"Person\",\"@id\":\"https:\/\/rioonwatch.org.br\/#\/schema\/person\/e07d559fe2154d11fd3ec515e35695ee\",\"name\":\"Nicole Froio\",\"image\":{\"@type\":\"ImageObject\",\"inLanguage\":\"pt-BR\",\"@id\":\"https:\/\/rioonwatch.org.br\/#\/schema\/person\/image\/\",\"url\":\"https:\/\/secure.gravatar.com\/avatar\/0acdbd6878ca0ac29aa5ce6c6119d636?s=96&d=blank&r=g\",\"contentUrl\":\"https:\/\/secure.gravatar.com\/avatar\/0acdbd6878ca0ac29aa5ce6c6119d636?s=96&d=blank&r=g\",\"caption\":\"Nicole Froio\"},\"url\":\"https:\/\/rioonwatch.org.br\/?author=137\"}]}<\/script>\n<!-- \/ Yoast SEO plugin. -->","yoast_head_json":{"title":"Circuito Cinegrada: Cinema Negro e Consci\u00eancia Negra no Hotel da Loucura - RioOnWatch","robots":{"index":"index","follow":"follow","max-snippet":"max-snippet:-1","max-image-preview":"max-image-preview:large","max-video-preview":"max-video-preview:-1"},"canonical":"https:\/\/rioonwatch.org.br\/?p=13074","og_locale":"pt_BR","og_type":"article","og_title":"Circuito Cinegrada: Cinema Negro e Consci\u00eancia Negra no Hotel da Loucura - RioOnWatch","og_description":"Click Here for English O protagonismo negro no cinema foi promovido no Rio de Janeiro no m\u00eas de novembro, em homenagem ao Dia da Consci\u00eancia Negra. O festival de filmes Circuito Cinegrada \u00e9 um projeto [...]","og_url":"https:\/\/rioonwatch.org.br\/?p=13074","og_site_name":"RioOnWatch","article_published_time":"2014-12-09T12:00:54+00:00","article_modified_time":"2015-12-19T19:31:04+00:00","og_image":[{"width":1000,"height":1000,"url":"https:\/\/rioonwatch.org.br\/wp-content\/uploads\/2014\/12\/cinegrada11.jpg","type":"image\/jpeg"}],"author":"Nicole Froio","twitter_card":"summary_large_image","twitter_misc":{"Escrito por":"Nicole Froio","Est. tempo de leitura":"5 minutos"},"schema":{"@context":"https:\/\/schema.org","@graph":[{"@type":"Article","@id":"https:\/\/rioonwatch.org.br\/?p=13074#article","isPartOf":{"@id":"https:\/\/rioonwatch.org.br\/?p=13074"},"author":{"name":"Nicole Froio","@id":"https:\/\/rioonwatch.org.br\/#\/schema\/person\/e07d559fe2154d11fd3ec515e35695ee"},"headline":"Circuito Cinegrada: Cinema Negro e Consci\u00eancia Negra no Hotel da Loucura","datePublished":"2014-12-09T12:00:54+00:00","dateModified":"2015-12-19T19:31:04+00:00","mainEntityOfPage":{"@id":"https:\/\/rioonwatch.org.br\/?p=13074"},"wordCount":943,"publisher":{"@id":"https:\/\/rioonwatch.org.br\/#organization"},"image":{"@id":"https:\/\/rioonwatch.org.br\/?p=13074#primaryimage"},"thumbnailUrl":"https:\/\/rioonwatch.org.br\/wp-content\/uploads\/2014\/12\/cinegrada11.jpg","keywords":["arte","Centro","cinema","Cultura Afro-brasileira","cultura da favela","evento","inclus\u00e3o","M\u00eas da Consci\u00eancia Negra","organiza\u00e7\u00e3o comunit\u00e1ria","Penha","ra\u00e7a","Regi\u00e3o do Porto","religi\u00e3o","Zona Norte"],"articleSection":["Solu\u00e7\u00f5es"],"inLanguage":"pt-BR"},{"@type":"WebPage","@id":"https:\/\/rioonwatch.org.br\/?p=13074","url":"https:\/\/rioonwatch.org.br\/?p=13074","name":"Circuito Cinegrada: Cinema Negro e Consci\u00eancia Negra no Hotel da Loucura - RioOnWatch","isPartOf":{"@id":"https:\/\/rioonwatch.org.br\/#website"},"primaryImageOfPage":{"@id":"https:\/\/rioonwatch.org.br\/?p=13074#primaryimage"},"image":{"@id":"https:\/\/rioonwatch.org.br\/?p=13074#primaryimage"},"thumbnailUrl":"https:\/\/rioonwatch.org.br\/wp-content\/uploads\/2014\/12\/cinegrada11.jpg","datePublished":"2014-12-09T12:00:54+00:00","dateModified":"2015-12-19T19:31:04+00:00","breadcrumb":{"@id":"https:\/\/rioonwatch.org.br\/?p=13074#breadcrumb"},"inLanguage":"pt-BR","potentialAction":[{"@type":"ReadAction","target":["https:\/\/rioonwatch.org.br\/?p=13074"]}]},{"@type":"ImageObject","inLanguage":"pt-BR","@id":"https:\/\/rioonwatch.org.br\/?p=13074#primaryimage","url":"https:\/\/rioonwatch.org.br\/wp-content\/uploads\/2014\/12\/cinegrada11.jpg","contentUrl":"https:\/\/rioonwatch.org.br\/wp-content\/uploads\/2014\/12\/cinegrada11.jpg","width":1000,"height":1000},{"@type":"BreadcrumbList","@id":"https:\/\/rioonwatch.org.br\/?p=13074#breadcrumb","itemListElement":[{"@type":"ListItem","position":1,"name":"In\u00edcio","item":"https:\/\/rioonwatch.org.br\/"},{"@type":"ListItem","position":2,"name":"Circuito Cinegrada: Cinema Negro e Consci\u00eancia Negra no Hotel da Loucura"}]},{"@type":"WebSite","@id":"https:\/\/rioonwatch.org.br\/#website","url":"https:\/\/rioonwatch.org.br\/","name":"RioOnWatch","description":"relatos das favelas cariocas","publisher":{"@id":"https:\/\/rioonwatch.org.br\/#organization"},"potentialAction":[{"@type":"SearchAction","target":{"@type":"EntryPoint","urlTemplate":"https:\/\/rioonwatch.org.br\/?s={search_term_string}"},"query-input":{"@type":"PropertyValueSpecification","valueRequired":true,"valueName":"search_term_string"}}],"inLanguage":"pt-BR"},{"@type":"Organization","@id":"https:\/\/rioonwatch.org.br\/#organization","name":"RioOnWatch","url":"https:\/\/rioonwatch.org.br\/","logo":{"@type":"ImageObject","inLanguage":"pt-BR","@id":"https:\/\/rioonwatch.org.br\/#\/schema\/logo\/image\/","url":"https:\/\/rioonwatch.org.br\/wp-content\/uploads\/2021\/06\/RioOnWatchcabecalhoPT11anos-2.png","contentUrl":"https:\/\/rioonwatch.org.br\/wp-content\/uploads\/2021\/06\/RioOnWatchcabecalhoPT11anos-2.png","width":779,"height":277,"caption":"RioOnWatch"},"image":{"@id":"https:\/\/rioonwatch.org.br\/#\/schema\/logo\/image\/"}},{"@type":"Person","@id":"https:\/\/rioonwatch.org.br\/#\/schema\/person\/e07d559fe2154d11fd3ec515e35695ee","name":"Nicole Froio","image":{"@type":"ImageObject","inLanguage":"pt-BR","@id":"https:\/\/rioonwatch.org.br\/#\/schema\/person\/image\/","url":"https:\/\/secure.gravatar.com\/avatar\/0acdbd6878ca0ac29aa5ce6c6119d636?s=96&d=blank&r=g","contentUrl":"https:\/\/secure.gravatar.com\/avatar\/0acdbd6878ca0ac29aa5ce6c6119d636?s=96&d=blank&r=g","caption":"Nicole Froio"},"url":"https:\/\/rioonwatch.org.br\/?author=137"}]}},"_links":{"self":[{"href":"https:\/\/rioonwatch.org.br\/index.php?rest_route=\/wp\/v2\/posts\/13074"}],"collection":[{"href":"https:\/\/rioonwatch.org.br\/index.php?rest_route=\/wp\/v2\/posts"}],"about":[{"href":"https:\/\/rioonwatch.org.br\/index.php?rest_route=\/wp\/v2\/types\/post"}],"author":[{"embeddable":true,"href":"https:\/\/rioonwatch.org.br\/index.php?rest_route=\/wp\/v2\/users\/137"}],"replies":[{"embeddable":true,"href":"https:\/\/rioonwatch.org.br\/index.php?rest_route=%2Fwp%2Fv2%2Fcomments&post=13074"}],"version-history":[{"count":13,"href":"https:\/\/rioonwatch.org.br\/index.php?rest_route=\/wp\/v2\/posts\/13074\/revisions"}],"predecessor-version":[{"id":17720,"href":"https:\/\/rioonwatch.org.br\/index.php?rest_route=\/wp\/v2\/posts\/13074\/revisions\/17720"}],"wp:featuredmedia":[{"embeddable":true,"href":"https:\/\/rioonwatch.org.br\/index.php?rest_route=\/wp\/v2\/media\/13096"}],"wp:attachment":[{"href":"https:\/\/rioonwatch.org.br\/index.php?rest_route=%2Fwp%2Fv2%2Fmedia&parent=13074"}],"wp:term":[{"taxonomy":"category","embeddable":true,"href":"https:\/\/rioonwatch.org.br\/index.php?rest_route=%2Fwp%2Fv2%2Fcategories&post=13074"},{"taxonomy":"post_tag","embeddable":true,"href":"https:\/\/rioonwatch.org.br\/index.php?rest_route=%2Fwp%2Fv2%2Ftags&post=13074"},{"taxonomy":"writer","embeddable":true,"href":"https:\/\/rioonwatch.org.br\/index.php?rest_route=%2Fwp%2Fv2%2Fwriter&post=13074"},{"taxonomy":"translator","embeddable":true,"href":"https:\/\/rioonwatch.org.br\/index.php?rest_route=%2Fwp%2Fv2%2Ftranslator&post=13074"},{"taxonomy":"source","embeddable":true,"href":"https:\/\/rioonwatch.org.br\/index.php?rest_route=%2Fwp%2Fv2%2Fsource&post=13074"},{"taxonomy":"ilustrador","embeddable":true,"href":"https:\/\/rioonwatch.org.br\/index.php?rest_route=%2Fwp%2Fv2%2Filustrador&post=13074"},{"taxonomy":"fotografo","embeddable":true,"href":"https:\/\/rioonwatch.org.br\/index.php?rest_route=%2Fwp%2Fv2%2Ffotografo&post=13074"}],"curies":[{"name":"wp","href":"https:\/\/api.w.org\/{rel}","templated":true}]}}