{"id":13119,"date":"2014-12-18T12:34:29","date_gmt":"2014-12-18T15:34:29","guid":{"rendered":"http:\/\/rioonwatch.org.br\/?p=13119"},"modified":"2015-12-19T16:23:39","modified_gmt":"2015-12-19T19:23:39","slug":"vila-kennedy-comemora-primeiro-encontro-cultural-vilativa-fotos","status":"publish","type":"post","link":"https:\/\/rioonwatch.org.br\/?p=13119","title":{"rendered":"Vila Kennedy Comemora Primeiro Encontro Cultural VilAtiva [IMAGENS]"},"content":{"rendered":"<p style=\"text-align: right;\"><em><strong><a href=\"http:\/\/bit.ly\/1wMoTlP\" target=\"_blank\">Click Here for English<img decoding=\"async\" width=\"20\" height=\"20\" class=\"alignright wp-image-15790\" src=\"http:\/\/rioonwatch.org.br\/wp-content\/uploads\/2012\/08\/EN-standard-e1439583104716.jpg\" alt=\"\" \/><\/a><\/strong><\/em><\/p>\n<p>No s\u00e1bado dia 6 de dezembro, moradores da <a href=\"http:\/\/bit.ly\/1g63Krv\" target=\"_blank\">Vila Kennedy<\/a> sediaram o encontro cultural VilAtiva, uma exposi\u00e7\u00e3o diversificada de atividades art\u00edsticas e iniciativas da comunidade organizada pelos jovens membros do <a href=\"http:\/\/on.fb.me\/1wdUBGK\" target=\"_blank\">Coletivo VilAtiva<\/a>.<\/p>\n<p>Das 16h at\u00e9 pouco antes de meia noite, a Associa\u00e7\u00e3o de Moradores\u00a0de Quafa&#8211;uma comunidade dentro da Vila Kennedy&#8211;sediou v\u00e1rias\u00a0atividades culturais organizadas por membros do coletivo.<\/p>\n<p>Grafiteiros adornavam as paredes do edif\u00edcio com murais coloridos enquanto m\u00fasicos locais tocavam e um membro da VilAtiva vestida de roupas t\u00edpicas de baianas distribu\u00eda comidas da culin\u00e1ria nordestina. Dentro do edif\u00edcio, estilistas de um sal\u00e3o local ofereciam cortes de cabelo e maquiagens enquanto um ator profissional conduzia uma oficina de artes de teatro para jovens.<\/p>\n<p>A medida que a multid\u00e3o crescia, DJs locais come\u00e7aram a tocar, seguidos por um concurso de dan\u00e7a. Mais tarde aquela noite, uma banda criou batidas ao vivo para uma batalha de rap entre MCs locais e convidados. Participantes convidados montaram uma exposi\u00e7\u00e3o de fotografias e uma mesa de livros para trocas entre moradores da comunidade.<\/p>\n<p><a href=\"http:\/\/rioonwatch.org.br\/wp-content\/uploads\/2014\/12\/Vila-Kennedy-Acaraje.jpg\"><img fetchpriority=\"high\" decoding=\"async\" class=\"aligncenter wp-image-13121\" title=\"Acaraj\u00e9 foi distribuido durante o evento.\" src=\"http:\/\/rioonwatch.org.br\/wp-content\/uploads\/2014\/12\/Vila-Kennedy-Acaraje.jpg\" alt=\"\" width=\"620\" height=\"414\" srcset=\"https:\/\/rioonwatch.org.br\/wp-content\/uploads\/2014\/12\/Vila-Kennedy-Acaraje.jpg 640w, https:\/\/rioonwatch.org.br\/wp-content\/uploads\/2014\/12\/Vila-Kennedy-Acaraje-396x264.jpg 396w, https:\/\/rioonwatch.org.br\/wp-content\/uploads\/2014\/12\/Vila-Kennedy-Acaraje-620x414.jpg 620w\" sizes=\"(max-width: 620px) 100vw, 620px\" \/><\/a><\/p>\n<p>O evento, que\u00a0uniu um grande n\u00famero de moradores da Vila Kennedy de todas as idades, se desenvolveu atrav\u00e9s de um <a href=\"http:\/\/bit.ly\/1F8qO64\" target=\"_blank\">projeto do programa Favela Criativa<\/a>.<\/p>\n<p>Os 20 membros do Coletivo VilAtiva est\u00e3o envolvidos nesta iniciativa, que visa educar e capacitar jovens artistas e criadores culturais em 20 diferentes favelas pacificadas em todo Rio de Janeiro. A Vila Kennedy, <a href=\"http:\/\/bit.ly\/1AjaPQa\" target=\"_blank\">que recebeu uma Unidade de Policia Pacificadora (UPP) em mar\u00e7o<\/a> deste ano, est\u00e1 entre uma das mais recentes comunidades pacificadas no Rio.<\/p>\n<p><a href=\"http:\/\/bit.ly\/1zaaEFk\" target=\"_blank\">Favela Criativa<\/a>, que foi criada atrav\u00e9s de uma parceria entre a Secretaria de Cultura do Rio de Janeiro e outras institui\u00e7\u00f5es p\u00fablicas, bem como investidores privados, re\u00fane v\u00e1rios projetos destinados a criar janelas de oportunidade para a juventude da favela. Ela auto-denomina sua miss\u00e3o como &#8220;fortalecedora, promotora e doadora de visibilidade \u00e0 produ\u00e7\u00e3o cultural das favelas do estado&#8221;. Os cursos e oficinas oferecidos s\u00e3o definidos em termos de seus tr\u00eas princ\u00edpios centrais educacionais: gest\u00e3o criativa, forma\u00e7\u00e3o art\u00edstica, e aquisi\u00e7\u00e3o de recursos para iniciativas culturais. Al\u00e9m de adquirir essas habilidades, \u00e9 esperado que os participantes do curso criem seus pr\u00f3prios projetos culturais.<\/p>\n<p>Os moradores da Vila Kennedy que organizaram a interven\u00e7\u00e3o cultural tinham feito um curso de seis meses em todas essas tr\u00eas \u00e1reas pelo programa Favela Criativa. O evento no s\u00e1bado foi uma maneira de expor o que havia sido aprendido.<\/p>\n<p>Enquanto o evento VilAtiva \u00e9\u00a0ligado ao programa Favela Criativa na Vila Kennedy, ele tamb\u00e9m representa um espet\u00e1culo voltado para a comunidade, projetado para atrair outros moradores interessados no potencial cultural latente do bairro.<\/p>\n<p><a href=\"http:\/\/rioonwatch.org.br\/wp-content\/uploads\/2014\/12\/Vila-Kennedy-mural.jpg\"><img decoding=\"async\" class=\"aligncenter wp-image-13122\" title=\"Mural pintado por grafiteiro\" src=\"http:\/\/rioonwatch.org.br\/wp-content\/uploads\/2014\/12\/Vila-Kennedy-mural.jpg\" alt=\"\" width=\"620\" height=\"414\" srcset=\"https:\/\/rioonwatch.org.br\/wp-content\/uploads\/2014\/12\/Vila-Kennedy-mural.jpg 640w, https:\/\/rioonwatch.org.br\/wp-content\/uploads\/2014\/12\/Vila-Kennedy-mural-396x264.jpg 396w, https:\/\/rioonwatch.org.br\/wp-content\/uploads\/2014\/12\/Vila-Kennedy-mural-620x414.jpg 620w\" sizes=\"(max-width: 620px) 100vw, 620px\" \/><\/a><\/p>\n<p>Vinicius Souza, um participante e organizador do evento Favela Criativa, mencionou que esperava que este evento fosse \u201co primeiro de\u00a0uma s\u00e9rie de interven\u00e7\u00f5es culturais\u201d na sua comunidade e na <a href=\"http:\/\/bit.ly\/11tBmFR\">Zona Oeste<\/a> em geral. Grato pelas novas oportunidades abertas atrav\u00e9s da iniciativa da Favela Criativa, o morador\u00a0da Vila Kennedy e estudante de jornalismo disse: \u201cNo ideal, n\u00f3s seremos capazes de nos organizar por conta pr\u00f3pria e promover eventos futuros como este na Vila Kennedy e outras comunidades atrav\u00e9s de nossas pr\u00f3prias redes&#8221;.<\/p>\n<p>Lisy Riveiro, uma organizadora de um dos cursos da Favela Criativa,\u00a0o definiu como &#8220;o resultado da dedica\u00e7\u00e3o e esfor\u00e7o de jovens agentes culturais&#8221;. Ela destacou que favelas e comunidades na Zona Oeste do Rio s\u00e3o \u00e1reas particularmente importantes para o desenvolvimento desse tipo de iniciativa cultural, <a href=\"http:\/\/bit.ly\/1bHWcLD\" target=\"_blank\">j\u00e1 que a regi\u00e3o recebe t\u00e3o pouca aten\u00e7\u00e3o comparado a centros culturais tradicionais da cidade<\/a>.<\/p>\n<p><a href=\"http:\/\/rioonwatch.org.br\/wp-content\/uploads\/2014\/12\/Vila-Kennedy-art.jpg\"><img loading=\"lazy\" decoding=\"async\" class=\"aligncenter wp-image-13123\" title=\"Exposi\u00e7\u00e3o de arte.\" src=\"http:\/\/rioonwatch.org.br\/wp-content\/uploads\/2014\/12\/Vila-Kennedy-art.jpg\" alt=\"\" width=\"620\" height=\"414\" srcset=\"https:\/\/rioonwatch.org.br\/wp-content\/uploads\/2014\/12\/Vila-Kennedy-art.jpg 640w, https:\/\/rioonwatch.org.br\/wp-content\/uploads\/2014\/12\/Vila-Kennedy-art-396x264.jpg 396w, https:\/\/rioonwatch.org.br\/wp-content\/uploads\/2014\/12\/Vila-Kennedy-art-620x414.jpg 620w\" sizes=\"(max-width: 620px) 100vw, 620px\" \/><\/a><\/p>\n<p>&#8220;Muitos dos shows e eventos do Rio n\u00e3o s\u00e3o feitos para n\u00f3s aqui na <a href=\"http:\/\/rioonwatch.org.br\/?tag=zona-oeste\" target=\"_blank\">Zona Oeste<\/a>&#8220;, disse ela. &#8220;As pessoas t\u00eam que ir at\u00e9 a <a href=\"http:\/\/bit.ly\/1mNsDyk\" target=\"_blank\">Zona Sul<\/a> ou ao <a href=\"http:\/\/bit.ly\/1qX7nZG\" target=\"_blank\">Centro<\/a> n\u00e3o s\u00f3 para assistir, mas tamb\u00e9m para participar de eventos&#8221;. De acordo com Riveiro, eventos como VilAtiva s\u00e3o cada vez mais relevantes, pois\u00a0eles criam um espa\u00e7o para a demonstra\u00e7\u00e3o do crescente talento dentro da comunidade.<\/p>\n<p>A medida em que a interven\u00e7\u00e3o VilAtiva continuou e mais espectadores se juntaram a multid\u00e3o do lado de fora do pr\u00e9dio da Associa\u00e7\u00e3o de Moradores, tornou-se claro que os participantes da Favela Criativa tinham conseguido n\u00e3o apenas atrair a aten\u00e7\u00e3o de sua pr\u00f3pria comunidade, mas tamb\u00e9m de outras partes da Zona Oeste e at\u00e9 mesmo al\u00e9m dos limites da cidade do Rio de Janeiro. Muitos dos MCs que participaram do concurso de rap vieram de zonas pr\u00f3ximas, como <a href=\"http:\/\/bit.ly\/1m4QAQR\" target=\"_blank\">Campo Grande<\/a> ou <a href=\"http:\/\/bit.ly\/19t7wK0\" target=\"_blank\">Jacarezinho<\/a>. O vencedor da competi\u00e7\u00e3o, e outros v\u00e1rios artes\u00e3os que venderam seus produtos no evento, tinham vindo de <a href=\"http:\/\/bit.ly\/1xpT8yS\" target=\"_blank\">Niter\u00f3i<\/a>.<\/p>\n<p>Quando o show come\u00e7ou a caminhar para seu fim, Vinicius expressou sua felicidade com os eventos e a multid\u00e3o que participou, enquanto frisou sobre a import\u00e2ncia deste tipo de iniciativa em regi\u00f5es como a dele.<\/p>\n<p><iframe src=\"http:\/\/www.flickr.com\/slideShow\/index.gne?group_id=&amp;user_id=25093702@N00&amp;set_id=72157649702818455&amp;amp\" width=\"620\" height=\"450\" frameborder=\"0\" scrolling=\"no\" align=\"center\"><\/iframe><\/p>\n<!-- AddThis Advanced Settings generic via filter on the_content --><!-- AddThis Share Buttons generic via filter on the_content -->","protected":false},"excerpt":{"rendered":"<div class=\"mh-excerpt\"><p>Click Here for English No s\u00e1bado dia 6 de dezembro, moradores da Vila Kennedy sediaram o encontro cultural VilAtiva, uma exposi\u00e7\u00e3o diversificada de atividades art\u00edsticas e iniciativas da comunidade organizada pelos jovens membros do Coletivo <a class=\"mh-excerpt-more\" href=\"https:\/\/rioonwatch.org.br\/?p=13119\" title=\"Vila Kennedy Comemora Primeiro Encontro Cultural VilAtiva [IMAGENS]\">[&#8230;]<\/a><!-- AddThis Advanced Settings generic via filter on get_the_excerpt --><!-- AddThis Share Buttons generic via filter on get_the_excerpt --><\/p>\n<\/div>","protected":false},"author":137,"featured_media":13120,"comment_status":"closed","ping_status":"closed","sticky":false,"template":"","format":"standard","meta":{"_acf_changed":false,"_monsterinsights_skip_tracking":false,"_monsterinsights_sitenote_active":false,"_monsterinsights_sitenote_note":"","_monsterinsights_sitenote_category":0,"footnotes":""},"categories":[1633,342],"tags":[334,81,421,422,922,1440,1314,358,1366,544,184],"writer":[1301],"translator":[1310],"source":[],"ilustrador":[],"fotografo":[],"class_list":{"0":"post-13119","1":"post","2":"type-post","3":"status-publish","4":"format-standard","5":"has-post-thumbnail","7":"category-foto-reportagens","8":"category-solucoes","9":"tag-arte","10":"tag-cultura","11":"tag-cultura-da-favela","12":"tag-cultura-de-rua","13":"tag-evento","14":"tag-favela-criativa","15":"tag-grafite","16":"tag-organizacao-comunitaria","17":"tag-quafa","18":"tag-vila-kennedy","19":"tag-zona-oeste","20":"writer-francis-torres","21":"translator-livia-villela"},"acf":[],"yoast_head":"<!-- This site is optimized with the Yoast SEO plugin v25.6 - https:\/\/yoast.com\/wordpress\/plugins\/seo\/ -->\n<title>Vila Kennedy Comemora Primeiro Encontro Cultural VilAtiva [IMAGENS] - RioOnWatch<\/title>\n<meta name=\"robots\" content=\"index, follow, max-snippet:-1, max-image-preview:large, max-video-preview:-1\" \/>\n<link rel=\"canonical\" href=\"https:\/\/rioonwatch.org.br\/?p=13119\" \/>\n<meta property=\"og:locale\" content=\"pt_BR\" \/>\n<meta property=\"og:type\" content=\"article\" \/>\n<meta property=\"og:title\" content=\"Vila Kennedy Comemora Primeiro Encontro Cultural VilAtiva [IMAGENS] - RioOnWatch\" \/>\n<meta property=\"og:description\" content=\"Click Here for English No s\u00e1bado dia 6 de dezembro, moradores da Vila Kennedy sediaram o encontro cultural VilAtiva, uma exposi\u00e7\u00e3o diversificada de atividades art\u00edsticas e iniciativas da comunidade organizada pelos jovens membros do Coletivo [...]\" \/>\n<meta property=\"og:url\" content=\"https:\/\/rioonwatch.org.br\/?p=13119\" \/>\n<meta property=\"og:site_name\" content=\"RioOnWatch\" \/>\n<meta property=\"article:published_time\" content=\"2014-12-18T15:34:29+00:00\" \/>\n<meta property=\"article:modified_time\" content=\"2015-12-19T19:23:39+00:00\" \/>\n<meta property=\"og:image\" content=\"https:\/\/rioonwatch.org.br\/wp-content\/uploads\/2014\/12\/jk-banner1.jpg\" \/>\n\t<meta property=\"og:image:width\" content=\"1000\" \/>\n\t<meta property=\"og:image:height\" content=\"472\" \/>\n\t<meta property=\"og:image:type\" content=\"image\/jpeg\" \/>\n<meta name=\"author\" content=\"Nicole Froio\" \/>\n<meta name=\"twitter:card\" content=\"summary_large_image\" \/>\n<meta name=\"twitter:label1\" content=\"Escrito por\" \/>\n\t<meta name=\"twitter:data1\" content=\"Nicole Froio\" \/>\n\t<meta name=\"twitter:label2\" content=\"Est. tempo de leitura\" \/>\n\t<meta name=\"twitter:data2\" content=\"4 minutos\" \/>\n<script type=\"application\/ld+json\" class=\"yoast-schema-graph\">{\"@context\":\"https:\/\/schema.org\",\"@graph\":[{\"@type\":\"Article\",\"@id\":\"https:\/\/rioonwatch.org.br\/?p=13119#article\",\"isPartOf\":{\"@id\":\"https:\/\/rioonwatch.org.br\/?p=13119\"},\"author\":{\"name\":\"Nicole Froio\",\"@id\":\"https:\/\/rioonwatch.org.br\/#\/schema\/person\/e07d559fe2154d11fd3ec515e35695ee\"},\"headline\":\"Vila Kennedy Comemora Primeiro Encontro Cultural VilAtiva [IMAGENS]\",\"datePublished\":\"2014-12-18T15:34:29+00:00\",\"dateModified\":\"2015-12-19T19:23:39+00:00\",\"mainEntityOfPage\":{\"@id\":\"https:\/\/rioonwatch.org.br\/?p=13119\"},\"wordCount\":859,\"publisher\":{\"@id\":\"https:\/\/rioonwatch.org.br\/#organization\"},\"image\":{\"@id\":\"https:\/\/rioonwatch.org.br\/?p=13119#primaryimage\"},\"thumbnailUrl\":\"https:\/\/rioonwatch.org.br\/wp-content\/uploads\/2014\/12\/jk-banner1.jpg\",\"keywords\":[\"arte\",\"cultura\",\"cultura da favela\",\"cultura de rua\",\"evento\",\"Favela Criativa\",\"grafite\",\"organiza\u00e7\u00e3o comunit\u00e1ria\",\"Quafa\",\"Vila Kennedy\",\"Zona Oeste\"],\"articleSection\":[\"Fotorreportagens\",\"Solu\u00e7\u00f5es\"],\"inLanguage\":\"pt-BR\"},{\"@type\":\"WebPage\",\"@id\":\"https:\/\/rioonwatch.org.br\/?p=13119\",\"url\":\"https:\/\/rioonwatch.org.br\/?p=13119\",\"name\":\"Vila Kennedy Comemora Primeiro Encontro Cultural VilAtiva [IMAGENS] - RioOnWatch\",\"isPartOf\":{\"@id\":\"https:\/\/rioonwatch.org.br\/#website\"},\"primaryImageOfPage\":{\"@id\":\"https:\/\/rioonwatch.org.br\/?p=13119#primaryimage\"},\"image\":{\"@id\":\"https:\/\/rioonwatch.org.br\/?p=13119#primaryimage\"},\"thumbnailUrl\":\"https:\/\/rioonwatch.org.br\/wp-content\/uploads\/2014\/12\/jk-banner1.jpg\",\"datePublished\":\"2014-12-18T15:34:29+00:00\",\"dateModified\":\"2015-12-19T19:23:39+00:00\",\"breadcrumb\":{\"@id\":\"https:\/\/rioonwatch.org.br\/?p=13119#breadcrumb\"},\"inLanguage\":\"pt-BR\",\"potentialAction\":[{\"@type\":\"ReadAction\",\"target\":[\"https:\/\/rioonwatch.org.br\/?p=13119\"]}]},{\"@type\":\"ImageObject\",\"inLanguage\":\"pt-BR\",\"@id\":\"https:\/\/rioonwatch.org.br\/?p=13119#primaryimage\",\"url\":\"https:\/\/rioonwatch.org.br\/wp-content\/uploads\/2014\/12\/jk-banner1.jpg\",\"contentUrl\":\"https:\/\/rioonwatch.org.br\/wp-content\/uploads\/2014\/12\/jk-banner1.jpg\",\"width\":1000,\"height\":472},{\"@type\":\"BreadcrumbList\",\"@id\":\"https:\/\/rioonwatch.org.br\/?p=13119#breadcrumb\",\"itemListElement\":[{\"@type\":\"ListItem\",\"position\":1,\"name\":\"In\u00edcio\",\"item\":\"https:\/\/rioonwatch.org.br\/\"},{\"@type\":\"ListItem\",\"position\":2,\"name\":\"Vila Kennedy Comemora Primeiro Encontro Cultural VilAtiva [IMAGENS]\"}]},{\"@type\":\"WebSite\",\"@id\":\"https:\/\/rioonwatch.org.br\/#website\",\"url\":\"https:\/\/rioonwatch.org.br\/\",\"name\":\"RioOnWatch\",\"description\":\"relatos das favelas cariocas\",\"publisher\":{\"@id\":\"https:\/\/rioonwatch.org.br\/#organization\"},\"potentialAction\":[{\"@type\":\"SearchAction\",\"target\":{\"@type\":\"EntryPoint\",\"urlTemplate\":\"https:\/\/rioonwatch.org.br\/?s={search_term_string}\"},\"query-input\":{\"@type\":\"PropertyValueSpecification\",\"valueRequired\":true,\"valueName\":\"search_term_string\"}}],\"inLanguage\":\"pt-BR\"},{\"@type\":\"Organization\",\"@id\":\"https:\/\/rioonwatch.org.br\/#organization\",\"name\":\"RioOnWatch\",\"url\":\"https:\/\/rioonwatch.org.br\/\",\"logo\":{\"@type\":\"ImageObject\",\"inLanguage\":\"pt-BR\",\"@id\":\"https:\/\/rioonwatch.org.br\/#\/schema\/logo\/image\/\",\"url\":\"https:\/\/rioonwatch.org.br\/wp-content\/uploads\/2021\/06\/RioOnWatchcabecalhoPT11anos-2.png\",\"contentUrl\":\"https:\/\/rioonwatch.org.br\/wp-content\/uploads\/2021\/06\/RioOnWatchcabecalhoPT11anos-2.png\",\"width\":779,\"height\":277,\"caption\":\"RioOnWatch\"},\"image\":{\"@id\":\"https:\/\/rioonwatch.org.br\/#\/schema\/logo\/image\/\"}},{\"@type\":\"Person\",\"@id\":\"https:\/\/rioonwatch.org.br\/#\/schema\/person\/e07d559fe2154d11fd3ec515e35695ee\",\"name\":\"Nicole Froio\",\"image\":{\"@type\":\"ImageObject\",\"inLanguage\":\"pt-BR\",\"@id\":\"https:\/\/rioonwatch.org.br\/#\/schema\/person\/image\/\",\"url\":\"https:\/\/secure.gravatar.com\/avatar\/0acdbd6878ca0ac29aa5ce6c6119d636?s=96&d=blank&r=g\",\"contentUrl\":\"https:\/\/secure.gravatar.com\/avatar\/0acdbd6878ca0ac29aa5ce6c6119d636?s=96&d=blank&r=g\",\"caption\":\"Nicole Froio\"},\"url\":\"https:\/\/rioonwatch.org.br\/?author=137\"}]}<\/script>\n<!-- \/ Yoast SEO plugin. -->","yoast_head_json":{"title":"Vila Kennedy Comemora Primeiro Encontro Cultural VilAtiva [IMAGENS] - RioOnWatch","robots":{"index":"index","follow":"follow","max-snippet":"max-snippet:-1","max-image-preview":"max-image-preview:large","max-video-preview":"max-video-preview:-1"},"canonical":"https:\/\/rioonwatch.org.br\/?p=13119","og_locale":"pt_BR","og_type":"article","og_title":"Vila Kennedy Comemora Primeiro Encontro Cultural VilAtiva [IMAGENS] - RioOnWatch","og_description":"Click Here for English No s\u00e1bado dia 6 de dezembro, moradores da Vila Kennedy sediaram o encontro cultural VilAtiva, uma exposi\u00e7\u00e3o diversificada de atividades art\u00edsticas e iniciativas da comunidade organizada pelos jovens membros do Coletivo [...]","og_url":"https:\/\/rioonwatch.org.br\/?p=13119","og_site_name":"RioOnWatch","article_published_time":"2014-12-18T15:34:29+00:00","article_modified_time":"2015-12-19T19:23:39+00:00","og_image":[{"width":1000,"height":472,"url":"https:\/\/rioonwatch.org.br\/wp-content\/uploads\/2014\/12\/jk-banner1.jpg","type":"image\/jpeg"}],"author":"Nicole Froio","twitter_card":"summary_large_image","twitter_misc":{"Escrito por":"Nicole Froio","Est. tempo de leitura":"4 minutos"},"schema":{"@context":"https:\/\/schema.org","@graph":[{"@type":"Article","@id":"https:\/\/rioonwatch.org.br\/?p=13119#article","isPartOf":{"@id":"https:\/\/rioonwatch.org.br\/?p=13119"},"author":{"name":"Nicole Froio","@id":"https:\/\/rioonwatch.org.br\/#\/schema\/person\/e07d559fe2154d11fd3ec515e35695ee"},"headline":"Vila Kennedy Comemora Primeiro Encontro Cultural VilAtiva [IMAGENS]","datePublished":"2014-12-18T15:34:29+00:00","dateModified":"2015-12-19T19:23:39+00:00","mainEntityOfPage":{"@id":"https:\/\/rioonwatch.org.br\/?p=13119"},"wordCount":859,"publisher":{"@id":"https:\/\/rioonwatch.org.br\/#organization"},"image":{"@id":"https:\/\/rioonwatch.org.br\/?p=13119#primaryimage"},"thumbnailUrl":"https:\/\/rioonwatch.org.br\/wp-content\/uploads\/2014\/12\/jk-banner1.jpg","keywords":["arte","cultura","cultura da favela","cultura de rua","evento","Favela Criativa","grafite","organiza\u00e7\u00e3o comunit\u00e1ria","Quafa","Vila Kennedy","Zona Oeste"],"articleSection":["Fotorreportagens","Solu\u00e7\u00f5es"],"inLanguage":"pt-BR"},{"@type":"WebPage","@id":"https:\/\/rioonwatch.org.br\/?p=13119","url":"https:\/\/rioonwatch.org.br\/?p=13119","name":"Vila Kennedy Comemora Primeiro Encontro Cultural VilAtiva [IMAGENS] - RioOnWatch","isPartOf":{"@id":"https:\/\/rioonwatch.org.br\/#website"},"primaryImageOfPage":{"@id":"https:\/\/rioonwatch.org.br\/?p=13119#primaryimage"},"image":{"@id":"https:\/\/rioonwatch.org.br\/?p=13119#primaryimage"},"thumbnailUrl":"https:\/\/rioonwatch.org.br\/wp-content\/uploads\/2014\/12\/jk-banner1.jpg","datePublished":"2014-12-18T15:34:29+00:00","dateModified":"2015-12-19T19:23:39+00:00","breadcrumb":{"@id":"https:\/\/rioonwatch.org.br\/?p=13119#breadcrumb"},"inLanguage":"pt-BR","potentialAction":[{"@type":"ReadAction","target":["https:\/\/rioonwatch.org.br\/?p=13119"]}]},{"@type":"ImageObject","inLanguage":"pt-BR","@id":"https:\/\/rioonwatch.org.br\/?p=13119#primaryimage","url":"https:\/\/rioonwatch.org.br\/wp-content\/uploads\/2014\/12\/jk-banner1.jpg","contentUrl":"https:\/\/rioonwatch.org.br\/wp-content\/uploads\/2014\/12\/jk-banner1.jpg","width":1000,"height":472},{"@type":"BreadcrumbList","@id":"https:\/\/rioonwatch.org.br\/?p=13119#breadcrumb","itemListElement":[{"@type":"ListItem","position":1,"name":"In\u00edcio","item":"https:\/\/rioonwatch.org.br\/"},{"@type":"ListItem","position":2,"name":"Vila Kennedy Comemora Primeiro Encontro Cultural VilAtiva [IMAGENS]"}]},{"@type":"WebSite","@id":"https:\/\/rioonwatch.org.br\/#website","url":"https:\/\/rioonwatch.org.br\/","name":"RioOnWatch","description":"relatos das favelas cariocas","publisher":{"@id":"https:\/\/rioonwatch.org.br\/#organization"},"potentialAction":[{"@type":"SearchAction","target":{"@type":"EntryPoint","urlTemplate":"https:\/\/rioonwatch.org.br\/?s={search_term_string}"},"query-input":{"@type":"PropertyValueSpecification","valueRequired":true,"valueName":"search_term_string"}}],"inLanguage":"pt-BR"},{"@type":"Organization","@id":"https:\/\/rioonwatch.org.br\/#organization","name":"RioOnWatch","url":"https:\/\/rioonwatch.org.br\/","logo":{"@type":"ImageObject","inLanguage":"pt-BR","@id":"https:\/\/rioonwatch.org.br\/#\/schema\/logo\/image\/","url":"https:\/\/rioonwatch.org.br\/wp-content\/uploads\/2021\/06\/RioOnWatchcabecalhoPT11anos-2.png","contentUrl":"https:\/\/rioonwatch.org.br\/wp-content\/uploads\/2021\/06\/RioOnWatchcabecalhoPT11anos-2.png","width":779,"height":277,"caption":"RioOnWatch"},"image":{"@id":"https:\/\/rioonwatch.org.br\/#\/schema\/logo\/image\/"}},{"@type":"Person","@id":"https:\/\/rioonwatch.org.br\/#\/schema\/person\/e07d559fe2154d11fd3ec515e35695ee","name":"Nicole Froio","image":{"@type":"ImageObject","inLanguage":"pt-BR","@id":"https:\/\/rioonwatch.org.br\/#\/schema\/person\/image\/","url":"https:\/\/secure.gravatar.com\/avatar\/0acdbd6878ca0ac29aa5ce6c6119d636?s=96&d=blank&r=g","contentUrl":"https:\/\/secure.gravatar.com\/avatar\/0acdbd6878ca0ac29aa5ce6c6119d636?s=96&d=blank&r=g","caption":"Nicole Froio"},"url":"https:\/\/rioonwatch.org.br\/?author=137"}]}},"_links":{"self":[{"href":"https:\/\/rioonwatch.org.br\/index.php?rest_route=\/wp\/v2\/posts\/13119"}],"collection":[{"href":"https:\/\/rioonwatch.org.br\/index.php?rest_route=\/wp\/v2\/posts"}],"about":[{"href":"https:\/\/rioonwatch.org.br\/index.php?rest_route=\/wp\/v2\/types\/post"}],"author":[{"embeddable":true,"href":"https:\/\/rioonwatch.org.br\/index.php?rest_route=\/wp\/v2\/users\/137"}],"replies":[{"embeddable":true,"href":"https:\/\/rioonwatch.org.br\/index.php?rest_route=%2Fwp%2Fv2%2Fcomments&post=13119"}],"version-history":[{"count":13,"href":"https:\/\/rioonwatch.org.br\/index.php?rest_route=\/wp\/v2\/posts\/13119\/revisions"}],"predecessor-version":[{"id":17717,"href":"https:\/\/rioonwatch.org.br\/index.php?rest_route=\/wp\/v2\/posts\/13119\/revisions\/17717"}],"wp:featuredmedia":[{"embeddable":true,"href":"https:\/\/rioonwatch.org.br\/index.php?rest_route=\/wp\/v2\/media\/13120"}],"wp:attachment":[{"href":"https:\/\/rioonwatch.org.br\/index.php?rest_route=%2Fwp%2Fv2%2Fmedia&parent=13119"}],"wp:term":[{"taxonomy":"category","embeddable":true,"href":"https:\/\/rioonwatch.org.br\/index.php?rest_route=%2Fwp%2Fv2%2Fcategories&post=13119"},{"taxonomy":"post_tag","embeddable":true,"href":"https:\/\/rioonwatch.org.br\/index.php?rest_route=%2Fwp%2Fv2%2Ftags&post=13119"},{"taxonomy":"writer","embeddable":true,"href":"https:\/\/rioonwatch.org.br\/index.php?rest_route=%2Fwp%2Fv2%2Fwriter&post=13119"},{"taxonomy":"translator","embeddable":true,"href":"https:\/\/rioonwatch.org.br\/index.php?rest_route=%2Fwp%2Fv2%2Ftranslator&post=13119"},{"taxonomy":"source","embeddable":true,"href":"https:\/\/rioonwatch.org.br\/index.php?rest_route=%2Fwp%2Fv2%2Fsource&post=13119"},{"taxonomy":"ilustrador","embeddable":true,"href":"https:\/\/rioonwatch.org.br\/index.php?rest_route=%2Fwp%2Fv2%2Filustrador&post=13119"},{"taxonomy":"fotografo","embeddable":true,"href":"https:\/\/rioonwatch.org.br\/index.php?rest_route=%2Fwp%2Fv2%2Ffotografo&post=13119"}],"curies":[{"name":"wp","href":"https:\/\/api.w.org\/{rel}","templated":true}]}}