{"id":13132,"date":"2014-12-22T11:18:23","date_gmt":"2014-12-22T14:18:23","guid":{"rendered":"http:\/\/rioonwatch.org.br\/?p=13132"},"modified":"2015-12-19T16:16:35","modified_gmt":"2015-12-19T19:16:35","slug":"rio-invisivel-conta-historias-dos-moradores-de-rua-do-rio-de-janeiro","status":"publish","type":"post","link":"https:\/\/rioonwatch.org.br\/?p=13132","title":{"rendered":"RIO Invis\u00edvel Conta Hist\u00f3rias dos Moradores de Rua do Rio de Janeiro"},"content":{"rendered":"<p style=\"text-align: right;\"><em><strong><a href=\"http:\/\/bit.ly\/1zjh1oV\" target=\"_blank\">Click Here for English<img decoding=\"async\" width=\"20\" height=\"20\" class=\"alignright wp-image-15790\" src=\"http:\/\/rioonwatch.org.br\/wp-content\/uploads\/2012\/08\/EN-standard-e1439583104716.jpg\" alt=\"\" \/><\/a><\/strong><\/em><\/p>\n<p>As hist\u00f3rias dos moradores de rua do Rio de Janeiro est\u00e3o sendo contadas pela p\u00e1gina do Facebook chamada <a href=\"http:\/\/on.fb.me\/1uuXP7V\" target=\"_blank\">RIO Invis\u00edvel<\/a>.<\/p>\n<p>Os criadores da p\u00e1gina, Nelson Pinho e Yzadora Monteiro, ambos de 23 anos, falam com os moradores de rua, tiram seus retratos e postam as hist\u00f3rias na p\u00e1gina, que j\u00e1 ganhou mais de 67 mil curtidas desde que foi lan\u00e7ada em setembro. No estilo da p\u00e1gina americana &#8216;<a href=\"http:\/\/on.fb.me\/1tSFLzt\" target=\"_blank\">Humans of New York<\/a>&#8216;, Pinho e Monteiro buscam transformar as percep\u00e7\u00f5es sobre a popula\u00e7\u00e3o de rua do Rio.<\/p>\n<p>&#8220;N\u00f3s percebemos que a rua \u00e9 um lugar de passagem, e que os moradores de rua s\u00e3o parte dessa passagem, mas ningu\u00e9m sabe da hist\u00f3ria deles&#8221;, disse Monteiro. &#8220;No come\u00e7o [RIO Invis\u00edvel] n\u00e3o ia ser s\u00f3 sobre os moradores de rua, mas tamb\u00e9m de outras pessoas que s\u00e3o silenciadas. A\u00ed vimos que eles s\u00e3o os mais silenciados, eles sempre foram representados por outras pessoas e\u00a0n\u00e3o por eles mesmos&#8221;.<\/p>\n<p>As fotos, a maioria de pessoas vivendo nas ruas da Zona Sul do Rio de Janeiro, s\u00e3o postadas com uma transcri\u00e7\u00e3o da conversa entre os criadores e o retratado, sem uma introdu\u00e7\u00e3o ou narrativa. Isso porque o foco do projeto \u00e9 que as pessoas representem a si mesmas, com o menor tipo de interven\u00e7\u00e3o poss\u00edvel.<\/p>\n<p>&#8220;\u00c0s vezes recebemos mensagens dizendo: &#8216;mas o que voc\u00ea postou \u00e9\u00a0verdade?&#8217; N\u00f3s n\u00e3o nos preocupamos com isso, n\u00e3o duvidamos da hist\u00f3ria deles. Foi dito, o encontro aconteceu, e \u00e9 assim que a pessoa quer ser representada&#8221;, explicou Monteiro.<\/p>\n<p>Em tr\u00eas\u00a0meses de exist\u00eancia, a p\u00e1gina ganhou mais de 67 mil curtidas. Monteiro diz que o sucesso se deve \u00e0 curiosidade escondida que existe sobre os moradores de rua.<\/p>\n<p>&#8220;Eu acho que havia uma lacuna a ser preenchida, era uma voz que n\u00e3o existia e de que as pessoas inconscientemente sentiam falta. Os moradores de rua\u00a0n\u00e3o s\u00e3o invis\u00edveis, mas suas hist\u00f3rias s\u00e3o. N\u00f3s recebemos muitas mensagens dizendo &#8216;vem aqui e fala com este morador de rua, eu quero muito saber a\u00a0hist\u00f3ria dele&#8217;. E n\u00f3s motivamos as pessoas a irem l\u00e1 e falarem com eles, a derrubarem esse muro&#8221;.<\/p>\n<p>Com esse objetivo, Monteiro e Pinho lan\u00e7aram uma <a href=\"http:\/\/bit.ly\/1uDwOPT\" target=\"_blank\">p\u00e1gina de submiss\u00f5es no Tumblr<\/a>, onde os leitores podem enviar suas pr\u00f3prias hist\u00f3rias e fotos. Eles querem motivar os leitores a n\u00e3o s\u00f3 buscarem a hist\u00f3ria, mas ter uma troca humana com algu\u00e9m para quem eles normalmente n\u00e3o olham duas vezes.<\/p>\n<p>&#8220;A gente n\u00e3o coloca tudo que eles falam online&#8221;, disse Monteiro. &#8220;Algumas pessoas n\u00e3o querem ser fotografadas. Mas n\u00f3s vamos e conversamos e conhecemos eles&#8221;.<\/p>\n<p>De todas as pessoas com quem Monteiro conversou, a que mais se destacou foi uma mulher chamada Val\u00e9ria. Ela perdeu sua casa por ter deixado um namorado abusivo e sua hist\u00f3ria tocou Monteiro.<\/p>\n<p>&#8220;O namorado dela batia nela e ela levou muito tempo pra deixar ele, porque ela gostava muito dele. Enquanto eu falava com ela, eu comecei a perceber uma grande for\u00e7a nela e isso mexeu comigo. Toda vez que eu perguntava alguma coisa, ela perguntava de volta pra mim. Isso que \u00e9 legal, que estamos criando uma rela\u00e7\u00e3o horizontal. S\u00e3o duas pessoas se relacionando e tendo uma conversa espont\u00e2nea e solta&#8221;.<\/p>\n<p>Abaixo alguns dos posts do RIO Invis\u00edvel:<\/p>\n<h3>Val\u00e9ria<\/h3>\n<p><a href=\"http:\/\/rioonwatch.org.br\/wp-content\/uploads\/2014\/12\/10420371_676455402471934_1782614633395872118_n.jpg\"><img fetchpriority=\"high\" decoding=\"async\" class=\"aligncenter wp-image-13133\" title=\"Val\u00e9ria. Foto: RIO Invis\u00edvel\" src=\"http:\/\/rioonwatch.org.br\/wp-content\/uploads\/2014\/12\/10420371_676455402471934_1782614633395872118_n.jpg\" alt=\"\" width=\"640\" height=\"272\" srcset=\"https:\/\/rioonwatch.org.br\/wp-content\/uploads\/2014\/12\/10420371_676455402471934_1782614633395872118_n.jpg 1000w, https:\/\/rioonwatch.org.br\/wp-content\/uploads\/2014\/12\/10420371_676455402471934_1782614633395872118_n-620x264.jpg 620w, https:\/\/rioonwatch.org.br\/wp-content\/uploads\/2014\/12\/10420371_676455402471934_1782614633395872118_n-940x400.jpg 940w\" sizes=\"(max-width: 640px) 100vw, 640px\" \/><\/a><\/p>\n<blockquote><p>\u201cPode me chamar de Val\u00e9ria. Ih, nem sei minha idade direito. Eu t\u00f4 por fora. (&#8230;) Moro por aqui mesmo j\u00e1 tem um tempinho. Aqui \u00e9 um lugar bom, sabe? Ainda mais quando a gente come\u00e7a a lembrar das coisas, fica melhor ainda. Mas s\u00f3 adianta lembrar, n\u00e3o muda nada&#8230;<\/p>\n<p>\u00c0s vezes eu fico em outro lugar, dentro da minha mente, e deixo meu espirito trabalhar sozinho no meu corpo, entende? Tem muita coisa que esque\u00e7o, me perco. Quando voc\u00ea come\u00e7a a cutucar at\u00e9 lembro, mas de um jeito que vem machucando. Faz um temp\u00e3o que n\u00e3o namoro. Est\u00e1 fora da minha rotina, sabe? (&#8230;) Gostaria de voltar ao meu ritmo como antes, ir pros bailes&#8230; Mas \u00e9 tanta pedrada, tanto julgamento, que voc\u00ea fica sem entender. At\u00e9 o dia que eu vi que essas coisas n\u00e3o me pertenciam mais: briga, viol\u00eancia. Chega!<\/p>\n<p>Queria que as coisas voltassem do jeito que eram antes, sem as brigas. J\u00e1 encontrei com ele algumas vezes, mas n\u00e3o deu em nada. Acho que nem vai dar t\u00e3o cedo. Gostaria muito de reconquistar todos os caras que eu tive alguma coisa. Mas sem essa viol\u00eancia toda em cima de mim.<\/p>\n<p>(&#8230;) Mas a minha maior vontade, diante do reino do c\u00e9u e da terra, \u00e9 viver no meu para\u00edso com meu amor. N\u00f3s dois. Mas eu t\u00f4 t\u00e3o fora dele que nem sei mais se gosto mesmo. Devo gostar de outro e t\u00f4 falando dele. (&#8230;) Eu adorei te conhecer, mas hoje eu n\u00e3o t\u00f4 aqui n\u00e3o.&#8221;<\/p><\/blockquote>\n<p><em>Enquanto convers\u00e1vamos, um amigo de Val\u00e9ria apareceu. Ele disse: \u201cSabe por que ela n\u00e3o lembra de muita coisa? Porque viveu no inferno. Ela perdeu muita felicidade, o sonho dela foi perdido&#8221;.<\/em><\/p>\n<h3>Guilherme<\/h3>\n<p><a href=\"http:\/\/rioonwatch.org.br\/wp-content\/uploads\/2014\/12\/10358549_657801521003989_1802589673177312014_n.jpg\"><img decoding=\"async\" class=\"aligncenter wp-image-13134\" title=\"Guilherme. Foto: RIO Invis\u00edvel\" src=\"http:\/\/rioonwatch.org.br\/wp-content\/uploads\/2014\/12\/10358549_657801521003989_1802589673177312014_n.jpg\" alt=\"\" width=\"640\" height=\"273\" srcset=\"https:\/\/rioonwatch.org.br\/wp-content\/uploads\/2014\/12\/10358549_657801521003989_1802589673177312014_n.jpg 998w, https:\/\/rioonwatch.org.br\/wp-content\/uploads\/2014\/12\/10358549_657801521003989_1802589673177312014_n-620x264.jpg 620w, https:\/\/rioonwatch.org.br\/wp-content\/uploads\/2014\/12\/10358549_657801521003989_1802589673177312014_n-940x400.jpg 940w\" sizes=\"(max-width: 640px) 100vw, 640px\" \/><\/a><\/p>\n<blockquote><p>&#8220;Meu nome \u00e9 Guilherme, tenho 20 anos. T\u00f4 com cara de acabado, n\u00e9? Eu moro na rua h\u00e1 4, mas tenho casa. Sa\u00ed de l\u00e1 por causa de briga e n\u00e3o volto mais&#8211;\u00e9 muita dor de cabe\u00e7a. Agora, meu melhor amigo \u00e9 o Fox, meu companheiro. Encontrei ele na rua em 2012. Come\u00e7ou a me seguir e n\u00e3o largou mais. Faz o maior sucesso com esse \u00f3culos. Foi ideia de um doid\u00e3o que passou e disse que eu ficaria famoso assim.<\/p>\n<p>Conquistei os moradores da regi\u00e3o. Eles me ajudam muito. Uma senhora me deu a ideia de come\u00e7ar a vender livro. Recebo doa\u00e7\u00f5es, leio e vendo. Acho que j\u00e1 li pra l\u00e1 de 400, sem brincadeira. Leio de tudo, mas sempre releio a B\u00edblia. Fechada \u00e9 s\u00f3 um livro, mas, quando voc\u00ea abre, \u00e9 mais do que isso. Uma vez uma mo\u00e7a chegou aqui com depress\u00e3o, recitei um Salmo pra ela e saiu com sorriso de orelha \u00e0 orelha.<\/p>\n<p>J\u00e1 me chamaram pra roubar, mas n\u00e3o acho certo. Eu espero que um dia eu alcance meu objetivo: sair da rua. Hoje mesmo tirei meus documentos. S\u00f3 t\u00e1 faltando a carteira de trabalho.&#8221;<\/p><\/blockquote>\n<p><em>Ap\u00f3s me indicar alguns livros, Guilherme passou um pente no Fox para tirar a foto.<\/em><\/p>\n<h3>Dorian<\/h3>\n<p><a href=\"http:\/\/rioonwatch.org.br\/wp-content\/uploads\/2014\/12\/10646939_661114017339406_1199165151502655354_n.jpg\"><img loading=\"lazy\" decoding=\"async\" class=\"aligncenter wp-image-13135\" title=\"Dorian. Foto: RIO Invis\u00edvel\" src=\"http:\/\/rioonwatch.org.br\/wp-content\/uploads\/2014\/12\/10646939_661114017339406_1199165151502655354_n.jpg\" alt=\"\" width=\"640\" height=\"273\" srcset=\"https:\/\/rioonwatch.org.br\/wp-content\/uploads\/2014\/12\/10646939_661114017339406_1199165151502655354_n.jpg 998w, https:\/\/rioonwatch.org.br\/wp-content\/uploads\/2014\/12\/10646939_661114017339406_1199165151502655354_n-620x264.jpg 620w, https:\/\/rioonwatch.org.br\/wp-content\/uploads\/2014\/12\/10646939_661114017339406_1199165151502655354_n-768x327.jpg 768w, https:\/\/rioonwatch.org.br\/wp-content\/uploads\/2014\/12\/10646939_661114017339406_1199165151502655354_n-940x400.jpg 940w\" sizes=\"(max-width: 640px) 100vw, 640px\" \/><\/a><\/p>\n<blockquote><p>\u201cMeu nome \u00e9 Dorian, D-O-R-I-A-N. Nasci dia 23 de janeiro de 1960. Moro na rua desde 1992, fui expulso de casa um ano depois que meu pai morreu. Ele foi meu exemplo de pessoa e amigo, n\u00e3o cheguei a conhecer a minha m\u00e3e \u2013 ela morreu quando eu tinha tr\u00eas anos. Minha madrasta n\u00e3o gostava de mim e nem dele. No enterro, enquanto alguns choravam, ela sorria. Ficou com a casa, com o dinheiro e eu vim parar aqui.<\/p>\n<p>Na rua, discriminam muito a gente, nos chamam de mendigo. Mas todos n\u00f3s somos pessoas. N\u00e3o adianta, pode ser pobre ou rico, todo mundo um dia vai partir e ir pro mesmo lugar. Minha tia era muito rica, mas se suicidou. A filha ficou com a heran\u00e7a e, hoje, mora em Bras\u00edlia e est\u00e1 casada com um piloto de avi\u00e3o. Est\u00e1 benz\u00e3o.<\/p>\n<p>N\u00e3o tive mais fam\u00edlia, n\u00e3o conheci ningu\u00e9m na rua. Eu sonho com uma mudan\u00e7a. Quero sair daqui, arranjar um emprego, mas estou sem documento. N\u00e3o tiro outro porque n\u00e3o tenho nem onde guardar. J\u00e1 trabalhei em supermercado, lavei \u00f4nibus e tamb\u00e9m tocava viol\u00e3o em bares. Em troca, ganhava comida.<\/p>\n<p>Eu nunca fui artista n\u00e3o, aprendi a tocar sozinho, tinha um bolo daquelas revistinhas com acordes. Pra animar, adorava tocar Roberto Carlos, Tim Maia e at\u00e9 em ingl\u00eas&#8230; Aquela que tem um hino muito bonito, do John Lenon, conhece? Imagine. Falavam que eu canto bem, tinha gente que dan\u00e7ava e tudo. Ano passado eu toquei uma m\u00fasica para um pessoal l\u00e1 e todo mundo gostou. A\u00ed eu estava andando com o viol\u00e3o no ombro e, n\u00e3o sei o que houve, ele escapuliu da minha m\u00e3o, caiu no ch\u00e3o e quebrou. Fiquei sem.\u201d<\/p><\/blockquote>\n<p><em>Dorian quer ganhar na loteria. Com pr\u00eamio, ele vai comprar uma casa, conhecer o Brasil todo e \u201ctirar uma ondazinha nos Estados Unidos\u201d.<\/em><\/p>\n<h3>Soraia<\/h3>\n<p><a href=\"http:\/\/rioonwatch.org.br\/wp-content\/uploads\/2014\/12\/10685567_680183288765812_3364637456948436609_n.jpg\"><img loading=\"lazy\" decoding=\"async\" class=\"aligncenter wp-image-13136\" title=\"Soraya. Foto: RIO Invis\u00edvel\" src=\"http:\/\/rioonwatch.org.br\/wp-content\/uploads\/2014\/12\/10685567_680183288765812_3364637456948436609_n.jpg\" alt=\"\" width=\"640\" height=\"273\" srcset=\"https:\/\/rioonwatch.org.br\/wp-content\/uploads\/2014\/12\/10685567_680183288765812_3364637456948436609_n.jpg 998w, https:\/\/rioonwatch.org.br\/wp-content\/uploads\/2014\/12\/10685567_680183288765812_3364637456948436609_n-620x264.jpg 620w, https:\/\/rioonwatch.org.br\/wp-content\/uploads\/2014\/12\/10685567_680183288765812_3364637456948436609_n-940x400.jpg 940w\" sizes=\"(max-width: 640px) 100vw, 640px\" \/><\/a><\/p>\n<blockquote><p>&#8220;Meu nome \u00e9 Soraia. Tenho 37, quase 40 anos. Eu trabalhava como dom\u00e9stica e morava com essa fam\u00edlia. A gente fica tanto tempo cuidando da casa de uma pessoa que sente falta de ter a nossa. Um dia resolvi sair pra poder ter a minha vida. N\u00e3o fazia ideia de que ia ficar na rua esse tempo todo. Estou h\u00e1 mais de um ano. Muito tempo.<\/p>\n<p>\u00c9 ruim. Eu nunca fui uma pessoa de rua. A gente sente falta da fam\u00edlia, algu\u00e9m de confian\u00e7a, do conv\u00edvio mesmo. Aqui, conversamos com um ou outro, mas faz falta uma pessoa que j\u00e1 te conhece &#8211; tanto faz se \u00e9 boa ou ruim, pelo menos j\u00e1 te conhece. Fam\u00edlia mesmo, n\u00e9? Vejo um monte de gente passar durante todos os dias, mas nunca os vi. Eu penso em voltar pra casa, mas eu comecei a ficar com a roupa suja e o \u00f4nibus n\u00e3o para pra mim.<\/p>\n<p>E eu nem lembro o endere\u00e7o, s\u00f3 vou saber indo. N\u00e3o sou essa pessoa que guarda nome de rua, sabe?&#8221;<\/p><\/blockquote>\n<p><em>Quando fotografamos Soraia, ela estranhou a m\u00e1quina. Em seguida, a foto: &#8220;Quem \u00e9 essa pessoa?&#8221;<\/em><\/p>\n<h3>Para ler mais hist\u00f3rias sobre os moradores de rua cariocas clique <a href=\"http:\/\/on.fb.me\/1uuXP7V\" target=\"_blank\">aqui<\/a>.<\/h3>\n<!-- AddThis Advanced Settings generic via filter on the_content --><!-- AddThis Share Buttons generic via filter on the_content -->","protected":false},"excerpt":{"rendered":"<div class=\"mh-excerpt\"><p>Click Here for English As hist\u00f3rias dos moradores de rua do Rio de Janeiro est\u00e3o sendo contadas pela p\u00e1gina do Facebook chamada RIO Invis\u00edvel. Os criadores da p\u00e1gina, Nelson Pinho e Yzadora Monteiro, ambos de <a class=\"mh-excerpt-more\" href=\"https:\/\/rioonwatch.org.br\/?p=13132\" title=\"RIO Invis\u00edvel Conta Hist\u00f3rias dos Moradores de Rua do Rio de Janeiro\">[&#8230;]<\/a><!-- AddThis Advanced Settings generic via filter on get_the_excerpt --><!-- AddThis Share Buttons generic via filter on get_the_excerpt --><\/p>\n<\/div>","protected":false},"author":137,"featured_media":13135,"comment_status":"closed","ping_status":"closed","sticky":false,"template":"","format":"standard","meta":{"_acf_changed":false,"_monsterinsights_skip_tracking":false,"_monsterinsights_sitenote_active":false,"_monsterinsights_sitenote_note":"","_monsterinsights_sitenote_category":0,"footnotes":""},"categories":[342],"tags":[831,379,243,383],"writer":[1657],"translator":[1342],"source":[],"ilustrador":[],"fotografo":[],"class_list":{"0":"post-13132","1":"post","2":"type-post","3":"status-publish","4":"format-standard","5":"has-post-thumbnail","7":"category-solucoes","8":"tag-direito-a-cidade","9":"tag-midia-social","10":"tag-moradores-de-rua","11":"tag-zona-sul","12":"writer-nicole-froio","13":"translator-patricia-monteiro"},"acf":[],"yoast_head":"<!-- This site is optimized with the Yoast SEO plugin v25.6 - https:\/\/yoast.com\/wordpress\/plugins\/seo\/ -->\n<title>RIO Invis\u00edvel Conta Hist\u00f3rias dos Moradores de Rua do Rio de Janeiro - RioOnWatch<\/title>\n<meta name=\"robots\" content=\"index, follow, max-snippet:-1, max-image-preview:large, max-video-preview:-1\" \/>\n<link rel=\"canonical\" href=\"https:\/\/rioonwatch.org.br\/?p=13132\" \/>\n<meta property=\"og:locale\" content=\"pt_BR\" \/>\n<meta property=\"og:type\" content=\"article\" \/>\n<meta property=\"og:title\" content=\"RIO Invis\u00edvel Conta Hist\u00f3rias dos Moradores de Rua do Rio de Janeiro - RioOnWatch\" \/>\n<meta property=\"og:description\" content=\"Click Here for English As hist\u00f3rias dos moradores de rua do Rio de Janeiro est\u00e3o sendo contadas pela p\u00e1gina do Facebook chamada RIO Invis\u00edvel. Os criadores da p\u00e1gina, Nelson Pinho e Yzadora Monteiro, ambos de [...]\" \/>\n<meta property=\"og:url\" content=\"https:\/\/rioonwatch.org.br\/?p=13132\" \/>\n<meta property=\"og:site_name\" content=\"RioOnWatch\" \/>\n<meta property=\"article:published_time\" content=\"2014-12-22T14:18:23+00:00\" \/>\n<meta property=\"article:modified_time\" content=\"2015-12-19T19:16:35+00:00\" \/>\n<meta property=\"og:image\" content=\"https:\/\/rioonwatch.org.br\/wp-content\/uploads\/2014\/12\/10646939_661114017339406_1199165151502655354_n.jpg\" \/>\n\t<meta property=\"og:image:width\" content=\"998\" \/>\n\t<meta property=\"og:image:height\" content=\"425\" \/>\n\t<meta property=\"og:image:type\" content=\"image\/jpeg\" \/>\n<meta name=\"author\" content=\"Nicole Froio\" \/>\n<meta name=\"twitter:card\" content=\"summary_large_image\" \/>\n<meta name=\"twitter:label1\" content=\"Escrito por\" \/>\n\t<meta name=\"twitter:data1\" content=\"Nicole Froio\" \/>\n\t<meta name=\"twitter:label2\" content=\"Est. tempo de leitura\" \/>\n\t<meta name=\"twitter:data2\" content=\"8 minutos\" \/>\n<script type=\"application\/ld+json\" class=\"yoast-schema-graph\">{\"@context\":\"https:\/\/schema.org\",\"@graph\":[{\"@type\":\"Article\",\"@id\":\"https:\/\/rioonwatch.org.br\/?p=13132#article\",\"isPartOf\":{\"@id\":\"https:\/\/rioonwatch.org.br\/?p=13132\"},\"author\":{\"name\":\"Nicole Froio\",\"@id\":\"https:\/\/rioonwatch.org.br\/#\/schema\/person\/e07d559fe2154d11fd3ec515e35695ee\"},\"headline\":\"RIO Invis\u00edvel Conta Hist\u00f3rias dos Moradores de Rua do Rio de Janeiro\",\"datePublished\":\"2014-12-22T14:18:23+00:00\",\"dateModified\":\"2015-12-19T19:16:35+00:00\",\"mainEntityOfPage\":{\"@id\":\"https:\/\/rioonwatch.org.br\/?p=13132\"},\"wordCount\":1654,\"publisher\":{\"@id\":\"https:\/\/rioonwatch.org.br\/#organization\"},\"image\":{\"@id\":\"https:\/\/rioonwatch.org.br\/?p=13132#primaryimage\"},\"thumbnailUrl\":\"https:\/\/rioonwatch.org.br\/wp-content\/uploads\/2014\/12\/10646939_661114017339406_1199165151502655354_n.jpg\",\"keywords\":[\"Direito \u00e0 Cidade\",\"m\u00eddia social\",\"Moradores em Situa\u00e7\u00e3o de Rua\",\"Zona Sul\"],\"articleSection\":[\"Solu\u00e7\u00f5es\"],\"inLanguage\":\"pt-BR\"},{\"@type\":\"WebPage\",\"@id\":\"https:\/\/rioonwatch.org.br\/?p=13132\",\"url\":\"https:\/\/rioonwatch.org.br\/?p=13132\",\"name\":\"RIO Invis\u00edvel Conta Hist\u00f3rias dos Moradores de Rua do Rio de Janeiro - RioOnWatch\",\"isPartOf\":{\"@id\":\"https:\/\/rioonwatch.org.br\/#website\"},\"primaryImageOfPage\":{\"@id\":\"https:\/\/rioonwatch.org.br\/?p=13132#primaryimage\"},\"image\":{\"@id\":\"https:\/\/rioonwatch.org.br\/?p=13132#primaryimage\"},\"thumbnailUrl\":\"https:\/\/rioonwatch.org.br\/wp-content\/uploads\/2014\/12\/10646939_661114017339406_1199165151502655354_n.jpg\",\"datePublished\":\"2014-12-22T14:18:23+00:00\",\"dateModified\":\"2015-12-19T19:16:35+00:00\",\"breadcrumb\":{\"@id\":\"https:\/\/rioonwatch.org.br\/?p=13132#breadcrumb\"},\"inLanguage\":\"pt-BR\",\"potentialAction\":[{\"@type\":\"ReadAction\",\"target\":[\"https:\/\/rioonwatch.org.br\/?p=13132\"]}]},{\"@type\":\"ImageObject\",\"inLanguage\":\"pt-BR\",\"@id\":\"https:\/\/rioonwatch.org.br\/?p=13132#primaryimage\",\"url\":\"https:\/\/rioonwatch.org.br\/wp-content\/uploads\/2014\/12\/10646939_661114017339406_1199165151502655354_n.jpg\",\"contentUrl\":\"https:\/\/rioonwatch.org.br\/wp-content\/uploads\/2014\/12\/10646939_661114017339406_1199165151502655354_n.jpg\",\"width\":998,\"height\":425},{\"@type\":\"BreadcrumbList\",\"@id\":\"https:\/\/rioonwatch.org.br\/?p=13132#breadcrumb\",\"itemListElement\":[{\"@type\":\"ListItem\",\"position\":1,\"name\":\"In\u00edcio\",\"item\":\"https:\/\/rioonwatch.org.br\/\"},{\"@type\":\"ListItem\",\"position\":2,\"name\":\"RIO Invis\u00edvel Conta Hist\u00f3rias dos Moradores de Rua do Rio de Janeiro\"}]},{\"@type\":\"WebSite\",\"@id\":\"https:\/\/rioonwatch.org.br\/#website\",\"url\":\"https:\/\/rioonwatch.org.br\/\",\"name\":\"RioOnWatch\",\"description\":\"relatos das favelas cariocas\",\"publisher\":{\"@id\":\"https:\/\/rioonwatch.org.br\/#organization\"},\"potentialAction\":[{\"@type\":\"SearchAction\",\"target\":{\"@type\":\"EntryPoint\",\"urlTemplate\":\"https:\/\/rioonwatch.org.br\/?s={search_term_string}\"},\"query-input\":{\"@type\":\"PropertyValueSpecification\",\"valueRequired\":true,\"valueName\":\"search_term_string\"}}],\"inLanguage\":\"pt-BR\"},{\"@type\":\"Organization\",\"@id\":\"https:\/\/rioonwatch.org.br\/#organization\",\"name\":\"RioOnWatch\",\"url\":\"https:\/\/rioonwatch.org.br\/\",\"logo\":{\"@type\":\"ImageObject\",\"inLanguage\":\"pt-BR\",\"@id\":\"https:\/\/rioonwatch.org.br\/#\/schema\/logo\/image\/\",\"url\":\"https:\/\/rioonwatch.org.br\/wp-content\/uploads\/2021\/06\/RioOnWatchcabecalhoPT11anos-2.png\",\"contentUrl\":\"https:\/\/rioonwatch.org.br\/wp-content\/uploads\/2021\/06\/RioOnWatchcabecalhoPT11anos-2.png\",\"width\":779,\"height\":277,\"caption\":\"RioOnWatch\"},\"image\":{\"@id\":\"https:\/\/rioonwatch.org.br\/#\/schema\/logo\/image\/\"}},{\"@type\":\"Person\",\"@id\":\"https:\/\/rioonwatch.org.br\/#\/schema\/person\/e07d559fe2154d11fd3ec515e35695ee\",\"name\":\"Nicole Froio\",\"image\":{\"@type\":\"ImageObject\",\"inLanguage\":\"pt-BR\",\"@id\":\"https:\/\/rioonwatch.org.br\/#\/schema\/person\/image\/\",\"url\":\"https:\/\/secure.gravatar.com\/avatar\/0acdbd6878ca0ac29aa5ce6c6119d636?s=96&d=blank&r=g\",\"contentUrl\":\"https:\/\/secure.gravatar.com\/avatar\/0acdbd6878ca0ac29aa5ce6c6119d636?s=96&d=blank&r=g\",\"caption\":\"Nicole Froio\"},\"url\":\"https:\/\/rioonwatch.org.br\/?author=137\"}]}<\/script>\n<!-- \/ Yoast SEO plugin. -->","yoast_head_json":{"title":"RIO Invis\u00edvel Conta Hist\u00f3rias dos Moradores de Rua do Rio de Janeiro - RioOnWatch","robots":{"index":"index","follow":"follow","max-snippet":"max-snippet:-1","max-image-preview":"max-image-preview:large","max-video-preview":"max-video-preview:-1"},"canonical":"https:\/\/rioonwatch.org.br\/?p=13132","og_locale":"pt_BR","og_type":"article","og_title":"RIO Invis\u00edvel Conta Hist\u00f3rias dos Moradores de Rua do Rio de Janeiro - RioOnWatch","og_description":"Click Here for English As hist\u00f3rias dos moradores de rua do Rio de Janeiro est\u00e3o sendo contadas pela p\u00e1gina do Facebook chamada RIO Invis\u00edvel. Os criadores da p\u00e1gina, Nelson Pinho e Yzadora Monteiro, ambos de [...]","og_url":"https:\/\/rioonwatch.org.br\/?p=13132","og_site_name":"RioOnWatch","article_published_time":"2014-12-22T14:18:23+00:00","article_modified_time":"2015-12-19T19:16:35+00:00","og_image":[{"width":998,"height":425,"url":"https:\/\/rioonwatch.org.br\/wp-content\/uploads\/2014\/12\/10646939_661114017339406_1199165151502655354_n.jpg","type":"image\/jpeg"}],"author":"Nicole Froio","twitter_card":"summary_large_image","twitter_misc":{"Escrito por":"Nicole Froio","Est. tempo de leitura":"8 minutos"},"schema":{"@context":"https:\/\/schema.org","@graph":[{"@type":"Article","@id":"https:\/\/rioonwatch.org.br\/?p=13132#article","isPartOf":{"@id":"https:\/\/rioonwatch.org.br\/?p=13132"},"author":{"name":"Nicole Froio","@id":"https:\/\/rioonwatch.org.br\/#\/schema\/person\/e07d559fe2154d11fd3ec515e35695ee"},"headline":"RIO Invis\u00edvel Conta Hist\u00f3rias dos Moradores de Rua do Rio de Janeiro","datePublished":"2014-12-22T14:18:23+00:00","dateModified":"2015-12-19T19:16:35+00:00","mainEntityOfPage":{"@id":"https:\/\/rioonwatch.org.br\/?p=13132"},"wordCount":1654,"publisher":{"@id":"https:\/\/rioonwatch.org.br\/#organization"},"image":{"@id":"https:\/\/rioonwatch.org.br\/?p=13132#primaryimage"},"thumbnailUrl":"https:\/\/rioonwatch.org.br\/wp-content\/uploads\/2014\/12\/10646939_661114017339406_1199165151502655354_n.jpg","keywords":["Direito \u00e0 Cidade","m\u00eddia social","Moradores em Situa\u00e7\u00e3o de Rua","Zona Sul"],"articleSection":["Solu\u00e7\u00f5es"],"inLanguage":"pt-BR"},{"@type":"WebPage","@id":"https:\/\/rioonwatch.org.br\/?p=13132","url":"https:\/\/rioonwatch.org.br\/?p=13132","name":"RIO Invis\u00edvel Conta Hist\u00f3rias dos Moradores de Rua do Rio de Janeiro - RioOnWatch","isPartOf":{"@id":"https:\/\/rioonwatch.org.br\/#website"},"primaryImageOfPage":{"@id":"https:\/\/rioonwatch.org.br\/?p=13132#primaryimage"},"image":{"@id":"https:\/\/rioonwatch.org.br\/?p=13132#primaryimage"},"thumbnailUrl":"https:\/\/rioonwatch.org.br\/wp-content\/uploads\/2014\/12\/10646939_661114017339406_1199165151502655354_n.jpg","datePublished":"2014-12-22T14:18:23+00:00","dateModified":"2015-12-19T19:16:35+00:00","breadcrumb":{"@id":"https:\/\/rioonwatch.org.br\/?p=13132#breadcrumb"},"inLanguage":"pt-BR","potentialAction":[{"@type":"ReadAction","target":["https:\/\/rioonwatch.org.br\/?p=13132"]}]},{"@type":"ImageObject","inLanguage":"pt-BR","@id":"https:\/\/rioonwatch.org.br\/?p=13132#primaryimage","url":"https:\/\/rioonwatch.org.br\/wp-content\/uploads\/2014\/12\/10646939_661114017339406_1199165151502655354_n.jpg","contentUrl":"https:\/\/rioonwatch.org.br\/wp-content\/uploads\/2014\/12\/10646939_661114017339406_1199165151502655354_n.jpg","width":998,"height":425},{"@type":"BreadcrumbList","@id":"https:\/\/rioonwatch.org.br\/?p=13132#breadcrumb","itemListElement":[{"@type":"ListItem","position":1,"name":"In\u00edcio","item":"https:\/\/rioonwatch.org.br\/"},{"@type":"ListItem","position":2,"name":"RIO Invis\u00edvel Conta Hist\u00f3rias dos Moradores de Rua do Rio de Janeiro"}]},{"@type":"WebSite","@id":"https:\/\/rioonwatch.org.br\/#website","url":"https:\/\/rioonwatch.org.br\/","name":"RioOnWatch","description":"relatos das favelas cariocas","publisher":{"@id":"https:\/\/rioonwatch.org.br\/#organization"},"potentialAction":[{"@type":"SearchAction","target":{"@type":"EntryPoint","urlTemplate":"https:\/\/rioonwatch.org.br\/?s={search_term_string}"},"query-input":{"@type":"PropertyValueSpecification","valueRequired":true,"valueName":"search_term_string"}}],"inLanguage":"pt-BR"},{"@type":"Organization","@id":"https:\/\/rioonwatch.org.br\/#organization","name":"RioOnWatch","url":"https:\/\/rioonwatch.org.br\/","logo":{"@type":"ImageObject","inLanguage":"pt-BR","@id":"https:\/\/rioonwatch.org.br\/#\/schema\/logo\/image\/","url":"https:\/\/rioonwatch.org.br\/wp-content\/uploads\/2021\/06\/RioOnWatchcabecalhoPT11anos-2.png","contentUrl":"https:\/\/rioonwatch.org.br\/wp-content\/uploads\/2021\/06\/RioOnWatchcabecalhoPT11anos-2.png","width":779,"height":277,"caption":"RioOnWatch"},"image":{"@id":"https:\/\/rioonwatch.org.br\/#\/schema\/logo\/image\/"}},{"@type":"Person","@id":"https:\/\/rioonwatch.org.br\/#\/schema\/person\/e07d559fe2154d11fd3ec515e35695ee","name":"Nicole Froio","image":{"@type":"ImageObject","inLanguage":"pt-BR","@id":"https:\/\/rioonwatch.org.br\/#\/schema\/person\/image\/","url":"https:\/\/secure.gravatar.com\/avatar\/0acdbd6878ca0ac29aa5ce6c6119d636?s=96&d=blank&r=g","contentUrl":"https:\/\/secure.gravatar.com\/avatar\/0acdbd6878ca0ac29aa5ce6c6119d636?s=96&d=blank&r=g","caption":"Nicole Froio"},"url":"https:\/\/rioonwatch.org.br\/?author=137"}]}},"_links":{"self":[{"href":"https:\/\/rioonwatch.org.br\/index.php?rest_route=\/wp\/v2\/posts\/13132"}],"collection":[{"href":"https:\/\/rioonwatch.org.br\/index.php?rest_route=\/wp\/v2\/posts"}],"about":[{"href":"https:\/\/rioonwatch.org.br\/index.php?rest_route=\/wp\/v2\/types\/post"}],"author":[{"embeddable":true,"href":"https:\/\/rioonwatch.org.br\/index.php?rest_route=\/wp\/v2\/users\/137"}],"replies":[{"embeddable":true,"href":"https:\/\/rioonwatch.org.br\/index.php?rest_route=%2Fwp%2Fv2%2Fcomments&post=13132"}],"version-history":[{"count":12,"href":"https:\/\/rioonwatch.org.br\/index.php?rest_route=\/wp\/v2\/posts\/13132\/revisions"}],"predecessor-version":[{"id":17715,"href":"https:\/\/rioonwatch.org.br\/index.php?rest_route=\/wp\/v2\/posts\/13132\/revisions\/17715"}],"wp:featuredmedia":[{"embeddable":true,"href":"https:\/\/rioonwatch.org.br\/index.php?rest_route=\/wp\/v2\/media\/13135"}],"wp:attachment":[{"href":"https:\/\/rioonwatch.org.br\/index.php?rest_route=%2Fwp%2Fv2%2Fmedia&parent=13132"}],"wp:term":[{"taxonomy":"category","embeddable":true,"href":"https:\/\/rioonwatch.org.br\/index.php?rest_route=%2Fwp%2Fv2%2Fcategories&post=13132"},{"taxonomy":"post_tag","embeddable":true,"href":"https:\/\/rioonwatch.org.br\/index.php?rest_route=%2Fwp%2Fv2%2Ftags&post=13132"},{"taxonomy":"writer","embeddable":true,"href":"https:\/\/rioonwatch.org.br\/index.php?rest_route=%2Fwp%2Fv2%2Fwriter&post=13132"},{"taxonomy":"translator","embeddable":true,"href":"https:\/\/rioonwatch.org.br\/index.php?rest_route=%2Fwp%2Fv2%2Ftranslator&post=13132"},{"taxonomy":"source","embeddable":true,"href":"https:\/\/rioonwatch.org.br\/index.php?rest_route=%2Fwp%2Fv2%2Fsource&post=13132"},{"taxonomy":"ilustrador","embeddable":true,"href":"https:\/\/rioonwatch.org.br\/index.php?rest_route=%2Fwp%2Fv2%2Filustrador&post=13132"},{"taxonomy":"fotografo","embeddable":true,"href":"https:\/\/rioonwatch.org.br\/index.php?rest_route=%2Fwp%2Fv2%2Ffotografo&post=13132"}],"curies":[{"name":"wp","href":"https:\/\/api.w.org\/{rel}","templated":true}]}}