{"id":13146,"date":"2014-12-23T09:04:29","date_gmt":"2014-12-23T12:04:29","guid":{"rendered":"http:\/\/rioonwatch.org.br\/?p=13146"},"modified":"2024-06-20T16:29:32","modified_gmt":"2024-06-20T19:29:32","slug":"se-essa-vila-nao-fosse-minha-novo-documentario-conta-a-historia-da-vila-autodromo-resenha","status":"publish","type":"post","link":"https:\/\/rioonwatch.org.br\/?p=13146","title":{"rendered":"Se Essa Vila N\u00e3o Fosse Minha: Novo Document\u00e1rio Conta a Hist\u00f3ria da Vila Aut\u00f3dromo [RESENHA]"},"content":{"rendered":"<p style=\"text-align: right;\"><em><strong><a href=\"http:\/\/bit.ly\/1slT1NG\" target=\"_blank\" rel=\"noopener\">Click Here for English<img decoding=\"async\" width=\"20\" height=\"20\" class=\"alignright wp-image-15790\" src=\"http:\/\/rioonwatch.org.br\/wp-content\/uploads\/2012\/08\/EN-standard-e1439583104716.jpg\" alt=\"\" \/><\/a><\/strong><\/em><\/p>\n<p><a href=\"http:\/\/bit.ly\/1w3B4bJ\" target=\"_blank\" rel=\"noopener\"><em>Se Essa Vila N\u00e3o Fosse Minha<\/em><\/a> \u00e9 um novo document\u00e1rio produzido por Felipe Pena, que conta a hist\u00f3ria da <a href=\"http:\/\/bit.ly\/Nfddvg\" target=\"_blank\" rel=\"noopener\">Vila Aut\u00f3dromo<\/a> e sua luta contra as remo\u00e7\u00f5es. A favela \u00e9 adjacente ao Parque Ol\u00edmpico na Barra da Tijuca, na <a href=\"http:\/\/bit.ly\/11tBmFR\" target=\"_blank\" rel=\"noopener\">Zona Oeste<\/a> do Rio. O filme oferece uma perspectiva verdadeira dos moradores e \u00e9 formado\u00a0quase inteiramente de entrevistas com moradores e imagens\u00a0do bairro.<\/p>\n<p><a href=\"http:\/\/rioonwatch.org.br\/wp-content\/uploads\/2014\/12\/VAbig.jpg\"><img fetchpriority=\"high\" decoding=\"async\" class=\"aligncenter wp-image-13148\" title=\"Vila Aut\u00f3dromo \u00e0 esquerda, ao lado do Parque Ol\u00edmpico. Foto: Instituto de Arquitetos Brasileiros.\" src=\"http:\/\/rioonwatch.org.br\/wp-content\/uploads\/2014\/12\/VAbig.jpg\" alt=\"\" width=\"640\" height=\"360\" srcset=\"https:\/\/rioonwatch.org.br\/wp-content\/uploads\/2014\/12\/VAbig.jpg 1000w, https:\/\/rioonwatch.org.br\/wp-content\/uploads\/2014\/12\/VAbig-469x264.jpg 469w, https:\/\/rioonwatch.org.br\/wp-content\/uploads\/2014\/12\/VAbig-620x349.jpg 620w, https:\/\/rioonwatch.org.br\/wp-content\/uploads\/2014\/12\/VAbig-580x326.jpg 580w, https:\/\/rioonwatch.org.br\/wp-content\/uploads\/2014\/12\/VAbig-174x98.jpg 174w\" sizes=\"(max-width: 640px) 100vw, 640px\" \/><\/a><\/p>\n<p>O filme come\u00e7a contrastando cenas da Zona Sul do Rio e suas praias emblem\u00e1ticas e cenas de destrui\u00e7\u00e3o na Vila Aut\u00f3dromo. Lares s\u00e3o demolidos assim que o propriet\u00e1rio aceita a compensa\u00e7\u00e3o oferecida pela Prefeitura, deixando o bairro com muitos terrenos em ru\u00ednas. Moradores mostraram como a demoli\u00e7\u00e3o das casas tem afetado todo o bairro: frequentemente, as casas s\u00e3o coladas umas as outras, o que resulta em rachaduras e danos \u00e0s casas em torno daquelas que foram demolidas.<\/p>\n<p>Os moradores falam sobre o sofrimento causado com as <a href=\"http:\/\/bit.ly\/X51Qvb\" target=\"_blank\" rel=\"noopener\">remo\u00e7\u00f5es<\/a>, assim como sobre a longa hist\u00f3ria da favela. A Vila Aut\u00f3dromo era originalmente uma vila de pescadores em torno da Lagoa Jacarepagu\u00e1, mas as casas cresceram em n\u00famero na medida em que os trabalhadores da constru\u00e7\u00e3o do aut\u00f3dromo, ao lado, come\u00e7aram a construir suas casas na \u00e1rea. No filme, os moradores repetiam que eles sempre estiveram ao lado da lei: os moradores da Vila Aut\u00f3dromo det\u00e9m t\u00edtulos expedidos na d\u00e9cada de 1990, garantindo a eles 99 anos sobre a terra.<\/p>\n<p><a href=\"http:\/\/rioonwatch.org.br\/wp-content\/uploads\/2014\/12\/swingsetVA.jpg\"><img decoding=\"async\" class=\"aligncenter wp-image-13149\" title=\"Balan\u00e7o em Vila Aut\u00f3dromo. Foto: do filme.\" src=\"http:\/\/rioonwatch.org.br\/wp-content\/uploads\/2014\/12\/swingsetVA.jpg\" alt=\"swingsetVA\" width=\"640\" height=\"359\" srcset=\"https:\/\/rioonwatch.org.br\/wp-content\/uploads\/2014\/12\/swingsetVA.jpg 1000w, https:\/\/rioonwatch.org.br\/wp-content\/uploads\/2014\/12\/swingsetVA-471x264.jpg 471w, https:\/\/rioonwatch.org.br\/wp-content\/uploads\/2014\/12\/swingsetVA-620x348.jpg 620w, https:\/\/rioonwatch.org.br\/wp-content\/uploads\/2014\/12\/swingsetVA-580x326.jpg 580w, https:\/\/rioonwatch.org.br\/wp-content\/uploads\/2014\/12\/swingsetVA-174x98.jpg 174w\" sizes=\"(max-width: 640px) 100vw, 640px\" \/><\/a><\/p>\n<p>As raz\u00f5es dadas pelas autoridades para a remo\u00e7\u00e3o na Vila Aut\u00f3dromo t\u00eam mudado com o tempo, mas os moradores concordam que a <a href=\"http:\/\/bit.ly\/11tBtBo\" target=\"_blank\" rel=\"noopener\">especula\u00e7\u00e3o imobili\u00e1ria<\/a> est\u00e1 na raiz dos esfor\u00e7os do Prefeitura. Como um dos moradores sugere, &#8220;\u00c9 a ideia de que os pobres n\u00e3o podem morar perto dos ricos. Que eles s\u00f3 podem trabalhar na cozinha&#8221;. Outro morador, Valber, ressalta que o Rio &#8220;vendeu sua terra, vendeu seus moradores, vendeu suas vidas, vendeu sua hist\u00f3ria&#8211;por 15 dias. O que acontece depois desses 15 dias?&#8221;.<\/p>\n<p>O filme tamb\u00e9m inclui filmagens e perspectivas do <a href=\"http:\/\/bit.ly\/1dpuC3i\" target=\"_blank\" rel=\"noopener\">Parque Carioca<\/a>, o conjunto habitacional para o qual <a href=\"http:\/\/bit.ly\/1nW4Dng\" target=\"_blank\" rel=\"noopener\">muitos moradores removidos foram alocados ap\u00f3s terem aceito os termos do governo<\/a>. Ao mesmo tempo que uma moradora do Parque Carioca diz que n\u00e3o \u00e9 um mau lugar, ela defende que as pessoas sabem o que \u00e9 melhor para elas individualmente e condena a press\u00e3o psicol\u00f3gica aplicada pelo governo em cima daqueles que tentam permanecer na Vila Aut\u00f3dromo.<\/p>\n<p><a href=\"http:\/\/rioonwatch.org.br\/wp-content\/uploads\/2014\/12\/ParqueCarioca-620x264.jpg\"><img loading=\"lazy\" decoding=\"async\" class=\"aligncenter size-full wp-image-13150\" title=\"Parque Carica - cena do filme\" src=\"http:\/\/rioonwatch.org.br\/wp-content\/uploads\/2014\/12\/ParqueCarioca-620x264.jpg\" alt=\"\" width=\"620\" height=\"264\" \/><\/a><\/p>\n<p>Aqueles que ainda est\u00e3o na Vila Aut\u00f3dromo expressaram orgulho em ter constru\u00eddo suas pr\u00f3prias casas e explicaram o <a href=\"http:\/\/bit.ly\/19kjZ0Z\" target=\"_blank\" rel=\"noopener\">que eles perderiam se fossem realocados<\/a>: um senso de comunidade e seguran\u00e7a, entre outras coisas. Uma moradora apontou para um abacateiro que ela cuidava e que crescia em seu jardim&#8211;algo que n\u00e3o seria poss\u00edvel em um complexo de apartamentos.<\/p>\n<p>Quando entrevistado sobre o filme, o diretor Felipe Pena foi perguntado se a palavra &#8216;guerra&#8217; era muito forte para descrever o que estava acontecendo na Vila Aut\u00f3dromo nesse momento. Ele respondeu: &#8220;N\u00e3o, n\u00e3o \u00e9. Os moradores da Vila Aut\u00f3dromo t\u00eam vivido um verdadeiro clima de guerra por\u00a040 anos. Eles vivem com medo, encurralados, amea\u00e7ados. O ex-Presidente da Associa\u00e7\u00e3o de Moradores foi assassinado. O atual Presidente teme ser morto. A guerra foi declarada&#8221;.<\/p>\n<p>O filme foi apresentado como parte do Festival DocBrazil em Pequim, em novembro, mas n\u00e3o h\u00e1 data de lan\u00e7amento para o p\u00fablico ainda.<\/p>\n<!-- AddThis Advanced Settings generic via filter on the_content --><!-- AddThis Share Buttons generic via filter on the_content -->","protected":false},"excerpt":{"rendered":"<div class=\"mh-excerpt\"><p>Click Here for English Se Essa Vila N\u00e3o Fosse Minha \u00e9 um novo document\u00e1rio produzido por Felipe Pena, que conta a hist\u00f3ria da Vila Aut\u00f3dromo e sua luta contra as remo\u00e7\u00f5es. A favela \u00e9 adjacente <a class=\"mh-excerpt-more\" href=\"https:\/\/rioonwatch.org.br\/?p=13146\" title=\"Se Essa Vila N\u00e3o Fosse Minha: Novo Document\u00e1rio Conta a Hist\u00f3ria da Vila Aut\u00f3dromo [RESENHA]\">[&#8230;]<\/a><!-- AddThis Advanced Settings generic via filter on get_the_excerpt --><!-- AddThis Share Buttons generic via filter on get_the_excerpt --><\/p>\n<\/div>","protected":false},"author":137,"featured_media":13147,"comment_status":"closed","ping_status":"closed","sticky":false,"template":"","format":"standard","meta":{"_acf_changed":false,"_monsterinsights_skip_tracking":false,"_monsterinsights_sitenote_active":false,"_monsterinsights_sitenote_note":"","_monsterinsights_sitenote_category":0,"footnotes":""},"categories":[1614,1635,346],"tags":[274,88,484,396,1368,1240,78,358,14,1370,1367,499,729,55,184],"writer":[1253],"translator":[1176],"source":[],"ilustrador":[],"fotografo":[],"class_list":{"0":"post-13146","1":"post","2":"type-post","3":"status-publish","4":"format-standard","5":"has-post-thumbnail","7":"category-olhonasremocoes","8":"category-1635","9":"category-denuncias","10":"tag-barra-da-tijuca","11":"tag-direitos-humanos","12":"tag-prefeito-eduardo-paes","13":"tag-especulacao-imobiliaria","14":"tag-filme","15":"tag-megaeventos","16":"tag-olimpiadas","17":"tag-organizacao-comunitaria","18":"tag-remocao","19":"tag-resenha","20":"tag-taticas-de-remocao-dividir-para-conquistar","21":"tag-terror-psicologico","22":"tag-vidas-que-nao-podem-ser-substituidas-em-habitacao-publica","23":"tag-vila-autodromo","24":"tag-zona-oeste","25":"writer-ian-waldron","26":"translator-fernanda-lacerda"},"acf":[],"yoast_head":"<!-- This site is optimized with the Yoast SEO plugin v25.6 - https:\/\/yoast.com\/wordpress\/plugins\/seo\/ -->\n<title>Se Essa Vila N\u00e3o Fosse Minha: Novo Document\u00e1rio Conta a Hist\u00f3ria da Vila Aut\u00f3dromo [RESENHA] - RioOnWatch<\/title>\n<meta name=\"robots\" content=\"index, follow, max-snippet:-1, max-image-preview:large, max-video-preview:-1\" \/>\n<link rel=\"canonical\" href=\"https:\/\/rioonwatch.org.br\/?p=13146\" \/>\n<meta property=\"og:locale\" content=\"pt_BR\" \/>\n<meta property=\"og:type\" content=\"article\" \/>\n<meta property=\"og:title\" content=\"Se Essa Vila N\u00e3o Fosse Minha: Novo Document\u00e1rio Conta a Hist\u00f3ria da Vila Aut\u00f3dromo [RESENHA] - RioOnWatch\" \/>\n<meta property=\"og:description\" content=\"Click Here for English Se Essa Vila N\u00e3o Fosse Minha \u00e9 um novo document\u00e1rio produzido por Felipe Pena, que conta a hist\u00f3ria da Vila Aut\u00f3dromo e sua luta contra as remo\u00e7\u00f5es. A favela \u00e9 adjacente [...]\" \/>\n<meta property=\"og:url\" content=\"https:\/\/rioonwatch.org.br\/?p=13146\" \/>\n<meta property=\"og:site_name\" content=\"RioOnWatch\" \/>\n<meta property=\"article:published_time\" content=\"2014-12-23T12:04:29+00:00\" \/>\n<meta property=\"article:modified_time\" content=\"2024-06-20T19:29:32+00:00\" \/>\n<meta property=\"og:image\" content=\"https:\/\/rioonwatch.org.br\/wp-content\/uploads\/2014\/12\/sefosse.jpg\" \/>\n\t<meta property=\"og:image:width\" content=\"1000\" \/>\n\t<meta property=\"og:image:height\" content=\"501\" \/>\n\t<meta property=\"og:image:type\" content=\"image\/jpeg\" \/>\n<meta name=\"author\" content=\"Nicole Froio\" \/>\n<meta name=\"twitter:card\" content=\"summary_large_image\" \/>\n<meta name=\"twitter:label1\" content=\"Escrito por\" \/>\n\t<meta name=\"twitter:data1\" content=\"Nicole Froio\" \/>\n\t<meta name=\"twitter:label2\" content=\"Est. tempo de leitura\" \/>\n\t<meta name=\"twitter:data2\" content=\"3 minutos\" \/>\n<script type=\"application\/ld+json\" class=\"yoast-schema-graph\">{\"@context\":\"https:\/\/schema.org\",\"@graph\":[{\"@type\":\"Article\",\"@id\":\"https:\/\/rioonwatch.org.br\/?p=13146#article\",\"isPartOf\":{\"@id\":\"https:\/\/rioonwatch.org.br\/?p=13146\"},\"author\":{\"name\":\"Nicole Froio\",\"@id\":\"https:\/\/rioonwatch.org.br\/#\/schema\/person\/e07d559fe2154d11fd3ec515e35695ee\"},\"headline\":\"Se Essa Vila N\u00e3o Fosse Minha: Novo Document\u00e1rio Conta a Hist\u00f3ria da Vila Aut\u00f3dromo [RESENHA]\",\"datePublished\":\"2014-12-23T12:04:29+00:00\",\"dateModified\":\"2024-06-20T19:29:32+00:00\",\"mainEntityOfPage\":{\"@id\":\"https:\/\/rioonwatch.org.br\/?p=13146\"},\"wordCount\":612,\"publisher\":{\"@id\":\"https:\/\/rioonwatch.org.br\/#organization\"},\"image\":{\"@id\":\"https:\/\/rioonwatch.org.br\/?p=13146#primaryimage\"},\"thumbnailUrl\":\"https:\/\/rioonwatch.org.br\/wp-content\/uploads\/2014\/12\/sefosse.jpg\",\"keywords\":[\"Barra da Tijuca\",\"Direitos Humanos\",\"Eduardo Paes\",\"especula\u00e7\u00e3o imobili\u00e1ria\",\"filme\",\"Megaeventos\",\"Olimp\u00edadas\",\"organiza\u00e7\u00e3o comunit\u00e1ria\",\"Remo\u00e7\u00e3o\",\"Resenhas\",\"T\u00e1ticas de remo\u00e7\u00e3o: dividir para conquistar\",\"terror psicol\u00f3gico\",\"Vidas que n\u00e3o podem ser substitu\u00eddas em habita\u00e7\u00e3o p\u00fablica\",\"Vila Aut\u00f3dromo\",\"Zona Oeste\"],\"articleSection\":[\"#OlhoNasRemo\u00e7\u00f5es\",\"#Rio2016\",\"Den\u00fancias\"],\"inLanguage\":\"pt-BR\"},{\"@type\":\"WebPage\",\"@id\":\"https:\/\/rioonwatch.org.br\/?p=13146\",\"url\":\"https:\/\/rioonwatch.org.br\/?p=13146\",\"name\":\"Se Essa Vila N\u00e3o Fosse Minha: Novo Document\u00e1rio Conta a Hist\u00f3ria da Vila Aut\u00f3dromo [RESENHA] - RioOnWatch\",\"isPartOf\":{\"@id\":\"https:\/\/rioonwatch.org.br\/#website\"},\"primaryImageOfPage\":{\"@id\":\"https:\/\/rioonwatch.org.br\/?p=13146#primaryimage\"},\"image\":{\"@id\":\"https:\/\/rioonwatch.org.br\/?p=13146#primaryimage\"},\"thumbnailUrl\":\"https:\/\/rioonwatch.org.br\/wp-content\/uploads\/2014\/12\/sefosse.jpg\",\"datePublished\":\"2014-12-23T12:04:29+00:00\",\"dateModified\":\"2024-06-20T19:29:32+00:00\",\"breadcrumb\":{\"@id\":\"https:\/\/rioonwatch.org.br\/?p=13146#breadcrumb\"},\"inLanguage\":\"pt-BR\",\"potentialAction\":[{\"@type\":\"ReadAction\",\"target\":[\"https:\/\/rioonwatch.org.br\/?p=13146\"]}]},{\"@type\":\"ImageObject\",\"inLanguage\":\"pt-BR\",\"@id\":\"https:\/\/rioonwatch.org.br\/?p=13146#primaryimage\",\"url\":\"https:\/\/rioonwatch.org.br\/wp-content\/uploads\/2014\/12\/sefosse.jpg\",\"contentUrl\":\"https:\/\/rioonwatch.org.br\/wp-content\/uploads\/2014\/12\/sefosse.jpg\",\"width\":1000,\"height\":501},{\"@type\":\"BreadcrumbList\",\"@id\":\"https:\/\/rioonwatch.org.br\/?p=13146#breadcrumb\",\"itemListElement\":[{\"@type\":\"ListItem\",\"position\":1,\"name\":\"In\u00edcio\",\"item\":\"https:\/\/rioonwatch.org.br\/\"},{\"@type\":\"ListItem\",\"position\":2,\"name\":\"Se Essa Vila N\u00e3o Fosse Minha: Novo Document\u00e1rio Conta a Hist\u00f3ria da Vila Aut\u00f3dromo [RESENHA]\"}]},{\"@type\":\"WebSite\",\"@id\":\"https:\/\/rioonwatch.org.br\/#website\",\"url\":\"https:\/\/rioonwatch.org.br\/\",\"name\":\"RioOnWatch\",\"description\":\"relatos das favelas cariocas\",\"publisher\":{\"@id\":\"https:\/\/rioonwatch.org.br\/#organization\"},\"potentialAction\":[{\"@type\":\"SearchAction\",\"target\":{\"@type\":\"EntryPoint\",\"urlTemplate\":\"https:\/\/rioonwatch.org.br\/?s={search_term_string}\"},\"query-input\":{\"@type\":\"PropertyValueSpecification\",\"valueRequired\":true,\"valueName\":\"search_term_string\"}}],\"inLanguage\":\"pt-BR\"},{\"@type\":\"Organization\",\"@id\":\"https:\/\/rioonwatch.org.br\/#organization\",\"name\":\"RioOnWatch\",\"url\":\"https:\/\/rioonwatch.org.br\/\",\"logo\":{\"@type\":\"ImageObject\",\"inLanguage\":\"pt-BR\",\"@id\":\"https:\/\/rioonwatch.org.br\/#\/schema\/logo\/image\/\",\"url\":\"https:\/\/rioonwatch.org.br\/wp-content\/uploads\/2021\/06\/RioOnWatchcabecalhoPT11anos-2.png\",\"contentUrl\":\"https:\/\/rioonwatch.org.br\/wp-content\/uploads\/2021\/06\/RioOnWatchcabecalhoPT11anos-2.png\",\"width\":779,\"height\":277,\"caption\":\"RioOnWatch\"},\"image\":{\"@id\":\"https:\/\/rioonwatch.org.br\/#\/schema\/logo\/image\/\"}},{\"@type\":\"Person\",\"@id\":\"https:\/\/rioonwatch.org.br\/#\/schema\/person\/e07d559fe2154d11fd3ec515e35695ee\",\"name\":\"Nicole Froio\",\"image\":{\"@type\":\"ImageObject\",\"inLanguage\":\"pt-BR\",\"@id\":\"https:\/\/rioonwatch.org.br\/#\/schema\/person\/image\/\",\"url\":\"https:\/\/secure.gravatar.com\/avatar\/0acdbd6878ca0ac29aa5ce6c6119d636?s=96&d=blank&r=g\",\"contentUrl\":\"https:\/\/secure.gravatar.com\/avatar\/0acdbd6878ca0ac29aa5ce6c6119d636?s=96&d=blank&r=g\",\"caption\":\"Nicole Froio\"},\"url\":\"https:\/\/rioonwatch.org.br\/?author=137\"}]}<\/script>\n<!-- \/ Yoast SEO plugin. -->","yoast_head_json":{"title":"Se Essa Vila N\u00e3o Fosse Minha: Novo Document\u00e1rio Conta a Hist\u00f3ria da Vila Aut\u00f3dromo [RESENHA] - RioOnWatch","robots":{"index":"index","follow":"follow","max-snippet":"max-snippet:-1","max-image-preview":"max-image-preview:large","max-video-preview":"max-video-preview:-1"},"canonical":"https:\/\/rioonwatch.org.br\/?p=13146","og_locale":"pt_BR","og_type":"article","og_title":"Se Essa Vila N\u00e3o Fosse Minha: Novo Document\u00e1rio Conta a Hist\u00f3ria da Vila Aut\u00f3dromo [RESENHA] - RioOnWatch","og_description":"Click Here for English Se Essa Vila N\u00e3o Fosse Minha \u00e9 um novo document\u00e1rio produzido por Felipe Pena, que conta a hist\u00f3ria da Vila Aut\u00f3dromo e sua luta contra as remo\u00e7\u00f5es. A favela \u00e9 adjacente [...]","og_url":"https:\/\/rioonwatch.org.br\/?p=13146","og_site_name":"RioOnWatch","article_published_time":"2014-12-23T12:04:29+00:00","article_modified_time":"2024-06-20T19:29:32+00:00","og_image":[{"width":1000,"height":501,"url":"https:\/\/rioonwatch.org.br\/wp-content\/uploads\/2014\/12\/sefosse.jpg","type":"image\/jpeg"}],"author":"Nicole Froio","twitter_card":"summary_large_image","twitter_misc":{"Escrito por":"Nicole Froio","Est. tempo de leitura":"3 minutos"},"schema":{"@context":"https:\/\/schema.org","@graph":[{"@type":"Article","@id":"https:\/\/rioonwatch.org.br\/?p=13146#article","isPartOf":{"@id":"https:\/\/rioonwatch.org.br\/?p=13146"},"author":{"name":"Nicole Froio","@id":"https:\/\/rioonwatch.org.br\/#\/schema\/person\/e07d559fe2154d11fd3ec515e35695ee"},"headline":"Se Essa Vila N\u00e3o Fosse Minha: Novo Document\u00e1rio Conta a Hist\u00f3ria da Vila Aut\u00f3dromo [RESENHA]","datePublished":"2014-12-23T12:04:29+00:00","dateModified":"2024-06-20T19:29:32+00:00","mainEntityOfPage":{"@id":"https:\/\/rioonwatch.org.br\/?p=13146"},"wordCount":612,"publisher":{"@id":"https:\/\/rioonwatch.org.br\/#organization"},"image":{"@id":"https:\/\/rioonwatch.org.br\/?p=13146#primaryimage"},"thumbnailUrl":"https:\/\/rioonwatch.org.br\/wp-content\/uploads\/2014\/12\/sefosse.jpg","keywords":["Barra da Tijuca","Direitos Humanos","Eduardo Paes","especula\u00e7\u00e3o imobili\u00e1ria","filme","Megaeventos","Olimp\u00edadas","organiza\u00e7\u00e3o comunit\u00e1ria","Remo\u00e7\u00e3o","Resenhas","T\u00e1ticas de remo\u00e7\u00e3o: dividir para conquistar","terror psicol\u00f3gico","Vidas que n\u00e3o podem ser substitu\u00eddas em habita\u00e7\u00e3o p\u00fablica","Vila Aut\u00f3dromo","Zona Oeste"],"articleSection":["#OlhoNasRemo\u00e7\u00f5es","#Rio2016","Den\u00fancias"],"inLanguage":"pt-BR"},{"@type":"WebPage","@id":"https:\/\/rioonwatch.org.br\/?p=13146","url":"https:\/\/rioonwatch.org.br\/?p=13146","name":"Se Essa Vila N\u00e3o Fosse Minha: Novo Document\u00e1rio Conta a Hist\u00f3ria da Vila Aut\u00f3dromo [RESENHA] - RioOnWatch","isPartOf":{"@id":"https:\/\/rioonwatch.org.br\/#website"},"primaryImageOfPage":{"@id":"https:\/\/rioonwatch.org.br\/?p=13146#primaryimage"},"image":{"@id":"https:\/\/rioonwatch.org.br\/?p=13146#primaryimage"},"thumbnailUrl":"https:\/\/rioonwatch.org.br\/wp-content\/uploads\/2014\/12\/sefosse.jpg","datePublished":"2014-12-23T12:04:29+00:00","dateModified":"2024-06-20T19:29:32+00:00","breadcrumb":{"@id":"https:\/\/rioonwatch.org.br\/?p=13146#breadcrumb"},"inLanguage":"pt-BR","potentialAction":[{"@type":"ReadAction","target":["https:\/\/rioonwatch.org.br\/?p=13146"]}]},{"@type":"ImageObject","inLanguage":"pt-BR","@id":"https:\/\/rioonwatch.org.br\/?p=13146#primaryimage","url":"https:\/\/rioonwatch.org.br\/wp-content\/uploads\/2014\/12\/sefosse.jpg","contentUrl":"https:\/\/rioonwatch.org.br\/wp-content\/uploads\/2014\/12\/sefosse.jpg","width":1000,"height":501},{"@type":"BreadcrumbList","@id":"https:\/\/rioonwatch.org.br\/?p=13146#breadcrumb","itemListElement":[{"@type":"ListItem","position":1,"name":"In\u00edcio","item":"https:\/\/rioonwatch.org.br\/"},{"@type":"ListItem","position":2,"name":"Se Essa Vila N\u00e3o Fosse Minha: Novo Document\u00e1rio Conta a Hist\u00f3ria da Vila Aut\u00f3dromo [RESENHA]"}]},{"@type":"WebSite","@id":"https:\/\/rioonwatch.org.br\/#website","url":"https:\/\/rioonwatch.org.br\/","name":"RioOnWatch","description":"relatos das favelas cariocas","publisher":{"@id":"https:\/\/rioonwatch.org.br\/#organization"},"potentialAction":[{"@type":"SearchAction","target":{"@type":"EntryPoint","urlTemplate":"https:\/\/rioonwatch.org.br\/?s={search_term_string}"},"query-input":{"@type":"PropertyValueSpecification","valueRequired":true,"valueName":"search_term_string"}}],"inLanguage":"pt-BR"},{"@type":"Organization","@id":"https:\/\/rioonwatch.org.br\/#organization","name":"RioOnWatch","url":"https:\/\/rioonwatch.org.br\/","logo":{"@type":"ImageObject","inLanguage":"pt-BR","@id":"https:\/\/rioonwatch.org.br\/#\/schema\/logo\/image\/","url":"https:\/\/rioonwatch.org.br\/wp-content\/uploads\/2021\/06\/RioOnWatchcabecalhoPT11anos-2.png","contentUrl":"https:\/\/rioonwatch.org.br\/wp-content\/uploads\/2021\/06\/RioOnWatchcabecalhoPT11anos-2.png","width":779,"height":277,"caption":"RioOnWatch"},"image":{"@id":"https:\/\/rioonwatch.org.br\/#\/schema\/logo\/image\/"}},{"@type":"Person","@id":"https:\/\/rioonwatch.org.br\/#\/schema\/person\/e07d559fe2154d11fd3ec515e35695ee","name":"Nicole Froio","image":{"@type":"ImageObject","inLanguage":"pt-BR","@id":"https:\/\/rioonwatch.org.br\/#\/schema\/person\/image\/","url":"https:\/\/secure.gravatar.com\/avatar\/0acdbd6878ca0ac29aa5ce6c6119d636?s=96&d=blank&r=g","contentUrl":"https:\/\/secure.gravatar.com\/avatar\/0acdbd6878ca0ac29aa5ce6c6119d636?s=96&d=blank&r=g","caption":"Nicole Froio"},"url":"https:\/\/rioonwatch.org.br\/?author=137"}]}},"_links":{"self":[{"href":"https:\/\/rioonwatch.org.br\/index.php?rest_route=\/wp\/v2\/posts\/13146"}],"collection":[{"href":"https:\/\/rioonwatch.org.br\/index.php?rest_route=\/wp\/v2\/posts"}],"about":[{"href":"https:\/\/rioonwatch.org.br\/index.php?rest_route=\/wp\/v2\/types\/post"}],"author":[{"embeddable":true,"href":"https:\/\/rioonwatch.org.br\/index.php?rest_route=\/wp\/v2\/users\/137"}],"replies":[{"embeddable":true,"href":"https:\/\/rioonwatch.org.br\/index.php?rest_route=%2Fwp%2Fv2%2Fcomments&post=13146"}],"version-history":[{"count":11,"href":"https:\/\/rioonwatch.org.br\/index.php?rest_route=\/wp\/v2\/posts\/13146\/revisions"}],"predecessor-version":[{"id":74256,"href":"https:\/\/rioonwatch.org.br\/index.php?rest_route=\/wp\/v2\/posts\/13146\/revisions\/74256"}],"wp:featuredmedia":[{"embeddable":true,"href":"https:\/\/rioonwatch.org.br\/index.php?rest_route=\/wp\/v2\/media\/13147"}],"wp:attachment":[{"href":"https:\/\/rioonwatch.org.br\/index.php?rest_route=%2Fwp%2Fv2%2Fmedia&parent=13146"}],"wp:term":[{"taxonomy":"category","embeddable":true,"href":"https:\/\/rioonwatch.org.br\/index.php?rest_route=%2Fwp%2Fv2%2Fcategories&post=13146"},{"taxonomy":"post_tag","embeddable":true,"href":"https:\/\/rioonwatch.org.br\/index.php?rest_route=%2Fwp%2Fv2%2Ftags&post=13146"},{"taxonomy":"writer","embeddable":true,"href":"https:\/\/rioonwatch.org.br\/index.php?rest_route=%2Fwp%2Fv2%2Fwriter&post=13146"},{"taxonomy":"translator","embeddable":true,"href":"https:\/\/rioonwatch.org.br\/index.php?rest_route=%2Fwp%2Fv2%2Ftranslator&post=13146"},{"taxonomy":"source","embeddable":true,"href":"https:\/\/rioonwatch.org.br\/index.php?rest_route=%2Fwp%2Fv2%2Fsource&post=13146"},{"taxonomy":"ilustrador","embeddable":true,"href":"https:\/\/rioonwatch.org.br\/index.php?rest_route=%2Fwp%2Fv2%2Filustrador&post=13146"},{"taxonomy":"fotografo","embeddable":true,"href":"https:\/\/rioonwatch.org.br\/index.php?rest_route=%2Fwp%2Fv2%2Ffotografo&post=13146"}],"curies":[{"name":"wp","href":"https:\/\/api.w.org\/{rel}","templated":true}]}}