{"id":13164,"date":"2014-12-26T13:14:32","date_gmt":"2014-12-26T16:14:32","guid":{"rendered":"http:\/\/rioonwatch.org.br\/?p=13164"},"modified":"2015-12-19T16:05:11","modified_gmt":"2015-12-19T19:05:11","slug":"a-musica-classica-nao-morreu-orquestras-trazem-novas-perspectivas-para-juventude-na-favela","status":"publish","type":"post","link":"https:\/\/rioonwatch.org.br\/?p=13164","title":{"rendered":"A M\u00fasica Cl\u00e1ssica N\u00e3o Morreu: Orquestras Trazem Novas Perspectivas Para Juventude na Favela"},"content":{"rendered":"<p style=\"text-align: right;\"><em><strong><a href=\"http:\/\/bit.ly\/1EUg9LL\" target=\"_blank\">Click Here for English<img decoding=\"async\" width=\"20\" height=\"20\" class=\"alignright wp-image-15790\" src=\"http:\/\/rioonwatch.org.br\/wp-content\/uploads\/2012\/08\/EN-standard-e1439583104716.jpg\" alt=\"\" \/><\/a><\/strong><\/em><\/p>\n<p>As m\u00e3es do <a href=\"http:\/\/bit.ly\/10BvARw\" target=\"_blank\">Complexo da Mar\u00e9<\/a> se preocupam\u00a0com o tempo livre de seus filhos quando eles s\u00e3o liberados da escola <a href=\"http:\/\/bit.ly\/1w6qdxa\" target=\"_blank\">ao meio-dia<\/a>. Encaminhados para casa antes do almo\u00e7o e com uma tarde inteira sem atividades programadas, as crian\u00e7as correm perigo de serem introduzidas em\u00a0atividades n\u00e3o-produtivas.<\/p>\n<p>Para compensar a aus\u00eancia do Estado, <a href=\"http:\/\/bit.ly\/H1kBPJ\" target=\"_blank\">organiza\u00e7\u00f5es da sociedade civil<\/a> oferecem atividades e clubes no per\u00edodo da tarde\u00a0para apresentar novas voca\u00e7\u00f5es para os jovens da favela ou simplesmente oferecer um passatempo para ocupar a aten\u00e7\u00e3o das crian\u00e7as que est\u00e3o ociosas.<\/p>\n<p>No turbilh\u00e3o de m\u00fasica que sai das favelas, as atividades p\u00f3s-escolares voltadas para g\u00eaneros brasileiros, como <a href=\"http:\/\/bit.ly\/1kKdVRX\" target=\"_blank\">funk<\/a>, <a href=\"http:\/\/bit.ly\/1wD7WsD\" target=\"_blank\">samba<\/a> e <a href=\"http:\/\/bit.ly\/1GUs6kC\" target=\"_blank\">forr\u00f3<\/a> s\u00e3o muitas vezes apresentadas como alternativas atraentes para a vida nas ruas. A m\u00fasica cl\u00e1ssica \u00e9 geralmente descartada por ser considerada pouco atraente, inacess\u00edvel ou elitista.<\/p>\n<p>\u00c9 nesse contexto que Carlos Eduardo Prazeres e o <a href=\"http:\/\/bit.ly\/1qM7iWF\" target=\"_blank\">Projeto Estrada Cultural<\/a> criaram a <a href=\"http:\/\/on.fb.me\/1DeFKOG\" target=\"_blank\">Orquestra Mar\u00e9 do Amanh\u00e3<\/a>, com o objetivo de treinar m\u00fasicos profissionais. A filosofia do projeto \u00e9 que qualquer pessoa, independentemente da sua experi\u00eancia passada ou da sua cor de pele, pode se tornar um advogado ou um m\u00e9dico, ou um violinista cl\u00e1ssico.<\/p>\n<p><a href=\"http:\/\/rioonwatch.org.br\/wp-content\/uploads\/2014\/12\/DSC_0249.jpg\"><img fetchpriority=\"high\" decoding=\"async\" class=\"aligncenter wp-image-13167\" title=\"Carlos Eduardo Prazeres e a Orquestra Mar\u00e9 do Amanh\u00e3, performance na Arena Carioca Dicro.\" src=\"http:\/\/rioonwatch.org.br\/wp-content\/uploads\/2014\/12\/DSC_0249.jpg\" alt=\"\" width=\"640\" height=\"427\" srcset=\"https:\/\/rioonwatch.org.br\/wp-content\/uploads\/2014\/12\/DSC_0249.jpg 2304w, https:\/\/rioonwatch.org.br\/wp-content\/uploads\/2014\/12\/DSC_0249-396x264.jpg 396w, https:\/\/rioonwatch.org.br\/wp-content\/uploads\/2014\/12\/DSC_0249-620x413.jpg 620w, https:\/\/rioonwatch.org.br\/wp-content\/uploads\/2014\/12\/DSC_0249-1024x683.jpg 1024w\" sizes=\"(max-width: 640px) 100vw, 640px\" \/><\/a><\/p>\n<p>A primeira orquestra ensaia tr\u00eas vezes por semana em uma escola p\u00fablica na Vila da Mar\u00e9 e se apresenta ao vivo semanalmente. H\u00e1 tamb\u00e9m aulas para iniciantes e atividades recreativas para introduzir a m\u00fasica cl\u00e1ssica para as crian\u00e7as. Luan, um estudante de 16 anos na escola Oper\u00e1rio Vicente Mariano na Mar\u00e9, foi introduzido pela primeira vez \u00e0 m\u00fasica cl\u00e1ssica pela orquestra.<\/p>\n<p>&#8220;Eu comecei a tocar viola, h\u00e1 dois anos, no in\u00edcio do projeto&#8221;, disse ele. &#8220;Por que eu me envolvi? Eu me inscrevi no projeto, porque eu pensei que era uma coisa nova e me apaixonei\u00a0pelo instrumento. \u00c9 claro que eu quero ser profissional no futuro&#8221;.<\/p>\n<p>Na favela da Grota de Surucucu, em <a href=\"http:\/\/bit.ly\/1xpT8yS\" target=\"_blank\">Niter\u00f3i<\/a>, tem um programa semelhante fundado pelos moradores Leonora e Marcio Mendes. O casal \u00e9 respons\u00e1vel pelas <a href=\"http:\/\/bit.ly\/1vj3lJm\" target=\"_blank\">Orquestras de Cordas e de Flautas da Grota<\/a>.<\/p>\n<p>&#8220;Ouvimos tiros quase todos os dias aqui&#8221;, diz Leonora sobre a <a href=\"http:\/\/bit.ly\/1wLR1Ef\" target=\"_blank\">viol\u00eancia<\/a> em sua comunidade.<\/p>\n<p>O programa Grota tem o objetivo de profissionalizar jovens m\u00fasicos. A primeira orquestra (de quatro) pode ser contratada para tocar em casamentos, igrejas e outros eventos. O grupo possui um gerente e a tarifa de R$2,700 por show. Todas as crian\u00e7as na primeira orquestra ensinam m\u00fasica para a organiza\u00e7\u00e3o, tanto voluntariamente quanto por trabalho remunerado. O lema do projeto \u00e9 &#8220;talentos multiplicadores&#8221;.<\/p>\n<p>\u201cOrquestras da Grota\u201d j\u00e1 percorreu um longo caminho desde a sua cria\u00e7\u00e3o em 1995 como uma escola de\u00a0aulas de refor\u00e7o. Com 12 grupos em toda Niter\u00f3i, o projeto se expandiu &#8220;por pura demanda&#8221;, diz Leonora. O \u00fanico requisito para participar \u00e9 ser estudante de escola p\u00fablica.<\/p>\n<p>A primeira e a segunda orquestra exigiram participa\u00e7\u00e3o obrigat\u00f3ria nas aulas semanais de teoria musical. Esta \u00eanfase no profissionalismo \u00e9 imposta na esperan\u00e7a de quebrar o c\u00edrculo de repeti\u00e7\u00e3o social e para abrir novas portas para adolescentes de baixa renda. O trabalho da orquestra tamb\u00e9m d\u00e1 \u00e0s crian\u00e7as a oportunidade de viajar para v\u00e1rios destinos em turn\u00ea. Eles foram para S\u00e3o Paulo, Am\u00e9rica Central, Portugal e Inglaterra. Leonora sente que os benef\u00edcios de tais viagens s\u00e3o imensur\u00e1veis.<\/p>\n<p>Ela disse: &#8220;Descobrir lugares onde a quest\u00e3o de saber se o <a href=\"http:\/\/bit.ly\/1fQshxf\" target=\"_blank\">Comando Vermelho<\/a> ou o <a href=\"http:\/\/bit.ly\/1CJz9x2\" target=\"_blank\">Terceiro Comando<\/a> controla a favela \u00e9 irrelevante \u00e9 incrivelmente libertador para as crian\u00e7as&#8221;.<\/p>\n<p><a href=\"http:\/\/rioonwatch.org.br\/wp-content\/uploads\/2014\/12\/DSC_0288-620x264.jpg\"><img decoding=\"async\" class=\"aligncenter size-full wp-image-13168\" src=\"http:\/\/rioonwatch.org.br\/wp-content\/uploads\/2014\/12\/DSC_0288-620x264.jpg\" alt=\"DSC_0288-620x264\" width=\"620\" height=\"264\" \/><\/a><\/p>\n<p>A neuroci\u00eancia est\u00e1 provando o que <a href=\"http:\/\/n.pr\/1rwj480\" target=\"_blank\">tantos m\u00fasicos sentiram<\/a>: tocar um instrumento \u00e9 para o c\u00e9rebro, o que o esporte \u00e9 para o corpo. Aprender m\u00fasica cria liga\u00e7\u00f5es entre diferentes regi\u00f5es do c\u00e9rebro e engata com praticamente todas as fun\u00e7\u00f5es do \u00f3rg\u00e3o central. N\u00e3o s\u00f3 como uma atividade para fortalecer nossas capacidades cognitivas, mas que tamb\u00e9m nos permite usar essas capacidades adquiridas em todas as situa\u00e7\u00f5es.<\/p>\n<p>Al\u00e9m disso, os jovens envolvidos em tais programas ambiciosos <a href=\"http:\/\/bit.ly\/1s9MAN7\" target=\"_blank\">descobriram um mundo maior<\/a>, novas sensibilidades e definiram que n\u00e3o h\u00e1 limites para si pr\u00f3prios. Peter, o violinista l\u00edder na Orquestra Mar\u00e9 do Amanh\u00e3, n\u00e3o tem nenhuma d\u00favida sobre o que ele quer fazer na vida.<\/p>\n<p>&#8220;Eu toco o\u00a0violino h\u00e1 cinco anos. Eu quero ser um m\u00fasico, um m\u00fasico cl\u00e1ssico&#8221;, disse ele.<\/p>\n<p>Maestro Prazeres diz que a m\u00fasica cl\u00e1ssica abre todo um novo mundo de cultura para as crian\u00e7as, que come\u00e7am a olhar para a arte em outros lugares.<\/p>\n<p>&#8220;H\u00e1 um aspecto social de m\u00fasica. As crian\u00e7as come\u00e7am a interagir umas com as outras de forma diferente, porque uma orquestra \u00e9 uma intera\u00e7\u00e3o\u201d, explica. \u201cAs crian\u00e7as come\u00e7am a visitar museus, assistir teatros e ir a concertos. Voc\u00ea come\u00e7a a estar em contato com uma nova gama de informa\u00e7\u00f5es que o tornam mais inteiro&#8221;.<\/p>\n<p>As crian\u00e7as tocam Beethoven e John Williams com talento, carisma, virtuosismo, e disciplina. Esses programas oferecem uma fuga para os jovens nas favelas e pode oferecer uma carreira inesperada como m\u00fasico profissional. A m\u00fasica cl\u00e1ssica n\u00e3o est\u00e1 morta; na verdade, aqui \u00e9 um novo alento para as comunidades&#8221;.<\/p>\n<!-- AddThis Advanced Settings generic via filter on the_content --><!-- AddThis Share Buttons generic via filter on the_content -->","protected":false},"excerpt":{"rendered":"<div class=\"mh-excerpt\"><p>Click Here for English As m\u00e3es do Complexo da Mar\u00e9 se preocupam\u00a0com o tempo livre de seus filhos quando eles s\u00e3o liberados da escola ao meio-dia. Encaminhados para casa antes do almo\u00e7o e com uma <a class=\"mh-excerpt-more\" href=\"https:\/\/rioonwatch.org.br\/?p=13164\" title=\"A M\u00fasica Cl\u00e1ssica N\u00e3o Morreu: Orquestras Trazem Novas Perspectivas Para Juventude na Favela\">[&#8230;]<\/a><!-- AddThis Advanced Settings generic via filter on get_the_excerpt --><!-- AddThis Share Buttons generic via filter on get_the_excerpt --><\/p>\n<\/div>","protected":false},"author":137,"featured_media":13166,"comment_status":"closed","ping_status":"closed","sticky":false,"template":"","format":"standard","meta":{"_acf_changed":false,"_monsterinsights_skip_tracking":false,"_monsterinsights_sitenote_active":false,"_monsterinsights_sitenote_note":"","_monsterinsights_sitenote_category":0,"footnotes":""},"categories":[342],"tags":[386,332,1372,113,448,20,10,358,1109,218],"writer":[1334],"translator":[1371],"source":[],"ilustrador":[],"fotografo":[],"class_list":{"0":"post-13164","1":"post","2":"type-post","3":"status-publish","4":"format-standard","5":"has-post-thumbnail","7":"category-solucoes","8":"tag-estigma","9":"tag-complexo-da-mare","10":"tag-grande-rio","11":"tag-juventude","12":"tag-lideranca","13":"tag-musica","14":"tag-niteroi","15":"tag-organizacao-comunitaria","16":"tag-sociedade-civil","17":"tag-zona-norte","18":"writer-nathan-bonnisseau","19":"translator-maya-furtado"},"acf":[],"yoast_head":"<!-- This site is optimized with the Yoast SEO plugin v25.6 - https:\/\/yoast.com\/wordpress\/plugins\/seo\/ -->\n<title>A M\u00fasica Cl\u00e1ssica N\u00e3o Morreu: Orquestras Trazem Novas Perspectivas Para Juventude na Favela - RioOnWatch<\/title>\n<meta name=\"robots\" content=\"index, follow, max-snippet:-1, max-image-preview:large, max-video-preview:-1\" \/>\n<link rel=\"canonical\" href=\"https:\/\/rioonwatch.org.br\/?p=13164\" \/>\n<meta property=\"og:locale\" content=\"pt_BR\" \/>\n<meta property=\"og:type\" content=\"article\" \/>\n<meta property=\"og:title\" content=\"A M\u00fasica Cl\u00e1ssica N\u00e3o Morreu: Orquestras Trazem Novas Perspectivas Para Juventude na Favela - RioOnWatch\" \/>\n<meta property=\"og:description\" content=\"Click Here for English As m\u00e3es do Complexo da Mar\u00e9 se preocupam\u00a0com o tempo livre de seus filhos quando eles s\u00e3o liberados da escola ao meio-dia. Encaminhados para casa antes do almo\u00e7o e com uma [...]\" \/>\n<meta property=\"og:url\" content=\"https:\/\/rioonwatch.org.br\/?p=13164\" \/>\n<meta property=\"og:site_name\" content=\"RioOnWatch\" \/>\n<meta property=\"article:published_time\" content=\"2014-12-26T16:14:32+00:00\" \/>\n<meta property=\"article:modified_time\" content=\"2015-12-19T19:05:11+00:00\" \/>\n<meta property=\"og:image\" content=\"https:\/\/rioonwatch.org.br\/wp-content\/uploads\/2014\/12\/mare.jpg\" \/>\n\t<meta property=\"og:image:width\" content=\"1536\" \/>\n\t<meta property=\"og:image:height\" content=\"654\" \/>\n\t<meta property=\"og:image:type\" content=\"image\/jpeg\" \/>\n<meta name=\"author\" content=\"Nicole Froio\" \/>\n<meta name=\"twitter:card\" content=\"summary_large_image\" \/>\n<meta name=\"twitter:label1\" content=\"Escrito por\" \/>\n\t<meta name=\"twitter:data1\" content=\"Nicole Froio\" \/>\n\t<meta name=\"twitter:label2\" content=\"Est. tempo de leitura\" \/>\n\t<meta name=\"twitter:data2\" content=\"4 minutos\" \/>\n<script type=\"application\/ld+json\" class=\"yoast-schema-graph\">{\"@context\":\"https:\/\/schema.org\",\"@graph\":[{\"@type\":\"Article\",\"@id\":\"https:\/\/rioonwatch.org.br\/?p=13164#article\",\"isPartOf\":{\"@id\":\"https:\/\/rioonwatch.org.br\/?p=13164\"},\"author\":{\"name\":\"Nicole Froio\",\"@id\":\"https:\/\/rioonwatch.org.br\/#\/schema\/person\/e07d559fe2154d11fd3ec515e35695ee\"},\"headline\":\"A M\u00fasica Cl\u00e1ssica N\u00e3o Morreu: Orquestras Trazem Novas Perspectivas Para Juventude na Favela\",\"datePublished\":\"2014-12-26T16:14:32+00:00\",\"dateModified\":\"2015-12-19T19:05:11+00:00\",\"mainEntityOfPage\":{\"@id\":\"https:\/\/rioonwatch.org.br\/?p=13164\"},\"wordCount\":915,\"publisher\":{\"@id\":\"https:\/\/rioonwatch.org.br\/#organization\"},\"image\":{\"@id\":\"https:\/\/rioonwatch.org.br\/?p=13164#primaryimage\"},\"thumbnailUrl\":\"https:\/\/rioonwatch.org.br\/wp-content\/uploads\/2014\/12\/mare.jpg\",\"keywords\":[\"#StopFavelaStigma\",\"Complexo da Mar\u00e9\",\"Grande Rio\",\"juventude\",\"lideran\u00e7a\",\"m\u00fasica\",\"Niter\u00f3i\",\"organiza\u00e7\u00e3o comunit\u00e1ria\",\"sociedade civil\",\"Zona Norte\"],\"articleSection\":[\"Solu\u00e7\u00f5es\"],\"inLanguage\":\"pt-BR\"},{\"@type\":\"WebPage\",\"@id\":\"https:\/\/rioonwatch.org.br\/?p=13164\",\"url\":\"https:\/\/rioonwatch.org.br\/?p=13164\",\"name\":\"A M\u00fasica Cl\u00e1ssica N\u00e3o Morreu: Orquestras Trazem Novas Perspectivas Para Juventude na Favela - RioOnWatch\",\"isPartOf\":{\"@id\":\"https:\/\/rioonwatch.org.br\/#website\"},\"primaryImageOfPage\":{\"@id\":\"https:\/\/rioonwatch.org.br\/?p=13164#primaryimage\"},\"image\":{\"@id\":\"https:\/\/rioonwatch.org.br\/?p=13164#primaryimage\"},\"thumbnailUrl\":\"https:\/\/rioonwatch.org.br\/wp-content\/uploads\/2014\/12\/mare.jpg\",\"datePublished\":\"2014-12-26T16:14:32+00:00\",\"dateModified\":\"2015-12-19T19:05:11+00:00\",\"breadcrumb\":{\"@id\":\"https:\/\/rioonwatch.org.br\/?p=13164#breadcrumb\"},\"inLanguage\":\"pt-BR\",\"potentialAction\":[{\"@type\":\"ReadAction\",\"target\":[\"https:\/\/rioonwatch.org.br\/?p=13164\"]}]},{\"@type\":\"ImageObject\",\"inLanguage\":\"pt-BR\",\"@id\":\"https:\/\/rioonwatch.org.br\/?p=13164#primaryimage\",\"url\":\"https:\/\/rioonwatch.org.br\/wp-content\/uploads\/2014\/12\/mare.jpg\",\"contentUrl\":\"https:\/\/rioonwatch.org.br\/wp-content\/uploads\/2014\/12\/mare.jpg\",\"width\":1536,\"height\":654},{\"@type\":\"BreadcrumbList\",\"@id\":\"https:\/\/rioonwatch.org.br\/?p=13164#breadcrumb\",\"itemListElement\":[{\"@type\":\"ListItem\",\"position\":1,\"name\":\"In\u00edcio\",\"item\":\"https:\/\/rioonwatch.org.br\/\"},{\"@type\":\"ListItem\",\"position\":2,\"name\":\"A M\u00fasica Cl\u00e1ssica N\u00e3o Morreu: Orquestras Trazem Novas Perspectivas Para Juventude na Favela\"}]},{\"@type\":\"WebSite\",\"@id\":\"https:\/\/rioonwatch.org.br\/#website\",\"url\":\"https:\/\/rioonwatch.org.br\/\",\"name\":\"RioOnWatch\",\"description\":\"relatos das favelas cariocas\",\"publisher\":{\"@id\":\"https:\/\/rioonwatch.org.br\/#organization\"},\"potentialAction\":[{\"@type\":\"SearchAction\",\"target\":{\"@type\":\"EntryPoint\",\"urlTemplate\":\"https:\/\/rioonwatch.org.br\/?s={search_term_string}\"},\"query-input\":{\"@type\":\"PropertyValueSpecification\",\"valueRequired\":true,\"valueName\":\"search_term_string\"}}],\"inLanguage\":\"pt-BR\"},{\"@type\":\"Organization\",\"@id\":\"https:\/\/rioonwatch.org.br\/#organization\",\"name\":\"RioOnWatch\",\"url\":\"https:\/\/rioonwatch.org.br\/\",\"logo\":{\"@type\":\"ImageObject\",\"inLanguage\":\"pt-BR\",\"@id\":\"https:\/\/rioonwatch.org.br\/#\/schema\/logo\/image\/\",\"url\":\"https:\/\/rioonwatch.org.br\/wp-content\/uploads\/2021\/06\/RioOnWatchcabecalhoPT11anos-2.png\",\"contentUrl\":\"https:\/\/rioonwatch.org.br\/wp-content\/uploads\/2021\/06\/RioOnWatchcabecalhoPT11anos-2.png\",\"width\":779,\"height\":277,\"caption\":\"RioOnWatch\"},\"image\":{\"@id\":\"https:\/\/rioonwatch.org.br\/#\/schema\/logo\/image\/\"}},{\"@type\":\"Person\",\"@id\":\"https:\/\/rioonwatch.org.br\/#\/schema\/person\/e07d559fe2154d11fd3ec515e35695ee\",\"name\":\"Nicole Froio\",\"image\":{\"@type\":\"ImageObject\",\"inLanguage\":\"pt-BR\",\"@id\":\"https:\/\/rioonwatch.org.br\/#\/schema\/person\/image\/\",\"url\":\"https:\/\/secure.gravatar.com\/avatar\/0acdbd6878ca0ac29aa5ce6c6119d636?s=96&d=blank&r=g\",\"contentUrl\":\"https:\/\/secure.gravatar.com\/avatar\/0acdbd6878ca0ac29aa5ce6c6119d636?s=96&d=blank&r=g\",\"caption\":\"Nicole Froio\"},\"url\":\"https:\/\/rioonwatch.org.br\/?author=137\"}]}<\/script>\n<!-- \/ Yoast SEO plugin. -->","yoast_head_json":{"title":"A M\u00fasica Cl\u00e1ssica N\u00e3o Morreu: Orquestras Trazem Novas Perspectivas Para Juventude na Favela - RioOnWatch","robots":{"index":"index","follow":"follow","max-snippet":"max-snippet:-1","max-image-preview":"max-image-preview:large","max-video-preview":"max-video-preview:-1"},"canonical":"https:\/\/rioonwatch.org.br\/?p=13164","og_locale":"pt_BR","og_type":"article","og_title":"A M\u00fasica Cl\u00e1ssica N\u00e3o Morreu: Orquestras Trazem Novas Perspectivas Para Juventude na Favela - RioOnWatch","og_description":"Click Here for English As m\u00e3es do Complexo da Mar\u00e9 se preocupam\u00a0com o tempo livre de seus filhos quando eles s\u00e3o liberados da escola ao meio-dia. Encaminhados para casa antes do almo\u00e7o e com uma [...]","og_url":"https:\/\/rioonwatch.org.br\/?p=13164","og_site_name":"RioOnWatch","article_published_time":"2014-12-26T16:14:32+00:00","article_modified_time":"2015-12-19T19:05:11+00:00","og_image":[{"width":1536,"height":654,"url":"https:\/\/rioonwatch.org.br\/wp-content\/uploads\/2014\/12\/mare.jpg","type":"image\/jpeg"}],"author":"Nicole Froio","twitter_card":"summary_large_image","twitter_misc":{"Escrito por":"Nicole Froio","Est. tempo de leitura":"4 minutos"},"schema":{"@context":"https:\/\/schema.org","@graph":[{"@type":"Article","@id":"https:\/\/rioonwatch.org.br\/?p=13164#article","isPartOf":{"@id":"https:\/\/rioonwatch.org.br\/?p=13164"},"author":{"name":"Nicole Froio","@id":"https:\/\/rioonwatch.org.br\/#\/schema\/person\/e07d559fe2154d11fd3ec515e35695ee"},"headline":"A M\u00fasica Cl\u00e1ssica N\u00e3o Morreu: Orquestras Trazem Novas Perspectivas Para Juventude na Favela","datePublished":"2014-12-26T16:14:32+00:00","dateModified":"2015-12-19T19:05:11+00:00","mainEntityOfPage":{"@id":"https:\/\/rioonwatch.org.br\/?p=13164"},"wordCount":915,"publisher":{"@id":"https:\/\/rioonwatch.org.br\/#organization"},"image":{"@id":"https:\/\/rioonwatch.org.br\/?p=13164#primaryimage"},"thumbnailUrl":"https:\/\/rioonwatch.org.br\/wp-content\/uploads\/2014\/12\/mare.jpg","keywords":["#StopFavelaStigma","Complexo da Mar\u00e9","Grande Rio","juventude","lideran\u00e7a","m\u00fasica","Niter\u00f3i","organiza\u00e7\u00e3o comunit\u00e1ria","sociedade civil","Zona Norte"],"articleSection":["Solu\u00e7\u00f5es"],"inLanguage":"pt-BR"},{"@type":"WebPage","@id":"https:\/\/rioonwatch.org.br\/?p=13164","url":"https:\/\/rioonwatch.org.br\/?p=13164","name":"A M\u00fasica Cl\u00e1ssica N\u00e3o Morreu: Orquestras Trazem Novas Perspectivas Para Juventude na Favela - RioOnWatch","isPartOf":{"@id":"https:\/\/rioonwatch.org.br\/#website"},"primaryImageOfPage":{"@id":"https:\/\/rioonwatch.org.br\/?p=13164#primaryimage"},"image":{"@id":"https:\/\/rioonwatch.org.br\/?p=13164#primaryimage"},"thumbnailUrl":"https:\/\/rioonwatch.org.br\/wp-content\/uploads\/2014\/12\/mare.jpg","datePublished":"2014-12-26T16:14:32+00:00","dateModified":"2015-12-19T19:05:11+00:00","breadcrumb":{"@id":"https:\/\/rioonwatch.org.br\/?p=13164#breadcrumb"},"inLanguage":"pt-BR","potentialAction":[{"@type":"ReadAction","target":["https:\/\/rioonwatch.org.br\/?p=13164"]}]},{"@type":"ImageObject","inLanguage":"pt-BR","@id":"https:\/\/rioonwatch.org.br\/?p=13164#primaryimage","url":"https:\/\/rioonwatch.org.br\/wp-content\/uploads\/2014\/12\/mare.jpg","contentUrl":"https:\/\/rioonwatch.org.br\/wp-content\/uploads\/2014\/12\/mare.jpg","width":1536,"height":654},{"@type":"BreadcrumbList","@id":"https:\/\/rioonwatch.org.br\/?p=13164#breadcrumb","itemListElement":[{"@type":"ListItem","position":1,"name":"In\u00edcio","item":"https:\/\/rioonwatch.org.br\/"},{"@type":"ListItem","position":2,"name":"A M\u00fasica Cl\u00e1ssica N\u00e3o Morreu: Orquestras Trazem Novas Perspectivas Para Juventude na Favela"}]},{"@type":"WebSite","@id":"https:\/\/rioonwatch.org.br\/#website","url":"https:\/\/rioonwatch.org.br\/","name":"RioOnWatch","description":"relatos das favelas cariocas","publisher":{"@id":"https:\/\/rioonwatch.org.br\/#organization"},"potentialAction":[{"@type":"SearchAction","target":{"@type":"EntryPoint","urlTemplate":"https:\/\/rioonwatch.org.br\/?s={search_term_string}"},"query-input":{"@type":"PropertyValueSpecification","valueRequired":true,"valueName":"search_term_string"}}],"inLanguage":"pt-BR"},{"@type":"Organization","@id":"https:\/\/rioonwatch.org.br\/#organization","name":"RioOnWatch","url":"https:\/\/rioonwatch.org.br\/","logo":{"@type":"ImageObject","inLanguage":"pt-BR","@id":"https:\/\/rioonwatch.org.br\/#\/schema\/logo\/image\/","url":"https:\/\/rioonwatch.org.br\/wp-content\/uploads\/2021\/06\/RioOnWatchcabecalhoPT11anos-2.png","contentUrl":"https:\/\/rioonwatch.org.br\/wp-content\/uploads\/2021\/06\/RioOnWatchcabecalhoPT11anos-2.png","width":779,"height":277,"caption":"RioOnWatch"},"image":{"@id":"https:\/\/rioonwatch.org.br\/#\/schema\/logo\/image\/"}},{"@type":"Person","@id":"https:\/\/rioonwatch.org.br\/#\/schema\/person\/e07d559fe2154d11fd3ec515e35695ee","name":"Nicole Froio","image":{"@type":"ImageObject","inLanguage":"pt-BR","@id":"https:\/\/rioonwatch.org.br\/#\/schema\/person\/image\/","url":"https:\/\/secure.gravatar.com\/avatar\/0acdbd6878ca0ac29aa5ce6c6119d636?s=96&d=blank&r=g","contentUrl":"https:\/\/secure.gravatar.com\/avatar\/0acdbd6878ca0ac29aa5ce6c6119d636?s=96&d=blank&r=g","caption":"Nicole Froio"},"url":"https:\/\/rioonwatch.org.br\/?author=137"}]}},"_links":{"self":[{"href":"https:\/\/rioonwatch.org.br\/index.php?rest_route=\/wp\/v2\/posts\/13164"}],"collection":[{"href":"https:\/\/rioonwatch.org.br\/index.php?rest_route=\/wp\/v2\/posts"}],"about":[{"href":"https:\/\/rioonwatch.org.br\/index.php?rest_route=\/wp\/v2\/types\/post"}],"author":[{"embeddable":true,"href":"https:\/\/rioonwatch.org.br\/index.php?rest_route=\/wp\/v2\/users\/137"}],"replies":[{"embeddable":true,"href":"https:\/\/rioonwatch.org.br\/index.php?rest_route=%2Fwp%2Fv2%2Fcomments&post=13164"}],"version-history":[{"count":11,"href":"https:\/\/rioonwatch.org.br\/index.php?rest_route=\/wp\/v2\/posts\/13164\/revisions"}],"predecessor-version":[{"id":17712,"href":"https:\/\/rioonwatch.org.br\/index.php?rest_route=\/wp\/v2\/posts\/13164\/revisions\/17712"}],"wp:featuredmedia":[{"embeddable":true,"href":"https:\/\/rioonwatch.org.br\/index.php?rest_route=\/wp\/v2\/media\/13166"}],"wp:attachment":[{"href":"https:\/\/rioonwatch.org.br\/index.php?rest_route=%2Fwp%2Fv2%2Fmedia&parent=13164"}],"wp:term":[{"taxonomy":"category","embeddable":true,"href":"https:\/\/rioonwatch.org.br\/index.php?rest_route=%2Fwp%2Fv2%2Fcategories&post=13164"},{"taxonomy":"post_tag","embeddable":true,"href":"https:\/\/rioonwatch.org.br\/index.php?rest_route=%2Fwp%2Fv2%2Ftags&post=13164"},{"taxonomy":"writer","embeddable":true,"href":"https:\/\/rioonwatch.org.br\/index.php?rest_route=%2Fwp%2Fv2%2Fwriter&post=13164"},{"taxonomy":"translator","embeddable":true,"href":"https:\/\/rioonwatch.org.br\/index.php?rest_route=%2Fwp%2Fv2%2Ftranslator&post=13164"},{"taxonomy":"source","embeddable":true,"href":"https:\/\/rioonwatch.org.br\/index.php?rest_route=%2Fwp%2Fv2%2Fsource&post=13164"},{"taxonomy":"ilustrador","embeddable":true,"href":"https:\/\/rioonwatch.org.br\/index.php?rest_route=%2Fwp%2Fv2%2Filustrador&post=13164"},{"taxonomy":"fotografo","embeddable":true,"href":"https:\/\/rioonwatch.org.br\/index.php?rest_route=%2Fwp%2Fv2%2Ffotografo&post=13164"}],"curies":[{"name":"wp","href":"https:\/\/api.w.org\/{rel}","templated":true}]}}