{"id":13170,"date":"2014-12-24T11:52:45","date_gmt":"2014-12-24T14:52:45","guid":{"rendered":"http:\/\/rioonwatch.org.br\/?p=13170"},"modified":"2015-12-19T16:09:30","modified_gmt":"2015-12-19T19:09:30","slug":"boreart-lanca-terceira-exposicao-de-arte-moderna-no-borel","status":"publish","type":"post","link":"https:\/\/rioonwatch.org.br\/?p=13170","title":{"rendered":"BoreArt Lan\u00e7a Terceira Exposi\u00e7\u00e3o de Arte Moderna no Borel"},"content":{"rendered":"<p style=\"text-align: right;\"><em><strong><a href=\"http:\/\/bit.ly\/1C51ACt\" target=\"_blank\">Click Here for English<img decoding=\"async\" width=\"20\" height=\"20\" class=\"alignright wp-image-15790\" src=\"http:\/\/rioonwatch.org.br\/wp-content\/uploads\/2012\/08\/EN-standard-e1439583104716.jpg\" alt=\"\" \/><\/a><\/strong><\/em><\/p>\n<p>Pela terceira vez desde seu in\u00edcio em 2012, o <a href=\"http:\/\/bit.ly\/1todYqx\" target=\"_blank\">BoreArt<\/a>, grupo de jovens moradores\u00a0da favela <a href=\"http:\/\/bit.ly\/ZKW86Q\" target=\"_blank\">Borel<\/a> na Tijuca, <a href=\"http:\/\/bit.ly\/WximDf\" target=\"_blank\">Zona Norte<\/a> do Rio de Janeiro, lan\u00e7ou uma exposi\u00e7\u00e3o\u00a0de arte moderna em sua comunidade. A 3a Exposi\u00e7\u00e3o\u00a0de Arte Moderna do\u00a0Borel abriu em 6 de dezembro e \u00e9 a segunda parceria com o <a href=\"http:\/\/bit.ly\/13QyYS1\" target=\"_blank\">Museu\u00a0de Arte Moderna (MAM)<\/a> do Rio. A exposi\u00e7\u00e3o fica aberta at\u00e9 fevereiro e mostra\u00a0trabalhos de artistas famosos como <a href=\"http:\/\/bit.ly\/13cACfT\" target=\"_blank\">Gabriela Gusm\u00e3o<\/a> e <a href=\"http:\/\/bit.ly\/1BZi3uN\" target=\"_blank\">Afonso Tostes e Cabelo<\/a>,\u00a0que foram selecionados pelo curador do MAM, Luiz Camillo Osorio.<\/p>\n<p>Quatro moradores da comunidade est\u00e3o exibindo obras de arte\u00a0nas paredes de suas casas e abrindo suas portas todo s\u00e1bado para qualquer um que queira\u00a0aproveitar a exposi\u00e7\u00e3o.<\/p>\n<p>A moradora Luciane Brito Galdino colabora com o BoreArt desde o in\u00edcio\u00a0do projeto. Agora, duas fotos da artista Gusm\u00e3o est\u00e3o penduradas nas paredes\u00a0da sua sala. Luciane\u00a0\u00e9 respons\u00e1vel por abrigar a arte e apresent\u00e1-la aos\u00a0visitantes.<\/p>\n<p>&#8220;O que ela [Gusm\u00e3o] falou, eu vou escrever, vou decorar, e quando as pessoas vem, a\u00ed eu vou saber explicar o significado da obra&#8221;, disse ela.<\/p>\n<p><a href=\"http:\/\/rioonwatch.org.br\/wp-content\/uploads\/2014\/12\/Luciane-Brito.jpg\"><img fetchpriority=\"high\" decoding=\"async\" class=\"aligncenter wp-image-13171\" title=\"Luciane Brito Galdino e Gabriela Gusm\u00e3o\" src=\"http:\/\/rioonwatch.org.br\/wp-content\/uploads\/2014\/12\/Luciane-Brito.jpg\" alt=\"\" width=\"640\" height=\"273\" srcset=\"https:\/\/rioonwatch.org.br\/wp-content\/uploads\/2014\/12\/Luciane-Brito.jpg 3648w, https:\/\/rioonwatch.org.br\/wp-content\/uploads\/2014\/12\/Luciane-Brito-620x264.jpg 620w, https:\/\/rioonwatch.org.br\/wp-content\/uploads\/2014\/12\/Luciane-Brito-1024x436.jpg 1024w, https:\/\/rioonwatch.org.br\/wp-content\/uploads\/2014\/12\/Luciane-Brito-940x400.jpg 940w\" sizes=\"(max-width: 640px) 100vw, 640px\" \/><\/a><\/p>\n<p>Luciane\u00a0disse que quando foi recrutada pelo BoreArte, ela estava animada\u00a0de que o projeto traria algo positivo para a comunidade, que t\u00eam sofrido com\u00a0tanta viol\u00eancia e opress\u00e3o. Seu filho, que mora em uma casa ao lado da sua,\u00a0tamb\u00e9m faz parte da exposi\u00e7\u00e3o.<\/p>\n<p>&#8220;Estou ensinando ao meu filho tamb\u00e9m a ter esse vis\u00e3o, \u00e9 muito bom&#8221;, disse ela.<\/p>\n<p>Gusm\u00e3o, que compareceu ao lan\u00e7amento, explicou que suas fotografias s\u00e3o\u00a0parte de uma exposi\u00e7\u00e3o chamada &#8220;Metaformoses&#8221;, <a href=\"http:\/\/bit.ly\/13bgDyb\" target=\"_blank\">apresentada recentemente\u00a0em Berlim<\/a>. Borel \u00e9 a primeira localidade\u00a0no Brasil em que ela mostra o novo\u00a0trabalho.<\/p>\n<p>\u00c9 a primeira vez que Gusm\u00e3o colabora com o BoreArt, e segundo ela, participar\u00a0em um projeto do tipo \u00e9 algo significativo.<\/p>\n<p>&#8220;Esse projeto tem algo muito especial, porque a arte n\u00e3o est\u00e1 confinada a\u00a0insitui\u00e7\u00f5es como museus ou galerias&#8221;, disse ela. &#8220;Estamos trazendo arte para\u00a0os espa\u00e7os n\u00e3o convencionais, que s\u00e3o as casas das pessoas aqui no Morro do\u00a0Borel. Por outro lado, o que temos \u00e9 arte chegando ao local eterno da arte, que\u00a0\u00e9 a vida&#8221;.<\/p>\n<p>O lan\u00e7amento do projeto tamb\u00e9m trouxe grafiteiros que decoraram a Rua Nossa\u00a0Senhora de Fatima, rua da <a href=\"http:\/\/bit.ly\/1todYqx\" target=\"_blank\">escadaria prestes a ser renovada<\/a>.\u00a0O grafiteiro\u00a0<a href=\"http:\/\/bit.ly\/1zuH3sT\" target=\"_blank\">BLOPA<\/a> come\u00e7ou a colaborar recentemente com o BoreArt. Ele\u00a0d\u00e1 oficinas e trabalha com a juventude do Borel interessada em arte e design. O grafite, diz ele, salvou sua vida, e ele espera que atrav\u00e9s desse projeto sua arte\u00a0possa ter uma influ\u00eancia t\u00e3o boa nas pessoas da comunidade.<\/p>\n<p><a href=\"http:\/\/rioonwatch.org.br\/wp-content\/uploads\/2014\/12\/BLOPA.jpg\"><img decoding=\"async\" class=\"aligncenter wp-image-13173\" title=\"BLOPA\" src=\"http:\/\/rioonwatch.org.br\/wp-content\/uploads\/2014\/12\/BLOPA.jpg\" alt=\"\" width=\"640\" height=\"480\" srcset=\"https:\/\/rioonwatch.org.br\/wp-content\/uploads\/2014\/12\/BLOPA.jpg 3648w, https:\/\/rioonwatch.org.br\/wp-content\/uploads\/2014\/12\/BLOPA-352x264.jpg 352w, https:\/\/rioonwatch.org.br\/wp-content\/uploads\/2014\/12\/BLOPA-620x465.jpg 620w, https:\/\/rioonwatch.org.br\/wp-content\/uploads\/2014\/12\/BLOPA-1024x768.jpg 1024w, https:\/\/rioonwatch.org.br\/wp-content\/uploads\/2014\/12\/BLOPA-174x131.jpg 174w, https:\/\/rioonwatch.org.br\/wp-content\/uploads\/2014\/12\/BLOPA-300x225.jpg 300w, https:\/\/rioonwatch.org.br\/wp-content\/uploads\/2014\/12\/BLOPA-70x53.jpg 70w\" sizes=\"(max-width: 640px) 100vw, 640px\" \/><\/a><\/p>\n<p>&#8220;Porque o grafite demorou a chegar at\u00e9 mim, eu me sinto muito realizado quando consigo passar isso para as crian\u00e7as&#8221;,\u00a0disse ele. &#8220;As pessoas aqui no Rio de Janeiro muitas vezes recorrem ao crime, as vezes n\u00e3o porque querem, mas por necessidade e o grafite\u00a0\u00e9 um outro caminho&#8221;.<\/p>\n<p>O evento tamb\u00e9m lan\u00e7ou o\u00a0<a href=\"http:\/\/bit.ly\/1todYqx\" target=\"_blank\">projeto da reforma da Escadaria do Borel<\/a>, que vai\u00a0transformar a popular escadaria local em arte urbana. Membros do BoreArt\u00a0pretendem decorar a escada no estilo da famosa <a href=\"http:\/\/bit.ly\/1JQ7Y5K\" target=\"_blank\">Escadaria Selar\u00f3n<\/a>. Isabela Santos, do BoreArt, disse que a escadaria \u00e9 um trabalho em\u00a0andamento. O grupo vai continuar aceitando doa\u00e7\u00f5es de azulejos e v\u00e3o coloc\u00e1-los at\u00e9 que todos os degraus estejam completamente cobertos.<\/p>\n<p>Para mais informa\u00e7\u00f5es e doar azulejos, contatar Isabela Santos no n\u00famero\u00a021-98711-8006, email galeria.boreart@gmail.com, ou contatar o grupo via\u00a0<a href=\"http:\/\/on.fb.me\/1uCDcIa\" target=\"_blank\">Facebook<\/a>. Azulejos tamb\u00e9m podem ser mandados para o seguinte endere\u00e7o:<\/p>\n<p>BoreArt a\/c Ag\u00eancia de Redes para Juventude | Rua Teot\u00f4nio Regadas, 26 \u2013 sala 603 | Santa Teresa, RJ | CEP 20021-360 | Rio de Janeiro, RJ | Brazil<\/p>\n<!-- AddThis Advanced Settings generic via filter on the_content --><!-- AddThis Share Buttons generic via filter on the_content -->","protected":false},"excerpt":{"rendered":"<div class=\"mh-excerpt\"><p>Click Here for English Pela terceira vez desde seu in\u00edcio em 2012, o BoreArt, grupo de jovens moradores\u00a0da favela Borel na Tijuca, Zona Norte do Rio de Janeiro, lan\u00e7ou uma exposi\u00e7\u00e3o\u00a0de arte moderna em sua <a class=\"mh-excerpt-more\" href=\"https:\/\/rioonwatch.org.br\/?p=13170\" title=\"BoreArt Lan\u00e7a Terceira Exposi\u00e7\u00e3o de Arte Moderna no Borel\">[&#8230;]<\/a><!-- AddThis Advanced Settings generic via filter on get_the_excerpt --><!-- AddThis Share Buttons generic via filter on get_the_excerpt --><\/p>\n<\/div>","protected":false},"author":137,"featured_media":13174,"comment_status":"closed","ping_status":"closed","sticky":false,"template":"","format":"standard","meta":{"_acf_changed":false,"_monsterinsights_skip_tracking":false,"_monsterinsights_sitenote_active":false,"_monsterinsights_sitenote_note":"","_monsterinsights_sitenote_category":0,"footnotes":""},"categories":[342],"tags":[1117,334,704,421,422,1146,448,358,218],"writer":[1322],"translator":[1342],"source":[],"ilustrador":[],"fotografo":[],"class_list":{"0":"post-13170","1":"post","2":"type-post","3":"status-publish","4":"format-standard","5":"has-post-thumbnail","7":"category-solucoes","8":"tag-agencia-de-redes-para-juventude","9":"tag-arte","10":"tag-borel","11":"tag-cultura-da-favela","12":"tag-cultura-de-rua","13":"tag-exposicao","14":"tag-lideranca","15":"tag-organizacao-comunitaria","16":"tag-zona-norte","17":"writer-elma-gonzalez","18":"translator-patricia-monteiro"},"acf":[],"yoast_head":"<!-- This site is optimized with the Yoast SEO plugin v25.6 - https:\/\/yoast.com\/wordpress\/plugins\/seo\/ -->\n<title>BoreArt Lan\u00e7a Terceira Exposi\u00e7\u00e3o de Arte Moderna no Borel - RioOnWatch<\/title>\n<meta name=\"robots\" content=\"index, follow, max-snippet:-1, max-image-preview:large, max-video-preview:-1\" \/>\n<link rel=\"canonical\" href=\"https:\/\/rioonwatch.org.br\/?p=13170\" \/>\n<meta property=\"og:locale\" content=\"pt_BR\" \/>\n<meta property=\"og:type\" content=\"article\" \/>\n<meta property=\"og:title\" content=\"BoreArt Lan\u00e7a Terceira Exposi\u00e7\u00e3o de Arte Moderna no Borel - RioOnWatch\" \/>\n<meta property=\"og:description\" content=\"Click Here for English Pela terceira vez desde seu in\u00edcio em 2012, o BoreArt, grupo de jovens moradores\u00a0da favela Borel na Tijuca, Zona Norte do Rio de Janeiro, lan\u00e7ou uma exposi\u00e7\u00e3o\u00a0de arte moderna em sua [...]\" \/>\n<meta property=\"og:url\" content=\"https:\/\/rioonwatch.org.br\/?p=13170\" \/>\n<meta property=\"og:site_name\" content=\"RioOnWatch\" \/>\n<meta property=\"article:published_time\" content=\"2014-12-24T14:52:45+00:00\" \/>\n<meta property=\"article:modified_time\" content=\"2015-12-19T19:09:30+00:00\" \/>\n<meta property=\"og:image\" content=\"https:\/\/rioonwatch.org.br\/wp-content\/uploads\/2014\/12\/boreart1.jpg\" \/>\n\t<meta property=\"og:image:width\" content=\"960\" \/>\n\t<meta property=\"og:image:height\" content=\"540\" \/>\n\t<meta property=\"og:image:type\" content=\"image\/jpeg\" \/>\n<meta name=\"author\" content=\"Nicole Froio\" \/>\n<meta name=\"twitter:card\" content=\"summary_large_image\" \/>\n<meta name=\"twitter:label1\" content=\"Escrito por\" \/>\n\t<meta name=\"twitter:data1\" content=\"Nicole Froio\" \/>\n\t<meta name=\"twitter:label2\" content=\"Est. tempo de leitura\" \/>\n\t<meta name=\"twitter:data2\" content=\"3 minutos\" \/>\n<script type=\"application\/ld+json\" class=\"yoast-schema-graph\">{\"@context\":\"https:\/\/schema.org\",\"@graph\":[{\"@type\":\"Article\",\"@id\":\"https:\/\/rioonwatch.org.br\/?p=13170#article\",\"isPartOf\":{\"@id\":\"https:\/\/rioonwatch.org.br\/?p=13170\"},\"author\":{\"name\":\"Nicole Froio\",\"@id\":\"https:\/\/rioonwatch.org.br\/#\/schema\/person\/e07d559fe2154d11fd3ec515e35695ee\"},\"headline\":\"BoreArt Lan\u00e7a Terceira Exposi\u00e7\u00e3o de Arte Moderna no Borel\",\"datePublished\":\"2014-12-24T14:52:45+00:00\",\"dateModified\":\"2015-12-19T19:09:30+00:00\",\"mainEntityOfPage\":{\"@id\":\"https:\/\/rioonwatch.org.br\/?p=13170\"},\"wordCount\":655,\"publisher\":{\"@id\":\"https:\/\/rioonwatch.org.br\/#organization\"},\"image\":{\"@id\":\"https:\/\/rioonwatch.org.br\/?p=13170#primaryimage\"},\"thumbnailUrl\":\"https:\/\/rioonwatch.org.br\/wp-content\/uploads\/2014\/12\/boreart1.jpg\",\"keywords\":[\"Ag\u00eancia de Redes para Juventude\",\"arte\",\"Borel\",\"cultura da favela\",\"cultura de rua\",\"exposi\u00e7\u00e3o\",\"lideran\u00e7a\",\"organiza\u00e7\u00e3o comunit\u00e1ria\",\"Zona Norte\"],\"articleSection\":[\"Solu\u00e7\u00f5es\"],\"inLanguage\":\"pt-BR\"},{\"@type\":\"WebPage\",\"@id\":\"https:\/\/rioonwatch.org.br\/?p=13170\",\"url\":\"https:\/\/rioonwatch.org.br\/?p=13170\",\"name\":\"BoreArt Lan\u00e7a Terceira Exposi\u00e7\u00e3o de Arte Moderna no Borel - RioOnWatch\",\"isPartOf\":{\"@id\":\"https:\/\/rioonwatch.org.br\/#website\"},\"primaryImageOfPage\":{\"@id\":\"https:\/\/rioonwatch.org.br\/?p=13170#primaryimage\"},\"image\":{\"@id\":\"https:\/\/rioonwatch.org.br\/?p=13170#primaryimage\"},\"thumbnailUrl\":\"https:\/\/rioonwatch.org.br\/wp-content\/uploads\/2014\/12\/boreart1.jpg\",\"datePublished\":\"2014-12-24T14:52:45+00:00\",\"dateModified\":\"2015-12-19T19:09:30+00:00\",\"breadcrumb\":{\"@id\":\"https:\/\/rioonwatch.org.br\/?p=13170#breadcrumb\"},\"inLanguage\":\"pt-BR\",\"potentialAction\":[{\"@type\":\"ReadAction\",\"target\":[\"https:\/\/rioonwatch.org.br\/?p=13170\"]}]},{\"@type\":\"ImageObject\",\"inLanguage\":\"pt-BR\",\"@id\":\"https:\/\/rioonwatch.org.br\/?p=13170#primaryimage\",\"url\":\"https:\/\/rioonwatch.org.br\/wp-content\/uploads\/2014\/12\/boreart1.jpg\",\"contentUrl\":\"https:\/\/rioonwatch.org.br\/wp-content\/uploads\/2014\/12\/boreart1.jpg\",\"width\":960,\"height\":540},{\"@type\":\"BreadcrumbList\",\"@id\":\"https:\/\/rioonwatch.org.br\/?p=13170#breadcrumb\",\"itemListElement\":[{\"@type\":\"ListItem\",\"position\":1,\"name\":\"In\u00edcio\",\"item\":\"https:\/\/rioonwatch.org.br\/\"},{\"@type\":\"ListItem\",\"position\":2,\"name\":\"BoreArt Lan\u00e7a Terceira Exposi\u00e7\u00e3o de Arte Moderna no Borel\"}]},{\"@type\":\"WebSite\",\"@id\":\"https:\/\/rioonwatch.org.br\/#website\",\"url\":\"https:\/\/rioonwatch.org.br\/\",\"name\":\"RioOnWatch\",\"description\":\"relatos das favelas cariocas\",\"publisher\":{\"@id\":\"https:\/\/rioonwatch.org.br\/#organization\"},\"potentialAction\":[{\"@type\":\"SearchAction\",\"target\":{\"@type\":\"EntryPoint\",\"urlTemplate\":\"https:\/\/rioonwatch.org.br\/?s={search_term_string}\"},\"query-input\":{\"@type\":\"PropertyValueSpecification\",\"valueRequired\":true,\"valueName\":\"search_term_string\"}}],\"inLanguage\":\"pt-BR\"},{\"@type\":\"Organization\",\"@id\":\"https:\/\/rioonwatch.org.br\/#organization\",\"name\":\"RioOnWatch\",\"url\":\"https:\/\/rioonwatch.org.br\/\",\"logo\":{\"@type\":\"ImageObject\",\"inLanguage\":\"pt-BR\",\"@id\":\"https:\/\/rioonwatch.org.br\/#\/schema\/logo\/image\/\",\"url\":\"https:\/\/rioonwatch.org.br\/wp-content\/uploads\/2021\/06\/RioOnWatchcabecalhoPT11anos-2.png\",\"contentUrl\":\"https:\/\/rioonwatch.org.br\/wp-content\/uploads\/2021\/06\/RioOnWatchcabecalhoPT11anos-2.png\",\"width\":779,\"height\":277,\"caption\":\"RioOnWatch\"},\"image\":{\"@id\":\"https:\/\/rioonwatch.org.br\/#\/schema\/logo\/image\/\"}},{\"@type\":\"Person\",\"@id\":\"https:\/\/rioonwatch.org.br\/#\/schema\/person\/e07d559fe2154d11fd3ec515e35695ee\",\"name\":\"Nicole Froio\",\"image\":{\"@type\":\"ImageObject\",\"inLanguage\":\"pt-BR\",\"@id\":\"https:\/\/rioonwatch.org.br\/#\/schema\/person\/image\/\",\"url\":\"https:\/\/secure.gravatar.com\/avatar\/0acdbd6878ca0ac29aa5ce6c6119d636?s=96&d=blank&r=g\",\"contentUrl\":\"https:\/\/secure.gravatar.com\/avatar\/0acdbd6878ca0ac29aa5ce6c6119d636?s=96&d=blank&r=g\",\"caption\":\"Nicole Froio\"},\"url\":\"https:\/\/rioonwatch.org.br\/?author=137\"}]}<\/script>\n<!-- \/ Yoast SEO plugin. -->","yoast_head_json":{"title":"BoreArt Lan\u00e7a Terceira Exposi\u00e7\u00e3o de Arte Moderna no Borel - RioOnWatch","robots":{"index":"index","follow":"follow","max-snippet":"max-snippet:-1","max-image-preview":"max-image-preview:large","max-video-preview":"max-video-preview:-1"},"canonical":"https:\/\/rioonwatch.org.br\/?p=13170","og_locale":"pt_BR","og_type":"article","og_title":"BoreArt Lan\u00e7a Terceira Exposi\u00e7\u00e3o de Arte Moderna no Borel - RioOnWatch","og_description":"Click Here for English Pela terceira vez desde seu in\u00edcio em 2012, o BoreArt, grupo de jovens moradores\u00a0da favela Borel na Tijuca, Zona Norte do Rio de Janeiro, lan\u00e7ou uma exposi\u00e7\u00e3o\u00a0de arte moderna em sua [...]","og_url":"https:\/\/rioonwatch.org.br\/?p=13170","og_site_name":"RioOnWatch","article_published_time":"2014-12-24T14:52:45+00:00","article_modified_time":"2015-12-19T19:09:30+00:00","og_image":[{"width":960,"height":540,"url":"https:\/\/rioonwatch.org.br\/wp-content\/uploads\/2014\/12\/boreart1.jpg","type":"image\/jpeg"}],"author":"Nicole Froio","twitter_card":"summary_large_image","twitter_misc":{"Escrito por":"Nicole Froio","Est. tempo de leitura":"3 minutos"},"schema":{"@context":"https:\/\/schema.org","@graph":[{"@type":"Article","@id":"https:\/\/rioonwatch.org.br\/?p=13170#article","isPartOf":{"@id":"https:\/\/rioonwatch.org.br\/?p=13170"},"author":{"name":"Nicole Froio","@id":"https:\/\/rioonwatch.org.br\/#\/schema\/person\/e07d559fe2154d11fd3ec515e35695ee"},"headline":"BoreArt Lan\u00e7a Terceira Exposi\u00e7\u00e3o de Arte Moderna no Borel","datePublished":"2014-12-24T14:52:45+00:00","dateModified":"2015-12-19T19:09:30+00:00","mainEntityOfPage":{"@id":"https:\/\/rioonwatch.org.br\/?p=13170"},"wordCount":655,"publisher":{"@id":"https:\/\/rioonwatch.org.br\/#organization"},"image":{"@id":"https:\/\/rioonwatch.org.br\/?p=13170#primaryimage"},"thumbnailUrl":"https:\/\/rioonwatch.org.br\/wp-content\/uploads\/2014\/12\/boreart1.jpg","keywords":["Ag\u00eancia de Redes para Juventude","arte","Borel","cultura da favela","cultura de rua","exposi\u00e7\u00e3o","lideran\u00e7a","organiza\u00e7\u00e3o comunit\u00e1ria","Zona Norte"],"articleSection":["Solu\u00e7\u00f5es"],"inLanguage":"pt-BR"},{"@type":"WebPage","@id":"https:\/\/rioonwatch.org.br\/?p=13170","url":"https:\/\/rioonwatch.org.br\/?p=13170","name":"BoreArt Lan\u00e7a Terceira Exposi\u00e7\u00e3o de Arte Moderna no Borel - RioOnWatch","isPartOf":{"@id":"https:\/\/rioonwatch.org.br\/#website"},"primaryImageOfPage":{"@id":"https:\/\/rioonwatch.org.br\/?p=13170#primaryimage"},"image":{"@id":"https:\/\/rioonwatch.org.br\/?p=13170#primaryimage"},"thumbnailUrl":"https:\/\/rioonwatch.org.br\/wp-content\/uploads\/2014\/12\/boreart1.jpg","datePublished":"2014-12-24T14:52:45+00:00","dateModified":"2015-12-19T19:09:30+00:00","breadcrumb":{"@id":"https:\/\/rioonwatch.org.br\/?p=13170#breadcrumb"},"inLanguage":"pt-BR","potentialAction":[{"@type":"ReadAction","target":["https:\/\/rioonwatch.org.br\/?p=13170"]}]},{"@type":"ImageObject","inLanguage":"pt-BR","@id":"https:\/\/rioonwatch.org.br\/?p=13170#primaryimage","url":"https:\/\/rioonwatch.org.br\/wp-content\/uploads\/2014\/12\/boreart1.jpg","contentUrl":"https:\/\/rioonwatch.org.br\/wp-content\/uploads\/2014\/12\/boreart1.jpg","width":960,"height":540},{"@type":"BreadcrumbList","@id":"https:\/\/rioonwatch.org.br\/?p=13170#breadcrumb","itemListElement":[{"@type":"ListItem","position":1,"name":"In\u00edcio","item":"https:\/\/rioonwatch.org.br\/"},{"@type":"ListItem","position":2,"name":"BoreArt Lan\u00e7a Terceira Exposi\u00e7\u00e3o de Arte Moderna no Borel"}]},{"@type":"WebSite","@id":"https:\/\/rioonwatch.org.br\/#website","url":"https:\/\/rioonwatch.org.br\/","name":"RioOnWatch","description":"relatos das favelas cariocas","publisher":{"@id":"https:\/\/rioonwatch.org.br\/#organization"},"potentialAction":[{"@type":"SearchAction","target":{"@type":"EntryPoint","urlTemplate":"https:\/\/rioonwatch.org.br\/?s={search_term_string}"},"query-input":{"@type":"PropertyValueSpecification","valueRequired":true,"valueName":"search_term_string"}}],"inLanguage":"pt-BR"},{"@type":"Organization","@id":"https:\/\/rioonwatch.org.br\/#organization","name":"RioOnWatch","url":"https:\/\/rioonwatch.org.br\/","logo":{"@type":"ImageObject","inLanguage":"pt-BR","@id":"https:\/\/rioonwatch.org.br\/#\/schema\/logo\/image\/","url":"https:\/\/rioonwatch.org.br\/wp-content\/uploads\/2021\/06\/RioOnWatchcabecalhoPT11anos-2.png","contentUrl":"https:\/\/rioonwatch.org.br\/wp-content\/uploads\/2021\/06\/RioOnWatchcabecalhoPT11anos-2.png","width":779,"height":277,"caption":"RioOnWatch"},"image":{"@id":"https:\/\/rioonwatch.org.br\/#\/schema\/logo\/image\/"}},{"@type":"Person","@id":"https:\/\/rioonwatch.org.br\/#\/schema\/person\/e07d559fe2154d11fd3ec515e35695ee","name":"Nicole Froio","image":{"@type":"ImageObject","inLanguage":"pt-BR","@id":"https:\/\/rioonwatch.org.br\/#\/schema\/person\/image\/","url":"https:\/\/secure.gravatar.com\/avatar\/0acdbd6878ca0ac29aa5ce6c6119d636?s=96&d=blank&r=g","contentUrl":"https:\/\/secure.gravatar.com\/avatar\/0acdbd6878ca0ac29aa5ce6c6119d636?s=96&d=blank&r=g","caption":"Nicole Froio"},"url":"https:\/\/rioonwatch.org.br\/?author=137"}]}},"_links":{"self":[{"href":"https:\/\/rioonwatch.org.br\/index.php?rest_route=\/wp\/v2\/posts\/13170"}],"collection":[{"href":"https:\/\/rioonwatch.org.br\/index.php?rest_route=\/wp\/v2\/posts"}],"about":[{"href":"https:\/\/rioonwatch.org.br\/index.php?rest_route=\/wp\/v2\/types\/post"}],"author":[{"embeddable":true,"href":"https:\/\/rioonwatch.org.br\/index.php?rest_route=\/wp\/v2\/users\/137"}],"replies":[{"embeddable":true,"href":"https:\/\/rioonwatch.org.br\/index.php?rest_route=%2Fwp%2Fv2%2Fcomments&post=13170"}],"version-history":[{"count":11,"href":"https:\/\/rioonwatch.org.br\/index.php?rest_route=\/wp\/v2\/posts\/13170\/revisions"}],"predecessor-version":[{"id":17713,"href":"https:\/\/rioonwatch.org.br\/index.php?rest_route=\/wp\/v2\/posts\/13170\/revisions\/17713"}],"wp:featuredmedia":[{"embeddable":true,"href":"https:\/\/rioonwatch.org.br\/index.php?rest_route=\/wp\/v2\/media\/13174"}],"wp:attachment":[{"href":"https:\/\/rioonwatch.org.br\/index.php?rest_route=%2Fwp%2Fv2%2Fmedia&parent=13170"}],"wp:term":[{"taxonomy":"category","embeddable":true,"href":"https:\/\/rioonwatch.org.br\/index.php?rest_route=%2Fwp%2Fv2%2Fcategories&post=13170"},{"taxonomy":"post_tag","embeddable":true,"href":"https:\/\/rioonwatch.org.br\/index.php?rest_route=%2Fwp%2Fv2%2Ftags&post=13170"},{"taxonomy":"writer","embeddable":true,"href":"https:\/\/rioonwatch.org.br\/index.php?rest_route=%2Fwp%2Fv2%2Fwriter&post=13170"},{"taxonomy":"translator","embeddable":true,"href":"https:\/\/rioonwatch.org.br\/index.php?rest_route=%2Fwp%2Fv2%2Ftranslator&post=13170"},{"taxonomy":"source","embeddable":true,"href":"https:\/\/rioonwatch.org.br\/index.php?rest_route=%2Fwp%2Fv2%2Fsource&post=13170"},{"taxonomy":"ilustrador","embeddable":true,"href":"https:\/\/rioonwatch.org.br\/index.php?rest_route=%2Fwp%2Fv2%2Filustrador&post=13170"},{"taxonomy":"fotografo","embeddable":true,"href":"https:\/\/rioonwatch.org.br\/index.php?rest_route=%2Fwp%2Fv2%2Ffotografo&post=13170"}],"curies":[{"name":"wp","href":"https:\/\/api.w.org\/{rel}","templated":true}]}}