{"id":13216,"date":"2015-01-06T08:00:54","date_gmt":"2015-01-06T11:00:54","guid":{"rendered":"http:\/\/rioonwatch.org.br\/?p=13216"},"modified":"2024-06-20T13:36:51","modified_gmt":"2024-06-20T16:36:51","slug":"perfil-de-midia-comunitaria-favela-em-foco","status":"publish","type":"post","link":"https:\/\/rioonwatch.org.br\/?p=13216","title":{"rendered":"Perfil de M\u00eddia Comunit\u00e1ria: Favela Em Foco"},"content":{"rendered":"<p style=\"text-align: right;\"><em><strong><a href=\"http:\/\/www.rioonwatch.org\/?p=19245\" target=\"_blank\" rel=\"noopener\">Click Here for English<img decoding=\"async\" width=\"20\" height=\"20\" class=\"alignright wp-image-15790\" src=\"http:\/\/rioonwatch.org.br\/wp-content\/uploads\/2012\/08\/EN-standard-e1439583104716.jpg\" alt=\"\" \/><\/a><\/strong><\/em><\/p>\n<p><em>Esta mat\u00e9ria faz parte de uma s\u00e9rie sobre <a href=\"http:\/\/bit.ly\/11VbppF\" target=\"_blank\" rel=\"noopener\">ve\u00edculos de comunica\u00e7\u00e3o comunit\u00e1ria<\/a>.<\/em><\/p>\n<p>Enquanto a Alemanha comemorava o 25\u00ba anivers\u00e1rio da queda do muro de Berlim no dia\u00a09 de novembro, a data significava algo diferente para os membros do <a href=\"http:\/\/bit.ly\/nGIcHn\" target=\"_blank\" rel=\"noopener\">Favela em Foco<\/a>. O dia marcou o anivers\u00e1rio de cinco anos da funda\u00e7\u00e3o do coletivo multim\u00eddia. A inesperada conex\u00e3o entre os dois eventos foi destacada no primeiro projeto do grupo, um curta chamado &#8220;<a href=\"http:\/\/bit.ly\/1182l0e\" target=\"_blank\" rel=\"noopener\">O Muro de Berlim \u00e9 aqui?<\/a>&#8220;, divulgado em novembro de 2009 na \u00e9poca do 20\u00ba anivers\u00e1rio da queda do muro.\u00a0O filme mostra o paralelo entre Berlim dividida e os <a href=\"http:\/\/bit.ly\/1fCRe6f\" target=\"_blank\" rel=\"noopener\">muros que foram constru\u00eddos<\/a> ao longo das linhas expressas Vermelha e Amarela no Rio. Esses muros restringiram acessos \u00e0 vias para os complexos da favela ao redor, levantando questionamentos de se o governo genuinamente queria reduzir o barulho para os moradores, como foi\u00a0divulgado, ou se queria esconder as favelas de vista.<\/p>\n<p>O nascimento do Favela em Foco representa a realiza\u00e7\u00e3o de um sonho para seus fundadores, que planejavam o projeto h\u00e1 dois anos. Em 2007, o <a href=\"http:\/\/bit.ly\/1itPfQc\" target=\"_blank\" rel=\"noopener\">Observat\u00f3rio de Favelas<\/a> ofereceu <a href=\"http:\/\/bit.ly\/1GYtGmK\" target=\"_blank\" rel=\"noopener\">workshops de fotografia<\/a> para alguns jovens moradores da favela do <a href=\"http:\/\/bit.ly\/19t7wK0\" target=\"_blank\" rel=\"noopener\">Jacarezinho<\/a>.\u00a0Encantados pela perspectiva de documentar a vida di\u00e1ria de sua comunidade, diversos participantes criaram o projeto Jacarezinho em Foco, utilizando fotos, v\u00eddeos e blogs para contar hist\u00f3rias locais. Eles receberam um financiamento de R$3000 e sonharam com o in\u00edcio de uma revista comunit\u00e1ria. Ap\u00f3s dois meses e a publica\u00e7\u00e3o de apenas um exemplar da revista, no entanto, ficou claro que uma revista impressa n\u00e3o poderia ser sustentada sem financiamento cont\u00ednuo.<\/p>\n<p>Enquanto alguns participantes tiveram que abandonar o projeto e comprometer seu tempo com trabalhos remunerados, alguns poucos membros continuaram engajados em estabelecer um projeto de m\u00eddia conduzido pela comunidade. Percebendo que uma plataforma online oferecia uma alternativa mais flex\u00edvel, o Favela em Foco surgiu com um <a href=\"http:\/\/bit.ly\/nGIcHn\" target=\"_blank\" rel=\"noopener\">site do WordPress<\/a> como plataforma central, sendo complementado pelo <a href=\"http:\/\/on.fb.me\/1xpz7rU\" target=\"_blank\" rel=\"noopener\">Facebook<\/a> e o <a href=\"http:\/\/bit.ly\/1Bs9JnP\" target=\"_blank\" rel=\"noopener\">Twitter<\/a>.<\/p>\n<p><a href=\"http:\/\/rioonwatch.org.br\/wp-content\/uploads\/2014\/12\/Favela-em-Foco-1.jpg\"><img fetchpriority=\"high\" decoding=\"async\" class=\"aligncenter wp-image-13219 size-full\" title=\"Mulher escolhe roupas para doa\u00e7\u00e3o depois das enchentes no Morro do Bumba em Niter\u00f3i, 2010. Foto por L\u00e9o Lima\/Favela Em Foco\" src=\"http:\/\/rioonwatch.org.br\/wp-content\/uploads\/2014\/12\/Favela-em-Foco-1.jpg\" alt=\"\" width=\"640\" height=\"429\" srcset=\"https:\/\/rioonwatch.org.br\/wp-content\/uploads\/2014\/12\/Favela-em-Foco-1.jpg 640w, https:\/\/rioonwatch.org.br\/wp-content\/uploads\/2014\/12\/Favela-em-Foco-1-394x264.jpg 394w, https:\/\/rioonwatch.org.br\/wp-content\/uploads\/2014\/12\/Favela-em-Foco-1-620x416.jpg 620w\" sizes=\"(max-width: 640px) 100vw, 640px\" \/><\/a><\/p>\n<p>Como o nome do coletivo sugere, essa transi\u00e7\u00e3o tamb\u00e9m expandiu o foco do coletivo do Jacarezinho para outras favelas do Rio de Janeiro. Atualmente, o coletivo possui sete membros no Rio, fot\u00f3grafos do Jacarezinho, <a href=\"http:\/\/bit.ly\/U0MiGm\" target=\"_blank\" rel=\"noopener\">Complexo do Alem\u00e3o<\/a>, Bonsucesso e <a href=\"http:\/\/bit.ly\/10BvARw\" target=\"_blank\" rel=\"noopener\">Mar\u00e9<\/a>&#8211;todas na negligenciada <a href=\"http:\/\/bit.ly\/WximDf\" target=\"_blank\" rel=\"noopener\">Zona Norte<\/a> do Rio.\u00a0Os membros n\u00e3o limitam seus trabalhos apenas \u00e0 suas comunidades ou \u00e0 Zona Norte, cobrindo eventos ao redor da cidade, da <a href=\"http:\/\/bit.ly\/Nfddvg\" target=\"_blank\" rel=\"noopener\">Vila Aut\u00f3dromo<\/a>, na <a href=\"http:\/\/bit.ly\/11tBmFR\" target=\"_blank\" rel=\"noopener\">Zona Oeste<\/a>, \u00e0 <a href=\"http:\/\/bit.ly\/1xpT8yS\" target=\"_blank\" rel=\"noopener\">Niter\u00f3i<\/a> e <a href=\"http:\/\/bit.ly\/1xgiXjq\" target=\"_blank\" rel=\"noopener\">Nova Igua\u00e7u<\/a> na regi\u00e3o metropolitana. No ano passado, o coletivo cobriu t\u00f3picos na cidade incluindo os <a href=\"http:\/\/bit.ly\/1BPTpNY\" target=\"_blank\" rel=\"noopener\">protestos durante a Copa do Mundo<\/a>, <a href=\"http:\/\/bit.ly\/14QuriM\" target=\"_blank\" rel=\"noopener\">as ocupa\u00e7\u00f5es da Unidade de Pol\u00edcia Pacificadora (UPP)<\/a>, <a href=\"http:\/\/bit.ly\/1yWxQp9\" target=\"_blank\" rel=\"noopener\">a greve dos garis<\/a>\u00a0e as <a href=\"http:\/\/bit.ly\/1xFXvFN\" target=\"_blank\" rel=\"noopener\">tradicionais celebra\u00e7\u00f5es religiosas afro-brasileiras<\/a>. Relat\u00f3rios combinam fotografias com curtos textos explicando a situa\u00e7\u00e3o retratada.<\/p>\n<p><a href=\"http:\/\/bit.ly\/ZBa7ui\" target=\"_blank\" rel=\"noopener\">L\u00e9o Lima<\/a>, um dos membros fundadores, explicou que onde quer que os membros do coletivo trabalhem, sua cobertura dos eventos ou hist\u00f3rias diferem de maneira dram\u00e1tica da cobertura da m\u00eddia dominante, pois eles passam mais tempo nas ruas. Ele disse: &#8220;A trag\u00e9dia acontece e todo mundo vai&#8211;todos os ve\u00edculos de m\u00eddia e o coletivo. Eles v\u00e3o, ficam e quando acaba, todo mundo vai embora, enquanto o coletivo fica&#8221;. Pela sua perspectiva, esse \u00e9 um papel chave da comunidade e da m\u00eddia alternativa: entender e trabalhar com as comunidades para contar a hist\u00f3ria. <a href=\"http:\/\/bit.ly\/14icN7E\" target=\"_blank\" rel=\"noopener\">Luiz Baltar<\/a>, outro membro do coletivo, concorda. Quando questionado\u00a0sobre o papel da m\u00eddia comunit\u00e1ria, respondeu: &#8220;\u00c9 documentar as lutas e a vida di\u00e1ria, dando visibilidade e apoio. \u00c9 fazer isso com, n\u00e3o para [as comunidades]&#8221;.<\/p>\n<p><a href=\"http:\/\/rioonwatch.org.br\/wp-content\/uploads\/2014\/12\/lima.jpg\"><img decoding=\"async\" class=\"aligncenter wp-image-13220\" title=\"Vila Aut\u00f3dromo. Foto por L\u00e9o Lima\/Favela Em Foco\" src=\"http:\/\/rioonwatch.org.br\/wp-content\/uploads\/2014\/12\/lima.jpg\" alt=\"\" width=\"640\" height=\"428\" srcset=\"https:\/\/rioonwatch.org.br\/wp-content\/uploads\/2014\/12\/lima.jpg 624w, https:\/\/rioonwatch.org.br\/wp-content\/uploads\/2014\/12\/lima-395x264.jpg 395w, https:\/\/rioonwatch.org.br\/wp-content\/uploads\/2014\/12\/lima-620x414.jpg 620w\" sizes=\"(max-width: 640px) 100vw, 640px\" \/><\/a><\/p>\n<p>A estrutura e o planejamento do Favela em Foco s\u00e3o informais e organizados de maneira solta. Em entrevista, L\u00e9o\u00a0riu ao lembrar como caminhou at\u00e9 a Vila Aut\u00f3dromo para cobrir um evento para descobrir que outros membros do coletivo j\u00e1 estavam l\u00e1. Ele explicou que n\u00e3o h\u00e1 necessidade de uma divis\u00e3o de tarefas estrita, apesar de se responsabilizar por subir o conte\u00fado no blog e na p\u00e1gina do Facebook.\u00a0Tamb\u00e9m n\u00e3o existem reuni\u00f5es peri\u00f3dicas ou uma linha editorial r\u00edgida. Membros recebem flexibilidade para explorar os t\u00f3picos que lhes interessam. Luiz\u00a0disse\u00a0que come\u00e7ou a contribuir com o coletivo em 2012, com materiais relacionados \u00e0s\u00a0<a href=\"http:\/\/bit.ly\/X51Qvb\" target=\"_blank\" rel=\"noopener\">remo\u00e7\u00f5es<\/a> e a luta por moradia. Desde que se juntou ao coletivo oficialmente, no in\u00edcio deste ano, Luiz\u00a0continua seguindo esses assuntos e sente que iniciativas individuais n\u00e3o entram em conflito com as necessidades do grupo mas que, ao contr\u00e1rio, d\u00e3o suporte, aumentando a qualidade do trabalho coletivo.<\/p>\n<p><a href=\"http:\/\/rioonwatch.org.br\/wp-content\/uploads\/2014\/12\/favelaemfoco3.jpg\"><img loading=\"lazy\" decoding=\"async\" class=\"aligncenter wp-image-13221 size-full\" title=\"Reciclagem na Mar\u00e9. Foto por Favela Em Foco\" src=\"http:\/\/rioonwatch.org.br\/wp-content\/uploads\/2014\/12\/favelaemfoco3.jpg\" alt=\"\" width=\"640\" height=\"427\" srcset=\"https:\/\/rioonwatch.org.br\/wp-content\/uploads\/2014\/12\/favelaemfoco3.jpg 640w, https:\/\/rioonwatch.org.br\/wp-content\/uploads\/2014\/12\/favelaemfoco3-396x264.jpg 396w, https:\/\/rioonwatch.org.br\/wp-content\/uploads\/2014\/12\/favelaemfoco3-620x414.jpg 620w\" sizes=\"(max-width: 640px) 100vw, 640px\" \/><\/a><\/p>\n<p>O que une o coletivo \u00e9 o foco em favelas, espa\u00e7os p\u00fablicos ou populares e popula\u00e7\u00f5es marginalizadas, com o objetivo de dar visibilidade \u00e0 perspectivas sem voz e desafiar estere\u00f3tipos. L\u00e9o admitiu que n\u00e3o tem certeza se eles podem mudar os estere\u00f3tipos e o <a href=\"http:\/\/bit.ly\/P4itK0\" target=\"_blank\" rel=\"noopener\">estigma<\/a> criado durante d\u00e9cadas. Ao inv\u00e9s de se preocupar com o que parece ser um desafio intranspon\u00edvel, no entanto, ele se concentra em aumentar a variedade de hist\u00f3rias e perspectivas que s\u00e3o compartilhadas, construindo evid\u00eancias para contrariar a ideia de que existe uma \u00fanica experi\u00eancia de favela, ou uma \u00fanica perspectiva sobre a favela. Ele apontou o absurdo de algu\u00e9m sugerir que todos na Zona Sul podem ser descritos de maneira uniforme, notando que a m\u00eddia dominante tem sido culpada de tentar descrever os moradores da favela desse jeito. Ele at\u00e9 afastou pessoas que querem &#8220;promover cultura de favela&#8221;, argumentando que n\u00e3o h\u00e1 s\u00f3 uma, mas &#8220;v\u00e1rias culturas&#8221;.<\/p>\n<p><a href=\"http:\/\/rioonwatch.org.br\/wp-content\/uploads\/2014\/12\/leo-lima-jaca4.jpg\"><img loading=\"lazy\" decoding=\"async\" class=\"aligncenter size-full wp-image-13222\" src=\"http:\/\/rioonwatch.org.br\/wp-content\/uploads\/2014\/12\/leo-lima-jaca4.jpg\" alt=\"SONY DSC\" width=\"640\" height=\"429\" srcset=\"https:\/\/rioonwatch.org.br\/wp-content\/uploads\/2014\/12\/leo-lima-jaca4.jpg 640w, https:\/\/rioonwatch.org.br\/wp-content\/uploads\/2014\/12\/leo-lima-jaca4-394x264.jpg 394w, https:\/\/rioonwatch.org.br\/wp-content\/uploads\/2014\/12\/leo-lima-jaca4-620x416.jpg 620w\" sizes=\"(max-width: 640px) 100vw, 640px\" \/><\/a><\/p>\n<p>Quando perguntados sobre os desafios que o coletivo enfrenta, tanto L\u00e9o\u00a0quanto Luiz\u00a0mencionaram as dificuldades de financiamento. Para L\u00e9o, produzir trabalho de qualidade demanda muito tempo e, sem compensa\u00e7\u00e3o financeira, isso exige que os membros tenham &#8220;muita paix\u00e3o&#8221;. Por ora, eles comemoram os cinco anos e continuam seguindo adiante com projetos em andamento, que incluem a explora\u00e7\u00e3o do direito \u00e0 inf\u00e2ncia e os impactos dos <a href=\"http:\/\/bit.ly\/PkLXlQ\" target=\"_blank\" rel=\"noopener\">Jogos Ol\u00edmpicos<\/a>, que ocorrem em 2016.<\/p>\n<p>Para mais informa\u00e7\u00f5es, visite o <a href=\"http:\/\/bit.ly\/nGIcHn\" target=\"_blank\" rel=\"noopener\">site<\/a> do Favela em Foco, ou siga o coletivo no <a href=\"http:\/\/on.fb.me\/1xpz7rU\" target=\"_blank\" rel=\"noopener\">Facebook<\/a> ou <a href=\"http:\/\/bit.ly\/1Bs9JnP\" target=\"_blank\" rel=\"noopener\">Twitter<\/a>.<\/p>\n<!-- AddThis Advanced Settings generic via filter on the_content --><!-- AddThis Share Buttons generic via filter on the_content -->","protected":false},"excerpt":{"rendered":"<div class=\"mh-excerpt\"><p>Click Here for English Esta mat\u00e9ria faz parte de uma s\u00e9rie sobre ve\u00edculos de comunica\u00e7\u00e3o comunit\u00e1ria. Enquanto a Alemanha comemorava o 25\u00ba anivers\u00e1rio da queda do muro de Berlim no dia\u00a09 de novembro, a data <a class=\"mh-excerpt-more\" href=\"https:\/\/rioonwatch.org.br\/?p=13216\" title=\"Perfil de M\u00eddia Comunit\u00e1ria: Favela Em Foco\">[&#8230;]<\/a><!-- AddThis Advanced Settings generic via filter on get_the_excerpt --><!-- AddThis Share Buttons generic via filter on get_the_excerpt --><\/p>\n<\/div>","protected":false},"author":137,"featured_media":13218,"comment_status":"closed","ping_status":"closed","sticky":false,"template":"","format":"standard","meta":{"_acf_changed":false,"_monsterinsights_skip_tracking":false,"_monsterinsights_sitenote_active":false,"_monsterinsights_sitenote_note":"","_monsterinsights_sitenote_category":0,"footnotes":""},"categories":[1614,342],"tags":[386,332,217,1530,83,599,1166,276,10,961,663,14,1344,476,55,218],"writer":[1199],"translator":[1342],"source":[],"ilustrador":[],"fotografo":[],"class_list":{"0":"post-13216","1":"post","2":"type-post","3":"status-publish","4":"format-standard","5":"has-post-thumbnail","7":"category-olhonasremocoes","8":"category-solucoes","9":"tag-estigma","10":"tag-complexo-da-mare","11":"tag-complexo-do-alemao","12":"tag-midia-comunitaria","13":"tag-fotografia","14":"tag-jacarezinho","15":"tag-jornalismo","16":"tag-mutirao","17":"tag-niteroi","18":"tag-nova-iguacu","19":"tag-observatorio-de-favelas","20":"tag-remocao","21":"tag-serie-comunicacao-comunitaria","22":"tag-solucao-comunitaria","23":"tag-vila-autodromo","24":"tag-zona-norte","25":"writer-cerianne-robertson","26":"translator-patricia-monteiro"},"acf":[],"yoast_head":"<!-- This site is optimized with the Yoast SEO plugin v25.6 - https:\/\/yoast.com\/wordpress\/plugins\/seo\/ -->\n<title>Perfil de M\u00eddia Comunit\u00e1ria: Favela Em Foco - RioOnWatch<\/title>\n<meta name=\"robots\" content=\"index, follow, max-snippet:-1, max-image-preview:large, max-video-preview:-1\" \/>\n<link rel=\"canonical\" href=\"https:\/\/rioonwatch.org.br\/?p=13216\" \/>\n<meta property=\"og:locale\" content=\"pt_BR\" \/>\n<meta property=\"og:type\" content=\"article\" \/>\n<meta property=\"og:title\" content=\"Perfil de M\u00eddia Comunit\u00e1ria: Favela Em Foco - RioOnWatch\" \/>\n<meta property=\"og:description\" content=\"Click Here for English Esta mat\u00e9ria faz parte de uma s\u00e9rie sobre ve\u00edculos de comunica\u00e7\u00e3o comunit\u00e1ria. Enquanto a Alemanha comemorava o 25\u00ba anivers\u00e1rio da queda do muro de Berlim no dia\u00a09 de novembro, a data [...]\" \/>\n<meta property=\"og:url\" content=\"https:\/\/rioonwatch.org.br\/?p=13216\" \/>\n<meta property=\"og:site_name\" content=\"RioOnWatch\" \/>\n<meta property=\"article:published_time\" content=\"2015-01-06T11:00:54+00:00\" \/>\n<meta property=\"article:modified_time\" content=\"2024-06-20T16:36:51+00:00\" \/>\n<meta property=\"og:image\" content=\"https:\/\/rioonwatch.org.br\/wp-content\/uploads\/2014\/12\/lima-bandeira-1.jpg\" \/>\n\t<meta property=\"og:image:width\" content=\"900\" \/>\n\t<meta property=\"og:image:height\" content=\"600\" \/>\n\t<meta property=\"og:image:type\" content=\"image\/jpeg\" \/>\n<meta name=\"author\" content=\"Nicole Froio\" \/>\n<meta name=\"twitter:card\" content=\"summary_large_image\" \/>\n<meta name=\"twitter:label1\" content=\"Escrito por\" \/>\n\t<meta name=\"twitter:data1\" content=\"Nicole Froio\" \/>\n\t<meta name=\"twitter:label2\" content=\"Est. tempo de leitura\" \/>\n\t<meta name=\"twitter:data2\" content=\"5 minutos\" \/>\n<script type=\"application\/ld+json\" class=\"yoast-schema-graph\">{\"@context\":\"https:\/\/schema.org\",\"@graph\":[{\"@type\":\"Article\",\"@id\":\"https:\/\/rioonwatch.org.br\/?p=13216#article\",\"isPartOf\":{\"@id\":\"https:\/\/rioonwatch.org.br\/?p=13216\"},\"author\":{\"name\":\"Nicole Froio\",\"@id\":\"https:\/\/rioonwatch.org.br\/#\/schema\/person\/e07d559fe2154d11fd3ec515e35695ee\"},\"headline\":\"Perfil de M\u00eddia Comunit\u00e1ria: Favela Em Foco\",\"datePublished\":\"2015-01-06T11:00:54+00:00\",\"dateModified\":\"2024-06-20T16:36:51+00:00\",\"mainEntityOfPage\":{\"@id\":\"https:\/\/rioonwatch.org.br\/?p=13216\"},\"wordCount\":1065,\"publisher\":{\"@id\":\"https:\/\/rioonwatch.org.br\/#organization\"},\"image\":{\"@id\":\"https:\/\/rioonwatch.org.br\/?p=13216#primaryimage\"},\"thumbnailUrl\":\"https:\/\/rioonwatch.org.br\/wp-content\/uploads\/2014\/12\/lima-bandeira-1.jpg\",\"keywords\":[\"#StopFavelaStigma\",\"Complexo da Mar\u00e9\",\"Complexo do Alem\u00e3o\",\"Comunica\u00e7\u00e3o Comunit\u00e1ria\",\"fotografia\",\"Jacarezinho\",\"jornalismo\",\"mutir\u00e3o\",\"Niter\u00f3i\",\"Nova Igua\u00e7u\",\"Observat\u00f3rio de Favelas\",\"Remo\u00e7\u00e3o\",\"S\u00e9rie: Perfis de M\u00eddia Comunit\u00e1ria\",\"solu\u00e7\u00e3o comunit\u00e1ria\",\"Vila Aut\u00f3dromo\",\"Zona Norte\"],\"articleSection\":[\"#OlhoNasRemo\u00e7\u00f5es\",\"Solu\u00e7\u00f5es\"],\"inLanguage\":\"pt-BR\"},{\"@type\":\"WebPage\",\"@id\":\"https:\/\/rioonwatch.org.br\/?p=13216\",\"url\":\"https:\/\/rioonwatch.org.br\/?p=13216\",\"name\":\"Perfil de M\u00eddia Comunit\u00e1ria: Favela Em Foco - RioOnWatch\",\"isPartOf\":{\"@id\":\"https:\/\/rioonwatch.org.br\/#website\"},\"primaryImageOfPage\":{\"@id\":\"https:\/\/rioonwatch.org.br\/?p=13216#primaryimage\"},\"image\":{\"@id\":\"https:\/\/rioonwatch.org.br\/?p=13216#primaryimage\"},\"thumbnailUrl\":\"https:\/\/rioonwatch.org.br\/wp-content\/uploads\/2014\/12\/lima-bandeira-1.jpg\",\"datePublished\":\"2015-01-06T11:00:54+00:00\",\"dateModified\":\"2024-06-20T16:36:51+00:00\",\"breadcrumb\":{\"@id\":\"https:\/\/rioonwatch.org.br\/?p=13216#breadcrumb\"},\"inLanguage\":\"pt-BR\",\"potentialAction\":[{\"@type\":\"ReadAction\",\"target\":[\"https:\/\/rioonwatch.org.br\/?p=13216\"]}]},{\"@type\":\"ImageObject\",\"inLanguage\":\"pt-BR\",\"@id\":\"https:\/\/rioonwatch.org.br\/?p=13216#primaryimage\",\"url\":\"https:\/\/rioonwatch.org.br\/wp-content\/uploads\/2014\/12\/lima-bandeira-1.jpg\",\"contentUrl\":\"https:\/\/rioonwatch.org.br\/wp-content\/uploads\/2014\/12\/lima-bandeira-1.jpg\",\"width\":900,\"height\":600},{\"@type\":\"BreadcrumbList\",\"@id\":\"https:\/\/rioonwatch.org.br\/?p=13216#breadcrumb\",\"itemListElement\":[{\"@type\":\"ListItem\",\"position\":1,\"name\":\"In\u00edcio\",\"item\":\"https:\/\/rioonwatch.org.br\/\"},{\"@type\":\"ListItem\",\"position\":2,\"name\":\"Perfil de M\u00eddia Comunit\u00e1ria: Favela Em Foco\"}]},{\"@type\":\"WebSite\",\"@id\":\"https:\/\/rioonwatch.org.br\/#website\",\"url\":\"https:\/\/rioonwatch.org.br\/\",\"name\":\"RioOnWatch\",\"description\":\"relatos das favelas cariocas\",\"publisher\":{\"@id\":\"https:\/\/rioonwatch.org.br\/#organization\"},\"potentialAction\":[{\"@type\":\"SearchAction\",\"target\":{\"@type\":\"EntryPoint\",\"urlTemplate\":\"https:\/\/rioonwatch.org.br\/?s={search_term_string}\"},\"query-input\":{\"@type\":\"PropertyValueSpecification\",\"valueRequired\":true,\"valueName\":\"search_term_string\"}}],\"inLanguage\":\"pt-BR\"},{\"@type\":\"Organization\",\"@id\":\"https:\/\/rioonwatch.org.br\/#organization\",\"name\":\"RioOnWatch\",\"url\":\"https:\/\/rioonwatch.org.br\/\",\"logo\":{\"@type\":\"ImageObject\",\"inLanguage\":\"pt-BR\",\"@id\":\"https:\/\/rioonwatch.org.br\/#\/schema\/logo\/image\/\",\"url\":\"https:\/\/rioonwatch.org.br\/wp-content\/uploads\/2021\/06\/RioOnWatchcabecalhoPT11anos-2.png\",\"contentUrl\":\"https:\/\/rioonwatch.org.br\/wp-content\/uploads\/2021\/06\/RioOnWatchcabecalhoPT11anos-2.png\",\"width\":779,\"height\":277,\"caption\":\"RioOnWatch\"},\"image\":{\"@id\":\"https:\/\/rioonwatch.org.br\/#\/schema\/logo\/image\/\"}},{\"@type\":\"Person\",\"@id\":\"https:\/\/rioonwatch.org.br\/#\/schema\/person\/e07d559fe2154d11fd3ec515e35695ee\",\"name\":\"Nicole Froio\",\"image\":{\"@type\":\"ImageObject\",\"inLanguage\":\"pt-BR\",\"@id\":\"https:\/\/rioonwatch.org.br\/#\/schema\/person\/image\/\",\"url\":\"https:\/\/secure.gravatar.com\/avatar\/0acdbd6878ca0ac29aa5ce6c6119d636?s=96&d=blank&r=g\",\"contentUrl\":\"https:\/\/secure.gravatar.com\/avatar\/0acdbd6878ca0ac29aa5ce6c6119d636?s=96&d=blank&r=g\",\"caption\":\"Nicole Froio\"},\"url\":\"https:\/\/rioonwatch.org.br\/?author=137\"}]}<\/script>\n<!-- \/ Yoast SEO plugin. -->","yoast_head_json":{"title":"Perfil de M\u00eddia Comunit\u00e1ria: Favela Em Foco - RioOnWatch","robots":{"index":"index","follow":"follow","max-snippet":"max-snippet:-1","max-image-preview":"max-image-preview:large","max-video-preview":"max-video-preview:-1"},"canonical":"https:\/\/rioonwatch.org.br\/?p=13216","og_locale":"pt_BR","og_type":"article","og_title":"Perfil de M\u00eddia Comunit\u00e1ria: Favela Em Foco - RioOnWatch","og_description":"Click Here for English Esta mat\u00e9ria faz parte de uma s\u00e9rie sobre ve\u00edculos de comunica\u00e7\u00e3o comunit\u00e1ria. Enquanto a Alemanha comemorava o 25\u00ba anivers\u00e1rio da queda do muro de Berlim no dia\u00a09 de novembro, a data [...]","og_url":"https:\/\/rioonwatch.org.br\/?p=13216","og_site_name":"RioOnWatch","article_published_time":"2015-01-06T11:00:54+00:00","article_modified_time":"2024-06-20T16:36:51+00:00","og_image":[{"width":900,"height":600,"url":"https:\/\/rioonwatch.org.br\/wp-content\/uploads\/2014\/12\/lima-bandeira-1.jpg","type":"image\/jpeg"}],"author":"Nicole Froio","twitter_card":"summary_large_image","twitter_misc":{"Escrito por":"Nicole Froio","Est. tempo de leitura":"5 minutos"},"schema":{"@context":"https:\/\/schema.org","@graph":[{"@type":"Article","@id":"https:\/\/rioonwatch.org.br\/?p=13216#article","isPartOf":{"@id":"https:\/\/rioonwatch.org.br\/?p=13216"},"author":{"name":"Nicole Froio","@id":"https:\/\/rioonwatch.org.br\/#\/schema\/person\/e07d559fe2154d11fd3ec515e35695ee"},"headline":"Perfil de M\u00eddia Comunit\u00e1ria: Favela Em Foco","datePublished":"2015-01-06T11:00:54+00:00","dateModified":"2024-06-20T16:36:51+00:00","mainEntityOfPage":{"@id":"https:\/\/rioonwatch.org.br\/?p=13216"},"wordCount":1065,"publisher":{"@id":"https:\/\/rioonwatch.org.br\/#organization"},"image":{"@id":"https:\/\/rioonwatch.org.br\/?p=13216#primaryimage"},"thumbnailUrl":"https:\/\/rioonwatch.org.br\/wp-content\/uploads\/2014\/12\/lima-bandeira-1.jpg","keywords":["#StopFavelaStigma","Complexo da Mar\u00e9","Complexo do Alem\u00e3o","Comunica\u00e7\u00e3o Comunit\u00e1ria","fotografia","Jacarezinho","jornalismo","mutir\u00e3o","Niter\u00f3i","Nova Igua\u00e7u","Observat\u00f3rio de Favelas","Remo\u00e7\u00e3o","S\u00e9rie: Perfis de M\u00eddia Comunit\u00e1ria","solu\u00e7\u00e3o comunit\u00e1ria","Vila Aut\u00f3dromo","Zona Norte"],"articleSection":["#OlhoNasRemo\u00e7\u00f5es","Solu\u00e7\u00f5es"],"inLanguage":"pt-BR"},{"@type":"WebPage","@id":"https:\/\/rioonwatch.org.br\/?p=13216","url":"https:\/\/rioonwatch.org.br\/?p=13216","name":"Perfil de M\u00eddia Comunit\u00e1ria: Favela Em Foco - RioOnWatch","isPartOf":{"@id":"https:\/\/rioonwatch.org.br\/#website"},"primaryImageOfPage":{"@id":"https:\/\/rioonwatch.org.br\/?p=13216#primaryimage"},"image":{"@id":"https:\/\/rioonwatch.org.br\/?p=13216#primaryimage"},"thumbnailUrl":"https:\/\/rioonwatch.org.br\/wp-content\/uploads\/2014\/12\/lima-bandeira-1.jpg","datePublished":"2015-01-06T11:00:54+00:00","dateModified":"2024-06-20T16:36:51+00:00","breadcrumb":{"@id":"https:\/\/rioonwatch.org.br\/?p=13216#breadcrumb"},"inLanguage":"pt-BR","potentialAction":[{"@type":"ReadAction","target":["https:\/\/rioonwatch.org.br\/?p=13216"]}]},{"@type":"ImageObject","inLanguage":"pt-BR","@id":"https:\/\/rioonwatch.org.br\/?p=13216#primaryimage","url":"https:\/\/rioonwatch.org.br\/wp-content\/uploads\/2014\/12\/lima-bandeira-1.jpg","contentUrl":"https:\/\/rioonwatch.org.br\/wp-content\/uploads\/2014\/12\/lima-bandeira-1.jpg","width":900,"height":600},{"@type":"BreadcrumbList","@id":"https:\/\/rioonwatch.org.br\/?p=13216#breadcrumb","itemListElement":[{"@type":"ListItem","position":1,"name":"In\u00edcio","item":"https:\/\/rioonwatch.org.br\/"},{"@type":"ListItem","position":2,"name":"Perfil de M\u00eddia Comunit\u00e1ria: Favela Em Foco"}]},{"@type":"WebSite","@id":"https:\/\/rioonwatch.org.br\/#website","url":"https:\/\/rioonwatch.org.br\/","name":"RioOnWatch","description":"relatos das favelas cariocas","publisher":{"@id":"https:\/\/rioonwatch.org.br\/#organization"},"potentialAction":[{"@type":"SearchAction","target":{"@type":"EntryPoint","urlTemplate":"https:\/\/rioonwatch.org.br\/?s={search_term_string}"},"query-input":{"@type":"PropertyValueSpecification","valueRequired":true,"valueName":"search_term_string"}}],"inLanguage":"pt-BR"},{"@type":"Organization","@id":"https:\/\/rioonwatch.org.br\/#organization","name":"RioOnWatch","url":"https:\/\/rioonwatch.org.br\/","logo":{"@type":"ImageObject","inLanguage":"pt-BR","@id":"https:\/\/rioonwatch.org.br\/#\/schema\/logo\/image\/","url":"https:\/\/rioonwatch.org.br\/wp-content\/uploads\/2021\/06\/RioOnWatchcabecalhoPT11anos-2.png","contentUrl":"https:\/\/rioonwatch.org.br\/wp-content\/uploads\/2021\/06\/RioOnWatchcabecalhoPT11anos-2.png","width":779,"height":277,"caption":"RioOnWatch"},"image":{"@id":"https:\/\/rioonwatch.org.br\/#\/schema\/logo\/image\/"}},{"@type":"Person","@id":"https:\/\/rioonwatch.org.br\/#\/schema\/person\/e07d559fe2154d11fd3ec515e35695ee","name":"Nicole Froio","image":{"@type":"ImageObject","inLanguage":"pt-BR","@id":"https:\/\/rioonwatch.org.br\/#\/schema\/person\/image\/","url":"https:\/\/secure.gravatar.com\/avatar\/0acdbd6878ca0ac29aa5ce6c6119d636?s=96&d=blank&r=g","contentUrl":"https:\/\/secure.gravatar.com\/avatar\/0acdbd6878ca0ac29aa5ce6c6119d636?s=96&d=blank&r=g","caption":"Nicole Froio"},"url":"https:\/\/rioonwatch.org.br\/?author=137"}]}},"_links":{"self":[{"href":"https:\/\/rioonwatch.org.br\/index.php?rest_route=\/wp\/v2\/posts\/13216"}],"collection":[{"href":"https:\/\/rioonwatch.org.br\/index.php?rest_route=\/wp\/v2\/posts"}],"about":[{"href":"https:\/\/rioonwatch.org.br\/index.php?rest_route=\/wp\/v2\/types\/post"}],"author":[{"embeddable":true,"href":"https:\/\/rioonwatch.org.br\/index.php?rest_route=\/wp\/v2\/users\/137"}],"replies":[{"embeddable":true,"href":"https:\/\/rioonwatch.org.br\/index.php?rest_route=%2Fwp%2Fv2%2Fcomments&post=13216"}],"version-history":[{"count":10,"href":"https:\/\/rioonwatch.org.br\/index.php?rest_route=\/wp\/v2\/posts\/13216\/revisions"}],"predecessor-version":[{"id":74147,"href":"https:\/\/rioonwatch.org.br\/index.php?rest_route=\/wp\/v2\/posts\/13216\/revisions\/74147"}],"wp:featuredmedia":[{"embeddable":true,"href":"https:\/\/rioonwatch.org.br\/index.php?rest_route=\/wp\/v2\/media\/13218"}],"wp:attachment":[{"href":"https:\/\/rioonwatch.org.br\/index.php?rest_route=%2Fwp%2Fv2%2Fmedia&parent=13216"}],"wp:term":[{"taxonomy":"category","embeddable":true,"href":"https:\/\/rioonwatch.org.br\/index.php?rest_route=%2Fwp%2Fv2%2Fcategories&post=13216"},{"taxonomy":"post_tag","embeddable":true,"href":"https:\/\/rioonwatch.org.br\/index.php?rest_route=%2Fwp%2Fv2%2Ftags&post=13216"},{"taxonomy":"writer","embeddable":true,"href":"https:\/\/rioonwatch.org.br\/index.php?rest_route=%2Fwp%2Fv2%2Fwriter&post=13216"},{"taxonomy":"translator","embeddable":true,"href":"https:\/\/rioonwatch.org.br\/index.php?rest_route=%2Fwp%2Fv2%2Ftranslator&post=13216"},{"taxonomy":"source","embeddable":true,"href":"https:\/\/rioonwatch.org.br\/index.php?rest_route=%2Fwp%2Fv2%2Fsource&post=13216"},{"taxonomy":"ilustrador","embeddable":true,"href":"https:\/\/rioonwatch.org.br\/index.php?rest_route=%2Fwp%2Fv2%2Filustrador&post=13216"},{"taxonomy":"fotografo","embeddable":true,"href":"https:\/\/rioonwatch.org.br\/index.php?rest_route=%2Fwp%2Fv2%2Ffotografo&post=13216"}],"curies":[{"name":"wp","href":"https:\/\/api.w.org\/{rel}","templated":true}]}}