{"id":13230,"date":"2014-12-30T09:07:45","date_gmt":"2014-12-30T12:07:45","guid":{"rendered":"http:\/\/rioonwatch.org.br\/?p=13230"},"modified":"2022-09-25T20:45:27","modified_gmt":"2022-09-25T23:45:27","slug":"removidos-ocupantes-de-nova-tuffy-no-alemao-nao-tem-para-onde-ir","status":"publish","type":"post","link":"https:\/\/rioonwatch.org.br\/?p=13230","title":{"rendered":"Removidos, Ocupantes de Nova Tuffy no Alem\u00e3o N\u00e3o T\u00eam para Onde Ir"},"content":{"rendered":"<p style=\"text-align: right;\"><em><strong><a href=\"http:\/\/bit.ly\/1GUYAcF\" target=\"_blank\" rel=\"noopener noreferrer\">Click Here for English<img decoding=\"async\" width=\"20\" height=\"20\" class=\"alignright wp-image-15790\" src=\"http:\/\/rioonwatch.org.br\/wp-content\/uploads\/2012\/08\/EN-standard-e1439583104716.jpg\" alt=\"\" \/><\/a><\/strong><\/em><\/p>\n<p>Centenas de fam\u00edlias foram expulsas da <a href=\"http:\/\/glo.bo\/1ARhIFr\" target=\"_blank\" rel=\"noopener noreferrer\">ocupa\u00e7\u00e3o favela Nova Tuffy<\/a> no <a href=\"http:\/\/bit.ly\/U0MiGm\" target=\"_blank\" rel=\"noopener noreferrer\">Complexo do Alem\u00e3o<\/a>, no dia 16 de dezembro. Mais de 2.000 pessoas estavam vivendo na f\u00e1brica abandonada, propriedade do empres\u00e1rio Tuffy Habib, a\u00a0sete meses, pois n\u00e3o tinham condi\u00e7\u00f5es de pagar o aluguel ap\u00f3s o aumento dos custos na regi\u00e3o.<\/p>\n<p>A <a href=\"http:\/\/bit.ly\/1mtYvXK\" target=\"_blank\" rel=\"noopener noreferrer\">Pol\u00edcia Militar<\/a> chegou no edif\u00edcio ocupado \u00e0s 6h e iniciou o processo de retirada das pessoas do pr\u00e9dio \u00e0s 8h. Os ocupantes sa\u00edram do pr\u00e9dio pacificamente, embarcando em seis \u00f4nibus com destino ao Olaria Atl\u00e9tico Clube para serem registrados pela <a href=\"http:\/\/bit.ly\/O1FJbG\" target=\"_blank\" rel=\"noopener noreferrer\">Secretaria Municipal de Habita\u00e7\u00e3o<\/a> (SMH) para receberem subs\u00eddio de habita\u00e7\u00e3o social ou serem colocados na lista de espera do programa habitacional <a href=\"http:\/\/bit.ly\/Y4U9oJ\" target=\"_blank\" rel=\"noopener noreferrer\">Minha Casa Minha Vida (MCMV)<\/a>.<\/p>\n<p>Gizele Martins, jornalista do <a href=\"http:\/\/bit.ly\/1qVh2cQ\" target=\"_blank\" rel=\"noopener noreferrer\">O Cidad\u00e3o<\/a>, <a href=\"http:\/\/on.fb.me\/1AGdEc1\" target=\"_blank\" rel=\"noopener noreferrer\">relatou<\/a>: &#8220;Mesmo sem trucul\u00eancia policial, o grande n\u00famero de policiais era assustador, \u00e9 question\u00e1vel como a quest\u00e3o habitacional na favela \u00e9 tratada como um caso de pol\u00edcia&#8221;.<\/p>\n<p>Gizele tamb\u00e9m falou com um ocupante que lhe disse:\u00a0\u201cDepois da entrada do <a href=\"http:\/\/bit.ly\/NnSmIP\" target=\"_blank\" rel=\"noopener noreferrer\">PAC<\/a>\u00a0as casas valorizaram muito, o aluguel aumentou muito, est\u00e1 R$800 uma casa pequena. Eu ganho um sal\u00e1rio m\u00ednimo, como eu vou pagar? N\u00e3o posso!&#8221;.<\/p>\n<p>As\u00a0<a href=\"http:\/\/bit.ly\/11VbppF\" target=\"_blank\" rel=\"noopener noreferrer\">m\u00eddias comunit\u00e1rias<\/a>\u00a0do Complexo do Alem\u00e3o cobriram a desocupa\u00e7\u00e3o o dia todo, relatando que o cotidiano de muitos moradores foi interrompido pois a pol\u00edcia bloqueou a Avenida Itaoca durante a maior parte do dia. Nenhum \u00f4nibus, moto-t\u00e1xis ou carros eram autorizados a passar.<\/p>\n<p>O <a href=\"http:\/\/on.fb.me\/1wgZRtu\" target=\"_blank\" rel=\"noopener noreferrer\">Coletivo Papo Reto<\/a> relatou que muitos dos ocupantes n\u00e3o foram autorizados a entrar para se cadastrar ao chegar no Olaria Atl\u00e9tico Clube.<\/p>\n<p>Eles relataram: &#8220;E a saga dos moradores da Tuffy continuam. S\u00f3 que agora eles est\u00e3o sendo impedidos de entrar no Olaria Atl\u00e9tico Club pra onde foram levados para serem cadastrados pela Secret\u00e1ria de Habita\u00e7\u00e3o. Clima tenso no local. Batalh\u00e3o de choque j\u00e1 esta presente e dentro do local&#8221;.<\/p>\n<figure id=\"attachment_13249\" aria-describedby=\"caption-attachment-13249\" style=\"width: 620px\" class=\"wp-caption aligncenter\"><a href=\"http:\/\/rioonwatch.org.br\/wp-content\/uploads\/2015\/01\/tuffy-gym31-e1420577794617.jpg\"><img fetchpriority=\"high\" decoding=\"async\" class=\"wp-image-13249 size-full\" title=\"Moradores da Nova Tuffy fazem o cadastro no Olaria Atl\u00e9tico Clube. Foto cortesia do Jornal de Not\u00edcias do Alem\u00e3o.\" src=\"http:\/\/rioonwatch.org.br\/wp-content\/uploads\/2015\/01\/tuffy-gym31-e1420577794617.jpg\" alt=\"\" width=\"620\" height=\"272\" srcset=\"https:\/\/rioonwatch.org.br\/wp-content\/uploads\/2015\/01\/tuffy-gym31-e1420577794617.jpg 620w, https:\/\/rioonwatch.org.br\/wp-content\/uploads\/2015\/01\/tuffy-gym31-e1420577794617-602x264.jpg 602w\" sizes=\"(max-width: 620px) 100vw, 620px\" \/><\/a><figcaption id=\"caption-attachment-13249\" class=\"wp-caption-text\">Moradores da Nova Tuffy fazem o cadastro no Olaria Atl\u00e9tico Clube. Foto cortesia do Jornal de Not\u00edcias do Alem\u00e3o.<\/figcaption><\/figure>\n<p>Ap\u00f3s os ocupantes conseguirem se inscrever, eram mandados para um abrigo pr\u00f3ximo, chamado Centro de Recupera\u00e7\u00e3o Rio Acolhedor, em Paci\u00eancia. O RioOnWatch falou com a ocupante Marlene\u00a0por telefone, que disse que a maioria das pessoas foram recusadas, j\u00e1 que o Centro Rio Acolhedor \u00e9 um abrigo para viciados em drogas: \u201cA pol\u00edcia nos deixou no final de uma estrada e falou\u00a0para andar em linha reta at\u00e9 o abrigo. Quando chegamos l\u00e1, eles nem sabiam que a gente tava chegando e n\u00f3s n\u00e3o poder\u00edamos ficar\u00a0porque\u00a0era um abrigo para viciados. Eles foram bons\u00a0e nos deram comida, mas as m\u00e3es com crian\u00e7as pequenas n\u00e3o puderam ficar\u201d.<\/p>\n<p>Marlene estava na ocupa\u00e7\u00e3o com dois de seus filhos e agora ir\u00e1 ficar com seu irm\u00e3o at\u00e9 que uma solu\u00e7\u00e3o apare\u00e7a.<\/p>\n<p>&#8220;Por causa do <a href=\"http:\/\/bit.ly\/Sh0wXv\" target=\"_blank\" rel=\"noopener noreferrer\">telef\u00e9rico<\/a>, o aluguel agora \u00e9 muito caro e eu n\u00e3o posso pagar&#8221;, explicou ela. Ela tamb\u00e9m disse que ela n\u00e3o poderia ter ficado no abrigo em Paci\u00eancia, pois trabalha em um hospital perto da ocupa\u00e7\u00e3o e se mostrou preocupada com as pessoas que n\u00e3o t\u00eam parentes para abrig\u00e1-las ap\u00f3s a remo\u00e7\u00e3o.<\/p>\n<p>O RioOnWatch contatou o abrigo Rio Acolhedor, que esclareceu que eles n\u00e3o foram capazes de abrigar a maior parte das fam\u00edlias porque o abrigo \u00e9 para adultos, e crian\u00e7as n\u00e3o est\u00e3o autorizadas a permanecer l\u00e1 de acordo com a lei. Eles tamb\u00e9m disseram que cerca de 36 fam\u00edlias foram trazidas a eles, mas foram mandadas para o abrigo Fam\u00edlia Maria Teresa, em Jacarepagu\u00e1 na Zona Oeste.<\/p>\n<p>O <a href=\"http:\/\/on.fb.me\/1wgZRtu\" target=\"_blank\" rel=\"noopener noreferrer\">Coletivo Papo Reto<\/a> relatou mais tarde que, ap\u00f3s a remo\u00e7\u00e3o, habita\u00e7\u00f5es e lojas constru\u00eddas por residentes de Nova Tuffy foram destru\u00eddas (veja as\u00a0fotos <a href=\"http:\/\/on.fb.me\/1zA4bnn\" target=\"_blank\" rel=\"noopener noreferrer\">aqui<\/a>).<\/p>\n<p>&#8220;Depois de construir com\u00e9rcio, casas e vidas na Tuffy, moradores assistem tudo ser destru\u00eddo em frente de seus olhos &#8220;, eles relataram.<\/p>\n<figure id=\"attachment_13233\" aria-describedby=\"caption-attachment-13233\" style=\"width: 640px\" class=\"wp-caption aligncenter\"><a href=\"http:\/\/rioonwatch.org.br\/wp-content\/uploads\/2015\/01\/tuffy.jpg\"><img decoding=\"async\" class=\"wp-image-13233\" title=\"Mercados da Nova Tuffy s\u00e3o demolidos. Foto por Carlos Coutinho.\" src=\"http:\/\/rioonwatch.org.br\/wp-content\/uploads\/2015\/01\/tuffy.jpg\" alt=\"\" width=\"640\" height=\"360\" srcset=\"https:\/\/rioonwatch.org.br\/wp-content\/uploads\/2015\/01\/tuffy.jpg 960w, https:\/\/rioonwatch.org.br\/wp-content\/uploads\/2015\/01\/tuffy-469x264.jpg 469w, https:\/\/rioonwatch.org.br\/wp-content\/uploads\/2015\/01\/tuffy-620x349.jpg 620w, https:\/\/rioonwatch.org.br\/wp-content\/uploads\/2015\/01\/tuffy-580x326.jpg 580w, https:\/\/rioonwatch.org.br\/wp-content\/uploads\/2015\/01\/tuffy-174x98.jpg 174w\" sizes=\"(max-width: 640px) 100vw, 640px\" \/><\/a><figcaption id=\"caption-attachment-13233\" class=\"wp-caption-text\">Mercados da Nova Tuffy s\u00e3o demolidos. Foto por Carlos Coutinho.<\/figcaption><\/figure>\n<!-- AddThis Advanced Settings generic via filter on the_content --><!-- AddThis Share Buttons generic via filter on the_content -->","protected":false},"excerpt":{"rendered":"<div class=\"mh-excerpt\"><p>Click Here for English Centenas de fam\u00edlias foram expulsas da ocupa\u00e7\u00e3o favela Nova Tuffy no Complexo do Alem\u00e3o, no dia 16 de dezembro. Mais de 2.000 pessoas estavam vivendo na f\u00e1brica abandonada, propriedade do empres\u00e1rio <a class=\"mh-excerpt-more\" href=\"https:\/\/rioonwatch.org.br\/?p=13230\" title=\"Removidos, Ocupantes de Nova Tuffy no Alem\u00e3o N\u00e3o T\u00eam para Onde Ir\">[&#8230;]<\/a><!-- AddThis Advanced Settings generic via filter on get_the_excerpt --><!-- AddThis Share Buttons generic via filter on get_the_excerpt --><\/p>\n<\/div>","protected":false},"author":137,"featured_media":13232,"comment_status":"closed","ping_status":"closed","sticky":false,"template":"","format":"standard","meta":{"_acf_changed":false,"_monsterinsights_skip_tracking":false,"_monsterinsights_sitenote_active":false,"_monsterinsights_sitenote_note":"","_monsterinsights_sitenote_category":0,"footnotes":""},"categories":[1614,346],"tags":[1478,17,217,1220,424,396,246,1037,1385,407,774,14,1763,52,218],"writer":[1657],"translator":[1310],"source":[],"ilustrador":[],"fotografo":[],"class_list":{"0":"post-13230","1":"post","2":"type-post","3":"status-publish","4":"format-standard","5":"has-post-thumbnail","7":"category-olhonasremocoes","8":"category-denuncias","9":"tag-a-espera-de-habitacao-publica","10":"tag-aluguel-social","11":"tag-complexo-do-alemao","12":"tag-deficit-habitacional","13":"tag-direito-a-moradia","14":"tag-especulacao-imobiliaria","15":"tag-minha-casa-minha-vida","16":"tag-moradia","17":"tag-nova-tuffy","18":"tag-ocupacao","19":"tag-policia-militar","20":"tag-remocao","21":"tag-tropa-de-choque","22":"tag-violencia-policial","23":"tag-zona-norte","24":"writer-nicole-froio","25":"translator-livia-villela"},"acf":[],"yoast_head":"<!-- This site is optimized with the Yoast SEO plugin v25.6 - https:\/\/yoast.com\/wordpress\/plugins\/seo\/ -->\n<title>Removidos, Ocupantes de Nova Tuffy no Alem\u00e3o N\u00e3o T\u00eam para Onde Ir - RioOnWatch<\/title>\n<meta name=\"robots\" content=\"index, follow, max-snippet:-1, max-image-preview:large, max-video-preview:-1\" \/>\n<link rel=\"canonical\" href=\"https:\/\/rioonwatch.org.br\/?p=13230\" \/>\n<meta property=\"og:locale\" content=\"pt_BR\" \/>\n<meta property=\"og:type\" content=\"article\" \/>\n<meta property=\"og:title\" content=\"Removidos, Ocupantes de Nova Tuffy no Alem\u00e3o N\u00e3o T\u00eam para Onde Ir - RioOnWatch\" \/>\n<meta property=\"og:description\" content=\"Click Here for English Centenas de fam\u00edlias foram expulsas da ocupa\u00e7\u00e3o favela Nova Tuffy no Complexo do Alem\u00e3o, no dia 16 de dezembro. Mais de 2.000 pessoas estavam vivendo na f\u00e1brica abandonada, propriedade do empres\u00e1rio [...]\" \/>\n<meta property=\"og:url\" content=\"https:\/\/rioonwatch.org.br\/?p=13230\" \/>\n<meta property=\"og:site_name\" content=\"RioOnWatch\" \/>\n<meta property=\"article:published_time\" content=\"2014-12-30T12:07:45+00:00\" \/>\n<meta property=\"article:modified_time\" content=\"2022-09-25T23:45:27+00:00\" \/>\n<meta property=\"og:image\" content=\"https:\/\/rioonwatch.org.br\/wp-content\/uploads\/2015\/01\/tuffy-removal1-1-e1420600083796.jpg\" \/>\n\t<meta property=\"og:image:width\" content=\"620\" \/>\n\t<meta property=\"og:image:height\" content=\"656\" \/>\n\t<meta property=\"og:image:type\" content=\"image\/jpeg\" \/>\n<meta name=\"author\" content=\"Nicole Froio\" \/>\n<meta name=\"twitter:card\" content=\"summary_large_image\" \/>\n<meta name=\"twitter:label1\" content=\"Escrito por\" \/>\n\t<meta name=\"twitter:data1\" content=\"Nicole Froio\" \/>\n\t<meta name=\"twitter:label2\" content=\"Est. tempo de leitura\" \/>\n\t<meta name=\"twitter:data2\" content=\"5 minutos\" \/>\n<script type=\"application\/ld+json\" class=\"yoast-schema-graph\">{\"@context\":\"https:\/\/schema.org\",\"@graph\":[{\"@type\":\"Article\",\"@id\":\"https:\/\/rioonwatch.org.br\/?p=13230#article\",\"isPartOf\":{\"@id\":\"https:\/\/rioonwatch.org.br\/?p=13230\"},\"author\":{\"name\":\"Nicole Froio\",\"@id\":\"https:\/\/rioonwatch.org.br\/#\/schema\/person\/e07d559fe2154d11fd3ec515e35695ee\"},\"headline\":\"Removidos, Ocupantes de Nova Tuffy no Alem\u00e3o N\u00e3o T\u00eam para Onde Ir\",\"datePublished\":\"2014-12-30T12:07:45+00:00\",\"dateModified\":\"2022-09-25T23:45:27+00:00\",\"mainEntityOfPage\":{\"@id\":\"https:\/\/rioonwatch.org.br\/?p=13230\"},\"wordCount\":740,\"publisher\":{\"@id\":\"https:\/\/rioonwatch.org.br\/#organization\"},\"image\":{\"@id\":\"https:\/\/rioonwatch.org.br\/?p=13230#primaryimage\"},\"thumbnailUrl\":\"https:\/\/rioonwatch.org.br\/wp-content\/uploads\/2015\/01\/tuffy-removal1-1-e1420600083796.jpg\",\"keywords\":[\"\u00c0 espera de habita\u00e7\u00e3o p\u00fablica\",\"Aluguel social\",\"Complexo do Alem\u00e3o\",\"d\u00e9ficit habitacional\",\"Direito \u00e0 Moradia\",\"especula\u00e7\u00e3o imobili\u00e1ria\",\"Minha Casa Minha Vida\",\"moradia\",\"Nova Tuffy\",\"Ocupa\u00e7\u00e3o\",\"Pol\u00edcia Militar\",\"Remo\u00e7\u00e3o\",\"Tropa de Choque\",\"viol\u00eancia policial\",\"Zona Norte\"],\"articleSection\":[\"#OlhoNasRemo\u00e7\u00f5es\",\"Den\u00fancias\"],\"inLanguage\":\"pt-BR\"},{\"@type\":\"WebPage\",\"@id\":\"https:\/\/rioonwatch.org.br\/?p=13230\",\"url\":\"https:\/\/rioonwatch.org.br\/?p=13230\",\"name\":\"Removidos, Ocupantes de Nova Tuffy no Alem\u00e3o N\u00e3o T\u00eam para Onde Ir - RioOnWatch\",\"isPartOf\":{\"@id\":\"https:\/\/rioonwatch.org.br\/#website\"},\"primaryImageOfPage\":{\"@id\":\"https:\/\/rioonwatch.org.br\/?p=13230#primaryimage\"},\"image\":{\"@id\":\"https:\/\/rioonwatch.org.br\/?p=13230#primaryimage\"},\"thumbnailUrl\":\"https:\/\/rioonwatch.org.br\/wp-content\/uploads\/2015\/01\/tuffy-removal1-1-e1420600083796.jpg\",\"datePublished\":\"2014-12-30T12:07:45+00:00\",\"dateModified\":\"2022-09-25T23:45:27+00:00\",\"breadcrumb\":{\"@id\":\"https:\/\/rioonwatch.org.br\/?p=13230#breadcrumb\"},\"inLanguage\":\"pt-BR\",\"potentialAction\":[{\"@type\":\"ReadAction\",\"target\":[\"https:\/\/rioonwatch.org.br\/?p=13230\"]}]},{\"@type\":\"ImageObject\",\"inLanguage\":\"pt-BR\",\"@id\":\"https:\/\/rioonwatch.org.br\/?p=13230#primaryimage\",\"url\":\"https:\/\/rioonwatch.org.br\/wp-content\/uploads\/2015\/01\/tuffy-removal1-1-e1420600083796.jpg\",\"contentUrl\":\"https:\/\/rioonwatch.org.br\/wp-content\/uploads\/2015\/01\/tuffy-removal1-1-e1420600083796.jpg\",\"width\":620,\"height\":656},{\"@type\":\"BreadcrumbList\",\"@id\":\"https:\/\/rioonwatch.org.br\/?p=13230#breadcrumb\",\"itemListElement\":[{\"@type\":\"ListItem\",\"position\":1,\"name\":\"In\u00edcio\",\"item\":\"https:\/\/rioonwatch.org.br\/\"},{\"@type\":\"ListItem\",\"position\":2,\"name\":\"Removidos, Ocupantes de Nova Tuffy no Alem\u00e3o N\u00e3o T\u00eam para Onde Ir\"}]},{\"@type\":\"WebSite\",\"@id\":\"https:\/\/rioonwatch.org.br\/#website\",\"url\":\"https:\/\/rioonwatch.org.br\/\",\"name\":\"RioOnWatch\",\"description\":\"relatos das favelas cariocas\",\"publisher\":{\"@id\":\"https:\/\/rioonwatch.org.br\/#organization\"},\"potentialAction\":[{\"@type\":\"SearchAction\",\"target\":{\"@type\":\"EntryPoint\",\"urlTemplate\":\"https:\/\/rioonwatch.org.br\/?s={search_term_string}\"},\"query-input\":{\"@type\":\"PropertyValueSpecification\",\"valueRequired\":true,\"valueName\":\"search_term_string\"}}],\"inLanguage\":\"pt-BR\"},{\"@type\":\"Organization\",\"@id\":\"https:\/\/rioonwatch.org.br\/#organization\",\"name\":\"RioOnWatch\",\"url\":\"https:\/\/rioonwatch.org.br\/\",\"logo\":{\"@type\":\"ImageObject\",\"inLanguage\":\"pt-BR\",\"@id\":\"https:\/\/rioonwatch.org.br\/#\/schema\/logo\/image\/\",\"url\":\"https:\/\/rioonwatch.org.br\/wp-content\/uploads\/2021\/06\/RioOnWatchcabecalhoPT11anos-2.png\",\"contentUrl\":\"https:\/\/rioonwatch.org.br\/wp-content\/uploads\/2021\/06\/RioOnWatchcabecalhoPT11anos-2.png\",\"width\":779,\"height\":277,\"caption\":\"RioOnWatch\"},\"image\":{\"@id\":\"https:\/\/rioonwatch.org.br\/#\/schema\/logo\/image\/\"}},{\"@type\":\"Person\",\"@id\":\"https:\/\/rioonwatch.org.br\/#\/schema\/person\/e07d559fe2154d11fd3ec515e35695ee\",\"name\":\"Nicole Froio\",\"image\":{\"@type\":\"ImageObject\",\"inLanguage\":\"pt-BR\",\"@id\":\"https:\/\/rioonwatch.org.br\/#\/schema\/person\/image\/\",\"url\":\"https:\/\/secure.gravatar.com\/avatar\/0acdbd6878ca0ac29aa5ce6c6119d636?s=96&d=blank&r=g\",\"contentUrl\":\"https:\/\/secure.gravatar.com\/avatar\/0acdbd6878ca0ac29aa5ce6c6119d636?s=96&d=blank&r=g\",\"caption\":\"Nicole Froio\"},\"url\":\"https:\/\/rioonwatch.org.br\/?author=137\"}]}<\/script>\n<!-- \/ Yoast SEO plugin. -->","yoast_head_json":{"title":"Removidos, Ocupantes de Nova Tuffy no Alem\u00e3o N\u00e3o T\u00eam para Onde Ir - RioOnWatch","robots":{"index":"index","follow":"follow","max-snippet":"max-snippet:-1","max-image-preview":"max-image-preview:large","max-video-preview":"max-video-preview:-1"},"canonical":"https:\/\/rioonwatch.org.br\/?p=13230","og_locale":"pt_BR","og_type":"article","og_title":"Removidos, Ocupantes de Nova Tuffy no Alem\u00e3o N\u00e3o T\u00eam para Onde Ir - RioOnWatch","og_description":"Click Here for English Centenas de fam\u00edlias foram expulsas da ocupa\u00e7\u00e3o favela Nova Tuffy no Complexo do Alem\u00e3o, no dia 16 de dezembro. Mais de 2.000 pessoas estavam vivendo na f\u00e1brica abandonada, propriedade do empres\u00e1rio [...]","og_url":"https:\/\/rioonwatch.org.br\/?p=13230","og_site_name":"RioOnWatch","article_published_time":"2014-12-30T12:07:45+00:00","article_modified_time":"2022-09-25T23:45:27+00:00","og_image":[{"width":620,"height":656,"url":"https:\/\/rioonwatch.org.br\/wp-content\/uploads\/2015\/01\/tuffy-removal1-1-e1420600083796.jpg","type":"image\/jpeg"}],"author":"Nicole Froio","twitter_card":"summary_large_image","twitter_misc":{"Escrito por":"Nicole Froio","Est. tempo de leitura":"5 minutos"},"schema":{"@context":"https:\/\/schema.org","@graph":[{"@type":"Article","@id":"https:\/\/rioonwatch.org.br\/?p=13230#article","isPartOf":{"@id":"https:\/\/rioonwatch.org.br\/?p=13230"},"author":{"name":"Nicole Froio","@id":"https:\/\/rioonwatch.org.br\/#\/schema\/person\/e07d559fe2154d11fd3ec515e35695ee"},"headline":"Removidos, Ocupantes de Nova Tuffy no Alem\u00e3o N\u00e3o T\u00eam para Onde Ir","datePublished":"2014-12-30T12:07:45+00:00","dateModified":"2022-09-25T23:45:27+00:00","mainEntityOfPage":{"@id":"https:\/\/rioonwatch.org.br\/?p=13230"},"wordCount":740,"publisher":{"@id":"https:\/\/rioonwatch.org.br\/#organization"},"image":{"@id":"https:\/\/rioonwatch.org.br\/?p=13230#primaryimage"},"thumbnailUrl":"https:\/\/rioonwatch.org.br\/wp-content\/uploads\/2015\/01\/tuffy-removal1-1-e1420600083796.jpg","keywords":["\u00c0 espera de habita\u00e7\u00e3o p\u00fablica","Aluguel social","Complexo do Alem\u00e3o","d\u00e9ficit habitacional","Direito \u00e0 Moradia","especula\u00e7\u00e3o imobili\u00e1ria","Minha Casa Minha Vida","moradia","Nova Tuffy","Ocupa\u00e7\u00e3o","Pol\u00edcia Militar","Remo\u00e7\u00e3o","Tropa de Choque","viol\u00eancia policial","Zona Norte"],"articleSection":["#OlhoNasRemo\u00e7\u00f5es","Den\u00fancias"],"inLanguage":"pt-BR"},{"@type":"WebPage","@id":"https:\/\/rioonwatch.org.br\/?p=13230","url":"https:\/\/rioonwatch.org.br\/?p=13230","name":"Removidos, Ocupantes de Nova Tuffy no Alem\u00e3o N\u00e3o T\u00eam para Onde Ir - RioOnWatch","isPartOf":{"@id":"https:\/\/rioonwatch.org.br\/#website"},"primaryImageOfPage":{"@id":"https:\/\/rioonwatch.org.br\/?p=13230#primaryimage"},"image":{"@id":"https:\/\/rioonwatch.org.br\/?p=13230#primaryimage"},"thumbnailUrl":"https:\/\/rioonwatch.org.br\/wp-content\/uploads\/2015\/01\/tuffy-removal1-1-e1420600083796.jpg","datePublished":"2014-12-30T12:07:45+00:00","dateModified":"2022-09-25T23:45:27+00:00","breadcrumb":{"@id":"https:\/\/rioonwatch.org.br\/?p=13230#breadcrumb"},"inLanguage":"pt-BR","potentialAction":[{"@type":"ReadAction","target":["https:\/\/rioonwatch.org.br\/?p=13230"]}]},{"@type":"ImageObject","inLanguage":"pt-BR","@id":"https:\/\/rioonwatch.org.br\/?p=13230#primaryimage","url":"https:\/\/rioonwatch.org.br\/wp-content\/uploads\/2015\/01\/tuffy-removal1-1-e1420600083796.jpg","contentUrl":"https:\/\/rioonwatch.org.br\/wp-content\/uploads\/2015\/01\/tuffy-removal1-1-e1420600083796.jpg","width":620,"height":656},{"@type":"BreadcrumbList","@id":"https:\/\/rioonwatch.org.br\/?p=13230#breadcrumb","itemListElement":[{"@type":"ListItem","position":1,"name":"In\u00edcio","item":"https:\/\/rioonwatch.org.br\/"},{"@type":"ListItem","position":2,"name":"Removidos, Ocupantes de Nova Tuffy no Alem\u00e3o N\u00e3o T\u00eam para Onde Ir"}]},{"@type":"WebSite","@id":"https:\/\/rioonwatch.org.br\/#website","url":"https:\/\/rioonwatch.org.br\/","name":"RioOnWatch","description":"relatos das favelas cariocas","publisher":{"@id":"https:\/\/rioonwatch.org.br\/#organization"},"potentialAction":[{"@type":"SearchAction","target":{"@type":"EntryPoint","urlTemplate":"https:\/\/rioonwatch.org.br\/?s={search_term_string}"},"query-input":{"@type":"PropertyValueSpecification","valueRequired":true,"valueName":"search_term_string"}}],"inLanguage":"pt-BR"},{"@type":"Organization","@id":"https:\/\/rioonwatch.org.br\/#organization","name":"RioOnWatch","url":"https:\/\/rioonwatch.org.br\/","logo":{"@type":"ImageObject","inLanguage":"pt-BR","@id":"https:\/\/rioonwatch.org.br\/#\/schema\/logo\/image\/","url":"https:\/\/rioonwatch.org.br\/wp-content\/uploads\/2021\/06\/RioOnWatchcabecalhoPT11anos-2.png","contentUrl":"https:\/\/rioonwatch.org.br\/wp-content\/uploads\/2021\/06\/RioOnWatchcabecalhoPT11anos-2.png","width":779,"height":277,"caption":"RioOnWatch"},"image":{"@id":"https:\/\/rioonwatch.org.br\/#\/schema\/logo\/image\/"}},{"@type":"Person","@id":"https:\/\/rioonwatch.org.br\/#\/schema\/person\/e07d559fe2154d11fd3ec515e35695ee","name":"Nicole Froio","image":{"@type":"ImageObject","inLanguage":"pt-BR","@id":"https:\/\/rioonwatch.org.br\/#\/schema\/person\/image\/","url":"https:\/\/secure.gravatar.com\/avatar\/0acdbd6878ca0ac29aa5ce6c6119d636?s=96&d=blank&r=g","contentUrl":"https:\/\/secure.gravatar.com\/avatar\/0acdbd6878ca0ac29aa5ce6c6119d636?s=96&d=blank&r=g","caption":"Nicole Froio"},"url":"https:\/\/rioonwatch.org.br\/?author=137"}]}},"_links":{"self":[{"href":"https:\/\/rioonwatch.org.br\/index.php?rest_route=\/wp\/v2\/posts\/13230"}],"collection":[{"href":"https:\/\/rioonwatch.org.br\/index.php?rest_route=\/wp\/v2\/posts"}],"about":[{"href":"https:\/\/rioonwatch.org.br\/index.php?rest_route=\/wp\/v2\/types\/post"}],"author":[{"embeddable":true,"href":"https:\/\/rioonwatch.org.br\/index.php?rest_route=\/wp\/v2\/users\/137"}],"replies":[{"embeddable":true,"href":"https:\/\/rioonwatch.org.br\/index.php?rest_route=%2Fwp%2Fv2%2Fcomments&post=13230"}],"version-history":[{"count":16,"href":"https:\/\/rioonwatch.org.br\/index.php?rest_route=\/wp\/v2\/posts\/13230\/revisions"}],"predecessor-version":[{"id":62891,"href":"https:\/\/rioonwatch.org.br\/index.php?rest_route=\/wp\/v2\/posts\/13230\/revisions\/62891"}],"wp:featuredmedia":[{"embeddable":true,"href":"https:\/\/rioonwatch.org.br\/index.php?rest_route=\/wp\/v2\/media\/13232"}],"wp:attachment":[{"href":"https:\/\/rioonwatch.org.br\/index.php?rest_route=%2Fwp%2Fv2%2Fmedia&parent=13230"}],"wp:term":[{"taxonomy":"category","embeddable":true,"href":"https:\/\/rioonwatch.org.br\/index.php?rest_route=%2Fwp%2Fv2%2Fcategories&post=13230"},{"taxonomy":"post_tag","embeddable":true,"href":"https:\/\/rioonwatch.org.br\/index.php?rest_route=%2Fwp%2Fv2%2Ftags&post=13230"},{"taxonomy":"writer","embeddable":true,"href":"https:\/\/rioonwatch.org.br\/index.php?rest_route=%2Fwp%2Fv2%2Fwriter&post=13230"},{"taxonomy":"translator","embeddable":true,"href":"https:\/\/rioonwatch.org.br\/index.php?rest_route=%2Fwp%2Fv2%2Ftranslator&post=13230"},{"taxonomy":"source","embeddable":true,"href":"https:\/\/rioonwatch.org.br\/index.php?rest_route=%2Fwp%2Fv2%2Fsource&post=13230"},{"taxonomy":"ilustrador","embeddable":true,"href":"https:\/\/rioonwatch.org.br\/index.php?rest_route=%2Fwp%2Fv2%2Filustrador&post=13230"},{"taxonomy":"fotografo","embeddable":true,"href":"https:\/\/rioonwatch.org.br\/index.php?rest_route=%2Fwp%2Fv2%2Ffotografo&post=13230"}],"curies":[{"name":"wp","href":"https:\/\/api.w.org\/{rel}","templated":true}]}}