{"id":13235,"date":"2015-01-13T14:07:39","date_gmt":"2015-01-13T17:07:39","guid":{"rendered":"http:\/\/rioonwatch.org.br\/?p=13235"},"modified":"2024-05-24T12:41:24","modified_gmt":"2024-05-24T15:41:24","slug":"meninas-black-power-combatendo-o-racismo-com-cabelo-natural","status":"publish","type":"post","link":"https:\/\/rioonwatch.org.br\/?p=13235","title":{"rendered":"Meninas Black Power: Combatendo o Racismo com Cabelo Natural"},"content":{"rendered":"<p style=\"text-align: right;\"><em><strong><a href=\"http:\/\/bit.ly\/12vOTnv\" target=\"_blank\" rel=\"noopener\">Click Here for English<img decoding=\"async\" width=\"20\" height=\"20\" class=\"alignright wp-image-15790\" src=\"http:\/\/rioonwatch.org.br\/wp-content\/uploads\/2012\/08\/EN-standard-e1439583104716.jpg\" alt=\"\" \/><\/a><\/strong><\/em><\/p>\n<p><a href=\"http:\/\/on.fb.me\/1IlLqGq\" target=\"_blank\" rel=\"noopener\">Encrespando<\/a>, um evento que celebra o <a href=\"http:\/\/bit.ly\/HQ9VTK\" target=\"_blank\" rel=\"noopener\">m\u00eas da consci\u00eancia negra<\/a>, atraiu grandes multid\u00f5es na\u00a0sexta-feira, 28 de novembro, no <a href=\"http:\/\/bit.ly\/1FhvLvB\" target=\"_blank\" rel=\"noopener\">Engenho Novo<\/a>,\u00a0<a href=\"http:\/\/bit.ly\/WximDf\" target=\"_blank\" rel=\"noopener\">Zona Norte<\/a> do Rio de Janeiro. O evento foi promovido pela organiza\u00e7\u00e3o\u00a0<a href=\"http:\/\/on.fb.me\/13XsSi8\" target=\"_blank\" rel=\"noopener\">Meninas Black Power<\/a>\u00a0que combate o racismo promovendo o uso de cabelo natural como s\u00edmbolo de orgulho negro.<\/p>\n<p>\u201cO ponto [do evento]\u00a0\u00e9 empoderamento de crian\u00e7as, de mulheres, e homens pretos, do povo preto\u201d, disse Jessica Liris, membro do MBP.<\/p>\n<p>O evento ocorreu num pequeno audit\u00f3rio no Col\u00e9gio e Projeto AIACOM. Uma exposi\u00e7\u00e3o\u00a0de bonecas negras enfileiradas na parede dava as boas vindas aos visitantes na entrada. As bonecas eram parte da exibi\u00e7\u00e3o Boneca Preta \u00e9 Identidade, o que chamava a aten\u00e7\u00e3o para a import\u00e2ncia de crian\u00e7as enxergarem a si mesmas sendo representadas desde cedo por meio das bonecas. \u201c\u00c9 fundamental na constru\u00e7\u00e3o do indiv\u00edduo\u201d, enfatizava a exposi\u00e7\u00e3o.<\/p>\n<p>Dentro do audit\u00f3rio tinham por volta de dez stands vendendo roupas artesanais, acess\u00f3rios e produtos para cabelo&#8211;tudo com o objetivo de enfatizar o estilo Afro-Brasileiro.<\/p>\n<p><a href=\"http:\/\/rioonwatch.org.br\/wp-content\/uploads\/2015\/01\/20141128_174521.jpg\"><img fetchpriority=\"high\" decoding=\"async\" class=\"aligncenter wp-image-13238\" title=\"Roupas feitas para enfatizar a cultura e beleza afro.\" src=\"http:\/\/rioonwatch.org.br\/wp-content\/uploads\/2015\/01\/20141128_174521.jpg\" alt=\"\" width=\"640\" height=\"480\" srcset=\"https:\/\/rioonwatch.org.br\/wp-content\/uploads\/2015\/01\/20141128_174521.jpg 3264w, https:\/\/rioonwatch.org.br\/wp-content\/uploads\/2015\/01\/20141128_174521-352x264.jpg 352w, https:\/\/rioonwatch.org.br\/wp-content\/uploads\/2015\/01\/20141128_174521-620x465.jpg 620w, https:\/\/rioonwatch.org.br\/wp-content\/uploads\/2015\/01\/20141128_174521-1024x768.jpg 1024w, https:\/\/rioonwatch.org.br\/wp-content\/uploads\/2015\/01\/20141128_174521-174x131.jpg 174w, https:\/\/rioonwatch.org.br\/wp-content\/uploads\/2015\/01\/20141128_174521-300x225.jpg 300w, https:\/\/rioonwatch.org.br\/wp-content\/uploads\/2015\/01\/20141128_174521-70x53.jpg 70w\" sizes=\"(max-width: 640px) 100vw, 640px\" \/><\/a><\/p>\n<p>Angelica Souza de Santos, dona da <a href=\"http:\/\/on.fb.me\/1s29Bly\" target=\"_blank\" rel=\"noopener\">loja de produtos de beleza online Quixotesca<\/a>, apresentou produtos feitos \u00e0 m\u00e3o no evento.<\/p>\n<p>\u201c\u00c9 a primeira vez que a gente vem fazer esse evento no col\u00e9gio. \u00c9 interessante para mostrar um pouco da nossa cultura para jovens, adolescentes, e pessoas\u00a0que trabalham aqui&#8221;,\u00a0ela disse. &#8220;O\u00a0Brasil \u00e9 um pais onde a maioria da cultura \u00e9 africana e \u00e9 importante esse tipo de evento para aproximar as pessoas a nossa cultura&#8221;.<\/p>\n<p>MBP \u00e9 uma organiza\u00e7\u00e3o composta por dez mulheres volunt\u00e1rias de todas as idades que usam o cabelo como uma ferramenta para combater o <a href=\"http:\/\/bit.ly\/1KiFeTl\" target=\"_blank\" rel=\"noopener\">racismo<\/a> no Brasil. Foi fundada em 2012, e desde ent\u00e3o, o grupo tem ido a diversas comunidades na cidade e suas periferias para oferecer oficinas e aulas especialmente direcionadas \u00e0 crian\u00e7as e jovens estudantes. De acordo com Liris, o grupo luta para munir a juventude negra com informa\u00e7\u00f5es afirmativas e exemplos ligados \u00e0 <a href=\"http:\/\/bit.ly\/1ruUDso\" target=\"_blank\" rel=\"noopener\">cultura negra<\/a>. O objetivo agora \u00e9 expandir-se para al\u00e9m do Rio de Janeiro. H\u00e1 atualmente um pequeno bra\u00e7o do grupo no Espirito Santo, mas a maior parte do ativismo \u00e9 feita online, ela explicou.<\/p>\n<p>Sem patrocinadores oficiais, o evento de sexta-feira s\u00f3 foi poss\u00edvel gra\u00e7as a uma parceria com o Col\u00e9gio e Projeto AIACOM, que disponibilizou o local, incluindo performances de estudantes, e a escola tamb\u00e9m cuidou do evento. Essa foi a terceira edi\u00e7\u00e3o bem sucedida, segundo Liris.<\/p>\n<p>\u201cExistem\u00a0muitas mulheres negras mantendo seu cabelo natural, ainda assim n\u00f3s n\u00e3o temos espa\u00e7o para sentar e conversar sobre isso, n\u00f3s n\u00e3o temos espa\u00e7o para sentar e pensar a respeito\u201d, ela disse. \u201cEnt\u00e3o eu acho que \u00e9 por isso que muitas pessoas v\u00eam a esses eventos&#8221;.<\/p>\n<p>Carla Arlindo, estudante de faculdade na UFRJ disse que compareceu ao evento Encrespando por causa do ambiente de aceita\u00e7\u00e3o.<\/p>\n<p>\u201cQuando a gente anda na rua assim os olhares s\u00e3o meio estranhos. \u00c9 estranho porque <a href=\"http:\/\/on.fb.me\/1z6p63V\" target=\"_blank\" rel=\"noopener\">as pessoas olham como se voc\u00ea fosse um mutante<\/a>\u201d,\u00a0comentou. \u201cE eu acho que esses eventos assim nos fazem sentir mais acolhidas&#8230; Est\u00e1 todo mundo junto, \u00e9 um calor preto, \u00e9 um calor humano. Est\u00e1 fora de s\u00e9rie&#8221;.<\/p>\n<p>Como parte do programa do evento, o grupo ofereceu oficinas de direitos humanos. Maria Fernanda Batista, uma advogada membro da MBP, explicou <a href=\"http:\/\/bit.ly\/1s2bsHh\" target=\"_blank\" rel=\"noopener\">como denunciar casos de racismo no Brasil<\/a>.<\/p>\n<p><a href=\"http:\/\/rioonwatch.org.br\/wp-content\/uploads\/2015\/01\/20141128_190643.jpg\"><img decoding=\"async\" class=\"aligncenter wp-image-13239\" title=\"Oficina de direitos humanos.\" src=\"http:\/\/rioonwatch.org.br\/wp-content\/uploads\/2015\/01\/20141128_190643.jpg\" alt=\"\" width=\"640\" height=\"480\" srcset=\"https:\/\/rioonwatch.org.br\/wp-content\/uploads\/2015\/01\/20141128_190643.jpg 3264w, https:\/\/rioonwatch.org.br\/wp-content\/uploads\/2015\/01\/20141128_190643-352x264.jpg 352w, https:\/\/rioonwatch.org.br\/wp-content\/uploads\/2015\/01\/20141128_190643-620x465.jpg 620w, https:\/\/rioonwatch.org.br\/wp-content\/uploads\/2015\/01\/20141128_190643-1024x768.jpg 1024w, https:\/\/rioonwatch.org.br\/wp-content\/uploads\/2015\/01\/20141128_190643-174x131.jpg 174w, https:\/\/rioonwatch.org.br\/wp-content\/uploads\/2015\/01\/20141128_190643-300x225.jpg 300w, https:\/\/rioonwatch.org.br\/wp-content\/uploads\/2015\/01\/20141128_190643-70x53.jpg 70w\" sizes=\"(max-width: 640px) 100vw, 640px\" \/><\/a><\/p>\n<p>\u00c9lida Aquino, fundadora do MBP, moderou a oficina de perguntas e respostas. Ela incentivou o p\u00fablico a denunciar qualquer caso de discrimina\u00e7\u00e3o lembrando a eles que \u00e9 seu direito legal combater o racismo e mostrar que tal comportamento \u00e9 inaceit\u00e1vel.<\/p>\n<p>\u201cAt\u00e9 quando vai ser assim?\u201d perguntou. \u201cPor que nossas caracter\u00edsticas t\u00eam que ser sin\u00f4nimo de suspeito?\u201d<\/p>\n<h3>O movimento do cabelo<\/h3>\n<blockquote><p>&#8220;A cultura do consumo da moda \u00e9 uma realidade no \u00e2mbito das periferias. Dadas\u00a0as devidas propor\u00e7\u00f5es socioecon\u00f4micas, os jovens s\u00e3o fortemente influenciados pela m\u00eddia a adquirirem, a terem, e serem&#8221;\u00a0<em>\u2013 <a href=\"http:\/\/bit.ly\/1FTZpBY\" target=\"_blank\" rel=\"noopener\">Mattos<\/a> (2013)<\/em><\/p><\/blockquote>\n<p>Por anos, a m\u00eddia tem estabelecido uma imagem de beleza que idealiza o cabelo liso, Aline Silva escreve no blog\u00a0<em><a href=\"http:\/\/bit.ly\/1vUdCwc\" target=\"_blank\" rel=\"noopener\">Blogueiras Negras<\/a>. <\/em>Esse movimento do cabelo \u201cdiz n\u00e3o a s\u00e9culos de imposi\u00e7\u00e3o de um padr\u00e3o de beleza que n\u00e3o nos pertence, que nos mutila, que nos mata, que nos nega nossos direitos&#8221;.<\/p>\n<p>Arlindo, por exemplo, escolhe usar seu cabelo ao natural por ser uma forma de valoriza\u00e7\u00e3o pessoal.<\/p>\n<p>\u201cEu acho que voc\u00ea tem que valorizar de onde voc\u00ea vem e n\u00e3o o que te foi imposto&#8221;, comentou. &#8220;O importante em valorizar este tipo de evento, \u00e9 que voc\u00ea esta valorizando o que voc\u00ea tem&#8230; \u00c9 confirmar que eu valorizo minha beleza&#8221;.<\/p>\n<p><a href=\"http:\/\/rioonwatch.org.br\/wp-content\/uploads\/2015\/01\/20141128_174306-620x264.jpg\"><img loading=\"lazy\" decoding=\"async\" class=\"aligncenter wp-image-13240 size-full\" title=\"Oficina de direitos humanos.\" src=\"http:\/\/rioonwatch.org.br\/wp-content\/uploads\/2015\/01\/20141128_174306-620x264.jpg\" alt=\"\" width=\"620\" height=\"264\" \/><\/a><\/p>\n<p>A esse movimento de cabelo natural, Silva escreve, a m\u00eddia tem respondido declarando-o moda, uma coisa que certamente ir\u00e1 passar. Entretanto, o movimento \u00e9 uma escolha, uma rebeli\u00e3o, um ato politico e de auto afirma\u00e7\u00e3o, ela rebate.<\/p>\n<p><em>V\u00edcio Cacheado: Est\u00e9ticas Afro Diasp\u00f3ricas, <\/em>um estudo conduzido por Ivanilde Guedes de Mattos e Aline Silva no in\u00edcio de 2014, analisa o movimento como \u201cum fen\u00f4meno da Di\u00e1spora Africana&#8221;. As pesquisadoras descobriram que no Brasil, houve uma recente mudan\u00e7a que afasta a ideia de alisamento de cabelo para mulheres negras. Houve um aumento na procura por mulheres negras por aconselhamento online-\u2013especialmente nas redes sociais-\u2013sobre como\u00a0tornar seus cabelos mais naturais. Na realidade, encontram-se muitos canais do YouTube, blogs e p\u00e1ginas no Facebook dedicadas as dicas de beleza para Afro-Brasileiras. O mercado para o cabelo negro tamb\u00e9m tem mostrado sinais de crescimento, mostram os estudos.<\/p>\n<h3>Cabelo natural como manifesta\u00e7\u00e3o pol\u00edtica<\/h3>\n<blockquote><p>&#8220;Durante os anos 1960, os negros que trabalhavam ativamente para criticar, desafiar e\u00a0alterar o racismo branco, sinalavam a obsess\u00e3o dos negros com o cabelo liso como um\u00a0reflexo da mentalidade colonizada. Foi nesse momento em que os penteados afros,\u00a0principalmente o black, entraram na moda como um s\u00edmbolo de resist\u00eancia cultural \u00e0\u00a0opress\u00e3o racista e fora considerado uma celebra\u00e7\u00e3o da condi\u00e7\u00e3o de negro(a).\u00a0Os penteados naturais eram associados \u00e0 milit\u00e2ncia pol\u00edtica&#8221;\u00a0<em>\u2013 <a href=\"http:\/\/bit.ly\/1ypSlOE\" target=\"_blank\" rel=\"noopener\">bell hooks<\/a> (1989)<\/em><\/p><\/blockquote>\n<p>Semelhante \u00e0 campanha pol\u00edtica americana dos anos 60 que hooks descreve, no Brasil o movimento do cabelo se tornou uma manifesta\u00e7\u00e3o revolucionaria contra o racismo.<\/p>\n<p>Organiza\u00e7\u00f5es como a <a href=\"http:\/\/bit.ly\/1FXyWU5\" target=\"_blank\" rel=\"noopener\">Encrespa Geral<\/a>, <a href=\"http:\/\/bit.ly\/1zxIT8W\" target=\"_blank\" rel=\"noopener\">Vicio Cacheado<\/a> e <a href=\"http:\/\/bit.ly\/1CQxFC6\" target=\"_blank\" rel=\"noopener\">Meninas Black Power<\/a> est\u00e3o entre as que lideram essa campanha. Encrespa Geral, por exemplo, tem uma grande comunidade virtual e v\u00e1rias filiais pelo mundo, incluindo Estados Unidos e Europa.<\/p>\n<p>Silva do blog\u00a0<a href=\"http:\/\/bit.ly\/HQ9VTK\" target=\"_blank\" rel=\"noopener\"><em>Blogueiras Negras<\/em><\/a> explica que as mulheres negras do Brasil querem a revolu\u00e7\u00e3o que hooks disse que morreu nos Estados Unidos ap\u00f3s o Movimento de Direitos Civis. Ela conclui:\u00a0&#8220;Porque o cabelo fala por voc\u00ea e ele diz bem claramente que n\u00f3s ESCOLHEMOS enfrentar o racismo de frente&#8221;.<\/p>\n<!-- AddThis Advanced Settings generic via filter on the_content --><!-- AddThis Share Buttons generic via filter on the_content -->","protected":false},"excerpt":{"rendered":"<div class=\"mh-excerpt\"><p>Click Here for English Encrespando, um evento que celebra o m\u00eas da consci\u00eancia negra, atraiu grandes multid\u00f5es na\u00a0sexta-feira, 28 de novembro, no Engenho Novo,\u00a0Zona Norte do Rio de Janeiro. O evento foi promovido pela organiza\u00e7\u00e3o\u00a0Meninas <a class=\"mh-excerpt-more\" href=\"https:\/\/rioonwatch.org.br\/?p=13235\" title=\"Meninas Black Power: Combatendo o Racismo com Cabelo Natural\">[&#8230;]<\/a><!-- AddThis Advanced Settings generic via filter on get_the_excerpt --><!-- AddThis Share Buttons generic via filter on get_the_excerpt --><\/p>\n<\/div>","protected":false},"author":137,"featured_media":13237,"comment_status":"closed","ping_status":"closed","sticky":false,"template":"","format":"standard","meta":{"_acf_changed":false,"_monsterinsights_skip_tracking":false,"_monsterinsights_sitenote_active":false,"_monsterinsights_sitenote_note":"","_monsterinsights_sitenote_category":0,"footnotes":""},"categories":[342],"tags":[3253,513,88,1092,915,936,476,218],"writer":[1322],"translator":[1276],"source":[],"ilustrador":[],"fotografo":[],"class_list":{"0":"post-13235","1":"post","2":"type-post","3":"status-publish","4":"format-standard","5":"has-post-thumbnail","7":"category-solucoes","8":"tag-antirracismo","9":"tag-cultura-afro-brasileira","10":"tag-direitos-humanos","11":"tag-engenho-novo","12":"tag-mes-da-consciencia-negra","13":"tag-raca","14":"tag-solucao-comunitaria","15":"tag-zona-norte","16":"writer-elma-gonzalez","17":"translator-guilherme-cardim"},"acf":[],"yoast_head":"<!-- This site is optimized with the Yoast SEO plugin v25.6 - https:\/\/yoast.com\/wordpress\/plugins\/seo\/ -->\n<title>Meninas Black Power: Combatendo o Racismo com Cabelo Natural - RioOnWatch<\/title>\n<meta name=\"robots\" content=\"index, follow, max-snippet:-1, max-image-preview:large, max-video-preview:-1\" \/>\n<link rel=\"canonical\" href=\"https:\/\/rioonwatch.org.br\/?p=13235\" \/>\n<meta property=\"og:locale\" content=\"pt_BR\" \/>\n<meta property=\"og:type\" content=\"article\" \/>\n<meta property=\"og:title\" content=\"Meninas Black Power: Combatendo o Racismo com Cabelo Natural - RioOnWatch\" \/>\n<meta property=\"og:description\" content=\"Click Here for English Encrespando, um evento que celebra o m\u00eas da consci\u00eancia negra, atraiu grandes multid\u00f5es na\u00a0sexta-feira, 28 de novembro, no Engenho Novo,\u00a0Zona Norte do Rio de Janeiro. O evento foi promovido pela organiza\u00e7\u00e3o\u00a0Meninas [...]\" \/>\n<meta property=\"og:url\" content=\"https:\/\/rioonwatch.org.br\/?p=13235\" \/>\n<meta property=\"og:site_name\" content=\"RioOnWatch\" \/>\n<meta property=\"article:published_time\" content=\"2015-01-13T17:07:39+00:00\" \/>\n<meta property=\"article:modified_time\" content=\"2024-05-24T15:41:24+00:00\" \/>\n<meta property=\"og:image\" content=\"https:\/\/rioonwatch.org.br\/wp-content\/uploads\/2015\/01\/20141128_182245-1-scaled.jpg\" \/>\n\t<meta property=\"og:image:width\" content=\"2560\" \/>\n\t<meta property=\"og:image:height\" content=\"1920\" \/>\n\t<meta property=\"og:image:type\" content=\"image\/jpeg\" \/>\n<meta name=\"author\" content=\"Nicole Froio\" \/>\n<meta name=\"twitter:card\" content=\"summary_large_image\" \/>\n<meta name=\"twitter:label1\" content=\"Escrito por\" \/>\n\t<meta name=\"twitter:data1\" content=\"Nicole Froio\" \/>\n\t<meta name=\"twitter:label2\" content=\"Est. tempo de leitura\" \/>\n\t<meta name=\"twitter:data2\" content=\"6 minutos\" \/>\n<script type=\"application\/ld+json\" class=\"yoast-schema-graph\">{\"@context\":\"https:\/\/schema.org\",\"@graph\":[{\"@type\":\"Article\",\"@id\":\"https:\/\/rioonwatch.org.br\/?p=13235#article\",\"isPartOf\":{\"@id\":\"https:\/\/rioonwatch.org.br\/?p=13235\"},\"author\":{\"name\":\"Nicole Froio\",\"@id\":\"https:\/\/rioonwatch.org.br\/#\/schema\/person\/e07d559fe2154d11fd3ec515e35695ee\"},\"headline\":\"Meninas Black Power: Combatendo o Racismo com Cabelo Natural\",\"datePublished\":\"2015-01-13T17:07:39+00:00\",\"dateModified\":\"2024-05-24T15:41:24+00:00\",\"mainEntityOfPage\":{\"@id\":\"https:\/\/rioonwatch.org.br\/?p=13235\"},\"wordCount\":1155,\"publisher\":{\"@id\":\"https:\/\/rioonwatch.org.br\/#organization\"},\"image\":{\"@id\":\"https:\/\/rioonwatch.org.br\/?p=13235#primaryimage\"},\"thumbnailUrl\":\"https:\/\/rioonwatch.org.br\/wp-content\/uploads\/2015\/01\/20141128_182245-1-scaled.jpg\",\"keywords\":[\"Antirracismo\",\"Cultura Afro-brasileira\",\"Direitos Humanos\",\"Engenho Novo\",\"M\u00eas da Consci\u00eancia Negra\",\"ra\u00e7a\",\"solu\u00e7\u00e3o comunit\u00e1ria\",\"Zona Norte\"],\"articleSection\":[\"Solu\u00e7\u00f5es\"],\"inLanguage\":\"pt-BR\"},{\"@type\":\"WebPage\",\"@id\":\"https:\/\/rioonwatch.org.br\/?p=13235\",\"url\":\"https:\/\/rioonwatch.org.br\/?p=13235\",\"name\":\"Meninas Black Power: Combatendo o Racismo com Cabelo Natural - RioOnWatch\",\"isPartOf\":{\"@id\":\"https:\/\/rioonwatch.org.br\/#website\"},\"primaryImageOfPage\":{\"@id\":\"https:\/\/rioonwatch.org.br\/?p=13235#primaryimage\"},\"image\":{\"@id\":\"https:\/\/rioonwatch.org.br\/?p=13235#primaryimage\"},\"thumbnailUrl\":\"https:\/\/rioonwatch.org.br\/wp-content\/uploads\/2015\/01\/20141128_182245-1-scaled.jpg\",\"datePublished\":\"2015-01-13T17:07:39+00:00\",\"dateModified\":\"2024-05-24T15:41:24+00:00\",\"breadcrumb\":{\"@id\":\"https:\/\/rioonwatch.org.br\/?p=13235#breadcrumb\"},\"inLanguage\":\"pt-BR\",\"potentialAction\":[{\"@type\":\"ReadAction\",\"target\":[\"https:\/\/rioonwatch.org.br\/?p=13235\"]}]},{\"@type\":\"ImageObject\",\"inLanguage\":\"pt-BR\",\"@id\":\"https:\/\/rioonwatch.org.br\/?p=13235#primaryimage\",\"url\":\"https:\/\/rioonwatch.org.br\/wp-content\/uploads\/2015\/01\/20141128_182245-1-scaled.jpg\",\"contentUrl\":\"https:\/\/rioonwatch.org.br\/wp-content\/uploads\/2015\/01\/20141128_182245-1-scaled.jpg\",\"width\":2560,\"height\":1920},{\"@type\":\"BreadcrumbList\",\"@id\":\"https:\/\/rioonwatch.org.br\/?p=13235#breadcrumb\",\"itemListElement\":[{\"@type\":\"ListItem\",\"position\":1,\"name\":\"In\u00edcio\",\"item\":\"https:\/\/rioonwatch.org.br\/\"},{\"@type\":\"ListItem\",\"position\":2,\"name\":\"Meninas Black Power: Combatendo o Racismo com Cabelo Natural\"}]},{\"@type\":\"WebSite\",\"@id\":\"https:\/\/rioonwatch.org.br\/#website\",\"url\":\"https:\/\/rioonwatch.org.br\/\",\"name\":\"RioOnWatch\",\"description\":\"relatos das favelas cariocas\",\"publisher\":{\"@id\":\"https:\/\/rioonwatch.org.br\/#organization\"},\"potentialAction\":[{\"@type\":\"SearchAction\",\"target\":{\"@type\":\"EntryPoint\",\"urlTemplate\":\"https:\/\/rioonwatch.org.br\/?s={search_term_string}\"},\"query-input\":{\"@type\":\"PropertyValueSpecification\",\"valueRequired\":true,\"valueName\":\"search_term_string\"}}],\"inLanguage\":\"pt-BR\"},{\"@type\":\"Organization\",\"@id\":\"https:\/\/rioonwatch.org.br\/#organization\",\"name\":\"RioOnWatch\",\"url\":\"https:\/\/rioonwatch.org.br\/\",\"logo\":{\"@type\":\"ImageObject\",\"inLanguage\":\"pt-BR\",\"@id\":\"https:\/\/rioonwatch.org.br\/#\/schema\/logo\/image\/\",\"url\":\"https:\/\/rioonwatch.org.br\/wp-content\/uploads\/2021\/06\/RioOnWatchcabecalhoPT11anos-2.png\",\"contentUrl\":\"https:\/\/rioonwatch.org.br\/wp-content\/uploads\/2021\/06\/RioOnWatchcabecalhoPT11anos-2.png\",\"width\":779,\"height\":277,\"caption\":\"RioOnWatch\"},\"image\":{\"@id\":\"https:\/\/rioonwatch.org.br\/#\/schema\/logo\/image\/\"}},{\"@type\":\"Person\",\"@id\":\"https:\/\/rioonwatch.org.br\/#\/schema\/person\/e07d559fe2154d11fd3ec515e35695ee\",\"name\":\"Nicole Froio\",\"image\":{\"@type\":\"ImageObject\",\"inLanguage\":\"pt-BR\",\"@id\":\"https:\/\/rioonwatch.org.br\/#\/schema\/person\/image\/\",\"url\":\"https:\/\/secure.gravatar.com\/avatar\/0acdbd6878ca0ac29aa5ce6c6119d636?s=96&d=blank&r=g\",\"contentUrl\":\"https:\/\/secure.gravatar.com\/avatar\/0acdbd6878ca0ac29aa5ce6c6119d636?s=96&d=blank&r=g\",\"caption\":\"Nicole Froio\"},\"url\":\"https:\/\/rioonwatch.org.br\/?author=137\"}]}<\/script>\n<!-- \/ Yoast SEO plugin. -->","yoast_head_json":{"title":"Meninas Black Power: Combatendo o Racismo com Cabelo Natural - RioOnWatch","robots":{"index":"index","follow":"follow","max-snippet":"max-snippet:-1","max-image-preview":"max-image-preview:large","max-video-preview":"max-video-preview:-1"},"canonical":"https:\/\/rioonwatch.org.br\/?p=13235","og_locale":"pt_BR","og_type":"article","og_title":"Meninas Black Power: Combatendo o Racismo com Cabelo Natural - RioOnWatch","og_description":"Click Here for English Encrespando, um evento que celebra o m\u00eas da consci\u00eancia negra, atraiu grandes multid\u00f5es na\u00a0sexta-feira, 28 de novembro, no Engenho Novo,\u00a0Zona Norte do Rio de Janeiro. O evento foi promovido pela organiza\u00e7\u00e3o\u00a0Meninas [...]","og_url":"https:\/\/rioonwatch.org.br\/?p=13235","og_site_name":"RioOnWatch","article_published_time":"2015-01-13T17:07:39+00:00","article_modified_time":"2024-05-24T15:41:24+00:00","og_image":[{"width":2560,"height":1920,"url":"https:\/\/rioonwatch.org.br\/wp-content\/uploads\/2015\/01\/20141128_182245-1-scaled.jpg","type":"image\/jpeg"}],"author":"Nicole Froio","twitter_card":"summary_large_image","twitter_misc":{"Escrito por":"Nicole Froio","Est. tempo de leitura":"6 minutos"},"schema":{"@context":"https:\/\/schema.org","@graph":[{"@type":"Article","@id":"https:\/\/rioonwatch.org.br\/?p=13235#article","isPartOf":{"@id":"https:\/\/rioonwatch.org.br\/?p=13235"},"author":{"name":"Nicole Froio","@id":"https:\/\/rioonwatch.org.br\/#\/schema\/person\/e07d559fe2154d11fd3ec515e35695ee"},"headline":"Meninas Black Power: Combatendo o Racismo com Cabelo Natural","datePublished":"2015-01-13T17:07:39+00:00","dateModified":"2024-05-24T15:41:24+00:00","mainEntityOfPage":{"@id":"https:\/\/rioonwatch.org.br\/?p=13235"},"wordCount":1155,"publisher":{"@id":"https:\/\/rioonwatch.org.br\/#organization"},"image":{"@id":"https:\/\/rioonwatch.org.br\/?p=13235#primaryimage"},"thumbnailUrl":"https:\/\/rioonwatch.org.br\/wp-content\/uploads\/2015\/01\/20141128_182245-1-scaled.jpg","keywords":["Antirracismo","Cultura Afro-brasileira","Direitos Humanos","Engenho Novo","M\u00eas da Consci\u00eancia Negra","ra\u00e7a","solu\u00e7\u00e3o comunit\u00e1ria","Zona Norte"],"articleSection":["Solu\u00e7\u00f5es"],"inLanguage":"pt-BR"},{"@type":"WebPage","@id":"https:\/\/rioonwatch.org.br\/?p=13235","url":"https:\/\/rioonwatch.org.br\/?p=13235","name":"Meninas Black Power: Combatendo o Racismo com Cabelo Natural - RioOnWatch","isPartOf":{"@id":"https:\/\/rioonwatch.org.br\/#website"},"primaryImageOfPage":{"@id":"https:\/\/rioonwatch.org.br\/?p=13235#primaryimage"},"image":{"@id":"https:\/\/rioonwatch.org.br\/?p=13235#primaryimage"},"thumbnailUrl":"https:\/\/rioonwatch.org.br\/wp-content\/uploads\/2015\/01\/20141128_182245-1-scaled.jpg","datePublished":"2015-01-13T17:07:39+00:00","dateModified":"2024-05-24T15:41:24+00:00","breadcrumb":{"@id":"https:\/\/rioonwatch.org.br\/?p=13235#breadcrumb"},"inLanguage":"pt-BR","potentialAction":[{"@type":"ReadAction","target":["https:\/\/rioonwatch.org.br\/?p=13235"]}]},{"@type":"ImageObject","inLanguage":"pt-BR","@id":"https:\/\/rioonwatch.org.br\/?p=13235#primaryimage","url":"https:\/\/rioonwatch.org.br\/wp-content\/uploads\/2015\/01\/20141128_182245-1-scaled.jpg","contentUrl":"https:\/\/rioonwatch.org.br\/wp-content\/uploads\/2015\/01\/20141128_182245-1-scaled.jpg","width":2560,"height":1920},{"@type":"BreadcrumbList","@id":"https:\/\/rioonwatch.org.br\/?p=13235#breadcrumb","itemListElement":[{"@type":"ListItem","position":1,"name":"In\u00edcio","item":"https:\/\/rioonwatch.org.br\/"},{"@type":"ListItem","position":2,"name":"Meninas Black Power: Combatendo o Racismo com Cabelo Natural"}]},{"@type":"WebSite","@id":"https:\/\/rioonwatch.org.br\/#website","url":"https:\/\/rioonwatch.org.br\/","name":"RioOnWatch","description":"relatos das favelas cariocas","publisher":{"@id":"https:\/\/rioonwatch.org.br\/#organization"},"potentialAction":[{"@type":"SearchAction","target":{"@type":"EntryPoint","urlTemplate":"https:\/\/rioonwatch.org.br\/?s={search_term_string}"},"query-input":{"@type":"PropertyValueSpecification","valueRequired":true,"valueName":"search_term_string"}}],"inLanguage":"pt-BR"},{"@type":"Organization","@id":"https:\/\/rioonwatch.org.br\/#organization","name":"RioOnWatch","url":"https:\/\/rioonwatch.org.br\/","logo":{"@type":"ImageObject","inLanguage":"pt-BR","@id":"https:\/\/rioonwatch.org.br\/#\/schema\/logo\/image\/","url":"https:\/\/rioonwatch.org.br\/wp-content\/uploads\/2021\/06\/RioOnWatchcabecalhoPT11anos-2.png","contentUrl":"https:\/\/rioonwatch.org.br\/wp-content\/uploads\/2021\/06\/RioOnWatchcabecalhoPT11anos-2.png","width":779,"height":277,"caption":"RioOnWatch"},"image":{"@id":"https:\/\/rioonwatch.org.br\/#\/schema\/logo\/image\/"}},{"@type":"Person","@id":"https:\/\/rioonwatch.org.br\/#\/schema\/person\/e07d559fe2154d11fd3ec515e35695ee","name":"Nicole Froio","image":{"@type":"ImageObject","inLanguage":"pt-BR","@id":"https:\/\/rioonwatch.org.br\/#\/schema\/person\/image\/","url":"https:\/\/secure.gravatar.com\/avatar\/0acdbd6878ca0ac29aa5ce6c6119d636?s=96&d=blank&r=g","contentUrl":"https:\/\/secure.gravatar.com\/avatar\/0acdbd6878ca0ac29aa5ce6c6119d636?s=96&d=blank&r=g","caption":"Nicole Froio"},"url":"https:\/\/rioonwatch.org.br\/?author=137"}]}},"_links":{"self":[{"href":"https:\/\/rioonwatch.org.br\/index.php?rest_route=\/wp\/v2\/posts\/13235"}],"collection":[{"href":"https:\/\/rioonwatch.org.br\/index.php?rest_route=\/wp\/v2\/posts"}],"about":[{"href":"https:\/\/rioonwatch.org.br\/index.php?rest_route=\/wp\/v2\/types\/post"}],"author":[{"embeddable":true,"href":"https:\/\/rioonwatch.org.br\/index.php?rest_route=\/wp\/v2\/users\/137"}],"replies":[{"embeddable":true,"href":"https:\/\/rioonwatch.org.br\/index.php?rest_route=%2Fwp%2Fv2%2Fcomments&post=13235"}],"version-history":[{"count":12,"href":"https:\/\/rioonwatch.org.br\/index.php?rest_route=\/wp\/v2\/posts\/13235\/revisions"}],"predecessor-version":[{"id":73570,"href":"https:\/\/rioonwatch.org.br\/index.php?rest_route=\/wp\/v2\/posts\/13235\/revisions\/73570"}],"wp:featuredmedia":[{"embeddable":true,"href":"https:\/\/rioonwatch.org.br\/index.php?rest_route=\/wp\/v2\/media\/13237"}],"wp:attachment":[{"href":"https:\/\/rioonwatch.org.br\/index.php?rest_route=%2Fwp%2Fv2%2Fmedia&parent=13235"}],"wp:term":[{"taxonomy":"category","embeddable":true,"href":"https:\/\/rioonwatch.org.br\/index.php?rest_route=%2Fwp%2Fv2%2Fcategories&post=13235"},{"taxonomy":"post_tag","embeddable":true,"href":"https:\/\/rioonwatch.org.br\/index.php?rest_route=%2Fwp%2Fv2%2Ftags&post=13235"},{"taxonomy":"writer","embeddable":true,"href":"https:\/\/rioonwatch.org.br\/index.php?rest_route=%2Fwp%2Fv2%2Fwriter&post=13235"},{"taxonomy":"translator","embeddable":true,"href":"https:\/\/rioonwatch.org.br\/index.php?rest_route=%2Fwp%2Fv2%2Ftranslator&post=13235"},{"taxonomy":"source","embeddable":true,"href":"https:\/\/rioonwatch.org.br\/index.php?rest_route=%2Fwp%2Fv2%2Fsource&post=13235"},{"taxonomy":"ilustrador","embeddable":true,"href":"https:\/\/rioonwatch.org.br\/index.php?rest_route=%2Fwp%2Fv2%2Filustrador&post=13235"},{"taxonomy":"fotografo","embeddable":true,"href":"https:\/\/rioonwatch.org.br\/index.php?rest_route=%2Fwp%2Fv2%2Ffotografo&post=13235"}],"curies":[{"name":"wp","href":"https:\/\/api.w.org\/{rel}","templated":true}]}}